{"id":159398,"date":"2026-08-31T20:34:04","date_gmt":"2026-08-31T18:34:04","guid":{"rendered":"https:\/\/fr.motocrossmag.be\/?p=159398"},"modified":"2026-08-31T20:34:04","modified_gmt":"2026-08-31T18:34:04","slug":"cyril-genot-vainqueur-en-argentine","status":"publish","type":"post","link":"https:\/\/fr.motocrossmag.be\/index.php\/2026\/08\/cyril-genot-vainqueur-en-argentine\/","title":{"rendered":"Cyril Genot vainqueur en Argentine"},"content":{"rendered":"<p><strong>Cyril Genot s\u2019est impos\u00e9 ce dimanche \u00e0 Pinamar dans l\u2019Enduro del Invierno 2026, signant une nouvelle victoire spectaculaire au guidon de sa Honda CRF450.<\/strong><\/p>\n<p>Quelques mois apr\u00e8s avoir remport\u00e9 l\u2019Enduro del Verano \u00e0 Villa Gesell, Cyril Genot a remis \u00e7a ! Notre compatriote a domin\u00e9 la cat\u00e9gorie reine Motos Pro de l\u2019Enduro del Invierno, disput\u00e9 ce week-end sur les plages de Pinamar, en Argentine. Une nouvelle d\u00e9monstration de force sur le sable sud-am\u00e9ricain pour celui qui se pr\u00e9pare \u00e0 jouer les premiers r\u00f4les sur le championnat de France des Sables.<\/p><div class=\"xevdw6a95e2bbce67e\" ><!-- \/91277017\/Inline-articles-mobile -->\n<div style=\"margin:auto; text-align:center !important\">\n<div id='div-gpt-ad-1784982661365-0' style='min-width: 250px; min-height: 75px;'>\n  <script>\n    googletag.cmd.push(function() { googletag.display('div-gpt-ad-1784982661365-0'); });\n  <\/script>\n<\/div><\/div><\/div><style type=\"text\/css\">\r\n.xevdw6a95e2bbce67e {\r\nmargin-bottom:30px;margin-top:20px\r\n}\r\n@media screen and (min-width: 1201px) {\r\n.xevdw6a95e2bbce67e {\r\ndisplay: block;\r\n}\r\n}\r\n@media screen and (min-width: 993px) and (max-width: 1200px) {\r\n.xevdw6a95e2bbce67e {\r\ndisplay: block;\r\n}\r\n}\r\n@media screen and (min-width: 769px) and (max-width: 992px) {\r\n.xevdw6a95e2bbce67e {\r\ndisplay: block;\r\n}\r\n}\r\n@media screen and (min-width: 768px) and (max-width: 768px) {\r\n.xevdw6a95e2bbce67e {\r\ndisplay: block;\r\n}\r\n}\r\n@media screen and (max-width: 767px) {\r\n.xevdw6a95e2bbce67e {\r\ndisplay: block;\r\n}\r\n}\r\n<\/style>\r\n\n<p>Sur un trac\u00e9 de 4,2 kilom\u00e8tres particuli\u00e8rement exigeant, la course principale proposait 35 minutes plus un tour. Genot n\u2019a pas tard\u00e9 \u00e0 prendre les commandes et a impos\u00e9 un rythme que personne n\u2019a \u00e9t\u00e9 en mesure de suivre.<\/p>\n<p>Notre compatriote a boucl\u00e9 les 13 tours de l\u2019\u00e9preuve en 40\u201942.577, avec une avance impressionnante de 1\u201954 sur le N\u00e9erlandais Jeremy Knuiman. L\u2019Argentin Joaqu\u00edn Poli compl\u00e8te le podium, \u00e0 un tour du vainqueur.<\/p>\n<p>Genot a \u00e9galement sign\u00e9 le meilleur tour en course en 3\u201905.300, confirmant sa sup\u00e9riorit\u00e9 sur les 4,2 kilom\u00e8tres du trac\u00e9 de Pinamar. Son rythme lui a permis de prendre un tour \u00e0 la quasi-totalit\u00e9 du peloton.<\/p><div class=\"vsjjo6a95e2bbce693\" ><!-- \/91277017\/articles-inline-2 -->\n<div style=\"margin: 20px auto; text-align:center !important\">\n<div id='div-gpt-ad-1785021530385-0' style='min-width: 300px; min-height: 75px;'>\n  <script>\n    googletag.cmd.push(function() { googletag.display('div-gpt-ad-1785021530385-0'); });\n  <\/script>\n<\/div><\/div><\/div><style type=\"text\/css\">\r\n@media screen and (min-width: 1201px) {\r\n.vsjjo6a95e2bbce693 {\r\ndisplay: block;\r\n}\r\n}\r\n@media screen and (min-width: 993px) and (max-width: 1200px) {\r\n.vsjjo6a95e2bbce693 {\r\ndisplay: block;\r\n}\r\n}\r\n@media screen and (min-width: 769px) and (max-width: 992px) {\r\n.vsjjo6a95e2bbce693 {\r\ndisplay: block;\r\n}\r\n}\r\n@media screen and (min-width: 768px) and (max-width: 768px) {\r\n.vsjjo6a95e2bbce693 {\r\ndisplay: block;\r\n}\r\n}\r\n@media screen and (max-width: 767px) {\r\n.vsjjo6a95e2bbce693 {\r\ndisplay: block;\r\n}\r\n}\r\n<\/style>\r\n\n<p>Derri\u00e8re Knuiman, Joaqu\u00edn Poli a sauv\u00e9 l\u2019honneur des pilotes argentins en prenant la troisi\u00e8me place devant ses compatriotes Rodrigo Landa et Agustin Poli.<\/p>\n<p><span style=\"color: #800000;\"><strong>R\u00e9sultats<\/strong><\/span><\/p>\n<p><strong>1 Genot Cyril 13 trs\u00a0 40:42.577\u00a0<\/strong><br \/>\n2 Knuiman Jeremy 42:37.286<br \/>\n3 Poli Joaquin 12 trs 41:01.584<br \/>\n4 Landa Rodrigo 41:15.939<br \/>\n5 Poli Agustin 42:13.008<br \/>\n6 Conti Tomas 42:52.660<br \/>\n7 Magliolo Ulises 43:00.572<br \/>\n8 Ciccimarra Fermin 43:31.805<br \/>\n9 Pedersen Nahuel 44:04.302<br \/>\n10 Matkovich Tomas 44:28.901<\/p>\n","protected":false},"excerpt":{"rendered":"<p>Cyril Genot s\u2019est impos\u00e9 ce dimanche \u00e0 Pinamar dans l\u2019Enduro del Invierno 2026, signant une nouvelle victoire spectaculaire au guidon de sa Honda CRF450. Quelques mois apr\u00e8s avoir remport\u00e9 l\u2019Enduro del Verano \u00e0 Villa Gesell, Cyril Genot a remis \u00e7a ! Notre compatriote a domin\u00e9 la cat\u00e9gorie reine Motos Pro de l\u2019Enduro del Invierno, disput\u00e9 [&hellip;]<\/p>\n","protected":false},"author":932,"featured_media":159399,"comment_status":"open","ping_status":"closed","sticky":false,"template":"","format":"standard","meta":{"tdm_status":"","tdm_grid_status":"","footnotes":""},"categories":[54,1075,32,33,55,56,65],"tags":[1361,1178],"class_list":["post-159398","post","type-post","status-publish","format-standard","has-post-thumbnail","category-actualite","category-courses-de-sable","category-enduro","category-news-enduro","category-news-actualite","category-resultats","category-slideshow","tag-cyril-genot","tag-sable"],"yoast_head":"<!-- This site is optimized with the Yoast SEO plugin v28.3 - https:\/\/yoast.com\/product\/yoast-seo-wordpress\/ -->\n<title>Cyril Genot vainqueur en Argentine - Motocross - Enduro - Supermoto | MotocrossMag<\/title>\n<meta name=\"robots\" content=\"index, follow, max-snippet:-1, max-image-preview:large, max-video-preview:-1\" \/>\n<link rel=\"canonical\" href=\"https:\/\/fr.motocrossmag.be\/index.php\/2026\/08\/cyril-genot-vainqueur-en-argentine\/\" \/>\n<meta property=\"og:locale\" content=\"fr_FR\" \/>\n<meta property=\"og:type\" content=\"article\" \/>\n<meta property=\"og:title\" content=\"Cyril Genot vainqueur en Argentine - Motocross - Enduro - Supermoto | MotocrossMag\" \/>\n<meta property=\"og:description\" content=\"Cyril Genot s\u2019est impos\u00e9 ce dimanche \u00e0 Pinamar dans l\u2019Enduro del Invierno 2026, signant une nouvelle victoire spectaculaire au guidon de sa Honda CRF450. Quelques mois apr\u00e8s avoir remport\u00e9 l\u2019Enduro del Verano \u00e0 Villa Gesell, Cyril Genot a remis \u00e7a ! Notre compatriote a domin\u00e9 la cat\u00e9gorie reine Motos Pro de l\u2019Enduro del Invierno, disput\u00e9 [&hellip;]\" \/>\n<meta property=\"og:url\" content=\"https:\/\/fr.motocrossmag.be\/index.php\/2026\/08\/cyril-genot-vainqueur-en-argentine\/\" \/>\n<meta property=\"og:site_name\" content=\"Motocross - Enduro - Supermoto | MotocrossMag\" \/>\n<meta property=\"article:published_time\" content=\"2026-08-31T18:34:04+00:00\" \/>\n<meta property=\"og:image\" content=\"https:\/\/fr.motocrossmag.be\/wp-content\/uploads\/2026\/08\/genot-cyril-invierno-2026.jpg\" \/>\n\t<meta property=\"og:image:width\" content=\"1200\" \/>\n\t<meta property=\"og:image:height\" content=\"801\" \/>\n\t<meta property=\"og:image:type\" content=\"image\/jpeg\" \/>\n<meta name=\"author\" content=\"oliviere\" \/>\n<meta name=\"twitter:card\" content=\"summary_large_image\" \/>\n<meta name=\"twitter:label1\" content=\"\u00c9crit par\" \/>\n\t<meta name=\"twitter:data1\" content=\"oliviere\" \/>\n\t<meta name=\"twitter:label2\" content=\"Dur\u00e9e de lecture estim\u00e9e\" \/>\n\t<meta name=\"twitter:data2\" content=\"2 minutes\" \/>\n<script type=\"application\/ld+json\" class=\"yoast-schema-graph\">{\"@context\":\"https:\\\/\\\/schema.org\",\"@graph\":[{\"@type\":\"Article\",\"@id\":\"https:\\\/\\\/fr.motocrossmag.be\\\/index.php\\\/2026\\\/08\\\/cyril-genot-vainqueur-en-argentine\\\/#article\",\"isPartOf\":{\"@id\":\"https:\\\/\\\/fr.motocrossmag.be\\\/index.php\\\/2026\\\/08\\\/cyril-genot-vainqueur-en-argentine\\\/\"},\"author\":{\"name\":\"oliviere\",\"@id\":\"https:\\\/\\\/fr.motocrossmag.be\\\/#\\\/schema\\\/person\\\/11b47143d9f755babca2c9110e03235c\"},\"headline\":\"Cyril Genot vainqueur en Argentine\",\"datePublished\":\"2026-08-31T18:34:04+00:00\",\"mainEntityOfPage\":{\"@id\":\"https:\\\/\\\/fr.motocrossmag.be\\\/index.php\\\/2026\\\/08\\\/cyril-genot-vainqueur-en-argentine\\\/\"},\"wordCount\":259,\"commentCount\":0,\"image\":{\"@id\":\"https:\\\/\\\/fr.motocrossmag.be\\\/index.php\\\/2026\\\/08\\\/cyril-genot-vainqueur-en-argentine\\\/#primaryimage\"},\"thumbnailUrl\":\"https:\\\/\\\/fr.motocrossmag.be\\\/wp-content\\\/uploads\\\/2026\\\/08\\\/genot-cyril-invierno-2026.jpg\",\"keywords\":[\"cyril genot\",\"sable\"],\"articleSection\":[\"Actualit\u00e9\",\"Courses de sable\",\"Enduro\",\"News\",\"News\",\"R\u00e9sultats\",\"Slideshow\"],\"inLanguage\":\"fr-FR\",\"potentialAction\":[{\"@type\":\"CommentAction\",\"name\":\"Comment\",\"target\":[\"https:\\\/\\\/fr.motocrossmag.be\\\/index.php\\\/2026\\\/08\\\/cyril-genot-vainqueur-en-argentine\\\/#respond\"]}]},{\"@type\":\"WebPage\",\"@id\":\"https:\\\/\\\/fr.motocrossmag.be\\\/index.php\\\/2026\\\/08\\\/cyril-genot-vainqueur-en-argentine\\\/\",\"url\":\"https:\\\/\\\/fr.motocrossmag.be\\\/index.php\\\/2026\\\/08\\\/cyril-genot-vainqueur-en-argentine\\\/\",\"name\":\"Cyril Genot vainqueur en Argentine - Motocross - Enduro - Supermoto | MotocrossMag\",\"isPartOf\":{\"@id\":\"https:\\\/\\\/fr.motocrossmag.be\\\/#website\"},\"primaryImageOfPage\":{\"@id\":\"https:\\\/\\\/fr.motocrossmag.be\\\/index.php\\\/2026\\\/08\\\/cyril-genot-vainqueur-en-argentine\\\/#primaryimage\"},\"image\":{\"@id\":\"https:\\\/\\\/fr.motocrossmag.be\\\/index.php\\\/2026\\\/08\\\/cyril-genot-vainqueur-en-argentine\\\/#primaryimage\"},\"thumbnailUrl\":\"https:\\\/\\\/fr.motocrossmag.be\\\/wp-content\\\/uploads\\\/2026\\\/08\\\/genot-cyril-invierno-2026.jpg\",\"datePublished\":\"2026-08-31T18:34:04+00:00\",\"author\":{\"@id\":\"https:\\\/\\\/fr.motocrossmag.be\\\/#\\\/schema\\\/person\\\/11b47143d9f755babca2c9110e03235c\"},\"breadcrumb\":{\"@id\":\"https:\\\/\\\/fr.motocrossmag.be\\\/index.php\\\/2026\\\/08\\\/cyril-genot-vainqueur-en-argentine\\\/#breadcrumb\"},\"inLanguage\":\"fr-FR\",\"potentialAction\":[{\"@type\":\"ReadAction\",\"target\":[\"https:\\\/\\\/fr.motocrossmag.be\\\/index.php\\\/2026\\\/08\\\/cyril-genot-vainqueur-en-argentine\\\/\"]}]},{\"@type\":\"ImageObject\",\"inLanguage\":\"fr-FR\",\"@id\":\"https:\\\/\\\/fr.motocrossmag.be\\\/index.php\\\/2026\\\/08\\\/cyril-genot-vainqueur-en-argentine\\\/#primaryimage\",\"url\":\"https:\\\/\\\/fr.motocrossmag.be\\\/wp-content\\\/uploads\\\/2026\\\/08\\\/genot-cyril-invierno-2026.jpg\",\"contentUrl\":\"https:\\\/\\\/fr.motocrossmag.be\\\/wp-content\\\/uploads\\\/2026\\\/08\\\/genot-cyril-invierno-2026.jpg\",\"width\":1200,\"height\":801},{\"@type\":\"BreadcrumbList\",\"@id\":\"https:\\\/\\\/fr.motocrossmag.be\\\/index.php\\\/2026\\\/08\\\/cyril-genot-vainqueur-en-argentine\\\/#breadcrumb\",\"itemListElement\":[{\"@type\":\"ListItem\",\"position\":1,\"name\":\"Accueil\",\"item\":\"https:\\\/\\\/fr.motocrossmag.be\\\/\"},{\"@type\":\"ListItem\",\"position\":2,\"name\":\"Cyril Genot vainqueur en Argentine\"}]},{\"@type\":\"WebSite\",\"@id\":\"https:\\\/\\\/fr.motocrossmag.be\\\/#website\",\"url\":\"https:\\\/\\\/fr.motocrossmag.be\\\/\",\"name\":\"Motocross - Enduro - Supermoto | MotocrossMag\",\"description\":\"L&#039;actualit\u00e9 du motocross, de l&#039;enduro et du Supermoto en ligne!\",\"potentialAction\":[{\"@type\":\"SearchAction\",\"target\":{\"@type\":\"EntryPoint\",\"urlTemplate\":\"https:\\\/\\\/fr.motocrossmag.be\\\/?s={search_term_string}\"},\"query-input\":{\"@type\":\"PropertyValueSpecification\",\"valueRequired\":true,\"valueName\":\"search_term_string\"}}],\"inLanguage\":\"fr-FR\"},{\"@type\":\"Person\",\"@id\":\"https:\\\/\\\/fr.motocrossmag.be\\\/#\\\/schema\\\/person\\\/11b47143d9f755babca2c9110e03235c\",\"name\":\"oliviere\",\"image\":{\"@type\":\"ImageObject\",\"inLanguage\":\"fr-FR\",\"@id\":\"https:\\\/\\\/secure.gravatar.com\\\/avatar\\\/907069e0b81d119452040469e4a7501da1100f54f7f80180ce77bfab718288f6?s=96&d=mm&r=g\",\"url\":\"https:\\\/\\\/secure.gravatar.com\\\/avatar\\\/907069e0b81d119452040469e4a7501da1100f54f7f80180ce77bfab718288f6?s=96&d=mm&r=g\",\"contentUrl\":\"https:\\\/\\\/secure.gravatar.com\\\/avatar\\\/907069e0b81d119452040469e4a7501da1100f54f7f80180ce77bfab718288f6?s=96&d=mm&r=g\",\"caption\":\"oliviere\"},\"sameAs\":[\"http:\\\/\\\/www.motocrossmag.be\"],\"url\":\"https:\\\/\\\/fr.motocrossmag.be\\\/index.php\\\/author\\\/oliviere\\\/\"}]}<\/script>\n<!-- \/ Yoast SEO plugin. -->","yoast_head_json":{"title":"Cyril Genot vainqueur en Argentine - Motocross - Enduro - Supermoto | MotocrossMag","robots":{"index":"index","follow":"follow","max-snippet":"max-snippet:-1","max-image-preview":"max-image-preview:large","max-video-preview":"max-video-preview:-1"},"canonical":"https:\/\/fr.motocrossmag.be\/index.php\/2026\/08\/cyril-genot-vainqueur-en-argentine\/","og_locale":"fr_FR","og_type":"article","og_title":"Cyril Genot vainqueur en Argentine - Motocross - Enduro - Supermoto | MotocrossMag","og_description":"Cyril Genot s\u2019est impos\u00e9 ce dimanche \u00e0 Pinamar dans l\u2019Enduro del Invierno 2026, signant une nouvelle victoire spectaculaire au guidon de sa Honda CRF450. Quelques mois apr\u00e8s avoir remport\u00e9 l\u2019Enduro del Verano \u00e0 Villa Gesell, Cyril Genot a remis \u00e7a ! Notre compatriote a domin\u00e9 la cat\u00e9gorie reine Motos Pro de l\u2019Enduro del Invierno, disput\u00e9 [&hellip;]","og_url":"https:\/\/fr.motocrossmag.be\/index.php\/2026\/08\/cyril-genot-vainqueur-en-argentine\/","og_site_name":"Motocross - Enduro - Supermoto | MotocrossMag","article_published_time":"2026-08-31T18:34:04+00:00","og_image":[{"width":1200,"height":801,"url":"https:\/\/fr.motocrossmag.be\/wp-content\/uploads\/2026\/08\/genot-cyril-invierno-2026.jpg","type":"image\/jpeg"}],"author":"oliviere","twitter_card":"summary_large_image","twitter_misc":{"\u00c9crit par":"oliviere","Dur\u00e9e de lecture estim\u00e9e":"2 minutes"},"schema":{"@context":"https:\/\/schema.org","@graph":[{"@type":"Article","@id":"https:\/\/fr.motocrossmag.be\/index.php\/2026\/08\/cyril-genot-vainqueur-en-argentine\/#article","isPartOf":{"@id":"https:\/\/fr.motocrossmag.be\/index.php\/2026\/08\/cyril-genot-vainqueur-en-argentine\/"},"author":{"name":"oliviere","@id":"https:\/\/fr.motocrossmag.be\/#\/schema\/person\/11b47143d9f755babca2c9110e03235c"},"headline":"Cyril Genot vainqueur en Argentine","datePublished":"2026-08-31T18:34:04+00:00","mainEntityOfPage":{"@id":"https:\/\/fr.motocrossmag.be\/index.php\/2026\/08\/cyril-genot-vainqueur-en-argentine\/"},"wordCount":259,"commentCount":0,"image":{"@id":"https:\/\/fr.motocrossmag.be\/index.php\/2026\/08\/cyril-genot-vainqueur-en-argentine\/#primaryimage"},"thumbnailUrl":"https:\/\/fr.motocrossmag.be\/wp-content\/uploads\/2026\/08\/genot-cyril-invierno-2026.jpg","keywords":["cyril genot","sable"],"articleSection":["Actualit\u00e9","Courses de sable","Enduro","News","News","R\u00e9sultats","Slideshow"],"inLanguage":"fr-FR","potentialAction":[{"@type":"CommentAction","name":"Comment","target":["https:\/\/fr.motocrossmag.be\/index.php\/2026\/08\/cyril-genot-vainqueur-en-argentine\/#respond"]}]},{"@type":"WebPage","@id":"https:\/\/fr.motocrossmag.be\/index.php\/2026\/08\/cyril-genot-vainqueur-en-argentine\/","url":"https:\/\/fr.motocrossmag.be\/index.php\/2026\/08\/cyril-genot-vainqueur-en-argentine\/","name":"Cyril Genot vainqueur en Argentine - Motocross - Enduro - Supermoto | MotocrossMag","isPartOf":{"@id":"https:\/\/fr.motocrossmag.be\/#website"},"primaryImageOfPage":{"@id":"https:\/\/fr.motocrossmag.be\/index.php\/2026\/08\/cyril-genot-vainqueur-en-argentine\/#primaryimage"},"image":{"@id":"https:\/\/fr.motocrossmag.be\/index.php\/2026\/08\/cyril-genot-vainqueur-en-argentine\/#primaryimage"},"thumbnailUrl":"https:\/\/fr.motocrossmag.be\/wp-content\/uploads\/2026\/08\/genot-cyril-invierno-2026.jpg","datePublished":"2026-08-31T18:34:04+00:00","author":{"@id":"https:\/\/fr.motocrossmag.be\/#\/schema\/person\/11b47143d9f755babca2c9110e03235c"},"breadcrumb":{"@id":"https:\/\/fr.motocrossmag.be\/index.php\/2026\/08\/cyril-genot-vainqueur-en-argentine\/#breadcrumb"},"inLanguage":"fr-FR","potentialAction":[{"@type":"ReadAction","target":["https:\/\/fr.motocrossmag.be\/index.php\/2026\/08\/cyril-genot-vainqueur-en-argentine\/"]}]},{"@type":"ImageObject","inLanguage":"fr-FR","@id":"https:\/\/fr.motocrossmag.be\/index.php\/2026\/08\/cyril-genot-vainqueur-en-argentine\/#primaryimage","url":"https:\/\/fr.motocrossmag.be\/wp-content\/uploads\/2026\/08\/genot-cyril-invierno-2026.jpg","contentUrl":"https:\/\/fr.motocrossmag.be\/wp-content\/uploads\/2026\/08\/genot-cyril-invierno-2026.jpg","width":1200,"height":801},{"@type":"BreadcrumbList","@id":"https:\/\/fr.motocrossmag.be\/index.php\/2026\/08\/cyril-genot-vainqueur-en-argentine\/#breadcrumb","itemListElement":[{"@type":"ListItem","position":1,"name":"Accueil","item":"https:\/\/fr.motocrossmag.be\/"},{"@type":"ListItem","position":2,"name":"Cyril Genot vainqueur en Argentine"}]},{"@type":"WebSite","@id":"https:\/\/fr.motocrossmag.be\/#website","url":"https:\/\/fr.motocrossmag.be\/","name":"Motocross - Enduro - Supermoto | MotocrossMag","description":"L&#039;actualit\u00e9 du motocross, de l&#039;enduro et du Supermoto en ligne!","potentialAction":[{"@type":"SearchAction","target":{"@type":"EntryPoint","urlTemplate":"https:\/\/fr.motocrossmag.be\/?s={search_term_string}"},"query-input":{"@type":"PropertyValueSpecification","valueRequired":true,"valueName":"search_term_string"}}],"inLanguage":"fr-FR"},{"@type":"Person","@id":"https:\/\/fr.motocrossmag.be\/#\/schema\/person\/11b47143d9f755babca2c9110e03235c","name":"oliviere","image":{"@type":"ImageObject","inLanguage":"fr-FR","@id":"https:\/\/secure.gravatar.com\/avatar\/907069e0b81d119452040469e4a7501da1100f54f7f80180ce77bfab718288f6?s=96&d=mm&r=g","url":"https:\/\/secure.gravatar.com\/avatar\/907069e0b81d119452040469e4a7501da1100f54f7f80180ce77bfab718288f6?s=96&d=mm&r=g","contentUrl":"https:\/\/secure.gravatar.com\/avatar\/907069e0b81d119452040469e4a7501da1100f54f7f80180ce77bfab718288f6?s=96&d=mm&r=g","caption":"oliviere"},"sameAs":["http:\/\/www.motocrossmag.be"],"url":"https:\/\/fr.motocrossmag.be\/index.php\/author\/oliviere\/"}]}},"_links":{"self":[{"href":"https:\/\/fr.motocrossmag.be\/index.php\/wp-json\/wp\/v2\/posts\/159398","targetHints":{"allow":["GET"]}}],"collection":[{"href":"https:\/\/fr.motocrossmag.be\/index.php\/wp-json\/wp\/v2\/posts"}],"about":[{"href":"https:\/\/fr.motocrossmag.be\/index.php\/wp-json\/wp\/v2\/types\/post"}],"author":[{"embeddable":true,"href":"https:\/\/fr.motocrossmag.be\/index.php\/wp-json\/wp\/v2\/users\/932"}],"replies":[{"embeddable":true,"href":"https:\/\/fr.motocrossmag.be\/index.php\/wp-json\/wp\/v2\/comments?post=159398"}],"version-history":[{"count":1,"href":"https:\/\/fr.motocrossmag.be\/index.php\/wp-json\/wp\/v2\/posts\/159398\/revisions"}],"predecessor-version":[{"id":159400,"href":"https:\/\/fr.motocrossmag.be\/index.php\/wp-json\/wp\/v2\/posts\/159398\/revisions\/159400"}],"wp:featuredmedia":[{"embeddable":true,"href":"https:\/\/fr.motocrossmag.be\/index.php\/wp-json\/wp\/v2\/media\/159399"}],"wp:attachment":[{"href":"https:\/\/fr.motocrossmag.be\/index.php\/wp-json\/wp\/v2\/media?parent=159398"}],"wp:term":[{"taxonomy":"category","embeddable":true,"href":"https:\/\/fr.motocrossmag.be\/index.php\/wp-json\/wp\/v2\/categories?post=159398"},{"taxonomy":"post_tag","embeddable":true,"href":"https:\/\/fr.motocrossmag.be\/index.php\/wp-json\/wp\/v2\/tags?post=159398"}],"curies":[{"name":"wp","href":"https:\/\/api.w.org\/{rel}","templated":true}]}}