{"id":159517,"date":"2026-09-01T19:04:20","date_gmt":"2026-09-01T17:04:20","guid":{"rendered":"https:\/\/fr.motocrossmag.be\/?p=159517"},"modified":"2026-09-01T19:04:20","modified_gmt":"2026-09-01T17:04:20","slug":"mx-des-nations-les-pays-bas-misent-sur-herlings-de-wolf-et-van-de-moosdijk","status":"publish","type":"post","link":"https:\/\/fr.motocrossmag.be\/index.php\/2026\/09\/mx-des-nations-les-pays-bas-misent-sur-herlings-de-wolf-et-van-de-moosdijk\/","title":{"rendered":"MX des Nations : les Pays-Bas misent sur Herlings, De Wolf et Van de Moosdijk"},"content":{"rendered":"<p>Les Pays-Bas ont d\u00e9voil\u00e9 une \u00e9quipe particuli\u00e8rement ambitieuse pour la prochaine \u00e9dition du Motocross des Nations. Jeffrey Herlings, Kay de Wolf et Roan van de Moosdijk auront pour mission de d\u00e9fendre les couleurs orange avec un objectif clair : jouer les premiers r\u00f4les dans la course au podium.<\/p>\n<p>Pour sa premi\u00e8re saison compl\u00e8te dans la cat\u00e9gorie reine, Kay de Wolf continue de d\u00e9montrer qu&rsquo;il a parfaitement franchi le cap entre les MX2 et MXGP. L&rsquo;ancien champion du monde MX2 compte d\u00e9j\u00e0 quatre podiums cette saison et multiplie les r\u00e9sultats dans le Top 5.<\/p><div class=\"ugmno6a9720a131b11\" ><!-- \/91277017\/Inline-articles-mobile -->\n<div style=\"margin:auto; text-align:center !important\">\n<div id='div-gpt-ad-1784982661365-0' style='min-width: 250px; min-height: 75px;'>\n  <script>\n    googletag.cmd.push(function() { googletag.display('div-gpt-ad-1784982661365-0'); });\n  <\/script>\n<\/div><\/div><\/div><style type=\"text\/css\">\r\n.ugmno6a9720a131b11 {\r\nmargin-bottom:30px;margin-top:20px\r\n}\r\n@media screen and (min-width: 1201px) {\r\n.ugmno6a9720a131b11 {\r\ndisplay: block;\r\n}\r\n}\r\n@media screen and (min-width: 993px) and (max-width: 1200px) {\r\n.ugmno6a9720a131b11 {\r\ndisplay: block;\r\n}\r\n}\r\n@media screen and (min-width: 769px) and (max-width: 992px) {\r\n.ugmno6a9720a131b11 {\r\ndisplay: block;\r\n}\r\n}\r\n@media screen and (min-width: 768px) and (max-width: 768px) {\r\n.ugmno6a9720a131b11 {\r\ndisplay: block;\r\n}\r\n}\r\n@media screen and (max-width: 767px) {\r\n.ugmno6a9720a131b11 {\r\ndisplay: block;\r\n}\r\n}\r\n<\/style>\r\n\n<p>Le N\u00e9erlandais conna\u00eet par ailleurs parfaitement l&rsquo;ambiance particuli\u00e8re du Motocross des Nations. Il s&rsquo;est impos\u00e9 \u00e0 deux reprises en MX2 lors des deux derni\u00e8res \u00e9ditions de l&rsquo;\u00e9preuve. \u00c0 Ern\u00e9e, il changera toutefois de cat\u00e9gorie et devra relever le d\u00e9fi de la MXGP.<\/p>\n<p>Sa vitesse et sa r\u00e9gularit\u00e9 pourraient faire de lui un \u00e9l\u00e9ment essentiel du dispositif n\u00e9erlandais.<\/p>\n<p><strong>Roan van de Moosdijk en MX2<\/strong><\/p><div class=\"xyezn6a9720a131b27\" ><!-- \/91277017\/articles-inline-2 -->\n<div style=\"margin: 20px auto; text-align:center !important\">\n<div id='div-gpt-ad-1785021530385-0' style='min-width: 300px; min-height: 75px;'>\n  <script>\n    googletag.cmd.push(function() { googletag.display('div-gpt-ad-1785021530385-0'); });\n  <\/script>\n<\/div><\/div><\/div><style type=\"text\/css\">\r\n@media screen and (min-width: 1201px) {\r\n.xyezn6a9720a131b27 {\r\ndisplay: block;\r\n}\r\n}\r\n@media screen and (min-width: 993px) and (max-width: 1200px) {\r\n.xyezn6a9720a131b27 {\r\ndisplay: block;\r\n}\r\n}\r\n@media screen and (min-width: 769px) and (max-width: 992px) {\r\n.xyezn6a9720a131b27 {\r\ndisplay: block;\r\n}\r\n}\r\n@media screen and (min-width: 768px) and (max-width: 768px) {\r\n.xyezn6a9720a131b27 {\r\ndisplay: block;\r\n}\r\n}\r\n@media screen and (max-width: 767px) {\r\n.xyezn6a9720a131b27 {\r\ndisplay: block;\r\n}\r\n}\r\n<\/style>\r\n\n<p>En MX2, les Pays-Bas feront confiance \u00e0 Roan van de Moosdijk. Il vient \u00e9galement de signer une performance importante en Allemagne en remportant le tr\u00e8s relev\u00e9 championnat ADAC MX Masters. Un titre qui confirme sa bonne forme au moment d&rsquo;aborder la derni\u00e8re partie de la saison.<\/p>\n<p>Contrairement \u00e0 De Wolf et Herlings, qui auront encore plusieurs Grands Prix \u00e0 disputer avant Ern\u00e9e, Van de Moosdijk pourra progressivement concentrer son attention sur le rendez-vous fran\u00e7ais, avec la perspective de repr\u00e9senter les Pays-Bas dans une cat\u00e9gorie MX2 particuli\u00e8rement comp\u00e9titive.<\/p>\n<p><strong>Jeffrey Herlings, la carte ma\u00eetresse en Open<\/strong><\/p>\n<p>Et \u00e9videmment, le grand nom de cette s\u00e9lection reste Jeffrey Herlings. Le quintuple champion du monde domine actuellement la cat\u00e9gorie MXGP. Avec d\u00e9j\u00e0 dix victoires \u00e0 son actif cette saison, le pilote n\u00e9erlandais m\u00e8ne largement le championnat et pourrait m\u00eame d\u00e9crocher un nouveau titre mondial avant le Motocross des Nations.<\/p>\n<p><a href=\"https:\/\/fr.motocrossmag.be\/wp-content\/uploads\/2026\/07\/Herlings_GreatBritain-3.jpg\"><img decoding=\"async\" class=\"alignnone size-full wp-image-157280\" src=\"https:\/\/fr.motocrossmag.be\/wp-content\/uploads\/2026\/07\/Herlings_GreatBritain-3.jpg\" alt=\"\" width=\"1200\" height=\"800\" srcset=\"https:\/\/fr.motocrossmag.be\/wp-content\/uploads\/2026\/07\/Herlings_GreatBritain-3.jpg 1200w, https:\/\/fr.motocrossmag.be\/wp-content\/uploads\/2026\/07\/Herlings_GreatBritain-3-650x433.jpg 650w, https:\/\/fr.motocrossmag.be\/wp-content\/uploads\/2026\/07\/Herlings_GreatBritain-3-1024x683.jpg 1024w, https:\/\/fr.motocrossmag.be\/wp-content\/uploads\/2026\/07\/Herlings_GreatBritain-3-768x512.jpg 768w, https:\/\/fr.motocrossmag.be\/wp-content\/uploads\/2026\/07\/Herlings_GreatBritain-3-200x133.jpg 200w, https:\/\/fr.motocrossmag.be\/wp-content\/uploads\/2026\/07\/Herlings_GreatBritain-3-400x267.jpg 400w, https:\/\/fr.motocrossmag.be\/wp-content\/uploads\/2026\/07\/Herlings_GreatBritain-3-600x400.jpg 600w, https:\/\/fr.motocrossmag.be\/wp-content\/uploads\/2026\/07\/Herlings_GreatBritain-3-800x533.jpg 800w\" sizes=\"(max-width: 1200px) 100vw, 1200px\" \/><\/a><\/p>\n<p>Herlings retrouvera \u00e0 Ern\u00e9e la cat\u00e9gorie Open, dans laquelle son exp\u00e9rience et sa vitesse pourraient peser lourd face aux meilleurs pilotes des autres nations.<\/p>\n<p><strong>Les Pays-Bas parmi les favoris<\/strong><\/p>\n<p>Avec Herlings, De Wolf et Van de Moosdijk, les Pays-Bas alignent donc un trio particuli\u00e8rement homog\u00e8ne. Sur le papier, les Oranje disposent de solides arguments pour viser le podium.<\/p>\n<p>D&rsquo;ici au rendez-vous d&rsquo;Ern\u00e9e, Herlings et De Wolf auront toutefois encore plusieurs Grands Prix \u00e0 disputer avec, pour le premier, un titre mondial \u00e0 aller chercher.<\/p>\n<p>Le rendez-vous fran\u00e7ais s&rsquo;annonce donc comme l&rsquo;un des grands objectifs de cette fin de saison pour la s\u00e9lection n\u00e9erlandaise. Avec Jeffrey Herlings en fer de lance, les Pays-Bas pourraient bien \u00eatre l&rsquo;une des \u00e9quipes \u00e0 battre \u00e0 Ern\u00e9e.<\/p>\n","protected":false},"excerpt":{"rendered":"<p>Les Pays-Bas ont d\u00e9voil\u00e9 une \u00e9quipe particuli\u00e8rement ambitieuse pour la prochaine \u00e9dition du Motocross des Nations. Jeffrey Herlings, Kay de Wolf et Roan van de Moosdijk auront pour mission de d\u00e9fendre les couleurs orange avec un objectif clair : jouer les premiers r\u00f4les dans la course au podium. Pour sa premi\u00e8re saison compl\u00e8te dans la [&hellip;]<\/p>\n","protected":false},"author":932,"featured_media":157900,"comment_status":"open","ping_status":"closed","sticky":false,"template":"","format":"standard","meta":{"tdm_status":"","tdm_grid_status":"","footnotes":""},"categories":[54,4,6,5,55,65],"tags":[77,1491,947,1321,1763],"class_list":["post-159517","post","type-post","status-publish","format-standard","has-post-thumbnail","category-actualite","category-motocross","category-mx1mx2","category-news","category-news-actualite","category-slideshow","tag-jeffrey-herlings","tag-kay-de-wolf","tag-motocross","tag-mx-des-nations","tag-roan-van-de-moosdijk"],"yoast_head":"<!-- This site is optimized with the Yoast SEO plugin v28.3 - https:\/\/yoast.com\/product\/yoast-seo-wordpress\/ -->\n<title>MX des Nations : les Pays-Bas misent sur Herlings, De Wolf et Van de Moosdijk - Motocross - Enduro - Supermoto | MotocrossMag<\/title>\n<meta name=\"robots\" content=\"index, follow, max-snippet:-1, max-image-preview:large, max-video-preview:-1\" \/>\n<link rel=\"canonical\" href=\"https:\/\/fr.motocrossmag.be\/index.php\/2026\/09\/mx-des-nations-les-pays-bas-misent-sur-herlings-de-wolf-et-van-de-moosdijk\/\" \/>\n<meta property=\"og:locale\" content=\"fr_FR\" \/>\n<meta property=\"og:type\" content=\"article\" \/>\n<meta property=\"og:title\" content=\"MX des Nations : les Pays-Bas misent sur Herlings, De Wolf et Van de Moosdijk - Motocross - Enduro - Supermoto | MotocrossMag\" \/>\n<meta property=\"og:description\" content=\"Les Pays-Bas ont d\u00e9voil\u00e9 une \u00e9quipe particuli\u00e8rement ambitieuse pour la prochaine \u00e9dition du Motocross des Nations. Jeffrey Herlings, Kay de Wolf et Roan van de Moosdijk auront pour mission de d\u00e9fendre les couleurs orange avec un objectif clair : jouer les premiers r\u00f4les dans la course au podium. Pour sa premi\u00e8re saison compl\u00e8te dans la [&hellip;]\" \/>\n<meta property=\"og:url\" content=\"https:\/\/fr.motocrossmag.be\/index.php\/2026\/09\/mx-des-nations-les-pays-bas-misent-sur-herlings-de-wolf-et-van-de-moosdijk\/\" \/>\n<meta property=\"og:site_name\" content=\"Motocross - Enduro - Supermoto | MotocrossMag\" \/>\n<meta property=\"article:published_time\" content=\"2026-09-01T17:04:20+00:00\" \/>\n<meta property=\"og:image\" content=\"https:\/\/fr.motocrossmag.be\/wp-content\/uploads\/2026\/08\/lommel-herlings-mxgp.jpg\" \/>\n\t<meta property=\"og:image:width\" content=\"1024\" \/>\n\t<meta property=\"og:image:height\" content=\"682\" \/>\n\t<meta property=\"og:image:type\" content=\"image\/jpeg\" \/>\n<meta name=\"author\" content=\"oliviere\" \/>\n<meta name=\"twitter:card\" content=\"summary_large_image\" \/>\n<meta name=\"twitter:label1\" content=\"\u00c9crit par\" \/>\n\t<meta name=\"twitter:data1\" content=\"oliviere\" \/>\n\t<meta name=\"twitter:label2\" content=\"Dur\u00e9e de lecture estim\u00e9e\" \/>\n\t<meta name=\"twitter:data2\" content=\"3 minutes\" \/>\n<script type=\"application\/ld+json\" class=\"yoast-schema-graph\">{\"@context\":\"https:\\\/\\\/schema.org\",\"@graph\":[{\"@type\":\"Article\",\"@id\":\"https:\\\/\\\/fr.motocrossmag.be\\\/index.php\\\/2026\\\/09\\\/mx-des-nations-les-pays-bas-misent-sur-herlings-de-wolf-et-van-de-moosdijk\\\/#article\",\"isPartOf\":{\"@id\":\"https:\\\/\\\/fr.motocrossmag.be\\\/index.php\\\/2026\\\/09\\\/mx-des-nations-les-pays-bas-misent-sur-herlings-de-wolf-et-van-de-moosdijk\\\/\"},\"author\":{\"name\":\"oliviere\",\"@id\":\"https:\\\/\\\/fr.motocrossmag.be\\\/#\\\/schema\\\/person\\\/11b47143d9f755babca2c9110e03235c\"},\"headline\":\"MX des Nations : les Pays-Bas misent sur Herlings, De Wolf et Van de Moosdijk\",\"datePublished\":\"2026-09-01T17:04:20+00:00\",\"mainEntityOfPage\":{\"@id\":\"https:\\\/\\\/fr.motocrossmag.be\\\/index.php\\\/2026\\\/09\\\/mx-des-nations-les-pays-bas-misent-sur-herlings-de-wolf-et-van-de-moosdijk\\\/\"},\"wordCount\":480,\"commentCount\":0,\"image\":{\"@id\":\"https:\\\/\\\/fr.motocrossmag.be\\\/index.php\\\/2026\\\/09\\\/mx-des-nations-les-pays-bas-misent-sur-herlings-de-wolf-et-van-de-moosdijk\\\/#primaryimage\"},\"thumbnailUrl\":\"https:\\\/\\\/fr.motocrossmag.be\\\/wp-content\\\/uploads\\\/2026\\\/08\\\/lommel-herlings-mxgp.jpg\",\"keywords\":[\"Jeffrey Herlings\",\"kay de wolf\",\"Motocross\",\"MX des nations\",\"roan van de moosdijk\"],\"articleSection\":[\"Actualit\u00e9\",\"Motocross\",\"Motocross MXGP\",\"News\",\"News\",\"Slideshow\"],\"inLanguage\":\"fr-FR\",\"potentialAction\":[{\"@type\":\"CommentAction\",\"name\":\"Comment\",\"target\":[\"https:\\\/\\\/fr.motocrossmag.be\\\/index.php\\\/2026\\\/09\\\/mx-des-nations-les-pays-bas-misent-sur-herlings-de-wolf-et-van-de-moosdijk\\\/#respond\"]}]},{\"@type\":\"WebPage\",\"@id\":\"https:\\\/\\\/fr.motocrossmag.be\\\/index.php\\\/2026\\\/09\\\/mx-des-nations-les-pays-bas-misent-sur-herlings-de-wolf-et-van-de-moosdijk\\\/\",\"url\":\"https:\\\/\\\/fr.motocrossmag.be\\\/index.php\\\/2026\\\/09\\\/mx-des-nations-les-pays-bas-misent-sur-herlings-de-wolf-et-van-de-moosdijk\\\/\",\"name\":\"MX des Nations : les Pays-Bas misent sur Herlings, De Wolf et Van de Moosdijk - Motocross - Enduro - Supermoto | MotocrossMag\",\"isPartOf\":{\"@id\":\"https:\\\/\\\/fr.motocrossmag.be\\\/#website\"},\"primaryImageOfPage\":{\"@id\":\"https:\\\/\\\/fr.motocrossmag.be\\\/index.php\\\/2026\\\/09\\\/mx-des-nations-les-pays-bas-misent-sur-herlings-de-wolf-et-van-de-moosdijk\\\/#primaryimage\"},\"image\":{\"@id\":\"https:\\\/\\\/fr.motocrossmag.be\\\/index.php\\\/2026\\\/09\\\/mx-des-nations-les-pays-bas-misent-sur-herlings-de-wolf-et-van-de-moosdijk\\\/#primaryimage\"},\"thumbnailUrl\":\"https:\\\/\\\/fr.motocrossmag.be\\\/wp-content\\\/uploads\\\/2026\\\/08\\\/lommel-herlings-mxgp.jpg\",\"datePublished\":\"2026-09-01T17:04:20+00:00\",\"author\":{\"@id\":\"https:\\\/\\\/fr.motocrossmag.be\\\/#\\\/schema\\\/person\\\/11b47143d9f755babca2c9110e03235c\"},\"breadcrumb\":{\"@id\":\"https:\\\/\\\/fr.motocrossmag.be\\\/index.php\\\/2026\\\/09\\\/mx-des-nations-les-pays-bas-misent-sur-herlings-de-wolf-et-van-de-moosdijk\\\/#breadcrumb\"},\"inLanguage\":\"fr-FR\",\"potentialAction\":[{\"@type\":\"ReadAction\",\"target\":[\"https:\\\/\\\/fr.motocrossmag.be\\\/index.php\\\/2026\\\/09\\\/mx-des-nations-les-pays-bas-misent-sur-herlings-de-wolf-et-van-de-moosdijk\\\/\"]}]},{\"@type\":\"ImageObject\",\"inLanguage\":\"fr-FR\",\"@id\":\"https:\\\/\\\/fr.motocrossmag.be\\\/index.php\\\/2026\\\/09\\\/mx-des-nations-les-pays-bas-misent-sur-herlings-de-wolf-et-van-de-moosdijk\\\/#primaryimage\",\"url\":\"https:\\\/\\\/fr.motocrossmag.be\\\/wp-content\\\/uploads\\\/2026\\\/08\\\/lommel-herlings-mxgp.jpg\",\"contentUrl\":\"https:\\\/\\\/fr.motocrossmag.be\\\/wp-content\\\/uploads\\\/2026\\\/08\\\/lommel-herlings-mxgp.jpg\",\"width\":1024,\"height\":682},{\"@type\":\"BreadcrumbList\",\"@id\":\"https:\\\/\\\/fr.motocrossmag.be\\\/index.php\\\/2026\\\/09\\\/mx-des-nations-les-pays-bas-misent-sur-herlings-de-wolf-et-van-de-moosdijk\\\/#breadcrumb\",\"itemListElement\":[{\"@type\":\"ListItem\",\"position\":1,\"name\":\"Accueil\",\"item\":\"https:\\\/\\\/fr.motocrossmag.be\\\/\"},{\"@type\":\"ListItem\",\"position\":2,\"name\":\"MX des Nations : les Pays-Bas misent sur Herlings, De Wolf et Van de Moosdijk\"}]},{\"@type\":\"WebSite\",\"@id\":\"https:\\\/\\\/fr.motocrossmag.be\\\/#website\",\"url\":\"https:\\\/\\\/fr.motocrossmag.be\\\/\",\"name\":\"Motocross - Enduro - Supermoto | MotocrossMag\",\"description\":\"L&#039;actualit\u00e9 du motocross, de l&#039;enduro et du Supermoto en ligne!\",\"potentialAction\":[{\"@type\":\"SearchAction\",\"target\":{\"@type\":\"EntryPoint\",\"urlTemplate\":\"https:\\\/\\\/fr.motocrossmag.be\\\/?s={search_term_string}\"},\"query-input\":{\"@type\":\"PropertyValueSpecification\",\"valueRequired\":true,\"valueName\":\"search_term_string\"}}],\"inLanguage\":\"fr-FR\"},{\"@type\":\"Person\",\"@id\":\"https:\\\/\\\/fr.motocrossmag.be\\\/#\\\/schema\\\/person\\\/11b47143d9f755babca2c9110e03235c\",\"name\":\"oliviere\",\"image\":{\"@type\":\"ImageObject\",\"inLanguage\":\"fr-FR\",\"@id\":\"https:\\\/\\\/secure.gravatar.com\\\/avatar\\\/907069e0b81d119452040469e4a7501da1100f54f7f80180ce77bfab718288f6?s=96&d=mm&r=g\",\"url\":\"https:\\\/\\\/secure.gravatar.com\\\/avatar\\\/907069e0b81d119452040469e4a7501da1100f54f7f80180ce77bfab718288f6?s=96&d=mm&r=g\",\"contentUrl\":\"https:\\\/\\\/secure.gravatar.com\\\/avatar\\\/907069e0b81d119452040469e4a7501da1100f54f7f80180ce77bfab718288f6?s=96&d=mm&r=g\",\"caption\":\"oliviere\"},\"sameAs\":[\"http:\\\/\\\/www.motocrossmag.be\"],\"url\":\"https:\\\/\\\/fr.motocrossmag.be\\\/index.php\\\/author\\\/oliviere\\\/\"}]}<\/script>\n<!-- \/ Yoast SEO plugin. -->","yoast_head_json":{"title":"MX des Nations : les Pays-Bas misent sur Herlings, De Wolf et Van de Moosdijk - Motocross - Enduro - Supermoto | MotocrossMag","robots":{"index":"index","follow":"follow","max-snippet":"max-snippet:-1","max-image-preview":"max-image-preview:large","max-video-preview":"max-video-preview:-1"},"canonical":"https:\/\/fr.motocrossmag.be\/index.php\/2026\/09\/mx-des-nations-les-pays-bas-misent-sur-herlings-de-wolf-et-van-de-moosdijk\/","og_locale":"fr_FR","og_type":"article","og_title":"MX des Nations : les Pays-Bas misent sur Herlings, De Wolf et Van de Moosdijk - Motocross - Enduro - Supermoto | MotocrossMag","og_description":"Les Pays-Bas ont d\u00e9voil\u00e9 une \u00e9quipe particuli\u00e8rement ambitieuse pour la prochaine \u00e9dition du Motocross des Nations. Jeffrey Herlings, Kay de Wolf et Roan van de Moosdijk auront pour mission de d\u00e9fendre les couleurs orange avec un objectif clair : jouer les premiers r\u00f4les dans la course au podium. Pour sa premi\u00e8re saison compl\u00e8te dans la [&hellip;]","og_url":"https:\/\/fr.motocrossmag.be\/index.php\/2026\/09\/mx-des-nations-les-pays-bas-misent-sur-herlings-de-wolf-et-van-de-moosdijk\/","og_site_name":"Motocross - Enduro - Supermoto | MotocrossMag","article_published_time":"2026-09-01T17:04:20+00:00","og_image":[{"width":1024,"height":682,"url":"https:\/\/fr.motocrossmag.be\/wp-content\/uploads\/2026\/08\/lommel-herlings-mxgp.jpg","type":"image\/jpeg"}],"author":"oliviere","twitter_card":"summary_large_image","twitter_misc":{"\u00c9crit par":"oliviere","Dur\u00e9e de lecture estim\u00e9e":"3 minutes"},"schema":{"@context":"https:\/\/schema.org","@graph":[{"@type":"Article","@id":"https:\/\/fr.motocrossmag.be\/index.php\/2026\/09\/mx-des-nations-les-pays-bas-misent-sur-herlings-de-wolf-et-van-de-moosdijk\/#article","isPartOf":{"@id":"https:\/\/fr.motocrossmag.be\/index.php\/2026\/09\/mx-des-nations-les-pays-bas-misent-sur-herlings-de-wolf-et-van-de-moosdijk\/"},"author":{"name":"oliviere","@id":"https:\/\/fr.motocrossmag.be\/#\/schema\/person\/11b47143d9f755babca2c9110e03235c"},"headline":"MX des Nations : les Pays-Bas misent sur Herlings, De Wolf et Van de Moosdijk","datePublished":"2026-09-01T17:04:20+00:00","mainEntityOfPage":{"@id":"https:\/\/fr.motocrossmag.be\/index.php\/2026\/09\/mx-des-nations-les-pays-bas-misent-sur-herlings-de-wolf-et-van-de-moosdijk\/"},"wordCount":480,"commentCount":0,"image":{"@id":"https:\/\/fr.motocrossmag.be\/index.php\/2026\/09\/mx-des-nations-les-pays-bas-misent-sur-herlings-de-wolf-et-van-de-moosdijk\/#primaryimage"},"thumbnailUrl":"https:\/\/fr.motocrossmag.be\/wp-content\/uploads\/2026\/08\/lommel-herlings-mxgp.jpg","keywords":["Jeffrey Herlings","kay de wolf","Motocross","MX des nations","roan van de moosdijk"],"articleSection":["Actualit\u00e9","Motocross","Motocross MXGP","News","News","Slideshow"],"inLanguage":"fr-FR","potentialAction":[{"@type":"CommentAction","name":"Comment","target":["https:\/\/fr.motocrossmag.be\/index.php\/2026\/09\/mx-des-nations-les-pays-bas-misent-sur-herlings-de-wolf-et-van-de-moosdijk\/#respond"]}]},{"@type":"WebPage","@id":"https:\/\/fr.motocrossmag.be\/index.php\/2026\/09\/mx-des-nations-les-pays-bas-misent-sur-herlings-de-wolf-et-van-de-moosdijk\/","url":"https:\/\/fr.motocrossmag.be\/index.php\/2026\/09\/mx-des-nations-les-pays-bas-misent-sur-herlings-de-wolf-et-van-de-moosdijk\/","name":"MX des Nations : les Pays-Bas misent sur Herlings, De Wolf et Van de Moosdijk - Motocross - Enduro - Supermoto | MotocrossMag","isPartOf":{"@id":"https:\/\/fr.motocrossmag.be\/#website"},"primaryImageOfPage":{"@id":"https:\/\/fr.motocrossmag.be\/index.php\/2026\/09\/mx-des-nations-les-pays-bas-misent-sur-herlings-de-wolf-et-van-de-moosdijk\/#primaryimage"},"image":{"@id":"https:\/\/fr.motocrossmag.be\/index.php\/2026\/09\/mx-des-nations-les-pays-bas-misent-sur-herlings-de-wolf-et-van-de-moosdijk\/#primaryimage"},"thumbnailUrl":"https:\/\/fr.motocrossmag.be\/wp-content\/uploads\/2026\/08\/lommel-herlings-mxgp.jpg","datePublished":"2026-09-01T17:04:20+00:00","author":{"@id":"https:\/\/fr.motocrossmag.be\/#\/schema\/person\/11b47143d9f755babca2c9110e03235c"},"breadcrumb":{"@id":"https:\/\/fr.motocrossmag.be\/index.php\/2026\/09\/mx-des-nations-les-pays-bas-misent-sur-herlings-de-wolf-et-van-de-moosdijk\/#breadcrumb"},"inLanguage":"fr-FR","potentialAction":[{"@type":"ReadAction","target":["https:\/\/fr.motocrossmag.be\/index.php\/2026\/09\/mx-des-nations-les-pays-bas-misent-sur-herlings-de-wolf-et-van-de-moosdijk\/"]}]},{"@type":"ImageObject","inLanguage":"fr-FR","@id":"https:\/\/fr.motocrossmag.be\/index.php\/2026\/09\/mx-des-nations-les-pays-bas-misent-sur-herlings-de-wolf-et-van-de-moosdijk\/#primaryimage","url":"https:\/\/fr.motocrossmag.be\/wp-content\/uploads\/2026\/08\/lommel-herlings-mxgp.jpg","contentUrl":"https:\/\/fr.motocrossmag.be\/wp-content\/uploads\/2026\/08\/lommel-herlings-mxgp.jpg","width":1024,"height":682},{"@type":"BreadcrumbList","@id":"https:\/\/fr.motocrossmag.be\/index.php\/2026\/09\/mx-des-nations-les-pays-bas-misent-sur-herlings-de-wolf-et-van-de-moosdijk\/#breadcrumb","itemListElement":[{"@type":"ListItem","position":1,"name":"Accueil","item":"https:\/\/fr.motocrossmag.be\/"},{"@type":"ListItem","position":2,"name":"MX des Nations : les Pays-Bas misent sur Herlings, De Wolf et Van de Moosdijk"}]},{"@type":"WebSite","@id":"https:\/\/fr.motocrossmag.be\/#website","url":"https:\/\/fr.motocrossmag.be\/","name":"Motocross - Enduro - Supermoto | MotocrossMag","description":"L&#039;actualit\u00e9 du motocross, de l&#039;enduro et du Supermoto en ligne!","potentialAction":[{"@type":"SearchAction","target":{"@type":"EntryPoint","urlTemplate":"https:\/\/fr.motocrossmag.be\/?s={search_term_string}"},"query-input":{"@type":"PropertyValueSpecification","valueRequired":true,"valueName":"search_term_string"}}],"inLanguage":"fr-FR"},{"@type":"Person","@id":"https:\/\/fr.motocrossmag.be\/#\/schema\/person\/11b47143d9f755babca2c9110e03235c","name":"oliviere","image":{"@type":"ImageObject","inLanguage":"fr-FR","@id":"https:\/\/secure.gravatar.com\/avatar\/907069e0b81d119452040469e4a7501da1100f54f7f80180ce77bfab718288f6?s=96&d=mm&r=g","url":"https:\/\/secure.gravatar.com\/avatar\/907069e0b81d119452040469e4a7501da1100f54f7f80180ce77bfab718288f6?s=96&d=mm&r=g","contentUrl":"https:\/\/secure.gravatar.com\/avatar\/907069e0b81d119452040469e4a7501da1100f54f7f80180ce77bfab718288f6?s=96&d=mm&r=g","caption":"oliviere"},"sameAs":["http:\/\/www.motocrossmag.be"],"url":"https:\/\/fr.motocrossmag.be\/index.php\/author\/oliviere\/"}]}},"_links":{"self":[{"href":"https:\/\/fr.motocrossmag.be\/index.php\/wp-json\/wp\/v2\/posts\/159517","targetHints":{"allow":["GET"]}}],"collection":[{"href":"https:\/\/fr.motocrossmag.be\/index.php\/wp-json\/wp\/v2\/posts"}],"about":[{"href":"https:\/\/fr.motocrossmag.be\/index.php\/wp-json\/wp\/v2\/types\/post"}],"author":[{"embeddable":true,"href":"https:\/\/fr.motocrossmag.be\/index.php\/wp-json\/wp\/v2\/users\/932"}],"replies":[{"embeddable":true,"href":"https:\/\/fr.motocrossmag.be\/index.php\/wp-json\/wp\/v2\/comments?post=159517"}],"version-history":[{"count":1,"href":"https:\/\/fr.motocrossmag.be\/index.php\/wp-json\/wp\/v2\/posts\/159517\/revisions"}],"predecessor-version":[{"id":159518,"href":"https:\/\/fr.motocrossmag.be\/index.php\/wp-json\/wp\/v2\/posts\/159517\/revisions\/159518"}],"wp:featuredmedia":[{"embeddable":true,"href":"https:\/\/fr.motocrossmag.be\/index.php\/wp-json\/wp\/v2\/media\/157900"}],"wp:attachment":[{"href":"https:\/\/fr.motocrossmag.be\/index.php\/wp-json\/wp\/v2\/media?parent=159517"}],"wp:term":[{"taxonomy":"category","embeddable":true,"href":"https:\/\/fr.motocrossmag.be\/index.php\/wp-json\/wp\/v2\/categories?post=159517"},{"taxonomy":"post_tag","embeddable":true,"href":"https:\/\/fr.motocrossmag.be\/index.php\/wp-json\/wp\/v2\/tags?post=159517"}],"curies":[{"name":"wp","href":"https:\/\/api.w.org\/{rel}","templated":true}]}}