{"id":159522,"date":"2026-09-02T00:03:45","date_gmt":"2026-09-01T22:03:45","guid":{"rendered":"https:\/\/fr.motocrossmag.be\/?p=159522"},"modified":"2026-09-02T00:03:45","modified_gmt":"2026-09-01T22:03:45","slug":"adac-mx-masters-roan-van-de-moosdijk-conserve-son-titre","status":"publish","type":"post","link":"https:\/\/fr.motocrossmag.be\/index.php\/2026\/09\/adac-mx-masters-roan-van-de-moosdijk-conserve-son-titre\/","title":{"rendered":"ADAC MX Masters : Roan van de Moosdijk conserve son titre"},"content":{"rendered":"<p><strong>Roan van de Moosdijk a d\u00e9croch\u00e9 son deuxi\u00e8me titre ADAC cons\u00e9cutif \u00e0 l&rsquo;occasion de l&rsquo;avant-derni\u00e8re manche de la saison, disput\u00e9e \u00e0 Vellahn. Une gestion prudente et trois deuxi\u00e8mes places, d\u00e9croch\u00e9es derri\u00e8re un intouchable J\u00f6rgen-Matthias Talviku, ont suffi au N\u00e9erlandais pour boucler le championnat avant m\u00eame la finale.<\/strong><\/p>\n<p><a href=\"https:\/\/fr.motocrossmag.be\/wp-content\/uploads\/2026\/09\/adac-mx-masters-start.jpg\"><img decoding=\"async\" class=\"alignnone size-full wp-image-159524\" src=\"https:\/\/fr.motocrossmag.be\/wp-content\/uploads\/2026\/09\/adac-mx-masters-start.jpg\" alt=\"\" width=\"1200\" height=\"799\" srcset=\"https:\/\/fr.motocrossmag.be\/wp-content\/uploads\/2026\/09\/adac-mx-masters-start.jpg 1200w, https:\/\/fr.motocrossmag.be\/wp-content\/uploads\/2026\/09\/adac-mx-masters-start-900x599.jpg 900w, https:\/\/fr.motocrossmag.be\/wp-content\/uploads\/2026\/09\/adac-mx-masters-start-768x511.jpg 768w, https:\/\/fr.motocrossmag.be\/wp-content\/uploads\/2026\/09\/adac-mx-masters-start-631x420.jpg 631w, https:\/\/fr.motocrossmag.be\/wp-content\/uploads\/2026\/09\/adac-mx-masters-start-150x100.jpg 150w, https:\/\/fr.motocrossmag.be\/wp-content\/uploads\/2026\/09\/adac-mx-masters-start-300x200.jpg 300w, https:\/\/fr.motocrossmag.be\/wp-content\/uploads\/2026\/09\/adac-mx-masters-start-696x463.jpg 696w, https:\/\/fr.motocrossmag.be\/wp-content\/uploads\/2026\/09\/adac-mx-masters-start-1068x711.jpg 1068w\" sizes=\"(max-width: 1200px) 100vw, 1200px\" \/><\/a><\/p><div class=\"sjouv6a977f257b841\" ><!-- \/91277017\/Inline-articles-mobile -->\n<div style=\"margin:auto; text-align:center !important\">\n<div id='div-gpt-ad-1784982661365-0' style='min-width: 250px; min-height: 75px;'>\n  <script>\n    googletag.cmd.push(function() { googletag.display('div-gpt-ad-1784982661365-0'); });\n  <\/script>\n<\/div><\/div><\/div><style type=\"text\/css\">\r\n.sjouv6a977f257b841 {\r\nmargin-bottom:30px;margin-top:20px\r\n}\r\n@media screen and (min-width: 1201px) {\r\n.sjouv6a977f257b841 {\r\ndisplay: block;\r\n}\r\n}\r\n@media screen and (min-width: 993px) and (max-width: 1200px) {\r\n.sjouv6a977f257b841 {\r\ndisplay: block;\r\n}\r\n}\r\n@media screen and (min-width: 769px) and (max-width: 992px) {\r\n.sjouv6a977f257b841 {\r\ndisplay: block;\r\n}\r\n}\r\n@media screen and (min-width: 768px) and (max-width: 768px) {\r\n.sjouv6a977f257b841 {\r\ndisplay: block;\r\n}\r\n}\r\n@media screen and (max-width: 767px) {\r\n.sjouv6a977f257b841 {\r\ndisplay: block;\r\n}\r\n}\r\n<\/style>\r\n\n<p>Auteur du meilleur temps aux essais, l&rsquo;Estonien J\u00f6rgen-Matthias Talviku (SHR Motorsports by Hartje) a transform\u00e9 sa pole en trois victoires d\u00e9part-arriv\u00e9e sur le circuit mixte de Vellahn, d\u00e9crochant au passage son tout premier succ\u00e8s dans la s\u00e9rie. Un week-end abouti qui lui permet de remonter \u00e0 la troisi\u00e8me place du championnat.<\/p>\n<p><strong>Haavisto retrouve le podium<\/strong><\/p>\n<p>Apr\u00e8s un week-end compliqu\u00e9 \u00e0 Gaildorf, Jere Haavisto (Schmicker Silve Racing) a repris de l&rsquo;assurance \u00e0 Vellahn : deuxi\u00e8me de la premi\u00e8re course puis solide remont\u00e9e depuis la 25e place lors de la deuxi\u00e8me manche, il compl\u00e8te le podium g\u00e9n\u00e9ral de l&rsquo;\u00e9preuve gr\u00e2ce \u00e0 une troisi\u00e8me place obtenue lors de la derni\u00e8re course, devant Tom Koch et Noah Ludwig.<\/p><div class=\"nwaks6a977f257b857\" ><!-- \/91277017\/articles-inline-2 -->\n<div style=\"margin: 20px auto; text-align:center !important\">\n<div id='div-gpt-ad-1785021530385-0' style='min-width: 300px; min-height: 75px;'>\n  <script>\n    googletag.cmd.push(function() { googletag.display('div-gpt-ad-1785021530385-0'); });\n  <\/script>\n<\/div><\/div><\/div><style type=\"text\/css\">\r\n@media screen and (min-width: 1201px) {\r\n.nwaks6a977f257b857 {\r\ndisplay: block;\r\n}\r\n}\r\n@media screen and (min-width: 993px) and (max-width: 1200px) {\r\n.nwaks6a977f257b857 {\r\ndisplay: block;\r\n}\r\n}\r\n@media screen and (min-width: 769px) and (max-width: 992px) {\r\n.nwaks6a977f257b857 {\r\ndisplay: block;\r\n}\r\n}\r\n@media screen and (min-width: 768px) and (max-width: 768px) {\r\n.nwaks6a977f257b857 {\r\ndisplay: block;\r\n}\r\n}\r\n@media screen and (max-width: 767px) {\r\n.nwaks6a977f257b857 {\r\ndisplay: block;\r\n}\r\n}\r\n<\/style>\r\n\n<p><a href=\"https:\/\/fr.motocrossmag.be\/wp-content\/uploads\/2026\/09\/adac-mx-masters-start.jpg\"><img decoding=\"async\" class=\"alignnone size-full wp-image-159524\" src=\"https:\/\/fr.motocrossmag.be\/wp-content\/uploads\/2026\/09\/adac-mx-masters-start.jpg\" alt=\"\" width=\"1200\" height=\"799\" srcset=\"https:\/\/fr.motocrossmag.be\/wp-content\/uploads\/2026\/09\/adac-mx-masters-start.jpg 1200w, https:\/\/fr.motocrossmag.be\/wp-content\/uploads\/2026\/09\/adac-mx-masters-start-900x599.jpg 900w, https:\/\/fr.motocrossmag.be\/wp-content\/uploads\/2026\/09\/adac-mx-masters-start-768x511.jpg 768w, https:\/\/fr.motocrossmag.be\/wp-content\/uploads\/2026\/09\/adac-mx-masters-start-631x420.jpg 631w, https:\/\/fr.motocrossmag.be\/wp-content\/uploads\/2026\/09\/adac-mx-masters-start-150x100.jpg 150w, https:\/\/fr.motocrossmag.be\/wp-content\/uploads\/2026\/09\/adac-mx-masters-start-300x200.jpg 300w, https:\/\/fr.motocrossmag.be\/wp-content\/uploads\/2026\/09\/adac-mx-masters-start-696x463.jpg 696w, https:\/\/fr.motocrossmag.be\/wp-content\/uploads\/2026\/09\/adac-mx-masters-start-1068x711.jpg 1068w\" sizes=\"(max-width: 1200px) 100vw, 1200px\" \/><\/a><\/p>\n<p>Au classement g\u00e9n\u00e9ral, Koch reste deuxi\u00e8me derri\u00e8re van de Moosdijk, tandis que Maximilian Spies (Becker Racing), bless\u00e9 samedi, est forfait pour le reste de la saison et recule \u00e0 la cinqui\u00e8me place. Rendez-vous pour la finale \u00e0 F\u00fcrstlich Drehna les 26 et 27 septembre prochains.<\/p>\n<p><span style=\"color: #800000;\"><strong>R\u00e9sultats<\/strong><\/span><\/p>\n<p>MANCHE 1<\/p>\n<p>1 TALVIKU, J\u00f6rgen-Matthias EST YAM 25; 2 VAN DE MOOSDIJK, Roan NED KTM 22; 3 HAAVISTO, Jere FIN KTM 20; 4 KOCH, Tom GER KTM 18; 5 LUDWIG, Noah GER KTM 16; 6 KOKINS, Markuss LAT GAS 15; 7 KOCH, Nico GER KTM 14; 8 TIXIER, Jordi FRA HON 13; 9 GWERDER, Mike SUI KTM 12; 10 KOHUT, Tomas SVK HUS 11; 11 NICKEL, Cato GER HON 10; 12 WECKMAN, Emil FIN YAM 9; 13 K\u00d6NIG, Peter GER KTM 8; 14 THUNECKE, Max GER SUZ 7; 15 RATHOUSKY, Petr CZE KTM 6; 16 SCHEU, Mark GER SUZ 5; 17 KLEEMANN, William DEN KTM 4; 18 TILK, Kaarel EST HUS 3; 19 KOOIKER, Dave NED GAS 2; 20 BIDZANS, Edvards LAT DUC 1; 21 TORNAU, Fynn-Niklas GER KTM 0; 22 GALLWITZ, Vincent GER KTM 0; 23 REHBERG, Leon GER TRI 0; 24 KLING, Fabian GER HUS 0; 25 VERMIJL, Thomas BEL GAS 0; 26 SPIES, Maximilian GER KTM 0; 27 HOFFMANN, Toni GER KTM 0; 28 SMETS, Greg BEL KTM 0; 29 FIEDLER, Lukas GER HUS 0; 30 SOMMERSTAD, Markus NOR KTM 0; 31 B\u00dcLOW, Max GER KTM 0; 32 PRAUN, Theo GER YAM 0; 33 ULLRICH, Paul GER KAW 0; 34 VISSER, Jean RSA HUS 0; 35 FLINK, Samuel SWE YAM 0; 36 SCHMITT, Noel GER TRI 0; 37 GRAU, Dominik GER YAM 0; 38 TROSSEN, Fabian GER KTM 0<\/p>\n<p>MANCHE 2<\/p>\n<p>1. J\u00f6rgen-Matthias Talviku 30:09.896,\u00a02. Roan van de Moosdijk +14.292, 3. Noah Ludwig +23.638, 4. Jere Haavisto +37.469, 5. Tom Koch +42.276, 6. Markuss Kokins +53.108, 7. Cato Nickel +56.071, 8. Emil Weckman +58.766, 9. Max Thunecke +1:05.102, 10. Tomas Kohut +1:08.089, 11. Kaarel Tilk +1:09.765, 12. Petr Rathousky +1:19.077, 13. William Kleemann +1:21.030, 14. Edvards Bidzans +1:24.171,\u00a015. Dave Kooiker +1:28.318, 16. Vincent Gallwitz +1:28.976, 17. Peter K\u00f6nig +1:29.896, 18. Mark Scheu +1:40.911, 19. Leon Rehberg +1:42.826, 20. Fynn-Niklas Tornau +1 lap,\u00a021. Thomas Vermijl +1 lap, 22. Max B\u00fclow +1 lap, 23. Fabian Kling +1 lap,\u00a024. Greg Smets +1 lap, 25. Lukas Fiedler +1 lap, 26. Markus Sommerstad +1 lap, 27. Jean Visser +1 lap, 28. Samuel Flink +1 lap, 29. Theo Praun +1 lap, 30. Noel Schmitt +2 laps, 31. Dominik Grau +2 laps, 32. Fabian Trossen +2 laps, 33. Mike Gwerder +3 laps, 34. Toni Hoffmann +9 laps, 35. Nico Koch +11 laps, 36. Jordi Tixier +11 laps<\/p>\n<p>MANCHE 3<\/p>\n<p>1. J\u00f6rgen-Matthias Talviku 28:45.330,\u00a02. Roan van de Moosdijk +9.000, 3. Jere Haavisto +24.606, 4. Tom Koch +30.534, 5. Jordi Tixier +39.449, 6. Kaarel Tilk +45.214, 7. Markuss Kokins +54.866, 8. Mike Gwerder +57.769, 9. Cato Nickel +59.087, 10. Noah Ludwig +1:00.405, 11. William Kleemann +1:02.564, 12. Max Thunecke +1:02.858, 13. Petr Rathousky +1:16.638, 14. Peter K\u00f6nig +1:19.058, 15. Edvards Bidzans +1:32.458, 16. Vincent Gallwitz +1:36.568, 17. Fynn-Niklas Tornau +1:40.106, 18. Fabian Kling +1 lap,\u00a019. Thomas Vermijl +1 lap, 20. Leon Rehberg +1 lap, 21. Toni Hoffmann +1 lap, 22. Lukas Fiedler +1 lap, 23. Max B\u00fclow +1 lap, 24. Jean Visser +1 lap, 25. Markus Sommerstad +1 lap, 26. Paul Ullrich +1 lap, 27. Theo Praun +1 lap, 28. Dominik Grau +1 lap, 29. Samuel Flink +1 lap,\u00a030. Greg Smets +1 lap, 31. Noel Schmitt +1 lap, 32. Tomas Kohut +8 laps, 33. Dave Kooiker +8 laps, 34. Mark Scheu +10 laps, 35. Emil Weckman +15 laps<\/p>\n","protected":false},"excerpt":{"rendered":"<p>Roan van de Moosdijk a d\u00e9croch\u00e9 son deuxi\u00e8me titre ADAC cons\u00e9cutif \u00e0 l&rsquo;occasion de l&rsquo;avant-derni\u00e8re manche de la saison, disput\u00e9e \u00e0 Vellahn. Une gestion prudente et trois deuxi\u00e8mes places, d\u00e9croch\u00e9es derri\u00e8re un intouchable J\u00f6rgen-Matthias Talviku, ont suffi au N\u00e9erlandais pour boucler le championnat avant m\u00eame la finale. Auteur du meilleur temps aux essais, l&rsquo;Estonien J\u00f6rgen-Matthias [&hellip;]<\/p>\n","protected":false},"author":932,"featured_media":159523,"comment_status":"open","ping_status":"closed","sticky":false,"template":"","format":"standard","meta":{"tdm_status":"","tdm_grid_status":"","footnotes":""},"categories":[54],"tags":[],"class_list":["post-159522","post","type-post","status-publish","format-standard","has-post-thumbnail","category-actualite"],"yoast_head":"<!-- This site is optimized with the Yoast SEO plugin v28.4 - https:\/\/yoast.com\/product\/yoast-seo-wordpress\/ -->\n<title>ADAC MX Masters : Roan van de Moosdijk conserve son titre - Motocross - Enduro - Supermoto | MotocrossMag<\/title>\n<meta name=\"robots\" content=\"index, follow, max-snippet:-1, max-image-preview:large, max-video-preview:-1\" \/>\n<link rel=\"canonical\" href=\"https:\/\/fr.motocrossmag.be\/index.php\/2026\/09\/adac-mx-masters-roan-van-de-moosdijk-conserve-son-titre\/\" \/>\n<meta property=\"og:locale\" content=\"fr_FR\" \/>\n<meta property=\"og:type\" content=\"article\" \/>\n<meta property=\"og:title\" content=\"ADAC MX Masters : Roan van de Moosdijk conserve son titre - Motocross - Enduro - Supermoto | MotocrossMag\" \/>\n<meta property=\"og:description\" content=\"Roan van de Moosdijk a d\u00e9croch\u00e9 son deuxi\u00e8me titre ADAC cons\u00e9cutif \u00e0 l&rsquo;occasion de l&rsquo;avant-derni\u00e8re manche de la saison, disput\u00e9e \u00e0 Vellahn. Une gestion prudente et trois deuxi\u00e8mes places, d\u00e9croch\u00e9es derri\u00e8re un intouchable J\u00f6rgen-Matthias Talviku, ont suffi au N\u00e9erlandais pour boucler le championnat avant m\u00eame la finale. Auteur du meilleur temps aux essais, l&rsquo;Estonien J\u00f6rgen-Matthias [&hellip;]\" \/>\n<meta property=\"og:url\" content=\"https:\/\/fr.motocrossmag.be\/index.php\/2026\/09\/adac-mx-masters-roan-van-de-moosdijk-conserve-son-titre\/\" \/>\n<meta property=\"og:site_name\" content=\"Motocross - Enduro - Supermoto | MotocrossMag\" \/>\n<meta property=\"article:published_time\" content=\"2026-09-01T22:03:45+00:00\" \/>\n<meta property=\"og:image\" content=\"https:\/\/fr.motocrossmag.be\/wp-content\/uploads\/2026\/09\/van-de-moosdijk-adac-champion.jpg\" \/>\n\t<meta property=\"og:image:width\" content=\"1200\" \/>\n\t<meta property=\"og:image:height\" content=\"801\" \/>\n\t<meta property=\"og:image:type\" content=\"image\/jpeg\" \/>\n<meta name=\"author\" content=\"oliviere\" \/>\n<meta name=\"twitter:card\" content=\"summary_large_image\" \/>\n<meta name=\"twitter:label1\" content=\"\u00c9crit par\" \/>\n\t<meta name=\"twitter:data1\" content=\"oliviere\" \/>\n\t<meta name=\"twitter:label2\" content=\"Dur\u00e9e de lecture estim\u00e9e\" \/>\n\t<meta name=\"twitter:data2\" content=\"5 minutes\" \/>\n<script type=\"application\/ld+json\" class=\"yoast-schema-graph\">{\"@context\":\"https:\\\/\\\/schema.org\",\"@graph\":[{\"@type\":\"Article\",\"@id\":\"https:\\\/\\\/fr.motocrossmag.be\\\/index.php\\\/2026\\\/09\\\/adac-mx-masters-roan-van-de-moosdijk-conserve-son-titre\\\/#article\",\"isPartOf\":{\"@id\":\"https:\\\/\\\/fr.motocrossmag.be\\\/index.php\\\/2026\\\/09\\\/adac-mx-masters-roan-van-de-moosdijk-conserve-son-titre\\\/\"},\"author\":{\"name\":\"oliviere\",\"@id\":\"https:\\\/\\\/fr.motocrossmag.be\\\/#\\\/schema\\\/person\\\/11b47143d9f755babca2c9110e03235c\"},\"headline\":\"ADAC MX Masters : Roan van de Moosdijk conserve son titre\",\"datePublished\":\"2026-09-01T22:03:45+00:00\",\"mainEntityOfPage\":{\"@id\":\"https:\\\/\\\/fr.motocrossmag.be\\\/index.php\\\/2026\\\/09\\\/adac-mx-masters-roan-van-de-moosdijk-conserve-son-titre\\\/\"},\"wordCount\":595,\"commentCount\":0,\"image\":{\"@id\":\"https:\\\/\\\/fr.motocrossmag.be\\\/index.php\\\/2026\\\/09\\\/adac-mx-masters-roan-van-de-moosdijk-conserve-son-titre\\\/#primaryimage\"},\"thumbnailUrl\":\"https:\\\/\\\/fr.motocrossmag.be\\\/wp-content\\\/uploads\\\/2026\\\/09\\\/van-de-moosdijk-adac-champion.jpg\",\"articleSection\":[\"Actualit\u00e9\"],\"inLanguage\":\"fr-FR\",\"potentialAction\":[{\"@type\":\"CommentAction\",\"name\":\"Comment\",\"target\":[\"https:\\\/\\\/fr.motocrossmag.be\\\/index.php\\\/2026\\\/09\\\/adac-mx-masters-roan-van-de-moosdijk-conserve-son-titre\\\/#respond\"]}]},{\"@type\":\"WebPage\",\"@id\":\"https:\\\/\\\/fr.motocrossmag.be\\\/index.php\\\/2026\\\/09\\\/adac-mx-masters-roan-van-de-moosdijk-conserve-son-titre\\\/\",\"url\":\"https:\\\/\\\/fr.motocrossmag.be\\\/index.php\\\/2026\\\/09\\\/adac-mx-masters-roan-van-de-moosdijk-conserve-son-titre\\\/\",\"name\":\"ADAC MX Masters : Roan van de Moosdijk conserve son titre - Motocross - Enduro - Supermoto | MotocrossMag\",\"isPartOf\":{\"@id\":\"https:\\\/\\\/fr.motocrossmag.be\\\/#website\"},\"primaryImageOfPage\":{\"@id\":\"https:\\\/\\\/fr.motocrossmag.be\\\/index.php\\\/2026\\\/09\\\/adac-mx-masters-roan-van-de-moosdijk-conserve-son-titre\\\/#primaryimage\"},\"image\":{\"@id\":\"https:\\\/\\\/fr.motocrossmag.be\\\/index.php\\\/2026\\\/09\\\/adac-mx-masters-roan-van-de-moosdijk-conserve-son-titre\\\/#primaryimage\"},\"thumbnailUrl\":\"https:\\\/\\\/fr.motocrossmag.be\\\/wp-content\\\/uploads\\\/2026\\\/09\\\/van-de-moosdijk-adac-champion.jpg\",\"datePublished\":\"2026-09-01T22:03:45+00:00\",\"author\":{\"@id\":\"https:\\\/\\\/fr.motocrossmag.be\\\/#\\\/schema\\\/person\\\/11b47143d9f755babca2c9110e03235c\"},\"breadcrumb\":{\"@id\":\"https:\\\/\\\/fr.motocrossmag.be\\\/index.php\\\/2026\\\/09\\\/adac-mx-masters-roan-van-de-moosdijk-conserve-son-titre\\\/#breadcrumb\"},\"inLanguage\":\"fr-FR\",\"potentialAction\":[{\"@type\":\"ReadAction\",\"target\":[\"https:\\\/\\\/fr.motocrossmag.be\\\/index.php\\\/2026\\\/09\\\/adac-mx-masters-roan-van-de-moosdijk-conserve-son-titre\\\/\"]}]},{\"@type\":\"ImageObject\",\"inLanguage\":\"fr-FR\",\"@id\":\"https:\\\/\\\/fr.motocrossmag.be\\\/index.php\\\/2026\\\/09\\\/adac-mx-masters-roan-van-de-moosdijk-conserve-son-titre\\\/#primaryimage\",\"url\":\"https:\\\/\\\/fr.motocrossmag.be\\\/wp-content\\\/uploads\\\/2026\\\/09\\\/van-de-moosdijk-adac-champion.jpg\",\"contentUrl\":\"https:\\\/\\\/fr.motocrossmag.be\\\/wp-content\\\/uploads\\\/2026\\\/09\\\/van-de-moosdijk-adac-champion.jpg\",\"width\":1200,\"height\":801},{\"@type\":\"BreadcrumbList\",\"@id\":\"https:\\\/\\\/fr.motocrossmag.be\\\/index.php\\\/2026\\\/09\\\/adac-mx-masters-roan-van-de-moosdijk-conserve-son-titre\\\/#breadcrumb\",\"itemListElement\":[{\"@type\":\"ListItem\",\"position\":1,\"name\":\"Accueil\",\"item\":\"https:\\\/\\\/fr.motocrossmag.be\\\/\"},{\"@type\":\"ListItem\",\"position\":2,\"name\":\"ADAC MX Masters : Roan van de Moosdijk conserve son titre\"}]},{\"@type\":\"WebSite\",\"@id\":\"https:\\\/\\\/fr.motocrossmag.be\\\/#website\",\"url\":\"https:\\\/\\\/fr.motocrossmag.be\\\/\",\"name\":\"Motocross - Enduro - Supermoto | MotocrossMag\",\"description\":\"L&#039;actualit\u00e9 du motocross, de l&#039;enduro et du Supermoto en ligne!\",\"potentialAction\":[{\"@type\":\"SearchAction\",\"target\":{\"@type\":\"EntryPoint\",\"urlTemplate\":\"https:\\\/\\\/fr.motocrossmag.be\\\/?s={search_term_string}\"},\"query-input\":{\"@type\":\"PropertyValueSpecification\",\"valueRequired\":true,\"valueName\":\"search_term_string\"}}],\"inLanguage\":\"fr-FR\"},{\"@type\":\"Person\",\"@id\":\"https:\\\/\\\/fr.motocrossmag.be\\\/#\\\/schema\\\/person\\\/11b47143d9f755babca2c9110e03235c\",\"name\":\"oliviere\",\"image\":{\"@type\":\"ImageObject\",\"inLanguage\":\"fr-FR\",\"@id\":\"https:\\\/\\\/secure.gravatar.com\\\/avatar\\\/907069e0b81d119452040469e4a7501da1100f54f7f80180ce77bfab718288f6?s=96&d=mm&r=g\",\"url\":\"https:\\\/\\\/secure.gravatar.com\\\/avatar\\\/907069e0b81d119452040469e4a7501da1100f54f7f80180ce77bfab718288f6?s=96&d=mm&r=g\",\"contentUrl\":\"https:\\\/\\\/secure.gravatar.com\\\/avatar\\\/907069e0b81d119452040469e4a7501da1100f54f7f80180ce77bfab718288f6?s=96&d=mm&r=g\",\"caption\":\"oliviere\"},\"sameAs\":[\"http:\\\/\\\/www.motocrossmag.be\"],\"url\":\"https:\\\/\\\/fr.motocrossmag.be\\\/index.php\\\/author\\\/oliviere\\\/\"}]}<\/script>\n<!-- \/ Yoast SEO plugin. -->","yoast_head_json":{"title":"ADAC MX Masters : Roan van de Moosdijk conserve son titre - Motocross - Enduro - Supermoto | MotocrossMag","robots":{"index":"index","follow":"follow","max-snippet":"max-snippet:-1","max-image-preview":"max-image-preview:large","max-video-preview":"max-video-preview:-1"},"canonical":"https:\/\/fr.motocrossmag.be\/index.php\/2026\/09\/adac-mx-masters-roan-van-de-moosdijk-conserve-son-titre\/","og_locale":"fr_FR","og_type":"article","og_title":"ADAC MX Masters : Roan van de Moosdijk conserve son titre - Motocross - Enduro - Supermoto | MotocrossMag","og_description":"Roan van de Moosdijk a d\u00e9croch\u00e9 son deuxi\u00e8me titre ADAC cons\u00e9cutif \u00e0 l&rsquo;occasion de l&rsquo;avant-derni\u00e8re manche de la saison, disput\u00e9e \u00e0 Vellahn. Une gestion prudente et trois deuxi\u00e8mes places, d\u00e9croch\u00e9es derri\u00e8re un intouchable J\u00f6rgen-Matthias Talviku, ont suffi au N\u00e9erlandais pour boucler le championnat avant m\u00eame la finale. Auteur du meilleur temps aux essais, l&rsquo;Estonien J\u00f6rgen-Matthias [&hellip;]","og_url":"https:\/\/fr.motocrossmag.be\/index.php\/2026\/09\/adac-mx-masters-roan-van-de-moosdijk-conserve-son-titre\/","og_site_name":"Motocross - Enduro - Supermoto | MotocrossMag","article_published_time":"2026-09-01T22:03:45+00:00","og_image":[{"width":1200,"height":801,"url":"https:\/\/fr.motocrossmag.be\/wp-content\/uploads\/2026\/09\/van-de-moosdijk-adac-champion.jpg","type":"image\/jpeg"}],"author":"oliviere","twitter_card":"summary_large_image","twitter_misc":{"\u00c9crit par":"oliviere","Dur\u00e9e de lecture estim\u00e9e":"5 minutes"},"schema":{"@context":"https:\/\/schema.org","@graph":[{"@type":"Article","@id":"https:\/\/fr.motocrossmag.be\/index.php\/2026\/09\/adac-mx-masters-roan-van-de-moosdijk-conserve-son-titre\/#article","isPartOf":{"@id":"https:\/\/fr.motocrossmag.be\/index.php\/2026\/09\/adac-mx-masters-roan-van-de-moosdijk-conserve-son-titre\/"},"author":{"name":"oliviere","@id":"https:\/\/fr.motocrossmag.be\/#\/schema\/person\/11b47143d9f755babca2c9110e03235c"},"headline":"ADAC MX Masters : Roan van de Moosdijk conserve son titre","datePublished":"2026-09-01T22:03:45+00:00","mainEntityOfPage":{"@id":"https:\/\/fr.motocrossmag.be\/index.php\/2026\/09\/adac-mx-masters-roan-van-de-moosdijk-conserve-son-titre\/"},"wordCount":595,"commentCount":0,"image":{"@id":"https:\/\/fr.motocrossmag.be\/index.php\/2026\/09\/adac-mx-masters-roan-van-de-moosdijk-conserve-son-titre\/#primaryimage"},"thumbnailUrl":"https:\/\/fr.motocrossmag.be\/wp-content\/uploads\/2026\/09\/van-de-moosdijk-adac-champion.jpg","articleSection":["Actualit\u00e9"],"inLanguage":"fr-FR","potentialAction":[{"@type":"CommentAction","name":"Comment","target":["https:\/\/fr.motocrossmag.be\/index.php\/2026\/09\/adac-mx-masters-roan-van-de-moosdijk-conserve-son-titre\/#respond"]}]},{"@type":"WebPage","@id":"https:\/\/fr.motocrossmag.be\/index.php\/2026\/09\/adac-mx-masters-roan-van-de-moosdijk-conserve-son-titre\/","url":"https:\/\/fr.motocrossmag.be\/index.php\/2026\/09\/adac-mx-masters-roan-van-de-moosdijk-conserve-son-titre\/","name":"ADAC MX Masters : Roan van de Moosdijk conserve son titre - Motocross - Enduro - Supermoto | MotocrossMag","isPartOf":{"@id":"https:\/\/fr.motocrossmag.be\/#website"},"primaryImageOfPage":{"@id":"https:\/\/fr.motocrossmag.be\/index.php\/2026\/09\/adac-mx-masters-roan-van-de-moosdijk-conserve-son-titre\/#primaryimage"},"image":{"@id":"https:\/\/fr.motocrossmag.be\/index.php\/2026\/09\/adac-mx-masters-roan-van-de-moosdijk-conserve-son-titre\/#primaryimage"},"thumbnailUrl":"https:\/\/fr.motocrossmag.be\/wp-content\/uploads\/2026\/09\/van-de-moosdijk-adac-champion.jpg","datePublished":"2026-09-01T22:03:45+00:00","author":{"@id":"https:\/\/fr.motocrossmag.be\/#\/schema\/person\/11b47143d9f755babca2c9110e03235c"},"breadcrumb":{"@id":"https:\/\/fr.motocrossmag.be\/index.php\/2026\/09\/adac-mx-masters-roan-van-de-moosdijk-conserve-son-titre\/#breadcrumb"},"inLanguage":"fr-FR","potentialAction":[{"@type":"ReadAction","target":["https:\/\/fr.motocrossmag.be\/index.php\/2026\/09\/adac-mx-masters-roan-van-de-moosdijk-conserve-son-titre\/"]}]},{"@type":"ImageObject","inLanguage":"fr-FR","@id":"https:\/\/fr.motocrossmag.be\/index.php\/2026\/09\/adac-mx-masters-roan-van-de-moosdijk-conserve-son-titre\/#primaryimage","url":"https:\/\/fr.motocrossmag.be\/wp-content\/uploads\/2026\/09\/van-de-moosdijk-adac-champion.jpg","contentUrl":"https:\/\/fr.motocrossmag.be\/wp-content\/uploads\/2026\/09\/van-de-moosdijk-adac-champion.jpg","width":1200,"height":801},{"@type":"BreadcrumbList","@id":"https:\/\/fr.motocrossmag.be\/index.php\/2026\/09\/adac-mx-masters-roan-van-de-moosdijk-conserve-son-titre\/#breadcrumb","itemListElement":[{"@type":"ListItem","position":1,"name":"Accueil","item":"https:\/\/fr.motocrossmag.be\/"},{"@type":"ListItem","position":2,"name":"ADAC MX Masters : Roan van de Moosdijk conserve son titre"}]},{"@type":"WebSite","@id":"https:\/\/fr.motocrossmag.be\/#website","url":"https:\/\/fr.motocrossmag.be\/","name":"Motocross - Enduro - Supermoto | MotocrossMag","description":"L&#039;actualit\u00e9 du motocross, de l&#039;enduro et du Supermoto en ligne!","potentialAction":[{"@type":"SearchAction","target":{"@type":"EntryPoint","urlTemplate":"https:\/\/fr.motocrossmag.be\/?s={search_term_string}"},"query-input":{"@type":"PropertyValueSpecification","valueRequired":true,"valueName":"search_term_string"}}],"inLanguage":"fr-FR"},{"@type":"Person","@id":"https:\/\/fr.motocrossmag.be\/#\/schema\/person\/11b47143d9f755babca2c9110e03235c","name":"oliviere","image":{"@type":"ImageObject","inLanguage":"fr-FR","@id":"https:\/\/secure.gravatar.com\/avatar\/907069e0b81d119452040469e4a7501da1100f54f7f80180ce77bfab718288f6?s=96&d=mm&r=g","url":"https:\/\/secure.gravatar.com\/avatar\/907069e0b81d119452040469e4a7501da1100f54f7f80180ce77bfab718288f6?s=96&d=mm&r=g","contentUrl":"https:\/\/secure.gravatar.com\/avatar\/907069e0b81d119452040469e4a7501da1100f54f7f80180ce77bfab718288f6?s=96&d=mm&r=g","caption":"oliviere"},"sameAs":["http:\/\/www.motocrossmag.be"],"url":"https:\/\/fr.motocrossmag.be\/index.php\/author\/oliviere\/"}]}},"_links":{"self":[{"href":"https:\/\/fr.motocrossmag.be\/index.php\/wp-json\/wp\/v2\/posts\/159522","targetHints":{"allow":["GET"]}}],"collection":[{"href":"https:\/\/fr.motocrossmag.be\/index.php\/wp-json\/wp\/v2\/posts"}],"about":[{"href":"https:\/\/fr.motocrossmag.be\/index.php\/wp-json\/wp\/v2\/types\/post"}],"author":[{"embeddable":true,"href":"https:\/\/fr.motocrossmag.be\/index.php\/wp-json\/wp\/v2\/users\/932"}],"replies":[{"embeddable":true,"href":"https:\/\/fr.motocrossmag.be\/index.php\/wp-json\/wp\/v2\/comments?post=159522"}],"version-history":[{"count":1,"href":"https:\/\/fr.motocrossmag.be\/index.php\/wp-json\/wp\/v2\/posts\/159522\/revisions"}],"predecessor-version":[{"id":159525,"href":"https:\/\/fr.motocrossmag.be\/index.php\/wp-json\/wp\/v2\/posts\/159522\/revisions\/159525"}],"wp:featuredmedia":[{"embeddable":true,"href":"https:\/\/fr.motocrossmag.be\/index.php\/wp-json\/wp\/v2\/media\/159523"}],"wp:attachment":[{"href":"https:\/\/fr.motocrossmag.be\/index.php\/wp-json\/wp\/v2\/media?parent=159522"}],"wp:term":[{"taxonomy":"category","embeddable":true,"href":"https:\/\/fr.motocrossmag.be\/index.php\/wp-json\/wp\/v2\/categories?post=159522"},{"taxonomy":"post_tag","embeddable":true,"href":"https:\/\/fr.motocrossmag.be\/index.php\/wp-json\/wp\/v2\/tags?post=159522"}],"curies":[{"name":"wp","href":"https:\/\/api.w.org\/{rel}","templated":true}]}}