{"id":159530,"date":"2026-09-02T14:48:54","date_gmt":"2026-09-02T12:48:54","guid":{"rendered":"https:\/\/fr.motocrossmag.be\/?p=159530"},"modified":"2026-09-02T14:48:54","modified_gmt":"2026-09-02T12:48:54","slug":"mxgp-les-pilotes-au-depart-du-gp-de-turquie","status":"publish","type":"post","link":"https:\/\/fr.motocrossmag.be\/index.php\/2026\/09\/mxgp-les-pilotes-au-depart-du-gp-de-turquie\/","title":{"rendered":"MXGP : les pilotes au d\u00e9part du GP de Turquie"},"content":{"rendered":"<p>Avant Shangai et Darwin, le championnat du monde MXGP fait escale en Turquie le week-end prochain pour le 17\u00e8me des 19 rendez-vous de la saison 2026. Pour les championnats europ\u00e9ens EMX125 et EMX250, il s&rsquo;agira de l&rsquo;ultime round de la saison.<\/p>\n<p>On ne se bousculera cependant pas derri\u00e8re la grille de d\u00e9part puisque seuls 23 pilotes sont annonc\u00e9s en MXGP pour \u00e0 peine 16 en MX2&#8230; Sans compter que certains noms pr\u00e9sents sur les listes semblent plus qu&rsquo;incertains, comme Lata, Renaux ou encore Lucas Coenen. Notons qu&rsquo;en MXGP, Brent Van Doninck ne fera pas le d\u00e9placement jusqu&rsquo;\u00e0 Afyon.<\/p><div class=\"yefgb6a983dbf6fd02\" ><!-- \/91277017\/Inline-articles-mobile -->\n<div style=\"margin:auto; text-align:center !important\">\n<div id='div-gpt-ad-1784982661365-0' style='min-width: 250px; min-height: 75px;'>\n  <script>\n    googletag.cmd.push(function() { googletag.display('div-gpt-ad-1784982661365-0'); });\n  <\/script>\n<\/div><\/div><\/div><style type=\"text\/css\">\r\n.yefgb6a983dbf6fd02 {\r\nmargin-bottom:30px;margin-top:20px\r\n}\r\n@media screen and (min-width: 1201px) {\r\n.yefgb6a983dbf6fd02 {\r\ndisplay: block;\r\n}\r\n}\r\n@media screen and (min-width: 993px) and (max-width: 1200px) {\r\n.yefgb6a983dbf6fd02 {\r\ndisplay: block;\r\n}\r\n}\r\n@media screen and (min-width: 769px) and (max-width: 992px) {\r\n.yefgb6a983dbf6fd02 {\r\ndisplay: block;\r\n}\r\n}\r\n@media screen and (min-width: 768px) and (max-width: 768px) {\r\n.yefgb6a983dbf6fd02 {\r\ndisplay: block;\r\n}\r\n}\r\n@media screen and (max-width: 767px) {\r\n.yefgb6a983dbf6fd02 {\r\ndisplay: block;\r\n}\r\n}\r\n<\/style>\r\n\n<p>En EMX125, ils seront 20 \u00e0 tenter leur chance tandis que l&rsquo;EMX250 pourra compter sur la pr\u00e9sence de 29 pilotes, dont nos compatriotes Harry Seel et Jarne Bervoets.<\/p>\n<p><span style=\"color: #ff0000;\"><strong>Pilotes engag\u00e9s &#8211; MXGP Turquie 2026<\/strong><\/span><\/p>\n<p>MXGP<\/p><div class=\"mdyax6a983dbf6fd22\" ><!-- \/91277017\/articles-inline-2 -->\n<div style=\"margin: 20px auto; text-align:center !important\">\n<div id='div-gpt-ad-1785021530385-0' style='min-width: 300px; min-height: 75px;'>\n  <script>\n    googletag.cmd.push(function() { googletag.display('div-gpt-ad-1785021530385-0'); });\n  <\/script>\n<\/div><\/div><\/div><style type=\"text\/css\">\r\n@media screen and (min-width: 1201px) {\r\n.mdyax6a983dbf6fd22 {\r\ndisplay: block;\r\n}\r\n}\r\n@media screen and (min-width: 993px) and (max-width: 1200px) {\r\n.mdyax6a983dbf6fd22 {\r\ndisplay: block;\r\n}\r\n}\r\n@media screen and (min-width: 769px) and (max-width: 992px) {\r\n.mdyax6a983dbf6fd22 {\r\ndisplay: block;\r\n}\r\n}\r\n@media screen and (min-width: 768px) and (max-width: 768px) {\r\n.mdyax6a983dbf6fd22 {\r\ndisplay: block;\r\n}\r\n}\r\n@media screen and (max-width: 767px) {\r\n.mdyax6a983dbf6fd22 {\r\ndisplay: block;\r\n}\r\n}\r\n<\/style>\r\n\n<p>1. Romain Febvre (FRA \u2013 Kawasaki)<br \/>\n2. Rick Elzinga (NED \u2013 KTM)<br \/>\n<strong>3. Lucas Coenen (BEL \u2013 KTM)\u00a0<\/strong><br \/>\n4. Calvin Vlaanderen (NED \u2013 Ducati)<br \/>\n5. Tom Vialle (FRA \u2013 Honda)<br \/>\n6. Kevin Horgmo (NOO \u2013 Honda)<br \/>\n7. Mustafa Resul Kurtulus (TUR \u2013 KTM)<br \/>\n8. Pauls Jonass (LET \u2013 Kawasaki)<br \/>\n9. Ruben Fernandez (SPA \u2013 Honda)<br \/>\n10. Kay de Wolf (NED \u2013 Husqvarna)<br \/>\n11. Andrea Adamo (ITA \u2013 KTM)<br \/>\n12. Jeffrey Herlings (NED \u2013 Honda)<br \/>\n13. Kevin Brumann (ZWI \u2013 Husqvarna)<br \/>\n14. Jeremy Seewer (ZWI \u2013 KTM)<br \/>\n<strong>15. Jago Geerts (BEL \u2013 Beta)<\/strong><br \/>\n16. Andrea Bonacorsi (ITA \u2013 Ducati)<br \/>\n17. Tim Gajser (SLO \u2013 Yamaha)<br \/>\n18. Jan Pancar (SLO \u2013 KTM)<br \/>\n19. Yigit Ali Selek (TUR \u2013 GasGas)<br \/>\n20. Alberto Forato (ITA \u2013 Fantic)<br \/>\n21. Isak Gifting (ZWE \u2013 Yamaha)<br \/>\n22. Ben Watson (GBR \u2013 Triumph)<br \/>\n23. Maxime Renaux (FRA \u2013 Yamaha)<\/p>\n<p>MX2<\/p>\n<p>1. Simon L\u00e4ngenfelder (DUI \u2013 KTM)<br \/>\n2. Camden Mc Lellan (RSA \u2013 Triumph)<br \/>\n3. Valerio Lata (ITA \u2013 Honda)<br \/>\n<strong>4. Sacha Coenen (BEL \u2013 KTM)<\/strong><br \/>\n5. Julius Mikula (TSJ \u2013 KTM)<br \/>\n<strong>6. Liam Everts (BEL \u2013 Husqvarna)<\/strong><br \/>\n7. Kay Karssemakers (NED \u2013 Kawasaki)<br \/>\n8. Karlis Reisulis (LET \u2013 Yamaha)<br \/>\n9. Maxime Grau (FRA \u2013 Honda)<br \/>\n10. Guillem Farres (SPA \u2013 Triumph)<br \/>\n11. Tommaso Lodi (ITA \u2013 Kawasaki)<br \/>\n12. Scott Smulders (NED \u2013 Husqvarna)<br \/>\n13. Andrea Rossi (ITA \u2013 KTM)<br \/>\n14. Noel Zanocz (HON \u2013 KTM)<br \/>\n15. Janis Reisulis (LET \u2013 Yamaha)<br \/>\n16. Rodolfo Bicalho (BRA \u2013 KTM)<\/p>\n<p>EMX250<\/p>\n<p>1. Nicolai Skovbjerg (DEN \u2013 Husqvarna)<br \/>\n2. Jake Cannon (AUS \u2013 Kawasaki)<br \/>\n3. Elias Escandell (SPA \u2013 Honda)<br \/>\n4. Niccolo Mannini (ITA \u2013 Triumph)<br \/>\n5. Deacon Paice (AUS \u2013 Honda)<br \/>\n6. Tom Brunet (FRA \u2013 Yamaha)<br \/>\n7. Nicol\u00f2 Alvisi (ITA \u2013 Honda)<br \/>\n8. Francisco Garcia (SPA \u2013 Kawasaki)<br \/>\n9. Irmak Yildirim (TUR \u2013 GasGas)<br \/>\n10. Andrea Roberti (ITA \u2013 KTM)<br \/>\n11. Manuel Carreras (SPA \u2013 GasGas)<br \/>\n12. Simone Mancini (ITA \u2013 Ducati)<br \/>\n<strong>13. Harry Seel (BEL \u2013 KTM)<\/strong><br \/>\n14. Jekabs Kubulins (LET \u2013 Yamaha)<br \/>\n15. Francesco Bellei (ITA \u2013 KTM)<br \/>\n16. Michael Conte (ITA \u2013 Yamaha)<br \/>\n17. Cesar Paine Diaz (CHI \u2013 GasGas)<br \/>\n18. Byron Dennis (AUS \u2013 KTM)<br \/>\n19. Mano Faure (FRA \u2013 Yamaha)<br \/>\n20. Lyonel Reichl (LIE \u2013 KTM)<br \/>\n21. Adria Monne (SPA \u2013 GasGas)<br \/>\n22. Joe Brookes (GBR \u2013 Honda)<br \/>\n23. William Askew (GBR \u2013 Triumph)<br \/>\n24. Drew Stock (GBR \u2013 Yamaha)<br \/>\n<strong>25. Jarne Bervoets (BEL \u2013 Yamaha)<\/strong><br \/>\n26. Mads Fredsoe (DEN \u2013 KTM)<br \/>\n27. Gyan Doensen (NED \u2013 KTM)<br \/>\n28. Jan Klaas Kruisselbrink (NED \u2013 Fantic)<br \/>\n29. Casper Lindmark (ZWE \u2013 Husqvarna)<\/p>\n<p>EMX125<\/p>\n<p>1. Deniz Karahan (TUR \u2013 KTM)<br \/>\n2. Jordi Alba (SPA \u2013 KTM)<br \/>\n3. Alex Novak (SLO \u2013 Yamaha)<br \/>\n4. Bertram Thorius (DEN \u2013 Fantic)<br \/>\n5. Jinyu Yang (CHN \u2013 Yamaha)<br \/>\n6. Ryan Oppliger (ZWI \u2013 KTM)<br \/>\n7. Raffaele Frappa (ITA \u2013 KTM)<br \/>\n8. Emil Ziemer (ZWI \u2013 KTM)<br \/>\n9. David Cracco (ITA \u2013 KTM)<br \/>\n10. Ricardo Bauer (OOS \u2013 KTM)<br \/>\n11. Sleny Goyer (FRA \u2013 Yamaha)<br \/>\n12. Pau Caudet (SPA \u2013 GasGas)<br \/>\n13. Ailo Andre Johansen (NOO \u2013 Husqvarna)<br \/>\n14. Hayden Statt (GBR \u2013 KTM)<br \/>\n15. Brian Gyles (GBR \u2013 KTM)<br \/>\n16. John Kranhold (DUI \u2013 Husqvarna)<br \/>\n17. Luca Colonnelli (ITA \u2013 KTM)<br \/>\n18. Enzo Herzogenrath (FRA \u2013 KTM)<br \/>\n19. Gennaro Utech (ITA \u2013 Fantic)<br \/>\n20. Moritz Ernecker (OOS \u2013 KTM)<\/p>\n","protected":false},"excerpt":{"rendered":"<p>Avant Shangai et Darwin, le championnat du monde MXGP fait escale en Turquie le week-end prochain pour le 17\u00e8me des 19 rendez-vous de la saison 2026. Pour les championnats europ\u00e9ens EMX125 et EMX250, il s&rsquo;agira de l&rsquo;ultime round de la saison. On ne se bousculera cependant pas derri\u00e8re la grille de d\u00e9part puisque seuls 23 [&hellip;]<\/p>\n","protected":false},"author":932,"featured_media":159141,"comment_status":"open","ping_status":"closed","sticky":false,"template":"","format":"standard","meta":{"tdm_status":"","tdm_grid_status":"","footnotes":""},"categories":[54,128,4,6,5,55,65],"tags":[906,1247,1265,947,568,1471,1803],"class_list":["post-159530","post","type-post","status-publish","format-standard","has-post-thumbnail","category-actualite","category-emx-125-emx2","category-motocross","category-mx1mx2","category-news","category-news-actualite","category-slideshow","tag-brent-van-doninck","tag-liam-everts","tag-lucas-coenen","tag-motocross","tag-mxgp","tag-sacha-coenen","tag-turquie"],"yoast_head":"<!-- This site is optimized with the Yoast SEO plugin v28.4 - https:\/\/yoast.com\/product\/yoast-seo-wordpress\/ -->\n<title>MXGP : les pilotes au d\u00e9part du GP de Turquie - Motocross - Enduro - Supermoto | MotocrossMag<\/title>\n<meta name=\"robots\" content=\"index, follow, max-snippet:-1, max-image-preview:large, max-video-preview:-1\" \/>\n<link rel=\"canonical\" href=\"https:\/\/fr.motocrossmag.be\/index.php\/2026\/09\/mxgp-les-pilotes-au-depart-du-gp-de-turquie\/\" \/>\n<meta property=\"og:locale\" content=\"fr_FR\" \/>\n<meta property=\"og:type\" content=\"article\" \/>\n<meta property=\"og:title\" content=\"MXGP : les pilotes au d\u00e9part du GP de Turquie - Motocross - Enduro - Supermoto | MotocrossMag\" \/>\n<meta property=\"og:description\" content=\"Avant Shangai et Darwin, le championnat du monde MXGP fait escale en Turquie le week-end prochain pour le 17\u00e8me des 19 rendez-vous de la saison 2026. Pour les championnats europ\u00e9ens EMX125 et EMX250, il s&rsquo;agira de l&rsquo;ultime round de la saison. On ne se bousculera cependant pas derri\u00e8re la grille de d\u00e9part puisque seuls 23 [&hellip;]\" \/>\n<meta property=\"og:url\" content=\"https:\/\/fr.motocrossmag.be\/index.php\/2026\/09\/mxgp-les-pilotes-au-depart-du-gp-de-turquie\/\" \/>\n<meta property=\"og:site_name\" content=\"Motocross - Enduro - Supermoto | MotocrossMag\" \/>\n<meta property=\"article:published_time\" content=\"2026-09-02T12:48:54+00:00\" \/>\n<meta property=\"og:image\" content=\"https:\/\/fr.motocrossmag.be\/wp-content\/uploads\/2026\/08\/HMF_Arnhem_MXGP-26-48.jpg\" \/>\n\t<meta property=\"og:image:width\" content=\"1200\" \/>\n\t<meta property=\"og:image:height\" content=\"800\" \/>\n\t<meta property=\"og:image:type\" content=\"image\/jpeg\" \/>\n<meta name=\"author\" content=\"oliviere\" \/>\n<meta name=\"twitter:card\" content=\"summary_large_image\" \/>\n<meta name=\"twitter:label1\" content=\"\u00c9crit par\" \/>\n\t<meta name=\"twitter:data1\" content=\"oliviere\" \/>\n\t<meta name=\"twitter:label2\" content=\"Dur\u00e9e de lecture estim\u00e9e\" \/>\n\t<meta name=\"twitter:data2\" content=\"4 minutes\" \/>\n<script type=\"application\/ld+json\" class=\"yoast-schema-graph\">{\"@context\":\"https:\\\/\\\/schema.org\",\"@graph\":[{\"@type\":\"Article\",\"@id\":\"https:\\\/\\\/fr.motocrossmag.be\\\/index.php\\\/2026\\\/09\\\/mxgp-les-pilotes-au-depart-du-gp-de-turquie\\\/#article\",\"isPartOf\":{\"@id\":\"https:\\\/\\\/fr.motocrossmag.be\\\/index.php\\\/2026\\\/09\\\/mxgp-les-pilotes-au-depart-du-gp-de-turquie\\\/\"},\"author\":{\"name\":\"oliviere\",\"@id\":\"https:\\\/\\\/fr.motocrossmag.be\\\/#\\\/schema\\\/person\\\/11b47143d9f755babca2c9110e03235c\"},\"headline\":\"MXGP : les pilotes au d\u00e9part du GP de Turquie\",\"datePublished\":\"2026-09-02T12:48:54+00:00\",\"mainEntityOfPage\":{\"@id\":\"https:\\\/\\\/fr.motocrossmag.be\\\/index.php\\\/2026\\\/09\\\/mxgp-les-pilotes-au-depart-du-gp-de-turquie\\\/\"},\"wordCount\":510,\"commentCount\":0,\"image\":{\"@id\":\"https:\\\/\\\/fr.motocrossmag.be\\\/index.php\\\/2026\\\/09\\\/mxgp-les-pilotes-au-depart-du-gp-de-turquie\\\/#primaryimage\"},\"thumbnailUrl\":\"https:\\\/\\\/fr.motocrossmag.be\\\/wp-content\\\/uploads\\\/2026\\\/08\\\/HMF_Arnhem_MXGP-26-48.jpg\",\"keywords\":[\"Brent Van Doninck\",\"liam everts\",\"lucas coenen\",\"Motocross\",\"MXGP\",\"sacha coenen\",\"turquie\"],\"articleSection\":[\"Actualit\u00e9\",\"EMX\",\"Motocross\",\"Motocross MXGP\",\"News\",\"News\",\"Slideshow\"],\"inLanguage\":\"fr-FR\",\"potentialAction\":[{\"@type\":\"CommentAction\",\"name\":\"Comment\",\"target\":[\"https:\\\/\\\/fr.motocrossmag.be\\\/index.php\\\/2026\\\/09\\\/mxgp-les-pilotes-au-depart-du-gp-de-turquie\\\/#respond\"]}]},{\"@type\":\"WebPage\",\"@id\":\"https:\\\/\\\/fr.motocrossmag.be\\\/index.php\\\/2026\\\/09\\\/mxgp-les-pilotes-au-depart-du-gp-de-turquie\\\/\",\"url\":\"https:\\\/\\\/fr.motocrossmag.be\\\/index.php\\\/2026\\\/09\\\/mxgp-les-pilotes-au-depart-du-gp-de-turquie\\\/\",\"name\":\"MXGP : les pilotes au d\u00e9part du GP de Turquie - Motocross - Enduro - Supermoto | MotocrossMag\",\"isPartOf\":{\"@id\":\"https:\\\/\\\/fr.motocrossmag.be\\\/#website\"},\"primaryImageOfPage\":{\"@id\":\"https:\\\/\\\/fr.motocrossmag.be\\\/index.php\\\/2026\\\/09\\\/mxgp-les-pilotes-au-depart-du-gp-de-turquie\\\/#primaryimage\"},\"image\":{\"@id\":\"https:\\\/\\\/fr.motocrossmag.be\\\/index.php\\\/2026\\\/09\\\/mxgp-les-pilotes-au-depart-du-gp-de-turquie\\\/#primaryimage\"},\"thumbnailUrl\":\"https:\\\/\\\/fr.motocrossmag.be\\\/wp-content\\\/uploads\\\/2026\\\/08\\\/HMF_Arnhem_MXGP-26-48.jpg\",\"datePublished\":\"2026-09-02T12:48:54+00:00\",\"author\":{\"@id\":\"https:\\\/\\\/fr.motocrossmag.be\\\/#\\\/schema\\\/person\\\/11b47143d9f755babca2c9110e03235c\"},\"breadcrumb\":{\"@id\":\"https:\\\/\\\/fr.motocrossmag.be\\\/index.php\\\/2026\\\/09\\\/mxgp-les-pilotes-au-depart-du-gp-de-turquie\\\/#breadcrumb\"},\"inLanguage\":\"fr-FR\",\"potentialAction\":[{\"@type\":\"ReadAction\",\"target\":[\"https:\\\/\\\/fr.motocrossmag.be\\\/index.php\\\/2026\\\/09\\\/mxgp-les-pilotes-au-depart-du-gp-de-turquie\\\/\"]}]},{\"@type\":\"ImageObject\",\"inLanguage\":\"fr-FR\",\"@id\":\"https:\\\/\\\/fr.motocrossmag.be\\\/index.php\\\/2026\\\/09\\\/mxgp-les-pilotes-au-depart-du-gp-de-turquie\\\/#primaryimage\",\"url\":\"https:\\\/\\\/fr.motocrossmag.be\\\/wp-content\\\/uploads\\\/2026\\\/08\\\/HMF_Arnhem_MXGP-26-48.jpg\",\"contentUrl\":\"https:\\\/\\\/fr.motocrossmag.be\\\/wp-content\\\/uploads\\\/2026\\\/08\\\/HMF_Arnhem_MXGP-26-48.jpg\",\"width\":1200,\"height\":800},{\"@type\":\"BreadcrumbList\",\"@id\":\"https:\\\/\\\/fr.motocrossmag.be\\\/index.php\\\/2026\\\/09\\\/mxgp-les-pilotes-au-depart-du-gp-de-turquie\\\/#breadcrumb\",\"itemListElement\":[{\"@type\":\"ListItem\",\"position\":1,\"name\":\"Accueil\",\"item\":\"https:\\\/\\\/fr.motocrossmag.be\\\/\"},{\"@type\":\"ListItem\",\"position\":2,\"name\":\"MXGP : les pilotes au d\u00e9part du GP de Turquie\"}]},{\"@type\":\"WebSite\",\"@id\":\"https:\\\/\\\/fr.motocrossmag.be\\\/#website\",\"url\":\"https:\\\/\\\/fr.motocrossmag.be\\\/\",\"name\":\"Motocross - Enduro - Supermoto | MotocrossMag\",\"description\":\"L&#039;actualit\u00e9 du motocross, de l&#039;enduro et du Supermoto en ligne!\",\"potentialAction\":[{\"@type\":\"SearchAction\",\"target\":{\"@type\":\"EntryPoint\",\"urlTemplate\":\"https:\\\/\\\/fr.motocrossmag.be\\\/?s={search_term_string}\"},\"query-input\":{\"@type\":\"PropertyValueSpecification\",\"valueRequired\":true,\"valueName\":\"search_term_string\"}}],\"inLanguage\":\"fr-FR\"},{\"@type\":\"Person\",\"@id\":\"https:\\\/\\\/fr.motocrossmag.be\\\/#\\\/schema\\\/person\\\/11b47143d9f755babca2c9110e03235c\",\"name\":\"oliviere\",\"image\":{\"@type\":\"ImageObject\",\"inLanguage\":\"fr-FR\",\"@id\":\"https:\\\/\\\/secure.gravatar.com\\\/avatar\\\/907069e0b81d119452040469e4a7501da1100f54f7f80180ce77bfab718288f6?s=96&d=mm&r=g\",\"url\":\"https:\\\/\\\/secure.gravatar.com\\\/avatar\\\/907069e0b81d119452040469e4a7501da1100f54f7f80180ce77bfab718288f6?s=96&d=mm&r=g\",\"contentUrl\":\"https:\\\/\\\/secure.gravatar.com\\\/avatar\\\/907069e0b81d119452040469e4a7501da1100f54f7f80180ce77bfab718288f6?s=96&d=mm&r=g\",\"caption\":\"oliviere\"},\"sameAs\":[\"http:\\\/\\\/www.motocrossmag.be\"],\"url\":\"https:\\\/\\\/fr.motocrossmag.be\\\/index.php\\\/author\\\/oliviere\\\/\"}]}<\/script>\n<!-- \/ Yoast SEO plugin. -->","yoast_head_json":{"title":"MXGP : les pilotes au d\u00e9part du GP de Turquie - Motocross - Enduro - Supermoto | MotocrossMag","robots":{"index":"index","follow":"follow","max-snippet":"max-snippet:-1","max-image-preview":"max-image-preview:large","max-video-preview":"max-video-preview:-1"},"canonical":"https:\/\/fr.motocrossmag.be\/index.php\/2026\/09\/mxgp-les-pilotes-au-depart-du-gp-de-turquie\/","og_locale":"fr_FR","og_type":"article","og_title":"MXGP : les pilotes au d\u00e9part du GP de Turquie - Motocross - Enduro - Supermoto | MotocrossMag","og_description":"Avant Shangai et Darwin, le championnat du monde MXGP fait escale en Turquie le week-end prochain pour le 17\u00e8me des 19 rendez-vous de la saison 2026. Pour les championnats europ\u00e9ens EMX125 et EMX250, il s&rsquo;agira de l&rsquo;ultime round de la saison. On ne se bousculera cependant pas derri\u00e8re la grille de d\u00e9part puisque seuls 23 [&hellip;]","og_url":"https:\/\/fr.motocrossmag.be\/index.php\/2026\/09\/mxgp-les-pilotes-au-depart-du-gp-de-turquie\/","og_site_name":"Motocross - Enduro - Supermoto | MotocrossMag","article_published_time":"2026-09-02T12:48:54+00:00","og_image":[{"width":1200,"height":800,"url":"https:\/\/fr.motocrossmag.be\/wp-content\/uploads\/2026\/08\/HMF_Arnhem_MXGP-26-48.jpg","type":"image\/jpeg"}],"author":"oliviere","twitter_card":"summary_large_image","twitter_misc":{"\u00c9crit par":"oliviere","Dur\u00e9e de lecture estim\u00e9e":"4 minutes"},"schema":{"@context":"https:\/\/schema.org","@graph":[{"@type":"Article","@id":"https:\/\/fr.motocrossmag.be\/index.php\/2026\/09\/mxgp-les-pilotes-au-depart-du-gp-de-turquie\/#article","isPartOf":{"@id":"https:\/\/fr.motocrossmag.be\/index.php\/2026\/09\/mxgp-les-pilotes-au-depart-du-gp-de-turquie\/"},"author":{"name":"oliviere","@id":"https:\/\/fr.motocrossmag.be\/#\/schema\/person\/11b47143d9f755babca2c9110e03235c"},"headline":"MXGP : les pilotes au d\u00e9part du GP de Turquie","datePublished":"2026-09-02T12:48:54+00:00","mainEntityOfPage":{"@id":"https:\/\/fr.motocrossmag.be\/index.php\/2026\/09\/mxgp-les-pilotes-au-depart-du-gp-de-turquie\/"},"wordCount":510,"commentCount":0,"image":{"@id":"https:\/\/fr.motocrossmag.be\/index.php\/2026\/09\/mxgp-les-pilotes-au-depart-du-gp-de-turquie\/#primaryimage"},"thumbnailUrl":"https:\/\/fr.motocrossmag.be\/wp-content\/uploads\/2026\/08\/HMF_Arnhem_MXGP-26-48.jpg","keywords":["Brent Van Doninck","liam everts","lucas coenen","Motocross","MXGP","sacha coenen","turquie"],"articleSection":["Actualit\u00e9","EMX","Motocross","Motocross MXGP","News","News","Slideshow"],"inLanguage":"fr-FR","potentialAction":[{"@type":"CommentAction","name":"Comment","target":["https:\/\/fr.motocrossmag.be\/index.php\/2026\/09\/mxgp-les-pilotes-au-depart-du-gp-de-turquie\/#respond"]}]},{"@type":"WebPage","@id":"https:\/\/fr.motocrossmag.be\/index.php\/2026\/09\/mxgp-les-pilotes-au-depart-du-gp-de-turquie\/","url":"https:\/\/fr.motocrossmag.be\/index.php\/2026\/09\/mxgp-les-pilotes-au-depart-du-gp-de-turquie\/","name":"MXGP : les pilotes au d\u00e9part du GP de Turquie - Motocross - Enduro - Supermoto | MotocrossMag","isPartOf":{"@id":"https:\/\/fr.motocrossmag.be\/#website"},"primaryImageOfPage":{"@id":"https:\/\/fr.motocrossmag.be\/index.php\/2026\/09\/mxgp-les-pilotes-au-depart-du-gp-de-turquie\/#primaryimage"},"image":{"@id":"https:\/\/fr.motocrossmag.be\/index.php\/2026\/09\/mxgp-les-pilotes-au-depart-du-gp-de-turquie\/#primaryimage"},"thumbnailUrl":"https:\/\/fr.motocrossmag.be\/wp-content\/uploads\/2026\/08\/HMF_Arnhem_MXGP-26-48.jpg","datePublished":"2026-09-02T12:48:54+00:00","author":{"@id":"https:\/\/fr.motocrossmag.be\/#\/schema\/person\/11b47143d9f755babca2c9110e03235c"},"breadcrumb":{"@id":"https:\/\/fr.motocrossmag.be\/index.php\/2026\/09\/mxgp-les-pilotes-au-depart-du-gp-de-turquie\/#breadcrumb"},"inLanguage":"fr-FR","potentialAction":[{"@type":"ReadAction","target":["https:\/\/fr.motocrossmag.be\/index.php\/2026\/09\/mxgp-les-pilotes-au-depart-du-gp-de-turquie\/"]}]},{"@type":"ImageObject","inLanguage":"fr-FR","@id":"https:\/\/fr.motocrossmag.be\/index.php\/2026\/09\/mxgp-les-pilotes-au-depart-du-gp-de-turquie\/#primaryimage","url":"https:\/\/fr.motocrossmag.be\/wp-content\/uploads\/2026\/08\/HMF_Arnhem_MXGP-26-48.jpg","contentUrl":"https:\/\/fr.motocrossmag.be\/wp-content\/uploads\/2026\/08\/HMF_Arnhem_MXGP-26-48.jpg","width":1200,"height":800},{"@type":"BreadcrumbList","@id":"https:\/\/fr.motocrossmag.be\/index.php\/2026\/09\/mxgp-les-pilotes-au-depart-du-gp-de-turquie\/#breadcrumb","itemListElement":[{"@type":"ListItem","position":1,"name":"Accueil","item":"https:\/\/fr.motocrossmag.be\/"},{"@type":"ListItem","position":2,"name":"MXGP : les pilotes au d\u00e9part du GP de Turquie"}]},{"@type":"WebSite","@id":"https:\/\/fr.motocrossmag.be\/#website","url":"https:\/\/fr.motocrossmag.be\/","name":"Motocross - Enduro - Supermoto | MotocrossMag","description":"L&#039;actualit\u00e9 du motocross, de l&#039;enduro et du Supermoto en ligne!","potentialAction":[{"@type":"SearchAction","target":{"@type":"EntryPoint","urlTemplate":"https:\/\/fr.motocrossmag.be\/?s={search_term_string}"},"query-input":{"@type":"PropertyValueSpecification","valueRequired":true,"valueName":"search_term_string"}}],"inLanguage":"fr-FR"},{"@type":"Person","@id":"https:\/\/fr.motocrossmag.be\/#\/schema\/person\/11b47143d9f755babca2c9110e03235c","name":"oliviere","image":{"@type":"ImageObject","inLanguage":"fr-FR","@id":"https:\/\/secure.gravatar.com\/avatar\/907069e0b81d119452040469e4a7501da1100f54f7f80180ce77bfab718288f6?s=96&d=mm&r=g","url":"https:\/\/secure.gravatar.com\/avatar\/907069e0b81d119452040469e4a7501da1100f54f7f80180ce77bfab718288f6?s=96&d=mm&r=g","contentUrl":"https:\/\/secure.gravatar.com\/avatar\/907069e0b81d119452040469e4a7501da1100f54f7f80180ce77bfab718288f6?s=96&d=mm&r=g","caption":"oliviere"},"sameAs":["http:\/\/www.motocrossmag.be"],"url":"https:\/\/fr.motocrossmag.be\/index.php\/author\/oliviere\/"}]}},"_links":{"self":[{"href":"https:\/\/fr.motocrossmag.be\/index.php\/wp-json\/wp\/v2\/posts\/159530","targetHints":{"allow":["GET"]}}],"collection":[{"href":"https:\/\/fr.motocrossmag.be\/index.php\/wp-json\/wp\/v2\/posts"}],"about":[{"href":"https:\/\/fr.motocrossmag.be\/index.php\/wp-json\/wp\/v2\/types\/post"}],"author":[{"embeddable":true,"href":"https:\/\/fr.motocrossmag.be\/index.php\/wp-json\/wp\/v2\/users\/932"}],"replies":[{"embeddable":true,"href":"https:\/\/fr.motocrossmag.be\/index.php\/wp-json\/wp\/v2\/comments?post=159530"}],"version-history":[{"count":1,"href":"https:\/\/fr.motocrossmag.be\/index.php\/wp-json\/wp\/v2\/posts\/159530\/revisions"}],"predecessor-version":[{"id":159532,"href":"https:\/\/fr.motocrossmag.be\/index.php\/wp-json\/wp\/v2\/posts\/159530\/revisions\/159532"}],"wp:featuredmedia":[{"embeddable":true,"href":"https:\/\/fr.motocrossmag.be\/index.php\/wp-json\/wp\/v2\/media\/159141"}],"wp:attachment":[{"href":"https:\/\/fr.motocrossmag.be\/index.php\/wp-json\/wp\/v2\/media?parent=159530"}],"wp:term":[{"taxonomy":"category","embeddable":true,"href":"https:\/\/fr.motocrossmag.be\/index.php\/wp-json\/wp\/v2\/categories?post=159530"},{"taxonomy":"post_tag","embeddable":true,"href":"https:\/\/fr.motocrossmag.be\/index.php\/wp-json\/wp\/v2\/tags?post=159530"}],"curies":[{"name":"wp","href":"https:\/\/api.w.org\/{rel}","templated":true}]}}