{"id":159533,"date":"2026-09-02T16:44:54","date_gmt":"2026-09-02T14:44:54","guid":{"rendered":"https:\/\/fr.motocrossmag.be\/?p=159533"},"modified":"2026-09-02T16:44:54","modified_gmt":"2026-09-02T14:44:54","slug":"photos-le-motocross-vmcf-de-huldenberg","status":"publish","type":"post","link":"https:\/\/fr.motocrossmag.be\/index.php\/2026\/09\/photos-le-motocross-vmcf-de-huldenberg\/","title":{"rendered":"Photos : le motocross VMCF de Huldenberg"},"content":{"rendered":"<p>La course de Huldenberg peut sans h\u00e9sitation \u00eatre qualifi\u00e9e de \u00ab classique \u00bb du calendrier VMCF. Vingt-sept Inters, parmi lesquels quelques pilotes invit\u00e9s venus de la VLM ainsi qu\u2019un Grec au nom pour le moins pittoresque de Kritikos Manolis, avaient fait le d\u00e9placement en Brabant flamand pour cl\u00f4turer comme il se doit la saison estivale de motocross.<\/p>\n<p>Le trio de la VLM compos\u00e9 d\u2019Enzo Aerden, Yirre Saenen et Jordi Van Mieghem n\u2019a pas davantage \u00e9t\u00e9 en mesure de mettre fin \u00e0 l\u2019h\u00e9g\u00e9monie de Matt\u00e9o Puffet. Le Fossois s\u2019est montr\u00e9, comme \u00e0 son habitude, imp\u00e9rial sur le circuit vallonn\u00e9 de Huldenberg. Il a remport\u00e9 les deux manches, \u00e0 chaque fois devant Th\u00e9o Hamerel et Enzo Aerden. Le podium final \u00e9tait ainsi d\u00e9j\u00e0 connu.<\/p><div class=\"dwwrb6a9853541e0b8\" ><!-- \/91277017\/Inline-articles-mobile -->\n<div style=\"margin:auto; text-align:center !important\">\n<div id='div-gpt-ad-1784982661365-0' style='min-width: 250px; min-height: 75px;'>\n  <script>\n    googletag.cmd.push(function() { googletag.display('div-gpt-ad-1784982661365-0'); });\n  <\/script>\n<\/div><\/div><\/div><style type=\"text\/css\">\r\n.dwwrb6a9853541e0b8 {\r\nmargin-bottom:30px;margin-top:20px\r\n}\r\n@media screen and (min-width: 1201px) {\r\n.dwwrb6a9853541e0b8 {\r\ndisplay: block;\r\n}\r\n}\r\n@media screen and (min-width: 993px) and (max-width: 1200px) {\r\n.dwwrb6a9853541e0b8 {\r\ndisplay: block;\r\n}\r\n}\r\n@media screen and (min-width: 769px) and (max-width: 992px) {\r\n.dwwrb6a9853541e0b8 {\r\ndisplay: block;\r\n}\r\n}\r\n@media screen and (min-width: 768px) and (max-width: 768px) {\r\n.dwwrb6a9853541e0b8 {\r\ndisplay: block;\r\n}\r\n}\r\n@media screen and (max-width: 767px) {\r\n.dwwrb6a9853541e0b8 {\r\ndisplay: block;\r\n}\r\n}\r\n<\/style>\r\n\n<p>Photos : Nicolas Martin<\/p>\n<div id='gallery-1' class='gallery galleryid-159533 gallery-columns-3 gallery-size-thumbnail'><figure class='gallery-item'>\n\t\t\t<div class='gallery-icon landscape'>\n\t\t\t\t<a href='https:\/\/fr.motocrossmag.be\/index.php\/2026\/09\/photos-le-motocross-vmcf-de-huldenberg\/vmcf-huldenberg-26-1\/'><img decoding=\"async\" width=\"400\" height=\"400\" src=\"https:\/\/fr.motocrossmag.be\/wp-content\/uploads\/2026\/09\/VMCF-Huldenberg-26-1-400x400.jpg\" class=\"attachment-thumbnail size-thumbnail\" alt=\"\" \/><\/a>\n\t\t\t<\/div><\/figure><figure class='gallery-item'>\n\t\t\t<div class='gallery-icon landscape'>\n\t\t\t\t<a href='https:\/\/fr.motocrossmag.be\/index.php\/2026\/09\/photos-le-motocross-vmcf-de-huldenberg\/vmcf-huldenberg-26-2\/'><img decoding=\"async\" width=\"400\" height=\"400\" src=\"https:\/\/fr.motocrossmag.be\/wp-content\/uploads\/2026\/09\/VMCF-Huldenberg-26-2-400x400.jpg\" class=\"attachment-thumbnail size-thumbnail\" alt=\"\" \/><\/a>\n\t\t\t<\/div><\/figure><figure class='gallery-item'>\n\t\t\t<div class='gallery-icon landscape'>\n\t\t\t\t<a href='https:\/\/fr.motocrossmag.be\/index.php\/2026\/09\/photos-le-motocross-vmcf-de-huldenberg\/vmcf-huldenberg-26-3\/'><img decoding=\"async\" width=\"400\" height=\"400\" src=\"https:\/\/fr.motocrossmag.be\/wp-content\/uploads\/2026\/09\/VMCF-Huldenberg-26-3-400x400.jpg\" class=\"attachment-thumbnail size-thumbnail\" alt=\"\" \/><\/a>\n\t\t\t<\/div><\/figure><figure class='gallery-item'>\n\t\t\t<div class='gallery-icon landscape'>\n\t\t\t\t<a href='https:\/\/fr.motocrossmag.be\/index.php\/2026\/09\/photos-le-motocross-vmcf-de-huldenberg\/vmcf-huldenberg-26-4\/'><img decoding=\"async\" width=\"400\" height=\"400\" src=\"https:\/\/fr.motocrossmag.be\/wp-content\/uploads\/2026\/09\/VMCF-Huldenberg-26-4-400x400.jpg\" class=\"attachment-thumbnail size-thumbnail\" alt=\"\" \/><\/a>\n\t\t\t<\/div><\/figure><figure class='gallery-item'>\n\t\t\t<div class='gallery-icon landscape'>\n\t\t\t\t<a href='https:\/\/fr.motocrossmag.be\/index.php\/2026\/09\/photos-le-motocross-vmcf-de-huldenberg\/vmcf-huldenberg-26-5\/'><img decoding=\"async\" width=\"400\" height=\"400\" src=\"https:\/\/fr.motocrossmag.be\/wp-content\/uploads\/2026\/09\/VMCF-Huldenberg-26-5-400x400.jpg\" class=\"attachment-thumbnail size-thumbnail\" alt=\"\" \/><\/a>\n\t\t\t<\/div><\/figure><figure class='gallery-item'>\n\t\t\t<div class='gallery-icon landscape'>\n\t\t\t\t<a href='https:\/\/fr.motocrossmag.be\/index.php\/2026\/09\/photos-le-motocross-vmcf-de-huldenberg\/vmcf-huldenberg-26-6\/'><img decoding=\"async\" width=\"400\" height=\"400\" src=\"https:\/\/fr.motocrossmag.be\/wp-content\/uploads\/2026\/09\/VMCF-Huldenberg-26-6-400x400.jpg\" class=\"attachment-thumbnail size-thumbnail\" alt=\"\" \/><\/a>\n\t\t\t<\/div><\/figure><figure class='gallery-item'>\n\t\t\t<div class='gallery-icon landscape'>\n\t\t\t\t<a href='https:\/\/fr.motocrossmag.be\/index.php\/2026\/09\/photos-le-motocross-vmcf-de-huldenberg\/vmcf-huldenberg-26-7\/'><img decoding=\"async\" width=\"400\" height=\"400\" src=\"https:\/\/fr.motocrossmag.be\/wp-content\/uploads\/2026\/09\/VMCF-Huldenberg-26-7-400x400.jpg\" class=\"attachment-thumbnail size-thumbnail\" alt=\"\" \/><\/a>\n\t\t\t<\/div><\/figure><figure class='gallery-item'>\n\t\t\t<div class='gallery-icon landscape'>\n\t\t\t\t<a href='https:\/\/fr.motocrossmag.be\/index.php\/2026\/09\/photos-le-motocross-vmcf-de-huldenberg\/vmcf-huldenberg-26-8\/'><img decoding=\"async\" width=\"400\" height=\"400\" src=\"https:\/\/fr.motocrossmag.be\/wp-content\/uploads\/2026\/09\/VMCF-Huldenberg-26-8-400x400.jpg\" class=\"attachment-thumbnail size-thumbnail\" alt=\"\" \/><\/a>\n\t\t\t<\/div><\/figure><figure class='gallery-item'>\n\t\t\t<div class='gallery-icon landscape'>\n\t\t\t\t<a href='https:\/\/fr.motocrossmag.be\/index.php\/2026\/09\/photos-le-motocross-vmcf-de-huldenberg\/vmcf-huldenberg-26-9\/'><img decoding=\"async\" width=\"400\" height=\"400\" src=\"https:\/\/fr.motocrossmag.be\/wp-content\/uploads\/2026\/09\/VMCF-Huldenberg-26-9-400x400.jpg\" class=\"attachment-thumbnail size-thumbnail\" alt=\"\" \/><\/a>\n\t\t\t<\/div><\/figure><figure class='gallery-item'>\n\t\t\t<div class='gallery-icon landscape'>\n\t\t\t\t<a href='https:\/\/fr.motocrossmag.be\/index.php\/2026\/09\/photos-le-motocross-vmcf-de-huldenberg\/vmcf-huldenberg-26-10\/'><img decoding=\"async\" width=\"400\" height=\"400\" src=\"https:\/\/fr.motocrossmag.be\/wp-content\/uploads\/2026\/09\/VMCF-Huldenberg-26-10-400x400.jpg\" class=\"attachment-thumbnail size-thumbnail\" alt=\"\" \/><\/a>\n\t\t\t<\/div><\/figure><figure class='gallery-item'>\n\t\t\t<div class='gallery-icon landscape'>\n\t\t\t\t<a href='https:\/\/fr.motocrossmag.be\/index.php\/2026\/09\/photos-le-motocross-vmcf-de-huldenberg\/vmcf-huldenberg-26-11\/'><img decoding=\"async\" width=\"400\" height=\"400\" src=\"https:\/\/fr.motocrossmag.be\/wp-content\/uploads\/2026\/09\/VMCF-Huldenberg-26-11-400x400.jpg\" class=\"attachment-thumbnail size-thumbnail\" alt=\"\" \/><\/a>\n\t\t\t<\/div><\/figure><figure class='gallery-item'>\n\t\t\t<div class='gallery-icon landscape'>\n\t\t\t\t<a href='https:\/\/fr.motocrossmag.be\/index.php\/2026\/09\/photos-le-motocross-vmcf-de-huldenberg\/vmcf-huldenberg-26-12\/'><img decoding=\"async\" width=\"400\" height=\"400\" src=\"https:\/\/fr.motocrossmag.be\/wp-content\/uploads\/2026\/09\/VMCF-Huldenberg-26-12-400x400.jpg\" class=\"attachment-thumbnail size-thumbnail\" alt=\"\" \/><\/a>\n\t\t\t<\/div><\/figure><figure class='gallery-item'>\n\t\t\t<div class='gallery-icon landscape'>\n\t\t\t\t<a href='https:\/\/fr.motocrossmag.be\/index.php\/2026\/09\/photos-le-motocross-vmcf-de-huldenberg\/vmcf-huldenberg-26-13\/'><img decoding=\"async\" width=\"400\" height=\"400\" src=\"https:\/\/fr.motocrossmag.be\/wp-content\/uploads\/2026\/09\/VMCF-Huldenberg-26-13-400x400.jpg\" class=\"attachment-thumbnail size-thumbnail\" alt=\"\" \/><\/a>\n\t\t\t<\/div><\/figure><figure class='gallery-item'>\n\t\t\t<div class='gallery-icon landscape'>\n\t\t\t\t<a href='https:\/\/fr.motocrossmag.be\/index.php\/2026\/09\/photos-le-motocross-vmcf-de-huldenberg\/vmcf-huldenberg-26-14\/'><img decoding=\"async\" width=\"400\" height=\"400\" src=\"https:\/\/fr.motocrossmag.be\/wp-content\/uploads\/2026\/09\/VMCF-Huldenberg-26-14-400x400.jpg\" class=\"attachment-thumbnail size-thumbnail\" alt=\"\" \/><\/a>\n\t\t\t<\/div><\/figure><figure class='gallery-item'>\n\t\t\t<div class='gallery-icon landscape'>\n\t\t\t\t<a href='https:\/\/fr.motocrossmag.be\/index.php\/2026\/09\/photos-le-motocross-vmcf-de-huldenberg\/vmcf-huldenberg-26-15\/'><img decoding=\"async\" width=\"400\" height=\"400\" src=\"https:\/\/fr.motocrossmag.be\/wp-content\/uploads\/2026\/09\/VMCF-Huldenberg-26-15-400x400.jpg\" class=\"attachment-thumbnail size-thumbnail\" alt=\"\" \/><\/a>\n\t\t\t<\/div><\/figure><figure class='gallery-item'>\n\t\t\t<div class='gallery-icon landscape'>\n\t\t\t\t<a href='https:\/\/fr.motocrossmag.be\/index.php\/2026\/09\/photos-le-motocross-vmcf-de-huldenberg\/vmcf-huldenberg-26-16\/'><img decoding=\"async\" width=\"400\" height=\"400\" src=\"https:\/\/fr.motocrossmag.be\/wp-content\/uploads\/2026\/09\/VMCF-Huldenberg-26-16-400x400.jpg\" class=\"attachment-thumbnail size-thumbnail\" alt=\"\" \/><\/a>\n\t\t\t<\/div><\/figure><figure class='gallery-item'>\n\t\t\t<div class='gallery-icon landscape'>\n\t\t\t\t<a href='https:\/\/fr.motocrossmag.be\/index.php\/2026\/09\/photos-le-motocross-vmcf-de-huldenberg\/vmcf-huldenberg-26-17\/'><img decoding=\"async\" width=\"400\" height=\"400\" src=\"https:\/\/fr.motocrossmag.be\/wp-content\/uploads\/2026\/09\/VMCF-Huldenberg-26-17-400x400.jpg\" class=\"attachment-thumbnail size-thumbnail\" alt=\"\" \/><\/a>\n\t\t\t<\/div><\/figure><figure class='gallery-item'>\n\t\t\t<div class='gallery-icon landscape'>\n\t\t\t\t<a href='https:\/\/fr.motocrossmag.be\/index.php\/2026\/09\/photos-le-motocross-vmcf-de-huldenberg\/vmcf-huldenberg-26-18\/'><img decoding=\"async\" width=\"400\" height=\"400\" src=\"https:\/\/fr.motocrossmag.be\/wp-content\/uploads\/2026\/09\/VMCF-Huldenberg-26-18-400x400.jpg\" class=\"attachment-thumbnail size-thumbnail\" alt=\"\" \/><\/a>\n\t\t\t<\/div><\/figure><figure class='gallery-item'>\n\t\t\t<div class='gallery-icon landscape'>\n\t\t\t\t<a href='https:\/\/fr.motocrossmag.be\/index.php\/2026\/09\/photos-le-motocross-vmcf-de-huldenberg\/vmcf-huldenberg-26-19\/'><img decoding=\"async\" width=\"400\" height=\"400\" src=\"https:\/\/fr.motocrossmag.be\/wp-content\/uploads\/2026\/09\/VMCF-Huldenberg-26-19-400x400.jpg\" class=\"attachment-thumbnail size-thumbnail\" alt=\"\" \/><\/a>\n\t\t\t<\/div><\/figure><figure class='gallery-item'>\n\t\t\t<div class='gallery-icon landscape'>\n\t\t\t\t<a href='https:\/\/fr.motocrossmag.be\/index.php\/2026\/09\/photos-le-motocross-vmcf-de-huldenberg\/vmcf-huldenberg-26-20\/'><img decoding=\"async\" width=\"400\" height=\"400\" src=\"https:\/\/fr.motocrossmag.be\/wp-content\/uploads\/2026\/09\/VMCF-Huldenberg-26-20-400x400.jpg\" class=\"attachment-thumbnail size-thumbnail\" alt=\"\" \/><\/a>\n\t\t\t<\/div><\/figure><figure class='gallery-item'>\n\t\t\t<div class='gallery-icon landscape'>\n\t\t\t\t<a href='https:\/\/fr.motocrossmag.be\/index.php\/2026\/09\/photos-le-motocross-vmcf-de-huldenberg\/vmcf-huldenberg-26-21\/'><img decoding=\"async\" width=\"400\" height=\"400\" src=\"https:\/\/fr.motocrossmag.be\/wp-content\/uploads\/2026\/09\/VMCF-Huldenberg-26-21-400x400.jpg\" class=\"attachment-thumbnail size-thumbnail\" alt=\"\" \/><\/a>\n\t\t\t<\/div><\/figure><figure class='gallery-item'>\n\t\t\t<div class='gallery-icon landscape'>\n\t\t\t\t<a href='https:\/\/fr.motocrossmag.be\/index.php\/2026\/09\/photos-le-motocross-vmcf-de-huldenberg\/vmcf-huldenberg-26-22\/'><img decoding=\"async\" width=\"400\" height=\"400\" src=\"https:\/\/fr.motocrossmag.be\/wp-content\/uploads\/2026\/09\/VMCF-Huldenberg-26-22-400x400.jpg\" class=\"attachment-thumbnail size-thumbnail\" alt=\"\" \/><\/a>\n\t\t\t<\/div><\/figure><figure class='gallery-item'>\n\t\t\t<div class='gallery-icon landscape'>\n\t\t\t\t<a href='https:\/\/fr.motocrossmag.be\/index.php\/2026\/09\/photos-le-motocross-vmcf-de-huldenberg\/vmcf-huldenberg-26-23\/'><img decoding=\"async\" width=\"400\" height=\"400\" src=\"https:\/\/fr.motocrossmag.be\/wp-content\/uploads\/2026\/09\/VMCF-Huldenberg-26-23-400x400.jpg\" class=\"attachment-thumbnail size-thumbnail\" alt=\"\" \/><\/a>\n\t\t\t<\/div><\/figure><figure class='gallery-item'>\n\t\t\t<div class='gallery-icon landscape'>\n\t\t\t\t<a href='https:\/\/fr.motocrossmag.be\/index.php\/2026\/09\/photos-le-motocross-vmcf-de-huldenberg\/vmcf-huldenberg-26-24\/'><img decoding=\"async\" width=\"400\" height=\"400\" src=\"https:\/\/fr.motocrossmag.be\/wp-content\/uploads\/2026\/09\/VMCF-Huldenberg-26-24-400x400.jpg\" class=\"attachment-thumbnail size-thumbnail\" alt=\"\" \/><\/a>\n\t\t\t<\/div><\/figure><figure class='gallery-item'>\n\t\t\t<div class='gallery-icon landscape'>\n\t\t\t\t<a href='https:\/\/fr.motocrossmag.be\/index.php\/2026\/09\/photos-le-motocross-vmcf-de-huldenberg\/vmcf-huldenberg-26-25\/'><img decoding=\"async\" width=\"400\" height=\"400\" src=\"https:\/\/fr.motocrossmag.be\/wp-content\/uploads\/2026\/09\/VMCF-Huldenberg-26-25-400x400.jpg\" class=\"attachment-thumbnail size-thumbnail\" alt=\"\" \/><\/a>\n\t\t\t<\/div><\/figure><figure class='gallery-item'>\n\t\t\t<div class='gallery-icon landscape'>\n\t\t\t\t<a href='https:\/\/fr.motocrossmag.be\/index.php\/2026\/09\/photos-le-motocross-vmcf-de-huldenberg\/vmcf-huldenberg-26-26\/'><img decoding=\"async\" width=\"400\" height=\"400\" src=\"https:\/\/fr.motocrossmag.be\/wp-content\/uploads\/2026\/09\/VMCF-Huldenberg-26-26-400x400.jpg\" class=\"attachment-thumbnail size-thumbnail\" alt=\"\" \/><\/a>\n\t\t\t<\/div><\/figure><figure class='gallery-item'>\n\t\t\t<div class='gallery-icon landscape'>\n\t\t\t\t<a href='https:\/\/fr.motocrossmag.be\/index.php\/2026\/09\/photos-le-motocross-vmcf-de-huldenberg\/vmcf-huldenberg-26-27\/'><img decoding=\"async\" width=\"400\" height=\"400\" src=\"https:\/\/fr.motocrossmag.be\/wp-content\/uploads\/2026\/09\/VMCF-Huldenberg-26-27-400x400.jpg\" class=\"attachment-thumbnail size-thumbnail\" alt=\"\" \/><\/a>\n\t\t\t<\/div><\/figure><figure class='gallery-item'>\n\t\t\t<div class='gallery-icon landscape'>\n\t\t\t\t<a href='https:\/\/fr.motocrossmag.be\/index.php\/2026\/09\/photos-le-motocross-vmcf-de-huldenberg\/vmcf-huldenberg-26-28\/'><img decoding=\"async\" width=\"400\" height=\"400\" src=\"https:\/\/fr.motocrossmag.be\/wp-content\/uploads\/2026\/09\/VMCF-Huldenberg-26-28-400x400.jpg\" class=\"attachment-thumbnail size-thumbnail\" alt=\"\" \/><\/a>\n\t\t\t<\/div><\/figure><figure class='gallery-item'>\n\t\t\t<div class='gallery-icon landscape'>\n\t\t\t\t<a href='https:\/\/fr.motocrossmag.be\/index.php\/2026\/09\/photos-le-motocross-vmcf-de-huldenberg\/vmcf-huldenberg-26-29\/'><img decoding=\"async\" width=\"400\" height=\"400\" src=\"https:\/\/fr.motocrossmag.be\/wp-content\/uploads\/2026\/09\/VMCF-Huldenberg-26-29-400x400.jpg\" class=\"attachment-thumbnail size-thumbnail\" alt=\"\" \/><\/a>\n\t\t\t<\/div><\/figure><figure class='gallery-item'>\n\t\t\t<div class='gallery-icon landscape'>\n\t\t\t\t<a href='https:\/\/fr.motocrossmag.be\/index.php\/2026\/09\/photos-le-motocross-vmcf-de-huldenberg\/vmcf-huldenberg-26-30\/'><img decoding=\"async\" width=\"400\" height=\"400\" src=\"https:\/\/fr.motocrossmag.be\/wp-content\/uploads\/2026\/09\/VMCF-Huldenberg-26-30-400x400.jpg\" class=\"attachment-thumbnail size-thumbnail\" alt=\"\" \/><\/a>\n\t\t\t<\/div><\/figure><figure class='gallery-item'>\n\t\t\t<div class='gallery-icon landscape'>\n\t\t\t\t<a href='https:\/\/fr.motocrossmag.be\/index.php\/2026\/09\/photos-le-motocross-vmcf-de-huldenberg\/vmcf-huldenberg-26-31\/'><img decoding=\"async\" width=\"400\" height=\"400\" src=\"https:\/\/fr.motocrossmag.be\/wp-content\/uploads\/2026\/09\/VMCF-Huldenberg-26-31-400x400.jpg\" class=\"attachment-thumbnail size-thumbnail\" alt=\"\" \/><\/a>\n\t\t\t<\/div><\/figure><figure class='gallery-item'>\n\t\t\t<div class='gallery-icon landscape'>\n\t\t\t\t<a href='https:\/\/fr.motocrossmag.be\/index.php\/2026\/09\/photos-le-motocross-vmcf-de-huldenberg\/vmcf-huldenberg-26-32\/'><img decoding=\"async\" width=\"400\" height=\"400\" src=\"https:\/\/fr.motocrossmag.be\/wp-content\/uploads\/2026\/09\/VMCF-Huldenberg-26-32-400x400.jpg\" class=\"attachment-thumbnail size-thumbnail\" alt=\"\" \/><\/a>\n\t\t\t<\/div><\/figure><figure class='gallery-item'>\n\t\t\t<div class='gallery-icon landscape'>\n\t\t\t\t<a href='https:\/\/fr.motocrossmag.be\/index.php\/2026\/09\/photos-le-motocross-vmcf-de-huldenberg\/vmcf-huldenberg-26-33\/'><img decoding=\"async\" width=\"400\" height=\"400\" src=\"https:\/\/fr.motocrossmag.be\/wp-content\/uploads\/2026\/09\/VMCF-Huldenberg-26-33-400x400.jpg\" class=\"attachment-thumbnail size-thumbnail\" alt=\"\" \/><\/a>\n\t\t\t<\/div><\/figure><figure class='gallery-item'>\n\t\t\t<div class='gallery-icon landscape'>\n\t\t\t\t<a href='https:\/\/fr.motocrossmag.be\/index.php\/2026\/09\/photos-le-motocross-vmcf-de-huldenberg\/vmcf-huldenberg-26-34\/'><img decoding=\"async\" width=\"400\" height=\"400\" src=\"https:\/\/fr.motocrossmag.be\/wp-content\/uploads\/2026\/09\/VMCF-Huldenberg-26-34-400x400.jpg\" class=\"attachment-thumbnail size-thumbnail\" alt=\"\" \/><\/a>\n\t\t\t<\/div><\/figure><figure class='gallery-item'>\n\t\t\t<div class='gallery-icon landscape'>\n\t\t\t\t<a href='https:\/\/fr.motocrossmag.be\/index.php\/2026\/09\/photos-le-motocross-vmcf-de-huldenberg\/vmcf-huldenberg-26-35\/'><img decoding=\"async\" width=\"400\" height=\"400\" src=\"https:\/\/fr.motocrossmag.be\/wp-content\/uploads\/2026\/09\/VMCF-Huldenberg-26-35-400x400.jpg\" class=\"attachment-thumbnail size-thumbnail\" alt=\"\" \/><\/a>\n\t\t\t<\/div><\/figure><figure class='gallery-item'>\n\t\t\t<div class='gallery-icon landscape'>\n\t\t\t\t<a href='https:\/\/fr.motocrossmag.be\/index.php\/2026\/09\/photos-le-motocross-vmcf-de-huldenberg\/vmcf-huldenberg-26-36\/'><img decoding=\"async\" width=\"400\" height=\"400\" src=\"https:\/\/fr.motocrossmag.be\/wp-content\/uploads\/2026\/09\/VMCF-Huldenberg-26-36-400x400.jpg\" class=\"attachment-thumbnail size-thumbnail\" alt=\"\" \/><\/a>\n\t\t\t<\/div><\/figure>\n\t\t<\/div>\n\n<p>&nbsp;<\/p>\n<p>&nbsp;<\/p><div class=\"typjt6a9853541e0d1\" ><!-- \/91277017\/articles-inline-2 -->\n<div style=\"margin: 20px auto; text-align:center !important\">\n<div id='div-gpt-ad-1785021530385-0' style='min-width: 300px; min-height: 75px;'>\n  <script>\n    googletag.cmd.push(function() { googletag.display('div-gpt-ad-1785021530385-0'); });\n  <\/script>\n<\/div><\/div><\/div><style type=\"text\/css\">\r\n@media screen and (min-width: 1201px) {\r\n.typjt6a9853541e0d1 {\r\ndisplay: block;\r\n}\r\n}\r\n@media screen and (min-width: 993px) and (max-width: 1200px) {\r\n.typjt6a9853541e0d1 {\r\ndisplay: block;\r\n}\r\n}\r\n@media screen and (min-width: 769px) and (max-width: 992px) {\r\n.typjt6a9853541e0d1 {\r\ndisplay: block;\r\n}\r\n}\r\n@media screen and (min-width: 768px) and (max-width: 768px) {\r\n.typjt6a9853541e0d1 {\r\ndisplay: block;\r\n}\r\n}\r\n@media screen and (max-width: 767px) {\r\n.typjt6a9853541e0d1 {\r\ndisplay: block;\r\n}\r\n}\r\n<\/style>\r\n\n","protected":false},"excerpt":{"rendered":"<p>La course de Huldenberg peut sans h\u00e9sitation \u00eatre qualifi\u00e9e de \u00ab classique \u00bb du calendrier VMCF. Vingt-sept Inters, parmi lesquels quelques pilotes invit\u00e9s venus de la VLM ainsi qu\u2019un Grec au nom pour le moins pittoresque de Kritikos Manolis, avaient fait le d\u00e9placement en Brabant flamand pour cl\u00f4turer comme il se doit la saison estivale [&hellip;]<\/p>\n","protected":false},"author":932,"featured_media":159553,"comment_status":"open","ping_status":"closed","sticky":false,"template":"","format":"standard","meta":{"tdm_status":"","tdm_grid_status":"","footnotes":""},"categories":[54,745,4,5,55,66,65,1078],"tags":[947,1170],"class_list":["post-159533","post","type-post","status-publish","format-standard","has-post-thumbnail","category-actualite","category-amateurs","category-motocross","category-news","category-news-actualite","category-photos","category-slideshow","category-vmcf","tag-motocross","tag-vmcf"],"yoast_head":"<!-- This site is optimized with the Yoast SEO plugin v28.4 - https:\/\/yoast.com\/product\/yoast-seo-wordpress\/ -->\n<title>Photos : le motocross VMCF de Huldenberg - Motocross - Enduro - Supermoto | MotocrossMag<\/title>\n<meta name=\"robots\" content=\"index, follow, max-snippet:-1, max-image-preview:large, max-video-preview:-1\" \/>\n<link rel=\"canonical\" href=\"https:\/\/fr.motocrossmag.be\/index.php\/2026\/09\/photos-le-motocross-vmcf-de-huldenberg\/\" \/>\n<meta property=\"og:locale\" content=\"fr_FR\" \/>\n<meta property=\"og:type\" content=\"article\" \/>\n<meta property=\"og:title\" content=\"Photos : le motocross VMCF de Huldenberg - Motocross - Enduro - Supermoto | MotocrossMag\" \/>\n<meta property=\"og:description\" content=\"La course de Huldenberg peut sans h\u00e9sitation \u00eatre qualifi\u00e9e de \u00ab classique \u00bb du calendrier VMCF. Vingt-sept Inters, parmi lesquels quelques pilotes invit\u00e9s venus de la VLM ainsi qu\u2019un Grec au nom pour le moins pittoresque de Kritikos Manolis, avaient fait le d\u00e9placement en Brabant flamand pour cl\u00f4turer comme il se doit la saison estivale [&hellip;]\" \/>\n<meta property=\"og:url\" content=\"https:\/\/fr.motocrossmag.be\/index.php\/2026\/09\/photos-le-motocross-vmcf-de-huldenberg\/\" \/>\n<meta property=\"og:site_name\" content=\"Motocross - Enduro - Supermoto | MotocrossMag\" \/>\n<meta property=\"article:published_time\" content=\"2026-09-02T14:44:54+00:00\" \/>\n<meta property=\"og:image\" content=\"https:\/\/fr.motocrossmag.be\/wp-content\/uploads\/2026\/09\/VMCF-Huldenberg-26-20.jpg\" \/>\n\t<meta property=\"og:image:width\" content=\"1200\" \/>\n\t<meta property=\"og:image:height\" content=\"800\" \/>\n\t<meta property=\"og:image:type\" content=\"image\/jpeg\" \/>\n<meta name=\"author\" content=\"oliviere\" \/>\n<meta name=\"twitter:card\" content=\"summary_large_image\" \/>\n<meta name=\"twitter:label1\" content=\"\u00c9crit par\" \/>\n\t<meta name=\"twitter:data1\" content=\"oliviere\" \/>\n\t<meta name=\"twitter:label2\" content=\"Dur\u00e9e de lecture estim\u00e9e\" \/>\n\t<meta name=\"twitter:data2\" content=\"1 minute\" \/>\n<script type=\"application\/ld+json\" class=\"yoast-schema-graph\">{\"@context\":\"https:\\\/\\\/schema.org\",\"@graph\":[{\"@type\":\"Article\",\"@id\":\"https:\\\/\\\/fr.motocrossmag.be\\\/index.php\\\/2026\\\/09\\\/photos-le-motocross-vmcf-de-huldenberg\\\/#article\",\"isPartOf\":{\"@id\":\"https:\\\/\\\/fr.motocrossmag.be\\\/index.php\\\/2026\\\/09\\\/photos-le-motocross-vmcf-de-huldenberg\\\/\"},\"author\":{\"name\":\"oliviere\",\"@id\":\"https:\\\/\\\/fr.motocrossmag.be\\\/#\\\/schema\\\/person\\\/11b47143d9f755babca2c9110e03235c\"},\"headline\":\"Photos : le motocross VMCF de Huldenberg\",\"datePublished\":\"2026-09-02T14:44:54+00:00\",\"mainEntityOfPage\":{\"@id\":\"https:\\\/\\\/fr.motocrossmag.be\\\/index.php\\\/2026\\\/09\\\/photos-le-motocross-vmcf-de-huldenberg\\\/\"},\"wordCount\":146,\"commentCount\":0,\"image\":{\"@id\":\"https:\\\/\\\/fr.motocrossmag.be\\\/index.php\\\/2026\\\/09\\\/photos-le-motocross-vmcf-de-huldenberg\\\/#primaryimage\"},\"thumbnailUrl\":\"https:\\\/\\\/fr.motocrossmag.be\\\/wp-content\\\/uploads\\\/2026\\\/09\\\/VMCF-Huldenberg-26-20.jpg\",\"keywords\":[\"Motocross\",\"vmcf\"],\"articleSection\":[\"Actualit\u00e9\",\"Amateurs\",\"Motocross\",\"News\",\"News\",\"Photos\",\"Slideshow\",\"VMCF\"],\"inLanguage\":\"fr-FR\",\"potentialAction\":[{\"@type\":\"CommentAction\",\"name\":\"Comment\",\"target\":[\"https:\\\/\\\/fr.motocrossmag.be\\\/index.php\\\/2026\\\/09\\\/photos-le-motocross-vmcf-de-huldenberg\\\/#respond\"]}]},{\"@type\":\"WebPage\",\"@id\":\"https:\\\/\\\/fr.motocrossmag.be\\\/index.php\\\/2026\\\/09\\\/photos-le-motocross-vmcf-de-huldenberg\\\/\",\"url\":\"https:\\\/\\\/fr.motocrossmag.be\\\/index.php\\\/2026\\\/09\\\/photos-le-motocross-vmcf-de-huldenberg\\\/\",\"name\":\"Photos : le motocross VMCF de Huldenberg - Motocross - Enduro - Supermoto | MotocrossMag\",\"isPartOf\":{\"@id\":\"https:\\\/\\\/fr.motocrossmag.be\\\/#website\"},\"primaryImageOfPage\":{\"@id\":\"https:\\\/\\\/fr.motocrossmag.be\\\/index.php\\\/2026\\\/09\\\/photos-le-motocross-vmcf-de-huldenberg\\\/#primaryimage\"},\"image\":{\"@id\":\"https:\\\/\\\/fr.motocrossmag.be\\\/index.php\\\/2026\\\/09\\\/photos-le-motocross-vmcf-de-huldenberg\\\/#primaryimage\"},\"thumbnailUrl\":\"https:\\\/\\\/fr.motocrossmag.be\\\/wp-content\\\/uploads\\\/2026\\\/09\\\/VMCF-Huldenberg-26-20.jpg\",\"datePublished\":\"2026-09-02T14:44:54+00:00\",\"author\":{\"@id\":\"https:\\\/\\\/fr.motocrossmag.be\\\/#\\\/schema\\\/person\\\/11b47143d9f755babca2c9110e03235c\"},\"breadcrumb\":{\"@id\":\"https:\\\/\\\/fr.motocrossmag.be\\\/index.php\\\/2026\\\/09\\\/photos-le-motocross-vmcf-de-huldenberg\\\/#breadcrumb\"},\"inLanguage\":\"fr-FR\",\"potentialAction\":[{\"@type\":\"ReadAction\",\"target\":[\"https:\\\/\\\/fr.motocrossmag.be\\\/index.php\\\/2026\\\/09\\\/photos-le-motocross-vmcf-de-huldenberg\\\/\"]}]},{\"@type\":\"ImageObject\",\"inLanguage\":\"fr-FR\",\"@id\":\"https:\\\/\\\/fr.motocrossmag.be\\\/index.php\\\/2026\\\/09\\\/photos-le-motocross-vmcf-de-huldenberg\\\/#primaryimage\",\"url\":\"https:\\\/\\\/fr.motocrossmag.be\\\/wp-content\\\/uploads\\\/2026\\\/09\\\/VMCF-Huldenberg-26-20.jpg\",\"contentUrl\":\"https:\\\/\\\/fr.motocrossmag.be\\\/wp-content\\\/uploads\\\/2026\\\/09\\\/VMCF-Huldenberg-26-20.jpg\",\"width\":1200,\"height\":800},{\"@type\":\"BreadcrumbList\",\"@id\":\"https:\\\/\\\/fr.motocrossmag.be\\\/index.php\\\/2026\\\/09\\\/photos-le-motocross-vmcf-de-huldenberg\\\/#breadcrumb\",\"itemListElement\":[{\"@type\":\"ListItem\",\"position\":1,\"name\":\"Accueil\",\"item\":\"https:\\\/\\\/fr.motocrossmag.be\\\/\"},{\"@type\":\"ListItem\",\"position\":2,\"name\":\"Photos : le motocross VMCF de Huldenberg\"}]},{\"@type\":\"WebSite\",\"@id\":\"https:\\\/\\\/fr.motocrossmag.be\\\/#website\",\"url\":\"https:\\\/\\\/fr.motocrossmag.be\\\/\",\"name\":\"Motocross - Enduro - Supermoto | MotocrossMag\",\"description\":\"L&#039;actualit\u00e9 du motocross, de l&#039;enduro et du Supermoto en ligne!\",\"potentialAction\":[{\"@type\":\"SearchAction\",\"target\":{\"@type\":\"EntryPoint\",\"urlTemplate\":\"https:\\\/\\\/fr.motocrossmag.be\\\/?s={search_term_string}\"},\"query-input\":{\"@type\":\"PropertyValueSpecification\",\"valueRequired\":true,\"valueName\":\"search_term_string\"}}],\"inLanguage\":\"fr-FR\"},{\"@type\":\"Person\",\"@id\":\"https:\\\/\\\/fr.motocrossmag.be\\\/#\\\/schema\\\/person\\\/11b47143d9f755babca2c9110e03235c\",\"name\":\"oliviere\",\"image\":{\"@type\":\"ImageObject\",\"inLanguage\":\"fr-FR\",\"@id\":\"https:\\\/\\\/secure.gravatar.com\\\/avatar\\\/907069e0b81d119452040469e4a7501da1100f54f7f80180ce77bfab718288f6?s=96&d=mm&r=g\",\"url\":\"https:\\\/\\\/secure.gravatar.com\\\/avatar\\\/907069e0b81d119452040469e4a7501da1100f54f7f80180ce77bfab718288f6?s=96&d=mm&r=g\",\"contentUrl\":\"https:\\\/\\\/secure.gravatar.com\\\/avatar\\\/907069e0b81d119452040469e4a7501da1100f54f7f80180ce77bfab718288f6?s=96&d=mm&r=g\",\"caption\":\"oliviere\"},\"sameAs\":[\"http:\\\/\\\/www.motocrossmag.be\"],\"url\":\"https:\\\/\\\/fr.motocrossmag.be\\\/index.php\\\/author\\\/oliviere\\\/\"}]}<\/script>\n<!-- \/ Yoast SEO plugin. -->","yoast_head_json":{"title":"Photos : le motocross VMCF de Huldenberg - Motocross - Enduro - Supermoto | MotocrossMag","robots":{"index":"index","follow":"follow","max-snippet":"max-snippet:-1","max-image-preview":"max-image-preview:large","max-video-preview":"max-video-preview:-1"},"canonical":"https:\/\/fr.motocrossmag.be\/index.php\/2026\/09\/photos-le-motocross-vmcf-de-huldenberg\/","og_locale":"fr_FR","og_type":"article","og_title":"Photos : le motocross VMCF de Huldenberg - Motocross - Enduro - Supermoto | MotocrossMag","og_description":"La course de Huldenberg peut sans h\u00e9sitation \u00eatre qualifi\u00e9e de \u00ab classique \u00bb du calendrier VMCF. Vingt-sept Inters, parmi lesquels quelques pilotes invit\u00e9s venus de la VLM ainsi qu\u2019un Grec au nom pour le moins pittoresque de Kritikos Manolis, avaient fait le d\u00e9placement en Brabant flamand pour cl\u00f4turer comme il se doit la saison estivale [&hellip;]","og_url":"https:\/\/fr.motocrossmag.be\/index.php\/2026\/09\/photos-le-motocross-vmcf-de-huldenberg\/","og_site_name":"Motocross - Enduro - Supermoto | MotocrossMag","article_published_time":"2026-09-02T14:44:54+00:00","og_image":[{"width":1200,"height":800,"url":"https:\/\/fr.motocrossmag.be\/wp-content\/uploads\/2026\/09\/VMCF-Huldenberg-26-20.jpg","type":"image\/jpeg"}],"author":"oliviere","twitter_card":"summary_large_image","twitter_misc":{"\u00c9crit par":"oliviere","Dur\u00e9e de lecture estim\u00e9e":"1 minute"},"schema":{"@context":"https:\/\/schema.org","@graph":[{"@type":"Article","@id":"https:\/\/fr.motocrossmag.be\/index.php\/2026\/09\/photos-le-motocross-vmcf-de-huldenberg\/#article","isPartOf":{"@id":"https:\/\/fr.motocrossmag.be\/index.php\/2026\/09\/photos-le-motocross-vmcf-de-huldenberg\/"},"author":{"name":"oliviere","@id":"https:\/\/fr.motocrossmag.be\/#\/schema\/person\/11b47143d9f755babca2c9110e03235c"},"headline":"Photos : le motocross VMCF de Huldenberg","datePublished":"2026-09-02T14:44:54+00:00","mainEntityOfPage":{"@id":"https:\/\/fr.motocrossmag.be\/index.php\/2026\/09\/photos-le-motocross-vmcf-de-huldenberg\/"},"wordCount":146,"commentCount":0,"image":{"@id":"https:\/\/fr.motocrossmag.be\/index.php\/2026\/09\/photos-le-motocross-vmcf-de-huldenberg\/#primaryimage"},"thumbnailUrl":"https:\/\/fr.motocrossmag.be\/wp-content\/uploads\/2026\/09\/VMCF-Huldenberg-26-20.jpg","keywords":["Motocross","vmcf"],"articleSection":["Actualit\u00e9","Amateurs","Motocross","News","News","Photos","Slideshow","VMCF"],"inLanguage":"fr-FR","potentialAction":[{"@type":"CommentAction","name":"Comment","target":["https:\/\/fr.motocrossmag.be\/index.php\/2026\/09\/photos-le-motocross-vmcf-de-huldenberg\/#respond"]}]},{"@type":"WebPage","@id":"https:\/\/fr.motocrossmag.be\/index.php\/2026\/09\/photos-le-motocross-vmcf-de-huldenberg\/","url":"https:\/\/fr.motocrossmag.be\/index.php\/2026\/09\/photos-le-motocross-vmcf-de-huldenberg\/","name":"Photos : le motocross VMCF de Huldenberg - Motocross - Enduro - Supermoto | MotocrossMag","isPartOf":{"@id":"https:\/\/fr.motocrossmag.be\/#website"},"primaryImageOfPage":{"@id":"https:\/\/fr.motocrossmag.be\/index.php\/2026\/09\/photos-le-motocross-vmcf-de-huldenberg\/#primaryimage"},"image":{"@id":"https:\/\/fr.motocrossmag.be\/index.php\/2026\/09\/photos-le-motocross-vmcf-de-huldenberg\/#primaryimage"},"thumbnailUrl":"https:\/\/fr.motocrossmag.be\/wp-content\/uploads\/2026\/09\/VMCF-Huldenberg-26-20.jpg","datePublished":"2026-09-02T14:44:54+00:00","author":{"@id":"https:\/\/fr.motocrossmag.be\/#\/schema\/person\/11b47143d9f755babca2c9110e03235c"},"breadcrumb":{"@id":"https:\/\/fr.motocrossmag.be\/index.php\/2026\/09\/photos-le-motocross-vmcf-de-huldenberg\/#breadcrumb"},"inLanguage":"fr-FR","potentialAction":[{"@type":"ReadAction","target":["https:\/\/fr.motocrossmag.be\/index.php\/2026\/09\/photos-le-motocross-vmcf-de-huldenberg\/"]}]},{"@type":"ImageObject","inLanguage":"fr-FR","@id":"https:\/\/fr.motocrossmag.be\/index.php\/2026\/09\/photos-le-motocross-vmcf-de-huldenberg\/#primaryimage","url":"https:\/\/fr.motocrossmag.be\/wp-content\/uploads\/2026\/09\/VMCF-Huldenberg-26-20.jpg","contentUrl":"https:\/\/fr.motocrossmag.be\/wp-content\/uploads\/2026\/09\/VMCF-Huldenberg-26-20.jpg","width":1200,"height":800},{"@type":"BreadcrumbList","@id":"https:\/\/fr.motocrossmag.be\/index.php\/2026\/09\/photos-le-motocross-vmcf-de-huldenberg\/#breadcrumb","itemListElement":[{"@type":"ListItem","position":1,"name":"Accueil","item":"https:\/\/fr.motocrossmag.be\/"},{"@type":"ListItem","position":2,"name":"Photos : le motocross VMCF de Huldenberg"}]},{"@type":"WebSite","@id":"https:\/\/fr.motocrossmag.be\/#website","url":"https:\/\/fr.motocrossmag.be\/","name":"Motocross - Enduro - Supermoto | MotocrossMag","description":"L&#039;actualit\u00e9 du motocross, de l&#039;enduro et du Supermoto en ligne!","potentialAction":[{"@type":"SearchAction","target":{"@type":"EntryPoint","urlTemplate":"https:\/\/fr.motocrossmag.be\/?s={search_term_string}"},"query-input":{"@type":"PropertyValueSpecification","valueRequired":true,"valueName":"search_term_string"}}],"inLanguage":"fr-FR"},{"@type":"Person","@id":"https:\/\/fr.motocrossmag.be\/#\/schema\/person\/11b47143d9f755babca2c9110e03235c","name":"oliviere","image":{"@type":"ImageObject","inLanguage":"fr-FR","@id":"https:\/\/secure.gravatar.com\/avatar\/907069e0b81d119452040469e4a7501da1100f54f7f80180ce77bfab718288f6?s=96&d=mm&r=g","url":"https:\/\/secure.gravatar.com\/avatar\/907069e0b81d119452040469e4a7501da1100f54f7f80180ce77bfab718288f6?s=96&d=mm&r=g","contentUrl":"https:\/\/secure.gravatar.com\/avatar\/907069e0b81d119452040469e4a7501da1100f54f7f80180ce77bfab718288f6?s=96&d=mm&r=g","caption":"oliviere"},"sameAs":["http:\/\/www.motocrossmag.be"],"url":"https:\/\/fr.motocrossmag.be\/index.php\/author\/oliviere\/"}]}},"_links":{"self":[{"href":"https:\/\/fr.motocrossmag.be\/index.php\/wp-json\/wp\/v2\/posts\/159533","targetHints":{"allow":["GET"]}}],"collection":[{"href":"https:\/\/fr.motocrossmag.be\/index.php\/wp-json\/wp\/v2\/posts"}],"about":[{"href":"https:\/\/fr.motocrossmag.be\/index.php\/wp-json\/wp\/v2\/types\/post"}],"author":[{"embeddable":true,"href":"https:\/\/fr.motocrossmag.be\/index.php\/wp-json\/wp\/v2\/users\/932"}],"replies":[{"embeddable":true,"href":"https:\/\/fr.motocrossmag.be\/index.php\/wp-json\/wp\/v2\/comments?post=159533"}],"version-history":[{"count":1,"href":"https:\/\/fr.motocrossmag.be\/index.php\/wp-json\/wp\/v2\/posts\/159533\/revisions"}],"predecessor-version":[{"id":159570,"href":"https:\/\/fr.motocrossmag.be\/index.php\/wp-json\/wp\/v2\/posts\/159533\/revisions\/159570"}],"wp:featuredmedia":[{"embeddable":true,"href":"https:\/\/fr.motocrossmag.be\/index.php\/wp-json\/wp\/v2\/media\/159553"}],"wp:attachment":[{"href":"https:\/\/fr.motocrossmag.be\/index.php\/wp-json\/wp\/v2\/media?parent=159533"}],"wp:term":[{"taxonomy":"category","embeddable":true,"href":"https:\/\/fr.motocrossmag.be\/index.php\/wp-json\/wp\/v2\/categories?post=159533"},{"taxonomy":"post_tag","embeddable":true,"href":"https:\/\/fr.motocrossmag.be\/index.php\/wp-json\/wp\/v2\/tags?post=159533"}],"curies":[{"name":"wp","href":"https:\/\/api.w.org\/{rel}","templated":true}]}}