{"id":159579,"date":"2026-09-03T21:35:09","date_gmt":"2026-09-03T19:35:09","guid":{"rendered":"https:\/\/fr.motocrossmag.be\/?p=159579"},"modified":"2026-09-03T21:36:04","modified_gmt":"2026-09-03T19:36:04","slug":"motocross-des-nations-2026-la-france-devoile-son-trio-pour-ernee","status":"publish","type":"post","link":"https:\/\/fr.motocrossmag.be\/index.php\/2026\/09\/motocross-des-nations-2026-la-france-devoile-son-trio-pour-ernee\/","title":{"rendered":"Motocross des Nations 2026 : la France d\u00e9voile son trio pour Ern\u00e9e"},"content":{"rendered":"<p>Les 3 et 4 octobre prochains, le circuit d\u2019Ern\u00e9e, en Mayenne, accueillera la 79e \u00e9dition du Motocross des Nations. \u00c0 domicile, l\u2019\u00c9quipe de France affiche de solides ambitions avec Romain Febvre, Mathis Valin et Tom Vialle.<\/p>\n<p>Le compte \u00e0 rebours est lanc\u00e9. Dans quelques semaines, les meilleurs pilotes de motocross de la plan\u00e8te se retrouveront \u00e0 Ern\u00e9e (53) pour l\u2019un des rendez-vous les plus prestigieux de la saison : le Motocross des Nations.<\/p><div class=\"szggj6a99ecf343113\" ><!-- \/91277017\/Inline-articles-mobile -->\n<div style=\"margin:auto; text-align:center !important\">\n<div id='div-gpt-ad-1784982661365-0' style='min-width: 250px; min-height: 75px;'>\n  <script>\n    googletag.cmd.push(function() { googletag.display('div-gpt-ad-1784982661365-0'); });\n  <\/script>\n<\/div><\/div><\/div><style type=\"text\/css\">\r\n.szggj6a99ecf343113 {\r\nmargin-bottom:30px;margin-top:20px\r\n}\r\n@media screen and (min-width: 1201px) {\r\n.szggj6a99ecf343113 {\r\ndisplay: block;\r\n}\r\n}\r\n@media screen and (min-width: 993px) and (max-width: 1200px) {\r\n.szggj6a99ecf343113 {\r\ndisplay: block;\r\n}\r\n}\r\n@media screen and (min-width: 769px) and (max-width: 992px) {\r\n.szggj6a99ecf343113 {\r\ndisplay: block;\r\n}\r\n}\r\n@media screen and (min-width: 768px) and (max-width: 768px) {\r\n.szggj6a99ecf343113 {\r\ndisplay: block;\r\n}\r\n}\r\n@media screen and (max-width: 767px) {\r\n.szggj6a99ecf343113 {\r\ndisplay: block;\r\n}\r\n}\r\n<\/style>\r\n\n<p>Pour cette 79e \u00e9dition, le mythique circuit mayennais s\u2019appr\u00eate une nouvelle fois \u00e0 devenir le th\u00e9\u00e2tre d\u2019une grande f\u00eate populaire. V\u00e9ritable sanctuaire du motocross fran\u00e7ais, Ern\u00e9e reste associ\u00e9 \u00e0 certains des plus beaux succ\u00e8s tricolores, notamment les victoires de l\u2019\u00c9quipe de France en 2015 et 2023. Cette derni\u00e8re \u00e9dition avait d\u2019ailleurs marqu\u00e9 l\u2019histoire avec un record d\u2019affluence, faisant du Motocross des Nations 2023 le plus fr\u00e9quent\u00e9 de l\u2019histoire de l\u2019\u00e9preuve.<\/p>\n<p>Apr\u00e8s une \u00e9dition 2025 disput\u00e9e sur le trac\u00e9 d\u2019Ironman, aux \u00c9tats-Unis, o\u00f9 la France avait termin\u00e9 \u00e0 une solide troisi\u00e8me place, les Bleus auront \u00e0 c\u0153ur de retrouver la plus haute marche du podium devant leur public.<\/p>\n<p><strong>Romain Febvre, le leader des Bleus<\/strong><\/p><div class=\"yntuq6a99ecf343132\" ><!-- \/91277017\/articles-inline-2 -->\n<div style=\"margin: 20px auto; text-align:center !important\">\n<div id='div-gpt-ad-1785021530385-0' style='min-width: 300px; min-height: 75px;'>\n  <script>\n    googletag.cmd.push(function() { googletag.display('div-gpt-ad-1785021530385-0'); });\n  <\/script>\n<\/div><\/div><\/div><style type=\"text\/css\">\r\n@media screen and (min-width: 1201px) {\r\n.yntuq6a99ecf343132 {\r\ndisplay: block;\r\n}\r\n}\r\n@media screen and (min-width: 993px) and (max-width: 1200px) {\r\n.yntuq6a99ecf343132 {\r\ndisplay: block;\r\n}\r\n}\r\n@media screen and (min-width: 769px) and (max-width: 992px) {\r\n.yntuq6a99ecf343132 {\r\ndisplay: block;\r\n}\r\n}\r\n@media screen and (min-width: 768px) and (max-width: 768px) {\r\n.yntuq6a99ecf343132 {\r\ndisplay: block;\r\n}\r\n}\r\n@media screen and (max-width: 767px) {\r\n.yntuq6a99ecf343132 {\r\ndisplay: block;\r\n}\r\n}\r\n<\/style>\r\n\n<p>Pour d\u00e9fendre les couleurs fran\u00e7aises dans la cat\u00e9gorie MXGP, la F\u00e9d\u00e9ration Fran\u00e7aise de Motocyclisme a choisi Romain Febvre.<\/p>\n<p>Champion du monde MXGP en titre et actuellement deuxi\u00e8me du classement provisoire 2026, le pilote Kawasaki s\u2019impose comme le v\u00e9ritable leader de cette s\u00e9lection.<\/p>\n<p>Febvre poss\u00e8de surtout une exp\u00e9rience pr\u00e9cieuse du Motocross des Nations. En six participations avec l\u2019\u00c9quipe de France, il a d\u00e9j\u00e0 pris part \u00e0 quatre victoires tricolores, en 2015, 2016, 2017 et 2023.<\/p>\n<p>\u00c0 Ern\u00e9e, il retrouvera donc un circuit qu\u2019il conna\u00eet parfaitement et un public fran\u00e7ais qui esp\u00e8re le voir une nouvelle fois porter les Bleus vers le succ\u00e8s.<\/p>\n<p><strong>Mathis Valin, la confirmation en MX2<\/strong><\/p>\n<p>En cat\u00e9gorie MX2, la FFM renouvelle sa confiance \u00e0 Mathis Valin, s\u00e9lectionn\u00e9 pour la deuxi\u00e8me ann\u00e9e cons\u00e9cutive.<\/p>\n<p><a href=\"https:\/\/fr.motocrossmag.be\/wp-content\/uploads\/2026\/06\/mathis-valin-portrait.jpg\"><img decoding=\"async\" class=\"alignnone size-full wp-image-156765\" src=\"https:\/\/fr.motocrossmag.be\/wp-content\/uploads\/2026\/06\/mathis-valin-portrait.jpg\" alt=\"\" width=\"1133\" height=\"748\" srcset=\"https:\/\/fr.motocrossmag.be\/wp-content\/uploads\/2026\/06\/mathis-valin-portrait.jpg 1133w, https:\/\/fr.motocrossmag.be\/wp-content\/uploads\/2026\/06\/mathis-valin-portrait-650x429.jpg 650w, https:\/\/fr.motocrossmag.be\/wp-content\/uploads\/2026\/06\/mathis-valin-portrait-1024x676.jpg 1024w, https:\/\/fr.motocrossmag.be\/wp-content\/uploads\/2026\/06\/mathis-valin-portrait-768x507.jpg 768w, https:\/\/fr.motocrossmag.be\/wp-content\/uploads\/2026\/06\/mathis-valin-portrait-200x132.jpg 200w, https:\/\/fr.motocrossmag.be\/wp-content\/uploads\/2026\/06\/mathis-valin-portrait-400x264.jpg 400w, https:\/\/fr.motocrossmag.be\/wp-content\/uploads\/2026\/06\/mathis-valin-portrait-600x396.jpg 600w, https:\/\/fr.motocrossmag.be\/wp-content\/uploads\/2026\/06\/mathis-valin-portrait-800x528.jpg 800w\" sizes=\"(max-width: 1133px) 100vw, 1133px\" \/><\/a><\/p>\n<p>Le jeune pilote Kawasaki r\u00e9alise une saison en constante progression et a franchi un cap important en d\u00e9crochant r\u00e9cemment sa premi\u00e8re victoire en Grand Prix.<\/p>\n<p>Victime d\u2019une blessure lors de l\u2019\u00e9preuve du Portugal, Valin a depuis repris le chemin de l\u2019entra\u00eenement avec une ambition clairement affich\u00e9e : revenir \u00e0 son meilleur niveau pour le rendez-vous d\u2019Ern\u00e9e et jouer les premiers r\u00f4les.<\/p>\n<p>Sa vitesse et son potentiel pourraient \u00eatre des atouts majeurs pour la s\u00e9lection fran\u00e7aise.<\/p>\n<p><strong>Tom Vialle, le retour aux sources<\/strong><\/p>\n<p>Dans la cat\u00e9gorie Open, la France pourra compter sur Tom Vialle.<\/p>\n<p>Apr\u00e8s trois saisons pass\u00e9es aux \u00c9tats-Unis, ponctu\u00e9es par deux titres cons\u00e9cutifs en Supercross 250SX East, le pilote Honda HRC effectue cette ann\u00e9e un retour remarqu\u00e9 sur la sc\u00e8ne mondiale.<\/p>\n<p>Pour ses d\u00e9buts en MXGP, Vialle n\u2019a pas tard\u00e9 \u00e0 se faire remarquer. Mais le rendez-vous d\u2019Ern\u00e9e aura une saveur toute particuli\u00e8re pour lui.<\/p>\n<p>C\u2019est en effet sur ce m\u00eame circuit qu\u2019il avait contribu\u00e9 \u00e0 la victoire fran\u00e7aise lors du Motocross des Nations 2023. Trois ans plus tard, il retrouvera donc le public tricolore avec l\u2019objectif de revivre la m\u00eame \u00e9motion.<\/p>\n<p><strong>Une seule mission : reconqu\u00e9rir le troph\u00e9e<\/strong><\/p>\n<p>Avec Romain Febvre en MXGP, Mathis Valin en MX2 et Tom Vialle en Open, la France mise sur un m\u00e9lange d\u2019exp\u00e9rience, de jeunesse et de vitesse.<\/p>\n<p>Trois pilotes aux profils diff\u00e9rents, mais r\u00e9unis autour d\u2019un m\u00eame objectif : ramener le troph\u00e9e du Motocross des Nations en France.<\/p>\n<p>Cr\u00e9\u00e9e en 1947, cette comp\u00e9tition mythique s\u2019appr\u00eate \u00e0 \u00e9crire un nouveau chapitre de son histoire \u00e0 Ern\u00e9e. Et devant un public fran\u00e7ais qui promet, une nouvelle fois, de r\u00e9pondre pr\u00e9sent, les Bleus auront une formidable occasion de d\u00e9crocher une nouvelle victoire \u00e0 domicile.<\/p>\n<p>Les 3 et 4 octobre, tous les regards seront donc tourn\u00e9s vers la Mayenne. \u00c0 Ern\u00e9e, la France r\u00eave d\u00e9j\u00e0 d\u2019une nouvelle \u00e9toile.<\/p>\n","protected":false},"excerpt":{"rendered":"<p>Les 3 et 4 octobre prochains, le circuit d\u2019Ern\u00e9e, en Mayenne, accueillera la 79e \u00e9dition du Motocross des Nations. \u00c0 domicile, l\u2019\u00c9quipe de France affiche de solides ambitions avec Romain Febvre, Mathis Valin et Tom Vialle. Le compte \u00e0 rebours est lanc\u00e9. Dans quelques semaines, les meilleurs pilotes de motocross de la plan\u00e8te se retrouveront [&hellip;]<\/p>\n","protected":false},"author":932,"featured_media":156857,"comment_status":"open","ping_status":"closed","sticky":false,"template":"","format":"standard","meta":{"tdm_status":"","tdm_grid_status":"","footnotes":""},"categories":[54,4,6,74,5,55,65],"tags":[559,947,291],"class_list":["post-159579","post","type-post","status-publish","format-standard","has-post-thumbnail","category-actualite","category-motocross","category-mx1mx2","category-mx-des-nations","category-news","category-news-actualite","category-slideshow","tag-ernee","tag-motocross","tag-motocross-des-nations"],"yoast_head":"<!-- This site is optimized with the Yoast SEO plugin v28.4 - https:\/\/yoast.com\/product\/yoast-seo-wordpress\/ -->\n<title>Motocross des Nations 2026 : la France d\u00e9voile son trio pour Ern\u00e9e - Motocross - Enduro - Supermoto | MotocrossMag<\/title>\n<meta name=\"robots\" content=\"index, follow, max-snippet:-1, max-image-preview:large, max-video-preview:-1\" \/>\n<link rel=\"canonical\" href=\"https:\/\/fr.motocrossmag.be\/index.php\/2026\/09\/motocross-des-nations-2026-la-france-devoile-son-trio-pour-ernee\/\" \/>\n<meta property=\"og:locale\" content=\"fr_FR\" \/>\n<meta property=\"og:type\" content=\"article\" \/>\n<meta property=\"og:title\" content=\"Motocross des Nations 2026 : la France d\u00e9voile son trio pour Ern\u00e9e - Motocross - Enduro - Supermoto | MotocrossMag\" \/>\n<meta property=\"og:description\" content=\"Les 3 et 4 octobre prochains, le circuit d\u2019Ern\u00e9e, en Mayenne, accueillera la 79e \u00e9dition du Motocross des Nations. \u00c0 domicile, l\u2019\u00c9quipe de France affiche de solides ambitions avec Romain Febvre, Mathis Valin et Tom Vialle. Le compte \u00e0 rebours est lanc\u00e9. Dans quelques semaines, les meilleurs pilotes de motocross de la plan\u00e8te se retrouveront [&hellip;]\" \/>\n<meta property=\"og:url\" content=\"https:\/\/fr.motocrossmag.be\/index.php\/2026\/09\/motocross-des-nations-2026-la-france-devoile-son-trio-pour-ernee\/\" \/>\n<meta property=\"og:site_name\" content=\"Motocross - Enduro - Supermoto | MotocrossMag\" \/>\n<meta property=\"article:published_time\" content=\"2026-09-03T19:35:09+00:00\" \/>\n<meta property=\"article:modified_time\" content=\"2026-09-03T19:36:04+00:00\" \/>\n<meta property=\"og:image\" content=\"https:\/\/fr.motocrossmag.be\/wp-content\/uploads\/2026\/06\/hi_FEBVRE_GP9_PH_2507.jpg\" \/>\n\t<meta property=\"og:image:width\" content=\"1200\" \/>\n\t<meta property=\"og:image:height\" content=\"800\" \/>\n\t<meta property=\"og:image:type\" content=\"image\/jpeg\" \/>\n<meta name=\"author\" content=\"oliviere\" \/>\n<meta name=\"twitter:card\" content=\"summary_large_image\" \/>\n<meta name=\"twitter:label1\" content=\"\u00c9crit par\" \/>\n\t<meta name=\"twitter:data1\" content=\"oliviere\" \/>\n\t<meta name=\"twitter:label2\" content=\"Dur\u00e9e de lecture estim\u00e9e\" \/>\n\t<meta name=\"twitter:data2\" content=\"4 minutes\" \/>\n<script type=\"application\/ld+json\" class=\"yoast-schema-graph\">{\"@context\":\"https:\\\/\\\/schema.org\",\"@graph\":[{\"@type\":\"Article\",\"@id\":\"https:\\\/\\\/fr.motocrossmag.be\\\/index.php\\\/2026\\\/09\\\/motocross-des-nations-2026-la-france-devoile-son-trio-pour-ernee\\\/#article\",\"isPartOf\":{\"@id\":\"https:\\\/\\\/fr.motocrossmag.be\\\/index.php\\\/2026\\\/09\\\/motocross-des-nations-2026-la-france-devoile-son-trio-pour-ernee\\\/\"},\"author\":{\"name\":\"oliviere\",\"@id\":\"https:\\\/\\\/fr.motocrossmag.be\\\/#\\\/schema\\\/person\\\/11b47143d9f755babca2c9110e03235c\"},\"headline\":\"Motocross des Nations 2026 : la France d\u00e9voile son trio pour Ern\u00e9e\",\"datePublished\":\"2026-09-03T19:35:09+00:00\",\"dateModified\":\"2026-09-03T19:36:04+00:00\",\"mainEntityOfPage\":{\"@id\":\"https:\\\/\\\/fr.motocrossmag.be\\\/index.php\\\/2026\\\/09\\\/motocross-des-nations-2026-la-france-devoile-son-trio-pour-ernee\\\/\"},\"wordCount\":697,\"commentCount\":0,\"image\":{\"@id\":\"https:\\\/\\\/fr.motocrossmag.be\\\/index.php\\\/2026\\\/09\\\/motocross-des-nations-2026-la-france-devoile-son-trio-pour-ernee\\\/#primaryimage\"},\"thumbnailUrl\":\"https:\\\/\\\/fr.motocrossmag.be\\\/wp-content\\\/uploads\\\/2026\\\/06\\\/hi_FEBVRE_GP9_PH_2507.jpg\",\"keywords\":[\"ernee\",\"Motocross\",\"motocross des nations\"],\"articleSection\":[\"Actualit\u00e9\",\"Motocross\",\"Motocross MXGP\",\"MX des Nations\",\"News\",\"News\",\"Slideshow\"],\"inLanguage\":\"fr-FR\",\"potentialAction\":[{\"@type\":\"CommentAction\",\"name\":\"Comment\",\"target\":[\"https:\\\/\\\/fr.motocrossmag.be\\\/index.php\\\/2026\\\/09\\\/motocross-des-nations-2026-la-france-devoile-son-trio-pour-ernee\\\/#respond\"]}]},{\"@type\":\"WebPage\",\"@id\":\"https:\\\/\\\/fr.motocrossmag.be\\\/index.php\\\/2026\\\/09\\\/motocross-des-nations-2026-la-france-devoile-son-trio-pour-ernee\\\/\",\"url\":\"https:\\\/\\\/fr.motocrossmag.be\\\/index.php\\\/2026\\\/09\\\/motocross-des-nations-2026-la-france-devoile-son-trio-pour-ernee\\\/\",\"name\":\"Motocross des Nations 2026 : la France d\u00e9voile son trio pour Ern\u00e9e - Motocross - Enduro - Supermoto | MotocrossMag\",\"isPartOf\":{\"@id\":\"https:\\\/\\\/fr.motocrossmag.be\\\/#website\"},\"primaryImageOfPage\":{\"@id\":\"https:\\\/\\\/fr.motocrossmag.be\\\/index.php\\\/2026\\\/09\\\/motocross-des-nations-2026-la-france-devoile-son-trio-pour-ernee\\\/#primaryimage\"},\"image\":{\"@id\":\"https:\\\/\\\/fr.motocrossmag.be\\\/index.php\\\/2026\\\/09\\\/motocross-des-nations-2026-la-france-devoile-son-trio-pour-ernee\\\/#primaryimage\"},\"thumbnailUrl\":\"https:\\\/\\\/fr.motocrossmag.be\\\/wp-content\\\/uploads\\\/2026\\\/06\\\/hi_FEBVRE_GP9_PH_2507.jpg\",\"datePublished\":\"2026-09-03T19:35:09+00:00\",\"dateModified\":\"2026-09-03T19:36:04+00:00\",\"author\":{\"@id\":\"https:\\\/\\\/fr.motocrossmag.be\\\/#\\\/schema\\\/person\\\/11b47143d9f755babca2c9110e03235c\"},\"breadcrumb\":{\"@id\":\"https:\\\/\\\/fr.motocrossmag.be\\\/index.php\\\/2026\\\/09\\\/motocross-des-nations-2026-la-france-devoile-son-trio-pour-ernee\\\/#breadcrumb\"},\"inLanguage\":\"fr-FR\",\"potentialAction\":[{\"@type\":\"ReadAction\",\"target\":[\"https:\\\/\\\/fr.motocrossmag.be\\\/index.php\\\/2026\\\/09\\\/motocross-des-nations-2026-la-france-devoile-son-trio-pour-ernee\\\/\"]}]},{\"@type\":\"ImageObject\",\"inLanguage\":\"fr-FR\",\"@id\":\"https:\\\/\\\/fr.motocrossmag.be\\\/index.php\\\/2026\\\/09\\\/motocross-des-nations-2026-la-france-devoile-son-trio-pour-ernee\\\/#primaryimage\",\"url\":\"https:\\\/\\\/fr.motocrossmag.be\\\/wp-content\\\/uploads\\\/2026\\\/06\\\/hi_FEBVRE_GP9_PH_2507.jpg\",\"contentUrl\":\"https:\\\/\\\/fr.motocrossmag.be\\\/wp-content\\\/uploads\\\/2026\\\/06\\\/hi_FEBVRE_GP9_PH_2507.jpg\",\"width\":1200,\"height\":800},{\"@type\":\"BreadcrumbList\",\"@id\":\"https:\\\/\\\/fr.motocrossmag.be\\\/index.php\\\/2026\\\/09\\\/motocross-des-nations-2026-la-france-devoile-son-trio-pour-ernee\\\/#breadcrumb\",\"itemListElement\":[{\"@type\":\"ListItem\",\"position\":1,\"name\":\"Accueil\",\"item\":\"https:\\\/\\\/fr.motocrossmag.be\\\/\"},{\"@type\":\"ListItem\",\"position\":2,\"name\":\"Motocross des Nations 2026 : la France d\u00e9voile son trio pour Ern\u00e9e\"}]},{\"@type\":\"WebSite\",\"@id\":\"https:\\\/\\\/fr.motocrossmag.be\\\/#website\",\"url\":\"https:\\\/\\\/fr.motocrossmag.be\\\/\",\"name\":\"Motocross - Enduro - Supermoto | MotocrossMag\",\"description\":\"L&#039;actualit\u00e9 du motocross, de l&#039;enduro et du Supermoto en ligne!\",\"potentialAction\":[{\"@type\":\"SearchAction\",\"target\":{\"@type\":\"EntryPoint\",\"urlTemplate\":\"https:\\\/\\\/fr.motocrossmag.be\\\/?s={search_term_string}\"},\"query-input\":{\"@type\":\"PropertyValueSpecification\",\"valueRequired\":true,\"valueName\":\"search_term_string\"}}],\"inLanguage\":\"fr-FR\"},{\"@type\":\"Person\",\"@id\":\"https:\\\/\\\/fr.motocrossmag.be\\\/#\\\/schema\\\/person\\\/11b47143d9f755babca2c9110e03235c\",\"name\":\"oliviere\",\"image\":{\"@type\":\"ImageObject\",\"inLanguage\":\"fr-FR\",\"@id\":\"https:\\\/\\\/secure.gravatar.com\\\/avatar\\\/907069e0b81d119452040469e4a7501da1100f54f7f80180ce77bfab718288f6?s=96&d=mm&r=g\",\"url\":\"https:\\\/\\\/secure.gravatar.com\\\/avatar\\\/907069e0b81d119452040469e4a7501da1100f54f7f80180ce77bfab718288f6?s=96&d=mm&r=g\",\"contentUrl\":\"https:\\\/\\\/secure.gravatar.com\\\/avatar\\\/907069e0b81d119452040469e4a7501da1100f54f7f80180ce77bfab718288f6?s=96&d=mm&r=g\",\"caption\":\"oliviere\"},\"sameAs\":[\"http:\\\/\\\/www.motocrossmag.be\"],\"url\":\"https:\\\/\\\/fr.motocrossmag.be\\\/index.php\\\/author\\\/oliviere\\\/\"}]}<\/script>\n<!-- \/ Yoast SEO plugin. -->","yoast_head_json":{"title":"Motocross des Nations 2026 : la France d\u00e9voile son trio pour Ern\u00e9e - Motocross - Enduro - Supermoto | MotocrossMag","robots":{"index":"index","follow":"follow","max-snippet":"max-snippet:-1","max-image-preview":"max-image-preview:large","max-video-preview":"max-video-preview:-1"},"canonical":"https:\/\/fr.motocrossmag.be\/index.php\/2026\/09\/motocross-des-nations-2026-la-france-devoile-son-trio-pour-ernee\/","og_locale":"fr_FR","og_type":"article","og_title":"Motocross des Nations 2026 : la France d\u00e9voile son trio pour Ern\u00e9e - Motocross - Enduro - Supermoto | MotocrossMag","og_description":"Les 3 et 4 octobre prochains, le circuit d\u2019Ern\u00e9e, en Mayenne, accueillera la 79e \u00e9dition du Motocross des Nations. \u00c0 domicile, l\u2019\u00c9quipe de France affiche de solides ambitions avec Romain Febvre, Mathis Valin et Tom Vialle. Le compte \u00e0 rebours est lanc\u00e9. Dans quelques semaines, les meilleurs pilotes de motocross de la plan\u00e8te se retrouveront [&hellip;]","og_url":"https:\/\/fr.motocrossmag.be\/index.php\/2026\/09\/motocross-des-nations-2026-la-france-devoile-son-trio-pour-ernee\/","og_site_name":"Motocross - Enduro - Supermoto | MotocrossMag","article_published_time":"2026-09-03T19:35:09+00:00","article_modified_time":"2026-09-03T19:36:04+00:00","og_image":[{"width":1200,"height":800,"url":"https:\/\/fr.motocrossmag.be\/wp-content\/uploads\/2026\/06\/hi_FEBVRE_GP9_PH_2507.jpg","type":"image\/jpeg"}],"author":"oliviere","twitter_card":"summary_large_image","twitter_misc":{"\u00c9crit par":"oliviere","Dur\u00e9e de lecture estim\u00e9e":"4 minutes"},"schema":{"@context":"https:\/\/schema.org","@graph":[{"@type":"Article","@id":"https:\/\/fr.motocrossmag.be\/index.php\/2026\/09\/motocross-des-nations-2026-la-france-devoile-son-trio-pour-ernee\/#article","isPartOf":{"@id":"https:\/\/fr.motocrossmag.be\/index.php\/2026\/09\/motocross-des-nations-2026-la-france-devoile-son-trio-pour-ernee\/"},"author":{"name":"oliviere","@id":"https:\/\/fr.motocrossmag.be\/#\/schema\/person\/11b47143d9f755babca2c9110e03235c"},"headline":"Motocross des Nations 2026 : la France d\u00e9voile son trio pour Ern\u00e9e","datePublished":"2026-09-03T19:35:09+00:00","dateModified":"2026-09-03T19:36:04+00:00","mainEntityOfPage":{"@id":"https:\/\/fr.motocrossmag.be\/index.php\/2026\/09\/motocross-des-nations-2026-la-france-devoile-son-trio-pour-ernee\/"},"wordCount":697,"commentCount":0,"image":{"@id":"https:\/\/fr.motocrossmag.be\/index.php\/2026\/09\/motocross-des-nations-2026-la-france-devoile-son-trio-pour-ernee\/#primaryimage"},"thumbnailUrl":"https:\/\/fr.motocrossmag.be\/wp-content\/uploads\/2026\/06\/hi_FEBVRE_GP9_PH_2507.jpg","keywords":["ernee","Motocross","motocross des nations"],"articleSection":["Actualit\u00e9","Motocross","Motocross MXGP","MX des Nations","News","News","Slideshow"],"inLanguage":"fr-FR","potentialAction":[{"@type":"CommentAction","name":"Comment","target":["https:\/\/fr.motocrossmag.be\/index.php\/2026\/09\/motocross-des-nations-2026-la-france-devoile-son-trio-pour-ernee\/#respond"]}]},{"@type":"WebPage","@id":"https:\/\/fr.motocrossmag.be\/index.php\/2026\/09\/motocross-des-nations-2026-la-france-devoile-son-trio-pour-ernee\/","url":"https:\/\/fr.motocrossmag.be\/index.php\/2026\/09\/motocross-des-nations-2026-la-france-devoile-son-trio-pour-ernee\/","name":"Motocross des Nations 2026 : la France d\u00e9voile son trio pour Ern\u00e9e - Motocross - Enduro - Supermoto | MotocrossMag","isPartOf":{"@id":"https:\/\/fr.motocrossmag.be\/#website"},"primaryImageOfPage":{"@id":"https:\/\/fr.motocrossmag.be\/index.php\/2026\/09\/motocross-des-nations-2026-la-france-devoile-son-trio-pour-ernee\/#primaryimage"},"image":{"@id":"https:\/\/fr.motocrossmag.be\/index.php\/2026\/09\/motocross-des-nations-2026-la-france-devoile-son-trio-pour-ernee\/#primaryimage"},"thumbnailUrl":"https:\/\/fr.motocrossmag.be\/wp-content\/uploads\/2026\/06\/hi_FEBVRE_GP9_PH_2507.jpg","datePublished":"2026-09-03T19:35:09+00:00","dateModified":"2026-09-03T19:36:04+00:00","author":{"@id":"https:\/\/fr.motocrossmag.be\/#\/schema\/person\/11b47143d9f755babca2c9110e03235c"},"breadcrumb":{"@id":"https:\/\/fr.motocrossmag.be\/index.php\/2026\/09\/motocross-des-nations-2026-la-france-devoile-son-trio-pour-ernee\/#breadcrumb"},"inLanguage":"fr-FR","potentialAction":[{"@type":"ReadAction","target":["https:\/\/fr.motocrossmag.be\/index.php\/2026\/09\/motocross-des-nations-2026-la-france-devoile-son-trio-pour-ernee\/"]}]},{"@type":"ImageObject","inLanguage":"fr-FR","@id":"https:\/\/fr.motocrossmag.be\/index.php\/2026\/09\/motocross-des-nations-2026-la-france-devoile-son-trio-pour-ernee\/#primaryimage","url":"https:\/\/fr.motocrossmag.be\/wp-content\/uploads\/2026\/06\/hi_FEBVRE_GP9_PH_2507.jpg","contentUrl":"https:\/\/fr.motocrossmag.be\/wp-content\/uploads\/2026\/06\/hi_FEBVRE_GP9_PH_2507.jpg","width":1200,"height":800},{"@type":"BreadcrumbList","@id":"https:\/\/fr.motocrossmag.be\/index.php\/2026\/09\/motocross-des-nations-2026-la-france-devoile-son-trio-pour-ernee\/#breadcrumb","itemListElement":[{"@type":"ListItem","position":1,"name":"Accueil","item":"https:\/\/fr.motocrossmag.be\/"},{"@type":"ListItem","position":2,"name":"Motocross des Nations 2026 : la France d\u00e9voile son trio pour Ern\u00e9e"}]},{"@type":"WebSite","@id":"https:\/\/fr.motocrossmag.be\/#website","url":"https:\/\/fr.motocrossmag.be\/","name":"Motocross - Enduro - Supermoto | MotocrossMag","description":"L&#039;actualit\u00e9 du motocross, de l&#039;enduro et du Supermoto en ligne!","potentialAction":[{"@type":"SearchAction","target":{"@type":"EntryPoint","urlTemplate":"https:\/\/fr.motocrossmag.be\/?s={search_term_string}"},"query-input":{"@type":"PropertyValueSpecification","valueRequired":true,"valueName":"search_term_string"}}],"inLanguage":"fr-FR"},{"@type":"Person","@id":"https:\/\/fr.motocrossmag.be\/#\/schema\/person\/11b47143d9f755babca2c9110e03235c","name":"oliviere","image":{"@type":"ImageObject","inLanguage":"fr-FR","@id":"https:\/\/secure.gravatar.com\/avatar\/907069e0b81d119452040469e4a7501da1100f54f7f80180ce77bfab718288f6?s=96&d=mm&r=g","url":"https:\/\/secure.gravatar.com\/avatar\/907069e0b81d119452040469e4a7501da1100f54f7f80180ce77bfab718288f6?s=96&d=mm&r=g","contentUrl":"https:\/\/secure.gravatar.com\/avatar\/907069e0b81d119452040469e4a7501da1100f54f7f80180ce77bfab718288f6?s=96&d=mm&r=g","caption":"oliviere"},"sameAs":["http:\/\/www.motocrossmag.be"],"url":"https:\/\/fr.motocrossmag.be\/index.php\/author\/oliviere\/"}]}},"_links":{"self":[{"href":"https:\/\/fr.motocrossmag.be\/index.php\/wp-json\/wp\/v2\/posts\/159579","targetHints":{"allow":["GET"]}}],"collection":[{"href":"https:\/\/fr.motocrossmag.be\/index.php\/wp-json\/wp\/v2\/posts"}],"about":[{"href":"https:\/\/fr.motocrossmag.be\/index.php\/wp-json\/wp\/v2\/types\/post"}],"author":[{"embeddable":true,"href":"https:\/\/fr.motocrossmag.be\/index.php\/wp-json\/wp\/v2\/users\/932"}],"replies":[{"embeddable":true,"href":"https:\/\/fr.motocrossmag.be\/index.php\/wp-json\/wp\/v2\/comments?post=159579"}],"version-history":[{"count":2,"href":"https:\/\/fr.motocrossmag.be\/index.php\/wp-json\/wp\/v2\/posts\/159579\/revisions"}],"predecessor-version":[{"id":159581,"href":"https:\/\/fr.motocrossmag.be\/index.php\/wp-json\/wp\/v2\/posts\/159579\/revisions\/159581"}],"wp:featuredmedia":[{"embeddable":true,"href":"https:\/\/fr.motocrossmag.be\/index.php\/wp-json\/wp\/v2\/media\/156857"}],"wp:attachment":[{"href":"https:\/\/fr.motocrossmag.be\/index.php\/wp-json\/wp\/v2\/media?parent=159579"}],"wp:term":[{"taxonomy":"category","embeddable":true,"href":"https:\/\/fr.motocrossmag.be\/index.php\/wp-json\/wp\/v2\/categories?post=159579"},{"taxonomy":"post_tag","embeddable":true,"href":"https:\/\/fr.motocrossmag.be\/index.php\/wp-json\/wp\/v2\/tags?post=159579"}],"curies":[{"name":"wp","href":"https:\/\/api.w.org\/{rel}","templated":true}]}}