{"id":159591,"date":"2026-09-04T13:16:29","date_gmt":"2026-09-04T11:16:29","guid":{"rendered":"https:\/\/fr.motocrossmag.be\/?p=159591"},"modified":"2026-09-04T13:16:29","modified_gmt":"2026-09-04T11:16:29","slug":"lairbag-bientot-obligatoire-sur-le-championnat-mxgp","status":"publish","type":"post","link":"https:\/\/fr.motocrossmag.be\/index.php\/2026\/09\/lairbag-bientot-obligatoire-sur-le-championnat-mxgp\/","title":{"rendered":"L\u2019airbag bient\u00f4t obligatoire sur le championnat MXGP"},"content":{"rendered":"<p>La s\u00e9curit\u00e9 continue de prendre une place croissante en motocross. La FIM vient d\u2019annoncer une nouvelle mesure importante : \u00e0 partir de 2028, les pilotes des cat\u00e9gories MXGP, MX2 et WMX devront obligatoirement utiliser un syst\u00e8me d\u2019airbag fonctionnel. La mesure s\u2019appliquera \u00e9galement au Motocross des Nations.<\/p>\n<p>Le Bureau Permanent de la FIM a officialis\u00e9 cette d\u00e9cision ce 3 septembre. D\u00e8s la saison 2027, l\u2019utilisation d\u2019un airbag sera fortement recommand\u00e9e avant de devenir obligatoire l\u2019ann\u00e9e suivante.<\/p><div class=\"irlzw6a9ac378e946d\" ><!-- \/91277017\/Inline-articles-mobile -->\n<div style=\"margin:auto; text-align:center !important\">\n<div id='div-gpt-ad-1784982661365-0' style='min-width: 250px; min-height: 75px;'>\n  <script>\n    googletag.cmd.push(function() { googletag.display('div-gpt-ad-1784982661365-0'); });\n  <\/script>\n<\/div><\/div><\/div><style type=\"text\/css\">\r\n.irlzw6a9ac378e946d {\r\nmargin-bottom:30px;margin-top:20px\r\n}\r\n@media screen and (min-width: 1201px) {\r\n.irlzw6a9ac378e946d {\r\ndisplay: block;\r\n}\r\n}\r\n@media screen and (min-width: 993px) and (max-width: 1200px) {\r\n.irlzw6a9ac378e946d {\r\ndisplay: block;\r\n}\r\n}\r\n@media screen and (min-width: 769px) and (max-width: 992px) {\r\n.irlzw6a9ac378e946d {\r\ndisplay: block;\r\n}\r\n}\r\n@media screen and (min-width: 768px) and (max-width: 768px) {\r\n.irlzw6a9ac378e946d {\r\ndisplay: block;\r\n}\r\n}\r\n@media screen and (max-width: 767px) {\r\n.irlzw6a9ac378e946d {\r\ndisplay: block;\r\n}\r\n}\r\n<\/style>\r\n\n<p>Pour \u00eatre accept\u00e9 en comp\u00e9tition, le syst\u00e8me devra r\u00e9pondre \u00e0 l\u2019homologation FIM FRHPab-01 ou figurer sur la liste des syst\u00e8mes d\u2019airbag d\u00e9clar\u00e9s conformes par la FIM pour le motocross.<\/p>\n<p><strong>Une protection suppl\u00e9mentaire face aux gros crashes<\/strong><\/p>\n<p>L\u2019objectif de la FIM est \u00e9videmment de renforcer la protection des pilotes lors des chutes les plus violentes. Une \u00e9volution qui n\u2019est pas nouvelle dans le monde de la moto puisque l\u2019airbag est d\u00e9j\u00e0 obligatoire dans plusieurs disciplines majeures, notamment en Rally-Raid, en Championnat du Monde de Vitesse et au TT de l\u2019\u00eele de Man.<\/p><div class=\"cflyc6a9ac378e9484\" ><!-- \/91277017\/articles-inline-2 -->\n<div style=\"margin: 20px auto; text-align:center !important\">\n<div id='div-gpt-ad-1785021530385-0' style='min-width: 300px; min-height: 75px;'>\n  <script>\n    googletag.cmd.push(function() { googletag.display('div-gpt-ad-1785021530385-0'); });\n  <\/script>\n<\/div><\/div><\/div><style type=\"text\/css\">\r\n@media screen and (min-width: 1201px) {\r\n.cflyc6a9ac378e9484 {\r\ndisplay: block;\r\n}\r\n}\r\n@media screen and (min-width: 993px) and (max-width: 1200px) {\r\n.cflyc6a9ac378e9484 {\r\ndisplay: block;\r\n}\r\n}\r\n@media screen and (min-width: 769px) and (max-width: 992px) {\r\n.cflyc6a9ac378e9484 {\r\ndisplay: block;\r\n}\r\n}\r\n@media screen and (min-width: 768px) and (max-width: 768px) {\r\n.cflyc6a9ac378e9484 {\r\ndisplay: block;\r\n}\r\n}\r\n@media screen and (max-width: 767px) {\r\n.cflyc6a9ac378e9484 {\r\ndisplay: block;\r\n}\r\n}\r\n<\/style>\r\n\n<p>En motocross, le syst\u00e8me devra \u00eatre port\u00e9 et op\u00e9rationnel durant toutes les sessions. Le Directeur Technique de la FIM conservera par ailleurs le dernier mot concernant l\u2019\u00e9quipement de s\u00e9curit\u00e9 utilis\u00e9 par les pilotes.<\/p>\n<p>Apr\u00e8s les diff\u00e9rentes \u00e9volutions r\u00e9glementaires visant \u00e0 am\u00e9liorer la s\u00e9curit\u00e9 ces derni\u00e8res ann\u00e9es, l\u2019arriv\u00e9e de l\u2019airbag obligatoire constitue donc une nouvelle \u00e9tape importante pour le motocross mondial. Rendez-vous en 2028 pour voir tous les pilotes MXGP, MX2 et WMX \u00e9quip\u00e9s de cette protection suppl\u00e9mentaire.<\/p>\n","protected":false},"excerpt":{"rendered":"<p>La s\u00e9curit\u00e9 continue de prendre une place croissante en motocross. La FIM vient d\u2019annoncer une nouvelle mesure importante : \u00e0 partir de 2028, les pilotes des cat\u00e9gories MXGP, MX2 et WMX devront obligatoirement utiliser un syst\u00e8me d\u2019airbag fonctionnel. La mesure s\u2019appliquera \u00e9galement au Motocross des Nations. Le Bureau Permanent de la FIM a officialis\u00e9 cette [&hellip;]<\/p>\n","protected":false},"author":932,"featured_media":159118,"comment_status":"open","ping_status":"closed","sticky":false,"template":"","format":"standard","meta":{"tdm_status":"","tdm_grid_status":"","footnotes":""},"categories":[54,4,6,5,55,65],"tags":[2062,947,568,2163],"class_list":["post-159591","post","type-post","status-publish","format-standard","has-post-thumbnail","category-actualite","category-motocross","category-mx1mx2","category-news","category-news-actualite","category-slideshow","tag-airbag","tag-motocross","tag-mxgp","tag-securite"],"yoast_head":"<!-- This site is optimized with the Yoast SEO plugin v28.4 - https:\/\/yoast.com\/product\/yoast-seo-wordpress\/ -->\n<title>L\u2019airbag bient\u00f4t obligatoire sur le championnat MXGP - Motocross - Enduro - Supermoto | MotocrossMag<\/title>\n<meta name=\"robots\" content=\"index, follow, max-snippet:-1, max-image-preview:large, max-video-preview:-1\" \/>\n<link rel=\"canonical\" href=\"https:\/\/fr.motocrossmag.be\/index.php\/2026\/09\/lairbag-bientot-obligatoire-sur-le-championnat-mxgp\/\" \/>\n<meta property=\"og:locale\" content=\"fr_FR\" \/>\n<meta property=\"og:type\" content=\"article\" \/>\n<meta property=\"og:title\" content=\"L\u2019airbag bient\u00f4t obligatoire sur le championnat MXGP - Motocross - Enduro - Supermoto | MotocrossMag\" \/>\n<meta property=\"og:description\" content=\"La s\u00e9curit\u00e9 continue de prendre une place croissante en motocross. La FIM vient d\u2019annoncer une nouvelle mesure importante : \u00e0 partir de 2028, les pilotes des cat\u00e9gories MXGP, MX2 et WMX devront obligatoirement utiliser un syst\u00e8me d\u2019airbag fonctionnel. La mesure s\u2019appliquera \u00e9galement au Motocross des Nations. Le Bureau Permanent de la FIM a officialis\u00e9 cette [&hellip;]\" \/>\n<meta property=\"og:url\" content=\"https:\/\/fr.motocrossmag.be\/index.php\/2026\/09\/lairbag-bientot-obligatoire-sur-le-championnat-mxgp\/\" \/>\n<meta property=\"og:site_name\" content=\"Motocross - Enduro - Supermoto | MotocrossMag\" \/>\n<meta property=\"article:published_time\" content=\"2026-09-04T11:16:29+00:00\" \/>\n<meta property=\"og:image\" content=\"https:\/\/fr.motocrossmag.be\/wp-content\/uploads\/2026\/08\/HMF_Arnhem_MXGP-26-25.jpg\" \/>\n\t<meta property=\"og:image:width\" content=\"1200\" \/>\n\t<meta property=\"og:image:height\" content=\"800\" \/>\n\t<meta property=\"og:image:type\" content=\"image\/jpeg\" \/>\n<meta name=\"author\" content=\"oliviere\" \/>\n<meta name=\"twitter:card\" content=\"summary_large_image\" \/>\n<meta name=\"twitter:label1\" content=\"\u00c9crit par\" \/>\n\t<meta name=\"twitter:data1\" content=\"oliviere\" \/>\n\t<meta name=\"twitter:label2\" content=\"Dur\u00e9e de lecture estim\u00e9e\" \/>\n\t<meta name=\"twitter:data2\" content=\"2 minutes\" \/>\n<script type=\"application\/ld+json\" class=\"yoast-schema-graph\">{\"@context\":\"https:\\\/\\\/schema.org\",\"@graph\":[{\"@type\":\"Article\",\"@id\":\"https:\\\/\\\/fr.motocrossmag.be\\\/index.php\\\/2026\\\/09\\\/lairbag-bientot-obligatoire-sur-le-championnat-mxgp\\\/#article\",\"isPartOf\":{\"@id\":\"https:\\\/\\\/fr.motocrossmag.be\\\/index.php\\\/2026\\\/09\\\/lairbag-bientot-obligatoire-sur-le-championnat-mxgp\\\/\"},\"author\":{\"name\":\"oliviere\",\"@id\":\"https:\\\/\\\/fr.motocrossmag.be\\\/#\\\/schema\\\/person\\\/11b47143d9f755babca2c9110e03235c\"},\"headline\":\"L\u2019airbag bient\u00f4t obligatoire sur le championnat MXGP\",\"datePublished\":\"2026-09-04T11:16:29+00:00\",\"mainEntityOfPage\":{\"@id\":\"https:\\\/\\\/fr.motocrossmag.be\\\/index.php\\\/2026\\\/09\\\/lairbag-bientot-obligatoire-sur-le-championnat-mxgp\\\/\"},\"wordCount\":287,\"commentCount\":0,\"image\":{\"@id\":\"https:\\\/\\\/fr.motocrossmag.be\\\/index.php\\\/2026\\\/09\\\/lairbag-bientot-obligatoire-sur-le-championnat-mxgp\\\/#primaryimage\"},\"thumbnailUrl\":\"https:\\\/\\\/fr.motocrossmag.be\\\/wp-content\\\/uploads\\\/2026\\\/08\\\/HMF_Arnhem_MXGP-26-25.jpg\",\"keywords\":[\"airbag\",\"Motocross\",\"MXGP\",\"s\u00e9curit\u00e9\"],\"articleSection\":[\"Actualit\u00e9\",\"Motocross\",\"Motocross MXGP\",\"News\",\"News\",\"Slideshow\"],\"inLanguage\":\"fr-FR\",\"potentialAction\":[{\"@type\":\"CommentAction\",\"name\":\"Comment\",\"target\":[\"https:\\\/\\\/fr.motocrossmag.be\\\/index.php\\\/2026\\\/09\\\/lairbag-bientot-obligatoire-sur-le-championnat-mxgp\\\/#respond\"]}]},{\"@type\":\"WebPage\",\"@id\":\"https:\\\/\\\/fr.motocrossmag.be\\\/index.php\\\/2026\\\/09\\\/lairbag-bientot-obligatoire-sur-le-championnat-mxgp\\\/\",\"url\":\"https:\\\/\\\/fr.motocrossmag.be\\\/index.php\\\/2026\\\/09\\\/lairbag-bientot-obligatoire-sur-le-championnat-mxgp\\\/\",\"name\":\"L\u2019airbag bient\u00f4t obligatoire sur le championnat MXGP - Motocross - Enduro - Supermoto | MotocrossMag\",\"isPartOf\":{\"@id\":\"https:\\\/\\\/fr.motocrossmag.be\\\/#website\"},\"primaryImageOfPage\":{\"@id\":\"https:\\\/\\\/fr.motocrossmag.be\\\/index.php\\\/2026\\\/09\\\/lairbag-bientot-obligatoire-sur-le-championnat-mxgp\\\/#primaryimage\"},\"image\":{\"@id\":\"https:\\\/\\\/fr.motocrossmag.be\\\/index.php\\\/2026\\\/09\\\/lairbag-bientot-obligatoire-sur-le-championnat-mxgp\\\/#primaryimage\"},\"thumbnailUrl\":\"https:\\\/\\\/fr.motocrossmag.be\\\/wp-content\\\/uploads\\\/2026\\\/08\\\/HMF_Arnhem_MXGP-26-25.jpg\",\"datePublished\":\"2026-09-04T11:16:29+00:00\",\"author\":{\"@id\":\"https:\\\/\\\/fr.motocrossmag.be\\\/#\\\/schema\\\/person\\\/11b47143d9f755babca2c9110e03235c\"},\"breadcrumb\":{\"@id\":\"https:\\\/\\\/fr.motocrossmag.be\\\/index.php\\\/2026\\\/09\\\/lairbag-bientot-obligatoire-sur-le-championnat-mxgp\\\/#breadcrumb\"},\"inLanguage\":\"fr-FR\",\"potentialAction\":[{\"@type\":\"ReadAction\",\"target\":[\"https:\\\/\\\/fr.motocrossmag.be\\\/index.php\\\/2026\\\/09\\\/lairbag-bientot-obligatoire-sur-le-championnat-mxgp\\\/\"]}]},{\"@type\":\"ImageObject\",\"inLanguage\":\"fr-FR\",\"@id\":\"https:\\\/\\\/fr.motocrossmag.be\\\/index.php\\\/2026\\\/09\\\/lairbag-bientot-obligatoire-sur-le-championnat-mxgp\\\/#primaryimage\",\"url\":\"https:\\\/\\\/fr.motocrossmag.be\\\/wp-content\\\/uploads\\\/2026\\\/08\\\/HMF_Arnhem_MXGP-26-25.jpg\",\"contentUrl\":\"https:\\\/\\\/fr.motocrossmag.be\\\/wp-content\\\/uploads\\\/2026\\\/08\\\/HMF_Arnhem_MXGP-26-25.jpg\",\"width\":1200,\"height\":800},{\"@type\":\"BreadcrumbList\",\"@id\":\"https:\\\/\\\/fr.motocrossmag.be\\\/index.php\\\/2026\\\/09\\\/lairbag-bientot-obligatoire-sur-le-championnat-mxgp\\\/#breadcrumb\",\"itemListElement\":[{\"@type\":\"ListItem\",\"position\":1,\"name\":\"Accueil\",\"item\":\"https:\\\/\\\/fr.motocrossmag.be\\\/\"},{\"@type\":\"ListItem\",\"position\":2,\"name\":\"L\u2019airbag bient\u00f4t obligatoire sur le championnat MXGP\"}]},{\"@type\":\"WebSite\",\"@id\":\"https:\\\/\\\/fr.motocrossmag.be\\\/#website\",\"url\":\"https:\\\/\\\/fr.motocrossmag.be\\\/\",\"name\":\"Motocross - Enduro - Supermoto | MotocrossMag\",\"description\":\"L&#039;actualit\u00e9 du motocross, de l&#039;enduro et du Supermoto en ligne!\",\"potentialAction\":[{\"@type\":\"SearchAction\",\"target\":{\"@type\":\"EntryPoint\",\"urlTemplate\":\"https:\\\/\\\/fr.motocrossmag.be\\\/?s={search_term_string}\"},\"query-input\":{\"@type\":\"PropertyValueSpecification\",\"valueRequired\":true,\"valueName\":\"search_term_string\"}}],\"inLanguage\":\"fr-FR\"},{\"@type\":\"Person\",\"@id\":\"https:\\\/\\\/fr.motocrossmag.be\\\/#\\\/schema\\\/person\\\/11b47143d9f755babca2c9110e03235c\",\"name\":\"oliviere\",\"image\":{\"@type\":\"ImageObject\",\"inLanguage\":\"fr-FR\",\"@id\":\"https:\\\/\\\/secure.gravatar.com\\\/avatar\\\/907069e0b81d119452040469e4a7501da1100f54f7f80180ce77bfab718288f6?s=96&d=mm&r=g\",\"url\":\"https:\\\/\\\/secure.gravatar.com\\\/avatar\\\/907069e0b81d119452040469e4a7501da1100f54f7f80180ce77bfab718288f6?s=96&d=mm&r=g\",\"contentUrl\":\"https:\\\/\\\/secure.gravatar.com\\\/avatar\\\/907069e0b81d119452040469e4a7501da1100f54f7f80180ce77bfab718288f6?s=96&d=mm&r=g\",\"caption\":\"oliviere\"},\"sameAs\":[\"http:\\\/\\\/www.motocrossmag.be\"],\"url\":\"https:\\\/\\\/fr.motocrossmag.be\\\/index.php\\\/author\\\/oliviere\\\/\"}]}<\/script>\n<!-- \/ Yoast SEO plugin. -->","yoast_head_json":{"title":"L\u2019airbag bient\u00f4t obligatoire sur le championnat MXGP - Motocross - Enduro - Supermoto | MotocrossMag","robots":{"index":"index","follow":"follow","max-snippet":"max-snippet:-1","max-image-preview":"max-image-preview:large","max-video-preview":"max-video-preview:-1"},"canonical":"https:\/\/fr.motocrossmag.be\/index.php\/2026\/09\/lairbag-bientot-obligatoire-sur-le-championnat-mxgp\/","og_locale":"fr_FR","og_type":"article","og_title":"L\u2019airbag bient\u00f4t obligatoire sur le championnat MXGP - Motocross - Enduro - Supermoto | MotocrossMag","og_description":"La s\u00e9curit\u00e9 continue de prendre une place croissante en motocross. La FIM vient d\u2019annoncer une nouvelle mesure importante : \u00e0 partir de 2028, les pilotes des cat\u00e9gories MXGP, MX2 et WMX devront obligatoirement utiliser un syst\u00e8me d\u2019airbag fonctionnel. La mesure s\u2019appliquera \u00e9galement au Motocross des Nations. Le Bureau Permanent de la FIM a officialis\u00e9 cette [&hellip;]","og_url":"https:\/\/fr.motocrossmag.be\/index.php\/2026\/09\/lairbag-bientot-obligatoire-sur-le-championnat-mxgp\/","og_site_name":"Motocross - Enduro - Supermoto | MotocrossMag","article_published_time":"2026-09-04T11:16:29+00:00","og_image":[{"width":1200,"height":800,"url":"https:\/\/fr.motocrossmag.be\/wp-content\/uploads\/2026\/08\/HMF_Arnhem_MXGP-26-25.jpg","type":"image\/jpeg"}],"author":"oliviere","twitter_card":"summary_large_image","twitter_misc":{"\u00c9crit par":"oliviere","Dur\u00e9e de lecture estim\u00e9e":"2 minutes"},"schema":{"@context":"https:\/\/schema.org","@graph":[{"@type":"Article","@id":"https:\/\/fr.motocrossmag.be\/index.php\/2026\/09\/lairbag-bientot-obligatoire-sur-le-championnat-mxgp\/#article","isPartOf":{"@id":"https:\/\/fr.motocrossmag.be\/index.php\/2026\/09\/lairbag-bientot-obligatoire-sur-le-championnat-mxgp\/"},"author":{"name":"oliviere","@id":"https:\/\/fr.motocrossmag.be\/#\/schema\/person\/11b47143d9f755babca2c9110e03235c"},"headline":"L\u2019airbag bient\u00f4t obligatoire sur le championnat MXGP","datePublished":"2026-09-04T11:16:29+00:00","mainEntityOfPage":{"@id":"https:\/\/fr.motocrossmag.be\/index.php\/2026\/09\/lairbag-bientot-obligatoire-sur-le-championnat-mxgp\/"},"wordCount":287,"commentCount":0,"image":{"@id":"https:\/\/fr.motocrossmag.be\/index.php\/2026\/09\/lairbag-bientot-obligatoire-sur-le-championnat-mxgp\/#primaryimage"},"thumbnailUrl":"https:\/\/fr.motocrossmag.be\/wp-content\/uploads\/2026\/08\/HMF_Arnhem_MXGP-26-25.jpg","keywords":["airbag","Motocross","MXGP","s\u00e9curit\u00e9"],"articleSection":["Actualit\u00e9","Motocross","Motocross MXGP","News","News","Slideshow"],"inLanguage":"fr-FR","potentialAction":[{"@type":"CommentAction","name":"Comment","target":["https:\/\/fr.motocrossmag.be\/index.php\/2026\/09\/lairbag-bientot-obligatoire-sur-le-championnat-mxgp\/#respond"]}]},{"@type":"WebPage","@id":"https:\/\/fr.motocrossmag.be\/index.php\/2026\/09\/lairbag-bientot-obligatoire-sur-le-championnat-mxgp\/","url":"https:\/\/fr.motocrossmag.be\/index.php\/2026\/09\/lairbag-bientot-obligatoire-sur-le-championnat-mxgp\/","name":"L\u2019airbag bient\u00f4t obligatoire sur le championnat MXGP - Motocross - Enduro - Supermoto | MotocrossMag","isPartOf":{"@id":"https:\/\/fr.motocrossmag.be\/#website"},"primaryImageOfPage":{"@id":"https:\/\/fr.motocrossmag.be\/index.php\/2026\/09\/lairbag-bientot-obligatoire-sur-le-championnat-mxgp\/#primaryimage"},"image":{"@id":"https:\/\/fr.motocrossmag.be\/index.php\/2026\/09\/lairbag-bientot-obligatoire-sur-le-championnat-mxgp\/#primaryimage"},"thumbnailUrl":"https:\/\/fr.motocrossmag.be\/wp-content\/uploads\/2026\/08\/HMF_Arnhem_MXGP-26-25.jpg","datePublished":"2026-09-04T11:16:29+00:00","author":{"@id":"https:\/\/fr.motocrossmag.be\/#\/schema\/person\/11b47143d9f755babca2c9110e03235c"},"breadcrumb":{"@id":"https:\/\/fr.motocrossmag.be\/index.php\/2026\/09\/lairbag-bientot-obligatoire-sur-le-championnat-mxgp\/#breadcrumb"},"inLanguage":"fr-FR","potentialAction":[{"@type":"ReadAction","target":["https:\/\/fr.motocrossmag.be\/index.php\/2026\/09\/lairbag-bientot-obligatoire-sur-le-championnat-mxgp\/"]}]},{"@type":"ImageObject","inLanguage":"fr-FR","@id":"https:\/\/fr.motocrossmag.be\/index.php\/2026\/09\/lairbag-bientot-obligatoire-sur-le-championnat-mxgp\/#primaryimage","url":"https:\/\/fr.motocrossmag.be\/wp-content\/uploads\/2026\/08\/HMF_Arnhem_MXGP-26-25.jpg","contentUrl":"https:\/\/fr.motocrossmag.be\/wp-content\/uploads\/2026\/08\/HMF_Arnhem_MXGP-26-25.jpg","width":1200,"height":800},{"@type":"BreadcrumbList","@id":"https:\/\/fr.motocrossmag.be\/index.php\/2026\/09\/lairbag-bientot-obligatoire-sur-le-championnat-mxgp\/#breadcrumb","itemListElement":[{"@type":"ListItem","position":1,"name":"Accueil","item":"https:\/\/fr.motocrossmag.be\/"},{"@type":"ListItem","position":2,"name":"L\u2019airbag bient\u00f4t obligatoire sur le championnat MXGP"}]},{"@type":"WebSite","@id":"https:\/\/fr.motocrossmag.be\/#website","url":"https:\/\/fr.motocrossmag.be\/","name":"Motocross - Enduro - Supermoto | MotocrossMag","description":"L&#039;actualit\u00e9 du motocross, de l&#039;enduro et du Supermoto en ligne!","potentialAction":[{"@type":"SearchAction","target":{"@type":"EntryPoint","urlTemplate":"https:\/\/fr.motocrossmag.be\/?s={search_term_string}"},"query-input":{"@type":"PropertyValueSpecification","valueRequired":true,"valueName":"search_term_string"}}],"inLanguage":"fr-FR"},{"@type":"Person","@id":"https:\/\/fr.motocrossmag.be\/#\/schema\/person\/11b47143d9f755babca2c9110e03235c","name":"oliviere","image":{"@type":"ImageObject","inLanguage":"fr-FR","@id":"https:\/\/secure.gravatar.com\/avatar\/907069e0b81d119452040469e4a7501da1100f54f7f80180ce77bfab718288f6?s=96&d=mm&r=g","url":"https:\/\/secure.gravatar.com\/avatar\/907069e0b81d119452040469e4a7501da1100f54f7f80180ce77bfab718288f6?s=96&d=mm&r=g","contentUrl":"https:\/\/secure.gravatar.com\/avatar\/907069e0b81d119452040469e4a7501da1100f54f7f80180ce77bfab718288f6?s=96&d=mm&r=g","caption":"oliviere"},"sameAs":["http:\/\/www.motocrossmag.be"],"url":"https:\/\/fr.motocrossmag.be\/index.php\/author\/oliviere\/"}]}},"_links":{"self":[{"href":"https:\/\/fr.motocrossmag.be\/index.php\/wp-json\/wp\/v2\/posts\/159591","targetHints":{"allow":["GET"]}}],"collection":[{"href":"https:\/\/fr.motocrossmag.be\/index.php\/wp-json\/wp\/v2\/posts"}],"about":[{"href":"https:\/\/fr.motocrossmag.be\/index.php\/wp-json\/wp\/v2\/types\/post"}],"author":[{"embeddable":true,"href":"https:\/\/fr.motocrossmag.be\/index.php\/wp-json\/wp\/v2\/users\/932"}],"replies":[{"embeddable":true,"href":"https:\/\/fr.motocrossmag.be\/index.php\/wp-json\/wp\/v2\/comments?post=159591"}],"version-history":[{"count":1,"href":"https:\/\/fr.motocrossmag.be\/index.php\/wp-json\/wp\/v2\/posts\/159591\/revisions"}],"predecessor-version":[{"id":159592,"href":"https:\/\/fr.motocrossmag.be\/index.php\/wp-json\/wp\/v2\/posts\/159591\/revisions\/159592"}],"wp:featuredmedia":[{"embeddable":true,"href":"https:\/\/fr.motocrossmag.be\/index.php\/wp-json\/wp\/v2\/media\/159118"}],"wp:attachment":[{"href":"https:\/\/fr.motocrossmag.be\/index.php\/wp-json\/wp\/v2\/media?parent=159591"}],"wp:term":[{"taxonomy":"category","embeddable":true,"href":"https:\/\/fr.motocrossmag.be\/index.php\/wp-json\/wp\/v2\/categories?post=159591"},{"taxonomy":"post_tag","embeddable":true,"href":"https:\/\/fr.motocrossmag.be\/index.php\/wp-json\/wp\/v2\/tags?post=159591"}],"curies":[{"name":"wp","href":"https:\/\/api.w.org\/{rel}","templated":true}]}}