{"id":159593,"date":"2026-09-04T15:00:18","date_gmt":"2026-09-04T13:00:18","guid":{"rendered":"https:\/\/fr.motocrossmag.be\/?p=159593"},"modified":"2026-09-04T15:02:26","modified_gmt":"2026-09-04T13:02:26","slug":"isde-2026-les-couleurs-belges-portees-par-damiaens-martiny-lillo-et-vandommele","status":"publish","type":"post","link":"https:\/\/fr.motocrossmag.be\/index.php\/2026\/09\/isde-2026-les-couleurs-belges-portees-par-damiaens-martiny-lillo-et-vandommele\/","title":{"rendered":"ISDE 2026 : les couleurs belges port\u00e9es par Damiaens, Martiny, Lillo et Vandommele"},"content":{"rendered":"<p>Philippe Rorive, manager de l\u2019\u00e9quipe nationale belge, a d\u00e9voil\u00e9 la s\u00e9lection qui d\u00e9fendra les couleurs de la Belgique lors de la 100e \u00e9dition de l\u2019International Six Days Enduro (ISDE). Rendez-vous est fix\u00e9 du 12 au 17 octobre \u00e0 Gr\u00e2ndola, au Portugal, pour l\u2019une des \u00e9preuves les plus exigeantes du calendrier enduro mondial.<\/p>\n<p>Pour ce rendez-vous historique, la Belgique sera repr\u00e9sent\u00e9e dans la cat\u00e9gorie World Trophy par quatre pilotes : Dietger Damiaens, Adrien Vandommele, Gauthier Lillo et J\u00e9r\u00f4me Martiny.<\/p><div class=\"wrnzn6a9ad8eed5cf5\" ><!-- \/91277017\/Inline-articles-mobile -->\n<div style=\"margin:auto; text-align:center !important\">\n<div id='div-gpt-ad-1784982661365-0' style='min-width: 250px; min-height: 75px;'>\n  <script>\n    googletag.cmd.push(function() { googletag.display('div-gpt-ad-1784982661365-0'); });\n  <\/script>\n<\/div><\/div><\/div><style type=\"text\/css\">\r\n.wrnzn6a9ad8eed5cf5 {\r\nmargin-bottom:30px;margin-top:20px\r\n}\r\n@media screen and (min-width: 1201px) {\r\n.wrnzn6a9ad8eed5cf5 {\r\ndisplay: block;\r\n}\r\n}\r\n@media screen and (min-width: 993px) and (max-width: 1200px) {\r\n.wrnzn6a9ad8eed5cf5 {\r\ndisplay: block;\r\n}\r\n}\r\n@media screen and (min-width: 769px) and (max-width: 992px) {\r\n.wrnzn6a9ad8eed5cf5 {\r\ndisplay: block;\r\n}\r\n}\r\n@media screen and (min-width: 768px) and (max-width: 768px) {\r\n.wrnzn6a9ad8eed5cf5 {\r\ndisplay: block;\r\n}\r\n}\r\n@media screen and (max-width: 767px) {\r\n.wrnzn6a9ad8eed5cf5 {\r\ndisplay: block;\r\n}\r\n}\r\n<\/style>\r\n\n<p>Une s\u00e9lection qui aura la lourde t\u00e2che de porter les couleurs nationales lors d\u2019une \u00e9dition pas comme les autres. L\u2019ISDE, v\u00e9ritable monument de l\u2019enduro international, c\u00e9l\u00e9brera en effet cette ann\u00e9e son centi\u00e8me anniversaire. Six jours durant, les pilotes devront encha\u00eener sp\u00e9ciales, liaisons et difficult\u00e9s techniques, avec une priorit\u00e9 absolue : rallier l\u2019arriv\u00e9e sans p\u00e9nalit\u00e9.<\/p>\n<p><strong>Une \u00e9quipe de club \u00e9galement engag\u00e9e<\/strong><\/p>\n<p>La Belgique ne sera toutefois pas uniquement pr\u00e9sente en World Trophy. Une \u00e9quipe de club belge prendra \u00e9galement part \u00e0 cette grande f\u00eate de l\u2019enduro.<\/p><div class=\"hhnbr6a9ad8eed5d0a\" ><!-- \/91277017\/articles-inline-2 -->\n<div style=\"margin: 20px auto; text-align:center !important\">\n<div id='div-gpt-ad-1785021530385-0' style='min-width: 300px; min-height: 75px;'>\n  <script>\n    googletag.cmd.push(function() { googletag.display('div-gpt-ad-1785021530385-0'); });\n  <\/script>\n<\/div><\/div><\/div><style type=\"text\/css\">\r\n@media screen and (min-width: 1201px) {\r\n.hhnbr6a9ad8eed5d0a {\r\ndisplay: block;\r\n}\r\n}\r\n@media screen and (min-width: 993px) and (max-width: 1200px) {\r\n.hhnbr6a9ad8eed5d0a {\r\ndisplay: block;\r\n}\r\n}\r\n@media screen and (min-width: 769px) and (max-width: 992px) {\r\n.hhnbr6a9ad8eed5d0a {\r\ndisplay: block;\r\n}\r\n}\r\n@media screen and (min-width: 768px) and (max-width: 768px) {\r\n.hhnbr6a9ad8eed5d0a {\r\ndisplay: block;\r\n}\r\n}\r\n@media screen and (max-width: 767px) {\r\n.hhnbr6a9ad8eed5d0a {\r\ndisplay: block;\r\n}\r\n}\r\n<\/style>\r\n\n<p><a href=\"https:\/\/fr.motocrossmag.be\/wp-content\/uploads\/2021\/08\/PADDOCK-ISDE-6.jpg\"><img decoding=\"async\" class=\"alignnone size-full wp-image-112269\" src=\"https:\/\/fr.motocrossmag.be\/wp-content\/uploads\/2021\/08\/PADDOCK-ISDE-6.jpg\" alt=\"\" width=\"1000\" height=\"666\" srcset=\"https:\/\/fr.motocrossmag.be\/wp-content\/uploads\/2021\/08\/PADDOCK-ISDE-6.jpg 1000w, https:\/\/fr.motocrossmag.be\/wp-content\/uploads\/2021\/08\/PADDOCK-ISDE-6-650x433.jpg 650w, https:\/\/fr.motocrossmag.be\/wp-content\/uploads\/2021\/08\/PADDOCK-ISDE-6-768x511.jpg 768w\" sizes=\"(max-width: 1000px) 100vw, 1000px\" \/><\/a><\/p>\n<p>Elle sera compos\u00e9e de Quentin Vinken, Bastien Schulz et Gustavo Pepermans, qui auront eux aussi l\u2019honneur de repr\u00e9senter la Belgique sur les terres portugaises.<\/p>\n<p>Rendez-vous du 12 au 17 octobre \u00e0 Gr\u00e2ndola pour suivre les six journ\u00e9es de cette 100e \u00e9dition de l\u2019International Six Days Enduro.<\/p>\n","protected":false},"excerpt":{"rendered":"<p>Philippe Rorive, manager de l\u2019\u00e9quipe nationale belge, a d\u00e9voil\u00e9 la s\u00e9lection qui d\u00e9fendra les couleurs de la Belgique lors de la 100e \u00e9dition de l\u2019International Six Days Enduro (ISDE). Rendez-vous est fix\u00e9 du 12 au 17 octobre \u00e0 Gr\u00e2ndola, au Portugal, pour l\u2019une des \u00e9preuves les plus exigeantes du calendrier enduro mondial. Pour ce rendez-vous [&hellip;]<\/p>\n","protected":false},"author":932,"featured_media":63798,"comment_status":"open","ping_status":"closed","sticky":false,"template":"","format":"standard","meta":{"tdm_status":"","tdm_grid_status":"","footnotes":""},"categories":[54,32,34,1074,33,55,65],"tags":[1539,951,1191,1675],"class_list":["post-159593","post","type-post","status-publish","format-standard","has-post-thumbnail","category-actualite","category-enduro","category-endurogp","category-isde","category-news-enduro","category-news-actualite","category-slideshow","tag-dietger-damiaens","tag-enduro","tag-isde","tag-jerome-martiny"],"yoast_head":"<!-- This site is optimized with the Yoast SEO plugin v28.4 - https:\/\/yoast.com\/product\/yoast-seo-wordpress\/ -->\n<title>ISDE 2026 : les couleurs belges port\u00e9es par Damiaens, Martiny, Lillo et Vandommele - Motocross - Enduro - Supermoto | MotocrossMag<\/title>\n<meta name=\"robots\" content=\"index, follow, max-snippet:-1, max-image-preview:large, max-video-preview:-1\" \/>\n<link rel=\"canonical\" href=\"https:\/\/fr.motocrossmag.be\/index.php\/2026\/09\/isde-2026-les-couleurs-belges-portees-par-damiaens-martiny-lillo-et-vandommele\/\" \/>\n<meta property=\"og:locale\" content=\"fr_FR\" \/>\n<meta property=\"og:type\" content=\"article\" \/>\n<meta property=\"og:title\" content=\"ISDE 2026 : les couleurs belges port\u00e9es par Damiaens, Martiny, Lillo et Vandommele - Motocross - Enduro - Supermoto | MotocrossMag\" \/>\n<meta property=\"og:description\" content=\"Philippe Rorive, manager de l\u2019\u00e9quipe nationale belge, a d\u00e9voil\u00e9 la s\u00e9lection qui d\u00e9fendra les couleurs de la Belgique lors de la 100e \u00e9dition de l\u2019International Six Days Enduro (ISDE). Rendez-vous est fix\u00e9 du 12 au 17 octobre \u00e0 Gr\u00e2ndola, au Portugal, pour l\u2019une des \u00e9preuves les plus exigeantes du calendrier enduro mondial. Pour ce rendez-vous [&hellip;]\" \/>\n<meta property=\"og:url\" content=\"https:\/\/fr.motocrossmag.be\/index.php\/2026\/09\/isde-2026-les-couleurs-belges-portees-par-damiaens-martiny-lillo-et-vandommele\/\" \/>\n<meta property=\"og:site_name\" content=\"Motocross - Enduro - Supermoto | MotocrossMag\" \/>\n<meta property=\"article:published_time\" content=\"2026-09-04T13:00:18+00:00\" \/>\n<meta property=\"article:modified_time\" content=\"2026-09-04T13:02:26+00:00\" \/>\n<meta property=\"og:image\" content=\"https:\/\/fr.motocrossmag.be\/wp-content\/uploads\/2017\/08\/ISDE-17-Brive-DSC_0196.jpg\" \/>\n\t<meta property=\"og:image:width\" content=\"1200\" \/>\n\t<meta property=\"og:image:height\" content=\"798\" \/>\n\t<meta property=\"og:image:type\" content=\"image\/jpeg\" \/>\n<meta name=\"author\" content=\"oliviere\" \/>\n<meta name=\"twitter:card\" content=\"summary_large_image\" \/>\n<meta name=\"twitter:label1\" content=\"\u00c9crit par\" \/>\n\t<meta name=\"twitter:data1\" content=\"oliviere\" \/>\n\t<meta name=\"twitter:label2\" content=\"Dur\u00e9e de lecture estim\u00e9e\" \/>\n\t<meta name=\"twitter:data2\" content=\"2 minutes\" \/>\n<script type=\"application\/ld+json\" class=\"yoast-schema-graph\">{\"@context\":\"https:\\\/\\\/schema.org\",\"@graph\":[{\"@type\":\"Article\",\"@id\":\"https:\\\/\\\/fr.motocrossmag.be\\\/index.php\\\/2026\\\/09\\\/isde-2026-les-couleurs-belges-portees-par-damiaens-martiny-lillo-et-vandommele\\\/#article\",\"isPartOf\":{\"@id\":\"https:\\\/\\\/fr.motocrossmag.be\\\/index.php\\\/2026\\\/09\\\/isde-2026-les-couleurs-belges-portees-par-damiaens-martiny-lillo-et-vandommele\\\/\"},\"author\":{\"name\":\"oliviere\",\"@id\":\"https:\\\/\\\/fr.motocrossmag.be\\\/#\\\/schema\\\/person\\\/11b47143d9f755babca2c9110e03235c\"},\"headline\":\"ISDE 2026 : les couleurs belges port\u00e9es par Damiaens, Martiny, Lillo et Vandommele\",\"datePublished\":\"2026-09-04T13:00:18+00:00\",\"dateModified\":\"2026-09-04T13:02:26+00:00\",\"mainEntityOfPage\":{\"@id\":\"https:\\\/\\\/fr.motocrossmag.be\\\/index.php\\\/2026\\\/09\\\/isde-2026-les-couleurs-belges-portees-par-damiaens-martiny-lillo-et-vandommele\\\/\"},\"wordCount\":250,\"commentCount\":0,\"image\":{\"@id\":\"https:\\\/\\\/fr.motocrossmag.be\\\/index.php\\\/2026\\\/09\\\/isde-2026-les-couleurs-belges-portees-par-damiaens-martiny-lillo-et-vandommele\\\/#primaryimage\"},\"thumbnailUrl\":\"https:\\\/\\\/fr.motocrossmag.be\\\/wp-content\\\/uploads\\\/2017\\\/08\\\/ISDE-17-Brive-DSC_0196.jpg\",\"keywords\":[\"dietger damiaens\",\"Enduro\",\"isde\",\"j\u00e9r\u00f4me martiny\"],\"articleSection\":[\"Actualit\u00e9\",\"Enduro\",\"EnduroGP\",\"ISDE\",\"News\",\"News\",\"Slideshow\"],\"inLanguage\":\"fr-FR\",\"potentialAction\":[{\"@type\":\"CommentAction\",\"name\":\"Comment\",\"target\":[\"https:\\\/\\\/fr.motocrossmag.be\\\/index.php\\\/2026\\\/09\\\/isde-2026-les-couleurs-belges-portees-par-damiaens-martiny-lillo-et-vandommele\\\/#respond\"]}]},{\"@type\":\"WebPage\",\"@id\":\"https:\\\/\\\/fr.motocrossmag.be\\\/index.php\\\/2026\\\/09\\\/isde-2026-les-couleurs-belges-portees-par-damiaens-martiny-lillo-et-vandommele\\\/\",\"url\":\"https:\\\/\\\/fr.motocrossmag.be\\\/index.php\\\/2026\\\/09\\\/isde-2026-les-couleurs-belges-portees-par-damiaens-martiny-lillo-et-vandommele\\\/\",\"name\":\"ISDE 2026 : les couleurs belges port\u00e9es par Damiaens, Martiny, Lillo et Vandommele - Motocross - Enduro - Supermoto | MotocrossMag\",\"isPartOf\":{\"@id\":\"https:\\\/\\\/fr.motocrossmag.be\\\/#website\"},\"primaryImageOfPage\":{\"@id\":\"https:\\\/\\\/fr.motocrossmag.be\\\/index.php\\\/2026\\\/09\\\/isde-2026-les-couleurs-belges-portees-par-damiaens-martiny-lillo-et-vandommele\\\/#primaryimage\"},\"image\":{\"@id\":\"https:\\\/\\\/fr.motocrossmag.be\\\/index.php\\\/2026\\\/09\\\/isde-2026-les-couleurs-belges-portees-par-damiaens-martiny-lillo-et-vandommele\\\/#primaryimage\"},\"thumbnailUrl\":\"https:\\\/\\\/fr.motocrossmag.be\\\/wp-content\\\/uploads\\\/2017\\\/08\\\/ISDE-17-Brive-DSC_0196.jpg\",\"datePublished\":\"2026-09-04T13:00:18+00:00\",\"dateModified\":\"2026-09-04T13:02:26+00:00\",\"author\":{\"@id\":\"https:\\\/\\\/fr.motocrossmag.be\\\/#\\\/schema\\\/person\\\/11b47143d9f755babca2c9110e03235c\"},\"breadcrumb\":{\"@id\":\"https:\\\/\\\/fr.motocrossmag.be\\\/index.php\\\/2026\\\/09\\\/isde-2026-les-couleurs-belges-portees-par-damiaens-martiny-lillo-et-vandommele\\\/#breadcrumb\"},\"inLanguage\":\"fr-FR\",\"potentialAction\":[{\"@type\":\"ReadAction\",\"target\":[\"https:\\\/\\\/fr.motocrossmag.be\\\/index.php\\\/2026\\\/09\\\/isde-2026-les-couleurs-belges-portees-par-damiaens-martiny-lillo-et-vandommele\\\/\"]}]},{\"@type\":\"ImageObject\",\"inLanguage\":\"fr-FR\",\"@id\":\"https:\\\/\\\/fr.motocrossmag.be\\\/index.php\\\/2026\\\/09\\\/isde-2026-les-couleurs-belges-portees-par-damiaens-martiny-lillo-et-vandommele\\\/#primaryimage\",\"url\":\"https:\\\/\\\/fr.motocrossmag.be\\\/wp-content\\\/uploads\\\/2017\\\/08\\\/ISDE-17-Brive-DSC_0196.jpg\",\"contentUrl\":\"https:\\\/\\\/fr.motocrossmag.be\\\/wp-content\\\/uploads\\\/2017\\\/08\\\/ISDE-17-Brive-DSC_0196.jpg\",\"width\":1200,\"height\":798},{\"@type\":\"BreadcrumbList\",\"@id\":\"https:\\\/\\\/fr.motocrossmag.be\\\/index.php\\\/2026\\\/09\\\/isde-2026-les-couleurs-belges-portees-par-damiaens-martiny-lillo-et-vandommele\\\/#breadcrumb\",\"itemListElement\":[{\"@type\":\"ListItem\",\"position\":1,\"name\":\"Accueil\",\"item\":\"https:\\\/\\\/fr.motocrossmag.be\\\/\"},{\"@type\":\"ListItem\",\"position\":2,\"name\":\"ISDE 2026 : les couleurs belges port\u00e9es par Damiaens, Martiny, Lillo et Vandommele\"}]},{\"@type\":\"WebSite\",\"@id\":\"https:\\\/\\\/fr.motocrossmag.be\\\/#website\",\"url\":\"https:\\\/\\\/fr.motocrossmag.be\\\/\",\"name\":\"Motocross - Enduro - Supermoto | MotocrossMag\",\"description\":\"L&#039;actualit\u00e9 du motocross, de l&#039;enduro et du Supermoto en ligne!\",\"potentialAction\":[{\"@type\":\"SearchAction\",\"target\":{\"@type\":\"EntryPoint\",\"urlTemplate\":\"https:\\\/\\\/fr.motocrossmag.be\\\/?s={search_term_string}\"},\"query-input\":{\"@type\":\"PropertyValueSpecification\",\"valueRequired\":true,\"valueName\":\"search_term_string\"}}],\"inLanguage\":\"fr-FR\"},{\"@type\":\"Person\",\"@id\":\"https:\\\/\\\/fr.motocrossmag.be\\\/#\\\/schema\\\/person\\\/11b47143d9f755babca2c9110e03235c\",\"name\":\"oliviere\",\"image\":{\"@type\":\"ImageObject\",\"inLanguage\":\"fr-FR\",\"@id\":\"https:\\\/\\\/secure.gravatar.com\\\/avatar\\\/907069e0b81d119452040469e4a7501da1100f54f7f80180ce77bfab718288f6?s=96&d=mm&r=g\",\"url\":\"https:\\\/\\\/secure.gravatar.com\\\/avatar\\\/907069e0b81d119452040469e4a7501da1100f54f7f80180ce77bfab718288f6?s=96&d=mm&r=g\",\"contentUrl\":\"https:\\\/\\\/secure.gravatar.com\\\/avatar\\\/907069e0b81d119452040469e4a7501da1100f54f7f80180ce77bfab718288f6?s=96&d=mm&r=g\",\"caption\":\"oliviere\"},\"sameAs\":[\"http:\\\/\\\/www.motocrossmag.be\"],\"url\":\"https:\\\/\\\/fr.motocrossmag.be\\\/index.php\\\/author\\\/oliviere\\\/\"}]}<\/script>\n<!-- \/ Yoast SEO plugin. -->","yoast_head_json":{"title":"ISDE 2026 : les couleurs belges port\u00e9es par Damiaens, Martiny, Lillo et Vandommele - Motocross - Enduro - Supermoto | MotocrossMag","robots":{"index":"index","follow":"follow","max-snippet":"max-snippet:-1","max-image-preview":"max-image-preview:large","max-video-preview":"max-video-preview:-1"},"canonical":"https:\/\/fr.motocrossmag.be\/index.php\/2026\/09\/isde-2026-les-couleurs-belges-portees-par-damiaens-martiny-lillo-et-vandommele\/","og_locale":"fr_FR","og_type":"article","og_title":"ISDE 2026 : les couleurs belges port\u00e9es par Damiaens, Martiny, Lillo et Vandommele - Motocross - Enduro - Supermoto | MotocrossMag","og_description":"Philippe Rorive, manager de l\u2019\u00e9quipe nationale belge, a d\u00e9voil\u00e9 la s\u00e9lection qui d\u00e9fendra les couleurs de la Belgique lors de la 100e \u00e9dition de l\u2019International Six Days Enduro (ISDE). Rendez-vous est fix\u00e9 du 12 au 17 octobre \u00e0 Gr\u00e2ndola, au Portugal, pour l\u2019une des \u00e9preuves les plus exigeantes du calendrier enduro mondial. Pour ce rendez-vous [&hellip;]","og_url":"https:\/\/fr.motocrossmag.be\/index.php\/2026\/09\/isde-2026-les-couleurs-belges-portees-par-damiaens-martiny-lillo-et-vandommele\/","og_site_name":"Motocross - Enduro - Supermoto | MotocrossMag","article_published_time":"2026-09-04T13:00:18+00:00","article_modified_time":"2026-09-04T13:02:26+00:00","og_image":[{"width":1200,"height":798,"url":"https:\/\/fr.motocrossmag.be\/wp-content\/uploads\/2017\/08\/ISDE-17-Brive-DSC_0196.jpg","type":"image\/jpeg"}],"author":"oliviere","twitter_card":"summary_large_image","twitter_misc":{"\u00c9crit par":"oliviere","Dur\u00e9e de lecture estim\u00e9e":"2 minutes"},"schema":{"@context":"https:\/\/schema.org","@graph":[{"@type":"Article","@id":"https:\/\/fr.motocrossmag.be\/index.php\/2026\/09\/isde-2026-les-couleurs-belges-portees-par-damiaens-martiny-lillo-et-vandommele\/#article","isPartOf":{"@id":"https:\/\/fr.motocrossmag.be\/index.php\/2026\/09\/isde-2026-les-couleurs-belges-portees-par-damiaens-martiny-lillo-et-vandommele\/"},"author":{"name":"oliviere","@id":"https:\/\/fr.motocrossmag.be\/#\/schema\/person\/11b47143d9f755babca2c9110e03235c"},"headline":"ISDE 2026 : les couleurs belges port\u00e9es par Damiaens, Martiny, Lillo et Vandommele","datePublished":"2026-09-04T13:00:18+00:00","dateModified":"2026-09-04T13:02:26+00:00","mainEntityOfPage":{"@id":"https:\/\/fr.motocrossmag.be\/index.php\/2026\/09\/isde-2026-les-couleurs-belges-portees-par-damiaens-martiny-lillo-et-vandommele\/"},"wordCount":250,"commentCount":0,"image":{"@id":"https:\/\/fr.motocrossmag.be\/index.php\/2026\/09\/isde-2026-les-couleurs-belges-portees-par-damiaens-martiny-lillo-et-vandommele\/#primaryimage"},"thumbnailUrl":"https:\/\/fr.motocrossmag.be\/wp-content\/uploads\/2017\/08\/ISDE-17-Brive-DSC_0196.jpg","keywords":["dietger damiaens","Enduro","isde","j\u00e9r\u00f4me martiny"],"articleSection":["Actualit\u00e9","Enduro","EnduroGP","ISDE","News","News","Slideshow"],"inLanguage":"fr-FR","potentialAction":[{"@type":"CommentAction","name":"Comment","target":["https:\/\/fr.motocrossmag.be\/index.php\/2026\/09\/isde-2026-les-couleurs-belges-portees-par-damiaens-martiny-lillo-et-vandommele\/#respond"]}]},{"@type":"WebPage","@id":"https:\/\/fr.motocrossmag.be\/index.php\/2026\/09\/isde-2026-les-couleurs-belges-portees-par-damiaens-martiny-lillo-et-vandommele\/","url":"https:\/\/fr.motocrossmag.be\/index.php\/2026\/09\/isde-2026-les-couleurs-belges-portees-par-damiaens-martiny-lillo-et-vandommele\/","name":"ISDE 2026 : les couleurs belges port\u00e9es par Damiaens, Martiny, Lillo et Vandommele - Motocross - Enduro - Supermoto | MotocrossMag","isPartOf":{"@id":"https:\/\/fr.motocrossmag.be\/#website"},"primaryImageOfPage":{"@id":"https:\/\/fr.motocrossmag.be\/index.php\/2026\/09\/isde-2026-les-couleurs-belges-portees-par-damiaens-martiny-lillo-et-vandommele\/#primaryimage"},"image":{"@id":"https:\/\/fr.motocrossmag.be\/index.php\/2026\/09\/isde-2026-les-couleurs-belges-portees-par-damiaens-martiny-lillo-et-vandommele\/#primaryimage"},"thumbnailUrl":"https:\/\/fr.motocrossmag.be\/wp-content\/uploads\/2017\/08\/ISDE-17-Brive-DSC_0196.jpg","datePublished":"2026-09-04T13:00:18+00:00","dateModified":"2026-09-04T13:02:26+00:00","author":{"@id":"https:\/\/fr.motocrossmag.be\/#\/schema\/person\/11b47143d9f755babca2c9110e03235c"},"breadcrumb":{"@id":"https:\/\/fr.motocrossmag.be\/index.php\/2026\/09\/isde-2026-les-couleurs-belges-portees-par-damiaens-martiny-lillo-et-vandommele\/#breadcrumb"},"inLanguage":"fr-FR","potentialAction":[{"@type":"ReadAction","target":["https:\/\/fr.motocrossmag.be\/index.php\/2026\/09\/isde-2026-les-couleurs-belges-portees-par-damiaens-martiny-lillo-et-vandommele\/"]}]},{"@type":"ImageObject","inLanguage":"fr-FR","@id":"https:\/\/fr.motocrossmag.be\/index.php\/2026\/09\/isde-2026-les-couleurs-belges-portees-par-damiaens-martiny-lillo-et-vandommele\/#primaryimage","url":"https:\/\/fr.motocrossmag.be\/wp-content\/uploads\/2017\/08\/ISDE-17-Brive-DSC_0196.jpg","contentUrl":"https:\/\/fr.motocrossmag.be\/wp-content\/uploads\/2017\/08\/ISDE-17-Brive-DSC_0196.jpg","width":1200,"height":798},{"@type":"BreadcrumbList","@id":"https:\/\/fr.motocrossmag.be\/index.php\/2026\/09\/isde-2026-les-couleurs-belges-portees-par-damiaens-martiny-lillo-et-vandommele\/#breadcrumb","itemListElement":[{"@type":"ListItem","position":1,"name":"Accueil","item":"https:\/\/fr.motocrossmag.be\/"},{"@type":"ListItem","position":2,"name":"ISDE 2026 : les couleurs belges port\u00e9es par Damiaens, Martiny, Lillo et Vandommele"}]},{"@type":"WebSite","@id":"https:\/\/fr.motocrossmag.be\/#website","url":"https:\/\/fr.motocrossmag.be\/","name":"Motocross - Enduro - Supermoto | MotocrossMag","description":"L&#039;actualit\u00e9 du motocross, de l&#039;enduro et du Supermoto en ligne!","potentialAction":[{"@type":"SearchAction","target":{"@type":"EntryPoint","urlTemplate":"https:\/\/fr.motocrossmag.be\/?s={search_term_string}"},"query-input":{"@type":"PropertyValueSpecification","valueRequired":true,"valueName":"search_term_string"}}],"inLanguage":"fr-FR"},{"@type":"Person","@id":"https:\/\/fr.motocrossmag.be\/#\/schema\/person\/11b47143d9f755babca2c9110e03235c","name":"oliviere","image":{"@type":"ImageObject","inLanguage":"fr-FR","@id":"https:\/\/secure.gravatar.com\/avatar\/907069e0b81d119452040469e4a7501da1100f54f7f80180ce77bfab718288f6?s=96&d=mm&r=g","url":"https:\/\/secure.gravatar.com\/avatar\/907069e0b81d119452040469e4a7501da1100f54f7f80180ce77bfab718288f6?s=96&d=mm&r=g","contentUrl":"https:\/\/secure.gravatar.com\/avatar\/907069e0b81d119452040469e4a7501da1100f54f7f80180ce77bfab718288f6?s=96&d=mm&r=g","caption":"oliviere"},"sameAs":["http:\/\/www.motocrossmag.be"],"url":"https:\/\/fr.motocrossmag.be\/index.php\/author\/oliviere\/"}]}},"_links":{"self":[{"href":"https:\/\/fr.motocrossmag.be\/index.php\/wp-json\/wp\/v2\/posts\/159593","targetHints":{"allow":["GET"]}}],"collection":[{"href":"https:\/\/fr.motocrossmag.be\/index.php\/wp-json\/wp\/v2\/posts"}],"about":[{"href":"https:\/\/fr.motocrossmag.be\/index.php\/wp-json\/wp\/v2\/types\/post"}],"author":[{"embeddable":true,"href":"https:\/\/fr.motocrossmag.be\/index.php\/wp-json\/wp\/v2\/users\/932"}],"replies":[{"embeddable":true,"href":"https:\/\/fr.motocrossmag.be\/index.php\/wp-json\/wp\/v2\/comments?post=159593"}],"version-history":[{"count":2,"href":"https:\/\/fr.motocrossmag.be\/index.php\/wp-json\/wp\/v2\/posts\/159593\/revisions"}],"predecessor-version":[{"id":159595,"href":"https:\/\/fr.motocrossmag.be\/index.php\/wp-json\/wp\/v2\/posts\/159593\/revisions\/159595"}],"wp:featuredmedia":[{"embeddable":true,"href":"https:\/\/fr.motocrossmag.be\/index.php\/wp-json\/wp\/v2\/media\/63798"}],"wp:attachment":[{"href":"https:\/\/fr.motocrossmag.be\/index.php\/wp-json\/wp\/v2\/media?parent=159593"}],"wp:term":[{"taxonomy":"category","embeddable":true,"href":"https:\/\/fr.motocrossmag.be\/index.php\/wp-json\/wp\/v2\/categories?post=159593"},{"taxonomy":"post_tag","embeddable":true,"href":"https:\/\/fr.motocrossmag.be\/index.php\/wp-json\/wp\/v2\/tags?post=159593"}],"curies":[{"name":"wp","href":"https:\/\/api.w.org\/{rel}","templated":true}]}}