{"id":159598,"date":"2026-09-02T18:53:18","date_gmt":"2026-09-02T16:53:18","guid":{"rendered":"https:\/\/fr.motocrossmag.be\/?p=159598"},"modified":"2026-09-04T18:57:20","modified_gmt":"2026-09-04T16:57:20","slug":"usa-jett-lawrence-forfait-pour-les-playoffs","status":"publish","type":"post","link":"https:\/\/fr.motocrossmag.be\/index.php\/2026\/09\/usa-jett-lawrence-forfait-pour-les-playoffs\/","title":{"rendered":"USA : Jett Lawrence forfait pour les Playoffs"},"content":{"rendered":"<p>Jett Lawrence ne disputera pas les trois manches des Playoffs SuperMotocross. Toujours g\u00ean\u00e9 par une blessure \u00e0 la cheville droite contract\u00e9e en d\u00e9cembre dernier, le pilote Honda a finalement d\u00e9cid\u00e9 de se faire op\u00e9rer.<\/p>\n<p>L\u2019Australien passera sur la table le 9 septembre \u00e0 la Steadman Clinic, dans le Colorado, afin de traiter les douleurs et l\u2019instabilit\u00e9 persistantes de sa cheville. Malgr\u00e9 cette blessure, Lawrence avait disput\u00e9 l\u2019int\u00e9gralit\u00e9 du championnat AMA Pro Motocross, remportant quatre \u00e9preuves et terminant finalement vice-champion derri\u00e8re son fr\u00e8re Hunter. Sa situation s\u2019est toutefois aggrav\u00e9e lors de la finale d\u2019Ironman.<\/p><div class=\"ukudy6a9b8ad74d405\" ><!-- \/91277017\/Inline-articles-mobile -->\n<div style=\"margin:auto; text-align:center !important\">\n<div id='div-gpt-ad-1784982661365-0' style='min-width: 250px; min-height: 75px;'>\n  <script>\n    googletag.cmd.push(function() { googletag.display('div-gpt-ad-1784982661365-0'); });\n  <\/script>\n<\/div><\/div><\/div><style type=\"text\/css\">\r\n.ukudy6a9b8ad74d405 {\r\nmargin-bottom:30px;margin-top:20px\r\n}\r\n@media screen and (min-width: 1201px) {\r\n.ukudy6a9b8ad74d405 {\r\ndisplay: block;\r\n}\r\n}\r\n@media screen and (min-width: 993px) and (max-width: 1200px) {\r\n.ukudy6a9b8ad74d405 {\r\ndisplay: block;\r\n}\r\n}\r\n@media screen and (min-width: 769px) and (max-width: 992px) {\r\n.ukudy6a9b8ad74d405 {\r\ndisplay: block;\r\n}\r\n}\r\n@media screen and (min-width: 768px) and (max-width: 768px) {\r\n.ukudy6a9b8ad74d405 {\r\ndisplay: block;\r\n}\r\n}\r\n@media screen and (max-width: 767px) {\r\n.ukudy6a9b8ad74d405 {\r\ndisplay: block;\r\n}\r\n}\r\n<\/style>\r\n\n<p>\u00ab Nous avons pris la d\u00e9cision de faire l\u2019impasse sur la s\u00e9rie SMX afin de permettre \u00e0 ma cheville de r\u00e9cup\u00e9rer compl\u00e8tement et de prot\u00e9ger ma carri\u00e8re sur le long terme \u00bb, explique Jett.<\/p>\n<p>Honda devra donc composer sans son double champion SMX en titre pour les Playoffs, qui d\u00e9buteront le 12 septembre \u00e0 Columbus (Ohio).<\/p>\n","protected":false},"excerpt":{"rendered":"<p>Jett Lawrence ne disputera pas les trois manches des Playoffs SuperMotocross. Toujours g\u00ean\u00e9 par une blessure \u00e0 la cheville droite contract\u00e9e en d\u00e9cembre dernier, le pilote Honda a finalement d\u00e9cid\u00e9 de se faire op\u00e9rer. L\u2019Australien passera sur la table le 9 septembre \u00e0 la Steadman Clinic, dans le Colorado, afin de traiter les douleurs et [&hellip;]<\/p>\n","protected":false},"author":932,"featured_media":152687,"comment_status":"open","ping_status":"closed","sticky":false,"template":"","format":"standard","meta":{"tdm_status":"","tdm_grid_status":"","footnotes":""},"categories":[54,4,27,5,55,65],"tags":[1494,116],"class_list":["post-159598","post","type-post","status-publish","format-standard","has-post-thumbnail","category-actualite","category-motocross","category-sx-us","category-news","category-news-actualite","category-slideshow","tag-jett-lawrence","tag-supercross"],"yoast_head":"<!-- This site is optimized with the Yoast SEO plugin v28.4 - https:\/\/yoast.com\/product\/yoast-seo-wordpress\/ -->\n<title>USA : Jett Lawrence forfait pour les Playoffs - Motocross - Enduro - Supermoto | MotocrossMag<\/title>\n<meta name=\"robots\" content=\"index, follow, max-snippet:-1, max-image-preview:large, max-video-preview:-1\" \/>\n<link rel=\"canonical\" href=\"https:\/\/fr.motocrossmag.be\/index.php\/2026\/09\/usa-jett-lawrence-forfait-pour-les-playoffs\/\" \/>\n<meta property=\"og:locale\" content=\"fr_FR\" \/>\n<meta property=\"og:type\" content=\"article\" \/>\n<meta property=\"og:title\" content=\"USA : Jett Lawrence forfait pour les Playoffs - Motocross - Enduro - Supermoto | MotocrossMag\" \/>\n<meta property=\"og:description\" content=\"Jett Lawrence ne disputera pas les trois manches des Playoffs SuperMotocross. Toujours g\u00ean\u00e9 par une blessure \u00e0 la cheville droite contract\u00e9e en d\u00e9cembre dernier, le pilote Honda a finalement d\u00e9cid\u00e9 de se faire op\u00e9rer. L\u2019Australien passera sur la table le 9 septembre \u00e0 la Steadman Clinic, dans le Colorado, afin de traiter les douleurs et [&hellip;]\" \/>\n<meta property=\"og:url\" content=\"https:\/\/fr.motocrossmag.be\/index.php\/2026\/09\/usa-jett-lawrence-forfait-pour-les-playoffs\/\" \/>\n<meta property=\"og:site_name\" content=\"Motocross - Enduro - Supermoto | MotocrossMag\" \/>\n<meta property=\"article:published_time\" content=\"2026-09-02T16:53:18+00:00\" \/>\n<meta property=\"article:modified_time\" content=\"2026-09-04T16:57:20+00:00\" \/>\n<meta property=\"og:image\" content=\"https:\/\/fr.motocrossmag.be\/wp-content\/uploads\/2025\/11\/LAWRENCE-JETT_SX-PARIS-BY-PH_9363.jpg\" \/>\n\t<meta property=\"og:image:width\" content=\"1200\" \/>\n\t<meta property=\"og:image:height\" content=\"800\" \/>\n\t<meta property=\"og:image:type\" content=\"image\/jpeg\" \/>\n<meta name=\"author\" content=\"oliviere\" \/>\n<meta name=\"twitter:card\" content=\"summary_large_image\" \/>\n<meta name=\"twitter:label1\" content=\"\u00c9crit par\" \/>\n\t<meta name=\"twitter:data1\" content=\"oliviere\" \/>\n\t<meta name=\"twitter:label2\" content=\"Dur\u00e9e de lecture estim\u00e9e\" \/>\n\t<meta name=\"twitter:data2\" content=\"1 minute\" \/>\n<script type=\"application\/ld+json\" class=\"yoast-schema-graph\">{\"@context\":\"https:\\\/\\\/schema.org\",\"@graph\":[{\"@type\":\"Article\",\"@id\":\"https:\\\/\\\/fr.motocrossmag.be\\\/index.php\\\/2026\\\/09\\\/usa-jett-lawrence-forfait-pour-les-playoffs\\\/#article\",\"isPartOf\":{\"@id\":\"https:\\\/\\\/fr.motocrossmag.be\\\/index.php\\\/2026\\\/09\\\/usa-jett-lawrence-forfait-pour-les-playoffs\\\/\"},\"author\":{\"name\":\"oliviere\",\"@id\":\"https:\\\/\\\/fr.motocrossmag.be\\\/#\\\/schema\\\/person\\\/11b47143d9f755babca2c9110e03235c\"},\"headline\":\"USA : Jett Lawrence forfait pour les Playoffs\",\"datePublished\":\"2026-09-02T16:53:18+00:00\",\"dateModified\":\"2026-09-04T16:57:20+00:00\",\"mainEntityOfPage\":{\"@id\":\"https:\\\/\\\/fr.motocrossmag.be\\\/index.php\\\/2026\\\/09\\\/usa-jett-lawrence-forfait-pour-les-playoffs\\\/\"},\"wordCount\":171,\"commentCount\":0,\"image\":{\"@id\":\"https:\\\/\\\/fr.motocrossmag.be\\\/index.php\\\/2026\\\/09\\\/usa-jett-lawrence-forfait-pour-les-playoffs\\\/#primaryimage\"},\"thumbnailUrl\":\"https:\\\/\\\/fr.motocrossmag.be\\\/wp-content\\\/uploads\\\/2025\\\/11\\\/LAWRENCE-JETT_SX-PARIS-BY-PH_9363.jpg\",\"keywords\":[\"jett lawrence\",\"Supercross\"],\"articleSection\":[\"Actualit\u00e9\",\"Motocross\",\"MX\\\/SX US\",\"News\",\"News\",\"Slideshow\"],\"inLanguage\":\"fr-FR\",\"potentialAction\":[{\"@type\":\"CommentAction\",\"name\":\"Comment\",\"target\":[\"https:\\\/\\\/fr.motocrossmag.be\\\/index.php\\\/2026\\\/09\\\/usa-jett-lawrence-forfait-pour-les-playoffs\\\/#respond\"]}]},{\"@type\":\"WebPage\",\"@id\":\"https:\\\/\\\/fr.motocrossmag.be\\\/index.php\\\/2026\\\/09\\\/usa-jett-lawrence-forfait-pour-les-playoffs\\\/\",\"url\":\"https:\\\/\\\/fr.motocrossmag.be\\\/index.php\\\/2026\\\/09\\\/usa-jett-lawrence-forfait-pour-les-playoffs\\\/\",\"name\":\"USA : Jett Lawrence forfait pour les Playoffs - Motocross - Enduro - Supermoto | MotocrossMag\",\"isPartOf\":{\"@id\":\"https:\\\/\\\/fr.motocrossmag.be\\\/#website\"},\"primaryImageOfPage\":{\"@id\":\"https:\\\/\\\/fr.motocrossmag.be\\\/index.php\\\/2026\\\/09\\\/usa-jett-lawrence-forfait-pour-les-playoffs\\\/#primaryimage\"},\"image\":{\"@id\":\"https:\\\/\\\/fr.motocrossmag.be\\\/index.php\\\/2026\\\/09\\\/usa-jett-lawrence-forfait-pour-les-playoffs\\\/#primaryimage\"},\"thumbnailUrl\":\"https:\\\/\\\/fr.motocrossmag.be\\\/wp-content\\\/uploads\\\/2025\\\/11\\\/LAWRENCE-JETT_SX-PARIS-BY-PH_9363.jpg\",\"datePublished\":\"2026-09-02T16:53:18+00:00\",\"dateModified\":\"2026-09-04T16:57:20+00:00\",\"author\":{\"@id\":\"https:\\\/\\\/fr.motocrossmag.be\\\/#\\\/schema\\\/person\\\/11b47143d9f755babca2c9110e03235c\"},\"breadcrumb\":{\"@id\":\"https:\\\/\\\/fr.motocrossmag.be\\\/index.php\\\/2026\\\/09\\\/usa-jett-lawrence-forfait-pour-les-playoffs\\\/#breadcrumb\"},\"inLanguage\":\"fr-FR\",\"potentialAction\":[{\"@type\":\"ReadAction\",\"target\":[\"https:\\\/\\\/fr.motocrossmag.be\\\/index.php\\\/2026\\\/09\\\/usa-jett-lawrence-forfait-pour-les-playoffs\\\/\"]}]},{\"@type\":\"ImageObject\",\"inLanguage\":\"fr-FR\",\"@id\":\"https:\\\/\\\/fr.motocrossmag.be\\\/index.php\\\/2026\\\/09\\\/usa-jett-lawrence-forfait-pour-les-playoffs\\\/#primaryimage\",\"url\":\"https:\\\/\\\/fr.motocrossmag.be\\\/wp-content\\\/uploads\\\/2025\\\/11\\\/LAWRENCE-JETT_SX-PARIS-BY-PH_9363.jpg\",\"contentUrl\":\"https:\\\/\\\/fr.motocrossmag.be\\\/wp-content\\\/uploads\\\/2025\\\/11\\\/LAWRENCE-JETT_SX-PARIS-BY-PH_9363.jpg\",\"width\":1200,\"height\":800},{\"@type\":\"BreadcrumbList\",\"@id\":\"https:\\\/\\\/fr.motocrossmag.be\\\/index.php\\\/2026\\\/09\\\/usa-jett-lawrence-forfait-pour-les-playoffs\\\/#breadcrumb\",\"itemListElement\":[{\"@type\":\"ListItem\",\"position\":1,\"name\":\"Accueil\",\"item\":\"https:\\\/\\\/fr.motocrossmag.be\\\/\"},{\"@type\":\"ListItem\",\"position\":2,\"name\":\"USA : Jett Lawrence forfait pour les Playoffs\"}]},{\"@type\":\"WebSite\",\"@id\":\"https:\\\/\\\/fr.motocrossmag.be\\\/#website\",\"url\":\"https:\\\/\\\/fr.motocrossmag.be\\\/\",\"name\":\"Motocross - Enduro - Supermoto | MotocrossMag\",\"description\":\"L&#039;actualit\u00e9 du motocross, de l&#039;enduro et du Supermoto en ligne!\",\"potentialAction\":[{\"@type\":\"SearchAction\",\"target\":{\"@type\":\"EntryPoint\",\"urlTemplate\":\"https:\\\/\\\/fr.motocrossmag.be\\\/?s={search_term_string}\"},\"query-input\":{\"@type\":\"PropertyValueSpecification\",\"valueRequired\":true,\"valueName\":\"search_term_string\"}}],\"inLanguage\":\"fr-FR\"},{\"@type\":\"Person\",\"@id\":\"https:\\\/\\\/fr.motocrossmag.be\\\/#\\\/schema\\\/person\\\/11b47143d9f755babca2c9110e03235c\",\"name\":\"oliviere\",\"image\":{\"@type\":\"ImageObject\",\"inLanguage\":\"fr-FR\",\"@id\":\"https:\\\/\\\/secure.gravatar.com\\\/avatar\\\/907069e0b81d119452040469e4a7501da1100f54f7f80180ce77bfab718288f6?s=96&d=mm&r=g\",\"url\":\"https:\\\/\\\/secure.gravatar.com\\\/avatar\\\/907069e0b81d119452040469e4a7501da1100f54f7f80180ce77bfab718288f6?s=96&d=mm&r=g\",\"contentUrl\":\"https:\\\/\\\/secure.gravatar.com\\\/avatar\\\/907069e0b81d119452040469e4a7501da1100f54f7f80180ce77bfab718288f6?s=96&d=mm&r=g\",\"caption\":\"oliviere\"},\"sameAs\":[\"http:\\\/\\\/www.motocrossmag.be\"],\"url\":\"https:\\\/\\\/fr.motocrossmag.be\\\/index.php\\\/author\\\/oliviere\\\/\"}]}<\/script>\n<!-- \/ Yoast SEO plugin. -->","yoast_head_json":{"title":"USA : Jett Lawrence forfait pour les Playoffs - Motocross - Enduro - Supermoto | MotocrossMag","robots":{"index":"index","follow":"follow","max-snippet":"max-snippet:-1","max-image-preview":"max-image-preview:large","max-video-preview":"max-video-preview:-1"},"canonical":"https:\/\/fr.motocrossmag.be\/index.php\/2026\/09\/usa-jett-lawrence-forfait-pour-les-playoffs\/","og_locale":"fr_FR","og_type":"article","og_title":"USA : Jett Lawrence forfait pour les Playoffs - Motocross - Enduro - Supermoto | MotocrossMag","og_description":"Jett Lawrence ne disputera pas les trois manches des Playoffs SuperMotocross. Toujours g\u00ean\u00e9 par une blessure \u00e0 la cheville droite contract\u00e9e en d\u00e9cembre dernier, le pilote Honda a finalement d\u00e9cid\u00e9 de se faire op\u00e9rer. L\u2019Australien passera sur la table le 9 septembre \u00e0 la Steadman Clinic, dans le Colorado, afin de traiter les douleurs et [&hellip;]","og_url":"https:\/\/fr.motocrossmag.be\/index.php\/2026\/09\/usa-jett-lawrence-forfait-pour-les-playoffs\/","og_site_name":"Motocross - Enduro - Supermoto | MotocrossMag","article_published_time":"2026-09-02T16:53:18+00:00","article_modified_time":"2026-09-04T16:57:20+00:00","og_image":[{"width":1200,"height":800,"url":"https:\/\/fr.motocrossmag.be\/wp-content\/uploads\/2025\/11\/LAWRENCE-JETT_SX-PARIS-BY-PH_9363.jpg","type":"image\/jpeg"}],"author":"oliviere","twitter_card":"summary_large_image","twitter_misc":{"\u00c9crit par":"oliviere","Dur\u00e9e de lecture estim\u00e9e":"1 minute"},"schema":{"@context":"https:\/\/schema.org","@graph":[{"@type":"Article","@id":"https:\/\/fr.motocrossmag.be\/index.php\/2026\/09\/usa-jett-lawrence-forfait-pour-les-playoffs\/#article","isPartOf":{"@id":"https:\/\/fr.motocrossmag.be\/index.php\/2026\/09\/usa-jett-lawrence-forfait-pour-les-playoffs\/"},"author":{"name":"oliviere","@id":"https:\/\/fr.motocrossmag.be\/#\/schema\/person\/11b47143d9f755babca2c9110e03235c"},"headline":"USA : Jett Lawrence forfait pour les Playoffs","datePublished":"2026-09-02T16:53:18+00:00","dateModified":"2026-09-04T16:57:20+00:00","mainEntityOfPage":{"@id":"https:\/\/fr.motocrossmag.be\/index.php\/2026\/09\/usa-jett-lawrence-forfait-pour-les-playoffs\/"},"wordCount":171,"commentCount":0,"image":{"@id":"https:\/\/fr.motocrossmag.be\/index.php\/2026\/09\/usa-jett-lawrence-forfait-pour-les-playoffs\/#primaryimage"},"thumbnailUrl":"https:\/\/fr.motocrossmag.be\/wp-content\/uploads\/2025\/11\/LAWRENCE-JETT_SX-PARIS-BY-PH_9363.jpg","keywords":["jett lawrence","Supercross"],"articleSection":["Actualit\u00e9","Motocross","MX\/SX US","News","News","Slideshow"],"inLanguage":"fr-FR","potentialAction":[{"@type":"CommentAction","name":"Comment","target":["https:\/\/fr.motocrossmag.be\/index.php\/2026\/09\/usa-jett-lawrence-forfait-pour-les-playoffs\/#respond"]}]},{"@type":"WebPage","@id":"https:\/\/fr.motocrossmag.be\/index.php\/2026\/09\/usa-jett-lawrence-forfait-pour-les-playoffs\/","url":"https:\/\/fr.motocrossmag.be\/index.php\/2026\/09\/usa-jett-lawrence-forfait-pour-les-playoffs\/","name":"USA : Jett Lawrence forfait pour les Playoffs - Motocross - Enduro - Supermoto | MotocrossMag","isPartOf":{"@id":"https:\/\/fr.motocrossmag.be\/#website"},"primaryImageOfPage":{"@id":"https:\/\/fr.motocrossmag.be\/index.php\/2026\/09\/usa-jett-lawrence-forfait-pour-les-playoffs\/#primaryimage"},"image":{"@id":"https:\/\/fr.motocrossmag.be\/index.php\/2026\/09\/usa-jett-lawrence-forfait-pour-les-playoffs\/#primaryimage"},"thumbnailUrl":"https:\/\/fr.motocrossmag.be\/wp-content\/uploads\/2025\/11\/LAWRENCE-JETT_SX-PARIS-BY-PH_9363.jpg","datePublished":"2026-09-02T16:53:18+00:00","dateModified":"2026-09-04T16:57:20+00:00","author":{"@id":"https:\/\/fr.motocrossmag.be\/#\/schema\/person\/11b47143d9f755babca2c9110e03235c"},"breadcrumb":{"@id":"https:\/\/fr.motocrossmag.be\/index.php\/2026\/09\/usa-jett-lawrence-forfait-pour-les-playoffs\/#breadcrumb"},"inLanguage":"fr-FR","potentialAction":[{"@type":"ReadAction","target":["https:\/\/fr.motocrossmag.be\/index.php\/2026\/09\/usa-jett-lawrence-forfait-pour-les-playoffs\/"]}]},{"@type":"ImageObject","inLanguage":"fr-FR","@id":"https:\/\/fr.motocrossmag.be\/index.php\/2026\/09\/usa-jett-lawrence-forfait-pour-les-playoffs\/#primaryimage","url":"https:\/\/fr.motocrossmag.be\/wp-content\/uploads\/2025\/11\/LAWRENCE-JETT_SX-PARIS-BY-PH_9363.jpg","contentUrl":"https:\/\/fr.motocrossmag.be\/wp-content\/uploads\/2025\/11\/LAWRENCE-JETT_SX-PARIS-BY-PH_9363.jpg","width":1200,"height":800},{"@type":"BreadcrumbList","@id":"https:\/\/fr.motocrossmag.be\/index.php\/2026\/09\/usa-jett-lawrence-forfait-pour-les-playoffs\/#breadcrumb","itemListElement":[{"@type":"ListItem","position":1,"name":"Accueil","item":"https:\/\/fr.motocrossmag.be\/"},{"@type":"ListItem","position":2,"name":"USA : Jett Lawrence forfait pour les Playoffs"}]},{"@type":"WebSite","@id":"https:\/\/fr.motocrossmag.be\/#website","url":"https:\/\/fr.motocrossmag.be\/","name":"Motocross - Enduro - Supermoto | MotocrossMag","description":"L&#039;actualit\u00e9 du motocross, de l&#039;enduro et du Supermoto en ligne!","potentialAction":[{"@type":"SearchAction","target":{"@type":"EntryPoint","urlTemplate":"https:\/\/fr.motocrossmag.be\/?s={search_term_string}"},"query-input":{"@type":"PropertyValueSpecification","valueRequired":true,"valueName":"search_term_string"}}],"inLanguage":"fr-FR"},{"@type":"Person","@id":"https:\/\/fr.motocrossmag.be\/#\/schema\/person\/11b47143d9f755babca2c9110e03235c","name":"oliviere","image":{"@type":"ImageObject","inLanguage":"fr-FR","@id":"https:\/\/secure.gravatar.com\/avatar\/907069e0b81d119452040469e4a7501da1100f54f7f80180ce77bfab718288f6?s=96&d=mm&r=g","url":"https:\/\/secure.gravatar.com\/avatar\/907069e0b81d119452040469e4a7501da1100f54f7f80180ce77bfab718288f6?s=96&d=mm&r=g","contentUrl":"https:\/\/secure.gravatar.com\/avatar\/907069e0b81d119452040469e4a7501da1100f54f7f80180ce77bfab718288f6?s=96&d=mm&r=g","caption":"oliviere"},"sameAs":["http:\/\/www.motocrossmag.be"],"url":"https:\/\/fr.motocrossmag.be\/index.php\/author\/oliviere\/"}]}},"_links":{"self":[{"href":"https:\/\/fr.motocrossmag.be\/index.php\/wp-json\/wp\/v2\/posts\/159598","targetHints":{"allow":["GET"]}}],"collection":[{"href":"https:\/\/fr.motocrossmag.be\/index.php\/wp-json\/wp\/v2\/posts"}],"about":[{"href":"https:\/\/fr.motocrossmag.be\/index.php\/wp-json\/wp\/v2\/types\/post"}],"author":[{"embeddable":true,"href":"https:\/\/fr.motocrossmag.be\/index.php\/wp-json\/wp\/v2\/users\/932"}],"replies":[{"embeddable":true,"href":"https:\/\/fr.motocrossmag.be\/index.php\/wp-json\/wp\/v2\/comments?post=159598"}],"version-history":[{"count":1,"href":"https:\/\/fr.motocrossmag.be\/index.php\/wp-json\/wp\/v2\/posts\/159598\/revisions"}],"predecessor-version":[{"id":159599,"href":"https:\/\/fr.motocrossmag.be\/index.php\/wp-json\/wp\/v2\/posts\/159598\/revisions\/159599"}],"wp:featuredmedia":[{"embeddable":true,"href":"https:\/\/fr.motocrossmag.be\/index.php\/wp-json\/wp\/v2\/media\/152687"}],"wp:attachment":[{"href":"https:\/\/fr.motocrossmag.be\/index.php\/wp-json\/wp\/v2\/media?parent=159598"}],"wp:term":[{"taxonomy":"category","embeddable":true,"href":"https:\/\/fr.motocrossmag.be\/index.php\/wp-json\/wp\/v2\/categories?post=159598"},{"taxonomy":"post_tag","embeddable":true,"href":"https:\/\/fr.motocrossmag.be\/index.php\/wp-json\/wp\/v2\/tags?post=159598"}],"curies":[{"name":"wp","href":"https:\/\/api.w.org\/{rel}","templated":true}]}}