{"id":159607,"date":"2026-09-04T19:28:46","date_gmt":"2026-09-04T17:28:46","guid":{"rendered":"https:\/\/fr.motocrossmag.be\/?p=159607"},"modified":"2026-09-04T19:28:46","modified_gmt":"2026-09-04T17:28:46","slug":"saison-terminee-pour-kay-de-wolf-je-veux-etre-a-100-pour-lannee-prochaine","status":"publish","type":"post","link":"https:\/\/fr.motocrossmag.be\/index.php\/2026\/09\/saison-terminee-pour-kay-de-wolf-je-veux-etre-a-100-pour-lannee-prochaine\/","title":{"rendered":"Saison termin\u00e9e pour Kay de Wolf : \u00ab\u00a0Je veux \u00eatre \u00e0 100% pour l&rsquo;ann\u00e9e prochaine\u00a0\u00bb"},"content":{"rendered":"<p><strong>L&rsquo;\u00e9quipe Nestaan Husqvarna Factory Racing a confirm\u00e9 que Kay de Wolf devra faire l\u2019impasse sur la fin du Championnat du monde de motocross 2026 de la FIM apr\u00e8s une chute survenue lundi.<\/strong><\/p>\n<p>Le pilote Husqvarna s\u2019est bless\u00e9 \u00e0 la main dans l\u2019incident. Cette blessure l\u2019emp\u00eachera de participer aux trois derniers Grands Prix de la saison, en Turquie, en Chine et en Australie. De Wolf ne pourra pas non plus repr\u00e9senter les Pays-Bas lors du Motocross des Nations, le 4 octobre prochain \u00e0 Ern\u00e9e, en France.<\/p><div class=\"cqwzs6a9b1724886bb\" ><!-- \/91277017\/Inline-articles-mobile -->\n<div style=\"margin:auto; text-align:center !important\">\n<div id='div-gpt-ad-1784982661365-0' style='min-width: 250px; min-height: 75px;'>\n  <script>\n    googletag.cmd.push(function() { googletag.display('div-gpt-ad-1784982661365-0'); });\n  <\/script>\n<\/div><\/div><\/div><style type=\"text\/css\">\r\n.cqwzs6a9b1724886bb {\r\nmargin-bottom:30px;margin-top:20px\r\n}\r\n@media screen and (min-width: 1201px) {\r\n.cqwzs6a9b1724886bb {\r\ndisplay: block;\r\n}\r\n}\r\n@media screen and (min-width: 993px) and (max-width: 1200px) {\r\n.cqwzs6a9b1724886bb {\r\ndisplay: block;\r\n}\r\n}\r\n@media screen and (min-width: 769px) and (max-width: 992px) {\r\n.cqwzs6a9b1724886bb {\r\ndisplay: block;\r\n}\r\n}\r\n@media screen and (min-width: 768px) and (max-width: 768px) {\r\n.cqwzs6a9b1724886bb {\r\ndisplay: block;\r\n}\r\n}\r\n@media screen and (max-width: 767px) {\r\n.cqwzs6a9b1724886bb {\r\ndisplay: block;\r\n}\r\n}\r\n<\/style>\r\n\n<p>Ce nouveau coup dur met donc pr\u00e9matur\u00e9ment un terme \u00e0 la premi\u00e8re saison de De Wolf en MXGP, au cours de laquelle le N\u00e9erlandais s\u2019est imm\u00e9diatement impos\u00e9 comme un pilote de premier plan.<\/p>\n<p><a href=\"https:\/\/fr.motocrossmag.be\/wp-content\/uploads\/2026\/08\/lommel-dewolf-mxgp.jpg\"><img decoding=\"async\" class=\"alignnone size-full wp-image-157898\" src=\"https:\/\/fr.motocrossmag.be\/wp-content\/uploads\/2026\/08\/lommel-dewolf-mxgp.jpg\" alt=\"\" width=\"1024\" height=\"682\" srcset=\"https:\/\/fr.motocrossmag.be\/wp-content\/uploads\/2026\/08\/lommel-dewolf-mxgp.jpg 1024w, https:\/\/fr.motocrossmag.be\/wp-content\/uploads\/2026\/08\/lommel-dewolf-mxgp-900x599.jpg 900w, https:\/\/fr.motocrossmag.be\/wp-content\/uploads\/2026\/08\/lommel-dewolf-mxgp-768x512.jpg 768w, https:\/\/fr.motocrossmag.be\/wp-content\/uploads\/2026\/08\/lommel-dewolf-mxgp-631x420.jpg 631w, https:\/\/fr.motocrossmag.be\/wp-content\/uploads\/2026\/08\/lommel-dewolf-mxgp-150x100.jpg 150w, https:\/\/fr.motocrossmag.be\/wp-content\/uploads\/2026\/08\/lommel-dewolf-mxgp-300x200.jpg 300w, https:\/\/fr.motocrossmag.be\/wp-content\/uploads\/2026\/08\/lommel-dewolf-mxgp-696x464.jpg 696w\" sizes=\"(max-width: 1024px) 100vw, 1024px\" \/><\/a><\/p>\n<p>De Wolf occupe actuellement la neuvi\u00e8me place du classement provisoire du championnat MXGP avec 428 points. Sa saison 2026 \u00e9tant d\u00e9sormais termin\u00e9e, toute son attention se porte sur sa r\u00e9cup\u00e9ration. Le pilote n\u00e9erlandais sera op\u00e9r\u00e9 de la cheville plus tard ce mois-ci. Il entamera ensuite un programme de r\u00e9\u00e9ducation avec pour objectif de revenir \u00e0 100 % de ses capacit\u00e9s pour la saison 2027.<\/p><div class=\"blanj6a9b1724886d8\" ><!-- \/91277017\/articles-inline-2 -->\n<div style=\"margin: 20px auto; text-align:center !important\">\n<div id='div-gpt-ad-1785021530385-0' style='min-width: 300px; min-height: 75px;'>\n  <script>\n    googletag.cmd.push(function() { googletag.display('div-gpt-ad-1785021530385-0'); });\n  <\/script>\n<\/div><\/div><\/div><style type=\"text\/css\">\r\n@media screen and (min-width: 1201px) {\r\n.blanj6a9b1724886d8 {\r\ndisplay: block;\r\n}\r\n}\r\n@media screen and (min-width: 993px) and (max-width: 1200px) {\r\n.blanj6a9b1724886d8 {\r\ndisplay: block;\r\n}\r\n}\r\n@media screen and (min-width: 769px) and (max-width: 992px) {\r\n.blanj6a9b1724886d8 {\r\ndisplay: block;\r\n}\r\n}\r\n@media screen and (min-width: 768px) and (max-width: 768px) {\r\n.blanj6a9b1724886d8 {\r\ndisplay: block;\r\n}\r\n}\r\n@media screen and (max-width: 767px) {\r\n.blanj6a9b1724886d8 {\r\ndisplay: block;\r\n}\r\n}\r\n<\/style>\r\n\n<p>\u00ab\u00a0Malheureusement, j&rsquo;ai chut\u00e9 lundi, ce qui a mis pr\u00e9matur\u00e9ment fin \u00e0 ma saison\u00a0\u00bb, explique de Wolf. \u00ab\u00a0Je me suis fait une nouvelle blessure \u00e0 la main et je vais donc devoir manquer les derni\u00e8res \u00e9preuves du championnat du monde ainsi que le Motocross des Nations. Je suis vraiment tr\u00e8s d\u00e9\u00e7u. J\u2019aurais tellement aim\u00e9 repr\u00e9senter mon pays lors des Nations. Malheureusement, ce ne sera pas pour cette ann\u00e9e. La priorit\u00e9 est d\u00e9sormais de r\u00e9cup\u00e9rer. Je serai op\u00e9r\u00e9 de la cheville \u00e0 la mi-septembre. Je veux \u00eatre \u00e0 100 % pour la saison prochaine. Je suis tr\u00e8s motiv\u00e9 \u00e0 l\u2019id\u00e9e de travailler pour effectuer un retour en force.\u00a0\u00bb<\/p>\n<p>&nbsp;<\/p>\n","protected":false},"excerpt":{"rendered":"<p>L&rsquo;\u00e9quipe Nestaan Husqvarna Factory Racing a confirm\u00e9 que Kay de Wolf devra faire l\u2019impasse sur la fin du Championnat du monde de motocross 2026 de la FIM apr\u00e8s une chute survenue lundi. Le pilote Husqvarna s\u2019est bless\u00e9 \u00e0 la main dans l\u2019incident. Cette blessure l\u2019emp\u00eachera de participer aux trois derniers Grands Prix de la saison, [&hellip;]<\/p>\n","protected":false},"author":932,"featured_media":158937,"comment_status":"open","ping_status":"closed","sticky":false,"template":"","format":"standard","meta":{"tdm_status":"","tdm_grid_status":"","footnotes":""},"categories":[54,7,58,4,6,5,55,65],"tags":[1491,947,568],"class_list":["post-159607","post","type-post","status-publish","format-standard","has-post-thumbnail","category-actualite","category-interviews","category-interviews-actualite","category-motocross","category-mx1mx2","category-news","category-news-actualite","category-slideshow","tag-kay-de-wolf","tag-motocross","tag-mxgp"],"yoast_head":"<!-- This site is optimized with the Yoast SEO plugin v28.4 - https:\/\/yoast.com\/product\/yoast-seo-wordpress\/ -->\n<title>Saison termin\u00e9e pour Kay de Wolf : &quot;Je veux \u00eatre \u00e0 100% pour l&#039;ann\u00e9e prochaine&quot; - Motocross - Enduro - Supermoto | MotocrossMag<\/title>\n<meta name=\"robots\" content=\"index, follow, max-snippet:-1, max-image-preview:large, max-video-preview:-1\" \/>\n<link rel=\"canonical\" href=\"https:\/\/fr.motocrossmag.be\/index.php\/2026\/09\/saison-terminee-pour-kay-de-wolf-je-veux-etre-a-100-pour-lannee-prochaine\/\" \/>\n<meta property=\"og:locale\" content=\"fr_FR\" \/>\n<meta property=\"og:type\" content=\"article\" \/>\n<meta property=\"og:title\" content=\"Saison termin\u00e9e pour Kay de Wolf : &quot;Je veux \u00eatre \u00e0 100% pour l&#039;ann\u00e9e prochaine&quot; - Motocross - Enduro - Supermoto | MotocrossMag\" \/>\n<meta property=\"og:description\" content=\"L&rsquo;\u00e9quipe Nestaan Husqvarna Factory Racing a confirm\u00e9 que Kay de Wolf devra faire l\u2019impasse sur la fin du Championnat du monde de motocross 2026 de la FIM apr\u00e8s une chute survenue lundi. Le pilote Husqvarna s\u2019est bless\u00e9 \u00e0 la main dans l\u2019incident. Cette blessure l\u2019emp\u00eachera de participer aux trois derniers Grands Prix de la saison, [&hellip;]\" \/>\n<meta property=\"og:url\" content=\"https:\/\/fr.motocrossmag.be\/index.php\/2026\/09\/saison-terminee-pour-kay-de-wolf-je-veux-etre-a-100-pour-lannee-prochaine\/\" \/>\n<meta property=\"og:site_name\" content=\"Motocross - Enduro - Supermoto | MotocrossMag\" \/>\n<meta property=\"article:published_time\" content=\"2026-09-04T17:28:46+00:00\" \/>\n<meta property=\"og:image\" content=\"https:\/\/fr.motocrossmag.be\/wp-content\/uploads\/2026\/08\/209356_Dewolf_TheNetherlands_2026_Fullspectrum_CDS_042A5280.jpg\" \/>\n\t<meta property=\"og:image:width\" content=\"1200\" \/>\n\t<meta property=\"og:image:height\" content=\"800\" \/>\n\t<meta property=\"og:image:type\" content=\"image\/jpeg\" \/>\n<meta name=\"author\" content=\"oliviere\" \/>\n<meta name=\"twitter:card\" content=\"summary_large_image\" \/>\n<meta name=\"twitter:label1\" content=\"\u00c9crit par\" \/>\n\t<meta name=\"twitter:data1\" content=\"oliviere\" \/>\n\t<meta name=\"twitter:label2\" content=\"Dur\u00e9e de lecture estim\u00e9e\" \/>\n\t<meta name=\"twitter:data2\" content=\"2 minutes\" \/>\n<script type=\"application\/ld+json\" class=\"yoast-schema-graph\">{\"@context\":\"https:\\\/\\\/schema.org\",\"@graph\":[{\"@type\":\"Article\",\"@id\":\"https:\\\/\\\/fr.motocrossmag.be\\\/index.php\\\/2026\\\/09\\\/saison-terminee-pour-kay-de-wolf-je-veux-etre-a-100-pour-lannee-prochaine\\\/#article\",\"isPartOf\":{\"@id\":\"https:\\\/\\\/fr.motocrossmag.be\\\/index.php\\\/2026\\\/09\\\/saison-terminee-pour-kay-de-wolf-je-veux-etre-a-100-pour-lannee-prochaine\\\/\"},\"author\":{\"name\":\"oliviere\",\"@id\":\"https:\\\/\\\/fr.motocrossmag.be\\\/#\\\/schema\\\/person\\\/11b47143d9f755babca2c9110e03235c\"},\"headline\":\"Saison termin\u00e9e pour Kay de Wolf : \u00ab\u00a0Je veux \u00eatre \u00e0 100% pour l&rsquo;ann\u00e9e prochaine\u00a0\u00bb\",\"datePublished\":\"2026-09-04T17:28:46+00:00\",\"mainEntityOfPage\":{\"@id\":\"https:\\\/\\\/fr.motocrossmag.be\\\/index.php\\\/2026\\\/09\\\/saison-terminee-pour-kay-de-wolf-je-veux-etre-a-100-pour-lannee-prochaine\\\/\"},\"wordCount\":326,\"commentCount\":0,\"image\":{\"@id\":\"https:\\\/\\\/fr.motocrossmag.be\\\/index.php\\\/2026\\\/09\\\/saison-terminee-pour-kay-de-wolf-je-veux-etre-a-100-pour-lannee-prochaine\\\/#primaryimage\"},\"thumbnailUrl\":\"https:\\\/\\\/fr.motocrossmag.be\\\/wp-content\\\/uploads\\\/2026\\\/08\\\/209356_Dewolf_TheNetherlands_2026_Fullspectrum_CDS_042A5280.jpg\",\"keywords\":[\"kay de wolf\",\"Motocross\",\"MXGP\"],\"articleSection\":[\"Actualit\u00e9\",\"Interviews\",\"Interviews -all\",\"Motocross\",\"Motocross MXGP\",\"News\",\"News\",\"Slideshow\"],\"inLanguage\":\"fr-FR\",\"potentialAction\":[{\"@type\":\"CommentAction\",\"name\":\"Comment\",\"target\":[\"https:\\\/\\\/fr.motocrossmag.be\\\/index.php\\\/2026\\\/09\\\/saison-terminee-pour-kay-de-wolf-je-veux-etre-a-100-pour-lannee-prochaine\\\/#respond\"]}]},{\"@type\":\"WebPage\",\"@id\":\"https:\\\/\\\/fr.motocrossmag.be\\\/index.php\\\/2026\\\/09\\\/saison-terminee-pour-kay-de-wolf-je-veux-etre-a-100-pour-lannee-prochaine\\\/\",\"url\":\"https:\\\/\\\/fr.motocrossmag.be\\\/index.php\\\/2026\\\/09\\\/saison-terminee-pour-kay-de-wolf-je-veux-etre-a-100-pour-lannee-prochaine\\\/\",\"name\":\"Saison termin\u00e9e pour Kay de Wolf : \\\"Je veux \u00eatre \u00e0 100% pour l'ann\u00e9e prochaine\\\" - Motocross - Enduro - Supermoto | MotocrossMag\",\"isPartOf\":{\"@id\":\"https:\\\/\\\/fr.motocrossmag.be\\\/#website\"},\"primaryImageOfPage\":{\"@id\":\"https:\\\/\\\/fr.motocrossmag.be\\\/index.php\\\/2026\\\/09\\\/saison-terminee-pour-kay-de-wolf-je-veux-etre-a-100-pour-lannee-prochaine\\\/#primaryimage\"},\"image\":{\"@id\":\"https:\\\/\\\/fr.motocrossmag.be\\\/index.php\\\/2026\\\/09\\\/saison-terminee-pour-kay-de-wolf-je-veux-etre-a-100-pour-lannee-prochaine\\\/#primaryimage\"},\"thumbnailUrl\":\"https:\\\/\\\/fr.motocrossmag.be\\\/wp-content\\\/uploads\\\/2026\\\/08\\\/209356_Dewolf_TheNetherlands_2026_Fullspectrum_CDS_042A5280.jpg\",\"datePublished\":\"2026-09-04T17:28:46+00:00\",\"author\":{\"@id\":\"https:\\\/\\\/fr.motocrossmag.be\\\/#\\\/schema\\\/person\\\/11b47143d9f755babca2c9110e03235c\"},\"breadcrumb\":{\"@id\":\"https:\\\/\\\/fr.motocrossmag.be\\\/index.php\\\/2026\\\/09\\\/saison-terminee-pour-kay-de-wolf-je-veux-etre-a-100-pour-lannee-prochaine\\\/#breadcrumb\"},\"inLanguage\":\"fr-FR\",\"potentialAction\":[{\"@type\":\"ReadAction\",\"target\":[\"https:\\\/\\\/fr.motocrossmag.be\\\/index.php\\\/2026\\\/09\\\/saison-terminee-pour-kay-de-wolf-je-veux-etre-a-100-pour-lannee-prochaine\\\/\"]}]},{\"@type\":\"ImageObject\",\"inLanguage\":\"fr-FR\",\"@id\":\"https:\\\/\\\/fr.motocrossmag.be\\\/index.php\\\/2026\\\/09\\\/saison-terminee-pour-kay-de-wolf-je-veux-etre-a-100-pour-lannee-prochaine\\\/#primaryimage\",\"url\":\"https:\\\/\\\/fr.motocrossmag.be\\\/wp-content\\\/uploads\\\/2026\\\/08\\\/209356_Dewolf_TheNetherlands_2026_Fullspectrum_CDS_042A5280.jpg\",\"contentUrl\":\"https:\\\/\\\/fr.motocrossmag.be\\\/wp-content\\\/uploads\\\/2026\\\/08\\\/209356_Dewolf_TheNetherlands_2026_Fullspectrum_CDS_042A5280.jpg\",\"width\":1200,\"height\":800},{\"@type\":\"BreadcrumbList\",\"@id\":\"https:\\\/\\\/fr.motocrossmag.be\\\/index.php\\\/2026\\\/09\\\/saison-terminee-pour-kay-de-wolf-je-veux-etre-a-100-pour-lannee-prochaine\\\/#breadcrumb\",\"itemListElement\":[{\"@type\":\"ListItem\",\"position\":1,\"name\":\"Accueil\",\"item\":\"https:\\\/\\\/fr.motocrossmag.be\\\/\"},{\"@type\":\"ListItem\",\"position\":2,\"name\":\"Saison termin\u00e9e pour Kay de Wolf : \u00ab\u00a0Je veux \u00eatre \u00e0 100% pour l&rsquo;ann\u00e9e prochaine\u00a0\u00bb\"}]},{\"@type\":\"WebSite\",\"@id\":\"https:\\\/\\\/fr.motocrossmag.be\\\/#website\",\"url\":\"https:\\\/\\\/fr.motocrossmag.be\\\/\",\"name\":\"Motocross - Enduro - Supermoto | MotocrossMag\",\"description\":\"L&#039;actualit\u00e9 du motocross, de l&#039;enduro et du Supermoto en ligne!\",\"potentialAction\":[{\"@type\":\"SearchAction\",\"target\":{\"@type\":\"EntryPoint\",\"urlTemplate\":\"https:\\\/\\\/fr.motocrossmag.be\\\/?s={search_term_string}\"},\"query-input\":{\"@type\":\"PropertyValueSpecification\",\"valueRequired\":true,\"valueName\":\"search_term_string\"}}],\"inLanguage\":\"fr-FR\"},{\"@type\":\"Person\",\"@id\":\"https:\\\/\\\/fr.motocrossmag.be\\\/#\\\/schema\\\/person\\\/11b47143d9f755babca2c9110e03235c\",\"name\":\"oliviere\",\"image\":{\"@type\":\"ImageObject\",\"inLanguage\":\"fr-FR\",\"@id\":\"https:\\\/\\\/secure.gravatar.com\\\/avatar\\\/907069e0b81d119452040469e4a7501da1100f54f7f80180ce77bfab718288f6?s=96&d=mm&r=g\",\"url\":\"https:\\\/\\\/secure.gravatar.com\\\/avatar\\\/907069e0b81d119452040469e4a7501da1100f54f7f80180ce77bfab718288f6?s=96&d=mm&r=g\",\"contentUrl\":\"https:\\\/\\\/secure.gravatar.com\\\/avatar\\\/907069e0b81d119452040469e4a7501da1100f54f7f80180ce77bfab718288f6?s=96&d=mm&r=g\",\"caption\":\"oliviere\"},\"sameAs\":[\"http:\\\/\\\/www.motocrossmag.be\"],\"url\":\"https:\\\/\\\/fr.motocrossmag.be\\\/index.php\\\/author\\\/oliviere\\\/\"}]}<\/script>\n<!-- \/ Yoast SEO plugin. -->","yoast_head_json":{"title":"Saison termin\u00e9e pour Kay de Wolf : \"Je veux \u00eatre \u00e0 100% pour l'ann\u00e9e prochaine\" - Motocross - Enduro - Supermoto | MotocrossMag","robots":{"index":"index","follow":"follow","max-snippet":"max-snippet:-1","max-image-preview":"max-image-preview:large","max-video-preview":"max-video-preview:-1"},"canonical":"https:\/\/fr.motocrossmag.be\/index.php\/2026\/09\/saison-terminee-pour-kay-de-wolf-je-veux-etre-a-100-pour-lannee-prochaine\/","og_locale":"fr_FR","og_type":"article","og_title":"Saison termin\u00e9e pour Kay de Wolf : \"Je veux \u00eatre \u00e0 100% pour l'ann\u00e9e prochaine\" - Motocross - Enduro - Supermoto | MotocrossMag","og_description":"L&rsquo;\u00e9quipe Nestaan Husqvarna Factory Racing a confirm\u00e9 que Kay de Wolf devra faire l\u2019impasse sur la fin du Championnat du monde de motocross 2026 de la FIM apr\u00e8s une chute survenue lundi. Le pilote Husqvarna s\u2019est bless\u00e9 \u00e0 la main dans l\u2019incident. Cette blessure l\u2019emp\u00eachera de participer aux trois derniers Grands Prix de la saison, [&hellip;]","og_url":"https:\/\/fr.motocrossmag.be\/index.php\/2026\/09\/saison-terminee-pour-kay-de-wolf-je-veux-etre-a-100-pour-lannee-prochaine\/","og_site_name":"Motocross - Enduro - Supermoto | MotocrossMag","article_published_time":"2026-09-04T17:28:46+00:00","og_image":[{"width":1200,"height":800,"url":"https:\/\/fr.motocrossmag.be\/wp-content\/uploads\/2026\/08\/209356_Dewolf_TheNetherlands_2026_Fullspectrum_CDS_042A5280.jpg","type":"image\/jpeg"}],"author":"oliviere","twitter_card":"summary_large_image","twitter_misc":{"\u00c9crit par":"oliviere","Dur\u00e9e de lecture estim\u00e9e":"2 minutes"},"schema":{"@context":"https:\/\/schema.org","@graph":[{"@type":"Article","@id":"https:\/\/fr.motocrossmag.be\/index.php\/2026\/09\/saison-terminee-pour-kay-de-wolf-je-veux-etre-a-100-pour-lannee-prochaine\/#article","isPartOf":{"@id":"https:\/\/fr.motocrossmag.be\/index.php\/2026\/09\/saison-terminee-pour-kay-de-wolf-je-veux-etre-a-100-pour-lannee-prochaine\/"},"author":{"name":"oliviere","@id":"https:\/\/fr.motocrossmag.be\/#\/schema\/person\/11b47143d9f755babca2c9110e03235c"},"headline":"Saison termin\u00e9e pour Kay de Wolf : \u00ab\u00a0Je veux \u00eatre \u00e0 100% pour l&rsquo;ann\u00e9e prochaine\u00a0\u00bb","datePublished":"2026-09-04T17:28:46+00:00","mainEntityOfPage":{"@id":"https:\/\/fr.motocrossmag.be\/index.php\/2026\/09\/saison-terminee-pour-kay-de-wolf-je-veux-etre-a-100-pour-lannee-prochaine\/"},"wordCount":326,"commentCount":0,"image":{"@id":"https:\/\/fr.motocrossmag.be\/index.php\/2026\/09\/saison-terminee-pour-kay-de-wolf-je-veux-etre-a-100-pour-lannee-prochaine\/#primaryimage"},"thumbnailUrl":"https:\/\/fr.motocrossmag.be\/wp-content\/uploads\/2026\/08\/209356_Dewolf_TheNetherlands_2026_Fullspectrum_CDS_042A5280.jpg","keywords":["kay de wolf","Motocross","MXGP"],"articleSection":["Actualit\u00e9","Interviews","Interviews -all","Motocross","Motocross MXGP","News","News","Slideshow"],"inLanguage":"fr-FR","potentialAction":[{"@type":"CommentAction","name":"Comment","target":["https:\/\/fr.motocrossmag.be\/index.php\/2026\/09\/saison-terminee-pour-kay-de-wolf-je-veux-etre-a-100-pour-lannee-prochaine\/#respond"]}]},{"@type":"WebPage","@id":"https:\/\/fr.motocrossmag.be\/index.php\/2026\/09\/saison-terminee-pour-kay-de-wolf-je-veux-etre-a-100-pour-lannee-prochaine\/","url":"https:\/\/fr.motocrossmag.be\/index.php\/2026\/09\/saison-terminee-pour-kay-de-wolf-je-veux-etre-a-100-pour-lannee-prochaine\/","name":"Saison termin\u00e9e pour Kay de Wolf : \"Je veux \u00eatre \u00e0 100% pour l'ann\u00e9e prochaine\" - Motocross - Enduro - Supermoto | MotocrossMag","isPartOf":{"@id":"https:\/\/fr.motocrossmag.be\/#website"},"primaryImageOfPage":{"@id":"https:\/\/fr.motocrossmag.be\/index.php\/2026\/09\/saison-terminee-pour-kay-de-wolf-je-veux-etre-a-100-pour-lannee-prochaine\/#primaryimage"},"image":{"@id":"https:\/\/fr.motocrossmag.be\/index.php\/2026\/09\/saison-terminee-pour-kay-de-wolf-je-veux-etre-a-100-pour-lannee-prochaine\/#primaryimage"},"thumbnailUrl":"https:\/\/fr.motocrossmag.be\/wp-content\/uploads\/2026\/08\/209356_Dewolf_TheNetherlands_2026_Fullspectrum_CDS_042A5280.jpg","datePublished":"2026-09-04T17:28:46+00:00","author":{"@id":"https:\/\/fr.motocrossmag.be\/#\/schema\/person\/11b47143d9f755babca2c9110e03235c"},"breadcrumb":{"@id":"https:\/\/fr.motocrossmag.be\/index.php\/2026\/09\/saison-terminee-pour-kay-de-wolf-je-veux-etre-a-100-pour-lannee-prochaine\/#breadcrumb"},"inLanguage":"fr-FR","potentialAction":[{"@type":"ReadAction","target":["https:\/\/fr.motocrossmag.be\/index.php\/2026\/09\/saison-terminee-pour-kay-de-wolf-je-veux-etre-a-100-pour-lannee-prochaine\/"]}]},{"@type":"ImageObject","inLanguage":"fr-FR","@id":"https:\/\/fr.motocrossmag.be\/index.php\/2026\/09\/saison-terminee-pour-kay-de-wolf-je-veux-etre-a-100-pour-lannee-prochaine\/#primaryimage","url":"https:\/\/fr.motocrossmag.be\/wp-content\/uploads\/2026\/08\/209356_Dewolf_TheNetherlands_2026_Fullspectrum_CDS_042A5280.jpg","contentUrl":"https:\/\/fr.motocrossmag.be\/wp-content\/uploads\/2026\/08\/209356_Dewolf_TheNetherlands_2026_Fullspectrum_CDS_042A5280.jpg","width":1200,"height":800},{"@type":"BreadcrumbList","@id":"https:\/\/fr.motocrossmag.be\/index.php\/2026\/09\/saison-terminee-pour-kay-de-wolf-je-veux-etre-a-100-pour-lannee-prochaine\/#breadcrumb","itemListElement":[{"@type":"ListItem","position":1,"name":"Accueil","item":"https:\/\/fr.motocrossmag.be\/"},{"@type":"ListItem","position":2,"name":"Saison termin\u00e9e pour Kay de Wolf : \u00ab\u00a0Je veux \u00eatre \u00e0 100% pour l&rsquo;ann\u00e9e prochaine\u00a0\u00bb"}]},{"@type":"WebSite","@id":"https:\/\/fr.motocrossmag.be\/#website","url":"https:\/\/fr.motocrossmag.be\/","name":"Motocross - Enduro - Supermoto | MotocrossMag","description":"L&#039;actualit\u00e9 du motocross, de l&#039;enduro et du Supermoto en ligne!","potentialAction":[{"@type":"SearchAction","target":{"@type":"EntryPoint","urlTemplate":"https:\/\/fr.motocrossmag.be\/?s={search_term_string}"},"query-input":{"@type":"PropertyValueSpecification","valueRequired":true,"valueName":"search_term_string"}}],"inLanguage":"fr-FR"},{"@type":"Person","@id":"https:\/\/fr.motocrossmag.be\/#\/schema\/person\/11b47143d9f755babca2c9110e03235c","name":"oliviere","image":{"@type":"ImageObject","inLanguage":"fr-FR","@id":"https:\/\/secure.gravatar.com\/avatar\/907069e0b81d119452040469e4a7501da1100f54f7f80180ce77bfab718288f6?s=96&d=mm&r=g","url":"https:\/\/secure.gravatar.com\/avatar\/907069e0b81d119452040469e4a7501da1100f54f7f80180ce77bfab718288f6?s=96&d=mm&r=g","contentUrl":"https:\/\/secure.gravatar.com\/avatar\/907069e0b81d119452040469e4a7501da1100f54f7f80180ce77bfab718288f6?s=96&d=mm&r=g","caption":"oliviere"},"sameAs":["http:\/\/www.motocrossmag.be"],"url":"https:\/\/fr.motocrossmag.be\/index.php\/author\/oliviere\/"}]}},"_links":{"self":[{"href":"https:\/\/fr.motocrossmag.be\/index.php\/wp-json\/wp\/v2\/posts\/159607","targetHints":{"allow":["GET"]}}],"collection":[{"href":"https:\/\/fr.motocrossmag.be\/index.php\/wp-json\/wp\/v2\/posts"}],"about":[{"href":"https:\/\/fr.motocrossmag.be\/index.php\/wp-json\/wp\/v2\/types\/post"}],"author":[{"embeddable":true,"href":"https:\/\/fr.motocrossmag.be\/index.php\/wp-json\/wp\/v2\/users\/932"}],"replies":[{"embeddable":true,"href":"https:\/\/fr.motocrossmag.be\/index.php\/wp-json\/wp\/v2\/comments?post=159607"}],"version-history":[{"count":1,"href":"https:\/\/fr.motocrossmag.be\/index.php\/wp-json\/wp\/v2\/posts\/159607\/revisions"}],"predecessor-version":[{"id":159608,"href":"https:\/\/fr.motocrossmag.be\/index.php\/wp-json\/wp\/v2\/posts\/159607\/revisions\/159608"}],"wp:featuredmedia":[{"embeddable":true,"href":"https:\/\/fr.motocrossmag.be\/index.php\/wp-json\/wp\/v2\/media\/158937"}],"wp:attachment":[{"href":"https:\/\/fr.motocrossmag.be\/index.php\/wp-json\/wp\/v2\/media?parent=159607"}],"wp:term":[{"taxonomy":"category","embeddable":true,"href":"https:\/\/fr.motocrossmag.be\/index.php\/wp-json\/wp\/v2\/categories?post=159607"},{"taxonomy":"post_tag","embeddable":true,"href":"https:\/\/fr.motocrossmag.be\/index.php\/wp-json\/wp\/v2\/tags?post=159607"}],"curies":[{"name":"wp","href":"https:\/\/api.w.org\/{rel}","templated":true}]}}