{"id":159618,"date":"2026-09-05T18:32:51","date_gmt":"2026-09-05T16:32:51","guid":{"rendered":"https:\/\/fr.motocrossmag.be\/?p=159618"},"modified":"2026-09-05T18:34:16","modified_gmt":"2026-09-05T16:34:16","slug":"jeffrey-herlings-en-pole-en-turquie","status":"publish","type":"post","link":"https:\/\/fr.motocrossmag.be\/index.php\/2026\/09\/jeffrey-herlings-en-pole-en-turquie\/","title":{"rendered":"Jeffrey Herlings en pole en Turquie"},"content":{"rendered":"<p>Doubl\u00e9 pour le team Honda HRC ce samedi dans la manche qualificative MXGP du GP de Turquie avec la victoire de Jeffrey Herlings devant son co\u00e9quipier Tom Vialle.<\/p>\n<p>Tim Gajser prend la 3\u00e8me place devant Romain Febvre et Andea Adamo.<\/p><div class=\"rdlgp6a9c62c6a9cd5\" ><!-- \/91277017\/Inline-articles-mobile -->\n<div style=\"margin:auto; text-align:center !important\">\n<div id='div-gpt-ad-1784982661365-0' style='min-width: 250px; min-height: 75px;'>\n  <script>\n    googletag.cmd.push(function() { googletag.display('div-gpt-ad-1784982661365-0'); });\n  <\/script>\n<\/div><\/div><\/div><style type=\"text\/css\">\r\n.rdlgp6a9c62c6a9cd5 {\r\nmargin-bottom:30px;margin-top:20px\r\n}\r\n@media screen and (min-width: 1201px) {\r\n.rdlgp6a9c62c6a9cd5 {\r\ndisplay: block;\r\n}\r\n}\r\n@media screen and (min-width: 993px) and (max-width: 1200px) {\r\n.rdlgp6a9c62c6a9cd5 {\r\ndisplay: block;\r\n}\r\n}\r\n@media screen and (min-width: 769px) and (max-width: 992px) {\r\n.rdlgp6a9c62c6a9cd5 {\r\ndisplay: block;\r\n}\r\n}\r\n@media screen and (min-width: 768px) and (max-width: 768px) {\r\n.rdlgp6a9c62c6a9cd5 {\r\ndisplay: block;\r\n}\r\n}\r\n@media screen and (max-width: 767px) {\r\n.rdlgp6a9c62c6a9cd5 {\r\ndisplay: block;\r\n}\r\n}\r\n<\/style>\r\n\n<p>Seul Belge engag\u00e9 dans la cat\u00e9gorie en Turquie, Jago Geerts termine au 13\u00e8me rang.<\/p>\n<p><span style=\"color: #800000;\"><strong>R\u00e9sultats\u00a0<\/strong><\/span><\/p>\n<p>1. Jeffrey Herlings (NED, Honda), 25:10.790; 2. Tom Vialle (FRA, Honda), +0:01.046; 3. Tim Gajser (SLO, Yamaha), +0:02.151; 4. Romain Febvre (FRA, Kawasaki), +0:05.181; 5. Andrea Adamo (ITA, KTM), +0:32.721; 6. Jan Pancar (SLO, KTM), +0:34.506; 7. Calvin Vlaanderen (NED, Ducati), +0:34.889; 8. Jeremy Seewer (SUI, KTM), +0:39.045; 9. Pauls Jonass (LAT, Kawasaki), +0:40.082; 10. Alberto Forato (ITA, Fantic), +0:41.377; 11. Kevin Horgmo (NOR, Honda), +0:44.041; 12. Rick Elzinga (NED, KTM), +1:04.093; 13. Jago Geerts (BEL, Beta), +1:04.399; 14. Andrea Bonacorsi (ITA, Ducati), +1:27.347; 15. Ruben Fernandez (ESP, Honda), -2 lap(s); 16. Yigit Ali Selek (TUR, GASGAS), -3 lap(s); 17. Jorgen-Matthias Talviku (EST, Fantic), -8 lap(s);<\/p><div class=\"lqzox6a9c62c6a9cea\" ><!-- \/91277017\/articles-inline-2 -->\n<div style=\"margin: 20px auto; text-align:center !important\">\n<div id='div-gpt-ad-1785021530385-0' style='min-width: 300px; min-height: 75px;'>\n  <script>\n    googletag.cmd.push(function() { googletag.display('div-gpt-ad-1785021530385-0'); });\n  <\/script>\n<\/div><\/div><\/div><style type=\"text\/css\">\r\n@media screen and (min-width: 1201px) {\r\n.lqzox6a9c62c6a9cea {\r\ndisplay: block;\r\n}\r\n}\r\n@media screen and (min-width: 993px) and (max-width: 1200px) {\r\n.lqzox6a9c62c6a9cea {\r\ndisplay: block;\r\n}\r\n}\r\n@media screen and (min-width: 769px) and (max-width: 992px) {\r\n.lqzox6a9c62c6a9cea {\r\ndisplay: block;\r\n}\r\n}\r\n@media screen and (min-width: 768px) and (max-width: 768px) {\r\n.lqzox6a9c62c6a9cea {\r\ndisplay: block;\r\n}\r\n}\r\n@media screen and (max-width: 767px) {\r\n.lqzox6a9c62c6a9cea {\r\ndisplay: block;\r\n}\r\n}\r\n<\/style>\r\n\n<p>CLASSEMENT PROVISOIRE MXGP<\/p>\n<p><em>1.Jeffrey<\/em> Herlings (NED, HON), 805 points; 2. Romain Febvre (FRA, KAW), 659 p.; 3. Tim Gajser (SLO, YAM), 619 p.; 4. Lucas Coenen (BEL, KTM), 566 p.; 5. Andrea Adamo (ITA, KTM), 528 p.; 6. Tom Vialle (FRA, HON), 505 p.; 7. Ruben Fernandez (ESP, HON), 502 p.; 8. Maxime Renaux (FRA, YAM), 449 p.; 9. Kay de Wolf (NED, HUS), 428 p.; 10. Pauls Jonass (LAT, KAW), 335 p.; 11. Kevin Horgmo (NOR, HON), 279 p.; 12. Calvin Vlaanderen (NED, DUC), 273 p.; 13. Jan Pancar (SLO, KTM), 244 p.; 14. Alberto Forato (ITA, FAN), 201 p.; 15. Oriol Oliver (ESP, KTM), 187 p.; 16. Jago Geerts (BEL, BET), 176 p.; 17. Ben Watson (GBR, TRI), 151 p.; 18. Brent Van doninck (BEL, FAN), 146 p.; 19. Roan Van De Moosdijk (NED, KTM), 117 p.; 20. Isak Gifting (SWE, YAM), 88 p.; 21. Jeremy Seewer (SUI, KTM), 87 p.; 22. Andrea Bonacorsi (ITA, DUC), 74 p.; 23. Rick Elzinga (NED, KTM), 73 p.; 24. Mattia Guadagnini (ITA, KTM), 69 p.; 25. Maximilian Spies (GER, KTM), 57 p.; 26. Kevin Brumann (SUI, HUS), 54 p.; 27. Jorgen-Matthias Talviku (EST, FAN), 51 p.; 28. Thibault Benistant (FRA, HON), 40 p.; 29. Glenn Coldenhoff (NED, YAM), 39 p.; 30. Tom Koch (GER, KTM), 29 p.; 31. Adam Sterry (GBR, KTM), 29 p.; 32. Noah Ludwig (GER, KTM), 16 p.; 33. Romain Pape (FRA, YAM), 16 p.; 34. Taylor Hammal (GBR, KAW), 10 p.; 35. Cato Nickel (GER, HON), 10 p.; 36. Ivo Monticelli (ITA, KAW), 10 p.; 37. Enzo Lopes (BRA, HON), 7 p.; 38. Alvin \u00d6stlund (SWE, TRI), 7 p.; 39. Nicholas Lapucci (ITA, HON), 6 p.; 40. Jose Butron (ESP, KTM), 5 p.; 41. Jere Haavisto (FIN, KTM), 5 p.; 42. Cameron Anthony Durow (RSA, KTM), 5 p.; 43. Joaquin Poli (ARG, KAW), 5 p.; 44. Slade Smith (RSA, YAM), 4 p.; 45. Markuss Kokins (LAT, GAS), 4 p.; 46. Lars van Berkel (NED, HON), 4 p.; 47. Benoit Paturel (FRA, YAM), 3 p.; 48. Tristan Purdon (RSA, KAW), 3 p.; 49. Cedric Soubeyras (FRA, HON), 3 p.; 50. Jakub Teresak (CZE, KTM), 3 p.; 51. Brian Hsu (GER, HON), 3 p.; 52. Arnaud Tonus (SUI, YAM), 2 p.; 53. Matthew Malan (RSA, YAM), 2 p.; 54. Victor Alonso (ESP, DUC), 2 p.; 55. Boris Blanken (NED, KTM), 2 p.; 56. Jayden Proctor (RSA, YAM), 2 p.; 57. Erki Kahro (EST, KTM), 2 p.; 58. Olle Martensson (SWE, KAW), 2 p.; 59. Ander Valentin (ESP, TRI), 1 p.; 60. Filip Olsson (SWE, HON), 1 p.; 61. Bogdan Krajewski (FRA, YAM), 1 p.; 62. Tom Grimshaw (GBR, HON), 1 p.;<\/p>\n","protected":false},"excerpt":{"rendered":"<p>Doubl\u00e9 pour le team Honda HRC ce samedi dans la manche qualificative MXGP du GP de Turquie avec la victoire de Jeffrey Herlings devant son co\u00e9quipier Tom Vialle. Tim Gajser prend la 3\u00e8me place devant Romain Febvre et Andea Adamo. Seul Belge engag\u00e9 dans la cat\u00e9gorie en Turquie, Jago Geerts termine au 13\u00e8me rang. R\u00e9sultats\u00a0 [&hellip;]<\/p>\n","protected":false},"author":932,"featured_media":157900,"comment_status":"open","ping_status":"closed","sticky":false,"template":"","format":"standard","meta":{"tdm_status":"","tdm_grid_status":"","footnotes":""},"categories":[54,4,6,5,55,65],"tags":[813,77,947,568,456,780,1246],"class_list":["post-159618","post","type-post","status-publish","format-standard","has-post-thumbnail","category-actualite","category-motocross","category-mx1mx2","category-news","category-news-actualite","category-slideshow","tag-jago-geerts","tag-jeffrey-herlings","tag-motocross","tag-mxgp","tag-romain-febvre","tag-tim-gajser","tag-tom-vialle"],"yoast_head":"<!-- This site is optimized with the Yoast SEO plugin v28.4 - https:\/\/yoast.com\/product\/yoast-seo-wordpress\/ -->\n<title>Jeffrey Herlings en pole en Turquie - Motocross - Enduro - Supermoto | MotocrossMag<\/title>\n<meta name=\"robots\" content=\"index, follow, max-snippet:-1, max-image-preview:large, max-video-preview:-1\" \/>\n<link rel=\"canonical\" href=\"https:\/\/fr.motocrossmag.be\/index.php\/2026\/09\/jeffrey-herlings-en-pole-en-turquie\/\" \/>\n<meta property=\"og:locale\" content=\"fr_FR\" \/>\n<meta property=\"og:type\" content=\"article\" \/>\n<meta property=\"og:title\" content=\"Jeffrey Herlings en pole en Turquie - Motocross - Enduro - Supermoto | MotocrossMag\" \/>\n<meta property=\"og:description\" content=\"Doubl\u00e9 pour le team Honda HRC ce samedi dans la manche qualificative MXGP du GP de Turquie avec la victoire de Jeffrey Herlings devant son co\u00e9quipier Tom Vialle. Tim Gajser prend la 3\u00e8me place devant Romain Febvre et Andea Adamo. Seul Belge engag\u00e9 dans la cat\u00e9gorie en Turquie, Jago Geerts termine au 13\u00e8me rang. R\u00e9sultats\u00a0 [&hellip;]\" \/>\n<meta property=\"og:url\" content=\"https:\/\/fr.motocrossmag.be\/index.php\/2026\/09\/jeffrey-herlings-en-pole-en-turquie\/\" \/>\n<meta property=\"og:site_name\" content=\"Motocross - Enduro - Supermoto | MotocrossMag\" \/>\n<meta property=\"article:published_time\" content=\"2026-09-05T16:32:51+00:00\" \/>\n<meta property=\"article:modified_time\" content=\"2026-09-05T16:34:16+00:00\" \/>\n<meta property=\"og:image\" content=\"https:\/\/fr.motocrossmag.be\/wp-content\/uploads\/2026\/08\/lommel-herlings-mxgp.jpg\" \/>\n\t<meta property=\"og:image:width\" content=\"1024\" \/>\n\t<meta property=\"og:image:height\" content=\"682\" \/>\n\t<meta property=\"og:image:type\" content=\"image\/jpeg\" \/>\n<meta name=\"author\" content=\"oliviere\" \/>\n<meta name=\"twitter:card\" content=\"summary_large_image\" \/>\n<meta name=\"twitter:label1\" content=\"\u00c9crit par\" \/>\n\t<meta name=\"twitter:data1\" content=\"oliviere\" \/>\n\t<meta name=\"twitter:label2\" content=\"Dur\u00e9e de lecture estim\u00e9e\" \/>\n\t<meta name=\"twitter:data2\" content=\"4 minutes\" \/>\n<script type=\"application\/ld+json\" class=\"yoast-schema-graph\">{\"@context\":\"https:\\\/\\\/schema.org\",\"@graph\":[{\"@type\":\"Article\",\"@id\":\"https:\\\/\\\/fr.motocrossmag.be\\\/index.php\\\/2026\\\/09\\\/jeffrey-herlings-en-pole-en-turquie\\\/#article\",\"isPartOf\":{\"@id\":\"https:\\\/\\\/fr.motocrossmag.be\\\/index.php\\\/2026\\\/09\\\/jeffrey-herlings-en-pole-en-turquie\\\/\"},\"author\":{\"name\":\"oliviere\",\"@id\":\"https:\\\/\\\/fr.motocrossmag.be\\\/#\\\/schema\\\/person\\\/11b47143d9f755babca2c9110e03235c\"},\"headline\":\"Jeffrey Herlings en pole en Turquie\",\"datePublished\":\"2026-09-05T16:32:51+00:00\",\"dateModified\":\"2026-09-05T16:34:16+00:00\",\"mainEntityOfPage\":{\"@id\":\"https:\\\/\\\/fr.motocrossmag.be\\\/index.php\\\/2026\\\/09\\\/jeffrey-herlings-en-pole-en-turquie\\\/\"},\"wordCount\":461,\"commentCount\":0,\"image\":{\"@id\":\"https:\\\/\\\/fr.motocrossmag.be\\\/index.php\\\/2026\\\/09\\\/jeffrey-herlings-en-pole-en-turquie\\\/#primaryimage\"},\"thumbnailUrl\":\"https:\\\/\\\/fr.motocrossmag.be\\\/wp-content\\\/uploads\\\/2026\\\/08\\\/lommel-herlings-mxgp.jpg\",\"keywords\":[\"Jago Geerts\",\"Jeffrey Herlings\",\"Motocross\",\"MXGP\",\"romain febvre\",\"tim gajser\",\"tom vialle\"],\"articleSection\":[\"Actualit\u00e9\",\"Motocross\",\"Motocross MXGP\",\"News\",\"News\",\"Slideshow\"],\"inLanguage\":\"fr-FR\",\"potentialAction\":[{\"@type\":\"CommentAction\",\"name\":\"Comment\",\"target\":[\"https:\\\/\\\/fr.motocrossmag.be\\\/index.php\\\/2026\\\/09\\\/jeffrey-herlings-en-pole-en-turquie\\\/#respond\"]}]},{\"@type\":\"WebPage\",\"@id\":\"https:\\\/\\\/fr.motocrossmag.be\\\/index.php\\\/2026\\\/09\\\/jeffrey-herlings-en-pole-en-turquie\\\/\",\"url\":\"https:\\\/\\\/fr.motocrossmag.be\\\/index.php\\\/2026\\\/09\\\/jeffrey-herlings-en-pole-en-turquie\\\/\",\"name\":\"Jeffrey Herlings en pole en Turquie - Motocross - Enduro - Supermoto | MotocrossMag\",\"isPartOf\":{\"@id\":\"https:\\\/\\\/fr.motocrossmag.be\\\/#website\"},\"primaryImageOfPage\":{\"@id\":\"https:\\\/\\\/fr.motocrossmag.be\\\/index.php\\\/2026\\\/09\\\/jeffrey-herlings-en-pole-en-turquie\\\/#primaryimage\"},\"image\":{\"@id\":\"https:\\\/\\\/fr.motocrossmag.be\\\/index.php\\\/2026\\\/09\\\/jeffrey-herlings-en-pole-en-turquie\\\/#primaryimage\"},\"thumbnailUrl\":\"https:\\\/\\\/fr.motocrossmag.be\\\/wp-content\\\/uploads\\\/2026\\\/08\\\/lommel-herlings-mxgp.jpg\",\"datePublished\":\"2026-09-05T16:32:51+00:00\",\"dateModified\":\"2026-09-05T16:34:16+00:00\",\"author\":{\"@id\":\"https:\\\/\\\/fr.motocrossmag.be\\\/#\\\/schema\\\/person\\\/11b47143d9f755babca2c9110e03235c\"},\"breadcrumb\":{\"@id\":\"https:\\\/\\\/fr.motocrossmag.be\\\/index.php\\\/2026\\\/09\\\/jeffrey-herlings-en-pole-en-turquie\\\/#breadcrumb\"},\"inLanguage\":\"fr-FR\",\"potentialAction\":[{\"@type\":\"ReadAction\",\"target\":[\"https:\\\/\\\/fr.motocrossmag.be\\\/index.php\\\/2026\\\/09\\\/jeffrey-herlings-en-pole-en-turquie\\\/\"]}]},{\"@type\":\"ImageObject\",\"inLanguage\":\"fr-FR\",\"@id\":\"https:\\\/\\\/fr.motocrossmag.be\\\/index.php\\\/2026\\\/09\\\/jeffrey-herlings-en-pole-en-turquie\\\/#primaryimage\",\"url\":\"https:\\\/\\\/fr.motocrossmag.be\\\/wp-content\\\/uploads\\\/2026\\\/08\\\/lommel-herlings-mxgp.jpg\",\"contentUrl\":\"https:\\\/\\\/fr.motocrossmag.be\\\/wp-content\\\/uploads\\\/2026\\\/08\\\/lommel-herlings-mxgp.jpg\",\"width\":1024,\"height\":682},{\"@type\":\"BreadcrumbList\",\"@id\":\"https:\\\/\\\/fr.motocrossmag.be\\\/index.php\\\/2026\\\/09\\\/jeffrey-herlings-en-pole-en-turquie\\\/#breadcrumb\",\"itemListElement\":[{\"@type\":\"ListItem\",\"position\":1,\"name\":\"Accueil\",\"item\":\"https:\\\/\\\/fr.motocrossmag.be\\\/\"},{\"@type\":\"ListItem\",\"position\":2,\"name\":\"Jeffrey Herlings en pole en Turquie\"}]},{\"@type\":\"WebSite\",\"@id\":\"https:\\\/\\\/fr.motocrossmag.be\\\/#website\",\"url\":\"https:\\\/\\\/fr.motocrossmag.be\\\/\",\"name\":\"Motocross - Enduro - Supermoto | MotocrossMag\",\"description\":\"L&#039;actualit\u00e9 du motocross, de l&#039;enduro et du Supermoto en ligne!\",\"potentialAction\":[{\"@type\":\"SearchAction\",\"target\":{\"@type\":\"EntryPoint\",\"urlTemplate\":\"https:\\\/\\\/fr.motocrossmag.be\\\/?s={search_term_string}\"},\"query-input\":{\"@type\":\"PropertyValueSpecification\",\"valueRequired\":true,\"valueName\":\"search_term_string\"}}],\"inLanguage\":\"fr-FR\"},{\"@type\":\"Person\",\"@id\":\"https:\\\/\\\/fr.motocrossmag.be\\\/#\\\/schema\\\/person\\\/11b47143d9f755babca2c9110e03235c\",\"name\":\"oliviere\",\"image\":{\"@type\":\"ImageObject\",\"inLanguage\":\"fr-FR\",\"@id\":\"https:\\\/\\\/secure.gravatar.com\\\/avatar\\\/907069e0b81d119452040469e4a7501da1100f54f7f80180ce77bfab718288f6?s=96&d=mm&r=g\",\"url\":\"https:\\\/\\\/secure.gravatar.com\\\/avatar\\\/907069e0b81d119452040469e4a7501da1100f54f7f80180ce77bfab718288f6?s=96&d=mm&r=g\",\"contentUrl\":\"https:\\\/\\\/secure.gravatar.com\\\/avatar\\\/907069e0b81d119452040469e4a7501da1100f54f7f80180ce77bfab718288f6?s=96&d=mm&r=g\",\"caption\":\"oliviere\"},\"sameAs\":[\"http:\\\/\\\/www.motocrossmag.be\"],\"url\":\"https:\\\/\\\/fr.motocrossmag.be\\\/index.php\\\/author\\\/oliviere\\\/\"}]}<\/script>\n<!-- \/ Yoast SEO plugin. -->","yoast_head_json":{"title":"Jeffrey Herlings en pole en Turquie - Motocross - Enduro - Supermoto | MotocrossMag","robots":{"index":"index","follow":"follow","max-snippet":"max-snippet:-1","max-image-preview":"max-image-preview:large","max-video-preview":"max-video-preview:-1"},"canonical":"https:\/\/fr.motocrossmag.be\/index.php\/2026\/09\/jeffrey-herlings-en-pole-en-turquie\/","og_locale":"fr_FR","og_type":"article","og_title":"Jeffrey Herlings en pole en Turquie - Motocross - Enduro - Supermoto | MotocrossMag","og_description":"Doubl\u00e9 pour le team Honda HRC ce samedi dans la manche qualificative MXGP du GP de Turquie avec la victoire de Jeffrey Herlings devant son co\u00e9quipier Tom Vialle. Tim Gajser prend la 3\u00e8me place devant Romain Febvre et Andea Adamo. Seul Belge engag\u00e9 dans la cat\u00e9gorie en Turquie, Jago Geerts termine au 13\u00e8me rang. R\u00e9sultats\u00a0 [&hellip;]","og_url":"https:\/\/fr.motocrossmag.be\/index.php\/2026\/09\/jeffrey-herlings-en-pole-en-turquie\/","og_site_name":"Motocross - Enduro - Supermoto | MotocrossMag","article_published_time":"2026-09-05T16:32:51+00:00","article_modified_time":"2026-09-05T16:34:16+00:00","og_image":[{"width":1024,"height":682,"url":"https:\/\/fr.motocrossmag.be\/wp-content\/uploads\/2026\/08\/lommel-herlings-mxgp.jpg","type":"image\/jpeg"}],"author":"oliviere","twitter_card":"summary_large_image","twitter_misc":{"\u00c9crit par":"oliviere","Dur\u00e9e de lecture estim\u00e9e":"4 minutes"},"schema":{"@context":"https:\/\/schema.org","@graph":[{"@type":"Article","@id":"https:\/\/fr.motocrossmag.be\/index.php\/2026\/09\/jeffrey-herlings-en-pole-en-turquie\/#article","isPartOf":{"@id":"https:\/\/fr.motocrossmag.be\/index.php\/2026\/09\/jeffrey-herlings-en-pole-en-turquie\/"},"author":{"name":"oliviere","@id":"https:\/\/fr.motocrossmag.be\/#\/schema\/person\/11b47143d9f755babca2c9110e03235c"},"headline":"Jeffrey Herlings en pole en Turquie","datePublished":"2026-09-05T16:32:51+00:00","dateModified":"2026-09-05T16:34:16+00:00","mainEntityOfPage":{"@id":"https:\/\/fr.motocrossmag.be\/index.php\/2026\/09\/jeffrey-herlings-en-pole-en-turquie\/"},"wordCount":461,"commentCount":0,"image":{"@id":"https:\/\/fr.motocrossmag.be\/index.php\/2026\/09\/jeffrey-herlings-en-pole-en-turquie\/#primaryimage"},"thumbnailUrl":"https:\/\/fr.motocrossmag.be\/wp-content\/uploads\/2026\/08\/lommel-herlings-mxgp.jpg","keywords":["Jago Geerts","Jeffrey Herlings","Motocross","MXGP","romain febvre","tim gajser","tom vialle"],"articleSection":["Actualit\u00e9","Motocross","Motocross MXGP","News","News","Slideshow"],"inLanguage":"fr-FR","potentialAction":[{"@type":"CommentAction","name":"Comment","target":["https:\/\/fr.motocrossmag.be\/index.php\/2026\/09\/jeffrey-herlings-en-pole-en-turquie\/#respond"]}]},{"@type":"WebPage","@id":"https:\/\/fr.motocrossmag.be\/index.php\/2026\/09\/jeffrey-herlings-en-pole-en-turquie\/","url":"https:\/\/fr.motocrossmag.be\/index.php\/2026\/09\/jeffrey-herlings-en-pole-en-turquie\/","name":"Jeffrey Herlings en pole en Turquie - Motocross - Enduro - Supermoto | MotocrossMag","isPartOf":{"@id":"https:\/\/fr.motocrossmag.be\/#website"},"primaryImageOfPage":{"@id":"https:\/\/fr.motocrossmag.be\/index.php\/2026\/09\/jeffrey-herlings-en-pole-en-turquie\/#primaryimage"},"image":{"@id":"https:\/\/fr.motocrossmag.be\/index.php\/2026\/09\/jeffrey-herlings-en-pole-en-turquie\/#primaryimage"},"thumbnailUrl":"https:\/\/fr.motocrossmag.be\/wp-content\/uploads\/2026\/08\/lommel-herlings-mxgp.jpg","datePublished":"2026-09-05T16:32:51+00:00","dateModified":"2026-09-05T16:34:16+00:00","author":{"@id":"https:\/\/fr.motocrossmag.be\/#\/schema\/person\/11b47143d9f755babca2c9110e03235c"},"breadcrumb":{"@id":"https:\/\/fr.motocrossmag.be\/index.php\/2026\/09\/jeffrey-herlings-en-pole-en-turquie\/#breadcrumb"},"inLanguage":"fr-FR","potentialAction":[{"@type":"ReadAction","target":["https:\/\/fr.motocrossmag.be\/index.php\/2026\/09\/jeffrey-herlings-en-pole-en-turquie\/"]}]},{"@type":"ImageObject","inLanguage":"fr-FR","@id":"https:\/\/fr.motocrossmag.be\/index.php\/2026\/09\/jeffrey-herlings-en-pole-en-turquie\/#primaryimage","url":"https:\/\/fr.motocrossmag.be\/wp-content\/uploads\/2026\/08\/lommel-herlings-mxgp.jpg","contentUrl":"https:\/\/fr.motocrossmag.be\/wp-content\/uploads\/2026\/08\/lommel-herlings-mxgp.jpg","width":1024,"height":682},{"@type":"BreadcrumbList","@id":"https:\/\/fr.motocrossmag.be\/index.php\/2026\/09\/jeffrey-herlings-en-pole-en-turquie\/#breadcrumb","itemListElement":[{"@type":"ListItem","position":1,"name":"Accueil","item":"https:\/\/fr.motocrossmag.be\/"},{"@type":"ListItem","position":2,"name":"Jeffrey Herlings en pole en Turquie"}]},{"@type":"WebSite","@id":"https:\/\/fr.motocrossmag.be\/#website","url":"https:\/\/fr.motocrossmag.be\/","name":"Motocross - Enduro - Supermoto | MotocrossMag","description":"L&#039;actualit\u00e9 du motocross, de l&#039;enduro et du Supermoto en ligne!","potentialAction":[{"@type":"SearchAction","target":{"@type":"EntryPoint","urlTemplate":"https:\/\/fr.motocrossmag.be\/?s={search_term_string}"},"query-input":{"@type":"PropertyValueSpecification","valueRequired":true,"valueName":"search_term_string"}}],"inLanguage":"fr-FR"},{"@type":"Person","@id":"https:\/\/fr.motocrossmag.be\/#\/schema\/person\/11b47143d9f755babca2c9110e03235c","name":"oliviere","image":{"@type":"ImageObject","inLanguage":"fr-FR","@id":"https:\/\/secure.gravatar.com\/avatar\/907069e0b81d119452040469e4a7501da1100f54f7f80180ce77bfab718288f6?s=96&d=mm&r=g","url":"https:\/\/secure.gravatar.com\/avatar\/907069e0b81d119452040469e4a7501da1100f54f7f80180ce77bfab718288f6?s=96&d=mm&r=g","contentUrl":"https:\/\/secure.gravatar.com\/avatar\/907069e0b81d119452040469e4a7501da1100f54f7f80180ce77bfab718288f6?s=96&d=mm&r=g","caption":"oliviere"},"sameAs":["http:\/\/www.motocrossmag.be"],"url":"https:\/\/fr.motocrossmag.be\/index.php\/author\/oliviere\/"}]}},"_links":{"self":[{"href":"https:\/\/fr.motocrossmag.be\/index.php\/wp-json\/wp\/v2\/posts\/159618","targetHints":{"allow":["GET"]}}],"collection":[{"href":"https:\/\/fr.motocrossmag.be\/index.php\/wp-json\/wp\/v2\/posts"}],"about":[{"href":"https:\/\/fr.motocrossmag.be\/index.php\/wp-json\/wp\/v2\/types\/post"}],"author":[{"embeddable":true,"href":"https:\/\/fr.motocrossmag.be\/index.php\/wp-json\/wp\/v2\/users\/932"}],"replies":[{"embeddable":true,"href":"https:\/\/fr.motocrossmag.be\/index.php\/wp-json\/wp\/v2\/comments?post=159618"}],"version-history":[{"count":3,"href":"https:\/\/fr.motocrossmag.be\/index.php\/wp-json\/wp\/v2\/posts\/159618\/revisions"}],"predecessor-version":[{"id":159621,"href":"https:\/\/fr.motocrossmag.be\/index.php\/wp-json\/wp\/v2\/posts\/159618\/revisions\/159621"}],"wp:featuredmedia":[{"embeddable":true,"href":"https:\/\/fr.motocrossmag.be\/index.php\/wp-json\/wp\/v2\/media\/157900"}],"wp:attachment":[{"href":"https:\/\/fr.motocrossmag.be\/index.php\/wp-json\/wp\/v2\/media?parent=159618"}],"wp:term":[{"taxonomy":"category","embeddable":true,"href":"https:\/\/fr.motocrossmag.be\/index.php\/wp-json\/wp\/v2\/categories?post=159618"},{"taxonomy":"post_tag","embeddable":true,"href":"https:\/\/fr.motocrossmag.be\/index.php\/wp-json\/wp\/v2\/tags?post=159618"}],"curies":[{"name":"wp","href":"https:\/\/api.w.org\/{rel}","templated":true}]}}