{"id":16245,"date":"2012-09-30T11:07:50","date_gmt":"2012-09-30T10:07:50","guid":{"rendered":"http:\/\/fr.motocrossmag.be\/?p=16245"},"modified":"2012-09-30T11:10:48","modified_gmt":"2012-09-30T10:10:48","slug":"galerie-photos-photos-mxdn-lommel-le-samedi","status":"publish","type":"post","link":"https:\/\/fr.motocrossmag.be\/index.php\/2012\/09\/galerie-photos-photos-mxdn-lommel-le-samedi\/","title":{"rendered":"Galerie photos | Photos MXDN: Lommel le samedi"},"content":{"rendered":"<p>Le Motocross des Nations, c&rsquo;est La course de l&rsquo;ann\u00e9e. Et ce n&rsquo;est pas cette 66\u00e8me \u00e9dition disput\u00e9e \u00e0\u00a0 Lommel ce week-end qui nous fera changer d&rsquo;avis. Une ambiance explosive, des supporters survolt\u00e9s et des courses toutes plus spectaculaires les unes que les autres ont fait de cette journ\u00e9e du samedi une superbe entr\u00e9e en mati\u00e8re pour cette \u00e9dition 2012 du MXDN.<\/p>\n<p>Photos: Yannick Bernard<\/p><div class=\"ahver6a97cef442f01\" ><!-- \/91277017\/Inline-articles-mobile -->\n<div style=\"margin:auto; text-align:center !important\">\n<div id='div-gpt-ad-1784982661365-0' style='min-width: 250px; min-height: 75px;'>\n  <script>\n    googletag.cmd.push(function() { googletag.display('div-gpt-ad-1784982661365-0'); });\n  <\/script>\n<\/div><\/div><\/div><style type=\"text\/css\">\r\n.ahver6a97cef442f01 {\r\nmargin-bottom:30px;margin-top:20px\r\n}\r\n@media screen and (min-width: 1201px) {\r\n.ahver6a97cef442f01 {\r\ndisplay: block;\r\n}\r\n}\r\n@media screen and (min-width: 993px) and (max-width: 1200px) {\r\n.ahver6a97cef442f01 {\r\ndisplay: block;\r\n}\r\n}\r\n@media screen and (min-width: 769px) and (max-width: 992px) {\r\n.ahver6a97cef442f01 {\r\ndisplay: block;\r\n}\r\n}\r\n@media screen and (min-width: 768px) and (max-width: 768px) {\r\n.ahver6a97cef442f01 {\r\ndisplay: block;\r\n}\r\n}\r\n@media screen and (max-width: 767px) {\r\n.ahver6a97cef442f01 {\r\ndisplay: block;\r\n}\r\n}\r\n<\/style>\r\n\n<p><a rel=\"lightbox dia=1\" href=\"http:\/\/fr.motocrossmag.be\/wp-content\/uploads\/2012\/09\/bmx_7869.jpg\"><img decoding=\"async\" class=\"alignnone size-thumbnail wp-image-16272\" title=\"bmx_7869\" src=\"http:\/\/fr.motocrossmag.be\/wp-content\/uploads\/2012\/09\/bmx_7869-150x150.jpg\" alt=\"\" width=\"150\" height=\"150\" \/><\/a>\u00a0\u00a0 <a rel=\"lightbox dia=1\" href=\"http:\/\/fr.motocrossmag.be\/wp-content\/uploads\/2012\/09\/bmx_7927.jpg\"><img decoding=\"async\" class=\"alignnone size-thumbnail wp-image-16271\" title=\"bmx_7927\" src=\"http:\/\/fr.motocrossmag.be\/wp-content\/uploads\/2012\/09\/bmx_7927-150x150.jpg\" alt=\"\" width=\"150\" height=\"150\" \/><\/a>\u00a0\u00a0 <a rel=\"lightbox dia=1\" href=\"http:\/\/fr.motocrossmag.be\/wp-content\/uploads\/2012\/09\/bmx_7934.jpg\"><img decoding=\"async\" class=\"alignnone size-thumbnail wp-image-16270\" title=\"bmx_7934\" src=\"http:\/\/fr.motocrossmag.be\/wp-content\/uploads\/2012\/09\/bmx_7934-150x150.jpg\" alt=\"\" width=\"150\" height=\"150\" \/><\/a><br \/>\n<a rel=\"lightbox dia=1\" href=\"http:\/\/fr.motocrossmag.be\/wp-content\/uploads\/2012\/09\/bmx_7976.jpg\"><img decoding=\"async\" class=\"alignnone size-thumbnail wp-image-16269\" title=\"bmx_7976\" src=\"http:\/\/fr.motocrossmag.be\/wp-content\/uploads\/2012\/09\/bmx_7976-150x150.jpg\" alt=\"\" width=\"150\" height=\"150\" \/><\/a>\u00a0\u00a0 <a rel=\"lightbox dia=1\" href=\"http:\/\/fr.motocrossmag.be\/wp-content\/uploads\/2012\/09\/mxon_0471.jpg\"><img decoding=\"async\" class=\"alignnone size-thumbnail wp-image-16268\" title=\"mxon_0471\" src=\"http:\/\/fr.motocrossmag.be\/wp-content\/uploads\/2012\/09\/mxon_0471-150x150.jpg\" alt=\"\" width=\"150\" height=\"150\" \/><\/a>\u00a0\u00a0 <a rel=\"lightbox dia=1\" href=\"http:\/\/fr.motocrossmag.be\/wp-content\/uploads\/2012\/09\/mxon_0504.jpg\"><img decoding=\"async\" class=\"alignnone size-thumbnail wp-image-16267\" title=\"mxon_0504\" src=\"http:\/\/fr.motocrossmag.be\/wp-content\/uploads\/2012\/09\/mxon_0504-150x150.jpg\" alt=\"\" width=\"150\" height=\"150\" \/><\/a><br \/>\n<a rel=\"lightbox dia=1\" href=\"http:\/\/fr.motocrossmag.be\/wp-content\/uploads\/2012\/09\/mxon_0513.jpg\"><img decoding=\"async\" class=\"alignnone size-thumbnail wp-image-16266\" title=\"mxon_0513\" src=\"http:\/\/fr.motocrossmag.be\/wp-content\/uploads\/2012\/09\/mxon_0513-150x150.jpg\" alt=\"\" width=\"150\" height=\"150\" \/><\/a>\u00a0\u00a0 <a rel=\"lightbox dia=1\" href=\"http:\/\/fr.motocrossmag.be\/wp-content\/uploads\/2012\/09\/mxon_0518.jpg\"><img decoding=\"async\" class=\"alignnone size-thumbnail wp-image-16265\" title=\"mxon_0518\" src=\"http:\/\/fr.motocrossmag.be\/wp-content\/uploads\/2012\/09\/mxon_0518-150x150.jpg\" alt=\"\" width=\"150\" height=\"150\" \/><\/a>\u00a0\u00a0 <a rel=\"lightbox dia=1\" href=\"http:\/\/fr.motocrossmag.be\/wp-content\/uploads\/2012\/09\/mxon_0522.jpg\"><img decoding=\"async\" class=\"alignnone size-thumbnail wp-image-16264\" title=\"mxon_0522\" src=\"http:\/\/fr.motocrossmag.be\/wp-content\/uploads\/2012\/09\/mxon_0522-150x150.jpg\" alt=\"\" width=\"150\" height=\"150\" \/><\/a><br \/>\n<a rel=\"lightbox dia=1\" href=\"http:\/\/fr.motocrossmag.be\/wp-content\/uploads\/2012\/09\/mxon_0578.jpg\"><img decoding=\"async\" class=\"alignnone size-thumbnail wp-image-16263\" title=\"mxon_0578\" src=\"http:\/\/fr.motocrossmag.be\/wp-content\/uploads\/2012\/09\/mxon_0578-150x150.jpg\" alt=\"\" width=\"150\" height=\"150\" \/><\/a>\u00a0\u00a0 <a rel=\"lightbox dia=1\" href=\"http:\/\/fr.motocrossmag.be\/wp-content\/uploads\/2012\/09\/mxon_0665.jpg\"><img decoding=\"async\" class=\"alignnone size-thumbnail wp-image-16262\" title=\"mxon_0665\" src=\"http:\/\/fr.motocrossmag.be\/wp-content\/uploads\/2012\/09\/mxon_0665-150x150.jpg\" alt=\"\" width=\"150\" height=\"150\" \/><\/a>\u00a0\u00a0 <a rel=\"lightbox dia=1\" href=\"http:\/\/fr.motocrossmag.be\/wp-content\/uploads\/2012\/09\/mxon_0666.jpg\"><img decoding=\"async\" class=\"alignnone size-thumbnail wp-image-16261\" title=\"mxon_0666\" src=\"http:\/\/fr.motocrossmag.be\/wp-content\/uploads\/2012\/09\/mxon_0666-150x150.jpg\" alt=\"\" width=\"150\" height=\"150\" \/><\/a><br \/>\n<a rel=\"lightbox dia=1\" href=\"http:\/\/fr.motocrossmag.be\/wp-content\/uploads\/2012\/09\/mxon_0693.jpg\"><img decoding=\"async\" class=\"alignnone size-thumbnail wp-image-16260\" title=\"mxon_0693\" src=\"http:\/\/fr.motocrossmag.be\/wp-content\/uploads\/2012\/09\/mxon_0693-150x150.jpg\" alt=\"\" width=\"150\" height=\"150\" \/><\/a>\u00a0\u00a0 <a rel=\"lightbox dia=1\" href=\"http:\/\/fr.motocrossmag.be\/wp-content\/uploads\/2012\/09\/mxon_0708.jpg\"><img decoding=\"async\" class=\"alignnone size-thumbnail wp-image-16259\" title=\"mxon_0708\" src=\"http:\/\/fr.motocrossmag.be\/wp-content\/uploads\/2012\/09\/mxon_0708-150x150.jpg\" alt=\"\" width=\"150\" height=\"150\" \/><\/a>\u00a0\u00a0 <a rel=\"lightbox dia=1\" href=\"http:\/\/fr.motocrossmag.be\/wp-content\/uploads\/2012\/09\/mxon_0737.jpg\"><img decoding=\"async\" class=\"alignnone size-thumbnail wp-image-16258\" title=\"mxon_0737\" src=\"http:\/\/fr.motocrossmag.be\/wp-content\/uploads\/2012\/09\/mxon_0737-150x150.jpg\" alt=\"\" width=\"150\" height=\"150\" \/><\/a><br \/>\n<a rel=\"lightbox dia=1\" href=\"http:\/\/fr.motocrossmag.be\/wp-content\/uploads\/2012\/09\/mxon_0751.jpg\"><img decoding=\"async\" class=\"alignnone size-thumbnail wp-image-16257\" title=\"mxon_0751\" src=\"http:\/\/fr.motocrossmag.be\/wp-content\/uploads\/2012\/09\/mxon_0751-150x150.jpg\" alt=\"\" width=\"150\" height=\"150\" \/><\/a>\u00a0\u00a0 <a rel=\"lightbox dia=1\" href=\"http:\/\/fr.motocrossmag.be\/wp-content\/uploads\/2012\/09\/mxon_0775.jpg\"><img decoding=\"async\" class=\"alignnone size-thumbnail wp-image-16256\" title=\"mxon_0775\" src=\"http:\/\/fr.motocrossmag.be\/wp-content\/uploads\/2012\/09\/mxon_0775-150x150.jpg\" alt=\"\" width=\"150\" height=\"150\" \/><\/a>\u00a0\u00a0 <a rel=\"lightbox dia=1\" href=\"http:\/\/fr.motocrossmag.be\/wp-content\/uploads\/2012\/09\/mxon_0793.jpg\"><img decoding=\"async\" class=\"alignnone size-thumbnail wp-image-16255\" title=\"mxon_0793\" src=\"http:\/\/fr.motocrossmag.be\/wp-content\/uploads\/2012\/09\/mxon_0793-150x150.jpg\" alt=\"\" width=\"150\" height=\"150\" \/><\/a><br \/>\n<a rel=\"lightbox dia=1\" href=\"http:\/\/fr.motocrossmag.be\/wp-content\/uploads\/2012\/09\/mxon_0854.jpg\"><img decoding=\"async\" class=\"alignnone size-thumbnail wp-image-16254\" title=\"mxon_0854\" src=\"http:\/\/fr.motocrossmag.be\/wp-content\/uploads\/2012\/09\/mxon_0854-150x150.jpg\" alt=\"\" width=\"150\" height=\"150\" \/><\/a>\u00a0\u00a0 <a rel=\"lightbox dia=1\" href=\"http:\/\/fr.motocrossmag.be\/wp-content\/uploads\/2012\/09\/mxon_0892.jpg\"><img decoding=\"async\" class=\"alignnone size-thumbnail wp-image-16253\" title=\"mxon_0892\" src=\"http:\/\/fr.motocrossmag.be\/wp-content\/uploads\/2012\/09\/mxon_0892-150x150.jpg\" alt=\"\" width=\"150\" height=\"150\" \/><\/a>\u00a0\u00a0 <a rel=\"lightbox dia=1\" href=\"http:\/\/fr.motocrossmag.be\/wp-content\/uploads\/2012\/09\/mxon_0893.jpg\"><img decoding=\"async\" class=\"alignnone size-thumbnail wp-image-16252\" title=\"mxon_0893\" src=\"http:\/\/fr.motocrossmag.be\/wp-content\/uploads\/2012\/09\/mxon_0893-150x150.jpg\" alt=\"\" width=\"150\" height=\"150\" \/><\/a><br \/>\n<a rel=\"lightbox dia=1\" href=\"http:\/\/fr.motocrossmag.be\/wp-content\/uploads\/2012\/09\/mxon_0912.jpg\"><img decoding=\"async\" class=\"alignnone size-thumbnail wp-image-16251\" title=\"mxon_0912\" src=\"http:\/\/fr.motocrossmag.be\/wp-content\/uploads\/2012\/09\/mxon_0912-150x150.jpg\" alt=\"\" width=\"150\" height=\"150\" \/><\/a>\u00a0\u00a0 <a rel=\"lightbox dia=1\" href=\"http:\/\/fr.motocrossmag.be\/wp-content\/uploads\/2012\/09\/mxon_0921.jpg\"><img decoding=\"async\" class=\"alignnone size-thumbnail wp-image-16250\" title=\"mxon_0921\" src=\"http:\/\/fr.motocrossmag.be\/wp-content\/uploads\/2012\/09\/mxon_0921-150x150.jpg\" alt=\"\" width=\"150\" height=\"150\" \/><\/a>\u00a0\u00a0 <a rel=\"lightbox dia=1\" href=\"http:\/\/fr.motocrossmag.be\/wp-content\/uploads\/2012\/09\/mxon_0954.jpg\"><img decoding=\"async\" class=\"alignnone size-thumbnail wp-image-16249\" title=\"mxon_0954\" src=\"http:\/\/fr.motocrossmag.be\/wp-content\/uploads\/2012\/09\/mxon_0954-150x150.jpg\" alt=\"\" width=\"150\" height=\"150\" \/><\/a><br \/>\n<a rel=\"lightbox dia=1\" href=\"http:\/\/fr.motocrossmag.be\/wp-content\/uploads\/2012\/09\/mxon_0993.jpg\"><img decoding=\"async\" class=\"alignnone size-thumbnail wp-image-16248\" title=\"mxon_0993\" src=\"http:\/\/fr.motocrossmag.be\/wp-content\/uploads\/2012\/09\/mxon_0993-150x150.jpg\" alt=\"\" width=\"150\" height=\"150\" \/><\/a>\u00a0\u00a0 <a rel=\"lightbox dia=1\" href=\"http:\/\/fr.motocrossmag.be\/wp-content\/uploads\/2012\/09\/mxon_0998.jpg\"><img decoding=\"async\" class=\"alignnone size-thumbnail wp-image-16247\" title=\"mxon_0998\" src=\"http:\/\/fr.motocrossmag.be\/wp-content\/uploads\/2012\/09\/mxon_0998-150x150.jpg\" alt=\"\" width=\"150\" height=\"150\" \/><\/a>\u00a0\u00a0 <a rel=\"lightbox dia=1\" href=\"http:\/\/fr.motocrossmag.be\/wp-content\/uploads\/2012\/09\/mxon_1006.jpg\"><img decoding=\"async\" class=\"alignnone size-thumbnail wp-image-16246\" title=\"mxon_1006\" src=\"http:\/\/fr.motocrossmag.be\/wp-content\/uploads\/2012\/09\/mxon_1006-150x150.jpg\" alt=\"\" width=\"150\" height=\"150\" \/><\/a><\/p>\n","protected":false},"excerpt":{"rendered":"<p>Le Motocross des Nations, c&rsquo;est La course de l&rsquo;ann\u00e9e. Et ce n&rsquo;est pas cette 66\u00e8me \u00e9dition disput\u00e9e \u00e0\u00a0 Lommel ce week-end qui nous fera changer d&rsquo;avis. Une ambiance explosive, des supporters survolt\u00e9s et des courses toutes plus spectaculaires les unes que les autres ont fait de cette journ\u00e9e du samedi une superbe entr\u00e9e en mati\u00e8re [&hellip;]<\/p>\n","protected":false},"author":932,"featured_media":0,"comment_status":"open","ping_status":"closed","sticky":false,"template":"","format":"standard","meta":{"tdm_status":"","tdm_grid_status":"","footnotes":""},"categories":[66,65],"tags":[],"class_list":["post-16245","post","type-post","status-publish","format-standard","category-photos","category-slideshow"],"yoast_head":"<!-- This site is optimized with the Yoast SEO plugin v28.4 - https:\/\/yoast.com\/product\/yoast-seo-wordpress\/ -->\n<title>Galerie photos | Photos MXDN: Lommel le samedi - Motocross - Enduro - Supermoto | MotocrossMag<\/title>\n<meta name=\"robots\" content=\"index, follow, max-snippet:-1, max-image-preview:large, max-video-preview:-1\" \/>\n<link rel=\"canonical\" href=\"https:\/\/fr.motocrossmag.be\/index.php\/2012\/09\/galerie-photos-photos-mxdn-lommel-le-samedi\/\" \/>\n<meta property=\"og:locale\" content=\"fr_FR\" \/>\n<meta property=\"og:type\" content=\"article\" \/>\n<meta property=\"og:title\" content=\"Galerie photos | Photos MXDN: Lommel le samedi - Motocross - Enduro - Supermoto | MotocrossMag\" \/>\n<meta property=\"og:description\" content=\"Le Motocross des Nations, c&rsquo;est La course de l&rsquo;ann\u00e9e. Et ce n&rsquo;est pas cette 66\u00e8me \u00e9dition disput\u00e9e \u00e0\u00a0 Lommel ce week-end qui nous fera changer d&rsquo;avis. Une ambiance explosive, des supporters survolt\u00e9s et des courses toutes plus spectaculaires les unes que les autres ont fait de cette journ\u00e9e du samedi une superbe entr\u00e9e en mati\u00e8re [&hellip;]\" \/>\n<meta property=\"og:url\" content=\"https:\/\/fr.motocrossmag.be\/index.php\/2012\/09\/galerie-photos-photos-mxdn-lommel-le-samedi\/\" \/>\n<meta property=\"og:site_name\" content=\"Motocross - Enduro - Supermoto | MotocrossMag\" \/>\n<meta property=\"article:published_time\" content=\"2012-09-30T10:07:50+00:00\" \/>\n<meta property=\"article:modified_time\" content=\"2012-09-30T10:10:48+00:00\" \/>\n<meta property=\"og:image\" content=\"http:\/\/fr.motocrossmag.be\/wp-content\/uploads\/2012\/09\/bmx_7869-150x150.jpg\" \/>\n<meta name=\"author\" content=\"oliviere\" \/>\n<meta name=\"twitter:card\" content=\"summary_large_image\" \/>\n<meta name=\"twitter:label1\" content=\"\u00c9crit par\" \/>\n\t<meta name=\"twitter:data1\" content=\"oliviere\" \/>\n<script type=\"application\/ld+json\" class=\"yoast-schema-graph\">{\"@context\":\"https:\\\/\\\/schema.org\",\"@graph\":[{\"@type\":\"Article\",\"@id\":\"https:\\\/\\\/fr.motocrossmag.be\\\/index.php\\\/2012\\\/09\\\/galerie-photos-photos-mxdn-lommel-le-samedi\\\/#article\",\"isPartOf\":{\"@id\":\"https:\\\/\\\/fr.motocrossmag.be\\\/index.php\\\/2012\\\/09\\\/galerie-photos-photos-mxdn-lommel-le-samedi\\\/\"},\"author\":{\"name\":\"oliviere\",\"@id\":\"https:\\\/\\\/fr.motocrossmag.be\\\/#\\\/schema\\\/person\\\/11b47143d9f755babca2c9110e03235c\"},\"headline\":\"Galerie photos | Photos MXDN: Lommel le samedi\",\"datePublished\":\"2012-09-30T10:07:50+00:00\",\"dateModified\":\"2012-09-30T10:10:48+00:00\",\"mainEntityOfPage\":{\"@id\":\"https:\\\/\\\/fr.motocrossmag.be\\\/index.php\\\/2012\\\/09\\\/galerie-photos-photos-mxdn-lommel-le-samedi\\\/\"},\"wordCount\":79,\"commentCount\":0,\"image\":{\"@id\":\"https:\\\/\\\/fr.motocrossmag.be\\\/index.php\\\/2012\\\/09\\\/galerie-photos-photos-mxdn-lommel-le-samedi\\\/#primaryimage\"},\"thumbnailUrl\":\"http:\\\/\\\/fr.motocrossmag.be\\\/wp-content\\\/uploads\\\/2012\\\/09\\\/bmx_7869-150x150.jpg\",\"articleSection\":[\"Photos\",\"Slideshow\"],\"inLanguage\":\"fr-FR\",\"potentialAction\":[{\"@type\":\"CommentAction\",\"name\":\"Comment\",\"target\":[\"https:\\\/\\\/fr.motocrossmag.be\\\/index.php\\\/2012\\\/09\\\/galerie-photos-photos-mxdn-lommel-le-samedi\\\/#respond\"]}]},{\"@type\":\"WebPage\",\"@id\":\"https:\\\/\\\/fr.motocrossmag.be\\\/index.php\\\/2012\\\/09\\\/galerie-photos-photos-mxdn-lommel-le-samedi\\\/\",\"url\":\"https:\\\/\\\/fr.motocrossmag.be\\\/index.php\\\/2012\\\/09\\\/galerie-photos-photos-mxdn-lommel-le-samedi\\\/\",\"name\":\"Galerie photos | Photos MXDN: Lommel le samedi - Motocross - Enduro - Supermoto | MotocrossMag\",\"isPartOf\":{\"@id\":\"https:\\\/\\\/fr.motocrossmag.be\\\/#website\"},\"primaryImageOfPage\":{\"@id\":\"https:\\\/\\\/fr.motocrossmag.be\\\/index.php\\\/2012\\\/09\\\/galerie-photos-photos-mxdn-lommel-le-samedi\\\/#primaryimage\"},\"image\":{\"@id\":\"https:\\\/\\\/fr.motocrossmag.be\\\/index.php\\\/2012\\\/09\\\/galerie-photos-photos-mxdn-lommel-le-samedi\\\/#primaryimage\"},\"thumbnailUrl\":\"http:\\\/\\\/fr.motocrossmag.be\\\/wp-content\\\/uploads\\\/2012\\\/09\\\/bmx_7869-150x150.jpg\",\"datePublished\":\"2012-09-30T10:07:50+00:00\",\"dateModified\":\"2012-09-30T10:10:48+00:00\",\"author\":{\"@id\":\"https:\\\/\\\/fr.motocrossmag.be\\\/#\\\/schema\\\/person\\\/11b47143d9f755babca2c9110e03235c\"},\"breadcrumb\":{\"@id\":\"https:\\\/\\\/fr.motocrossmag.be\\\/index.php\\\/2012\\\/09\\\/galerie-photos-photos-mxdn-lommel-le-samedi\\\/#breadcrumb\"},\"inLanguage\":\"fr-FR\",\"potentialAction\":[{\"@type\":\"ReadAction\",\"target\":[\"https:\\\/\\\/fr.motocrossmag.be\\\/index.php\\\/2012\\\/09\\\/galerie-photos-photos-mxdn-lommel-le-samedi\\\/\"]}]},{\"@type\":\"ImageObject\",\"inLanguage\":\"fr-FR\",\"@id\":\"https:\\\/\\\/fr.motocrossmag.be\\\/index.php\\\/2012\\\/09\\\/galerie-photos-photos-mxdn-lommel-le-samedi\\\/#primaryimage\",\"url\":\"https:\\\/\\\/fr.motocrossmag.be\\\/wp-content\\\/uploads\\\/2012\\\/09\\\/bmx_7869.jpg\",\"contentUrl\":\"https:\\\/\\\/fr.motocrossmag.be\\\/wp-content\\\/uploads\\\/2012\\\/09\\\/bmx_7869.jpg\",\"width\":900,\"height\":600},{\"@type\":\"BreadcrumbList\",\"@id\":\"https:\\\/\\\/fr.motocrossmag.be\\\/index.php\\\/2012\\\/09\\\/galerie-photos-photos-mxdn-lommel-le-samedi\\\/#breadcrumb\",\"itemListElement\":[{\"@type\":\"ListItem\",\"position\":1,\"name\":\"Accueil\",\"item\":\"https:\\\/\\\/fr.motocrossmag.be\\\/\"},{\"@type\":\"ListItem\",\"position\":2,\"name\":\"Galerie photos | Photos MXDN: Lommel le samedi\"}]},{\"@type\":\"WebSite\",\"@id\":\"https:\\\/\\\/fr.motocrossmag.be\\\/#website\",\"url\":\"https:\\\/\\\/fr.motocrossmag.be\\\/\",\"name\":\"Motocross - Enduro - Supermoto | MotocrossMag\",\"description\":\"L&#039;actualit\u00e9 du motocross, de l&#039;enduro et du Supermoto en ligne!\",\"potentialAction\":[{\"@type\":\"SearchAction\",\"target\":{\"@type\":\"EntryPoint\",\"urlTemplate\":\"https:\\\/\\\/fr.motocrossmag.be\\\/?s={search_term_string}\"},\"query-input\":{\"@type\":\"PropertyValueSpecification\",\"valueRequired\":true,\"valueName\":\"search_term_string\"}}],\"inLanguage\":\"fr-FR\"},{\"@type\":\"Person\",\"@id\":\"https:\\\/\\\/fr.motocrossmag.be\\\/#\\\/schema\\\/person\\\/11b47143d9f755babca2c9110e03235c\",\"name\":\"oliviere\",\"image\":{\"@type\":\"ImageObject\",\"inLanguage\":\"fr-FR\",\"@id\":\"https:\\\/\\\/secure.gravatar.com\\\/avatar\\\/907069e0b81d119452040469e4a7501da1100f54f7f80180ce77bfab718288f6?s=96&d=mm&r=g\",\"url\":\"https:\\\/\\\/secure.gravatar.com\\\/avatar\\\/907069e0b81d119452040469e4a7501da1100f54f7f80180ce77bfab718288f6?s=96&d=mm&r=g\",\"contentUrl\":\"https:\\\/\\\/secure.gravatar.com\\\/avatar\\\/907069e0b81d119452040469e4a7501da1100f54f7f80180ce77bfab718288f6?s=96&d=mm&r=g\",\"caption\":\"oliviere\"},\"sameAs\":[\"http:\\\/\\\/www.motocrossmag.be\"],\"url\":\"https:\\\/\\\/fr.motocrossmag.be\\\/index.php\\\/author\\\/oliviere\\\/\"}]}<\/script>\n<!-- \/ Yoast SEO plugin. -->","yoast_head_json":{"title":"Galerie photos | Photos MXDN: Lommel le samedi - Motocross - Enduro - Supermoto | MotocrossMag","robots":{"index":"index","follow":"follow","max-snippet":"max-snippet:-1","max-image-preview":"max-image-preview:large","max-video-preview":"max-video-preview:-1"},"canonical":"https:\/\/fr.motocrossmag.be\/index.php\/2012\/09\/galerie-photos-photos-mxdn-lommel-le-samedi\/","og_locale":"fr_FR","og_type":"article","og_title":"Galerie photos | Photos MXDN: Lommel le samedi - Motocross - Enduro - Supermoto | MotocrossMag","og_description":"Le Motocross des Nations, c&rsquo;est La course de l&rsquo;ann\u00e9e. Et ce n&rsquo;est pas cette 66\u00e8me \u00e9dition disput\u00e9e \u00e0\u00a0 Lommel ce week-end qui nous fera changer d&rsquo;avis. Une ambiance explosive, des supporters survolt\u00e9s et des courses toutes plus spectaculaires les unes que les autres ont fait de cette journ\u00e9e du samedi une superbe entr\u00e9e en mati\u00e8re [&hellip;]","og_url":"https:\/\/fr.motocrossmag.be\/index.php\/2012\/09\/galerie-photos-photos-mxdn-lommel-le-samedi\/","og_site_name":"Motocross - Enduro - Supermoto | MotocrossMag","article_published_time":"2012-09-30T10:07:50+00:00","article_modified_time":"2012-09-30T10:10:48+00:00","og_image":[{"url":"http:\/\/fr.motocrossmag.be\/wp-content\/uploads\/2012\/09\/bmx_7869-150x150.jpg","type":"","width":"","height":""}],"author":"oliviere","twitter_card":"summary_large_image","twitter_misc":{"\u00c9crit par":"oliviere"},"schema":{"@context":"https:\/\/schema.org","@graph":[{"@type":"Article","@id":"https:\/\/fr.motocrossmag.be\/index.php\/2012\/09\/galerie-photos-photos-mxdn-lommel-le-samedi\/#article","isPartOf":{"@id":"https:\/\/fr.motocrossmag.be\/index.php\/2012\/09\/galerie-photos-photos-mxdn-lommel-le-samedi\/"},"author":{"name":"oliviere","@id":"https:\/\/fr.motocrossmag.be\/#\/schema\/person\/11b47143d9f755babca2c9110e03235c"},"headline":"Galerie photos | Photos MXDN: Lommel le samedi","datePublished":"2012-09-30T10:07:50+00:00","dateModified":"2012-09-30T10:10:48+00:00","mainEntityOfPage":{"@id":"https:\/\/fr.motocrossmag.be\/index.php\/2012\/09\/galerie-photos-photos-mxdn-lommel-le-samedi\/"},"wordCount":79,"commentCount":0,"image":{"@id":"https:\/\/fr.motocrossmag.be\/index.php\/2012\/09\/galerie-photos-photos-mxdn-lommel-le-samedi\/#primaryimage"},"thumbnailUrl":"http:\/\/fr.motocrossmag.be\/wp-content\/uploads\/2012\/09\/bmx_7869-150x150.jpg","articleSection":["Photos","Slideshow"],"inLanguage":"fr-FR","potentialAction":[{"@type":"CommentAction","name":"Comment","target":["https:\/\/fr.motocrossmag.be\/index.php\/2012\/09\/galerie-photos-photos-mxdn-lommel-le-samedi\/#respond"]}]},{"@type":"WebPage","@id":"https:\/\/fr.motocrossmag.be\/index.php\/2012\/09\/galerie-photos-photos-mxdn-lommel-le-samedi\/","url":"https:\/\/fr.motocrossmag.be\/index.php\/2012\/09\/galerie-photos-photos-mxdn-lommel-le-samedi\/","name":"Galerie photos | Photos MXDN: Lommel le samedi - Motocross - Enduro - Supermoto | MotocrossMag","isPartOf":{"@id":"https:\/\/fr.motocrossmag.be\/#website"},"primaryImageOfPage":{"@id":"https:\/\/fr.motocrossmag.be\/index.php\/2012\/09\/galerie-photos-photos-mxdn-lommel-le-samedi\/#primaryimage"},"image":{"@id":"https:\/\/fr.motocrossmag.be\/index.php\/2012\/09\/galerie-photos-photos-mxdn-lommel-le-samedi\/#primaryimage"},"thumbnailUrl":"http:\/\/fr.motocrossmag.be\/wp-content\/uploads\/2012\/09\/bmx_7869-150x150.jpg","datePublished":"2012-09-30T10:07:50+00:00","dateModified":"2012-09-30T10:10:48+00:00","author":{"@id":"https:\/\/fr.motocrossmag.be\/#\/schema\/person\/11b47143d9f755babca2c9110e03235c"},"breadcrumb":{"@id":"https:\/\/fr.motocrossmag.be\/index.php\/2012\/09\/galerie-photos-photos-mxdn-lommel-le-samedi\/#breadcrumb"},"inLanguage":"fr-FR","potentialAction":[{"@type":"ReadAction","target":["https:\/\/fr.motocrossmag.be\/index.php\/2012\/09\/galerie-photos-photos-mxdn-lommel-le-samedi\/"]}]},{"@type":"ImageObject","inLanguage":"fr-FR","@id":"https:\/\/fr.motocrossmag.be\/index.php\/2012\/09\/galerie-photos-photos-mxdn-lommel-le-samedi\/#primaryimage","url":"https:\/\/fr.motocrossmag.be\/wp-content\/uploads\/2012\/09\/bmx_7869.jpg","contentUrl":"https:\/\/fr.motocrossmag.be\/wp-content\/uploads\/2012\/09\/bmx_7869.jpg","width":900,"height":600},{"@type":"BreadcrumbList","@id":"https:\/\/fr.motocrossmag.be\/index.php\/2012\/09\/galerie-photos-photos-mxdn-lommel-le-samedi\/#breadcrumb","itemListElement":[{"@type":"ListItem","position":1,"name":"Accueil","item":"https:\/\/fr.motocrossmag.be\/"},{"@type":"ListItem","position":2,"name":"Galerie photos | Photos MXDN: Lommel le samedi"}]},{"@type":"WebSite","@id":"https:\/\/fr.motocrossmag.be\/#website","url":"https:\/\/fr.motocrossmag.be\/","name":"Motocross - Enduro - Supermoto | MotocrossMag","description":"L&#039;actualit\u00e9 du motocross, de l&#039;enduro et du Supermoto en ligne!","potentialAction":[{"@type":"SearchAction","target":{"@type":"EntryPoint","urlTemplate":"https:\/\/fr.motocrossmag.be\/?s={search_term_string}"},"query-input":{"@type":"PropertyValueSpecification","valueRequired":true,"valueName":"search_term_string"}}],"inLanguage":"fr-FR"},{"@type":"Person","@id":"https:\/\/fr.motocrossmag.be\/#\/schema\/person\/11b47143d9f755babca2c9110e03235c","name":"oliviere","image":{"@type":"ImageObject","inLanguage":"fr-FR","@id":"https:\/\/secure.gravatar.com\/avatar\/907069e0b81d119452040469e4a7501da1100f54f7f80180ce77bfab718288f6?s=96&d=mm&r=g","url":"https:\/\/secure.gravatar.com\/avatar\/907069e0b81d119452040469e4a7501da1100f54f7f80180ce77bfab718288f6?s=96&d=mm&r=g","contentUrl":"https:\/\/secure.gravatar.com\/avatar\/907069e0b81d119452040469e4a7501da1100f54f7f80180ce77bfab718288f6?s=96&d=mm&r=g","caption":"oliviere"},"sameAs":["http:\/\/www.motocrossmag.be"],"url":"https:\/\/fr.motocrossmag.be\/index.php\/author\/oliviere\/"}]}},"_links":{"self":[{"href":"https:\/\/fr.motocrossmag.be\/index.php\/wp-json\/wp\/v2\/posts\/16245","targetHints":{"allow":["GET"]}}],"collection":[{"href":"https:\/\/fr.motocrossmag.be\/index.php\/wp-json\/wp\/v2\/posts"}],"about":[{"href":"https:\/\/fr.motocrossmag.be\/index.php\/wp-json\/wp\/v2\/types\/post"}],"author":[{"embeddable":true,"href":"https:\/\/fr.motocrossmag.be\/index.php\/wp-json\/wp\/v2\/users\/932"}],"replies":[{"embeddable":true,"href":"https:\/\/fr.motocrossmag.be\/index.php\/wp-json\/wp\/v2\/comments?post=16245"}],"version-history":[{"count":0,"href":"https:\/\/fr.motocrossmag.be\/index.php\/wp-json\/wp\/v2\/posts\/16245\/revisions"}],"wp:attachment":[{"href":"https:\/\/fr.motocrossmag.be\/index.php\/wp-json\/wp\/v2\/media?parent=16245"}],"wp:term":[{"taxonomy":"category","embeddable":true,"href":"https:\/\/fr.motocrossmag.be\/index.php\/wp-json\/wp\/v2\/categories?post=16245"},{"taxonomy":"post_tag","embeddable":true,"href":"https:\/\/fr.motocrossmag.be\/index.php\/wp-json\/wp\/v2\/tags?post=16245"}],"curies":[{"name":"wp","href":"https:\/\/api.w.org\/{rel}","templated":true}]}}