{"id":16619,"date":"2012-11-22T14:49:59","date_gmt":"2012-11-22T13:49:59","guid":{"rendered":"http:\/\/fr.motocrossmag.be\/?p=16619"},"modified":"2012-11-22T14:49:59","modified_gmt":"2012-11-22T13:49:59","slug":"galerie-photos-photos-la-ronde-des-sables-2012","status":"publish","type":"post","link":"https:\/\/fr.motocrossmag.be\/index.php\/2012\/11\/galerie-photos-photos-la-ronde-des-sables-2012\/","title":{"rendered":"Galerie photos | Photos: la Ronde des Sables 2012"},"content":{"rendered":"<p>La 16\u00e8me \u00e9dition de la Ronde des Sables, seconde \u00e9preuve du championnat de France des courses sur sable, a \u00e9t\u00e9 remport\u00e9e par Jean-Claude Mouss\u00e9, lequel\u00a0sera indiscutablement l&rsquo;un des favoris \u00e0\u00a0 sa propre succession lors de l&rsquo;\u00e9dition 2013 de l&rsquo;Enduropale du Touquet les 2 et 3 f\u00e9vrier prochains.<\/p>\n<p>C\u00f4t\u00e9 belge, on se r\u00e9jouira de la 3\u00e8me place de Steve Ramon, qui avait remport\u00e9 l&rsquo;\u00e9preuve d&rsquo;ouverture du championnat \u00e0\u00a0 Berck devant Mouss\u00e9 et de la victoire en MX2 de Fr\u00e9d\u00e9ric Bosman (16\u00e8me au classement scratch), lui aussi vainqueur de la premi\u00e8re \u00e9preuve \u00e0\u00a0 Berck. Enfin, on se rappellera aussi l&rsquo;\u00e9poustouflant d\u00e9but de course de Julien Lieber, lequel a survol\u00e9 les 2 premi\u00e8res heures de course avant de partir \u00e0\u00a0 la faute. Prometteur!<\/p><div class=\"dzjbt6a97bd05e6ec8\" ><!-- \/91277017\/Inline-articles-mobile -->\n<div style=\"margin:auto; text-align:center !important\">\n<div id='div-gpt-ad-1784982661365-0' style='min-width: 250px; min-height: 75px;'>\n  <script>\n    googletag.cmd.push(function() { googletag.display('div-gpt-ad-1784982661365-0'); });\n  <\/script>\n<\/div><\/div><\/div><style type=\"text\/css\">\r\n.dzjbt6a97bd05e6ec8 {\r\nmargin-bottom:30px;margin-top:20px\r\n}\r\n@media screen and (min-width: 1201px) {\r\n.dzjbt6a97bd05e6ec8 {\r\ndisplay: block;\r\n}\r\n}\r\n@media screen and (min-width: 993px) and (max-width: 1200px) {\r\n.dzjbt6a97bd05e6ec8 {\r\ndisplay: block;\r\n}\r\n}\r\n@media screen and (min-width: 769px) and (max-width: 992px) {\r\n.dzjbt6a97bd05e6ec8 {\r\ndisplay: block;\r\n}\r\n}\r\n@media screen and (min-width: 768px) and (max-width: 768px) {\r\n.dzjbt6a97bd05e6ec8 {\r\ndisplay: block;\r\n}\r\n}\r\n@media screen and (max-width: 767px) {\r\n.dzjbt6a97bd05e6ec8 {\r\ndisplay: block;\r\n}\r\n}\r\n<\/style>\r\n\n<p>Photos: Michel Hennebert<\/p>\n<p><a rel=\"lightbox dia=1\" href=\"http:\/\/fr.motocrossmag.be\/wp-content\/uploads\/2012\/11\/dsc_0182.jpg\"><img decoding=\"async\" class=\"alignnone size-thumbnail wp-image-16628\" title=\"dsc_0182\" src=\"http:\/\/fr.motocrossmag.be\/wp-content\/uploads\/2012\/11\/dsc_0182-150x150.jpg\" alt=\"\" width=\"150\" height=\"150\" \/><\/a>\u00a0\u00a0 <a rel=\"lightbox dia=1\" href=\"http:\/\/fr.motocrossmag.be\/wp-content\/uploads\/2012\/11\/dsc_0185.jpg\"><img decoding=\"async\" class=\"alignnone size-thumbnail wp-image-16627\" title=\"dsc_0185\" src=\"http:\/\/fr.motocrossmag.be\/wp-content\/uploads\/2012\/11\/dsc_0185-150x150.jpg\" alt=\"\" width=\"150\" height=\"150\" \/><\/a>\u00a0\u00a0 <a rel=\"lightbox dia=1\" href=\"http:\/\/fr.motocrossmag.be\/wp-content\/uploads\/2012\/11\/dsc_0187.jpg\"><img decoding=\"async\" class=\"alignnone size-thumbnail wp-image-16626\" title=\"dsc_0187\" src=\"http:\/\/fr.motocrossmag.be\/wp-content\/uploads\/2012\/11\/dsc_0187-150x150.jpg\" alt=\"\" width=\"150\" height=\"150\" \/><\/a><br \/>\n<a rel=\"lightbox dia=1\" href=\"http:\/\/fr.motocrossmag.be\/wp-content\/uploads\/2012\/11\/dsc_0188.jpg\"><img decoding=\"async\" class=\"alignnone size-thumbnail wp-image-16625\" title=\"dsc_0188\" src=\"http:\/\/fr.motocrossmag.be\/wp-content\/uploads\/2012\/11\/dsc_0188-150x150.jpg\" alt=\"\" width=\"150\" height=\"150\" \/><\/a>\u00a0\u00a0 <a rel=\"lightbox dia=1\" href=\"http:\/\/fr.motocrossmag.be\/wp-content\/uploads\/2012\/11\/dsc_0196.jpg\"><img decoding=\"async\" class=\"alignnone size-thumbnail wp-image-16624\" title=\"dsc_0196\" src=\"http:\/\/fr.motocrossmag.be\/wp-content\/uploads\/2012\/11\/dsc_0196-150x150.jpg\" alt=\"\" width=\"150\" height=\"150\" \/><\/a>\u00a0\u00a0 <a rel=\"lightbox dia=1\" href=\"http:\/\/fr.motocrossmag.be\/wp-content\/uploads\/2012\/11\/dsc_0204.jpg\"><img decoding=\"async\" class=\"alignnone size-thumbnail wp-image-16623\" title=\"dsc_0204\" src=\"http:\/\/fr.motocrossmag.be\/wp-content\/uploads\/2012\/11\/dsc_0204-150x150.jpg\" alt=\"\" width=\"150\" height=\"150\" \/><\/a><br \/>\n<a rel=\"lightbox dia=1\" href=\"http:\/\/fr.motocrossmag.be\/wp-content\/uploads\/2012\/11\/dsc_0208.jpg\"><img decoding=\"async\" class=\"alignnone size-thumbnail wp-image-16622\" title=\"dsc_0208\" src=\"http:\/\/fr.motocrossmag.be\/wp-content\/uploads\/2012\/11\/dsc_0208-150x150.jpg\" alt=\"\" width=\"150\" height=\"150\" \/><\/a>\u00a0\u00a0 <a rel=\"lightbox dia=1\" href=\"http:\/\/fr.motocrossmag.be\/wp-content\/uploads\/2012\/11\/dsc_0223.jpg\"><img decoding=\"async\" class=\"alignnone size-thumbnail wp-image-16621\" title=\"dsc_0223\" src=\"http:\/\/fr.motocrossmag.be\/wp-content\/uploads\/2012\/11\/dsc_0223-150x150.jpg\" alt=\"\" width=\"150\" height=\"150\" \/><\/a>\u00a0\u00a0 <a rel=\"lightbox dia=1\" href=\"http:\/\/fr.motocrossmag.be\/wp-content\/uploads\/2012\/11\/dsc_0227.jpg\"><img decoding=\"async\" class=\"alignnone size-thumbnail wp-image-16620\" title=\"dsc_0227\" src=\"http:\/\/fr.motocrossmag.be\/wp-content\/uploads\/2012\/11\/dsc_0227-150x150.jpg\" alt=\"\" width=\"150\" height=\"150\" \/><\/a><br \/>\n<a rel=\"lightbox dia=1\" href=\"http:\/\/fr.motocrossmag.be\/wp-content\/uploads\/2012\/11\/dsc_0232.jpg\"><img decoding=\"async\" class=\"alignnone size-thumbnail wp-image-16618\" title=\"dsc_0232\" src=\"http:\/\/fr.motocrossmag.be\/wp-content\/uploads\/2012\/11\/dsc_0232-150x150.jpg\" alt=\"\" width=\"150\" height=\"150\" \/><\/a>\u00a0\u00a0 <a rel=\"lightbox dia=1\" href=\"http:\/\/fr.motocrossmag.be\/wp-content\/uploads\/2012\/11\/dsc_0238.jpg\"><img decoding=\"async\" class=\"alignnone size-thumbnail wp-image-16617\" title=\"dsc_0238\" src=\"http:\/\/fr.motocrossmag.be\/wp-content\/uploads\/2012\/11\/dsc_0238-150x150.jpg\" alt=\"\" width=\"150\" height=\"150\" \/><\/a>\u00a0\u00a0 <a rel=\"lightbox dia=1\" href=\"http:\/\/fr.motocrossmag.be\/wp-content\/uploads\/2012\/11\/dsc_0242.jpg\"><img decoding=\"async\" class=\"alignnone size-thumbnail wp-image-16616\" title=\"dsc_0242\" src=\"http:\/\/fr.motocrossmag.be\/wp-content\/uploads\/2012\/11\/dsc_0242-150x150.jpg\" alt=\"\" width=\"150\" height=\"150\" \/><\/a><br \/>\n<a rel=\"lightbox dia=1\" href=\"http:\/\/fr.motocrossmag.be\/wp-content\/uploads\/2012\/11\/dsc_0245.jpg\"><img decoding=\"async\" class=\"alignnone size-thumbnail wp-image-16615\" title=\"dsc_0245\" src=\"http:\/\/fr.motocrossmag.be\/wp-content\/uploads\/2012\/11\/dsc_0245-150x150.jpg\" alt=\"\" width=\"150\" height=\"150\" \/><\/a>\u00a0\u00a0 <a rel=\"lightbox dia=1\" href=\"http:\/\/fr.motocrossmag.be\/wp-content\/uploads\/2012\/11\/dsc_0253.jpg\"><img decoding=\"async\" class=\"alignnone size-thumbnail wp-image-16614\" title=\"dsc_0253\" src=\"http:\/\/fr.motocrossmag.be\/wp-content\/uploads\/2012\/11\/dsc_0253-150x150.jpg\" alt=\"\" width=\"150\" height=\"150\" \/><\/a>\u00a0\u00a0 <a rel=\"lightbox dia=1\" href=\"http:\/\/fr.motocrossmag.be\/wp-content\/uploads\/2012\/11\/dsc_0266.jpg\"><img decoding=\"async\" class=\"alignnone size-thumbnail wp-image-16613\" title=\"dsc_0266\" src=\"http:\/\/fr.motocrossmag.be\/wp-content\/uploads\/2012\/11\/dsc_0266-150x150.jpg\" alt=\"\" width=\"150\" height=\"150\" \/><\/a><br \/>\n<a rel=\"lightbox dia=1\" href=\"http:\/\/fr.motocrossmag.be\/wp-content\/uploads\/2012\/11\/dsc_0268.jpg\"><img decoding=\"async\" class=\"alignnone size-thumbnail wp-image-16612\" title=\"dsc_0268\" src=\"http:\/\/fr.motocrossmag.be\/wp-content\/uploads\/2012\/11\/dsc_0268-150x150.jpg\" alt=\"\" width=\"150\" height=\"150\" \/><\/a>\u00a0\u00a0 <a rel=\"lightbox dia=1\" href=\"http:\/\/fr.motocrossmag.be\/wp-content\/uploads\/2012\/11\/dsc_0273.jpg\"><img decoding=\"async\" class=\"alignnone size-thumbnail wp-image-16611\" title=\"dsc_0273\" src=\"http:\/\/fr.motocrossmag.be\/wp-content\/uploads\/2012\/11\/dsc_0273-150x150.jpg\" alt=\"\" width=\"150\" height=\"150\" \/><\/a>\u00a0\u00a0 <a rel=\"lightbox dia=1\" href=\"http:\/\/fr.motocrossmag.be\/wp-content\/uploads\/2012\/11\/dsc_0277.jpg\"><img decoding=\"async\" class=\"alignnone size-thumbnail wp-image-16610\" title=\"dsc_0277\" src=\"http:\/\/fr.motocrossmag.be\/wp-content\/uploads\/2012\/11\/dsc_0277-150x150.jpg\" alt=\"\" width=\"150\" height=\"150\" \/><\/a><br \/>\n<a rel=\"lightbox dia=1\" href=\"http:\/\/fr.motocrossmag.be\/wp-content\/uploads\/2012\/11\/dsc_0279.jpg\"><img decoding=\"async\" class=\"alignnone size-thumbnail wp-image-16609\" title=\"dsc_0279\" src=\"http:\/\/fr.motocrossmag.be\/wp-content\/uploads\/2012\/11\/dsc_0279-150x150.jpg\" alt=\"\" width=\"150\" height=\"150\" \/><\/a>\u00a0\u00a0 <a rel=\"lightbox dia=1\" href=\"http:\/\/fr.motocrossmag.be\/wp-content\/uploads\/2012\/11\/dsc_0283.jpg\"><img decoding=\"async\" class=\"alignnone size-thumbnail wp-image-16608\" title=\"dsc_0283\" src=\"http:\/\/fr.motocrossmag.be\/wp-content\/uploads\/2012\/11\/dsc_0283-150x150.jpg\" alt=\"\" width=\"150\" height=\"150\" \/><\/a>\u00a0\u00a0 <a rel=\"lightbox dia=1\" href=\"http:\/\/fr.motocrossmag.be\/wp-content\/uploads\/2012\/11\/dsc_0284.jpg\"><img decoding=\"async\" class=\"alignnone size-thumbnail wp-image-16607\" title=\"dsc_0284\" src=\"http:\/\/fr.motocrossmag.be\/wp-content\/uploads\/2012\/11\/dsc_0284-150x150.jpg\" alt=\"\" width=\"150\" height=\"150\" \/><\/a><br \/>\n<a rel=\"lightbox dia=1\" href=\"http:\/\/fr.motocrossmag.be\/wp-content\/uploads\/2012\/11\/dsc_0289.jpg\"><img decoding=\"async\" class=\"alignnone size-thumbnail wp-image-16606\" title=\"dsc_0289\" src=\"http:\/\/fr.motocrossmag.be\/wp-content\/uploads\/2012\/11\/dsc_0289-150x150.jpg\" alt=\"\" width=\"150\" height=\"150\" \/><\/a>\u00a0\u00a0 <a rel=\"lightbox dia=1\" href=\"http:\/\/fr.motocrossmag.be\/wp-content\/uploads\/2012\/11\/dsc_0308.jpg\"><img decoding=\"async\" class=\"alignnone size-thumbnail wp-image-16605\" title=\"dsc_0308\" src=\"http:\/\/fr.motocrossmag.be\/wp-content\/uploads\/2012\/11\/dsc_0308-150x150.jpg\" alt=\"\" width=\"150\" height=\"150\" \/><\/a>\u00a0\u00a0 <a rel=\"lightbox dia=1\" href=\"http:\/\/fr.motocrossmag.be\/wp-content\/uploads\/2012\/11\/dsc_0309.jpg\"><img decoding=\"async\" class=\"alignnone size-thumbnail wp-image-16604\" title=\"dsc_0309\" src=\"http:\/\/fr.motocrossmag.be\/wp-content\/uploads\/2012\/11\/dsc_0309-150x150.jpg\" alt=\"\" width=\"150\" height=\"150\" \/><\/a><br \/>\n<a rel=\"lightbox dia=1\" href=\"http:\/\/fr.motocrossmag.be\/wp-content\/uploads\/2012\/11\/dsc_0311.jpg\"><img decoding=\"async\" class=\"alignnone size-thumbnail wp-image-16603\" title=\"dsc_0311\" src=\"http:\/\/fr.motocrossmag.be\/wp-content\/uploads\/2012\/11\/dsc_0311-150x150.jpg\" alt=\"\" width=\"150\" height=\"150\" \/><\/a>\u00a0\u00a0 <a rel=\"lightbox dia=1\" href=\"http:\/\/fr.motocrossmag.be\/wp-content\/uploads\/2012\/11\/dsc_0313.jpg\"><img decoding=\"async\" class=\"alignnone size-thumbnail wp-image-16602\" title=\"dsc_0313\" src=\"http:\/\/fr.motocrossmag.be\/wp-content\/uploads\/2012\/11\/dsc_0313-150x150.jpg\" alt=\"\" width=\"150\" height=\"150\" \/><\/a>\u00a0\u00a0 <a rel=\"lightbox dia=1\" href=\"http:\/\/fr.motocrossmag.be\/wp-content\/uploads\/2012\/11\/dsc_0319.jpg\"><img decoding=\"async\" class=\"alignnone size-thumbnail wp-image-16601\" title=\"dsc_0319\" src=\"http:\/\/fr.motocrossmag.be\/wp-content\/uploads\/2012\/11\/dsc_0319-150x150.jpg\" alt=\"\" width=\"150\" height=\"150\" \/><\/a><br \/>\n<a rel=\"lightbox dia=1\" href=\"http:\/\/fr.motocrossmag.be\/wp-content\/uploads\/2012\/11\/dsc_0327.jpg\"><img decoding=\"async\" class=\"alignnone size-thumbnail wp-image-16600\" title=\"dsc_0327\" src=\"http:\/\/fr.motocrossmag.be\/wp-content\/uploads\/2012\/11\/dsc_0327-150x150.jpg\" alt=\"\" width=\"150\" height=\"150\" \/><\/a>\u00a0\u00a0 <a rel=\"lightbox dia=1\" href=\"http:\/\/fr.motocrossmag.be\/wp-content\/uploads\/2012\/11\/dsc_0330.jpg\"><img decoding=\"async\" class=\"alignnone size-thumbnail wp-image-16599\" title=\"dsc_0330\" src=\"http:\/\/fr.motocrossmag.be\/wp-content\/uploads\/2012\/11\/dsc_0330-150x150.jpg\" alt=\"\" width=\"150\" height=\"150\" \/><\/a>\u00a0\u00a0 <a rel=\"lightbox dia=1\" href=\"http:\/\/fr.motocrossmag.be\/wp-content\/uploads\/2012\/11\/dsc_0335.jpg\"><img decoding=\"async\" class=\"alignnone size-thumbnail wp-image-16598\" title=\"dsc_0335\" src=\"http:\/\/fr.motocrossmag.be\/wp-content\/uploads\/2012\/11\/dsc_0335-150x150.jpg\" alt=\"\" width=\"150\" height=\"150\" \/><\/a><br \/>\n<a rel=\"lightbox dia=1\" href=\"http:\/\/fr.motocrossmag.be\/wp-content\/uploads\/2012\/11\/dsc_0338.jpg\"><img decoding=\"async\" class=\"alignnone size-thumbnail wp-image-16597\" title=\"dsc_0338\" src=\"http:\/\/fr.motocrossmag.be\/wp-content\/uploads\/2012\/11\/dsc_0338-150x150.jpg\" alt=\"\" width=\"150\" height=\"150\" \/><\/a>\u00a0\u00a0 <a rel=\"lightbox dia=1\" href=\"http:\/\/fr.motocrossmag.be\/wp-content\/uploads\/2012\/11\/dsc_0354.jpg\"><img decoding=\"async\" class=\"alignnone size-thumbnail wp-image-16596\" title=\"dsc_0354\" src=\"http:\/\/fr.motocrossmag.be\/wp-content\/uploads\/2012\/11\/dsc_0354-150x150.jpg\" alt=\"\" width=\"150\" height=\"150\" \/><\/a>\u00a0\u00a0 <a rel=\"lightbox dia=1\" href=\"http:\/\/fr.motocrossmag.be\/wp-content\/uploads\/2012\/11\/dsc_0355.jpg\"><img decoding=\"async\" class=\"alignnone size-thumbnail wp-image-16595\" title=\"dsc_0355\" src=\"http:\/\/fr.motocrossmag.be\/wp-content\/uploads\/2012\/11\/dsc_0355-150x150.jpg\" alt=\"\" width=\"150\" height=\"150\" \/><\/a><br \/>\n<a rel=\"lightbox dia=1\" href=\"http:\/\/fr.motocrossmag.be\/wp-content\/uploads\/2012\/11\/dsc_0359.jpg\"><img decoding=\"async\" class=\"alignnone size-thumbnail wp-image-16594\" title=\"dsc_0359\" src=\"http:\/\/fr.motocrossmag.be\/wp-content\/uploads\/2012\/11\/dsc_0359-150x150.jpg\" alt=\"\" width=\"150\" height=\"150\" \/><\/a>\u00a0\u00a0 <a rel=\"lightbox dia=1\" href=\"http:\/\/fr.motocrossmag.be\/wp-content\/uploads\/2012\/11\/dsc_0360.jpg\"><img decoding=\"async\" class=\"alignnone size-thumbnail wp-image-16593\" title=\"dsc_0360\" src=\"http:\/\/fr.motocrossmag.be\/wp-content\/uploads\/2012\/11\/dsc_0360-150x150.jpg\" alt=\"\" width=\"150\" height=\"150\" \/><\/a>\u00a0\u00a0 <a rel=\"lightbox dia=1\" href=\"http:\/\/fr.motocrossmag.be\/wp-content\/uploads\/2012\/11\/dsc_0363.jpg\"><img decoding=\"async\" class=\"alignnone size-thumbnail wp-image-16592\" title=\"dsc_0363\" src=\"http:\/\/fr.motocrossmag.be\/wp-content\/uploads\/2012\/11\/dsc_0363-150x150.jpg\" alt=\"\" width=\"150\" height=\"150\" \/><\/a><br \/>\n<a rel=\"lightbox dia=1\" href=\"http:\/\/fr.motocrossmag.be\/wp-content\/uploads\/2012\/11\/dsc_0375.jpg\"><img decoding=\"async\" class=\"alignnone size-thumbnail wp-image-16591\" title=\"dsc_0375\" src=\"http:\/\/fr.motocrossmag.be\/wp-content\/uploads\/2012\/11\/dsc_0375-150x150.jpg\" alt=\"\" width=\"150\" height=\"150\" \/><\/a>\u00a0\u00a0 <a rel=\"lightbox dia=1\" href=\"http:\/\/fr.motocrossmag.be\/wp-content\/uploads\/2012\/11\/dsc_0384.jpg\"><img decoding=\"async\" class=\"alignnone size-thumbnail wp-image-16590\" title=\"dsc_0384\" src=\"http:\/\/fr.motocrossmag.be\/wp-content\/uploads\/2012\/11\/dsc_0384-150x150.jpg\" alt=\"\" width=\"150\" height=\"150\" \/><\/a><\/p>\n","protected":false},"excerpt":{"rendered":"<p>La 16\u00e8me \u00e9dition de la Ronde des Sables, seconde \u00e9preuve du championnat de France des courses sur sable, a \u00e9t\u00e9 remport\u00e9e par Jean-Claude Mouss\u00e9, lequel\u00a0sera indiscutablement l&rsquo;un des favoris \u00e0\u00a0 sa propre succession lors de l&rsquo;\u00e9dition 2013 de l&rsquo;Enduropale du Touquet les 2 et 3 f\u00e9vrier prochains. C\u00f4t\u00e9 belge, on se r\u00e9jouira de la 3\u00e8me [&hellip;]<\/p>\n","protected":false},"author":932,"featured_media":0,"comment_status":"open","ping_status":"closed","sticky":false,"template":"","format":"standard","meta":{"tdm_status":"","tdm_grid_status":"","footnotes":""},"categories":[66,65],"tags":[],"class_list":["post-16619","post","type-post","status-publish","format-standard","category-photos","category-slideshow"],"yoast_head":"<!-- This site is optimized with the Yoast SEO plugin v28.4 - https:\/\/yoast.com\/product\/yoast-seo-wordpress\/ -->\n<title>Galerie photos | Photos: la Ronde des Sables 2012 - Motocross - Enduro - Supermoto | MotocrossMag<\/title>\n<meta name=\"robots\" content=\"index, follow, max-snippet:-1, max-image-preview:large, max-video-preview:-1\" \/>\n<link rel=\"canonical\" href=\"https:\/\/fr.motocrossmag.be\/index.php\/2012\/11\/galerie-photos-photos-la-ronde-des-sables-2012\/\" \/>\n<meta property=\"og:locale\" content=\"fr_FR\" \/>\n<meta property=\"og:type\" content=\"article\" \/>\n<meta property=\"og:title\" content=\"Galerie photos | Photos: la Ronde des Sables 2012 - Motocross - Enduro - Supermoto | MotocrossMag\" \/>\n<meta property=\"og:description\" content=\"La 16\u00e8me \u00e9dition de la Ronde des Sables, seconde \u00e9preuve du championnat de France des courses sur sable, a \u00e9t\u00e9 remport\u00e9e par Jean-Claude Mouss\u00e9, lequel\u00a0sera indiscutablement l&rsquo;un des favoris \u00e0\u00a0 sa propre succession lors de l&rsquo;\u00e9dition 2013 de l&rsquo;Enduropale du Touquet les 2 et 3 f\u00e9vrier prochains. C\u00f4t\u00e9 belge, on se r\u00e9jouira de la 3\u00e8me [&hellip;]\" \/>\n<meta property=\"og:url\" content=\"https:\/\/fr.motocrossmag.be\/index.php\/2012\/11\/galerie-photos-photos-la-ronde-des-sables-2012\/\" \/>\n<meta property=\"og:site_name\" content=\"Motocross - Enduro - Supermoto | MotocrossMag\" \/>\n<meta property=\"article:published_time\" content=\"2012-11-22T13:49:59+00:00\" \/>\n<meta property=\"og:image\" content=\"http:\/\/fr.motocrossmag.be\/wp-content\/uploads\/2012\/11\/dsc_0182-150x150.jpg\" \/>\n<meta name=\"author\" content=\"oliviere\" \/>\n<meta name=\"twitter:card\" content=\"summary_large_image\" \/>\n<meta name=\"twitter:label1\" content=\"\u00c9crit par\" \/>\n\t<meta name=\"twitter:data1\" content=\"oliviere\" \/>\n\t<meta name=\"twitter:label2\" content=\"Dur\u00e9e de lecture estim\u00e9e\" \/>\n\t<meta name=\"twitter:data2\" content=\"1 minute\" \/>\n<script type=\"application\/ld+json\" class=\"yoast-schema-graph\">{\"@context\":\"https:\\\/\\\/schema.org\",\"@graph\":[{\"@type\":\"Article\",\"@id\":\"https:\\\/\\\/fr.motocrossmag.be\\\/index.php\\\/2012\\\/11\\\/galerie-photos-photos-la-ronde-des-sables-2012\\\/#article\",\"isPartOf\":{\"@id\":\"https:\\\/\\\/fr.motocrossmag.be\\\/index.php\\\/2012\\\/11\\\/galerie-photos-photos-la-ronde-des-sables-2012\\\/\"},\"author\":{\"name\":\"oliviere\",\"@id\":\"https:\\\/\\\/fr.motocrossmag.be\\\/#\\\/schema\\\/person\\\/11b47143d9f755babca2c9110e03235c\"},\"headline\":\"Galerie photos | Photos: la Ronde des Sables 2012\",\"datePublished\":\"2012-11-22T13:49:59+00:00\",\"mainEntityOfPage\":{\"@id\":\"https:\\\/\\\/fr.motocrossmag.be\\\/index.php\\\/2012\\\/11\\\/galerie-photos-photos-la-ronde-des-sables-2012\\\/\"},\"wordCount\":138,\"commentCount\":0,\"image\":{\"@id\":\"https:\\\/\\\/fr.motocrossmag.be\\\/index.php\\\/2012\\\/11\\\/galerie-photos-photos-la-ronde-des-sables-2012\\\/#primaryimage\"},\"thumbnailUrl\":\"http:\\\/\\\/fr.motocrossmag.be\\\/wp-content\\\/uploads\\\/2012\\\/11\\\/dsc_0182-150x150.jpg\",\"articleSection\":[\"Photos\",\"Slideshow\"],\"inLanguage\":\"fr-FR\",\"potentialAction\":[{\"@type\":\"CommentAction\",\"name\":\"Comment\",\"target\":[\"https:\\\/\\\/fr.motocrossmag.be\\\/index.php\\\/2012\\\/11\\\/galerie-photos-photos-la-ronde-des-sables-2012\\\/#respond\"]}]},{\"@type\":\"WebPage\",\"@id\":\"https:\\\/\\\/fr.motocrossmag.be\\\/index.php\\\/2012\\\/11\\\/galerie-photos-photos-la-ronde-des-sables-2012\\\/\",\"url\":\"https:\\\/\\\/fr.motocrossmag.be\\\/index.php\\\/2012\\\/11\\\/galerie-photos-photos-la-ronde-des-sables-2012\\\/\",\"name\":\"Galerie photos | Photos: la Ronde des Sables 2012 - Motocross - Enduro - Supermoto | MotocrossMag\",\"isPartOf\":{\"@id\":\"https:\\\/\\\/fr.motocrossmag.be\\\/#website\"},\"primaryImageOfPage\":{\"@id\":\"https:\\\/\\\/fr.motocrossmag.be\\\/index.php\\\/2012\\\/11\\\/galerie-photos-photos-la-ronde-des-sables-2012\\\/#primaryimage\"},\"image\":{\"@id\":\"https:\\\/\\\/fr.motocrossmag.be\\\/index.php\\\/2012\\\/11\\\/galerie-photos-photos-la-ronde-des-sables-2012\\\/#primaryimage\"},\"thumbnailUrl\":\"http:\\\/\\\/fr.motocrossmag.be\\\/wp-content\\\/uploads\\\/2012\\\/11\\\/dsc_0182-150x150.jpg\",\"datePublished\":\"2012-11-22T13:49:59+00:00\",\"author\":{\"@id\":\"https:\\\/\\\/fr.motocrossmag.be\\\/#\\\/schema\\\/person\\\/11b47143d9f755babca2c9110e03235c\"},\"breadcrumb\":{\"@id\":\"https:\\\/\\\/fr.motocrossmag.be\\\/index.php\\\/2012\\\/11\\\/galerie-photos-photos-la-ronde-des-sables-2012\\\/#breadcrumb\"},\"inLanguage\":\"fr-FR\",\"potentialAction\":[{\"@type\":\"ReadAction\",\"target\":[\"https:\\\/\\\/fr.motocrossmag.be\\\/index.php\\\/2012\\\/11\\\/galerie-photos-photos-la-ronde-des-sables-2012\\\/\"]}]},{\"@type\":\"ImageObject\",\"inLanguage\":\"fr-FR\",\"@id\":\"https:\\\/\\\/fr.motocrossmag.be\\\/index.php\\\/2012\\\/11\\\/galerie-photos-photos-la-ronde-des-sables-2012\\\/#primaryimage\",\"url\":\"https:\\\/\\\/fr.motocrossmag.be\\\/wp-content\\\/uploads\\\/2012\\\/11\\\/dsc_0182.jpg\",\"contentUrl\":\"https:\\\/\\\/fr.motocrossmag.be\\\/wp-content\\\/uploads\\\/2012\\\/11\\\/dsc_0182.jpg\",\"width\":1054,\"height\":700},{\"@type\":\"BreadcrumbList\",\"@id\":\"https:\\\/\\\/fr.motocrossmag.be\\\/index.php\\\/2012\\\/11\\\/galerie-photos-photos-la-ronde-des-sables-2012\\\/#breadcrumb\",\"itemListElement\":[{\"@type\":\"ListItem\",\"position\":1,\"name\":\"Accueil\",\"item\":\"https:\\\/\\\/fr.motocrossmag.be\\\/\"},{\"@type\":\"ListItem\",\"position\":2,\"name\":\"Galerie photos | Photos: la Ronde des Sables 2012\"}]},{\"@type\":\"WebSite\",\"@id\":\"https:\\\/\\\/fr.motocrossmag.be\\\/#website\",\"url\":\"https:\\\/\\\/fr.motocrossmag.be\\\/\",\"name\":\"Motocross - Enduro - Supermoto | MotocrossMag\",\"description\":\"L&#039;actualit\u00e9 du motocross, de l&#039;enduro et du Supermoto en ligne!\",\"potentialAction\":[{\"@type\":\"SearchAction\",\"target\":{\"@type\":\"EntryPoint\",\"urlTemplate\":\"https:\\\/\\\/fr.motocrossmag.be\\\/?s={search_term_string}\"},\"query-input\":{\"@type\":\"PropertyValueSpecification\",\"valueRequired\":true,\"valueName\":\"search_term_string\"}}],\"inLanguage\":\"fr-FR\"},{\"@type\":\"Person\",\"@id\":\"https:\\\/\\\/fr.motocrossmag.be\\\/#\\\/schema\\\/person\\\/11b47143d9f755babca2c9110e03235c\",\"name\":\"oliviere\",\"image\":{\"@type\":\"ImageObject\",\"inLanguage\":\"fr-FR\",\"@id\":\"https:\\\/\\\/secure.gravatar.com\\\/avatar\\\/907069e0b81d119452040469e4a7501da1100f54f7f80180ce77bfab718288f6?s=96&d=mm&r=g\",\"url\":\"https:\\\/\\\/secure.gravatar.com\\\/avatar\\\/907069e0b81d119452040469e4a7501da1100f54f7f80180ce77bfab718288f6?s=96&d=mm&r=g\",\"contentUrl\":\"https:\\\/\\\/secure.gravatar.com\\\/avatar\\\/907069e0b81d119452040469e4a7501da1100f54f7f80180ce77bfab718288f6?s=96&d=mm&r=g\",\"caption\":\"oliviere\"},\"sameAs\":[\"http:\\\/\\\/www.motocrossmag.be\"],\"url\":\"https:\\\/\\\/fr.motocrossmag.be\\\/index.php\\\/author\\\/oliviere\\\/\"}]}<\/script>\n<!-- \/ Yoast SEO plugin. -->","yoast_head_json":{"title":"Galerie photos | Photos: la Ronde des Sables 2012 - Motocross - Enduro - Supermoto | MotocrossMag","robots":{"index":"index","follow":"follow","max-snippet":"max-snippet:-1","max-image-preview":"max-image-preview:large","max-video-preview":"max-video-preview:-1"},"canonical":"https:\/\/fr.motocrossmag.be\/index.php\/2012\/11\/galerie-photos-photos-la-ronde-des-sables-2012\/","og_locale":"fr_FR","og_type":"article","og_title":"Galerie photos | Photos: la Ronde des Sables 2012 - Motocross - Enduro - Supermoto | MotocrossMag","og_description":"La 16\u00e8me \u00e9dition de la Ronde des Sables, seconde \u00e9preuve du championnat de France des courses sur sable, a \u00e9t\u00e9 remport\u00e9e par Jean-Claude Mouss\u00e9, lequel\u00a0sera indiscutablement l&rsquo;un des favoris \u00e0\u00a0 sa propre succession lors de l&rsquo;\u00e9dition 2013 de l&rsquo;Enduropale du Touquet les 2 et 3 f\u00e9vrier prochains. C\u00f4t\u00e9 belge, on se r\u00e9jouira de la 3\u00e8me [&hellip;]","og_url":"https:\/\/fr.motocrossmag.be\/index.php\/2012\/11\/galerie-photos-photos-la-ronde-des-sables-2012\/","og_site_name":"Motocross - Enduro - Supermoto | MotocrossMag","article_published_time":"2012-11-22T13:49:59+00:00","og_image":[{"url":"http:\/\/fr.motocrossmag.be\/wp-content\/uploads\/2012\/11\/dsc_0182-150x150.jpg","type":"","width":"","height":""}],"author":"oliviere","twitter_card":"summary_large_image","twitter_misc":{"\u00c9crit par":"oliviere","Dur\u00e9e de lecture estim\u00e9e":"1 minute"},"schema":{"@context":"https:\/\/schema.org","@graph":[{"@type":"Article","@id":"https:\/\/fr.motocrossmag.be\/index.php\/2012\/11\/galerie-photos-photos-la-ronde-des-sables-2012\/#article","isPartOf":{"@id":"https:\/\/fr.motocrossmag.be\/index.php\/2012\/11\/galerie-photos-photos-la-ronde-des-sables-2012\/"},"author":{"name":"oliviere","@id":"https:\/\/fr.motocrossmag.be\/#\/schema\/person\/11b47143d9f755babca2c9110e03235c"},"headline":"Galerie photos | Photos: la Ronde des Sables 2012","datePublished":"2012-11-22T13:49:59+00:00","mainEntityOfPage":{"@id":"https:\/\/fr.motocrossmag.be\/index.php\/2012\/11\/galerie-photos-photos-la-ronde-des-sables-2012\/"},"wordCount":138,"commentCount":0,"image":{"@id":"https:\/\/fr.motocrossmag.be\/index.php\/2012\/11\/galerie-photos-photos-la-ronde-des-sables-2012\/#primaryimage"},"thumbnailUrl":"http:\/\/fr.motocrossmag.be\/wp-content\/uploads\/2012\/11\/dsc_0182-150x150.jpg","articleSection":["Photos","Slideshow"],"inLanguage":"fr-FR","potentialAction":[{"@type":"CommentAction","name":"Comment","target":["https:\/\/fr.motocrossmag.be\/index.php\/2012\/11\/galerie-photos-photos-la-ronde-des-sables-2012\/#respond"]}]},{"@type":"WebPage","@id":"https:\/\/fr.motocrossmag.be\/index.php\/2012\/11\/galerie-photos-photos-la-ronde-des-sables-2012\/","url":"https:\/\/fr.motocrossmag.be\/index.php\/2012\/11\/galerie-photos-photos-la-ronde-des-sables-2012\/","name":"Galerie photos | Photos: la Ronde des Sables 2012 - Motocross - Enduro - Supermoto | MotocrossMag","isPartOf":{"@id":"https:\/\/fr.motocrossmag.be\/#website"},"primaryImageOfPage":{"@id":"https:\/\/fr.motocrossmag.be\/index.php\/2012\/11\/galerie-photos-photos-la-ronde-des-sables-2012\/#primaryimage"},"image":{"@id":"https:\/\/fr.motocrossmag.be\/index.php\/2012\/11\/galerie-photos-photos-la-ronde-des-sables-2012\/#primaryimage"},"thumbnailUrl":"http:\/\/fr.motocrossmag.be\/wp-content\/uploads\/2012\/11\/dsc_0182-150x150.jpg","datePublished":"2012-11-22T13:49:59+00:00","author":{"@id":"https:\/\/fr.motocrossmag.be\/#\/schema\/person\/11b47143d9f755babca2c9110e03235c"},"breadcrumb":{"@id":"https:\/\/fr.motocrossmag.be\/index.php\/2012\/11\/galerie-photos-photos-la-ronde-des-sables-2012\/#breadcrumb"},"inLanguage":"fr-FR","potentialAction":[{"@type":"ReadAction","target":["https:\/\/fr.motocrossmag.be\/index.php\/2012\/11\/galerie-photos-photos-la-ronde-des-sables-2012\/"]}]},{"@type":"ImageObject","inLanguage":"fr-FR","@id":"https:\/\/fr.motocrossmag.be\/index.php\/2012\/11\/galerie-photos-photos-la-ronde-des-sables-2012\/#primaryimage","url":"https:\/\/fr.motocrossmag.be\/wp-content\/uploads\/2012\/11\/dsc_0182.jpg","contentUrl":"https:\/\/fr.motocrossmag.be\/wp-content\/uploads\/2012\/11\/dsc_0182.jpg","width":1054,"height":700},{"@type":"BreadcrumbList","@id":"https:\/\/fr.motocrossmag.be\/index.php\/2012\/11\/galerie-photos-photos-la-ronde-des-sables-2012\/#breadcrumb","itemListElement":[{"@type":"ListItem","position":1,"name":"Accueil","item":"https:\/\/fr.motocrossmag.be\/"},{"@type":"ListItem","position":2,"name":"Galerie photos | Photos: la Ronde des Sables 2012"}]},{"@type":"WebSite","@id":"https:\/\/fr.motocrossmag.be\/#website","url":"https:\/\/fr.motocrossmag.be\/","name":"Motocross - Enduro - Supermoto | MotocrossMag","description":"L&#039;actualit\u00e9 du motocross, de l&#039;enduro et du Supermoto en ligne!","potentialAction":[{"@type":"SearchAction","target":{"@type":"EntryPoint","urlTemplate":"https:\/\/fr.motocrossmag.be\/?s={search_term_string}"},"query-input":{"@type":"PropertyValueSpecification","valueRequired":true,"valueName":"search_term_string"}}],"inLanguage":"fr-FR"},{"@type":"Person","@id":"https:\/\/fr.motocrossmag.be\/#\/schema\/person\/11b47143d9f755babca2c9110e03235c","name":"oliviere","image":{"@type":"ImageObject","inLanguage":"fr-FR","@id":"https:\/\/secure.gravatar.com\/avatar\/907069e0b81d119452040469e4a7501da1100f54f7f80180ce77bfab718288f6?s=96&d=mm&r=g","url":"https:\/\/secure.gravatar.com\/avatar\/907069e0b81d119452040469e4a7501da1100f54f7f80180ce77bfab718288f6?s=96&d=mm&r=g","contentUrl":"https:\/\/secure.gravatar.com\/avatar\/907069e0b81d119452040469e4a7501da1100f54f7f80180ce77bfab718288f6?s=96&d=mm&r=g","caption":"oliviere"},"sameAs":["http:\/\/www.motocrossmag.be"],"url":"https:\/\/fr.motocrossmag.be\/index.php\/author\/oliviere\/"}]}},"_links":{"self":[{"href":"https:\/\/fr.motocrossmag.be\/index.php\/wp-json\/wp\/v2\/posts\/16619","targetHints":{"allow":["GET"]}}],"collection":[{"href":"https:\/\/fr.motocrossmag.be\/index.php\/wp-json\/wp\/v2\/posts"}],"about":[{"href":"https:\/\/fr.motocrossmag.be\/index.php\/wp-json\/wp\/v2\/types\/post"}],"author":[{"embeddable":true,"href":"https:\/\/fr.motocrossmag.be\/index.php\/wp-json\/wp\/v2\/users\/932"}],"replies":[{"embeddable":true,"href":"https:\/\/fr.motocrossmag.be\/index.php\/wp-json\/wp\/v2\/comments?post=16619"}],"version-history":[{"count":0,"href":"https:\/\/fr.motocrossmag.be\/index.php\/wp-json\/wp\/v2\/posts\/16619\/revisions"}],"wp:attachment":[{"href":"https:\/\/fr.motocrossmag.be\/index.php\/wp-json\/wp\/v2\/media?parent=16619"}],"wp:term":[{"taxonomy":"category","embeddable":true,"href":"https:\/\/fr.motocrossmag.be\/index.php\/wp-json\/wp\/v2\/categories?post=16619"},{"taxonomy":"post_tag","embeddable":true,"href":"https:\/\/fr.motocrossmag.be\/index.php\/wp-json\/wp\/v2\/tags?post=16619"}],"curies":[{"name":"wp","href":"https:\/\/api.w.org\/{rel}","templated":true}]}}