{"id":17602,"date":"2013-04-20T04:55:00","date_gmt":"2013-04-20T03:55:00","guid":{"rendered":"http:\/\/fr.motocrossmag.be\/?p=17602"},"modified":"2013-04-20T04:55:00","modified_gmt":"2013-04-20T03:55:00","slug":"video-motocross-mxgp-video-valkenswaard-by-mikey-neale","status":"publish","type":"post","link":"https:\/\/fr.motocrossmag.be\/index.php\/2013\/04\/video-motocross-mxgp-video-valkenswaard-by-mikey-neale\/","title":{"rendered":"Vid\u00e9o Motocross MXGP | Vid\u00e9o: Valkenswaard by Mikey Neale"},"content":{"rendered":"<p>Bien connu du monde des GP gr\u00e0\u00a2ce \u00e0\u00a0 ses nombreuses vid\u00e9os au coeur-m\u00eame du paddock et de la course, Mikey Neale a de nouveau frapper lors du troisi\u00e8me round du championnat du Monde 2013 disput\u00e9 sur l&rsquo;Eurocircuit de Valkenswaard. Au micro: Gautier Paulin, Tommy Searle, Jo\u00ebl Ro\u00eblants et Pascal Haudiquert.<\/p>\n<p><iframe class=\"lazyload\" width=\"500\" height=\"281\" src=\"data:image\/svg+xml,%3Csvg%20xmlns%3D%27http%3A%2F%2Fwww.w3.org%2F2000%2Fsvg%27%20width%3D%27500%27%20height%3D%27281%27%20viewBox%3D%270%200%20500%20281%27%3E%3Crect%20width%3D%27500%27%20height%3D%27281%27%20fill-opacity%3D%220%22%2F%3E%3C%2Fsvg%3E\" data-orig-src=\"http:\/\/www.youtube.com\/embed\/BuQ8WFED-zI?rel=0\" frameborder=\"0\" allowfullscreen><\/iframe><\/p>\n<p><strong>Texte :<\/strong> M.Capton<\/p>\n","protected":false},"excerpt":{"rendered":"<p>Bien connu du monde des GP gr\u00e0\u00a2ce \u00e0\u00a0 ses nombreuses vid\u00e9os au coeur-m\u00eame du paddock et de la course, Mikey Neale a de nouveau frapper lors du troisi\u00e8me round du [&#8230;]<\/p>\n","protected":false},"author":932,"featured_media":0,"comment_status":"open","ping_status":"closed","sticky":false,"template":"","format":"standard","meta":{"footnotes":""},"categories":[1,65,62],"tags":[262,953,152,184,350,512,511,123,947,118,150,246,105],"class_list":["post-17602","post","type-post","status-publish","format-standard","hentry","category-non-classe","category-slideshow","category-video","tag-262","tag-fim","tag-gautier-paulin","tag-joel-roelants","tag-kawasaki-cls","tag-kawasaki-krt","tag-mikey-neeale","tag-monster-energy","tag-motocross","tag-mx1","tag-tommy-searle","tag-yamaha-rinaldi","tag-youthstream"],"yoast_head":"<!-- This site is optimized with the Yoast SEO plugin v27.5 - https:\/\/yoast.com\/product\/yoast-seo-wordpress\/ -->\n<title>Vid\u00e9o Motocross MXGP | Vid\u00e9o: Valkenswaard by Mikey Neale - Motocross - Enduro - Supermoto | MotocrossMag<\/title>\n<meta name=\"robots\" content=\"index, follow, max-snippet:-1, max-image-preview:large, max-video-preview:-1\" \/>\n<link rel=\"canonical\" href=\"https:\/\/fr.motocrossmag.be\/index.php\/2013\/04\/video-motocross-mxgp-video-valkenswaard-by-mikey-neale\/\" \/>\n<meta property=\"og:locale\" content=\"fr_FR\" \/>\n<meta property=\"og:type\" content=\"article\" \/>\n<meta property=\"og:title\" content=\"Vid\u00e9o Motocross MXGP | Vid\u00e9o: Valkenswaard by Mikey Neale - Motocross - Enduro - Supermoto | MotocrossMag\" \/>\n<meta property=\"og:description\" content=\"Bien connu du monde des GP gr\u00e0\u00a2ce \u00e0\u00a0 ses nombreuses vid\u00e9os au coeur-m\u00eame du paddock et de la course, Mikey Neale a de nouveau frapper lors du troisi\u00e8me round du [...]\" \/>\n<meta property=\"og:url\" content=\"https:\/\/fr.motocrossmag.be\/index.php\/2013\/04\/video-motocross-mxgp-video-valkenswaard-by-mikey-neale\/\" \/>\n<meta property=\"og:site_name\" content=\"Motocross - Enduro - Supermoto | MotocrossMag\" \/>\n<meta property=\"article:published_time\" content=\"2013-04-20T03:55:00+00:00\" \/>\n<meta name=\"author\" content=\"oliviere\" \/>\n<meta name=\"twitter:card\" content=\"summary_large_image\" \/>\n<meta name=\"twitter:label1\" content=\"\u00c9crit par\" \/>\n\t<meta name=\"twitter:data1\" content=\"oliviere\" \/>\n<script type=\"application\/ld+json\" class=\"yoast-schema-graph\">{\"@context\":\"https:\\\/\\\/schema.org\",\"@graph\":[{\"@type\":\"Article\",\"@id\":\"https:\\\/\\\/fr.motocrossmag.be\\\/index.php\\\/2013\\\/04\\\/video-motocross-mxgp-video-valkenswaard-by-mikey-neale\\\/#article\",\"isPartOf\":{\"@id\":\"https:\\\/\\\/fr.motocrossmag.be\\\/index.php\\\/2013\\\/04\\\/video-motocross-mxgp-video-valkenswaard-by-mikey-neale\\\/\"},\"author\":{\"name\":\"oliviere\",\"@id\":\"https:\\\/\\\/fr.motocrossmag.be\\\/#\\\/schema\\\/person\\\/11b47143d9f755babca2c9110e03235c\"},\"headline\":\"Vid\u00e9o Motocross MXGP | Vid\u00e9o: Valkenswaard by Mikey Neale\",\"datePublished\":\"2013-04-20T03:55:00+00:00\",\"mainEntityOfPage\":{\"@id\":\"https:\\\/\\\/fr.motocrossmag.be\\\/index.php\\\/2013\\\/04\\\/video-motocross-mxgp-video-valkenswaard-by-mikey-neale\\\/\"},\"wordCount\":68,\"commentCount\":0,\"keywords\":[\"2013\",\"Enduro FIM - EWC\",\"Gautier Paulin\",\"Jo\u00c3\u00abl Ro\u00c3\u00ablants\",\"kawasaki cls\",\"kawasaki krt\",\"mikey neeale\",\"monster energy\",\"Motocross\",\"mx1\",\"Tommy Searle\",\"yamaha rinaldi\",\"youthstream\"],\"articleSection\":{\"1\":\"Slideshow\",\"2\":\"Videos\"},\"inLanguage\":\"fr-FR\",\"potentialAction\":[{\"@type\":\"CommentAction\",\"name\":\"Comment\",\"target\":[\"https:\\\/\\\/fr.motocrossmag.be\\\/index.php\\\/2013\\\/04\\\/video-motocross-mxgp-video-valkenswaard-by-mikey-neale\\\/#respond\"]}]},{\"@type\":\"WebPage\",\"@id\":\"https:\\\/\\\/fr.motocrossmag.be\\\/index.php\\\/2013\\\/04\\\/video-motocross-mxgp-video-valkenswaard-by-mikey-neale\\\/\",\"url\":\"https:\\\/\\\/fr.motocrossmag.be\\\/index.php\\\/2013\\\/04\\\/video-motocross-mxgp-video-valkenswaard-by-mikey-neale\\\/\",\"name\":\"Vid\u00e9o Motocross MXGP | Vid\u00e9o: Valkenswaard by Mikey Neale - Motocross - Enduro - Supermoto | MotocrossMag\",\"isPartOf\":{\"@id\":\"https:\\\/\\\/fr.motocrossmag.be\\\/#website\"},\"datePublished\":\"2013-04-20T03:55:00+00:00\",\"author\":{\"@id\":\"https:\\\/\\\/fr.motocrossmag.be\\\/#\\\/schema\\\/person\\\/11b47143d9f755babca2c9110e03235c\"},\"breadcrumb\":{\"@id\":\"https:\\\/\\\/fr.motocrossmag.be\\\/index.php\\\/2013\\\/04\\\/video-motocross-mxgp-video-valkenswaard-by-mikey-neale\\\/#breadcrumb\"},\"inLanguage\":\"fr-FR\",\"potentialAction\":[{\"@type\":\"ReadAction\",\"target\":[\"https:\\\/\\\/fr.motocrossmag.be\\\/index.php\\\/2013\\\/04\\\/video-motocross-mxgp-video-valkenswaard-by-mikey-neale\\\/\"]}]},{\"@type\":\"BreadcrumbList\",\"@id\":\"https:\\\/\\\/fr.motocrossmag.be\\\/index.php\\\/2013\\\/04\\\/video-motocross-mxgp-video-valkenswaard-by-mikey-neale\\\/#breadcrumb\",\"itemListElement\":[{\"@type\":\"ListItem\",\"position\":1,\"name\":\"Accueil\",\"item\":\"https:\\\/\\\/fr.motocrossmag.be\\\/\"},{\"@type\":\"ListItem\",\"position\":2,\"name\":\"Vid\u00e9o Motocross MXGP | Vid\u00e9o: Valkenswaard by Mikey Neale\"}]},{\"@type\":\"WebSite\",\"@id\":\"https:\\\/\\\/fr.motocrossmag.be\\\/#website\",\"url\":\"https:\\\/\\\/fr.motocrossmag.be\\\/\",\"name\":\"Motocross - Enduro - Supermoto | MotocrossMag\",\"description\":\"L&#039;actualit\u00e9 du motocross, de l&#039;enduro et du Supermoto en ligne!\",\"potentialAction\":[{\"@type\":\"SearchAction\",\"target\":{\"@type\":\"EntryPoint\",\"urlTemplate\":\"https:\\\/\\\/fr.motocrossmag.be\\\/?s={search_term_string}\"},\"query-input\":{\"@type\":\"PropertyValueSpecification\",\"valueRequired\":true,\"valueName\":\"search_term_string\"}}],\"inLanguage\":\"fr-FR\"},{\"@type\":\"Person\",\"@id\":\"https:\\\/\\\/fr.motocrossmag.be\\\/#\\\/schema\\\/person\\\/11b47143d9f755babca2c9110e03235c\",\"name\":\"oliviere\",\"image\":{\"@type\":\"ImageObject\",\"inLanguage\":\"fr-FR\",\"@id\":\"https:\\\/\\\/secure.gravatar.com\\\/avatar\\\/907069e0b81d119452040469e4a7501da1100f54f7f80180ce77bfab718288f6?s=96&d=mm&r=g\",\"url\":\"https:\\\/\\\/secure.gravatar.com\\\/avatar\\\/907069e0b81d119452040469e4a7501da1100f54f7f80180ce77bfab718288f6?s=96&d=mm&r=g\",\"contentUrl\":\"https:\\\/\\\/secure.gravatar.com\\\/avatar\\\/907069e0b81d119452040469e4a7501da1100f54f7f80180ce77bfab718288f6?s=96&d=mm&r=g\",\"caption\":\"oliviere\"},\"sameAs\":[\"http:\\\/\\\/www.motocrossmag.be\"],\"url\":\"https:\\\/\\\/fr.motocrossmag.be\\\/index.php\\\/author\\\/oliviere\\\/\"}]}<\/script>\n<!-- \/ Yoast SEO plugin. -->","yoast_head_json":{"title":"Vid\u00e9o Motocross MXGP | Vid\u00e9o: Valkenswaard by Mikey Neale - Motocross - Enduro - Supermoto | MotocrossMag","robots":{"index":"index","follow":"follow","max-snippet":"max-snippet:-1","max-image-preview":"max-image-preview:large","max-video-preview":"max-video-preview:-1"},"canonical":"https:\/\/fr.motocrossmag.be\/index.php\/2013\/04\/video-motocross-mxgp-video-valkenswaard-by-mikey-neale\/","og_locale":"fr_FR","og_type":"article","og_title":"Vid\u00e9o Motocross MXGP | Vid\u00e9o: Valkenswaard by Mikey Neale - Motocross - Enduro - Supermoto | MotocrossMag","og_description":"Bien connu du monde des GP gr\u00e0\u00a2ce \u00e0\u00a0 ses nombreuses vid\u00e9os au coeur-m\u00eame du paddock et de la course, Mikey Neale a de nouveau frapper lors du troisi\u00e8me round du [...]","og_url":"https:\/\/fr.motocrossmag.be\/index.php\/2013\/04\/video-motocross-mxgp-video-valkenswaard-by-mikey-neale\/","og_site_name":"Motocross - Enduro - Supermoto | MotocrossMag","article_published_time":"2013-04-20T03:55:00+00:00","author":"oliviere","twitter_card":"summary_large_image","twitter_misc":{"\u00c9crit par":"oliviere"},"schema":{"@context":"https:\/\/schema.org","@graph":[{"@type":"Article","@id":"https:\/\/fr.motocrossmag.be\/index.php\/2013\/04\/video-motocross-mxgp-video-valkenswaard-by-mikey-neale\/#article","isPartOf":{"@id":"https:\/\/fr.motocrossmag.be\/index.php\/2013\/04\/video-motocross-mxgp-video-valkenswaard-by-mikey-neale\/"},"author":{"name":"oliviere","@id":"https:\/\/fr.motocrossmag.be\/#\/schema\/person\/11b47143d9f755babca2c9110e03235c"},"headline":"Vid\u00e9o Motocross MXGP | Vid\u00e9o: Valkenswaard by Mikey Neale","datePublished":"2013-04-20T03:55:00+00:00","mainEntityOfPage":{"@id":"https:\/\/fr.motocrossmag.be\/index.php\/2013\/04\/video-motocross-mxgp-video-valkenswaard-by-mikey-neale\/"},"wordCount":68,"commentCount":0,"keywords":["2013","Enduro FIM - EWC","Gautier Paulin","Jo\u00c3\u00abl Ro\u00c3\u00ablants","kawasaki cls","kawasaki krt","mikey neeale","monster energy","Motocross","mx1","Tommy Searle","yamaha rinaldi","youthstream"],"articleSection":{"1":"Slideshow","2":"Videos"},"inLanguage":"fr-FR","potentialAction":[{"@type":"CommentAction","name":"Comment","target":["https:\/\/fr.motocrossmag.be\/index.php\/2013\/04\/video-motocross-mxgp-video-valkenswaard-by-mikey-neale\/#respond"]}]},{"@type":"WebPage","@id":"https:\/\/fr.motocrossmag.be\/index.php\/2013\/04\/video-motocross-mxgp-video-valkenswaard-by-mikey-neale\/","url":"https:\/\/fr.motocrossmag.be\/index.php\/2013\/04\/video-motocross-mxgp-video-valkenswaard-by-mikey-neale\/","name":"Vid\u00e9o Motocross MXGP | Vid\u00e9o: Valkenswaard by Mikey Neale - Motocross - Enduro - Supermoto | MotocrossMag","isPartOf":{"@id":"https:\/\/fr.motocrossmag.be\/#website"},"datePublished":"2013-04-20T03:55:00+00:00","author":{"@id":"https:\/\/fr.motocrossmag.be\/#\/schema\/person\/11b47143d9f755babca2c9110e03235c"},"breadcrumb":{"@id":"https:\/\/fr.motocrossmag.be\/index.php\/2013\/04\/video-motocross-mxgp-video-valkenswaard-by-mikey-neale\/#breadcrumb"},"inLanguage":"fr-FR","potentialAction":[{"@type":"ReadAction","target":["https:\/\/fr.motocrossmag.be\/index.php\/2013\/04\/video-motocross-mxgp-video-valkenswaard-by-mikey-neale\/"]}]},{"@type":"BreadcrumbList","@id":"https:\/\/fr.motocrossmag.be\/index.php\/2013\/04\/video-motocross-mxgp-video-valkenswaard-by-mikey-neale\/#breadcrumb","itemListElement":[{"@type":"ListItem","position":1,"name":"Accueil","item":"https:\/\/fr.motocrossmag.be\/"},{"@type":"ListItem","position":2,"name":"Vid\u00e9o Motocross MXGP | Vid\u00e9o: Valkenswaard by Mikey Neale"}]},{"@type":"WebSite","@id":"https:\/\/fr.motocrossmag.be\/#website","url":"https:\/\/fr.motocrossmag.be\/","name":"Motocross - Enduro - Supermoto | MotocrossMag","description":"L&#039;actualit\u00e9 du motocross, de l&#039;enduro et du Supermoto en ligne!","potentialAction":[{"@type":"SearchAction","target":{"@type":"EntryPoint","urlTemplate":"https:\/\/fr.motocrossmag.be\/?s={search_term_string}"},"query-input":{"@type":"PropertyValueSpecification","valueRequired":true,"valueName":"search_term_string"}}],"inLanguage":"fr-FR"},{"@type":"Person","@id":"https:\/\/fr.motocrossmag.be\/#\/schema\/person\/11b47143d9f755babca2c9110e03235c","name":"oliviere","image":{"@type":"ImageObject","inLanguage":"fr-FR","@id":"https:\/\/secure.gravatar.com\/avatar\/907069e0b81d119452040469e4a7501da1100f54f7f80180ce77bfab718288f6?s=96&d=mm&r=g","url":"https:\/\/secure.gravatar.com\/avatar\/907069e0b81d119452040469e4a7501da1100f54f7f80180ce77bfab718288f6?s=96&d=mm&r=g","contentUrl":"https:\/\/secure.gravatar.com\/avatar\/907069e0b81d119452040469e4a7501da1100f54f7f80180ce77bfab718288f6?s=96&d=mm&r=g","caption":"oliviere"},"sameAs":["http:\/\/www.motocrossmag.be"],"url":"https:\/\/fr.motocrossmag.be\/index.php\/author\/oliviere\/"}]}},"_links":{"self":[{"href":"https:\/\/fr.motocrossmag.be\/index.php\/wp-json\/wp\/v2\/posts\/17602","targetHints":{"allow":["GET"]}}],"collection":[{"href":"https:\/\/fr.motocrossmag.be\/index.php\/wp-json\/wp\/v2\/posts"}],"about":[{"href":"https:\/\/fr.motocrossmag.be\/index.php\/wp-json\/wp\/v2\/types\/post"}],"author":[{"embeddable":true,"href":"https:\/\/fr.motocrossmag.be\/index.php\/wp-json\/wp\/v2\/users\/932"}],"replies":[{"embeddable":true,"href":"https:\/\/fr.motocrossmag.be\/index.php\/wp-json\/wp\/v2\/comments?post=17602"}],"version-history":[{"count":0,"href":"https:\/\/fr.motocrossmag.be\/index.php\/wp-json\/wp\/v2\/posts\/17602\/revisions"}],"wp:attachment":[{"href":"https:\/\/fr.motocrossmag.be\/index.php\/wp-json\/wp\/v2\/media?parent=17602"}],"wp:term":[{"taxonomy":"category","embeddable":true,"href":"https:\/\/fr.motocrossmag.be\/index.php\/wp-json\/wp\/v2\/categories?post=17602"},{"taxonomy":"post_tag","embeddable":true,"href":"https:\/\/fr.motocrossmag.be\/index.php\/wp-json\/wp\/v2\/tags?post=17602"}],"curies":[{"name":"wp","href":"https:\/\/api.w.org\/{rel}","templated":true}]}}