{"id":17699,"date":"2013-04-24T12:48:27","date_gmt":"2013-04-24T11:48:27","guid":{"rendered":"http:\/\/fr.motocrossmag.be\/?p=17699"},"modified":"2013-04-24T12:48:27","modified_gmt":"2013-04-24T11:48:27","slug":"galerie-photos-photos-le-gp-de-bulgarie-en-images","status":"publish","type":"post","link":"https:\/\/fr.motocrossmag.be\/index.php\/2013\/04\/galerie-photos-photos-le-gp-de-bulgarie-en-images\/","title":{"rendered":"Galerie photos | Photos: le GP de Bulgarie en images"},"content":{"rendered":"<p>Le superbe circuit naturel de Sevlievo, en Bulgarie, sur lequel se disputait ce week-end le 5\u00e8me round de la saison MXGP, est le spot id\u00e9al pour r\u00e9aliser de belles photos. Bavo Swijgers nous le prouve en nous ramenant de Bulgarie de superbes clich\u00e9s dont vous trouverez ci-dessous un petit aper\u00e7u.<\/p>\n<p>Photos: Bavo Swijgers<\/p><div class=\"dywtg6a97970320fa7\" ><!-- \/91277017\/Inline-articles-mobile -->\n<div style=\"margin:auto; text-align:center !important\">\n<div id='div-gpt-ad-1784982661365-0' style='min-width: 250px; min-height: 75px;'>\n  <script>\n    googletag.cmd.push(function() { googletag.display('div-gpt-ad-1784982661365-0'); });\n  <\/script>\n<\/div><\/div><\/div><style type=\"text\/css\">\r\n.dywtg6a97970320fa7 {\r\nmargin-bottom:30px;margin-top:20px\r\n}\r\n@media screen and (min-width: 1201px) {\r\n.dywtg6a97970320fa7 {\r\ndisplay: block;\r\n}\r\n}\r\n@media screen and (min-width: 993px) and (max-width: 1200px) {\r\n.dywtg6a97970320fa7 {\r\ndisplay: block;\r\n}\r\n}\r\n@media screen and (min-width: 769px) and (max-width: 992px) {\r\n.dywtg6a97970320fa7 {\r\ndisplay: block;\r\n}\r\n}\r\n@media screen and (min-width: 768px) and (max-width: 768px) {\r\n.dywtg6a97970320fa7 {\r\ndisplay: block;\r\n}\r\n}\r\n@media screen and (max-width: 767px) {\r\n.dywtg6a97970320fa7 {\r\ndisplay: block;\r\n}\r\n}\r\n<\/style>\r\n\n<p><a class=\"shutterset_set_340\" title=\" \" rel=\"lightbox dia=1\" href=\"http:\/\/nl.motocrossmag.be\/wp-content\/gallery\/sevlievobavo13\/Barragan_DSC2234%20%2872dpi%29.jpg\"><img decoding=\"async\" title=\"Barragan_DSC2234 (72dpi)\" src=\"http:\/\/nl.motocrossmag.be\/wp-content\/gallery\/sevlievobavo13\/thumbs\/thumbs_Barragan_DSC2234%20%2872dpi%29.jpg\" alt=\"Barragan_DSC2234 (72dpi)\" width=\"100\" height=\"75\" \/> <\/a><a class=\"shutterset_set_340\" title=\" \" rel=\"lightbox dia=1\" href=\"http:\/\/nl.motocrossmag.be\/wp-content\/gallery\/sevlievobavo13\/Butron_DSC1897%20%2872dpi%29.jpg\"><img decoding=\"async\" title=\"Butron_DSC1897 (72dpi)\" src=\"http:\/\/nl.motocrossmag.be\/wp-content\/gallery\/sevlievobavo13\/thumbs\/thumbs_Butron_DSC1897%20%2872dpi%29.jpg\" alt=\"Butron_DSC1897 (72dpi)\" width=\"100\" height=\"75\" \/> <\/a><a class=\"shutterset_set_340\" title=\" \" rel=\"lightbox dia=1\" href=\"http:\/\/nl.motocrossmag.be\/wp-content\/gallery\/sevlievobavo13\/Cairoli_DSC2288%20%2872dpi%29.jpg\"><img decoding=\"async\" title=\"Cairoli_DSC2288 (72dpi)\" src=\"http:\/\/nl.motocrossmag.be\/wp-content\/gallery\/sevlievobavo13\/thumbs\/thumbs_Cairoli_DSC2288%20%2872dpi%29.jpg\" alt=\"Cairoli_DSC2288 (72dpi)\" width=\"100\" height=\"75\" \/> <\/a><a class=\"shutterset_set_340\" title=\" \" rel=\"lightbox dia=1\" href=\"http:\/\/nl.motocrossmag.be\/wp-content\/gallery\/sevlievobavo13\/Coldenhoff_DSC2082%20%2872dpi%29.jpg\"><img decoding=\"async\" title=\"Coldenhoff_DSC2082 (72dpi)\" src=\"http:\/\/nl.motocrossmag.be\/wp-content\/gallery\/sevlievobavo13\/thumbs\/thumbs_Coldenhoff_DSC2082%20%2872dpi%29.jpg\" alt=\"Coldenhoff_DSC2082 (72dpi)\" width=\"100\" height=\"75\" \/> <\/a><a class=\"shutterset_set_340\" title=\" \" rel=\"lightbox dia=1\" href=\"http:\/\/nl.motocrossmag.be\/wp-content\/gallery\/sevlievobavo13\/Desalle_DSC2250%20%2872dpi%29.jpg\"><img decoding=\"async\" title=\"Desalle_DSC2250 (72dpi)\" src=\"http:\/\/nl.motocrossmag.be\/wp-content\/gallery\/sevlievobavo13\/thumbs\/thumbs_Desalle_DSC2250%20%2872dpi%29.jpg\" alt=\"Desalle_DSC2250 (72dpi)\" width=\"100\" height=\"75\" \/> <\/a><a class=\"shutterset_set_340\" title=\" \" rel=\"lightbox dia=1\" href=\"http:\/\/nl.motocrossmag.be\/wp-content\/gallery\/sevlievobavo13\/Desalle_Stijbos_DSC5198%20%2872dpi%29.jpg\"><img decoding=\"async\" title=\"Desalle_Stijbos_DSC5198 (72dpi)\" src=\"http:\/\/nl.motocrossmag.be\/wp-content\/gallery\/sevlievobavo13\/thumbs\/thumbs_Desalle_Stijbos_DSC5198%20%2872dpi%29.jpg\" alt=\"Desalle_Stijbos_DSC5198 (72dpi)\" width=\"100\" height=\"75\" \/> <\/a><a class=\"shutterset_set_340\" title=\" \" rel=\"lightbox dia=1\" href=\"http:\/\/nl.motocrossmag.be\/wp-content\/gallery\/sevlievobavo13\/Everts_Bervoets_DSC2242%20%2872dpi%29.jpg\"><img decoding=\"async\" title=\"Everts_Bervoets_DSC2242 (72dpi)\" src=\"http:\/\/nl.motocrossmag.be\/wp-content\/gallery\/sevlievobavo13\/thumbs\/thumbs_Everts_Bervoets_DSC2242%20%2872dpi%29.jpg\" alt=\"Everts_Bervoets_DSC2242 (72dpi)\" width=\"100\" height=\"75\" \/> <\/a><a class=\"shutterset_set_340\" title=\" \" rel=\"lightbox dia=1\" href=\"http:\/\/nl.motocrossmag.be\/wp-content\/gallery\/sevlievobavo13\/Herlings_DSC1980%20%2872dpi%29.jpg\"><img decoding=\"async\" title=\"Herlings_DSC1980 (72dpi)\" src=\"http:\/\/nl.motocrossmag.be\/wp-content\/gallery\/sevlievobavo13\/thumbs\/thumbs_Herlings_DSC1980%20%2872dpi%29.jpg\" alt=\"Herlings_DSC1980 (72dpi)\" width=\"100\" height=\"75\" \/> <\/a><a class=\"shutterset_set_340\" title=\" \" rel=\"lightbox dia=1\" href=\"http:\/\/nl.motocrossmag.be\/wp-content\/gallery\/sevlievobavo13\/Herlings_DSC2925%20%2872dpi%29.jpg\"><img decoding=\"async\" title=\"Herlings_DSC2925 (72dpi)\" src=\"http:\/\/nl.motocrossmag.be\/wp-content\/gallery\/sevlievobavo13\/thumbs\/thumbs_Herlings_DSC2925%20%2872dpi%29.jpg\" alt=\"Herlings_DSC2925 (72dpi)\" width=\"100\" height=\"75\" \/> <\/a><a class=\"shutterset_set_340\" title=\" \" rel=\"lightbox dia=1\" href=\"http:\/\/nl.motocrossmag.be\/wp-content\/gallery\/sevlievobavo13\/Paulin_DSC2354%20%2872dpi%29.jpg\"><img decoding=\"async\" title=\"Paulin_DSC2354 (72dpi)\" src=\"http:\/\/nl.motocrossmag.be\/wp-content\/gallery\/sevlievobavo13\/thumbs\/thumbs_Paulin_DSC2354%20%2872dpi%29.jpg\" alt=\"Paulin_DSC2354 (72dpi)\" width=\"100\" height=\"75\" \/> <\/a><a class=\"shutterset_set_340\" title=\" \" rel=\"lightbox dia=1\" href=\"http:\/\/nl.motocrossmag.be\/wp-content\/gallery\/sevlievobavo13\/Petrov_DSC1935%20%2872dpi%29.jpg\"><img decoding=\"async\" title=\"Petrov_DSC1935 (72dpi)\" src=\"http:\/\/nl.motocrossmag.be\/wp-content\/gallery\/sevlievobavo13\/thumbs\/thumbs_Petrov_DSC1935%20%2872dpi%29.jpg\" alt=\"Petrov_DSC1935 (72dpi)\" width=\"100\" height=\"75\" \/> <\/a><a class=\"shutterset_set_340\" title=\" \" rel=\"lightbox dia=1\" href=\"http:\/\/nl.motocrossmag.be\/wp-content\/gallery\/sevlievobavo13\/Podium_MX1_DSC6361%20%2872dpi%29.jpg\"><img decoding=\"async\" title=\"Podium_MX1_DSC6361 (72dpi)\" src=\"http:\/\/nl.motocrossmag.be\/wp-content\/gallery\/sevlievobavo13\/thumbs\/thumbs_Podium_MX1_DSC6361%20%2872dpi%29.jpg\" alt=\"Podium_MX1_DSC6361 (72dpi)\" width=\"100\" height=\"75\" \/> <\/a><a class=\"shutterset_set_340\" title=\" \" rel=\"lightbox dia=1\" href=\"http:\/\/nl.motocrossmag.be\/wp-content\/gallery\/sevlievobavo13\/Podium_MX2_DSC5817%20%2872dpi%29.jpg\"><img decoding=\"async\" title=\"Podium_MX2_DSC5817 (72dpi)\" src=\"http:\/\/nl.motocrossmag.be\/wp-content\/gallery\/sevlievobavo13\/thumbs\/thumbs_Podium_MX2_DSC5817%20%2872dpi%29.jpg\" alt=\"Podium_MX2_DSC5817 (72dpi)\" width=\"100\" height=\"75\" \/> <\/a><a class=\"shutterset_set_340\" title=\" \" rel=\"lightbox dia=1\" href=\"http:\/\/nl.motocrossmag.be\/wp-content\/gallery\/sevlievobavo13\/Roelants_DSC2370%20%2872dpi%29.jpg\"><img decoding=\"async\" title=\"Roelants_DSC2370 (72dpi)\" src=\"http:\/\/nl.motocrossmag.be\/wp-content\/gallery\/sevlievobavo13\/thumbs\/thumbs_Roelants_DSC2370%20%2872dpi%29.jpg\" alt=\"Roelants_DSC2370 (72dpi)\" width=\"100\" height=\"75\" \/> <\/a><a class=\"shutterset_set_340\" title=\" \" rel=\"lightbox dia=1\" href=\"http:\/\/nl.motocrossmag.be\/wp-content\/gallery\/sevlievobavo13\/Van%20Horebeek_DSC2282%20%2872dpi%29.jpg\"><img decoding=\"async\" title=\"Van Horebeek_DSC2282 (72dpi)\" src=\"http:\/\/nl.motocrossmag.be\/wp-content\/gallery\/sevlievobavo13\/thumbs\/thumbs_Van%20Horebeek_DSC2282%20%2872dpi%29.jpg\" alt=\"Van Horebeek_DSC2282 (72dpi)\" width=\"100\" height=\"75\" \/> <\/a><a class=\"shutterset_set_340\" title=\" \" rel=\"lightbox dia=1\" href=\"http:\/\/nl.motocrossmag.be\/wp-content\/gallery\/sevlievobavo13\/Van%20Horebeek_DSC2317%20%2872dpi%29.jpg\"><img decoding=\"async\" title=\"Van Horebeek_DSC2317 (72dpi)\" src=\"http:\/\/nl.motocrossmag.be\/wp-content\/gallery\/sevlievobavo13\/thumbs\/thumbs_Van%20Horebeek_DSC2317%20%2872dpi%29.jpg\" alt=\"Van Horebeek_DSC2317 (72dpi)\" width=\"100\" height=\"75\" \/> <\/a><a class=\"shutterset_set_340\" title=\" \" rel=\"lightbox dia=1\" href=\"http:\/\/nl.motocrossmag.be\/wp-content\/gallery\/sevlievobavo13\/anstie_DSC2541.JPG\"><img decoding=\"async\" title=\"anstie_DSC2541\" src=\"http:\/\/nl.motocrossmag.be\/wp-content\/gallery\/sevlievobavo13\/thumbs\/thumbs_anstie_DSC2541.JPG\" alt=\"anstie_DSC2541\" width=\"100\" height=\"75\" \/> <\/a><a class=\"shutterset_set_340\" title=\" \" rel=\"lightbox dia=1\" href=\"http:\/\/nl.motocrossmag.be\/wp-content\/gallery\/sevlievobavo13\/butron_lupino_DSC5530.JPG\"><img decoding=\"async\" title=\"butron_lupino_DSC5530\" src=\"http:\/\/nl.motocrossmag.be\/wp-content\/gallery\/sevlievobavo13\/thumbs\/thumbs_butron_lupino_DSC5530.JPG\" alt=\"butron_lupino_DSC5530\" width=\"100\" height=\"75\" \/> <\/a><a class=\"shutterset_set_340\" title=\" \" rel=\"lightbox dia=1\" href=\"http:\/\/nl.motocrossmag.be\/wp-content\/gallery\/sevlievobavo13\/dedycker_DSC6194.JPG\"><img decoding=\"async\" title=\"dedycker_DSC6194\" src=\"http:\/\/nl.motocrossmag.be\/wp-content\/gallery\/sevlievobavo13\/thumbs\/thumbs_dedycker_DSC6194.JPG\" alt=\"dedycker_DSC6194\" width=\"100\" height=\"75\" \/> <\/a><a class=\"shutterset_set_340\" title=\" \" rel=\"lightbox dia=1\" href=\"http:\/\/nl.motocrossmag.be\/wp-content\/gallery\/sevlievobavo13\/herlings_DSC2924.JPG\"><img decoding=\"async\" title=\"herlings_DSC2924\" src=\"http:\/\/nl.motocrossmag.be\/wp-content\/gallery\/sevlievobavo13\/thumbs\/thumbs_herlings_DSC2924.JPG\" alt=\"herlings_DSC2924\" width=\"100\" height=\"75\" \/> <\/a><a class=\"shutterset_set_340\" title=\" \" rel=\"lightbox dia=1\" href=\"http:\/\/nl.motocrossmag.be\/wp-content\/gallery\/sevlievobavo13\/jerre_DSC3709.JPG\"><img decoding=\"async\" title=\"jerre_DSC3709\" src=\"http:\/\/nl.motocrossmag.be\/wp-content\/gallery\/sevlievobavo13\/thumbs\/thumbs_jerre_DSC3709.JPG\" alt=\"jerre_DSC3709\" width=\"100\" height=\"75\" \/> <\/a><a class=\"shutterset_set_340\" title=\" \" rel=\"lightbox dia=1\" href=\"http:\/\/nl.motocrossmag.be\/wp-content\/gallery\/sevlievobavo13\/leok_DSC3056.JPG\"><img decoding=\"async\" title=\"leok_DSC3056\" src=\"http:\/\/nl.motocrossmag.be\/wp-content\/gallery\/sevlievobavo13\/thumbs\/thumbs_leok_DSC3056.JPG\" alt=\"leok_DSC3056\" width=\"100\" height=\"75\" \/> <\/a><a class=\"shutterset_set_340\" title=\" \" rel=\"lightbox dia=1\" href=\"http:\/\/nl.motocrossmag.be\/wp-content\/gallery\/sevlievobavo13\/monster_DSC6300.JPG\"><img decoding=\"async\" title=\"monster_DSC6300\" src=\"http:\/\/nl.motocrossmag.be\/wp-content\/gallery\/sevlievobavo13\/thumbs\/thumbs_monster_DSC6300.JPG\" alt=\"monster_DSC6300\" width=\"100\" height=\"75\" \/> <\/a><a class=\"shutterset_set_340\" title=\" \" rel=\"lightbox dia=1\" href=\"http:\/\/nl.motocrossmag.be\/wp-content\/gallery\/sevlievobavo13\/roelants_leok_DSC4100.JPG\"><img decoding=\"async\" title=\"roelants_leok_DSC4100\" src=\"http:\/\/nl.motocrossmag.be\/wp-content\/gallery\/sevlievobavo13\/thumbs\/thumbs_roelants_leok_DSC4100.JPG\" alt=\"roelants_leok_DSC4100\" width=\"100\" height=\"75\" \/> <\/a><a class=\"shutterset_set_340\" title=\" \" rel=\"lightbox dia=1\" href=\"http:\/\/nl.motocrossmag.be\/wp-content\/gallery\/sevlievobavo13\/suzuki_DSC5260.JPG\"><img decoding=\"async\" title=\"suzuki_DSC5260\" src=\"http:\/\/nl.motocrossmag.be\/wp-content\/gallery\/sevlievobavo13\/thumbs\/thumbs_suzuki_DSC5260.JPG\" alt=\"suzuki_DSC5260\" width=\"100\" height=\"75\" \/><\/a><\/p>\n","protected":false},"excerpt":{"rendered":"<p>Le superbe circuit naturel de Sevlievo, en Bulgarie, sur lequel se disputait ce week-end le 5\u00e8me round de la saison MXGP, est le spot id\u00e9al pour r\u00e9aliser de belles photos. Bavo Swijgers nous le prouve en nous ramenant de Bulgarie de superbes clich\u00e9s dont vous trouverez ci-dessous un petit aper\u00e7u. Photos: Bavo Swijgers<\/p>\n","protected":false},"author":932,"featured_media":0,"comment_status":"open","ping_status":"closed","sticky":false,"template":"","format":"standard","meta":{"tdm_status":"","tdm_grid_status":"","footnotes":""},"categories":[66,65],"tags":[],"class_list":["post-17699","post","type-post","status-publish","format-standard","category-photos","category-slideshow"],"yoast_head":"<!-- This site is optimized with the Yoast SEO plugin v28.4 - https:\/\/yoast.com\/product\/yoast-seo-wordpress\/ -->\n<title>Galerie photos | Photos: le GP de Bulgarie en images - Motocross - Enduro - Supermoto | MotocrossMag<\/title>\n<meta name=\"robots\" content=\"index, follow, max-snippet:-1, max-image-preview:large, max-video-preview:-1\" \/>\n<link rel=\"canonical\" href=\"https:\/\/fr.motocrossmag.be\/index.php\/2013\/04\/galerie-photos-photos-le-gp-de-bulgarie-en-images\/\" \/>\n<meta property=\"og:locale\" content=\"fr_FR\" \/>\n<meta property=\"og:type\" content=\"article\" \/>\n<meta property=\"og:title\" content=\"Galerie photos | Photos: le GP de Bulgarie en images - Motocross - Enduro - Supermoto | MotocrossMag\" \/>\n<meta property=\"og:description\" content=\"Le superbe circuit naturel de Sevlievo, en Bulgarie, sur lequel se disputait ce week-end le 5\u00e8me round de la saison MXGP, est le spot id\u00e9al pour r\u00e9aliser de belles photos. Bavo Swijgers nous le prouve en nous ramenant de Bulgarie de superbes clich\u00e9s dont vous trouverez ci-dessous un petit aper\u00e7u. Photos: Bavo Swijgers\" \/>\n<meta property=\"og:url\" content=\"https:\/\/fr.motocrossmag.be\/index.php\/2013\/04\/galerie-photos-photos-le-gp-de-bulgarie-en-images\/\" \/>\n<meta property=\"og:site_name\" content=\"Motocross - Enduro - Supermoto | MotocrossMag\" \/>\n<meta property=\"article:published_time\" content=\"2013-04-24T11:48:27+00:00\" \/>\n<meta property=\"og:image\" content=\"http:\/\/nl.motocrossmag.be\/wp-content\/gallery\/sevlievobavo13\/thumbs\/thumbs_Barragan_DSC2234%20%2872dpi%29.jpg\" \/>\n<meta name=\"author\" content=\"oliviere\" \/>\n<meta name=\"twitter:card\" content=\"summary_large_image\" \/>\n<meta name=\"twitter:label1\" content=\"\u00c9crit par\" \/>\n\t<meta name=\"twitter:data1\" content=\"oliviere\" \/>\n<script type=\"application\/ld+json\" class=\"yoast-schema-graph\">{\"@context\":\"https:\\\/\\\/schema.org\",\"@graph\":[{\"@type\":\"Article\",\"@id\":\"https:\\\/\\\/fr.motocrossmag.be\\\/index.php\\\/2013\\\/04\\\/galerie-photos-photos-le-gp-de-bulgarie-en-images\\\/#article\",\"isPartOf\":{\"@id\":\"https:\\\/\\\/fr.motocrossmag.be\\\/index.php\\\/2013\\\/04\\\/galerie-photos-photos-le-gp-de-bulgarie-en-images\\\/\"},\"author\":{\"name\":\"oliviere\",\"@id\":\"https:\\\/\\\/fr.motocrossmag.be\\\/#\\\/schema\\\/person\\\/11b47143d9f755babca2c9110e03235c\"},\"headline\":\"Galerie photos | Photos: le GP de Bulgarie en images\",\"datePublished\":\"2013-04-24T11:48:27+00:00\",\"mainEntityOfPage\":{\"@id\":\"https:\\\/\\\/fr.motocrossmag.be\\\/index.php\\\/2013\\\/04\\\/galerie-photos-photos-le-gp-de-bulgarie-en-images\\\/\"},\"wordCount\":66,\"commentCount\":0,\"image\":{\"@id\":\"https:\\\/\\\/fr.motocrossmag.be\\\/index.php\\\/2013\\\/04\\\/galerie-photos-photos-le-gp-de-bulgarie-en-images\\\/#primaryimage\"},\"thumbnailUrl\":\"http:\\\/\\\/nl.motocrossmag.be\\\/wp-content\\\/gallery\\\/sevlievobavo13\\\/thumbs\\\/thumbs_Barragan_DSC2234%20%2872dpi%29.jpg\",\"articleSection\":[\"Photos\",\"Slideshow\"],\"inLanguage\":\"fr-FR\",\"potentialAction\":[{\"@type\":\"CommentAction\",\"name\":\"Comment\",\"target\":[\"https:\\\/\\\/fr.motocrossmag.be\\\/index.php\\\/2013\\\/04\\\/galerie-photos-photos-le-gp-de-bulgarie-en-images\\\/#respond\"]}]},{\"@type\":\"WebPage\",\"@id\":\"https:\\\/\\\/fr.motocrossmag.be\\\/index.php\\\/2013\\\/04\\\/galerie-photos-photos-le-gp-de-bulgarie-en-images\\\/\",\"url\":\"https:\\\/\\\/fr.motocrossmag.be\\\/index.php\\\/2013\\\/04\\\/galerie-photos-photos-le-gp-de-bulgarie-en-images\\\/\",\"name\":\"Galerie photos | Photos: le GP de Bulgarie en images - Motocross - Enduro - Supermoto | MotocrossMag\",\"isPartOf\":{\"@id\":\"https:\\\/\\\/fr.motocrossmag.be\\\/#website\"},\"primaryImageOfPage\":{\"@id\":\"https:\\\/\\\/fr.motocrossmag.be\\\/index.php\\\/2013\\\/04\\\/galerie-photos-photos-le-gp-de-bulgarie-en-images\\\/#primaryimage\"},\"image\":{\"@id\":\"https:\\\/\\\/fr.motocrossmag.be\\\/index.php\\\/2013\\\/04\\\/galerie-photos-photos-le-gp-de-bulgarie-en-images\\\/#primaryimage\"},\"thumbnailUrl\":\"http:\\\/\\\/nl.motocrossmag.be\\\/wp-content\\\/gallery\\\/sevlievobavo13\\\/thumbs\\\/thumbs_Barragan_DSC2234%20%2872dpi%29.jpg\",\"datePublished\":\"2013-04-24T11:48:27+00:00\",\"author\":{\"@id\":\"https:\\\/\\\/fr.motocrossmag.be\\\/#\\\/schema\\\/person\\\/11b47143d9f755babca2c9110e03235c\"},\"breadcrumb\":{\"@id\":\"https:\\\/\\\/fr.motocrossmag.be\\\/index.php\\\/2013\\\/04\\\/galerie-photos-photos-le-gp-de-bulgarie-en-images\\\/#breadcrumb\"},\"inLanguage\":\"fr-FR\",\"potentialAction\":[{\"@type\":\"ReadAction\",\"target\":[\"https:\\\/\\\/fr.motocrossmag.be\\\/index.php\\\/2013\\\/04\\\/galerie-photos-photos-le-gp-de-bulgarie-en-images\\\/\"]}]},{\"@type\":\"ImageObject\",\"inLanguage\":\"fr-FR\",\"@id\":\"https:\\\/\\\/fr.motocrossmag.be\\\/index.php\\\/2013\\\/04\\\/galerie-photos-photos-le-gp-de-bulgarie-en-images\\\/#primaryimage\",\"url\":\"http:\\\/\\\/nl.motocrossmag.be\\\/wp-content\\\/gallery\\\/sevlievobavo13\\\/thumbs\\\/thumbs_Barragan_DSC2234%20%2872dpi%29.jpg\",\"contentUrl\":\"http:\\\/\\\/nl.motocrossmag.be\\\/wp-content\\\/gallery\\\/sevlievobavo13\\\/thumbs\\\/thumbs_Barragan_DSC2234%20%2872dpi%29.jpg\"},{\"@type\":\"BreadcrumbList\",\"@id\":\"https:\\\/\\\/fr.motocrossmag.be\\\/index.php\\\/2013\\\/04\\\/galerie-photos-photos-le-gp-de-bulgarie-en-images\\\/#breadcrumb\",\"itemListElement\":[{\"@type\":\"ListItem\",\"position\":1,\"name\":\"Accueil\",\"item\":\"https:\\\/\\\/fr.motocrossmag.be\\\/\"},{\"@type\":\"ListItem\",\"position\":2,\"name\":\"Galerie photos | Photos: le GP de Bulgarie en images\"}]},{\"@type\":\"WebSite\",\"@id\":\"https:\\\/\\\/fr.motocrossmag.be\\\/#website\",\"url\":\"https:\\\/\\\/fr.motocrossmag.be\\\/\",\"name\":\"Motocross - Enduro - Supermoto | MotocrossMag\",\"description\":\"L&#039;actualit\u00e9 du motocross, de l&#039;enduro et du Supermoto en ligne!\",\"potentialAction\":[{\"@type\":\"SearchAction\",\"target\":{\"@type\":\"EntryPoint\",\"urlTemplate\":\"https:\\\/\\\/fr.motocrossmag.be\\\/?s={search_term_string}\"},\"query-input\":{\"@type\":\"PropertyValueSpecification\",\"valueRequired\":true,\"valueName\":\"search_term_string\"}}],\"inLanguage\":\"fr-FR\"},{\"@type\":\"Person\",\"@id\":\"https:\\\/\\\/fr.motocrossmag.be\\\/#\\\/schema\\\/person\\\/11b47143d9f755babca2c9110e03235c\",\"name\":\"oliviere\",\"image\":{\"@type\":\"ImageObject\",\"inLanguage\":\"fr-FR\",\"@id\":\"https:\\\/\\\/secure.gravatar.com\\\/avatar\\\/907069e0b81d119452040469e4a7501da1100f54f7f80180ce77bfab718288f6?s=96&d=mm&r=g\",\"url\":\"https:\\\/\\\/secure.gravatar.com\\\/avatar\\\/907069e0b81d119452040469e4a7501da1100f54f7f80180ce77bfab718288f6?s=96&d=mm&r=g\",\"contentUrl\":\"https:\\\/\\\/secure.gravatar.com\\\/avatar\\\/907069e0b81d119452040469e4a7501da1100f54f7f80180ce77bfab718288f6?s=96&d=mm&r=g\",\"caption\":\"oliviere\"},\"sameAs\":[\"http:\\\/\\\/www.motocrossmag.be\"],\"url\":\"https:\\\/\\\/fr.motocrossmag.be\\\/index.php\\\/author\\\/oliviere\\\/\"}]}<\/script>\n<!-- \/ Yoast SEO plugin. -->","yoast_head_json":{"title":"Galerie photos | Photos: le GP de Bulgarie en images - Motocross - Enduro - Supermoto | MotocrossMag","robots":{"index":"index","follow":"follow","max-snippet":"max-snippet:-1","max-image-preview":"max-image-preview:large","max-video-preview":"max-video-preview:-1"},"canonical":"https:\/\/fr.motocrossmag.be\/index.php\/2013\/04\/galerie-photos-photos-le-gp-de-bulgarie-en-images\/","og_locale":"fr_FR","og_type":"article","og_title":"Galerie photos | Photos: le GP de Bulgarie en images - Motocross - Enduro - Supermoto | MotocrossMag","og_description":"Le superbe circuit naturel de Sevlievo, en Bulgarie, sur lequel se disputait ce week-end le 5\u00e8me round de la saison MXGP, est le spot id\u00e9al pour r\u00e9aliser de belles photos. Bavo Swijgers nous le prouve en nous ramenant de Bulgarie de superbes clich\u00e9s dont vous trouverez ci-dessous un petit aper\u00e7u. Photos: Bavo Swijgers","og_url":"https:\/\/fr.motocrossmag.be\/index.php\/2013\/04\/galerie-photos-photos-le-gp-de-bulgarie-en-images\/","og_site_name":"Motocross - Enduro - Supermoto | MotocrossMag","article_published_time":"2013-04-24T11:48:27+00:00","og_image":[{"url":"http:\/\/nl.motocrossmag.be\/wp-content\/gallery\/sevlievobavo13\/thumbs\/thumbs_Barragan_DSC2234%20%2872dpi%29.jpg","type":"","width":"","height":""}],"author":"oliviere","twitter_card":"summary_large_image","twitter_misc":{"\u00c9crit par":"oliviere"},"schema":{"@context":"https:\/\/schema.org","@graph":[{"@type":"Article","@id":"https:\/\/fr.motocrossmag.be\/index.php\/2013\/04\/galerie-photos-photos-le-gp-de-bulgarie-en-images\/#article","isPartOf":{"@id":"https:\/\/fr.motocrossmag.be\/index.php\/2013\/04\/galerie-photos-photos-le-gp-de-bulgarie-en-images\/"},"author":{"name":"oliviere","@id":"https:\/\/fr.motocrossmag.be\/#\/schema\/person\/11b47143d9f755babca2c9110e03235c"},"headline":"Galerie photos | Photos: le GP de Bulgarie en images","datePublished":"2013-04-24T11:48:27+00:00","mainEntityOfPage":{"@id":"https:\/\/fr.motocrossmag.be\/index.php\/2013\/04\/galerie-photos-photos-le-gp-de-bulgarie-en-images\/"},"wordCount":66,"commentCount":0,"image":{"@id":"https:\/\/fr.motocrossmag.be\/index.php\/2013\/04\/galerie-photos-photos-le-gp-de-bulgarie-en-images\/#primaryimage"},"thumbnailUrl":"http:\/\/nl.motocrossmag.be\/wp-content\/gallery\/sevlievobavo13\/thumbs\/thumbs_Barragan_DSC2234%20%2872dpi%29.jpg","articleSection":["Photos","Slideshow"],"inLanguage":"fr-FR","potentialAction":[{"@type":"CommentAction","name":"Comment","target":["https:\/\/fr.motocrossmag.be\/index.php\/2013\/04\/galerie-photos-photos-le-gp-de-bulgarie-en-images\/#respond"]}]},{"@type":"WebPage","@id":"https:\/\/fr.motocrossmag.be\/index.php\/2013\/04\/galerie-photos-photos-le-gp-de-bulgarie-en-images\/","url":"https:\/\/fr.motocrossmag.be\/index.php\/2013\/04\/galerie-photos-photos-le-gp-de-bulgarie-en-images\/","name":"Galerie photos | Photos: le GP de Bulgarie en images - Motocross - Enduro - Supermoto | MotocrossMag","isPartOf":{"@id":"https:\/\/fr.motocrossmag.be\/#website"},"primaryImageOfPage":{"@id":"https:\/\/fr.motocrossmag.be\/index.php\/2013\/04\/galerie-photos-photos-le-gp-de-bulgarie-en-images\/#primaryimage"},"image":{"@id":"https:\/\/fr.motocrossmag.be\/index.php\/2013\/04\/galerie-photos-photos-le-gp-de-bulgarie-en-images\/#primaryimage"},"thumbnailUrl":"http:\/\/nl.motocrossmag.be\/wp-content\/gallery\/sevlievobavo13\/thumbs\/thumbs_Barragan_DSC2234%20%2872dpi%29.jpg","datePublished":"2013-04-24T11:48:27+00:00","author":{"@id":"https:\/\/fr.motocrossmag.be\/#\/schema\/person\/11b47143d9f755babca2c9110e03235c"},"breadcrumb":{"@id":"https:\/\/fr.motocrossmag.be\/index.php\/2013\/04\/galerie-photos-photos-le-gp-de-bulgarie-en-images\/#breadcrumb"},"inLanguage":"fr-FR","potentialAction":[{"@type":"ReadAction","target":["https:\/\/fr.motocrossmag.be\/index.php\/2013\/04\/galerie-photos-photos-le-gp-de-bulgarie-en-images\/"]}]},{"@type":"ImageObject","inLanguage":"fr-FR","@id":"https:\/\/fr.motocrossmag.be\/index.php\/2013\/04\/galerie-photos-photos-le-gp-de-bulgarie-en-images\/#primaryimage","url":"http:\/\/nl.motocrossmag.be\/wp-content\/gallery\/sevlievobavo13\/thumbs\/thumbs_Barragan_DSC2234%20%2872dpi%29.jpg","contentUrl":"http:\/\/nl.motocrossmag.be\/wp-content\/gallery\/sevlievobavo13\/thumbs\/thumbs_Barragan_DSC2234%20%2872dpi%29.jpg"},{"@type":"BreadcrumbList","@id":"https:\/\/fr.motocrossmag.be\/index.php\/2013\/04\/galerie-photos-photos-le-gp-de-bulgarie-en-images\/#breadcrumb","itemListElement":[{"@type":"ListItem","position":1,"name":"Accueil","item":"https:\/\/fr.motocrossmag.be\/"},{"@type":"ListItem","position":2,"name":"Galerie photos | Photos: le GP de Bulgarie en images"}]},{"@type":"WebSite","@id":"https:\/\/fr.motocrossmag.be\/#website","url":"https:\/\/fr.motocrossmag.be\/","name":"Motocross - Enduro - Supermoto | MotocrossMag","description":"L&#039;actualit\u00e9 du motocross, de l&#039;enduro et du Supermoto en ligne!","potentialAction":[{"@type":"SearchAction","target":{"@type":"EntryPoint","urlTemplate":"https:\/\/fr.motocrossmag.be\/?s={search_term_string}"},"query-input":{"@type":"PropertyValueSpecification","valueRequired":true,"valueName":"search_term_string"}}],"inLanguage":"fr-FR"},{"@type":"Person","@id":"https:\/\/fr.motocrossmag.be\/#\/schema\/person\/11b47143d9f755babca2c9110e03235c","name":"oliviere","image":{"@type":"ImageObject","inLanguage":"fr-FR","@id":"https:\/\/secure.gravatar.com\/avatar\/907069e0b81d119452040469e4a7501da1100f54f7f80180ce77bfab718288f6?s=96&d=mm&r=g","url":"https:\/\/secure.gravatar.com\/avatar\/907069e0b81d119452040469e4a7501da1100f54f7f80180ce77bfab718288f6?s=96&d=mm&r=g","contentUrl":"https:\/\/secure.gravatar.com\/avatar\/907069e0b81d119452040469e4a7501da1100f54f7f80180ce77bfab718288f6?s=96&d=mm&r=g","caption":"oliviere"},"sameAs":["http:\/\/www.motocrossmag.be"],"url":"https:\/\/fr.motocrossmag.be\/index.php\/author\/oliviere\/"}]}},"_links":{"self":[{"href":"https:\/\/fr.motocrossmag.be\/index.php\/wp-json\/wp\/v2\/posts\/17699","targetHints":{"allow":["GET"]}}],"collection":[{"href":"https:\/\/fr.motocrossmag.be\/index.php\/wp-json\/wp\/v2\/posts"}],"about":[{"href":"https:\/\/fr.motocrossmag.be\/index.php\/wp-json\/wp\/v2\/types\/post"}],"author":[{"embeddable":true,"href":"https:\/\/fr.motocrossmag.be\/index.php\/wp-json\/wp\/v2\/users\/932"}],"replies":[{"embeddable":true,"href":"https:\/\/fr.motocrossmag.be\/index.php\/wp-json\/wp\/v2\/comments?post=17699"}],"version-history":[{"count":0,"href":"https:\/\/fr.motocrossmag.be\/index.php\/wp-json\/wp\/v2\/posts\/17699\/revisions"}],"wp:attachment":[{"href":"https:\/\/fr.motocrossmag.be\/index.php\/wp-json\/wp\/v2\/media?parent=17699"}],"wp:term":[{"taxonomy":"category","embeddable":true,"href":"https:\/\/fr.motocrossmag.be\/index.php\/wp-json\/wp\/v2\/categories?post=17699"},{"taxonomy":"post_tag","embeddable":true,"href":"https:\/\/fr.motocrossmag.be\/index.php\/wp-json\/wp\/v2\/tags?post=17699"}],"curies":[{"name":"wp","href":"https:\/\/api.w.org\/{rel}","templated":true}]}}