{"id":17732,"date":"2013-05-03T11:14:59","date_gmt":"2013-05-03T10:14:59","guid":{"rendered":"http:\/\/fr.motocrossmag.be\/?p=17732"},"modified":"2013-05-03T11:56:15","modified_gmt":"2013-05-03T10:56:15","slug":"galerie-photos-photos-premier-e-mx-a-zolder","status":"publish","type":"post","link":"https:\/\/fr.motocrossmag.be\/index.php\/2013\/05\/galerie-photos-photos-premier-e-mx-a-zolder\/","title":{"rendered":"Galerie photos | Photos: premier E-MX \u00e0\u00a0 Zolder"},"content":{"rendered":"<p>C&rsquo;\u00e9tait une premi\u00e8re mondiale. Hier en fin d&rsquo;apr\u00e8s-midi \u00e0\u00a0 Zolder s&rsquo;est tenu le tout premier motocross r\u00e9serv\u00e9 aux machines \u00e9lectriques. Quelques uns des pilotes les plus rapides de la plan\u00e8te, Stefan Everts et Ken De Dycker en t\u00eate, ont prouv\u00e9 \u00e0\u00a0 un public venu nombreux assister \u00e0\u00a0 la naissance d&rsquo;une nouvelle discipline, que motocross et motorisation \u00e9lectrique pouvaient faire bon m\u00e9nage. La d\u00e9monstration a convaincu. Les pilotes ont appr\u00e9ci\u00e9, le public aussi.<\/p>\n<p>Photos: <a href=\"http:\/\/www.vepix.be\/\" target=\"_blank\">VePix.be<\/a><\/p><div class=\"rulin6a9797039d8d2\" ><!-- \/91277017\/Inline-articles-mobile -->\n<div style=\"margin:auto; text-align:center !important\">\n<div id='div-gpt-ad-1784982661365-0' style='min-width: 250px; min-height: 75px;'>\n  <script>\n    googletag.cmd.push(function() { googletag.display('div-gpt-ad-1784982661365-0'); });\n  <\/script>\n<\/div><\/div><\/div><style type=\"text\/css\">\r\n.rulin6a9797039d8d2 {\r\nmargin-bottom:30px;margin-top:20px\r\n}\r\n@media screen and (min-width: 1201px) {\r\n.rulin6a9797039d8d2 {\r\ndisplay: block;\r\n}\r\n}\r\n@media screen and (min-width: 993px) and (max-width: 1200px) {\r\n.rulin6a9797039d8d2 {\r\ndisplay: block;\r\n}\r\n}\r\n@media screen and (min-width: 769px) and (max-width: 992px) {\r\n.rulin6a9797039d8d2 {\r\ndisplay: block;\r\n}\r\n}\r\n@media screen and (min-width: 768px) and (max-width: 768px) {\r\n.rulin6a9797039d8d2 {\r\ndisplay: block;\r\n}\r\n}\r\n@media screen and (max-width: 767px) {\r\n.rulin6a9797039d8d2 {\r\ndisplay: block;\r\n}\r\n}\r\n<\/style>\r\n\n<p><a class=\"shutterset_set_342\" title=\" \" rel=\"lightbox dia=1\" href=\"http:\/\/nl.motocrossmag.be\/wp-content\/gallery\/130502emxzolder\/dsc_3529.jpg\"><img decoding=\"async\" title=\"dsc_3529\" src=\"http:\/\/nl.motocrossmag.be\/wp-content\/gallery\/130502emxzolder\/thumbs\/thumbs_dsc_3529.jpg\" alt=\"dsc_3529\" width=\"100\" height=\"75\" \/><\/a> <a class=\"shutterset_set_342\" title=\" \" rel=\"lightbox dia=1\" href=\"http:\/\/nl.motocrossmag.be\/wp-content\/gallery\/130502emxzolder\/dsc_3529.jpg\"><\/a><a class=\"shutterset_set_342\" title=\" \" rel=\"lightbox dia=1\" href=\"http:\/\/nl.motocrossmag.be\/wp-content\/gallery\/130502emxzolder\/dsc_3529.jpg\"><\/a><a class=\"shutterset_set_342\" title=\" \" rel=\"lightbox dia=1\" href=\"http:\/\/nl.motocrossmag.be\/wp-content\/gallery\/130502emxzolder\/dsc_3533.jpg\"><\/a><a class=\"shutterset_set_342\" title=\" \" rel=\"lightbox dia=1\" href=\"http:\/\/nl.motocrossmag.be\/wp-content\/gallery\/130502emxzolder\/dsc_3533.jpg\"><img decoding=\"async\" title=\"dsc_3533\" src=\"http:\/\/nl.motocrossmag.be\/wp-content\/gallery\/130502emxzolder\/thumbs\/thumbs_dsc_3533.jpg\" alt=\"dsc_3533\" width=\"100\" height=\"75\" \/><\/a> <a class=\"shutterset_set_342\" title=\" \" rel=\"lightbox dia=1\" href=\"http:\/\/nl.motocrossmag.be\/wp-content\/gallery\/130502emxzolder\/dsc_3533.jpg\"><\/a><a class=\"shutterset_set_342\" title=\" \" rel=\"lightbox dia=1\" href=\"http:\/\/nl.motocrossmag.be\/wp-content\/gallery\/130502emxzolder\/dsc_3567.jpg\"><img decoding=\"async\" title=\"dsc_3567\" src=\"http:\/\/nl.motocrossmag.be\/wp-content\/gallery\/130502emxzolder\/thumbs\/thumbs_dsc_3567.jpg\" alt=\"dsc_3567\" width=\"100\" height=\"75\" \/> <\/a><a class=\"shutterset_set_342\" title=\" \" rel=\"lightbox dia=1\" href=\"http:\/\/nl.motocrossmag.be\/wp-content\/gallery\/130502emxzolder\/dsc_3572.jpg\"><img decoding=\"async\" title=\"dsc_3572\" src=\"http:\/\/nl.motocrossmag.be\/wp-content\/gallery\/130502emxzolder\/thumbs\/thumbs_dsc_3572.jpg\" alt=\"dsc_3572\" width=\"100\" height=\"75\" \/> <\/a><a class=\"shutterset_set_342\" title=\" \" rel=\"lightbox dia=1\" href=\"http:\/\/nl.motocrossmag.be\/wp-content\/gallery\/130502emxzolder\/dsc_3586.jpg\"><img decoding=\"async\" title=\"dsc_3586\" src=\"http:\/\/nl.motocrossmag.be\/wp-content\/gallery\/130502emxzolder\/thumbs\/thumbs_dsc_3586.jpg\" alt=\"dsc_3586\" width=\"100\" height=\"75\" \/> <\/a><a class=\"shutterset_set_342\" title=\" \" rel=\"lightbox dia=1\" href=\"http:\/\/nl.motocrossmag.be\/wp-content\/gallery\/130502emxzolder\/dsc_3588.jpg\"><img decoding=\"async\" title=\"dsc_3588\" src=\"http:\/\/nl.motocrossmag.be\/wp-content\/gallery\/130502emxzolder\/thumbs\/thumbs_dsc_3588.jpg\" alt=\"dsc_3588\" width=\"100\" height=\"75\" \/> <\/a><a class=\"shutterset_set_342\" title=\" \" rel=\"lightbox dia=1\" href=\"http:\/\/nl.motocrossmag.be\/wp-content\/gallery\/130502emxzolder\/dsc_3606.jpg\"><img decoding=\"async\" title=\"dsc_3606\" src=\"http:\/\/nl.motocrossmag.be\/wp-content\/gallery\/130502emxzolder\/thumbs\/thumbs_dsc_3606.jpg\" alt=\"dsc_3606\" width=\"100\" height=\"75\" \/> <\/a><a class=\"shutterset_set_342\" title=\" \" rel=\"lightbox dia=1\" href=\"http:\/\/nl.motocrossmag.be\/wp-content\/gallery\/130502emxzolder\/dsc_3612.jpg\"><img decoding=\"async\" title=\"dsc_3612\" src=\"http:\/\/nl.motocrossmag.be\/wp-content\/gallery\/130502emxzolder\/thumbs\/thumbs_dsc_3612.jpg\" alt=\"dsc_3612\" width=\"100\" height=\"75\" \/> <\/a><a class=\"shutterset_set_342\" title=\" \" rel=\"lightbox dia=1\" href=\"http:\/\/nl.motocrossmag.be\/wp-content\/gallery\/130502emxzolder\/dsc_3628.jpg\"><img decoding=\"async\" title=\"dsc_3628\" src=\"http:\/\/nl.motocrossmag.be\/wp-content\/gallery\/130502emxzolder\/thumbs\/thumbs_dsc_3628.jpg\" alt=\"dsc_3628\" width=\"100\" height=\"75\" \/> <\/a><a class=\"shutterset_set_342\" title=\" \" rel=\"lightbox dia=1\" href=\"http:\/\/nl.motocrossmag.be\/wp-content\/gallery\/130502emxzolder\/dsc_3638.jpg\"><img decoding=\"async\" title=\"dsc_3638\" src=\"http:\/\/nl.motocrossmag.be\/wp-content\/gallery\/130502emxzolder\/thumbs\/thumbs_dsc_3638.jpg\" alt=\"dsc_3638\" width=\"100\" height=\"75\" \/> <\/a><a class=\"shutterset_set_342\" title=\" \" rel=\"lightbox dia=1\" href=\"http:\/\/nl.motocrossmag.be\/wp-content\/gallery\/130502emxzolder\/dsc_3642.jpg\"><img decoding=\"async\" title=\"dsc_3642\" src=\"http:\/\/nl.motocrossmag.be\/wp-content\/gallery\/130502emxzolder\/thumbs\/thumbs_dsc_3642.jpg\" alt=\"dsc_3642\" width=\"100\" height=\"75\" \/> <\/a><a class=\"shutterset_set_342\" title=\" \" rel=\"lightbox dia=1\" href=\"http:\/\/nl.motocrossmag.be\/wp-content\/gallery\/130502emxzolder\/dsc_3645.jpg\"><img decoding=\"async\" title=\"dsc_3645\" src=\"http:\/\/nl.motocrossmag.be\/wp-content\/gallery\/130502emxzolder\/thumbs\/thumbs_dsc_3645.jpg\" alt=\"dsc_3645\" width=\"100\" height=\"75\" \/> <\/a><a class=\"shutterset_set_342\" title=\" \" rel=\"lightbox dia=1\" href=\"http:\/\/nl.motocrossmag.be\/wp-content\/gallery\/130502emxzolder\/dsc_3659.jpg\"><img decoding=\"async\" title=\"dsc_3659\" src=\"http:\/\/nl.motocrossmag.be\/wp-content\/gallery\/130502emxzolder\/thumbs\/thumbs_dsc_3659.jpg\" alt=\"dsc_3659\" width=\"100\" height=\"75\" \/> <\/a><a class=\"shutterset_set_342\" title=\" \" rel=\"lightbox dia=1\" href=\"http:\/\/nl.motocrossmag.be\/wp-content\/gallery\/130502emxzolder\/dsc_3661.jpg\"><img decoding=\"async\" title=\"dsc_3661\" src=\"http:\/\/nl.motocrossmag.be\/wp-content\/gallery\/130502emxzolder\/thumbs\/thumbs_dsc_3661.jpg\" alt=\"dsc_3661\" width=\"100\" height=\"75\" \/> <\/a><a class=\"shutterset_set_342\" title=\" \" rel=\"lightbox dia=1\" href=\"http:\/\/nl.motocrossmag.be\/wp-content\/gallery\/130502emxzolder\/dsc_3664.jpg\"><img decoding=\"async\" title=\"dsc_3664\" src=\"http:\/\/nl.motocrossmag.be\/wp-content\/gallery\/130502emxzolder\/thumbs\/thumbs_dsc_3664.jpg\" alt=\"dsc_3664\" width=\"100\" height=\"75\" \/> <\/a><a class=\"shutterset_set_342\" title=\" \" rel=\"lightbox dia=1\" href=\"http:\/\/nl.motocrossmag.be\/wp-content\/gallery\/130502emxzolder\/dsc_3680.jpg\"><img decoding=\"async\" title=\"dsc_3680\" src=\"http:\/\/nl.motocrossmag.be\/wp-content\/gallery\/130502emxzolder\/thumbs\/thumbs_dsc_3680.jpg\" alt=\"dsc_3680\" width=\"100\" height=\"75\" \/> <\/a><a class=\"shutterset_set_342\" title=\" \" rel=\"lightbox dia=1\" href=\"http:\/\/nl.motocrossmag.be\/wp-content\/gallery\/130502emxzolder\/dsc_3684.jpg\"><img decoding=\"async\" title=\"dsc_3684\" src=\"http:\/\/nl.motocrossmag.be\/wp-content\/gallery\/130502emxzolder\/thumbs\/thumbs_dsc_3684.jpg\" alt=\"dsc_3684\" width=\"100\" height=\"75\" \/> <\/a><a class=\"shutterset_set_342\" title=\" \" rel=\"lightbox dia=1\" href=\"http:\/\/nl.motocrossmag.be\/wp-content\/gallery\/130502emxzolder\/dsc_3688.jpg\"><img decoding=\"async\" title=\"dsc_3688\" src=\"http:\/\/nl.motocrossmag.be\/wp-content\/gallery\/130502emxzolder\/thumbs\/thumbs_dsc_3688.jpg\" alt=\"dsc_3688\" width=\"100\" height=\"75\" \/> <\/a><a class=\"shutterset_set_342\" title=\" \" rel=\"lightbox dia=1\" href=\"http:\/\/nl.motocrossmag.be\/wp-content\/gallery\/130502emxzolder\/dsc_3698.jpg\"><img decoding=\"async\" title=\"dsc_3698\" src=\"http:\/\/nl.motocrossmag.be\/wp-content\/gallery\/130502emxzolder\/thumbs\/thumbs_dsc_3698.jpg\" alt=\"dsc_3698\" width=\"100\" height=\"75\" \/> <\/a><a class=\"shutterset_set_342\" title=\" \" rel=\"lightbox dia=1\" href=\"http:\/\/nl.motocrossmag.be\/wp-content\/gallery\/130502emxzolder\/dsc_3710.jpg\"><img decoding=\"async\" title=\"dsc_3710\" src=\"http:\/\/nl.motocrossmag.be\/wp-content\/gallery\/130502emxzolder\/thumbs\/thumbs_dsc_3710.jpg\" alt=\"dsc_3710\" width=\"100\" height=\"75\" \/> <\/a><a class=\"shutterset_set_342\" title=\" \" rel=\"lightbox dia=1\" href=\"http:\/\/nl.motocrossmag.be\/wp-content\/gallery\/130502emxzolder\/dsc_3727.jpg\"><img decoding=\"async\" title=\"dsc_3727\" src=\"http:\/\/nl.motocrossmag.be\/wp-content\/gallery\/130502emxzolder\/thumbs\/thumbs_dsc_3727.jpg\" alt=\"dsc_3727\" width=\"100\" height=\"75\" \/> <\/a><a class=\"shutterset_set_342\" title=\" \" rel=\"lightbox dia=1\" href=\"http:\/\/nl.motocrossmag.be\/wp-content\/gallery\/130502emxzolder\/dsc_3739.jpg\"><img decoding=\"async\" title=\"dsc_3739\" src=\"http:\/\/nl.motocrossmag.be\/wp-content\/gallery\/130502emxzolder\/thumbs\/thumbs_dsc_3739.jpg\" alt=\"dsc_3739\" width=\"100\" height=\"75\" \/> <\/a><a class=\"shutterset_set_342\" title=\" \" rel=\"lightbox dia=1\" href=\"http:\/\/nl.motocrossmag.be\/wp-content\/gallery\/130502emxzolder\/dsc_3760.jpg\"><img decoding=\"async\" title=\"dsc_3760\" src=\"http:\/\/nl.motocrossmag.be\/wp-content\/gallery\/130502emxzolder\/thumbs\/thumbs_dsc_3760.jpg\" alt=\"dsc_3760\" width=\"100\" height=\"75\" \/> <\/a><a class=\"shutterset_set_342\" title=\" \" rel=\"lightbox dia=1\" href=\"http:\/\/nl.motocrossmag.be\/wp-content\/gallery\/130502emxzolder\/dsc_3950.jpg\"><img decoding=\"async\" title=\"dsc_3950\" src=\"http:\/\/nl.motocrossmag.be\/wp-content\/gallery\/130502emxzolder\/thumbs\/thumbs_dsc_3950.jpg\" alt=\"dsc_3950\" width=\"100\" height=\"75\" \/> <\/a><\/p>\n","protected":false},"excerpt":{"rendered":"<p>C&rsquo;\u00e9tait une premi\u00e8re mondiale. Hier en fin d&rsquo;apr\u00e8s-midi \u00e0\u00a0 Zolder s&rsquo;est tenu le tout premier motocross r\u00e9serv\u00e9 aux machines \u00e9lectriques. Quelques uns des pilotes les plus rapides de la plan\u00e8te, Stefan Everts et Ken De Dycker en t\u00eate, ont prouv\u00e9 \u00e0\u00a0 un public venu nombreux assister \u00e0\u00a0 la naissance d&rsquo;une nouvelle discipline, que motocross et [&hellip;]<\/p>\n","protected":false},"author":932,"featured_media":0,"comment_status":"open","ping_status":"closed","sticky":false,"template":"","format":"standard","meta":{"tdm_status":"","tdm_grid_status":"","footnotes":""},"categories":[66,65],"tags":[],"class_list":["post-17732","post","type-post","status-publish","format-standard","category-photos","category-slideshow"],"yoast_head":"<!-- This site is optimized with the Yoast SEO plugin v28.4 - https:\/\/yoast.com\/product\/yoast-seo-wordpress\/ -->\n<title>Galerie photos | Photos: premier E-MX \u00e0\u00a0 Zolder - Motocross - Enduro - Supermoto | MotocrossMag<\/title>\n<meta name=\"robots\" content=\"index, follow, max-snippet:-1, max-image-preview:large, max-video-preview:-1\" \/>\n<link rel=\"canonical\" href=\"https:\/\/fr.motocrossmag.be\/index.php\/2013\/05\/galerie-photos-photos-premier-e-mx-a-zolder\/\" \/>\n<meta property=\"og:locale\" content=\"fr_FR\" \/>\n<meta property=\"og:type\" content=\"article\" \/>\n<meta property=\"og:title\" content=\"Galerie photos | Photos: premier E-MX \u00e0\u00a0 Zolder - Motocross - Enduro - Supermoto | MotocrossMag\" \/>\n<meta property=\"og:description\" content=\"C&rsquo;\u00e9tait une premi\u00e8re mondiale. Hier en fin d&rsquo;apr\u00e8s-midi \u00e0\u00a0 Zolder s&rsquo;est tenu le tout premier motocross r\u00e9serv\u00e9 aux machines \u00e9lectriques. Quelques uns des pilotes les plus rapides de la plan\u00e8te, Stefan Everts et Ken De Dycker en t\u00eate, ont prouv\u00e9 \u00e0\u00a0 un public venu nombreux assister \u00e0\u00a0 la naissance d&rsquo;une nouvelle discipline, que motocross et [&hellip;]\" \/>\n<meta property=\"og:url\" content=\"https:\/\/fr.motocrossmag.be\/index.php\/2013\/05\/galerie-photos-photos-premier-e-mx-a-zolder\/\" \/>\n<meta property=\"og:site_name\" content=\"Motocross - Enduro - Supermoto | MotocrossMag\" \/>\n<meta property=\"article:published_time\" content=\"2013-05-03T10:14:59+00:00\" \/>\n<meta property=\"article:modified_time\" content=\"2013-05-03T10:56:15+00:00\" \/>\n<meta property=\"og:image\" content=\"http:\/\/nl.motocrossmag.be\/wp-content\/gallery\/130502emxzolder\/thumbs\/thumbs_dsc_3529.jpg\" \/>\n<meta name=\"author\" content=\"oliviere\" \/>\n<meta name=\"twitter:card\" content=\"summary_large_image\" \/>\n<meta name=\"twitter:label1\" content=\"\u00c9crit par\" \/>\n\t<meta name=\"twitter:data1\" content=\"oliviere\" \/>\n<script type=\"application\/ld+json\" class=\"yoast-schema-graph\">{\"@context\":\"https:\\\/\\\/schema.org\",\"@graph\":[{\"@type\":\"Article\",\"@id\":\"https:\\\/\\\/fr.motocrossmag.be\\\/index.php\\\/2013\\\/05\\\/galerie-photos-photos-premier-e-mx-a-zolder\\\/#article\",\"isPartOf\":{\"@id\":\"https:\\\/\\\/fr.motocrossmag.be\\\/index.php\\\/2013\\\/05\\\/galerie-photos-photos-premier-e-mx-a-zolder\\\/\"},\"author\":{\"name\":\"oliviere\",\"@id\":\"https:\\\/\\\/fr.motocrossmag.be\\\/#\\\/schema\\\/person\\\/11b47143d9f755babca2c9110e03235c\"},\"headline\":\"Galerie photos | Photos: premier E-MX \u00e0\u00a0 Zolder\",\"datePublished\":\"2013-05-03T10:14:59+00:00\",\"dateModified\":\"2013-05-03T10:56:15+00:00\",\"mainEntityOfPage\":{\"@id\":\"https:\\\/\\\/fr.motocrossmag.be\\\/index.php\\\/2013\\\/05\\\/galerie-photos-photos-premier-e-mx-a-zolder\\\/\"},\"wordCount\":90,\"commentCount\":0,\"image\":{\"@id\":\"https:\\\/\\\/fr.motocrossmag.be\\\/index.php\\\/2013\\\/05\\\/galerie-photos-photos-premier-e-mx-a-zolder\\\/#primaryimage\"},\"thumbnailUrl\":\"http:\\\/\\\/nl.motocrossmag.be\\\/wp-content\\\/gallery\\\/130502emxzolder\\\/thumbs\\\/thumbs_dsc_3529.jpg\",\"articleSection\":[\"Photos\",\"Slideshow\"],\"inLanguage\":\"fr-FR\",\"potentialAction\":[{\"@type\":\"CommentAction\",\"name\":\"Comment\",\"target\":[\"https:\\\/\\\/fr.motocrossmag.be\\\/index.php\\\/2013\\\/05\\\/galerie-photos-photos-premier-e-mx-a-zolder\\\/#respond\"]}]},{\"@type\":\"WebPage\",\"@id\":\"https:\\\/\\\/fr.motocrossmag.be\\\/index.php\\\/2013\\\/05\\\/galerie-photos-photos-premier-e-mx-a-zolder\\\/\",\"url\":\"https:\\\/\\\/fr.motocrossmag.be\\\/index.php\\\/2013\\\/05\\\/galerie-photos-photos-premier-e-mx-a-zolder\\\/\",\"name\":\"Galerie photos | Photos: premier E-MX \u00e0\u00a0 Zolder - Motocross - Enduro - Supermoto | MotocrossMag\",\"isPartOf\":{\"@id\":\"https:\\\/\\\/fr.motocrossmag.be\\\/#website\"},\"primaryImageOfPage\":{\"@id\":\"https:\\\/\\\/fr.motocrossmag.be\\\/index.php\\\/2013\\\/05\\\/galerie-photos-photos-premier-e-mx-a-zolder\\\/#primaryimage\"},\"image\":{\"@id\":\"https:\\\/\\\/fr.motocrossmag.be\\\/index.php\\\/2013\\\/05\\\/galerie-photos-photos-premier-e-mx-a-zolder\\\/#primaryimage\"},\"thumbnailUrl\":\"http:\\\/\\\/nl.motocrossmag.be\\\/wp-content\\\/gallery\\\/130502emxzolder\\\/thumbs\\\/thumbs_dsc_3529.jpg\",\"datePublished\":\"2013-05-03T10:14:59+00:00\",\"dateModified\":\"2013-05-03T10:56:15+00:00\",\"author\":{\"@id\":\"https:\\\/\\\/fr.motocrossmag.be\\\/#\\\/schema\\\/person\\\/11b47143d9f755babca2c9110e03235c\"},\"breadcrumb\":{\"@id\":\"https:\\\/\\\/fr.motocrossmag.be\\\/index.php\\\/2013\\\/05\\\/galerie-photos-photos-premier-e-mx-a-zolder\\\/#breadcrumb\"},\"inLanguage\":\"fr-FR\",\"potentialAction\":[{\"@type\":\"ReadAction\",\"target\":[\"https:\\\/\\\/fr.motocrossmag.be\\\/index.php\\\/2013\\\/05\\\/galerie-photos-photos-premier-e-mx-a-zolder\\\/\"]}]},{\"@type\":\"ImageObject\",\"inLanguage\":\"fr-FR\",\"@id\":\"https:\\\/\\\/fr.motocrossmag.be\\\/index.php\\\/2013\\\/05\\\/galerie-photos-photos-premier-e-mx-a-zolder\\\/#primaryimage\",\"url\":\"http:\\\/\\\/nl.motocrossmag.be\\\/wp-content\\\/gallery\\\/130502emxzolder\\\/thumbs\\\/thumbs_dsc_3529.jpg\",\"contentUrl\":\"http:\\\/\\\/nl.motocrossmag.be\\\/wp-content\\\/gallery\\\/130502emxzolder\\\/thumbs\\\/thumbs_dsc_3529.jpg\"},{\"@type\":\"BreadcrumbList\",\"@id\":\"https:\\\/\\\/fr.motocrossmag.be\\\/index.php\\\/2013\\\/05\\\/galerie-photos-photos-premier-e-mx-a-zolder\\\/#breadcrumb\",\"itemListElement\":[{\"@type\":\"ListItem\",\"position\":1,\"name\":\"Accueil\",\"item\":\"https:\\\/\\\/fr.motocrossmag.be\\\/\"},{\"@type\":\"ListItem\",\"position\":2,\"name\":\"Galerie photos | Photos: premier E-MX \u00e0\u00a0 Zolder\"}]},{\"@type\":\"WebSite\",\"@id\":\"https:\\\/\\\/fr.motocrossmag.be\\\/#website\",\"url\":\"https:\\\/\\\/fr.motocrossmag.be\\\/\",\"name\":\"Motocross - Enduro - Supermoto | MotocrossMag\",\"description\":\"L&#039;actualit\u00e9 du motocross, de l&#039;enduro et du Supermoto en ligne!\",\"potentialAction\":[{\"@type\":\"SearchAction\",\"target\":{\"@type\":\"EntryPoint\",\"urlTemplate\":\"https:\\\/\\\/fr.motocrossmag.be\\\/?s={search_term_string}\"},\"query-input\":{\"@type\":\"PropertyValueSpecification\",\"valueRequired\":true,\"valueName\":\"search_term_string\"}}],\"inLanguage\":\"fr-FR\"},{\"@type\":\"Person\",\"@id\":\"https:\\\/\\\/fr.motocrossmag.be\\\/#\\\/schema\\\/person\\\/11b47143d9f755babca2c9110e03235c\",\"name\":\"oliviere\",\"image\":{\"@type\":\"ImageObject\",\"inLanguage\":\"fr-FR\",\"@id\":\"https:\\\/\\\/secure.gravatar.com\\\/avatar\\\/907069e0b81d119452040469e4a7501da1100f54f7f80180ce77bfab718288f6?s=96&d=mm&r=g\",\"url\":\"https:\\\/\\\/secure.gravatar.com\\\/avatar\\\/907069e0b81d119452040469e4a7501da1100f54f7f80180ce77bfab718288f6?s=96&d=mm&r=g\",\"contentUrl\":\"https:\\\/\\\/secure.gravatar.com\\\/avatar\\\/907069e0b81d119452040469e4a7501da1100f54f7f80180ce77bfab718288f6?s=96&d=mm&r=g\",\"caption\":\"oliviere\"},\"sameAs\":[\"http:\\\/\\\/www.motocrossmag.be\"],\"url\":\"https:\\\/\\\/fr.motocrossmag.be\\\/index.php\\\/author\\\/oliviere\\\/\"}]}<\/script>\n<!-- \/ Yoast SEO plugin. -->","yoast_head_json":{"title":"Galerie photos | Photos: premier E-MX \u00e0\u00a0 Zolder - Motocross - Enduro - Supermoto | MotocrossMag","robots":{"index":"index","follow":"follow","max-snippet":"max-snippet:-1","max-image-preview":"max-image-preview:large","max-video-preview":"max-video-preview:-1"},"canonical":"https:\/\/fr.motocrossmag.be\/index.php\/2013\/05\/galerie-photos-photos-premier-e-mx-a-zolder\/","og_locale":"fr_FR","og_type":"article","og_title":"Galerie photos | Photos: premier E-MX \u00e0\u00a0 Zolder - Motocross - Enduro - Supermoto | MotocrossMag","og_description":"C&rsquo;\u00e9tait une premi\u00e8re mondiale. Hier en fin d&rsquo;apr\u00e8s-midi \u00e0\u00a0 Zolder s&rsquo;est tenu le tout premier motocross r\u00e9serv\u00e9 aux machines \u00e9lectriques. Quelques uns des pilotes les plus rapides de la plan\u00e8te, Stefan Everts et Ken De Dycker en t\u00eate, ont prouv\u00e9 \u00e0\u00a0 un public venu nombreux assister \u00e0\u00a0 la naissance d&rsquo;une nouvelle discipline, que motocross et [&hellip;]","og_url":"https:\/\/fr.motocrossmag.be\/index.php\/2013\/05\/galerie-photos-photos-premier-e-mx-a-zolder\/","og_site_name":"Motocross - Enduro - Supermoto | MotocrossMag","article_published_time":"2013-05-03T10:14:59+00:00","article_modified_time":"2013-05-03T10:56:15+00:00","og_image":[{"url":"http:\/\/nl.motocrossmag.be\/wp-content\/gallery\/130502emxzolder\/thumbs\/thumbs_dsc_3529.jpg","type":"","width":"","height":""}],"author":"oliviere","twitter_card":"summary_large_image","twitter_misc":{"\u00c9crit par":"oliviere"},"schema":{"@context":"https:\/\/schema.org","@graph":[{"@type":"Article","@id":"https:\/\/fr.motocrossmag.be\/index.php\/2013\/05\/galerie-photos-photos-premier-e-mx-a-zolder\/#article","isPartOf":{"@id":"https:\/\/fr.motocrossmag.be\/index.php\/2013\/05\/galerie-photos-photos-premier-e-mx-a-zolder\/"},"author":{"name":"oliviere","@id":"https:\/\/fr.motocrossmag.be\/#\/schema\/person\/11b47143d9f755babca2c9110e03235c"},"headline":"Galerie photos | Photos: premier E-MX \u00e0\u00a0 Zolder","datePublished":"2013-05-03T10:14:59+00:00","dateModified":"2013-05-03T10:56:15+00:00","mainEntityOfPage":{"@id":"https:\/\/fr.motocrossmag.be\/index.php\/2013\/05\/galerie-photos-photos-premier-e-mx-a-zolder\/"},"wordCount":90,"commentCount":0,"image":{"@id":"https:\/\/fr.motocrossmag.be\/index.php\/2013\/05\/galerie-photos-photos-premier-e-mx-a-zolder\/#primaryimage"},"thumbnailUrl":"http:\/\/nl.motocrossmag.be\/wp-content\/gallery\/130502emxzolder\/thumbs\/thumbs_dsc_3529.jpg","articleSection":["Photos","Slideshow"],"inLanguage":"fr-FR","potentialAction":[{"@type":"CommentAction","name":"Comment","target":["https:\/\/fr.motocrossmag.be\/index.php\/2013\/05\/galerie-photos-photos-premier-e-mx-a-zolder\/#respond"]}]},{"@type":"WebPage","@id":"https:\/\/fr.motocrossmag.be\/index.php\/2013\/05\/galerie-photos-photos-premier-e-mx-a-zolder\/","url":"https:\/\/fr.motocrossmag.be\/index.php\/2013\/05\/galerie-photos-photos-premier-e-mx-a-zolder\/","name":"Galerie photos | Photos: premier E-MX \u00e0\u00a0 Zolder - Motocross - Enduro - Supermoto | MotocrossMag","isPartOf":{"@id":"https:\/\/fr.motocrossmag.be\/#website"},"primaryImageOfPage":{"@id":"https:\/\/fr.motocrossmag.be\/index.php\/2013\/05\/galerie-photos-photos-premier-e-mx-a-zolder\/#primaryimage"},"image":{"@id":"https:\/\/fr.motocrossmag.be\/index.php\/2013\/05\/galerie-photos-photos-premier-e-mx-a-zolder\/#primaryimage"},"thumbnailUrl":"http:\/\/nl.motocrossmag.be\/wp-content\/gallery\/130502emxzolder\/thumbs\/thumbs_dsc_3529.jpg","datePublished":"2013-05-03T10:14:59+00:00","dateModified":"2013-05-03T10:56:15+00:00","author":{"@id":"https:\/\/fr.motocrossmag.be\/#\/schema\/person\/11b47143d9f755babca2c9110e03235c"},"breadcrumb":{"@id":"https:\/\/fr.motocrossmag.be\/index.php\/2013\/05\/galerie-photos-photos-premier-e-mx-a-zolder\/#breadcrumb"},"inLanguage":"fr-FR","potentialAction":[{"@type":"ReadAction","target":["https:\/\/fr.motocrossmag.be\/index.php\/2013\/05\/galerie-photos-photos-premier-e-mx-a-zolder\/"]}]},{"@type":"ImageObject","inLanguage":"fr-FR","@id":"https:\/\/fr.motocrossmag.be\/index.php\/2013\/05\/galerie-photos-photos-premier-e-mx-a-zolder\/#primaryimage","url":"http:\/\/nl.motocrossmag.be\/wp-content\/gallery\/130502emxzolder\/thumbs\/thumbs_dsc_3529.jpg","contentUrl":"http:\/\/nl.motocrossmag.be\/wp-content\/gallery\/130502emxzolder\/thumbs\/thumbs_dsc_3529.jpg"},{"@type":"BreadcrumbList","@id":"https:\/\/fr.motocrossmag.be\/index.php\/2013\/05\/galerie-photos-photos-premier-e-mx-a-zolder\/#breadcrumb","itemListElement":[{"@type":"ListItem","position":1,"name":"Accueil","item":"https:\/\/fr.motocrossmag.be\/"},{"@type":"ListItem","position":2,"name":"Galerie photos | Photos: premier E-MX \u00e0\u00a0 Zolder"}]},{"@type":"WebSite","@id":"https:\/\/fr.motocrossmag.be\/#website","url":"https:\/\/fr.motocrossmag.be\/","name":"Motocross - Enduro - Supermoto | MotocrossMag","description":"L&#039;actualit\u00e9 du motocross, de l&#039;enduro et du Supermoto en ligne!","potentialAction":[{"@type":"SearchAction","target":{"@type":"EntryPoint","urlTemplate":"https:\/\/fr.motocrossmag.be\/?s={search_term_string}"},"query-input":{"@type":"PropertyValueSpecification","valueRequired":true,"valueName":"search_term_string"}}],"inLanguage":"fr-FR"},{"@type":"Person","@id":"https:\/\/fr.motocrossmag.be\/#\/schema\/person\/11b47143d9f755babca2c9110e03235c","name":"oliviere","image":{"@type":"ImageObject","inLanguage":"fr-FR","@id":"https:\/\/secure.gravatar.com\/avatar\/907069e0b81d119452040469e4a7501da1100f54f7f80180ce77bfab718288f6?s=96&d=mm&r=g","url":"https:\/\/secure.gravatar.com\/avatar\/907069e0b81d119452040469e4a7501da1100f54f7f80180ce77bfab718288f6?s=96&d=mm&r=g","contentUrl":"https:\/\/secure.gravatar.com\/avatar\/907069e0b81d119452040469e4a7501da1100f54f7f80180ce77bfab718288f6?s=96&d=mm&r=g","caption":"oliviere"},"sameAs":["http:\/\/www.motocrossmag.be"],"url":"https:\/\/fr.motocrossmag.be\/index.php\/author\/oliviere\/"}]}},"_links":{"self":[{"href":"https:\/\/fr.motocrossmag.be\/index.php\/wp-json\/wp\/v2\/posts\/17732","targetHints":{"allow":["GET"]}}],"collection":[{"href":"https:\/\/fr.motocrossmag.be\/index.php\/wp-json\/wp\/v2\/posts"}],"about":[{"href":"https:\/\/fr.motocrossmag.be\/index.php\/wp-json\/wp\/v2\/types\/post"}],"author":[{"embeddable":true,"href":"https:\/\/fr.motocrossmag.be\/index.php\/wp-json\/wp\/v2\/users\/932"}],"replies":[{"embeddable":true,"href":"https:\/\/fr.motocrossmag.be\/index.php\/wp-json\/wp\/v2\/comments?post=17732"}],"version-history":[{"count":0,"href":"https:\/\/fr.motocrossmag.be\/index.php\/wp-json\/wp\/v2\/posts\/17732\/revisions"}],"wp:attachment":[{"href":"https:\/\/fr.motocrossmag.be\/index.php\/wp-json\/wp\/v2\/media?parent=17732"}],"wp:term":[{"taxonomy":"category","embeddable":true,"href":"https:\/\/fr.motocrossmag.be\/index.php\/wp-json\/wp\/v2\/categories?post=17732"},{"taxonomy":"post_tag","embeddable":true,"href":"https:\/\/fr.motocrossmag.be\/index.php\/wp-json\/wp\/v2\/tags?post=17732"}],"curies":[{"name":"wp","href":"https:\/\/api.w.org\/{rel}","templated":true}]}}