{"id":1796,"date":"2008-09-02T08:39:14","date_gmt":"2008-09-02T07:39:14","guid":{"rendered":"http:\/\/www.motocrossmag.be\/?p=1796"},"modified":"2008-09-02T08:39:14","modified_gmt":"2008-09-02T07:39:14","slug":"ktm-smr-990-2009-encore-plus-radicale","status":"publish","type":"post","link":"https:\/\/fr.motocrossmag.be\/index.php\/2008\/09\/ktm-smr-990-2009-encore-plus-radicale\/","title":{"rendered":"KTM SMR 990 2009 | Encore plus radicale&#8230;"},"content":{"rendered":"<p>D\u00e9velopp\u00e9e sur base de la fabuleuse 990 Supermoto introduite cette ann\u00e9e, KTM s&rsquo;appr\u00eate &agrave; lancer une machine plus radicale encore: la 990 SMR. Le redoutable bloc LC8 autrichien de 999cc est en effet d\u00e9sormais log\u00e9 dans un cadre plus l\u00e9ger (on annonce moins de 190 kg), ralentie par des freins Brembo encore plus efficaces et \u00e9quip\u00e9e d&rsquo;un r\u00e9servoir plus petit qui contribue lui aussi &agrave; rendre la 990 SMR encore plus maniable.<\/p>\n<p><img decoding=\"async\" class=\"lazyload alignnone size-full wp-image-1797\" title=\"La 990 SMR s\\'annonce on ne peut plus radicale!\" src=\"http:\/\/www.motocrossmag.be\/wp-content\/uploads\/2008\/09\/ktm_smr990.jpg\" data-orig-src=\"http:\/\/www.motocrossmag.be\/wp-content\/uploads\/2008\/09\/ktm_smr990.jpg\" alt=\"\" width=\"500\" height=\"331\" srcset=\"data:image\/svg+xml,%3Csvg%20xmlns%3D%27http%3A%2F%2Fwww.w3.org%2F2000%2Fsvg%27%20width%3D%27500%27%20height%3D%27331%27%20viewBox%3D%270%200%20500%20331%27%3E%3Crect%20width%3D%27500%27%20height%3D%27331%27%20fill-opacity%3D%220%22%2F%3E%3C%2Fsvg%3E\" data-srcset=\"https:\/\/fr.motocrossmag.be\/wp-content\/uploads\/2008\/09\/ktm_smr990-300x198.jpg 300w, https:\/\/fr.motocrossmag.be\/wp-content\/uploads\/2008\/09\/ktm_smr990.jpg 500w\" data-sizes=\"auto\" data-orig-sizes=\"(max-width: 500px) 100vw, 500px\" \/><\/p>\n<p>Comme toujours, les designers maison n&rsquo;ont pas oubli\u00e9 de soigner le look de la petite nouvelle, hyper agressif et franchement r\u00e9ussi.<\/p>\n<p>Une machine dont le d\u00e9but de la production est pr\u00e9vue &agrave; Mattighofen pour le mois de f\u00e9vrier 2009.<\/p>\n","protected":false},"excerpt":{"rendered":"<p>D\u00e9velopp\u00e9e sur base de la fabuleuse 990 Supermoto introduite cette ann\u00e9e, KTM s&rsquo;appr\u00eate &agrave; lancer une machine plus radicale encore: la 990 SMR. Le redoutable bloc LC8 autrichien de 999cc [&#8230;]<\/p>\n","protected":false},"author":932,"featured_media":0,"comment_status":"open","ping_status":"open","sticky":false,"template":"","format":"standard","meta":{"footnotes":""},"categories":[43,61,38],"tags":[],"class_list":["post-1796","post","type-post","status-publish","format-standard","hentry","category-news-supermoto","category-shopping","category-supermoto"],"yoast_head":"<!-- This site is optimized with the Yoast SEO plugin v27.4 - https:\/\/yoast.com\/product\/yoast-seo-wordpress\/ -->\n<title>KTM SMR 990 2009 | Encore plus radicale... - Motocross - Enduro - Supermoto | MotocrossMag<\/title>\n<meta name=\"robots\" content=\"index, follow, max-snippet:-1, max-image-preview:large, max-video-preview:-1\" \/>\n<link rel=\"canonical\" href=\"https:\/\/fr.motocrossmag.be\/index.php\/2008\/09\/ktm-smr-990-2009-encore-plus-radicale\/\" \/>\n<meta property=\"og:locale\" content=\"fr_FR\" \/>\n<meta property=\"og:type\" content=\"article\" \/>\n<meta property=\"og:title\" content=\"KTM SMR 990 2009 | Encore plus radicale... - Motocross - Enduro - Supermoto | MotocrossMag\" \/>\n<meta property=\"og:description\" content=\"D\u00e9velopp\u00e9e sur base de la fabuleuse 990 Supermoto introduite cette ann\u00e9e, KTM s&rsquo;appr\u00eate &agrave; lancer une machine plus radicale encore: la 990 SMR. Le redoutable bloc LC8 autrichien de 999cc [...]\" \/>\n<meta property=\"og:url\" content=\"https:\/\/fr.motocrossmag.be\/index.php\/2008\/09\/ktm-smr-990-2009-encore-plus-radicale\/\" \/>\n<meta property=\"og:site_name\" content=\"Motocross - Enduro - Supermoto | MotocrossMag\" \/>\n<meta property=\"article:published_time\" content=\"2008-09-02T07:39:14+00:00\" \/>\n<meta property=\"og:image\" content=\"http:\/\/www.motocrossmag.be\/wp-content\/uploads\/2008\/09\/ktm_smr990.jpg\" \/>\n<meta name=\"author\" content=\"oliviere\" \/>\n<meta name=\"twitter:card\" content=\"summary_large_image\" \/>\n<meta name=\"twitter:label1\" content=\"\u00c9crit par\" \/>\n\t<meta name=\"twitter:data1\" content=\"oliviere\" \/>\n\t<meta name=\"twitter:label2\" content=\"Dur\u00e9e de lecture estim\u00e9e\" \/>\n\t<meta name=\"twitter:data2\" content=\"1 minute\" \/>\n<script type=\"application\/ld+json\" class=\"yoast-schema-graph\">{\"@context\":\"https:\\\/\\\/schema.org\",\"@graph\":[{\"@type\":\"Article\",\"@id\":\"https:\\\/\\\/fr.motocrossmag.be\\\/index.php\\\/2008\\\/09\\\/ktm-smr-990-2009-encore-plus-radicale\\\/#article\",\"isPartOf\":{\"@id\":\"https:\\\/\\\/fr.motocrossmag.be\\\/index.php\\\/2008\\\/09\\\/ktm-smr-990-2009-encore-plus-radicale\\\/\"},\"author\":{\"name\":\"oliviere\",\"@id\":\"https:\\\/\\\/fr.motocrossmag.be\\\/#\\\/schema\\\/person\\\/11b47143d9f755babca2c9110e03235c\"},\"headline\":\"KTM SMR 990 2009 | Encore plus radicale&#8230;\",\"datePublished\":\"2008-09-02T07:39:14+00:00\",\"mainEntityOfPage\":{\"@id\":\"https:\\\/\\\/fr.motocrossmag.be\\\/index.php\\\/2008\\\/09\\\/ktm-smr-990-2009-encore-plus-radicale\\\/\"},\"wordCount\":126,\"commentCount\":0,\"image\":{\"@id\":\"https:\\\/\\\/fr.motocrossmag.be\\\/index.php\\\/2008\\\/09\\\/ktm-smr-990-2009-encore-plus-radicale\\\/#primaryimage\"},\"thumbnailUrl\":\"http:\\\/\\\/www.motocrossmag.be\\\/wp-content\\\/uploads\\\/2008\\\/09\\\/ktm_smr990.jpg\",\"articleSection\":[\"News\",\"Produits\",\"Supermoto\"],\"inLanguage\":\"fr-FR\",\"potentialAction\":[{\"@type\":\"CommentAction\",\"name\":\"Comment\",\"target\":[\"https:\\\/\\\/fr.motocrossmag.be\\\/index.php\\\/2008\\\/09\\\/ktm-smr-990-2009-encore-plus-radicale\\\/#respond\"]}]},{\"@type\":\"WebPage\",\"@id\":\"https:\\\/\\\/fr.motocrossmag.be\\\/index.php\\\/2008\\\/09\\\/ktm-smr-990-2009-encore-plus-radicale\\\/\",\"url\":\"https:\\\/\\\/fr.motocrossmag.be\\\/index.php\\\/2008\\\/09\\\/ktm-smr-990-2009-encore-plus-radicale\\\/\",\"name\":\"KTM SMR 990 2009 | Encore plus radicale... - Motocross - Enduro - Supermoto | MotocrossMag\",\"isPartOf\":{\"@id\":\"https:\\\/\\\/fr.motocrossmag.be\\\/#website\"},\"primaryImageOfPage\":{\"@id\":\"https:\\\/\\\/fr.motocrossmag.be\\\/index.php\\\/2008\\\/09\\\/ktm-smr-990-2009-encore-plus-radicale\\\/#primaryimage\"},\"image\":{\"@id\":\"https:\\\/\\\/fr.motocrossmag.be\\\/index.php\\\/2008\\\/09\\\/ktm-smr-990-2009-encore-plus-radicale\\\/#primaryimage\"},\"thumbnailUrl\":\"http:\\\/\\\/www.motocrossmag.be\\\/wp-content\\\/uploads\\\/2008\\\/09\\\/ktm_smr990.jpg\",\"datePublished\":\"2008-09-02T07:39:14+00:00\",\"author\":{\"@id\":\"https:\\\/\\\/fr.motocrossmag.be\\\/#\\\/schema\\\/person\\\/11b47143d9f755babca2c9110e03235c\"},\"breadcrumb\":{\"@id\":\"https:\\\/\\\/fr.motocrossmag.be\\\/index.php\\\/2008\\\/09\\\/ktm-smr-990-2009-encore-plus-radicale\\\/#breadcrumb\"},\"inLanguage\":\"fr-FR\",\"potentialAction\":[{\"@type\":\"ReadAction\",\"target\":[\"https:\\\/\\\/fr.motocrossmag.be\\\/index.php\\\/2008\\\/09\\\/ktm-smr-990-2009-encore-plus-radicale\\\/\"]}]},{\"@type\":\"ImageObject\",\"inLanguage\":\"fr-FR\",\"@id\":\"https:\\\/\\\/fr.motocrossmag.be\\\/index.php\\\/2008\\\/09\\\/ktm-smr-990-2009-encore-plus-radicale\\\/#primaryimage\",\"url\":\"http:\\\/\\\/www.motocrossmag.be\\\/wp-content\\\/uploads\\\/2008\\\/09\\\/ktm_smr990.jpg\",\"contentUrl\":\"http:\\\/\\\/www.motocrossmag.be\\\/wp-content\\\/uploads\\\/2008\\\/09\\\/ktm_smr990.jpg\"},{\"@type\":\"BreadcrumbList\",\"@id\":\"https:\\\/\\\/fr.motocrossmag.be\\\/index.php\\\/2008\\\/09\\\/ktm-smr-990-2009-encore-plus-radicale\\\/#breadcrumb\",\"itemListElement\":[{\"@type\":\"ListItem\",\"position\":1,\"name\":\"Accueil\",\"item\":\"https:\\\/\\\/fr.motocrossmag.be\\\/\"},{\"@type\":\"ListItem\",\"position\":2,\"name\":\"KTM SMR 990 2009 | Encore plus radicale&#8230;\"}]},{\"@type\":\"WebSite\",\"@id\":\"https:\\\/\\\/fr.motocrossmag.be\\\/#website\",\"url\":\"https:\\\/\\\/fr.motocrossmag.be\\\/\",\"name\":\"Motocross - Enduro - Supermoto | MotocrossMag\",\"description\":\"L&#039;actualit\u00e9 du motocross, de l&#039;enduro et du Supermoto en ligne!\",\"potentialAction\":[{\"@type\":\"SearchAction\",\"target\":{\"@type\":\"EntryPoint\",\"urlTemplate\":\"https:\\\/\\\/fr.motocrossmag.be\\\/?s={search_term_string}\"},\"query-input\":{\"@type\":\"PropertyValueSpecification\",\"valueRequired\":true,\"valueName\":\"search_term_string\"}}],\"inLanguage\":\"fr-FR\"},{\"@type\":\"Person\",\"@id\":\"https:\\\/\\\/fr.motocrossmag.be\\\/#\\\/schema\\\/person\\\/11b47143d9f755babca2c9110e03235c\",\"name\":\"oliviere\",\"image\":{\"@type\":\"ImageObject\",\"inLanguage\":\"fr-FR\",\"@id\":\"https:\\\/\\\/secure.gravatar.com\\\/avatar\\\/907069e0b81d119452040469e4a7501da1100f54f7f80180ce77bfab718288f6?s=96&d=mm&r=g\",\"url\":\"https:\\\/\\\/secure.gravatar.com\\\/avatar\\\/907069e0b81d119452040469e4a7501da1100f54f7f80180ce77bfab718288f6?s=96&d=mm&r=g\",\"contentUrl\":\"https:\\\/\\\/secure.gravatar.com\\\/avatar\\\/907069e0b81d119452040469e4a7501da1100f54f7f80180ce77bfab718288f6?s=96&d=mm&r=g\",\"caption\":\"oliviere\"},\"sameAs\":[\"http:\\\/\\\/www.motocrossmag.be\"],\"url\":\"https:\\\/\\\/fr.motocrossmag.be\\\/index.php\\\/author\\\/oliviere\\\/\"}]}<\/script>\n<!-- \/ Yoast SEO plugin. -->","yoast_head_json":{"title":"KTM SMR 990 2009 | Encore plus radicale... - Motocross - Enduro - Supermoto | MotocrossMag","robots":{"index":"index","follow":"follow","max-snippet":"max-snippet:-1","max-image-preview":"max-image-preview:large","max-video-preview":"max-video-preview:-1"},"canonical":"https:\/\/fr.motocrossmag.be\/index.php\/2008\/09\/ktm-smr-990-2009-encore-plus-radicale\/","og_locale":"fr_FR","og_type":"article","og_title":"KTM SMR 990 2009 | Encore plus radicale... - Motocross - Enduro - Supermoto | MotocrossMag","og_description":"D\u00e9velopp\u00e9e sur base de la fabuleuse 990 Supermoto introduite cette ann\u00e9e, KTM s&rsquo;appr\u00eate &agrave; lancer une machine plus radicale encore: la 990 SMR. Le redoutable bloc LC8 autrichien de 999cc [...]","og_url":"https:\/\/fr.motocrossmag.be\/index.php\/2008\/09\/ktm-smr-990-2009-encore-plus-radicale\/","og_site_name":"Motocross - Enduro - Supermoto | MotocrossMag","article_published_time":"2008-09-02T07:39:14+00:00","og_image":[{"url":"http:\/\/www.motocrossmag.be\/wp-content\/uploads\/2008\/09\/ktm_smr990.jpg","type":"","width":"","height":""}],"author":"oliviere","twitter_card":"summary_large_image","twitter_misc":{"\u00c9crit par":"oliviere","Dur\u00e9e de lecture estim\u00e9e":"1 minute"},"schema":{"@context":"https:\/\/schema.org","@graph":[{"@type":"Article","@id":"https:\/\/fr.motocrossmag.be\/index.php\/2008\/09\/ktm-smr-990-2009-encore-plus-radicale\/#article","isPartOf":{"@id":"https:\/\/fr.motocrossmag.be\/index.php\/2008\/09\/ktm-smr-990-2009-encore-plus-radicale\/"},"author":{"name":"oliviere","@id":"https:\/\/fr.motocrossmag.be\/#\/schema\/person\/11b47143d9f755babca2c9110e03235c"},"headline":"KTM SMR 990 2009 | Encore plus radicale&#8230;","datePublished":"2008-09-02T07:39:14+00:00","mainEntityOfPage":{"@id":"https:\/\/fr.motocrossmag.be\/index.php\/2008\/09\/ktm-smr-990-2009-encore-plus-radicale\/"},"wordCount":126,"commentCount":0,"image":{"@id":"https:\/\/fr.motocrossmag.be\/index.php\/2008\/09\/ktm-smr-990-2009-encore-plus-radicale\/#primaryimage"},"thumbnailUrl":"http:\/\/www.motocrossmag.be\/wp-content\/uploads\/2008\/09\/ktm_smr990.jpg","articleSection":["News","Produits","Supermoto"],"inLanguage":"fr-FR","potentialAction":[{"@type":"CommentAction","name":"Comment","target":["https:\/\/fr.motocrossmag.be\/index.php\/2008\/09\/ktm-smr-990-2009-encore-plus-radicale\/#respond"]}]},{"@type":"WebPage","@id":"https:\/\/fr.motocrossmag.be\/index.php\/2008\/09\/ktm-smr-990-2009-encore-plus-radicale\/","url":"https:\/\/fr.motocrossmag.be\/index.php\/2008\/09\/ktm-smr-990-2009-encore-plus-radicale\/","name":"KTM SMR 990 2009 | Encore plus radicale... - Motocross - Enduro - Supermoto | MotocrossMag","isPartOf":{"@id":"https:\/\/fr.motocrossmag.be\/#website"},"primaryImageOfPage":{"@id":"https:\/\/fr.motocrossmag.be\/index.php\/2008\/09\/ktm-smr-990-2009-encore-plus-radicale\/#primaryimage"},"image":{"@id":"https:\/\/fr.motocrossmag.be\/index.php\/2008\/09\/ktm-smr-990-2009-encore-plus-radicale\/#primaryimage"},"thumbnailUrl":"http:\/\/www.motocrossmag.be\/wp-content\/uploads\/2008\/09\/ktm_smr990.jpg","datePublished":"2008-09-02T07:39:14+00:00","author":{"@id":"https:\/\/fr.motocrossmag.be\/#\/schema\/person\/11b47143d9f755babca2c9110e03235c"},"breadcrumb":{"@id":"https:\/\/fr.motocrossmag.be\/index.php\/2008\/09\/ktm-smr-990-2009-encore-plus-radicale\/#breadcrumb"},"inLanguage":"fr-FR","potentialAction":[{"@type":"ReadAction","target":["https:\/\/fr.motocrossmag.be\/index.php\/2008\/09\/ktm-smr-990-2009-encore-plus-radicale\/"]}]},{"@type":"ImageObject","inLanguage":"fr-FR","@id":"https:\/\/fr.motocrossmag.be\/index.php\/2008\/09\/ktm-smr-990-2009-encore-plus-radicale\/#primaryimage","url":"http:\/\/www.motocrossmag.be\/wp-content\/uploads\/2008\/09\/ktm_smr990.jpg","contentUrl":"http:\/\/www.motocrossmag.be\/wp-content\/uploads\/2008\/09\/ktm_smr990.jpg"},{"@type":"BreadcrumbList","@id":"https:\/\/fr.motocrossmag.be\/index.php\/2008\/09\/ktm-smr-990-2009-encore-plus-radicale\/#breadcrumb","itemListElement":[{"@type":"ListItem","position":1,"name":"Accueil","item":"https:\/\/fr.motocrossmag.be\/"},{"@type":"ListItem","position":2,"name":"KTM SMR 990 2009 | Encore plus radicale&#8230;"}]},{"@type":"WebSite","@id":"https:\/\/fr.motocrossmag.be\/#website","url":"https:\/\/fr.motocrossmag.be\/","name":"Motocross - Enduro - Supermoto | MotocrossMag","description":"L&#039;actualit\u00e9 du motocross, de l&#039;enduro et du Supermoto en ligne!","potentialAction":[{"@type":"SearchAction","target":{"@type":"EntryPoint","urlTemplate":"https:\/\/fr.motocrossmag.be\/?s={search_term_string}"},"query-input":{"@type":"PropertyValueSpecification","valueRequired":true,"valueName":"search_term_string"}}],"inLanguage":"fr-FR"},{"@type":"Person","@id":"https:\/\/fr.motocrossmag.be\/#\/schema\/person\/11b47143d9f755babca2c9110e03235c","name":"oliviere","image":{"@type":"ImageObject","inLanguage":"fr-FR","@id":"https:\/\/secure.gravatar.com\/avatar\/907069e0b81d119452040469e4a7501da1100f54f7f80180ce77bfab718288f6?s=96&d=mm&r=g","url":"https:\/\/secure.gravatar.com\/avatar\/907069e0b81d119452040469e4a7501da1100f54f7f80180ce77bfab718288f6?s=96&d=mm&r=g","contentUrl":"https:\/\/secure.gravatar.com\/avatar\/907069e0b81d119452040469e4a7501da1100f54f7f80180ce77bfab718288f6?s=96&d=mm&r=g","caption":"oliviere"},"sameAs":["http:\/\/www.motocrossmag.be"],"url":"https:\/\/fr.motocrossmag.be\/index.php\/author\/oliviere\/"}]}},"_links":{"self":[{"href":"https:\/\/fr.motocrossmag.be\/index.php\/wp-json\/wp\/v2\/posts\/1796","targetHints":{"allow":["GET"]}}],"collection":[{"href":"https:\/\/fr.motocrossmag.be\/index.php\/wp-json\/wp\/v2\/posts"}],"about":[{"href":"https:\/\/fr.motocrossmag.be\/index.php\/wp-json\/wp\/v2\/types\/post"}],"author":[{"embeddable":true,"href":"https:\/\/fr.motocrossmag.be\/index.php\/wp-json\/wp\/v2\/users\/932"}],"replies":[{"embeddable":true,"href":"https:\/\/fr.motocrossmag.be\/index.php\/wp-json\/wp\/v2\/comments?post=1796"}],"version-history":[{"count":0,"href":"https:\/\/fr.motocrossmag.be\/index.php\/wp-json\/wp\/v2\/posts\/1796\/revisions"}],"wp:attachment":[{"href":"https:\/\/fr.motocrossmag.be\/index.php\/wp-json\/wp\/v2\/media?parent=1796"}],"wp:term":[{"taxonomy":"category","embeddable":true,"href":"https:\/\/fr.motocrossmag.be\/index.php\/wp-json\/wp\/v2\/categories?post=1796"},{"taxonomy":"post_tag","embeddable":true,"href":"https:\/\/fr.motocrossmag.be\/index.php\/wp-json\/wp\/v2\/tags?post=1796"}],"curies":[{"name":"wp","href":"https:\/\/api.w.org\/{rel}","templated":true}]}}