{"id":18128,"date":"2013-06-09T20:01:18","date_gmt":"2013-06-09T19:01:18","guid":{"rendered":"http:\/\/fr.motocrossmag.be\/?p=18128"},"modified":"2013-06-10T07:25:09","modified_gmt":"2013-06-10T06:25:09","slug":"video-motocross-mxgp-ernee-video-les-meilleurs-moments-du-gp-de-france-a-ernee","status":"publish","type":"post","link":"https:\/\/fr.motocrossmag.be\/index.php\/2013\/06\/video-motocross-mxgp-ernee-video-les-meilleurs-moments-du-gp-de-france-a-ernee\/","title":{"rendered":"Vid\u00e9o Motocross MXGP &#8211; Ern\u00e9e | Vid\u00e9o: les meilleurs moments du GP de France \u00e0\u00a0 Ern\u00e9e"},"content":{"rendered":"<p>Revivez en images les meilleurs moments du GP de France, 8\u00e8me round des championnats du monde MX1 et MX2, disput\u00e9\u00a0sur le spectaculaire et panoramique circuit d&rsquo;Ern\u00e9e ce week-end. Un GP dans lequel les Fran\u00e7ais ont men\u00e9 la vie dure aux leaders des championnats MX1 et MX2 Antonio Cairoli et Jeffrey Herlings&#8230;<\/p>\n<p><iframe class=\"lazyload\" width=\"500\" height=\"281\" src=\"data:image\/svg+xml,%3Csvg%20xmlns%3D%27http%3A%2F%2Fwww.w3.org%2F2000%2Fsvg%27%20width%3D%27500%27%20height%3D%27281%27%20viewBox%3D%270%200%20500%20281%27%3E%3Crect%20width%3D%27500%27%20height%3D%27281%27%20fill-opacity%3D%220%22%2F%3E%3C%2Fsvg%3E\" data-orig-src=\"http:\/\/www.youtube.com\/embed\/DsjClrilnsk?rel=0\" frameborder=\"0\" allowfullscreen><\/iframe><\/p>\n","protected":false},"excerpt":{"rendered":"<p>Revivez en images les meilleurs moments du GP de France, 8\u00e8me round des championnats du monde MX1 et MX2, disput\u00e9\u00a0sur le spectaculaire et panoramique circuit d&rsquo;Ern\u00e9e ce week-end. Un GP [&#8230;]<\/p>\n","protected":false},"author":898,"featured_media":0,"comment_status":"open","ping_status":"closed","sticky":false,"template":"","format":"standard","meta":{"footnotes":""},"categories":[62],"tags":[],"class_list":["post-18128","post","type-post","status-publish","format-standard","hentry","category-video"],"yoast_head":"<!-- This site is optimized with the Yoast SEO plugin v27.4 - https:\/\/yoast.com\/product\/yoast-seo-wordpress\/ -->\n<title>Vid\u00e9o Motocross MXGP - Ern\u00e9e | Vid\u00e9o: les meilleurs moments du GP de France \u00e0\u00a0 Ern\u00e9e - Motocross - Enduro - Supermoto | MotocrossMag<\/title>\n<meta name=\"robots\" content=\"index, follow, max-snippet:-1, max-image-preview:large, max-video-preview:-1\" \/>\n<link rel=\"canonical\" href=\"https:\/\/fr.motocrossmag.be\/index.php\/2013\/06\/video-motocross-mxgp-ernee-video-les-meilleurs-moments-du-gp-de-france-a-ernee\/\" \/>\n<meta property=\"og:locale\" content=\"fr_FR\" \/>\n<meta property=\"og:type\" content=\"article\" \/>\n<meta property=\"og:title\" content=\"Vid\u00e9o Motocross MXGP - Ern\u00e9e | Vid\u00e9o: les meilleurs moments du GP de France \u00e0\u00a0 Ern\u00e9e - Motocross - Enduro - Supermoto | MotocrossMag\" \/>\n<meta property=\"og:description\" content=\"Revivez en images les meilleurs moments du GP de France, 8\u00e8me round des championnats du monde MX1 et MX2, disput\u00e9\u00a0sur le spectaculaire et panoramique circuit d&rsquo;Ern\u00e9e ce week-end. Un GP [...]\" \/>\n<meta property=\"og:url\" content=\"https:\/\/fr.motocrossmag.be\/index.php\/2013\/06\/video-motocross-mxgp-ernee-video-les-meilleurs-moments-du-gp-de-france-a-ernee\/\" \/>\n<meta property=\"og:site_name\" content=\"Motocross - Enduro - Supermoto | MotocrossMag\" \/>\n<meta property=\"article:published_time\" content=\"2013-06-09T19:01:18+00:00\" \/>\n<meta property=\"article:modified_time\" content=\"2013-06-10T06:25:09+00:00\" \/>\n<meta name=\"author\" content=\"fernand2\" \/>\n<meta name=\"twitter:card\" content=\"summary_large_image\" \/>\n<meta name=\"twitter:label1\" content=\"\u00c9crit par\" \/>\n\t<meta name=\"twitter:data1\" content=\"fernand2\" \/>\n<script type=\"application\/ld+json\" class=\"yoast-schema-graph\">{\"@context\":\"https:\\\/\\\/schema.org\",\"@graph\":[{\"@type\":\"Article\",\"@id\":\"https:\\\/\\\/fr.motocrossmag.be\\\/index.php\\\/2013\\\/06\\\/video-motocross-mxgp-ernee-video-les-meilleurs-moments-du-gp-de-france-a-ernee\\\/#article\",\"isPartOf\":{\"@id\":\"https:\\\/\\\/fr.motocrossmag.be\\\/index.php\\\/2013\\\/06\\\/video-motocross-mxgp-ernee-video-les-meilleurs-moments-du-gp-de-france-a-ernee\\\/\"},\"author\":{\"name\":\"fernand2\",\"@id\":\"https:\\\/\\\/fr.motocrossmag.be\\\/#\\\/schema\\\/person\\\/b1bd0a25696c3aeaac7fd5d92d4ed8f6\"},\"headline\":\"Vid\u00e9o Motocross MXGP &#8211; Ern\u00e9e | Vid\u00e9o: les meilleurs moments du GP de France \u00e0\u00a0 Ern\u00e9e\",\"datePublished\":\"2013-06-09T19:01:18+00:00\",\"dateModified\":\"2013-06-10T06:25:09+00:00\",\"mainEntityOfPage\":{\"@id\":\"https:\\\/\\\/fr.motocrossmag.be\\\/index.php\\\/2013\\\/06\\\/video-motocross-mxgp-ernee-video-les-meilleurs-moments-du-gp-de-france-a-ernee\\\/\"},\"wordCount\":73,\"commentCount\":0,\"articleSection\":[\"Videos\"],\"inLanguage\":\"fr-FR\",\"potentialAction\":[{\"@type\":\"CommentAction\",\"name\":\"Comment\",\"target\":[\"https:\\\/\\\/fr.motocrossmag.be\\\/index.php\\\/2013\\\/06\\\/video-motocross-mxgp-ernee-video-les-meilleurs-moments-du-gp-de-france-a-ernee\\\/#respond\"]}]},{\"@type\":\"WebPage\",\"@id\":\"https:\\\/\\\/fr.motocrossmag.be\\\/index.php\\\/2013\\\/06\\\/video-motocross-mxgp-ernee-video-les-meilleurs-moments-du-gp-de-france-a-ernee\\\/\",\"url\":\"https:\\\/\\\/fr.motocrossmag.be\\\/index.php\\\/2013\\\/06\\\/video-motocross-mxgp-ernee-video-les-meilleurs-moments-du-gp-de-france-a-ernee\\\/\",\"name\":\"Vid\u00e9o Motocross MXGP - Ern\u00e9e | Vid\u00e9o: les meilleurs moments du GP de France \u00e0\u00a0 Ern\u00e9e - Motocross - Enduro - Supermoto | MotocrossMag\",\"isPartOf\":{\"@id\":\"https:\\\/\\\/fr.motocrossmag.be\\\/#website\"},\"datePublished\":\"2013-06-09T19:01:18+00:00\",\"dateModified\":\"2013-06-10T06:25:09+00:00\",\"author\":{\"@id\":\"https:\\\/\\\/fr.motocrossmag.be\\\/#\\\/schema\\\/person\\\/b1bd0a25696c3aeaac7fd5d92d4ed8f6\"},\"breadcrumb\":{\"@id\":\"https:\\\/\\\/fr.motocrossmag.be\\\/index.php\\\/2013\\\/06\\\/video-motocross-mxgp-ernee-video-les-meilleurs-moments-du-gp-de-france-a-ernee\\\/#breadcrumb\"},\"inLanguage\":\"fr-FR\",\"potentialAction\":[{\"@type\":\"ReadAction\",\"target\":[\"https:\\\/\\\/fr.motocrossmag.be\\\/index.php\\\/2013\\\/06\\\/video-motocross-mxgp-ernee-video-les-meilleurs-moments-du-gp-de-france-a-ernee\\\/\"]}]},{\"@type\":\"BreadcrumbList\",\"@id\":\"https:\\\/\\\/fr.motocrossmag.be\\\/index.php\\\/2013\\\/06\\\/video-motocross-mxgp-ernee-video-les-meilleurs-moments-du-gp-de-france-a-ernee\\\/#breadcrumb\",\"itemListElement\":[{\"@type\":\"ListItem\",\"position\":1,\"name\":\"Accueil\",\"item\":\"https:\\\/\\\/fr.motocrossmag.be\\\/\"},{\"@type\":\"ListItem\",\"position\":2,\"name\":\"Vid\u00e9o Motocross MXGP &#8211; Ern\u00e9e | Vid\u00e9o: les meilleurs moments du GP de France \u00e0\u00a0 Ern\u00e9e\"}]},{\"@type\":\"WebSite\",\"@id\":\"https:\\\/\\\/fr.motocrossmag.be\\\/#website\",\"url\":\"https:\\\/\\\/fr.motocrossmag.be\\\/\",\"name\":\"Motocross - Enduro - Supermoto | MotocrossMag\",\"description\":\"L&#039;actualit\u00e9 du motocross, de l&#039;enduro et du Supermoto en ligne!\",\"potentialAction\":[{\"@type\":\"SearchAction\",\"target\":{\"@type\":\"EntryPoint\",\"urlTemplate\":\"https:\\\/\\\/fr.motocrossmag.be\\\/?s={search_term_string}\"},\"query-input\":{\"@type\":\"PropertyValueSpecification\",\"valueRequired\":true,\"valueName\":\"search_term_string\"}}],\"inLanguage\":\"fr-FR\"},{\"@type\":\"Person\",\"@id\":\"https:\\\/\\\/fr.motocrossmag.be\\\/#\\\/schema\\\/person\\\/b1bd0a25696c3aeaac7fd5d92d4ed8f6\",\"name\":\"fernand2\",\"image\":{\"@type\":\"ImageObject\",\"inLanguage\":\"fr-FR\",\"@id\":\"https:\\\/\\\/secure.gravatar.com\\\/avatar\\\/e48cfba345f89620e0c3f40fdfd6f6ef6bc1fbad5d0c3cd2555b4f39e37ef934?s=96&d=mm&r=g\",\"url\":\"https:\\\/\\\/secure.gravatar.com\\\/avatar\\\/e48cfba345f89620e0c3f40fdfd6f6ef6bc1fbad5d0c3cd2555b4f39e37ef934?s=96&d=mm&r=g\",\"contentUrl\":\"https:\\\/\\\/secure.gravatar.com\\\/avatar\\\/e48cfba345f89620e0c3f40fdfd6f6ef6bc1fbad5d0c3cd2555b4f39e37ef934?s=96&d=mm&r=g\",\"caption\":\"fernand2\"},\"url\":\"https:\\\/\\\/fr.motocrossmag.be\\\/index.php\\\/author\\\/fernand2\\\/\"}]}<\/script>\n<!-- \/ Yoast SEO plugin. -->","yoast_head_json":{"title":"Vid\u00e9o Motocross MXGP - Ern\u00e9e | Vid\u00e9o: les meilleurs moments du GP de France \u00e0\u00a0 Ern\u00e9e - Motocross - Enduro - Supermoto | MotocrossMag","robots":{"index":"index","follow":"follow","max-snippet":"max-snippet:-1","max-image-preview":"max-image-preview:large","max-video-preview":"max-video-preview:-1"},"canonical":"https:\/\/fr.motocrossmag.be\/index.php\/2013\/06\/video-motocross-mxgp-ernee-video-les-meilleurs-moments-du-gp-de-france-a-ernee\/","og_locale":"fr_FR","og_type":"article","og_title":"Vid\u00e9o Motocross MXGP - Ern\u00e9e | Vid\u00e9o: les meilleurs moments du GP de France \u00e0\u00a0 Ern\u00e9e - Motocross - Enduro - Supermoto | MotocrossMag","og_description":"Revivez en images les meilleurs moments du GP de France, 8\u00e8me round des championnats du monde MX1 et MX2, disput\u00e9\u00a0sur le spectaculaire et panoramique circuit d&rsquo;Ern\u00e9e ce week-end. Un GP [...]","og_url":"https:\/\/fr.motocrossmag.be\/index.php\/2013\/06\/video-motocross-mxgp-ernee-video-les-meilleurs-moments-du-gp-de-france-a-ernee\/","og_site_name":"Motocross - Enduro - Supermoto | MotocrossMag","article_published_time":"2013-06-09T19:01:18+00:00","article_modified_time":"2013-06-10T06:25:09+00:00","author":"fernand2","twitter_card":"summary_large_image","twitter_misc":{"\u00c9crit par":"fernand2"},"schema":{"@context":"https:\/\/schema.org","@graph":[{"@type":"Article","@id":"https:\/\/fr.motocrossmag.be\/index.php\/2013\/06\/video-motocross-mxgp-ernee-video-les-meilleurs-moments-du-gp-de-france-a-ernee\/#article","isPartOf":{"@id":"https:\/\/fr.motocrossmag.be\/index.php\/2013\/06\/video-motocross-mxgp-ernee-video-les-meilleurs-moments-du-gp-de-france-a-ernee\/"},"author":{"name":"fernand2","@id":"https:\/\/fr.motocrossmag.be\/#\/schema\/person\/b1bd0a25696c3aeaac7fd5d92d4ed8f6"},"headline":"Vid\u00e9o Motocross MXGP &#8211; Ern\u00e9e | Vid\u00e9o: les meilleurs moments du GP de France \u00e0\u00a0 Ern\u00e9e","datePublished":"2013-06-09T19:01:18+00:00","dateModified":"2013-06-10T06:25:09+00:00","mainEntityOfPage":{"@id":"https:\/\/fr.motocrossmag.be\/index.php\/2013\/06\/video-motocross-mxgp-ernee-video-les-meilleurs-moments-du-gp-de-france-a-ernee\/"},"wordCount":73,"commentCount":0,"articleSection":["Videos"],"inLanguage":"fr-FR","potentialAction":[{"@type":"CommentAction","name":"Comment","target":["https:\/\/fr.motocrossmag.be\/index.php\/2013\/06\/video-motocross-mxgp-ernee-video-les-meilleurs-moments-du-gp-de-france-a-ernee\/#respond"]}]},{"@type":"WebPage","@id":"https:\/\/fr.motocrossmag.be\/index.php\/2013\/06\/video-motocross-mxgp-ernee-video-les-meilleurs-moments-du-gp-de-france-a-ernee\/","url":"https:\/\/fr.motocrossmag.be\/index.php\/2013\/06\/video-motocross-mxgp-ernee-video-les-meilleurs-moments-du-gp-de-france-a-ernee\/","name":"Vid\u00e9o Motocross MXGP - Ern\u00e9e | Vid\u00e9o: les meilleurs moments du GP de France \u00e0\u00a0 Ern\u00e9e - Motocross - Enduro - Supermoto | MotocrossMag","isPartOf":{"@id":"https:\/\/fr.motocrossmag.be\/#website"},"datePublished":"2013-06-09T19:01:18+00:00","dateModified":"2013-06-10T06:25:09+00:00","author":{"@id":"https:\/\/fr.motocrossmag.be\/#\/schema\/person\/b1bd0a25696c3aeaac7fd5d92d4ed8f6"},"breadcrumb":{"@id":"https:\/\/fr.motocrossmag.be\/index.php\/2013\/06\/video-motocross-mxgp-ernee-video-les-meilleurs-moments-du-gp-de-france-a-ernee\/#breadcrumb"},"inLanguage":"fr-FR","potentialAction":[{"@type":"ReadAction","target":["https:\/\/fr.motocrossmag.be\/index.php\/2013\/06\/video-motocross-mxgp-ernee-video-les-meilleurs-moments-du-gp-de-france-a-ernee\/"]}]},{"@type":"BreadcrumbList","@id":"https:\/\/fr.motocrossmag.be\/index.php\/2013\/06\/video-motocross-mxgp-ernee-video-les-meilleurs-moments-du-gp-de-france-a-ernee\/#breadcrumb","itemListElement":[{"@type":"ListItem","position":1,"name":"Accueil","item":"https:\/\/fr.motocrossmag.be\/"},{"@type":"ListItem","position":2,"name":"Vid\u00e9o Motocross MXGP &#8211; Ern\u00e9e | Vid\u00e9o: les meilleurs moments du GP de France \u00e0\u00a0 Ern\u00e9e"}]},{"@type":"WebSite","@id":"https:\/\/fr.motocrossmag.be\/#website","url":"https:\/\/fr.motocrossmag.be\/","name":"Motocross - Enduro - Supermoto | MotocrossMag","description":"L&#039;actualit\u00e9 du motocross, de l&#039;enduro et du Supermoto en ligne!","potentialAction":[{"@type":"SearchAction","target":{"@type":"EntryPoint","urlTemplate":"https:\/\/fr.motocrossmag.be\/?s={search_term_string}"},"query-input":{"@type":"PropertyValueSpecification","valueRequired":true,"valueName":"search_term_string"}}],"inLanguage":"fr-FR"},{"@type":"Person","@id":"https:\/\/fr.motocrossmag.be\/#\/schema\/person\/b1bd0a25696c3aeaac7fd5d92d4ed8f6","name":"fernand2","image":{"@type":"ImageObject","inLanguage":"fr-FR","@id":"https:\/\/secure.gravatar.com\/avatar\/e48cfba345f89620e0c3f40fdfd6f6ef6bc1fbad5d0c3cd2555b4f39e37ef934?s=96&d=mm&r=g","url":"https:\/\/secure.gravatar.com\/avatar\/e48cfba345f89620e0c3f40fdfd6f6ef6bc1fbad5d0c3cd2555b4f39e37ef934?s=96&d=mm&r=g","contentUrl":"https:\/\/secure.gravatar.com\/avatar\/e48cfba345f89620e0c3f40fdfd6f6ef6bc1fbad5d0c3cd2555b4f39e37ef934?s=96&d=mm&r=g","caption":"fernand2"},"url":"https:\/\/fr.motocrossmag.be\/index.php\/author\/fernand2\/"}]}},"_links":{"self":[{"href":"https:\/\/fr.motocrossmag.be\/index.php\/wp-json\/wp\/v2\/posts\/18128","targetHints":{"allow":["GET"]}}],"collection":[{"href":"https:\/\/fr.motocrossmag.be\/index.php\/wp-json\/wp\/v2\/posts"}],"about":[{"href":"https:\/\/fr.motocrossmag.be\/index.php\/wp-json\/wp\/v2\/types\/post"}],"author":[{"embeddable":true,"href":"https:\/\/fr.motocrossmag.be\/index.php\/wp-json\/wp\/v2\/users\/898"}],"replies":[{"embeddable":true,"href":"https:\/\/fr.motocrossmag.be\/index.php\/wp-json\/wp\/v2\/comments?post=18128"}],"version-history":[{"count":0,"href":"https:\/\/fr.motocrossmag.be\/index.php\/wp-json\/wp\/v2\/posts\/18128\/revisions"}],"wp:attachment":[{"href":"https:\/\/fr.motocrossmag.be\/index.php\/wp-json\/wp\/v2\/media?parent=18128"}],"wp:term":[{"taxonomy":"category","embeddable":true,"href":"https:\/\/fr.motocrossmag.be\/index.php\/wp-json\/wp\/v2\/categories?post=18128"},{"taxonomy":"post_tag","embeddable":true,"href":"https:\/\/fr.motocrossmag.be\/index.php\/wp-json\/wp\/v2\/tags?post=18128"}],"curies":[{"name":"wp","href":"https:\/\/api.w.org\/{rel}","templated":true}]}}