{"id":18575,"date":"2013-07-23T15:30:18","date_gmt":"2013-07-23T14:30:18","guid":{"rendered":"http:\/\/fr.motocrossmag.be\/?p=18575"},"modified":"2013-07-23T15:34:17","modified_gmt":"2013-07-23T14:34:17","slug":"galerie-photos-photos-everts-friends-2013","status":"publish","type":"post","link":"https:\/\/fr.motocrossmag.be\/index.php\/2013\/07\/galerie-photos-photos-everts-friends-2013\/","title":{"rendered":"Galerie photos | Photos: Everts &#038; Friends 2013"},"content":{"rendered":"<p>L&rsquo;\u00e9dition 2013 de Everts &amp; Friends a tenu toutes ses promesses. Un plateau de stars exceptionnel rassembl\u00e9 pour la bonne cause par Stefan Everts pour le plus grand plaisir des spectateurs et qui se sont donn\u00e9s \u00e0\u00a0 110% malgr\u00e9 des temp\u00e9ratures qui flirtaient avec les 40 degr\u00e9s Celsius&#8230; En prime, un invit\u00e9 de marque pour cette 8\u00e8me \u00e9dition avec la pr\u00e9sence exceptionnelle de Kimi Raikonnen, le champion de F1 tout aussi passionn\u00e9 de motocross -et par ailleurs propri\u00e9taire du team Ice One Racing\u00a0en MXGP-\u00a0que de sport automobile, lequel n&rsquo;a pas h\u00e9sit\u00e9 \u00e0\u00a0 prendre la piste lors de la fameuse \u00ab\u00a0Cyclo MX Race\u00a0\u00bb&#8230; Si vous n&rsquo;\u00eatiez pas \u00e0\u00a0 Genk ce week-end, voici l&rsquo;occasion de vivre en images ce que vous avez manqu\u00e9 !<\/p>\n<p>Photos: <a href=\"http:\/\/www.vepix.be\" target=\"_blank\">Vepix.be<\/a><\/p><div class=\"fkeph6a9782139398d\" ><!-- \/91277017\/Inline-articles-mobile -->\n<div style=\"margin:auto; text-align:center !important\">\n<div id='div-gpt-ad-1784982661365-0' style='min-width: 250px; min-height: 75px;'>\n  <script>\n    googletag.cmd.push(function() { googletag.display('div-gpt-ad-1784982661365-0'); });\n  <\/script>\n<\/div><\/div><\/div><style type=\"text\/css\">\r\n.fkeph6a9782139398d {\r\nmargin-bottom:30px;margin-top:20px\r\n}\r\n@media screen and (min-width: 1201px) {\r\n.fkeph6a9782139398d {\r\ndisplay: block;\r\n}\r\n}\r\n@media screen and (min-width: 993px) and (max-width: 1200px) {\r\n.fkeph6a9782139398d {\r\ndisplay: block;\r\n}\r\n}\r\n@media screen and (min-width: 769px) and (max-width: 992px) {\r\n.fkeph6a9782139398d {\r\ndisplay: block;\r\n}\r\n}\r\n@media screen and (min-width: 768px) and (max-width: 768px) {\r\n.fkeph6a9782139398d {\r\ndisplay: block;\r\n}\r\n}\r\n@media screen and (max-width: 767px) {\r\n.fkeph6a9782139398d {\r\ndisplay: block;\r\n}\r\n}\r\n<\/style>\r\n\n<p><a class=\"shutterset_set_350\" title=\" \" rel=\"lightbox dia=1\" href=\"http:\/\/nl.motocrossmag.be\/wp-content\/gallery\/evertsandfriends2013\/dsc_4067.jpg\"><img decoding=\"async\" title=\"dsc_4067\" src=\"http:\/\/nl.motocrossmag.be\/wp-content\/gallery\/evertsandfriends2013\/thumbs\/thumbs_dsc_4067.jpg\" alt=\"dsc_4067\" width=\"100\" height=\"75\" \/> <\/a><a class=\"shutterset_set_350\" title=\" \" rel=\"lightbox dia=1\" href=\"http:\/\/nl.motocrossmag.be\/wp-content\/gallery\/evertsandfriends2013\/dsc_4068.jpg\"><img decoding=\"async\" title=\"dsc_4068\" src=\"http:\/\/nl.motocrossmag.be\/wp-content\/gallery\/evertsandfriends2013\/thumbs\/thumbs_dsc_4068.jpg\" alt=\"dsc_4068\" width=\"100\" height=\"75\" \/> <\/a><a class=\"shutterset_set_350\" title=\" \" rel=\"lightbox dia=1\" href=\"http:\/\/nl.motocrossmag.be\/wp-content\/gallery\/evertsandfriends2013\/dsc_4069.jpg\"><img decoding=\"async\" title=\"dsc_4069\" src=\"http:\/\/nl.motocrossmag.be\/wp-content\/gallery\/evertsandfriends2013\/thumbs\/thumbs_dsc_4069.jpg\" alt=\"dsc_4069\" width=\"100\" height=\"75\" \/> <\/a><a class=\"shutterset_set_350\" title=\" \" rel=\"lightbox dia=1\" href=\"http:\/\/nl.motocrossmag.be\/wp-content\/gallery\/evertsandfriends2013\/dsc_4083.jpg\"><img decoding=\"async\" title=\"dsc_4083\" src=\"http:\/\/nl.motocrossmag.be\/wp-content\/gallery\/evertsandfriends2013\/thumbs\/thumbs_dsc_4083.jpg\" alt=\"dsc_4083\" width=\"100\" height=\"75\" \/> <\/a><a class=\"shutterset_set_350\" title=\" \" rel=\"lightbox dia=1\" href=\"http:\/\/nl.motocrossmag.be\/wp-content\/gallery\/evertsandfriends2013\/dsc_4084.jpg\"><img decoding=\"async\" title=\"dsc_4084\" src=\"http:\/\/nl.motocrossmag.be\/wp-content\/gallery\/evertsandfriends2013\/thumbs\/thumbs_dsc_4084.jpg\" alt=\"dsc_4084\" width=\"100\" height=\"75\" \/> <\/a><a class=\"shutterset_set_350\" title=\" \" rel=\"lightbox dia=1\" href=\"http:\/\/nl.motocrossmag.be\/wp-content\/gallery\/evertsandfriends2013\/dsc_4085.jpg\"><img decoding=\"async\" title=\"dsc_4085\" src=\"http:\/\/nl.motocrossmag.be\/wp-content\/gallery\/evertsandfriends2013\/thumbs\/thumbs_dsc_4085.jpg\" alt=\"dsc_4085\" width=\"100\" height=\"75\" \/> <\/a><a class=\"shutterset_set_350\" title=\" \" rel=\"lightbox dia=1\" href=\"http:\/\/nl.motocrossmag.be\/wp-content\/gallery\/evertsandfriends2013\/dsc_4087.jpg\"><img decoding=\"async\" title=\"dsc_4087\" src=\"http:\/\/nl.motocrossmag.be\/wp-content\/gallery\/evertsandfriends2013\/thumbs\/thumbs_dsc_4087.jpg\" alt=\"dsc_4087\" width=\"100\" height=\"75\" \/> <\/a><a class=\"shutterset_set_350\" title=\" \" rel=\"lightbox dia=1\" href=\"http:\/\/nl.motocrossmag.be\/wp-content\/gallery\/evertsandfriends2013\/dsc_4088.jpg\"><img decoding=\"async\" title=\"dsc_4088\" src=\"http:\/\/nl.motocrossmag.be\/wp-content\/gallery\/evertsandfriends2013\/thumbs\/thumbs_dsc_4088.jpg\" alt=\"dsc_4088\" width=\"100\" height=\"75\" \/> <\/a><a class=\"shutterset_set_350\" title=\" \" rel=\"lightbox dia=1\" href=\"http:\/\/nl.motocrossmag.be\/wp-content\/gallery\/evertsandfriends2013\/dsc_4089.jpg\"><img decoding=\"async\" title=\"dsc_4089\" src=\"http:\/\/nl.motocrossmag.be\/wp-content\/gallery\/evertsandfriends2013\/thumbs\/thumbs_dsc_4089.jpg\" alt=\"dsc_4089\" width=\"100\" height=\"75\" \/> <\/a><a class=\"shutterset_set_350\" title=\" \" rel=\"lightbox dia=1\" href=\"http:\/\/nl.motocrossmag.be\/wp-content\/gallery\/evertsandfriends2013\/dsc_4090.jpg\"><img decoding=\"async\" title=\"dsc_4090\" src=\"http:\/\/nl.motocrossmag.be\/wp-content\/gallery\/evertsandfriends2013\/thumbs\/thumbs_dsc_4090.jpg\" alt=\"dsc_4090\" width=\"100\" height=\"75\" \/> <\/a><a class=\"shutterset_set_350\" title=\" \" rel=\"lightbox dia=1\" href=\"http:\/\/nl.motocrossmag.be\/wp-content\/gallery\/evertsandfriends2013\/dsc_4103.jpg\"><img decoding=\"async\" title=\"dsc_4103\" src=\"http:\/\/nl.motocrossmag.be\/wp-content\/gallery\/evertsandfriends2013\/thumbs\/thumbs_dsc_4103.jpg\" alt=\"dsc_4103\" width=\"100\" height=\"75\" \/> <\/a><a class=\"shutterset_set_350\" title=\" \" rel=\"lightbox dia=1\" href=\"http:\/\/nl.motocrossmag.be\/wp-content\/gallery\/evertsandfriends2013\/dsc_4104.jpg\"><img decoding=\"async\" title=\"dsc_4104\" src=\"http:\/\/nl.motocrossmag.be\/wp-content\/gallery\/evertsandfriends2013\/thumbs\/thumbs_dsc_4104.jpg\" alt=\"dsc_4104\" width=\"100\" height=\"75\" \/> <\/a><a class=\"shutterset_set_350\" title=\" \" rel=\"lightbox dia=1\" href=\"http:\/\/nl.motocrossmag.be\/wp-content\/gallery\/evertsandfriends2013\/dsc_7756.jpg\"><img decoding=\"async\" title=\"dsc_7756\" src=\"http:\/\/nl.motocrossmag.be\/wp-content\/gallery\/evertsandfriends2013\/thumbs\/thumbs_dsc_7756.jpg\" alt=\"dsc_7756\" width=\"100\" height=\"75\" \/> <\/a><a class=\"shutterset_set_350\" title=\" \" rel=\"lightbox dia=1\" href=\"http:\/\/nl.motocrossmag.be\/wp-content\/gallery\/evertsandfriends2013\/dsc_7771.jpg\"><img decoding=\"async\" title=\"dsc_7771\" src=\"http:\/\/nl.motocrossmag.be\/wp-content\/gallery\/evertsandfriends2013\/thumbs\/thumbs_dsc_7771.jpg\" alt=\"dsc_7771\" width=\"100\" height=\"75\" \/> <\/a><a class=\"shutterset_set_350\" title=\" \" rel=\"lightbox dia=1\" href=\"http:\/\/nl.motocrossmag.be\/wp-content\/gallery\/evertsandfriends2013\/dsc_7772.jpg\"><img decoding=\"async\" title=\"dsc_7772\" src=\"http:\/\/nl.motocrossmag.be\/wp-content\/gallery\/evertsandfriends2013\/thumbs\/thumbs_dsc_7772.jpg\" alt=\"dsc_7772\" width=\"100\" height=\"75\" \/> <\/a><a class=\"shutterset_set_350\" title=\" \" rel=\"lightbox dia=1\" href=\"http:\/\/nl.motocrossmag.be\/wp-content\/gallery\/evertsandfriends2013\/dsc_7783.jpg\"><img decoding=\"async\" title=\"dsc_7783\" src=\"http:\/\/nl.motocrossmag.be\/wp-content\/gallery\/evertsandfriends2013\/thumbs\/thumbs_dsc_7783.jpg\" alt=\"dsc_7783\" width=\"100\" height=\"75\" \/> <\/a><a class=\"shutterset_set_350\" title=\" \" rel=\"lightbox dia=1\" href=\"http:\/\/nl.motocrossmag.be\/wp-content\/gallery\/evertsandfriends2013\/dsc_7821.jpg\"><img decoding=\"async\" title=\"dsc_7821\" src=\"http:\/\/nl.motocrossmag.be\/wp-content\/gallery\/evertsandfriends2013\/thumbs\/thumbs_dsc_7821.jpg\" alt=\"dsc_7821\" width=\"100\" height=\"75\" \/> <\/a><a class=\"shutterset_set_350\" title=\" \" rel=\"lightbox dia=1\" href=\"http:\/\/nl.motocrossmag.be\/wp-content\/gallery\/evertsandfriends2013\/dsc_7860.jpg\"><img decoding=\"async\" title=\"dsc_7860\" src=\"http:\/\/nl.motocrossmag.be\/wp-content\/gallery\/evertsandfriends2013\/thumbs\/thumbs_dsc_7860.jpg\" alt=\"dsc_7860\" width=\"100\" height=\"75\" \/> <\/a><a class=\"shutterset_set_350\" title=\" \" rel=\"lightbox dia=1\" href=\"http:\/\/nl.motocrossmag.be\/wp-content\/gallery\/evertsandfriends2013\/dsc_7893.jpg\"><img decoding=\"async\" title=\"dsc_7893\" src=\"http:\/\/nl.motocrossmag.be\/wp-content\/gallery\/evertsandfriends2013\/thumbs\/thumbs_dsc_7893.jpg\" alt=\"dsc_7893\" width=\"100\" height=\"75\" \/> <\/a><a class=\"shutterset_set_350\" title=\" \" rel=\"lightbox dia=1\" href=\"http:\/\/nl.motocrossmag.be\/wp-content\/gallery\/evertsandfriends2013\/dsc_7897.jpg\"><img decoding=\"async\" title=\"dsc_7897\" src=\"http:\/\/nl.motocrossmag.be\/wp-content\/gallery\/evertsandfriends2013\/thumbs\/thumbs_dsc_7897.jpg\" alt=\"dsc_7897\" width=\"100\" height=\"75\" \/> <\/a><a class=\"shutterset_set_350\" title=\" \" rel=\"lightbox dia=1\" href=\"http:\/\/nl.motocrossmag.be\/wp-content\/gallery\/evertsandfriends2013\/dsc_7899.jpg\"><img decoding=\"async\" title=\"dsc_7899\" src=\"http:\/\/nl.motocrossmag.be\/wp-content\/gallery\/evertsandfriends2013\/thumbs\/thumbs_dsc_7899.jpg\" alt=\"dsc_7899\" width=\"100\" height=\"75\" \/> <\/a><a class=\"shutterset_set_350\" title=\" \" rel=\"lightbox dia=1\" href=\"http:\/\/nl.motocrossmag.be\/wp-content\/gallery\/evertsandfriends2013\/dsc_7900.jpg\"><img decoding=\"async\" title=\"dsc_7900\" src=\"http:\/\/nl.motocrossmag.be\/wp-content\/gallery\/evertsandfriends2013\/thumbs\/thumbs_dsc_7900.jpg\" alt=\"dsc_7900\" width=\"100\" height=\"75\" \/> <\/a><a class=\"shutterset_set_350\" title=\" \" rel=\"lightbox dia=1\" href=\"http:\/\/nl.motocrossmag.be\/wp-content\/gallery\/evertsandfriends2013\/dsc_7924.jpg\"><img decoding=\"async\" title=\"dsc_7924\" src=\"http:\/\/nl.motocrossmag.be\/wp-content\/gallery\/evertsandfriends2013\/thumbs\/thumbs_dsc_7924.jpg\" alt=\"dsc_7924\" width=\"100\" height=\"75\" \/> <\/a><a class=\"shutterset_set_350\" title=\" \" rel=\"lightbox dia=1\" href=\"http:\/\/nl.motocrossmag.be\/wp-content\/gallery\/evertsandfriends2013\/dsc_7925.jpg\"><img decoding=\"async\" title=\"dsc_7925\" src=\"http:\/\/nl.motocrossmag.be\/wp-content\/gallery\/evertsandfriends2013\/thumbs\/thumbs_dsc_7925.jpg\" alt=\"dsc_7925\" width=\"100\" height=\"75\" \/> <\/a><a class=\"shutterset_set_350\" title=\" \" rel=\"lightbox dia=1\" href=\"http:\/\/nl.motocrossmag.be\/wp-content\/gallery\/evertsandfriends2013\/dsc_7926.jpg\"><img decoding=\"async\" title=\"dsc_7926\" src=\"http:\/\/nl.motocrossmag.be\/wp-content\/gallery\/evertsandfriends2013\/thumbs\/thumbs_dsc_7926.jpg\" alt=\"dsc_7926\" width=\"100\" height=\"75\" \/> <\/a><a class=\"shutterset_set_350\" title=\" \" rel=\"lightbox dia=1\" href=\"http:\/\/nl.motocrossmag.be\/wp-content\/gallery\/evertsandfriends2013\/dsc_7932.jpg\"><img decoding=\"async\" title=\"dsc_7932\" src=\"http:\/\/nl.motocrossmag.be\/wp-content\/gallery\/evertsandfriends2013\/thumbs\/thumbs_dsc_7932.jpg\" alt=\"dsc_7932\" width=\"100\" height=\"75\" \/> <\/a><a class=\"shutterset_set_350\" title=\" \" rel=\"lightbox dia=1\" href=\"http:\/\/nl.motocrossmag.be\/wp-content\/gallery\/evertsandfriends2013\/dsc_7943.jpg\"><img decoding=\"async\" title=\"dsc_7943\" src=\"http:\/\/nl.motocrossmag.be\/wp-content\/gallery\/evertsandfriends2013\/thumbs\/thumbs_dsc_7943.jpg\" alt=\"dsc_7943\" width=\"100\" height=\"75\" \/> <\/a><a class=\"shutterset_set_350\" title=\" \" rel=\"lightbox dia=1\" href=\"http:\/\/nl.motocrossmag.be\/wp-content\/gallery\/evertsandfriends2013\/dsc_7980.jpg\"><img decoding=\"async\" title=\"dsc_7980\" src=\"http:\/\/nl.motocrossmag.be\/wp-content\/gallery\/evertsandfriends2013\/thumbs\/thumbs_dsc_7980.jpg\" alt=\"dsc_7980\" width=\"100\" height=\"75\" \/> <\/a><a class=\"shutterset_set_350\" title=\" \" rel=\"lightbox dia=1\" href=\"http:\/\/nl.motocrossmag.be\/wp-content\/gallery\/evertsandfriends2013\/dsc_8015.jpg\"><img decoding=\"async\" title=\"dsc_8015\" src=\"http:\/\/nl.motocrossmag.be\/wp-content\/gallery\/evertsandfriends2013\/thumbs\/thumbs_dsc_8015.jpg\" alt=\"dsc_8015\" width=\"100\" height=\"75\" \/> <\/a><a class=\"shutterset_set_350\" title=\" \" rel=\"lightbox dia=1\" href=\"http:\/\/nl.motocrossmag.be\/wp-content\/gallery\/evertsandfriends2013\/dsc_8029.jpg\"><img decoding=\"async\" title=\"dsc_8029\" src=\"http:\/\/nl.motocrossmag.be\/wp-content\/gallery\/evertsandfriends2013\/thumbs\/thumbs_dsc_8029.jpg\" alt=\"dsc_8029\" width=\"100\" height=\"75\" \/> <\/a><a class=\"shutterset_set_350\" title=\" \" rel=\"lightbox dia=1\" href=\"http:\/\/nl.motocrossmag.be\/wp-content\/gallery\/evertsandfriends2013\/dsc_8030.jpg\"><img decoding=\"async\" title=\"dsc_8030\" src=\"http:\/\/nl.motocrossmag.be\/wp-content\/gallery\/evertsandfriends2013\/thumbs\/thumbs_dsc_8030.jpg\" alt=\"dsc_8030\" width=\"100\" height=\"75\" \/> <\/a><a class=\"shutterset_set_350\" title=\" \" rel=\"lightbox dia=1\" href=\"http:\/\/nl.motocrossmag.be\/wp-content\/gallery\/evertsandfriends2013\/dsc_8040.jpg\"><img decoding=\"async\" title=\"dsc_8040\" src=\"http:\/\/nl.motocrossmag.be\/wp-content\/gallery\/evertsandfriends2013\/thumbs\/thumbs_dsc_8040.jpg\" alt=\"dsc_8040\" width=\"100\" height=\"75\" \/> <\/a><a class=\"shutterset_set_350\" title=\" \" rel=\"lightbox dia=1\" href=\"http:\/\/nl.motocrossmag.be\/wp-content\/gallery\/evertsandfriends2013\/dsc_8076.jpg\"><img decoding=\"async\" title=\"dsc_8076\" src=\"http:\/\/nl.motocrossmag.be\/wp-content\/gallery\/evertsandfriends2013\/thumbs\/thumbs_dsc_8076.jpg\" alt=\"dsc_8076\" width=\"100\" height=\"75\" \/> <\/a><a class=\"shutterset_set_350\" title=\" \" rel=\"lightbox dia=1\" href=\"http:\/\/nl.motocrossmag.be\/wp-content\/gallery\/evertsandfriends2013\/dsc_8083.jpg\"><img decoding=\"async\" title=\"dsc_8083\" src=\"http:\/\/nl.motocrossmag.be\/wp-content\/gallery\/evertsandfriends2013\/thumbs\/thumbs_dsc_8083.jpg\" alt=\"dsc_8083\" width=\"100\" height=\"75\" \/> <\/a><a class=\"shutterset_set_350\" title=\" \" rel=\"lightbox dia=1\" href=\"http:\/\/nl.motocrossmag.be\/wp-content\/gallery\/evertsandfriends2013\/dsc_8091.jpg\"><img decoding=\"async\" title=\"dsc_8091\" src=\"http:\/\/nl.motocrossmag.be\/wp-content\/gallery\/evertsandfriends2013\/thumbs\/thumbs_dsc_8091.jpg\" alt=\"dsc_8091\" width=\"100\" height=\"75\" \/> <\/a><a class=\"shutterset_set_350\" title=\" \" rel=\"lightbox dia=1\" href=\"http:\/\/nl.motocrossmag.be\/wp-content\/gallery\/evertsandfriends2013\/dsc_8105.jpg\"><img decoding=\"async\" title=\"dsc_8105\" src=\"http:\/\/nl.motocrossmag.be\/wp-content\/gallery\/evertsandfriends2013\/thumbs\/thumbs_dsc_8105.jpg\" alt=\"dsc_8105\" width=\"100\" height=\"75\" \/> <\/a><a class=\"shutterset_set_350\" title=\" \" rel=\"lightbox dia=1\" href=\"http:\/\/nl.motocrossmag.be\/wp-content\/gallery\/evertsandfriends2013\/dsc_8127.jpg\"><img decoding=\"async\" title=\"dsc_8127\" src=\"http:\/\/nl.motocrossmag.be\/wp-content\/gallery\/evertsandfriends2013\/thumbs\/thumbs_dsc_8127.jpg\" alt=\"dsc_8127\" width=\"100\" height=\"75\" \/> <\/a><a class=\"shutterset_set_350\" title=\" \" rel=\"lightbox dia=1\" href=\"http:\/\/nl.motocrossmag.be\/wp-content\/gallery\/evertsandfriends2013\/dsc_8134.jpg\"><img decoding=\"async\" title=\"dsc_8134\" src=\"http:\/\/nl.motocrossmag.be\/wp-content\/gallery\/evertsandfriends2013\/thumbs\/thumbs_dsc_8134.jpg\" alt=\"dsc_8134\" width=\"100\" height=\"75\" \/> <\/a><a class=\"shutterset_set_350\" title=\" \" rel=\"lightbox dia=1\" href=\"http:\/\/nl.motocrossmag.be\/wp-content\/gallery\/evertsandfriends2013\/dsc_8150.jpg\"><img decoding=\"async\" title=\"dsc_8150\" src=\"http:\/\/nl.motocrossmag.be\/wp-content\/gallery\/evertsandfriends2013\/thumbs\/thumbs_dsc_8150.jpg\" alt=\"dsc_8150\" width=\"100\" height=\"75\" \/> <\/a><a class=\"shutterset_set_350\" title=\" \" rel=\"lightbox dia=1\" href=\"http:\/\/nl.motocrossmag.be\/wp-content\/gallery\/evertsandfriends2013\/dsc_8173.jpg\"><img decoding=\"async\" title=\"dsc_8173\" src=\"http:\/\/nl.motocrossmag.be\/wp-content\/gallery\/evertsandfriends2013\/thumbs\/thumbs_dsc_8173.jpg\" alt=\"dsc_8173\" width=\"100\" height=\"75\" \/> <\/a><a class=\"shutterset_set_350\" title=\" \" rel=\"lightbox dia=1\" href=\"http:\/\/nl.motocrossmag.be\/wp-content\/gallery\/evertsandfriends2013\/dsc_8230.jpg\"><img decoding=\"async\" title=\"dsc_8230\" src=\"http:\/\/nl.motocrossmag.be\/wp-content\/gallery\/evertsandfriends2013\/thumbs\/thumbs_dsc_8230.jpg\" alt=\"dsc_8230\" width=\"100\" height=\"75\" \/> <\/a><a class=\"shutterset_set_350\" title=\" \" rel=\"lightbox dia=1\" href=\"http:\/\/nl.motocrossmag.be\/wp-content\/gallery\/evertsandfriends2013\/dsc_8236.jpg\"><img decoding=\"async\" title=\"dsc_8236\" src=\"http:\/\/nl.motocrossmag.be\/wp-content\/gallery\/evertsandfriends2013\/thumbs\/thumbs_dsc_8236.jpg\" alt=\"dsc_8236\" width=\"100\" height=\"75\" \/> <\/a><a class=\"shutterset_set_350\" title=\" \" rel=\"lightbox dia=1\" href=\"http:\/\/nl.motocrossmag.be\/wp-content\/gallery\/evertsandfriends2013\/dsc_8237.jpg\"><img decoding=\"async\" title=\"dsc_8237\" src=\"http:\/\/nl.motocrossmag.be\/wp-content\/gallery\/evertsandfriends2013\/thumbs\/thumbs_dsc_8237.jpg\" alt=\"dsc_8237\" width=\"100\" height=\"75\" \/> <\/a><a class=\"shutterset_set_350\" title=\" \" rel=\"lightbox dia=1\" href=\"http:\/\/nl.motocrossmag.be\/wp-content\/gallery\/evertsandfriends2013\/dsc_8261.jpg\"><img decoding=\"async\" title=\"dsc_8261\" src=\"http:\/\/nl.motocrossmag.be\/wp-content\/gallery\/evertsandfriends2013\/thumbs\/thumbs_dsc_8261.jpg\" alt=\"dsc_8261\" width=\"100\" height=\"75\" \/> <\/a><a class=\"shutterset_set_350\" title=\" \" rel=\"lightbox dia=1\" href=\"http:\/\/nl.motocrossmag.be\/wp-content\/gallery\/evertsandfriends2013\/dsc_8276.jpg\"><img decoding=\"async\" title=\"dsc_8276\" src=\"http:\/\/nl.motocrossmag.be\/wp-content\/gallery\/evertsandfriends2013\/thumbs\/thumbs_dsc_8276.jpg\" alt=\"dsc_8276\" width=\"100\" height=\"75\" \/> <\/a><a class=\"shutterset_set_350\" title=\" \" rel=\"lightbox dia=1\" href=\"http:\/\/nl.motocrossmag.be\/wp-content\/gallery\/evertsandfriends2013\/dsc_8277.jpg\"><img decoding=\"async\" title=\"dsc_8277\" src=\"http:\/\/nl.motocrossmag.be\/wp-content\/gallery\/evertsandfriends2013\/thumbs\/thumbs_dsc_8277.jpg\" alt=\"dsc_8277\" width=\"100\" height=\"75\" \/> <\/a><a class=\"shutterset_set_350\" title=\" \" rel=\"lightbox dia=1\" href=\"http:\/\/nl.motocrossmag.be\/wp-content\/gallery\/evertsandfriends2013\/dsc_8278.jpg\"><img decoding=\"async\" title=\"dsc_8278\" src=\"http:\/\/nl.motocrossmag.be\/wp-content\/gallery\/evertsandfriends2013\/thumbs\/thumbs_dsc_8278.jpg\" alt=\"dsc_8278\" width=\"100\" height=\"75\" \/> <\/a><a class=\"shutterset_set_350\" title=\" \" rel=\"lightbox dia=1\" href=\"http:\/\/nl.motocrossmag.be\/wp-content\/gallery\/evertsandfriends2013\/dsc_8281.jpg\"><img decoding=\"async\" title=\"dsc_8281\" src=\"http:\/\/nl.motocrossmag.be\/wp-content\/gallery\/evertsandfriends2013\/thumbs\/thumbs_dsc_8281.jpg\" alt=\"dsc_8281\" width=\"100\" height=\"75\" \/> <\/a><a class=\"shutterset_set_350\" title=\" \" rel=\"lightbox dia=1\" href=\"http:\/\/nl.motocrossmag.be\/wp-content\/gallery\/evertsandfriends2013\/dsc_8301.jpg\"><img decoding=\"async\" title=\"dsc_8301\" src=\"http:\/\/nl.motocrossmag.be\/wp-content\/gallery\/evertsandfriends2013\/thumbs\/thumbs_dsc_8301.jpg\" alt=\"dsc_8301\" width=\"100\" height=\"75\" \/> <\/a><a class=\"shutterset_set_350\" title=\" \" rel=\"lightbox dia=1\" href=\"http:\/\/nl.motocrossmag.be\/wp-content\/gallery\/evertsandfriends2013\/dsc_8302.jpg\"><img decoding=\"async\" title=\"dsc_8302\" src=\"http:\/\/nl.motocrossmag.be\/wp-content\/gallery\/evertsandfriends2013\/thumbs\/thumbs_dsc_8302.jpg\" alt=\"dsc_8302\" width=\"100\" height=\"75\" \/><\/a><\/p>\n","protected":false},"excerpt":{"rendered":"<p>L&rsquo;\u00e9dition 2013 de Everts &amp; Friends a tenu toutes ses promesses. Un plateau de stars exceptionnel rassembl\u00e9 pour la bonne cause par Stefan Everts pour le plus grand plaisir des spectateurs et qui se sont donn\u00e9s \u00e0\u00a0 110% malgr\u00e9 des temp\u00e9ratures qui flirtaient avec les 40 degr\u00e9s Celsius&#8230; En prime, un invit\u00e9 de marque pour [&hellip;]<\/p>\n","protected":false},"author":932,"featured_media":0,"comment_status":"open","ping_status":"closed","sticky":false,"template":"","format":"standard","meta":{"tdm_status":"","tdm_grid_status":"","footnotes":""},"categories":[66],"tags":[],"class_list":["post-18575","post","type-post","status-publish","format-standard","category-photos"],"yoast_head":"<!-- This site is optimized with the Yoast SEO plugin v28.4 - https:\/\/yoast.com\/product\/yoast-seo-wordpress\/ -->\n<title>Galerie photos | Photos: Everts &amp; Friends 2013 - Motocross - Enduro - Supermoto | MotocrossMag<\/title>\n<meta name=\"robots\" content=\"index, follow, max-snippet:-1, max-image-preview:large, max-video-preview:-1\" \/>\n<link rel=\"canonical\" href=\"https:\/\/fr.motocrossmag.be\/index.php\/2013\/07\/galerie-photos-photos-everts-friends-2013\/\" \/>\n<meta property=\"og:locale\" content=\"fr_FR\" \/>\n<meta property=\"og:type\" content=\"article\" \/>\n<meta property=\"og:title\" content=\"Galerie photos | Photos: Everts &amp; Friends 2013 - Motocross - Enduro - Supermoto | MotocrossMag\" \/>\n<meta property=\"og:description\" content=\"L&rsquo;\u00e9dition 2013 de Everts &amp; Friends a tenu toutes ses promesses. Un plateau de stars exceptionnel rassembl\u00e9 pour la bonne cause par Stefan Everts pour le plus grand plaisir des spectateurs et qui se sont donn\u00e9s \u00e0\u00a0 110% malgr\u00e9 des temp\u00e9ratures qui flirtaient avec les 40 degr\u00e9s Celsius&#8230; En prime, un invit\u00e9 de marque pour [&hellip;]\" \/>\n<meta property=\"og:url\" content=\"https:\/\/fr.motocrossmag.be\/index.php\/2013\/07\/galerie-photos-photos-everts-friends-2013\/\" \/>\n<meta property=\"og:site_name\" content=\"Motocross - Enduro - Supermoto | MotocrossMag\" \/>\n<meta property=\"article:published_time\" content=\"2013-07-23T14:30:18+00:00\" \/>\n<meta property=\"article:modified_time\" content=\"2013-07-23T14:34:17+00:00\" \/>\n<meta property=\"og:image\" content=\"http:\/\/nl.motocrossmag.be\/wp-content\/gallery\/evertsandfriends2013\/thumbs\/thumbs_dsc_4067.jpg\" \/>\n<meta name=\"author\" content=\"oliviere\" \/>\n<meta name=\"twitter:card\" content=\"summary_large_image\" \/>\n<meta name=\"twitter:label1\" content=\"\u00c9crit par\" \/>\n\t<meta name=\"twitter:data1\" content=\"oliviere\" \/>\n\t<meta name=\"twitter:label2\" content=\"Dur\u00e9e de lecture estim\u00e9e\" \/>\n\t<meta name=\"twitter:data2\" content=\"1 minute\" \/>\n<script type=\"application\/ld+json\" class=\"yoast-schema-graph\">{\"@context\":\"https:\\\/\\\/schema.org\",\"@graph\":[{\"@type\":\"Article\",\"@id\":\"https:\\\/\\\/fr.motocrossmag.be\\\/index.php\\\/2013\\\/07\\\/galerie-photos-photos-everts-friends-2013\\\/#article\",\"isPartOf\":{\"@id\":\"https:\\\/\\\/fr.motocrossmag.be\\\/index.php\\\/2013\\\/07\\\/galerie-photos-photos-everts-friends-2013\\\/\"},\"author\":{\"name\":\"oliviere\",\"@id\":\"https:\\\/\\\/fr.motocrossmag.be\\\/#\\\/schema\\\/person\\\/11b47143d9f755babca2c9110e03235c\"},\"headline\":\"Galerie photos | Photos: Everts &#038; Friends 2013\",\"datePublished\":\"2013-07-23T14:30:18+00:00\",\"dateModified\":\"2013-07-23T14:34:17+00:00\",\"mainEntityOfPage\":{\"@id\":\"https:\\\/\\\/fr.motocrossmag.be\\\/index.php\\\/2013\\\/07\\\/galerie-photos-photos-everts-friends-2013\\\/\"},\"wordCount\":135,\"commentCount\":0,\"image\":{\"@id\":\"https:\\\/\\\/fr.motocrossmag.be\\\/index.php\\\/2013\\\/07\\\/galerie-photos-photos-everts-friends-2013\\\/#primaryimage\"},\"thumbnailUrl\":\"http:\\\/\\\/nl.motocrossmag.be\\\/wp-content\\\/gallery\\\/evertsandfriends2013\\\/thumbs\\\/thumbs_dsc_4067.jpg\",\"articleSection\":[\"Photos\"],\"inLanguage\":\"fr-FR\",\"potentialAction\":[{\"@type\":\"CommentAction\",\"name\":\"Comment\",\"target\":[\"https:\\\/\\\/fr.motocrossmag.be\\\/index.php\\\/2013\\\/07\\\/galerie-photos-photos-everts-friends-2013\\\/#respond\"]}]},{\"@type\":\"WebPage\",\"@id\":\"https:\\\/\\\/fr.motocrossmag.be\\\/index.php\\\/2013\\\/07\\\/galerie-photos-photos-everts-friends-2013\\\/\",\"url\":\"https:\\\/\\\/fr.motocrossmag.be\\\/index.php\\\/2013\\\/07\\\/galerie-photos-photos-everts-friends-2013\\\/\",\"name\":\"Galerie photos | Photos: Everts & Friends 2013 - Motocross - Enduro - Supermoto | MotocrossMag\",\"isPartOf\":{\"@id\":\"https:\\\/\\\/fr.motocrossmag.be\\\/#website\"},\"primaryImageOfPage\":{\"@id\":\"https:\\\/\\\/fr.motocrossmag.be\\\/index.php\\\/2013\\\/07\\\/galerie-photos-photos-everts-friends-2013\\\/#primaryimage\"},\"image\":{\"@id\":\"https:\\\/\\\/fr.motocrossmag.be\\\/index.php\\\/2013\\\/07\\\/galerie-photos-photos-everts-friends-2013\\\/#primaryimage\"},\"thumbnailUrl\":\"http:\\\/\\\/nl.motocrossmag.be\\\/wp-content\\\/gallery\\\/evertsandfriends2013\\\/thumbs\\\/thumbs_dsc_4067.jpg\",\"datePublished\":\"2013-07-23T14:30:18+00:00\",\"dateModified\":\"2013-07-23T14:34:17+00:00\",\"author\":{\"@id\":\"https:\\\/\\\/fr.motocrossmag.be\\\/#\\\/schema\\\/person\\\/11b47143d9f755babca2c9110e03235c\"},\"breadcrumb\":{\"@id\":\"https:\\\/\\\/fr.motocrossmag.be\\\/index.php\\\/2013\\\/07\\\/galerie-photos-photos-everts-friends-2013\\\/#breadcrumb\"},\"inLanguage\":\"fr-FR\",\"potentialAction\":[{\"@type\":\"ReadAction\",\"target\":[\"https:\\\/\\\/fr.motocrossmag.be\\\/index.php\\\/2013\\\/07\\\/galerie-photos-photos-everts-friends-2013\\\/\"]}]},{\"@type\":\"ImageObject\",\"inLanguage\":\"fr-FR\",\"@id\":\"https:\\\/\\\/fr.motocrossmag.be\\\/index.php\\\/2013\\\/07\\\/galerie-photos-photos-everts-friends-2013\\\/#primaryimage\",\"url\":\"http:\\\/\\\/nl.motocrossmag.be\\\/wp-content\\\/gallery\\\/evertsandfriends2013\\\/thumbs\\\/thumbs_dsc_4067.jpg\",\"contentUrl\":\"http:\\\/\\\/nl.motocrossmag.be\\\/wp-content\\\/gallery\\\/evertsandfriends2013\\\/thumbs\\\/thumbs_dsc_4067.jpg\"},{\"@type\":\"BreadcrumbList\",\"@id\":\"https:\\\/\\\/fr.motocrossmag.be\\\/index.php\\\/2013\\\/07\\\/galerie-photos-photos-everts-friends-2013\\\/#breadcrumb\",\"itemListElement\":[{\"@type\":\"ListItem\",\"position\":1,\"name\":\"Accueil\",\"item\":\"https:\\\/\\\/fr.motocrossmag.be\\\/\"},{\"@type\":\"ListItem\",\"position\":2,\"name\":\"Galerie photos | Photos: Everts &#038; Friends 2013\"}]},{\"@type\":\"WebSite\",\"@id\":\"https:\\\/\\\/fr.motocrossmag.be\\\/#website\",\"url\":\"https:\\\/\\\/fr.motocrossmag.be\\\/\",\"name\":\"Motocross - Enduro - Supermoto | MotocrossMag\",\"description\":\"L&#039;actualit\u00e9 du motocross, de l&#039;enduro et du Supermoto en ligne!\",\"potentialAction\":[{\"@type\":\"SearchAction\",\"target\":{\"@type\":\"EntryPoint\",\"urlTemplate\":\"https:\\\/\\\/fr.motocrossmag.be\\\/?s={search_term_string}\"},\"query-input\":{\"@type\":\"PropertyValueSpecification\",\"valueRequired\":true,\"valueName\":\"search_term_string\"}}],\"inLanguage\":\"fr-FR\"},{\"@type\":\"Person\",\"@id\":\"https:\\\/\\\/fr.motocrossmag.be\\\/#\\\/schema\\\/person\\\/11b47143d9f755babca2c9110e03235c\",\"name\":\"oliviere\",\"image\":{\"@type\":\"ImageObject\",\"inLanguage\":\"fr-FR\",\"@id\":\"https:\\\/\\\/secure.gravatar.com\\\/avatar\\\/907069e0b81d119452040469e4a7501da1100f54f7f80180ce77bfab718288f6?s=96&d=mm&r=g\",\"url\":\"https:\\\/\\\/secure.gravatar.com\\\/avatar\\\/907069e0b81d119452040469e4a7501da1100f54f7f80180ce77bfab718288f6?s=96&d=mm&r=g\",\"contentUrl\":\"https:\\\/\\\/secure.gravatar.com\\\/avatar\\\/907069e0b81d119452040469e4a7501da1100f54f7f80180ce77bfab718288f6?s=96&d=mm&r=g\",\"caption\":\"oliviere\"},\"sameAs\":[\"http:\\\/\\\/www.motocrossmag.be\"],\"url\":\"https:\\\/\\\/fr.motocrossmag.be\\\/index.php\\\/author\\\/oliviere\\\/\"}]}<\/script>\n<!-- \/ Yoast SEO plugin. -->","yoast_head_json":{"title":"Galerie photos | Photos: Everts & Friends 2013 - Motocross - Enduro - Supermoto | MotocrossMag","robots":{"index":"index","follow":"follow","max-snippet":"max-snippet:-1","max-image-preview":"max-image-preview:large","max-video-preview":"max-video-preview:-1"},"canonical":"https:\/\/fr.motocrossmag.be\/index.php\/2013\/07\/galerie-photos-photos-everts-friends-2013\/","og_locale":"fr_FR","og_type":"article","og_title":"Galerie photos | Photos: Everts & Friends 2013 - Motocross - Enduro - Supermoto | MotocrossMag","og_description":"L&rsquo;\u00e9dition 2013 de Everts &amp; Friends a tenu toutes ses promesses. Un plateau de stars exceptionnel rassembl\u00e9 pour la bonne cause par Stefan Everts pour le plus grand plaisir des spectateurs et qui se sont donn\u00e9s \u00e0\u00a0 110% malgr\u00e9 des temp\u00e9ratures qui flirtaient avec les 40 degr\u00e9s Celsius&#8230; En prime, un invit\u00e9 de marque pour [&hellip;]","og_url":"https:\/\/fr.motocrossmag.be\/index.php\/2013\/07\/galerie-photos-photos-everts-friends-2013\/","og_site_name":"Motocross - Enduro - Supermoto | MotocrossMag","article_published_time":"2013-07-23T14:30:18+00:00","article_modified_time":"2013-07-23T14:34:17+00:00","og_image":[{"url":"http:\/\/nl.motocrossmag.be\/wp-content\/gallery\/evertsandfriends2013\/thumbs\/thumbs_dsc_4067.jpg","type":"","width":"","height":""}],"author":"oliviere","twitter_card":"summary_large_image","twitter_misc":{"\u00c9crit par":"oliviere","Dur\u00e9e de lecture estim\u00e9e":"1 minute"},"schema":{"@context":"https:\/\/schema.org","@graph":[{"@type":"Article","@id":"https:\/\/fr.motocrossmag.be\/index.php\/2013\/07\/galerie-photos-photos-everts-friends-2013\/#article","isPartOf":{"@id":"https:\/\/fr.motocrossmag.be\/index.php\/2013\/07\/galerie-photos-photos-everts-friends-2013\/"},"author":{"name":"oliviere","@id":"https:\/\/fr.motocrossmag.be\/#\/schema\/person\/11b47143d9f755babca2c9110e03235c"},"headline":"Galerie photos | Photos: Everts &#038; Friends 2013","datePublished":"2013-07-23T14:30:18+00:00","dateModified":"2013-07-23T14:34:17+00:00","mainEntityOfPage":{"@id":"https:\/\/fr.motocrossmag.be\/index.php\/2013\/07\/galerie-photos-photos-everts-friends-2013\/"},"wordCount":135,"commentCount":0,"image":{"@id":"https:\/\/fr.motocrossmag.be\/index.php\/2013\/07\/galerie-photos-photos-everts-friends-2013\/#primaryimage"},"thumbnailUrl":"http:\/\/nl.motocrossmag.be\/wp-content\/gallery\/evertsandfriends2013\/thumbs\/thumbs_dsc_4067.jpg","articleSection":["Photos"],"inLanguage":"fr-FR","potentialAction":[{"@type":"CommentAction","name":"Comment","target":["https:\/\/fr.motocrossmag.be\/index.php\/2013\/07\/galerie-photos-photos-everts-friends-2013\/#respond"]}]},{"@type":"WebPage","@id":"https:\/\/fr.motocrossmag.be\/index.php\/2013\/07\/galerie-photos-photos-everts-friends-2013\/","url":"https:\/\/fr.motocrossmag.be\/index.php\/2013\/07\/galerie-photos-photos-everts-friends-2013\/","name":"Galerie photos | Photos: Everts & Friends 2013 - Motocross - Enduro - Supermoto | MotocrossMag","isPartOf":{"@id":"https:\/\/fr.motocrossmag.be\/#website"},"primaryImageOfPage":{"@id":"https:\/\/fr.motocrossmag.be\/index.php\/2013\/07\/galerie-photos-photos-everts-friends-2013\/#primaryimage"},"image":{"@id":"https:\/\/fr.motocrossmag.be\/index.php\/2013\/07\/galerie-photos-photos-everts-friends-2013\/#primaryimage"},"thumbnailUrl":"http:\/\/nl.motocrossmag.be\/wp-content\/gallery\/evertsandfriends2013\/thumbs\/thumbs_dsc_4067.jpg","datePublished":"2013-07-23T14:30:18+00:00","dateModified":"2013-07-23T14:34:17+00:00","author":{"@id":"https:\/\/fr.motocrossmag.be\/#\/schema\/person\/11b47143d9f755babca2c9110e03235c"},"breadcrumb":{"@id":"https:\/\/fr.motocrossmag.be\/index.php\/2013\/07\/galerie-photos-photos-everts-friends-2013\/#breadcrumb"},"inLanguage":"fr-FR","potentialAction":[{"@type":"ReadAction","target":["https:\/\/fr.motocrossmag.be\/index.php\/2013\/07\/galerie-photos-photos-everts-friends-2013\/"]}]},{"@type":"ImageObject","inLanguage":"fr-FR","@id":"https:\/\/fr.motocrossmag.be\/index.php\/2013\/07\/galerie-photos-photos-everts-friends-2013\/#primaryimage","url":"http:\/\/nl.motocrossmag.be\/wp-content\/gallery\/evertsandfriends2013\/thumbs\/thumbs_dsc_4067.jpg","contentUrl":"http:\/\/nl.motocrossmag.be\/wp-content\/gallery\/evertsandfriends2013\/thumbs\/thumbs_dsc_4067.jpg"},{"@type":"BreadcrumbList","@id":"https:\/\/fr.motocrossmag.be\/index.php\/2013\/07\/galerie-photos-photos-everts-friends-2013\/#breadcrumb","itemListElement":[{"@type":"ListItem","position":1,"name":"Accueil","item":"https:\/\/fr.motocrossmag.be\/"},{"@type":"ListItem","position":2,"name":"Galerie photos | Photos: Everts &#038; Friends 2013"}]},{"@type":"WebSite","@id":"https:\/\/fr.motocrossmag.be\/#website","url":"https:\/\/fr.motocrossmag.be\/","name":"Motocross - Enduro - Supermoto | MotocrossMag","description":"L&#039;actualit\u00e9 du motocross, de l&#039;enduro et du Supermoto en ligne!","potentialAction":[{"@type":"SearchAction","target":{"@type":"EntryPoint","urlTemplate":"https:\/\/fr.motocrossmag.be\/?s={search_term_string}"},"query-input":{"@type":"PropertyValueSpecification","valueRequired":true,"valueName":"search_term_string"}}],"inLanguage":"fr-FR"},{"@type":"Person","@id":"https:\/\/fr.motocrossmag.be\/#\/schema\/person\/11b47143d9f755babca2c9110e03235c","name":"oliviere","image":{"@type":"ImageObject","inLanguage":"fr-FR","@id":"https:\/\/secure.gravatar.com\/avatar\/907069e0b81d119452040469e4a7501da1100f54f7f80180ce77bfab718288f6?s=96&d=mm&r=g","url":"https:\/\/secure.gravatar.com\/avatar\/907069e0b81d119452040469e4a7501da1100f54f7f80180ce77bfab718288f6?s=96&d=mm&r=g","contentUrl":"https:\/\/secure.gravatar.com\/avatar\/907069e0b81d119452040469e4a7501da1100f54f7f80180ce77bfab718288f6?s=96&d=mm&r=g","caption":"oliviere"},"sameAs":["http:\/\/www.motocrossmag.be"],"url":"https:\/\/fr.motocrossmag.be\/index.php\/author\/oliviere\/"}]}},"_links":{"self":[{"href":"https:\/\/fr.motocrossmag.be\/index.php\/wp-json\/wp\/v2\/posts\/18575","targetHints":{"allow":["GET"]}}],"collection":[{"href":"https:\/\/fr.motocrossmag.be\/index.php\/wp-json\/wp\/v2\/posts"}],"about":[{"href":"https:\/\/fr.motocrossmag.be\/index.php\/wp-json\/wp\/v2\/types\/post"}],"author":[{"embeddable":true,"href":"https:\/\/fr.motocrossmag.be\/index.php\/wp-json\/wp\/v2\/users\/932"}],"replies":[{"embeddable":true,"href":"https:\/\/fr.motocrossmag.be\/index.php\/wp-json\/wp\/v2\/comments?post=18575"}],"version-history":[{"count":0,"href":"https:\/\/fr.motocrossmag.be\/index.php\/wp-json\/wp\/v2\/posts\/18575\/revisions"}],"wp:attachment":[{"href":"https:\/\/fr.motocrossmag.be\/index.php\/wp-json\/wp\/v2\/media?parent=18575"}],"wp:term":[{"taxonomy":"category","embeddable":true,"href":"https:\/\/fr.motocrossmag.be\/index.php\/wp-json\/wp\/v2\/categories?post=18575"},{"taxonomy":"post_tag","embeddable":true,"href":"https:\/\/fr.motocrossmag.be\/index.php\/wp-json\/wp\/v2\/tags?post=18575"}],"curies":[{"name":"wp","href":"https:\/\/api.w.org\/{rel}","templated":true}]}}