{"id":18775,"date":"2013-08-13T22:23:23","date_gmt":"2013-08-13T21:23:23","guid":{"rendered":"http:\/\/fr.motocrossmag.be\/?p=18775"},"modified":"2013-08-13T22:27:51","modified_gmt":"2013-08-13T21:27:51","slug":"galerie-photos-photos-motocross-fmb-a-balen","status":"publish","type":"post","link":"https:\/\/fr.motocrossmag.be\/index.php\/2013\/08\/galerie-photos-photos-motocross-fmb-a-balen\/","title":{"rendered":"Galerie photos | Photos: motocross FMB \u00e0\u00a0 Balen"},"content":{"rendered":"<p>Qu&rsquo;elle ait lieu le 15 ao\u00e0\u00bbt ou pas, l&rsquo;\u00e9preuve de Balen reste l&rsquo;une des plus attendues du calendrier belge. Au Limbourg, le motocross fait recette plus que partout ailleurs. Le 3\u00e8me round des Belgian Masters of Motocross disput\u00e9 ce dimanche ne d\u00e9roge pas \u00e0\u00a0 la r\u00e8gle: des fans par milliers, des pilotes qui se donnent \u00e0\u00a0 110% sur un circuit sablonneux hyper exigeant, de l&rsquo;action, une ambiance de f\u00eate et une m\u00e9t\u00e9o estivale ont fait de l&rsquo;\u00e9preuve un grand moment de motocross. Les images parlent d&rsquo;elles-m\u00eames&#8230;<\/p>\n<p>Photos: <a href=\"http:\/\/www.vepix.be\" target=\"_blank\">Vepix.be<\/a><\/p><div class=\"dpalp6a978211600db\" ><!-- \/91277017\/Inline-articles-mobile -->\n<div style=\"margin:auto; text-align:center !important\">\n<div id='div-gpt-ad-1784982661365-0' style='min-width: 250px; min-height: 75px;'>\n  <script>\n    googletag.cmd.push(function() { googletag.display('div-gpt-ad-1784982661365-0'); });\n  <\/script>\n<\/div><\/div><\/div><style type=\"text\/css\">\r\n.dpalp6a978211600db {\r\nmargin-bottom:30px;margin-top:20px\r\n}\r\n@media screen and (min-width: 1201px) {\r\n.dpalp6a978211600db {\r\ndisplay: block;\r\n}\r\n}\r\n@media screen and (min-width: 993px) and (max-width: 1200px) {\r\n.dpalp6a978211600db {\r\ndisplay: block;\r\n}\r\n}\r\n@media screen and (min-width: 769px) and (max-width: 992px) {\r\n.dpalp6a978211600db {\r\ndisplay: block;\r\n}\r\n}\r\n@media screen and (min-width: 768px) and (max-width: 768px) {\r\n.dpalp6a978211600db {\r\ndisplay: block;\r\n}\r\n}\r\n@media screen and (max-width: 767px) {\r\n.dpalp6a978211600db {\r\ndisplay: block;\r\n}\r\n}\r\n<\/style>\r\n\n<p><a class=\"shutterset_set_354\" title=\" \" rel=\"lightbox dia=1\" href=\"http:\/\/nl.motocrossmag.be\/wp-content\/gallery\/11082013bkbalen\/dsc_4181.jpg\"><img decoding=\"async\" title=\"dsc_4181\" src=\"http:\/\/nl.motocrossmag.be\/wp-content\/gallery\/11082013bkbalen\/thumbs\/thumbs_dsc_4181.jpg\" alt=\"dsc_4181\" width=\"100\" height=\"75\" \/> <\/a><a class=\"shutterset_set_354\" title=\" \" rel=\"lightbox dia=1\" href=\"http:\/\/nl.motocrossmag.be\/wp-content\/gallery\/11082013bkbalen\/dsc_4182.jpg\"><img decoding=\"async\" title=\"dsc_4182\" src=\"http:\/\/nl.motocrossmag.be\/wp-content\/gallery\/11082013bkbalen\/thumbs\/thumbs_dsc_4182.jpg\" alt=\"dsc_4182\" width=\"100\" height=\"75\" \/> <\/a><a class=\"shutterset_set_354\" title=\" \" rel=\"lightbox dia=1\" href=\"http:\/\/nl.motocrossmag.be\/wp-content\/gallery\/11082013bkbalen\/dsc_4184.jpg\"><img decoding=\"async\" title=\"dsc_4184\" src=\"http:\/\/nl.motocrossmag.be\/wp-content\/gallery\/11082013bkbalen\/thumbs\/thumbs_dsc_4184.jpg\" alt=\"dsc_4184\" width=\"100\" height=\"75\" \/> <\/a><a class=\"shutterset_set_354\" title=\" \" rel=\"lightbox dia=1\" href=\"http:\/\/nl.motocrossmag.be\/wp-content\/gallery\/11082013bkbalen\/dsc_4232.jpg\"><img decoding=\"async\" title=\"dsc_4232\" src=\"http:\/\/nl.motocrossmag.be\/wp-content\/gallery\/11082013bkbalen\/thumbs\/thumbs_dsc_4232.jpg\" alt=\"dsc_4232\" width=\"100\" height=\"75\" \/> <\/a><a class=\"shutterset_set_354\" title=\" \" rel=\"lightbox dia=1\" href=\"http:\/\/nl.motocrossmag.be\/wp-content\/gallery\/11082013bkbalen\/dsc_4233.jpg\"><img decoding=\"async\" title=\"dsc_4233\" src=\"http:\/\/nl.motocrossmag.be\/wp-content\/gallery\/11082013bkbalen\/thumbs\/thumbs_dsc_4233.jpg\" alt=\"dsc_4233\" width=\"100\" height=\"75\" \/> <\/a><a class=\"shutterset_set_354\" title=\" \" rel=\"lightbox dia=1\" href=\"http:\/\/nl.motocrossmag.be\/wp-content\/gallery\/11082013bkbalen\/dsc_8337.jpg\"><img decoding=\"async\" title=\"dsc_8337\" src=\"http:\/\/nl.motocrossmag.be\/wp-content\/gallery\/11082013bkbalen\/thumbs\/thumbs_dsc_8337.jpg\" alt=\"dsc_8337\" width=\"100\" height=\"75\" \/> <\/a><a class=\"shutterset_set_354\" title=\" \" rel=\"lightbox dia=1\" href=\"http:\/\/nl.motocrossmag.be\/wp-content\/gallery\/11082013bkbalen\/dsc_8390.jpg\"><img decoding=\"async\" title=\"dsc_8390\" src=\"http:\/\/nl.motocrossmag.be\/wp-content\/gallery\/11082013bkbalen\/thumbs\/thumbs_dsc_8390.jpg\" alt=\"dsc_8390\" width=\"100\" height=\"75\" \/> <\/a><a class=\"shutterset_set_354\" title=\" \" rel=\"lightbox dia=1\" href=\"http:\/\/nl.motocrossmag.be\/wp-content\/gallery\/11082013bkbalen\/dsc_8396.jpg\"><img decoding=\"async\" title=\"dsc_8396\" src=\"http:\/\/nl.motocrossmag.be\/wp-content\/gallery\/11082013bkbalen\/thumbs\/thumbs_dsc_8396.jpg\" alt=\"dsc_8396\" width=\"100\" height=\"75\" \/> <\/a><a class=\"shutterset_set_354\" title=\" \" rel=\"lightbox dia=1\" href=\"http:\/\/nl.motocrossmag.be\/wp-content\/gallery\/11082013bkbalen\/dsc_8424.jpg\"><img decoding=\"async\" title=\"dsc_8424\" src=\"http:\/\/nl.motocrossmag.be\/wp-content\/gallery\/11082013bkbalen\/thumbs\/thumbs_dsc_8424.jpg\" alt=\"dsc_8424\" width=\"100\" height=\"75\" \/> <\/a><a class=\"shutterset_set_354\" title=\" \" rel=\"lightbox dia=1\" href=\"http:\/\/nl.motocrossmag.be\/wp-content\/gallery\/11082013bkbalen\/dsc_8439.jpg\"><img decoding=\"async\" title=\"dsc_8439\" src=\"http:\/\/nl.motocrossmag.be\/wp-content\/gallery\/11082013bkbalen\/thumbs\/thumbs_dsc_8439.jpg\" alt=\"dsc_8439\" width=\"100\" height=\"75\" \/> <\/a><a class=\"shutterset_set_354\" title=\" \" rel=\"lightbox dia=1\" href=\"http:\/\/nl.motocrossmag.be\/wp-content\/gallery\/11082013bkbalen\/dsc_8458.jpg\"><img decoding=\"async\" title=\"dsc_8458\" src=\"http:\/\/nl.motocrossmag.be\/wp-content\/gallery\/11082013bkbalen\/thumbs\/thumbs_dsc_8458.jpg\" alt=\"dsc_8458\" width=\"100\" height=\"75\" \/> <\/a><a class=\"shutterset_set_354\" title=\" \" rel=\"lightbox dia=1\" href=\"http:\/\/nl.motocrossmag.be\/wp-content\/gallery\/11082013bkbalen\/dsc_8465.jpg\"><img decoding=\"async\" title=\"dsc_8465\" src=\"http:\/\/nl.motocrossmag.be\/wp-content\/gallery\/11082013bkbalen\/thumbs\/thumbs_dsc_8465.jpg\" alt=\"dsc_8465\" width=\"100\" height=\"75\" \/> <\/a><a class=\"shutterset_set_354\" title=\" \" rel=\"lightbox dia=1\" href=\"http:\/\/nl.motocrossmag.be\/wp-content\/gallery\/11082013bkbalen\/dsc_8474.jpg\"><img decoding=\"async\" title=\"dsc_8474\" src=\"http:\/\/nl.motocrossmag.be\/wp-content\/gallery\/11082013bkbalen\/thumbs\/thumbs_dsc_8474.jpg\" alt=\"dsc_8474\" width=\"100\" height=\"75\" \/> <\/a><a class=\"shutterset_set_354\" title=\" \" rel=\"lightbox dia=1\" href=\"http:\/\/nl.motocrossmag.be\/wp-content\/gallery\/11082013bkbalen\/dsc_8475.jpg\"><img decoding=\"async\" title=\"dsc_8475\" src=\"http:\/\/nl.motocrossmag.be\/wp-content\/gallery\/11082013bkbalen\/thumbs\/thumbs_dsc_8475.jpg\" alt=\"dsc_8475\" width=\"100\" height=\"75\" \/> <\/a><a class=\"shutterset_set_354\" title=\" \" rel=\"lightbox dia=1\" href=\"http:\/\/nl.motocrossmag.be\/wp-content\/gallery\/11082013bkbalen\/dsc_8476.jpg\"><img decoding=\"async\" title=\"dsc_8476\" src=\"http:\/\/nl.motocrossmag.be\/wp-content\/gallery\/11082013bkbalen\/thumbs\/thumbs_dsc_8476.jpg\" alt=\"dsc_8476\" width=\"100\" height=\"75\" \/> <\/a><a class=\"shutterset_set_354\" title=\" \" rel=\"lightbox dia=1\" href=\"http:\/\/nl.motocrossmag.be\/wp-content\/gallery\/11082013bkbalen\/dsc_8479.jpg\"><img decoding=\"async\" title=\"dsc_8479\" src=\"http:\/\/nl.motocrossmag.be\/wp-content\/gallery\/11082013bkbalen\/thumbs\/thumbs_dsc_8479.jpg\" alt=\"dsc_8479\" width=\"100\" height=\"75\" \/> <\/a><a class=\"shutterset_set_354\" title=\" \" rel=\"lightbox dia=1\" href=\"http:\/\/nl.motocrossmag.be\/wp-content\/gallery\/11082013bkbalen\/dsc_8485.jpg\"><img decoding=\"async\" title=\"dsc_8485\" src=\"http:\/\/nl.motocrossmag.be\/wp-content\/gallery\/11082013bkbalen\/thumbs\/thumbs_dsc_8485.jpg\" alt=\"dsc_8485\" width=\"100\" height=\"75\" \/> <\/a><a class=\"shutterset_set_354\" title=\" \" rel=\"lightbox dia=1\" href=\"http:\/\/nl.motocrossmag.be\/wp-content\/gallery\/11082013bkbalen\/dsc_8489.jpg\"><img decoding=\"async\" title=\"dsc_8489\" src=\"http:\/\/nl.motocrossmag.be\/wp-content\/gallery\/11082013bkbalen\/thumbs\/thumbs_dsc_8489.jpg\" alt=\"dsc_8489\" width=\"100\" height=\"75\" \/> <\/a><a class=\"shutterset_set_354\" title=\" \" rel=\"lightbox dia=1\" href=\"http:\/\/nl.motocrossmag.be\/wp-content\/gallery\/11082013bkbalen\/dsc_8507.jpg\"><img decoding=\"async\" title=\"dsc_8507\" src=\"http:\/\/nl.motocrossmag.be\/wp-content\/gallery\/11082013bkbalen\/thumbs\/thumbs_dsc_8507.jpg\" alt=\"dsc_8507\" width=\"100\" height=\"75\" \/> <\/a><a class=\"shutterset_set_354\" title=\" \" rel=\"lightbox dia=1\" href=\"http:\/\/nl.motocrossmag.be\/wp-content\/gallery\/11082013bkbalen\/dsc_8537.jpg\"><img decoding=\"async\" title=\"dsc_8537\" src=\"http:\/\/nl.motocrossmag.be\/wp-content\/gallery\/11082013bkbalen\/thumbs\/thumbs_dsc_8537.jpg\" alt=\"dsc_8537\" width=\"100\" height=\"75\" \/> <\/a><a class=\"shutterset_set_354\" title=\" \" rel=\"lightbox dia=1\" href=\"http:\/\/nl.motocrossmag.be\/wp-content\/gallery\/11082013bkbalen\/dsc_8556.jpg\"><img decoding=\"async\" title=\"dsc_8556\" src=\"http:\/\/nl.motocrossmag.be\/wp-content\/gallery\/11082013bkbalen\/thumbs\/thumbs_dsc_8556.jpg\" alt=\"dsc_8556\" width=\"100\" height=\"75\" \/> <\/a><a class=\"shutterset_set_354\" title=\" \" rel=\"lightbox dia=1\" href=\"http:\/\/nl.motocrossmag.be\/wp-content\/gallery\/11082013bkbalen\/dsc_8569.jpg\"><img decoding=\"async\" title=\"dsc_8569\" src=\"http:\/\/nl.motocrossmag.be\/wp-content\/gallery\/11082013bkbalen\/thumbs\/thumbs_dsc_8569.jpg\" alt=\"dsc_8569\" width=\"100\" height=\"75\" \/> <\/a><a class=\"shutterset_set_354\" title=\" \" rel=\"lightbox dia=1\" href=\"http:\/\/nl.motocrossmag.be\/wp-content\/gallery\/11082013bkbalen\/dsc_8570.jpg\"><img decoding=\"async\" title=\"dsc_8570\" src=\"http:\/\/nl.motocrossmag.be\/wp-content\/gallery\/11082013bkbalen\/thumbs\/thumbs_dsc_8570.jpg\" alt=\"dsc_8570\" width=\"100\" height=\"75\" \/> <\/a><a class=\"shutterset_set_354\" title=\" \" rel=\"lightbox dia=1\" href=\"http:\/\/nl.motocrossmag.be\/wp-content\/gallery\/11082013bkbalen\/dsc_8595.jpg\"><img decoding=\"async\" title=\"dsc_8595\" src=\"http:\/\/nl.motocrossmag.be\/wp-content\/gallery\/11082013bkbalen\/thumbs\/thumbs_dsc_8595.jpg\" alt=\"dsc_8595\" width=\"100\" height=\"75\" \/> <\/a><a class=\"shutterset_set_354\" title=\" \" rel=\"lightbox dia=1\" href=\"http:\/\/nl.motocrossmag.be\/wp-content\/gallery\/11082013bkbalen\/dsc_8597.jpg\"><img decoding=\"async\" title=\"dsc_8597\" src=\"http:\/\/nl.motocrossmag.be\/wp-content\/gallery\/11082013bkbalen\/thumbs\/thumbs_dsc_8597.jpg\" alt=\"dsc_8597\" width=\"100\" height=\"75\" \/> <\/a><a class=\"shutterset_set_354\" title=\" \" rel=\"lightbox dia=1\" href=\"http:\/\/nl.motocrossmag.be\/wp-content\/gallery\/11082013bkbalen\/dsc_8613.jpg\"><img decoding=\"async\" title=\"dsc_8613\" src=\"http:\/\/nl.motocrossmag.be\/wp-content\/gallery\/11082013bkbalen\/thumbs\/thumbs_dsc_8613.jpg\" alt=\"dsc_8613\" width=\"100\" height=\"75\" \/> <\/a><a class=\"shutterset_set_354\" title=\" \" rel=\"lightbox dia=1\" href=\"http:\/\/nl.motocrossmag.be\/wp-content\/gallery\/11082013bkbalen\/dsc_8640.jpg\"><img decoding=\"async\" title=\"dsc_8640\" src=\"http:\/\/nl.motocrossmag.be\/wp-content\/gallery\/11082013bkbalen\/thumbs\/thumbs_dsc_8640.jpg\" alt=\"dsc_8640\" width=\"100\" height=\"75\" \/> <\/a><a class=\"shutterset_set_354\" title=\" \" rel=\"lightbox dia=1\" href=\"http:\/\/nl.motocrossmag.be\/wp-content\/gallery\/11082013bkbalen\/dsc_8641.jpg\"><img decoding=\"async\" title=\"dsc_8641\" src=\"http:\/\/nl.motocrossmag.be\/wp-content\/gallery\/11082013bkbalen\/thumbs\/thumbs_dsc_8641.jpg\" alt=\"dsc_8641\" width=\"100\" height=\"75\" \/> <\/a><a class=\"shutterset_set_354\" title=\" \" rel=\"lightbox dia=1\" href=\"http:\/\/nl.motocrossmag.be\/wp-content\/gallery\/11082013bkbalen\/dsc_8667.jpg\"><img decoding=\"async\" title=\"dsc_8667\" src=\"http:\/\/nl.motocrossmag.be\/wp-content\/gallery\/11082013bkbalen\/thumbs\/thumbs_dsc_8667.jpg\" alt=\"dsc_8667\" width=\"100\" height=\"75\" \/> <\/a><a class=\"shutterset_set_354\" title=\" \" rel=\"lightbox dia=1\" href=\"http:\/\/nl.motocrossmag.be\/wp-content\/gallery\/11082013bkbalen\/dsc_8707.jpg\"><img decoding=\"async\" title=\"dsc_8707\" src=\"http:\/\/nl.motocrossmag.be\/wp-content\/gallery\/11082013bkbalen\/thumbs\/thumbs_dsc_8707.jpg\" alt=\"dsc_8707\" width=\"100\" height=\"75\" \/> <\/a><a class=\"shutterset_set_354\" title=\" \" rel=\"lightbox dia=1\" href=\"http:\/\/nl.motocrossmag.be\/wp-content\/gallery\/11082013bkbalen\/dsc_8741.jpg\"><img decoding=\"async\" title=\"dsc_8741\" src=\"http:\/\/nl.motocrossmag.be\/wp-content\/gallery\/11082013bkbalen\/thumbs\/thumbs_dsc_8741.jpg\" alt=\"dsc_8741\" width=\"100\" height=\"75\" \/> <\/a><a class=\"shutterset_set_354\" title=\" \" rel=\"lightbox dia=1\" href=\"http:\/\/nl.motocrossmag.be\/wp-content\/gallery\/11082013bkbalen\/dsc_8742.jpg\"><img decoding=\"async\" title=\"dsc_8742\" src=\"http:\/\/nl.motocrossmag.be\/wp-content\/gallery\/11082013bkbalen\/thumbs\/thumbs_dsc_8742.jpg\" alt=\"dsc_8742\" width=\"100\" height=\"75\" \/> <\/a><a class=\"shutterset_set_354\" title=\" \" rel=\"lightbox dia=1\" href=\"http:\/\/nl.motocrossmag.be\/wp-content\/gallery\/11082013bkbalen\/dsc_8797.jpg\"><img decoding=\"async\" title=\"dsc_8797\" src=\"http:\/\/nl.motocrossmag.be\/wp-content\/gallery\/11082013bkbalen\/thumbs\/thumbs_dsc_8797.jpg\" alt=\"dsc_8797\" width=\"100\" height=\"75\" \/> <\/a><a class=\"shutterset_set_354\" title=\" \" rel=\"lightbox dia=1\" href=\"http:\/\/nl.motocrossmag.be\/wp-content\/gallery\/11082013bkbalen\/dsc_8807.jpg\"><img decoding=\"async\" title=\"dsc_8807\" src=\"http:\/\/nl.motocrossmag.be\/wp-content\/gallery\/11082013bkbalen\/thumbs\/thumbs_dsc_8807.jpg\" alt=\"dsc_8807\" width=\"100\" height=\"75\" \/> <\/a><a class=\"shutterset_set_354\" title=\" \" rel=\"lightbox dia=1\" href=\"http:\/\/nl.motocrossmag.be\/wp-content\/gallery\/11082013bkbalen\/dsc_8824.jpg\"><img decoding=\"async\" title=\"dsc_8824\" src=\"http:\/\/nl.motocrossmag.be\/wp-content\/gallery\/11082013bkbalen\/thumbs\/thumbs_dsc_8824.jpg\" alt=\"dsc_8824\" width=\"100\" height=\"75\" \/> <\/a><a class=\"shutterset_set_354\" title=\" \" rel=\"lightbox dia=1\" href=\"http:\/\/nl.motocrossmag.be\/wp-content\/gallery\/11082013bkbalen\/dsc_8842.jpg\"><img decoding=\"async\" title=\"dsc_8842\" src=\"http:\/\/nl.motocrossmag.be\/wp-content\/gallery\/11082013bkbalen\/thumbs\/thumbs_dsc_8842.jpg\" alt=\"dsc_8842\" width=\"100\" height=\"75\" \/> <\/a><a class=\"shutterset_set_354\" title=\" \" rel=\"lightbox dia=1\" href=\"http:\/\/nl.motocrossmag.be\/wp-content\/gallery\/11082013bkbalen\/dsc_8858.jpg\"><img decoding=\"async\" title=\"dsc_8858\" src=\"http:\/\/nl.motocrossmag.be\/wp-content\/gallery\/11082013bkbalen\/thumbs\/thumbs_dsc_8858.jpg\" alt=\"dsc_8858\" width=\"100\" height=\"75\" \/> <\/a><a class=\"shutterset_set_354\" title=\" \" rel=\"lightbox dia=1\" href=\"http:\/\/nl.motocrossmag.be\/wp-content\/gallery\/11082013bkbalen\/dsc_8871.jpg\"><img decoding=\"async\" title=\"dsc_8871\" src=\"http:\/\/nl.motocrossmag.be\/wp-content\/gallery\/11082013bkbalen\/thumbs\/thumbs_dsc_8871.jpg\" alt=\"dsc_8871\" width=\"100\" height=\"75\" \/> <\/a><a class=\"shutterset_set_354\" title=\" \" rel=\"lightbox dia=1\" href=\"http:\/\/nl.motocrossmag.be\/wp-content\/gallery\/11082013bkbalen\/dsc_8872.jpg\"><img decoding=\"async\" title=\"dsc_8872\" src=\"http:\/\/nl.motocrossmag.be\/wp-content\/gallery\/11082013bkbalen\/thumbs\/thumbs_dsc_8872.jpg\" alt=\"dsc_8872\" width=\"100\" height=\"75\" \/> <\/a><a class=\"shutterset_set_354\" title=\" \" rel=\"lightbox dia=1\" href=\"http:\/\/nl.motocrossmag.be\/wp-content\/gallery\/11082013bkbalen\/dsc_8884.jpg\"><img decoding=\"async\" title=\"dsc_8884\" src=\"http:\/\/nl.motocrossmag.be\/wp-content\/gallery\/11082013bkbalen\/thumbs\/thumbs_dsc_8884.jpg\" alt=\"dsc_8884\" width=\"100\" height=\"75\" \/> <\/a><a class=\"shutterset_set_354\" title=\" \" rel=\"lightbox dia=1\" href=\"http:\/\/nl.motocrossmag.be\/wp-content\/gallery\/11082013bkbalen\/dsc_8918.jpg\"><img decoding=\"async\" title=\"dsc_8918\" src=\"http:\/\/nl.motocrossmag.be\/wp-content\/gallery\/11082013bkbalen\/thumbs\/thumbs_dsc_8918.jpg\" alt=\"dsc_8918\" width=\"100\" height=\"75\" \/> <\/a><a class=\"shutterset_set_354\" title=\" \" rel=\"lightbox dia=1\" href=\"http:\/\/nl.motocrossmag.be\/wp-content\/gallery\/11082013bkbalen\/dsc_8932.jpg\"><img decoding=\"async\" title=\"dsc_8932\" src=\"http:\/\/nl.motocrossmag.be\/wp-content\/gallery\/11082013bkbalen\/thumbs\/thumbs_dsc_8932.jpg\" alt=\"dsc_8932\" width=\"100\" height=\"75\" \/> <\/a><a class=\"shutterset_set_354\" title=\" \" rel=\"lightbox dia=1\" href=\"http:\/\/nl.motocrossmag.be\/wp-content\/gallery\/11082013bkbalen\/dsc_8935.jpg\"><img decoding=\"async\" title=\"dsc_8935\" src=\"http:\/\/nl.motocrossmag.be\/wp-content\/gallery\/11082013bkbalen\/thumbs\/thumbs_dsc_8935.jpg\" alt=\"dsc_8935\" width=\"100\" height=\"75\" \/> <\/a><a class=\"shutterset_set_354\" title=\" \" rel=\"lightbox dia=1\" href=\"http:\/\/nl.motocrossmag.be\/wp-content\/gallery\/11082013bkbalen\/dsc_8946.jpg\"><img decoding=\"async\" title=\"dsc_8946\" src=\"http:\/\/nl.motocrossmag.be\/wp-content\/gallery\/11082013bkbalen\/thumbs\/thumbs_dsc_8946.jpg\" alt=\"dsc_8946\" width=\"100\" height=\"75\" \/> <\/a><a class=\"shutterset_set_354\" title=\" \" rel=\"lightbox dia=1\" href=\"http:\/\/nl.motocrossmag.be\/wp-content\/gallery\/11082013bkbalen\/dsc_9040.jpg\"><img decoding=\"async\" title=\"dsc_9040\" src=\"http:\/\/nl.motocrossmag.be\/wp-content\/gallery\/11082013bkbalen\/thumbs\/thumbs_dsc_9040.jpg\" alt=\"dsc_9040\" width=\"100\" height=\"75\" \/> <\/a><a class=\"shutterset_set_354\" title=\" \" rel=\"lightbox dia=1\" href=\"http:\/\/nl.motocrossmag.be\/wp-content\/gallery\/11082013bkbalen\/dsc_9087.jpg\"><img decoding=\"async\" title=\"dsc_9087\" src=\"http:\/\/nl.motocrossmag.be\/wp-content\/gallery\/11082013bkbalen\/thumbs\/thumbs_dsc_9087.jpg\" alt=\"dsc_9087\" width=\"100\" height=\"75\" \/> <\/a><a class=\"shutterset_set_354\" title=\" \" rel=\"lightbox dia=1\" href=\"http:\/\/nl.motocrossmag.be\/wp-content\/gallery\/11082013bkbalen\/dsc_9088.jpg\"><img decoding=\"async\" title=\"dsc_9088\" src=\"http:\/\/nl.motocrossmag.be\/wp-content\/gallery\/11082013bkbalen\/thumbs\/thumbs_dsc_9088.jpg\" alt=\"dsc_9088\" width=\"100\" height=\"75\" \/> <\/a><a class=\"shutterset_set_354\" title=\" \" rel=\"lightbox dia=1\" href=\"http:\/\/nl.motocrossmag.be\/wp-content\/gallery\/11082013bkbalen\/dsc_9089.jpg\"><img decoding=\"async\" title=\"dsc_9089\" src=\"http:\/\/nl.motocrossmag.be\/wp-content\/gallery\/11082013bkbalen\/thumbs\/thumbs_dsc_9089.jpg\" alt=\"dsc_9089\" width=\"100\" height=\"75\" \/> <\/a><a class=\"shutterset_set_354\" title=\" \" rel=\"lightbox dia=1\" href=\"http:\/\/nl.motocrossmag.be\/wp-content\/gallery\/11082013bkbalen\/dsc_9092.jpg\"><img decoding=\"async\" title=\"dsc_9092\" src=\"http:\/\/nl.motocrossmag.be\/wp-content\/gallery\/11082013bkbalen\/thumbs\/thumbs_dsc_9092.jpg\" alt=\"dsc_9092\" width=\"100\" height=\"75\" \/> <\/a><a class=\"shutterset_set_354\" title=\" \" rel=\"lightbox dia=1\" href=\"http:\/\/nl.motocrossmag.be\/wp-content\/gallery\/11082013bkbalen\/dsc_9102.jpg\"><img decoding=\"async\" title=\"dsc_9102\" src=\"http:\/\/nl.motocrossmag.be\/wp-content\/gallery\/11082013bkbalen\/thumbs\/thumbs_dsc_9102.jpg\" alt=\"dsc_9102\" width=\"100\" height=\"75\" \/> <\/a><a class=\"shutterset_set_354\" title=\" \" rel=\"lightbox dia=1\" href=\"http:\/\/nl.motocrossmag.be\/wp-content\/gallery\/11082013bkbalen\/dsc_9103.jpg\"><img decoding=\"async\" title=\"dsc_9103\" src=\"http:\/\/nl.motocrossmag.be\/wp-content\/gallery\/11082013bkbalen\/thumbs\/thumbs_dsc_9103.jpg\" alt=\"dsc_9103\" width=\"100\" height=\"75\" \/> <\/a><\/p>\n","protected":false},"excerpt":{"rendered":"<p>Qu&rsquo;elle ait lieu le 15 ao\u00e0\u00bbt ou pas, l&rsquo;\u00e9preuve de Balen reste l&rsquo;une des plus attendues du calendrier belge. Au Limbourg, le motocross fait recette plus que partout ailleurs. Le 3\u00e8me round des Belgian Masters of Motocross disput\u00e9 ce dimanche ne d\u00e9roge pas \u00e0\u00a0 la r\u00e8gle: des fans par milliers, des pilotes qui se donnent [&hellip;]<\/p>\n","protected":false},"author":932,"featured_media":0,"comment_status":"open","ping_status":"closed","sticky":false,"template":"","format":"standard","meta":{"tdm_status":"","tdm_grid_status":"","footnotes":""},"categories":[66],"tags":[],"class_list":["post-18775","post","type-post","status-publish","format-standard","category-photos"],"yoast_head":"<!-- This site is optimized with the Yoast SEO plugin v28.4 - https:\/\/yoast.com\/product\/yoast-seo-wordpress\/ -->\n<title>Galerie photos | Photos: motocross FMB \u00e0\u00a0 Balen - Motocross - Enduro - Supermoto | MotocrossMag<\/title>\n<meta name=\"robots\" content=\"index, follow, max-snippet:-1, max-image-preview:large, max-video-preview:-1\" \/>\n<link rel=\"canonical\" href=\"https:\/\/fr.motocrossmag.be\/index.php\/2013\/08\/galerie-photos-photos-motocross-fmb-a-balen\/\" \/>\n<meta property=\"og:locale\" content=\"fr_FR\" \/>\n<meta property=\"og:type\" content=\"article\" \/>\n<meta property=\"og:title\" content=\"Galerie photos | Photos: motocross FMB \u00e0\u00a0 Balen - Motocross - Enduro - Supermoto | MotocrossMag\" \/>\n<meta property=\"og:description\" content=\"Qu&rsquo;elle ait lieu le 15 ao\u00e0\u00bbt ou pas, l&rsquo;\u00e9preuve de Balen reste l&rsquo;une des plus attendues du calendrier belge. Au Limbourg, le motocross fait recette plus que partout ailleurs. Le 3\u00e8me round des Belgian Masters of Motocross disput\u00e9 ce dimanche ne d\u00e9roge pas \u00e0\u00a0 la r\u00e8gle: des fans par milliers, des pilotes qui se donnent [&hellip;]\" \/>\n<meta property=\"og:url\" content=\"https:\/\/fr.motocrossmag.be\/index.php\/2013\/08\/galerie-photos-photos-motocross-fmb-a-balen\/\" \/>\n<meta property=\"og:site_name\" content=\"Motocross - Enduro - Supermoto | MotocrossMag\" \/>\n<meta property=\"article:published_time\" content=\"2013-08-13T21:23:23+00:00\" \/>\n<meta property=\"article:modified_time\" content=\"2013-08-13T21:27:51+00:00\" \/>\n<meta property=\"og:image\" content=\"http:\/\/nl.motocrossmag.be\/wp-content\/gallery\/11082013bkbalen\/thumbs\/thumbs_dsc_4181.jpg\" \/>\n<meta name=\"author\" content=\"oliviere\" \/>\n<meta name=\"twitter:card\" content=\"summary_large_image\" \/>\n<meta name=\"twitter:label1\" content=\"\u00c9crit par\" \/>\n\t<meta name=\"twitter:data1\" content=\"oliviere\" \/>\n<script type=\"application\/ld+json\" class=\"yoast-schema-graph\">{\"@context\":\"https:\\\/\\\/schema.org\",\"@graph\":[{\"@type\":\"Article\",\"@id\":\"https:\\\/\\\/fr.motocrossmag.be\\\/index.php\\\/2013\\\/08\\\/galerie-photos-photos-motocross-fmb-a-balen\\\/#article\",\"isPartOf\":{\"@id\":\"https:\\\/\\\/fr.motocrossmag.be\\\/index.php\\\/2013\\\/08\\\/galerie-photos-photos-motocross-fmb-a-balen\\\/\"},\"author\":{\"name\":\"oliviere\",\"@id\":\"https:\\\/\\\/fr.motocrossmag.be\\\/#\\\/schema\\\/person\\\/11b47143d9f755babca2c9110e03235c\"},\"headline\":\"Galerie photos | Photos: motocross FMB \u00e0\u00a0 Balen\",\"datePublished\":\"2013-08-13T21:23:23+00:00\",\"dateModified\":\"2013-08-13T21:27:51+00:00\",\"mainEntityOfPage\":{\"@id\":\"https:\\\/\\\/fr.motocrossmag.be\\\/index.php\\\/2013\\\/08\\\/galerie-photos-photos-motocross-fmb-a-balen\\\/\"},\"wordCount\":104,\"commentCount\":0,\"image\":{\"@id\":\"https:\\\/\\\/fr.motocrossmag.be\\\/index.php\\\/2013\\\/08\\\/galerie-photos-photos-motocross-fmb-a-balen\\\/#primaryimage\"},\"thumbnailUrl\":\"http:\\\/\\\/nl.motocrossmag.be\\\/wp-content\\\/gallery\\\/11082013bkbalen\\\/thumbs\\\/thumbs_dsc_4181.jpg\",\"articleSection\":[\"Photos\"],\"inLanguage\":\"fr-FR\",\"potentialAction\":[{\"@type\":\"CommentAction\",\"name\":\"Comment\",\"target\":[\"https:\\\/\\\/fr.motocrossmag.be\\\/index.php\\\/2013\\\/08\\\/galerie-photos-photos-motocross-fmb-a-balen\\\/#respond\"]}]},{\"@type\":\"WebPage\",\"@id\":\"https:\\\/\\\/fr.motocrossmag.be\\\/index.php\\\/2013\\\/08\\\/galerie-photos-photos-motocross-fmb-a-balen\\\/\",\"url\":\"https:\\\/\\\/fr.motocrossmag.be\\\/index.php\\\/2013\\\/08\\\/galerie-photos-photos-motocross-fmb-a-balen\\\/\",\"name\":\"Galerie photos | Photos: motocross FMB \u00e0\u00a0 Balen - Motocross - Enduro - Supermoto | MotocrossMag\",\"isPartOf\":{\"@id\":\"https:\\\/\\\/fr.motocrossmag.be\\\/#website\"},\"primaryImageOfPage\":{\"@id\":\"https:\\\/\\\/fr.motocrossmag.be\\\/index.php\\\/2013\\\/08\\\/galerie-photos-photos-motocross-fmb-a-balen\\\/#primaryimage\"},\"image\":{\"@id\":\"https:\\\/\\\/fr.motocrossmag.be\\\/index.php\\\/2013\\\/08\\\/galerie-photos-photos-motocross-fmb-a-balen\\\/#primaryimage\"},\"thumbnailUrl\":\"http:\\\/\\\/nl.motocrossmag.be\\\/wp-content\\\/gallery\\\/11082013bkbalen\\\/thumbs\\\/thumbs_dsc_4181.jpg\",\"datePublished\":\"2013-08-13T21:23:23+00:00\",\"dateModified\":\"2013-08-13T21:27:51+00:00\",\"author\":{\"@id\":\"https:\\\/\\\/fr.motocrossmag.be\\\/#\\\/schema\\\/person\\\/11b47143d9f755babca2c9110e03235c\"},\"breadcrumb\":{\"@id\":\"https:\\\/\\\/fr.motocrossmag.be\\\/index.php\\\/2013\\\/08\\\/galerie-photos-photos-motocross-fmb-a-balen\\\/#breadcrumb\"},\"inLanguage\":\"fr-FR\",\"potentialAction\":[{\"@type\":\"ReadAction\",\"target\":[\"https:\\\/\\\/fr.motocrossmag.be\\\/index.php\\\/2013\\\/08\\\/galerie-photos-photos-motocross-fmb-a-balen\\\/\"]}]},{\"@type\":\"ImageObject\",\"inLanguage\":\"fr-FR\",\"@id\":\"https:\\\/\\\/fr.motocrossmag.be\\\/index.php\\\/2013\\\/08\\\/galerie-photos-photos-motocross-fmb-a-balen\\\/#primaryimage\",\"url\":\"http:\\\/\\\/nl.motocrossmag.be\\\/wp-content\\\/gallery\\\/11082013bkbalen\\\/thumbs\\\/thumbs_dsc_4181.jpg\",\"contentUrl\":\"http:\\\/\\\/nl.motocrossmag.be\\\/wp-content\\\/gallery\\\/11082013bkbalen\\\/thumbs\\\/thumbs_dsc_4181.jpg\"},{\"@type\":\"BreadcrumbList\",\"@id\":\"https:\\\/\\\/fr.motocrossmag.be\\\/index.php\\\/2013\\\/08\\\/galerie-photos-photos-motocross-fmb-a-balen\\\/#breadcrumb\",\"itemListElement\":[{\"@type\":\"ListItem\",\"position\":1,\"name\":\"Accueil\",\"item\":\"https:\\\/\\\/fr.motocrossmag.be\\\/\"},{\"@type\":\"ListItem\",\"position\":2,\"name\":\"Galerie photos | Photos: motocross FMB \u00e0\u00a0 Balen\"}]},{\"@type\":\"WebSite\",\"@id\":\"https:\\\/\\\/fr.motocrossmag.be\\\/#website\",\"url\":\"https:\\\/\\\/fr.motocrossmag.be\\\/\",\"name\":\"Motocross - Enduro - Supermoto | MotocrossMag\",\"description\":\"L&#039;actualit\u00e9 du motocross, de l&#039;enduro et du Supermoto en ligne!\",\"potentialAction\":[{\"@type\":\"SearchAction\",\"target\":{\"@type\":\"EntryPoint\",\"urlTemplate\":\"https:\\\/\\\/fr.motocrossmag.be\\\/?s={search_term_string}\"},\"query-input\":{\"@type\":\"PropertyValueSpecification\",\"valueRequired\":true,\"valueName\":\"search_term_string\"}}],\"inLanguage\":\"fr-FR\"},{\"@type\":\"Person\",\"@id\":\"https:\\\/\\\/fr.motocrossmag.be\\\/#\\\/schema\\\/person\\\/11b47143d9f755babca2c9110e03235c\",\"name\":\"oliviere\",\"image\":{\"@type\":\"ImageObject\",\"inLanguage\":\"fr-FR\",\"@id\":\"https:\\\/\\\/secure.gravatar.com\\\/avatar\\\/907069e0b81d119452040469e4a7501da1100f54f7f80180ce77bfab718288f6?s=96&d=mm&r=g\",\"url\":\"https:\\\/\\\/secure.gravatar.com\\\/avatar\\\/907069e0b81d119452040469e4a7501da1100f54f7f80180ce77bfab718288f6?s=96&d=mm&r=g\",\"contentUrl\":\"https:\\\/\\\/secure.gravatar.com\\\/avatar\\\/907069e0b81d119452040469e4a7501da1100f54f7f80180ce77bfab718288f6?s=96&d=mm&r=g\",\"caption\":\"oliviere\"},\"sameAs\":[\"http:\\\/\\\/www.motocrossmag.be\"],\"url\":\"https:\\\/\\\/fr.motocrossmag.be\\\/index.php\\\/author\\\/oliviere\\\/\"}]}<\/script>\n<!-- \/ Yoast SEO plugin. -->","yoast_head_json":{"title":"Galerie photos | Photos: motocross FMB \u00e0\u00a0 Balen - Motocross - Enduro - Supermoto | MotocrossMag","robots":{"index":"index","follow":"follow","max-snippet":"max-snippet:-1","max-image-preview":"max-image-preview:large","max-video-preview":"max-video-preview:-1"},"canonical":"https:\/\/fr.motocrossmag.be\/index.php\/2013\/08\/galerie-photos-photos-motocross-fmb-a-balen\/","og_locale":"fr_FR","og_type":"article","og_title":"Galerie photos | Photos: motocross FMB \u00e0\u00a0 Balen - Motocross - Enduro - Supermoto | MotocrossMag","og_description":"Qu&rsquo;elle ait lieu le 15 ao\u00e0\u00bbt ou pas, l&rsquo;\u00e9preuve de Balen reste l&rsquo;une des plus attendues du calendrier belge. Au Limbourg, le motocross fait recette plus que partout ailleurs. Le 3\u00e8me round des Belgian Masters of Motocross disput\u00e9 ce dimanche ne d\u00e9roge pas \u00e0\u00a0 la r\u00e8gle: des fans par milliers, des pilotes qui se donnent [&hellip;]","og_url":"https:\/\/fr.motocrossmag.be\/index.php\/2013\/08\/galerie-photos-photos-motocross-fmb-a-balen\/","og_site_name":"Motocross - Enduro - Supermoto | MotocrossMag","article_published_time":"2013-08-13T21:23:23+00:00","article_modified_time":"2013-08-13T21:27:51+00:00","og_image":[{"url":"http:\/\/nl.motocrossmag.be\/wp-content\/gallery\/11082013bkbalen\/thumbs\/thumbs_dsc_4181.jpg","type":"","width":"","height":""}],"author":"oliviere","twitter_card":"summary_large_image","twitter_misc":{"\u00c9crit par":"oliviere"},"schema":{"@context":"https:\/\/schema.org","@graph":[{"@type":"Article","@id":"https:\/\/fr.motocrossmag.be\/index.php\/2013\/08\/galerie-photos-photos-motocross-fmb-a-balen\/#article","isPartOf":{"@id":"https:\/\/fr.motocrossmag.be\/index.php\/2013\/08\/galerie-photos-photos-motocross-fmb-a-balen\/"},"author":{"name":"oliviere","@id":"https:\/\/fr.motocrossmag.be\/#\/schema\/person\/11b47143d9f755babca2c9110e03235c"},"headline":"Galerie photos | Photos: motocross FMB \u00e0\u00a0 Balen","datePublished":"2013-08-13T21:23:23+00:00","dateModified":"2013-08-13T21:27:51+00:00","mainEntityOfPage":{"@id":"https:\/\/fr.motocrossmag.be\/index.php\/2013\/08\/galerie-photos-photos-motocross-fmb-a-balen\/"},"wordCount":104,"commentCount":0,"image":{"@id":"https:\/\/fr.motocrossmag.be\/index.php\/2013\/08\/galerie-photos-photos-motocross-fmb-a-balen\/#primaryimage"},"thumbnailUrl":"http:\/\/nl.motocrossmag.be\/wp-content\/gallery\/11082013bkbalen\/thumbs\/thumbs_dsc_4181.jpg","articleSection":["Photos"],"inLanguage":"fr-FR","potentialAction":[{"@type":"CommentAction","name":"Comment","target":["https:\/\/fr.motocrossmag.be\/index.php\/2013\/08\/galerie-photos-photos-motocross-fmb-a-balen\/#respond"]}]},{"@type":"WebPage","@id":"https:\/\/fr.motocrossmag.be\/index.php\/2013\/08\/galerie-photos-photos-motocross-fmb-a-balen\/","url":"https:\/\/fr.motocrossmag.be\/index.php\/2013\/08\/galerie-photos-photos-motocross-fmb-a-balen\/","name":"Galerie photos | Photos: motocross FMB \u00e0\u00a0 Balen - Motocross - Enduro - Supermoto | MotocrossMag","isPartOf":{"@id":"https:\/\/fr.motocrossmag.be\/#website"},"primaryImageOfPage":{"@id":"https:\/\/fr.motocrossmag.be\/index.php\/2013\/08\/galerie-photos-photos-motocross-fmb-a-balen\/#primaryimage"},"image":{"@id":"https:\/\/fr.motocrossmag.be\/index.php\/2013\/08\/galerie-photos-photos-motocross-fmb-a-balen\/#primaryimage"},"thumbnailUrl":"http:\/\/nl.motocrossmag.be\/wp-content\/gallery\/11082013bkbalen\/thumbs\/thumbs_dsc_4181.jpg","datePublished":"2013-08-13T21:23:23+00:00","dateModified":"2013-08-13T21:27:51+00:00","author":{"@id":"https:\/\/fr.motocrossmag.be\/#\/schema\/person\/11b47143d9f755babca2c9110e03235c"},"breadcrumb":{"@id":"https:\/\/fr.motocrossmag.be\/index.php\/2013\/08\/galerie-photos-photos-motocross-fmb-a-balen\/#breadcrumb"},"inLanguage":"fr-FR","potentialAction":[{"@type":"ReadAction","target":["https:\/\/fr.motocrossmag.be\/index.php\/2013\/08\/galerie-photos-photos-motocross-fmb-a-balen\/"]}]},{"@type":"ImageObject","inLanguage":"fr-FR","@id":"https:\/\/fr.motocrossmag.be\/index.php\/2013\/08\/galerie-photos-photos-motocross-fmb-a-balen\/#primaryimage","url":"http:\/\/nl.motocrossmag.be\/wp-content\/gallery\/11082013bkbalen\/thumbs\/thumbs_dsc_4181.jpg","contentUrl":"http:\/\/nl.motocrossmag.be\/wp-content\/gallery\/11082013bkbalen\/thumbs\/thumbs_dsc_4181.jpg"},{"@type":"BreadcrumbList","@id":"https:\/\/fr.motocrossmag.be\/index.php\/2013\/08\/galerie-photos-photos-motocross-fmb-a-balen\/#breadcrumb","itemListElement":[{"@type":"ListItem","position":1,"name":"Accueil","item":"https:\/\/fr.motocrossmag.be\/"},{"@type":"ListItem","position":2,"name":"Galerie photos | Photos: motocross FMB \u00e0\u00a0 Balen"}]},{"@type":"WebSite","@id":"https:\/\/fr.motocrossmag.be\/#website","url":"https:\/\/fr.motocrossmag.be\/","name":"Motocross - Enduro - Supermoto | MotocrossMag","description":"L&#039;actualit\u00e9 du motocross, de l&#039;enduro et du Supermoto en ligne!","potentialAction":[{"@type":"SearchAction","target":{"@type":"EntryPoint","urlTemplate":"https:\/\/fr.motocrossmag.be\/?s={search_term_string}"},"query-input":{"@type":"PropertyValueSpecification","valueRequired":true,"valueName":"search_term_string"}}],"inLanguage":"fr-FR"},{"@type":"Person","@id":"https:\/\/fr.motocrossmag.be\/#\/schema\/person\/11b47143d9f755babca2c9110e03235c","name":"oliviere","image":{"@type":"ImageObject","inLanguage":"fr-FR","@id":"https:\/\/secure.gravatar.com\/avatar\/907069e0b81d119452040469e4a7501da1100f54f7f80180ce77bfab718288f6?s=96&d=mm&r=g","url":"https:\/\/secure.gravatar.com\/avatar\/907069e0b81d119452040469e4a7501da1100f54f7f80180ce77bfab718288f6?s=96&d=mm&r=g","contentUrl":"https:\/\/secure.gravatar.com\/avatar\/907069e0b81d119452040469e4a7501da1100f54f7f80180ce77bfab718288f6?s=96&d=mm&r=g","caption":"oliviere"},"sameAs":["http:\/\/www.motocrossmag.be"],"url":"https:\/\/fr.motocrossmag.be\/index.php\/author\/oliviere\/"}]}},"_links":{"self":[{"href":"https:\/\/fr.motocrossmag.be\/index.php\/wp-json\/wp\/v2\/posts\/18775","targetHints":{"allow":["GET"]}}],"collection":[{"href":"https:\/\/fr.motocrossmag.be\/index.php\/wp-json\/wp\/v2\/posts"}],"about":[{"href":"https:\/\/fr.motocrossmag.be\/index.php\/wp-json\/wp\/v2\/types\/post"}],"author":[{"embeddable":true,"href":"https:\/\/fr.motocrossmag.be\/index.php\/wp-json\/wp\/v2\/users\/932"}],"replies":[{"embeddable":true,"href":"https:\/\/fr.motocrossmag.be\/index.php\/wp-json\/wp\/v2\/comments?post=18775"}],"version-history":[{"count":0,"href":"https:\/\/fr.motocrossmag.be\/index.php\/wp-json\/wp\/v2\/posts\/18775\/revisions"}],"wp:attachment":[{"href":"https:\/\/fr.motocrossmag.be\/index.php\/wp-json\/wp\/v2\/media?parent=18775"}],"wp:term":[{"taxonomy":"category","embeddable":true,"href":"https:\/\/fr.motocrossmag.be\/index.php\/wp-json\/wp\/v2\/categories?post=18775"},{"taxonomy":"post_tag","embeddable":true,"href":"https:\/\/fr.motocrossmag.be\/index.php\/wp-json\/wp\/v2\/tags?post=18775"}],"curies":[{"name":"wp","href":"https:\/\/api.w.org\/{rel}","templated":true}]}}