{"id":18910,"date":"2013-08-25T11:32:50","date_gmt":"2013-08-25T10:32:50","guid":{"rendered":"http:\/\/fr.motocrossmag.be\/?p=18910"},"modified":"2013-08-25T11:32:50","modified_gmt":"2013-08-25T10:32:50","slug":"motocross-us-250-lake-elsinore-eli-tomac-cloture-en-beaute","status":"publish","type":"post","link":"https:\/\/fr.motocrossmag.be\/index.php\/2013\/08\/motocross-us-250-lake-elsinore-eli-tomac-cloture-en-beaute\/","title":{"rendered":"Motocross US 250 &#8211; Lake Elsinore | Eli Tomac cl\u00f4ture en beaut\u00e9!"},"content":{"rendered":"<p>C&rsquo;est \u00e0\u00a0 Lake Elsinore que se cl\u00f4turait le championnat de motocross US 250. Lors de cette derni\u00e8re apparition, Eli Tomac a d\u00e9montr\u00e9 qu&rsquo;il n&rsquo;avait pas usurp\u00e9 son titre en remportant le classement g\u00e9n\u00e9ral.<\/p>\n<p>C&rsquo;est Ken Roczen qui avait gagn\u00e9 la premi\u00e8re manche en menant du premier au dernier tour,Eli Tomac terminant \u00e0\u00a0 onze seconds de l&rsquo;Allemand. Le holeshot avait toutefois \u00e9t\u00e9 r\u00e9alis\u00e9 par Zach Osborne, le co\u00e9quipier de Tomac.<\/p>\n<p>Dans la deuxi\u00e8me manche, Ken Roczen tombe dans le premier tour et se retrouve douzi\u00e8me. On croit que c&rsquo;est Blake Baggett qui a remport\u00e9 la manche mais celui-ci est penalis\u00e9 parce qu&rsquo;il a pass\u00e9 un saut alors que le drapeau jaune lui avait \u00e9t\u00e9 montr\u00e9. C&rsquo;est donc finalement Tomac qui est d\u00e9sign\u00e9 vainqueur de la manche et de l&rsquo;\u00e9preuve alors que ken Roczen, qui a finalement termin\u00e9 septi\u00e8me, est deuxi\u00e8me de l&rsquo;\u00e9preuve. Jeremy Martin monte sur la troisi\u00e8me place du podium au classement g\u00e9n\u00e9ral.<\/p>\n<p><strong><span style=\"color: #800000;\">R\u00e9sultats<\/span><\/strong><\/p>\n<p><strong>Classement g\u00e9n\u00e9ral<\/strong><\/p>\n<p>1. Ken Roczen (KTM); 2. Eli Tomac (Honda); 3. Jeremy Martin (Yamaha); 4. Cooper Webb (Yamaha); 5. Zach Osborne (Honda); 6. Wil Hahn (Honda); 7. Kyle Cunningham (Yamaha); 8. Justin Bogle (Honda); 9. Marvin Musquin (KTM); 10. Cole Seely (Honda); 11. Martin Davalos (Kawasaki); 12. Jessy Nelson (Honda); 13. Justin Hill (Kawasaki); 14. Adam Cianciarulo (Kawasaki); 15. Darryn Durham (Kawasaki)<\/p>\n<p><strong>Classement final<\/strong><\/p>\n<p>1. Eli Tomac &#8211; 552; 2. Ken Roczen &#8211; 493; 3. Marvin Musquin &#8211; 411; 4. Blake Baggett &#8211; 395; 5. Zach Osborne &#8211; 356; 6. Jeremy Martin &#8211; 300; 7. Justin Bogle &#8211; 291; 8. Jason Anderson &#8211; 260; 9. Cooper Webb &#8211; 255; 10. Kyle Cunningham &#8211; 228; 11. Cole Seely &#8211; 223; 12. Justin Hill &#8211; 217; 13. Wil Hahn &#8211; 172; 14. Darryn Durham &#8211; 171; 15.Martin Davalos &#8211; 168<\/p>\n","protected":false},"excerpt":{"rendered":"<p>C&rsquo;est \u00e0\u00a0 Lake Elsinore que se cl\u00f4turait le championnat de motocross US 250. Lors de cette derni\u00e8re apparition, Eli Tomac a d\u00e9montr\u00e9 qu&rsquo;il n&rsquo;avait pas usurp\u00e9 son titre en remportant [&#8230;]<\/p>\n","protected":false},"author":898,"featured_media":0,"comment_status":"open","ping_status":"closed","sticky":false,"template":"","format":"standard","meta":{"footnotes":""},"categories":[4,65],"tags":[],"class_list":["post-18910","post","type-post","status-publish","format-standard","hentry","category-motocross","category-slideshow"],"yoast_head":"<!-- This site is optimized with the Yoast SEO plugin v27.4 - https:\/\/yoast.com\/product\/yoast-seo-wordpress\/ -->\n<title>Motocross US 250 - Lake Elsinore | Eli Tomac cl\u00f4ture en beaut\u00e9! - Motocross - Enduro - Supermoto | MotocrossMag<\/title>\n<meta name=\"robots\" content=\"index, follow, max-snippet:-1, max-image-preview:large, max-video-preview:-1\" \/>\n<link rel=\"canonical\" href=\"https:\/\/fr.motocrossmag.be\/index.php\/2013\/08\/motocross-us-250-lake-elsinore-eli-tomac-cloture-en-beaute\/\" \/>\n<meta property=\"og:locale\" content=\"fr_FR\" \/>\n<meta property=\"og:type\" content=\"article\" \/>\n<meta property=\"og:title\" content=\"Motocross US 250 - Lake Elsinore | Eli Tomac cl\u00f4ture en beaut\u00e9! - Motocross - Enduro - Supermoto | MotocrossMag\" \/>\n<meta property=\"og:description\" content=\"C&rsquo;est \u00e0\u00a0 Lake Elsinore que se cl\u00f4turait le championnat de motocross US 250. Lors de cette derni\u00e8re apparition, Eli Tomac a d\u00e9montr\u00e9 qu&rsquo;il n&rsquo;avait pas usurp\u00e9 son titre en remportant [...]\" \/>\n<meta property=\"og:url\" content=\"https:\/\/fr.motocrossmag.be\/index.php\/2013\/08\/motocross-us-250-lake-elsinore-eli-tomac-cloture-en-beaute\/\" \/>\n<meta property=\"og:site_name\" content=\"Motocross - Enduro - Supermoto | MotocrossMag\" \/>\n<meta property=\"article:published_time\" content=\"2013-08-25T10:32:50+00:00\" \/>\n<meta name=\"author\" content=\"fernand2\" \/>\n<meta name=\"twitter:card\" content=\"summary_large_image\" \/>\n<meta name=\"twitter:label1\" content=\"\u00c9crit par\" \/>\n\t<meta name=\"twitter:data1\" content=\"fernand2\" \/>\n\t<meta name=\"twitter:label2\" content=\"Dur\u00e9e de lecture estim\u00e9e\" \/>\n\t<meta name=\"twitter:data2\" content=\"1 minute\" \/>\n<script type=\"application\/ld+json\" class=\"yoast-schema-graph\">{\"@context\":\"https:\\\/\\\/schema.org\",\"@graph\":[{\"@type\":\"Article\",\"@id\":\"https:\\\/\\\/fr.motocrossmag.be\\\/index.php\\\/2013\\\/08\\\/motocross-us-250-lake-elsinore-eli-tomac-cloture-en-beaute\\\/#article\",\"isPartOf\":{\"@id\":\"https:\\\/\\\/fr.motocrossmag.be\\\/index.php\\\/2013\\\/08\\\/motocross-us-250-lake-elsinore-eli-tomac-cloture-en-beaute\\\/\"},\"author\":{\"name\":\"fernand2\",\"@id\":\"https:\\\/\\\/fr.motocrossmag.be\\\/#\\\/schema\\\/person\\\/b1bd0a25696c3aeaac7fd5d92d4ed8f6\"},\"headline\":\"Motocross US 250 &#8211; Lake Elsinore | Eli Tomac cl\u00f4ture en beaut\u00e9!\",\"datePublished\":\"2013-08-25T10:32:50+00:00\",\"mainEntityOfPage\":{\"@id\":\"https:\\\/\\\/fr.motocrossmag.be\\\/index.php\\\/2013\\\/08\\\/motocross-us-250-lake-elsinore-eli-tomac-cloture-en-beaute\\\/\"},\"wordCount\":286,\"commentCount\":0,\"articleSection\":[\"Motocross\",\"Slideshow\"],\"inLanguage\":\"fr-FR\",\"potentialAction\":[{\"@type\":\"CommentAction\",\"name\":\"Comment\",\"target\":[\"https:\\\/\\\/fr.motocrossmag.be\\\/index.php\\\/2013\\\/08\\\/motocross-us-250-lake-elsinore-eli-tomac-cloture-en-beaute\\\/#respond\"]}]},{\"@type\":\"WebPage\",\"@id\":\"https:\\\/\\\/fr.motocrossmag.be\\\/index.php\\\/2013\\\/08\\\/motocross-us-250-lake-elsinore-eli-tomac-cloture-en-beaute\\\/\",\"url\":\"https:\\\/\\\/fr.motocrossmag.be\\\/index.php\\\/2013\\\/08\\\/motocross-us-250-lake-elsinore-eli-tomac-cloture-en-beaute\\\/\",\"name\":\"Motocross US 250 - Lake Elsinore | Eli Tomac cl\u00f4ture en beaut\u00e9! - Motocross - Enduro - Supermoto | MotocrossMag\",\"isPartOf\":{\"@id\":\"https:\\\/\\\/fr.motocrossmag.be\\\/#website\"},\"datePublished\":\"2013-08-25T10:32:50+00:00\",\"author\":{\"@id\":\"https:\\\/\\\/fr.motocrossmag.be\\\/#\\\/schema\\\/person\\\/b1bd0a25696c3aeaac7fd5d92d4ed8f6\"},\"breadcrumb\":{\"@id\":\"https:\\\/\\\/fr.motocrossmag.be\\\/index.php\\\/2013\\\/08\\\/motocross-us-250-lake-elsinore-eli-tomac-cloture-en-beaute\\\/#breadcrumb\"},\"inLanguage\":\"fr-FR\",\"potentialAction\":[{\"@type\":\"ReadAction\",\"target\":[\"https:\\\/\\\/fr.motocrossmag.be\\\/index.php\\\/2013\\\/08\\\/motocross-us-250-lake-elsinore-eli-tomac-cloture-en-beaute\\\/\"]}]},{\"@type\":\"BreadcrumbList\",\"@id\":\"https:\\\/\\\/fr.motocrossmag.be\\\/index.php\\\/2013\\\/08\\\/motocross-us-250-lake-elsinore-eli-tomac-cloture-en-beaute\\\/#breadcrumb\",\"itemListElement\":[{\"@type\":\"ListItem\",\"position\":1,\"name\":\"Accueil\",\"item\":\"https:\\\/\\\/fr.motocrossmag.be\\\/\"},{\"@type\":\"ListItem\",\"position\":2,\"name\":\"Motocross US 250 &#8211; Lake Elsinore | Eli Tomac cl\u00f4ture en beaut\u00e9!\"}]},{\"@type\":\"WebSite\",\"@id\":\"https:\\\/\\\/fr.motocrossmag.be\\\/#website\",\"url\":\"https:\\\/\\\/fr.motocrossmag.be\\\/\",\"name\":\"Motocross - Enduro - Supermoto | MotocrossMag\",\"description\":\"L&#039;actualit\u00e9 du motocross, de l&#039;enduro et du Supermoto en ligne!\",\"potentialAction\":[{\"@type\":\"SearchAction\",\"target\":{\"@type\":\"EntryPoint\",\"urlTemplate\":\"https:\\\/\\\/fr.motocrossmag.be\\\/?s={search_term_string}\"},\"query-input\":{\"@type\":\"PropertyValueSpecification\",\"valueRequired\":true,\"valueName\":\"search_term_string\"}}],\"inLanguage\":\"fr-FR\"},{\"@type\":\"Person\",\"@id\":\"https:\\\/\\\/fr.motocrossmag.be\\\/#\\\/schema\\\/person\\\/b1bd0a25696c3aeaac7fd5d92d4ed8f6\",\"name\":\"fernand2\",\"image\":{\"@type\":\"ImageObject\",\"inLanguage\":\"fr-FR\",\"@id\":\"https:\\\/\\\/secure.gravatar.com\\\/avatar\\\/e48cfba345f89620e0c3f40fdfd6f6ef6bc1fbad5d0c3cd2555b4f39e37ef934?s=96&d=mm&r=g\",\"url\":\"https:\\\/\\\/secure.gravatar.com\\\/avatar\\\/e48cfba345f89620e0c3f40fdfd6f6ef6bc1fbad5d0c3cd2555b4f39e37ef934?s=96&d=mm&r=g\",\"contentUrl\":\"https:\\\/\\\/secure.gravatar.com\\\/avatar\\\/e48cfba345f89620e0c3f40fdfd6f6ef6bc1fbad5d0c3cd2555b4f39e37ef934?s=96&d=mm&r=g\",\"caption\":\"fernand2\"},\"url\":\"https:\\\/\\\/fr.motocrossmag.be\\\/index.php\\\/author\\\/fernand2\\\/\"}]}<\/script>\n<!-- \/ Yoast SEO plugin. -->","yoast_head_json":{"title":"Motocross US 250 - Lake Elsinore | Eli Tomac cl\u00f4ture en beaut\u00e9! - Motocross - Enduro - Supermoto | MotocrossMag","robots":{"index":"index","follow":"follow","max-snippet":"max-snippet:-1","max-image-preview":"max-image-preview:large","max-video-preview":"max-video-preview:-1"},"canonical":"https:\/\/fr.motocrossmag.be\/index.php\/2013\/08\/motocross-us-250-lake-elsinore-eli-tomac-cloture-en-beaute\/","og_locale":"fr_FR","og_type":"article","og_title":"Motocross US 250 - Lake Elsinore | Eli Tomac cl\u00f4ture en beaut\u00e9! - Motocross - Enduro - Supermoto | MotocrossMag","og_description":"C&rsquo;est \u00e0\u00a0 Lake Elsinore que se cl\u00f4turait le championnat de motocross US 250. Lors de cette derni\u00e8re apparition, Eli Tomac a d\u00e9montr\u00e9 qu&rsquo;il n&rsquo;avait pas usurp\u00e9 son titre en remportant [...]","og_url":"https:\/\/fr.motocrossmag.be\/index.php\/2013\/08\/motocross-us-250-lake-elsinore-eli-tomac-cloture-en-beaute\/","og_site_name":"Motocross - Enduro - Supermoto | MotocrossMag","article_published_time":"2013-08-25T10:32:50+00:00","author":"fernand2","twitter_card":"summary_large_image","twitter_misc":{"\u00c9crit par":"fernand2","Dur\u00e9e de lecture estim\u00e9e":"1 minute"},"schema":{"@context":"https:\/\/schema.org","@graph":[{"@type":"Article","@id":"https:\/\/fr.motocrossmag.be\/index.php\/2013\/08\/motocross-us-250-lake-elsinore-eli-tomac-cloture-en-beaute\/#article","isPartOf":{"@id":"https:\/\/fr.motocrossmag.be\/index.php\/2013\/08\/motocross-us-250-lake-elsinore-eli-tomac-cloture-en-beaute\/"},"author":{"name":"fernand2","@id":"https:\/\/fr.motocrossmag.be\/#\/schema\/person\/b1bd0a25696c3aeaac7fd5d92d4ed8f6"},"headline":"Motocross US 250 &#8211; Lake Elsinore | Eli Tomac cl\u00f4ture en beaut\u00e9!","datePublished":"2013-08-25T10:32:50+00:00","mainEntityOfPage":{"@id":"https:\/\/fr.motocrossmag.be\/index.php\/2013\/08\/motocross-us-250-lake-elsinore-eli-tomac-cloture-en-beaute\/"},"wordCount":286,"commentCount":0,"articleSection":["Motocross","Slideshow"],"inLanguage":"fr-FR","potentialAction":[{"@type":"CommentAction","name":"Comment","target":["https:\/\/fr.motocrossmag.be\/index.php\/2013\/08\/motocross-us-250-lake-elsinore-eli-tomac-cloture-en-beaute\/#respond"]}]},{"@type":"WebPage","@id":"https:\/\/fr.motocrossmag.be\/index.php\/2013\/08\/motocross-us-250-lake-elsinore-eli-tomac-cloture-en-beaute\/","url":"https:\/\/fr.motocrossmag.be\/index.php\/2013\/08\/motocross-us-250-lake-elsinore-eli-tomac-cloture-en-beaute\/","name":"Motocross US 250 - Lake Elsinore | Eli Tomac cl\u00f4ture en beaut\u00e9! - Motocross - Enduro - Supermoto | MotocrossMag","isPartOf":{"@id":"https:\/\/fr.motocrossmag.be\/#website"},"datePublished":"2013-08-25T10:32:50+00:00","author":{"@id":"https:\/\/fr.motocrossmag.be\/#\/schema\/person\/b1bd0a25696c3aeaac7fd5d92d4ed8f6"},"breadcrumb":{"@id":"https:\/\/fr.motocrossmag.be\/index.php\/2013\/08\/motocross-us-250-lake-elsinore-eli-tomac-cloture-en-beaute\/#breadcrumb"},"inLanguage":"fr-FR","potentialAction":[{"@type":"ReadAction","target":["https:\/\/fr.motocrossmag.be\/index.php\/2013\/08\/motocross-us-250-lake-elsinore-eli-tomac-cloture-en-beaute\/"]}]},{"@type":"BreadcrumbList","@id":"https:\/\/fr.motocrossmag.be\/index.php\/2013\/08\/motocross-us-250-lake-elsinore-eli-tomac-cloture-en-beaute\/#breadcrumb","itemListElement":[{"@type":"ListItem","position":1,"name":"Accueil","item":"https:\/\/fr.motocrossmag.be\/"},{"@type":"ListItem","position":2,"name":"Motocross US 250 &#8211; Lake Elsinore | Eli Tomac cl\u00f4ture en beaut\u00e9!"}]},{"@type":"WebSite","@id":"https:\/\/fr.motocrossmag.be\/#website","url":"https:\/\/fr.motocrossmag.be\/","name":"Motocross - Enduro - Supermoto | MotocrossMag","description":"L&#039;actualit\u00e9 du motocross, de l&#039;enduro et du Supermoto en ligne!","potentialAction":[{"@type":"SearchAction","target":{"@type":"EntryPoint","urlTemplate":"https:\/\/fr.motocrossmag.be\/?s={search_term_string}"},"query-input":{"@type":"PropertyValueSpecification","valueRequired":true,"valueName":"search_term_string"}}],"inLanguage":"fr-FR"},{"@type":"Person","@id":"https:\/\/fr.motocrossmag.be\/#\/schema\/person\/b1bd0a25696c3aeaac7fd5d92d4ed8f6","name":"fernand2","image":{"@type":"ImageObject","inLanguage":"fr-FR","@id":"https:\/\/secure.gravatar.com\/avatar\/e48cfba345f89620e0c3f40fdfd6f6ef6bc1fbad5d0c3cd2555b4f39e37ef934?s=96&d=mm&r=g","url":"https:\/\/secure.gravatar.com\/avatar\/e48cfba345f89620e0c3f40fdfd6f6ef6bc1fbad5d0c3cd2555b4f39e37ef934?s=96&d=mm&r=g","contentUrl":"https:\/\/secure.gravatar.com\/avatar\/e48cfba345f89620e0c3f40fdfd6f6ef6bc1fbad5d0c3cd2555b4f39e37ef934?s=96&d=mm&r=g","caption":"fernand2"},"url":"https:\/\/fr.motocrossmag.be\/index.php\/author\/fernand2\/"}]}},"_links":{"self":[{"href":"https:\/\/fr.motocrossmag.be\/index.php\/wp-json\/wp\/v2\/posts\/18910","targetHints":{"allow":["GET"]}}],"collection":[{"href":"https:\/\/fr.motocrossmag.be\/index.php\/wp-json\/wp\/v2\/posts"}],"about":[{"href":"https:\/\/fr.motocrossmag.be\/index.php\/wp-json\/wp\/v2\/types\/post"}],"author":[{"embeddable":true,"href":"https:\/\/fr.motocrossmag.be\/index.php\/wp-json\/wp\/v2\/users\/898"}],"replies":[{"embeddable":true,"href":"https:\/\/fr.motocrossmag.be\/index.php\/wp-json\/wp\/v2\/comments?post=18910"}],"version-history":[{"count":0,"href":"https:\/\/fr.motocrossmag.be\/index.php\/wp-json\/wp\/v2\/posts\/18910\/revisions"}],"wp:attachment":[{"href":"https:\/\/fr.motocrossmag.be\/index.php\/wp-json\/wp\/v2\/media?parent=18910"}],"wp:term":[{"taxonomy":"category","embeddable":true,"href":"https:\/\/fr.motocrossmag.be\/index.php\/wp-json\/wp\/v2\/categories?post=18910"},{"taxonomy":"post_tag","embeddable":true,"href":"https:\/\/fr.motocrossmag.be\/index.php\/wp-json\/wp\/v2\/tags?post=18910"}],"curies":[{"name":"wp","href":"https:\/\/api.w.org\/{rel}","templated":true}]}}