{"id":19045,"date":"2013-08-30T10:26:18","date_gmt":"2013-08-30T09:26:18","guid":{"rendered":"http:\/\/fr.motocrossmag.be\/?p=19045"},"modified":"2013-08-30T10:26:18","modified_gmt":"2013-08-30T09:26:18","slug":"motocross-fmb-orp-le-grand-photos-le-circuit-dorp-se-prepare-a-accueillir-les-belgian-masters-of-motocross","status":"publish","type":"post","link":"https:\/\/fr.motocrossmag.be\/index.php\/2013\/08\/motocross-fmb-orp-le-grand-photos-le-circuit-dorp-se-prepare-a-accueillir-les-belgian-masters-of-motocross\/","title":{"rendered":"Motocross FMB &#8211; Orp-le-Grand | Photos: le circuit d&rsquo;Orp se pr\u00e9pare \u00e0\u00a0 accueillir les Belgian Masters of Motocross"},"content":{"rendered":"<p>Pour accueillir comme il se doit la 4\u00e8me manche des Belgian Masters of Motocross, le circuit d&rsquo;Orp-le-Grand se met sur son 31. Souvent appel\u00e9 \u00ab\u00a0petite citadelle\u00a0\u00bb, le trac\u00e9 braban\u00e7on allie tradition et modernit\u00e9. Aux impressionnants d\u00e9nivel\u00e9s et aux d\u00e9vers tr\u00e8s techniques se sont ajout\u00e9s au fil des ans les obstacles artificiels qui rendent le motocross moderne plus spectaculaire que jamais. Ci-dessous, un aper\u00e7u des pr\u00e9paratifs en cours \u00e0\u00a0 Orp-Le-Grand.<\/p>\n<p><a rel=\"lightbox dia=1\" href=\"http:\/\/fr.motocrossmag.be\/wp-content\/uploads\/2013\/08\/dsc01679.jpg\"><img decoding=\"async\" class=\"alignnone size-thumbnail wp-image-19058\" title=\"dsc01679\" src=\"http:\/\/fr.motocrossmag.be\/wp-content\/uploads\/2013\/08\/dsc01679-150x150.jpg\" alt=\"\" width=\"150\" height=\"150\" \/><\/a>\u00a0\u00a0 <a rel=\"lightbox dia=1\" href=\"http:\/\/fr.motocrossmag.be\/wp-content\/uploads\/2013\/08\/dsc01680.jpg\"><img decoding=\"async\" class=\"alignnone size-thumbnail wp-image-19057\" title=\"dsc01680\" src=\"http:\/\/fr.motocrossmag.be\/wp-content\/uploads\/2013\/08\/dsc01680-150x150.jpg\" alt=\"\" width=\"150\" height=\"150\" \/><\/a>\u00a0\u00a0 <a rel=\"lightbox dia=1\" href=\"http:\/\/fr.motocrossmag.be\/wp-content\/uploads\/2013\/08\/dsc01684.jpg\"><img decoding=\"async\" class=\"alignnone size-thumbnail wp-image-19056\" title=\"dsc01684\" src=\"http:\/\/fr.motocrossmag.be\/wp-content\/uploads\/2013\/08\/dsc01684-150x150.jpg\" alt=\"\" width=\"150\" height=\"150\" \/><\/a><br \/>\n<a rel=\"lightbox dia=1\" href=\"http:\/\/fr.motocrossmag.be\/wp-content\/uploads\/2013\/08\/dsc01723.jpg\"><img decoding=\"async\" class=\"alignnone size-thumbnail wp-image-19055\" title=\"dsc01723\" src=\"http:\/\/fr.motocrossmag.be\/wp-content\/uploads\/2013\/08\/dsc01723-150x150.jpg\" alt=\"\" width=\"150\" height=\"150\" \/><\/a>\u00a0\u00a0 <a rel=\"lightbox dia=1\" href=\"http:\/\/fr.motocrossmag.be\/wp-content\/uploads\/2013\/08\/dsc01725.jpg\"><img decoding=\"async\" class=\"alignnone size-thumbnail wp-image-19054\" title=\"dsc01725\" src=\"http:\/\/fr.motocrossmag.be\/wp-content\/uploads\/2013\/08\/dsc01725-150x150.jpg\" alt=\"\" width=\"150\" height=\"150\" \/><\/a>\u00a0\u00a0 <a rel=\"lightbox dia=1\" href=\"http:\/\/fr.motocrossmag.be\/wp-content\/uploads\/2013\/08\/dsc01731.jpg\"><img decoding=\"async\" class=\"alignnone size-thumbnail wp-image-19053\" title=\"dsc01731\" src=\"http:\/\/fr.motocrossmag.be\/wp-content\/uploads\/2013\/08\/dsc01731-150x150.jpg\" alt=\"\" width=\"150\" height=\"150\" \/><\/a><br \/>\n<a rel=\"lightbox dia=1\" href=\"http:\/\/fr.motocrossmag.be\/wp-content\/uploads\/2013\/08\/dsc01734.jpg\"><img decoding=\"async\" class=\"alignnone size-thumbnail wp-image-19052\" title=\"dsc01734\" src=\"http:\/\/fr.motocrossmag.be\/wp-content\/uploads\/2013\/08\/dsc01734-150x150.jpg\" alt=\"\" width=\"150\" height=\"150\" \/><\/a>\u00a0\u00a0 <a rel=\"lightbox dia=1\" href=\"http:\/\/fr.motocrossmag.be\/wp-content\/uploads\/2013\/08\/dsc01736.jpg\"><img decoding=\"async\" class=\"alignnone size-thumbnail wp-image-19051\" title=\"dsc01736\" src=\"http:\/\/fr.motocrossmag.be\/wp-content\/uploads\/2013\/08\/dsc01736-150x150.jpg\" alt=\"\" width=\"150\" height=\"150\" \/><\/a>\u00a0\u00a0 <a rel=\"lightbox dia=1\" href=\"http:\/\/fr.motocrossmag.be\/wp-content\/uploads\/2013\/08\/dsc01258.jpg\"><img decoding=\"async\" class=\"alignnone size-thumbnail wp-image-19050\" title=\"dsc01258\" src=\"http:\/\/fr.motocrossmag.be\/wp-content\/uploads\/2013\/08\/dsc01258-150x150.jpg\" alt=\"\" width=\"150\" height=\"150\" \/><\/a><br \/>\n<a rel=\"lightbox dia=1\" href=\"http:\/\/fr.motocrossmag.be\/wp-content\/uploads\/2013\/08\/dsc01259.jpg\"><img decoding=\"async\" class=\"alignnone size-thumbnail wp-image-19049\" title=\"dsc01259\" src=\"http:\/\/fr.motocrossmag.be\/wp-content\/uploads\/2013\/08\/dsc01259-150x150.jpg\" alt=\"\" width=\"150\" height=\"150\" \/><\/a>\u00a0\u00a0 <a rel=\"lightbox dia=1\" href=\"http:\/\/fr.motocrossmag.be\/wp-content\/uploads\/2013\/08\/dsc01707.jpg\"><img decoding=\"async\" class=\"alignnone size-thumbnail wp-image-19048\" title=\"dsc01707\" src=\"http:\/\/fr.motocrossmag.be\/wp-content\/uploads\/2013\/08\/dsc01707-150x150.jpg\" alt=\"\" width=\"150\" height=\"150\" \/><\/a>\u00a0\u00a0 <a rel=\"lightbox dia=1\" href=\"http:\/\/fr.motocrossmag.be\/wp-content\/uploads\/2013\/08\/dsc01709.jpg\"><img decoding=\"async\" class=\"alignnone size-thumbnail wp-image-19047\" title=\"dsc01709\" src=\"http:\/\/fr.motocrossmag.be\/wp-content\/uploads\/2013\/08\/dsc01709-150x150.jpg\" alt=\"\" width=\"150\" height=\"150\" \/><\/a><br \/>\n<a rel=\"lightbox dia=1\" href=\"http:\/\/fr.motocrossmag.be\/wp-content\/uploads\/2013\/08\/dsc01714.jpg\"><img decoding=\"async\" class=\"alignnone size-thumbnail wp-image-19046\" title=\"dsc01714\" src=\"http:\/\/fr.motocrossmag.be\/wp-content\/uploads\/2013\/08\/dsc01714-150x150.jpg\" alt=\"\" width=\"150\" height=\"150\" \/><\/a>\u00a0\u00a0 <a rel=\"lightbox dia=1\" href=\"http:\/\/fr.motocrossmag.be\/wp-content\/uploads\/2013\/08\/dsc01717.jpg\"><img decoding=\"async\" class=\"alignnone size-thumbnail wp-image-19044\" title=\"dsc01717\" src=\"http:\/\/fr.motocrossmag.be\/wp-content\/uploads\/2013\/08\/dsc01717-150x150.jpg\" alt=\"\" width=\"150\" height=\"150\" \/><\/a>\u00a0\u00a0 <a rel=\"lightbox dia=1\" href=\"http:\/\/fr.motocrossmag.be\/wp-content\/uploads\/2013\/08\/dsc01676.jpg\"><img decoding=\"async\" class=\"alignnone size-thumbnail wp-image-19043\" title=\"dsc01676\" src=\"http:\/\/fr.motocrossmag.be\/wp-content\/uploads\/2013\/08\/dsc01676-150x150.jpg\" alt=\"\" width=\"150\" height=\"150\" \/><\/a><br \/>\n<a rel=\"lightbox dia=1\" href=\"http:\/\/fr.motocrossmag.be\/wp-content\/uploads\/2013\/08\/dsc01681.jpg\"><img decoding=\"async\" class=\"alignnone size-thumbnail wp-image-19042\" title=\"dsc01681\" src=\"http:\/\/fr.motocrossmag.be\/wp-content\/uploads\/2013\/08\/dsc01681-150x150.jpg\" alt=\"\" width=\"150\" height=\"150\" \/><\/a>\u00a0\u00a0 <a rel=\"lightbox dia=1\" href=\"http:\/\/fr.motocrossmag.be\/wp-content\/uploads\/2013\/08\/dsc01688.jpg\"><img decoding=\"async\" class=\"alignnone size-thumbnail wp-image-19041\" title=\"dsc01688\" src=\"http:\/\/fr.motocrossmag.be\/wp-content\/uploads\/2013\/08\/dsc01688-150x150.jpg\" alt=\"\" width=\"150\" height=\"150\" \/><\/a>\u00a0\u00a0 <a rel=\"lightbox dia=1\" href=\"http:\/\/fr.motocrossmag.be\/wp-content\/uploads\/2013\/08\/dsc01694.jpg\"><img decoding=\"async\" class=\"alignnone size-thumbnail wp-image-19040\" title=\"dsc01694\" src=\"http:\/\/fr.motocrossmag.be\/wp-content\/uploads\/2013\/08\/dsc01694-150x150.jpg\" alt=\"\" width=\"150\" height=\"150\" \/><\/a><br \/>\n<a rel=\"lightbox dia=1\" href=\"http:\/\/fr.motocrossmag.be\/wp-content\/uploads\/2013\/08\/dsc01696.jpg\"><img decoding=\"async\" class=\"alignnone size-thumbnail wp-image-19039\" title=\"dsc01696\" src=\"http:\/\/fr.motocrossmag.be\/wp-content\/uploads\/2013\/08\/dsc01696-150x150.jpg\" alt=\"\" width=\"150\" height=\"150\" \/><\/a>\u00a0\u00a0 <a rel=\"lightbox dia=1\" href=\"http:\/\/fr.motocrossmag.be\/wp-content\/uploads\/2013\/08\/dsc01697.jpg\"><img decoding=\"async\" class=\"alignnone size-thumbnail wp-image-19038\" title=\"dsc01697\" src=\"http:\/\/fr.motocrossmag.be\/wp-content\/uploads\/2013\/08\/dsc01697-150x150.jpg\" alt=\"\" width=\"150\" height=\"150\" \/><\/a>\u00a0\u00a0 <a rel=\"lightbox dia=1\" href=\"http:\/\/fr.motocrossmag.be\/wp-content\/uploads\/2013\/08\/dsc01700.jpg\"><img decoding=\"async\" class=\"alignnone size-thumbnail wp-image-19037\" title=\"dsc01700\" src=\"http:\/\/fr.motocrossmag.be\/wp-content\/uploads\/2013\/08\/dsc01700-150x150.jpg\" alt=\"\" width=\"150\" height=\"150\" \/><\/a><br \/>\n<a rel=\"lightbox dia=1\" href=\"http:\/\/fr.motocrossmag.be\/wp-content\/uploads\/2013\/08\/dsc01692.jpg\"><img decoding=\"async\" class=\"alignnone size-thumbnail wp-image-19036\" title=\"dsc01692\" src=\"http:\/\/fr.motocrossmag.be\/wp-content\/uploads\/2013\/08\/dsc01692-150x150.jpg\" alt=\"\" width=\"150\" height=\"150\" \/><\/a><\/p><div class=\"nlaxa6a987f63aeb51\" ><!-- \/91277017\/Inline-articles-mobile -->\n<div style=\"margin:auto; text-align:center !important\">\n<div id='div-gpt-ad-1784982661365-0' style='min-width: 250px; min-height: 75px;'>\n  <script>\n    googletag.cmd.push(function() { googletag.display('div-gpt-ad-1784982661365-0'); });\n  <\/script>\n<\/div><\/div><\/div><style type=\"text\/css\">\r\n.nlaxa6a987f63aeb51 {\r\nmargin-bottom:30px;margin-top:20px\r\n}\r\n@media screen and (min-width: 1201px) {\r\n.nlaxa6a987f63aeb51 {\r\ndisplay: block;\r\n}\r\n}\r\n@media screen and (min-width: 993px) and (max-width: 1200px) {\r\n.nlaxa6a987f63aeb51 {\r\ndisplay: block;\r\n}\r\n}\r\n@media screen and (min-width: 769px) and (max-width: 992px) {\r\n.nlaxa6a987f63aeb51 {\r\ndisplay: block;\r\n}\r\n}\r\n@media screen and (min-width: 768px) and (max-width: 768px) {\r\n.nlaxa6a987f63aeb51 {\r\ndisplay: block;\r\n}\r\n}\r\n@media screen and (max-width: 767px) {\r\n.nlaxa6a987f63aeb51 {\r\ndisplay: block;\r\n}\r\n}\r\n<\/style>\r\n\n","protected":false},"excerpt":{"rendered":"<p>Pour accueillir comme il se doit la 4\u00e8me manche des Belgian Masters of Motocross, le circuit d&rsquo;Orp-le-Grand se met sur son 31. Souvent appel\u00e9 \u00ab\u00a0petite citadelle\u00a0\u00bb, le trac\u00e9 braban\u00e7on allie tradition et modernit\u00e9. Aux impressionnants d\u00e9nivel\u00e9s et aux d\u00e9vers tr\u00e8s techniques se sont ajout\u00e9s au fil des ans les obstacles artificiels qui rendent le motocross [&hellip;]<\/p>\n","protected":false},"author":932,"featured_media":0,"comment_status":"open","ping_status":"closed","sticky":false,"template":"","format":"standard","meta":{"tdm_status":"","tdm_grid_status":"","footnotes":""},"categories":[4,29,65],"tags":[],"class_list":["post-19045","post","type-post","status-publish","format-standard","category-motocross","category-fmb","category-slideshow"],"yoast_head":"<!-- This site is optimized with the Yoast SEO plugin v28.4 - https:\/\/yoast.com\/product\/yoast-seo-wordpress\/ -->\n<title>Motocross FMB - Orp-le-Grand | Photos: le circuit d&#039;Orp se pr\u00e9pare \u00e0\u00a0 accueillir les Belgian Masters of Motocross - Motocross - Enduro - Supermoto | MotocrossMag<\/title>\n<meta name=\"robots\" content=\"index, follow, max-snippet:-1, max-image-preview:large, max-video-preview:-1\" \/>\n<link rel=\"canonical\" href=\"https:\/\/fr.motocrossmag.be\/index.php\/2013\/08\/motocross-fmb-orp-le-grand-photos-le-circuit-dorp-se-prepare-a-accueillir-les-belgian-masters-of-motocross\/\" \/>\n<meta property=\"og:locale\" content=\"fr_FR\" \/>\n<meta property=\"og:type\" content=\"article\" \/>\n<meta property=\"og:title\" content=\"Motocross FMB - Orp-le-Grand | Photos: le circuit d&#039;Orp se pr\u00e9pare \u00e0\u00a0 accueillir les Belgian Masters of Motocross - Motocross - Enduro - Supermoto | MotocrossMag\" \/>\n<meta property=\"og:description\" content=\"Pour accueillir comme il se doit la 4\u00e8me manche des Belgian Masters of Motocross, le circuit d&rsquo;Orp-le-Grand se met sur son 31. Souvent appel\u00e9 \u00ab\u00a0petite citadelle\u00a0\u00bb, le trac\u00e9 braban\u00e7on allie tradition et modernit\u00e9. Aux impressionnants d\u00e9nivel\u00e9s et aux d\u00e9vers tr\u00e8s techniques se sont ajout\u00e9s au fil des ans les obstacles artificiels qui rendent le motocross [&hellip;]\" \/>\n<meta property=\"og:url\" content=\"https:\/\/fr.motocrossmag.be\/index.php\/2013\/08\/motocross-fmb-orp-le-grand-photos-le-circuit-dorp-se-prepare-a-accueillir-les-belgian-masters-of-motocross\/\" \/>\n<meta property=\"og:site_name\" content=\"Motocross - Enduro - Supermoto | MotocrossMag\" \/>\n<meta property=\"article:published_time\" content=\"2013-08-30T09:26:18+00:00\" \/>\n<meta property=\"og:image\" content=\"http:\/\/fr.motocrossmag.be\/wp-content\/uploads\/2013\/08\/dsc01679-150x150.jpg\" \/>\n<meta name=\"author\" content=\"oliviere\" \/>\n<meta name=\"twitter:card\" content=\"summary_large_image\" \/>\n<meta name=\"twitter:label1\" content=\"\u00c9crit par\" \/>\n\t<meta name=\"twitter:data1\" content=\"oliviere\" \/>\n<script type=\"application\/ld+json\" class=\"yoast-schema-graph\">{\"@context\":\"https:\\\/\\\/schema.org\",\"@graph\":[{\"@type\":\"Article\",\"@id\":\"https:\\\/\\\/fr.motocrossmag.be\\\/index.php\\\/2013\\\/08\\\/motocross-fmb-orp-le-grand-photos-le-circuit-dorp-se-prepare-a-accueillir-les-belgian-masters-of-motocross\\\/#article\",\"isPartOf\":{\"@id\":\"https:\\\/\\\/fr.motocrossmag.be\\\/index.php\\\/2013\\\/08\\\/motocross-fmb-orp-le-grand-photos-le-circuit-dorp-se-prepare-a-accueillir-les-belgian-masters-of-motocross\\\/\"},\"author\":{\"name\":\"oliviere\",\"@id\":\"https:\\\/\\\/fr.motocrossmag.be\\\/#\\\/schema\\\/person\\\/11b47143d9f755babca2c9110e03235c\"},\"headline\":\"Motocross FMB &#8211; Orp-le-Grand | Photos: le circuit d&rsquo;Orp se pr\u00e9pare \u00e0\u00a0 accueillir les Belgian Masters of Motocross\",\"datePublished\":\"2013-08-30T09:26:18+00:00\",\"mainEntityOfPage\":{\"@id\":\"https:\\\/\\\/fr.motocrossmag.be\\\/index.php\\\/2013\\\/08\\\/motocross-fmb-orp-le-grand-photos-le-circuit-dorp-se-prepare-a-accueillir-les-belgian-masters-of-motocross\\\/\"},\"wordCount\":94,\"commentCount\":0,\"image\":{\"@id\":\"https:\\\/\\\/fr.motocrossmag.be\\\/index.php\\\/2013\\\/08\\\/motocross-fmb-orp-le-grand-photos-le-circuit-dorp-se-prepare-a-accueillir-les-belgian-masters-of-motocross\\\/#primaryimage\"},\"thumbnailUrl\":\"http:\\\/\\\/fr.motocrossmag.be\\\/wp-content\\\/uploads\\\/2013\\\/08\\\/dsc01679-150x150.jpg\",\"articleSection\":[\"Motocross\",\"Motocross FMB\",\"Slideshow\"],\"inLanguage\":\"fr-FR\",\"potentialAction\":[{\"@type\":\"CommentAction\",\"name\":\"Comment\",\"target\":[\"https:\\\/\\\/fr.motocrossmag.be\\\/index.php\\\/2013\\\/08\\\/motocross-fmb-orp-le-grand-photos-le-circuit-dorp-se-prepare-a-accueillir-les-belgian-masters-of-motocross\\\/#respond\"]}]},{\"@type\":\"WebPage\",\"@id\":\"https:\\\/\\\/fr.motocrossmag.be\\\/index.php\\\/2013\\\/08\\\/motocross-fmb-orp-le-grand-photos-le-circuit-dorp-se-prepare-a-accueillir-les-belgian-masters-of-motocross\\\/\",\"url\":\"https:\\\/\\\/fr.motocrossmag.be\\\/index.php\\\/2013\\\/08\\\/motocross-fmb-orp-le-grand-photos-le-circuit-dorp-se-prepare-a-accueillir-les-belgian-masters-of-motocross\\\/\",\"name\":\"Motocross FMB - Orp-le-Grand | Photos: le circuit d'Orp se pr\u00e9pare \u00e0\u00a0 accueillir les Belgian Masters of Motocross - Motocross - Enduro - Supermoto | MotocrossMag\",\"isPartOf\":{\"@id\":\"https:\\\/\\\/fr.motocrossmag.be\\\/#website\"},\"primaryImageOfPage\":{\"@id\":\"https:\\\/\\\/fr.motocrossmag.be\\\/index.php\\\/2013\\\/08\\\/motocross-fmb-orp-le-grand-photos-le-circuit-dorp-se-prepare-a-accueillir-les-belgian-masters-of-motocross\\\/#primaryimage\"},\"image\":{\"@id\":\"https:\\\/\\\/fr.motocrossmag.be\\\/index.php\\\/2013\\\/08\\\/motocross-fmb-orp-le-grand-photos-le-circuit-dorp-se-prepare-a-accueillir-les-belgian-masters-of-motocross\\\/#primaryimage\"},\"thumbnailUrl\":\"http:\\\/\\\/fr.motocrossmag.be\\\/wp-content\\\/uploads\\\/2013\\\/08\\\/dsc01679-150x150.jpg\",\"datePublished\":\"2013-08-30T09:26:18+00:00\",\"author\":{\"@id\":\"https:\\\/\\\/fr.motocrossmag.be\\\/#\\\/schema\\\/person\\\/11b47143d9f755babca2c9110e03235c\"},\"breadcrumb\":{\"@id\":\"https:\\\/\\\/fr.motocrossmag.be\\\/index.php\\\/2013\\\/08\\\/motocross-fmb-orp-le-grand-photos-le-circuit-dorp-se-prepare-a-accueillir-les-belgian-masters-of-motocross\\\/#breadcrumb\"},\"inLanguage\":\"fr-FR\",\"potentialAction\":[{\"@type\":\"ReadAction\",\"target\":[\"https:\\\/\\\/fr.motocrossmag.be\\\/index.php\\\/2013\\\/08\\\/motocross-fmb-orp-le-grand-photos-le-circuit-dorp-se-prepare-a-accueillir-les-belgian-masters-of-motocross\\\/\"]}]},{\"@type\":\"ImageObject\",\"inLanguage\":\"fr-FR\",\"@id\":\"https:\\\/\\\/fr.motocrossmag.be\\\/index.php\\\/2013\\\/08\\\/motocross-fmb-orp-le-grand-photos-le-circuit-dorp-se-prepare-a-accueillir-les-belgian-masters-of-motocross\\\/#primaryimage\",\"url\":\"https:\\\/\\\/fr.motocrossmag.be\\\/wp-content\\\/uploads\\\/2013\\\/08\\\/dsc01679.jpg\",\"contentUrl\":\"https:\\\/\\\/fr.motocrossmag.be\\\/wp-content\\\/uploads\\\/2013\\\/08\\\/dsc01679.jpg\",\"width\":900,\"height\":675},{\"@type\":\"BreadcrumbList\",\"@id\":\"https:\\\/\\\/fr.motocrossmag.be\\\/index.php\\\/2013\\\/08\\\/motocross-fmb-orp-le-grand-photos-le-circuit-dorp-se-prepare-a-accueillir-les-belgian-masters-of-motocross\\\/#breadcrumb\",\"itemListElement\":[{\"@type\":\"ListItem\",\"position\":1,\"name\":\"Accueil\",\"item\":\"https:\\\/\\\/fr.motocrossmag.be\\\/\"},{\"@type\":\"ListItem\",\"position\":2,\"name\":\"Motocross FMB &#8211; Orp-le-Grand | Photos: le circuit d&rsquo;Orp se pr\u00e9pare \u00e0\u00a0 accueillir les Belgian Masters of Motocross\"}]},{\"@type\":\"WebSite\",\"@id\":\"https:\\\/\\\/fr.motocrossmag.be\\\/#website\",\"url\":\"https:\\\/\\\/fr.motocrossmag.be\\\/\",\"name\":\"Motocross - Enduro - Supermoto | MotocrossMag\",\"description\":\"L&#039;actualit\u00e9 du motocross, de l&#039;enduro et du Supermoto en ligne!\",\"potentialAction\":[{\"@type\":\"SearchAction\",\"target\":{\"@type\":\"EntryPoint\",\"urlTemplate\":\"https:\\\/\\\/fr.motocrossmag.be\\\/?s={search_term_string}\"},\"query-input\":{\"@type\":\"PropertyValueSpecification\",\"valueRequired\":true,\"valueName\":\"search_term_string\"}}],\"inLanguage\":\"fr-FR\"},{\"@type\":\"Person\",\"@id\":\"https:\\\/\\\/fr.motocrossmag.be\\\/#\\\/schema\\\/person\\\/11b47143d9f755babca2c9110e03235c\",\"name\":\"oliviere\",\"image\":{\"@type\":\"ImageObject\",\"inLanguage\":\"fr-FR\",\"@id\":\"https:\\\/\\\/secure.gravatar.com\\\/avatar\\\/907069e0b81d119452040469e4a7501da1100f54f7f80180ce77bfab718288f6?s=96&d=mm&r=g\",\"url\":\"https:\\\/\\\/secure.gravatar.com\\\/avatar\\\/907069e0b81d119452040469e4a7501da1100f54f7f80180ce77bfab718288f6?s=96&d=mm&r=g\",\"contentUrl\":\"https:\\\/\\\/secure.gravatar.com\\\/avatar\\\/907069e0b81d119452040469e4a7501da1100f54f7f80180ce77bfab718288f6?s=96&d=mm&r=g\",\"caption\":\"oliviere\"},\"sameAs\":[\"http:\\\/\\\/www.motocrossmag.be\"],\"url\":\"https:\\\/\\\/fr.motocrossmag.be\\\/index.php\\\/author\\\/oliviere\\\/\"}]}<\/script>\n<!-- \/ Yoast SEO plugin. -->","yoast_head_json":{"title":"Motocross FMB - Orp-le-Grand | Photos: le circuit d'Orp se pr\u00e9pare \u00e0\u00a0 accueillir les Belgian Masters of Motocross - Motocross - Enduro - Supermoto | MotocrossMag","robots":{"index":"index","follow":"follow","max-snippet":"max-snippet:-1","max-image-preview":"max-image-preview:large","max-video-preview":"max-video-preview:-1"},"canonical":"https:\/\/fr.motocrossmag.be\/index.php\/2013\/08\/motocross-fmb-orp-le-grand-photos-le-circuit-dorp-se-prepare-a-accueillir-les-belgian-masters-of-motocross\/","og_locale":"fr_FR","og_type":"article","og_title":"Motocross FMB - Orp-le-Grand | Photos: le circuit d'Orp se pr\u00e9pare \u00e0\u00a0 accueillir les Belgian Masters of Motocross - Motocross - Enduro - Supermoto | MotocrossMag","og_description":"Pour accueillir comme il se doit la 4\u00e8me manche des Belgian Masters of Motocross, le circuit d&rsquo;Orp-le-Grand se met sur son 31. Souvent appel\u00e9 \u00ab\u00a0petite citadelle\u00a0\u00bb, le trac\u00e9 braban\u00e7on allie tradition et modernit\u00e9. Aux impressionnants d\u00e9nivel\u00e9s et aux d\u00e9vers tr\u00e8s techniques se sont ajout\u00e9s au fil des ans les obstacles artificiels qui rendent le motocross [&hellip;]","og_url":"https:\/\/fr.motocrossmag.be\/index.php\/2013\/08\/motocross-fmb-orp-le-grand-photos-le-circuit-dorp-se-prepare-a-accueillir-les-belgian-masters-of-motocross\/","og_site_name":"Motocross - Enduro - Supermoto | MotocrossMag","article_published_time":"2013-08-30T09:26:18+00:00","og_image":[{"url":"http:\/\/fr.motocrossmag.be\/wp-content\/uploads\/2013\/08\/dsc01679-150x150.jpg","type":"","width":"","height":""}],"author":"oliviere","twitter_card":"summary_large_image","twitter_misc":{"\u00c9crit par":"oliviere"},"schema":{"@context":"https:\/\/schema.org","@graph":[{"@type":"Article","@id":"https:\/\/fr.motocrossmag.be\/index.php\/2013\/08\/motocross-fmb-orp-le-grand-photos-le-circuit-dorp-se-prepare-a-accueillir-les-belgian-masters-of-motocross\/#article","isPartOf":{"@id":"https:\/\/fr.motocrossmag.be\/index.php\/2013\/08\/motocross-fmb-orp-le-grand-photos-le-circuit-dorp-se-prepare-a-accueillir-les-belgian-masters-of-motocross\/"},"author":{"name":"oliviere","@id":"https:\/\/fr.motocrossmag.be\/#\/schema\/person\/11b47143d9f755babca2c9110e03235c"},"headline":"Motocross FMB &#8211; Orp-le-Grand | Photos: le circuit d&rsquo;Orp se pr\u00e9pare \u00e0\u00a0 accueillir les Belgian Masters of Motocross","datePublished":"2013-08-30T09:26:18+00:00","mainEntityOfPage":{"@id":"https:\/\/fr.motocrossmag.be\/index.php\/2013\/08\/motocross-fmb-orp-le-grand-photos-le-circuit-dorp-se-prepare-a-accueillir-les-belgian-masters-of-motocross\/"},"wordCount":94,"commentCount":0,"image":{"@id":"https:\/\/fr.motocrossmag.be\/index.php\/2013\/08\/motocross-fmb-orp-le-grand-photos-le-circuit-dorp-se-prepare-a-accueillir-les-belgian-masters-of-motocross\/#primaryimage"},"thumbnailUrl":"http:\/\/fr.motocrossmag.be\/wp-content\/uploads\/2013\/08\/dsc01679-150x150.jpg","articleSection":["Motocross","Motocross FMB","Slideshow"],"inLanguage":"fr-FR","potentialAction":[{"@type":"CommentAction","name":"Comment","target":["https:\/\/fr.motocrossmag.be\/index.php\/2013\/08\/motocross-fmb-orp-le-grand-photos-le-circuit-dorp-se-prepare-a-accueillir-les-belgian-masters-of-motocross\/#respond"]}]},{"@type":"WebPage","@id":"https:\/\/fr.motocrossmag.be\/index.php\/2013\/08\/motocross-fmb-orp-le-grand-photos-le-circuit-dorp-se-prepare-a-accueillir-les-belgian-masters-of-motocross\/","url":"https:\/\/fr.motocrossmag.be\/index.php\/2013\/08\/motocross-fmb-orp-le-grand-photos-le-circuit-dorp-se-prepare-a-accueillir-les-belgian-masters-of-motocross\/","name":"Motocross FMB - Orp-le-Grand | Photos: le circuit d'Orp se pr\u00e9pare \u00e0\u00a0 accueillir les Belgian Masters of Motocross - Motocross - Enduro - Supermoto | MotocrossMag","isPartOf":{"@id":"https:\/\/fr.motocrossmag.be\/#website"},"primaryImageOfPage":{"@id":"https:\/\/fr.motocrossmag.be\/index.php\/2013\/08\/motocross-fmb-orp-le-grand-photos-le-circuit-dorp-se-prepare-a-accueillir-les-belgian-masters-of-motocross\/#primaryimage"},"image":{"@id":"https:\/\/fr.motocrossmag.be\/index.php\/2013\/08\/motocross-fmb-orp-le-grand-photos-le-circuit-dorp-se-prepare-a-accueillir-les-belgian-masters-of-motocross\/#primaryimage"},"thumbnailUrl":"http:\/\/fr.motocrossmag.be\/wp-content\/uploads\/2013\/08\/dsc01679-150x150.jpg","datePublished":"2013-08-30T09:26:18+00:00","author":{"@id":"https:\/\/fr.motocrossmag.be\/#\/schema\/person\/11b47143d9f755babca2c9110e03235c"},"breadcrumb":{"@id":"https:\/\/fr.motocrossmag.be\/index.php\/2013\/08\/motocross-fmb-orp-le-grand-photos-le-circuit-dorp-se-prepare-a-accueillir-les-belgian-masters-of-motocross\/#breadcrumb"},"inLanguage":"fr-FR","potentialAction":[{"@type":"ReadAction","target":["https:\/\/fr.motocrossmag.be\/index.php\/2013\/08\/motocross-fmb-orp-le-grand-photos-le-circuit-dorp-se-prepare-a-accueillir-les-belgian-masters-of-motocross\/"]}]},{"@type":"ImageObject","inLanguage":"fr-FR","@id":"https:\/\/fr.motocrossmag.be\/index.php\/2013\/08\/motocross-fmb-orp-le-grand-photos-le-circuit-dorp-se-prepare-a-accueillir-les-belgian-masters-of-motocross\/#primaryimage","url":"https:\/\/fr.motocrossmag.be\/wp-content\/uploads\/2013\/08\/dsc01679.jpg","contentUrl":"https:\/\/fr.motocrossmag.be\/wp-content\/uploads\/2013\/08\/dsc01679.jpg","width":900,"height":675},{"@type":"BreadcrumbList","@id":"https:\/\/fr.motocrossmag.be\/index.php\/2013\/08\/motocross-fmb-orp-le-grand-photos-le-circuit-dorp-se-prepare-a-accueillir-les-belgian-masters-of-motocross\/#breadcrumb","itemListElement":[{"@type":"ListItem","position":1,"name":"Accueil","item":"https:\/\/fr.motocrossmag.be\/"},{"@type":"ListItem","position":2,"name":"Motocross FMB &#8211; Orp-le-Grand | Photos: le circuit d&rsquo;Orp se pr\u00e9pare \u00e0\u00a0 accueillir les Belgian Masters of Motocross"}]},{"@type":"WebSite","@id":"https:\/\/fr.motocrossmag.be\/#website","url":"https:\/\/fr.motocrossmag.be\/","name":"Motocross - Enduro - Supermoto | MotocrossMag","description":"L&#039;actualit\u00e9 du motocross, de l&#039;enduro et du Supermoto en ligne!","potentialAction":[{"@type":"SearchAction","target":{"@type":"EntryPoint","urlTemplate":"https:\/\/fr.motocrossmag.be\/?s={search_term_string}"},"query-input":{"@type":"PropertyValueSpecification","valueRequired":true,"valueName":"search_term_string"}}],"inLanguage":"fr-FR"},{"@type":"Person","@id":"https:\/\/fr.motocrossmag.be\/#\/schema\/person\/11b47143d9f755babca2c9110e03235c","name":"oliviere","image":{"@type":"ImageObject","inLanguage":"fr-FR","@id":"https:\/\/secure.gravatar.com\/avatar\/907069e0b81d119452040469e4a7501da1100f54f7f80180ce77bfab718288f6?s=96&d=mm&r=g","url":"https:\/\/secure.gravatar.com\/avatar\/907069e0b81d119452040469e4a7501da1100f54f7f80180ce77bfab718288f6?s=96&d=mm&r=g","contentUrl":"https:\/\/secure.gravatar.com\/avatar\/907069e0b81d119452040469e4a7501da1100f54f7f80180ce77bfab718288f6?s=96&d=mm&r=g","caption":"oliviere"},"sameAs":["http:\/\/www.motocrossmag.be"],"url":"https:\/\/fr.motocrossmag.be\/index.php\/author\/oliviere\/"}]}},"_links":{"self":[{"href":"https:\/\/fr.motocrossmag.be\/index.php\/wp-json\/wp\/v2\/posts\/19045","targetHints":{"allow":["GET"]}}],"collection":[{"href":"https:\/\/fr.motocrossmag.be\/index.php\/wp-json\/wp\/v2\/posts"}],"about":[{"href":"https:\/\/fr.motocrossmag.be\/index.php\/wp-json\/wp\/v2\/types\/post"}],"author":[{"embeddable":true,"href":"https:\/\/fr.motocrossmag.be\/index.php\/wp-json\/wp\/v2\/users\/932"}],"replies":[{"embeddable":true,"href":"https:\/\/fr.motocrossmag.be\/index.php\/wp-json\/wp\/v2\/comments?post=19045"}],"version-history":[{"count":0,"href":"https:\/\/fr.motocrossmag.be\/index.php\/wp-json\/wp\/v2\/posts\/19045\/revisions"}],"wp:attachment":[{"href":"https:\/\/fr.motocrossmag.be\/index.php\/wp-json\/wp\/v2\/media?parent=19045"}],"wp:term":[{"taxonomy":"category","embeddable":true,"href":"https:\/\/fr.motocrossmag.be\/index.php\/wp-json\/wp\/v2\/categories?post=19045"},{"taxonomy":"post_tag","embeddable":true,"href":"https:\/\/fr.motocrossmag.be\/index.php\/wp-json\/wp\/v2\/tags?post=19045"}],"curies":[{"name":"wp","href":"https:\/\/api.w.org\/{rel}","templated":true}]}}