{"id":19066,"date":"2013-09-02T21:16:32","date_gmt":"2013-09-02T20:16:32","guid":{"rendered":"http:\/\/fr.motocrossmag.be\/?p=19066"},"modified":"2013-09-02T21:16:32","modified_gmt":"2013-09-02T20:16:32","slug":"galerie-photos-photos-motocross-fmb-a-orp-le-grand","status":"publish","type":"post","link":"https:\/\/fr.motocrossmag.be\/index.php\/2013\/09\/galerie-photos-photos-motocross-fmb-a-orp-le-grand\/","title":{"rendered":"Galerie photos | Photos: motocross FMB \u00e0\u00a0 Orp-le-Grand"},"content":{"rendered":"<p>Orp-le-Grand a v\u00e9cu ce week-end au rythme du motocross belge puisque le petit village braban\u00e7on accueillait sur son c\u00e9l\u00e8bre circuit \u00ab\u00a0de la petite Ghete\u00a0\u00bb la 4\u00e8me manche des Belgian Masters of Motocross. Une 4\u00e8me manche qui fut synonyme de d\u00e9nouement pour notre championnat national puisque Ken De Dycker s&rsquo;est d\u00e9j\u00e0\u00a0 assur\u00e9 du titre ce dimanche \u00e0\u00a0 Orp. Retour en images sur une \u00e9preuve au charme rest\u00e9 intact, depuis 1949&#8230;<\/p>\n<p>Photos: Kick Lahaut &#8211; <a href=\"http:\/\/www.kick47.be\" target=\"_blank\">Kick47.be<\/a><\/p><div class=\"tzmju6a97747fb6d3d\" ><!-- \/91277017\/Inline-articles-mobile -->\n<div style=\"margin:auto; text-align:center !important\">\n<div id='div-gpt-ad-1784982661365-0' style='min-width: 250px; min-height: 75px;'>\n  <script>\n    googletag.cmd.push(function() { googletag.display('div-gpt-ad-1784982661365-0'); });\n  <\/script>\n<\/div><\/div><\/div><style type=\"text\/css\">\r\n.tzmju6a97747fb6d3d {\r\nmargin-bottom:30px;margin-top:20px\r\n}\r\n@media screen and (min-width: 1201px) {\r\n.tzmju6a97747fb6d3d {\r\ndisplay: block;\r\n}\r\n}\r\n@media screen and (min-width: 993px) and (max-width: 1200px) {\r\n.tzmju6a97747fb6d3d {\r\ndisplay: block;\r\n}\r\n}\r\n@media screen and (min-width: 769px) and (max-width: 992px) {\r\n.tzmju6a97747fb6d3d {\r\ndisplay: block;\r\n}\r\n}\r\n@media screen and (min-width: 768px) and (max-width: 768px) {\r\n.tzmju6a97747fb6d3d {\r\ndisplay: block;\r\n}\r\n}\r\n@media screen and (max-width: 767px) {\r\n.tzmju6a97747fb6d3d {\r\ndisplay: block;\r\n}\r\n}\r\n<\/style>\r\n\n<p><a rel=\"lightbox dia=1\" href=\"http:\/\/fr.motocrossmag.be\/wp-content\/uploads\/2013\/09\/image1.jpg\"><img decoding=\"async\" class=\"alignnone size-thumbnail wp-image-19111\" title=\"image1\" src=\"http:\/\/fr.motocrossmag.be\/wp-content\/uploads\/2013\/09\/image1-150x150.jpg\" alt=\"\" width=\"150\" height=\"150\" \/><\/a>\u00a0\u00a0 <a rel=\"lightbox dia=1\" href=\"http:\/\/fr.motocrossmag.be\/wp-content\/uploads\/2013\/09\/image2.jpg\"><img decoding=\"async\" class=\"alignnone size-thumbnail wp-image-19110\" title=\"image2\" src=\"http:\/\/fr.motocrossmag.be\/wp-content\/uploads\/2013\/09\/image2-150x150.jpg\" alt=\"\" width=\"150\" height=\"150\" \/><\/a>\u00a0\u00a0 <a rel=\"lightbox dia=1\" href=\"http:\/\/fr.motocrossmag.be\/wp-content\/uploads\/2013\/09\/photo-019.jpg\"><img decoding=\"async\" class=\"alignnone size-thumbnail wp-image-19109\" title=\"photo-019\" src=\"http:\/\/fr.motocrossmag.be\/wp-content\/uploads\/2013\/09\/photo-019-150x150.jpg\" alt=\"\" width=\"150\" height=\"150\" \/><\/a><br \/>\n<a rel=\"lightbox dia=1\" href=\"http:\/\/fr.motocrossmag.be\/wp-content\/uploads\/2013\/09\/photo-049.jpg\"><img decoding=\"async\" class=\"alignnone size-thumbnail wp-image-19108\" title=\"photo-049\" src=\"http:\/\/fr.motocrossmag.be\/wp-content\/uploads\/2013\/09\/photo-049-150x150.jpg\" alt=\"\" width=\"150\" height=\"150\" \/><\/a>\u00a0\u00a0 <a rel=\"lightbox dia=1\" href=\"http:\/\/fr.motocrossmag.be\/wp-content\/uploads\/2013\/09\/photo-066.jpg\"><img decoding=\"async\" class=\"alignnone size-thumbnail wp-image-19107\" title=\"photo-066\" src=\"http:\/\/fr.motocrossmag.be\/wp-content\/uploads\/2013\/09\/photo-066-150x150.jpg\" alt=\"\" width=\"150\" height=\"150\" \/><\/a>\u00a0\u00a0 <a rel=\"lightbox dia=1\" href=\"http:\/\/fr.motocrossmag.be\/wp-content\/uploads\/2013\/09\/photo-081.jpg\"><img decoding=\"async\" class=\"alignnone size-thumbnail wp-image-19106\" title=\"photo-081\" src=\"http:\/\/fr.motocrossmag.be\/wp-content\/uploads\/2013\/09\/photo-081-150x150.jpg\" alt=\"\" width=\"150\" height=\"150\" \/><\/a><br \/>\n<a rel=\"lightbox dia=1\" href=\"http:\/\/fr.motocrossmag.be\/wp-content\/uploads\/2013\/09\/photo-094.jpg\"><img decoding=\"async\" class=\"alignnone size-thumbnail wp-image-19105\" title=\"photo-094\" src=\"http:\/\/fr.motocrossmag.be\/wp-content\/uploads\/2013\/09\/photo-094-150x150.jpg\" alt=\"\" width=\"150\" height=\"150\" \/><\/a>\u00a0\u00a0 <a rel=\"lightbox dia=1\" href=\"http:\/\/fr.motocrossmag.be\/wp-content\/uploads\/2013\/09\/photo-103.jpg\"><img decoding=\"async\" class=\"alignnone size-thumbnail wp-image-19104\" title=\"photo-103\" src=\"http:\/\/fr.motocrossmag.be\/wp-content\/uploads\/2013\/09\/photo-103-150x150.jpg\" alt=\"\" width=\"150\" height=\"150\" \/><\/a>\u00a0\u00a0 <a rel=\"lightbox dia=1\" href=\"http:\/\/fr.motocrossmag.be\/wp-content\/uploads\/2013\/09\/photo-111.jpg\"><img decoding=\"async\" class=\"alignnone size-thumbnail wp-image-19103\" title=\"photo-111\" src=\"http:\/\/fr.motocrossmag.be\/wp-content\/uploads\/2013\/09\/photo-111-150x150.jpg\" alt=\"\" width=\"150\" height=\"150\" \/><\/a><br \/>\n<a rel=\"lightbox dia=1\" href=\"http:\/\/fr.motocrossmag.be\/wp-content\/uploads\/2013\/09\/photo-127.jpg\"><img decoding=\"async\" class=\"alignnone size-thumbnail wp-image-19102\" title=\"photo-127\" src=\"http:\/\/fr.motocrossmag.be\/wp-content\/uploads\/2013\/09\/photo-127-150x150.jpg\" alt=\"\" width=\"150\" height=\"150\" \/><\/a>\u00a0\u00a0 <a rel=\"lightbox dia=1\" href=\"http:\/\/fr.motocrossmag.be\/wp-content\/uploads\/2013\/09\/photo-141.jpg\"><img decoding=\"async\" class=\"alignnone size-thumbnail wp-image-19101\" title=\"photo-141\" src=\"http:\/\/fr.motocrossmag.be\/wp-content\/uploads\/2013\/09\/photo-141-150x150.jpg\" alt=\"\" width=\"150\" height=\"150\" \/><\/a>\u00a0\u00a0 <a rel=\"lightbox dia=1\" href=\"http:\/\/fr.motocrossmag.be\/wp-content\/uploads\/2013\/09\/photo-194.jpg\"><img decoding=\"async\" class=\"alignnone size-thumbnail wp-image-19100\" title=\"photo-194\" src=\"http:\/\/fr.motocrossmag.be\/wp-content\/uploads\/2013\/09\/photo-194-150x150.jpg\" alt=\"\" width=\"150\" height=\"150\" \/><\/a><br \/>\n<a rel=\"lightbox dia=1\" href=\"http:\/\/fr.motocrossmag.be\/wp-content\/uploads\/2013\/09\/photo-201.jpg\"><img decoding=\"async\" class=\"alignnone size-thumbnail wp-image-19099\" title=\"photo-201\" src=\"http:\/\/fr.motocrossmag.be\/wp-content\/uploads\/2013\/09\/photo-201-150x150.jpg\" alt=\"\" width=\"150\" height=\"150\" \/><\/a>\u00a0\u00a0 <a rel=\"lightbox dia=1\" href=\"http:\/\/fr.motocrossmag.be\/wp-content\/uploads\/2013\/09\/photo-262.jpg\"><img decoding=\"async\" class=\"alignnone size-thumbnail wp-image-19098\" title=\"photo-262\" src=\"http:\/\/fr.motocrossmag.be\/wp-content\/uploads\/2013\/09\/photo-262-150x150.jpg\" alt=\"\" width=\"150\" height=\"150\" \/><\/a>\u00a0\u00a0 <a rel=\"lightbox dia=1\" href=\"http:\/\/fr.motocrossmag.be\/wp-content\/uploads\/2013\/09\/photo-267.jpg\"><img decoding=\"async\" class=\"alignnone size-thumbnail wp-image-19097\" title=\"photo-267\" src=\"http:\/\/fr.motocrossmag.be\/wp-content\/uploads\/2013\/09\/photo-267-150x150.jpg\" alt=\"\" width=\"150\" height=\"150\" \/><\/a><br \/>\n<a rel=\"lightbox dia=1\" href=\"http:\/\/fr.motocrossmag.be\/wp-content\/uploads\/2013\/09\/photo-279.jpg\"><img decoding=\"async\" class=\"alignnone size-thumbnail wp-image-19096\" title=\"photo-279\" src=\"http:\/\/fr.motocrossmag.be\/wp-content\/uploads\/2013\/09\/photo-279-150x150.jpg\" alt=\"\" width=\"150\" height=\"150\" \/><\/a>\u00a0\u00a0 <a rel=\"lightbox dia=1\" href=\"http:\/\/fr.motocrossmag.be\/wp-content\/uploads\/2013\/09\/photo-297.jpg\"><img decoding=\"async\" class=\"alignnone size-thumbnail wp-image-19095\" title=\"photo-297\" src=\"http:\/\/fr.motocrossmag.be\/wp-content\/uploads\/2013\/09\/photo-297-150x150.jpg\" alt=\"\" width=\"150\" height=\"150\" \/><\/a>\u00a0\u00a0 <a rel=\"lightbox dia=1\" href=\"http:\/\/fr.motocrossmag.be\/wp-content\/uploads\/2013\/09\/photo-306.jpg\"><img decoding=\"async\" class=\"alignnone size-thumbnail wp-image-19094\" title=\"photo-306\" src=\"http:\/\/fr.motocrossmag.be\/wp-content\/uploads\/2013\/09\/photo-306-150x150.jpg\" alt=\"\" width=\"150\" height=\"150\" \/><\/a><br \/>\n<a rel=\"lightbox dia=1\" href=\"http:\/\/fr.motocrossmag.be\/wp-content\/uploads\/2013\/09\/photo-309.jpg\"><img decoding=\"async\" class=\"alignnone size-thumbnail wp-image-19093\" title=\"photo-309\" src=\"http:\/\/fr.motocrossmag.be\/wp-content\/uploads\/2013\/09\/photo-309-150x150.jpg\" alt=\"\" width=\"150\" height=\"150\" \/><\/a>\u00a0\u00a0 <a rel=\"lightbox dia=1\" href=\"http:\/\/fr.motocrossmag.be\/wp-content\/uploads\/2013\/09\/photo-310.jpg\"><img decoding=\"async\" class=\"alignnone size-thumbnail wp-image-19092\" title=\"photo-310\" src=\"http:\/\/fr.motocrossmag.be\/wp-content\/uploads\/2013\/09\/photo-310-150x150.jpg\" alt=\"\" width=\"150\" height=\"150\" \/><\/a>\u00a0\u00a0 <a rel=\"lightbox dia=1\" href=\"http:\/\/fr.motocrossmag.be\/wp-content\/uploads\/2013\/09\/photo-318.jpg\"><img decoding=\"async\" class=\"alignnone size-thumbnail wp-image-19091\" title=\"photo-318\" src=\"http:\/\/fr.motocrossmag.be\/wp-content\/uploads\/2013\/09\/photo-318-150x150.jpg\" alt=\"\" width=\"150\" height=\"150\" \/><\/a><br \/>\n<a rel=\"lightbox dia=1\" href=\"http:\/\/fr.motocrossmag.be\/wp-content\/uploads\/2013\/09\/photo-319.jpg\"><img decoding=\"async\" class=\"alignnone size-thumbnail wp-image-19090\" title=\"photo-319\" src=\"http:\/\/fr.motocrossmag.be\/wp-content\/uploads\/2013\/09\/photo-319-150x150.jpg\" alt=\"\" width=\"150\" height=\"150\" \/><\/a>\u00a0\u00a0 <a rel=\"lightbox dia=1\" href=\"http:\/\/fr.motocrossmag.be\/wp-content\/uploads\/2013\/09\/photo-370.jpg\"><img decoding=\"async\" class=\"alignnone size-thumbnail wp-image-19089\" title=\"photo-370\" src=\"http:\/\/fr.motocrossmag.be\/wp-content\/uploads\/2013\/09\/photo-370-150x150.jpg\" alt=\"\" width=\"150\" height=\"150\" \/><\/a>\u00a0\u00a0 <a rel=\"lightbox dia=1\" href=\"http:\/\/fr.motocrossmag.be\/wp-content\/uploads\/2013\/09\/photo-389.jpg\"><img decoding=\"async\" class=\"alignnone size-thumbnail wp-image-19088\" title=\"photo-389\" src=\"http:\/\/fr.motocrossmag.be\/wp-content\/uploads\/2013\/09\/photo-389-150x150.jpg\" alt=\"\" width=\"150\" height=\"150\" \/><\/a><br \/>\n<a rel=\"lightbox dia=1\" href=\"http:\/\/fr.motocrossmag.be\/wp-content\/uploads\/2013\/09\/photo-413.jpg\"><img decoding=\"async\" class=\"alignnone size-thumbnail wp-image-19087\" title=\"photo-413\" src=\"http:\/\/fr.motocrossmag.be\/wp-content\/uploads\/2013\/09\/photo-413-150x150.jpg\" alt=\"\" width=\"150\" height=\"150\" \/><\/a>\u00a0\u00a0\u00a0<a rel=\"lightbox dia=1\" href=\"http:\/\/fr.motocrossmag.be\/wp-content\/uploads\/2013\/09\/photo-425.jpg\"><img decoding=\"async\" class=\"alignnone size-thumbnail wp-image-19086\" title=\"photo-425\" src=\"http:\/\/fr.motocrossmag.be\/wp-content\/uploads\/2013\/09\/photo-425-150x150.jpg\" alt=\"\" width=\"150\" height=\"150\" \/><\/a>\u00a0\u00a0 <a rel=\"lightbox dia=1\" href=\"http:\/\/fr.motocrossmag.be\/wp-content\/uploads\/2013\/09\/photo-439.jpg\"><img decoding=\"async\" class=\"alignnone size-thumbnail wp-image-19085\" title=\"photo-439\" src=\"http:\/\/fr.motocrossmag.be\/wp-content\/uploads\/2013\/09\/photo-439-150x150.jpg\" alt=\"\" width=\"150\" height=\"150\" \/><\/a><br \/>\n<a rel=\"lightbox dia=1\" href=\"http:\/\/fr.motocrossmag.be\/wp-content\/uploads\/2013\/09\/photo-446.jpg\"><img decoding=\"async\" class=\"alignnone size-thumbnail wp-image-19084\" title=\"photo-446\" src=\"http:\/\/fr.motocrossmag.be\/wp-content\/uploads\/2013\/09\/photo-446-150x150.jpg\" alt=\"\" width=\"150\" height=\"150\" \/><\/a>\u00a0\u00a0 <a rel=\"lightbox dia=1\" href=\"http:\/\/fr.motocrossmag.be\/wp-content\/uploads\/2013\/09\/photo-508.jpg\"><img decoding=\"async\" class=\"alignnone size-thumbnail wp-image-19083\" title=\"photo-508\" src=\"http:\/\/fr.motocrossmag.be\/wp-content\/uploads\/2013\/09\/photo-508-150x150.jpg\" alt=\"\" width=\"150\" height=\"150\" \/><\/a>\u00a0\u00a0 <a rel=\"lightbox dia=1\" href=\"http:\/\/fr.motocrossmag.be\/wp-content\/uploads\/2013\/09\/photo-517.jpg\"><img decoding=\"async\" class=\"alignnone size-thumbnail wp-image-19082\" title=\"photo-517\" src=\"http:\/\/fr.motocrossmag.be\/wp-content\/uploads\/2013\/09\/photo-517-150x150.jpg\" alt=\"\" width=\"150\" height=\"150\" \/><\/a><br \/>\n<a rel=\"lightbox dia=1\" href=\"http:\/\/fr.motocrossmag.be\/wp-content\/uploads\/2013\/09\/photo-532.jpg\"><img decoding=\"async\" class=\"alignnone size-thumbnail wp-image-19081\" title=\"photo-532\" src=\"http:\/\/fr.motocrossmag.be\/wp-content\/uploads\/2013\/09\/photo-532-150x150.jpg\" alt=\"\" width=\"150\" height=\"150\" \/><\/a>\u00a0\u00a0 <a rel=\"lightbox dia=1\" href=\"http:\/\/fr.motocrossmag.be\/wp-content\/uploads\/2013\/09\/photo-549.jpg\"><img decoding=\"async\" class=\"alignnone size-thumbnail wp-image-19080\" title=\"photo-549\" src=\"http:\/\/fr.motocrossmag.be\/wp-content\/uploads\/2013\/09\/photo-549-150x150.jpg\" alt=\"\" width=\"150\" height=\"150\" \/><\/a>\u00a0\u00a0 <a rel=\"lightbox dia=1\" href=\"http:\/\/fr.motocrossmag.be\/wp-content\/uploads\/2013\/09\/photo-566.jpg\"><img decoding=\"async\" class=\"alignnone size-thumbnail wp-image-19079\" title=\"photo-566\" src=\"http:\/\/fr.motocrossmag.be\/wp-content\/uploads\/2013\/09\/photo-566-150x150.jpg\" alt=\"\" width=\"150\" height=\"150\" \/><\/a><br \/>\n<a rel=\"lightbox dia=1\" href=\"http:\/\/fr.motocrossmag.be\/wp-content\/uploads\/2013\/09\/photo-583.jpg\"><img decoding=\"async\" class=\"alignnone size-thumbnail wp-image-19078\" title=\"photo-583\" src=\"http:\/\/fr.motocrossmag.be\/wp-content\/uploads\/2013\/09\/photo-583-150x150.jpg\" alt=\"\" width=\"150\" height=\"150\" \/><\/a>\u00a0\u00a0\u00a0<a rel=\"lightbox dia=1\" href=\"http:\/\/fr.motocrossmag.be\/wp-content\/uploads\/2013\/09\/photo-648.jpg\"><img decoding=\"async\" class=\"alignnone size-thumbnail wp-image-19077\" title=\"photo-648\" src=\"http:\/\/fr.motocrossmag.be\/wp-content\/uploads\/2013\/09\/photo-648-150x150.jpg\" alt=\"\" width=\"150\" height=\"150\" \/><\/a>\u00a0\u00a0 <a rel=\"lightbox dia=1\" href=\"http:\/\/fr.motocrossmag.be\/wp-content\/uploads\/2013\/09\/photo-676.jpg\"><img decoding=\"async\" class=\"alignnone size-thumbnail wp-image-19076\" title=\"photo-676\" src=\"http:\/\/fr.motocrossmag.be\/wp-content\/uploads\/2013\/09\/photo-676-150x150.jpg\" alt=\"\" width=\"150\" height=\"150\" \/><\/a><br \/>\n<a rel=\"lightbox dia=1\" href=\"http:\/\/fr.motocrossmag.be\/wp-content\/uploads\/2013\/09\/photo-699.jpg\"><img decoding=\"async\" class=\"alignnone size-thumbnail wp-image-19075\" title=\"photo-699\" src=\"http:\/\/fr.motocrossmag.be\/wp-content\/uploads\/2013\/09\/photo-699-150x150.jpg\" alt=\"\" width=\"150\" height=\"150\" \/><\/a>\u00a0\u00a0 <a rel=\"lightbox dia=1\" href=\"http:\/\/fr.motocrossmag.be\/wp-content\/uploads\/2013\/09\/photo-704.jpg\"><img decoding=\"async\" class=\"alignnone size-thumbnail wp-image-19074\" title=\"photo-704\" src=\"http:\/\/fr.motocrossmag.be\/wp-content\/uploads\/2013\/09\/photo-704-150x150.jpg\" alt=\"\" width=\"150\" height=\"150\" \/><\/a>\u00a0\u00a0 <a rel=\"lightbox dia=1\" href=\"http:\/\/fr.motocrossmag.be\/wp-content\/uploads\/2013\/09\/photo-708.jpg\"><img decoding=\"async\" class=\"alignnone size-thumbnail wp-image-19073\" title=\"photo-708\" src=\"http:\/\/fr.motocrossmag.be\/wp-content\/uploads\/2013\/09\/photo-708-150x150.jpg\" alt=\"\" width=\"150\" height=\"150\" \/><\/a><br \/>\n<a rel=\"lightbox dia=1\" href=\"http:\/\/fr.motocrossmag.be\/wp-content\/uploads\/2013\/09\/photo-874.jpg\"><img decoding=\"async\" class=\"alignnone size-thumbnail wp-image-19072\" title=\"photo-874\" src=\"http:\/\/fr.motocrossmag.be\/wp-content\/uploads\/2013\/09\/photo-874-150x150.jpg\" alt=\"\" width=\"150\" height=\"150\" \/><\/a>\u00a0\u00a0 <a rel=\"lightbox dia=1\" href=\"http:\/\/fr.motocrossmag.be\/wp-content\/uploads\/2013\/09\/photo-881.jpg\"><img decoding=\"async\" class=\"alignnone size-thumbnail wp-image-19071\" title=\"photo-881\" src=\"http:\/\/fr.motocrossmag.be\/wp-content\/uploads\/2013\/09\/photo-881-150x150.jpg\" alt=\"\" width=\"150\" height=\"150\" \/><\/a>\u00a0\u00a0 <a rel=\"lightbox dia=1\" href=\"http:\/\/fr.motocrossmag.be\/wp-content\/uploads\/2013\/09\/photo-902.jpg\"><img decoding=\"async\" class=\"alignnone size-thumbnail wp-image-19070\" title=\"photo-902\" src=\"http:\/\/fr.motocrossmag.be\/wp-content\/uploads\/2013\/09\/photo-902-150x150.jpg\" alt=\"\" width=\"150\" height=\"150\" \/><\/a><br \/>\n<a rel=\"lightbox dia=1\" href=\"http:\/\/fr.motocrossmag.be\/wp-content\/uploads\/2013\/09\/photo-923.jpg\"><img decoding=\"async\" class=\"alignnone size-thumbnail wp-image-19069\" title=\"photo-923\" src=\"http:\/\/fr.motocrossmag.be\/wp-content\/uploads\/2013\/09\/photo-923-150x150.jpg\" alt=\"\" width=\"150\" height=\"150\" \/><\/a>\u00a0\u00a0 <a rel=\"lightbox dia=1\" href=\"http:\/\/fr.motocrossmag.be\/wp-content\/uploads\/2013\/09\/photo-950.jpg\"><img decoding=\"async\" class=\"alignnone size-thumbnail wp-image-19068\" title=\"photo-950\" src=\"http:\/\/fr.motocrossmag.be\/wp-content\/uploads\/2013\/09\/photo-950-150x150.jpg\" alt=\"\" width=\"150\" height=\"150\" \/><\/a>\u00a0\u00a0 <a rel=\"lightbox dia=1\" href=\"http:\/\/fr.motocrossmag.be\/wp-content\/uploads\/2013\/09\/photo-982.jpg\"><img decoding=\"async\" class=\"alignnone size-thumbnail wp-image-19067\" title=\"photo-982\" src=\"http:\/\/fr.motocrossmag.be\/wp-content\/uploads\/2013\/09\/photo-982-150x150.jpg\" alt=\"\" width=\"150\" height=\"150\" \/><\/a><\/p>\n","protected":false},"excerpt":{"rendered":"<p>Orp-le-Grand a v\u00e9cu ce week-end au rythme du motocross belge puisque le petit village braban\u00e7on accueillait sur son c\u00e9l\u00e8bre circuit \u00ab\u00a0de la petite Ghete\u00a0\u00bb la 4\u00e8me manche des Belgian Masters of Motocross. Une 4\u00e8me manche qui fut synonyme de d\u00e9nouement pour notre championnat national puisque Ken De Dycker s&rsquo;est d\u00e9j\u00e0\u00a0 assur\u00e9 du titre ce dimanche [&hellip;]<\/p>\n","protected":false},"author":932,"featured_media":0,"comment_status":"open","ping_status":"closed","sticky":false,"template":"","format":"standard","meta":{"tdm_status":"","tdm_grid_status":"","footnotes":""},"categories":[66],"tags":[],"class_list":["post-19066","post","type-post","status-publish","format-standard","category-photos"],"yoast_head":"<!-- This site is optimized with the Yoast SEO plugin v28.4 - https:\/\/yoast.com\/product\/yoast-seo-wordpress\/ -->\n<title>Galerie photos | Photos: motocross FMB \u00e0\u00a0 Orp-le-Grand - Motocross - Enduro - Supermoto | MotocrossMag<\/title>\n<meta name=\"robots\" content=\"index, follow, max-snippet:-1, max-image-preview:large, max-video-preview:-1\" \/>\n<link rel=\"canonical\" href=\"https:\/\/fr.motocrossmag.be\/index.php\/2013\/09\/galerie-photos-photos-motocross-fmb-a-orp-le-grand\/\" \/>\n<meta property=\"og:locale\" content=\"fr_FR\" \/>\n<meta property=\"og:type\" content=\"article\" \/>\n<meta property=\"og:title\" content=\"Galerie photos | Photos: motocross FMB \u00e0\u00a0 Orp-le-Grand - Motocross - Enduro - Supermoto | MotocrossMag\" \/>\n<meta property=\"og:description\" content=\"Orp-le-Grand a v\u00e9cu ce week-end au rythme du motocross belge puisque le petit village braban\u00e7on accueillait sur son c\u00e9l\u00e8bre circuit \u00ab\u00a0de la petite Ghete\u00a0\u00bb la 4\u00e8me manche des Belgian Masters of Motocross. Une 4\u00e8me manche qui fut synonyme de d\u00e9nouement pour notre championnat national puisque Ken De Dycker s&rsquo;est d\u00e9j\u00e0\u00a0 assur\u00e9 du titre ce dimanche [&hellip;]\" \/>\n<meta property=\"og:url\" content=\"https:\/\/fr.motocrossmag.be\/index.php\/2013\/09\/galerie-photos-photos-motocross-fmb-a-orp-le-grand\/\" \/>\n<meta property=\"og:site_name\" content=\"Motocross - Enduro - Supermoto | MotocrossMag\" \/>\n<meta property=\"article:published_time\" content=\"2013-09-02T20:16:32+00:00\" \/>\n<meta property=\"og:image\" content=\"http:\/\/fr.motocrossmag.be\/wp-content\/uploads\/2013\/09\/image1-150x150.jpg\" \/>\n<meta name=\"author\" content=\"oliviere\" \/>\n<meta name=\"twitter:card\" content=\"summary_large_image\" \/>\n<meta name=\"twitter:label1\" content=\"\u00c9crit par\" \/>\n\t<meta name=\"twitter:data1\" content=\"oliviere\" \/>\n<script type=\"application\/ld+json\" class=\"yoast-schema-graph\">{\"@context\":\"https:\\\/\\\/schema.org\",\"@graph\":[{\"@type\":\"Article\",\"@id\":\"https:\\\/\\\/fr.motocrossmag.be\\\/index.php\\\/2013\\\/09\\\/galerie-photos-photos-motocross-fmb-a-orp-le-grand\\\/#article\",\"isPartOf\":{\"@id\":\"https:\\\/\\\/fr.motocrossmag.be\\\/index.php\\\/2013\\\/09\\\/galerie-photos-photos-motocross-fmb-a-orp-le-grand\\\/\"},\"author\":{\"name\":\"oliviere\",\"@id\":\"https:\\\/\\\/fr.motocrossmag.be\\\/#\\\/schema\\\/person\\\/11b47143d9f755babca2c9110e03235c\"},\"headline\":\"Galerie photos | Photos: motocross FMB \u00e0\u00a0 Orp-le-Grand\",\"datePublished\":\"2013-09-02T20:16:32+00:00\",\"mainEntityOfPage\":{\"@id\":\"https:\\\/\\\/fr.motocrossmag.be\\\/index.php\\\/2013\\\/09\\\/galerie-photos-photos-motocross-fmb-a-orp-le-grand\\\/\"},\"wordCount\":86,\"commentCount\":0,\"image\":{\"@id\":\"https:\\\/\\\/fr.motocrossmag.be\\\/index.php\\\/2013\\\/09\\\/galerie-photos-photos-motocross-fmb-a-orp-le-grand\\\/#primaryimage\"},\"thumbnailUrl\":\"http:\\\/\\\/fr.motocrossmag.be\\\/wp-content\\\/uploads\\\/2013\\\/09\\\/image1-150x150.jpg\",\"articleSection\":[\"Photos\"],\"inLanguage\":\"fr-FR\",\"potentialAction\":[{\"@type\":\"CommentAction\",\"name\":\"Comment\",\"target\":[\"https:\\\/\\\/fr.motocrossmag.be\\\/index.php\\\/2013\\\/09\\\/galerie-photos-photos-motocross-fmb-a-orp-le-grand\\\/#respond\"]}]},{\"@type\":\"WebPage\",\"@id\":\"https:\\\/\\\/fr.motocrossmag.be\\\/index.php\\\/2013\\\/09\\\/galerie-photos-photos-motocross-fmb-a-orp-le-grand\\\/\",\"url\":\"https:\\\/\\\/fr.motocrossmag.be\\\/index.php\\\/2013\\\/09\\\/galerie-photos-photos-motocross-fmb-a-orp-le-grand\\\/\",\"name\":\"Galerie photos | Photos: motocross FMB \u00e0\u00a0 Orp-le-Grand - Motocross - Enduro - Supermoto | MotocrossMag\",\"isPartOf\":{\"@id\":\"https:\\\/\\\/fr.motocrossmag.be\\\/#website\"},\"primaryImageOfPage\":{\"@id\":\"https:\\\/\\\/fr.motocrossmag.be\\\/index.php\\\/2013\\\/09\\\/galerie-photos-photos-motocross-fmb-a-orp-le-grand\\\/#primaryimage\"},\"image\":{\"@id\":\"https:\\\/\\\/fr.motocrossmag.be\\\/index.php\\\/2013\\\/09\\\/galerie-photos-photos-motocross-fmb-a-orp-le-grand\\\/#primaryimage\"},\"thumbnailUrl\":\"http:\\\/\\\/fr.motocrossmag.be\\\/wp-content\\\/uploads\\\/2013\\\/09\\\/image1-150x150.jpg\",\"datePublished\":\"2013-09-02T20:16:32+00:00\",\"author\":{\"@id\":\"https:\\\/\\\/fr.motocrossmag.be\\\/#\\\/schema\\\/person\\\/11b47143d9f755babca2c9110e03235c\"},\"breadcrumb\":{\"@id\":\"https:\\\/\\\/fr.motocrossmag.be\\\/index.php\\\/2013\\\/09\\\/galerie-photos-photos-motocross-fmb-a-orp-le-grand\\\/#breadcrumb\"},\"inLanguage\":\"fr-FR\",\"potentialAction\":[{\"@type\":\"ReadAction\",\"target\":[\"https:\\\/\\\/fr.motocrossmag.be\\\/index.php\\\/2013\\\/09\\\/galerie-photos-photos-motocross-fmb-a-orp-le-grand\\\/\"]}]},{\"@type\":\"ImageObject\",\"inLanguage\":\"fr-FR\",\"@id\":\"https:\\\/\\\/fr.motocrossmag.be\\\/index.php\\\/2013\\\/09\\\/galerie-photos-photos-motocross-fmb-a-orp-le-grand\\\/#primaryimage\",\"url\":\"https:\\\/\\\/fr.motocrossmag.be\\\/wp-content\\\/uploads\\\/2013\\\/09\\\/image1.jpg\",\"contentUrl\":\"https:\\\/\\\/fr.motocrossmag.be\\\/wp-content\\\/uploads\\\/2013\\\/09\\\/image1.jpg\",\"width\":558,\"height\":808},{\"@type\":\"BreadcrumbList\",\"@id\":\"https:\\\/\\\/fr.motocrossmag.be\\\/index.php\\\/2013\\\/09\\\/galerie-photos-photos-motocross-fmb-a-orp-le-grand\\\/#breadcrumb\",\"itemListElement\":[{\"@type\":\"ListItem\",\"position\":1,\"name\":\"Accueil\",\"item\":\"https:\\\/\\\/fr.motocrossmag.be\\\/\"},{\"@type\":\"ListItem\",\"position\":2,\"name\":\"Galerie photos | Photos: motocross FMB \u00e0\u00a0 Orp-le-Grand\"}]},{\"@type\":\"WebSite\",\"@id\":\"https:\\\/\\\/fr.motocrossmag.be\\\/#website\",\"url\":\"https:\\\/\\\/fr.motocrossmag.be\\\/\",\"name\":\"Motocross - Enduro - Supermoto | MotocrossMag\",\"description\":\"L&#039;actualit\u00e9 du motocross, de l&#039;enduro et du Supermoto en ligne!\",\"potentialAction\":[{\"@type\":\"SearchAction\",\"target\":{\"@type\":\"EntryPoint\",\"urlTemplate\":\"https:\\\/\\\/fr.motocrossmag.be\\\/?s={search_term_string}\"},\"query-input\":{\"@type\":\"PropertyValueSpecification\",\"valueRequired\":true,\"valueName\":\"search_term_string\"}}],\"inLanguage\":\"fr-FR\"},{\"@type\":\"Person\",\"@id\":\"https:\\\/\\\/fr.motocrossmag.be\\\/#\\\/schema\\\/person\\\/11b47143d9f755babca2c9110e03235c\",\"name\":\"oliviere\",\"image\":{\"@type\":\"ImageObject\",\"inLanguage\":\"fr-FR\",\"@id\":\"https:\\\/\\\/secure.gravatar.com\\\/avatar\\\/907069e0b81d119452040469e4a7501da1100f54f7f80180ce77bfab718288f6?s=96&d=mm&r=g\",\"url\":\"https:\\\/\\\/secure.gravatar.com\\\/avatar\\\/907069e0b81d119452040469e4a7501da1100f54f7f80180ce77bfab718288f6?s=96&d=mm&r=g\",\"contentUrl\":\"https:\\\/\\\/secure.gravatar.com\\\/avatar\\\/907069e0b81d119452040469e4a7501da1100f54f7f80180ce77bfab718288f6?s=96&d=mm&r=g\",\"caption\":\"oliviere\"},\"sameAs\":[\"http:\\\/\\\/www.motocrossmag.be\"],\"url\":\"https:\\\/\\\/fr.motocrossmag.be\\\/index.php\\\/author\\\/oliviere\\\/\"}]}<\/script>\n<!-- \/ Yoast SEO plugin. -->","yoast_head_json":{"title":"Galerie photos | Photos: motocross FMB \u00e0\u00a0 Orp-le-Grand - Motocross - Enduro - Supermoto | MotocrossMag","robots":{"index":"index","follow":"follow","max-snippet":"max-snippet:-1","max-image-preview":"max-image-preview:large","max-video-preview":"max-video-preview:-1"},"canonical":"https:\/\/fr.motocrossmag.be\/index.php\/2013\/09\/galerie-photos-photos-motocross-fmb-a-orp-le-grand\/","og_locale":"fr_FR","og_type":"article","og_title":"Galerie photos | Photos: motocross FMB \u00e0\u00a0 Orp-le-Grand - Motocross - Enduro - Supermoto | MotocrossMag","og_description":"Orp-le-Grand a v\u00e9cu ce week-end au rythme du motocross belge puisque le petit village braban\u00e7on accueillait sur son c\u00e9l\u00e8bre circuit \u00ab\u00a0de la petite Ghete\u00a0\u00bb la 4\u00e8me manche des Belgian Masters of Motocross. Une 4\u00e8me manche qui fut synonyme de d\u00e9nouement pour notre championnat national puisque Ken De Dycker s&rsquo;est d\u00e9j\u00e0\u00a0 assur\u00e9 du titre ce dimanche [&hellip;]","og_url":"https:\/\/fr.motocrossmag.be\/index.php\/2013\/09\/galerie-photos-photos-motocross-fmb-a-orp-le-grand\/","og_site_name":"Motocross - Enduro - Supermoto | MotocrossMag","article_published_time":"2013-09-02T20:16:32+00:00","og_image":[{"url":"http:\/\/fr.motocrossmag.be\/wp-content\/uploads\/2013\/09\/image1-150x150.jpg","type":"","width":"","height":""}],"author":"oliviere","twitter_card":"summary_large_image","twitter_misc":{"\u00c9crit par":"oliviere"},"schema":{"@context":"https:\/\/schema.org","@graph":[{"@type":"Article","@id":"https:\/\/fr.motocrossmag.be\/index.php\/2013\/09\/galerie-photos-photos-motocross-fmb-a-orp-le-grand\/#article","isPartOf":{"@id":"https:\/\/fr.motocrossmag.be\/index.php\/2013\/09\/galerie-photos-photos-motocross-fmb-a-orp-le-grand\/"},"author":{"name":"oliviere","@id":"https:\/\/fr.motocrossmag.be\/#\/schema\/person\/11b47143d9f755babca2c9110e03235c"},"headline":"Galerie photos | Photos: motocross FMB \u00e0\u00a0 Orp-le-Grand","datePublished":"2013-09-02T20:16:32+00:00","mainEntityOfPage":{"@id":"https:\/\/fr.motocrossmag.be\/index.php\/2013\/09\/galerie-photos-photos-motocross-fmb-a-orp-le-grand\/"},"wordCount":86,"commentCount":0,"image":{"@id":"https:\/\/fr.motocrossmag.be\/index.php\/2013\/09\/galerie-photos-photos-motocross-fmb-a-orp-le-grand\/#primaryimage"},"thumbnailUrl":"http:\/\/fr.motocrossmag.be\/wp-content\/uploads\/2013\/09\/image1-150x150.jpg","articleSection":["Photos"],"inLanguage":"fr-FR","potentialAction":[{"@type":"CommentAction","name":"Comment","target":["https:\/\/fr.motocrossmag.be\/index.php\/2013\/09\/galerie-photos-photos-motocross-fmb-a-orp-le-grand\/#respond"]}]},{"@type":"WebPage","@id":"https:\/\/fr.motocrossmag.be\/index.php\/2013\/09\/galerie-photos-photos-motocross-fmb-a-orp-le-grand\/","url":"https:\/\/fr.motocrossmag.be\/index.php\/2013\/09\/galerie-photos-photos-motocross-fmb-a-orp-le-grand\/","name":"Galerie photos | Photos: motocross FMB \u00e0\u00a0 Orp-le-Grand - Motocross - Enduro - Supermoto | MotocrossMag","isPartOf":{"@id":"https:\/\/fr.motocrossmag.be\/#website"},"primaryImageOfPage":{"@id":"https:\/\/fr.motocrossmag.be\/index.php\/2013\/09\/galerie-photos-photos-motocross-fmb-a-orp-le-grand\/#primaryimage"},"image":{"@id":"https:\/\/fr.motocrossmag.be\/index.php\/2013\/09\/galerie-photos-photos-motocross-fmb-a-orp-le-grand\/#primaryimage"},"thumbnailUrl":"http:\/\/fr.motocrossmag.be\/wp-content\/uploads\/2013\/09\/image1-150x150.jpg","datePublished":"2013-09-02T20:16:32+00:00","author":{"@id":"https:\/\/fr.motocrossmag.be\/#\/schema\/person\/11b47143d9f755babca2c9110e03235c"},"breadcrumb":{"@id":"https:\/\/fr.motocrossmag.be\/index.php\/2013\/09\/galerie-photos-photos-motocross-fmb-a-orp-le-grand\/#breadcrumb"},"inLanguage":"fr-FR","potentialAction":[{"@type":"ReadAction","target":["https:\/\/fr.motocrossmag.be\/index.php\/2013\/09\/galerie-photos-photos-motocross-fmb-a-orp-le-grand\/"]}]},{"@type":"ImageObject","inLanguage":"fr-FR","@id":"https:\/\/fr.motocrossmag.be\/index.php\/2013\/09\/galerie-photos-photos-motocross-fmb-a-orp-le-grand\/#primaryimage","url":"https:\/\/fr.motocrossmag.be\/wp-content\/uploads\/2013\/09\/image1.jpg","contentUrl":"https:\/\/fr.motocrossmag.be\/wp-content\/uploads\/2013\/09\/image1.jpg","width":558,"height":808},{"@type":"BreadcrumbList","@id":"https:\/\/fr.motocrossmag.be\/index.php\/2013\/09\/galerie-photos-photos-motocross-fmb-a-orp-le-grand\/#breadcrumb","itemListElement":[{"@type":"ListItem","position":1,"name":"Accueil","item":"https:\/\/fr.motocrossmag.be\/"},{"@type":"ListItem","position":2,"name":"Galerie photos | Photos: motocross FMB \u00e0\u00a0 Orp-le-Grand"}]},{"@type":"WebSite","@id":"https:\/\/fr.motocrossmag.be\/#website","url":"https:\/\/fr.motocrossmag.be\/","name":"Motocross - Enduro - Supermoto | MotocrossMag","description":"L&#039;actualit\u00e9 du motocross, de l&#039;enduro et du Supermoto en ligne!","potentialAction":[{"@type":"SearchAction","target":{"@type":"EntryPoint","urlTemplate":"https:\/\/fr.motocrossmag.be\/?s={search_term_string}"},"query-input":{"@type":"PropertyValueSpecification","valueRequired":true,"valueName":"search_term_string"}}],"inLanguage":"fr-FR"},{"@type":"Person","@id":"https:\/\/fr.motocrossmag.be\/#\/schema\/person\/11b47143d9f755babca2c9110e03235c","name":"oliviere","image":{"@type":"ImageObject","inLanguage":"fr-FR","@id":"https:\/\/secure.gravatar.com\/avatar\/907069e0b81d119452040469e4a7501da1100f54f7f80180ce77bfab718288f6?s=96&d=mm&r=g","url":"https:\/\/secure.gravatar.com\/avatar\/907069e0b81d119452040469e4a7501da1100f54f7f80180ce77bfab718288f6?s=96&d=mm&r=g","contentUrl":"https:\/\/secure.gravatar.com\/avatar\/907069e0b81d119452040469e4a7501da1100f54f7f80180ce77bfab718288f6?s=96&d=mm&r=g","caption":"oliviere"},"sameAs":["http:\/\/www.motocrossmag.be"],"url":"https:\/\/fr.motocrossmag.be\/index.php\/author\/oliviere\/"}]}},"_links":{"self":[{"href":"https:\/\/fr.motocrossmag.be\/index.php\/wp-json\/wp\/v2\/posts\/19066","targetHints":{"allow":["GET"]}}],"collection":[{"href":"https:\/\/fr.motocrossmag.be\/index.php\/wp-json\/wp\/v2\/posts"}],"about":[{"href":"https:\/\/fr.motocrossmag.be\/index.php\/wp-json\/wp\/v2\/types\/post"}],"author":[{"embeddable":true,"href":"https:\/\/fr.motocrossmag.be\/index.php\/wp-json\/wp\/v2\/users\/932"}],"replies":[{"embeddable":true,"href":"https:\/\/fr.motocrossmag.be\/index.php\/wp-json\/wp\/v2\/comments?post=19066"}],"version-history":[{"count":0,"href":"https:\/\/fr.motocrossmag.be\/index.php\/wp-json\/wp\/v2\/posts\/19066\/revisions"}],"wp:attachment":[{"href":"https:\/\/fr.motocrossmag.be\/index.php\/wp-json\/wp\/v2\/media?parent=19066"}],"wp:term":[{"taxonomy":"category","embeddable":true,"href":"https:\/\/fr.motocrossmag.be\/index.php\/wp-json\/wp\/v2\/categories?post=19066"},{"taxonomy":"post_tag","embeddable":true,"href":"https:\/\/fr.motocrossmag.be\/index.php\/wp-json\/wp\/v2\/tags?post=19066"}],"curies":[{"name":"wp","href":"https:\/\/api.w.org\/{rel}","templated":true}]}}