{"id":19257,"date":"2013-09-11T10:27:42","date_gmt":"2013-09-11T09:27:42","guid":{"rendered":"http:\/\/fr.motocrossmag.be\/?p=19257"},"modified":"2013-09-11T10:27:42","modified_gmt":"2013-09-11T09:27:42","slug":"motocross-fmb-mont-saint-guibert-photos-la-sabliere-de-mont-saint-guibert-deja-prete-pour-la-finale-des-bmmx","status":"publish","type":"post","link":"https:\/\/fr.motocrossmag.be\/index.php\/2013\/09\/motocross-fmb-mont-saint-guibert-photos-la-sabliere-de-mont-saint-guibert-deja-prete-pour-la-finale-des-bmmx\/","title":{"rendered":"Motocross FMB &#8211; Mont-Saint-Guibert | Photos: la sabli\u00e8re de Mont-Saint-Guibert d\u00e9j\u00e0\u00a0 pr\u00eate pour la finale des BMMX !"},"content":{"rendered":"<p>La sabli\u00e8re \u00ab\u00a0Shanks\u00a0\u00bb de Mont-Saint-Guibert est assur\u00e9ment l&rsquo;endroit id\u00e9al pour y accueillir la finale des Belgian Masters of Motocross. Ce stadium naturel sera ce dimanche 15 septembre le th\u00e9\u00e0\u00a2tre du 5\u00e8me et dernier round de notre championnat national et, comme chaque ann\u00e9e, on met les petits plats dans les grands du c\u00f4t\u00e9 de Mont-Saint-Guibert pour que le circuit soit \u00e0\u00a0 la hauteur de l&rsquo;\u00e9v\u00e9nement. Etat des lieux en images&#8230;<\/p>\n<p><a rel=\"lightbox dia=1\" href=\"http:\/\/fr.motocrossmag.be\/wp-content\/uploads\/2013\/09\/dsc01798.jpg\"><img decoding=\"async\" class=\"alignnone size-thumbnail wp-image-19256\" title=\"dsc01798\" src=\"http:\/\/fr.motocrossmag.be\/wp-content\/uploads\/2013\/09\/dsc01798-150x150.jpg\" alt=\"\" width=\"150\" height=\"150\" \/><\/a>\u00a0\u00a0 <a rel=\"lightbox dia=1\" href=\"http:\/\/fr.motocrossmag.be\/wp-content\/uploads\/2013\/09\/dsc01801.jpg\"><img decoding=\"async\" class=\"alignnone size-thumbnail wp-image-19255\" title=\"dsc01801\" src=\"http:\/\/fr.motocrossmag.be\/wp-content\/uploads\/2013\/09\/dsc01801-150x150.jpg\" alt=\"\" width=\"150\" height=\"150\" \/><\/a>\u00a0\u00a0 <a rel=\"lightbox dia=1\" href=\"http:\/\/fr.motocrossmag.be\/wp-content\/uploads\/2013\/09\/dsc01824.jpg\"><img decoding=\"async\" class=\"alignnone size-thumbnail wp-image-19254\" title=\"dsc01824\" src=\"http:\/\/fr.motocrossmag.be\/wp-content\/uploads\/2013\/09\/dsc01824-150x150.jpg\" alt=\"\" width=\"150\" height=\"150\" \/><\/a><br \/>\n<a rel=\"lightbox dia=1\" href=\"http:\/\/fr.motocrossmag.be\/wp-content\/uploads\/2013\/09\/dsc01827.jpg\"><img decoding=\"async\" class=\"alignnone size-thumbnail wp-image-19253\" title=\"dsc01827\" src=\"http:\/\/fr.motocrossmag.be\/wp-content\/uploads\/2013\/09\/dsc01827-150x150.jpg\" alt=\"\" width=\"150\" height=\"150\" \/><\/a>\u00a0\u00a0 <a rel=\"lightbox dia=1\" href=\"http:\/\/fr.motocrossmag.be\/wp-content\/uploads\/2013\/09\/dsc01833.jpg\"><img decoding=\"async\" class=\"alignnone size-thumbnail wp-image-19252\" title=\"dsc01833\" src=\"http:\/\/fr.motocrossmag.be\/wp-content\/uploads\/2013\/09\/dsc01833-150x150.jpg\" alt=\"\" width=\"150\" height=\"150\" \/><\/a>\u00a0\u00a0 <a rel=\"lightbox dia=1\" href=\"http:\/\/fr.motocrossmag.be\/wp-content\/uploads\/2013\/09\/dsc01835.jpg\"><img decoding=\"async\" class=\"alignnone size-thumbnail wp-image-19251\" title=\"dsc01835\" src=\"http:\/\/fr.motocrossmag.be\/wp-content\/uploads\/2013\/09\/dsc01835-150x150.jpg\" alt=\"\" width=\"150\" height=\"150\" \/><\/a><br \/>\n<a rel=\"lightbox dia=1\" href=\"http:\/\/fr.motocrossmag.be\/wp-content\/uploads\/2013\/09\/dsc01840.jpg\"><img decoding=\"async\" class=\"alignnone size-thumbnail wp-image-19250\" title=\"dsc01840\" src=\"http:\/\/fr.motocrossmag.be\/wp-content\/uploads\/2013\/09\/dsc01840-150x150.jpg\" alt=\"\" width=\"150\" height=\"150\" \/><\/a>\u00a0\u00a0 <a rel=\"lightbox dia=1\" href=\"http:\/\/fr.motocrossmag.be\/wp-content\/uploads\/2013\/09\/dsc01845.jpg\"><img decoding=\"async\" class=\"alignnone size-thumbnail wp-image-19249\" title=\"dsc01845\" src=\"http:\/\/fr.motocrossmag.be\/wp-content\/uploads\/2013\/09\/dsc01845-150x150.jpg\" alt=\"\" width=\"150\" height=\"150\" \/><\/a>\u00a0\u00a0 <a rel=\"lightbox dia=1\" href=\"http:\/\/fr.motocrossmag.be\/wp-content\/uploads\/2013\/09\/dsc01850.jpg\"><img decoding=\"async\" class=\"alignnone size-thumbnail wp-image-19248\" title=\"dsc01850\" src=\"http:\/\/fr.motocrossmag.be\/wp-content\/uploads\/2013\/09\/dsc01850-150x150.jpg\" alt=\"\" width=\"150\" height=\"150\" \/><\/a><br \/>\n<a rel=\"lightbox dia=1\" href=\"http:\/\/fr.motocrossmag.be\/wp-content\/uploads\/2013\/09\/dsc01853.jpg\"><img decoding=\"async\" class=\"alignnone size-thumbnail wp-image-19247\" title=\"dsc01853\" src=\"http:\/\/fr.motocrossmag.be\/wp-content\/uploads\/2013\/09\/dsc01853-150x150.jpg\" alt=\"\" width=\"150\" height=\"150\" \/><\/a>\u00a0\u00a0 <a rel=\"lightbox dia=1\" href=\"http:\/\/fr.motocrossmag.be\/wp-content\/uploads\/2013\/09\/dsc01855.jpg\"><img decoding=\"async\" class=\"alignnone size-thumbnail wp-image-19246\" title=\"dsc01855\" src=\"http:\/\/fr.motocrossmag.be\/wp-content\/uploads\/2013\/09\/dsc01855-150x150.jpg\" alt=\"\" width=\"150\" height=\"150\" \/><\/a>\u00a0\u00a0 <a rel=\"lightbox dia=1\" href=\"http:\/\/fr.motocrossmag.be\/wp-content\/uploads\/2013\/09\/dsc01858.jpg\"><img decoding=\"async\" class=\"alignnone size-thumbnail wp-image-19245\" title=\"dsc01858\" src=\"http:\/\/fr.motocrossmag.be\/wp-content\/uploads\/2013\/09\/dsc01858-150x150.jpg\" alt=\"\" width=\"150\" height=\"150\" \/><\/a><br \/>\n<a rel=\"lightbox dia=1\" href=\"http:\/\/fr.motocrossmag.be\/wp-content\/uploads\/2013\/09\/dsc01868.jpg\"><img decoding=\"async\" class=\"alignnone size-thumbnail wp-image-19244\" title=\"dsc01868\" src=\"http:\/\/fr.motocrossmag.be\/wp-content\/uploads\/2013\/09\/dsc01868-150x150.jpg\" alt=\"\" width=\"150\" height=\"150\" \/><\/a>\u00a0\u00a0 <a rel=\"lightbox dia=1\" href=\"http:\/\/fr.motocrossmag.be\/wp-content\/uploads\/2013\/09\/dsc01872.jpg\"><img decoding=\"async\" class=\"alignnone size-thumbnail wp-image-19243\" title=\"dsc01872\" src=\"http:\/\/fr.motocrossmag.be\/wp-content\/uploads\/2013\/09\/dsc01872-150x150.jpg\" alt=\"\" width=\"150\" height=\"150\" \/><\/a>\u00a0\u00a0 <a rel=\"lightbox dia=1\" href=\"http:\/\/fr.motocrossmag.be\/wp-content\/uploads\/2013\/09\/dsc018741.jpg\"><img decoding=\"async\" class=\"alignnone size-thumbnail wp-image-19242\" title=\"dsc018741\" src=\"http:\/\/fr.motocrossmag.be\/wp-content\/uploads\/2013\/09\/dsc018741-150x150.jpg\" alt=\"\" width=\"150\" height=\"150\" \/><\/a><br \/>\n<a rel=\"lightbox dia=1\" href=\"http:\/\/fr.motocrossmag.be\/wp-content\/uploads\/2013\/09\/dsc01875.jpg\"><img decoding=\"async\" class=\"alignnone size-thumbnail wp-image-19241\" title=\"dsc01875\" src=\"http:\/\/fr.motocrossmag.be\/wp-content\/uploads\/2013\/09\/dsc01875-150x150.jpg\" alt=\"\" width=\"150\" height=\"150\" \/><\/a>\u00a0\u00a0 <a rel=\"lightbox dia=1\" href=\"http:\/\/fr.motocrossmag.be\/wp-content\/uploads\/2013\/09\/dsc01877.jpg\"><img decoding=\"async\" class=\"alignnone size-thumbnail wp-image-19240\" title=\"dsc01877\" src=\"http:\/\/fr.motocrossmag.be\/wp-content\/uploads\/2013\/09\/dsc01877-150x150.jpg\" alt=\"\" width=\"150\" height=\"150\" \/><\/a>\u00a0\u00a0 <a rel=\"lightbox dia=1\" href=\"http:\/\/fr.motocrossmag.be\/wp-content\/uploads\/2013\/09\/dsc01879.jpg\"><img decoding=\"async\" class=\"alignnone size-thumbnail wp-image-19239\" title=\"dsc01879\" src=\"http:\/\/fr.motocrossmag.be\/wp-content\/uploads\/2013\/09\/dsc01879-150x150.jpg\" alt=\"\" width=\"150\" height=\"150\" \/><\/a><br \/>\n<a rel=\"lightbox dia=1\" href=\"http:\/\/fr.motocrossmag.be\/wp-content\/uploads\/2013\/09\/dsc01884.jpg\"><img decoding=\"async\" class=\"alignnone size-thumbnail wp-image-19238\" title=\"dsc01884\" src=\"http:\/\/fr.motocrossmag.be\/wp-content\/uploads\/2013\/09\/dsc01884-150x150.jpg\" alt=\"\" width=\"150\" height=\"150\" \/><\/a>\u00a0\u00a0 <a rel=\"lightbox dia=1\" href=\"http:\/\/fr.motocrossmag.be\/wp-content\/uploads\/2013\/09\/dsc01874.jpg\"><img decoding=\"async\" class=\"alignnone size-thumbnail wp-image-19237\" title=\"dsc01874\" src=\"http:\/\/fr.motocrossmag.be\/wp-content\/uploads\/2013\/09\/dsc01874-150x150.jpg\" alt=\"\" width=\"150\" height=\"150\" \/><\/a>\u00a0\u00a0 <a rel=\"lightbox dia=1\" href=\"http:\/\/fr.motocrossmag.be\/wp-content\/uploads\/2013\/09\/dsc01892.jpg\"><img decoding=\"async\" class=\"alignnone size-thumbnail wp-image-19236\" title=\"dsc01892\" src=\"http:\/\/fr.motocrossmag.be\/wp-content\/uploads\/2013\/09\/dsc01892-150x150.jpg\" alt=\"\" width=\"150\" height=\"150\" \/><\/a><br \/>\n<a rel=\"lightbox dia=1\" href=\"http:\/\/fr.motocrossmag.be\/wp-content\/uploads\/2013\/09\/dsc01893.jpg\"><img decoding=\"async\" class=\"alignnone size-thumbnail wp-image-19235\" title=\"dsc01893\" src=\"http:\/\/fr.motocrossmag.be\/wp-content\/uploads\/2013\/09\/dsc01893-150x150.jpg\" alt=\"\" width=\"150\" height=\"150\" \/><\/a>\u00a0\u00a0 <a rel=\"lightbox dia=1\" href=\"http:\/\/fr.motocrossmag.be\/wp-content\/uploads\/2013\/09\/dsc01894.jpg\"><img decoding=\"async\" class=\"alignnone size-thumbnail wp-image-19234\" title=\"dsc01894\" src=\"http:\/\/fr.motocrossmag.be\/wp-content\/uploads\/2013\/09\/dsc01894-150x150.jpg\" alt=\"\" width=\"150\" height=\"150\" \/><\/a>\u00a0\u00a0 <a rel=\"lightbox dia=1\" href=\"http:\/\/fr.motocrossmag.be\/wp-content\/uploads\/2013\/09\/dsc01897.jpg\"><img decoding=\"async\" class=\"alignnone size-thumbnail wp-image-19233\" title=\"dsc01897\" src=\"http:\/\/fr.motocrossmag.be\/wp-content\/uploads\/2013\/09\/dsc01897-150x150.jpg\" alt=\"\" width=\"150\" height=\"150\" \/><\/a><br \/>\n<a rel=\"lightbox dia=1\" href=\"http:\/\/fr.motocrossmag.be\/wp-content\/uploads\/2013\/09\/dsc01899.jpg\"><img decoding=\"async\" class=\"alignnone size-thumbnail wp-image-19232\" title=\"dsc01899\" src=\"http:\/\/fr.motocrossmag.be\/wp-content\/uploads\/2013\/09\/dsc01899-150x150.jpg\" alt=\"\" width=\"150\" height=\"150\" \/><\/a>\u00a0\u00a0 <a rel=\"lightbox dia=1\" href=\"http:\/\/fr.motocrossmag.be\/wp-content\/uploads\/2013\/09\/dsc01900.jpg\"><img decoding=\"async\" class=\"alignnone size-thumbnail wp-image-19231\" title=\"dsc01900\" src=\"http:\/\/fr.motocrossmag.be\/wp-content\/uploads\/2013\/09\/dsc01900-150x150.jpg\" alt=\"\" width=\"150\" height=\"150\" \/><\/a>\u00a0\u00a0 <a rel=\"lightbox dia=1\" href=\"http:\/\/fr.motocrossmag.be\/wp-content\/uploads\/2013\/09\/dsc01901.jpg\"><img decoding=\"async\" class=\"alignnone size-thumbnail wp-image-19230\" title=\"dsc01901\" src=\"http:\/\/fr.motocrossmag.be\/wp-content\/uploads\/2013\/09\/dsc01901-150x150.jpg\" alt=\"\" width=\"150\" height=\"150\" \/><\/a><br \/>\n<a rel=\"lightbox dia=1\" href=\"http:\/\/fr.motocrossmag.be\/wp-content\/uploads\/2013\/09\/dsc01903.jpg\"><img decoding=\"async\" class=\"alignnone size-thumbnail wp-image-19229\" title=\"dsc01903\" src=\"http:\/\/fr.motocrossmag.be\/wp-content\/uploads\/2013\/09\/dsc01903-150x150.jpg\" alt=\"\" width=\"150\" height=\"150\" \/><\/a>\u00a0\u00a0 <a rel=\"lightbox dia=1\" href=\"http:\/\/fr.motocrossmag.be\/wp-content\/uploads\/2013\/09\/dsc01905.jpg\"><img decoding=\"async\" class=\"alignnone size-thumbnail wp-image-19228\" title=\"dsc01905\" src=\"http:\/\/fr.motocrossmag.be\/wp-content\/uploads\/2013\/09\/dsc01905-150x150.jpg\" alt=\"\" width=\"150\" height=\"150\" \/><\/a>\u00a0\u00a0 <a rel=\"lightbox dia=1\" href=\"http:\/\/fr.motocrossmag.be\/wp-content\/uploads\/2013\/09\/dsc01907.jpg\"><img decoding=\"async\" class=\"alignnone size-thumbnail wp-image-19227\" title=\"dsc01907\" src=\"http:\/\/fr.motocrossmag.be\/wp-content\/uploads\/2013\/09\/dsc01907-150x150.jpg\" alt=\"\" width=\"150\" height=\"150\" \/><\/a><br \/>\n<a rel=\"lightbox dia=1\" href=\"http:\/\/fr.motocrossmag.be\/wp-content\/uploads\/2013\/09\/dsc01908.jpg\"><img decoding=\"async\" class=\"alignnone size-thumbnail wp-image-19226\" title=\"dsc01908\" src=\"http:\/\/fr.motocrossmag.be\/wp-content\/uploads\/2013\/09\/dsc01908-150x150.jpg\" alt=\"\" width=\"150\" height=\"150\" \/><\/a>\u00a0\u00a0 <a rel=\"lightbox dia=1\" href=\"http:\/\/fr.motocrossmag.be\/wp-content\/uploads\/2013\/09\/dsc01911.jpg\"><img decoding=\"async\" class=\"alignnone size-thumbnail wp-image-19225\" title=\"dsc01911\" src=\"http:\/\/fr.motocrossmag.be\/wp-content\/uploads\/2013\/09\/dsc01911-150x150.jpg\" alt=\"\" width=\"150\" height=\"150\" \/><\/a>\u00a0\u00a0 <a rel=\"lightbox dia=1\" href=\"http:\/\/fr.motocrossmag.be\/wp-content\/uploads\/2013\/09\/dsc01913.jpg\"><img decoding=\"async\" class=\"alignnone size-thumbnail wp-image-19224\" title=\"dsc01913\" src=\"http:\/\/fr.motocrossmag.be\/wp-content\/uploads\/2013\/09\/dsc01913-150x150.jpg\" alt=\"\" width=\"150\" height=\"150\" \/><\/a><br \/>\n<a rel=\"lightbox dia=1\" href=\"http:\/\/fr.motocrossmag.be\/wp-content\/uploads\/2013\/09\/dsc01914.jpg\"><img decoding=\"async\" class=\"alignnone size-thumbnail wp-image-19223\" title=\"dsc01914\" src=\"http:\/\/fr.motocrossmag.be\/wp-content\/uploads\/2013\/09\/dsc01914-150x150.jpg\" alt=\"\" width=\"150\" height=\"150\" \/><\/a>\u00a0\u00a0 <a rel=\"lightbox dia=1\" href=\"http:\/\/fr.motocrossmag.be\/wp-content\/uploads\/2013\/09\/dsc01915.jpg\"><img decoding=\"async\" class=\"alignnone size-thumbnail wp-image-19222\" title=\"dsc01915\" src=\"http:\/\/fr.motocrossmag.be\/wp-content\/uploads\/2013\/09\/dsc01915-150x150.jpg\" alt=\"\" width=\"150\" height=\"150\" \/><\/a>\u00a0\u00a0 <a rel=\"lightbox dia=1\" href=\"http:\/\/fr.motocrossmag.be\/wp-content\/uploads\/2013\/09\/dsc01916.jpg\"><img decoding=\"async\" class=\"alignnone size-thumbnail wp-image-19221\" title=\"dsc01916\" src=\"http:\/\/fr.motocrossmag.be\/wp-content\/uploads\/2013\/09\/dsc01916-150x150.jpg\" alt=\"\" width=\"150\" height=\"150\" \/><\/a><br \/>\n<a rel=\"lightbox dia=1\" href=\"http:\/\/fr.motocrossmag.be\/wp-content\/uploads\/2013\/09\/dsc01917.jpg\"><img decoding=\"async\" class=\"alignnone size-thumbnail wp-image-19220\" title=\"dsc01917\" src=\"http:\/\/fr.motocrossmag.be\/wp-content\/uploads\/2013\/09\/dsc01917-150x150.jpg\" alt=\"\" width=\"150\" height=\"150\" \/><\/a>\u00a0\u00a0 <a rel=\"lightbox dia=1\" href=\"http:\/\/fr.motocrossmag.be\/wp-content\/uploads\/2013\/09\/dsc01918.jpg\"><img decoding=\"async\" class=\"alignnone size-thumbnail wp-image-19219\" title=\"dsc01918\" src=\"http:\/\/fr.motocrossmag.be\/wp-content\/uploads\/2013\/09\/dsc01918-150x150.jpg\" alt=\"\" width=\"150\" height=\"150\" \/><\/a>\u00a0\u00a0 <a rel=\"lightbox dia=1\" href=\"http:\/\/fr.motocrossmag.be\/wp-content\/uploads\/2013\/09\/dsc01919.jpg\"><img decoding=\"async\" class=\"alignnone size-thumbnail wp-image-19218\" title=\"dsc01919\" src=\"http:\/\/fr.motocrossmag.be\/wp-content\/uploads\/2013\/09\/dsc01919-150x150.jpg\" alt=\"\" width=\"150\" height=\"150\" \/><\/a><\/p><div class=\"qdetz6a977480863f3\" ><!-- \/91277017\/Inline-articles-mobile -->\n<div style=\"margin:auto; text-align:center !important\">\n<div id='div-gpt-ad-1784982661365-0' style='min-width: 250px; min-height: 75px;'>\n  <script>\n    googletag.cmd.push(function() { googletag.display('div-gpt-ad-1784982661365-0'); });\n  <\/script>\n<\/div><\/div><\/div><style type=\"text\/css\">\r\n.qdetz6a977480863f3 {\r\nmargin-bottom:30px;margin-top:20px\r\n}\r\n@media screen and (min-width: 1201px) {\r\n.qdetz6a977480863f3 {\r\ndisplay: block;\r\n}\r\n}\r\n@media screen and (min-width: 993px) and (max-width: 1200px) {\r\n.qdetz6a977480863f3 {\r\ndisplay: block;\r\n}\r\n}\r\n@media screen and (min-width: 769px) and (max-width: 992px) {\r\n.qdetz6a977480863f3 {\r\ndisplay: block;\r\n}\r\n}\r\n@media screen and (min-width: 768px) and (max-width: 768px) {\r\n.qdetz6a977480863f3 {\r\ndisplay: block;\r\n}\r\n}\r\n@media screen and (max-width: 767px) {\r\n.qdetz6a977480863f3 {\r\ndisplay: block;\r\n}\r\n}\r\n<\/style>\r\n\n","protected":false},"excerpt":{"rendered":"<p>La sabli\u00e8re \u00ab\u00a0Shanks\u00a0\u00bb de Mont-Saint-Guibert est assur\u00e9ment l&rsquo;endroit id\u00e9al pour y accueillir la finale des Belgian Masters of Motocross. Ce stadium naturel sera ce dimanche 15 septembre le th\u00e9\u00e0\u00a2tre du 5\u00e8me et dernier round de notre championnat national et, comme chaque ann\u00e9e, on met les petits plats dans les grands du c\u00f4t\u00e9 de Mont-Saint-Guibert pour [&hellip;]<\/p>\n","protected":false},"author":932,"featured_media":0,"comment_status":"open","ping_status":"closed","sticky":false,"template":"","format":"standard","meta":{"tdm_status":"","tdm_grid_status":"","footnotes":""},"categories":[4,29,66,65],"tags":[],"class_list":["post-19257","post","type-post","status-publish","format-standard","category-motocross","category-fmb","category-photos","category-slideshow"],"yoast_head":"<!-- This site is optimized with the Yoast SEO plugin v28.4 - https:\/\/yoast.com\/product\/yoast-seo-wordpress\/ -->\n<title>Motocross FMB - Mont-Saint-Guibert | Photos: la sabli\u00e8re de Mont-Saint-Guibert d\u00e9j\u00e0\u00a0 pr\u00eate pour la finale des BMMX ! - Motocross - Enduro - Supermoto | MotocrossMag<\/title>\n<meta name=\"robots\" content=\"index, follow, max-snippet:-1, max-image-preview:large, max-video-preview:-1\" \/>\n<link rel=\"canonical\" href=\"https:\/\/fr.motocrossmag.be\/index.php\/2013\/09\/motocross-fmb-mont-saint-guibert-photos-la-sabliere-de-mont-saint-guibert-deja-prete-pour-la-finale-des-bmmx\/\" \/>\n<meta property=\"og:locale\" content=\"fr_FR\" \/>\n<meta property=\"og:type\" content=\"article\" \/>\n<meta property=\"og:title\" content=\"Motocross FMB - Mont-Saint-Guibert | Photos: la sabli\u00e8re de Mont-Saint-Guibert d\u00e9j\u00e0\u00a0 pr\u00eate pour la finale des BMMX ! - Motocross - Enduro - Supermoto | MotocrossMag\" \/>\n<meta property=\"og:description\" content=\"La sabli\u00e8re \u00ab\u00a0Shanks\u00a0\u00bb de Mont-Saint-Guibert est assur\u00e9ment l&rsquo;endroit id\u00e9al pour y accueillir la finale des Belgian Masters of Motocross. Ce stadium naturel sera ce dimanche 15 septembre le th\u00e9\u00e0\u00a2tre du 5\u00e8me et dernier round de notre championnat national et, comme chaque ann\u00e9e, on met les petits plats dans les grands du c\u00f4t\u00e9 de Mont-Saint-Guibert pour [&hellip;]\" \/>\n<meta property=\"og:url\" content=\"https:\/\/fr.motocrossmag.be\/index.php\/2013\/09\/motocross-fmb-mont-saint-guibert-photos-la-sabliere-de-mont-saint-guibert-deja-prete-pour-la-finale-des-bmmx\/\" \/>\n<meta property=\"og:site_name\" content=\"Motocross - Enduro - Supermoto | MotocrossMag\" \/>\n<meta property=\"article:published_time\" content=\"2013-09-11T09:27:42+00:00\" \/>\n<meta property=\"og:image\" content=\"http:\/\/fr.motocrossmag.be\/wp-content\/uploads\/2013\/09\/dsc01798-150x150.jpg\" \/>\n<meta name=\"author\" content=\"oliviere\" \/>\n<meta name=\"twitter:card\" content=\"summary_large_image\" \/>\n<meta name=\"twitter:label1\" content=\"\u00c9crit par\" \/>\n\t<meta name=\"twitter:data1\" content=\"oliviere\" \/>\n<script type=\"application\/ld+json\" class=\"yoast-schema-graph\">{\"@context\":\"https:\\\/\\\/schema.org\",\"@graph\":[{\"@type\":\"Article\",\"@id\":\"https:\\\/\\\/fr.motocrossmag.be\\\/index.php\\\/2013\\\/09\\\/motocross-fmb-mont-saint-guibert-photos-la-sabliere-de-mont-saint-guibert-deja-prete-pour-la-finale-des-bmmx\\\/#article\",\"isPartOf\":{\"@id\":\"https:\\\/\\\/fr.motocrossmag.be\\\/index.php\\\/2013\\\/09\\\/motocross-fmb-mont-saint-guibert-photos-la-sabliere-de-mont-saint-guibert-deja-prete-pour-la-finale-des-bmmx\\\/\"},\"author\":{\"name\":\"oliviere\",\"@id\":\"https:\\\/\\\/fr.motocrossmag.be\\\/#\\\/schema\\\/person\\\/11b47143d9f755babca2c9110e03235c\"},\"headline\":\"Motocross FMB &#8211; Mont-Saint-Guibert | Photos: la sabli\u00e8re de Mont-Saint-Guibert d\u00e9j\u00e0\u00a0 pr\u00eate pour la finale des BMMX !\",\"datePublished\":\"2013-09-11T09:27:42+00:00\",\"mainEntityOfPage\":{\"@id\":\"https:\\\/\\\/fr.motocrossmag.be\\\/index.php\\\/2013\\\/09\\\/motocross-fmb-mont-saint-guibert-photos-la-sabliere-de-mont-saint-guibert-deja-prete-pour-la-finale-des-bmmx\\\/\"},\"wordCount\":95,\"commentCount\":0,\"image\":{\"@id\":\"https:\\\/\\\/fr.motocrossmag.be\\\/index.php\\\/2013\\\/09\\\/motocross-fmb-mont-saint-guibert-photos-la-sabliere-de-mont-saint-guibert-deja-prete-pour-la-finale-des-bmmx\\\/#primaryimage\"},\"thumbnailUrl\":\"http:\\\/\\\/fr.motocrossmag.be\\\/wp-content\\\/uploads\\\/2013\\\/09\\\/dsc01798-150x150.jpg\",\"articleSection\":[\"Motocross\",\"Motocross FMB\",\"Photos\",\"Slideshow\"],\"inLanguage\":\"fr-FR\",\"potentialAction\":[{\"@type\":\"CommentAction\",\"name\":\"Comment\",\"target\":[\"https:\\\/\\\/fr.motocrossmag.be\\\/index.php\\\/2013\\\/09\\\/motocross-fmb-mont-saint-guibert-photos-la-sabliere-de-mont-saint-guibert-deja-prete-pour-la-finale-des-bmmx\\\/#respond\"]}]},{\"@type\":\"WebPage\",\"@id\":\"https:\\\/\\\/fr.motocrossmag.be\\\/index.php\\\/2013\\\/09\\\/motocross-fmb-mont-saint-guibert-photos-la-sabliere-de-mont-saint-guibert-deja-prete-pour-la-finale-des-bmmx\\\/\",\"url\":\"https:\\\/\\\/fr.motocrossmag.be\\\/index.php\\\/2013\\\/09\\\/motocross-fmb-mont-saint-guibert-photos-la-sabliere-de-mont-saint-guibert-deja-prete-pour-la-finale-des-bmmx\\\/\",\"name\":\"Motocross FMB - Mont-Saint-Guibert | Photos: la sabli\u00e8re de Mont-Saint-Guibert d\u00e9j\u00e0\u00a0 pr\u00eate pour la finale des BMMX ! - Motocross - Enduro - Supermoto | MotocrossMag\",\"isPartOf\":{\"@id\":\"https:\\\/\\\/fr.motocrossmag.be\\\/#website\"},\"primaryImageOfPage\":{\"@id\":\"https:\\\/\\\/fr.motocrossmag.be\\\/index.php\\\/2013\\\/09\\\/motocross-fmb-mont-saint-guibert-photos-la-sabliere-de-mont-saint-guibert-deja-prete-pour-la-finale-des-bmmx\\\/#primaryimage\"},\"image\":{\"@id\":\"https:\\\/\\\/fr.motocrossmag.be\\\/index.php\\\/2013\\\/09\\\/motocross-fmb-mont-saint-guibert-photos-la-sabliere-de-mont-saint-guibert-deja-prete-pour-la-finale-des-bmmx\\\/#primaryimage\"},\"thumbnailUrl\":\"http:\\\/\\\/fr.motocrossmag.be\\\/wp-content\\\/uploads\\\/2013\\\/09\\\/dsc01798-150x150.jpg\",\"datePublished\":\"2013-09-11T09:27:42+00:00\",\"author\":{\"@id\":\"https:\\\/\\\/fr.motocrossmag.be\\\/#\\\/schema\\\/person\\\/11b47143d9f755babca2c9110e03235c\"},\"breadcrumb\":{\"@id\":\"https:\\\/\\\/fr.motocrossmag.be\\\/index.php\\\/2013\\\/09\\\/motocross-fmb-mont-saint-guibert-photos-la-sabliere-de-mont-saint-guibert-deja-prete-pour-la-finale-des-bmmx\\\/#breadcrumb\"},\"inLanguage\":\"fr-FR\",\"potentialAction\":[{\"@type\":\"ReadAction\",\"target\":[\"https:\\\/\\\/fr.motocrossmag.be\\\/index.php\\\/2013\\\/09\\\/motocross-fmb-mont-saint-guibert-photos-la-sabliere-de-mont-saint-guibert-deja-prete-pour-la-finale-des-bmmx\\\/\"]}]},{\"@type\":\"ImageObject\",\"inLanguage\":\"fr-FR\",\"@id\":\"https:\\\/\\\/fr.motocrossmag.be\\\/index.php\\\/2013\\\/09\\\/motocross-fmb-mont-saint-guibert-photos-la-sabliere-de-mont-saint-guibert-deja-prete-pour-la-finale-des-bmmx\\\/#primaryimage\",\"url\":\"https:\\\/\\\/fr.motocrossmag.be\\\/wp-content\\\/uploads\\\/2013\\\/09\\\/dsc01798.jpg\",\"contentUrl\":\"https:\\\/\\\/fr.motocrossmag.be\\\/wp-content\\\/uploads\\\/2013\\\/09\\\/dsc01798.jpg\",\"width\":900,\"height\":675},{\"@type\":\"BreadcrumbList\",\"@id\":\"https:\\\/\\\/fr.motocrossmag.be\\\/index.php\\\/2013\\\/09\\\/motocross-fmb-mont-saint-guibert-photos-la-sabliere-de-mont-saint-guibert-deja-prete-pour-la-finale-des-bmmx\\\/#breadcrumb\",\"itemListElement\":[{\"@type\":\"ListItem\",\"position\":1,\"name\":\"Accueil\",\"item\":\"https:\\\/\\\/fr.motocrossmag.be\\\/\"},{\"@type\":\"ListItem\",\"position\":2,\"name\":\"Motocross FMB &#8211; Mont-Saint-Guibert | Photos: la sabli\u00e8re de Mont-Saint-Guibert d\u00e9j\u00e0\u00a0 pr\u00eate pour la finale des BMMX !\"}]},{\"@type\":\"WebSite\",\"@id\":\"https:\\\/\\\/fr.motocrossmag.be\\\/#website\",\"url\":\"https:\\\/\\\/fr.motocrossmag.be\\\/\",\"name\":\"Motocross - Enduro - Supermoto | MotocrossMag\",\"description\":\"L&#039;actualit\u00e9 du motocross, de l&#039;enduro et du Supermoto en ligne!\",\"potentialAction\":[{\"@type\":\"SearchAction\",\"target\":{\"@type\":\"EntryPoint\",\"urlTemplate\":\"https:\\\/\\\/fr.motocrossmag.be\\\/?s={search_term_string}\"},\"query-input\":{\"@type\":\"PropertyValueSpecification\",\"valueRequired\":true,\"valueName\":\"search_term_string\"}}],\"inLanguage\":\"fr-FR\"},{\"@type\":\"Person\",\"@id\":\"https:\\\/\\\/fr.motocrossmag.be\\\/#\\\/schema\\\/person\\\/11b47143d9f755babca2c9110e03235c\",\"name\":\"oliviere\",\"image\":{\"@type\":\"ImageObject\",\"inLanguage\":\"fr-FR\",\"@id\":\"https:\\\/\\\/secure.gravatar.com\\\/avatar\\\/907069e0b81d119452040469e4a7501da1100f54f7f80180ce77bfab718288f6?s=96&d=mm&r=g\",\"url\":\"https:\\\/\\\/secure.gravatar.com\\\/avatar\\\/907069e0b81d119452040469e4a7501da1100f54f7f80180ce77bfab718288f6?s=96&d=mm&r=g\",\"contentUrl\":\"https:\\\/\\\/secure.gravatar.com\\\/avatar\\\/907069e0b81d119452040469e4a7501da1100f54f7f80180ce77bfab718288f6?s=96&d=mm&r=g\",\"caption\":\"oliviere\"},\"sameAs\":[\"http:\\\/\\\/www.motocrossmag.be\"],\"url\":\"https:\\\/\\\/fr.motocrossmag.be\\\/index.php\\\/author\\\/oliviere\\\/\"}]}<\/script>\n<!-- \/ Yoast SEO plugin. -->","yoast_head_json":{"title":"Motocross FMB - Mont-Saint-Guibert | Photos: la sabli\u00e8re de Mont-Saint-Guibert d\u00e9j\u00e0\u00a0 pr\u00eate pour la finale des BMMX ! - Motocross - Enduro - Supermoto | MotocrossMag","robots":{"index":"index","follow":"follow","max-snippet":"max-snippet:-1","max-image-preview":"max-image-preview:large","max-video-preview":"max-video-preview:-1"},"canonical":"https:\/\/fr.motocrossmag.be\/index.php\/2013\/09\/motocross-fmb-mont-saint-guibert-photos-la-sabliere-de-mont-saint-guibert-deja-prete-pour-la-finale-des-bmmx\/","og_locale":"fr_FR","og_type":"article","og_title":"Motocross FMB - Mont-Saint-Guibert | Photos: la sabli\u00e8re de Mont-Saint-Guibert d\u00e9j\u00e0\u00a0 pr\u00eate pour la finale des BMMX ! - Motocross - Enduro - Supermoto | MotocrossMag","og_description":"La sabli\u00e8re \u00ab\u00a0Shanks\u00a0\u00bb de Mont-Saint-Guibert est assur\u00e9ment l&rsquo;endroit id\u00e9al pour y accueillir la finale des Belgian Masters of Motocross. Ce stadium naturel sera ce dimanche 15 septembre le th\u00e9\u00e0\u00a2tre du 5\u00e8me et dernier round de notre championnat national et, comme chaque ann\u00e9e, on met les petits plats dans les grands du c\u00f4t\u00e9 de Mont-Saint-Guibert pour [&hellip;]","og_url":"https:\/\/fr.motocrossmag.be\/index.php\/2013\/09\/motocross-fmb-mont-saint-guibert-photos-la-sabliere-de-mont-saint-guibert-deja-prete-pour-la-finale-des-bmmx\/","og_site_name":"Motocross - Enduro - Supermoto | MotocrossMag","article_published_time":"2013-09-11T09:27:42+00:00","og_image":[{"url":"http:\/\/fr.motocrossmag.be\/wp-content\/uploads\/2013\/09\/dsc01798-150x150.jpg","type":"","width":"","height":""}],"author":"oliviere","twitter_card":"summary_large_image","twitter_misc":{"\u00c9crit par":"oliviere"},"schema":{"@context":"https:\/\/schema.org","@graph":[{"@type":"Article","@id":"https:\/\/fr.motocrossmag.be\/index.php\/2013\/09\/motocross-fmb-mont-saint-guibert-photos-la-sabliere-de-mont-saint-guibert-deja-prete-pour-la-finale-des-bmmx\/#article","isPartOf":{"@id":"https:\/\/fr.motocrossmag.be\/index.php\/2013\/09\/motocross-fmb-mont-saint-guibert-photos-la-sabliere-de-mont-saint-guibert-deja-prete-pour-la-finale-des-bmmx\/"},"author":{"name":"oliviere","@id":"https:\/\/fr.motocrossmag.be\/#\/schema\/person\/11b47143d9f755babca2c9110e03235c"},"headline":"Motocross FMB &#8211; Mont-Saint-Guibert | Photos: la sabli\u00e8re de Mont-Saint-Guibert d\u00e9j\u00e0\u00a0 pr\u00eate pour la finale des BMMX !","datePublished":"2013-09-11T09:27:42+00:00","mainEntityOfPage":{"@id":"https:\/\/fr.motocrossmag.be\/index.php\/2013\/09\/motocross-fmb-mont-saint-guibert-photos-la-sabliere-de-mont-saint-guibert-deja-prete-pour-la-finale-des-bmmx\/"},"wordCount":95,"commentCount":0,"image":{"@id":"https:\/\/fr.motocrossmag.be\/index.php\/2013\/09\/motocross-fmb-mont-saint-guibert-photos-la-sabliere-de-mont-saint-guibert-deja-prete-pour-la-finale-des-bmmx\/#primaryimage"},"thumbnailUrl":"http:\/\/fr.motocrossmag.be\/wp-content\/uploads\/2013\/09\/dsc01798-150x150.jpg","articleSection":["Motocross","Motocross FMB","Photos","Slideshow"],"inLanguage":"fr-FR","potentialAction":[{"@type":"CommentAction","name":"Comment","target":["https:\/\/fr.motocrossmag.be\/index.php\/2013\/09\/motocross-fmb-mont-saint-guibert-photos-la-sabliere-de-mont-saint-guibert-deja-prete-pour-la-finale-des-bmmx\/#respond"]}]},{"@type":"WebPage","@id":"https:\/\/fr.motocrossmag.be\/index.php\/2013\/09\/motocross-fmb-mont-saint-guibert-photos-la-sabliere-de-mont-saint-guibert-deja-prete-pour-la-finale-des-bmmx\/","url":"https:\/\/fr.motocrossmag.be\/index.php\/2013\/09\/motocross-fmb-mont-saint-guibert-photos-la-sabliere-de-mont-saint-guibert-deja-prete-pour-la-finale-des-bmmx\/","name":"Motocross FMB - Mont-Saint-Guibert | Photos: la sabli\u00e8re de Mont-Saint-Guibert d\u00e9j\u00e0\u00a0 pr\u00eate pour la finale des BMMX ! - Motocross - Enduro - Supermoto | MotocrossMag","isPartOf":{"@id":"https:\/\/fr.motocrossmag.be\/#website"},"primaryImageOfPage":{"@id":"https:\/\/fr.motocrossmag.be\/index.php\/2013\/09\/motocross-fmb-mont-saint-guibert-photos-la-sabliere-de-mont-saint-guibert-deja-prete-pour-la-finale-des-bmmx\/#primaryimage"},"image":{"@id":"https:\/\/fr.motocrossmag.be\/index.php\/2013\/09\/motocross-fmb-mont-saint-guibert-photos-la-sabliere-de-mont-saint-guibert-deja-prete-pour-la-finale-des-bmmx\/#primaryimage"},"thumbnailUrl":"http:\/\/fr.motocrossmag.be\/wp-content\/uploads\/2013\/09\/dsc01798-150x150.jpg","datePublished":"2013-09-11T09:27:42+00:00","author":{"@id":"https:\/\/fr.motocrossmag.be\/#\/schema\/person\/11b47143d9f755babca2c9110e03235c"},"breadcrumb":{"@id":"https:\/\/fr.motocrossmag.be\/index.php\/2013\/09\/motocross-fmb-mont-saint-guibert-photos-la-sabliere-de-mont-saint-guibert-deja-prete-pour-la-finale-des-bmmx\/#breadcrumb"},"inLanguage":"fr-FR","potentialAction":[{"@type":"ReadAction","target":["https:\/\/fr.motocrossmag.be\/index.php\/2013\/09\/motocross-fmb-mont-saint-guibert-photos-la-sabliere-de-mont-saint-guibert-deja-prete-pour-la-finale-des-bmmx\/"]}]},{"@type":"ImageObject","inLanguage":"fr-FR","@id":"https:\/\/fr.motocrossmag.be\/index.php\/2013\/09\/motocross-fmb-mont-saint-guibert-photos-la-sabliere-de-mont-saint-guibert-deja-prete-pour-la-finale-des-bmmx\/#primaryimage","url":"https:\/\/fr.motocrossmag.be\/wp-content\/uploads\/2013\/09\/dsc01798.jpg","contentUrl":"https:\/\/fr.motocrossmag.be\/wp-content\/uploads\/2013\/09\/dsc01798.jpg","width":900,"height":675},{"@type":"BreadcrumbList","@id":"https:\/\/fr.motocrossmag.be\/index.php\/2013\/09\/motocross-fmb-mont-saint-guibert-photos-la-sabliere-de-mont-saint-guibert-deja-prete-pour-la-finale-des-bmmx\/#breadcrumb","itemListElement":[{"@type":"ListItem","position":1,"name":"Accueil","item":"https:\/\/fr.motocrossmag.be\/"},{"@type":"ListItem","position":2,"name":"Motocross FMB &#8211; Mont-Saint-Guibert | Photos: la sabli\u00e8re de Mont-Saint-Guibert d\u00e9j\u00e0\u00a0 pr\u00eate pour la finale des BMMX !"}]},{"@type":"WebSite","@id":"https:\/\/fr.motocrossmag.be\/#website","url":"https:\/\/fr.motocrossmag.be\/","name":"Motocross - Enduro - Supermoto | MotocrossMag","description":"L&#039;actualit\u00e9 du motocross, de l&#039;enduro et du Supermoto en ligne!","potentialAction":[{"@type":"SearchAction","target":{"@type":"EntryPoint","urlTemplate":"https:\/\/fr.motocrossmag.be\/?s={search_term_string}"},"query-input":{"@type":"PropertyValueSpecification","valueRequired":true,"valueName":"search_term_string"}}],"inLanguage":"fr-FR"},{"@type":"Person","@id":"https:\/\/fr.motocrossmag.be\/#\/schema\/person\/11b47143d9f755babca2c9110e03235c","name":"oliviere","image":{"@type":"ImageObject","inLanguage":"fr-FR","@id":"https:\/\/secure.gravatar.com\/avatar\/907069e0b81d119452040469e4a7501da1100f54f7f80180ce77bfab718288f6?s=96&d=mm&r=g","url":"https:\/\/secure.gravatar.com\/avatar\/907069e0b81d119452040469e4a7501da1100f54f7f80180ce77bfab718288f6?s=96&d=mm&r=g","contentUrl":"https:\/\/secure.gravatar.com\/avatar\/907069e0b81d119452040469e4a7501da1100f54f7f80180ce77bfab718288f6?s=96&d=mm&r=g","caption":"oliviere"},"sameAs":["http:\/\/www.motocrossmag.be"],"url":"https:\/\/fr.motocrossmag.be\/index.php\/author\/oliviere\/"}]}},"_links":{"self":[{"href":"https:\/\/fr.motocrossmag.be\/index.php\/wp-json\/wp\/v2\/posts\/19257","targetHints":{"allow":["GET"]}}],"collection":[{"href":"https:\/\/fr.motocrossmag.be\/index.php\/wp-json\/wp\/v2\/posts"}],"about":[{"href":"https:\/\/fr.motocrossmag.be\/index.php\/wp-json\/wp\/v2\/types\/post"}],"author":[{"embeddable":true,"href":"https:\/\/fr.motocrossmag.be\/index.php\/wp-json\/wp\/v2\/users\/932"}],"replies":[{"embeddable":true,"href":"https:\/\/fr.motocrossmag.be\/index.php\/wp-json\/wp\/v2\/comments?post=19257"}],"version-history":[{"count":0,"href":"https:\/\/fr.motocrossmag.be\/index.php\/wp-json\/wp\/v2\/posts\/19257\/revisions"}],"wp:attachment":[{"href":"https:\/\/fr.motocrossmag.be\/index.php\/wp-json\/wp\/v2\/media?parent=19257"}],"wp:term":[{"taxonomy":"category","embeddable":true,"href":"https:\/\/fr.motocrossmag.be\/index.php\/wp-json\/wp\/v2\/categories?post=19257"},{"taxonomy":"post_tag","embeddable":true,"href":"https:\/\/fr.motocrossmag.be\/index.php\/wp-json\/wp\/v2\/tags?post=19257"}],"curies":[{"name":"wp","href":"https:\/\/api.w.org\/{rel}","templated":true}]}}