{"id":1929,"date":"2008-09-11T23:30:29","date_gmt":"2008-09-11T22:30:29","guid":{"rendered":"http:\/\/www.motocrossmag.be\/?p=1929"},"modified":"2008-09-11T23:31:36","modified_gmt":"2008-09-11T22:31:36","slug":"motocross-mx3emx2-roggenburg-breugelmans-tout-pres-du-titre","status":"publish","type":"post","link":"https:\/\/fr.motocrossmag.be\/index.php\/2008\/09\/motocross-mx3emx2-roggenburg-breugelmans-tout-pres-du-titre\/","title":{"rendered":"Motocross MX3\/EMX2 &#8211; Roggenburg | Breugelmans tout pr\u00e8s du titre!"},"content":{"rendered":"<p>Le week-end pass\u00e9, c&rsquo;est sur le tr\u00e8s beau circuit de Roggenburg, en Suisse, que Sven Breugelmans a effectu\u00e9 un pas de g\u00e9ant vers un second titre mondial MX3.<\/p>\n<p><img decoding=\"async\" class=\"alignnone size-full wp-image-1931\" title=\"Sven Breugelmans est tout pr\u00e8s d\\'un second titre mondial...\" src=\"http:\/\/www.motocrossmag.be\/wp-content\/uploads\/2008\/09\/roggen_verbruggen.jpg\" alt=\"\" width=\"500\" height=\"361\" srcset=\"https:\/\/fr.motocrossmag.be\/wp-content\/uploads\/2008\/09\/roggen_verbruggen.jpg 500w, https:\/\/fr.motocrossmag.be\/wp-content\/uploads\/2008\/09\/roggen_verbruggen-300x216.jpg 300w\" sizes=\"(max-width: 500px) 100vw, 500px\" \/><\/p><div class=\"hdcjk6a9c08b711346\" ><!-- \/91277017\/Inline-articles-mobile -->\n<div style=\"margin:auto; text-align:center !important\">\n<div id='div-gpt-ad-1784982661365-0' style='min-width: 250px; min-height: 75px;'>\n  <script>\n    googletag.cmd.push(function() { googletag.display('div-gpt-ad-1784982661365-0'); });\n  <\/script>\n<\/div><\/div><\/div><style type=\"text\/css\">\r\n.hdcjk6a9c08b711346 {\r\nmargin-bottom:30px;margin-top:20px\r\n}\r\n@media screen and (min-width: 1201px) {\r\n.hdcjk6a9c08b711346 {\r\ndisplay: block;\r\n}\r\n}\r\n@media screen and (min-width: 993px) and (max-width: 1200px) {\r\n.hdcjk6a9c08b711346 {\r\ndisplay: block;\r\n}\r\n}\r\n@media screen and (min-width: 769px) and (max-width: 992px) {\r\n.hdcjk6a9c08b711346 {\r\ndisplay: block;\r\n}\r\n}\r\n@media screen and (min-width: 768px) and (max-width: 768px) {\r\n.hdcjk6a9c08b711346 {\r\ndisplay: block;\r\n}\r\n}\r\n@media screen and (max-width: 767px) {\r\n.hdcjk6a9c08b711346 {\r\ndisplay: block;\r\n}\r\n}\r\n<\/style>\r\n\n<p>Vainqueur facile de la premi\u00e8re manche, le pilote KTM jouait la s\u00e9curit\u00e9 dans la seconde en assurant une 3\u00e8me place derri\u00e8re l&rsquo;Espagnol Alvaro Lozano et le Finlandais Antti Pyrhonen mais devant son dernier rival pour le titre Cristian Beggi. L&rsquo;Italien perd de nouveau de gros points en Suisse par rapport &agrave; notre compatriote et se retrouve &agrave; 33 points du leadership avant la finale du championnat, qui se d\u00e9roulera ce week-end en Allemagne. Sauf incident, Breugelmans pourra donc se contenter d&rsquo;assurer pour \u00eatre sacr\u00e9 d\u00e8s l&rsquo;arriv\u00e9e de la premi\u00e8re manche!<\/p>\n<p>Auteur de la pole, Patrick Caps a ensuite abandonn\u00e9 dans la premi\u00e8re manche sur ennuis m\u00e9caniques avant de terminer 6\u00e8me dans la seconde, victime de crampes aux bras en fin de course.<\/p>\n<p><img decoding=\"async\" class=\"alignnone size-full wp-image-1930\" title=\"Patrick Caps a sign\u00e9 le meilleur chrono le samedi avant de devoir abandonner la premi\u00e8re manche le lendemain sur ennuis m\u00e9caniques.\" src=\"http:\/\/www.motocrossmag.be\/wp-content\/uploads\/2008\/09\/roggen_caps.jpg\" alt=\"\" width=\"500\" height=\"340\" srcset=\"https:\/\/fr.motocrossmag.be\/wp-content\/uploads\/2008\/09\/roggen_caps.jpg 500w, https:\/\/fr.motocrossmag.be\/wp-content\/uploads\/2008\/09\/roggen_caps-300x204.jpg 300w\" sizes=\"(max-width: 500px) 100vw, 500px\" \/><\/p><div class=\"xlkxg6a9c08b711367\" ><!-- \/91277017\/articles-inline-2 -->\n<div style=\"margin: 20px auto; text-align:center !important\">\n<div id='div-gpt-ad-1785021530385-0' style='min-width: 300px; min-height: 75px;'>\n  <script>\n    googletag.cmd.push(function() { googletag.display('div-gpt-ad-1785021530385-0'); });\n  <\/script>\n<\/div><\/div><\/div><style type=\"text\/css\">\r\n@media screen and (min-width: 1201px) {\r\n.xlkxg6a9c08b711367 {\r\ndisplay: block;\r\n}\r\n}\r\n@media screen and (min-width: 993px) and (max-width: 1200px) {\r\n.xlkxg6a9c08b711367 {\r\ndisplay: block;\r\n}\r\n}\r\n@media screen and (min-width: 769px) and (max-width: 992px) {\r\n.xlkxg6a9c08b711367 {\r\ndisplay: block;\r\n}\r\n}\r\n@media screen and (min-width: 768px) and (max-width: 768px) {\r\n.xlkxg6a9c08b711367 {\r\ndisplay: block;\r\n}\r\n}\r\n@media screen and (max-width: 767px) {\r\n.xlkxg6a9c08b711367 {\r\ndisplay: block;\r\n}\r\n}\r\n<\/style>\r\n\n<p><strong><br \/>\nLarrieu devant Teillet et Larsen<\/strong><\/p>\n<p>En EMX2, Lo\u00efc Larrieu a pris en Suisse une bonne option sur le titre de vice-champion. Son compatriote Lo\u00efc Rombaut n&rsquo;a en effet marqu\u00e9 qu&rsquo;un seul point apr\u00e8s un mauvais d\u00e9part en premi\u00e8re manche avant de reprendre 3 points &agrave; Larrieu en remportant le second d\u00e9bat devant lui.<br \/>\nIl n&#8217;emp\u00eache qu&rsquo;il perd ainsi pas moins de 21 points sur Larrieu dans la course au premier accessit, dans laquelle ce dernier poss\u00e8de d\u00e9sormais un avantage de 14 unit\u00e9s&#8230;<\/p>\n<p>A Roggenbrug, Larrieu s&rsquo;impose devant le champion d&rsquo;Europe Valentin Teillet et le Danois Nikolaj Larsen.<\/p>\n<p><strong>R\u00e9sultats<\/strong><\/p>\n<p>MX3<\/p>\n<p>1 Lozano, Alvaro ESP RFME KTM 22+25<br \/>\n<strong>2 Breugelmans, Sven BEL FMB KTM 25+20<\/strong><br \/>\n3 Pyrhonen, Antti FIN SML Suzuki 20+22<br \/>\n4 Martin, Christophe FRA FFM Husqvarna 18+16<br \/>\n5 Beggi, Cristian ITA FMI Honda 15+18<br \/>\n6 Allier, Thomas FRA FFM Husqvarna 16+13<br \/>\n7 Zerava, Martin CZE ACCR Honda 14+14<br \/>\n8 Kragelj, Saso SLO AMZS Yamaha 12+12<br \/>\n9 Hansen, Nicolai DEN DMU Yamaha 13+11<br \/>\n10 Demeure, Mederic FRA FMS KTM 10+9<br \/>\n11 Jensen, Kasper DEN DMU Honda 11+8<br \/>\n<strong>12 Caps, Patrick BEL FMB Kawasaki 0+15<\/strong><br \/>\n13 Nyberg, Max SWE SVEMO Honda 0+10<br \/>\n<strong>14 Weigert, Fr\u00e9d\u00e9ric BEL MUL Honda 5+5<br \/>\n<\/strong>15 Sjoberg, Rasmus SWE SVEMO KTM 8+1<br \/>\n<strong>16 Salaets, Kristof BEL FMB Honda 9+0<\/strong><br \/>\n&#8230;<\/p>\n<p>CLASSEMENT PROVISOIRE MX3<\/p>\n<p><strong>1 Breugelmans, S. BEL 527<br \/>\n<\/strong>2 Beggi, C. ITA 494<br \/>\n3 Martin, C. FRA 474<br \/>\n4 Allier, Thomas FRA 354<br \/>\n5 Lozano, Alvaro ESP 308<br \/>\n<strong>6 Salaets, K. BEL 285<br \/>\n7 Caps, Patrick BEL 257<\/strong><\/p>\n<p><strong>EMX2<\/strong><\/p>\n<p>1 Larrieu, Loic FRA FFM Kawasaki 25+22<br \/>\n2 Teillet, Valentin FRA FFM KTM 20+20<br \/>\n3 Larsen, Nikolaj DEN DMU Suzuki 15+18<br \/>\n4 Gercar, Klemen SLO AMZS Yamaha 18+15<br \/>\n5 Rombaut, Loic FRA FFM Kawasaki 1+25<\/p>\n<p>CLASSEMENT PROVISOIRE EMX2<\/p>\n<p>1 Teillet, V. FRA 507<br \/>\n2 Larrieu, Loic FRA 389<br \/>\n3 Larsen, N. DEN 375<br \/>\n4 Rombaut, Loic FRA 372<br \/>\n5 Klein Kromhof, C. NED 293<br \/>\n6 Tonus, Arnaud SUI 255<br \/>\n7 Soubeyras, C. FRA 252<br \/>\n8 Charlier, C. FRA 197<br \/>\n<strong>9 Van Dueren, K. BEL 192<br \/>\n<\/strong>&#8230;<\/p>\n","protected":false},"excerpt":{"rendered":"<p>Le week-end pass\u00e9, c&rsquo;est sur le tr\u00e8s beau circuit de Roggenburg, en Suisse, que Sven Breugelmans a effectu\u00e9 un pas de g\u00e9ant vers un second titre mondial MX3. Vainqueur facile de la premi\u00e8re manche, le pilote KTM jouait la s\u00e9curit\u00e9 dans la seconde en assurant une 3\u00e8me place derri\u00e8re l&rsquo;Espagnol Alvaro Lozano et le Finlandais [&hellip;]<\/p>\n","protected":false},"author":932,"featured_media":0,"comment_status":"open","ping_status":"open","sticky":false,"template":"","format":"standard","meta":{"tdm_status":"","tdm_grid_status":"","footnotes":""},"categories":[4,28],"tags":[],"class_list":["post-1929","post","type-post","status-publish","format-standard","category-motocross","category-mx3"],"yoast_head":"<!-- This site is optimized with the Yoast SEO plugin v28.4 - https:\/\/yoast.com\/product\/yoast-seo-wordpress\/ -->\n<title>Motocross MX3\/EMX2 - Roggenburg | Breugelmans tout pr\u00e8s du titre! - Motocross - Enduro - Supermoto | MotocrossMag<\/title>\n<meta name=\"robots\" content=\"index, follow, max-snippet:-1, max-image-preview:large, max-video-preview:-1\" \/>\n<link rel=\"canonical\" href=\"https:\/\/fr.motocrossmag.be\/index.php\/2008\/09\/motocross-mx3emx2-roggenburg-breugelmans-tout-pres-du-titre\/\" \/>\n<meta property=\"og:locale\" content=\"fr_FR\" \/>\n<meta property=\"og:type\" content=\"article\" \/>\n<meta property=\"og:title\" content=\"Motocross MX3\/EMX2 - Roggenburg | Breugelmans tout pr\u00e8s du titre! - Motocross - Enduro - Supermoto | MotocrossMag\" \/>\n<meta property=\"og:description\" content=\"Le week-end pass\u00e9, c&rsquo;est sur le tr\u00e8s beau circuit de Roggenburg, en Suisse, que Sven Breugelmans a effectu\u00e9 un pas de g\u00e9ant vers un second titre mondial MX3. Vainqueur facile de la premi\u00e8re manche, le pilote KTM jouait la s\u00e9curit\u00e9 dans la seconde en assurant une 3\u00e8me place derri\u00e8re l&rsquo;Espagnol Alvaro Lozano et le Finlandais [&hellip;]\" \/>\n<meta property=\"og:url\" content=\"https:\/\/fr.motocrossmag.be\/index.php\/2008\/09\/motocross-mx3emx2-roggenburg-breugelmans-tout-pres-du-titre\/\" \/>\n<meta property=\"og:site_name\" content=\"Motocross - Enduro - Supermoto | MotocrossMag\" \/>\n<meta property=\"article:published_time\" content=\"2008-09-11T22:30:29+00:00\" \/>\n<meta property=\"article:modified_time\" content=\"2008-09-11T22:31:36+00:00\" \/>\n<meta property=\"og:image\" content=\"http:\/\/www.motocrossmag.be\/wp-content\/uploads\/2008\/09\/roggen_verbruggen.jpg\" \/>\n<meta name=\"author\" content=\"oliviere\" \/>\n<meta name=\"twitter:card\" content=\"summary_large_image\" \/>\n<meta name=\"twitter:label1\" content=\"\u00c9crit par\" \/>\n\t<meta name=\"twitter:data1\" content=\"oliviere\" \/>\n\t<meta name=\"twitter:label2\" content=\"Dur\u00e9e de lecture estim\u00e9e\" \/>\n\t<meta name=\"twitter:data2\" content=\"2 minutes\" \/>\n<script type=\"application\/ld+json\" class=\"yoast-schema-graph\">{\"@context\":\"https:\\\/\\\/schema.org\",\"@graph\":[{\"@type\":\"Article\",\"@id\":\"https:\\\/\\\/fr.motocrossmag.be\\\/index.php\\\/2008\\\/09\\\/motocross-mx3emx2-roggenburg-breugelmans-tout-pres-du-titre\\\/#article\",\"isPartOf\":{\"@id\":\"https:\\\/\\\/fr.motocrossmag.be\\\/index.php\\\/2008\\\/09\\\/motocross-mx3emx2-roggenburg-breugelmans-tout-pres-du-titre\\\/\"},\"author\":{\"name\":\"oliviere\",\"@id\":\"https:\\\/\\\/fr.motocrossmag.be\\\/#\\\/schema\\\/person\\\/11b47143d9f755babca2c9110e03235c\"},\"headline\":\"Motocross MX3\\\/EMX2 &#8211; Roggenburg | Breugelmans tout pr\u00e8s du titre!\",\"datePublished\":\"2008-09-11T22:30:29+00:00\",\"dateModified\":\"2008-09-11T22:31:36+00:00\",\"mainEntityOfPage\":{\"@id\":\"https:\\\/\\\/fr.motocrossmag.be\\\/index.php\\\/2008\\\/09\\\/motocross-mx3emx2-roggenburg-breugelmans-tout-pres-du-titre\\\/\"},\"wordCount\":453,\"commentCount\":0,\"image\":{\"@id\":\"https:\\\/\\\/fr.motocrossmag.be\\\/index.php\\\/2008\\\/09\\\/motocross-mx3emx2-roggenburg-breugelmans-tout-pres-du-titre\\\/#primaryimage\"},\"thumbnailUrl\":\"http:\\\/\\\/www.motocrossmag.be\\\/wp-content\\\/uploads\\\/2008\\\/09\\\/roggen_verbruggen.jpg\",\"articleSection\":[\"Motocross\",\"MX3\"],\"inLanguage\":\"fr-FR\",\"potentialAction\":[{\"@type\":\"CommentAction\",\"name\":\"Comment\",\"target\":[\"https:\\\/\\\/fr.motocrossmag.be\\\/index.php\\\/2008\\\/09\\\/motocross-mx3emx2-roggenburg-breugelmans-tout-pres-du-titre\\\/#respond\"]}]},{\"@type\":\"WebPage\",\"@id\":\"https:\\\/\\\/fr.motocrossmag.be\\\/index.php\\\/2008\\\/09\\\/motocross-mx3emx2-roggenburg-breugelmans-tout-pres-du-titre\\\/\",\"url\":\"https:\\\/\\\/fr.motocrossmag.be\\\/index.php\\\/2008\\\/09\\\/motocross-mx3emx2-roggenburg-breugelmans-tout-pres-du-titre\\\/\",\"name\":\"Motocross MX3\\\/EMX2 - Roggenburg | Breugelmans tout pr\u00e8s du titre! - Motocross - Enduro - Supermoto | MotocrossMag\",\"isPartOf\":{\"@id\":\"https:\\\/\\\/fr.motocrossmag.be\\\/#website\"},\"primaryImageOfPage\":{\"@id\":\"https:\\\/\\\/fr.motocrossmag.be\\\/index.php\\\/2008\\\/09\\\/motocross-mx3emx2-roggenburg-breugelmans-tout-pres-du-titre\\\/#primaryimage\"},\"image\":{\"@id\":\"https:\\\/\\\/fr.motocrossmag.be\\\/index.php\\\/2008\\\/09\\\/motocross-mx3emx2-roggenburg-breugelmans-tout-pres-du-titre\\\/#primaryimage\"},\"thumbnailUrl\":\"http:\\\/\\\/www.motocrossmag.be\\\/wp-content\\\/uploads\\\/2008\\\/09\\\/roggen_verbruggen.jpg\",\"datePublished\":\"2008-09-11T22:30:29+00:00\",\"dateModified\":\"2008-09-11T22:31:36+00:00\",\"author\":{\"@id\":\"https:\\\/\\\/fr.motocrossmag.be\\\/#\\\/schema\\\/person\\\/11b47143d9f755babca2c9110e03235c\"},\"breadcrumb\":{\"@id\":\"https:\\\/\\\/fr.motocrossmag.be\\\/index.php\\\/2008\\\/09\\\/motocross-mx3emx2-roggenburg-breugelmans-tout-pres-du-titre\\\/#breadcrumb\"},\"inLanguage\":\"fr-FR\",\"potentialAction\":[{\"@type\":\"ReadAction\",\"target\":[\"https:\\\/\\\/fr.motocrossmag.be\\\/index.php\\\/2008\\\/09\\\/motocross-mx3emx2-roggenburg-breugelmans-tout-pres-du-titre\\\/\"]}]},{\"@type\":\"ImageObject\",\"inLanguage\":\"fr-FR\",\"@id\":\"https:\\\/\\\/fr.motocrossmag.be\\\/index.php\\\/2008\\\/09\\\/motocross-mx3emx2-roggenburg-breugelmans-tout-pres-du-titre\\\/#primaryimage\",\"url\":\"http:\\\/\\\/www.motocrossmag.be\\\/wp-content\\\/uploads\\\/2008\\\/09\\\/roggen_verbruggen.jpg\",\"contentUrl\":\"http:\\\/\\\/www.motocrossmag.be\\\/wp-content\\\/uploads\\\/2008\\\/09\\\/roggen_verbruggen.jpg\"},{\"@type\":\"BreadcrumbList\",\"@id\":\"https:\\\/\\\/fr.motocrossmag.be\\\/index.php\\\/2008\\\/09\\\/motocross-mx3emx2-roggenburg-breugelmans-tout-pres-du-titre\\\/#breadcrumb\",\"itemListElement\":[{\"@type\":\"ListItem\",\"position\":1,\"name\":\"Accueil\",\"item\":\"https:\\\/\\\/fr.motocrossmag.be\\\/\"},{\"@type\":\"ListItem\",\"position\":2,\"name\":\"Motocross MX3\\\/EMX2 &#8211; Roggenburg | Breugelmans tout pr\u00e8s du titre!\"}]},{\"@type\":\"WebSite\",\"@id\":\"https:\\\/\\\/fr.motocrossmag.be\\\/#website\",\"url\":\"https:\\\/\\\/fr.motocrossmag.be\\\/\",\"name\":\"Motocross - Enduro - Supermoto | MotocrossMag\",\"description\":\"L&#039;actualit\u00e9 du motocross, de l&#039;enduro et du Supermoto en ligne!\",\"potentialAction\":[{\"@type\":\"SearchAction\",\"target\":{\"@type\":\"EntryPoint\",\"urlTemplate\":\"https:\\\/\\\/fr.motocrossmag.be\\\/?s={search_term_string}\"},\"query-input\":{\"@type\":\"PropertyValueSpecification\",\"valueRequired\":true,\"valueName\":\"search_term_string\"}}],\"inLanguage\":\"fr-FR\"},{\"@type\":\"Person\",\"@id\":\"https:\\\/\\\/fr.motocrossmag.be\\\/#\\\/schema\\\/person\\\/11b47143d9f755babca2c9110e03235c\",\"name\":\"oliviere\",\"image\":{\"@type\":\"ImageObject\",\"inLanguage\":\"fr-FR\",\"@id\":\"https:\\\/\\\/secure.gravatar.com\\\/avatar\\\/907069e0b81d119452040469e4a7501da1100f54f7f80180ce77bfab718288f6?s=96&d=mm&r=g\",\"url\":\"https:\\\/\\\/secure.gravatar.com\\\/avatar\\\/907069e0b81d119452040469e4a7501da1100f54f7f80180ce77bfab718288f6?s=96&d=mm&r=g\",\"contentUrl\":\"https:\\\/\\\/secure.gravatar.com\\\/avatar\\\/907069e0b81d119452040469e4a7501da1100f54f7f80180ce77bfab718288f6?s=96&d=mm&r=g\",\"caption\":\"oliviere\"},\"sameAs\":[\"http:\\\/\\\/www.motocrossmag.be\"],\"url\":\"https:\\\/\\\/fr.motocrossmag.be\\\/index.php\\\/author\\\/oliviere\\\/\"}]}<\/script>\n<!-- \/ Yoast SEO plugin. -->","yoast_head_json":{"title":"Motocross MX3\/EMX2 - Roggenburg | Breugelmans tout pr\u00e8s du titre! - Motocross - Enduro - Supermoto | MotocrossMag","robots":{"index":"index","follow":"follow","max-snippet":"max-snippet:-1","max-image-preview":"max-image-preview:large","max-video-preview":"max-video-preview:-1"},"canonical":"https:\/\/fr.motocrossmag.be\/index.php\/2008\/09\/motocross-mx3emx2-roggenburg-breugelmans-tout-pres-du-titre\/","og_locale":"fr_FR","og_type":"article","og_title":"Motocross MX3\/EMX2 - Roggenburg | Breugelmans tout pr\u00e8s du titre! - Motocross - Enduro - Supermoto | MotocrossMag","og_description":"Le week-end pass\u00e9, c&rsquo;est sur le tr\u00e8s beau circuit de Roggenburg, en Suisse, que Sven Breugelmans a effectu\u00e9 un pas de g\u00e9ant vers un second titre mondial MX3. Vainqueur facile de la premi\u00e8re manche, le pilote KTM jouait la s\u00e9curit\u00e9 dans la seconde en assurant une 3\u00e8me place derri\u00e8re l&rsquo;Espagnol Alvaro Lozano et le Finlandais [&hellip;]","og_url":"https:\/\/fr.motocrossmag.be\/index.php\/2008\/09\/motocross-mx3emx2-roggenburg-breugelmans-tout-pres-du-titre\/","og_site_name":"Motocross - Enduro - Supermoto | MotocrossMag","article_published_time":"2008-09-11T22:30:29+00:00","article_modified_time":"2008-09-11T22:31:36+00:00","og_image":[{"url":"http:\/\/www.motocrossmag.be\/wp-content\/uploads\/2008\/09\/roggen_verbruggen.jpg","type":"","width":"","height":""}],"author":"oliviere","twitter_card":"summary_large_image","twitter_misc":{"\u00c9crit par":"oliviere","Dur\u00e9e de lecture estim\u00e9e":"2 minutes"},"schema":{"@context":"https:\/\/schema.org","@graph":[{"@type":"Article","@id":"https:\/\/fr.motocrossmag.be\/index.php\/2008\/09\/motocross-mx3emx2-roggenburg-breugelmans-tout-pres-du-titre\/#article","isPartOf":{"@id":"https:\/\/fr.motocrossmag.be\/index.php\/2008\/09\/motocross-mx3emx2-roggenburg-breugelmans-tout-pres-du-titre\/"},"author":{"name":"oliviere","@id":"https:\/\/fr.motocrossmag.be\/#\/schema\/person\/11b47143d9f755babca2c9110e03235c"},"headline":"Motocross MX3\/EMX2 &#8211; Roggenburg | Breugelmans tout pr\u00e8s du titre!","datePublished":"2008-09-11T22:30:29+00:00","dateModified":"2008-09-11T22:31:36+00:00","mainEntityOfPage":{"@id":"https:\/\/fr.motocrossmag.be\/index.php\/2008\/09\/motocross-mx3emx2-roggenburg-breugelmans-tout-pres-du-titre\/"},"wordCount":453,"commentCount":0,"image":{"@id":"https:\/\/fr.motocrossmag.be\/index.php\/2008\/09\/motocross-mx3emx2-roggenburg-breugelmans-tout-pres-du-titre\/#primaryimage"},"thumbnailUrl":"http:\/\/www.motocrossmag.be\/wp-content\/uploads\/2008\/09\/roggen_verbruggen.jpg","articleSection":["Motocross","MX3"],"inLanguage":"fr-FR","potentialAction":[{"@type":"CommentAction","name":"Comment","target":["https:\/\/fr.motocrossmag.be\/index.php\/2008\/09\/motocross-mx3emx2-roggenburg-breugelmans-tout-pres-du-titre\/#respond"]}]},{"@type":"WebPage","@id":"https:\/\/fr.motocrossmag.be\/index.php\/2008\/09\/motocross-mx3emx2-roggenburg-breugelmans-tout-pres-du-titre\/","url":"https:\/\/fr.motocrossmag.be\/index.php\/2008\/09\/motocross-mx3emx2-roggenburg-breugelmans-tout-pres-du-titre\/","name":"Motocross MX3\/EMX2 - Roggenburg | Breugelmans tout pr\u00e8s du titre! - Motocross - Enduro - Supermoto | MotocrossMag","isPartOf":{"@id":"https:\/\/fr.motocrossmag.be\/#website"},"primaryImageOfPage":{"@id":"https:\/\/fr.motocrossmag.be\/index.php\/2008\/09\/motocross-mx3emx2-roggenburg-breugelmans-tout-pres-du-titre\/#primaryimage"},"image":{"@id":"https:\/\/fr.motocrossmag.be\/index.php\/2008\/09\/motocross-mx3emx2-roggenburg-breugelmans-tout-pres-du-titre\/#primaryimage"},"thumbnailUrl":"http:\/\/www.motocrossmag.be\/wp-content\/uploads\/2008\/09\/roggen_verbruggen.jpg","datePublished":"2008-09-11T22:30:29+00:00","dateModified":"2008-09-11T22:31:36+00:00","author":{"@id":"https:\/\/fr.motocrossmag.be\/#\/schema\/person\/11b47143d9f755babca2c9110e03235c"},"breadcrumb":{"@id":"https:\/\/fr.motocrossmag.be\/index.php\/2008\/09\/motocross-mx3emx2-roggenburg-breugelmans-tout-pres-du-titre\/#breadcrumb"},"inLanguage":"fr-FR","potentialAction":[{"@type":"ReadAction","target":["https:\/\/fr.motocrossmag.be\/index.php\/2008\/09\/motocross-mx3emx2-roggenburg-breugelmans-tout-pres-du-titre\/"]}]},{"@type":"ImageObject","inLanguage":"fr-FR","@id":"https:\/\/fr.motocrossmag.be\/index.php\/2008\/09\/motocross-mx3emx2-roggenburg-breugelmans-tout-pres-du-titre\/#primaryimage","url":"http:\/\/www.motocrossmag.be\/wp-content\/uploads\/2008\/09\/roggen_verbruggen.jpg","contentUrl":"http:\/\/www.motocrossmag.be\/wp-content\/uploads\/2008\/09\/roggen_verbruggen.jpg"},{"@type":"BreadcrumbList","@id":"https:\/\/fr.motocrossmag.be\/index.php\/2008\/09\/motocross-mx3emx2-roggenburg-breugelmans-tout-pres-du-titre\/#breadcrumb","itemListElement":[{"@type":"ListItem","position":1,"name":"Accueil","item":"https:\/\/fr.motocrossmag.be\/"},{"@type":"ListItem","position":2,"name":"Motocross MX3\/EMX2 &#8211; Roggenburg | Breugelmans tout pr\u00e8s du titre!"}]},{"@type":"WebSite","@id":"https:\/\/fr.motocrossmag.be\/#website","url":"https:\/\/fr.motocrossmag.be\/","name":"Motocross - Enduro - Supermoto | MotocrossMag","description":"L&#039;actualit\u00e9 du motocross, de l&#039;enduro et du Supermoto en ligne!","potentialAction":[{"@type":"SearchAction","target":{"@type":"EntryPoint","urlTemplate":"https:\/\/fr.motocrossmag.be\/?s={search_term_string}"},"query-input":{"@type":"PropertyValueSpecification","valueRequired":true,"valueName":"search_term_string"}}],"inLanguage":"fr-FR"},{"@type":"Person","@id":"https:\/\/fr.motocrossmag.be\/#\/schema\/person\/11b47143d9f755babca2c9110e03235c","name":"oliviere","image":{"@type":"ImageObject","inLanguage":"fr-FR","@id":"https:\/\/secure.gravatar.com\/avatar\/907069e0b81d119452040469e4a7501da1100f54f7f80180ce77bfab718288f6?s=96&d=mm&r=g","url":"https:\/\/secure.gravatar.com\/avatar\/907069e0b81d119452040469e4a7501da1100f54f7f80180ce77bfab718288f6?s=96&d=mm&r=g","contentUrl":"https:\/\/secure.gravatar.com\/avatar\/907069e0b81d119452040469e4a7501da1100f54f7f80180ce77bfab718288f6?s=96&d=mm&r=g","caption":"oliviere"},"sameAs":["http:\/\/www.motocrossmag.be"],"url":"https:\/\/fr.motocrossmag.be\/index.php\/author\/oliviere\/"}]}},"_links":{"self":[{"href":"https:\/\/fr.motocrossmag.be\/index.php\/wp-json\/wp\/v2\/posts\/1929","targetHints":{"allow":["GET"]}}],"collection":[{"href":"https:\/\/fr.motocrossmag.be\/index.php\/wp-json\/wp\/v2\/posts"}],"about":[{"href":"https:\/\/fr.motocrossmag.be\/index.php\/wp-json\/wp\/v2\/types\/post"}],"author":[{"embeddable":true,"href":"https:\/\/fr.motocrossmag.be\/index.php\/wp-json\/wp\/v2\/users\/932"}],"replies":[{"embeddable":true,"href":"https:\/\/fr.motocrossmag.be\/index.php\/wp-json\/wp\/v2\/comments?post=1929"}],"version-history":[{"count":0,"href":"https:\/\/fr.motocrossmag.be\/index.php\/wp-json\/wp\/v2\/posts\/1929\/revisions"}],"wp:attachment":[{"href":"https:\/\/fr.motocrossmag.be\/index.php\/wp-json\/wp\/v2\/media?parent=1929"}],"wp:term":[{"taxonomy":"category","embeddable":true,"href":"https:\/\/fr.motocrossmag.be\/index.php\/wp-json\/wp\/v2\/categories?post=1929"},{"taxonomy":"post_tag","embeddable":true,"href":"https:\/\/fr.motocrossmag.be\/index.php\/wp-json\/wp\/v2\/tags?post=1929"}],"curies":[{"name":"wp","href":"https:\/\/api.w.org\/{rel}","templated":true}]}}