{"id":19396,"date":"2013-09-27T18:30:05","date_gmt":"2013-09-27T17:30:05","guid":{"rendered":"http:\/\/fr.motocrossmag.be\/?p=19396"},"modified":"2013-09-27T19:14:49","modified_gmt":"2013-09-27T18:14:49","slug":"galerie-photos-photos-mxdn-j-1","status":"publish","type":"post","link":"https:\/\/fr.motocrossmag.be\/index.php\/2013\/09\/galerie-photos-photos-mxdn-j-1\/","title":{"rendered":"Galerie photos | Photos: MXDN J-1 !"},"content":{"rendered":"<p>Cette fois, c&rsquo;est parti ! Le Motocross des Nations 2013 a pris son envol cet apr\u00e8s-midi avec la traditionnelle pr\u00e9sentation des teams \u00e0\u00a0 la presse. Dans le paddock, la tension monte tout doucement du c\u00f4t\u00e9 des teams et des pilotes. De leurs c\u00f4t\u00e9s, les supporters arrivent par centaines et arborent d\u00e9j\u00e0\u00a0 dans les all\u00e9es de l&rsquo;enceinte de Teutschenthal les couleurs de leurs \u00e9quipes nationales.<\/p>\n<p>Photos: Yannick Bernard<\/p><div class=\"kxdwo6a97659094869\" ><!-- \/91277017\/Inline-articles-mobile -->\n<div style=\"margin:auto; text-align:center !important\">\n<div id='div-gpt-ad-1784982661365-0' style='min-width: 250px; min-height: 75px;'>\n  <script>\n    googletag.cmd.push(function() { googletag.display('div-gpt-ad-1784982661365-0'); });\n  <\/script>\n<\/div><\/div><\/div><style type=\"text\/css\">\r\n.kxdwo6a97659094869 {\r\nmargin-bottom:30px;margin-top:20px\r\n}\r\n@media screen and (min-width: 1201px) {\r\n.kxdwo6a97659094869 {\r\ndisplay: block;\r\n}\r\n}\r\n@media screen and (min-width: 993px) and (max-width: 1200px) {\r\n.kxdwo6a97659094869 {\r\ndisplay: block;\r\n}\r\n}\r\n@media screen and (min-width: 769px) and (max-width: 992px) {\r\n.kxdwo6a97659094869 {\r\ndisplay: block;\r\n}\r\n}\r\n@media screen and (min-width: 768px) and (max-width: 768px) {\r\n.kxdwo6a97659094869 {\r\ndisplay: block;\r\n}\r\n}\r\n@media screen and (max-width: 767px) {\r\n.kxdwo6a97659094869 {\r\ndisplay: block;\r\n}\r\n}\r\n<\/style>\r\n\n<p><a rel=\"lightbox dia=1\" href=\"http:\/\/fr.motocrossmag.be\/wp-content\/uploads\/2013\/09\/bmx_4220.jpg\"><img decoding=\"async\" class=\"alignnone size-thumbnail wp-image-19395\" title=\"bmx_4220\" src=\"http:\/\/fr.motocrossmag.be\/wp-content\/uploads\/2013\/09\/bmx_4220-150x150.jpg\" alt=\"\" width=\"150\" height=\"150\" \/><\/a>\u00a0 <a rel=\"lightbox dia=1\" href=\"http:\/\/fr.motocrossmag.be\/wp-content\/uploads\/2013\/09\/bmx_4230.jpg\"><img decoding=\"async\" class=\"alignnone size-thumbnail wp-image-19394\" title=\"bmx_4230\" src=\"http:\/\/fr.motocrossmag.be\/wp-content\/uploads\/2013\/09\/bmx_4230-150x150.jpg\" alt=\"\" width=\"150\" height=\"150\" \/><\/a>\u00a0 <a rel=\"lightbox dia=1\" href=\"http:\/\/fr.motocrossmag.be\/wp-content\/uploads\/2013\/09\/bmx_4234.jpg\"><img decoding=\"async\" class=\"alignnone size-thumbnail wp-image-19393\" title=\"bmx_4234\" src=\"http:\/\/fr.motocrossmag.be\/wp-content\/uploads\/2013\/09\/bmx_4234-150x150.jpg\" alt=\"\" width=\"150\" height=\"150\" \/><\/a><br \/>\n<a rel=\"lightbox dia=1\" href=\"http:\/\/fr.motocrossmag.be\/wp-content\/uploads\/2013\/09\/bmx_4238.jpg\"><img decoding=\"async\" class=\"alignnone size-thumbnail wp-image-19392\" title=\"bmx_4238\" src=\"http:\/\/fr.motocrossmag.be\/wp-content\/uploads\/2013\/09\/bmx_4238-150x150.jpg\" alt=\"\" width=\"150\" height=\"150\" \/><\/a>\u00a0 <a rel=\"lightbox dia=1\" href=\"http:\/\/fr.motocrossmag.be\/wp-content\/uploads\/2013\/09\/bmx_4244.jpg\"><img decoding=\"async\" class=\"alignnone size-thumbnail wp-image-19391\" title=\"bmx_4244\" src=\"http:\/\/fr.motocrossmag.be\/wp-content\/uploads\/2013\/09\/bmx_4244-150x150.jpg\" alt=\"\" width=\"150\" height=\"150\" \/><\/a>\u00a0 <a rel=\"lightbox dia=1\" href=\"http:\/\/fr.motocrossmag.be\/wp-content\/uploads\/2013\/09\/bmx_4252.jpg\"><img decoding=\"async\" class=\"alignnone size-thumbnail wp-image-19390\" title=\"bmx_4252\" src=\"http:\/\/fr.motocrossmag.be\/wp-content\/uploads\/2013\/09\/bmx_4252-150x150.jpg\" alt=\"\" width=\"150\" height=\"150\" \/><\/a><br \/>\n<a rel=\"lightbox dia=1\" href=\"http:\/\/fr.motocrossmag.be\/wp-content\/uploads\/2013\/09\/bmx_4254.jpg\"><img decoding=\"async\" class=\"alignnone size-thumbnail wp-image-19389\" title=\"bmx_4254\" src=\"http:\/\/fr.motocrossmag.be\/wp-content\/uploads\/2013\/09\/bmx_4254-150x150.jpg\" alt=\"\" width=\"150\" height=\"150\" \/><\/a>\u00a0 <a rel=\"lightbox dia=1\" href=\"http:\/\/fr.motocrossmag.be\/wp-content\/uploads\/2013\/09\/bmx_4257.jpg\"><img decoding=\"async\" class=\"alignnone size-thumbnail wp-image-19388\" title=\"bmx_4257\" src=\"http:\/\/fr.motocrossmag.be\/wp-content\/uploads\/2013\/09\/bmx_4257-150x150.jpg\" alt=\"\" width=\"150\" height=\"150\" \/><\/a>\u00a0 <a rel=\"lightbox dia=1\" href=\"http:\/\/fr.motocrossmag.be\/wp-content\/uploads\/2013\/09\/bmx_4259.jpg\"><img decoding=\"async\" class=\"alignnone size-thumbnail wp-image-19387\" title=\"bmx_4259\" src=\"http:\/\/fr.motocrossmag.be\/wp-content\/uploads\/2013\/09\/bmx_4259-150x150.jpg\" alt=\"\" width=\"150\" height=\"150\" \/><\/a><br \/>\n<a rel=\"lightbox dia=1\" href=\"http:\/\/fr.motocrossmag.be\/wp-content\/uploads\/2013\/09\/bmx_4261.jpg\"><img decoding=\"async\" class=\"alignnone size-thumbnail wp-image-19386\" title=\"bmx_4261\" src=\"http:\/\/fr.motocrossmag.be\/wp-content\/uploads\/2013\/09\/bmx_4261-150x150.jpg\" alt=\"\" width=\"150\" height=\"150\" \/><\/a>\u00a0 <a rel=\"lightbox dia=1\" href=\"http:\/\/fr.motocrossmag.be\/wp-content\/uploads\/2013\/09\/bmx_4263.jpg\"><img decoding=\"async\" class=\"alignnone size-thumbnail wp-image-19385\" title=\"bmx_4263\" src=\"http:\/\/fr.motocrossmag.be\/wp-content\/uploads\/2013\/09\/bmx_4263-150x150.jpg\" alt=\"\" width=\"150\" height=\"150\" \/><\/a>\u00a0 <a rel=\"lightbox dia=1\" href=\"http:\/\/fr.motocrossmag.be\/wp-content\/uploads\/2013\/09\/bmx_4265.jpg\"><img decoding=\"async\" class=\"alignnone size-thumbnail wp-image-19384\" title=\"bmx_4265\" src=\"http:\/\/fr.motocrossmag.be\/wp-content\/uploads\/2013\/09\/bmx_4265-150x150.jpg\" alt=\"\" width=\"150\" height=\"150\" \/><\/a><br \/>\n<a rel=\"lightbox dia=1\" href=\"http:\/\/fr.motocrossmag.be\/wp-content\/uploads\/2013\/09\/bmx_4268.jpg\"><img decoding=\"async\" class=\"alignnone size-thumbnail wp-image-19383\" title=\"bmx_4268\" src=\"http:\/\/fr.motocrossmag.be\/wp-content\/uploads\/2013\/09\/bmx_4268-150x150.jpg\" alt=\"\" width=\"150\" height=\"150\" \/><\/a>\u00a0 <a rel=\"lightbox dia=1\" href=\"http:\/\/fr.motocrossmag.be\/wp-content\/uploads\/2013\/09\/bmx_4273.jpg\"><img decoding=\"async\" class=\"alignnone size-thumbnail wp-image-19381\" title=\"bmx_4273\" src=\"http:\/\/fr.motocrossmag.be\/wp-content\/uploads\/2013\/09\/bmx_4273-150x150.jpg\" alt=\"\" width=\"150\" height=\"150\" \/><\/a>\u00a0 <a rel=\"lightbox dia=1\" href=\"http:\/\/fr.motocrossmag.be\/wp-content\/uploads\/2013\/09\/bmx_4302.jpg\"><img decoding=\"async\" class=\"alignnone size-thumbnail wp-image-19400\" title=\"bmx_4302\" src=\"http:\/\/fr.motocrossmag.be\/wp-content\/uploads\/2013\/09\/bmx_4302-150x150.jpg\" alt=\"\" width=\"150\" height=\"150\" \/><\/a><br \/>\n<a rel=\"lightbox dia=1\" href=\"http:\/\/fr.motocrossmag.be\/wp-content\/uploads\/2013\/09\/bmx_4301.jpg\"><img decoding=\"async\" class=\"alignnone size-thumbnail wp-image-19399\" title=\"bmx_4301\" src=\"http:\/\/fr.motocrossmag.be\/wp-content\/uploads\/2013\/09\/bmx_4301-150x150.jpg\" alt=\"\" width=\"150\" height=\"150\" \/><\/a>\u00a0 <a rel=\"lightbox dia=1\" href=\"http:\/\/fr.motocrossmag.be\/wp-content\/uploads\/2013\/09\/bmx_4300.jpg\"><img decoding=\"async\" class=\"alignnone size-thumbnail wp-image-19398\" title=\"bmx_4300\" src=\"http:\/\/fr.motocrossmag.be\/wp-content\/uploads\/2013\/09\/bmx_4300-150x150.jpg\" alt=\"\" width=\"150\" height=\"150\" \/><\/a>\u00a0 <a rel=\"lightbox dia=1\" href=\"http:\/\/fr.motocrossmag.be\/wp-content\/uploads\/2013\/09\/bmx_42711.jpg\"><img decoding=\"async\" class=\"alignnone size-thumbnail wp-image-19397\" title=\"bmx_42711\" src=\"http:\/\/fr.motocrossmag.be\/wp-content\/uploads\/2013\/09\/bmx_42711-150x150.jpg\" alt=\"\" width=\"150\" height=\"150\" \/><\/a><br \/>\n<a rel=\"lightbox dia=1\" href=\"http:\/\/fr.motocrossmag.be\/wp-content\/uploads\/2013\/09\/bmx_4284.jpg\"><img decoding=\"async\" class=\"alignnone size-thumbnail wp-image-19380\" title=\"bmx_4284\" src=\"http:\/\/fr.motocrossmag.be\/wp-content\/uploads\/2013\/09\/bmx_4284-150x150.jpg\" alt=\"\" width=\"150\" height=\"150\" \/><\/a> <a rel=\"lightbox dia=1\" href=\"http:\/\/fr.motocrossmag.be\/wp-content\/uploads\/2013\/09\/bmx_4292.jpg\"><img decoding=\"async\" class=\"alignnone size-thumbnail wp-image-19379\" title=\"bmx_4292\" src=\"http:\/\/fr.motocrossmag.be\/wp-content\/uploads\/2013\/09\/bmx_4292-150x150.jpg\" alt=\"\" width=\"150\" height=\"150\" \/><\/a> <a rel=\"lightbox dia=1\" href=\"http:\/\/fr.motocrossmag.be\/wp-content\/uploads\/2013\/09\/bmx_4293.jpg\"><img decoding=\"async\" class=\"alignnone size-thumbnail wp-image-19378\" title=\"bmx_4293\" src=\"http:\/\/fr.motocrossmag.be\/wp-content\/uploads\/2013\/09\/bmx_4293-150x150.jpg\" alt=\"\" width=\"150\" height=\"150\" \/><\/a><\/p>\n","protected":false},"excerpt":{"rendered":"<p>Cette fois, c&rsquo;est parti ! Le Motocross des Nations 2013 a pris son envol cet apr\u00e8s-midi avec la traditionnelle pr\u00e9sentation des teams \u00e0\u00a0 la presse. Dans le paddock, la tension monte tout doucement du c\u00f4t\u00e9 des teams et des pilotes. De leurs c\u00f4t\u00e9s, les supporters arrivent par centaines et arborent d\u00e9j\u00e0\u00a0 dans les all\u00e9es de [&hellip;]<\/p>\n","protected":false},"author":932,"featured_media":0,"comment_status":"open","ping_status":"closed","sticky":false,"template":"","format":"standard","meta":{"tdm_status":"","tdm_grid_status":"","footnotes":""},"categories":[66,65],"tags":[],"class_list":["post-19396","post","type-post","status-publish","format-standard","category-photos","category-slideshow"],"yoast_head":"<!-- This site is optimized with the Yoast SEO plugin v28.4 - https:\/\/yoast.com\/product\/yoast-seo-wordpress\/ -->\n<title>Galerie photos | Photos: MXDN J-1 ! - Motocross - Enduro - Supermoto | MotocrossMag<\/title>\n<meta name=\"robots\" content=\"index, follow, max-snippet:-1, max-image-preview:large, max-video-preview:-1\" \/>\n<link rel=\"canonical\" href=\"https:\/\/fr.motocrossmag.be\/index.php\/2013\/09\/galerie-photos-photos-mxdn-j-1\/\" \/>\n<meta property=\"og:locale\" content=\"fr_FR\" \/>\n<meta property=\"og:type\" content=\"article\" \/>\n<meta property=\"og:title\" content=\"Galerie photos | Photos: MXDN J-1 ! - Motocross - Enduro - Supermoto | MotocrossMag\" \/>\n<meta property=\"og:description\" content=\"Cette fois, c&rsquo;est parti ! Le Motocross des Nations 2013 a pris son envol cet apr\u00e8s-midi avec la traditionnelle pr\u00e9sentation des teams \u00e0\u00a0 la presse. Dans le paddock, la tension monte tout doucement du c\u00f4t\u00e9 des teams et des pilotes. De leurs c\u00f4t\u00e9s, les supporters arrivent par centaines et arborent d\u00e9j\u00e0\u00a0 dans les all\u00e9es de [&hellip;]\" \/>\n<meta property=\"og:url\" content=\"https:\/\/fr.motocrossmag.be\/index.php\/2013\/09\/galerie-photos-photos-mxdn-j-1\/\" \/>\n<meta property=\"og:site_name\" content=\"Motocross - Enduro - Supermoto | MotocrossMag\" \/>\n<meta property=\"article:published_time\" content=\"2013-09-27T17:30:05+00:00\" \/>\n<meta property=\"article:modified_time\" content=\"2013-09-27T18:14:49+00:00\" \/>\n<meta property=\"og:image\" content=\"http:\/\/fr.motocrossmag.be\/wp-content\/uploads\/2013\/09\/bmx_4220-150x150.jpg\" \/>\n<meta name=\"author\" content=\"oliviere\" \/>\n<meta name=\"twitter:card\" content=\"summary_large_image\" \/>\n<meta name=\"twitter:label1\" content=\"\u00c9crit par\" \/>\n\t<meta name=\"twitter:data1\" content=\"oliviere\" \/>\n<script type=\"application\/ld+json\" class=\"yoast-schema-graph\">{\"@context\":\"https:\\\/\\\/schema.org\",\"@graph\":[{\"@type\":\"Article\",\"@id\":\"https:\\\/\\\/fr.motocrossmag.be\\\/index.php\\\/2013\\\/09\\\/galerie-photos-photos-mxdn-j-1\\\/#article\",\"isPartOf\":{\"@id\":\"https:\\\/\\\/fr.motocrossmag.be\\\/index.php\\\/2013\\\/09\\\/galerie-photos-photos-mxdn-j-1\\\/\"},\"author\":{\"name\":\"oliviere\",\"@id\":\"https:\\\/\\\/fr.motocrossmag.be\\\/#\\\/schema\\\/person\\\/11b47143d9f755babca2c9110e03235c\"},\"headline\":\"Galerie photos | Photos: MXDN J-1 !\",\"datePublished\":\"2013-09-27T17:30:05+00:00\",\"dateModified\":\"2013-09-27T18:14:49+00:00\",\"mainEntityOfPage\":{\"@id\":\"https:\\\/\\\/fr.motocrossmag.be\\\/index.php\\\/2013\\\/09\\\/galerie-photos-photos-mxdn-j-1\\\/\"},\"wordCount\":78,\"commentCount\":0,\"image\":{\"@id\":\"https:\\\/\\\/fr.motocrossmag.be\\\/index.php\\\/2013\\\/09\\\/galerie-photos-photos-mxdn-j-1\\\/#primaryimage\"},\"thumbnailUrl\":\"http:\\\/\\\/fr.motocrossmag.be\\\/wp-content\\\/uploads\\\/2013\\\/09\\\/bmx_4220-150x150.jpg\",\"articleSection\":[\"Photos\",\"Slideshow\"],\"inLanguage\":\"fr-FR\",\"potentialAction\":[{\"@type\":\"CommentAction\",\"name\":\"Comment\",\"target\":[\"https:\\\/\\\/fr.motocrossmag.be\\\/index.php\\\/2013\\\/09\\\/galerie-photos-photos-mxdn-j-1\\\/#respond\"]}]},{\"@type\":\"WebPage\",\"@id\":\"https:\\\/\\\/fr.motocrossmag.be\\\/index.php\\\/2013\\\/09\\\/galerie-photos-photos-mxdn-j-1\\\/\",\"url\":\"https:\\\/\\\/fr.motocrossmag.be\\\/index.php\\\/2013\\\/09\\\/galerie-photos-photos-mxdn-j-1\\\/\",\"name\":\"Galerie photos | Photos: MXDN J-1 ! - Motocross - Enduro - Supermoto | MotocrossMag\",\"isPartOf\":{\"@id\":\"https:\\\/\\\/fr.motocrossmag.be\\\/#website\"},\"primaryImageOfPage\":{\"@id\":\"https:\\\/\\\/fr.motocrossmag.be\\\/index.php\\\/2013\\\/09\\\/galerie-photos-photos-mxdn-j-1\\\/#primaryimage\"},\"image\":{\"@id\":\"https:\\\/\\\/fr.motocrossmag.be\\\/index.php\\\/2013\\\/09\\\/galerie-photos-photos-mxdn-j-1\\\/#primaryimage\"},\"thumbnailUrl\":\"http:\\\/\\\/fr.motocrossmag.be\\\/wp-content\\\/uploads\\\/2013\\\/09\\\/bmx_4220-150x150.jpg\",\"datePublished\":\"2013-09-27T17:30:05+00:00\",\"dateModified\":\"2013-09-27T18:14:49+00:00\",\"author\":{\"@id\":\"https:\\\/\\\/fr.motocrossmag.be\\\/#\\\/schema\\\/person\\\/11b47143d9f755babca2c9110e03235c\"},\"breadcrumb\":{\"@id\":\"https:\\\/\\\/fr.motocrossmag.be\\\/index.php\\\/2013\\\/09\\\/galerie-photos-photos-mxdn-j-1\\\/#breadcrumb\"},\"inLanguage\":\"fr-FR\",\"potentialAction\":[{\"@type\":\"ReadAction\",\"target\":[\"https:\\\/\\\/fr.motocrossmag.be\\\/index.php\\\/2013\\\/09\\\/galerie-photos-photos-mxdn-j-1\\\/\"]}]},{\"@type\":\"ImageObject\",\"inLanguage\":\"fr-FR\",\"@id\":\"https:\\\/\\\/fr.motocrossmag.be\\\/index.php\\\/2013\\\/09\\\/galerie-photos-photos-mxdn-j-1\\\/#primaryimage\",\"url\":\"https:\\\/\\\/fr.motocrossmag.be\\\/wp-content\\\/uploads\\\/2013\\\/09\\\/bmx_4220.jpg\",\"contentUrl\":\"https:\\\/\\\/fr.motocrossmag.be\\\/wp-content\\\/uploads\\\/2013\\\/09\\\/bmx_4220.jpg\",\"width\":900,\"height\":600},{\"@type\":\"BreadcrumbList\",\"@id\":\"https:\\\/\\\/fr.motocrossmag.be\\\/index.php\\\/2013\\\/09\\\/galerie-photos-photos-mxdn-j-1\\\/#breadcrumb\",\"itemListElement\":[{\"@type\":\"ListItem\",\"position\":1,\"name\":\"Accueil\",\"item\":\"https:\\\/\\\/fr.motocrossmag.be\\\/\"},{\"@type\":\"ListItem\",\"position\":2,\"name\":\"Galerie photos | Photos: MXDN J-1 !\"}]},{\"@type\":\"WebSite\",\"@id\":\"https:\\\/\\\/fr.motocrossmag.be\\\/#website\",\"url\":\"https:\\\/\\\/fr.motocrossmag.be\\\/\",\"name\":\"Motocross - Enduro - Supermoto | MotocrossMag\",\"description\":\"L&#039;actualit\u00e9 du motocross, de l&#039;enduro et du Supermoto en ligne!\",\"potentialAction\":[{\"@type\":\"SearchAction\",\"target\":{\"@type\":\"EntryPoint\",\"urlTemplate\":\"https:\\\/\\\/fr.motocrossmag.be\\\/?s={search_term_string}\"},\"query-input\":{\"@type\":\"PropertyValueSpecification\",\"valueRequired\":true,\"valueName\":\"search_term_string\"}}],\"inLanguage\":\"fr-FR\"},{\"@type\":\"Person\",\"@id\":\"https:\\\/\\\/fr.motocrossmag.be\\\/#\\\/schema\\\/person\\\/11b47143d9f755babca2c9110e03235c\",\"name\":\"oliviere\",\"image\":{\"@type\":\"ImageObject\",\"inLanguage\":\"fr-FR\",\"@id\":\"https:\\\/\\\/secure.gravatar.com\\\/avatar\\\/907069e0b81d119452040469e4a7501da1100f54f7f80180ce77bfab718288f6?s=96&d=mm&r=g\",\"url\":\"https:\\\/\\\/secure.gravatar.com\\\/avatar\\\/907069e0b81d119452040469e4a7501da1100f54f7f80180ce77bfab718288f6?s=96&d=mm&r=g\",\"contentUrl\":\"https:\\\/\\\/secure.gravatar.com\\\/avatar\\\/907069e0b81d119452040469e4a7501da1100f54f7f80180ce77bfab718288f6?s=96&d=mm&r=g\",\"caption\":\"oliviere\"},\"sameAs\":[\"http:\\\/\\\/www.motocrossmag.be\"],\"url\":\"https:\\\/\\\/fr.motocrossmag.be\\\/index.php\\\/author\\\/oliviere\\\/\"}]}<\/script>\n<!-- \/ Yoast SEO plugin. -->","yoast_head_json":{"title":"Galerie photos | Photos: MXDN J-1 ! - Motocross - Enduro - Supermoto | MotocrossMag","robots":{"index":"index","follow":"follow","max-snippet":"max-snippet:-1","max-image-preview":"max-image-preview:large","max-video-preview":"max-video-preview:-1"},"canonical":"https:\/\/fr.motocrossmag.be\/index.php\/2013\/09\/galerie-photos-photos-mxdn-j-1\/","og_locale":"fr_FR","og_type":"article","og_title":"Galerie photos | Photos: MXDN J-1 ! - Motocross - Enduro - Supermoto | MotocrossMag","og_description":"Cette fois, c&rsquo;est parti ! Le Motocross des Nations 2013 a pris son envol cet apr\u00e8s-midi avec la traditionnelle pr\u00e9sentation des teams \u00e0\u00a0 la presse. Dans le paddock, la tension monte tout doucement du c\u00f4t\u00e9 des teams et des pilotes. De leurs c\u00f4t\u00e9s, les supporters arrivent par centaines et arborent d\u00e9j\u00e0\u00a0 dans les all\u00e9es de [&hellip;]","og_url":"https:\/\/fr.motocrossmag.be\/index.php\/2013\/09\/galerie-photos-photos-mxdn-j-1\/","og_site_name":"Motocross - Enduro - Supermoto | MotocrossMag","article_published_time":"2013-09-27T17:30:05+00:00","article_modified_time":"2013-09-27T18:14:49+00:00","og_image":[{"url":"http:\/\/fr.motocrossmag.be\/wp-content\/uploads\/2013\/09\/bmx_4220-150x150.jpg","type":"","width":"","height":""}],"author":"oliviere","twitter_card":"summary_large_image","twitter_misc":{"\u00c9crit par":"oliviere"},"schema":{"@context":"https:\/\/schema.org","@graph":[{"@type":"Article","@id":"https:\/\/fr.motocrossmag.be\/index.php\/2013\/09\/galerie-photos-photos-mxdn-j-1\/#article","isPartOf":{"@id":"https:\/\/fr.motocrossmag.be\/index.php\/2013\/09\/galerie-photos-photos-mxdn-j-1\/"},"author":{"name":"oliviere","@id":"https:\/\/fr.motocrossmag.be\/#\/schema\/person\/11b47143d9f755babca2c9110e03235c"},"headline":"Galerie photos | Photos: MXDN J-1 !","datePublished":"2013-09-27T17:30:05+00:00","dateModified":"2013-09-27T18:14:49+00:00","mainEntityOfPage":{"@id":"https:\/\/fr.motocrossmag.be\/index.php\/2013\/09\/galerie-photos-photos-mxdn-j-1\/"},"wordCount":78,"commentCount":0,"image":{"@id":"https:\/\/fr.motocrossmag.be\/index.php\/2013\/09\/galerie-photos-photos-mxdn-j-1\/#primaryimage"},"thumbnailUrl":"http:\/\/fr.motocrossmag.be\/wp-content\/uploads\/2013\/09\/bmx_4220-150x150.jpg","articleSection":["Photos","Slideshow"],"inLanguage":"fr-FR","potentialAction":[{"@type":"CommentAction","name":"Comment","target":["https:\/\/fr.motocrossmag.be\/index.php\/2013\/09\/galerie-photos-photos-mxdn-j-1\/#respond"]}]},{"@type":"WebPage","@id":"https:\/\/fr.motocrossmag.be\/index.php\/2013\/09\/galerie-photos-photos-mxdn-j-1\/","url":"https:\/\/fr.motocrossmag.be\/index.php\/2013\/09\/galerie-photos-photos-mxdn-j-1\/","name":"Galerie photos | Photos: MXDN J-1 ! - Motocross - Enduro - Supermoto | MotocrossMag","isPartOf":{"@id":"https:\/\/fr.motocrossmag.be\/#website"},"primaryImageOfPage":{"@id":"https:\/\/fr.motocrossmag.be\/index.php\/2013\/09\/galerie-photos-photos-mxdn-j-1\/#primaryimage"},"image":{"@id":"https:\/\/fr.motocrossmag.be\/index.php\/2013\/09\/galerie-photos-photos-mxdn-j-1\/#primaryimage"},"thumbnailUrl":"http:\/\/fr.motocrossmag.be\/wp-content\/uploads\/2013\/09\/bmx_4220-150x150.jpg","datePublished":"2013-09-27T17:30:05+00:00","dateModified":"2013-09-27T18:14:49+00:00","author":{"@id":"https:\/\/fr.motocrossmag.be\/#\/schema\/person\/11b47143d9f755babca2c9110e03235c"},"breadcrumb":{"@id":"https:\/\/fr.motocrossmag.be\/index.php\/2013\/09\/galerie-photos-photos-mxdn-j-1\/#breadcrumb"},"inLanguage":"fr-FR","potentialAction":[{"@type":"ReadAction","target":["https:\/\/fr.motocrossmag.be\/index.php\/2013\/09\/galerie-photos-photos-mxdn-j-1\/"]}]},{"@type":"ImageObject","inLanguage":"fr-FR","@id":"https:\/\/fr.motocrossmag.be\/index.php\/2013\/09\/galerie-photos-photos-mxdn-j-1\/#primaryimage","url":"https:\/\/fr.motocrossmag.be\/wp-content\/uploads\/2013\/09\/bmx_4220.jpg","contentUrl":"https:\/\/fr.motocrossmag.be\/wp-content\/uploads\/2013\/09\/bmx_4220.jpg","width":900,"height":600},{"@type":"BreadcrumbList","@id":"https:\/\/fr.motocrossmag.be\/index.php\/2013\/09\/galerie-photos-photos-mxdn-j-1\/#breadcrumb","itemListElement":[{"@type":"ListItem","position":1,"name":"Accueil","item":"https:\/\/fr.motocrossmag.be\/"},{"@type":"ListItem","position":2,"name":"Galerie photos | Photos: MXDN J-1 !"}]},{"@type":"WebSite","@id":"https:\/\/fr.motocrossmag.be\/#website","url":"https:\/\/fr.motocrossmag.be\/","name":"Motocross - Enduro - Supermoto | MotocrossMag","description":"L&#039;actualit\u00e9 du motocross, de l&#039;enduro et du Supermoto en ligne!","potentialAction":[{"@type":"SearchAction","target":{"@type":"EntryPoint","urlTemplate":"https:\/\/fr.motocrossmag.be\/?s={search_term_string}"},"query-input":{"@type":"PropertyValueSpecification","valueRequired":true,"valueName":"search_term_string"}}],"inLanguage":"fr-FR"},{"@type":"Person","@id":"https:\/\/fr.motocrossmag.be\/#\/schema\/person\/11b47143d9f755babca2c9110e03235c","name":"oliviere","image":{"@type":"ImageObject","inLanguage":"fr-FR","@id":"https:\/\/secure.gravatar.com\/avatar\/907069e0b81d119452040469e4a7501da1100f54f7f80180ce77bfab718288f6?s=96&d=mm&r=g","url":"https:\/\/secure.gravatar.com\/avatar\/907069e0b81d119452040469e4a7501da1100f54f7f80180ce77bfab718288f6?s=96&d=mm&r=g","contentUrl":"https:\/\/secure.gravatar.com\/avatar\/907069e0b81d119452040469e4a7501da1100f54f7f80180ce77bfab718288f6?s=96&d=mm&r=g","caption":"oliviere"},"sameAs":["http:\/\/www.motocrossmag.be"],"url":"https:\/\/fr.motocrossmag.be\/index.php\/author\/oliviere\/"}]}},"_links":{"self":[{"href":"https:\/\/fr.motocrossmag.be\/index.php\/wp-json\/wp\/v2\/posts\/19396","targetHints":{"allow":["GET"]}}],"collection":[{"href":"https:\/\/fr.motocrossmag.be\/index.php\/wp-json\/wp\/v2\/posts"}],"about":[{"href":"https:\/\/fr.motocrossmag.be\/index.php\/wp-json\/wp\/v2\/types\/post"}],"author":[{"embeddable":true,"href":"https:\/\/fr.motocrossmag.be\/index.php\/wp-json\/wp\/v2\/users\/932"}],"replies":[{"embeddable":true,"href":"https:\/\/fr.motocrossmag.be\/index.php\/wp-json\/wp\/v2\/comments?post=19396"}],"version-history":[{"count":0,"href":"https:\/\/fr.motocrossmag.be\/index.php\/wp-json\/wp\/v2\/posts\/19396\/revisions"}],"wp:attachment":[{"href":"https:\/\/fr.motocrossmag.be\/index.php\/wp-json\/wp\/v2\/media?parent=19396"}],"wp:term":[{"taxonomy":"category","embeddable":true,"href":"https:\/\/fr.motocrossmag.be\/index.php\/wp-json\/wp\/v2\/categories?post=19396"},{"taxonomy":"post_tag","embeddable":true,"href":"https:\/\/fr.motocrossmag.be\/index.php\/wp-json\/wp\/v2\/tags?post=19396"}],"curies":[{"name":"wp","href":"https:\/\/api.w.org\/{rel}","templated":true}]}}