{"id":19483,"date":"2013-09-29T18:27:10","date_gmt":"2013-09-29T17:27:10","guid":{"rendered":"http:\/\/fr.motocrossmag.be\/?p=19483"},"modified":"2013-09-29T18:27:10","modified_gmt":"2013-09-29T17:27:10","slug":"galerie-photos-photos-le-motocross-des-nations-2013","status":"publish","type":"post","link":"https:\/\/fr.motocrossmag.be\/index.php\/2013\/09\/galerie-photos-photos-le-motocross-des-nations-2013\/","title":{"rendered":"Galerie photos | Photos: le Motocross des Nations 2013"},"content":{"rendered":"<p>Retour en images sur la 67\u00e8me \u00e9dition du Motocross des Nations. Une \u00e9preuve qui cl\u00f4ture la saison 2013 sous forme d&rsquo;apoth\u00e9ose pour les supporters belges puisque, au terme d&rsquo;un week-end tout simplement grandiose, ce sont nos compatriotes qui repartent de Teutschenthal avec le fameux Troph\u00e9e Chamberlain. Une victoire que les fans belges attendaient depuis 2004 et notre derni\u00e8re victoire\u00a0au MXDN\u00a0\u00e0\u00a0 Lierop.<\/p>\n<p>Photos: Yannick Bernard<\/p><div class=\"dgmar6a9765b798e96\" ><!-- \/91277017\/Inline-articles-mobile -->\n<div style=\"margin:auto; text-align:center !important\">\n<div id='div-gpt-ad-1784982661365-0' style='min-width: 250px; min-height: 75px;'>\n  <script>\n    googletag.cmd.push(function() { googletag.display('div-gpt-ad-1784982661365-0'); });\n  <\/script>\n<\/div><\/div><\/div><style type=\"text\/css\">\r\n.dgmar6a9765b798e96 {\r\nmargin-bottom:30px;margin-top:20px\r\n}\r\n@media screen and (min-width: 1201px) {\r\n.dgmar6a9765b798e96 {\r\ndisplay: block;\r\n}\r\n}\r\n@media screen and (min-width: 993px) and (max-width: 1200px) {\r\n.dgmar6a9765b798e96 {\r\ndisplay: block;\r\n}\r\n}\r\n@media screen and (min-width: 769px) and (max-width: 992px) {\r\n.dgmar6a9765b798e96 {\r\ndisplay: block;\r\n}\r\n}\r\n@media screen and (min-width: 768px) and (max-width: 768px) {\r\n.dgmar6a9765b798e96 {\r\ndisplay: block;\r\n}\r\n}\r\n@media screen and (max-width: 767px) {\r\n.dgmar6a9765b798e96 {\r\ndisplay: block;\r\n}\r\n}\r\n<\/style>\r\n\n<p><a rel=\"lightbox dia=1\" href=\"http:\/\/fr.motocrossmag.be\/wp-content\/uploads\/2013\/09\/img_2616.jpg\"><img decoding=\"async\" class=\"alignnone size-thumbnail wp-image-19508\" title=\"img_2616\" src=\"http:\/\/fr.motocrossmag.be\/wp-content\/uploads\/2013\/09\/img_2616-150x150.jpg\" alt=\"\" width=\"150\" height=\"150\" \/><\/a>\u00a0\u00a0 <a rel=\"lightbox dia=1\" href=\"http:\/\/fr.motocrossmag.be\/wp-content\/uploads\/2013\/09\/img_2645.jpg\"><img decoding=\"async\" class=\"alignnone size-thumbnail wp-image-19507\" title=\"img_2645\" src=\"http:\/\/fr.motocrossmag.be\/wp-content\/uploads\/2013\/09\/img_2645-150x150.jpg\" alt=\"\" width=\"150\" height=\"150\" \/><\/a>\u00a0\u00a0 <a rel=\"lightbox dia=1\" href=\"http:\/\/fr.motocrossmag.be\/wp-content\/uploads\/2013\/09\/img_2734.jpg\"><img decoding=\"async\" class=\"alignnone size-thumbnail wp-image-19506\" title=\"img_2734\" src=\"http:\/\/fr.motocrossmag.be\/wp-content\/uploads\/2013\/09\/img_2734-150x150.jpg\" alt=\"\" width=\"150\" height=\"150\" \/><\/a><br \/>\n<a rel=\"lightbox dia=1\" href=\"http:\/\/fr.motocrossmag.be\/wp-content\/uploads\/2013\/09\/img_2758.jpg\"><img decoding=\"async\" class=\"alignnone size-thumbnail wp-image-19505\" title=\"img_2758\" src=\"http:\/\/fr.motocrossmag.be\/wp-content\/uploads\/2013\/09\/img_2758-150x150.jpg\" alt=\"\" width=\"150\" height=\"150\" \/><\/a>\u00a0\u00a0 <a rel=\"lightbox dia=1\" href=\"http:\/\/fr.motocrossmag.be\/wp-content\/uploads\/2013\/09\/img_2813.jpg\"><img decoding=\"async\" class=\"alignnone size-thumbnail wp-image-19504\" title=\"img_2813\" src=\"http:\/\/fr.motocrossmag.be\/wp-content\/uploads\/2013\/09\/img_2813-150x150.jpg\" alt=\"\" width=\"150\" height=\"150\" \/><\/a>\u00a0\u00a0 <a rel=\"lightbox dia=1\" href=\"http:\/\/fr.motocrossmag.be\/wp-content\/uploads\/2013\/09\/img_2835.jpg\"><img decoding=\"async\" class=\"alignnone size-thumbnail wp-image-19503\" title=\"img_2835\" src=\"http:\/\/fr.motocrossmag.be\/wp-content\/uploads\/2013\/09\/img_2835-150x150.jpg\" alt=\"\" width=\"150\" height=\"150\" \/><\/a><br \/>\n<a rel=\"lightbox dia=1\" href=\"http:\/\/fr.motocrossmag.be\/wp-content\/uploads\/2013\/09\/img_2943.jpg\"><img decoding=\"async\" class=\"alignnone size-thumbnail wp-image-19502\" title=\"img_2943\" src=\"http:\/\/fr.motocrossmag.be\/wp-content\/uploads\/2013\/09\/img_2943-150x150.jpg\" alt=\"\" width=\"150\" height=\"150\" \/><\/a>\u00a0\u00a0 <a rel=\"lightbox dia=1\" href=\"http:\/\/fr.motocrossmag.be\/wp-content\/uploads\/2013\/09\/img_2978.jpg\"><img decoding=\"async\" class=\"alignnone size-thumbnail wp-image-19501\" title=\"img_2978\" src=\"http:\/\/fr.motocrossmag.be\/wp-content\/uploads\/2013\/09\/img_2978-150x150.jpg\" alt=\"\" width=\"150\" height=\"150\" \/><\/a>\u00a0\u00a0 <a rel=\"lightbox dia=1\" href=\"http:\/\/fr.motocrossmag.be\/wp-content\/uploads\/2013\/09\/img_3006.jpg\"><img decoding=\"async\" class=\"alignnone size-thumbnail wp-image-19500\" title=\"img_3006\" src=\"http:\/\/fr.motocrossmag.be\/wp-content\/uploads\/2013\/09\/img_3006-150x150.jpg\" alt=\"\" width=\"150\" height=\"150\" \/><\/a><br \/>\n<a rel=\"lightbox dia=1\" href=\"http:\/\/fr.motocrossmag.be\/wp-content\/uploads\/2013\/09\/img_3007.jpg\"><img decoding=\"async\" class=\"alignnone size-thumbnail wp-image-19499\" title=\"img_3007\" src=\"http:\/\/fr.motocrossmag.be\/wp-content\/uploads\/2013\/09\/img_3007-150x150.jpg\" alt=\"\" width=\"150\" height=\"150\" \/><\/a>\u00a0\u00a0 <a rel=\"lightbox dia=1\" href=\"http:\/\/fr.motocrossmag.be\/wp-content\/uploads\/2013\/09\/img_3008.jpg\"><img decoding=\"async\" class=\"alignnone size-thumbnail wp-image-19498\" title=\"img_3008\" src=\"http:\/\/fr.motocrossmag.be\/wp-content\/uploads\/2013\/09\/img_3008-150x150.jpg\" alt=\"\" width=\"150\" height=\"150\" \/><\/a>\u00a0\u00a0 <a rel=\"lightbox dia=1\" href=\"http:\/\/fr.motocrossmag.be\/wp-content\/uploads\/2013\/09\/img_3025.jpg\"><img decoding=\"async\" class=\"alignnone size-thumbnail wp-image-19497\" title=\"img_3025\" src=\"http:\/\/fr.motocrossmag.be\/wp-content\/uploads\/2013\/09\/img_3025-150x150.jpg\" alt=\"\" width=\"150\" height=\"150\" \/><\/a><br \/>\n<a rel=\"lightbox dia=1\" href=\"http:\/\/fr.motocrossmag.be\/wp-content\/uploads\/2013\/09\/img_3042.jpg\"><img decoding=\"async\" class=\"alignnone size-thumbnail wp-image-19496\" title=\"img_3042\" src=\"http:\/\/fr.motocrossmag.be\/wp-content\/uploads\/2013\/09\/img_3042-150x150.jpg\" alt=\"\" width=\"150\" height=\"150\" \/><\/a>\u00a0\u00a0 <a rel=\"lightbox dia=1\" href=\"http:\/\/fr.motocrossmag.be\/wp-content\/uploads\/2013\/09\/img_3062.jpg\"><img decoding=\"async\" class=\"alignnone size-thumbnail wp-image-19495\" title=\"img_3062\" src=\"http:\/\/fr.motocrossmag.be\/wp-content\/uploads\/2013\/09\/img_3062-150x150.jpg\" alt=\"\" width=\"150\" height=\"150\" \/><\/a>\u00a0\u00a0 <a rel=\"lightbox dia=1\" href=\"http:\/\/fr.motocrossmag.be\/wp-content\/uploads\/2013\/09\/img_3063.jpg\"><img decoding=\"async\" class=\"alignnone size-thumbnail wp-image-19494\" title=\"img_3063\" src=\"http:\/\/fr.motocrossmag.be\/wp-content\/uploads\/2013\/09\/img_3063-150x150.jpg\" alt=\"\" width=\"150\" height=\"150\" \/><\/a><br \/>\n<a rel=\"lightbox dia=1\" href=\"http:\/\/fr.motocrossmag.be\/wp-content\/uploads\/2013\/09\/img_3093.jpg\"><img decoding=\"async\" class=\"alignnone size-thumbnail wp-image-19493\" title=\"img_3093\" src=\"http:\/\/fr.motocrossmag.be\/wp-content\/uploads\/2013\/09\/img_3093-150x150.jpg\" alt=\"\" width=\"150\" height=\"150\" \/><\/a>\u00a0\u00a0 <a rel=\"lightbox dia=1\" href=\"http:\/\/fr.motocrossmag.be\/wp-content\/uploads\/2013\/09\/img_3110.jpg\"><img decoding=\"async\" class=\"alignnone size-thumbnail wp-image-19492\" title=\"img_3110\" src=\"http:\/\/fr.motocrossmag.be\/wp-content\/uploads\/2013\/09\/img_3110-150x150.jpg\" alt=\"\" width=\"150\" height=\"150\" \/><\/a>\u00a0\u00a0 <a rel=\"lightbox dia=1\" href=\"http:\/\/fr.motocrossmag.be\/wp-content\/uploads\/2013\/09\/img_3111.jpg\"><img decoding=\"async\" class=\"alignnone size-thumbnail wp-image-19491\" title=\"img_3111\" src=\"http:\/\/fr.motocrossmag.be\/wp-content\/uploads\/2013\/09\/img_3111-150x150.jpg\" alt=\"\" width=\"150\" height=\"150\" \/><\/a><br \/>\n<a rel=\"lightbox dia=1\" href=\"http:\/\/fr.motocrossmag.be\/wp-content\/uploads\/2013\/09\/img_3145.jpg\"><img decoding=\"async\" class=\"alignnone size-thumbnail wp-image-19490\" title=\"img_3145\" src=\"http:\/\/fr.motocrossmag.be\/wp-content\/uploads\/2013\/09\/img_3145-150x150.jpg\" alt=\"\" width=\"150\" height=\"150\" \/><\/a>\u00a0\u00a0 <a rel=\"lightbox dia=1\" href=\"http:\/\/fr.motocrossmag.be\/wp-content\/uploads\/2013\/09\/img_3153.jpg\"><img decoding=\"async\" class=\"alignnone size-thumbnail wp-image-19489\" title=\"img_3153\" src=\"http:\/\/fr.motocrossmag.be\/wp-content\/uploads\/2013\/09\/img_3153-150x150.jpg\" alt=\"\" width=\"150\" height=\"150\" \/><\/a>\u00a0\u00a0 <a rel=\"lightbox dia=1\" href=\"http:\/\/fr.motocrossmag.be\/wp-content\/uploads\/2013\/09\/img_3162.jpg\"><img decoding=\"async\" class=\"alignnone size-thumbnail wp-image-19488\" title=\"img_3162\" src=\"http:\/\/fr.motocrossmag.be\/wp-content\/uploads\/2013\/09\/img_3162-150x150.jpg\" alt=\"\" width=\"150\" height=\"150\" \/><\/a><br \/>\n<a rel=\"lightbox dia=1\" href=\"http:\/\/fr.motocrossmag.be\/wp-content\/uploads\/2013\/09\/img_3201.jpg\"><img decoding=\"async\" class=\"alignnone size-thumbnail wp-image-19487\" title=\"img_3201\" src=\"http:\/\/fr.motocrossmag.be\/wp-content\/uploads\/2013\/09\/img_3201-150x150.jpg\" alt=\"\" width=\"150\" height=\"150\" \/><\/a>\u00a0\u00a0 <a rel=\"lightbox dia=1\" href=\"http:\/\/fr.motocrossmag.be\/wp-content\/uploads\/2013\/09\/img_3263.jpg\"><img decoding=\"async\" class=\"alignnone size-thumbnail wp-image-19486\" title=\"img_3263\" src=\"http:\/\/fr.motocrossmag.be\/wp-content\/uploads\/2013\/09\/img_3263-150x150.jpg\" alt=\"\" width=\"150\" height=\"150\" \/><\/a>\u00a0\u00a0 <a rel=\"lightbox dia=1\" href=\"http:\/\/fr.motocrossmag.be\/wp-content\/uploads\/2013\/09\/img_3273.jpg\"><img decoding=\"async\" class=\"alignnone size-thumbnail wp-image-19485\" title=\"img_3273\" src=\"http:\/\/fr.motocrossmag.be\/wp-content\/uploads\/2013\/09\/img_3273-150x150.jpg\" alt=\"\" width=\"150\" height=\"150\" \/><\/a><br \/>\n<a rel=\"lightbox dia=1\" href=\"http:\/\/fr.motocrossmag.be\/wp-content\/uploads\/2013\/09\/img_3274.jpg\"><img decoding=\"async\" class=\"alignnone size-thumbnail wp-image-19484\" title=\"img_3274\" src=\"http:\/\/fr.motocrossmag.be\/wp-content\/uploads\/2013\/09\/img_3274-150x150.jpg\" alt=\"\" width=\"150\" height=\"150\" \/><\/a>\u00a0\u00a0 <a rel=\"lightbox dia=1\" href=\"http:\/\/fr.motocrossmag.be\/wp-content\/uploads\/2013\/09\/img_3331.jpg\"><img decoding=\"async\" class=\"alignnone size-thumbnail wp-image-19482\" title=\"img_3331\" src=\"http:\/\/fr.motocrossmag.be\/wp-content\/uploads\/2013\/09\/img_3331-150x150.jpg\" alt=\"\" width=\"150\" height=\"150\" \/><\/a>\u00a0\u00a0 <a rel=\"lightbox dia=1\" href=\"http:\/\/fr.motocrossmag.be\/wp-content\/uploads\/2013\/09\/img_3357.jpg\"><img decoding=\"async\" class=\"alignnone size-thumbnail wp-image-19481\" title=\"img_3357\" src=\"http:\/\/fr.motocrossmag.be\/wp-content\/uploads\/2013\/09\/img_3357-150x150.jpg\" alt=\"\" width=\"150\" height=\"150\" \/><\/a><br \/>\n<a rel=\"lightbox dia=1\" href=\"http:\/\/fr.motocrossmag.be\/wp-content\/uploads\/2013\/09\/img_3360.jpg\"><img decoding=\"async\" class=\"alignnone size-thumbnail wp-image-19480\" title=\"img_3360\" src=\"http:\/\/fr.motocrossmag.be\/wp-content\/uploads\/2013\/09\/img_3360-150x150.jpg\" alt=\"\" width=\"150\" height=\"150\" \/><\/a>\u00a0\u00a0 <a rel=\"lightbox dia=1\" href=\"http:\/\/fr.motocrossmag.be\/wp-content\/uploads\/2013\/09\/img_3369.jpg\"><img decoding=\"async\" class=\"alignnone size-thumbnail wp-image-19479\" title=\"img_3369\" src=\"http:\/\/fr.motocrossmag.be\/wp-content\/uploads\/2013\/09\/img_3369-150x150.jpg\" alt=\"\" width=\"150\" height=\"150\" \/><\/a>\u00a0\u00a0 <a rel=\"lightbox dia=1\" href=\"http:\/\/fr.motocrossmag.be\/wp-content\/uploads\/2013\/09\/img_3521.jpg\"><img decoding=\"async\" class=\"alignnone size-thumbnail wp-image-19478\" title=\"img_3521\" src=\"http:\/\/fr.motocrossmag.be\/wp-content\/uploads\/2013\/09\/img_3521-150x150.jpg\" alt=\"\" width=\"150\" height=\"150\" \/><\/a><br \/>\n<a rel=\"lightbox dia=1\" href=\"http:\/\/fr.motocrossmag.be\/wp-content\/uploads\/2013\/09\/img_3561.jpg\"><img decoding=\"async\" class=\"alignnone size-thumbnail wp-image-19476\" title=\"img_3561\" src=\"http:\/\/fr.motocrossmag.be\/wp-content\/uploads\/2013\/09\/img_3561-150x150.jpg\" alt=\"\" width=\"150\" height=\"150\" \/><\/a>\u00a0\u00a0 <a rel=\"lightbox dia=1\" href=\"http:\/\/fr.motocrossmag.be\/wp-content\/uploads\/2013\/09\/img_3575.jpg\"><img decoding=\"async\" class=\"alignnone size-thumbnail wp-image-19475\" title=\"img_3575\" src=\"http:\/\/fr.motocrossmag.be\/wp-content\/uploads\/2013\/09\/img_3575-150x150.jpg\" alt=\"\" width=\"150\" height=\"150\" \/><\/a>\u00a0\u00a0 <a rel=\"lightbox dia=1\" href=\"http:\/\/fr.motocrossmag.be\/wp-content\/uploads\/2013\/09\/img_3642.jpg\"><img decoding=\"async\" class=\"alignnone size-thumbnail wp-image-19474\" title=\"img_3642\" src=\"http:\/\/fr.motocrossmag.be\/wp-content\/uploads\/2013\/09\/img_3642-150x150.jpg\" alt=\"\" width=\"150\" height=\"150\" \/><\/a><\/p>\n","protected":false},"excerpt":{"rendered":"<p>Retour en images sur la 67\u00e8me \u00e9dition du Motocross des Nations. Une \u00e9preuve qui cl\u00f4ture la saison 2013 sous forme d&rsquo;apoth\u00e9ose pour les supporters belges puisque, au terme d&rsquo;un week-end tout simplement grandiose, ce sont nos compatriotes qui repartent de Teutschenthal avec le fameux Troph\u00e9e Chamberlain. Une victoire que les fans belges attendaient depuis 2004 [&hellip;]<\/p>\n","protected":false},"author":932,"featured_media":0,"comment_status":"open","ping_status":"closed","sticky":false,"template":"","format":"standard","meta":{"tdm_status":"","tdm_grid_status":"","footnotes":""},"categories":[66],"tags":[],"class_list":["post-19483","post","type-post","status-publish","format-standard","category-photos"],"yoast_head":"<!-- This site is optimized with the Yoast SEO plugin v28.4 - https:\/\/yoast.com\/product\/yoast-seo-wordpress\/ -->\n<title>Galerie photos | Photos: le Motocross des Nations 2013 - Motocross - Enduro - Supermoto | MotocrossMag<\/title>\n<meta name=\"robots\" content=\"index, follow, max-snippet:-1, max-image-preview:large, max-video-preview:-1\" \/>\n<link rel=\"canonical\" href=\"https:\/\/fr.motocrossmag.be\/index.php\/2013\/09\/galerie-photos-photos-le-motocross-des-nations-2013\/\" \/>\n<meta property=\"og:locale\" content=\"fr_FR\" \/>\n<meta property=\"og:type\" content=\"article\" \/>\n<meta property=\"og:title\" content=\"Galerie photos | Photos: le Motocross des Nations 2013 - Motocross - Enduro - Supermoto | MotocrossMag\" \/>\n<meta property=\"og:description\" content=\"Retour en images sur la 67\u00e8me \u00e9dition du Motocross des Nations. Une \u00e9preuve qui cl\u00f4ture la saison 2013 sous forme d&rsquo;apoth\u00e9ose pour les supporters belges puisque, au terme d&rsquo;un week-end tout simplement grandiose, ce sont nos compatriotes qui repartent de Teutschenthal avec le fameux Troph\u00e9e Chamberlain. Une victoire que les fans belges attendaient depuis 2004 [&hellip;]\" \/>\n<meta property=\"og:url\" content=\"https:\/\/fr.motocrossmag.be\/index.php\/2013\/09\/galerie-photos-photos-le-motocross-des-nations-2013\/\" \/>\n<meta property=\"og:site_name\" content=\"Motocross - Enduro - Supermoto | MotocrossMag\" \/>\n<meta property=\"article:published_time\" content=\"2013-09-29T17:27:10+00:00\" \/>\n<meta property=\"og:image\" content=\"http:\/\/fr.motocrossmag.be\/wp-content\/uploads\/2013\/09\/img_2616-150x150.jpg\" \/>\n<meta name=\"author\" content=\"oliviere\" \/>\n<meta name=\"twitter:card\" content=\"summary_large_image\" \/>\n<meta name=\"twitter:label1\" content=\"\u00c9crit par\" \/>\n\t<meta name=\"twitter:data1\" content=\"oliviere\" \/>\n<script type=\"application\/ld+json\" class=\"yoast-schema-graph\">{\"@context\":\"https:\\\/\\\/schema.org\",\"@graph\":[{\"@type\":\"Article\",\"@id\":\"https:\\\/\\\/fr.motocrossmag.be\\\/index.php\\\/2013\\\/09\\\/galerie-photos-photos-le-motocross-des-nations-2013\\\/#article\",\"isPartOf\":{\"@id\":\"https:\\\/\\\/fr.motocrossmag.be\\\/index.php\\\/2013\\\/09\\\/galerie-photos-photos-le-motocross-des-nations-2013\\\/\"},\"author\":{\"name\":\"oliviere\",\"@id\":\"https:\\\/\\\/fr.motocrossmag.be\\\/#\\\/schema\\\/person\\\/11b47143d9f755babca2c9110e03235c\"},\"headline\":\"Galerie photos | Photos: le Motocross des Nations 2013\",\"datePublished\":\"2013-09-29T17:27:10+00:00\",\"mainEntityOfPage\":{\"@id\":\"https:\\\/\\\/fr.motocrossmag.be\\\/index.php\\\/2013\\\/09\\\/galerie-photos-photos-le-motocross-des-nations-2013\\\/\"},\"wordCount\":76,\"commentCount\":0,\"image\":{\"@id\":\"https:\\\/\\\/fr.motocrossmag.be\\\/index.php\\\/2013\\\/09\\\/galerie-photos-photos-le-motocross-des-nations-2013\\\/#primaryimage\"},\"thumbnailUrl\":\"http:\\\/\\\/fr.motocrossmag.be\\\/wp-content\\\/uploads\\\/2013\\\/09\\\/img_2616-150x150.jpg\",\"articleSection\":[\"Photos\"],\"inLanguage\":\"fr-FR\",\"potentialAction\":[{\"@type\":\"CommentAction\",\"name\":\"Comment\",\"target\":[\"https:\\\/\\\/fr.motocrossmag.be\\\/index.php\\\/2013\\\/09\\\/galerie-photos-photos-le-motocross-des-nations-2013\\\/#respond\"]}]},{\"@type\":\"WebPage\",\"@id\":\"https:\\\/\\\/fr.motocrossmag.be\\\/index.php\\\/2013\\\/09\\\/galerie-photos-photos-le-motocross-des-nations-2013\\\/\",\"url\":\"https:\\\/\\\/fr.motocrossmag.be\\\/index.php\\\/2013\\\/09\\\/galerie-photos-photos-le-motocross-des-nations-2013\\\/\",\"name\":\"Galerie photos | Photos: le Motocross des Nations 2013 - Motocross - Enduro - Supermoto | MotocrossMag\",\"isPartOf\":{\"@id\":\"https:\\\/\\\/fr.motocrossmag.be\\\/#website\"},\"primaryImageOfPage\":{\"@id\":\"https:\\\/\\\/fr.motocrossmag.be\\\/index.php\\\/2013\\\/09\\\/galerie-photos-photos-le-motocross-des-nations-2013\\\/#primaryimage\"},\"image\":{\"@id\":\"https:\\\/\\\/fr.motocrossmag.be\\\/index.php\\\/2013\\\/09\\\/galerie-photos-photos-le-motocross-des-nations-2013\\\/#primaryimage\"},\"thumbnailUrl\":\"http:\\\/\\\/fr.motocrossmag.be\\\/wp-content\\\/uploads\\\/2013\\\/09\\\/img_2616-150x150.jpg\",\"datePublished\":\"2013-09-29T17:27:10+00:00\",\"author\":{\"@id\":\"https:\\\/\\\/fr.motocrossmag.be\\\/#\\\/schema\\\/person\\\/11b47143d9f755babca2c9110e03235c\"},\"breadcrumb\":{\"@id\":\"https:\\\/\\\/fr.motocrossmag.be\\\/index.php\\\/2013\\\/09\\\/galerie-photos-photos-le-motocross-des-nations-2013\\\/#breadcrumb\"},\"inLanguage\":\"fr-FR\",\"potentialAction\":[{\"@type\":\"ReadAction\",\"target\":[\"https:\\\/\\\/fr.motocrossmag.be\\\/index.php\\\/2013\\\/09\\\/galerie-photos-photos-le-motocross-des-nations-2013\\\/\"]}]},{\"@type\":\"ImageObject\",\"inLanguage\":\"fr-FR\",\"@id\":\"https:\\\/\\\/fr.motocrossmag.be\\\/index.php\\\/2013\\\/09\\\/galerie-photos-photos-le-motocross-des-nations-2013\\\/#primaryimage\",\"url\":\"https:\\\/\\\/fr.motocrossmag.be\\\/wp-content\\\/uploads\\\/2013\\\/09\\\/img_2616.jpg\",\"contentUrl\":\"https:\\\/\\\/fr.motocrossmag.be\\\/wp-content\\\/uploads\\\/2013\\\/09\\\/img_2616.jpg\",\"width\":900,\"height\":600},{\"@type\":\"BreadcrumbList\",\"@id\":\"https:\\\/\\\/fr.motocrossmag.be\\\/index.php\\\/2013\\\/09\\\/galerie-photos-photos-le-motocross-des-nations-2013\\\/#breadcrumb\",\"itemListElement\":[{\"@type\":\"ListItem\",\"position\":1,\"name\":\"Accueil\",\"item\":\"https:\\\/\\\/fr.motocrossmag.be\\\/\"},{\"@type\":\"ListItem\",\"position\":2,\"name\":\"Galerie photos | Photos: le Motocross des Nations 2013\"}]},{\"@type\":\"WebSite\",\"@id\":\"https:\\\/\\\/fr.motocrossmag.be\\\/#website\",\"url\":\"https:\\\/\\\/fr.motocrossmag.be\\\/\",\"name\":\"Motocross - Enduro - Supermoto | MotocrossMag\",\"description\":\"L&#039;actualit\u00e9 du motocross, de l&#039;enduro et du Supermoto en ligne!\",\"potentialAction\":[{\"@type\":\"SearchAction\",\"target\":{\"@type\":\"EntryPoint\",\"urlTemplate\":\"https:\\\/\\\/fr.motocrossmag.be\\\/?s={search_term_string}\"},\"query-input\":{\"@type\":\"PropertyValueSpecification\",\"valueRequired\":true,\"valueName\":\"search_term_string\"}}],\"inLanguage\":\"fr-FR\"},{\"@type\":\"Person\",\"@id\":\"https:\\\/\\\/fr.motocrossmag.be\\\/#\\\/schema\\\/person\\\/11b47143d9f755babca2c9110e03235c\",\"name\":\"oliviere\",\"image\":{\"@type\":\"ImageObject\",\"inLanguage\":\"fr-FR\",\"@id\":\"https:\\\/\\\/secure.gravatar.com\\\/avatar\\\/907069e0b81d119452040469e4a7501da1100f54f7f80180ce77bfab718288f6?s=96&d=mm&r=g\",\"url\":\"https:\\\/\\\/secure.gravatar.com\\\/avatar\\\/907069e0b81d119452040469e4a7501da1100f54f7f80180ce77bfab718288f6?s=96&d=mm&r=g\",\"contentUrl\":\"https:\\\/\\\/secure.gravatar.com\\\/avatar\\\/907069e0b81d119452040469e4a7501da1100f54f7f80180ce77bfab718288f6?s=96&d=mm&r=g\",\"caption\":\"oliviere\"},\"sameAs\":[\"http:\\\/\\\/www.motocrossmag.be\"],\"url\":\"https:\\\/\\\/fr.motocrossmag.be\\\/index.php\\\/author\\\/oliviere\\\/\"}]}<\/script>\n<!-- \/ Yoast SEO plugin. -->","yoast_head_json":{"title":"Galerie photos | Photos: le Motocross des Nations 2013 - Motocross - Enduro - Supermoto | MotocrossMag","robots":{"index":"index","follow":"follow","max-snippet":"max-snippet:-1","max-image-preview":"max-image-preview:large","max-video-preview":"max-video-preview:-1"},"canonical":"https:\/\/fr.motocrossmag.be\/index.php\/2013\/09\/galerie-photos-photos-le-motocross-des-nations-2013\/","og_locale":"fr_FR","og_type":"article","og_title":"Galerie photos | Photos: le Motocross des Nations 2013 - Motocross - Enduro - Supermoto | MotocrossMag","og_description":"Retour en images sur la 67\u00e8me \u00e9dition du Motocross des Nations. Une \u00e9preuve qui cl\u00f4ture la saison 2013 sous forme d&rsquo;apoth\u00e9ose pour les supporters belges puisque, au terme d&rsquo;un week-end tout simplement grandiose, ce sont nos compatriotes qui repartent de Teutschenthal avec le fameux Troph\u00e9e Chamberlain. Une victoire que les fans belges attendaient depuis 2004 [&hellip;]","og_url":"https:\/\/fr.motocrossmag.be\/index.php\/2013\/09\/galerie-photos-photos-le-motocross-des-nations-2013\/","og_site_name":"Motocross - Enduro - Supermoto | MotocrossMag","article_published_time":"2013-09-29T17:27:10+00:00","og_image":[{"url":"http:\/\/fr.motocrossmag.be\/wp-content\/uploads\/2013\/09\/img_2616-150x150.jpg","type":"","width":"","height":""}],"author":"oliviere","twitter_card":"summary_large_image","twitter_misc":{"\u00c9crit par":"oliviere"},"schema":{"@context":"https:\/\/schema.org","@graph":[{"@type":"Article","@id":"https:\/\/fr.motocrossmag.be\/index.php\/2013\/09\/galerie-photos-photos-le-motocross-des-nations-2013\/#article","isPartOf":{"@id":"https:\/\/fr.motocrossmag.be\/index.php\/2013\/09\/galerie-photos-photos-le-motocross-des-nations-2013\/"},"author":{"name":"oliviere","@id":"https:\/\/fr.motocrossmag.be\/#\/schema\/person\/11b47143d9f755babca2c9110e03235c"},"headline":"Galerie photos | Photos: le Motocross des Nations 2013","datePublished":"2013-09-29T17:27:10+00:00","mainEntityOfPage":{"@id":"https:\/\/fr.motocrossmag.be\/index.php\/2013\/09\/galerie-photos-photos-le-motocross-des-nations-2013\/"},"wordCount":76,"commentCount":0,"image":{"@id":"https:\/\/fr.motocrossmag.be\/index.php\/2013\/09\/galerie-photos-photos-le-motocross-des-nations-2013\/#primaryimage"},"thumbnailUrl":"http:\/\/fr.motocrossmag.be\/wp-content\/uploads\/2013\/09\/img_2616-150x150.jpg","articleSection":["Photos"],"inLanguage":"fr-FR","potentialAction":[{"@type":"CommentAction","name":"Comment","target":["https:\/\/fr.motocrossmag.be\/index.php\/2013\/09\/galerie-photos-photos-le-motocross-des-nations-2013\/#respond"]}]},{"@type":"WebPage","@id":"https:\/\/fr.motocrossmag.be\/index.php\/2013\/09\/galerie-photos-photos-le-motocross-des-nations-2013\/","url":"https:\/\/fr.motocrossmag.be\/index.php\/2013\/09\/galerie-photos-photos-le-motocross-des-nations-2013\/","name":"Galerie photos | Photos: le Motocross des Nations 2013 - Motocross - Enduro - Supermoto | MotocrossMag","isPartOf":{"@id":"https:\/\/fr.motocrossmag.be\/#website"},"primaryImageOfPage":{"@id":"https:\/\/fr.motocrossmag.be\/index.php\/2013\/09\/galerie-photos-photos-le-motocross-des-nations-2013\/#primaryimage"},"image":{"@id":"https:\/\/fr.motocrossmag.be\/index.php\/2013\/09\/galerie-photos-photos-le-motocross-des-nations-2013\/#primaryimage"},"thumbnailUrl":"http:\/\/fr.motocrossmag.be\/wp-content\/uploads\/2013\/09\/img_2616-150x150.jpg","datePublished":"2013-09-29T17:27:10+00:00","author":{"@id":"https:\/\/fr.motocrossmag.be\/#\/schema\/person\/11b47143d9f755babca2c9110e03235c"},"breadcrumb":{"@id":"https:\/\/fr.motocrossmag.be\/index.php\/2013\/09\/galerie-photos-photos-le-motocross-des-nations-2013\/#breadcrumb"},"inLanguage":"fr-FR","potentialAction":[{"@type":"ReadAction","target":["https:\/\/fr.motocrossmag.be\/index.php\/2013\/09\/galerie-photos-photos-le-motocross-des-nations-2013\/"]}]},{"@type":"ImageObject","inLanguage":"fr-FR","@id":"https:\/\/fr.motocrossmag.be\/index.php\/2013\/09\/galerie-photos-photos-le-motocross-des-nations-2013\/#primaryimage","url":"https:\/\/fr.motocrossmag.be\/wp-content\/uploads\/2013\/09\/img_2616.jpg","contentUrl":"https:\/\/fr.motocrossmag.be\/wp-content\/uploads\/2013\/09\/img_2616.jpg","width":900,"height":600},{"@type":"BreadcrumbList","@id":"https:\/\/fr.motocrossmag.be\/index.php\/2013\/09\/galerie-photos-photos-le-motocross-des-nations-2013\/#breadcrumb","itemListElement":[{"@type":"ListItem","position":1,"name":"Accueil","item":"https:\/\/fr.motocrossmag.be\/"},{"@type":"ListItem","position":2,"name":"Galerie photos | Photos: le Motocross des Nations 2013"}]},{"@type":"WebSite","@id":"https:\/\/fr.motocrossmag.be\/#website","url":"https:\/\/fr.motocrossmag.be\/","name":"Motocross - Enduro - Supermoto | MotocrossMag","description":"L&#039;actualit\u00e9 du motocross, de l&#039;enduro et du Supermoto en ligne!","potentialAction":[{"@type":"SearchAction","target":{"@type":"EntryPoint","urlTemplate":"https:\/\/fr.motocrossmag.be\/?s={search_term_string}"},"query-input":{"@type":"PropertyValueSpecification","valueRequired":true,"valueName":"search_term_string"}}],"inLanguage":"fr-FR"},{"@type":"Person","@id":"https:\/\/fr.motocrossmag.be\/#\/schema\/person\/11b47143d9f755babca2c9110e03235c","name":"oliviere","image":{"@type":"ImageObject","inLanguage":"fr-FR","@id":"https:\/\/secure.gravatar.com\/avatar\/907069e0b81d119452040469e4a7501da1100f54f7f80180ce77bfab718288f6?s=96&d=mm&r=g","url":"https:\/\/secure.gravatar.com\/avatar\/907069e0b81d119452040469e4a7501da1100f54f7f80180ce77bfab718288f6?s=96&d=mm&r=g","contentUrl":"https:\/\/secure.gravatar.com\/avatar\/907069e0b81d119452040469e4a7501da1100f54f7f80180ce77bfab718288f6?s=96&d=mm&r=g","caption":"oliviere"},"sameAs":["http:\/\/www.motocrossmag.be"],"url":"https:\/\/fr.motocrossmag.be\/index.php\/author\/oliviere\/"}]}},"_links":{"self":[{"href":"https:\/\/fr.motocrossmag.be\/index.php\/wp-json\/wp\/v2\/posts\/19483","targetHints":{"allow":["GET"]}}],"collection":[{"href":"https:\/\/fr.motocrossmag.be\/index.php\/wp-json\/wp\/v2\/posts"}],"about":[{"href":"https:\/\/fr.motocrossmag.be\/index.php\/wp-json\/wp\/v2\/types\/post"}],"author":[{"embeddable":true,"href":"https:\/\/fr.motocrossmag.be\/index.php\/wp-json\/wp\/v2\/users\/932"}],"replies":[{"embeddable":true,"href":"https:\/\/fr.motocrossmag.be\/index.php\/wp-json\/wp\/v2\/comments?post=19483"}],"version-history":[{"count":0,"href":"https:\/\/fr.motocrossmag.be\/index.php\/wp-json\/wp\/v2\/posts\/19483\/revisions"}],"wp:attachment":[{"href":"https:\/\/fr.motocrossmag.be\/index.php\/wp-json\/wp\/v2\/media?parent=19483"}],"wp:term":[{"taxonomy":"category","embeddable":true,"href":"https:\/\/fr.motocrossmag.be\/index.php\/wp-json\/wp\/v2\/categories?post=19483"},{"taxonomy":"post_tag","embeddable":true,"href":"https:\/\/fr.motocrossmag.be\/index.php\/wp-json\/wp\/v2\/tags?post=19483"}],"curies":[{"name":"wp","href":"https:\/\/api.w.org\/{rel}","templated":true}]}}