{"id":19866,"date":"2013-11-06T11:41:28","date_gmt":"2013-11-06T10:41:28","guid":{"rendered":"http:\/\/fr.motocrossmag.be\/?p=19866"},"modified":"2013-11-06T11:41:28","modified_gmt":"2013-11-06T10:41:28","slug":"casque-acerbis-profile-2014-le-casque-acerbis-profile-2014-est-arrive-chez-votre-dealer","status":"publish","type":"post","link":"https:\/\/fr.motocrossmag.be\/index.php\/2013\/11\/casque-acerbis-profile-2014-le-casque-acerbis-profile-2014-est-arrive-chez-votre-dealer\/","title":{"rendered":"Casque Acerbis Profile 2014 | Le casque Acerbis Profile 2014 est arriv\u00e9 chez votre dealer"},"content":{"rendered":"<p>Le mod\u00e8le 2014 du casque Acerbis Profile, connu pour son imbattable rapport qualit\u00e9\/prix et son design moderne, est arriv\u00e9 chez votre dealer Acerbis. Outre sa ligne originale, ce casque se caract\u00e9rise par des d\u00e9corations tr\u00e8s vari\u00e9es, du plus sobre au plus flashy. Il y en a pour tous les go\u00e0\u00bbts. 7 coloris figurent au catalogue de l&rsquo;\u00e9quipementier italien.<\/p>\n<p>Disponible du XS au XXL, cet int\u00e9gral tout-terrain d&rsquo;entr\u00e9e de gamme offre un syst\u00e8me de ventilation tr\u00e8s \u00e9tudi\u00e9 que l&rsquo;on retrouve d&rsquo;ailleurs sur les mod\u00e8les haut de gamme de la marque ainsi qu&rsquo;un int\u00e9rieur enti\u00e8rement d\u00e9tachable et lavable. Le tout pour le prix catalogue de 119.95\u00e2\u201a\u00ac TTC !<\/p><div class=\"ppeod6a9a6ea5bfb81\" ><!-- \/91277017\/Inline-articles-mobile -->\n<div style=\"margin:auto; text-align:center !important\">\n<div id='div-gpt-ad-1784982661365-0' style='min-width: 250px; min-height: 75px;'>\n  <script>\n    googletag.cmd.push(function() { googletag.display('div-gpt-ad-1784982661365-0'); });\n  <\/script>\n<\/div><\/div><\/div><style type=\"text\/css\">\r\n.ppeod6a9a6ea5bfb81 {\r\nmargin-bottom:30px;margin-top:20px\r\n}\r\n@media screen and (min-width: 1201px) {\r\n.ppeod6a9a6ea5bfb81 {\r\ndisplay: block;\r\n}\r\n}\r\n@media screen and (min-width: 993px) and (max-width: 1200px) {\r\n.ppeod6a9a6ea5bfb81 {\r\ndisplay: block;\r\n}\r\n}\r\n@media screen and (min-width: 769px) and (max-width: 992px) {\r\n.ppeod6a9a6ea5bfb81 {\r\ndisplay: block;\r\n}\r\n}\r\n@media screen and (min-width: 768px) and (max-width: 768px) {\r\n.ppeod6a9a6ea5bfb81 {\r\ndisplay: block;\r\n}\r\n}\r\n@media screen and (max-width: 767px) {\r\n.ppeod6a9a6ea5bfb81 {\r\ndisplay: block;\r\n}\r\n}\r\n<\/style>\r\n\n<p>&gt; Consulter le <a href=\"http:\/\/issuu.com\/acerbis\/docs\/offroad_gear2014_s\" target=\"_blank\">catalogue Acerbis 2014<\/a><\/p>\n<p>\u00a0<a rel=\"lightbox dia=1\" href=\"http:\/\/fr.motocrossmag.be\/wp-content\/uploads\/2013\/11\/acerbis_profile_1.jpg\"><img decoding=\"async\" class=\"alignnone size-thumbnail wp-image-19874\" title=\"acerbis_profile_1\" src=\"http:\/\/fr.motocrossmag.be\/wp-content\/uploads\/2013\/11\/acerbis_profile_1-150x150.jpg\" alt=\"\" width=\"150\" height=\"150\" \/><\/a>\u00a0\u00a0 <a rel=\"lightbox dia=1\" href=\"http:\/\/fr.motocrossmag.be\/wp-content\/uploads\/2013\/11\/acerbis_profile_2.jpg\"><img decoding=\"async\" class=\"alignnone size-thumbnail wp-image-19873\" title=\"acerbis_profile_2\" src=\"http:\/\/fr.motocrossmag.be\/wp-content\/uploads\/2013\/11\/acerbis_profile_2-150x150.jpg\" alt=\"\" width=\"150\" height=\"150\" \/><\/a>\u00a0\u00a0 <a rel=\"lightbox dia=1\" href=\"http:\/\/fr.motocrossmag.be\/wp-content\/uploads\/2013\/11\/acerbis_profile_3.jpg\"><img decoding=\"async\" class=\"alignnone size-thumbnail wp-image-19872\" title=\"acerbis_profile_3\" src=\"http:\/\/fr.motocrossmag.be\/wp-content\/uploads\/2013\/11\/acerbis_profile_3-150x150.jpg\" alt=\"\" width=\"150\" height=\"150\" \/><\/a><br \/>\n<a rel=\"lightbox dia=1\" href=\"http:\/\/fr.motocrossmag.be\/wp-content\/uploads\/2013\/11\/acerbis_profile_4.jpg\"><img decoding=\"async\" class=\"alignnone size-thumbnail wp-image-19871\" title=\"acerbis_profile_4\" src=\"http:\/\/fr.motocrossmag.be\/wp-content\/uploads\/2013\/11\/acerbis_profile_4-150x150.jpg\" alt=\"\" width=\"150\" height=\"150\" \/><\/a>\u00a0\u00a0 <a rel=\"lightbox dia=1\" href=\"http:\/\/fr.motocrossmag.be\/wp-content\/uploads\/2013\/11\/acerbis_profile_5.jpg\"><img decoding=\"async\" class=\"alignnone size-thumbnail wp-image-19870\" title=\"acerbis_profile_5\" src=\"http:\/\/fr.motocrossmag.be\/wp-content\/uploads\/2013\/11\/acerbis_profile_5-150x150.jpg\" alt=\"\" width=\"150\" height=\"150\" \/><\/a>\u00a0\u00a0 <a rel=\"lightbox dia=1\" href=\"http:\/\/fr.motocrossmag.be\/wp-content\/uploads\/2013\/11\/acerbis_profile_6.jpg\"><img decoding=\"async\" class=\"alignnone size-thumbnail wp-image-19869\" title=\"acerbis_profile_6\" src=\"http:\/\/fr.motocrossmag.be\/wp-content\/uploads\/2013\/11\/acerbis_profile_6-150x150.jpg\" alt=\"\" width=\"150\" height=\"150\" \/><\/a><\/p>\n","protected":false},"excerpt":{"rendered":"<p>Le mod\u00e8le 2014 du casque Acerbis Profile, connu pour son imbattable rapport qualit\u00e9\/prix et son design moderne, est arriv\u00e9 chez votre dealer Acerbis. Outre sa ligne originale, ce casque se caract\u00e9rise par des d\u00e9corations tr\u00e8s vari\u00e9es, du plus sobre au plus flashy. Il y en a pour tous les go\u00e0\u00bbts. 7 coloris figurent au catalogue [&hellip;]<\/p>\n","protected":false},"author":932,"featured_media":0,"comment_status":"open","ping_status":"closed","sticky":false,"template":"","format":"standard","meta":{"tdm_status":"","tdm_grid_status":"","footnotes":""},"categories":[61,65],"tags":[],"class_list":["post-19866","post","type-post","status-publish","format-standard","category-shopping","category-slideshow"],"yoast_head":"<!-- This site is optimized with the Yoast SEO plugin v28.4 - https:\/\/yoast.com\/product\/yoast-seo-wordpress\/ -->\n<title>Casque Acerbis Profile 2014 | Le casque Acerbis Profile 2014 est arriv\u00e9 chez votre dealer - Motocross - Enduro - Supermoto | MotocrossMag<\/title>\n<meta name=\"robots\" content=\"index, follow, max-snippet:-1, max-image-preview:large, max-video-preview:-1\" \/>\n<link rel=\"canonical\" href=\"https:\/\/fr.motocrossmag.be\/index.php\/2013\/11\/casque-acerbis-profile-2014-le-casque-acerbis-profile-2014-est-arrive-chez-votre-dealer\/\" \/>\n<meta property=\"og:locale\" content=\"fr_FR\" \/>\n<meta property=\"og:type\" content=\"article\" \/>\n<meta property=\"og:title\" content=\"Casque Acerbis Profile 2014 | Le casque Acerbis Profile 2014 est arriv\u00e9 chez votre dealer - Motocross - Enduro - Supermoto | MotocrossMag\" \/>\n<meta property=\"og:description\" content=\"Le mod\u00e8le 2014 du casque Acerbis Profile, connu pour son imbattable rapport qualit\u00e9\/prix et son design moderne, est arriv\u00e9 chez votre dealer Acerbis. Outre sa ligne originale, ce casque se caract\u00e9rise par des d\u00e9corations tr\u00e8s vari\u00e9es, du plus sobre au plus flashy. Il y en a pour tous les go\u00e0\u00bbts. 7 coloris figurent au catalogue [&hellip;]\" \/>\n<meta property=\"og:url\" content=\"https:\/\/fr.motocrossmag.be\/index.php\/2013\/11\/casque-acerbis-profile-2014-le-casque-acerbis-profile-2014-est-arrive-chez-votre-dealer\/\" \/>\n<meta property=\"og:site_name\" content=\"Motocross - Enduro - Supermoto | MotocrossMag\" \/>\n<meta property=\"article:published_time\" content=\"2013-11-06T10:41:28+00:00\" \/>\n<meta property=\"og:image\" content=\"http:\/\/fr.motocrossmag.be\/wp-content\/uploads\/2013\/11\/acerbis_profile_1-150x150.jpg\" \/>\n<meta name=\"author\" content=\"oliviere\" \/>\n<meta name=\"twitter:card\" content=\"summary_large_image\" \/>\n<meta name=\"twitter:label1\" content=\"\u00c9crit par\" \/>\n\t<meta name=\"twitter:data1\" content=\"oliviere\" \/>\n\t<meta name=\"twitter:label2\" content=\"Dur\u00e9e de lecture estim\u00e9e\" \/>\n\t<meta name=\"twitter:data2\" content=\"1 minute\" \/>\n<script type=\"application\/ld+json\" class=\"yoast-schema-graph\">{\"@context\":\"https:\\\/\\\/schema.org\",\"@graph\":[{\"@type\":\"Article\",\"@id\":\"https:\\\/\\\/fr.motocrossmag.be\\\/index.php\\\/2013\\\/11\\\/casque-acerbis-profile-2014-le-casque-acerbis-profile-2014-est-arrive-chez-votre-dealer\\\/#article\",\"isPartOf\":{\"@id\":\"https:\\\/\\\/fr.motocrossmag.be\\\/index.php\\\/2013\\\/11\\\/casque-acerbis-profile-2014-le-casque-acerbis-profile-2014-est-arrive-chez-votre-dealer\\\/\"},\"author\":{\"name\":\"oliviere\",\"@id\":\"https:\\\/\\\/fr.motocrossmag.be\\\/#\\\/schema\\\/person\\\/11b47143d9f755babca2c9110e03235c\"},\"headline\":\"Casque Acerbis Profile 2014 | Le casque Acerbis Profile 2014 est arriv\u00e9 chez votre dealer\",\"datePublished\":\"2013-11-06T10:41:28+00:00\",\"mainEntityOfPage\":{\"@id\":\"https:\\\/\\\/fr.motocrossmag.be\\\/index.php\\\/2013\\\/11\\\/casque-acerbis-profile-2014-le-casque-acerbis-profile-2014-est-arrive-chez-votre-dealer\\\/\"},\"wordCount\":139,\"commentCount\":0,\"image\":{\"@id\":\"https:\\\/\\\/fr.motocrossmag.be\\\/index.php\\\/2013\\\/11\\\/casque-acerbis-profile-2014-le-casque-acerbis-profile-2014-est-arrive-chez-votre-dealer\\\/#primaryimage\"},\"thumbnailUrl\":\"http:\\\/\\\/fr.motocrossmag.be\\\/wp-content\\\/uploads\\\/2013\\\/11\\\/acerbis_profile_1-150x150.jpg\",\"articleSection\":[\"Produits\",\"Slideshow\"],\"inLanguage\":\"fr-FR\",\"potentialAction\":[{\"@type\":\"CommentAction\",\"name\":\"Comment\",\"target\":[\"https:\\\/\\\/fr.motocrossmag.be\\\/index.php\\\/2013\\\/11\\\/casque-acerbis-profile-2014-le-casque-acerbis-profile-2014-est-arrive-chez-votre-dealer\\\/#respond\"]}]},{\"@type\":\"WebPage\",\"@id\":\"https:\\\/\\\/fr.motocrossmag.be\\\/index.php\\\/2013\\\/11\\\/casque-acerbis-profile-2014-le-casque-acerbis-profile-2014-est-arrive-chez-votre-dealer\\\/\",\"url\":\"https:\\\/\\\/fr.motocrossmag.be\\\/index.php\\\/2013\\\/11\\\/casque-acerbis-profile-2014-le-casque-acerbis-profile-2014-est-arrive-chez-votre-dealer\\\/\",\"name\":\"Casque Acerbis Profile 2014 | Le casque Acerbis Profile 2014 est arriv\u00e9 chez votre dealer - Motocross - Enduro - Supermoto | MotocrossMag\",\"isPartOf\":{\"@id\":\"https:\\\/\\\/fr.motocrossmag.be\\\/#website\"},\"primaryImageOfPage\":{\"@id\":\"https:\\\/\\\/fr.motocrossmag.be\\\/index.php\\\/2013\\\/11\\\/casque-acerbis-profile-2014-le-casque-acerbis-profile-2014-est-arrive-chez-votre-dealer\\\/#primaryimage\"},\"image\":{\"@id\":\"https:\\\/\\\/fr.motocrossmag.be\\\/index.php\\\/2013\\\/11\\\/casque-acerbis-profile-2014-le-casque-acerbis-profile-2014-est-arrive-chez-votre-dealer\\\/#primaryimage\"},\"thumbnailUrl\":\"http:\\\/\\\/fr.motocrossmag.be\\\/wp-content\\\/uploads\\\/2013\\\/11\\\/acerbis_profile_1-150x150.jpg\",\"datePublished\":\"2013-11-06T10:41:28+00:00\",\"author\":{\"@id\":\"https:\\\/\\\/fr.motocrossmag.be\\\/#\\\/schema\\\/person\\\/11b47143d9f755babca2c9110e03235c\"},\"breadcrumb\":{\"@id\":\"https:\\\/\\\/fr.motocrossmag.be\\\/index.php\\\/2013\\\/11\\\/casque-acerbis-profile-2014-le-casque-acerbis-profile-2014-est-arrive-chez-votre-dealer\\\/#breadcrumb\"},\"inLanguage\":\"fr-FR\",\"potentialAction\":[{\"@type\":\"ReadAction\",\"target\":[\"https:\\\/\\\/fr.motocrossmag.be\\\/index.php\\\/2013\\\/11\\\/casque-acerbis-profile-2014-le-casque-acerbis-profile-2014-est-arrive-chez-votre-dealer\\\/\"]}]},{\"@type\":\"ImageObject\",\"inLanguage\":\"fr-FR\",\"@id\":\"https:\\\/\\\/fr.motocrossmag.be\\\/index.php\\\/2013\\\/11\\\/casque-acerbis-profile-2014-le-casque-acerbis-profile-2014-est-arrive-chez-votre-dealer\\\/#primaryimage\",\"url\":\"https:\\\/\\\/fr.motocrossmag.be\\\/wp-content\\\/uploads\\\/2013\\\/11\\\/acerbis_profile_1.jpg\",\"contentUrl\":\"https:\\\/\\\/fr.motocrossmag.be\\\/wp-content\\\/uploads\\\/2013\\\/11\\\/acerbis_profile_1.jpg\",\"width\":900,\"height\":738},{\"@type\":\"BreadcrumbList\",\"@id\":\"https:\\\/\\\/fr.motocrossmag.be\\\/index.php\\\/2013\\\/11\\\/casque-acerbis-profile-2014-le-casque-acerbis-profile-2014-est-arrive-chez-votre-dealer\\\/#breadcrumb\",\"itemListElement\":[{\"@type\":\"ListItem\",\"position\":1,\"name\":\"Accueil\",\"item\":\"https:\\\/\\\/fr.motocrossmag.be\\\/\"},{\"@type\":\"ListItem\",\"position\":2,\"name\":\"Casque Acerbis Profile 2014 | Le casque Acerbis Profile 2014 est arriv\u00e9 chez votre dealer\"}]},{\"@type\":\"WebSite\",\"@id\":\"https:\\\/\\\/fr.motocrossmag.be\\\/#website\",\"url\":\"https:\\\/\\\/fr.motocrossmag.be\\\/\",\"name\":\"Motocross - Enduro - Supermoto | MotocrossMag\",\"description\":\"L&#039;actualit\u00e9 du motocross, de l&#039;enduro et du Supermoto en ligne!\",\"potentialAction\":[{\"@type\":\"SearchAction\",\"target\":{\"@type\":\"EntryPoint\",\"urlTemplate\":\"https:\\\/\\\/fr.motocrossmag.be\\\/?s={search_term_string}\"},\"query-input\":{\"@type\":\"PropertyValueSpecification\",\"valueRequired\":true,\"valueName\":\"search_term_string\"}}],\"inLanguage\":\"fr-FR\"},{\"@type\":\"Person\",\"@id\":\"https:\\\/\\\/fr.motocrossmag.be\\\/#\\\/schema\\\/person\\\/11b47143d9f755babca2c9110e03235c\",\"name\":\"oliviere\",\"image\":{\"@type\":\"ImageObject\",\"inLanguage\":\"fr-FR\",\"@id\":\"https:\\\/\\\/secure.gravatar.com\\\/avatar\\\/907069e0b81d119452040469e4a7501da1100f54f7f80180ce77bfab718288f6?s=96&d=mm&r=g\",\"url\":\"https:\\\/\\\/secure.gravatar.com\\\/avatar\\\/907069e0b81d119452040469e4a7501da1100f54f7f80180ce77bfab718288f6?s=96&d=mm&r=g\",\"contentUrl\":\"https:\\\/\\\/secure.gravatar.com\\\/avatar\\\/907069e0b81d119452040469e4a7501da1100f54f7f80180ce77bfab718288f6?s=96&d=mm&r=g\",\"caption\":\"oliviere\"},\"sameAs\":[\"http:\\\/\\\/www.motocrossmag.be\"],\"url\":\"https:\\\/\\\/fr.motocrossmag.be\\\/index.php\\\/author\\\/oliviere\\\/\"}]}<\/script>\n<!-- \/ Yoast SEO plugin. -->","yoast_head_json":{"title":"Casque Acerbis Profile 2014 | Le casque Acerbis Profile 2014 est arriv\u00e9 chez votre dealer - Motocross - Enduro - Supermoto | MotocrossMag","robots":{"index":"index","follow":"follow","max-snippet":"max-snippet:-1","max-image-preview":"max-image-preview:large","max-video-preview":"max-video-preview:-1"},"canonical":"https:\/\/fr.motocrossmag.be\/index.php\/2013\/11\/casque-acerbis-profile-2014-le-casque-acerbis-profile-2014-est-arrive-chez-votre-dealer\/","og_locale":"fr_FR","og_type":"article","og_title":"Casque Acerbis Profile 2014 | Le casque Acerbis Profile 2014 est arriv\u00e9 chez votre dealer - Motocross - Enduro - Supermoto | MotocrossMag","og_description":"Le mod\u00e8le 2014 du casque Acerbis Profile, connu pour son imbattable rapport qualit\u00e9\/prix et son design moderne, est arriv\u00e9 chez votre dealer Acerbis. Outre sa ligne originale, ce casque se caract\u00e9rise par des d\u00e9corations tr\u00e8s vari\u00e9es, du plus sobre au plus flashy. Il y en a pour tous les go\u00e0\u00bbts. 7 coloris figurent au catalogue [&hellip;]","og_url":"https:\/\/fr.motocrossmag.be\/index.php\/2013\/11\/casque-acerbis-profile-2014-le-casque-acerbis-profile-2014-est-arrive-chez-votre-dealer\/","og_site_name":"Motocross - Enduro - Supermoto | MotocrossMag","article_published_time":"2013-11-06T10:41:28+00:00","og_image":[{"url":"http:\/\/fr.motocrossmag.be\/wp-content\/uploads\/2013\/11\/acerbis_profile_1-150x150.jpg","type":"","width":"","height":""}],"author":"oliviere","twitter_card":"summary_large_image","twitter_misc":{"\u00c9crit par":"oliviere","Dur\u00e9e de lecture estim\u00e9e":"1 minute"},"schema":{"@context":"https:\/\/schema.org","@graph":[{"@type":"Article","@id":"https:\/\/fr.motocrossmag.be\/index.php\/2013\/11\/casque-acerbis-profile-2014-le-casque-acerbis-profile-2014-est-arrive-chez-votre-dealer\/#article","isPartOf":{"@id":"https:\/\/fr.motocrossmag.be\/index.php\/2013\/11\/casque-acerbis-profile-2014-le-casque-acerbis-profile-2014-est-arrive-chez-votre-dealer\/"},"author":{"name":"oliviere","@id":"https:\/\/fr.motocrossmag.be\/#\/schema\/person\/11b47143d9f755babca2c9110e03235c"},"headline":"Casque Acerbis Profile 2014 | Le casque Acerbis Profile 2014 est arriv\u00e9 chez votre dealer","datePublished":"2013-11-06T10:41:28+00:00","mainEntityOfPage":{"@id":"https:\/\/fr.motocrossmag.be\/index.php\/2013\/11\/casque-acerbis-profile-2014-le-casque-acerbis-profile-2014-est-arrive-chez-votre-dealer\/"},"wordCount":139,"commentCount":0,"image":{"@id":"https:\/\/fr.motocrossmag.be\/index.php\/2013\/11\/casque-acerbis-profile-2014-le-casque-acerbis-profile-2014-est-arrive-chez-votre-dealer\/#primaryimage"},"thumbnailUrl":"http:\/\/fr.motocrossmag.be\/wp-content\/uploads\/2013\/11\/acerbis_profile_1-150x150.jpg","articleSection":["Produits","Slideshow"],"inLanguage":"fr-FR","potentialAction":[{"@type":"CommentAction","name":"Comment","target":["https:\/\/fr.motocrossmag.be\/index.php\/2013\/11\/casque-acerbis-profile-2014-le-casque-acerbis-profile-2014-est-arrive-chez-votre-dealer\/#respond"]}]},{"@type":"WebPage","@id":"https:\/\/fr.motocrossmag.be\/index.php\/2013\/11\/casque-acerbis-profile-2014-le-casque-acerbis-profile-2014-est-arrive-chez-votre-dealer\/","url":"https:\/\/fr.motocrossmag.be\/index.php\/2013\/11\/casque-acerbis-profile-2014-le-casque-acerbis-profile-2014-est-arrive-chez-votre-dealer\/","name":"Casque Acerbis Profile 2014 | Le casque Acerbis Profile 2014 est arriv\u00e9 chez votre dealer - Motocross - Enduro - Supermoto | MotocrossMag","isPartOf":{"@id":"https:\/\/fr.motocrossmag.be\/#website"},"primaryImageOfPage":{"@id":"https:\/\/fr.motocrossmag.be\/index.php\/2013\/11\/casque-acerbis-profile-2014-le-casque-acerbis-profile-2014-est-arrive-chez-votre-dealer\/#primaryimage"},"image":{"@id":"https:\/\/fr.motocrossmag.be\/index.php\/2013\/11\/casque-acerbis-profile-2014-le-casque-acerbis-profile-2014-est-arrive-chez-votre-dealer\/#primaryimage"},"thumbnailUrl":"http:\/\/fr.motocrossmag.be\/wp-content\/uploads\/2013\/11\/acerbis_profile_1-150x150.jpg","datePublished":"2013-11-06T10:41:28+00:00","author":{"@id":"https:\/\/fr.motocrossmag.be\/#\/schema\/person\/11b47143d9f755babca2c9110e03235c"},"breadcrumb":{"@id":"https:\/\/fr.motocrossmag.be\/index.php\/2013\/11\/casque-acerbis-profile-2014-le-casque-acerbis-profile-2014-est-arrive-chez-votre-dealer\/#breadcrumb"},"inLanguage":"fr-FR","potentialAction":[{"@type":"ReadAction","target":["https:\/\/fr.motocrossmag.be\/index.php\/2013\/11\/casque-acerbis-profile-2014-le-casque-acerbis-profile-2014-est-arrive-chez-votre-dealer\/"]}]},{"@type":"ImageObject","inLanguage":"fr-FR","@id":"https:\/\/fr.motocrossmag.be\/index.php\/2013\/11\/casque-acerbis-profile-2014-le-casque-acerbis-profile-2014-est-arrive-chez-votre-dealer\/#primaryimage","url":"https:\/\/fr.motocrossmag.be\/wp-content\/uploads\/2013\/11\/acerbis_profile_1.jpg","contentUrl":"https:\/\/fr.motocrossmag.be\/wp-content\/uploads\/2013\/11\/acerbis_profile_1.jpg","width":900,"height":738},{"@type":"BreadcrumbList","@id":"https:\/\/fr.motocrossmag.be\/index.php\/2013\/11\/casque-acerbis-profile-2014-le-casque-acerbis-profile-2014-est-arrive-chez-votre-dealer\/#breadcrumb","itemListElement":[{"@type":"ListItem","position":1,"name":"Accueil","item":"https:\/\/fr.motocrossmag.be\/"},{"@type":"ListItem","position":2,"name":"Casque Acerbis Profile 2014 | Le casque Acerbis Profile 2014 est arriv\u00e9 chez votre dealer"}]},{"@type":"WebSite","@id":"https:\/\/fr.motocrossmag.be\/#website","url":"https:\/\/fr.motocrossmag.be\/","name":"Motocross - Enduro - Supermoto | MotocrossMag","description":"L&#039;actualit\u00e9 du motocross, de l&#039;enduro et du Supermoto en ligne!","potentialAction":[{"@type":"SearchAction","target":{"@type":"EntryPoint","urlTemplate":"https:\/\/fr.motocrossmag.be\/?s={search_term_string}"},"query-input":{"@type":"PropertyValueSpecification","valueRequired":true,"valueName":"search_term_string"}}],"inLanguage":"fr-FR"},{"@type":"Person","@id":"https:\/\/fr.motocrossmag.be\/#\/schema\/person\/11b47143d9f755babca2c9110e03235c","name":"oliviere","image":{"@type":"ImageObject","inLanguage":"fr-FR","@id":"https:\/\/secure.gravatar.com\/avatar\/907069e0b81d119452040469e4a7501da1100f54f7f80180ce77bfab718288f6?s=96&d=mm&r=g","url":"https:\/\/secure.gravatar.com\/avatar\/907069e0b81d119452040469e4a7501da1100f54f7f80180ce77bfab718288f6?s=96&d=mm&r=g","contentUrl":"https:\/\/secure.gravatar.com\/avatar\/907069e0b81d119452040469e4a7501da1100f54f7f80180ce77bfab718288f6?s=96&d=mm&r=g","caption":"oliviere"},"sameAs":["http:\/\/www.motocrossmag.be"],"url":"https:\/\/fr.motocrossmag.be\/index.php\/author\/oliviere\/"}]}},"_links":{"self":[{"href":"https:\/\/fr.motocrossmag.be\/index.php\/wp-json\/wp\/v2\/posts\/19866","targetHints":{"allow":["GET"]}}],"collection":[{"href":"https:\/\/fr.motocrossmag.be\/index.php\/wp-json\/wp\/v2\/posts"}],"about":[{"href":"https:\/\/fr.motocrossmag.be\/index.php\/wp-json\/wp\/v2\/types\/post"}],"author":[{"embeddable":true,"href":"https:\/\/fr.motocrossmag.be\/index.php\/wp-json\/wp\/v2\/users\/932"}],"replies":[{"embeddable":true,"href":"https:\/\/fr.motocrossmag.be\/index.php\/wp-json\/wp\/v2\/comments?post=19866"}],"version-history":[{"count":0,"href":"https:\/\/fr.motocrossmag.be\/index.php\/wp-json\/wp\/v2\/posts\/19866\/revisions"}],"wp:attachment":[{"href":"https:\/\/fr.motocrossmag.be\/index.php\/wp-json\/wp\/v2\/media?parent=19866"}],"wp:term":[{"taxonomy":"category","embeddable":true,"href":"https:\/\/fr.motocrossmag.be\/index.php\/wp-json\/wp\/v2\/categories?post=19866"},{"taxonomy":"post_tag","embeddable":true,"href":"https:\/\/fr.motocrossmag.be\/index.php\/wp-json\/wp\/v2\/tags?post=19866"}],"curies":[{"name":"wp","href":"https:\/\/api.w.org\/{rel}","templated":true}]}}