{"id":19887,"date":"2013-11-09T15:47:47","date_gmt":"2013-11-09T14:47:47","guid":{"rendered":"http:\/\/fr.motocrossmag.be\/?p=19887"},"modified":"2013-11-09T15:47:47","modified_gmt":"2013-11-09T14:47:47","slug":"supercross-de-bercy-barcia-devant-canard-et-paulin-vendredi","status":"publish","type":"post","link":"https:\/\/fr.motocrossmag.be\/index.php\/2013\/11\/supercross-de-bercy-barcia-devant-canard-et-paulin-vendredi\/","title":{"rendered":"Supercross de Bercy | Barcia devant Canard et Paulin vendredi"},"content":{"rendered":"<p><a href=\"aucune\"><\/a>Lorsqu&rsquo;on revient \u00e0\u00a0 Bercy, on reste toujours \u00e9merveill\u00e9 par le c\u00f4t\u00e9 &lsquo;supershow&rsquo; du spectacle offert par les organisateurs avec ses superbes clips d&rsquo;introduction, la magnifique chor\u00e9graphie des pom-pom girls ainsi\u00a0 que l&rsquo;impressionnant &lsquo;son et lumi\u00e8re&rsquo; qui accompagne la d\u00e9monstration de freestyle.<\/p>\n<p>C\u00f4t\u00e9 comp\u00e9tition, on a d\u00e9marr\u00e9 par la finale des 125cc qui a \u00e9t\u00e9 remport\u00e9e par Julien Lebeau. Nous avons eu droit ensuite aux deux demi-finales pour les &lsquo;grands&rsquo;. Dans la premi\u00e8re demi-finale, les pilotes Honda Trey Canard et Justin Barcia ont imm\u00e9diatement montr\u00e9 qu&rsquo;ils n&rsquo;\u00e9taient pas venus \u00e0\u00a0 Paris pour faire de la figuration. Gautier Paulin a \u00e9galement paru bien aff\u00e0\u00bbt\u00e9 m\u00eame s&rsquo;il n&rsquo;a pu faire illusion que durant deux tours face \u00e0\u00a0 Canard qui a \u00e9t\u00e9 un vainqueur facile de cette premi\u00e8re demi-finale. Dans la seconde demi-finale, les choses ont \u00e9t\u00e9 encore plus \u00e9videntes avec un holeshot de de Justin Barcia devant Andrew Short, Will Hahn et Cooper Webb, les positions restant fig\u00e9es jusqu&rsquo;\u00e0\u00a0 la fin de la manche.<\/p>\n<p><a href=\"aucune\"><img decoding=\"async\" class=\"lazyload alignnone size-full wp-image-19889\" title=\"Justin Barcia dans ses oeuvres\" src=\"http:\/\/fr.motocrossmag.be\/wp-content\/uploads\/2013\/11\/barcia_cx7c17031.jpg\" data-orig-src=\"http:\/\/fr.motocrossmag.be\/wp-content\/uploads\/2013\/11\/barcia_cx7c17031.jpg\" alt=\"\" width=\"500\" height=\"333\" srcset=\"data:image\/svg+xml,%3Csvg%20xmlns%3D%27http%3A%2F%2Fwww.w3.org%2F2000%2Fsvg%27%20width%3D%27500%27%20height%3D%27333%27%20viewBox%3D%270%200%20500%20333%27%3E%3Crect%20width%3D%27500%27%20height%3D%27333%27%20fill-opacity%3D%220%22%2F%3E%3C%2Fsvg%3E\" data-srcset=\"https:\/\/fr.motocrossmag.be\/wp-content\/uploads\/2013\/11\/barcia_cx7c17031-300x199.jpg 300w, https:\/\/fr.motocrossmag.be\/wp-content\/uploads\/2013\/11\/barcia_cx7c17031.jpg 500w\" data-sizes=\"auto\" data-orig-sizes=\"(max-width: 500px) 100vw, 500px\" \/><\/a><\/p>\n<p>Dans l&rsquo;\u00e9preuve\u00a0Superpole,\u00a0Greg Aranda a laiss\u00e9 voir qu&rsquo;il savait encore ce qu&rsquo;\u00e9tait le Supercross. Le pilote Bud Kawasaki a en effet r\u00e9alis\u00e9 le meilleur chrono jusqu&rsquo;\u00e0\u00a0 ce que Gautier Paulin n&rsquo;apparaisse sur la piste. Le temps de Paulin n&rsquo;allait cependant pas rester longtemps le plus rapide. En effet, Justin Barcia allait mettre Paulin et Canard tous deux d&rsquo;accord en r\u00e9alisant le meilleur temps et en remportant ainsi cette \u00e9preuve.<\/p>\n<p>Dans la\u00a0course par \u00e9limination, on\u00a0a vu Jordi Tixier exp\u00e9dier l&rsquo;Am\u00e9ricain Wil Hahn dans les coussins de protection qui bordent le circuit au moment de franchir la ligne d&rsquo;arriv\u00e9e. Heureusement, plus de peur que de mal pour l&rsquo;Am\u00e9ricain! Dans la deuxi\u00e8me manche, Paulin est parvenu \u00e0\u00a0 contenir Barcia et Canard tandis que le duel final \u00e9tait remport\u00e9 par Barcia devant Paulin.<\/p>\n<p>Enfin,\u00a0dans la finale,\u00a0Paulin et Tixier ont pris d&#8217;embl\u00e9e la t\u00eate de la course. Gautier \u00e9tait litt\u00e9ralement port\u00e9 par le public mais il n&rsquo;a rien pu faire devant les Am\u00e9ricains de chez Honda qui ont remport\u00e9 cette finale, Barcia terminant devant Canard et Paulin\u00a0cl\u00f4turant le podium.\u00a0<\/p>\n","protected":false},"excerpt":{"rendered":"<p>Lorsqu&rsquo;on revient \u00e0\u00a0 Bercy, on reste toujours \u00e9merveill\u00e9 par le c\u00f4t\u00e9 &lsquo;supershow&rsquo; du spectacle offert par les organisateurs avec ses superbes clips d&rsquo;introduction, la magnifique chor\u00e9graphie des pom-pom girls ainsi\u00a0 [&#8230;]<\/p>\n","protected":false},"author":898,"featured_media":0,"comment_status":"open","ping_status":"closed","sticky":false,"template":"","format":"standard","meta":{"footnotes":""},"categories":[4,65],"tags":[],"class_list":["post-19887","post","type-post","status-publish","format-standard","hentry","category-motocross","category-slideshow"],"yoast_head":"<!-- This site is optimized with the Yoast SEO plugin v27.4 - https:\/\/yoast.com\/product\/yoast-seo-wordpress\/ -->\n<title>Supercross de Bercy | Barcia devant Canard et Paulin vendredi - Motocross - Enduro - Supermoto | MotocrossMag<\/title>\n<meta name=\"robots\" content=\"index, follow, max-snippet:-1, max-image-preview:large, max-video-preview:-1\" \/>\n<link rel=\"canonical\" href=\"https:\/\/fr.motocrossmag.be\/index.php\/2013\/11\/supercross-de-bercy-barcia-devant-canard-et-paulin-vendredi\/\" \/>\n<meta property=\"og:locale\" content=\"fr_FR\" \/>\n<meta property=\"og:type\" content=\"article\" \/>\n<meta property=\"og:title\" content=\"Supercross de Bercy | Barcia devant Canard et Paulin vendredi - Motocross - Enduro - Supermoto | MotocrossMag\" \/>\n<meta property=\"og:description\" content=\"Lorsqu&rsquo;on revient \u00e0\u00a0 Bercy, on reste toujours \u00e9merveill\u00e9 par le c\u00f4t\u00e9 &lsquo;supershow&rsquo; du spectacle offert par les organisateurs avec ses superbes clips d&rsquo;introduction, la magnifique chor\u00e9graphie des pom-pom girls ainsi\u00a0 [...]\" \/>\n<meta property=\"og:url\" content=\"https:\/\/fr.motocrossmag.be\/index.php\/2013\/11\/supercross-de-bercy-barcia-devant-canard-et-paulin-vendredi\/\" \/>\n<meta property=\"og:site_name\" content=\"Motocross - Enduro - Supermoto | MotocrossMag\" \/>\n<meta property=\"article:published_time\" content=\"2013-11-09T14:47:47+00:00\" \/>\n<meta property=\"og:image\" content=\"http:\/\/fr.motocrossmag.be\/wp-content\/uploads\/2013\/11\/barcia_cx7c17031.jpg\" \/>\n<meta name=\"author\" content=\"fernand2\" \/>\n<meta name=\"twitter:card\" content=\"summary_large_image\" \/>\n<meta name=\"twitter:label1\" content=\"\u00c9crit par\" \/>\n\t<meta name=\"twitter:data1\" content=\"fernand2\" \/>\n\t<meta name=\"twitter:label2\" content=\"Dur\u00e9e de lecture estim\u00e9e\" \/>\n\t<meta name=\"twitter:data2\" content=\"2 minutes\" \/>\n<script type=\"application\/ld+json\" class=\"yoast-schema-graph\">{\"@context\":\"https:\\\/\\\/schema.org\",\"@graph\":[{\"@type\":\"Article\",\"@id\":\"https:\\\/\\\/fr.motocrossmag.be\\\/index.php\\\/2013\\\/11\\\/supercross-de-bercy-barcia-devant-canard-et-paulin-vendredi\\\/#article\",\"isPartOf\":{\"@id\":\"https:\\\/\\\/fr.motocrossmag.be\\\/index.php\\\/2013\\\/11\\\/supercross-de-bercy-barcia-devant-canard-et-paulin-vendredi\\\/\"},\"author\":{\"name\":\"fernand2\",\"@id\":\"https:\\\/\\\/fr.motocrossmag.be\\\/#\\\/schema\\\/person\\\/b1bd0a25696c3aeaac7fd5d92d4ed8f6\"},\"headline\":\"Supercross de Bercy | Barcia devant Canard et Paulin vendredi\",\"datePublished\":\"2013-11-09T14:47:47+00:00\",\"mainEntityOfPage\":{\"@id\":\"https:\\\/\\\/fr.motocrossmag.be\\\/index.php\\\/2013\\\/11\\\/supercross-de-bercy-barcia-devant-canard-et-paulin-vendredi\\\/\"},\"wordCount\":390,\"commentCount\":0,\"image\":{\"@id\":\"https:\\\/\\\/fr.motocrossmag.be\\\/index.php\\\/2013\\\/11\\\/supercross-de-bercy-barcia-devant-canard-et-paulin-vendredi\\\/#primaryimage\"},\"thumbnailUrl\":\"http:\\\/\\\/fr.motocrossmag.be\\\/wp-content\\\/uploads\\\/2013\\\/11\\\/barcia_cx7c17031.jpg\",\"articleSection\":[\"Motocross\",\"Slideshow\"],\"inLanguage\":\"fr-FR\",\"potentialAction\":[{\"@type\":\"CommentAction\",\"name\":\"Comment\",\"target\":[\"https:\\\/\\\/fr.motocrossmag.be\\\/index.php\\\/2013\\\/11\\\/supercross-de-bercy-barcia-devant-canard-et-paulin-vendredi\\\/#respond\"]}]},{\"@type\":\"WebPage\",\"@id\":\"https:\\\/\\\/fr.motocrossmag.be\\\/index.php\\\/2013\\\/11\\\/supercross-de-bercy-barcia-devant-canard-et-paulin-vendredi\\\/\",\"url\":\"https:\\\/\\\/fr.motocrossmag.be\\\/index.php\\\/2013\\\/11\\\/supercross-de-bercy-barcia-devant-canard-et-paulin-vendredi\\\/\",\"name\":\"Supercross de Bercy | Barcia devant Canard et Paulin vendredi - Motocross - Enduro - Supermoto | MotocrossMag\",\"isPartOf\":{\"@id\":\"https:\\\/\\\/fr.motocrossmag.be\\\/#website\"},\"primaryImageOfPage\":{\"@id\":\"https:\\\/\\\/fr.motocrossmag.be\\\/index.php\\\/2013\\\/11\\\/supercross-de-bercy-barcia-devant-canard-et-paulin-vendredi\\\/#primaryimage\"},\"image\":{\"@id\":\"https:\\\/\\\/fr.motocrossmag.be\\\/index.php\\\/2013\\\/11\\\/supercross-de-bercy-barcia-devant-canard-et-paulin-vendredi\\\/#primaryimage\"},\"thumbnailUrl\":\"http:\\\/\\\/fr.motocrossmag.be\\\/wp-content\\\/uploads\\\/2013\\\/11\\\/barcia_cx7c17031.jpg\",\"datePublished\":\"2013-11-09T14:47:47+00:00\",\"author\":{\"@id\":\"https:\\\/\\\/fr.motocrossmag.be\\\/#\\\/schema\\\/person\\\/b1bd0a25696c3aeaac7fd5d92d4ed8f6\"},\"breadcrumb\":{\"@id\":\"https:\\\/\\\/fr.motocrossmag.be\\\/index.php\\\/2013\\\/11\\\/supercross-de-bercy-barcia-devant-canard-et-paulin-vendredi\\\/#breadcrumb\"},\"inLanguage\":\"fr-FR\",\"potentialAction\":[{\"@type\":\"ReadAction\",\"target\":[\"https:\\\/\\\/fr.motocrossmag.be\\\/index.php\\\/2013\\\/11\\\/supercross-de-bercy-barcia-devant-canard-et-paulin-vendredi\\\/\"]}]},{\"@type\":\"ImageObject\",\"inLanguage\":\"fr-FR\",\"@id\":\"https:\\\/\\\/fr.motocrossmag.be\\\/index.php\\\/2013\\\/11\\\/supercross-de-bercy-barcia-devant-canard-et-paulin-vendredi\\\/#primaryimage\",\"url\":\"https:\\\/\\\/fr.motocrossmag.be\\\/wp-content\\\/uploads\\\/2013\\\/11\\\/barcia_cx7c17031.jpg\",\"contentUrl\":\"https:\\\/\\\/fr.motocrossmag.be\\\/wp-content\\\/uploads\\\/2013\\\/11\\\/barcia_cx7c17031.jpg\",\"width\":500,\"height\":333},{\"@type\":\"BreadcrumbList\",\"@id\":\"https:\\\/\\\/fr.motocrossmag.be\\\/index.php\\\/2013\\\/11\\\/supercross-de-bercy-barcia-devant-canard-et-paulin-vendredi\\\/#breadcrumb\",\"itemListElement\":[{\"@type\":\"ListItem\",\"position\":1,\"name\":\"Accueil\",\"item\":\"https:\\\/\\\/fr.motocrossmag.be\\\/\"},{\"@type\":\"ListItem\",\"position\":2,\"name\":\"Supercross de Bercy | Barcia devant Canard et Paulin vendredi\"}]},{\"@type\":\"WebSite\",\"@id\":\"https:\\\/\\\/fr.motocrossmag.be\\\/#website\",\"url\":\"https:\\\/\\\/fr.motocrossmag.be\\\/\",\"name\":\"Motocross - Enduro - Supermoto | MotocrossMag\",\"description\":\"L&#039;actualit\u00e9 du motocross, de l&#039;enduro et du Supermoto en ligne!\",\"potentialAction\":[{\"@type\":\"SearchAction\",\"target\":{\"@type\":\"EntryPoint\",\"urlTemplate\":\"https:\\\/\\\/fr.motocrossmag.be\\\/?s={search_term_string}\"},\"query-input\":{\"@type\":\"PropertyValueSpecification\",\"valueRequired\":true,\"valueName\":\"search_term_string\"}}],\"inLanguage\":\"fr-FR\"},{\"@type\":\"Person\",\"@id\":\"https:\\\/\\\/fr.motocrossmag.be\\\/#\\\/schema\\\/person\\\/b1bd0a25696c3aeaac7fd5d92d4ed8f6\",\"name\":\"fernand2\",\"image\":{\"@type\":\"ImageObject\",\"inLanguage\":\"fr-FR\",\"@id\":\"https:\\\/\\\/secure.gravatar.com\\\/avatar\\\/e48cfba345f89620e0c3f40fdfd6f6ef6bc1fbad5d0c3cd2555b4f39e37ef934?s=96&d=mm&r=g\",\"url\":\"https:\\\/\\\/secure.gravatar.com\\\/avatar\\\/e48cfba345f89620e0c3f40fdfd6f6ef6bc1fbad5d0c3cd2555b4f39e37ef934?s=96&d=mm&r=g\",\"contentUrl\":\"https:\\\/\\\/secure.gravatar.com\\\/avatar\\\/e48cfba345f89620e0c3f40fdfd6f6ef6bc1fbad5d0c3cd2555b4f39e37ef934?s=96&d=mm&r=g\",\"caption\":\"fernand2\"},\"url\":\"https:\\\/\\\/fr.motocrossmag.be\\\/index.php\\\/author\\\/fernand2\\\/\"}]}<\/script>\n<!-- \/ Yoast SEO plugin. -->","yoast_head_json":{"title":"Supercross de Bercy | Barcia devant Canard et Paulin vendredi - Motocross - Enduro - Supermoto | MotocrossMag","robots":{"index":"index","follow":"follow","max-snippet":"max-snippet:-1","max-image-preview":"max-image-preview:large","max-video-preview":"max-video-preview:-1"},"canonical":"https:\/\/fr.motocrossmag.be\/index.php\/2013\/11\/supercross-de-bercy-barcia-devant-canard-et-paulin-vendredi\/","og_locale":"fr_FR","og_type":"article","og_title":"Supercross de Bercy | Barcia devant Canard et Paulin vendredi - Motocross - Enduro - Supermoto | MotocrossMag","og_description":"Lorsqu&rsquo;on revient \u00e0\u00a0 Bercy, on reste toujours \u00e9merveill\u00e9 par le c\u00f4t\u00e9 &lsquo;supershow&rsquo; du spectacle offert par les organisateurs avec ses superbes clips d&rsquo;introduction, la magnifique chor\u00e9graphie des pom-pom girls ainsi\u00a0 [...]","og_url":"https:\/\/fr.motocrossmag.be\/index.php\/2013\/11\/supercross-de-bercy-barcia-devant-canard-et-paulin-vendredi\/","og_site_name":"Motocross - Enduro - Supermoto | MotocrossMag","article_published_time":"2013-11-09T14:47:47+00:00","og_image":[{"url":"http:\/\/fr.motocrossmag.be\/wp-content\/uploads\/2013\/11\/barcia_cx7c17031.jpg","type":"","width":"","height":""}],"author":"fernand2","twitter_card":"summary_large_image","twitter_misc":{"\u00c9crit par":"fernand2","Dur\u00e9e de lecture estim\u00e9e":"2 minutes"},"schema":{"@context":"https:\/\/schema.org","@graph":[{"@type":"Article","@id":"https:\/\/fr.motocrossmag.be\/index.php\/2013\/11\/supercross-de-bercy-barcia-devant-canard-et-paulin-vendredi\/#article","isPartOf":{"@id":"https:\/\/fr.motocrossmag.be\/index.php\/2013\/11\/supercross-de-bercy-barcia-devant-canard-et-paulin-vendredi\/"},"author":{"name":"fernand2","@id":"https:\/\/fr.motocrossmag.be\/#\/schema\/person\/b1bd0a25696c3aeaac7fd5d92d4ed8f6"},"headline":"Supercross de Bercy | Barcia devant Canard et Paulin vendredi","datePublished":"2013-11-09T14:47:47+00:00","mainEntityOfPage":{"@id":"https:\/\/fr.motocrossmag.be\/index.php\/2013\/11\/supercross-de-bercy-barcia-devant-canard-et-paulin-vendredi\/"},"wordCount":390,"commentCount":0,"image":{"@id":"https:\/\/fr.motocrossmag.be\/index.php\/2013\/11\/supercross-de-bercy-barcia-devant-canard-et-paulin-vendredi\/#primaryimage"},"thumbnailUrl":"http:\/\/fr.motocrossmag.be\/wp-content\/uploads\/2013\/11\/barcia_cx7c17031.jpg","articleSection":["Motocross","Slideshow"],"inLanguage":"fr-FR","potentialAction":[{"@type":"CommentAction","name":"Comment","target":["https:\/\/fr.motocrossmag.be\/index.php\/2013\/11\/supercross-de-bercy-barcia-devant-canard-et-paulin-vendredi\/#respond"]}]},{"@type":"WebPage","@id":"https:\/\/fr.motocrossmag.be\/index.php\/2013\/11\/supercross-de-bercy-barcia-devant-canard-et-paulin-vendredi\/","url":"https:\/\/fr.motocrossmag.be\/index.php\/2013\/11\/supercross-de-bercy-barcia-devant-canard-et-paulin-vendredi\/","name":"Supercross de Bercy | Barcia devant Canard et Paulin vendredi - Motocross - Enduro - Supermoto | MotocrossMag","isPartOf":{"@id":"https:\/\/fr.motocrossmag.be\/#website"},"primaryImageOfPage":{"@id":"https:\/\/fr.motocrossmag.be\/index.php\/2013\/11\/supercross-de-bercy-barcia-devant-canard-et-paulin-vendredi\/#primaryimage"},"image":{"@id":"https:\/\/fr.motocrossmag.be\/index.php\/2013\/11\/supercross-de-bercy-barcia-devant-canard-et-paulin-vendredi\/#primaryimage"},"thumbnailUrl":"http:\/\/fr.motocrossmag.be\/wp-content\/uploads\/2013\/11\/barcia_cx7c17031.jpg","datePublished":"2013-11-09T14:47:47+00:00","author":{"@id":"https:\/\/fr.motocrossmag.be\/#\/schema\/person\/b1bd0a25696c3aeaac7fd5d92d4ed8f6"},"breadcrumb":{"@id":"https:\/\/fr.motocrossmag.be\/index.php\/2013\/11\/supercross-de-bercy-barcia-devant-canard-et-paulin-vendredi\/#breadcrumb"},"inLanguage":"fr-FR","potentialAction":[{"@type":"ReadAction","target":["https:\/\/fr.motocrossmag.be\/index.php\/2013\/11\/supercross-de-bercy-barcia-devant-canard-et-paulin-vendredi\/"]}]},{"@type":"ImageObject","inLanguage":"fr-FR","@id":"https:\/\/fr.motocrossmag.be\/index.php\/2013\/11\/supercross-de-bercy-barcia-devant-canard-et-paulin-vendredi\/#primaryimage","url":"https:\/\/fr.motocrossmag.be\/wp-content\/uploads\/2013\/11\/barcia_cx7c17031.jpg","contentUrl":"https:\/\/fr.motocrossmag.be\/wp-content\/uploads\/2013\/11\/barcia_cx7c17031.jpg","width":500,"height":333},{"@type":"BreadcrumbList","@id":"https:\/\/fr.motocrossmag.be\/index.php\/2013\/11\/supercross-de-bercy-barcia-devant-canard-et-paulin-vendredi\/#breadcrumb","itemListElement":[{"@type":"ListItem","position":1,"name":"Accueil","item":"https:\/\/fr.motocrossmag.be\/"},{"@type":"ListItem","position":2,"name":"Supercross de Bercy | Barcia devant Canard et Paulin vendredi"}]},{"@type":"WebSite","@id":"https:\/\/fr.motocrossmag.be\/#website","url":"https:\/\/fr.motocrossmag.be\/","name":"Motocross - Enduro - Supermoto | MotocrossMag","description":"L&#039;actualit\u00e9 du motocross, de l&#039;enduro et du Supermoto en ligne!","potentialAction":[{"@type":"SearchAction","target":{"@type":"EntryPoint","urlTemplate":"https:\/\/fr.motocrossmag.be\/?s={search_term_string}"},"query-input":{"@type":"PropertyValueSpecification","valueRequired":true,"valueName":"search_term_string"}}],"inLanguage":"fr-FR"},{"@type":"Person","@id":"https:\/\/fr.motocrossmag.be\/#\/schema\/person\/b1bd0a25696c3aeaac7fd5d92d4ed8f6","name":"fernand2","image":{"@type":"ImageObject","inLanguage":"fr-FR","@id":"https:\/\/secure.gravatar.com\/avatar\/e48cfba345f89620e0c3f40fdfd6f6ef6bc1fbad5d0c3cd2555b4f39e37ef934?s=96&d=mm&r=g","url":"https:\/\/secure.gravatar.com\/avatar\/e48cfba345f89620e0c3f40fdfd6f6ef6bc1fbad5d0c3cd2555b4f39e37ef934?s=96&d=mm&r=g","contentUrl":"https:\/\/secure.gravatar.com\/avatar\/e48cfba345f89620e0c3f40fdfd6f6ef6bc1fbad5d0c3cd2555b4f39e37ef934?s=96&d=mm&r=g","caption":"fernand2"},"url":"https:\/\/fr.motocrossmag.be\/index.php\/author\/fernand2\/"}]}},"_links":{"self":[{"href":"https:\/\/fr.motocrossmag.be\/index.php\/wp-json\/wp\/v2\/posts\/19887","targetHints":{"allow":["GET"]}}],"collection":[{"href":"https:\/\/fr.motocrossmag.be\/index.php\/wp-json\/wp\/v2\/posts"}],"about":[{"href":"https:\/\/fr.motocrossmag.be\/index.php\/wp-json\/wp\/v2\/types\/post"}],"author":[{"embeddable":true,"href":"https:\/\/fr.motocrossmag.be\/index.php\/wp-json\/wp\/v2\/users\/898"}],"replies":[{"embeddable":true,"href":"https:\/\/fr.motocrossmag.be\/index.php\/wp-json\/wp\/v2\/comments?post=19887"}],"version-history":[{"count":0,"href":"https:\/\/fr.motocrossmag.be\/index.php\/wp-json\/wp\/v2\/posts\/19887\/revisions"}],"wp:attachment":[{"href":"https:\/\/fr.motocrossmag.be\/index.php\/wp-json\/wp\/v2\/media?parent=19887"}],"wp:term":[{"taxonomy":"category","embeddable":true,"href":"https:\/\/fr.motocrossmag.be\/index.php\/wp-json\/wp\/v2\/categories?post=19887"},{"taxonomy":"post_tag","embeddable":true,"href":"https:\/\/fr.motocrossmag.be\/index.php\/wp-json\/wp\/v2\/tags?post=19887"}],"curies":[{"name":"wp","href":"https:\/\/api.w.org\/{rel}","templated":true}]}}