{"id":19890,"date":"2013-11-10T16:30:04","date_gmt":"2013-11-10T15:30:04","guid":{"rendered":"http:\/\/fr.motocrossmag.be\/?p=19890"},"modified":"2013-11-10T16:34:00","modified_gmt":"2013-11-10T15:34:00","slug":"supercross-de-bercy-samedi-encore-barcia","status":"publish","type":"post","link":"https:\/\/fr.motocrossmag.be\/index.php\/2013\/11\/supercross-de-bercy-samedi-encore-barcia\/","title":{"rendered":"Supercross de Bercy | Samedi: encore Barcia!"},"content":{"rendered":"<p>Le samedi est g\u00e9n\u00e9ralement la soir\u00e9e avec le plus d&rsquo;ambiance \u00e0\u00a0 Bercy. Cela a encore \u00e9t\u00e9 le cas cette ann\u00e9e avec \u00e9norm\u00e9ment de supporters enthousiastes venus de partout en France. Ceux-ci ont pu acclamer les pilotes am\u00e9ricains qui ont trust\u00e9 les quatre premi\u00e8res places lors de l&rsquo;\u00e9preuve principale. Avant la derni\u00e8re journ\u00e9e qui a lieu ce dimanche, Justin Barcia a de bonnes chances d&rsquo;\u00eatre couronn\u00e9 roi de Bercy m\u00eame si Trey Canard n&rsquo;est pas loin. Cinqui\u00e8me, Gautier Paulin aura pour objectif d&rsquo;obtenir une place sur le podium ce dimanche.<\/p>\n<p><img decoding=\"async\" class=\"lazyload alignnone size-full wp-image-19893\" title=\"Trey Canard peut encore \u00eatre le Roi de Bercy 2013\" src=\"http:\/\/fr.motocrossmag.be\/wp-content\/uploads\/2013\/11\/sa_canard_ph_25721.jpg\" data-orig-src=\"http:\/\/fr.motocrossmag.be\/wp-content\/uploads\/2013\/11\/sa_canard_ph_25721.jpg\" alt=\"\" width=\"500\" height=\"333\" srcset=\"data:image\/svg+xml,%3Csvg%20xmlns%3D%27http%3A%2F%2Fwww.w3.org%2F2000%2Fsvg%27%20width%3D%27500%27%20height%3D%27333%27%20viewBox%3D%270%200%20500%20333%27%3E%3Crect%20width%3D%27500%27%20height%3D%27333%27%20fill-opacity%3D%220%22%2F%3E%3C%2Fsvg%3E\" data-srcset=\"https:\/\/fr.motocrossmag.be\/wp-content\/uploads\/2013\/11\/sa_canard_ph_25721-300x199.jpg 300w, https:\/\/fr.motocrossmag.be\/wp-content\/uploads\/2013\/11\/sa_canard_ph_25721.jpg 500w\" data-sizes=\"auto\" data-orig-sizes=\"(max-width: 500px) 100vw, 500px\" \/><\/p>\n<p>Plein a craquer, le POPB (Palais Omnisport Paris Bercy) a vu les supporters fran\u00e7ais acclamer Gautier Paulin lorsque celui-ci \u00e0\u00a0 remport\u00e9 l&rsquo;\u00e9preuve de la Superpole mais ils ont surtout pu s&rsquo;enflammer pour le duel qui a mis aux prises Justin Barcia et Trey Canard.<\/p>\n<p>Dans l&rsquo;\u00e9preuve par \u00e9limination dite course \u00e0\u00a0 l&rsquo;am\u00e9ricaine, Gautier Paulin a rat\u00e9 son d\u00e9part et n&rsquo;a pas pu se qualifier pour la premi\u00e8re ligne dans la finale.<\/p>\n<p>Quant \u00e0\u00a0 Justin Barcia, apr\u00e8s avoir remport\u00e9 la demi-finale de l&rsquo;\u00e9preuve principale ainsi que\u00a0l&rsquo;\u00e9preuve par \u00e9limination, il a du r\u00e9aliser un block-pass\u00a0dans les derniers tours de la finale sur Trey Canard\u00a0 qui l&rsquo;avait d\u00e9pass\u00e9 dans les whoops afin de remporter l&rsquo;\u00e9preuve. Gr\u00e0\u00a2ce a cette seconde victoire cons\u00e9cutive, Barcia a de fortes chances de devenir le roi de Bercy 2013 m\u00eame si Trey Canard reste tr\u00e8s proche au classement provisoire. Le troisi\u00e8me est\u00a0Andrew Short qui a battu respectivement\u00a0Cooper Webb et\u00a0Gautier Paulin.<\/p>\n<p><strong><span style=\"color: #800000;\">R\u00e9sultats<\/span><\/strong><\/p>\n<p><strong>Epreuve principale<\/strong><\/p>\n<p>1.Barcia (USA, Honda) ; 2.Canard (USA, Honda) ; 3.Short (USA, KTM) ; 4.Webb (USA, Yamaha) ; 5.Paulin (FRA, Kawasaki) ; 6.Hahn (USA, Honda) ; 7.Soubeyras (FRA, Honda) ; 8.Izoird (FRA, Suzuki) ; 9.Aranda (FRA, Kawasaki) ; 10.Teillet (FRA, Kawasaki) ; etc&#8230;<\/p>\n<p><strong>Roi de Bercy<\/strong> (apr\u00e8s deux soir\u00e9es)<\/p>\n<p>1.Barcia, 2 pts ; 2.Canard, 4 ; 3.Pauloin, 8 ; 4.Short, 8 ; 5.Hahn, 10 ; 6.Soubeyras, 14 ; 7.Webb, 15 ; 8.Aranda, 17 ; 9.Tixier, 17 ; 10.Izoird, 18 ; &#8230;<\/p>\n","protected":false},"excerpt":{"rendered":"<p>Le samedi est g\u00e9n\u00e9ralement la soir\u00e9e avec le plus d&rsquo;ambiance \u00e0\u00a0 Bercy. Cela a encore \u00e9t\u00e9 le cas cette ann\u00e9e avec \u00e9norm\u00e9ment de supporters enthousiastes venus de partout en France. [&#8230;]<\/p>\n","protected":false},"author":898,"featured_media":0,"comment_status":"open","ping_status":"closed","sticky":false,"template":"","format":"standard","meta":{"footnotes":""},"categories":[4,65],"tags":[],"class_list":["post-19890","post","type-post","status-publish","format-standard","hentry","category-motocross","category-slideshow"],"yoast_head":"<!-- This site is optimized with the Yoast SEO plugin v27.4 - https:\/\/yoast.com\/product\/yoast-seo-wordpress\/ -->\n<title>Supercross de Bercy | Samedi: encore Barcia!  - Motocross - Enduro - Supermoto | MotocrossMag<\/title>\n<meta name=\"robots\" content=\"index, follow, max-snippet:-1, max-image-preview:large, max-video-preview:-1\" \/>\n<link rel=\"canonical\" href=\"https:\/\/fr.motocrossmag.be\/index.php\/2013\/11\/supercross-de-bercy-samedi-encore-barcia\/\" \/>\n<meta property=\"og:locale\" content=\"fr_FR\" \/>\n<meta property=\"og:type\" content=\"article\" \/>\n<meta property=\"og:title\" content=\"Supercross de Bercy | Samedi: encore Barcia!  - Motocross - Enduro - Supermoto | MotocrossMag\" \/>\n<meta property=\"og:description\" content=\"Le samedi est g\u00e9n\u00e9ralement la soir\u00e9e avec le plus d&rsquo;ambiance \u00e0\u00a0 Bercy. Cela a encore \u00e9t\u00e9 le cas cette ann\u00e9e avec \u00e9norm\u00e9ment de supporters enthousiastes venus de partout en France. [...]\" \/>\n<meta property=\"og:url\" content=\"https:\/\/fr.motocrossmag.be\/index.php\/2013\/11\/supercross-de-bercy-samedi-encore-barcia\/\" \/>\n<meta property=\"og:site_name\" content=\"Motocross - Enduro - Supermoto | MotocrossMag\" \/>\n<meta property=\"article:published_time\" content=\"2013-11-10T15:30:04+00:00\" \/>\n<meta property=\"article:modified_time\" content=\"2013-11-10T15:34:00+00:00\" \/>\n<meta property=\"og:image\" content=\"http:\/\/fr.motocrossmag.be\/wp-content\/uploads\/2013\/11\/sa_canard_ph_25721.jpg\" \/>\n<meta name=\"author\" content=\"fernand2\" \/>\n<meta name=\"twitter:card\" content=\"summary_large_image\" \/>\n<meta name=\"twitter:label1\" content=\"\u00c9crit par\" \/>\n\t<meta name=\"twitter:data1\" content=\"fernand2\" \/>\n\t<meta name=\"twitter:label2\" content=\"Dur\u00e9e de lecture estim\u00e9e\" \/>\n\t<meta name=\"twitter:data2\" content=\"2 minutes\" \/>\n<script type=\"application\/ld+json\" class=\"yoast-schema-graph\">{\"@context\":\"https:\\\/\\\/schema.org\",\"@graph\":[{\"@type\":\"Article\",\"@id\":\"https:\\\/\\\/fr.motocrossmag.be\\\/index.php\\\/2013\\\/11\\\/supercross-de-bercy-samedi-encore-barcia\\\/#article\",\"isPartOf\":{\"@id\":\"https:\\\/\\\/fr.motocrossmag.be\\\/index.php\\\/2013\\\/11\\\/supercross-de-bercy-samedi-encore-barcia\\\/\"},\"author\":{\"name\":\"fernand2\",\"@id\":\"https:\\\/\\\/fr.motocrossmag.be\\\/#\\\/schema\\\/person\\\/b1bd0a25696c3aeaac7fd5d92d4ed8f6\"},\"headline\":\"Supercross de Bercy | Samedi: encore Barcia!\",\"datePublished\":\"2013-11-10T15:30:04+00:00\",\"dateModified\":\"2013-11-10T15:34:00+00:00\",\"mainEntityOfPage\":{\"@id\":\"https:\\\/\\\/fr.motocrossmag.be\\\/index.php\\\/2013\\\/11\\\/supercross-de-bercy-samedi-encore-barcia\\\/\"},\"wordCount\":337,\"commentCount\":0,\"image\":{\"@id\":\"https:\\\/\\\/fr.motocrossmag.be\\\/index.php\\\/2013\\\/11\\\/supercross-de-bercy-samedi-encore-barcia\\\/#primaryimage\"},\"thumbnailUrl\":\"http:\\\/\\\/fr.motocrossmag.be\\\/wp-content\\\/uploads\\\/2013\\\/11\\\/sa_canard_ph_25721.jpg\",\"articleSection\":[\"Motocross\",\"Slideshow\"],\"inLanguage\":\"fr-FR\",\"potentialAction\":[{\"@type\":\"CommentAction\",\"name\":\"Comment\",\"target\":[\"https:\\\/\\\/fr.motocrossmag.be\\\/index.php\\\/2013\\\/11\\\/supercross-de-bercy-samedi-encore-barcia\\\/#respond\"]}]},{\"@type\":\"WebPage\",\"@id\":\"https:\\\/\\\/fr.motocrossmag.be\\\/index.php\\\/2013\\\/11\\\/supercross-de-bercy-samedi-encore-barcia\\\/\",\"url\":\"https:\\\/\\\/fr.motocrossmag.be\\\/index.php\\\/2013\\\/11\\\/supercross-de-bercy-samedi-encore-barcia\\\/\",\"name\":\"Supercross de Bercy | Samedi: encore Barcia! - Motocross - Enduro - Supermoto | MotocrossMag\",\"isPartOf\":{\"@id\":\"https:\\\/\\\/fr.motocrossmag.be\\\/#website\"},\"primaryImageOfPage\":{\"@id\":\"https:\\\/\\\/fr.motocrossmag.be\\\/index.php\\\/2013\\\/11\\\/supercross-de-bercy-samedi-encore-barcia\\\/#primaryimage\"},\"image\":{\"@id\":\"https:\\\/\\\/fr.motocrossmag.be\\\/index.php\\\/2013\\\/11\\\/supercross-de-bercy-samedi-encore-barcia\\\/#primaryimage\"},\"thumbnailUrl\":\"http:\\\/\\\/fr.motocrossmag.be\\\/wp-content\\\/uploads\\\/2013\\\/11\\\/sa_canard_ph_25721.jpg\",\"datePublished\":\"2013-11-10T15:30:04+00:00\",\"dateModified\":\"2013-11-10T15:34:00+00:00\",\"author\":{\"@id\":\"https:\\\/\\\/fr.motocrossmag.be\\\/#\\\/schema\\\/person\\\/b1bd0a25696c3aeaac7fd5d92d4ed8f6\"},\"breadcrumb\":{\"@id\":\"https:\\\/\\\/fr.motocrossmag.be\\\/index.php\\\/2013\\\/11\\\/supercross-de-bercy-samedi-encore-barcia\\\/#breadcrumb\"},\"inLanguage\":\"fr-FR\",\"potentialAction\":[{\"@type\":\"ReadAction\",\"target\":[\"https:\\\/\\\/fr.motocrossmag.be\\\/index.php\\\/2013\\\/11\\\/supercross-de-bercy-samedi-encore-barcia\\\/\"]}]},{\"@type\":\"ImageObject\",\"inLanguage\":\"fr-FR\",\"@id\":\"https:\\\/\\\/fr.motocrossmag.be\\\/index.php\\\/2013\\\/11\\\/supercross-de-bercy-samedi-encore-barcia\\\/#primaryimage\",\"url\":\"https:\\\/\\\/fr.motocrossmag.be\\\/wp-content\\\/uploads\\\/2013\\\/11\\\/sa_canard_ph_25721.jpg\",\"contentUrl\":\"https:\\\/\\\/fr.motocrossmag.be\\\/wp-content\\\/uploads\\\/2013\\\/11\\\/sa_canard_ph_25721.jpg\",\"width\":500,\"height\":333},{\"@type\":\"BreadcrumbList\",\"@id\":\"https:\\\/\\\/fr.motocrossmag.be\\\/index.php\\\/2013\\\/11\\\/supercross-de-bercy-samedi-encore-barcia\\\/#breadcrumb\",\"itemListElement\":[{\"@type\":\"ListItem\",\"position\":1,\"name\":\"Accueil\",\"item\":\"https:\\\/\\\/fr.motocrossmag.be\\\/\"},{\"@type\":\"ListItem\",\"position\":2,\"name\":\"Supercross de Bercy | Samedi: encore Barcia!\"}]},{\"@type\":\"WebSite\",\"@id\":\"https:\\\/\\\/fr.motocrossmag.be\\\/#website\",\"url\":\"https:\\\/\\\/fr.motocrossmag.be\\\/\",\"name\":\"Motocross - Enduro - Supermoto | MotocrossMag\",\"description\":\"L&#039;actualit\u00e9 du motocross, de l&#039;enduro et du Supermoto en ligne!\",\"potentialAction\":[{\"@type\":\"SearchAction\",\"target\":{\"@type\":\"EntryPoint\",\"urlTemplate\":\"https:\\\/\\\/fr.motocrossmag.be\\\/?s={search_term_string}\"},\"query-input\":{\"@type\":\"PropertyValueSpecification\",\"valueRequired\":true,\"valueName\":\"search_term_string\"}}],\"inLanguage\":\"fr-FR\"},{\"@type\":\"Person\",\"@id\":\"https:\\\/\\\/fr.motocrossmag.be\\\/#\\\/schema\\\/person\\\/b1bd0a25696c3aeaac7fd5d92d4ed8f6\",\"name\":\"fernand2\",\"image\":{\"@type\":\"ImageObject\",\"inLanguage\":\"fr-FR\",\"@id\":\"https:\\\/\\\/secure.gravatar.com\\\/avatar\\\/e48cfba345f89620e0c3f40fdfd6f6ef6bc1fbad5d0c3cd2555b4f39e37ef934?s=96&d=mm&r=g\",\"url\":\"https:\\\/\\\/secure.gravatar.com\\\/avatar\\\/e48cfba345f89620e0c3f40fdfd6f6ef6bc1fbad5d0c3cd2555b4f39e37ef934?s=96&d=mm&r=g\",\"contentUrl\":\"https:\\\/\\\/secure.gravatar.com\\\/avatar\\\/e48cfba345f89620e0c3f40fdfd6f6ef6bc1fbad5d0c3cd2555b4f39e37ef934?s=96&d=mm&r=g\",\"caption\":\"fernand2\"},\"url\":\"https:\\\/\\\/fr.motocrossmag.be\\\/index.php\\\/author\\\/fernand2\\\/\"}]}<\/script>\n<!-- \/ Yoast SEO plugin. -->","yoast_head_json":{"title":"Supercross de Bercy | Samedi: encore Barcia!  - Motocross - Enduro - Supermoto | MotocrossMag","robots":{"index":"index","follow":"follow","max-snippet":"max-snippet:-1","max-image-preview":"max-image-preview:large","max-video-preview":"max-video-preview:-1"},"canonical":"https:\/\/fr.motocrossmag.be\/index.php\/2013\/11\/supercross-de-bercy-samedi-encore-barcia\/","og_locale":"fr_FR","og_type":"article","og_title":"Supercross de Bercy | Samedi: encore Barcia!  - Motocross - Enduro - Supermoto | MotocrossMag","og_description":"Le samedi est g\u00e9n\u00e9ralement la soir\u00e9e avec le plus d&rsquo;ambiance \u00e0\u00a0 Bercy. Cela a encore \u00e9t\u00e9 le cas cette ann\u00e9e avec \u00e9norm\u00e9ment de supporters enthousiastes venus de partout en France. [...]","og_url":"https:\/\/fr.motocrossmag.be\/index.php\/2013\/11\/supercross-de-bercy-samedi-encore-barcia\/","og_site_name":"Motocross - Enduro - Supermoto | MotocrossMag","article_published_time":"2013-11-10T15:30:04+00:00","article_modified_time":"2013-11-10T15:34:00+00:00","og_image":[{"url":"http:\/\/fr.motocrossmag.be\/wp-content\/uploads\/2013\/11\/sa_canard_ph_25721.jpg","type":"","width":"","height":""}],"author":"fernand2","twitter_card":"summary_large_image","twitter_misc":{"\u00c9crit par":"fernand2","Dur\u00e9e de lecture estim\u00e9e":"2 minutes"},"schema":{"@context":"https:\/\/schema.org","@graph":[{"@type":"Article","@id":"https:\/\/fr.motocrossmag.be\/index.php\/2013\/11\/supercross-de-bercy-samedi-encore-barcia\/#article","isPartOf":{"@id":"https:\/\/fr.motocrossmag.be\/index.php\/2013\/11\/supercross-de-bercy-samedi-encore-barcia\/"},"author":{"name":"fernand2","@id":"https:\/\/fr.motocrossmag.be\/#\/schema\/person\/b1bd0a25696c3aeaac7fd5d92d4ed8f6"},"headline":"Supercross de Bercy | Samedi: encore Barcia!","datePublished":"2013-11-10T15:30:04+00:00","dateModified":"2013-11-10T15:34:00+00:00","mainEntityOfPage":{"@id":"https:\/\/fr.motocrossmag.be\/index.php\/2013\/11\/supercross-de-bercy-samedi-encore-barcia\/"},"wordCount":337,"commentCount":0,"image":{"@id":"https:\/\/fr.motocrossmag.be\/index.php\/2013\/11\/supercross-de-bercy-samedi-encore-barcia\/#primaryimage"},"thumbnailUrl":"http:\/\/fr.motocrossmag.be\/wp-content\/uploads\/2013\/11\/sa_canard_ph_25721.jpg","articleSection":["Motocross","Slideshow"],"inLanguage":"fr-FR","potentialAction":[{"@type":"CommentAction","name":"Comment","target":["https:\/\/fr.motocrossmag.be\/index.php\/2013\/11\/supercross-de-bercy-samedi-encore-barcia\/#respond"]}]},{"@type":"WebPage","@id":"https:\/\/fr.motocrossmag.be\/index.php\/2013\/11\/supercross-de-bercy-samedi-encore-barcia\/","url":"https:\/\/fr.motocrossmag.be\/index.php\/2013\/11\/supercross-de-bercy-samedi-encore-barcia\/","name":"Supercross de Bercy | Samedi: encore Barcia! - Motocross - Enduro - Supermoto | MotocrossMag","isPartOf":{"@id":"https:\/\/fr.motocrossmag.be\/#website"},"primaryImageOfPage":{"@id":"https:\/\/fr.motocrossmag.be\/index.php\/2013\/11\/supercross-de-bercy-samedi-encore-barcia\/#primaryimage"},"image":{"@id":"https:\/\/fr.motocrossmag.be\/index.php\/2013\/11\/supercross-de-bercy-samedi-encore-barcia\/#primaryimage"},"thumbnailUrl":"http:\/\/fr.motocrossmag.be\/wp-content\/uploads\/2013\/11\/sa_canard_ph_25721.jpg","datePublished":"2013-11-10T15:30:04+00:00","dateModified":"2013-11-10T15:34:00+00:00","author":{"@id":"https:\/\/fr.motocrossmag.be\/#\/schema\/person\/b1bd0a25696c3aeaac7fd5d92d4ed8f6"},"breadcrumb":{"@id":"https:\/\/fr.motocrossmag.be\/index.php\/2013\/11\/supercross-de-bercy-samedi-encore-barcia\/#breadcrumb"},"inLanguage":"fr-FR","potentialAction":[{"@type":"ReadAction","target":["https:\/\/fr.motocrossmag.be\/index.php\/2013\/11\/supercross-de-bercy-samedi-encore-barcia\/"]}]},{"@type":"ImageObject","inLanguage":"fr-FR","@id":"https:\/\/fr.motocrossmag.be\/index.php\/2013\/11\/supercross-de-bercy-samedi-encore-barcia\/#primaryimage","url":"https:\/\/fr.motocrossmag.be\/wp-content\/uploads\/2013\/11\/sa_canard_ph_25721.jpg","contentUrl":"https:\/\/fr.motocrossmag.be\/wp-content\/uploads\/2013\/11\/sa_canard_ph_25721.jpg","width":500,"height":333},{"@type":"BreadcrumbList","@id":"https:\/\/fr.motocrossmag.be\/index.php\/2013\/11\/supercross-de-bercy-samedi-encore-barcia\/#breadcrumb","itemListElement":[{"@type":"ListItem","position":1,"name":"Accueil","item":"https:\/\/fr.motocrossmag.be\/"},{"@type":"ListItem","position":2,"name":"Supercross de Bercy | Samedi: encore Barcia!"}]},{"@type":"WebSite","@id":"https:\/\/fr.motocrossmag.be\/#website","url":"https:\/\/fr.motocrossmag.be\/","name":"Motocross - Enduro - Supermoto | MotocrossMag","description":"L&#039;actualit\u00e9 du motocross, de l&#039;enduro et du Supermoto en ligne!","potentialAction":[{"@type":"SearchAction","target":{"@type":"EntryPoint","urlTemplate":"https:\/\/fr.motocrossmag.be\/?s={search_term_string}"},"query-input":{"@type":"PropertyValueSpecification","valueRequired":true,"valueName":"search_term_string"}}],"inLanguage":"fr-FR"},{"@type":"Person","@id":"https:\/\/fr.motocrossmag.be\/#\/schema\/person\/b1bd0a25696c3aeaac7fd5d92d4ed8f6","name":"fernand2","image":{"@type":"ImageObject","inLanguage":"fr-FR","@id":"https:\/\/secure.gravatar.com\/avatar\/e48cfba345f89620e0c3f40fdfd6f6ef6bc1fbad5d0c3cd2555b4f39e37ef934?s=96&d=mm&r=g","url":"https:\/\/secure.gravatar.com\/avatar\/e48cfba345f89620e0c3f40fdfd6f6ef6bc1fbad5d0c3cd2555b4f39e37ef934?s=96&d=mm&r=g","contentUrl":"https:\/\/secure.gravatar.com\/avatar\/e48cfba345f89620e0c3f40fdfd6f6ef6bc1fbad5d0c3cd2555b4f39e37ef934?s=96&d=mm&r=g","caption":"fernand2"},"url":"https:\/\/fr.motocrossmag.be\/index.php\/author\/fernand2\/"}]}},"_links":{"self":[{"href":"https:\/\/fr.motocrossmag.be\/index.php\/wp-json\/wp\/v2\/posts\/19890","targetHints":{"allow":["GET"]}}],"collection":[{"href":"https:\/\/fr.motocrossmag.be\/index.php\/wp-json\/wp\/v2\/posts"}],"about":[{"href":"https:\/\/fr.motocrossmag.be\/index.php\/wp-json\/wp\/v2\/types\/post"}],"author":[{"embeddable":true,"href":"https:\/\/fr.motocrossmag.be\/index.php\/wp-json\/wp\/v2\/users\/898"}],"replies":[{"embeddable":true,"href":"https:\/\/fr.motocrossmag.be\/index.php\/wp-json\/wp\/v2\/comments?post=19890"}],"version-history":[{"count":0,"href":"https:\/\/fr.motocrossmag.be\/index.php\/wp-json\/wp\/v2\/posts\/19890\/revisions"}],"wp:attachment":[{"href":"https:\/\/fr.motocrossmag.be\/index.php\/wp-json\/wp\/v2\/media?parent=19890"}],"wp:term":[{"taxonomy":"category","embeddable":true,"href":"https:\/\/fr.motocrossmag.be\/index.php\/wp-json\/wp\/v2\/categories?post=19890"},{"taxonomy":"post_tag","embeddable":true,"href":"https:\/\/fr.motocrossmag.be\/index.php\/wp-json\/wp\/v2\/tags?post=19890"}],"curies":[{"name":"wp","href":"https:\/\/api.w.org\/{rel}","templated":true}]}}