{"id":19894,"date":"2013-11-11T16:36:57","date_gmt":"2013-11-11T15:36:57","guid":{"rendered":"http:\/\/fr.motocrossmag.be\/?p=19894"},"modified":"2013-11-11T16:38:50","modified_gmt":"2013-11-11T15:38:50","slug":"supercross-de-bercy-canard-vainqueur-dimanche-mais-justin-barcia-est-le-roi-de-bercy-2013","status":"publish","type":"post","link":"https:\/\/fr.motocrossmag.be\/index.php\/2013\/11\/supercross-de-bercy-canard-vainqueur-dimanche-mais-justin-barcia-est-le-roi-de-bercy-2013\/","title":{"rendered":"Supercross de Bercy | Canard l&#8217;emporte dimanche mais Barcia est le roi de Bercy 2013!"},"content":{"rendered":"<p>Trey Canard a remport\u00e9 m\u00e9ritoirement la derni\u00e8re \u00e9preuve du SX de Bercy. Cette victoire n&rsquo;a toutefois pas emp\u00each\u00e9 Justin Barcia d&rsquo;\u00eatre couronn\u00e9 &lsquo;roi de Bercy&rsquo;. Le roi Barcia \u00e9tait accompagn\u00e9 sur le podium final de Trey Canard et de Andrew Short. Pas d&rsquo;Europ\u00e9ens donc parmi les trois premiers.<\/p>\n<p>Justin Barcia et Trey Canard ont tous deux remport\u00e9 leur demi-finale mais ils ont sembl\u00e9 assez nerveux puisque tous deux sont partis \u00e0\u00a0 la faute sans que cela n&rsquo;ait toutefois d&rsquo;inconv\u00e9nient majeur pour les Am\u00e9ricains. A noter que tout comme hier, Justin Barcia a r\u00e9alis\u00e9 un block-pass &lsquo;viril&rsquo; pour reprendre la t\u00eate de &lsquo;sa&rsquo; demi-finale et\u00a0l&#8217;emporter. Andrew Short n&rsquo;avait pas l&rsquo;air tr\u00e8s heureux de la man\u00c5\u201cuvre de son compatriote, c&rsquo;est le moins qu&rsquo;on puisse dire&#8230;<\/p>\n<p>Dans la course par \u00e9limination Barcia et Canard parviendront \u00e0\u00a0 s&rsquo;accrocher et \u00e0\u00a0 se retrouver par terre. Tout cela donne une id\u00e9e de\u00a0l&rsquo;ambiance tendue qui r\u00e9gnait avant la finale!<\/p>\n<p><img decoding=\"async\" class=\"lazyload alignnone size-full wp-image-19896\" title=\"Gautier Paulin n\\'est pas parvenu \u00e0\u00a0 monter sur le podium final de Bercy\" src=\"http:\/\/fr.motocrossmag.be\/wp-content\/uploads\/2013\/11\/131110sxbercy0251.jpg\" data-orig-src=\"http:\/\/fr.motocrossmag.be\/wp-content\/uploads\/2013\/11\/131110sxbercy0251.jpg\" alt=\"\" width=\"500\" height=\"332\" srcset=\"data:image\/svg+xml,%3Csvg%20xmlns%3D%27http%3A%2F%2Fwww.w3.org%2F2000%2Fsvg%27%20width%3D%27500%27%20height%3D%27332%27%20viewBox%3D%270%200%20500%20332%27%3E%3Crect%20width%3D%27500%27%20height%3D%27332%27%20fill-opacity%3D%220%22%2F%3E%3C%2Fsvg%3E\" data-srcset=\"https:\/\/fr.motocrossmag.be\/wp-content\/uploads\/2013\/11\/131110sxbercy0251-300x199.jpg 300w, https:\/\/fr.motocrossmag.be\/wp-content\/uploads\/2013\/11\/131110sxbercy0251.jpg 500w\" data-sizes=\"auto\" data-orig-sizes=\"(max-width: 500px) 100vw, 500px\" \/><\/p>\n<p>Lors de cette fameuse finale, c&rsquo;est Gautier Paulin qui r\u00e9alisait le holeshot devant Hahn, Short et Tixier. Barcia et Canard \u00e9taient quant \u00e0\u00a0 eux mal partis. Au quatri\u00e8me tour, Barcia et Canard \u00e9taient\u00a0toutefois d\u00e9j\u00e0\u00a0 dans les roues des premiers. C&rsquo;est m\u00eame Canard qui occupait la deuxi\u00e8me place et qui devenait\u00a0\u00e0\u00a0 ce moment pr\u00e9cis le roi de Bercy. Canard n&rsquo;en restait pas l\u00e0\u00a0 et il ravissait\u00a0le leadership \u00e0\u00a0 Short aux environs de la mi-course.\u00a0 C&rsquo;\u00e9tait\u00a0ensuite au tour de Barcia de prendre le meilleur sur Short. Barcia \u00e9tait\u00a0d\u00e9cha\u00een\u00e9 et voulait\u00a0absolument remporter cette derni\u00e8re finale. Il allait\u00a0toutefois commettre deux erreurs qui allaient l&#8217;emp\u00eacher de d\u00e9passer Canard qui remportait ainsi la derni\u00e8re finale. La deuxi\u00e8me place de Barcia suffisait \u00e0\u00a0 celui-ci pour\u00a0obtenir le titre de &lsquo;Roi de Bercy&rsquo; 2013. Canard \u00e9tait\u00a0sur la deuxi\u00e8me marche du podium tandis que Short, \u00e0\u00a0 \u00e9galit\u00e9 de points avec Paulin, montait sur la troisi\u00e8me marche.<\/p>\n","protected":false},"excerpt":{"rendered":"<p>Trey Canard a remport\u00e9 m\u00e9ritoirement la derni\u00e8re \u00e9preuve du SX de Bercy. Cette victoire n&rsquo;a toutefois pas emp\u00each\u00e9 Justin Barcia d&rsquo;\u00eatre couronn\u00e9 &lsquo;roi de Bercy&rsquo;. Le roi Barcia \u00e9tait accompagn\u00e9 [&#8230;]<\/p>\n","protected":false},"author":898,"featured_media":0,"comment_status":"open","ping_status":"closed","sticky":false,"template":"","format":"standard","meta":{"footnotes":""},"categories":[4,65],"tags":[],"class_list":["post-19894","post","type-post","status-publish","format-standard","hentry","category-motocross","category-slideshow"],"yoast_head":"<!-- This site is optimized with the Yoast SEO plugin v27.4 - https:\/\/yoast.com\/product\/yoast-seo-wordpress\/ -->\n<title>Supercross de Bercy | Canard l&#039;emporte dimanche mais Barcia est le roi de Bercy 2013! - Motocross - Enduro - Supermoto | MotocrossMag<\/title>\n<meta name=\"robots\" content=\"index, follow, max-snippet:-1, max-image-preview:large, max-video-preview:-1\" \/>\n<link rel=\"canonical\" href=\"https:\/\/fr.motocrossmag.be\/index.php\/2013\/11\/supercross-de-bercy-canard-vainqueur-dimanche-mais-justin-barcia-est-le-roi-de-bercy-2013\/\" \/>\n<meta property=\"og:locale\" content=\"fr_FR\" \/>\n<meta property=\"og:type\" content=\"article\" \/>\n<meta property=\"og:title\" content=\"Supercross de Bercy | Canard l&#039;emporte dimanche mais Barcia est le roi de Bercy 2013! - Motocross - Enduro - Supermoto | MotocrossMag\" \/>\n<meta property=\"og:description\" content=\"Trey Canard a remport\u00e9 m\u00e9ritoirement la derni\u00e8re \u00e9preuve du SX de Bercy. Cette victoire n&rsquo;a toutefois pas emp\u00each\u00e9 Justin Barcia d&rsquo;\u00eatre couronn\u00e9 &lsquo;roi de Bercy&rsquo;. Le roi Barcia \u00e9tait accompagn\u00e9 [...]\" \/>\n<meta property=\"og:url\" content=\"https:\/\/fr.motocrossmag.be\/index.php\/2013\/11\/supercross-de-bercy-canard-vainqueur-dimanche-mais-justin-barcia-est-le-roi-de-bercy-2013\/\" \/>\n<meta property=\"og:site_name\" content=\"Motocross - Enduro - Supermoto | MotocrossMag\" \/>\n<meta property=\"article:published_time\" content=\"2013-11-11T15:36:57+00:00\" \/>\n<meta property=\"article:modified_time\" content=\"2013-11-11T15:38:50+00:00\" \/>\n<meta property=\"og:image\" content=\"http:\/\/fr.motocrossmag.be\/wp-content\/uploads\/2013\/11\/131110sxbercy0251.jpg\" \/>\n<meta name=\"author\" content=\"fernand2\" \/>\n<meta name=\"twitter:card\" content=\"summary_large_image\" \/>\n<meta name=\"twitter:label1\" content=\"\u00c9crit par\" \/>\n\t<meta name=\"twitter:data1\" content=\"fernand2\" \/>\n\t<meta name=\"twitter:label2\" content=\"Dur\u00e9e de lecture estim\u00e9e\" \/>\n\t<meta name=\"twitter:data2\" content=\"2 minutes\" \/>\n<script type=\"application\/ld+json\" class=\"yoast-schema-graph\">{\"@context\":\"https:\\\/\\\/schema.org\",\"@graph\":[{\"@type\":\"Article\",\"@id\":\"https:\\\/\\\/fr.motocrossmag.be\\\/index.php\\\/2013\\\/11\\\/supercross-de-bercy-canard-vainqueur-dimanche-mais-justin-barcia-est-le-roi-de-bercy-2013\\\/#article\",\"isPartOf\":{\"@id\":\"https:\\\/\\\/fr.motocrossmag.be\\\/index.php\\\/2013\\\/11\\\/supercross-de-bercy-canard-vainqueur-dimanche-mais-justin-barcia-est-le-roi-de-bercy-2013\\\/\"},\"author\":{\"name\":\"fernand2\",\"@id\":\"https:\\\/\\\/fr.motocrossmag.be\\\/#\\\/schema\\\/person\\\/b1bd0a25696c3aeaac7fd5d92d4ed8f6\"},\"headline\":\"Supercross de Bercy | Canard l&#8217;emporte dimanche mais Barcia est le roi de Bercy 2013!\",\"datePublished\":\"2013-11-11T15:36:57+00:00\",\"dateModified\":\"2013-11-11T15:38:50+00:00\",\"mainEntityOfPage\":{\"@id\":\"https:\\\/\\\/fr.motocrossmag.be\\\/index.php\\\/2013\\\/11\\\/supercross-de-bercy-canard-vainqueur-dimanche-mais-justin-barcia-est-le-roi-de-bercy-2013\\\/\"},\"wordCount\":358,\"commentCount\":0,\"image\":{\"@id\":\"https:\\\/\\\/fr.motocrossmag.be\\\/index.php\\\/2013\\\/11\\\/supercross-de-bercy-canard-vainqueur-dimanche-mais-justin-barcia-est-le-roi-de-bercy-2013\\\/#primaryimage\"},\"thumbnailUrl\":\"http:\\\/\\\/fr.motocrossmag.be\\\/wp-content\\\/uploads\\\/2013\\\/11\\\/131110sxbercy0251.jpg\",\"articleSection\":[\"Motocross\",\"Slideshow\"],\"inLanguage\":\"fr-FR\",\"potentialAction\":[{\"@type\":\"CommentAction\",\"name\":\"Comment\",\"target\":[\"https:\\\/\\\/fr.motocrossmag.be\\\/index.php\\\/2013\\\/11\\\/supercross-de-bercy-canard-vainqueur-dimanche-mais-justin-barcia-est-le-roi-de-bercy-2013\\\/#respond\"]}]},{\"@type\":\"WebPage\",\"@id\":\"https:\\\/\\\/fr.motocrossmag.be\\\/index.php\\\/2013\\\/11\\\/supercross-de-bercy-canard-vainqueur-dimanche-mais-justin-barcia-est-le-roi-de-bercy-2013\\\/\",\"url\":\"https:\\\/\\\/fr.motocrossmag.be\\\/index.php\\\/2013\\\/11\\\/supercross-de-bercy-canard-vainqueur-dimanche-mais-justin-barcia-est-le-roi-de-bercy-2013\\\/\",\"name\":\"Supercross de Bercy | Canard l'emporte dimanche mais Barcia est le roi de Bercy 2013! - Motocross - Enduro - Supermoto | MotocrossMag\",\"isPartOf\":{\"@id\":\"https:\\\/\\\/fr.motocrossmag.be\\\/#website\"},\"primaryImageOfPage\":{\"@id\":\"https:\\\/\\\/fr.motocrossmag.be\\\/index.php\\\/2013\\\/11\\\/supercross-de-bercy-canard-vainqueur-dimanche-mais-justin-barcia-est-le-roi-de-bercy-2013\\\/#primaryimage\"},\"image\":{\"@id\":\"https:\\\/\\\/fr.motocrossmag.be\\\/index.php\\\/2013\\\/11\\\/supercross-de-bercy-canard-vainqueur-dimanche-mais-justin-barcia-est-le-roi-de-bercy-2013\\\/#primaryimage\"},\"thumbnailUrl\":\"http:\\\/\\\/fr.motocrossmag.be\\\/wp-content\\\/uploads\\\/2013\\\/11\\\/131110sxbercy0251.jpg\",\"datePublished\":\"2013-11-11T15:36:57+00:00\",\"dateModified\":\"2013-11-11T15:38:50+00:00\",\"author\":{\"@id\":\"https:\\\/\\\/fr.motocrossmag.be\\\/#\\\/schema\\\/person\\\/b1bd0a25696c3aeaac7fd5d92d4ed8f6\"},\"breadcrumb\":{\"@id\":\"https:\\\/\\\/fr.motocrossmag.be\\\/index.php\\\/2013\\\/11\\\/supercross-de-bercy-canard-vainqueur-dimanche-mais-justin-barcia-est-le-roi-de-bercy-2013\\\/#breadcrumb\"},\"inLanguage\":\"fr-FR\",\"potentialAction\":[{\"@type\":\"ReadAction\",\"target\":[\"https:\\\/\\\/fr.motocrossmag.be\\\/index.php\\\/2013\\\/11\\\/supercross-de-bercy-canard-vainqueur-dimanche-mais-justin-barcia-est-le-roi-de-bercy-2013\\\/\"]}]},{\"@type\":\"ImageObject\",\"inLanguage\":\"fr-FR\",\"@id\":\"https:\\\/\\\/fr.motocrossmag.be\\\/index.php\\\/2013\\\/11\\\/supercross-de-bercy-canard-vainqueur-dimanche-mais-justin-barcia-est-le-roi-de-bercy-2013\\\/#primaryimage\",\"url\":\"https:\\\/\\\/fr.motocrossmag.be\\\/wp-content\\\/uploads\\\/2013\\\/11\\\/131110sxbercy0251.jpg\",\"contentUrl\":\"https:\\\/\\\/fr.motocrossmag.be\\\/wp-content\\\/uploads\\\/2013\\\/11\\\/131110sxbercy0251.jpg\",\"width\":500,\"height\":332},{\"@type\":\"BreadcrumbList\",\"@id\":\"https:\\\/\\\/fr.motocrossmag.be\\\/index.php\\\/2013\\\/11\\\/supercross-de-bercy-canard-vainqueur-dimanche-mais-justin-barcia-est-le-roi-de-bercy-2013\\\/#breadcrumb\",\"itemListElement\":[{\"@type\":\"ListItem\",\"position\":1,\"name\":\"Accueil\",\"item\":\"https:\\\/\\\/fr.motocrossmag.be\\\/\"},{\"@type\":\"ListItem\",\"position\":2,\"name\":\"Supercross de Bercy | Canard l&#8217;emporte dimanche mais Barcia est le roi de Bercy 2013!\"}]},{\"@type\":\"WebSite\",\"@id\":\"https:\\\/\\\/fr.motocrossmag.be\\\/#website\",\"url\":\"https:\\\/\\\/fr.motocrossmag.be\\\/\",\"name\":\"Motocross - Enduro - Supermoto | MotocrossMag\",\"description\":\"L&#039;actualit\u00e9 du motocross, de l&#039;enduro et du Supermoto en ligne!\",\"potentialAction\":[{\"@type\":\"SearchAction\",\"target\":{\"@type\":\"EntryPoint\",\"urlTemplate\":\"https:\\\/\\\/fr.motocrossmag.be\\\/?s={search_term_string}\"},\"query-input\":{\"@type\":\"PropertyValueSpecification\",\"valueRequired\":true,\"valueName\":\"search_term_string\"}}],\"inLanguage\":\"fr-FR\"},{\"@type\":\"Person\",\"@id\":\"https:\\\/\\\/fr.motocrossmag.be\\\/#\\\/schema\\\/person\\\/b1bd0a25696c3aeaac7fd5d92d4ed8f6\",\"name\":\"fernand2\",\"image\":{\"@type\":\"ImageObject\",\"inLanguage\":\"fr-FR\",\"@id\":\"https:\\\/\\\/secure.gravatar.com\\\/avatar\\\/e48cfba345f89620e0c3f40fdfd6f6ef6bc1fbad5d0c3cd2555b4f39e37ef934?s=96&d=mm&r=g\",\"url\":\"https:\\\/\\\/secure.gravatar.com\\\/avatar\\\/e48cfba345f89620e0c3f40fdfd6f6ef6bc1fbad5d0c3cd2555b4f39e37ef934?s=96&d=mm&r=g\",\"contentUrl\":\"https:\\\/\\\/secure.gravatar.com\\\/avatar\\\/e48cfba345f89620e0c3f40fdfd6f6ef6bc1fbad5d0c3cd2555b4f39e37ef934?s=96&d=mm&r=g\",\"caption\":\"fernand2\"},\"url\":\"https:\\\/\\\/fr.motocrossmag.be\\\/index.php\\\/author\\\/fernand2\\\/\"}]}<\/script>\n<!-- \/ Yoast SEO plugin. -->","yoast_head_json":{"title":"Supercross de Bercy | Canard l'emporte dimanche mais Barcia est le roi de Bercy 2013! - Motocross - Enduro - Supermoto | MotocrossMag","robots":{"index":"index","follow":"follow","max-snippet":"max-snippet:-1","max-image-preview":"max-image-preview:large","max-video-preview":"max-video-preview:-1"},"canonical":"https:\/\/fr.motocrossmag.be\/index.php\/2013\/11\/supercross-de-bercy-canard-vainqueur-dimanche-mais-justin-barcia-est-le-roi-de-bercy-2013\/","og_locale":"fr_FR","og_type":"article","og_title":"Supercross de Bercy | Canard l'emporte dimanche mais Barcia est le roi de Bercy 2013! - Motocross - Enduro - Supermoto | MotocrossMag","og_description":"Trey Canard a remport\u00e9 m\u00e9ritoirement la derni\u00e8re \u00e9preuve du SX de Bercy. Cette victoire n&rsquo;a toutefois pas emp\u00each\u00e9 Justin Barcia d&rsquo;\u00eatre couronn\u00e9 &lsquo;roi de Bercy&rsquo;. Le roi Barcia \u00e9tait accompagn\u00e9 [...]","og_url":"https:\/\/fr.motocrossmag.be\/index.php\/2013\/11\/supercross-de-bercy-canard-vainqueur-dimanche-mais-justin-barcia-est-le-roi-de-bercy-2013\/","og_site_name":"Motocross - Enduro - Supermoto | MotocrossMag","article_published_time":"2013-11-11T15:36:57+00:00","article_modified_time":"2013-11-11T15:38:50+00:00","og_image":[{"url":"http:\/\/fr.motocrossmag.be\/wp-content\/uploads\/2013\/11\/131110sxbercy0251.jpg","type":"","width":"","height":""}],"author":"fernand2","twitter_card":"summary_large_image","twitter_misc":{"\u00c9crit par":"fernand2","Dur\u00e9e de lecture estim\u00e9e":"2 minutes"},"schema":{"@context":"https:\/\/schema.org","@graph":[{"@type":"Article","@id":"https:\/\/fr.motocrossmag.be\/index.php\/2013\/11\/supercross-de-bercy-canard-vainqueur-dimanche-mais-justin-barcia-est-le-roi-de-bercy-2013\/#article","isPartOf":{"@id":"https:\/\/fr.motocrossmag.be\/index.php\/2013\/11\/supercross-de-bercy-canard-vainqueur-dimanche-mais-justin-barcia-est-le-roi-de-bercy-2013\/"},"author":{"name":"fernand2","@id":"https:\/\/fr.motocrossmag.be\/#\/schema\/person\/b1bd0a25696c3aeaac7fd5d92d4ed8f6"},"headline":"Supercross de Bercy | Canard l&#8217;emporte dimanche mais Barcia est le roi de Bercy 2013!","datePublished":"2013-11-11T15:36:57+00:00","dateModified":"2013-11-11T15:38:50+00:00","mainEntityOfPage":{"@id":"https:\/\/fr.motocrossmag.be\/index.php\/2013\/11\/supercross-de-bercy-canard-vainqueur-dimanche-mais-justin-barcia-est-le-roi-de-bercy-2013\/"},"wordCount":358,"commentCount":0,"image":{"@id":"https:\/\/fr.motocrossmag.be\/index.php\/2013\/11\/supercross-de-bercy-canard-vainqueur-dimanche-mais-justin-barcia-est-le-roi-de-bercy-2013\/#primaryimage"},"thumbnailUrl":"http:\/\/fr.motocrossmag.be\/wp-content\/uploads\/2013\/11\/131110sxbercy0251.jpg","articleSection":["Motocross","Slideshow"],"inLanguage":"fr-FR","potentialAction":[{"@type":"CommentAction","name":"Comment","target":["https:\/\/fr.motocrossmag.be\/index.php\/2013\/11\/supercross-de-bercy-canard-vainqueur-dimanche-mais-justin-barcia-est-le-roi-de-bercy-2013\/#respond"]}]},{"@type":"WebPage","@id":"https:\/\/fr.motocrossmag.be\/index.php\/2013\/11\/supercross-de-bercy-canard-vainqueur-dimanche-mais-justin-barcia-est-le-roi-de-bercy-2013\/","url":"https:\/\/fr.motocrossmag.be\/index.php\/2013\/11\/supercross-de-bercy-canard-vainqueur-dimanche-mais-justin-barcia-est-le-roi-de-bercy-2013\/","name":"Supercross de Bercy | Canard l'emporte dimanche mais Barcia est le roi de Bercy 2013! - Motocross - Enduro - Supermoto | MotocrossMag","isPartOf":{"@id":"https:\/\/fr.motocrossmag.be\/#website"},"primaryImageOfPage":{"@id":"https:\/\/fr.motocrossmag.be\/index.php\/2013\/11\/supercross-de-bercy-canard-vainqueur-dimanche-mais-justin-barcia-est-le-roi-de-bercy-2013\/#primaryimage"},"image":{"@id":"https:\/\/fr.motocrossmag.be\/index.php\/2013\/11\/supercross-de-bercy-canard-vainqueur-dimanche-mais-justin-barcia-est-le-roi-de-bercy-2013\/#primaryimage"},"thumbnailUrl":"http:\/\/fr.motocrossmag.be\/wp-content\/uploads\/2013\/11\/131110sxbercy0251.jpg","datePublished":"2013-11-11T15:36:57+00:00","dateModified":"2013-11-11T15:38:50+00:00","author":{"@id":"https:\/\/fr.motocrossmag.be\/#\/schema\/person\/b1bd0a25696c3aeaac7fd5d92d4ed8f6"},"breadcrumb":{"@id":"https:\/\/fr.motocrossmag.be\/index.php\/2013\/11\/supercross-de-bercy-canard-vainqueur-dimanche-mais-justin-barcia-est-le-roi-de-bercy-2013\/#breadcrumb"},"inLanguage":"fr-FR","potentialAction":[{"@type":"ReadAction","target":["https:\/\/fr.motocrossmag.be\/index.php\/2013\/11\/supercross-de-bercy-canard-vainqueur-dimanche-mais-justin-barcia-est-le-roi-de-bercy-2013\/"]}]},{"@type":"ImageObject","inLanguage":"fr-FR","@id":"https:\/\/fr.motocrossmag.be\/index.php\/2013\/11\/supercross-de-bercy-canard-vainqueur-dimanche-mais-justin-barcia-est-le-roi-de-bercy-2013\/#primaryimage","url":"https:\/\/fr.motocrossmag.be\/wp-content\/uploads\/2013\/11\/131110sxbercy0251.jpg","contentUrl":"https:\/\/fr.motocrossmag.be\/wp-content\/uploads\/2013\/11\/131110sxbercy0251.jpg","width":500,"height":332},{"@type":"BreadcrumbList","@id":"https:\/\/fr.motocrossmag.be\/index.php\/2013\/11\/supercross-de-bercy-canard-vainqueur-dimanche-mais-justin-barcia-est-le-roi-de-bercy-2013\/#breadcrumb","itemListElement":[{"@type":"ListItem","position":1,"name":"Accueil","item":"https:\/\/fr.motocrossmag.be\/"},{"@type":"ListItem","position":2,"name":"Supercross de Bercy | Canard l&#8217;emporte dimanche mais Barcia est le roi de Bercy 2013!"}]},{"@type":"WebSite","@id":"https:\/\/fr.motocrossmag.be\/#website","url":"https:\/\/fr.motocrossmag.be\/","name":"Motocross - Enduro - Supermoto | MotocrossMag","description":"L&#039;actualit\u00e9 du motocross, de l&#039;enduro et du Supermoto en ligne!","potentialAction":[{"@type":"SearchAction","target":{"@type":"EntryPoint","urlTemplate":"https:\/\/fr.motocrossmag.be\/?s={search_term_string}"},"query-input":{"@type":"PropertyValueSpecification","valueRequired":true,"valueName":"search_term_string"}}],"inLanguage":"fr-FR"},{"@type":"Person","@id":"https:\/\/fr.motocrossmag.be\/#\/schema\/person\/b1bd0a25696c3aeaac7fd5d92d4ed8f6","name":"fernand2","image":{"@type":"ImageObject","inLanguage":"fr-FR","@id":"https:\/\/secure.gravatar.com\/avatar\/e48cfba345f89620e0c3f40fdfd6f6ef6bc1fbad5d0c3cd2555b4f39e37ef934?s=96&d=mm&r=g","url":"https:\/\/secure.gravatar.com\/avatar\/e48cfba345f89620e0c3f40fdfd6f6ef6bc1fbad5d0c3cd2555b4f39e37ef934?s=96&d=mm&r=g","contentUrl":"https:\/\/secure.gravatar.com\/avatar\/e48cfba345f89620e0c3f40fdfd6f6ef6bc1fbad5d0c3cd2555b4f39e37ef934?s=96&d=mm&r=g","caption":"fernand2"},"url":"https:\/\/fr.motocrossmag.be\/index.php\/author\/fernand2\/"}]}},"_links":{"self":[{"href":"https:\/\/fr.motocrossmag.be\/index.php\/wp-json\/wp\/v2\/posts\/19894","targetHints":{"allow":["GET"]}}],"collection":[{"href":"https:\/\/fr.motocrossmag.be\/index.php\/wp-json\/wp\/v2\/posts"}],"about":[{"href":"https:\/\/fr.motocrossmag.be\/index.php\/wp-json\/wp\/v2\/types\/post"}],"author":[{"embeddable":true,"href":"https:\/\/fr.motocrossmag.be\/index.php\/wp-json\/wp\/v2\/users\/898"}],"replies":[{"embeddable":true,"href":"https:\/\/fr.motocrossmag.be\/index.php\/wp-json\/wp\/v2\/comments?post=19894"}],"version-history":[{"count":0,"href":"https:\/\/fr.motocrossmag.be\/index.php\/wp-json\/wp\/v2\/posts\/19894\/revisions"}],"wp:attachment":[{"href":"https:\/\/fr.motocrossmag.be\/index.php\/wp-json\/wp\/v2\/media?parent=19894"}],"wp:term":[{"taxonomy":"category","embeddable":true,"href":"https:\/\/fr.motocrossmag.be\/index.php\/wp-json\/wp\/v2\/categories?post=19894"},{"taxonomy":"post_tag","embeddable":true,"href":"https:\/\/fr.motocrossmag.be\/index.php\/wp-json\/wp\/v2\/tags?post=19894"}],"curies":[{"name":"wp","href":"https:\/\/api.w.org\/{rel}","templated":true}]}}