{"id":19909,"date":"2013-11-13T00:22:08","date_gmt":"2013-11-12T23:22:08","guid":{"rendered":"http:\/\/fr.motocrossmag.be\/?p=19909"},"modified":"2013-11-13T00:22:08","modified_gmt":"2013-11-12T23:22:08","slug":"galerie-photos-photos-le-supercross-de-bercy-2013","status":"publish","type":"post","link":"https:\/\/fr.motocrossmag.be\/index.php\/2013\/11\/galerie-photos-photos-le-supercross-de-bercy-2013\/","title":{"rendered":"Galerie photos | Photos: le Supercross de Bercy 2013"},"content":{"rendered":"<p>Le Supercross de Bercy est l&rsquo;\u00e9v\u00e9nement incontournable de l&rsquo;apr\u00e8s-saison. L&rsquo;\u00e9dition 2013 disput\u00e9e ce week-end dans la capitale fran\u00e7aise a une fois de plus \u00e9t\u00e9 \u00e0\u00a0 la hauteur de la r\u00e9putation de l&rsquo;\u00e9v\u00e9nement. Du sport, du show, des stars, du suspens,&#8230; tous les ingr\u00e9dients qui font le succ\u00e8s de l&rsquo;\u00e9preuve parisienne depuis plus de 30 ans ont une nouvelle fois permis \u00e0\u00a0 la magie d&rsquo;op\u00e9rer. Retour en images avec cette galerie sign\u00e9e CDS.<\/p>\n<p>Photos: CDS<\/p>\n<p><a class=\"shutterset_set_368\" title=\" \" rel=\"lightbox dia=1\" href=\"http:\/\/nl.motocrossmag.be\/wp-content\/gallery\/Bercy_cds_13_logo\/YCF_CX7C1320.jpg\"><img class=\"lazyload\" decoding=\"async\" title=\"YCF_CX7C1320\" src=\"data:image\/svg+xml,%3Csvg%20xmlns%3D%27http%3A%2F%2Fwww.w3.org%2F2000%2Fsvg%27%20width%3D%27100%27%20height%3D%2775%27%20viewBox%3D%270%200%20100%2075%27%3E%3Crect%20width%3D%27100%27%20height%3D%2775%27%20fill-opacity%3D%220%22%2F%3E%3C%2Fsvg%3E\" data-orig-src=\"http:\/\/nl.motocrossmag.be\/wp-content\/gallery\/Bercy_cds_13_logo\/thumbs\/thumbs_YCF_CX7C1320.jpg\" alt=\"YCF_CX7C1320\" width=\"100\" height=\"75\" \/> <\/a><a class=\"shutterset_set_368\" title=\" \" rel=\"lightbox dia=1\" href=\"http:\/\/nl.motocrossmag.be\/wp-content\/gallery\/Bercy_cds_13_logo\/adams_CX7C2859.jpg\"><img class=\"lazyload\" decoding=\"async\" title=\"adams_CX7C2859\" src=\"data:image\/svg+xml,%3Csvg%20xmlns%3D%27http%3A%2F%2Fwww.w3.org%2F2000%2Fsvg%27%20width%3D%27100%27%20height%3D%2775%27%20viewBox%3D%270%200%20100%2075%27%3E%3Crect%20width%3D%27100%27%20height%3D%2775%27%20fill-opacity%3D%220%22%2F%3E%3C%2Fsvg%3E\" data-orig-src=\"http:\/\/nl.motocrossmag.be\/wp-content\/gallery\/Bercy_cds_13_logo\/thumbs\/thumbs_adams_CX7C2859.jpg\" alt=\"adams_CX7C2859\" width=\"100\" height=\"75\" \/> <\/a><a class=\"shutterset_set_368\" title=\" \" rel=\"lightbox dia=1\" href=\"http:\/\/nl.motocrossmag.be\/wp-content\/gallery\/Bercy_cds_13_logo\/aranda_CX7C0959.jpg\"><img class=\"lazyload\" decoding=\"async\" title=\"aranda_CX7C0959\" src=\"data:image\/svg+xml,%3Csvg%20xmlns%3D%27http%3A%2F%2Fwww.w3.org%2F2000%2Fsvg%27%20width%3D%27100%27%20height%3D%2775%27%20viewBox%3D%270%200%20100%2075%27%3E%3Crect%20width%3D%27100%27%20height%3D%2775%27%20fill-opacity%3D%220%22%2F%3E%3C%2Fsvg%3E\" data-orig-src=\"http:\/\/nl.motocrossmag.be\/wp-content\/gallery\/Bercy_cds_13_logo\/thumbs\/thumbs_aranda_CX7C0959.jpg\" alt=\"aranda_CX7C0959\" width=\"100\" height=\"75\" \/> <\/a><a class=\"shutterset_set_368\" title=\" \" rel=\"lightbox dia=1\" href=\"http:\/\/nl.motocrossmag.be\/wp-content\/gallery\/Bercy_cds_13_logo\/aranda_CX7C2824.jpg\"><img class=\"lazyload\" decoding=\"async\" title=\"aranda_CX7C2824\" src=\"data:image\/svg+xml,%3Csvg%20xmlns%3D%27http%3A%2F%2Fwww.w3.org%2F2000%2Fsvg%27%20width%3D%27100%27%20height%3D%2775%27%20viewBox%3D%270%200%20100%2075%27%3E%3Crect%20width%3D%27100%27%20height%3D%2775%27%20fill-opacity%3D%220%22%2F%3E%3C%2Fsvg%3E\" data-orig-src=\"http:\/\/nl.motocrossmag.be\/wp-content\/gallery\/Bercy_cds_13_logo\/thumbs\/thumbs_aranda_CX7C2824.jpg\" alt=\"aranda_CX7C2824\" width=\"100\" height=\"75\" \/> <\/a><a class=\"shutterset_set_368\" title=\" \" rel=\"lightbox dia=1\" href=\"http:\/\/nl.motocrossmag.be\/wp-content\/gallery\/Bercy_cds_13_logo\/barcia_CX7C1309.jpg\"><img class=\"lazyload\" decoding=\"async\" title=\"barcia_CX7C1309\" src=\"data:image\/svg+xml,%3Csvg%20xmlns%3D%27http%3A%2F%2Fwww.w3.org%2F2000%2Fsvg%27%20width%3D%27100%27%20height%3D%2775%27%20viewBox%3D%270%200%20100%2075%27%3E%3Crect%20width%3D%27100%27%20height%3D%2775%27%20fill-opacity%3D%220%22%2F%3E%3C%2Fsvg%3E\" data-orig-src=\"http:\/\/nl.motocrossmag.be\/wp-content\/gallery\/Bercy_cds_13_logo\/thumbs\/thumbs_barcia_CX7C1309.jpg\" alt=\"barcia_CX7C1309\" width=\"100\" height=\"75\" \/> <\/a><a class=\"shutterset_set_368\" title=\" \" rel=\"lightbox dia=1\" href=\"http:\/\/nl.motocrossmag.be\/wp-content\/gallery\/Bercy_cds_13_logo\/barcia_CX7C1882.jpg\"><img class=\"lazyload\" decoding=\"async\" title=\"barcia_CX7C1882\" src=\"data:image\/svg+xml,%3Csvg%20xmlns%3D%27http%3A%2F%2Fwww.w3.org%2F2000%2Fsvg%27%20width%3D%27100%27%20height%3D%2775%27%20viewBox%3D%270%200%20100%2075%27%3E%3Crect%20width%3D%27100%27%20height%3D%2775%27%20fill-opacity%3D%220%22%2F%3E%3C%2Fsvg%3E\" data-orig-src=\"http:\/\/nl.motocrossmag.be\/wp-content\/gallery\/Bercy_cds_13_logo\/thumbs\/thumbs_barcia_CX7C1882.jpg\" alt=\"barcia_CX7C1882\" width=\"100\" height=\"75\" \/> <\/a><a class=\"shutterset_set_368\" title=\" \" rel=\"lightbox dia=1\" href=\"http:\/\/nl.motocrossmag.be\/wp-content\/gallery\/Bercy_cds_13_logo\/barcia_CX7C3814.jpg\"><img class=\"lazyload\" decoding=\"async\" title=\"barcia_CX7C3814\" src=\"data:image\/svg+xml,%3Csvg%20xmlns%3D%27http%3A%2F%2Fwww.w3.org%2F2000%2Fsvg%27%20width%3D%27100%27%20height%3D%2775%27%20viewBox%3D%270%200%20100%2075%27%3E%3Crect%20width%3D%27100%27%20height%3D%2775%27%20fill-opacity%3D%220%22%2F%3E%3C%2Fsvg%3E\" data-orig-src=\"http:\/\/nl.motocrossmag.be\/wp-content\/gallery\/Bercy_cds_13_logo\/thumbs\/thumbs_barcia_CX7C3814.jpg\" alt=\"barcia_CX7C3814\" width=\"100\" height=\"75\" \/> <\/a><a class=\"shutterset_set_368\" title=\" \" rel=\"lightbox dia=1\" href=\"http:\/\/nl.motocrossmag.be\/wp-content\/gallery\/Bercy_cds_13_logo\/bayle_CX7C1545.jpg\"><img class=\"lazyload\" decoding=\"async\" title=\"bayle_CX7C1545\" src=\"data:image\/svg+xml,%3Csvg%20xmlns%3D%27http%3A%2F%2Fwww.w3.org%2F2000%2Fsvg%27%20width%3D%27100%27%20height%3D%2775%27%20viewBox%3D%270%200%20100%2075%27%3E%3Crect%20width%3D%27100%27%20height%3D%2775%27%20fill-opacity%3D%220%22%2F%3E%3C%2Fsvg%3E\" data-orig-src=\"http:\/\/nl.motocrossmag.be\/wp-content\/gallery\/Bercy_cds_13_logo\/thumbs\/thumbs_bayle_CX7C1545.jpg\" alt=\"bayle_CX7C1545\" width=\"100\" height=\"75\" \/> <\/a><a class=\"shutterset_set_368\" title=\" \" rel=\"lightbox dia=1\" href=\"http:\/\/nl.motocrossmag.be\/wp-content\/gallery\/Bercy_cds_13_logo\/biela_CX7C0522.jpg\"><img class=\"lazyload\" decoding=\"async\" title=\"biela_CX7C0522\" src=\"data:image\/svg+xml,%3Csvg%20xmlns%3D%27http%3A%2F%2Fwww.w3.org%2F2000%2Fsvg%27%20width%3D%27100%27%20height%3D%2775%27%20viewBox%3D%270%200%20100%2075%27%3E%3Crect%20width%3D%27100%27%20height%3D%2775%27%20fill-opacity%3D%220%22%2F%3E%3C%2Fsvg%3E\" data-orig-src=\"http:\/\/nl.motocrossmag.be\/wp-content\/gallery\/Bercy_cds_13_logo\/thumbs\/thumbs_biela_CX7C0522.jpg\" alt=\"biela_CX7C0522\" width=\"100\" height=\"75\" \/> <\/a><a class=\"shutterset_set_368\" title=\" \" rel=\"lightbox dia=1\" href=\"http:\/\/nl.motocrossmag.be\/wp-content\/gallery\/Bercy_cds_13_logo\/bonini_CX7C0907.jpg\"><img class=\"lazyload\" decoding=\"async\" title=\"bonini_CX7C0907\" src=\"data:image\/svg+xml,%3Csvg%20xmlns%3D%27http%3A%2F%2Fwww.w3.org%2F2000%2Fsvg%27%20width%3D%27100%27%20height%3D%2775%27%20viewBox%3D%270%200%20100%2075%27%3E%3Crect%20width%3D%27100%27%20height%3D%2775%27%20fill-opacity%3D%220%22%2F%3E%3C%2Fsvg%3E\" data-orig-src=\"http:\/\/nl.motocrossmag.be\/wp-content\/gallery\/Bercy_cds_13_logo\/thumbs\/thumbs_bonini_CX7C0907.jpg\" alt=\"bonini_CX7C0907\" width=\"100\" height=\"75\" \/> <\/a><a class=\"shutterset_set_368\" title=\" \" rel=\"lightbox dia=1\" href=\"http:\/\/nl.motocrossmag.be\/wp-content\/gallery\/Bercy_cds_13_logo\/bonini_CX7C1590.jpg\"><img class=\"lazyload\" decoding=\"async\" title=\"bonini_CX7C1590\" src=\"data:image\/svg+xml,%3Csvg%20xmlns%3D%27http%3A%2F%2Fwww.w3.org%2F2000%2Fsvg%27%20width%3D%27100%27%20height%3D%2775%27%20viewBox%3D%270%200%20100%2075%27%3E%3Crect%20width%3D%27100%27%20height%3D%2775%27%20fill-opacity%3D%220%22%2F%3E%3C%2Fsvg%3E\" data-orig-src=\"http:\/\/nl.motocrossmag.be\/wp-content\/gallery\/Bercy_cds_13_logo\/thumbs\/thumbs_bonini_CX7C1590.jpg\" alt=\"bonini_CX7C1590\" width=\"100\" height=\"75\" \/> <\/a><a class=\"shutterset_set_368\" title=\" \" rel=\"lightbox dia=1\" href=\"http:\/\/nl.motocrossmag.be\/wp-content\/gallery\/Bercy_cds_13_logo\/bourdon_CX7C0474.jpg\"><img class=\"lazyload\" decoding=\"async\" title=\"bourdon_CX7C0474\" src=\"data:image\/svg+xml,%3Csvg%20xmlns%3D%27http%3A%2F%2Fwww.w3.org%2F2000%2Fsvg%27%20width%3D%27100%27%20height%3D%2775%27%20viewBox%3D%270%200%20100%2075%27%3E%3Crect%20width%3D%27100%27%20height%3D%2775%27%20fill-opacity%3D%220%22%2F%3E%3C%2Fsvg%3E\" data-orig-src=\"http:\/\/nl.motocrossmag.be\/wp-content\/gallery\/Bercy_cds_13_logo\/thumbs\/thumbs_bourdon_CX7C0474.jpg\" alt=\"bourdon_CX7C0474\" width=\"100\" height=\"75\" \/> <\/a><a class=\"shutterset_set_368\" title=\" \" rel=\"lightbox dia=1\" href=\"http:\/\/nl.motocrossmag.be\/wp-content\/gallery\/Bercy_cds_13_logo\/canard_CX7C0898.jpg\"><img class=\"lazyload\" decoding=\"async\" title=\"canard_CX7C0898\" src=\"data:image\/svg+xml,%3Csvg%20xmlns%3D%27http%3A%2F%2Fwww.w3.org%2F2000%2Fsvg%27%20width%3D%27100%27%20height%3D%2775%27%20viewBox%3D%270%200%20100%2075%27%3E%3Crect%20width%3D%27100%27%20height%3D%2775%27%20fill-opacity%3D%220%22%2F%3E%3C%2Fsvg%3E\" data-orig-src=\"http:\/\/nl.motocrossmag.be\/wp-content\/gallery\/Bercy_cds_13_logo\/thumbs\/thumbs_canard_CX7C0898.jpg\" alt=\"canard_CX7C0898\" width=\"100\" height=\"75\" \/> <\/a><a class=\"shutterset_set_368\" title=\" \" rel=\"lightbox dia=1\" href=\"http:\/\/nl.motocrossmag.be\/wp-content\/gallery\/Bercy_cds_13_logo\/canard_CX7C0972.jpg\"><img class=\"lazyload\" decoding=\"async\" title=\"canard_CX7C0972\" src=\"data:image\/svg+xml,%3Csvg%20xmlns%3D%27http%3A%2F%2Fwww.w3.org%2F2000%2Fsvg%27%20width%3D%27100%27%20height%3D%2775%27%20viewBox%3D%270%200%20100%2075%27%3E%3Crect%20width%3D%27100%27%20height%3D%2775%27%20fill-opacity%3D%220%22%2F%3E%3C%2Fsvg%3E\" data-orig-src=\"http:\/\/nl.motocrossmag.be\/wp-content\/gallery\/Bercy_cds_13_logo\/thumbs\/thumbs_canard_CX7C0972.jpg\" alt=\"canard_CX7C0972\" width=\"100\" height=\"75\" \/> <\/a><a class=\"shutterset_set_368\" title=\" \" rel=\"lightbox dia=1\" href=\"http:\/\/nl.motocrossmag.be\/wp-content\/gallery\/Bercy_cds_13_logo\/canard_CX7C3304.jpg\"><img class=\"lazyload\" decoding=\"async\" title=\"canard_CX7C3304\" src=\"data:image\/svg+xml,%3Csvg%20xmlns%3D%27http%3A%2F%2Fwww.w3.org%2F2000%2Fsvg%27%20width%3D%27100%27%20height%3D%2775%27%20viewBox%3D%270%200%20100%2075%27%3E%3Crect%20width%3D%27100%27%20height%3D%2775%27%20fill-opacity%3D%220%22%2F%3E%3C%2Fsvg%3E\" data-orig-src=\"http:\/\/nl.motocrossmag.be\/wp-content\/gallery\/Bercy_cds_13_logo\/thumbs\/thumbs_canard_CX7C3304.jpg\" alt=\"canard_CX7C3304\" width=\"100\" height=\"75\" \/> <\/a><a class=\"shutterset_set_368\" title=\" \" rel=\"lightbox dia=1\" href=\"http:\/\/nl.motocrossmag.be\/wp-content\/gallery\/Bercy_cds_13_logo\/canard_paulin_CX7C1004.jpg\"><img class=\"lazyload\" decoding=\"async\" title=\"canard_paulin_CX7C1004\" src=\"data:image\/svg+xml,%3Csvg%20xmlns%3D%27http%3A%2F%2Fwww.w3.org%2F2000%2Fsvg%27%20width%3D%27100%27%20height%3D%2775%27%20viewBox%3D%270%200%20100%2075%27%3E%3Crect%20width%3D%27100%27%20height%3D%2775%27%20fill-opacity%3D%220%22%2F%3E%3C%2Fsvg%3E\" data-orig-src=\"http:\/\/nl.motocrossmag.be\/wp-content\/gallery\/Bercy_cds_13_logo\/thumbs\/thumbs_canard_paulin_CX7C1004.jpg\" alt=\"canard_paulin_CX7C1004\" width=\"100\" height=\"75\" \/> <\/a><a class=\"shutterset_set_368\" title=\" \" rel=\"lightbox dia=1\" href=\"http:\/\/nl.motocrossmag.be\/wp-content\/gallery\/Bercy_cds_13_logo\/dj_CX7C1989.jpg\"><img class=\"lazyload\" decoding=\"async\" title=\"dj_CX7C1989\" src=\"data:image\/svg+xml,%3Csvg%20xmlns%3D%27http%3A%2F%2Fwww.w3.org%2F2000%2Fsvg%27%20width%3D%27100%27%20height%3D%2775%27%20viewBox%3D%270%200%20100%2075%27%3E%3Crect%20width%3D%27100%27%20height%3D%2775%27%20fill-opacity%3D%220%22%2F%3E%3C%2Fsvg%3E\" data-orig-src=\"http:\/\/nl.motocrossmag.be\/wp-content\/gallery\/Bercy_cds_13_logo\/thumbs\/thumbs_dj_CX7C1989.jpg\" alt=\"dj_CX7C1989\" width=\"100\" height=\"75\" \/> <\/a><a class=\"shutterset_set_368\" title=\" \" rel=\"lightbox dia=1\" href=\"http:\/\/nl.motocrossmag.be\/wp-content\/gallery\/Bercy_cds_13_logo\/everts_CX7C3087.jpg\"><img class=\"lazyload\" decoding=\"async\" title=\"everts_CX7C3087\" src=\"data:image\/svg+xml,%3Csvg%20xmlns%3D%27http%3A%2F%2Fwww.w3.org%2F2000%2Fsvg%27%20width%3D%27100%27%20height%3D%2775%27%20viewBox%3D%270%200%20100%2075%27%3E%3Crect%20width%3D%27100%27%20height%3D%2775%27%20fill-opacity%3D%220%22%2F%3E%3C%2Fsvg%3E\" data-orig-src=\"http:\/\/nl.motocrossmag.be\/wp-content\/gallery\/Bercy_cds_13_logo\/thumbs\/thumbs_everts_CX7C3087.jpg\" alt=\"everts_CX7C3087\" width=\"100\" height=\"75\" \/> <\/a><a class=\"shutterset_set_368\" title=\" \" rel=\"lightbox dia=1\" href=\"http:\/\/nl.motocrossmag.be\/wp-content\/gallery\/Bercy_cds_13_logo\/fan_CX7C3110.jpg\"><img class=\"lazyload\" decoding=\"async\" title=\"fan_CX7C3110\" src=\"data:image\/svg+xml,%3Csvg%20xmlns%3D%27http%3A%2F%2Fwww.w3.org%2F2000%2Fsvg%27%20width%3D%27100%27%20height%3D%2775%27%20viewBox%3D%270%200%20100%2075%27%3E%3Crect%20width%3D%27100%27%20height%3D%2775%27%20fill-opacity%3D%220%22%2F%3E%3C%2Fsvg%3E\" data-orig-src=\"http:\/\/nl.motocrossmag.be\/wp-content\/gallery\/Bercy_cds_13_logo\/thumbs\/thumbs_fan_CX7C3110.jpg\" alt=\"fan_CX7C3110\" width=\"100\" height=\"75\" \/> <\/a><a class=\"shutterset_set_368\" title=\" \" rel=\"lightbox dia=1\" href=\"http:\/\/nl.motocrossmag.be\/wp-content\/gallery\/Bercy_cds_13_logo\/fmx_CX7C2606.jpg\"><img class=\"lazyload\" decoding=\"async\" title=\"fmx_CX7C2606\" src=\"data:image\/svg+xml,%3Csvg%20xmlns%3D%27http%3A%2F%2Fwww.w3.org%2F2000%2Fsvg%27%20width%3D%27100%27%20height%3D%2775%27%20viewBox%3D%270%200%20100%2075%27%3E%3Crect%20width%3D%27100%27%20height%3D%2775%27%20fill-opacity%3D%220%22%2F%3E%3C%2Fsvg%3E\" data-orig-src=\"http:\/\/nl.motocrossmag.be\/wp-content\/gallery\/Bercy_cds_13_logo\/thumbs\/thumbs_fmx_CX7C2606.jpg\" alt=\"fmx_CX7C2606\" width=\"100\" height=\"75\" \/> <\/a><a class=\"shutterset_set_368\" title=\" \" rel=\"lightbox dia=1\" href=\"http:\/\/nl.motocrossmag.be\/wp-content\/gallery\/Bercy_cds_13_logo\/frossard_CX7C1321.jpg\"><img class=\"lazyload\" decoding=\"async\" title=\"frossard_CX7C1321\" src=\"data:image\/svg+xml,%3Csvg%20xmlns%3D%27http%3A%2F%2Fwww.w3.org%2F2000%2Fsvg%27%20width%3D%27100%27%20height%3D%2775%27%20viewBox%3D%270%200%20100%2075%27%3E%3Crect%20width%3D%27100%27%20height%3D%2775%27%20fill-opacity%3D%220%22%2F%3E%3C%2Fsvg%3E\" data-orig-src=\"http:\/\/nl.motocrossmag.be\/wp-content\/gallery\/Bercy_cds_13_logo\/thumbs\/thumbs_frossard_CX7C1321.jpg\" alt=\"frossard_CX7C1321\" width=\"100\" height=\"75\" \/> <\/a><a class=\"shutterset_set_368\" title=\" \" rel=\"lightbox dia=1\" href=\"http:\/\/nl.motocrossmag.be\/wp-content\/gallery\/Bercy_cds_13_logo\/hahn_CX7C1356.jpg\"><img class=\"lazyload\" decoding=\"async\" title=\"hahn_CX7C1356\" src=\"data:image\/svg+xml,%3Csvg%20xmlns%3D%27http%3A%2F%2Fwww.w3.org%2F2000%2Fsvg%27%20width%3D%27100%27%20height%3D%2775%27%20viewBox%3D%270%200%20100%2075%27%3E%3Crect%20width%3D%27100%27%20height%3D%2775%27%20fill-opacity%3D%220%22%2F%3E%3C%2Fsvg%3E\" data-orig-src=\"http:\/\/nl.motocrossmag.be\/wp-content\/gallery\/Bercy_cds_13_logo\/thumbs\/thumbs_hahn_CX7C1356.jpg\" alt=\"hahn_CX7C1356\" width=\"100\" height=\"75\" \/> <\/a><a class=\"shutterset_set_368\" title=\" \" rel=\"lightbox dia=1\" href=\"http:\/\/nl.motocrossmag.be\/wp-content\/gallery\/Bercy_cds_13_logo\/hahn_CX7C1412.jpg\"><img class=\"lazyload\" decoding=\"async\" title=\"hahn_CX7C1412\" src=\"data:image\/svg+xml,%3Csvg%20xmlns%3D%27http%3A%2F%2Fwww.w3.org%2F2000%2Fsvg%27%20width%3D%27100%27%20height%3D%2775%27%20viewBox%3D%270%200%20100%2075%27%3E%3Crect%20width%3D%27100%27%20height%3D%2775%27%20fill-opacity%3D%220%22%2F%3E%3C%2Fsvg%3E\" data-orig-src=\"http:\/\/nl.motocrossmag.be\/wp-content\/gallery\/Bercy_cds_13_logo\/thumbs\/thumbs_hahn_CX7C1412.jpg\" alt=\"hahn_CX7C1412\" width=\"100\" height=\"75\" \/> <\/a><a class=\"shutterset_set_368\" title=\" \" rel=\"lightbox dia=1\" href=\"http:\/\/nl.motocrossmag.be\/wp-content\/gallery\/Bercy_cds_13_logo\/hahn_CX7C2846.jpg\"><img class=\"lazyload\" decoding=\"async\" title=\"hahn_CX7C2846\" src=\"data:image\/svg+xml,%3Csvg%20xmlns%3D%27http%3A%2F%2Fwww.w3.org%2F2000%2Fsvg%27%20width%3D%27100%27%20height%3D%2775%27%20viewBox%3D%270%200%20100%2075%27%3E%3Crect%20width%3D%27100%27%20height%3D%2775%27%20fill-opacity%3D%220%22%2F%3E%3C%2Fsvg%3E\" data-orig-src=\"http:\/\/nl.motocrossmag.be\/wp-content\/gallery\/Bercy_cds_13_logo\/thumbs\/thumbs_hahn_CX7C2846.jpg\" alt=\"hahn_CX7C2846\" width=\"100\" height=\"75\" \/> <\/a><a class=\"shutterset_set_368\" title=\" \" rel=\"lightbox dia=1\" href=\"http:\/\/nl.motocrossmag.be\/wp-content\/gallery\/Bercy_cds_13_logo\/hair_CX7C3501.jpg\"><img class=\"lazyload\" decoding=\"async\" title=\"hair_CX7C3501\" src=\"data:image\/svg+xml,%3Csvg%20xmlns%3D%27http%3A%2F%2Fwww.w3.org%2F2000%2Fsvg%27%20width%3D%27100%27%20height%3D%2775%27%20viewBox%3D%270%200%20100%2075%27%3E%3Crect%20width%3D%27100%27%20height%3D%2775%27%20fill-opacity%3D%220%22%2F%3E%3C%2Fsvg%3E\" data-orig-src=\"http:\/\/nl.motocrossmag.be\/wp-content\/gallery\/Bercy_cds_13_logo\/thumbs\/thumbs_hair_CX7C3501.jpg\" alt=\"hair_CX7C3501\" width=\"100\" height=\"75\" \/> <\/a><a class=\"shutterset_set_368\" title=\" \" rel=\"lightbox dia=1\" href=\"http:\/\/nl.motocrossmag.be\/wp-content\/gallery\/Bercy_cds_13_logo\/intro_everts_bayle_demeerster_CX7C2564.jpg\"><img class=\"lazyload\" decoding=\"async\" title=\"intro_everts_bayle_demeerster_CX7C2564\" src=\"data:image\/svg+xml,%3Csvg%20xmlns%3D%27http%3A%2F%2Fwww.w3.org%2F2000%2Fsvg%27%20width%3D%27100%27%20height%3D%2775%27%20viewBox%3D%270%200%20100%2075%27%3E%3Crect%20width%3D%27100%27%20height%3D%2775%27%20fill-opacity%3D%220%22%2F%3E%3C%2Fsvg%3E\" data-orig-src=\"http:\/\/nl.motocrossmag.be\/wp-content\/gallery\/Bercy_cds_13_logo\/thumbs\/thumbs_intro_everts_bayle_demeerster_CX7C2564.jpg\" alt=\"intro_everts_bayle_demeerster_CX7C2564\" width=\"100\" height=\"75\" \/> <\/a><a class=\"shutterset_set_368\" title=\" \" rel=\"lightbox dia=1\" href=\"http:\/\/nl.motocrossmag.be\/wp-content\/gallery\/Bercy_cds_13_logo\/intro_tixier_paulin_CX7C2671.jpg\"><img class=\"lazyload\" decoding=\"async\" title=\"intro_tixier_paulin_CX7C2671\" src=\"data:image\/svg+xml,%3Csvg%20xmlns%3D%27http%3A%2F%2Fwww.w3.org%2F2000%2Fsvg%27%20width%3D%27100%27%20height%3D%2775%27%20viewBox%3D%270%200%20100%2075%27%3E%3Crect%20width%3D%27100%27%20height%3D%2775%27%20fill-opacity%3D%220%22%2F%3E%3C%2Fsvg%3E\" data-orig-src=\"http:\/\/nl.motocrossmag.be\/wp-content\/gallery\/Bercy_cds_13_logo\/thumbs\/thumbs_intro_tixier_paulin_CX7C2671.jpg\" alt=\"intro_tixier_paulin_CX7C2671\" width=\"100\" height=\"75\" \/> <\/a><a class=\"shutterset_set_368\" title=\" \" rel=\"lightbox dia=1\" href=\"http:\/\/nl.motocrossmag.be\/wp-content\/gallery\/Bercy_cds_13_logo\/izoird_CX7C3947.jpg\"><img class=\"lazyload\" decoding=\"async\" title=\"izoird_CX7C3947\" src=\"data:image\/svg+xml,%3Csvg%20xmlns%3D%27http%3A%2F%2Fwww.w3.org%2F2000%2Fsvg%27%20width%3D%27100%27%20height%3D%2775%27%20viewBox%3D%270%200%20100%2075%27%3E%3Crect%20width%3D%27100%27%20height%3D%2775%27%20fill-opacity%3D%220%22%2F%3E%3C%2Fsvg%3E\" data-orig-src=\"http:\/\/nl.motocrossmag.be\/wp-content\/gallery\/Bercy_cds_13_logo\/thumbs\/thumbs_izoird_CX7C3947.jpg\" alt=\"izoird_CX7C3947\" width=\"100\" height=\"75\" \/> <\/a><a class=\"shutterset_set_368\" title=\" \" rel=\"lightbox dia=1\" href=\"http:\/\/nl.motocrossmag.be\/wp-content\/gallery\/Bercy_cds_13_logo\/lebeau_CX7C0463.jpg\"><img class=\"lazyload\" decoding=\"async\" title=\"lebeau_CX7C0463\" src=\"data:image\/svg+xml,%3Csvg%20xmlns%3D%27http%3A%2F%2Fwww.w3.org%2F2000%2Fsvg%27%20width%3D%27100%27%20height%3D%2775%27%20viewBox%3D%270%200%20100%2075%27%3E%3Crect%20width%3D%27100%27%20height%3D%2775%27%20fill-opacity%3D%220%22%2F%3E%3C%2Fsvg%3E\" data-orig-src=\"http:\/\/nl.motocrossmag.be\/wp-content\/gallery\/Bercy_cds_13_logo\/thumbs\/thumbs_lebeau_CX7C0463.jpg\" alt=\"lebeau_CX7C0463\" width=\"100\" height=\"75\" \/> <\/a><a class=\"shutterset_set_368\" title=\" \" rel=\"lightbox dia=1\" href=\"http:\/\/nl.motocrossmag.be\/wp-content\/gallery\/Bercy_cds_13_logo\/monster_CX7C3676.jpg\"><img class=\"lazyload\" decoding=\"async\" title=\"monster_CX7C3676\" src=\"data:image\/svg+xml,%3Csvg%20xmlns%3D%27http%3A%2F%2Fwww.w3.org%2F2000%2Fsvg%27%20width%3D%27100%27%20height%3D%2775%27%20viewBox%3D%270%200%20100%2075%27%3E%3Crect%20width%3D%27100%27%20height%3D%2775%27%20fill-opacity%3D%220%22%2F%3E%3C%2Fsvg%3E\" data-orig-src=\"http:\/\/nl.motocrossmag.be\/wp-content\/gallery\/Bercy_cds_13_logo\/thumbs\/thumbs_monster_CX7C3676.jpg\" alt=\"monster_CX7C3676\" width=\"100\" height=\"75\" \/> <\/a><a class=\"shutterset_set_368\" title=\" \" rel=\"lightbox dia=1\" href=\"http:\/\/nl.motocrossmag.be\/wp-content\/gallery\/Bercy_cds_13_logo\/pages_CX7C1195.jpg\"><img class=\"lazyload\" decoding=\"async\" title=\"pages_CX7C1195\" src=\"data:image\/svg+xml,%3Csvg%20xmlns%3D%27http%3A%2F%2Fwww.w3.org%2F2000%2Fsvg%27%20width%3D%27100%27%20height%3D%2775%27%20viewBox%3D%270%200%20100%2075%27%3E%3Crect%20width%3D%27100%27%20height%3D%2775%27%20fill-opacity%3D%220%22%2F%3E%3C%2Fsvg%3E\" data-orig-src=\"http:\/\/nl.motocrossmag.be\/wp-content\/gallery\/Bercy_cds_13_logo\/thumbs\/thumbs_pages_CX7C1195.jpg\" alt=\"pages_CX7C1195\" width=\"100\" height=\"75\" \/> <\/a><a class=\"shutterset_set_368\" title=\" \" rel=\"lightbox dia=1\" href=\"http:\/\/nl.motocrossmag.be\/wp-content\/gallery\/Bercy_cds_13_logo\/pages_CX7C3062.jpg\"><img class=\"lazyload\" decoding=\"async\" title=\"pages_CX7C3062\" src=\"data:image\/svg+xml,%3Csvg%20xmlns%3D%27http%3A%2F%2Fwww.w3.org%2F2000%2Fsvg%27%20width%3D%27100%27%20height%3D%2775%27%20viewBox%3D%270%200%20100%2075%27%3E%3Crect%20width%3D%27100%27%20height%3D%2775%27%20fill-opacity%3D%220%22%2F%3E%3C%2Fsvg%3E\" data-orig-src=\"http:\/\/nl.motocrossmag.be\/wp-content\/gallery\/Bercy_cds_13_logo\/thumbs\/thumbs_pages_CX7C3062.jpg\" alt=\"pages_CX7C3062\" width=\"100\" height=\"75\" \/> <\/a><a class=\"shutterset_set_368\" title=\" \" rel=\"lightbox dia=1\" href=\"http:\/\/nl.motocrossmag.be\/wp-content\/gallery\/Bercy_cds_13_logo\/pages_CX7C3602.jpg\"><img class=\"lazyload\" decoding=\"async\" title=\"pages_CX7C3602\" src=\"data:image\/svg+xml,%3Csvg%20xmlns%3D%27http%3A%2F%2Fwww.w3.org%2F2000%2Fsvg%27%20width%3D%27100%27%20height%3D%2775%27%20viewBox%3D%270%200%20100%2075%27%3E%3Crect%20width%3D%27100%27%20height%3D%2775%27%20fill-opacity%3D%220%22%2F%3E%3C%2Fsvg%3E\" data-orig-src=\"http:\/\/nl.motocrossmag.be\/wp-content\/gallery\/Bercy_cds_13_logo\/thumbs\/thumbs_pages_CX7C3602.jpg\" alt=\"pages_CX7C3602\" width=\"100\" height=\"75\" \/> <\/a><a class=\"shutterset_set_368\" title=\" \" rel=\"lightbox dia=1\" href=\"http:\/\/nl.motocrossmag.be\/wp-content\/gallery\/Bercy_cds_13_logo\/paulin_CX7C0649.jpg\"><img class=\"lazyload\" decoding=\"async\" title=\"paulin_CX7C0649\" src=\"data:image\/svg+xml,%3Csvg%20xmlns%3D%27http%3A%2F%2Fwww.w3.org%2F2000%2Fsvg%27%20width%3D%27100%27%20height%3D%2775%27%20viewBox%3D%270%200%20100%2075%27%3E%3Crect%20width%3D%27100%27%20height%3D%2775%27%20fill-opacity%3D%220%22%2F%3E%3C%2Fsvg%3E\" data-orig-src=\"http:\/\/nl.motocrossmag.be\/wp-content\/gallery\/Bercy_cds_13_logo\/thumbs\/thumbs_paulin_CX7C0649.jpg\" alt=\"paulin_CX7C0649\" width=\"100\" height=\"75\" \/> <\/a><a class=\"shutterset_set_368\" title=\" \" rel=\"lightbox dia=1\" href=\"http:\/\/nl.motocrossmag.be\/wp-content\/gallery\/Bercy_cds_13_logo\/paulin_CX7C1363.jpg\"><img class=\"lazyload\" decoding=\"async\" title=\"paulin_CX7C1363\" src=\"data:image\/svg+xml,%3Csvg%20xmlns%3D%27http%3A%2F%2Fwww.w3.org%2F2000%2Fsvg%27%20width%3D%27100%27%20height%3D%2775%27%20viewBox%3D%270%200%20100%2075%27%3E%3Crect%20width%3D%27100%27%20height%3D%2775%27%20fill-opacity%3D%220%22%2F%3E%3C%2Fsvg%3E\" data-orig-src=\"http:\/\/nl.motocrossmag.be\/wp-content\/gallery\/Bercy_cds_13_logo\/thumbs\/thumbs_paulin_CX7C1363.jpg\" alt=\"paulin_CX7C1363\" width=\"100\" height=\"75\" \/> <\/a><a class=\"shutterset_set_368\" title=\" \" rel=\"lightbox dia=1\" href=\"http:\/\/nl.motocrossmag.be\/wp-content\/gallery\/Bercy_cds_13_logo\/paulin_CX7C2964.jpg\"><img class=\"lazyload\" decoding=\"async\" title=\"paulin_CX7C2964\" src=\"data:image\/svg+xml,%3Csvg%20xmlns%3D%27http%3A%2F%2Fwww.w3.org%2F2000%2Fsvg%27%20width%3D%27100%27%20height%3D%2775%27%20viewBox%3D%270%200%20100%2075%27%3E%3Crect%20width%3D%27100%27%20height%3D%2775%27%20fill-opacity%3D%220%22%2F%3E%3C%2Fsvg%3E\" data-orig-src=\"http:\/\/nl.motocrossmag.be\/wp-content\/gallery\/Bercy_cds_13_logo\/thumbs\/thumbs_paulin_CX7C2964.jpg\" alt=\"paulin_CX7C2964\" width=\"100\" height=\"75\" \/> <\/a><a class=\"shutterset_set_368\" title=\" \" rel=\"lightbox dia=1\" href=\"http:\/\/nl.motocrossmag.be\/wp-content\/gallery\/Bercy_cds_13_logo\/paulin_canard_CX7C1487.jpg\"><img class=\"lazyload\" decoding=\"async\" title=\"paulin_canard_CX7C1487\" src=\"data:image\/svg+xml,%3Csvg%20xmlns%3D%27http%3A%2F%2Fwww.w3.org%2F2000%2Fsvg%27%20width%3D%27100%27%20height%3D%2775%27%20viewBox%3D%270%200%20100%2075%27%3E%3Crect%20width%3D%27100%27%20height%3D%2775%27%20fill-opacity%3D%220%22%2F%3E%3C%2Fsvg%3E\" data-orig-src=\"http:\/\/nl.motocrossmag.be\/wp-content\/gallery\/Bercy_cds_13_logo\/thumbs\/thumbs_paulin_canard_CX7C1487.jpg\" alt=\"paulin_canard_CX7C1487\" width=\"100\" height=\"75\" \/> <\/a><a class=\"shutterset_set_368\" title=\" \" rel=\"lightbox dia=1\" href=\"http:\/\/nl.motocrossmag.be\/wp-content\/gallery\/Bercy_cds_13_logo\/paulin_canard_CX7C1733.jpg\"><img class=\"lazyload\" decoding=\"async\" title=\"paulin_canard_CX7C1733\" src=\"data:image\/svg+xml,%3Csvg%20xmlns%3D%27http%3A%2F%2Fwww.w3.org%2F2000%2Fsvg%27%20width%3D%27100%27%20height%3D%2775%27%20viewBox%3D%270%200%20100%2075%27%3E%3Crect%20width%3D%27100%27%20height%3D%2775%27%20fill-opacity%3D%220%22%2F%3E%3C%2Fsvg%3E\" data-orig-src=\"http:\/\/nl.motocrossmag.be\/wp-content\/gallery\/Bercy_cds_13_logo\/thumbs\/thumbs_paulin_canard_CX7C1733.jpg\" alt=\"paulin_canard_CX7C1733\" width=\"100\" height=\"75\" \/> <\/a><a class=\"shutterset_set_368\" title=\" \" rel=\"lightbox dia=1\" href=\"http:\/\/nl.motocrossmag.be\/wp-content\/gallery\/Bercy_cds_13_logo\/podium_CX7C3900.jpg\"><img class=\"lazyload\" decoding=\"async\" title=\"podium_CX7C3900\" src=\"data:image\/svg+xml,%3Csvg%20xmlns%3D%27http%3A%2F%2Fwww.w3.org%2F2000%2Fsvg%27%20width%3D%27100%27%20height%3D%2775%27%20viewBox%3D%270%200%20100%2075%27%3E%3Crect%20width%3D%27100%27%20height%3D%2775%27%20fill-opacity%3D%220%22%2F%3E%3C%2Fsvg%3E\" data-orig-src=\"http:\/\/nl.motocrossmag.be\/wp-content\/gallery\/Bercy_cds_13_logo\/thumbs\/thumbs_podium_CX7C3900.jpg\" alt=\"podium_CX7C3900\" width=\"100\" height=\"75\" \/> <\/a><a class=\"shutterset_set_368\" title=\" \" rel=\"lightbox dia=1\" href=\"http:\/\/nl.motocrossmag.be\/wp-content\/gallery\/Bercy_cds_13_logo\/podium_friday_CX7C1975.jpg\"><img class=\"lazyload\" decoding=\"async\" title=\"podium_friday_CX7C1975\" src=\"data:image\/svg+xml,%3Csvg%20xmlns%3D%27http%3A%2F%2Fwww.w3.org%2F2000%2Fsvg%27%20width%3D%27100%27%20height%3D%2775%27%20viewBox%3D%270%200%20100%2075%27%3E%3Crect%20width%3D%27100%27%20height%3D%2775%27%20fill-opacity%3D%220%22%2F%3E%3C%2Fsvg%3E\" data-orig-src=\"http:\/\/nl.motocrossmag.be\/wp-content\/gallery\/Bercy_cds_13_logo\/thumbs\/thumbs_podium_friday_CX7C1975.jpg\" alt=\"podium_friday_CX7C1975\" width=\"100\" height=\"75\" \/> <\/a><a class=\"shutterset_set_368\" title=\" \" rel=\"lightbox dia=1\" href=\"http:\/\/nl.motocrossmag.be\/wp-content\/gallery\/Bercy_cds_13_logo\/pompom_CX7C2710.jpg\"><img class=\"lazyload\" decoding=\"async\" title=\"pompom_CX7C2710\" src=\"data:image\/svg+xml,%3Csvg%20xmlns%3D%27http%3A%2F%2Fwww.w3.org%2F2000%2Fsvg%27%20width%3D%27100%27%20height%3D%2775%27%20viewBox%3D%270%200%20100%2075%27%3E%3Crect%20width%3D%27100%27%20height%3D%2775%27%20fill-opacity%3D%220%22%2F%3E%3C%2Fsvg%3E\" data-orig-src=\"http:\/\/nl.motocrossmag.be\/wp-content\/gallery\/Bercy_cds_13_logo\/thumbs\/thumbs_pompom_CX7C2710.jpg\" alt=\"pompom_CX7C2710\" width=\"100\" height=\"75\" \/> <\/a><a class=\"shutterset_set_368\" title=\" \" rel=\"lightbox dia=1\" href=\"http:\/\/nl.motocrossmag.be\/wp-content\/gallery\/Bercy_cds_13_logo\/rombaut_CX7C3643.jpg\"><img class=\"lazyload\" decoding=\"async\" title=\"rombaut_CX7C3643\" src=\"data:image\/svg+xml,%3Csvg%20xmlns%3D%27http%3A%2F%2Fwww.w3.org%2F2000%2Fsvg%27%20width%3D%27100%27%20height%3D%2775%27%20viewBox%3D%270%200%20100%2075%27%3E%3Crect%20width%3D%27100%27%20height%3D%2775%27%20fill-opacity%3D%220%22%2F%3E%3C%2Fsvg%3E\" data-orig-src=\"http:\/\/nl.motocrossmag.be\/wp-content\/gallery\/Bercy_cds_13_logo\/thumbs\/thumbs_rombaut_CX7C3643.jpg\" alt=\"rombaut_CX7C3643\" width=\"100\" height=\"75\" \/> <\/a><a class=\"shutterset_set_368\" title=\" \" rel=\"lightbox dia=1\" href=\"http:\/\/nl.motocrossmag.be\/wp-content\/gallery\/Bercy_cds_13_logo\/sato_CX7C3984.jpg\"><img class=\"lazyload\" decoding=\"async\" title=\"sato_CX7C3984\" src=\"data:image\/svg+xml,%3Csvg%20xmlns%3D%27http%3A%2F%2Fwww.w3.org%2F2000%2Fsvg%27%20width%3D%27100%27%20height%3D%2775%27%20viewBox%3D%270%200%20100%2075%27%3E%3Crect%20width%3D%27100%27%20height%3D%2775%27%20fill-opacity%3D%220%22%2F%3E%3C%2Fsvg%3E\" data-orig-src=\"http:\/\/nl.motocrossmag.be\/wp-content\/gallery\/Bercy_cds_13_logo\/thumbs\/thumbs_sato_CX7C3984.jpg\" alt=\"sato_CX7C3984\" width=\"100\" height=\"75\" \/> <\/a><a class=\"shutterset_set_368\" title=\" \" rel=\"lightbox dia=1\" href=\"http:\/\/nl.motocrossmag.be\/wp-content\/gallery\/Bercy_cds_13_logo\/short_CX7C1087.jpg\"><img class=\"lazyload\" decoding=\"async\" title=\"short_CX7C1087\" src=\"data:image\/svg+xml,%3Csvg%20xmlns%3D%27http%3A%2F%2Fwww.w3.org%2F2000%2Fsvg%27%20width%3D%27100%27%20height%3D%2775%27%20viewBox%3D%270%200%20100%2075%27%3E%3Crect%20width%3D%27100%27%20height%3D%2775%27%20fill-opacity%3D%220%22%2F%3E%3C%2Fsvg%3E\" data-orig-src=\"http:\/\/nl.motocrossmag.be\/wp-content\/gallery\/Bercy_cds_13_logo\/thumbs\/thumbs_short_CX7C1087.jpg\" alt=\"short_CX7C1087\" width=\"100\" height=\"75\" \/> <\/a><a class=\"shutterset_set_368\" title=\" \" rel=\"lightbox dia=1\" href=\"http:\/\/nl.motocrossmag.be\/wp-content\/gallery\/Bercy_cds_13_logo\/short_CX7C3705.jpg\"><img class=\"lazyload\" decoding=\"async\" title=\"short_CX7C3705\" src=\"data:image\/svg+xml,%3Csvg%20xmlns%3D%27http%3A%2F%2Fwww.w3.org%2F2000%2Fsvg%27%20width%3D%27100%27%20height%3D%2775%27%20viewBox%3D%270%200%20100%2075%27%3E%3Crect%20width%3D%27100%27%20height%3D%2775%27%20fill-opacity%3D%220%22%2F%3E%3C%2Fsvg%3E\" data-orig-src=\"http:\/\/nl.motocrossmag.be\/wp-content\/gallery\/Bercy_cds_13_logo\/thumbs\/thumbs_short_CX7C3705.jpg\" alt=\"short_CX7C3705\" width=\"100\" height=\"75\" \/> <\/a><a class=\"shutterset_set_368\" title=\" \" rel=\"lightbox dia=1\" href=\"http:\/\/nl.motocrossmag.be\/wp-content\/gallery\/Bercy_cds_13_logo\/short_CX7C3776.jpg\"><img class=\"lazyload\" decoding=\"async\" title=\"short_CX7C3776\" src=\"data:image\/svg+xml,%3Csvg%20xmlns%3D%27http%3A%2F%2Fwww.w3.org%2F2000%2Fsvg%27%20width%3D%27100%27%20height%3D%2775%27%20viewBox%3D%270%200%20100%2075%27%3E%3Crect%20width%3D%27100%27%20height%3D%2775%27%20fill-opacity%3D%220%22%2F%3E%3C%2Fsvg%3E\" data-orig-src=\"http:\/\/nl.motocrossmag.be\/wp-content\/gallery\/Bercy_cds_13_logo\/thumbs\/thumbs_short_CX7C3776.jpg\" alt=\"short_CX7C3776\" width=\"100\" height=\"75\" \/> <\/a><a class=\"shutterset_set_368\" title=\" \" rel=\"lightbox dia=1\" href=\"http:\/\/nl.motocrossmag.be\/wp-content\/gallery\/Bercy_cds_13_logo\/sorby_CX7C1314.jpg\"><img class=\"lazyload\" decoding=\"async\" title=\"sorby_CX7C1314\" src=\"data:image\/svg+xml,%3Csvg%20xmlns%3D%27http%3A%2F%2Fwww.w3.org%2F2000%2Fsvg%27%20width%3D%27100%27%20height%3D%2775%27%20viewBox%3D%270%200%20100%2075%27%3E%3Crect%20width%3D%27100%27%20height%3D%2775%27%20fill-opacity%3D%220%22%2F%3E%3C%2Fsvg%3E\" data-orig-src=\"http:\/\/nl.motocrossmag.be\/wp-content\/gallery\/Bercy_cds_13_logo\/thumbs\/thumbs_sorby_CX7C1314.jpg\" alt=\"sorby_CX7C1314\" width=\"100\" height=\"75\" \/> <\/a><a class=\"shutterset_set_368\" title=\" \" rel=\"lightbox dia=1\" href=\"http:\/\/nl.motocrossmag.be\/wp-content\/gallery\/Bercy_cds_13_logo\/soubeyras_hahn_CX7C1857.jpg\"><img class=\"lazyload\" decoding=\"async\" title=\"soubeyras_hahn_CX7C1857\" src=\"data:image\/svg+xml,%3Csvg%20xmlns%3D%27http%3A%2F%2Fwww.w3.org%2F2000%2Fsvg%27%20width%3D%27100%27%20height%3D%2775%27%20viewBox%3D%270%200%20100%2075%27%3E%3Crect%20width%3D%27100%27%20height%3D%2775%27%20fill-opacity%3D%220%22%2F%3E%3C%2Fsvg%3E\" data-orig-src=\"http:\/\/nl.motocrossmag.be\/wp-content\/gallery\/Bercy_cds_13_logo\/thumbs\/thumbs_soubeyras_hahn_CX7C1857.jpg\" alt=\"soubeyras_hahn_CX7C1857\" width=\"100\" height=\"75\" \/> <\/a><a class=\"shutterset_set_368\" title=\" \" rel=\"lightbox dia=1\" href=\"http:\/\/nl.motocrossmag.be\/wp-content\/gallery\/Bercy_cds_13_logo\/star125_CX7C2720.jpg\"><img class=\"lazyload\" decoding=\"async\" title=\"star125_CX7C2720\" src=\"data:image\/svg+xml,%3Csvg%20xmlns%3D%27http%3A%2F%2Fwww.w3.org%2F2000%2Fsvg%27%20width%3D%27100%27%20height%3D%2775%27%20viewBox%3D%270%200%20100%2075%27%3E%3Crect%20width%3D%27100%27%20height%3D%2775%27%20fill-opacity%3D%220%22%2F%3E%3C%2Fsvg%3E\" data-orig-src=\"http:\/\/nl.motocrossmag.be\/wp-content\/gallery\/Bercy_cds_13_logo\/thumbs\/thumbs_star125_CX7C2720.jpg\" alt=\"star125_CX7C2720\" width=\"100\" height=\"75\" \/> <\/a><a class=\"shutterset_set_368\" title=\" \" rel=\"lightbox dia=1\" href=\"http:\/\/nl.motocrossmag.be\/wp-content\/gallery\/Bercy_cds_13_logo\/start_CX7C0867.jpg\"><img class=\"lazyload\" decoding=\"async\" title=\"start_CX7C0867\" src=\"data:image\/svg+xml,%3Csvg%20xmlns%3D%27http%3A%2F%2Fwww.w3.org%2F2000%2Fsvg%27%20width%3D%27100%27%20height%3D%2775%27%20viewBox%3D%270%200%20100%2075%27%3E%3Crect%20width%3D%27100%27%20height%3D%2775%27%20fill-opacity%3D%220%22%2F%3E%3C%2Fsvg%3E\" data-orig-src=\"http:\/\/nl.motocrossmag.be\/wp-content\/gallery\/Bercy_cds_13_logo\/thumbs\/thumbs_start_CX7C0867.jpg\" alt=\"start_CX7C0867\" width=\"100\" height=\"75\" \/> <\/a><a class=\"shutterset_set_368\" title=\" \" rel=\"lightbox dia=1\" href=\"http:\/\/nl.motocrossmag.be\/wp-content\/gallery\/Bercy_cds_13_logo\/start_CX7C1041.jpg\"><img class=\"lazyload\" decoding=\"async\" title=\"start_CX7C1041\" src=\"data:image\/svg+xml,%3Csvg%20xmlns%3D%27http%3A%2F%2Fwww.w3.org%2F2000%2Fsvg%27%20width%3D%27100%27%20height%3D%2775%27%20viewBox%3D%270%200%20100%2075%27%3E%3Crect%20width%3D%27100%27%20height%3D%2775%27%20fill-opacity%3D%220%22%2F%3E%3C%2Fsvg%3E\" data-orig-src=\"http:\/\/nl.motocrossmag.be\/wp-content\/gallery\/Bercy_cds_13_logo\/thumbs\/thumbs_start_CX7C1041.jpg\" alt=\"start_CX7C1041\" width=\"100\" height=\"75\" \/> <\/a><a class=\"shutterset_set_368\" title=\" \" rel=\"lightbox dia=1\" href=\"http:\/\/nl.motocrossmag.be\/wp-content\/gallery\/Bercy_cds_13_logo\/start_CX7C1444.jpg\"><img class=\"lazyload\" decoding=\"async\" title=\"start_CX7C1444\" src=\"data:image\/svg+xml,%3Csvg%20xmlns%3D%27http%3A%2F%2Fwww.w3.org%2F2000%2Fsvg%27%20width%3D%27100%27%20height%3D%2775%27%20viewBox%3D%270%200%20100%2075%27%3E%3Crect%20width%3D%27100%27%20height%3D%2775%27%20fill-opacity%3D%220%22%2F%3E%3C%2Fsvg%3E\" data-orig-src=\"http:\/\/nl.motocrossmag.be\/wp-content\/gallery\/Bercy_cds_13_logo\/thumbs\/thumbs_start_CX7C1444.jpg\" alt=\"start_CX7C1444\" width=\"100\" height=\"75\" \/> <\/a><a class=\"shutterset_set_368\" title=\" \" rel=\"lightbox dia=1\" href=\"http:\/\/nl.motocrossmag.be\/wp-content\/gallery\/Bercy_cds_13_logo\/start_CX7C1464.jpg\"><img class=\"lazyload\" decoding=\"async\" title=\"start_CX7C1464\" src=\"data:image\/svg+xml,%3Csvg%20xmlns%3D%27http%3A%2F%2Fwww.w3.org%2F2000%2Fsvg%27%20width%3D%27100%27%20height%3D%2775%27%20viewBox%3D%270%200%20100%2075%27%3E%3Crect%20width%3D%27100%27%20height%3D%2775%27%20fill-opacity%3D%220%22%2F%3E%3C%2Fsvg%3E\" data-orig-src=\"http:\/\/nl.motocrossmag.be\/wp-content\/gallery\/Bercy_cds_13_logo\/thumbs\/thumbs_start_CX7C1464.jpg\" alt=\"start_CX7C1464\" width=\"100\" height=\"75\" \/> <\/a><a class=\"shutterset_set_368\" title=\" \" rel=\"lightbox dia=1\" href=\"http:\/\/nl.motocrossmag.be\/wp-content\/gallery\/Bercy_cds_13_logo\/start_CX7C3689.jpg\"><img class=\"lazyload\" decoding=\"async\" title=\"start_CX7C3689\" src=\"data:image\/svg+xml,%3Csvg%20xmlns%3D%27http%3A%2F%2Fwww.w3.org%2F2000%2Fsvg%27%20width%3D%27100%27%20height%3D%2775%27%20viewBox%3D%270%200%20100%2075%27%3E%3Crect%20width%3D%27100%27%20height%3D%2775%27%20fill-opacity%3D%220%22%2F%3E%3C%2Fsvg%3E\" data-orig-src=\"http:\/\/nl.motocrossmag.be\/wp-content\/gallery\/Bercy_cds_13_logo\/thumbs\/thumbs_start_CX7C3689.jpg\" alt=\"start_CX7C3689\" width=\"100\" height=\"75\" \/> <\/a><a class=\"shutterset_set_368\" title=\" \" rel=\"lightbox dia=1\" href=\"http:\/\/nl.motocrossmag.be\/wp-content\/gallery\/Bercy_cds_13_logo\/sx_tour_CX7C2043.jpg\"><img class=\"lazyload\" decoding=\"async\" title=\"sx_tour_CX7C2043\" src=\"data:image\/svg+xml,%3Csvg%20xmlns%3D%27http%3A%2F%2Fwww.w3.org%2F2000%2Fsvg%27%20width%3D%27100%27%20height%3D%2775%27%20viewBox%3D%270%200%20100%2075%27%3E%3Crect%20width%3D%27100%27%20height%3D%2775%27%20fill-opacity%3D%220%22%2F%3E%3C%2Fsvg%3E\" data-orig-src=\"http:\/\/nl.motocrossmag.be\/wp-content\/gallery\/Bercy_cds_13_logo\/thumbs\/thumbs_sx_tour_CX7C2043.jpg\" alt=\"sx_tour_CX7C2043\" width=\"100\" height=\"75\" \/> <\/a><a class=\"shutterset_set_368\" title=\" \" rel=\"lightbox dia=1\" href=\"http:\/\/nl.motocrossmag.be\/wp-content\/gallery\/Bercy_cds_13_logo\/taka_CX7C2279.jpg\"><img class=\"lazyload\" decoding=\"async\" title=\"taka_CX7C2279\" src=\"data:image\/svg+xml,%3Csvg%20xmlns%3D%27http%3A%2F%2Fwww.w3.org%2F2000%2Fsvg%27%20width%3D%27100%27%20height%3D%2775%27%20viewBox%3D%270%200%20100%2075%27%3E%3Crect%20width%3D%27100%27%20height%3D%2775%27%20fill-opacity%3D%220%22%2F%3E%3C%2Fsvg%3E\" data-orig-src=\"http:\/\/nl.motocrossmag.be\/wp-content\/gallery\/Bercy_cds_13_logo\/thumbs\/thumbs_taka_CX7C2279.jpg\" alt=\"taka_CX7C2279\" width=\"100\" height=\"75\" \/> <\/a><a class=\"shutterset_set_368\" title=\" \" rel=\"lightbox dia=1\" href=\"http:\/\/nl.motocrossmag.be\/wp-content\/gallery\/Bercy_cds_13_logo\/taka_CX7C4013.jpg\"><img class=\"lazyload\" decoding=\"async\" title=\"taka_CX7C4013\" src=\"data:image\/svg+xml,%3Csvg%20xmlns%3D%27http%3A%2F%2Fwww.w3.org%2F2000%2Fsvg%27%20width%3D%27100%27%20height%3D%2775%27%20viewBox%3D%270%200%20100%2075%27%3E%3Crect%20width%3D%27100%27%20height%3D%2775%27%20fill-opacity%3D%220%22%2F%3E%3C%2Fsvg%3E\" data-orig-src=\"http:\/\/nl.motocrossmag.be\/wp-content\/gallery\/Bercy_cds_13_logo\/thumbs\/thumbs_taka_CX7C4013.jpg\" alt=\"taka_CX7C4013\" width=\"100\" height=\"75\" \/> <\/a><a class=\"shutterset_set_368\" title=\" \" rel=\"lightbox dia=1\" href=\"http:\/\/nl.motocrossmag.be\/wp-content\/gallery\/Bercy_cds_13_logo\/teillet_CX7C1333.jpg\"><img class=\"lazyload\" decoding=\"async\" title=\"teillet_CX7C1333\" src=\"data:image\/svg+xml,%3Csvg%20xmlns%3D%27http%3A%2F%2Fwww.w3.org%2F2000%2Fsvg%27%20width%3D%27100%27%20height%3D%2775%27%20viewBox%3D%270%200%20100%2075%27%3E%3Crect%20width%3D%27100%27%20height%3D%2775%27%20fill-opacity%3D%220%22%2F%3E%3C%2Fsvg%3E\" data-orig-src=\"http:\/\/nl.motocrossmag.be\/wp-content\/gallery\/Bercy_cds_13_logo\/thumbs\/thumbs_teillet_CX7C1333.jpg\" alt=\"teillet_CX7C1333\" width=\"100\" height=\"75\" \/> <\/a><a class=\"shutterset_set_368\" title=\" \" rel=\"lightbox dia=1\" href=\"http:\/\/nl.motocrossmag.be\/wp-content\/gallery\/Bercy_cds_13_logo\/teillet_CX7C3201.jpg\"><img class=\"lazyload\" decoding=\"async\" title=\"teillet_CX7C3201\" src=\"data:image\/svg+xml,%3Csvg%20xmlns%3D%27http%3A%2F%2Fwww.w3.org%2F2000%2Fsvg%27%20width%3D%27100%27%20height%3D%2775%27%20viewBox%3D%270%200%20100%2075%27%3E%3Crect%20width%3D%27100%27%20height%3D%2775%27%20fill-opacity%3D%220%22%2F%3E%3C%2Fsvg%3E\" data-orig-src=\"http:\/\/nl.motocrossmag.be\/wp-content\/gallery\/Bercy_cds_13_logo\/thumbs\/thumbs_teillet_CX7C3201.jpg\" alt=\"teillet_CX7C3201\" width=\"100\" height=\"75\" \/> <\/a><a class=\"shutterset_set_368\" title=\" \" rel=\"lightbox dia=1\" href=\"http:\/\/nl.motocrossmag.be\/wp-content\/gallery\/Bercy_cds_13_logo\/tixier_CX7C1764.jpg\"><img class=\"lazyload\" decoding=\"async\" title=\"tixier_CX7C1764\" src=\"data:image\/svg+xml,%3Csvg%20xmlns%3D%27http%3A%2F%2Fwww.w3.org%2F2000%2Fsvg%27%20width%3D%27100%27%20height%3D%2775%27%20viewBox%3D%270%200%20100%2075%27%3E%3Crect%20width%3D%27100%27%20height%3D%2775%27%20fill-opacity%3D%220%22%2F%3E%3C%2Fsvg%3E\" data-orig-src=\"http:\/\/nl.motocrossmag.be\/wp-content\/gallery\/Bercy_cds_13_logo\/thumbs\/thumbs_tixier_CX7C1764.jpg\" alt=\"tixier_CX7C1764\" width=\"100\" height=\"75\" \/> <\/a><a class=\"shutterset_set_368\" title=\" \" rel=\"lightbox dia=1\" href=\"http:\/\/nl.motocrossmag.be\/wp-content\/gallery\/Bercy_cds_13_logo\/torronteras_CX7C1128.jpg\"><img class=\"lazyload\" decoding=\"async\" title=\"torronteras_CX7C1128\" src=\"data:image\/svg+xml,%3Csvg%20xmlns%3D%27http%3A%2F%2Fwww.w3.org%2F2000%2Fsvg%27%20width%3D%27100%27%20height%3D%2775%27%20viewBox%3D%270%200%20100%2075%27%3E%3Crect%20width%3D%27100%27%20height%3D%2775%27%20fill-opacity%3D%220%22%2F%3E%3C%2Fsvg%3E\" data-orig-src=\"http:\/\/nl.motocrossmag.be\/wp-content\/gallery\/Bercy_cds_13_logo\/thumbs\/thumbs_torronteras_CX7C1128.jpg\" alt=\"torronteras_CX7C1128\" width=\"100\" height=\"75\" \/> <\/a><a class=\"shutterset_set_368\" title=\" \" rel=\"lightbox dia=1\" href=\"http:\/\/nl.motocrossmag.be\/wp-content\/gallery\/Bercy_cds_13_logo\/torronteras_CX7C3037.jpg\"><img class=\"lazyload\" decoding=\"async\" title=\"torronteras_CX7C3037\" src=\"data:image\/svg+xml,%3Csvg%20xmlns%3D%27http%3A%2F%2Fwww.w3.org%2F2000%2Fsvg%27%20width%3D%27100%27%20height%3D%2775%27%20viewBox%3D%270%200%20100%2075%27%3E%3Crect%20width%3D%27100%27%20height%3D%2775%27%20fill-opacity%3D%220%22%2F%3E%3C%2Fsvg%3E\" data-orig-src=\"http:\/\/nl.motocrossmag.be\/wp-content\/gallery\/Bercy_cds_13_logo\/thumbs\/thumbs_torronteras_CX7C3037.jpg\" alt=\"torronteras_CX7C3037\" width=\"100\" height=\"75\" \/> <\/a><a class=\"shutterset_set_368\" title=\" \" rel=\"lightbox dia=1\" href=\"http:\/\/nl.motocrossmag.be\/wp-content\/gallery\/Bercy_cds_13_logo\/torronteras_pages_CX7C1282.jpg\"><img class=\"lazyload\" decoding=\"async\" title=\"torronteras_pages_CX7C1282\" src=\"data:image\/svg+xml,%3Csvg%20xmlns%3D%27http%3A%2F%2Fwww.w3.org%2F2000%2Fsvg%27%20width%3D%27100%27%20height%3D%2775%27%20viewBox%3D%270%200%20100%2075%27%3E%3Crect%20width%3D%27100%27%20height%3D%2775%27%20fill-opacity%3D%220%22%2F%3E%3C%2Fsvg%3E\" data-orig-src=\"http:\/\/nl.motocrossmag.be\/wp-content\/gallery\/Bercy_cds_13_logo\/thumbs\/thumbs_torronteras_pages_CX7C1282.jpg\" alt=\"torronteras_pages_CX7C1282\" width=\"100\" height=\"75\" \/> <\/a><a class=\"shutterset_set_368\" title=\" \" rel=\"lightbox dia=1\" href=\"http:\/\/nl.motocrossmag.be\/wp-content\/gallery\/Bercy_cds_13_logo\/trophy_CX7C3656.jpg\"><img class=\"lazyload\" decoding=\"async\" title=\"trophy_CX7C3656\" src=\"data:image\/svg+xml,%3Csvg%20xmlns%3D%27http%3A%2F%2Fwww.w3.org%2F2000%2Fsvg%27%20width%3D%27100%27%20height%3D%2775%27%20viewBox%3D%270%200%20100%2075%27%3E%3Crect%20width%3D%27100%27%20height%3D%2775%27%20fill-opacity%3D%220%22%2F%3E%3C%2Fsvg%3E\" data-orig-src=\"http:\/\/nl.motocrossmag.be\/wp-content\/gallery\/Bercy_cds_13_logo\/thumbs\/thumbs_trophy_CX7C3656.jpg\" alt=\"trophy_CX7C3656\" width=\"100\" height=\"75\" \/> <\/a><a class=\"shutterset_set_368\" title=\" \" rel=\"lightbox dia=1\" href=\"http:\/\/nl.motocrossmag.be\/wp-content\/gallery\/Bercy_cds_13_logo\/villa_CX7C0758.jpg\"><img class=\"lazyload\" decoding=\"async\" title=\"villa_CX7C0758\" src=\"data:image\/svg+xml,%3Csvg%20xmlns%3D%27http%3A%2F%2Fwww.w3.org%2F2000%2Fsvg%27%20width%3D%27100%27%20height%3D%2775%27%20viewBox%3D%270%200%20100%2075%27%3E%3Crect%20width%3D%27100%27%20height%3D%2775%27%20fill-opacity%3D%220%22%2F%3E%3C%2Fsvg%3E\" data-orig-src=\"http:\/\/nl.motocrossmag.be\/wp-content\/gallery\/Bercy_cds_13_logo\/thumbs\/thumbs_villa_CX7C0758.jpg\" alt=\"villa_CX7C0758\" width=\"100\" height=\"75\" \/> <\/a><a class=\"shutterset_set_368\" title=\" \" rel=\"lightbox dia=1\" href=\"http:\/\/nl.motocrossmag.be\/wp-content\/gallery\/Bercy_cds_13_logo\/webb_CX7C1083.jpg\"><img class=\"lazyload\" decoding=\"async\" title=\"webb_CX7C1083\" src=\"data:image\/svg+xml,%3Csvg%20xmlns%3D%27http%3A%2F%2Fwww.w3.org%2F2000%2Fsvg%27%20width%3D%27100%27%20height%3D%2775%27%20viewBox%3D%270%200%20100%2075%27%3E%3Crect%20width%3D%27100%27%20height%3D%2775%27%20fill-opacity%3D%220%22%2F%3E%3C%2Fsvg%3E\" data-orig-src=\"http:\/\/nl.motocrossmag.be\/wp-content\/gallery\/Bercy_cds_13_logo\/thumbs\/thumbs_webb_CX7C1083.jpg\" alt=\"webb_CX7C1083\" width=\"100\" height=\"75\" \/> <\/a><a class=\"shutterset_set_368\" title=\" \" rel=\"lightbox dia=1\" href=\"http:\/\/nl.motocrossmag.be\/wp-content\/gallery\/Bercy_cds_13_logo\/webb_CX7C1301.jpg\"><img class=\"lazyload\" decoding=\"async\" title=\"webb_CX7C1301\" src=\"data:image\/svg+xml,%3Csvg%20xmlns%3D%27http%3A%2F%2Fwww.w3.org%2F2000%2Fsvg%27%20width%3D%27100%27%20height%3D%2775%27%20viewBox%3D%270%200%20100%2075%27%3E%3Crect%20width%3D%27100%27%20height%3D%2775%27%20fill-opacity%3D%220%22%2F%3E%3C%2Fsvg%3E\" data-orig-src=\"http:\/\/nl.motocrossmag.be\/wp-content\/gallery\/Bercy_cds_13_logo\/thumbs\/thumbs_webb_CX7C1301.jpg\" alt=\"webb_CX7C1301\" width=\"100\" height=\"75\" \/> <\/a><a class=\"shutterset_set_368\" title=\" \" rel=\"lightbox dia=1\" href=\"http:\/\/nl.motocrossmag.be\/wp-content\/gallery\/Bercy_cds_13_logo\/whip_CX7C2125.jpg\"><img class=\"lazyload\" decoding=\"async\" title=\"whip_CX7C2125\" src=\"data:image\/svg+xml,%3Csvg%20xmlns%3D%27http%3A%2F%2Fwww.w3.org%2F2000%2Fsvg%27%20width%3D%27100%27%20height%3D%2775%27%20viewBox%3D%270%200%20100%2075%27%3E%3Crect%20width%3D%27100%27%20height%3D%2775%27%20fill-opacity%3D%220%22%2F%3E%3C%2Fsvg%3E\" data-orig-src=\"http:\/\/nl.motocrossmag.be\/wp-content\/gallery\/Bercy_cds_13_logo\/thumbs\/thumbs_whip_CX7C2125.jpg\" alt=\"whip_CX7C2125\" width=\"100\" height=\"75\" \/> <\/a><a class=\"shutterset_set_368\" title=\" \" rel=\"lightbox dia=1\" href=\"http:\/\/nl.motocrossmag.be\/wp-content\/gallery\/Bercy_cds_13_logo\/whoops_CX7C1658.jpg\"><img class=\"lazyload\" decoding=\"async\" title=\"whoops_CX7C1658\" src=\"data:image\/svg+xml,%3Csvg%20xmlns%3D%27http%3A%2F%2Fwww.w3.org%2F2000%2Fsvg%27%20width%3D%27100%27%20height%3D%2775%27%20viewBox%3D%270%200%20100%2075%27%3E%3Crect%20width%3D%27100%27%20height%3D%2775%27%20fill-opacity%3D%220%22%2F%3E%3C%2Fsvg%3E\" data-orig-src=\"http:\/\/nl.motocrossmag.be\/wp-content\/gallery\/Bercy_cds_13_logo\/thumbs\/thumbs_whoops_CX7C1658.jpg\" alt=\"whoops_CX7C1658\" width=\"100\" height=\"75\" \/> <\/a><a class=\"shutterset_set_368\" title=\" \" rel=\"lightbox dia=1\" href=\"http:\/\/nl.motocrossmag.be\/wp-content\/gallery\/Bercy_cds_13_logo\/ycf_CX7C1010.jpg\"><img class=\"lazyload\" decoding=\"async\" title=\"ycf_CX7C1010\" src=\"data:image\/svg+xml,%3Csvg%20xmlns%3D%27http%3A%2F%2Fwww.w3.org%2F2000%2Fsvg%27%20width%3D%27100%27%20height%3D%2775%27%20viewBox%3D%270%200%20100%2075%27%3E%3Crect%20width%3D%27100%27%20height%3D%2775%27%20fill-opacity%3D%220%22%2F%3E%3C%2Fsvg%3E\" data-orig-src=\"http:\/\/nl.motocrossmag.be\/wp-content\/gallery\/Bercy_cds_13_logo\/thumbs\/thumbs_ycf_CX7C1010.jpg\" alt=\"ycf_CX7C1010\" width=\"100\" height=\"75\" \/><\/a><\/p>\n","protected":false},"excerpt":{"rendered":"<p>Le Supercross de Bercy est l&rsquo;\u00e9v\u00e9nement incontournable de l&rsquo;apr\u00e8s-saison. L&rsquo;\u00e9dition 2013 disput\u00e9e ce week-end dans la capitale fran\u00e7aise a une fois de plus \u00e9t\u00e9 \u00e0\u00a0 la hauteur de la r\u00e9putation [&#8230;]<\/p>\n","protected":false},"author":932,"featured_media":0,"comment_status":"open","ping_status":"closed","sticky":false,"template":"","format":"standard","meta":{"footnotes":""},"categories":[66,65],"tags":[],"class_list":["post-19909","post","type-post","status-publish","format-standard","hentry","category-photos","category-slideshow"],"yoast_head":"<!-- This site is optimized with the Yoast SEO plugin v27.4 - https:\/\/yoast.com\/product\/yoast-seo-wordpress\/ -->\n<title>Galerie photos | Photos: le Supercross de Bercy 2013 - Motocross - Enduro - Supermoto | MotocrossMag<\/title>\n<meta name=\"robots\" content=\"index, follow, max-snippet:-1, max-image-preview:large, max-video-preview:-1\" \/>\n<link rel=\"canonical\" href=\"https:\/\/fr.motocrossmag.be\/index.php\/2013\/11\/galerie-photos-photos-le-supercross-de-bercy-2013\/\" \/>\n<meta property=\"og:locale\" content=\"fr_FR\" \/>\n<meta property=\"og:type\" content=\"article\" \/>\n<meta property=\"og:title\" content=\"Galerie photos | Photos: le Supercross de Bercy 2013 - Motocross - Enduro - Supermoto | MotocrossMag\" \/>\n<meta property=\"og:description\" content=\"Le Supercross de Bercy est l&rsquo;\u00e9v\u00e9nement incontournable de l&rsquo;apr\u00e8s-saison. L&rsquo;\u00e9dition 2013 disput\u00e9e ce week-end dans la capitale fran\u00e7aise a une fois de plus \u00e9t\u00e9 \u00e0\u00a0 la hauteur de la r\u00e9putation [...]\" \/>\n<meta property=\"og:url\" content=\"https:\/\/fr.motocrossmag.be\/index.php\/2013\/11\/galerie-photos-photos-le-supercross-de-bercy-2013\/\" \/>\n<meta property=\"og:site_name\" content=\"Motocross - Enduro - Supermoto | MotocrossMag\" \/>\n<meta property=\"article:published_time\" content=\"2013-11-12T23:22:08+00:00\" \/>\n<meta property=\"og:image\" content=\"http:\/\/nl.motocrossmag.be\/wp-content\/gallery\/Bercy_cds_13_logo\/thumbs\/thumbs_YCF_CX7C1320.jpg\" \/>\n<meta name=\"author\" content=\"oliviere\" \/>\n<meta name=\"twitter:card\" content=\"summary_large_image\" \/>\n<meta name=\"twitter:label1\" content=\"\u00c9crit par\" \/>\n\t<meta name=\"twitter:data1\" content=\"oliviere\" \/>\n<script type=\"application\/ld+json\" class=\"yoast-schema-graph\">{\"@context\":\"https:\\\/\\\/schema.org\",\"@graph\":[{\"@type\":\"Article\",\"@id\":\"https:\\\/\\\/fr.motocrossmag.be\\\/index.php\\\/2013\\\/11\\\/galerie-photos-photos-le-supercross-de-bercy-2013\\\/#article\",\"isPartOf\":{\"@id\":\"https:\\\/\\\/fr.motocrossmag.be\\\/index.php\\\/2013\\\/11\\\/galerie-photos-photos-le-supercross-de-bercy-2013\\\/\"},\"author\":{\"name\":\"oliviere\",\"@id\":\"https:\\\/\\\/fr.motocrossmag.be\\\/#\\\/schema\\\/person\\\/11b47143d9f755babca2c9110e03235c\"},\"headline\":\"Galerie photos | Photos: le Supercross de Bercy 2013\",\"datePublished\":\"2013-11-12T23:22:08+00:00\",\"mainEntityOfPage\":{\"@id\":\"https:\\\/\\\/fr.motocrossmag.be\\\/index.php\\\/2013\\\/11\\\/galerie-photos-photos-le-supercross-de-bercy-2013\\\/\"},\"wordCount\":93,\"commentCount\":0,\"image\":{\"@id\":\"https:\\\/\\\/fr.motocrossmag.be\\\/index.php\\\/2013\\\/11\\\/galerie-photos-photos-le-supercross-de-bercy-2013\\\/#primaryimage\"},\"thumbnailUrl\":\"http:\\\/\\\/nl.motocrossmag.be\\\/wp-content\\\/gallery\\\/Bercy_cds_13_logo\\\/thumbs\\\/thumbs_YCF_CX7C1320.jpg\",\"articleSection\":[\"Photos\",\"Slideshow\"],\"inLanguage\":\"fr-FR\",\"potentialAction\":[{\"@type\":\"CommentAction\",\"name\":\"Comment\",\"target\":[\"https:\\\/\\\/fr.motocrossmag.be\\\/index.php\\\/2013\\\/11\\\/galerie-photos-photos-le-supercross-de-bercy-2013\\\/#respond\"]}]},{\"@type\":\"WebPage\",\"@id\":\"https:\\\/\\\/fr.motocrossmag.be\\\/index.php\\\/2013\\\/11\\\/galerie-photos-photos-le-supercross-de-bercy-2013\\\/\",\"url\":\"https:\\\/\\\/fr.motocrossmag.be\\\/index.php\\\/2013\\\/11\\\/galerie-photos-photos-le-supercross-de-bercy-2013\\\/\",\"name\":\"Galerie photos | Photos: le Supercross de Bercy 2013 - Motocross - Enduro - Supermoto | MotocrossMag\",\"isPartOf\":{\"@id\":\"https:\\\/\\\/fr.motocrossmag.be\\\/#website\"},\"primaryImageOfPage\":{\"@id\":\"https:\\\/\\\/fr.motocrossmag.be\\\/index.php\\\/2013\\\/11\\\/galerie-photos-photos-le-supercross-de-bercy-2013\\\/#primaryimage\"},\"image\":{\"@id\":\"https:\\\/\\\/fr.motocrossmag.be\\\/index.php\\\/2013\\\/11\\\/galerie-photos-photos-le-supercross-de-bercy-2013\\\/#primaryimage\"},\"thumbnailUrl\":\"http:\\\/\\\/nl.motocrossmag.be\\\/wp-content\\\/gallery\\\/Bercy_cds_13_logo\\\/thumbs\\\/thumbs_YCF_CX7C1320.jpg\",\"datePublished\":\"2013-11-12T23:22:08+00:00\",\"author\":{\"@id\":\"https:\\\/\\\/fr.motocrossmag.be\\\/#\\\/schema\\\/person\\\/11b47143d9f755babca2c9110e03235c\"},\"breadcrumb\":{\"@id\":\"https:\\\/\\\/fr.motocrossmag.be\\\/index.php\\\/2013\\\/11\\\/galerie-photos-photos-le-supercross-de-bercy-2013\\\/#breadcrumb\"},\"inLanguage\":\"fr-FR\",\"potentialAction\":[{\"@type\":\"ReadAction\",\"target\":[\"https:\\\/\\\/fr.motocrossmag.be\\\/index.php\\\/2013\\\/11\\\/galerie-photos-photos-le-supercross-de-bercy-2013\\\/\"]}]},{\"@type\":\"ImageObject\",\"inLanguage\":\"fr-FR\",\"@id\":\"https:\\\/\\\/fr.motocrossmag.be\\\/index.php\\\/2013\\\/11\\\/galerie-photos-photos-le-supercross-de-bercy-2013\\\/#primaryimage\",\"url\":\"http:\\\/\\\/nl.motocrossmag.be\\\/wp-content\\\/gallery\\\/Bercy_cds_13_logo\\\/thumbs\\\/thumbs_YCF_CX7C1320.jpg\",\"contentUrl\":\"http:\\\/\\\/nl.motocrossmag.be\\\/wp-content\\\/gallery\\\/Bercy_cds_13_logo\\\/thumbs\\\/thumbs_YCF_CX7C1320.jpg\"},{\"@type\":\"BreadcrumbList\",\"@id\":\"https:\\\/\\\/fr.motocrossmag.be\\\/index.php\\\/2013\\\/11\\\/galerie-photos-photos-le-supercross-de-bercy-2013\\\/#breadcrumb\",\"itemListElement\":[{\"@type\":\"ListItem\",\"position\":1,\"name\":\"Accueil\",\"item\":\"https:\\\/\\\/fr.motocrossmag.be\\\/\"},{\"@type\":\"ListItem\",\"position\":2,\"name\":\"Galerie photos | Photos: le Supercross de Bercy 2013\"}]},{\"@type\":\"WebSite\",\"@id\":\"https:\\\/\\\/fr.motocrossmag.be\\\/#website\",\"url\":\"https:\\\/\\\/fr.motocrossmag.be\\\/\",\"name\":\"Motocross - Enduro - Supermoto | MotocrossMag\",\"description\":\"L&#039;actualit\u00e9 du motocross, de l&#039;enduro et du Supermoto en ligne!\",\"potentialAction\":[{\"@type\":\"SearchAction\",\"target\":{\"@type\":\"EntryPoint\",\"urlTemplate\":\"https:\\\/\\\/fr.motocrossmag.be\\\/?s={search_term_string}\"},\"query-input\":{\"@type\":\"PropertyValueSpecification\",\"valueRequired\":true,\"valueName\":\"search_term_string\"}}],\"inLanguage\":\"fr-FR\"},{\"@type\":\"Person\",\"@id\":\"https:\\\/\\\/fr.motocrossmag.be\\\/#\\\/schema\\\/person\\\/11b47143d9f755babca2c9110e03235c\",\"name\":\"oliviere\",\"image\":{\"@type\":\"ImageObject\",\"inLanguage\":\"fr-FR\",\"@id\":\"https:\\\/\\\/secure.gravatar.com\\\/avatar\\\/907069e0b81d119452040469e4a7501da1100f54f7f80180ce77bfab718288f6?s=96&d=mm&r=g\",\"url\":\"https:\\\/\\\/secure.gravatar.com\\\/avatar\\\/907069e0b81d119452040469e4a7501da1100f54f7f80180ce77bfab718288f6?s=96&d=mm&r=g\",\"contentUrl\":\"https:\\\/\\\/secure.gravatar.com\\\/avatar\\\/907069e0b81d119452040469e4a7501da1100f54f7f80180ce77bfab718288f6?s=96&d=mm&r=g\",\"caption\":\"oliviere\"},\"sameAs\":[\"http:\\\/\\\/www.motocrossmag.be\"],\"url\":\"https:\\\/\\\/fr.motocrossmag.be\\\/index.php\\\/author\\\/oliviere\\\/\"}]}<\/script>\n<!-- \/ Yoast SEO plugin. -->","yoast_head_json":{"title":"Galerie photos | Photos: le Supercross de Bercy 2013 - Motocross - Enduro - Supermoto | MotocrossMag","robots":{"index":"index","follow":"follow","max-snippet":"max-snippet:-1","max-image-preview":"max-image-preview:large","max-video-preview":"max-video-preview:-1"},"canonical":"https:\/\/fr.motocrossmag.be\/index.php\/2013\/11\/galerie-photos-photos-le-supercross-de-bercy-2013\/","og_locale":"fr_FR","og_type":"article","og_title":"Galerie photos | Photos: le Supercross de Bercy 2013 - Motocross - Enduro - Supermoto | MotocrossMag","og_description":"Le Supercross de Bercy est l&rsquo;\u00e9v\u00e9nement incontournable de l&rsquo;apr\u00e8s-saison. L&rsquo;\u00e9dition 2013 disput\u00e9e ce week-end dans la capitale fran\u00e7aise a une fois de plus \u00e9t\u00e9 \u00e0\u00a0 la hauteur de la r\u00e9putation [...]","og_url":"https:\/\/fr.motocrossmag.be\/index.php\/2013\/11\/galerie-photos-photos-le-supercross-de-bercy-2013\/","og_site_name":"Motocross - Enduro - Supermoto | MotocrossMag","article_published_time":"2013-11-12T23:22:08+00:00","og_image":[{"url":"http:\/\/nl.motocrossmag.be\/wp-content\/gallery\/Bercy_cds_13_logo\/thumbs\/thumbs_YCF_CX7C1320.jpg","type":"","width":"","height":""}],"author":"oliviere","twitter_card":"summary_large_image","twitter_misc":{"\u00c9crit par":"oliviere"},"schema":{"@context":"https:\/\/schema.org","@graph":[{"@type":"Article","@id":"https:\/\/fr.motocrossmag.be\/index.php\/2013\/11\/galerie-photos-photos-le-supercross-de-bercy-2013\/#article","isPartOf":{"@id":"https:\/\/fr.motocrossmag.be\/index.php\/2013\/11\/galerie-photos-photos-le-supercross-de-bercy-2013\/"},"author":{"name":"oliviere","@id":"https:\/\/fr.motocrossmag.be\/#\/schema\/person\/11b47143d9f755babca2c9110e03235c"},"headline":"Galerie photos | Photos: le Supercross de Bercy 2013","datePublished":"2013-11-12T23:22:08+00:00","mainEntityOfPage":{"@id":"https:\/\/fr.motocrossmag.be\/index.php\/2013\/11\/galerie-photos-photos-le-supercross-de-bercy-2013\/"},"wordCount":93,"commentCount":0,"image":{"@id":"https:\/\/fr.motocrossmag.be\/index.php\/2013\/11\/galerie-photos-photos-le-supercross-de-bercy-2013\/#primaryimage"},"thumbnailUrl":"http:\/\/nl.motocrossmag.be\/wp-content\/gallery\/Bercy_cds_13_logo\/thumbs\/thumbs_YCF_CX7C1320.jpg","articleSection":["Photos","Slideshow"],"inLanguage":"fr-FR","potentialAction":[{"@type":"CommentAction","name":"Comment","target":["https:\/\/fr.motocrossmag.be\/index.php\/2013\/11\/galerie-photos-photos-le-supercross-de-bercy-2013\/#respond"]}]},{"@type":"WebPage","@id":"https:\/\/fr.motocrossmag.be\/index.php\/2013\/11\/galerie-photos-photos-le-supercross-de-bercy-2013\/","url":"https:\/\/fr.motocrossmag.be\/index.php\/2013\/11\/galerie-photos-photos-le-supercross-de-bercy-2013\/","name":"Galerie photos | Photos: le Supercross de Bercy 2013 - Motocross - Enduro - Supermoto | MotocrossMag","isPartOf":{"@id":"https:\/\/fr.motocrossmag.be\/#website"},"primaryImageOfPage":{"@id":"https:\/\/fr.motocrossmag.be\/index.php\/2013\/11\/galerie-photos-photos-le-supercross-de-bercy-2013\/#primaryimage"},"image":{"@id":"https:\/\/fr.motocrossmag.be\/index.php\/2013\/11\/galerie-photos-photos-le-supercross-de-bercy-2013\/#primaryimage"},"thumbnailUrl":"http:\/\/nl.motocrossmag.be\/wp-content\/gallery\/Bercy_cds_13_logo\/thumbs\/thumbs_YCF_CX7C1320.jpg","datePublished":"2013-11-12T23:22:08+00:00","author":{"@id":"https:\/\/fr.motocrossmag.be\/#\/schema\/person\/11b47143d9f755babca2c9110e03235c"},"breadcrumb":{"@id":"https:\/\/fr.motocrossmag.be\/index.php\/2013\/11\/galerie-photos-photos-le-supercross-de-bercy-2013\/#breadcrumb"},"inLanguage":"fr-FR","potentialAction":[{"@type":"ReadAction","target":["https:\/\/fr.motocrossmag.be\/index.php\/2013\/11\/galerie-photos-photos-le-supercross-de-bercy-2013\/"]}]},{"@type":"ImageObject","inLanguage":"fr-FR","@id":"https:\/\/fr.motocrossmag.be\/index.php\/2013\/11\/galerie-photos-photos-le-supercross-de-bercy-2013\/#primaryimage","url":"http:\/\/nl.motocrossmag.be\/wp-content\/gallery\/Bercy_cds_13_logo\/thumbs\/thumbs_YCF_CX7C1320.jpg","contentUrl":"http:\/\/nl.motocrossmag.be\/wp-content\/gallery\/Bercy_cds_13_logo\/thumbs\/thumbs_YCF_CX7C1320.jpg"},{"@type":"BreadcrumbList","@id":"https:\/\/fr.motocrossmag.be\/index.php\/2013\/11\/galerie-photos-photos-le-supercross-de-bercy-2013\/#breadcrumb","itemListElement":[{"@type":"ListItem","position":1,"name":"Accueil","item":"https:\/\/fr.motocrossmag.be\/"},{"@type":"ListItem","position":2,"name":"Galerie photos | Photos: le Supercross de Bercy 2013"}]},{"@type":"WebSite","@id":"https:\/\/fr.motocrossmag.be\/#website","url":"https:\/\/fr.motocrossmag.be\/","name":"Motocross - Enduro - Supermoto | MotocrossMag","description":"L&#039;actualit\u00e9 du motocross, de l&#039;enduro et du Supermoto en ligne!","potentialAction":[{"@type":"SearchAction","target":{"@type":"EntryPoint","urlTemplate":"https:\/\/fr.motocrossmag.be\/?s={search_term_string}"},"query-input":{"@type":"PropertyValueSpecification","valueRequired":true,"valueName":"search_term_string"}}],"inLanguage":"fr-FR"},{"@type":"Person","@id":"https:\/\/fr.motocrossmag.be\/#\/schema\/person\/11b47143d9f755babca2c9110e03235c","name":"oliviere","image":{"@type":"ImageObject","inLanguage":"fr-FR","@id":"https:\/\/secure.gravatar.com\/avatar\/907069e0b81d119452040469e4a7501da1100f54f7f80180ce77bfab718288f6?s=96&d=mm&r=g","url":"https:\/\/secure.gravatar.com\/avatar\/907069e0b81d119452040469e4a7501da1100f54f7f80180ce77bfab718288f6?s=96&d=mm&r=g","contentUrl":"https:\/\/secure.gravatar.com\/avatar\/907069e0b81d119452040469e4a7501da1100f54f7f80180ce77bfab718288f6?s=96&d=mm&r=g","caption":"oliviere"},"sameAs":["http:\/\/www.motocrossmag.be"],"url":"https:\/\/fr.motocrossmag.be\/index.php\/author\/oliviere\/"}]}},"_links":{"self":[{"href":"https:\/\/fr.motocrossmag.be\/index.php\/wp-json\/wp\/v2\/posts\/19909","targetHints":{"allow":["GET"]}}],"collection":[{"href":"https:\/\/fr.motocrossmag.be\/index.php\/wp-json\/wp\/v2\/posts"}],"about":[{"href":"https:\/\/fr.motocrossmag.be\/index.php\/wp-json\/wp\/v2\/types\/post"}],"author":[{"embeddable":true,"href":"https:\/\/fr.motocrossmag.be\/index.php\/wp-json\/wp\/v2\/users\/932"}],"replies":[{"embeddable":true,"href":"https:\/\/fr.motocrossmag.be\/index.php\/wp-json\/wp\/v2\/comments?post=19909"}],"version-history":[{"count":0,"href":"https:\/\/fr.motocrossmag.be\/index.php\/wp-json\/wp\/v2\/posts\/19909\/revisions"}],"wp:attachment":[{"href":"https:\/\/fr.motocrossmag.be\/index.php\/wp-json\/wp\/v2\/media?parent=19909"}],"wp:term":[{"taxonomy":"category","embeddable":true,"href":"https:\/\/fr.motocrossmag.be\/index.php\/wp-json\/wp\/v2\/categories?post=19909"},{"taxonomy":"post_tag","embeddable":true,"href":"https:\/\/fr.motocrossmag.be\/index.php\/wp-json\/wp\/v2\/tags?post=19909"}],"curies":[{"name":"wp","href":"https:\/\/api.w.org\/{rel}","templated":true}]}}