{"id":19933,"date":"2013-11-20T21:16:29","date_gmt":"2013-11-20T20:16:29","guid":{"rendered":"http:\/\/fr.motocrossmag.be\/?p=19933"},"modified":"2013-11-20T21:17:48","modified_gmt":"2013-11-20T20:17:48","slug":"interview-valentin-teillet-valentin-teillet-je-ne-suis-pas-pret-a-rouler-en-mx1","status":"publish","type":"post","link":"https:\/\/fr.motocrossmag.be\/index.php\/2013\/11\/interview-valentin-teillet-valentin-teillet-je-ne-suis-pas-pret-a-rouler-en-mx1\/","title":{"rendered":"Interview Valentin Teillet | Valentin Teillet: \u00ab\u00a0Je ne me sens pas pr\u00eat \u00e0\u00a0 rouler en MX1\u00a0\u00bb"},"content":{"rendered":"<p>Seul pilote engag\u00e9 au dernier supercross de Bercy avec une 250cc, le pilote Bud Racing Valentin Teillet en a profit\u00e9 pour peaufiner sont entra\u00eenement en vue de disputer le championnat de Supercross c\u00f4te ouest aux \u00e0\u2030tats-Unis. Bilan de la saison 2013, supercross et programme 2014 sont \u00e9voqu\u00e9s dans les lignes qui suivent.<\/p>\n<p><strong>Comment s\u00e2\u20ac\u2122est pass\u00e9e la saison 2013 pour toi ? Il me semble qu&rsquo;on ne t\u00e2\u20ac\u2122a pas beaucoup vu ?<\/strong><\/p>\n<p>Valentin Teillet: \u00ab\u00a0Cette ann\u00e9e, j\u00e2\u20ac\u2122ai \u00e9t\u00e9 bless\u00e9 quatre mois. J&rsquo;ai pris beaucoup de repos. J\u00e2\u20ac\u2122ai directement recommenc\u00e9 \u00e0\u00a0 rouler en Supercross car j\u00e2\u20ac\u2122aime cette discipline. J\u00e2\u20ac\u2122ai commenc\u00e9 \u00e0\u00a0 m\u00e2\u20ac\u2122entra\u00eener en septembre, sur ma propre piste, puis mon manager m\u00e2\u20ac\u2122a parl\u00e9 d\u00e2\u20ac\u2122aller aux Etats-Unis pour y\u00a0disputer le championnat AMA. Je lui ai dit \u00ab oui, OK, mais peut \u00eatre serait-il bien de faire quelques courses avant comme Marseille, G\u00eanes et Bercy \u00bb. Je me sens bien et je m\u00e2\u20ac\u2122entra\u00eene beaucoup.\u00a0\u00bb<\/p>\n<p><strong>Que s\u00e2\u20ac\u2122est il pass\u00e9 pendant ta saison de GP ?<\/strong><\/p>\n<p>Valentin Teillet: \u00ab\u00a0J\u00e2\u20ac\u2122avais beaucoup travaill\u00e9 pendant l\u00e2\u20ac\u2122hiver et j\u00e2\u20ac\u2122\u00e9tais pr\u00eat pour une bonne saison et elle a bien commenc\u00e9 au Qatar. J\u00e2\u20ac\u2122avais gagn\u00e9 la manche qualificative, puis j\u00e2\u20ac\u2122ai eu un probl\u00e8me m\u00e9canique. J\u00e2\u20ac\u2122\u00e9tais pr\u00eat \u00e0\u00a0 me battre pour la premi\u00e8re place mais dans le championnat fran\u00e7ais j\u00e2\u20ac\u2122ai lourdement chut\u00e9 et mon \u00e9paule a \u00e9t\u00e9 touch\u00e9e. Elle s\u00e2\u20ac\u2122est d\u00e9boit\u00e9e et j\u00e2\u20ac\u2122ai d\u00e0\u00bb \u00eatre op\u00e9r\u00e9, je suis rest\u00e9 quatre mois sans rouler. C\u00e2\u20ac\u2122\u00e9tait une grosse blessure et j\u00e2\u20ac\u2122ai voulu prendre du temps car dans le pass\u00e9 j\u00e2\u20ac\u2122ai repris trop t\u00f4t mais je ne pense pas que ce soit bon pour le corps. Donc, maintenant, je fais attention \u00e0\u00a0\u00a0\u00e7a. R\u00e9sultat: j\u00e2\u20ac\u2122ai compl\u00e8tement manqu\u00e9 ma saison de GP.\u00a0\u00bb<\/p>\n<p><strong>En d\u00e9cembre,\u00a0tu pars donc en Californie. Tu es impatient de partir ?<\/strong><\/p>\n<p>Valentin Teillet: \u00ab\u00a0Je suis vraiment tr\u00e8s excit\u00e9. Honn\u00eatement,\u00a0rouler en Am\u00e9rique est mon r\u00eave depuis que je suis jeune, tout est \u00e9norme l\u00e0\u00a0-bas. Le supercross est une chose que j\u00e2\u20ac\u2122aime beaucoup. Quand je gagne en Supercross, je prends beaucoup de plaisir. J\u00e2\u20ac\u2122aime\u00a0\u00e7a, je pr\u00e9f\u00e8re le Supercross au motocross. Quand mon manager m\u00e2\u20ac\u2122a parl\u00e9 d\u00e2\u20ac\u2122aller aux Etats-Unis, j\u00e2\u20ac\u2122\u00e9tais si heureux que j\u00e2\u20ac\u2122ai dit \u00ab\u00a0oui, j\u00e2\u20ac\u2122y vais avec toi\u00a0\u00bb sans h\u00e9siter.\u00a0\u00bb<\/p>\n<p><strong>Qu\u00e2\u20ac\u2122esp\u00e8res-tu accomplir l\u00e0\u00a0-bas ? <\/strong><\/p>\n<p>Valentin Teillet: \u00ab\u00a0C\u00e2\u20ac\u2122est difficile d\u00e2\u20ac\u2122avoir un but car je ne connais pas le niveau l\u00e0\u00a0-bas. Je n\u00e2\u20ac\u2122ai jamais roul\u00e9\u00a0aux USA\u00a0donc je ne peux pas dire si je peux \u00eatre dans le top 3, ou dans le top 5 mais je suis s\u00e0\u00bbr que si je m\u00e2\u20ac\u2122entra\u00eene beaucoup, je peux \u00eatre rapide. Le but pour moi est de prendre du plaisir, de prendre de bons d\u00e9parts et si je peux scorer plusieurs top 5 en course cela serait \u00e9norme pour moi.\u00a0\u00bb<\/p>\n<p><strong>Et apr\u00e8s le Supercross, reviendras-tu en GP ? Quels sont tes plans ?<\/strong><\/p>\n<p>Valentin Teillet: \u00ab\u00a0Oui, mais le probl\u00e8me c\u00e2\u20ac\u2122est que maintenant j\u00e2\u20ac\u2122ai vingt-trois ans et je ne peux plus rouler en MX2, c\u00e2\u20ac\u2122est un peu d\u00e9cevant car j\u00e2\u20ac\u2122aime la cat\u00e9gorie 250. Je ne me sens pas assez fort, je ne suis pas grand,&#8230; bref, je\u00a0ne me sens pas pr\u00eat \u00e0\u00a0 rouler en 450. Donc, je vais faire quelques GP l\u00e2\u20ac\u2122ann\u00e9e prochaine en MX1 mais pas tout le championnat.\u00a0\u00bb<\/p>\n<p><strong>Texte :<\/strong> M.Capton<\/p>\n","protected":false},"excerpt":{"rendered":"<p>Seul pilote engag\u00e9 au dernier supercross de Bercy avec une 250cc, le pilote Bud Racing Valentin Teillet en a profit\u00e9 pour peaufiner sont entra\u00eenement en vue de disputer le championnat [&#8230;]<\/p>\n","protected":false},"author":932,"featured_media":0,"comment_status":"open","ping_status":"closed","sticky":false,"template":"","format":"standard","meta":{"footnotes":""},"categories":[7,4,65],"tags":[262,147,333,332,140,947,80,116,330,672],"class_list":["post-19933","post","type-post","status-publish","format-standard","hentry","category-interviews","category-motocross","category-slideshow","tag-262","tag-ama","tag-bercy","tag-bud-racing","tag-kawasaki","tag-motocross","tag-mx2","tag-supercross","tag-valentin-teillet","tag-west-coast-sx"],"yoast_head":"<!-- This site is optimized with the Yoast SEO plugin v27.4 - https:\/\/yoast.com\/product\/yoast-seo-wordpress\/ -->\n<title>Interview Valentin Teillet | Valentin Teillet: &quot;Je ne me sens pas pr\u00eat \u00e0\u00a0 rouler en MX1&quot; - Motocross - Enduro - Supermoto | MotocrossMag<\/title>\n<meta name=\"robots\" content=\"index, follow, max-snippet:-1, max-image-preview:large, max-video-preview:-1\" \/>\n<link rel=\"canonical\" href=\"https:\/\/fr.motocrossmag.be\/index.php\/2013\/11\/interview-valentin-teillet-valentin-teillet-je-ne-suis-pas-pret-a-rouler-en-mx1\/\" \/>\n<meta property=\"og:locale\" content=\"fr_FR\" \/>\n<meta property=\"og:type\" content=\"article\" \/>\n<meta property=\"og:title\" content=\"Interview Valentin Teillet | Valentin Teillet: &quot;Je ne me sens pas pr\u00eat \u00e0\u00a0 rouler en MX1&quot; - Motocross - Enduro - Supermoto | MotocrossMag\" \/>\n<meta property=\"og:description\" content=\"Seul pilote engag\u00e9 au dernier supercross de Bercy avec une 250cc, le pilote Bud Racing Valentin Teillet en a profit\u00e9 pour peaufiner sont entra\u00eenement en vue de disputer le championnat [...]\" \/>\n<meta property=\"og:url\" content=\"https:\/\/fr.motocrossmag.be\/index.php\/2013\/11\/interview-valentin-teillet-valentin-teillet-je-ne-suis-pas-pret-a-rouler-en-mx1\/\" \/>\n<meta property=\"og:site_name\" content=\"Motocross - Enduro - Supermoto | MotocrossMag\" \/>\n<meta property=\"article:published_time\" content=\"2013-11-20T20:16:29+00:00\" \/>\n<meta property=\"article:modified_time\" content=\"2013-11-20T20:17:48+00:00\" \/>\n<meta name=\"author\" content=\"oliviere\" \/>\n<meta name=\"twitter:card\" content=\"summary_large_image\" \/>\n<meta name=\"twitter:label1\" content=\"\u00c9crit par\" \/>\n\t<meta name=\"twitter:data1\" content=\"oliviere\" \/>\n\t<meta name=\"twitter:label2\" content=\"Dur\u00e9e de lecture estim\u00e9e\" \/>\n\t<meta name=\"twitter:data2\" content=\"3 minutes\" \/>\n<script type=\"application\/ld+json\" class=\"yoast-schema-graph\">{\"@context\":\"https:\\\/\\\/schema.org\",\"@graph\":[{\"@type\":\"Article\",\"@id\":\"https:\\\/\\\/fr.motocrossmag.be\\\/index.php\\\/2013\\\/11\\\/interview-valentin-teillet-valentin-teillet-je-ne-suis-pas-pret-a-rouler-en-mx1\\\/#article\",\"isPartOf\":{\"@id\":\"https:\\\/\\\/fr.motocrossmag.be\\\/index.php\\\/2013\\\/11\\\/interview-valentin-teillet-valentin-teillet-je-ne-suis-pas-pret-a-rouler-en-mx1\\\/\"},\"author\":{\"name\":\"oliviere\",\"@id\":\"https:\\\/\\\/fr.motocrossmag.be\\\/#\\\/schema\\\/person\\\/11b47143d9f755babca2c9110e03235c\"},\"headline\":\"Interview Valentin Teillet | Valentin Teillet: \u00ab\u00a0Je ne me sens pas pr\u00eat \u00e0\u00a0 rouler en MX1\u00a0\u00bb\",\"datePublished\":\"2013-11-20T20:16:29+00:00\",\"dateModified\":\"2013-11-20T20:17:48+00:00\",\"mainEntityOfPage\":{\"@id\":\"https:\\\/\\\/fr.motocrossmag.be\\\/index.php\\\/2013\\\/11\\\/interview-valentin-teillet-valentin-teillet-je-ne-suis-pas-pret-a-rouler-en-mx1\\\/\"},\"wordCount\":606,\"commentCount\":0,\"keywords\":[\"2013\",\"AMA\",\"bercy\",\"bud racing\",\"kawasaki\",\"Motocross\",\"MX2\",\"Supercross\",\"valentin teillet\",\"west coast sx\"],\"articleSection\":[\"Interviews\",\"Motocross\",\"Slideshow\"],\"inLanguage\":\"fr-FR\",\"potentialAction\":[{\"@type\":\"CommentAction\",\"name\":\"Comment\",\"target\":[\"https:\\\/\\\/fr.motocrossmag.be\\\/index.php\\\/2013\\\/11\\\/interview-valentin-teillet-valentin-teillet-je-ne-suis-pas-pret-a-rouler-en-mx1\\\/#respond\"]}]},{\"@type\":\"WebPage\",\"@id\":\"https:\\\/\\\/fr.motocrossmag.be\\\/index.php\\\/2013\\\/11\\\/interview-valentin-teillet-valentin-teillet-je-ne-suis-pas-pret-a-rouler-en-mx1\\\/\",\"url\":\"https:\\\/\\\/fr.motocrossmag.be\\\/index.php\\\/2013\\\/11\\\/interview-valentin-teillet-valentin-teillet-je-ne-suis-pas-pret-a-rouler-en-mx1\\\/\",\"name\":\"Interview Valentin Teillet | Valentin Teillet: \\\"Je ne me sens pas pr\u00eat \u00e0\u00a0 rouler en MX1\\\" - Motocross - Enduro - Supermoto | MotocrossMag\",\"isPartOf\":{\"@id\":\"https:\\\/\\\/fr.motocrossmag.be\\\/#website\"},\"datePublished\":\"2013-11-20T20:16:29+00:00\",\"dateModified\":\"2013-11-20T20:17:48+00:00\",\"author\":{\"@id\":\"https:\\\/\\\/fr.motocrossmag.be\\\/#\\\/schema\\\/person\\\/11b47143d9f755babca2c9110e03235c\"},\"breadcrumb\":{\"@id\":\"https:\\\/\\\/fr.motocrossmag.be\\\/index.php\\\/2013\\\/11\\\/interview-valentin-teillet-valentin-teillet-je-ne-suis-pas-pret-a-rouler-en-mx1\\\/#breadcrumb\"},\"inLanguage\":\"fr-FR\",\"potentialAction\":[{\"@type\":\"ReadAction\",\"target\":[\"https:\\\/\\\/fr.motocrossmag.be\\\/index.php\\\/2013\\\/11\\\/interview-valentin-teillet-valentin-teillet-je-ne-suis-pas-pret-a-rouler-en-mx1\\\/\"]}]},{\"@type\":\"BreadcrumbList\",\"@id\":\"https:\\\/\\\/fr.motocrossmag.be\\\/index.php\\\/2013\\\/11\\\/interview-valentin-teillet-valentin-teillet-je-ne-suis-pas-pret-a-rouler-en-mx1\\\/#breadcrumb\",\"itemListElement\":[{\"@type\":\"ListItem\",\"position\":1,\"name\":\"Accueil\",\"item\":\"https:\\\/\\\/fr.motocrossmag.be\\\/\"},{\"@type\":\"ListItem\",\"position\":2,\"name\":\"Interview Valentin Teillet | Valentin Teillet: \u00ab\u00a0Je ne me sens pas pr\u00eat \u00e0\u00a0 rouler en MX1\u00a0\u00bb\"}]},{\"@type\":\"WebSite\",\"@id\":\"https:\\\/\\\/fr.motocrossmag.be\\\/#website\",\"url\":\"https:\\\/\\\/fr.motocrossmag.be\\\/\",\"name\":\"Motocross - Enduro - Supermoto | MotocrossMag\",\"description\":\"L&#039;actualit\u00e9 du motocross, de l&#039;enduro et du Supermoto en ligne!\",\"potentialAction\":[{\"@type\":\"SearchAction\",\"target\":{\"@type\":\"EntryPoint\",\"urlTemplate\":\"https:\\\/\\\/fr.motocrossmag.be\\\/?s={search_term_string}\"},\"query-input\":{\"@type\":\"PropertyValueSpecification\",\"valueRequired\":true,\"valueName\":\"search_term_string\"}}],\"inLanguage\":\"fr-FR\"},{\"@type\":\"Person\",\"@id\":\"https:\\\/\\\/fr.motocrossmag.be\\\/#\\\/schema\\\/person\\\/11b47143d9f755babca2c9110e03235c\",\"name\":\"oliviere\",\"image\":{\"@type\":\"ImageObject\",\"inLanguage\":\"fr-FR\",\"@id\":\"https:\\\/\\\/secure.gravatar.com\\\/avatar\\\/907069e0b81d119452040469e4a7501da1100f54f7f80180ce77bfab718288f6?s=96&d=mm&r=g\",\"url\":\"https:\\\/\\\/secure.gravatar.com\\\/avatar\\\/907069e0b81d119452040469e4a7501da1100f54f7f80180ce77bfab718288f6?s=96&d=mm&r=g\",\"contentUrl\":\"https:\\\/\\\/secure.gravatar.com\\\/avatar\\\/907069e0b81d119452040469e4a7501da1100f54f7f80180ce77bfab718288f6?s=96&d=mm&r=g\",\"caption\":\"oliviere\"},\"sameAs\":[\"http:\\\/\\\/www.motocrossmag.be\"],\"url\":\"https:\\\/\\\/fr.motocrossmag.be\\\/index.php\\\/author\\\/oliviere\\\/\"}]}<\/script>\n<!-- \/ Yoast SEO plugin. -->","yoast_head_json":{"title":"Interview Valentin Teillet | Valentin Teillet: \"Je ne me sens pas pr\u00eat \u00e0\u00a0 rouler en MX1\" - Motocross - Enduro - Supermoto | MotocrossMag","robots":{"index":"index","follow":"follow","max-snippet":"max-snippet:-1","max-image-preview":"max-image-preview:large","max-video-preview":"max-video-preview:-1"},"canonical":"https:\/\/fr.motocrossmag.be\/index.php\/2013\/11\/interview-valentin-teillet-valentin-teillet-je-ne-suis-pas-pret-a-rouler-en-mx1\/","og_locale":"fr_FR","og_type":"article","og_title":"Interview Valentin Teillet | Valentin Teillet: \"Je ne me sens pas pr\u00eat \u00e0\u00a0 rouler en MX1\" - Motocross - Enduro - Supermoto | MotocrossMag","og_description":"Seul pilote engag\u00e9 au dernier supercross de Bercy avec une 250cc, le pilote Bud Racing Valentin Teillet en a profit\u00e9 pour peaufiner sont entra\u00eenement en vue de disputer le championnat [...]","og_url":"https:\/\/fr.motocrossmag.be\/index.php\/2013\/11\/interview-valentin-teillet-valentin-teillet-je-ne-suis-pas-pret-a-rouler-en-mx1\/","og_site_name":"Motocross - Enduro - Supermoto | MotocrossMag","article_published_time":"2013-11-20T20:16:29+00:00","article_modified_time":"2013-11-20T20:17:48+00:00","author":"oliviere","twitter_card":"summary_large_image","twitter_misc":{"\u00c9crit par":"oliviere","Dur\u00e9e de lecture estim\u00e9e":"3 minutes"},"schema":{"@context":"https:\/\/schema.org","@graph":[{"@type":"Article","@id":"https:\/\/fr.motocrossmag.be\/index.php\/2013\/11\/interview-valentin-teillet-valentin-teillet-je-ne-suis-pas-pret-a-rouler-en-mx1\/#article","isPartOf":{"@id":"https:\/\/fr.motocrossmag.be\/index.php\/2013\/11\/interview-valentin-teillet-valentin-teillet-je-ne-suis-pas-pret-a-rouler-en-mx1\/"},"author":{"name":"oliviere","@id":"https:\/\/fr.motocrossmag.be\/#\/schema\/person\/11b47143d9f755babca2c9110e03235c"},"headline":"Interview Valentin Teillet | Valentin Teillet: \u00ab\u00a0Je ne me sens pas pr\u00eat \u00e0\u00a0 rouler en MX1\u00a0\u00bb","datePublished":"2013-11-20T20:16:29+00:00","dateModified":"2013-11-20T20:17:48+00:00","mainEntityOfPage":{"@id":"https:\/\/fr.motocrossmag.be\/index.php\/2013\/11\/interview-valentin-teillet-valentin-teillet-je-ne-suis-pas-pret-a-rouler-en-mx1\/"},"wordCount":606,"commentCount":0,"keywords":["2013","AMA","bercy","bud racing","kawasaki","Motocross","MX2","Supercross","valentin teillet","west coast sx"],"articleSection":["Interviews","Motocross","Slideshow"],"inLanguage":"fr-FR","potentialAction":[{"@type":"CommentAction","name":"Comment","target":["https:\/\/fr.motocrossmag.be\/index.php\/2013\/11\/interview-valentin-teillet-valentin-teillet-je-ne-suis-pas-pret-a-rouler-en-mx1\/#respond"]}]},{"@type":"WebPage","@id":"https:\/\/fr.motocrossmag.be\/index.php\/2013\/11\/interview-valentin-teillet-valentin-teillet-je-ne-suis-pas-pret-a-rouler-en-mx1\/","url":"https:\/\/fr.motocrossmag.be\/index.php\/2013\/11\/interview-valentin-teillet-valentin-teillet-je-ne-suis-pas-pret-a-rouler-en-mx1\/","name":"Interview Valentin Teillet | Valentin Teillet: \"Je ne me sens pas pr\u00eat \u00e0\u00a0 rouler en MX1\" - Motocross - Enduro - Supermoto | MotocrossMag","isPartOf":{"@id":"https:\/\/fr.motocrossmag.be\/#website"},"datePublished":"2013-11-20T20:16:29+00:00","dateModified":"2013-11-20T20:17:48+00:00","author":{"@id":"https:\/\/fr.motocrossmag.be\/#\/schema\/person\/11b47143d9f755babca2c9110e03235c"},"breadcrumb":{"@id":"https:\/\/fr.motocrossmag.be\/index.php\/2013\/11\/interview-valentin-teillet-valentin-teillet-je-ne-suis-pas-pret-a-rouler-en-mx1\/#breadcrumb"},"inLanguage":"fr-FR","potentialAction":[{"@type":"ReadAction","target":["https:\/\/fr.motocrossmag.be\/index.php\/2013\/11\/interview-valentin-teillet-valentin-teillet-je-ne-suis-pas-pret-a-rouler-en-mx1\/"]}]},{"@type":"BreadcrumbList","@id":"https:\/\/fr.motocrossmag.be\/index.php\/2013\/11\/interview-valentin-teillet-valentin-teillet-je-ne-suis-pas-pret-a-rouler-en-mx1\/#breadcrumb","itemListElement":[{"@type":"ListItem","position":1,"name":"Accueil","item":"https:\/\/fr.motocrossmag.be\/"},{"@type":"ListItem","position":2,"name":"Interview Valentin Teillet | Valentin Teillet: \u00ab\u00a0Je ne me sens pas pr\u00eat \u00e0\u00a0 rouler en MX1\u00a0\u00bb"}]},{"@type":"WebSite","@id":"https:\/\/fr.motocrossmag.be\/#website","url":"https:\/\/fr.motocrossmag.be\/","name":"Motocross - Enduro - Supermoto | MotocrossMag","description":"L&#039;actualit\u00e9 du motocross, de l&#039;enduro et du Supermoto en ligne!","potentialAction":[{"@type":"SearchAction","target":{"@type":"EntryPoint","urlTemplate":"https:\/\/fr.motocrossmag.be\/?s={search_term_string}"},"query-input":{"@type":"PropertyValueSpecification","valueRequired":true,"valueName":"search_term_string"}}],"inLanguage":"fr-FR"},{"@type":"Person","@id":"https:\/\/fr.motocrossmag.be\/#\/schema\/person\/11b47143d9f755babca2c9110e03235c","name":"oliviere","image":{"@type":"ImageObject","inLanguage":"fr-FR","@id":"https:\/\/secure.gravatar.com\/avatar\/907069e0b81d119452040469e4a7501da1100f54f7f80180ce77bfab718288f6?s=96&d=mm&r=g","url":"https:\/\/secure.gravatar.com\/avatar\/907069e0b81d119452040469e4a7501da1100f54f7f80180ce77bfab718288f6?s=96&d=mm&r=g","contentUrl":"https:\/\/secure.gravatar.com\/avatar\/907069e0b81d119452040469e4a7501da1100f54f7f80180ce77bfab718288f6?s=96&d=mm&r=g","caption":"oliviere"},"sameAs":["http:\/\/www.motocrossmag.be"],"url":"https:\/\/fr.motocrossmag.be\/index.php\/author\/oliviere\/"}]}},"_links":{"self":[{"href":"https:\/\/fr.motocrossmag.be\/index.php\/wp-json\/wp\/v2\/posts\/19933","targetHints":{"allow":["GET"]}}],"collection":[{"href":"https:\/\/fr.motocrossmag.be\/index.php\/wp-json\/wp\/v2\/posts"}],"about":[{"href":"https:\/\/fr.motocrossmag.be\/index.php\/wp-json\/wp\/v2\/types\/post"}],"author":[{"embeddable":true,"href":"https:\/\/fr.motocrossmag.be\/index.php\/wp-json\/wp\/v2\/users\/932"}],"replies":[{"embeddable":true,"href":"https:\/\/fr.motocrossmag.be\/index.php\/wp-json\/wp\/v2\/comments?post=19933"}],"version-history":[{"count":0,"href":"https:\/\/fr.motocrossmag.be\/index.php\/wp-json\/wp\/v2\/posts\/19933\/revisions"}],"wp:attachment":[{"href":"https:\/\/fr.motocrossmag.be\/index.php\/wp-json\/wp\/v2\/media?parent=19933"}],"wp:term":[{"taxonomy":"category","embeddable":true,"href":"https:\/\/fr.motocrossmag.be\/index.php\/wp-json\/wp\/v2\/categories?post=19933"},{"taxonomy":"post_tag","embeddable":true,"href":"https:\/\/fr.motocrossmag.be\/index.php\/wp-json\/wp\/v2\/tags?post=19933"}],"curies":[{"name":"wp","href":"https:\/\/api.w.org\/{rel}","templated":true}]}}