{"id":20315,"date":"2014-02-04T11:07:01","date_gmt":"2014-02-04T10:07:01","guid":{"rendered":"http:\/\/fr.motocrossmag.be\/?p=20315"},"modified":"2014-02-04T11:07:01","modified_gmt":"2014-02-04T10:07:01","slug":"galerie-photos-photos-les-pilotes-officiels-husqvarna","status":"publish","type":"post","link":"https:\/\/fr.motocrossmag.be\/index.php\/2014\/02\/galerie-photos-photos-les-pilotes-officiels-husqvarna\/","title":{"rendered":"Galerie photos | Photos: les pilotes officiels Husqvarna"},"content":{"rendered":"<p>Husqvarna retrouvera une place de choix dans le paddock MXGP cette ann\u00e9e. Le nouveau propri\u00e9taire de la marque, KTM, a choisi 2 de ses fid\u00e8les structures pour repr\u00e9senter au plus haut niveau sa nouvelle acquisition. Les teams ICE One Racing (MXGP) et JM Racing (MX2) porteront donc les couleurs de la marque aux origines su\u00e9doises d\u00e9sormais sous forte influence autrichienne. Et il y a fort \u00e0\u00a0 parier que l&rsquo;on devrait les voir r\u00e9guli\u00e8rement briguer les places d&rsquo;honneur cette ann\u00e9e avec des pilotes comme Tyla Rattray, le prometteur Todd Waters ou Romain F\u00e8bvre et Aleksandr Tonkov. A moins d&rsquo;un mois de l&rsquo;ouverture de la campagne mondiale, l&rsquo;heure est aux s\u00e9ances photos pour les officiels Husqvarna.<\/p>\n<p><a class=\"shutterset_set_376\" title=\" \" rel=\"lightbox dia=1\" href=\"http:\/\/nl.motocrossmag.be\/wp-content\/gallery\/husqvarna_shoot_14\/1012690_720289278003084_477572621_n.jpg\"><img class=\"lazyload\" decoding=\"async\" title=\"1012690_720289278003084_477572621_n\" src=\"data:image\/svg+xml,%3Csvg%20xmlns%3D%27http%3A%2F%2Fwww.w3.org%2F2000%2Fsvg%27%20width%3D%27100%27%20height%3D%2775%27%20viewBox%3D%270%200%20100%2075%27%3E%3Crect%20width%3D%27100%27%20height%3D%2775%27%20fill-opacity%3D%220%22%2F%3E%3C%2Fsvg%3E\" data-orig-src=\"http:\/\/nl.motocrossmag.be\/wp-content\/gallery\/husqvarna_shoot_14\/thumbs\/thumbs_1012690_720289278003084_477572621_n.jpg\" alt=\"1012690_720289278003084_477572621_n\" width=\"100\" height=\"75\" \/> <\/a><a class=\"shutterset_set_376\" title=\" \" rel=\"lightbox dia=1\" href=\"http:\/\/nl.motocrossmag.be\/wp-content\/gallery\/husqvarna_shoot_14\/1016543_720289238003088_411574497_n.jpg\"><img class=\"lazyload\" decoding=\"async\" title=\"1016543_720289238003088_411574497_n\" src=\"data:image\/svg+xml,%3Csvg%20xmlns%3D%27http%3A%2F%2Fwww.w3.org%2F2000%2Fsvg%27%20width%3D%27100%27%20height%3D%2775%27%20viewBox%3D%270%200%20100%2075%27%3E%3Crect%20width%3D%27100%27%20height%3D%2775%27%20fill-opacity%3D%220%22%2F%3E%3C%2Fsvg%3E\" data-orig-src=\"http:\/\/nl.motocrossmag.be\/wp-content\/gallery\/husqvarna_shoot_14\/thumbs\/thumbs_1016543_720289238003088_411574497_n.jpg\" alt=\"1016543_720289238003088_411574497_n\" width=\"100\" height=\"75\" \/> <\/a><a class=\"shutterset_set_376\" title=\" \" rel=\"lightbox dia=1\" href=\"http:\/\/nl.motocrossmag.be\/wp-content\/gallery\/husqvarna_shoot_14\/1486618_720283914670287_1644361392_n.jpg\"><img class=\"lazyload\" decoding=\"async\" title=\"1486618_720283914670287_1644361392_n\" src=\"data:image\/svg+xml,%3Csvg%20xmlns%3D%27http%3A%2F%2Fwww.w3.org%2F2000%2Fsvg%27%20width%3D%27100%27%20height%3D%2775%27%20viewBox%3D%270%200%20100%2075%27%3E%3Crect%20width%3D%27100%27%20height%3D%2775%27%20fill-opacity%3D%220%22%2F%3E%3C%2Fsvg%3E\" data-orig-src=\"http:\/\/nl.motocrossmag.be\/wp-content\/gallery\/husqvarna_shoot_14\/thumbs\/thumbs_1486618_720283914670287_1644361392_n.jpg\" alt=\"1486618_720283914670287_1644361392_n\" width=\"100\" height=\"75\" \/> <\/a><a class=\"shutterset_set_376\" title=\" \" rel=\"lightbox dia=1\" href=\"http:\/\/nl.motocrossmag.be\/wp-content\/gallery\/husqvarna_shoot_14\/150834_720286248003387_1468718960_n.jpg\"><img class=\"lazyload\" decoding=\"async\" title=\"150834_720286248003387_1468718960_n\" src=\"data:image\/svg+xml,%3Csvg%20xmlns%3D%27http%3A%2F%2Fwww.w3.org%2F2000%2Fsvg%27%20width%3D%27100%27%20height%3D%2775%27%20viewBox%3D%270%200%20100%2075%27%3E%3Crect%20width%3D%27100%27%20height%3D%2775%27%20fill-opacity%3D%220%22%2F%3E%3C%2Fsvg%3E\" data-orig-src=\"http:\/\/nl.motocrossmag.be\/wp-content\/gallery\/husqvarna_shoot_14\/thumbs\/thumbs_150834_720286248003387_1468718960_n.jpg\" alt=\"150834_720286248003387_1468718960_n\" width=\"100\" height=\"75\" \/> <\/a><a class=\"shutterset_set_376\" title=\" \" rel=\"lightbox dia=1\" href=\"http:\/\/nl.motocrossmag.be\/wp-content\/gallery\/husqvarna_shoot_14\/1512851_720289371336408_1577034340_n.jpg\"><img class=\"lazyload\" decoding=\"async\" title=\"1512851_720289371336408_1577034340_n\" src=\"data:image\/svg+xml,%3Csvg%20xmlns%3D%27http%3A%2F%2Fwww.w3.org%2F2000%2Fsvg%27%20width%3D%27100%27%20height%3D%2775%27%20viewBox%3D%270%200%20100%2075%27%3E%3Crect%20width%3D%27100%27%20height%3D%2775%27%20fill-opacity%3D%220%22%2F%3E%3C%2Fsvg%3E\" data-orig-src=\"http:\/\/nl.motocrossmag.be\/wp-content\/gallery\/husqvarna_shoot_14\/thumbs\/thumbs_1512851_720289371336408_1577034340_n.jpg\" alt=\"1512851_720289371336408_1577034340_n\" width=\"100\" height=\"75\" \/> <\/a><a class=\"shutterset_set_376\" title=\" \" rel=\"lightbox dia=1\" href=\"http:\/\/nl.motocrossmag.be\/wp-content\/gallery\/husqvarna_shoot_14\/1545199_720283851336960_512628736_n.jpg\"><img class=\"lazyload\" decoding=\"async\" title=\"1545199_720283851336960_512628736_n\" src=\"data:image\/svg+xml,%3Csvg%20xmlns%3D%27http%3A%2F%2Fwww.w3.org%2F2000%2Fsvg%27%20width%3D%27100%27%20height%3D%2775%27%20viewBox%3D%270%200%20100%2075%27%3E%3Crect%20width%3D%27100%27%20height%3D%2775%27%20fill-opacity%3D%220%22%2F%3E%3C%2Fsvg%3E\" data-orig-src=\"http:\/\/nl.motocrossmag.be\/wp-content\/gallery\/husqvarna_shoot_14\/thumbs\/thumbs_1545199_720283851336960_512628736_n.jpg\" alt=\"1545199_720283851336960_512628736_n\" width=\"100\" height=\"75\" \/> <\/a><a class=\"shutterset_set_376\" title=\" \" rel=\"lightbox dia=1\" href=\"http:\/\/nl.motocrossmag.be\/wp-content\/gallery\/husqvarna_shoot_14\/1549515_720277854670893_501045443_n.jpg\"><img class=\"lazyload\" decoding=\"async\" title=\"1549515_720277854670893_501045443_n\" src=\"data:image\/svg+xml,%3Csvg%20xmlns%3D%27http%3A%2F%2Fwww.w3.org%2F2000%2Fsvg%27%20width%3D%27100%27%20height%3D%2775%27%20viewBox%3D%270%200%20100%2075%27%3E%3Crect%20width%3D%27100%27%20height%3D%2775%27%20fill-opacity%3D%220%22%2F%3E%3C%2Fsvg%3E\" data-orig-src=\"http:\/\/nl.motocrossmag.be\/wp-content\/gallery\/husqvarna_shoot_14\/thumbs\/thumbs_1549515_720277854670893_501045443_n.jpg\" alt=\"1549515_720277854670893_501045443_n\" width=\"100\" height=\"75\" \/> <\/a><a class=\"shutterset_set_376\" title=\" \" rel=\"lightbox dia=1\" href=\"http:\/\/nl.motocrossmag.be\/wp-content\/gallery\/husqvarna_shoot_14\/1601097_720289281336417_119020633_n.jpg\"><img class=\"lazyload\" decoding=\"async\" title=\"1601097_720289281336417_119020633_n\" src=\"data:image\/svg+xml,%3Csvg%20xmlns%3D%27http%3A%2F%2Fwww.w3.org%2F2000%2Fsvg%27%20width%3D%27100%27%20height%3D%2775%27%20viewBox%3D%270%200%20100%2075%27%3E%3Crect%20width%3D%27100%27%20height%3D%2775%27%20fill-opacity%3D%220%22%2F%3E%3C%2Fsvg%3E\" data-orig-src=\"http:\/\/nl.motocrossmag.be\/wp-content\/gallery\/husqvarna_shoot_14\/thumbs\/thumbs_1601097_720289281336417_119020633_n.jpg\" alt=\"1601097_720289281336417_119020633_n\" width=\"100\" height=\"75\" \/> <\/a><a class=\"shutterset_set_376\" title=\" \" rel=\"lightbox dia=1\" href=\"http:\/\/nl.motocrossmag.be\/wp-content\/gallery\/husqvarna_shoot_14\/1618535_720286111336734_1209236829_n.jpg\"><img class=\"lazyload\" decoding=\"async\" title=\"1618535_720286111336734_1209236829_n\" src=\"data:image\/svg+xml,%3Csvg%20xmlns%3D%27http%3A%2F%2Fwww.w3.org%2F2000%2Fsvg%27%20width%3D%27100%27%20height%3D%2775%27%20viewBox%3D%270%200%20100%2075%27%3E%3Crect%20width%3D%27100%27%20height%3D%2775%27%20fill-opacity%3D%220%22%2F%3E%3C%2Fsvg%3E\" data-orig-src=\"http:\/\/nl.motocrossmag.be\/wp-content\/gallery\/husqvarna_shoot_14\/thumbs\/thumbs_1618535_720286111336734_1209236829_n.jpg\" alt=\"1618535_720286111336734_1209236829_n\" width=\"100\" height=\"75\" \/> <\/a><a class=\"shutterset_set_376\" title=\" \" rel=\"lightbox dia=1\" href=\"http:\/\/nl.motocrossmag.be\/wp-content\/gallery\/husqvarna_shoot_14\/1623580_720283951336950_564497308_n.jpg\"><img class=\"lazyload\" decoding=\"async\" title=\"1623580_720283951336950_564497308_n\" src=\"data:image\/svg+xml,%3Csvg%20xmlns%3D%27http%3A%2F%2Fwww.w3.org%2F2000%2Fsvg%27%20width%3D%27100%27%20height%3D%2775%27%20viewBox%3D%270%200%20100%2075%27%3E%3Crect%20width%3D%27100%27%20height%3D%2775%27%20fill-opacity%3D%220%22%2F%3E%3C%2Fsvg%3E\" data-orig-src=\"http:\/\/nl.motocrossmag.be\/wp-content\/gallery\/husqvarna_shoot_14\/thumbs\/thumbs_1623580_720283951336950_564497308_n.jpg\" alt=\"1623580_720283951336950_564497308_n\" width=\"100\" height=\"75\" \/> <\/a><a class=\"shutterset_set_376\" title=\" \" rel=\"lightbox dia=1\" href=\"http:\/\/nl.motocrossmag.be\/wp-content\/gallery\/husqvarna_shoot_14\/1654271_720286178003394_247688379_n.jpg\"><img class=\"lazyload\" decoding=\"async\" title=\"1654271_720286178003394_247688379_n\" src=\"data:image\/svg+xml,%3Csvg%20xmlns%3D%27http%3A%2F%2Fwww.w3.org%2F2000%2Fsvg%27%20width%3D%27100%27%20height%3D%2775%27%20viewBox%3D%270%200%20100%2075%27%3E%3Crect%20width%3D%27100%27%20height%3D%2775%27%20fill-opacity%3D%220%22%2F%3E%3C%2Fsvg%3E\" data-orig-src=\"http:\/\/nl.motocrossmag.be\/wp-content\/gallery\/husqvarna_shoot_14\/thumbs\/thumbs_1654271_720286178003394_247688379_n.jpg\" alt=\"1654271_720286178003394_247688379_n\" width=\"100\" height=\"75\" \/> <\/a><a class=\"shutterset_set_376\" title=\" \" rel=\"lightbox dia=1\" href=\"http:\/\/nl.motocrossmag.be\/wp-content\/gallery\/husqvarna_shoot_14\/1779253_720289248003087_1142740383_n.jpg\"><img class=\"lazyload\" decoding=\"async\" title=\"1779253_720289248003087_1142740383_n\" src=\"data:image\/svg+xml,%3Csvg%20xmlns%3D%27http%3A%2F%2Fwww.w3.org%2F2000%2Fsvg%27%20width%3D%27100%27%20height%3D%2775%27%20viewBox%3D%270%200%20100%2075%27%3E%3Crect%20width%3D%27100%27%20height%3D%2775%27%20fill-opacity%3D%220%22%2F%3E%3C%2Fsvg%3E\" data-orig-src=\"http:\/\/nl.motocrossmag.be\/wp-content\/gallery\/husqvarna_shoot_14\/thumbs\/thumbs_1779253_720289248003087_1142740383_n.jpg\" alt=\"1779253_720289248003087_1142740383_n\" width=\"100\" height=\"75\" \/> <\/a><a class=\"shutterset_set_376\" title=\" \" rel=\"lightbox dia=1\" href=\"http:\/\/nl.motocrossmag.be\/wp-content\/gallery\/husqvarna_shoot_14\/1779928_720283994670279_551890319_n.jpg\"><img class=\"lazyload\" decoding=\"async\" title=\"1779928_720283994670279_551890319_n\" src=\"data:image\/svg+xml,%3Csvg%20xmlns%3D%27http%3A%2F%2Fwww.w3.org%2F2000%2Fsvg%27%20width%3D%27100%27%20height%3D%2775%27%20viewBox%3D%270%200%20100%2075%27%3E%3Crect%20width%3D%27100%27%20height%3D%2775%27%20fill-opacity%3D%220%22%2F%3E%3C%2Fsvg%3E\" data-orig-src=\"http:\/\/nl.motocrossmag.be\/wp-content\/gallery\/husqvarna_shoot_14\/thumbs\/thumbs_1779928_720283994670279_551890319_n.jpg\" alt=\"1779928_720283994670279_551890319_n\" width=\"100\" height=\"75\" \/> <\/a><a class=\"shutterset_set_376\" title=\" \" rel=\"lightbox dia=1\" href=\"http:\/\/nl.motocrossmag.be\/wp-content\/gallery\/husqvarna_shoot_14\/1794523_720286148003397_1434799543_n.jpg\"><img class=\"lazyload\" decoding=\"async\" title=\"1794523_720286148003397_1434799543_n\" src=\"data:image\/svg+xml,%3Csvg%20xmlns%3D%27http%3A%2F%2Fwww.w3.org%2F2000%2Fsvg%27%20width%3D%27100%27%20height%3D%2775%27%20viewBox%3D%270%200%20100%2075%27%3E%3Crect%20width%3D%27100%27%20height%3D%2775%27%20fill-opacity%3D%220%22%2F%3E%3C%2Fsvg%3E\" data-orig-src=\"http:\/\/nl.motocrossmag.be\/wp-content\/gallery\/husqvarna_shoot_14\/thumbs\/thumbs_1794523_720286148003397_1434799543_n.jpg\" alt=\"1794523_720286148003397_1434799543_n\" width=\"100\" height=\"75\" \/> <\/a><a class=\"shutterset_set_376\" title=\" \" rel=\"lightbox dia=1\" href=\"http:\/\/nl.motocrossmag.be\/wp-content\/gallery\/husqvarna_shoot_14\/1795739_720289358003076_1232997776_n.jpg\"><img class=\"lazyload\" decoding=\"async\" title=\"1795739_720289358003076_1232997776_n\" src=\"data:image\/svg+xml,%3Csvg%20xmlns%3D%27http%3A%2F%2Fwww.w3.org%2F2000%2Fsvg%27%20width%3D%27100%27%20height%3D%2775%27%20viewBox%3D%270%200%20100%2075%27%3E%3Crect%20width%3D%27100%27%20height%3D%2775%27%20fill-opacity%3D%220%22%2F%3E%3C%2Fsvg%3E\" data-orig-src=\"http:\/\/nl.motocrossmag.be\/wp-content\/gallery\/husqvarna_shoot_14\/thumbs\/thumbs_1795739_720289358003076_1232997776_n.jpg\" alt=\"1795739_720289358003076_1232997776_n\" width=\"100\" height=\"75\" \/> <\/a><a class=\"shutterset_set_376\" title=\" \" rel=\"lightbox dia=1\" href=\"http:\/\/nl.motocrossmag.be\/wp-content\/gallery\/husqvarna_shoot_14\/1795739_720289404669738_342841102_n.jpg\"><img class=\"lazyload\" decoding=\"async\" title=\"1795739_720289404669738_342841102_n\" src=\"data:image\/svg+xml,%3Csvg%20xmlns%3D%27http%3A%2F%2Fwww.w3.org%2F2000%2Fsvg%27%20width%3D%27100%27%20height%3D%2775%27%20viewBox%3D%270%200%20100%2075%27%3E%3Crect%20width%3D%27100%27%20height%3D%2775%27%20fill-opacity%3D%220%22%2F%3E%3C%2Fsvg%3E\" data-orig-src=\"http:\/\/nl.motocrossmag.be\/wp-content\/gallery\/husqvarna_shoot_14\/thumbs\/thumbs_1795739_720289404669738_342841102_n.jpg\" alt=\"1795739_720289404669738_342841102_n\" width=\"100\" height=\"75\" \/> <\/a><a class=\"shutterset_set_376\" title=\" \" rel=\"lightbox dia=1\" href=\"http:\/\/nl.motocrossmag.be\/wp-content\/gallery\/husqvarna_shoot_14\/1796617_720277861337559_400708661_n.jpg\"><img class=\"lazyload\" decoding=\"async\" title=\"1796617_720277861337559_400708661_n\" src=\"data:image\/svg+xml,%3Csvg%20xmlns%3D%27http%3A%2F%2Fwww.w3.org%2F2000%2Fsvg%27%20width%3D%27100%27%20height%3D%2775%27%20viewBox%3D%270%200%20100%2075%27%3E%3Crect%20width%3D%27100%27%20height%3D%2775%27%20fill-opacity%3D%220%22%2F%3E%3C%2Fsvg%3E\" data-orig-src=\"http:\/\/nl.motocrossmag.be\/wp-content\/gallery\/husqvarna_shoot_14\/thumbs\/thumbs_1796617_720277861337559_400708661_n.jpg\" alt=\"1796617_720277861337559_400708661_n\" width=\"100\" height=\"75\" \/> <\/a><a class=\"shutterset_set_376\" title=\" \" rel=\"lightbox dia=1\" href=\"http:\/\/nl.motocrossmag.be\/wp-content\/gallery\/husqvarna_shoot_14\/1796636_720278151337530_2099064927_n.jpg\"><img class=\"lazyload\" decoding=\"async\" title=\"1796636_720278151337530_2099064927_n\" src=\"data:image\/svg+xml,%3Csvg%20xmlns%3D%27http%3A%2F%2Fwww.w3.org%2F2000%2Fsvg%27%20width%3D%27100%27%20height%3D%2775%27%20viewBox%3D%270%200%20100%2075%27%3E%3Crect%20width%3D%27100%27%20height%3D%2775%27%20fill-opacity%3D%220%22%2F%3E%3C%2Fsvg%3E\" data-orig-src=\"http:\/\/nl.motocrossmag.be\/wp-content\/gallery\/husqvarna_shoot_14\/thumbs\/thumbs_1796636_720278151337530_2099064927_n.jpg\" alt=\"1796636_720278151337530_2099064927_n\" width=\"100\" height=\"75\" \/> <\/a><a class=\"shutterset_set_376\" title=\" \" rel=\"lightbox dia=1\" href=\"http:\/\/nl.motocrossmag.be\/wp-content\/gallery\/husqvarna_shoot_14\/546033_720286101336735_1048105936_n.jpg\"><img class=\"lazyload\" decoding=\"async\" title=\"546033_720286101336735_1048105936_n\" src=\"data:image\/svg+xml,%3Csvg%20xmlns%3D%27http%3A%2F%2Fwww.w3.org%2F2000%2Fsvg%27%20width%3D%27100%27%20height%3D%2775%27%20viewBox%3D%270%200%20100%2075%27%3E%3Crect%20width%3D%27100%27%20height%3D%2775%27%20fill-opacity%3D%220%22%2F%3E%3C%2Fsvg%3E\" data-orig-src=\"http:\/\/nl.motocrossmag.be\/wp-content\/gallery\/husqvarna_shoot_14\/thumbs\/thumbs_546033_720286101336735_1048105936_n.jpg\" alt=\"546033_720286101336735_1048105936_n\" width=\"100\" height=\"75\" \/> <\/a><a class=\"shutterset_set_376\" title=\" \" rel=\"lightbox dia=1\" href=\"http:\/\/nl.motocrossmag.be\/wp-content\/gallery\/husqvarna_shoot_14\/551097_720283898003622_370418863_n.jpg\"><img class=\"lazyload\" decoding=\"async\" title=\"551097_720283898003622_370418863_n\" src=\"data:image\/svg+xml,%3Csvg%20xmlns%3D%27http%3A%2F%2Fwww.w3.org%2F2000%2Fsvg%27%20width%3D%27100%27%20height%3D%2775%27%20viewBox%3D%270%200%20100%2075%27%3E%3Crect%20width%3D%27100%27%20height%3D%2775%27%20fill-opacity%3D%220%22%2F%3E%3C%2Fsvg%3E\" data-orig-src=\"http:\/\/nl.motocrossmag.be\/wp-content\/gallery\/husqvarna_shoot_14\/thumbs\/thumbs_551097_720283898003622_370418863_n.jpg\" alt=\"551097_720283898003622_370418863_n\" width=\"100\" height=\"75\" \/> <\/a><a class=\"shutterset_set_376\" title=\" \" rel=\"lightbox dia=1\" href=\"http:\/\/nl.motocrossmag.be\/wp-content\/gallery\/husqvarna_shoot_14\/HUS2014-013-B.jpg\"><img class=\"lazyload\" decoding=\"async\" title=\"HUS2014-013-B\" src=\"data:image\/svg+xml,%3Csvg%20xmlns%3D%27http%3A%2F%2Fwww.w3.org%2F2000%2Fsvg%27%20width%3D%27100%27%20height%3D%2775%27%20viewBox%3D%270%200%20100%2075%27%3E%3Crect%20width%3D%27100%27%20height%3D%2775%27%20fill-opacity%3D%220%22%2F%3E%3C%2Fsvg%3E\" data-orig-src=\"http:\/\/nl.motocrossmag.be\/wp-content\/gallery\/husqvarna_shoot_14\/thumbs\/thumbs_HUS2014-013-B.jpg\" alt=\"HUS2014-013-B\" width=\"100\" height=\"75\" \/> <\/a><a class=\"shutterset_set_376\" title=\" \" rel=\"lightbox dia=1\" href=\"http:\/\/nl.motocrossmag.be\/wp-content\/gallery\/husqvarna_shoot_14\/HUS2014-014-B.jpg\"><img class=\"lazyload\" decoding=\"async\" title=\"HUS2014-014-B\" src=\"data:image\/svg+xml,%3Csvg%20xmlns%3D%27http%3A%2F%2Fwww.w3.org%2F2000%2Fsvg%27%20width%3D%27100%27%20height%3D%2775%27%20viewBox%3D%270%200%20100%2075%27%3E%3Crect%20width%3D%27100%27%20height%3D%2775%27%20fill-opacity%3D%220%22%2F%3E%3C%2Fsvg%3E\" data-orig-src=\"http:\/\/nl.motocrossmag.be\/wp-content\/gallery\/husqvarna_shoot_14\/thumbs\/thumbs_HUS2014-014-B.jpg\" alt=\"HUS2014-014-B\" width=\"100\" height=\"75\" \/> <\/a><a class=\"shutterset_set_376\" title=\" \" rel=\"lightbox dia=1\" href=\"http:\/\/nl.motocrossmag.be\/wp-content\/gallery\/husqvarna_shoot_14\/HUS2014-015-B.jpg\"><img class=\"lazyload\" decoding=\"async\" title=\"HUS2014-015-B\" src=\"data:image\/svg+xml,%3Csvg%20xmlns%3D%27http%3A%2F%2Fwww.w3.org%2F2000%2Fsvg%27%20width%3D%27100%27%20height%3D%2775%27%20viewBox%3D%270%200%20100%2075%27%3E%3Crect%20width%3D%27100%27%20height%3D%2775%27%20fill-opacity%3D%220%22%2F%3E%3C%2Fsvg%3E\" data-orig-src=\"http:\/\/nl.motocrossmag.be\/wp-content\/gallery\/husqvarna_shoot_14\/thumbs\/thumbs_HUS2014-015-B.jpg\" alt=\"HUS2014-015-B\" width=\"100\" height=\"75\" \/> <\/a><a class=\"shutterset_set_376\" title=\" \" rel=\"lightbox dia=1\" href=\"http:\/\/nl.motocrossmag.be\/wp-content\/gallery\/husqvarna_shoot_14\/HUS2014-016-B.jpg\"><img class=\"lazyload\" decoding=\"async\" title=\"HUS2014-016-B\" src=\"data:image\/svg+xml,%3Csvg%20xmlns%3D%27http%3A%2F%2Fwww.w3.org%2F2000%2Fsvg%27%20width%3D%27100%27%20height%3D%2775%27%20viewBox%3D%270%200%20100%2075%27%3E%3Crect%20width%3D%27100%27%20height%3D%2775%27%20fill-opacity%3D%220%22%2F%3E%3C%2Fsvg%3E\" data-orig-src=\"http:\/\/nl.motocrossmag.be\/wp-content\/gallery\/husqvarna_shoot_14\/thumbs\/thumbs_HUS2014-016-B.jpg\" alt=\"HUS2014-016-B\" width=\"100\" height=\"75\" \/> <\/a><a class=\"shutterset_set_376\" title=\" \" rel=\"lightbox dia=1\" href=\"http:\/\/nl.motocrossmag.be\/wp-content\/gallery\/husqvarna_shoot_14\/HUS2014-017-B.jpg\"><img class=\"lazyload\" decoding=\"async\" title=\"HUS2014-017-B\" src=\"data:image\/svg+xml,%3Csvg%20xmlns%3D%27http%3A%2F%2Fwww.w3.org%2F2000%2Fsvg%27%20width%3D%27100%27%20height%3D%2775%27%20viewBox%3D%270%200%20100%2075%27%3E%3Crect%20width%3D%27100%27%20height%3D%2775%27%20fill-opacity%3D%220%22%2F%3E%3C%2Fsvg%3E\" data-orig-src=\"http:\/\/nl.motocrossmag.be\/wp-content\/gallery\/husqvarna_shoot_14\/thumbs\/thumbs_HUS2014-017-B.jpg\" alt=\"HUS2014-017-B\" width=\"100\" height=\"75\" \/> <\/a><a class=\"shutterset_set_376\" title=\" \" rel=\"lightbox dia=1\" href=\"http:\/\/nl.motocrossmag.be\/wp-content\/gallery\/husqvarna_shoot_14\/HUS2014-018-B.jpg\"><img class=\"lazyload\" decoding=\"async\" title=\"HUS2014-018-B\" src=\"data:image\/svg+xml,%3Csvg%20xmlns%3D%27http%3A%2F%2Fwww.w3.org%2F2000%2Fsvg%27%20width%3D%27100%27%20height%3D%2775%27%20viewBox%3D%270%200%20100%2075%27%3E%3Crect%20width%3D%27100%27%20height%3D%2775%27%20fill-opacity%3D%220%22%2F%3E%3C%2Fsvg%3E\" data-orig-src=\"http:\/\/nl.motocrossmag.be\/wp-content\/gallery\/husqvarna_shoot_14\/thumbs\/thumbs_HUS2014-018-B.jpg\" alt=\"HUS2014-018-B\" width=\"100\" height=\"75\" \/> <\/a><a class=\"shutterset_set_376\" title=\" \" rel=\"lightbox dia=1\" href=\"http:\/\/nl.motocrossmag.be\/wp-content\/gallery\/husqvarna_shoot_14\/HUS2014-019-B.jpg\"><img class=\"lazyload\" decoding=\"async\" title=\"HUS2014-019-B\" src=\"data:image\/svg+xml,%3Csvg%20xmlns%3D%27http%3A%2F%2Fwww.w3.org%2F2000%2Fsvg%27%20width%3D%27100%27%20height%3D%2775%27%20viewBox%3D%270%200%20100%2075%27%3E%3Crect%20width%3D%27100%27%20height%3D%2775%27%20fill-opacity%3D%220%22%2F%3E%3C%2Fsvg%3E\" data-orig-src=\"http:\/\/nl.motocrossmag.be\/wp-content\/gallery\/husqvarna_shoot_14\/thumbs\/thumbs_HUS2014-019-B.jpg\" alt=\"HUS2014-019-B\" width=\"100\" height=\"75\" \/> <\/a><a class=\"shutterset_set_376\" title=\" \" rel=\"lightbox dia=1\" href=\"http:\/\/nl.motocrossmag.be\/wp-content\/gallery\/husqvarna_shoot_14\/HUS2014-020-B.jpg\"><img class=\"lazyload\" decoding=\"async\" title=\"HUS2014-020-B\" src=\"data:image\/svg+xml,%3Csvg%20xmlns%3D%27http%3A%2F%2Fwww.w3.org%2F2000%2Fsvg%27%20width%3D%27100%27%20height%3D%2775%27%20viewBox%3D%270%200%20100%2075%27%3E%3Crect%20width%3D%27100%27%20height%3D%2775%27%20fill-opacity%3D%220%22%2F%3E%3C%2Fsvg%3E\" data-orig-src=\"http:\/\/nl.motocrossmag.be\/wp-content\/gallery\/husqvarna_shoot_14\/thumbs\/thumbs_HUS2014-020-B.jpg\" alt=\"HUS2014-020-B\" width=\"100\" height=\"75\" \/> <\/a><a class=\"shutterset_set_376\" title=\" \" rel=\"lightbox dia=1\" href=\"http:\/\/nl.motocrossmag.be\/wp-content\/gallery\/husqvarna_shoot_14\/HUS2014-021-B.jpg\"><img class=\"lazyload\" decoding=\"async\" title=\"HUS2014-021-B\" src=\"data:image\/svg+xml,%3Csvg%20xmlns%3D%27http%3A%2F%2Fwww.w3.org%2F2000%2Fsvg%27%20width%3D%27100%27%20height%3D%2775%27%20viewBox%3D%270%200%20100%2075%27%3E%3Crect%20width%3D%27100%27%20height%3D%2775%27%20fill-opacity%3D%220%22%2F%3E%3C%2Fsvg%3E\" data-orig-src=\"http:\/\/nl.motocrossmag.be\/wp-content\/gallery\/husqvarna_shoot_14\/thumbs\/thumbs_HUS2014-021-B.jpg\" alt=\"HUS2014-021-B\" width=\"100\" height=\"75\" \/> <\/a><a class=\"shutterset_set_376\" title=\" \" rel=\"lightbox dia=1\" href=\"http:\/\/nl.motocrossmag.be\/wp-content\/gallery\/husqvarna_shoot_14\/HUS2014-022-B.jpg\"><img class=\"lazyload\" decoding=\"async\" title=\"HUS2014-022-B\" src=\"data:image\/svg+xml,%3Csvg%20xmlns%3D%27http%3A%2F%2Fwww.w3.org%2F2000%2Fsvg%27%20width%3D%27100%27%20height%3D%2775%27%20viewBox%3D%270%200%20100%2075%27%3E%3Crect%20width%3D%27100%27%20height%3D%2775%27%20fill-opacity%3D%220%22%2F%3E%3C%2Fsvg%3E\" data-orig-src=\"http:\/\/nl.motocrossmag.be\/wp-content\/gallery\/husqvarna_shoot_14\/thumbs\/thumbs_HUS2014-022-B.jpg\" alt=\"HUS2014-022-B\" width=\"100\" height=\"75\" \/> <\/a><a class=\"shutterset_set_376\" title=\" \" rel=\"lightbox dia=1\" href=\"http:\/\/nl.motocrossmag.be\/wp-content\/gallery\/husqvarna_shoot_14\/HUS2014-023-B.jpg\"><img class=\"lazyload\" decoding=\"async\" title=\"HUS2014-023-B\" src=\"data:image\/svg+xml,%3Csvg%20xmlns%3D%27http%3A%2F%2Fwww.w3.org%2F2000%2Fsvg%27%20width%3D%27100%27%20height%3D%2775%27%20viewBox%3D%270%200%20100%2075%27%3E%3Crect%20width%3D%27100%27%20height%3D%2775%27%20fill-opacity%3D%220%22%2F%3E%3C%2Fsvg%3E\" data-orig-src=\"http:\/\/nl.motocrossmag.be\/wp-content\/gallery\/husqvarna_shoot_14\/thumbs\/thumbs_HUS2014-023-B.jpg\" alt=\"HUS2014-023-B\" width=\"100\" height=\"75\" \/> <\/a><a class=\"shutterset_set_376\" title=\" \" rel=\"lightbox dia=1\" href=\"http:\/\/nl.motocrossmag.be\/wp-content\/gallery\/husqvarna_shoot_14\/HUS2014-024-B.jpg\"><img class=\"lazyload\" decoding=\"async\" title=\"HUS2014-024-B\" src=\"data:image\/svg+xml,%3Csvg%20xmlns%3D%27http%3A%2F%2Fwww.w3.org%2F2000%2Fsvg%27%20width%3D%27100%27%20height%3D%2775%27%20viewBox%3D%270%200%20100%2075%27%3E%3Crect%20width%3D%27100%27%20height%3D%2775%27%20fill-opacity%3D%220%22%2F%3E%3C%2Fsvg%3E\" data-orig-src=\"http:\/\/nl.motocrossmag.be\/wp-content\/gallery\/husqvarna_shoot_14\/thumbs\/thumbs_HUS2014-024-B.jpg\" alt=\"HUS2014-024-B\" width=\"100\" height=\"75\" \/><\/a><\/p>\n","protected":false},"excerpt":{"rendered":"<p>Husqvarna retrouvera une place de choix dans le paddock MXGP cette ann\u00e9e. Le nouveau propri\u00e9taire de la marque, KTM, a choisi 2 de ses fid\u00e8les structures pour repr\u00e9senter au plus [&#8230;]<\/p>\n","protected":false},"author":898,"featured_media":0,"comment_status":"open","ping_status":"closed","sticky":false,"template":"","format":"standard","meta":{"footnotes":""},"categories":[66,65],"tags":[],"class_list":["post-20315","post","type-post","status-publish","format-standard","hentry","category-photos","category-slideshow"],"yoast_head":"<!-- This site is optimized with the Yoast SEO plugin v27.4 - https:\/\/yoast.com\/product\/yoast-seo-wordpress\/ -->\n<title>Galerie photos | Photos: les pilotes officiels Husqvarna - Motocross - Enduro - Supermoto | MotocrossMag<\/title>\n<meta name=\"robots\" content=\"index, follow, max-snippet:-1, max-image-preview:large, max-video-preview:-1\" \/>\n<link rel=\"canonical\" href=\"https:\/\/fr.motocrossmag.be\/index.php\/2014\/02\/galerie-photos-photos-les-pilotes-officiels-husqvarna\/\" \/>\n<meta property=\"og:locale\" content=\"fr_FR\" \/>\n<meta property=\"og:type\" content=\"article\" \/>\n<meta property=\"og:title\" content=\"Galerie photos | Photos: les pilotes officiels Husqvarna - Motocross - Enduro - Supermoto | MotocrossMag\" \/>\n<meta property=\"og:description\" content=\"Husqvarna retrouvera une place de choix dans le paddock MXGP cette ann\u00e9e. Le nouveau propri\u00e9taire de la marque, KTM, a choisi 2 de ses fid\u00e8les structures pour repr\u00e9senter au plus [...]\" \/>\n<meta property=\"og:url\" content=\"https:\/\/fr.motocrossmag.be\/index.php\/2014\/02\/galerie-photos-photos-les-pilotes-officiels-husqvarna\/\" \/>\n<meta property=\"og:site_name\" content=\"Motocross - Enduro - Supermoto | MotocrossMag\" \/>\n<meta property=\"article:published_time\" content=\"2014-02-04T10:07:01+00:00\" \/>\n<meta property=\"og:image\" content=\"http:\/\/nl.motocrossmag.be\/wp-content\/gallery\/husqvarna_shoot_14\/thumbs\/thumbs_1012690_720289278003084_477572621_n.jpg\" \/>\n<meta name=\"author\" content=\"fernand2\" \/>\n<meta name=\"twitter:card\" content=\"summary_large_image\" \/>\n<meta name=\"twitter:label1\" content=\"\u00c9crit par\" \/>\n\t<meta name=\"twitter:data1\" content=\"fernand2\" \/>\n\t<meta name=\"twitter:label2\" content=\"Dur\u00e9e de lecture estim\u00e9e\" \/>\n\t<meta name=\"twitter:data2\" content=\"1 minute\" \/>\n<script type=\"application\/ld+json\" class=\"yoast-schema-graph\">{\"@context\":\"https:\\\/\\\/schema.org\",\"@graph\":[{\"@type\":\"Article\",\"@id\":\"https:\\\/\\\/fr.motocrossmag.be\\\/index.php\\\/2014\\\/02\\\/galerie-photos-photos-les-pilotes-officiels-husqvarna\\\/#article\",\"isPartOf\":{\"@id\":\"https:\\\/\\\/fr.motocrossmag.be\\\/index.php\\\/2014\\\/02\\\/galerie-photos-photos-les-pilotes-officiels-husqvarna\\\/\"},\"author\":{\"name\":\"fernand2\",\"@id\":\"https:\\\/\\\/fr.motocrossmag.be\\\/#\\\/schema\\\/person\\\/b1bd0a25696c3aeaac7fd5d92d4ed8f6\"},\"headline\":\"Galerie photos | Photos: les pilotes officiels Husqvarna\",\"datePublished\":\"2014-02-04T10:07:01+00:00\",\"mainEntityOfPage\":{\"@id\":\"https:\\\/\\\/fr.motocrossmag.be\\\/index.php\\\/2014\\\/02\\\/galerie-photos-photos-les-pilotes-officiels-husqvarna\\\/\"},\"wordCount\":135,\"commentCount\":0,\"image\":{\"@id\":\"https:\\\/\\\/fr.motocrossmag.be\\\/index.php\\\/2014\\\/02\\\/galerie-photos-photos-les-pilotes-officiels-husqvarna\\\/#primaryimage\"},\"thumbnailUrl\":\"http:\\\/\\\/nl.motocrossmag.be\\\/wp-content\\\/gallery\\\/husqvarna_shoot_14\\\/thumbs\\\/thumbs_1012690_720289278003084_477572621_n.jpg\",\"articleSection\":[\"Photos\",\"Slideshow\"],\"inLanguage\":\"fr-FR\",\"potentialAction\":[{\"@type\":\"CommentAction\",\"name\":\"Comment\",\"target\":[\"https:\\\/\\\/fr.motocrossmag.be\\\/index.php\\\/2014\\\/02\\\/galerie-photos-photos-les-pilotes-officiels-husqvarna\\\/#respond\"]}]},{\"@type\":\"WebPage\",\"@id\":\"https:\\\/\\\/fr.motocrossmag.be\\\/index.php\\\/2014\\\/02\\\/galerie-photos-photos-les-pilotes-officiels-husqvarna\\\/\",\"url\":\"https:\\\/\\\/fr.motocrossmag.be\\\/index.php\\\/2014\\\/02\\\/galerie-photos-photos-les-pilotes-officiels-husqvarna\\\/\",\"name\":\"Galerie photos | Photos: les pilotes officiels Husqvarna - Motocross - Enduro - Supermoto | MotocrossMag\",\"isPartOf\":{\"@id\":\"https:\\\/\\\/fr.motocrossmag.be\\\/#website\"},\"primaryImageOfPage\":{\"@id\":\"https:\\\/\\\/fr.motocrossmag.be\\\/index.php\\\/2014\\\/02\\\/galerie-photos-photos-les-pilotes-officiels-husqvarna\\\/#primaryimage\"},\"image\":{\"@id\":\"https:\\\/\\\/fr.motocrossmag.be\\\/index.php\\\/2014\\\/02\\\/galerie-photos-photos-les-pilotes-officiels-husqvarna\\\/#primaryimage\"},\"thumbnailUrl\":\"http:\\\/\\\/nl.motocrossmag.be\\\/wp-content\\\/gallery\\\/husqvarna_shoot_14\\\/thumbs\\\/thumbs_1012690_720289278003084_477572621_n.jpg\",\"datePublished\":\"2014-02-04T10:07:01+00:00\",\"author\":{\"@id\":\"https:\\\/\\\/fr.motocrossmag.be\\\/#\\\/schema\\\/person\\\/b1bd0a25696c3aeaac7fd5d92d4ed8f6\"},\"breadcrumb\":{\"@id\":\"https:\\\/\\\/fr.motocrossmag.be\\\/index.php\\\/2014\\\/02\\\/galerie-photos-photos-les-pilotes-officiels-husqvarna\\\/#breadcrumb\"},\"inLanguage\":\"fr-FR\",\"potentialAction\":[{\"@type\":\"ReadAction\",\"target\":[\"https:\\\/\\\/fr.motocrossmag.be\\\/index.php\\\/2014\\\/02\\\/galerie-photos-photos-les-pilotes-officiels-husqvarna\\\/\"]}]},{\"@type\":\"ImageObject\",\"inLanguage\":\"fr-FR\",\"@id\":\"https:\\\/\\\/fr.motocrossmag.be\\\/index.php\\\/2014\\\/02\\\/galerie-photos-photos-les-pilotes-officiels-husqvarna\\\/#primaryimage\",\"url\":\"http:\\\/\\\/nl.motocrossmag.be\\\/wp-content\\\/gallery\\\/husqvarna_shoot_14\\\/thumbs\\\/thumbs_1012690_720289278003084_477572621_n.jpg\",\"contentUrl\":\"http:\\\/\\\/nl.motocrossmag.be\\\/wp-content\\\/gallery\\\/husqvarna_shoot_14\\\/thumbs\\\/thumbs_1012690_720289278003084_477572621_n.jpg\"},{\"@type\":\"BreadcrumbList\",\"@id\":\"https:\\\/\\\/fr.motocrossmag.be\\\/index.php\\\/2014\\\/02\\\/galerie-photos-photos-les-pilotes-officiels-husqvarna\\\/#breadcrumb\",\"itemListElement\":[{\"@type\":\"ListItem\",\"position\":1,\"name\":\"Accueil\",\"item\":\"https:\\\/\\\/fr.motocrossmag.be\\\/\"},{\"@type\":\"ListItem\",\"position\":2,\"name\":\"Galerie photos | Photos: les pilotes officiels Husqvarna\"}]},{\"@type\":\"WebSite\",\"@id\":\"https:\\\/\\\/fr.motocrossmag.be\\\/#website\",\"url\":\"https:\\\/\\\/fr.motocrossmag.be\\\/\",\"name\":\"Motocross - Enduro - Supermoto | MotocrossMag\",\"description\":\"L&#039;actualit\u00e9 du motocross, de l&#039;enduro et du Supermoto en ligne!\",\"potentialAction\":[{\"@type\":\"SearchAction\",\"target\":{\"@type\":\"EntryPoint\",\"urlTemplate\":\"https:\\\/\\\/fr.motocrossmag.be\\\/?s={search_term_string}\"},\"query-input\":{\"@type\":\"PropertyValueSpecification\",\"valueRequired\":true,\"valueName\":\"search_term_string\"}}],\"inLanguage\":\"fr-FR\"},{\"@type\":\"Person\",\"@id\":\"https:\\\/\\\/fr.motocrossmag.be\\\/#\\\/schema\\\/person\\\/b1bd0a25696c3aeaac7fd5d92d4ed8f6\",\"name\":\"fernand2\",\"image\":{\"@type\":\"ImageObject\",\"inLanguage\":\"fr-FR\",\"@id\":\"https:\\\/\\\/secure.gravatar.com\\\/avatar\\\/e48cfba345f89620e0c3f40fdfd6f6ef6bc1fbad5d0c3cd2555b4f39e37ef934?s=96&d=mm&r=g\",\"url\":\"https:\\\/\\\/secure.gravatar.com\\\/avatar\\\/e48cfba345f89620e0c3f40fdfd6f6ef6bc1fbad5d0c3cd2555b4f39e37ef934?s=96&d=mm&r=g\",\"contentUrl\":\"https:\\\/\\\/secure.gravatar.com\\\/avatar\\\/e48cfba345f89620e0c3f40fdfd6f6ef6bc1fbad5d0c3cd2555b4f39e37ef934?s=96&d=mm&r=g\",\"caption\":\"fernand2\"},\"url\":\"https:\\\/\\\/fr.motocrossmag.be\\\/index.php\\\/author\\\/fernand2\\\/\"}]}<\/script>\n<!-- \/ Yoast SEO plugin. -->","yoast_head_json":{"title":"Galerie photos | Photos: les pilotes officiels Husqvarna - Motocross - Enduro - Supermoto | MotocrossMag","robots":{"index":"index","follow":"follow","max-snippet":"max-snippet:-1","max-image-preview":"max-image-preview:large","max-video-preview":"max-video-preview:-1"},"canonical":"https:\/\/fr.motocrossmag.be\/index.php\/2014\/02\/galerie-photos-photos-les-pilotes-officiels-husqvarna\/","og_locale":"fr_FR","og_type":"article","og_title":"Galerie photos | Photos: les pilotes officiels Husqvarna - Motocross - Enduro - Supermoto | MotocrossMag","og_description":"Husqvarna retrouvera une place de choix dans le paddock MXGP cette ann\u00e9e. Le nouveau propri\u00e9taire de la marque, KTM, a choisi 2 de ses fid\u00e8les structures pour repr\u00e9senter au plus [...]","og_url":"https:\/\/fr.motocrossmag.be\/index.php\/2014\/02\/galerie-photos-photos-les-pilotes-officiels-husqvarna\/","og_site_name":"Motocross - Enduro - Supermoto | MotocrossMag","article_published_time":"2014-02-04T10:07:01+00:00","og_image":[{"url":"http:\/\/nl.motocrossmag.be\/wp-content\/gallery\/husqvarna_shoot_14\/thumbs\/thumbs_1012690_720289278003084_477572621_n.jpg","type":"","width":"","height":""}],"author":"fernand2","twitter_card":"summary_large_image","twitter_misc":{"\u00c9crit par":"fernand2","Dur\u00e9e de lecture estim\u00e9e":"1 minute"},"schema":{"@context":"https:\/\/schema.org","@graph":[{"@type":"Article","@id":"https:\/\/fr.motocrossmag.be\/index.php\/2014\/02\/galerie-photos-photos-les-pilotes-officiels-husqvarna\/#article","isPartOf":{"@id":"https:\/\/fr.motocrossmag.be\/index.php\/2014\/02\/galerie-photos-photos-les-pilotes-officiels-husqvarna\/"},"author":{"name":"fernand2","@id":"https:\/\/fr.motocrossmag.be\/#\/schema\/person\/b1bd0a25696c3aeaac7fd5d92d4ed8f6"},"headline":"Galerie photos | Photos: les pilotes officiels Husqvarna","datePublished":"2014-02-04T10:07:01+00:00","mainEntityOfPage":{"@id":"https:\/\/fr.motocrossmag.be\/index.php\/2014\/02\/galerie-photos-photos-les-pilotes-officiels-husqvarna\/"},"wordCount":135,"commentCount":0,"image":{"@id":"https:\/\/fr.motocrossmag.be\/index.php\/2014\/02\/galerie-photos-photos-les-pilotes-officiels-husqvarna\/#primaryimage"},"thumbnailUrl":"http:\/\/nl.motocrossmag.be\/wp-content\/gallery\/husqvarna_shoot_14\/thumbs\/thumbs_1012690_720289278003084_477572621_n.jpg","articleSection":["Photos","Slideshow"],"inLanguage":"fr-FR","potentialAction":[{"@type":"CommentAction","name":"Comment","target":["https:\/\/fr.motocrossmag.be\/index.php\/2014\/02\/galerie-photos-photos-les-pilotes-officiels-husqvarna\/#respond"]}]},{"@type":"WebPage","@id":"https:\/\/fr.motocrossmag.be\/index.php\/2014\/02\/galerie-photos-photos-les-pilotes-officiels-husqvarna\/","url":"https:\/\/fr.motocrossmag.be\/index.php\/2014\/02\/galerie-photos-photos-les-pilotes-officiels-husqvarna\/","name":"Galerie photos | Photos: les pilotes officiels Husqvarna - Motocross - Enduro - Supermoto | MotocrossMag","isPartOf":{"@id":"https:\/\/fr.motocrossmag.be\/#website"},"primaryImageOfPage":{"@id":"https:\/\/fr.motocrossmag.be\/index.php\/2014\/02\/galerie-photos-photos-les-pilotes-officiels-husqvarna\/#primaryimage"},"image":{"@id":"https:\/\/fr.motocrossmag.be\/index.php\/2014\/02\/galerie-photos-photos-les-pilotes-officiels-husqvarna\/#primaryimage"},"thumbnailUrl":"http:\/\/nl.motocrossmag.be\/wp-content\/gallery\/husqvarna_shoot_14\/thumbs\/thumbs_1012690_720289278003084_477572621_n.jpg","datePublished":"2014-02-04T10:07:01+00:00","author":{"@id":"https:\/\/fr.motocrossmag.be\/#\/schema\/person\/b1bd0a25696c3aeaac7fd5d92d4ed8f6"},"breadcrumb":{"@id":"https:\/\/fr.motocrossmag.be\/index.php\/2014\/02\/galerie-photos-photos-les-pilotes-officiels-husqvarna\/#breadcrumb"},"inLanguage":"fr-FR","potentialAction":[{"@type":"ReadAction","target":["https:\/\/fr.motocrossmag.be\/index.php\/2014\/02\/galerie-photos-photos-les-pilotes-officiels-husqvarna\/"]}]},{"@type":"ImageObject","inLanguage":"fr-FR","@id":"https:\/\/fr.motocrossmag.be\/index.php\/2014\/02\/galerie-photos-photos-les-pilotes-officiels-husqvarna\/#primaryimage","url":"http:\/\/nl.motocrossmag.be\/wp-content\/gallery\/husqvarna_shoot_14\/thumbs\/thumbs_1012690_720289278003084_477572621_n.jpg","contentUrl":"http:\/\/nl.motocrossmag.be\/wp-content\/gallery\/husqvarna_shoot_14\/thumbs\/thumbs_1012690_720289278003084_477572621_n.jpg"},{"@type":"BreadcrumbList","@id":"https:\/\/fr.motocrossmag.be\/index.php\/2014\/02\/galerie-photos-photos-les-pilotes-officiels-husqvarna\/#breadcrumb","itemListElement":[{"@type":"ListItem","position":1,"name":"Accueil","item":"https:\/\/fr.motocrossmag.be\/"},{"@type":"ListItem","position":2,"name":"Galerie photos | Photos: les pilotes officiels Husqvarna"}]},{"@type":"WebSite","@id":"https:\/\/fr.motocrossmag.be\/#website","url":"https:\/\/fr.motocrossmag.be\/","name":"Motocross - Enduro - Supermoto | MotocrossMag","description":"L&#039;actualit\u00e9 du motocross, de l&#039;enduro et du Supermoto en ligne!","potentialAction":[{"@type":"SearchAction","target":{"@type":"EntryPoint","urlTemplate":"https:\/\/fr.motocrossmag.be\/?s={search_term_string}"},"query-input":{"@type":"PropertyValueSpecification","valueRequired":true,"valueName":"search_term_string"}}],"inLanguage":"fr-FR"},{"@type":"Person","@id":"https:\/\/fr.motocrossmag.be\/#\/schema\/person\/b1bd0a25696c3aeaac7fd5d92d4ed8f6","name":"fernand2","image":{"@type":"ImageObject","inLanguage":"fr-FR","@id":"https:\/\/secure.gravatar.com\/avatar\/e48cfba345f89620e0c3f40fdfd6f6ef6bc1fbad5d0c3cd2555b4f39e37ef934?s=96&d=mm&r=g","url":"https:\/\/secure.gravatar.com\/avatar\/e48cfba345f89620e0c3f40fdfd6f6ef6bc1fbad5d0c3cd2555b4f39e37ef934?s=96&d=mm&r=g","contentUrl":"https:\/\/secure.gravatar.com\/avatar\/e48cfba345f89620e0c3f40fdfd6f6ef6bc1fbad5d0c3cd2555b4f39e37ef934?s=96&d=mm&r=g","caption":"fernand2"},"url":"https:\/\/fr.motocrossmag.be\/index.php\/author\/fernand2\/"}]}},"_links":{"self":[{"href":"https:\/\/fr.motocrossmag.be\/index.php\/wp-json\/wp\/v2\/posts\/20315","targetHints":{"allow":["GET"]}}],"collection":[{"href":"https:\/\/fr.motocrossmag.be\/index.php\/wp-json\/wp\/v2\/posts"}],"about":[{"href":"https:\/\/fr.motocrossmag.be\/index.php\/wp-json\/wp\/v2\/types\/post"}],"author":[{"embeddable":true,"href":"https:\/\/fr.motocrossmag.be\/index.php\/wp-json\/wp\/v2\/users\/898"}],"replies":[{"embeddable":true,"href":"https:\/\/fr.motocrossmag.be\/index.php\/wp-json\/wp\/v2\/comments?post=20315"}],"version-history":[{"count":0,"href":"https:\/\/fr.motocrossmag.be\/index.php\/wp-json\/wp\/v2\/posts\/20315\/revisions"}],"wp:attachment":[{"href":"https:\/\/fr.motocrossmag.be\/index.php\/wp-json\/wp\/v2\/media?parent=20315"}],"wp:term":[{"taxonomy":"category","embeddable":true,"href":"https:\/\/fr.motocrossmag.be\/index.php\/wp-json\/wp\/v2\/categories?post=20315"},{"taxonomy":"post_tag","embeddable":true,"href":"https:\/\/fr.motocrossmag.be\/index.php\/wp-json\/wp\/v2\/tags?post=20315"}],"curies":[{"name":"wp","href":"https:\/\/api.w.org\/{rel}","templated":true}]}}