{"id":20569,"date":"2014-02-21T14:01:07","date_gmt":"2014-02-21T13:01:07","guid":{"rendered":"http:\/\/fr.motocrossmag.be\/?p=20569"},"modified":"2014-02-21T14:01:07","modified_gmt":"2014-02-21T13:01:07","slug":"galerie-photos-jeremy-van-horebeek-presente-les-nouvelles-couleurs-de-la-yamaha-yz450-fm","status":"publish","type":"post","link":"https:\/\/fr.motocrossmag.be\/index.php\/2014\/02\/galerie-photos-jeremy-van-horebeek-presente-les-nouvelles-couleurs-de-la-yamaha-yz450-fm\/","title":{"rendered":"Galerie photos | J\u00e9r\u00e9my Van Horebeek pr\u00e9sente les nouvelles couleurs de la Yamaha YZ450 FM"},"content":{"rendered":"<p>Le bleu fait son retour chez Yamaha ! Six ans apr\u00e8s avoir d\u00e9laiss\u00e9 la couleur qui a accompagn\u00e9 la marque dans ses plus grands succ\u00e8s, notamment avec Stefan Everts entre 2001 et 2006, la marque aux trois diapasons abandonne le noir et vient de d\u00e9voiler la livr\u00e9e 2014 de sa YZ450FM, la version \u00ab\u00a0Factory\u00a0\u00bb de la 450 YZF, developp\u00e9e chez Rinaldi et qui sera pilot\u00e9e cette saison par notre compatriote J\u00e9r\u00e9my Van Horebeek. Un retour aux sources que les puristes de la marque ne manqueront pas d&rsquo;appr\u00e9cier !<\/p>\n<p><a rel=\"lightbox dia=1\" href=\"http:\/\/fr.motocrossmag.be\/wp-content\/uploads\/2014\/02\/p20140220163247788.jpg\"><img decoding=\"async\" class=\"alignnone size-thumbnail wp-image-20568\" title=\"p20140220163247788\" src=\"http:\/\/fr.motocrossmag.be\/wp-content\/uploads\/2014\/02\/p20140220163247788-150x150.jpg\" alt=\"\" width=\"150\" height=\"150\" \/><\/a>   <a rel=\"lightbox dia=1\" href=\"http:\/\/fr.motocrossmag.be\/wp-content\/uploads\/2014\/02\/p20140220163139850.jpg\"><img decoding=\"async\" class=\"alignnone size-thumbnail wp-image-20567\" title=\"p20140220163139850\" src=\"http:\/\/fr.motocrossmag.be\/wp-content\/uploads\/2014\/02\/p20140220163139850-150x150.jpg\" alt=\"\" width=\"150\" height=\"150\" \/><\/a>   <a rel=\"lightbox dia=1\" href=\"http:\/\/fr.motocrossmag.be\/wp-content\/uploads\/2014\/02\/p20140220163117069.jpg\"><img decoding=\"async\" class=\"alignnone size-thumbnail wp-image-20566\" title=\"p20140220163117069\" src=\"http:\/\/fr.motocrossmag.be\/wp-content\/uploads\/2014\/02\/p20140220163117069-150x150.jpg\" alt=\"\" width=\"150\" height=\"150\" \/><\/a><br \/>\n<a rel=\"lightbox dia=1\" href=\"http:\/\/fr.motocrossmag.be\/wp-content\/uploads\/2014\/02\/p20140220160828319.jpg\"><img decoding=\"async\" class=\"alignnone size-thumbnail wp-image-20565\" title=\"p20140220160828319\" src=\"http:\/\/fr.motocrossmag.be\/wp-content\/uploads\/2014\/02\/p20140220160828319-150x150.jpg\" alt=\"\" width=\"150\" height=\"150\" \/><\/a>   <a rel=\"lightbox dia=1\" href=\"http:\/\/fr.motocrossmag.be\/wp-content\/uploads\/2014\/02\/p20140220160815303.jpg\"><img decoding=\"async\" class=\"alignnone size-thumbnail wp-image-20564\" title=\"p20140220160815303\" src=\"http:\/\/fr.motocrossmag.be\/wp-content\/uploads\/2014\/02\/p20140220160815303-150x150.jpg\" alt=\"\" width=\"150\" height=\"150\" \/><\/a>   <a rel=\"lightbox dia=1\" href=\"http:\/\/fr.motocrossmag.be\/wp-content\/uploads\/2014\/02\/p20140220160654428.jpg\"><img decoding=\"async\" class=\"alignnone size-thumbnail wp-image-20563\" title=\"p20140220160654428\" src=\"http:\/\/fr.motocrossmag.be\/wp-content\/uploads\/2014\/02\/p20140220160654428-150x150.jpg\" alt=\"\" width=\"150\" height=\"150\" \/><\/a><br \/>\n<a rel=\"lightbox dia=1\" href=\"http:\/\/fr.motocrossmag.be\/wp-content\/uploads\/2014\/02\/p20140220143246928.jpg\"><img decoding=\"async\" class=\"alignnone size-thumbnail wp-image-20562\" title=\"p20140220143246928\" src=\"http:\/\/fr.motocrossmag.be\/wp-content\/uploads\/2014\/02\/p20140220143246928-150x150.jpg\" alt=\"\" width=\"150\" height=\"150\" \/><\/a>   <a rel=\"lightbox dia=1\" href=\"http:\/\/fr.motocrossmag.be\/wp-content\/uploads\/2014\/02\/p20140220143145960.jpg\"><img decoding=\"async\" class=\"alignnone size-thumbnail wp-image-20561\" title=\"p20140220143145960\" src=\"http:\/\/fr.motocrossmag.be\/wp-content\/uploads\/2014\/02\/p20140220143145960-150x150.jpg\" alt=\"\" width=\"150\" height=\"150\" \/><\/a>   <a rel=\"lightbox dia=1\" href=\"http:\/\/fr.motocrossmag.be\/wp-content\/uploads\/2014\/02\/p20140220142613100.jpg\"><img decoding=\"async\" class=\"alignnone size-thumbnail wp-image-20560\" title=\"p20140220142613100\" src=\"http:\/\/fr.motocrossmag.be\/wp-content\/uploads\/2014\/02\/p20140220142613100-150x150.jpg\" alt=\"\" width=\"150\" height=\"150\" \/><\/a><br \/>\n<a rel=\"lightbox dia=1\" href=\"http:\/\/fr.motocrossmag.be\/wp-content\/uploads\/2014\/02\/p20140220142319350.jpg\"><img decoding=\"async\" class=\"alignnone size-thumbnail wp-image-20559\" title=\"p20140220142319350\" src=\"http:\/\/fr.motocrossmag.be\/wp-content\/uploads\/2014\/02\/p20140220142319350-150x150.jpg\" alt=\"\" width=\"150\" height=\"150\" \/><\/a>   <a rel=\"lightbox dia=1\" href=\"http:\/\/fr.motocrossmag.be\/wp-content\/uploads\/2014\/02\/p20140220142235366.jpg\"><img decoding=\"async\" class=\"alignnone size-thumbnail wp-image-20558\" title=\"p20140220142235366\" src=\"http:\/\/fr.motocrossmag.be\/wp-content\/uploads\/2014\/02\/p20140220142235366-150x150.jpg\" alt=\"\" width=\"150\" height=\"150\" \/><\/a>   <a rel=\"lightbox dia=1\" href=\"http:\/\/fr.motocrossmag.be\/wp-content\/uploads\/2014\/02\/p20140220140822288.jpg\"><img decoding=\"async\" class=\"alignnone size-thumbnail wp-image-20557\" title=\"p20140220140822288\" src=\"http:\/\/fr.motocrossmag.be\/wp-content\/uploads\/2014\/02\/p20140220140822288-150x150.jpg\" alt=\"\" width=\"150\" height=\"150\" \/><\/a><\/p><div class=\"hwvkp6a9743773af5b\" ><!-- \/91277017\/Inline-articles-mobile -->\n<div style=\"margin:auto; text-align:center !important\">\n<div id='div-gpt-ad-1784982661365-0' style='min-width: 250px; min-height: 75px;'>\n  <script>\n    googletag.cmd.push(function() { googletag.display('div-gpt-ad-1784982661365-0'); });\n  <\/script>\n<\/div><\/div><\/div><style type=\"text\/css\">\r\n.hwvkp6a9743773af5b {\r\nmargin-bottom:30px;margin-top:20px\r\n}\r\n@media screen and (min-width: 1201px) {\r\n.hwvkp6a9743773af5b {\r\ndisplay: block;\r\n}\r\n}\r\n@media screen and (min-width: 993px) and (max-width: 1200px) {\r\n.hwvkp6a9743773af5b {\r\ndisplay: block;\r\n}\r\n}\r\n@media screen and (min-width: 769px) and (max-width: 992px) {\r\n.hwvkp6a9743773af5b {\r\ndisplay: block;\r\n}\r\n}\r\n@media screen and (min-width: 768px) and (max-width: 768px) {\r\n.hwvkp6a9743773af5b {\r\ndisplay: block;\r\n}\r\n}\r\n@media screen and (max-width: 767px) {\r\n.hwvkp6a9743773af5b {\r\ndisplay: block;\r\n}\r\n}\r\n<\/style>\r\n\n","protected":false},"excerpt":{"rendered":"<p>Le bleu fait son retour chez Yamaha ! Six ans apr\u00e8s avoir d\u00e9laiss\u00e9 la couleur qui a accompagn\u00e9 la marque dans ses plus grands succ\u00e8s, notamment avec Stefan Everts entre 2001 et 2006, la marque aux trois diapasons abandonne le noir et vient de d\u00e9voiler la livr\u00e9e 2014 de sa YZ450FM, la version \u00ab\u00a0Factory\u00a0\u00bb de [&hellip;]<\/p>\n","protected":false},"author":932,"featured_media":0,"comment_status":"open","ping_status":"closed","sticky":false,"template":"","format":"standard","meta":{"tdm_status":"","tdm_grid_status":"","footnotes":""},"categories":[66,65],"tags":[],"class_list":["post-20569","post","type-post","status-publish","format-standard","category-photos","category-slideshow"],"yoast_head":"<!-- This site is optimized with the Yoast SEO plugin v28.3 - https:\/\/yoast.com\/product\/yoast-seo-wordpress\/ -->\n<title>Galerie photos | J\u00e9r\u00e9my Van Horebeek pr\u00e9sente les nouvelles couleurs de la Yamaha YZ450 FM  - Motocross - Enduro - Supermoto | MotocrossMag<\/title>\n<meta name=\"robots\" content=\"index, follow, max-snippet:-1, max-image-preview:large, max-video-preview:-1\" \/>\n<link rel=\"canonical\" href=\"https:\/\/fr.motocrossmag.be\/index.php\/2014\/02\/galerie-photos-jeremy-van-horebeek-presente-les-nouvelles-couleurs-de-la-yamaha-yz450-fm\/\" \/>\n<meta property=\"og:locale\" content=\"fr_FR\" \/>\n<meta property=\"og:type\" content=\"article\" \/>\n<meta property=\"og:title\" content=\"Galerie photos | J\u00e9r\u00e9my Van Horebeek pr\u00e9sente les nouvelles couleurs de la Yamaha YZ450 FM  - Motocross - Enduro - Supermoto | MotocrossMag\" \/>\n<meta property=\"og:description\" content=\"Le bleu fait son retour chez Yamaha ! Six ans apr\u00e8s avoir d\u00e9laiss\u00e9 la couleur qui a accompagn\u00e9 la marque dans ses plus grands succ\u00e8s, notamment avec Stefan Everts entre 2001 et 2006, la marque aux trois diapasons abandonne le noir et vient de d\u00e9voiler la livr\u00e9e 2014 de sa YZ450FM, la version \u00ab\u00a0Factory\u00a0\u00bb de [&hellip;]\" \/>\n<meta property=\"og:url\" content=\"https:\/\/fr.motocrossmag.be\/index.php\/2014\/02\/galerie-photos-jeremy-van-horebeek-presente-les-nouvelles-couleurs-de-la-yamaha-yz450-fm\/\" \/>\n<meta property=\"og:site_name\" content=\"Motocross - Enduro - Supermoto | MotocrossMag\" \/>\n<meta property=\"article:published_time\" content=\"2014-02-21T13:01:07+00:00\" \/>\n<meta property=\"og:image\" content=\"http:\/\/fr.motocrossmag.be\/wp-content\/uploads\/2014\/02\/p20140220163247788-150x150.jpg\" \/>\n<meta name=\"author\" content=\"oliviere\" \/>\n<meta name=\"twitter:card\" content=\"summary_large_image\" \/>\n<meta name=\"twitter:label1\" content=\"\u00c9crit par\" \/>\n\t<meta name=\"twitter:data1\" content=\"oliviere\" \/>\n<script type=\"application\/ld+json\" class=\"yoast-schema-graph\">{\"@context\":\"https:\\\/\\\/schema.org\",\"@graph\":[{\"@type\":\"Article\",\"@id\":\"https:\\\/\\\/fr.motocrossmag.be\\\/index.php\\\/2014\\\/02\\\/galerie-photos-jeremy-van-horebeek-presente-les-nouvelles-couleurs-de-la-yamaha-yz450-fm\\\/#article\",\"isPartOf\":{\"@id\":\"https:\\\/\\\/fr.motocrossmag.be\\\/index.php\\\/2014\\\/02\\\/galerie-photos-jeremy-van-horebeek-presente-les-nouvelles-couleurs-de-la-yamaha-yz450-fm\\\/\"},\"author\":{\"name\":\"oliviere\",\"@id\":\"https:\\\/\\\/fr.motocrossmag.be\\\/#\\\/schema\\\/person\\\/11b47143d9f755babca2c9110e03235c\"},\"headline\":\"Galerie photos | J\u00e9r\u00e9my Van Horebeek pr\u00e9sente les nouvelles couleurs de la Yamaha YZ450 FM\",\"datePublished\":\"2014-02-21T13:01:07+00:00\",\"mainEntityOfPage\":{\"@id\":\"https:\\\/\\\/fr.motocrossmag.be\\\/index.php\\\/2014\\\/02\\\/galerie-photos-jeremy-van-horebeek-presente-les-nouvelles-couleurs-de-la-yamaha-yz450-fm\\\/\"},\"wordCount\":111,\"commentCount\":0,\"image\":{\"@id\":\"https:\\\/\\\/fr.motocrossmag.be\\\/index.php\\\/2014\\\/02\\\/galerie-photos-jeremy-van-horebeek-presente-les-nouvelles-couleurs-de-la-yamaha-yz450-fm\\\/#primaryimage\"},\"thumbnailUrl\":\"http:\\\/\\\/fr.motocrossmag.be\\\/wp-content\\\/uploads\\\/2014\\\/02\\\/p20140220163247788-150x150.jpg\",\"articleSection\":[\"Photos\",\"Slideshow\"],\"inLanguage\":\"fr-FR\",\"potentialAction\":[{\"@type\":\"CommentAction\",\"name\":\"Comment\",\"target\":[\"https:\\\/\\\/fr.motocrossmag.be\\\/index.php\\\/2014\\\/02\\\/galerie-photos-jeremy-van-horebeek-presente-les-nouvelles-couleurs-de-la-yamaha-yz450-fm\\\/#respond\"]}]},{\"@type\":\"WebPage\",\"@id\":\"https:\\\/\\\/fr.motocrossmag.be\\\/index.php\\\/2014\\\/02\\\/galerie-photos-jeremy-van-horebeek-presente-les-nouvelles-couleurs-de-la-yamaha-yz450-fm\\\/\",\"url\":\"https:\\\/\\\/fr.motocrossmag.be\\\/index.php\\\/2014\\\/02\\\/galerie-photos-jeremy-van-horebeek-presente-les-nouvelles-couleurs-de-la-yamaha-yz450-fm\\\/\",\"name\":\"Galerie photos | J\u00e9r\u00e9my Van Horebeek pr\u00e9sente les nouvelles couleurs de la Yamaha YZ450 FM - Motocross - Enduro - Supermoto | MotocrossMag\",\"isPartOf\":{\"@id\":\"https:\\\/\\\/fr.motocrossmag.be\\\/#website\"},\"primaryImageOfPage\":{\"@id\":\"https:\\\/\\\/fr.motocrossmag.be\\\/index.php\\\/2014\\\/02\\\/galerie-photos-jeremy-van-horebeek-presente-les-nouvelles-couleurs-de-la-yamaha-yz450-fm\\\/#primaryimage\"},\"image\":{\"@id\":\"https:\\\/\\\/fr.motocrossmag.be\\\/index.php\\\/2014\\\/02\\\/galerie-photos-jeremy-van-horebeek-presente-les-nouvelles-couleurs-de-la-yamaha-yz450-fm\\\/#primaryimage\"},\"thumbnailUrl\":\"http:\\\/\\\/fr.motocrossmag.be\\\/wp-content\\\/uploads\\\/2014\\\/02\\\/p20140220163247788-150x150.jpg\",\"datePublished\":\"2014-02-21T13:01:07+00:00\",\"author\":{\"@id\":\"https:\\\/\\\/fr.motocrossmag.be\\\/#\\\/schema\\\/person\\\/11b47143d9f755babca2c9110e03235c\"},\"breadcrumb\":{\"@id\":\"https:\\\/\\\/fr.motocrossmag.be\\\/index.php\\\/2014\\\/02\\\/galerie-photos-jeremy-van-horebeek-presente-les-nouvelles-couleurs-de-la-yamaha-yz450-fm\\\/#breadcrumb\"},\"inLanguage\":\"fr-FR\",\"potentialAction\":[{\"@type\":\"ReadAction\",\"target\":[\"https:\\\/\\\/fr.motocrossmag.be\\\/index.php\\\/2014\\\/02\\\/galerie-photos-jeremy-van-horebeek-presente-les-nouvelles-couleurs-de-la-yamaha-yz450-fm\\\/\"]}]},{\"@type\":\"ImageObject\",\"inLanguage\":\"fr-FR\",\"@id\":\"https:\\\/\\\/fr.motocrossmag.be\\\/index.php\\\/2014\\\/02\\\/galerie-photos-jeremy-van-horebeek-presente-les-nouvelles-couleurs-de-la-yamaha-yz450-fm\\\/#primaryimage\",\"url\":\"https:\\\/\\\/fr.motocrossmag.be\\\/wp-content\\\/uploads\\\/2014\\\/02\\\/p20140220163247788.jpg\",\"contentUrl\":\"https:\\\/\\\/fr.motocrossmag.be\\\/wp-content\\\/uploads\\\/2014\\\/02\\\/p20140220163247788.jpg\",\"width\":1052,\"height\":700},{\"@type\":\"BreadcrumbList\",\"@id\":\"https:\\\/\\\/fr.motocrossmag.be\\\/index.php\\\/2014\\\/02\\\/galerie-photos-jeremy-van-horebeek-presente-les-nouvelles-couleurs-de-la-yamaha-yz450-fm\\\/#breadcrumb\",\"itemListElement\":[{\"@type\":\"ListItem\",\"position\":1,\"name\":\"Accueil\",\"item\":\"https:\\\/\\\/fr.motocrossmag.be\\\/\"},{\"@type\":\"ListItem\",\"position\":2,\"name\":\"Galerie photos | J\u00e9r\u00e9my Van Horebeek pr\u00e9sente les nouvelles couleurs de la Yamaha YZ450 FM\"}]},{\"@type\":\"WebSite\",\"@id\":\"https:\\\/\\\/fr.motocrossmag.be\\\/#website\",\"url\":\"https:\\\/\\\/fr.motocrossmag.be\\\/\",\"name\":\"Motocross - Enduro - Supermoto | MotocrossMag\",\"description\":\"L&#039;actualit\u00e9 du motocross, de l&#039;enduro et du Supermoto en ligne!\",\"potentialAction\":[{\"@type\":\"SearchAction\",\"target\":{\"@type\":\"EntryPoint\",\"urlTemplate\":\"https:\\\/\\\/fr.motocrossmag.be\\\/?s={search_term_string}\"},\"query-input\":{\"@type\":\"PropertyValueSpecification\",\"valueRequired\":true,\"valueName\":\"search_term_string\"}}],\"inLanguage\":\"fr-FR\"},{\"@type\":\"Person\",\"@id\":\"https:\\\/\\\/fr.motocrossmag.be\\\/#\\\/schema\\\/person\\\/11b47143d9f755babca2c9110e03235c\",\"name\":\"oliviere\",\"image\":{\"@type\":\"ImageObject\",\"inLanguage\":\"fr-FR\",\"@id\":\"https:\\\/\\\/secure.gravatar.com\\\/avatar\\\/907069e0b81d119452040469e4a7501da1100f54f7f80180ce77bfab718288f6?s=96&d=mm&r=g\",\"url\":\"https:\\\/\\\/secure.gravatar.com\\\/avatar\\\/907069e0b81d119452040469e4a7501da1100f54f7f80180ce77bfab718288f6?s=96&d=mm&r=g\",\"contentUrl\":\"https:\\\/\\\/secure.gravatar.com\\\/avatar\\\/907069e0b81d119452040469e4a7501da1100f54f7f80180ce77bfab718288f6?s=96&d=mm&r=g\",\"caption\":\"oliviere\"},\"sameAs\":[\"http:\\\/\\\/www.motocrossmag.be\"],\"url\":\"https:\\\/\\\/fr.motocrossmag.be\\\/index.php\\\/author\\\/oliviere\\\/\"}]}<\/script>\n<!-- \/ Yoast SEO plugin. -->","yoast_head_json":{"title":"Galerie photos | J\u00e9r\u00e9my Van Horebeek pr\u00e9sente les nouvelles couleurs de la Yamaha YZ450 FM  - Motocross - Enduro - Supermoto | MotocrossMag","robots":{"index":"index","follow":"follow","max-snippet":"max-snippet:-1","max-image-preview":"max-image-preview:large","max-video-preview":"max-video-preview:-1"},"canonical":"https:\/\/fr.motocrossmag.be\/index.php\/2014\/02\/galerie-photos-jeremy-van-horebeek-presente-les-nouvelles-couleurs-de-la-yamaha-yz450-fm\/","og_locale":"fr_FR","og_type":"article","og_title":"Galerie photos | J\u00e9r\u00e9my Van Horebeek pr\u00e9sente les nouvelles couleurs de la Yamaha YZ450 FM  - Motocross - Enduro - Supermoto | MotocrossMag","og_description":"Le bleu fait son retour chez Yamaha ! Six ans apr\u00e8s avoir d\u00e9laiss\u00e9 la couleur qui a accompagn\u00e9 la marque dans ses plus grands succ\u00e8s, notamment avec Stefan Everts entre 2001 et 2006, la marque aux trois diapasons abandonne le noir et vient de d\u00e9voiler la livr\u00e9e 2014 de sa YZ450FM, la version \u00ab\u00a0Factory\u00a0\u00bb de [&hellip;]","og_url":"https:\/\/fr.motocrossmag.be\/index.php\/2014\/02\/galerie-photos-jeremy-van-horebeek-presente-les-nouvelles-couleurs-de-la-yamaha-yz450-fm\/","og_site_name":"Motocross - Enduro - Supermoto | MotocrossMag","article_published_time":"2014-02-21T13:01:07+00:00","og_image":[{"url":"http:\/\/fr.motocrossmag.be\/wp-content\/uploads\/2014\/02\/p20140220163247788-150x150.jpg","type":"","width":"","height":""}],"author":"oliviere","twitter_card":"summary_large_image","twitter_misc":{"\u00c9crit par":"oliviere"},"schema":{"@context":"https:\/\/schema.org","@graph":[{"@type":"Article","@id":"https:\/\/fr.motocrossmag.be\/index.php\/2014\/02\/galerie-photos-jeremy-van-horebeek-presente-les-nouvelles-couleurs-de-la-yamaha-yz450-fm\/#article","isPartOf":{"@id":"https:\/\/fr.motocrossmag.be\/index.php\/2014\/02\/galerie-photos-jeremy-van-horebeek-presente-les-nouvelles-couleurs-de-la-yamaha-yz450-fm\/"},"author":{"name":"oliviere","@id":"https:\/\/fr.motocrossmag.be\/#\/schema\/person\/11b47143d9f755babca2c9110e03235c"},"headline":"Galerie photos | J\u00e9r\u00e9my Van Horebeek pr\u00e9sente les nouvelles couleurs de la Yamaha YZ450 FM","datePublished":"2014-02-21T13:01:07+00:00","mainEntityOfPage":{"@id":"https:\/\/fr.motocrossmag.be\/index.php\/2014\/02\/galerie-photos-jeremy-van-horebeek-presente-les-nouvelles-couleurs-de-la-yamaha-yz450-fm\/"},"wordCount":111,"commentCount":0,"image":{"@id":"https:\/\/fr.motocrossmag.be\/index.php\/2014\/02\/galerie-photos-jeremy-van-horebeek-presente-les-nouvelles-couleurs-de-la-yamaha-yz450-fm\/#primaryimage"},"thumbnailUrl":"http:\/\/fr.motocrossmag.be\/wp-content\/uploads\/2014\/02\/p20140220163247788-150x150.jpg","articleSection":["Photos","Slideshow"],"inLanguage":"fr-FR","potentialAction":[{"@type":"CommentAction","name":"Comment","target":["https:\/\/fr.motocrossmag.be\/index.php\/2014\/02\/galerie-photos-jeremy-van-horebeek-presente-les-nouvelles-couleurs-de-la-yamaha-yz450-fm\/#respond"]}]},{"@type":"WebPage","@id":"https:\/\/fr.motocrossmag.be\/index.php\/2014\/02\/galerie-photos-jeremy-van-horebeek-presente-les-nouvelles-couleurs-de-la-yamaha-yz450-fm\/","url":"https:\/\/fr.motocrossmag.be\/index.php\/2014\/02\/galerie-photos-jeremy-van-horebeek-presente-les-nouvelles-couleurs-de-la-yamaha-yz450-fm\/","name":"Galerie photos | J\u00e9r\u00e9my Van Horebeek pr\u00e9sente les nouvelles couleurs de la Yamaha YZ450 FM - Motocross - Enduro - Supermoto | MotocrossMag","isPartOf":{"@id":"https:\/\/fr.motocrossmag.be\/#website"},"primaryImageOfPage":{"@id":"https:\/\/fr.motocrossmag.be\/index.php\/2014\/02\/galerie-photos-jeremy-van-horebeek-presente-les-nouvelles-couleurs-de-la-yamaha-yz450-fm\/#primaryimage"},"image":{"@id":"https:\/\/fr.motocrossmag.be\/index.php\/2014\/02\/galerie-photos-jeremy-van-horebeek-presente-les-nouvelles-couleurs-de-la-yamaha-yz450-fm\/#primaryimage"},"thumbnailUrl":"http:\/\/fr.motocrossmag.be\/wp-content\/uploads\/2014\/02\/p20140220163247788-150x150.jpg","datePublished":"2014-02-21T13:01:07+00:00","author":{"@id":"https:\/\/fr.motocrossmag.be\/#\/schema\/person\/11b47143d9f755babca2c9110e03235c"},"breadcrumb":{"@id":"https:\/\/fr.motocrossmag.be\/index.php\/2014\/02\/galerie-photos-jeremy-van-horebeek-presente-les-nouvelles-couleurs-de-la-yamaha-yz450-fm\/#breadcrumb"},"inLanguage":"fr-FR","potentialAction":[{"@type":"ReadAction","target":["https:\/\/fr.motocrossmag.be\/index.php\/2014\/02\/galerie-photos-jeremy-van-horebeek-presente-les-nouvelles-couleurs-de-la-yamaha-yz450-fm\/"]}]},{"@type":"ImageObject","inLanguage":"fr-FR","@id":"https:\/\/fr.motocrossmag.be\/index.php\/2014\/02\/galerie-photos-jeremy-van-horebeek-presente-les-nouvelles-couleurs-de-la-yamaha-yz450-fm\/#primaryimage","url":"https:\/\/fr.motocrossmag.be\/wp-content\/uploads\/2014\/02\/p20140220163247788.jpg","contentUrl":"https:\/\/fr.motocrossmag.be\/wp-content\/uploads\/2014\/02\/p20140220163247788.jpg","width":1052,"height":700},{"@type":"BreadcrumbList","@id":"https:\/\/fr.motocrossmag.be\/index.php\/2014\/02\/galerie-photos-jeremy-van-horebeek-presente-les-nouvelles-couleurs-de-la-yamaha-yz450-fm\/#breadcrumb","itemListElement":[{"@type":"ListItem","position":1,"name":"Accueil","item":"https:\/\/fr.motocrossmag.be\/"},{"@type":"ListItem","position":2,"name":"Galerie photos | J\u00e9r\u00e9my Van Horebeek pr\u00e9sente les nouvelles couleurs de la Yamaha YZ450 FM"}]},{"@type":"WebSite","@id":"https:\/\/fr.motocrossmag.be\/#website","url":"https:\/\/fr.motocrossmag.be\/","name":"Motocross - Enduro - Supermoto | MotocrossMag","description":"L&#039;actualit\u00e9 du motocross, de l&#039;enduro et du Supermoto en ligne!","potentialAction":[{"@type":"SearchAction","target":{"@type":"EntryPoint","urlTemplate":"https:\/\/fr.motocrossmag.be\/?s={search_term_string}"},"query-input":{"@type":"PropertyValueSpecification","valueRequired":true,"valueName":"search_term_string"}}],"inLanguage":"fr-FR"},{"@type":"Person","@id":"https:\/\/fr.motocrossmag.be\/#\/schema\/person\/11b47143d9f755babca2c9110e03235c","name":"oliviere","image":{"@type":"ImageObject","inLanguage":"fr-FR","@id":"https:\/\/secure.gravatar.com\/avatar\/907069e0b81d119452040469e4a7501da1100f54f7f80180ce77bfab718288f6?s=96&d=mm&r=g","url":"https:\/\/secure.gravatar.com\/avatar\/907069e0b81d119452040469e4a7501da1100f54f7f80180ce77bfab718288f6?s=96&d=mm&r=g","contentUrl":"https:\/\/secure.gravatar.com\/avatar\/907069e0b81d119452040469e4a7501da1100f54f7f80180ce77bfab718288f6?s=96&d=mm&r=g","caption":"oliviere"},"sameAs":["http:\/\/www.motocrossmag.be"],"url":"https:\/\/fr.motocrossmag.be\/index.php\/author\/oliviere\/"}]}},"_links":{"self":[{"href":"https:\/\/fr.motocrossmag.be\/index.php\/wp-json\/wp\/v2\/posts\/20569","targetHints":{"allow":["GET"]}}],"collection":[{"href":"https:\/\/fr.motocrossmag.be\/index.php\/wp-json\/wp\/v2\/posts"}],"about":[{"href":"https:\/\/fr.motocrossmag.be\/index.php\/wp-json\/wp\/v2\/types\/post"}],"author":[{"embeddable":true,"href":"https:\/\/fr.motocrossmag.be\/index.php\/wp-json\/wp\/v2\/users\/932"}],"replies":[{"embeddable":true,"href":"https:\/\/fr.motocrossmag.be\/index.php\/wp-json\/wp\/v2\/comments?post=20569"}],"version-history":[{"count":0,"href":"https:\/\/fr.motocrossmag.be\/index.php\/wp-json\/wp\/v2\/posts\/20569\/revisions"}],"wp:attachment":[{"href":"https:\/\/fr.motocrossmag.be\/index.php\/wp-json\/wp\/v2\/media?parent=20569"}],"wp:term":[{"taxonomy":"category","embeddable":true,"href":"https:\/\/fr.motocrossmag.be\/index.php\/wp-json\/wp\/v2\/categories?post=20569"},{"taxonomy":"post_tag","embeddable":true,"href":"https:\/\/fr.motocrossmag.be\/index.php\/wp-json\/wp\/v2\/tags?post=20569"}],"curies":[{"name":"wp","href":"https:\/\/api.w.org\/{rel}","templated":true}]}}