{"id":20574,"date":"2014-02-22T23:29:09","date_gmt":"2014-02-22T22:29:09","guid":{"rendered":"http:\/\/fr.motocrossmag.be\/?p=20574"},"modified":"2014-02-22T23:29:09","modified_gmt":"2014-02-22T22:29:09","slug":"motocross-lacapelle-marival-clement-desalle-au-depart-a-lacapelle-marival","status":"publish","type":"post","link":"https:\/\/fr.motocrossmag.be\/index.php\/2014\/02\/motocross-lacapelle-marival-clement-desalle-au-depart-a-lacapelle-marival\/","title":{"rendered":"Motocross &#8211; Lacapelle-Marival | Cl\u00e9ment Desalle au d\u00e9part \u00e0\u00a0 Lacapelle-Marival"},"content":{"rendered":"<p>Une semaine apr\u00e8s l&rsquo;annulation du motocross international de Valence pour cause d&rsquo;intemp\u00e9ries, le coup d&rsquo;envoi de la saison 2014 du cross fran\u00e7ais se fera donc ce dimanche \u00e0\u00a0 Lacapelle-Marival (Lot). Apr\u00e8s une ann\u00e9e blanche en 2013 \u00e0\u00a0 cause de l&rsquo;avanc\u00e9e du calendrier mondial et l&rsquo;apparition du GP du Qatar, les b\u00e9n\u00e9voles avaient d\u00e0\u00bb reporter leur Master Motocross en 2014.<\/p>\n<p>Malgr\u00e9 la concordance de date avec l&rsquo;\u00e9preuve de Hawkstone Park o\u00f9 seront pr\u00e9sents notamment Jeffrey Herlings, Tommy Searle, Max Anstie et bien d&rsquo;autres, les spectateurs fran\u00e7ais auront la chance de voir en piste un plateau constitu\u00e9 de nombreux pilotes de GP ainsi que des meilleurs pilotes internationaux. En MX1, la victoire ne devrait pas \u00e9chapper aux gros bras que sont Desalle, Frossard, Strijbos, Boog et Pourcel. En MX2, une formidable bagarre devrait opposer les Fran\u00e7ais Tixier et Ferrandis, un duel qui devrait \u00eatre arbitr\u00e9 par Kullas et nos compatriotes Graulus et Lieber.<\/p>\n<p>Jo\u00ebl Roelants, J\u00e9r\u00e9my Delinc\u00e9, Nick Triest et Fr\u00e9d\u00e9ric Bosman seront \u00e9galement au d\u00e9part \u00e0\u00a0 Lacapelle ce dimanche.<\/p>\n<p><strong><span style=\"color: #800000;\">Liste des engag\u00e9s<\/span><\/strong><\/p>\n<p><strong>25 DESALLE Cl\u00e9ment BEL 24 Rockstar Energy Suzuki World 450<br \/>\n22 STRIJBOS K\u00e9vin BEL 28 Rockstar Energy Suzuki World 450<\/strong><br \/>\n<strong>33 LIEBER Julien BEL 19 Rockstar Energy Suzuki Europe 250<\/strong><br \/>\n183 FROSSARD Steven FRA 26 Kawasaki Racing Team Monster Energy 450<br \/>\n911 TIXIER Jordy FRA 20 Red Bull KTM Factory 250<br \/>\n3 LEOK Tanel EST 28 Team TM Racing 450<br \/>\n39 GUARNERI Davide ITA 28 Team TM Racing 450<br \/>\n<strong>34 ROELANTS Jo\u00ebl BEL 24 J Racing 450<\/strong><br \/>\n122 FERRANDIS Dylan FRA 19 Kawasaki CLS Monster Energy Pro-Circuit 250<br \/>\n121 BOOG Xavier FRA 25 MX24 Honda 450<br \/>\n737 TEILLET Valentin FRA 23 BUD Racing Team 450<br \/>\n142 PATUREL Beno\u00eet FRA 19 BUD Racing Team 250<br \/>\n11 POURCEL S\u00e9bastien FRA 29 Pro Factory Mx Team 450<br \/>\n32 POTISEK Milko FRA 24 Team 2B 450<br \/>\n131 AUBIN Nicolas FRA 25 Honda HDI 450<br \/>\n287 SCHIFFER Marcus ALL 26 Waldmann Suzuki 450<br \/>\n151 KULLAS Harri FIN 21 Sahkar Racing KTM 250<br \/>\n<strong>171 GRAULUS Damon BEL 19 Standing Construct KTM 250<\/strong><br \/>\n141 DESPREY Maxime FRA 20 Team Honda J Tech 250<br \/>\n<strong>26 DELINCE Jeremy BEL Yamaha Suisse 450<\/strong><br \/>\n<strong>90 TRIEST Nick BEL 23 Yamaha Suisse 450<\/strong><br \/>\n918 CHAPELIERE Camille FRA 19 Yamaha Team JPM Racing 250<br \/>\n777 MANNUCCI Jean Pierre FRA Yamaha Team JPM Racing 250<br \/>\n888 BARCELO Nicolas FRA Yamaha Team JPM Racing 250<br \/>\n817 CLERMONT Jason FRA 21 SR Team 450<br \/>\n951 AUBIN Arnaud FRA 20 Team Tip Top 250<br \/>\n137 ESCOFFIER Adrien FRA 19 KTM-1\/Tecnium 250<br \/>\n111 GINESTA Yannick FRA 21 CYG passion moto 450<br \/>\n<strong>968 BOSMAN Frederic BEL 17 Bosman Yamaha 250<\/strong><br \/>\n338 HERBRETEAU David FRA 16 Team MJC 125<br \/>\n221 BALLANGER Kevin FRA 21 Yamaha 450<br \/>\n934 LARUE Jordan FRA 20 Impact Moto 250<br \/>\n66 SCHAFER Alain SUI 25 Kawasaki 450<br \/>\n921 REGNER Melvin FRA 22 Yamaha 250<br \/>\n119 CASTETS Mickael FRA 24 KTM 450<br \/>\n27 SAULMIER Laurent FRA 27 Kawasaki 450<\/p>\n<p><strong>Texte :<\/strong> M.Capton<\/p>\n","protected":false},"excerpt":{"rendered":"<p>Une semaine apr\u00e8s l&rsquo;annulation du motocross international de Valence pour cause d&rsquo;intemp\u00e9ries, le coup d&rsquo;envoi de la saison 2014 du cross fran\u00e7ais se fera donc ce dimanche \u00e0\u00a0 Lacapelle-Marival (Lot). [&#8230;]<\/p>\n","protected":false},"author":932,"featured_media":0,"comment_status":"open","ping_status":"closed","sticky":false,"template":"","format":"standard","meta":{"footnotes":""},"categories":[4,5,65],"tags":[516,726,504,947,725],"class_list":["post-20574","post","type-post","status-publish","format-standard","hentry","category-motocross","category-news","category-slideshow","tag-516","tag-cross-inter","tag-lacapelle-marival","tag-motocross","tag-mx-masters"],"yoast_head":"<!-- This site is optimized with the Yoast SEO plugin v27.4 - https:\/\/yoast.com\/product\/yoast-seo-wordpress\/ -->\n<title>Motocross - Lacapelle-Marival | Cl\u00e9ment Desalle au d\u00e9part \u00e0\u00a0 Lacapelle-Marival  - Motocross - Enduro - Supermoto | MotocrossMag<\/title>\n<meta name=\"robots\" content=\"index, follow, max-snippet:-1, max-image-preview:large, max-video-preview:-1\" \/>\n<link rel=\"canonical\" href=\"https:\/\/fr.motocrossmag.be\/index.php\/2014\/02\/motocross-lacapelle-marival-clement-desalle-au-depart-a-lacapelle-marival\/\" \/>\n<meta property=\"og:locale\" content=\"fr_FR\" \/>\n<meta property=\"og:type\" content=\"article\" \/>\n<meta property=\"og:title\" content=\"Motocross - Lacapelle-Marival | Cl\u00e9ment Desalle au d\u00e9part \u00e0\u00a0 Lacapelle-Marival  - Motocross - Enduro - Supermoto | MotocrossMag\" \/>\n<meta property=\"og:description\" content=\"Une semaine apr\u00e8s l&rsquo;annulation du motocross international de Valence pour cause d&rsquo;intemp\u00e9ries, le coup d&rsquo;envoi de la saison 2014 du cross fran\u00e7ais se fera donc ce dimanche \u00e0\u00a0 Lacapelle-Marival (Lot). [...]\" \/>\n<meta property=\"og:url\" content=\"https:\/\/fr.motocrossmag.be\/index.php\/2014\/02\/motocross-lacapelle-marival-clement-desalle-au-depart-a-lacapelle-marival\/\" \/>\n<meta property=\"og:site_name\" content=\"Motocross - Enduro - Supermoto | MotocrossMag\" \/>\n<meta property=\"article:published_time\" content=\"2014-02-22T22:29:09+00:00\" \/>\n<meta name=\"author\" content=\"oliviere\" \/>\n<meta name=\"twitter:card\" content=\"summary_large_image\" \/>\n<meta name=\"twitter:label1\" content=\"\u00c9crit par\" \/>\n\t<meta name=\"twitter:data1\" content=\"oliviere\" \/>\n\t<meta name=\"twitter:label2\" content=\"Dur\u00e9e de lecture estim\u00e9e\" \/>\n\t<meta name=\"twitter:data2\" content=\"2 minutes\" \/>\n<script type=\"application\/ld+json\" class=\"yoast-schema-graph\">{\"@context\":\"https:\\\/\\\/schema.org\",\"@graph\":[{\"@type\":\"Article\",\"@id\":\"https:\\\/\\\/fr.motocrossmag.be\\\/index.php\\\/2014\\\/02\\\/motocross-lacapelle-marival-clement-desalle-au-depart-a-lacapelle-marival\\\/#article\",\"isPartOf\":{\"@id\":\"https:\\\/\\\/fr.motocrossmag.be\\\/index.php\\\/2014\\\/02\\\/motocross-lacapelle-marival-clement-desalle-au-depart-a-lacapelle-marival\\\/\"},\"author\":{\"name\":\"oliviere\",\"@id\":\"https:\\\/\\\/fr.motocrossmag.be\\\/#\\\/schema\\\/person\\\/11b47143d9f755babca2c9110e03235c\"},\"headline\":\"Motocross &#8211; Lacapelle-Marival | Cl\u00e9ment Desalle au d\u00e9part \u00e0\u00a0 Lacapelle-Marival\",\"datePublished\":\"2014-02-22T22:29:09+00:00\",\"mainEntityOfPage\":{\"@id\":\"https:\\\/\\\/fr.motocrossmag.be\\\/index.php\\\/2014\\\/02\\\/motocross-lacapelle-marival-clement-desalle-au-depart-a-lacapelle-marival\\\/\"},\"wordCount\":416,\"commentCount\":0,\"keywords\":[\"2014\",\"cross inter\",\"lacapelle-marival\",\"Motocross\",\"mx masters\"],\"articleSection\":[\"Motocross\",\"News\",\"Slideshow\"],\"inLanguage\":\"fr-FR\",\"potentialAction\":[{\"@type\":\"CommentAction\",\"name\":\"Comment\",\"target\":[\"https:\\\/\\\/fr.motocrossmag.be\\\/index.php\\\/2014\\\/02\\\/motocross-lacapelle-marival-clement-desalle-au-depart-a-lacapelle-marival\\\/#respond\"]}]},{\"@type\":\"WebPage\",\"@id\":\"https:\\\/\\\/fr.motocrossmag.be\\\/index.php\\\/2014\\\/02\\\/motocross-lacapelle-marival-clement-desalle-au-depart-a-lacapelle-marival\\\/\",\"url\":\"https:\\\/\\\/fr.motocrossmag.be\\\/index.php\\\/2014\\\/02\\\/motocross-lacapelle-marival-clement-desalle-au-depart-a-lacapelle-marival\\\/\",\"name\":\"Motocross - Lacapelle-Marival | Cl\u00e9ment Desalle au d\u00e9part \u00e0\u00a0 Lacapelle-Marival - Motocross - Enduro - Supermoto | MotocrossMag\",\"isPartOf\":{\"@id\":\"https:\\\/\\\/fr.motocrossmag.be\\\/#website\"},\"datePublished\":\"2014-02-22T22:29:09+00:00\",\"author\":{\"@id\":\"https:\\\/\\\/fr.motocrossmag.be\\\/#\\\/schema\\\/person\\\/11b47143d9f755babca2c9110e03235c\"},\"breadcrumb\":{\"@id\":\"https:\\\/\\\/fr.motocrossmag.be\\\/index.php\\\/2014\\\/02\\\/motocross-lacapelle-marival-clement-desalle-au-depart-a-lacapelle-marival\\\/#breadcrumb\"},\"inLanguage\":\"fr-FR\",\"potentialAction\":[{\"@type\":\"ReadAction\",\"target\":[\"https:\\\/\\\/fr.motocrossmag.be\\\/index.php\\\/2014\\\/02\\\/motocross-lacapelle-marival-clement-desalle-au-depart-a-lacapelle-marival\\\/\"]}]},{\"@type\":\"BreadcrumbList\",\"@id\":\"https:\\\/\\\/fr.motocrossmag.be\\\/index.php\\\/2014\\\/02\\\/motocross-lacapelle-marival-clement-desalle-au-depart-a-lacapelle-marival\\\/#breadcrumb\",\"itemListElement\":[{\"@type\":\"ListItem\",\"position\":1,\"name\":\"Accueil\",\"item\":\"https:\\\/\\\/fr.motocrossmag.be\\\/\"},{\"@type\":\"ListItem\",\"position\":2,\"name\":\"Motocross &#8211; Lacapelle-Marival | Cl\u00e9ment Desalle au d\u00e9part \u00e0\u00a0 Lacapelle-Marival\"}]},{\"@type\":\"WebSite\",\"@id\":\"https:\\\/\\\/fr.motocrossmag.be\\\/#website\",\"url\":\"https:\\\/\\\/fr.motocrossmag.be\\\/\",\"name\":\"Motocross - Enduro - Supermoto | MotocrossMag\",\"description\":\"L&#039;actualit\u00e9 du motocross, de l&#039;enduro et du Supermoto en ligne!\",\"potentialAction\":[{\"@type\":\"SearchAction\",\"target\":{\"@type\":\"EntryPoint\",\"urlTemplate\":\"https:\\\/\\\/fr.motocrossmag.be\\\/?s={search_term_string}\"},\"query-input\":{\"@type\":\"PropertyValueSpecification\",\"valueRequired\":true,\"valueName\":\"search_term_string\"}}],\"inLanguage\":\"fr-FR\"},{\"@type\":\"Person\",\"@id\":\"https:\\\/\\\/fr.motocrossmag.be\\\/#\\\/schema\\\/person\\\/11b47143d9f755babca2c9110e03235c\",\"name\":\"oliviere\",\"image\":{\"@type\":\"ImageObject\",\"inLanguage\":\"fr-FR\",\"@id\":\"https:\\\/\\\/secure.gravatar.com\\\/avatar\\\/907069e0b81d119452040469e4a7501da1100f54f7f80180ce77bfab718288f6?s=96&d=mm&r=g\",\"url\":\"https:\\\/\\\/secure.gravatar.com\\\/avatar\\\/907069e0b81d119452040469e4a7501da1100f54f7f80180ce77bfab718288f6?s=96&d=mm&r=g\",\"contentUrl\":\"https:\\\/\\\/secure.gravatar.com\\\/avatar\\\/907069e0b81d119452040469e4a7501da1100f54f7f80180ce77bfab718288f6?s=96&d=mm&r=g\",\"caption\":\"oliviere\"},\"sameAs\":[\"http:\\\/\\\/www.motocrossmag.be\"],\"url\":\"https:\\\/\\\/fr.motocrossmag.be\\\/index.php\\\/author\\\/oliviere\\\/\"}]}<\/script>\n<!-- \/ Yoast SEO plugin. -->","yoast_head_json":{"title":"Motocross - Lacapelle-Marival | Cl\u00e9ment Desalle au d\u00e9part \u00e0\u00a0 Lacapelle-Marival  - Motocross - Enduro - Supermoto | MotocrossMag","robots":{"index":"index","follow":"follow","max-snippet":"max-snippet:-1","max-image-preview":"max-image-preview:large","max-video-preview":"max-video-preview:-1"},"canonical":"https:\/\/fr.motocrossmag.be\/index.php\/2014\/02\/motocross-lacapelle-marival-clement-desalle-au-depart-a-lacapelle-marival\/","og_locale":"fr_FR","og_type":"article","og_title":"Motocross - Lacapelle-Marival | Cl\u00e9ment Desalle au d\u00e9part \u00e0\u00a0 Lacapelle-Marival  - Motocross - Enduro - Supermoto | MotocrossMag","og_description":"Une semaine apr\u00e8s l&rsquo;annulation du motocross international de Valence pour cause d&rsquo;intemp\u00e9ries, le coup d&rsquo;envoi de la saison 2014 du cross fran\u00e7ais se fera donc ce dimanche \u00e0\u00a0 Lacapelle-Marival (Lot). [...]","og_url":"https:\/\/fr.motocrossmag.be\/index.php\/2014\/02\/motocross-lacapelle-marival-clement-desalle-au-depart-a-lacapelle-marival\/","og_site_name":"Motocross - Enduro - Supermoto | MotocrossMag","article_published_time":"2014-02-22T22:29:09+00:00","author":"oliviere","twitter_card":"summary_large_image","twitter_misc":{"\u00c9crit par":"oliviere","Dur\u00e9e de lecture estim\u00e9e":"2 minutes"},"schema":{"@context":"https:\/\/schema.org","@graph":[{"@type":"Article","@id":"https:\/\/fr.motocrossmag.be\/index.php\/2014\/02\/motocross-lacapelle-marival-clement-desalle-au-depart-a-lacapelle-marival\/#article","isPartOf":{"@id":"https:\/\/fr.motocrossmag.be\/index.php\/2014\/02\/motocross-lacapelle-marival-clement-desalle-au-depart-a-lacapelle-marival\/"},"author":{"name":"oliviere","@id":"https:\/\/fr.motocrossmag.be\/#\/schema\/person\/11b47143d9f755babca2c9110e03235c"},"headline":"Motocross &#8211; Lacapelle-Marival | Cl\u00e9ment Desalle au d\u00e9part \u00e0\u00a0 Lacapelle-Marival","datePublished":"2014-02-22T22:29:09+00:00","mainEntityOfPage":{"@id":"https:\/\/fr.motocrossmag.be\/index.php\/2014\/02\/motocross-lacapelle-marival-clement-desalle-au-depart-a-lacapelle-marival\/"},"wordCount":416,"commentCount":0,"keywords":["2014","cross inter","lacapelle-marival","Motocross","mx masters"],"articleSection":["Motocross","News","Slideshow"],"inLanguage":"fr-FR","potentialAction":[{"@type":"CommentAction","name":"Comment","target":["https:\/\/fr.motocrossmag.be\/index.php\/2014\/02\/motocross-lacapelle-marival-clement-desalle-au-depart-a-lacapelle-marival\/#respond"]}]},{"@type":"WebPage","@id":"https:\/\/fr.motocrossmag.be\/index.php\/2014\/02\/motocross-lacapelle-marival-clement-desalle-au-depart-a-lacapelle-marival\/","url":"https:\/\/fr.motocrossmag.be\/index.php\/2014\/02\/motocross-lacapelle-marival-clement-desalle-au-depart-a-lacapelle-marival\/","name":"Motocross - Lacapelle-Marival | Cl\u00e9ment Desalle au d\u00e9part \u00e0\u00a0 Lacapelle-Marival - Motocross - Enduro - Supermoto | MotocrossMag","isPartOf":{"@id":"https:\/\/fr.motocrossmag.be\/#website"},"datePublished":"2014-02-22T22:29:09+00:00","author":{"@id":"https:\/\/fr.motocrossmag.be\/#\/schema\/person\/11b47143d9f755babca2c9110e03235c"},"breadcrumb":{"@id":"https:\/\/fr.motocrossmag.be\/index.php\/2014\/02\/motocross-lacapelle-marival-clement-desalle-au-depart-a-lacapelle-marival\/#breadcrumb"},"inLanguage":"fr-FR","potentialAction":[{"@type":"ReadAction","target":["https:\/\/fr.motocrossmag.be\/index.php\/2014\/02\/motocross-lacapelle-marival-clement-desalle-au-depart-a-lacapelle-marival\/"]}]},{"@type":"BreadcrumbList","@id":"https:\/\/fr.motocrossmag.be\/index.php\/2014\/02\/motocross-lacapelle-marival-clement-desalle-au-depart-a-lacapelle-marival\/#breadcrumb","itemListElement":[{"@type":"ListItem","position":1,"name":"Accueil","item":"https:\/\/fr.motocrossmag.be\/"},{"@type":"ListItem","position":2,"name":"Motocross &#8211; Lacapelle-Marival | Cl\u00e9ment Desalle au d\u00e9part \u00e0\u00a0 Lacapelle-Marival"}]},{"@type":"WebSite","@id":"https:\/\/fr.motocrossmag.be\/#website","url":"https:\/\/fr.motocrossmag.be\/","name":"Motocross - Enduro - Supermoto | MotocrossMag","description":"L&#039;actualit\u00e9 du motocross, de l&#039;enduro et du Supermoto en ligne!","potentialAction":[{"@type":"SearchAction","target":{"@type":"EntryPoint","urlTemplate":"https:\/\/fr.motocrossmag.be\/?s={search_term_string}"},"query-input":{"@type":"PropertyValueSpecification","valueRequired":true,"valueName":"search_term_string"}}],"inLanguage":"fr-FR"},{"@type":"Person","@id":"https:\/\/fr.motocrossmag.be\/#\/schema\/person\/11b47143d9f755babca2c9110e03235c","name":"oliviere","image":{"@type":"ImageObject","inLanguage":"fr-FR","@id":"https:\/\/secure.gravatar.com\/avatar\/907069e0b81d119452040469e4a7501da1100f54f7f80180ce77bfab718288f6?s=96&d=mm&r=g","url":"https:\/\/secure.gravatar.com\/avatar\/907069e0b81d119452040469e4a7501da1100f54f7f80180ce77bfab718288f6?s=96&d=mm&r=g","contentUrl":"https:\/\/secure.gravatar.com\/avatar\/907069e0b81d119452040469e4a7501da1100f54f7f80180ce77bfab718288f6?s=96&d=mm&r=g","caption":"oliviere"},"sameAs":["http:\/\/www.motocrossmag.be"],"url":"https:\/\/fr.motocrossmag.be\/index.php\/author\/oliviere\/"}]}},"_links":{"self":[{"href":"https:\/\/fr.motocrossmag.be\/index.php\/wp-json\/wp\/v2\/posts\/20574","targetHints":{"allow":["GET"]}}],"collection":[{"href":"https:\/\/fr.motocrossmag.be\/index.php\/wp-json\/wp\/v2\/posts"}],"about":[{"href":"https:\/\/fr.motocrossmag.be\/index.php\/wp-json\/wp\/v2\/types\/post"}],"author":[{"embeddable":true,"href":"https:\/\/fr.motocrossmag.be\/index.php\/wp-json\/wp\/v2\/users\/932"}],"replies":[{"embeddable":true,"href":"https:\/\/fr.motocrossmag.be\/index.php\/wp-json\/wp\/v2\/comments?post=20574"}],"version-history":[{"count":0,"href":"https:\/\/fr.motocrossmag.be\/index.php\/wp-json\/wp\/v2\/posts\/20574\/revisions"}],"wp:attachment":[{"href":"https:\/\/fr.motocrossmag.be\/index.php\/wp-json\/wp\/v2\/media?parent=20574"}],"wp:term":[{"taxonomy":"category","embeddable":true,"href":"https:\/\/fr.motocrossmag.be\/index.php\/wp-json\/wp\/v2\/categories?post=20574"},{"taxonomy":"post_tag","embeddable":true,"href":"https:\/\/fr.motocrossmag.be\/index.php\/wp-json\/wp\/v2\/tags?post=20574"}],"curies":[{"name":"wp","href":"https:\/\/api.w.org\/{rel}","templated":true}]}}