{"id":20627,"date":"2014-02-28T00:15:49","date_gmt":"2014-02-27T23:15:49","guid":{"rendered":"http:\/\/fr.motocrossmag.be\/?p=20627"},"modified":"2014-02-28T00:15:49","modified_gmt":"2014-02-27T23:15:49","slug":"galerie-photos-photos-les-premieres-images-du-gp-du-qatar","status":"publish","type":"post","link":"https:\/\/fr.motocrossmag.be\/index.php\/2014\/02\/galerie-photos-photos-les-premieres-images-du-gp-du-qatar\/","title":{"rendered":"Galerie photos | Photos: les premi\u00e8res images du GP du Qatar"},"content":{"rendered":"<p>Les choses se pr\u00e9cisent. D&rsquo;ici quelques heures \u00e0\u00a0 peine, les pilotes du championnat MXGP prendront possession de la piste de Losail, au Qatar, pour les premi\u00e8res s\u00e9ances d&rsquo;essai du premier GP de la saison 2014. En attendant, les pilotes ont profit\u00e9 de la journ\u00e9e du jeudi pour d\u00e9couvrir les environs de Losail tandis que les m\u00e9caniciens pour leur part s&rsquo;affairaient \u00e0\u00a0 r\u00e9gler les derniers d\u00e9tails dans les paddocks.<\/p>\n<p>Photos: Bavo Swijgers<\/p><div class=\"qufrl6a974397ddea1\" ><!-- \/91277017\/Inline-articles-mobile -->\n<div style=\"margin:auto; text-align:center !important\">\n<div id='div-gpt-ad-1784982661365-0' style='min-width: 250px; min-height: 75px;'>\n  <script>\n    googletag.cmd.push(function() { googletag.display('div-gpt-ad-1784982661365-0'); });\n  <\/script>\n<\/div><\/div><\/div><style type=\"text\/css\">\r\n.qufrl6a974397ddea1 {\r\nmargin-bottom:30px;margin-top:20px\r\n}\r\n@media screen and (min-width: 1201px) {\r\n.qufrl6a974397ddea1 {\r\ndisplay: block;\r\n}\r\n}\r\n@media screen and (min-width: 993px) and (max-width: 1200px) {\r\n.qufrl6a974397ddea1 {\r\ndisplay: block;\r\n}\r\n}\r\n@media screen and (min-width: 769px) and (max-width: 992px) {\r\n.qufrl6a974397ddea1 {\r\ndisplay: block;\r\n}\r\n}\r\n@media screen and (min-width: 768px) and (max-width: 768px) {\r\n.qufrl6a974397ddea1 {\r\ndisplay: block;\r\n}\r\n}\r\n@media screen and (max-width: 767px) {\r\n.qufrl6a974397ddea1 {\r\ndisplay: block;\r\n}\r\n}\r\n<\/style>\r\n\n<p><a class=\"shutterset_set_383\" title=\" \" rel=\"lightbox dia=1\" href=\"http:\/\/nl.motocrossmag.be\/wp-content\/gallery\/qatarfri_14_bavo\/Acerbis_DSC3882%20%2872dpi%29.jpg\"><img decoding=\"async\" title=\"Acerbis_DSC3882 (72dpi)\" src=\"http:\/\/nl.motocrossmag.be\/wp-content\/gallery\/qatarfri_14_bavo\/thumbs\/thumbs_Acerbis_DSC3882%20%2872dpi%29.jpg\" alt=\"Acerbis_DSC3882 (72dpi)\" width=\"100\" height=\"75\" \/> <\/a><a class=\"shutterset_set_383\" title=\" \" rel=\"lightbox dia=1\" href=\"http:\/\/nl.motocrossmag.be\/wp-content\/gallery\/qatarfri_14_bavo\/Boog_DSC4219%20%2872dpi%29.jpg\"><img decoding=\"async\" title=\"Boog_DSC4219 (72dpi)\" src=\"http:\/\/nl.motocrossmag.be\/wp-content\/gallery\/qatarfri_14_bavo\/thumbs\/thumbs_Boog_DSC4219%20%2872dpi%29.jpg\" alt=\"Boog_DSC4219 (72dpi)\" width=\"100\" height=\"75\" \/> <\/a><a class=\"shutterset_set_383\" title=\" \" rel=\"lightbox dia=1\" href=\"http:\/\/nl.motocrossmag.be\/wp-content\/gallery\/qatarfri_14_bavo\/Boog_DSC4239%20%2872dpi%29.jpg\"><img decoding=\"async\" title=\"Boog_DSC4239 (72dpi)\" src=\"http:\/\/nl.motocrossmag.be\/wp-content\/gallery\/qatarfri_14_bavo\/thumbs\/thumbs_Boog_DSC4239%20%2872dpi%29.jpg\" alt=\"Boog_DSC4239 (72dpi)\" width=\"100\" height=\"75\" \/> <\/a><a class=\"shutterset_set_383\" title=\" \" rel=\"lightbox dia=1\" href=\"http:\/\/nl.motocrossmag.be\/wp-content\/gallery\/qatarfri_14_bavo\/Butron_DSC4173%20%2872dpi%29.jpg\"><img decoding=\"async\" title=\"Butron_DSC4173 (72dpi)\" src=\"http:\/\/nl.motocrossmag.be\/wp-content\/gallery\/qatarfri_14_bavo\/thumbs\/thumbs_Butron_DSC4173%20%2872dpi%29.jpg\" alt=\"Butron_DSC4173 (72dpi)\" width=\"100\" height=\"75\" \/> <\/a><a class=\"shutterset_set_383\" title=\" \" rel=\"lightbox dia=1\" href=\"http:\/\/nl.motocrossmag.be\/wp-content\/gallery\/qatarfri_14_bavo\/Charlier_DSC3872%20%2872dpi%29.jpg\"><img decoding=\"async\" title=\"Charlier_DSC3872 (72dpi)\" src=\"http:\/\/nl.motocrossmag.be\/wp-content\/gallery\/qatarfri_14_bavo\/thumbs\/thumbs_Charlier_DSC3872%20%2872dpi%29.jpg\" alt=\"Charlier_DSC3872 (72dpi)\" width=\"100\" height=\"75\" \/> <\/a><a class=\"shutterset_set_383\" title=\" \" rel=\"lightbox dia=1\" href=\"http:\/\/nl.motocrossmag.be\/wp-content\/gallery\/qatarfri_14_bavo\/Coldenhoff_DSC3864%20%2872dpi%29.jpg\"><img decoding=\"async\" title=\"Coldenhoff_DSC3864 (72dpi)\" src=\"http:\/\/nl.motocrossmag.be\/wp-content\/gallery\/qatarfri_14_bavo\/thumbs\/thumbs_Coldenhoff_DSC3864%20%2872dpi%29.jpg\" alt=\"Coldenhoff_DSC3864 (72dpi)\" width=\"100\" height=\"75\" \/> <\/a><a class=\"shutterset_set_383\" title=\" \" rel=\"lightbox dia=1\" href=\"http:\/\/nl.motocrossmag.be\/wp-content\/gallery\/qatarfri_14_bavo\/Coldenhoff_DSC4242%20%2872dpi%29.jpg\"><img decoding=\"async\" title=\"Coldenhoff_DSC4242 (72dpi)\" src=\"http:\/\/nl.motocrossmag.be\/wp-content\/gallery\/qatarfri_14_bavo\/thumbs\/thumbs_Coldenhoff_DSC4242%20%2872dpi%29.jpg\" alt=\"Coldenhoff_DSC4242 (72dpi)\" width=\"100\" height=\"75\" \/> <\/a><a class=\"shutterset_set_383\" title=\" \" rel=\"lightbox dia=1\" href=\"http:\/\/nl.motocrossmag.be\/wp-content\/gallery\/qatarfri_14_bavo\/Desalle_Charlier_DSC4026%20%2872dpi%29.jpg\"><img decoding=\"async\" title=\"Desalle_Charlier_DSC4026 (72dpi)\" src=\"http:\/\/nl.motocrossmag.be\/wp-content\/gallery\/qatarfri_14_bavo\/thumbs\/thumbs_Desalle_Charlier_DSC4026%20%2872dpi%29.jpg\" alt=\"Desalle_Charlier_DSC4026 (72dpi)\" width=\"100\" height=\"75\" \/> <\/a><a class=\"shutterset_set_383\" title=\" \" rel=\"lightbox dia=1\" href=\"http:\/\/nl.motocrossmag.be\/wp-content\/gallery\/qatarfri_14_bavo\/Desalle_DSC3943%20%2872dpi%29.jpg\"><img decoding=\"async\" title=\"Desalle_DSC3943 (72dpi)\" src=\"http:\/\/nl.motocrossmag.be\/wp-content\/gallery\/qatarfri_14_bavo\/thumbs\/thumbs_Desalle_DSC3943%20%2872dpi%29.jpg\" alt=\"Desalle_DSC3943 (72dpi)\" width=\"100\" height=\"75\" \/> <\/a><a class=\"shutterset_set_383\" title=\" \" rel=\"lightbox dia=1\" href=\"http:\/\/nl.motocrossmag.be\/wp-content\/gallery\/qatarfri_14_bavo\/Desalle_DSC4055%20%2872dpi%29.jpg\"><img decoding=\"async\" title=\"Desalle_DSC4055 (72dpi)\" src=\"http:\/\/nl.motocrossmag.be\/wp-content\/gallery\/qatarfri_14_bavo\/thumbs\/thumbs_Desalle_DSC4055%20%2872dpi%29.jpg\" alt=\"Desalle_DSC4055 (72dpi)\" width=\"100\" height=\"75\" \/> <\/a><a class=\"shutterset_set_383\" title=\" \" rel=\"lightbox dia=1\" href=\"http:\/\/nl.motocrossmag.be\/wp-content\/gallery\/qatarfri_14_bavo\/Doha_DSC3910%20%2872dpi%29.jpg\"><img decoding=\"async\" title=\"Doha_DSC3910 (72dpi)\" src=\"http:\/\/nl.motocrossmag.be\/wp-content\/gallery\/qatarfri_14_bavo\/thumbs\/thumbs_Doha_DSC3910%20%2872dpi%29.jpg\" alt=\"Doha_DSC3910 (72dpi)\" width=\"100\" height=\"75\" \/> <\/a><a class=\"shutterset_set_383\" title=\" \" rel=\"lightbox dia=1\" href=\"http:\/\/nl.motocrossmag.be\/wp-content\/gallery\/qatarfri_14_bavo\/Fontanesi_DSC3934%20%2872dpi%29.jpg\"><img decoding=\"async\" title=\"Fontanesi_DSC3934 (72dpi)\" src=\"http:\/\/nl.motocrossmag.be\/wp-content\/gallery\/qatarfri_14_bavo\/thumbs\/thumbs_Fontanesi_DSC3934%20%2872dpi%29.jpg\" alt=\"Fontanesi_DSC3934 (72dpi)\" width=\"100\" height=\"75\" \/> <\/a><a class=\"shutterset_set_383\" title=\" \" rel=\"lightbox dia=1\" href=\"http:\/\/nl.motocrossmag.be\/wp-content\/gallery\/qatarfri_14_bavo\/Gariboldi_DSC3861%20%2872dpi%29.jpg\"><img decoding=\"async\" title=\"Gariboldi_DSC3861 (72dpi)\" src=\"http:\/\/nl.motocrossmag.be\/wp-content\/gallery\/qatarfri_14_bavo\/thumbs\/thumbs_Gariboldi_DSC3861%20%2872dpi%29.jpg\" alt=\"Gariboldi_DSC3861 (72dpi)\" width=\"100\" height=\"75\" \/> <\/a><a class=\"shutterset_set_383\" title=\" \" rel=\"lightbox dia=1\" href=\"http:\/\/nl.motocrossmag.be\/wp-content\/gallery\/qatarfri_14_bavo\/Herlings_DSC3953%20%2872dpi%29.jpg\"><img decoding=\"async\" title=\"Herlings_DSC3953 (72dpi)\" src=\"http:\/\/nl.motocrossmag.be\/wp-content\/gallery\/qatarfri_14_bavo\/thumbs\/thumbs_Herlings_DSC3953%20%2872dpi%29.jpg\" alt=\"Herlings_DSC3953 (72dpi)\" width=\"100\" height=\"75\" \/> <\/a><a class=\"shutterset_set_383\" title=\" \" rel=\"lightbox dia=1\" href=\"http:\/\/nl.motocrossmag.be\/wp-content\/gallery\/qatarfri_14_bavo\/Honda_DSC4186%20%2872dpi%29.jpg\"><img decoding=\"async\" title=\"Honda_DSC4186 (72dpi)\" src=\"http:\/\/nl.motocrossmag.be\/wp-content\/gallery\/qatarfri_14_bavo\/thumbs\/thumbs_Honda_DSC4186%20%2872dpi%29.jpg\" alt=\"Honda_DSC4186 (72dpi)\" width=\"100\" height=\"75\" \/> <\/a><a class=\"shutterset_set_383\" title=\" \" rel=\"lightbox dia=1\" href=\"http:\/\/nl.motocrossmag.be\/wp-content\/gallery\/qatarfri_14_bavo\/Ice%20One_DSC3904%20%2872dpi%29.jpg\"><img decoding=\"async\" title=\"Ice One_DSC3904 (72dpi)\" src=\"http:\/\/nl.motocrossmag.be\/wp-content\/gallery\/qatarfri_14_bavo\/thumbs\/thumbs_Ice%20One_DSC3904%20%2872dpi%29.jpg\" alt=\"Ice One_DSC3904 (72dpi)\" width=\"100\" height=\"75\" \/> <\/a><a class=\"shutterset_set_383\" title=\" \" rel=\"lightbox dia=1\" href=\"http:\/\/nl.motocrossmag.be\/wp-content\/gallery\/qatarfri_14_bavo\/Ice%20One_DSC4160%20%2872dpi%29.jpg\"><img decoding=\"async\" title=\"Ice One_DSC4160 (72dpi)\" src=\"http:\/\/nl.motocrossmag.be\/wp-content\/gallery\/qatarfri_14_bavo\/thumbs\/thumbs_Ice%20One_DSC4160%20%2872dpi%29.jpg\" alt=\"Ice One_DSC4160 (72dpi)\" width=\"100\" height=\"75\" \/> <\/a><a class=\"shutterset_set_383\" title=\" \" rel=\"lightbox dia=1\" href=\"http:\/\/nl.motocrossmag.be\/wp-content\/gallery\/qatarfri_14_bavo\/Ice%20One_DSC4165%20%2872dpi%29.jpg\"><img decoding=\"async\" title=\"Ice One_DSC4165 (72dpi)\" src=\"http:\/\/nl.motocrossmag.be\/wp-content\/gallery\/qatarfri_14_bavo\/thumbs\/thumbs_Ice%20One_DSC4165%20%2872dpi%29.jpg\" alt=\"Ice One_DSC4165 (72dpi)\" width=\"100\" height=\"75\" \/> <\/a><a class=\"shutterset_set_383\" title=\" \" rel=\"lightbox dia=1\" href=\"http:\/\/nl.motocrossmag.be\/wp-content\/gallery\/qatarfri_14_bavo\/JM_DSC3885%20%2872dpi%29.jpg\"><img decoding=\"async\" title=\"JM_DSC3885 (72dpi)\" src=\"http:\/\/nl.motocrossmag.be\/wp-content\/gallery\/qatarfri_14_bavo\/thumbs\/thumbs_JM_DSC3885%20%2872dpi%29.jpg\" alt=\"JM_DSC3885 (72dpi)\" width=\"100\" height=\"75\" \/> <\/a><a class=\"shutterset_set_383\" title=\" \" rel=\"lightbox dia=1\" href=\"http:\/\/nl.motocrossmag.be\/wp-content\/gallery\/qatarfri_14_bavo\/JM_DSC3890%20%2872dpi%29.jpg\"><img decoding=\"async\" title=\"JM_DSC3890 (72dpi)\" src=\"http:\/\/nl.motocrossmag.be\/wp-content\/gallery\/qatarfri_14_bavo\/thumbs\/thumbs_JM_DSC3890%20%2872dpi%29.jpg\" alt=\"JM_DSC3890 (72dpi)\" width=\"100\" height=\"75\" \/> <\/a><a class=\"shutterset_set_383\" title=\" \" rel=\"lightbox dia=1\" href=\"http:\/\/nl.motocrossmag.be\/wp-content\/gallery\/qatarfri_14_bavo\/JM_DSC3899%20%2872dpi%29.jpg\"><img decoding=\"async\" title=\"JM_DSC3899 (72dpi)\" src=\"http:\/\/nl.motocrossmag.be\/wp-content\/gallery\/qatarfri_14_bavo\/thumbs\/thumbs_JM_DSC3899%20%2872dpi%29.jpg\" alt=\"JM_DSC3899 (72dpi)\" width=\"100\" height=\"75\" \/> <\/a><a class=\"shutterset_set_383\" title=\" \" rel=\"lightbox dia=1\" href=\"http:\/\/nl.motocrossmag.be\/wp-content\/gallery\/qatarfri_14_bavo\/JM_DSC4162%20%2872dpi%29.jpg\"><img decoding=\"async\" title=\"JM_DSC4162 (72dpi)\" src=\"http:\/\/nl.motocrossmag.be\/wp-content\/gallery\/qatarfri_14_bavo\/thumbs\/thumbs_JM_DSC4162%20%2872dpi%29.jpg\" alt=\"JM_DSC4162 (72dpi)\" width=\"100\" height=\"75\" \/> <\/a><a class=\"shutterset_set_383\" title=\" \" rel=\"lightbox dia=1\" href=\"http:\/\/nl.motocrossmag.be\/wp-content\/gallery\/qatarfri_14_bavo\/Karro_DSC4135%20%2872dpi%29.jpg\"><img decoding=\"async\" title=\"Karro_DSC4135 (72dpi)\" src=\"http:\/\/nl.motocrossmag.be\/wp-content\/gallery\/qatarfri_14_bavo\/thumbs\/thumbs_Karro_DSC4135%20%2872dpi%29.jpg\" alt=\"Karro_DSC4135 (72dpi)\" width=\"100\" height=\"75\" \/> <\/a><a class=\"shutterset_set_383\" title=\" \" rel=\"lightbox dia=1\" href=\"http:\/\/nl.motocrossmag.be\/wp-content\/gallery\/qatarfri_14_bavo\/Karro_DSC4235%20%2872dpi%29.jpg\"><img decoding=\"async\" title=\"Karro_DSC4235 (72dpi)\" src=\"http:\/\/nl.motocrossmag.be\/wp-content\/gallery\/qatarfri_14_bavo\/thumbs\/thumbs_Karro_DSC4235%20%2872dpi%29.jpg\" alt=\"Karro_DSC4235 (72dpi)\" width=\"100\" height=\"75\" \/> <\/a><a class=\"shutterset_set_383\" title=\" \" rel=\"lightbox dia=1\" href=\"http:\/\/nl.motocrossmag.be\/wp-content\/gallery\/qatarfri_14_bavo\/Kemea_DSC4114%20%2872dpi%29.jpg\"><img decoding=\"async\" title=\"Kemea_DSC4114 (72dpi)\" src=\"http:\/\/nl.motocrossmag.be\/wp-content\/gallery\/qatarfri_14_bavo\/thumbs\/thumbs_Kemea_DSC4114%20%2872dpi%29.jpg\" alt=\"Kemea_DSC4114 (72dpi)\" width=\"100\" height=\"75\" \/> <\/a><a class=\"shutterset_set_383\" title=\" \" rel=\"lightbox dia=1\" href=\"http:\/\/nl.motocrossmag.be\/wp-content\/gallery\/qatarfri_14_bavo\/Kemea_DSC4125%20%2872dpi%29.jpg\"><img decoding=\"async\" title=\"Kemea_DSC4125 (72dpi)\" src=\"http:\/\/nl.motocrossmag.be\/wp-content\/gallery\/qatarfri_14_bavo\/thumbs\/thumbs_Kemea_DSC4125%20%2872dpi%29.jpg\" alt=\"Kemea_DSC4125 (72dpi)\" width=\"100\" height=\"75\" \/> <\/a><a class=\"shutterset_set_383\" title=\" \" rel=\"lightbox dia=1\" href=\"http:\/\/nl.motocrossmag.be\/wp-content\/gallery\/qatarfri_14_bavo\/Media%20trip_DSC3958%20%2872dpi%29.jpg\"><img decoding=\"async\" title=\"Media trip_DSC3958 (72dpi)\" src=\"http:\/\/nl.motocrossmag.be\/wp-content\/gallery\/qatarfri_14_bavo\/thumbs\/thumbs_Media%20trip_DSC3958%20%2872dpi%29.jpg\" alt=\"Media trip_DSC3958 (72dpi)\" width=\"100\" height=\"75\" \/> <\/a><a class=\"shutterset_set_383\" title=\" \" rel=\"lightbox dia=1\" href=\"http:\/\/nl.motocrossmag.be\/wp-content\/gallery\/qatarfri_14_bavo\/Prayer_DSC4176%20%2872dpi%29.jpg\"><img decoding=\"async\" title=\"Prayer_DSC4176 (72dpi)\" src=\"http:\/\/nl.motocrossmag.be\/wp-content\/gallery\/qatarfri_14_bavo\/thumbs\/thumbs_Prayer_DSC4176%20%2872dpi%29.jpg\" alt=\"Prayer_DSC4176 (72dpi)\" width=\"100\" height=\"75\" \/> <\/a><a class=\"shutterset_set_383\" title=\" \" rel=\"lightbox dia=1\" href=\"http:\/\/nl.motocrossmag.be\/wp-content\/gallery\/qatarfri_14_bavo\/Ratters_DSC4171%20%2872dpi%29.jpg\"><img decoding=\"async\" title=\"Ratters_DSC4171 (72dpi)\" src=\"http:\/\/nl.motocrossmag.be\/wp-content\/gallery\/qatarfri_14_bavo\/thumbs\/thumbs_Ratters_DSC4171%20%2872dpi%29.jpg\" alt=\"Ratters_DSC4171 (72dpi)\" width=\"100\" height=\"75\" \/> <\/a><a class=\"shutterset_set_383\" title=\" \" rel=\"lightbox dia=1\" href=\"http:\/\/nl.motocrossmag.be\/wp-content\/gallery\/qatarfri_14_bavo\/Roelants_DSC4133%20%2872dpi%29.jpg\"><img decoding=\"async\" title=\"Roelants_DSC4133 (72dpi)\" src=\"http:\/\/nl.motocrossmag.be\/wp-content\/gallery\/qatarfri_14_bavo\/thumbs\/thumbs_Roelants_DSC4133%20%2872dpi%29.jpg\" alt=\"Roelants_DSC4133 (72dpi)\" width=\"100\" height=\"75\" \/> <\/a><a class=\"shutterset_set_383\" title=\" \" rel=\"lightbox dia=1\" href=\"http:\/\/nl.motocrossmag.be\/wp-content\/gallery\/qatarfri_14_bavo\/Standing_DSC3892%20%2872dpi%29.jpg\"><img decoding=\"async\" title=\"Standing_DSC3892 (72dpi)\" src=\"http:\/\/nl.motocrossmag.be\/wp-content\/gallery\/qatarfri_14_bavo\/thumbs\/thumbs_Standing_DSC3892%20%2872dpi%29.jpg\" alt=\"Standing_DSC3892 (72dpi)\" width=\"100\" height=\"75\" \/> <\/a><a class=\"shutterset_set_383\" title=\" \" rel=\"lightbox dia=1\" href=\"http:\/\/nl.motocrossmag.be\/wp-content\/gallery\/qatarfri_14_bavo\/Standing_DSC4153%20%2872dpi%29.jpg\"><img decoding=\"async\" title=\"Standing_DSC4153 (72dpi)\" src=\"http:\/\/nl.motocrossmag.be\/wp-content\/gallery\/qatarfri_14_bavo\/thumbs\/thumbs_Standing_DSC4153%20%2872dpi%29.jpg\" alt=\"Standing_DSC4153 (72dpi)\" width=\"100\" height=\"75\" \/> <\/a><a class=\"shutterset_set_383\" title=\" \" rel=\"lightbox dia=1\" href=\"http:\/\/nl.motocrossmag.be\/wp-content\/gallery\/qatarfri_14_bavo\/Standing_DSC4201%20%2872dpi%29.jpg\"><img decoding=\"async\" title=\"Standing_DSC4201 (72dpi)\" src=\"http:\/\/nl.motocrossmag.be\/wp-content\/gallery\/qatarfri_14_bavo\/thumbs\/thumbs_Standing_DSC4201%20%2872dpi%29.jpg\" alt=\"Standing_DSC4201 (72dpi)\" width=\"100\" height=\"75\" \/> <\/a><a class=\"shutterset_set_383\" title=\" \" rel=\"lightbox dia=1\" href=\"http:\/\/nl.motocrossmag.be\/wp-content\/gallery\/qatarfri_14_bavo\/TM_DSC3908%20%2872dpi%29.jpg\"><img decoding=\"async\" title=\"TM_DSC3908 (72dpi)\" src=\"http:\/\/nl.motocrossmag.be\/wp-content\/gallery\/qatarfri_14_bavo\/thumbs\/thumbs_TM_DSC3908%20%2872dpi%29.jpg\" alt=\"TM_DSC3908 (72dpi)\" width=\"100\" height=\"75\" \/> <\/a><a class=\"shutterset_set_383\" title=\" \" rel=\"lightbox dia=1\" href=\"http:\/\/nl.motocrossmag.be\/wp-content\/gallery\/qatarfri_14_bavo\/Tech%20Spec_DSC4178%20%2872dpi%29.jpg\"><img decoding=\"async\" title=\"Tech Spec_DSC4178 (72dpi)\" src=\"http:\/\/nl.motocrossmag.be\/wp-content\/gallery\/qatarfri_14_bavo\/thumbs\/thumbs_Tech%20Spec_DSC4178%20%2872dpi%29.jpg\" alt=\"Tech Spec_DSC4178 (72dpi)\" width=\"100\" height=\"75\" \/> <\/a><a class=\"shutterset_set_383\" title=\" \" rel=\"lightbox dia=1\" href=\"http:\/\/nl.motocrossmag.be\/wp-content\/gallery\/qatarfri_14_bavo\/The%20ladies_DSC4195%20%2872dpi%29.jpg\"><img decoding=\"async\" title=\"The ladies_DSC4195 (72dpi)\" src=\"http:\/\/nl.motocrossmag.be\/wp-content\/gallery\/qatarfri_14_bavo\/thumbs\/thumbs_The%20ladies_DSC4195%20%2872dpi%29.jpg\" alt=\"The ladies_DSC4195 (72dpi)\" width=\"100\" height=\"75\" \/> <\/a><a class=\"shutterset_set_383\" title=\" \" rel=\"lightbox dia=1\" href=\"http:\/\/nl.motocrossmag.be\/wp-content\/gallery\/qatarfri_14_bavo\/Track_DSC4218%20%2872dpi%29.jpg\"><img decoding=\"async\" title=\"Track_DSC4218 (72dpi)\" src=\"http:\/\/nl.motocrossmag.be\/wp-content\/gallery\/qatarfri_14_bavo\/thumbs\/thumbs_Track_DSC4218%20%2872dpi%29.jpg\" alt=\"Track_DSC4218 (72dpi)\" width=\"100\" height=\"75\" \/> <\/a><a class=\"shutterset_set_383\" title=\" \" rel=\"lightbox dia=1\" href=\"http:\/\/nl.motocrossmag.be\/wp-content\/gallery\/qatarfri_14_bavo\/Track_DSC4228%20%2872dpi%29.jpg\"><img decoding=\"async\" title=\"Track_DSC4228 (72dpi)\" src=\"http:\/\/nl.motocrossmag.be\/wp-content\/gallery\/qatarfri_14_bavo\/thumbs\/thumbs_Track_DSC4228%20%2872dpi%29.jpg\" alt=\"Track_DSC4228 (72dpi)\" width=\"100\" height=\"75\" \/> <\/a><a class=\"shutterset_set_383\" title=\" \" rel=\"lightbox dia=1\" href=\"http:\/\/nl.motocrossmag.be\/wp-content\/gallery\/qatarfri_14_bavo\/Van%20Horebeek_DSC3877%20%2872dpi%29.jpg\"><img decoding=\"async\" title=\"Van Horebeek_DSC3877 (72dpi)\" src=\"http:\/\/nl.motocrossmag.be\/wp-content\/gallery\/qatarfri_14_bavo\/thumbs\/thumbs_Van%20Horebeek_DSC3877%20%2872dpi%29.jpg\" alt=\"Van Horebeek_DSC3877 (72dpi)\" width=\"100\" height=\"75\" \/> <\/a><a class=\"shutterset_set_383\" title=\" \" rel=\"lightbox dia=1\" href=\"http:\/\/nl.motocrossmag.be\/wp-content\/gallery\/qatarfri_14_bavo\/Waters_DSC4052%20%2872dpi%29.jpg\"><img decoding=\"async\" title=\"Waters_DSC4052 (72dpi)\" src=\"http:\/\/nl.motocrossmag.be\/wp-content\/gallery\/qatarfri_14_bavo\/thumbs\/thumbs_Waters_DSC4052%20%2872dpi%29.jpg\" alt=\"Waters_DSC4052 (72dpi)\" width=\"100\" height=\"75\" \/> <\/a><\/p>\n","protected":false},"excerpt":{"rendered":"<p>Les choses se pr\u00e9cisent. D&rsquo;ici quelques heures \u00e0\u00a0 peine, les pilotes du championnat MXGP prendront possession de la piste de Losail, au Qatar, pour les premi\u00e8res s\u00e9ances d&rsquo;essai du premier GP de la saison 2014. En attendant, les pilotes ont profit\u00e9 de la journ\u00e9e du jeudi pour d\u00e9couvrir les environs de Losail tandis que les [&hellip;]<\/p>\n","protected":false},"author":932,"featured_media":0,"comment_status":"open","ping_status":"closed","sticky":false,"template":"","format":"standard","meta":{"tdm_status":"","tdm_grid_status":"","footnotes":""},"categories":[66,65],"tags":[],"class_list":["post-20627","post","type-post","status-publish","format-standard","category-photos","category-slideshow"],"yoast_head":"<!-- This site is optimized with the Yoast SEO plugin v28.3 - https:\/\/yoast.com\/product\/yoast-seo-wordpress\/ -->\n<title>Galerie photos | Photos: les premi\u00e8res images du GP du Qatar - Motocross - Enduro - Supermoto | MotocrossMag<\/title>\n<meta name=\"robots\" content=\"index, follow, max-snippet:-1, max-image-preview:large, max-video-preview:-1\" \/>\n<link rel=\"canonical\" href=\"https:\/\/fr.motocrossmag.be\/index.php\/2014\/02\/galerie-photos-photos-les-premieres-images-du-gp-du-qatar\/\" \/>\n<meta property=\"og:locale\" content=\"fr_FR\" \/>\n<meta property=\"og:type\" content=\"article\" \/>\n<meta property=\"og:title\" content=\"Galerie photos | Photos: les premi\u00e8res images du GP du Qatar - Motocross - Enduro - Supermoto | MotocrossMag\" \/>\n<meta property=\"og:description\" content=\"Les choses se pr\u00e9cisent. D&rsquo;ici quelques heures \u00e0\u00a0 peine, les pilotes du championnat MXGP prendront possession de la piste de Losail, au Qatar, pour les premi\u00e8res s\u00e9ances d&rsquo;essai du premier GP de la saison 2014. En attendant, les pilotes ont profit\u00e9 de la journ\u00e9e du jeudi pour d\u00e9couvrir les environs de Losail tandis que les [&hellip;]\" \/>\n<meta property=\"og:url\" content=\"https:\/\/fr.motocrossmag.be\/index.php\/2014\/02\/galerie-photos-photos-les-premieres-images-du-gp-du-qatar\/\" \/>\n<meta property=\"og:site_name\" content=\"Motocross - Enduro - Supermoto | MotocrossMag\" \/>\n<meta property=\"article:published_time\" content=\"2014-02-27T23:15:49+00:00\" \/>\n<meta property=\"og:image\" content=\"http:\/\/nl.motocrossmag.be\/wp-content\/gallery\/qatarfri_14_bavo\/thumbs\/thumbs_Acerbis_DSC3882%20%2872dpi%29.jpg\" \/>\n<meta name=\"author\" content=\"oliviere\" \/>\n<meta name=\"twitter:card\" content=\"summary_large_image\" \/>\n<meta name=\"twitter:label1\" content=\"\u00c9crit par\" \/>\n\t<meta name=\"twitter:data1\" content=\"oliviere\" \/>\n<script type=\"application\/ld+json\" class=\"yoast-schema-graph\">{\"@context\":\"https:\\\/\\\/schema.org\",\"@graph\":[{\"@type\":\"Article\",\"@id\":\"https:\\\/\\\/fr.motocrossmag.be\\\/index.php\\\/2014\\\/02\\\/galerie-photos-photos-les-premieres-images-du-gp-du-qatar\\\/#article\",\"isPartOf\":{\"@id\":\"https:\\\/\\\/fr.motocrossmag.be\\\/index.php\\\/2014\\\/02\\\/galerie-photos-photos-les-premieres-images-du-gp-du-qatar\\\/\"},\"author\":{\"name\":\"oliviere\",\"@id\":\"https:\\\/\\\/fr.motocrossmag.be\\\/#\\\/schema\\\/person\\\/11b47143d9f755babca2c9110e03235c\"},\"headline\":\"Galerie photos | Photos: les premi\u00e8res images du GP du Qatar\",\"datePublished\":\"2014-02-27T23:15:49+00:00\",\"mainEntityOfPage\":{\"@id\":\"https:\\\/\\\/fr.motocrossmag.be\\\/index.php\\\/2014\\\/02\\\/galerie-photos-photos-les-premieres-images-du-gp-du-qatar\\\/\"},\"wordCount\":90,\"commentCount\":0,\"image\":{\"@id\":\"https:\\\/\\\/fr.motocrossmag.be\\\/index.php\\\/2014\\\/02\\\/galerie-photos-photos-les-premieres-images-du-gp-du-qatar\\\/#primaryimage\"},\"thumbnailUrl\":\"http:\\\/\\\/nl.motocrossmag.be\\\/wp-content\\\/gallery\\\/qatarfri_14_bavo\\\/thumbs\\\/thumbs_Acerbis_DSC3882%20%2872dpi%29.jpg\",\"articleSection\":[\"Photos\",\"Slideshow\"],\"inLanguage\":\"fr-FR\",\"potentialAction\":[{\"@type\":\"CommentAction\",\"name\":\"Comment\",\"target\":[\"https:\\\/\\\/fr.motocrossmag.be\\\/index.php\\\/2014\\\/02\\\/galerie-photos-photos-les-premieres-images-du-gp-du-qatar\\\/#respond\"]}]},{\"@type\":\"WebPage\",\"@id\":\"https:\\\/\\\/fr.motocrossmag.be\\\/index.php\\\/2014\\\/02\\\/galerie-photos-photos-les-premieres-images-du-gp-du-qatar\\\/\",\"url\":\"https:\\\/\\\/fr.motocrossmag.be\\\/index.php\\\/2014\\\/02\\\/galerie-photos-photos-les-premieres-images-du-gp-du-qatar\\\/\",\"name\":\"Galerie photos | Photos: les premi\u00e8res images du GP du Qatar - Motocross - Enduro - Supermoto | MotocrossMag\",\"isPartOf\":{\"@id\":\"https:\\\/\\\/fr.motocrossmag.be\\\/#website\"},\"primaryImageOfPage\":{\"@id\":\"https:\\\/\\\/fr.motocrossmag.be\\\/index.php\\\/2014\\\/02\\\/galerie-photos-photos-les-premieres-images-du-gp-du-qatar\\\/#primaryimage\"},\"image\":{\"@id\":\"https:\\\/\\\/fr.motocrossmag.be\\\/index.php\\\/2014\\\/02\\\/galerie-photos-photos-les-premieres-images-du-gp-du-qatar\\\/#primaryimage\"},\"thumbnailUrl\":\"http:\\\/\\\/nl.motocrossmag.be\\\/wp-content\\\/gallery\\\/qatarfri_14_bavo\\\/thumbs\\\/thumbs_Acerbis_DSC3882%20%2872dpi%29.jpg\",\"datePublished\":\"2014-02-27T23:15:49+00:00\",\"author\":{\"@id\":\"https:\\\/\\\/fr.motocrossmag.be\\\/#\\\/schema\\\/person\\\/11b47143d9f755babca2c9110e03235c\"},\"breadcrumb\":{\"@id\":\"https:\\\/\\\/fr.motocrossmag.be\\\/index.php\\\/2014\\\/02\\\/galerie-photos-photos-les-premieres-images-du-gp-du-qatar\\\/#breadcrumb\"},\"inLanguage\":\"fr-FR\",\"potentialAction\":[{\"@type\":\"ReadAction\",\"target\":[\"https:\\\/\\\/fr.motocrossmag.be\\\/index.php\\\/2014\\\/02\\\/galerie-photos-photos-les-premieres-images-du-gp-du-qatar\\\/\"]}]},{\"@type\":\"ImageObject\",\"inLanguage\":\"fr-FR\",\"@id\":\"https:\\\/\\\/fr.motocrossmag.be\\\/index.php\\\/2014\\\/02\\\/galerie-photos-photos-les-premieres-images-du-gp-du-qatar\\\/#primaryimage\",\"url\":\"http:\\\/\\\/nl.motocrossmag.be\\\/wp-content\\\/gallery\\\/qatarfri_14_bavo\\\/thumbs\\\/thumbs_Acerbis_DSC3882%20%2872dpi%29.jpg\",\"contentUrl\":\"http:\\\/\\\/nl.motocrossmag.be\\\/wp-content\\\/gallery\\\/qatarfri_14_bavo\\\/thumbs\\\/thumbs_Acerbis_DSC3882%20%2872dpi%29.jpg\"},{\"@type\":\"BreadcrumbList\",\"@id\":\"https:\\\/\\\/fr.motocrossmag.be\\\/index.php\\\/2014\\\/02\\\/galerie-photos-photos-les-premieres-images-du-gp-du-qatar\\\/#breadcrumb\",\"itemListElement\":[{\"@type\":\"ListItem\",\"position\":1,\"name\":\"Accueil\",\"item\":\"https:\\\/\\\/fr.motocrossmag.be\\\/\"},{\"@type\":\"ListItem\",\"position\":2,\"name\":\"Galerie photos | Photos: les premi\u00e8res images du GP du Qatar\"}]},{\"@type\":\"WebSite\",\"@id\":\"https:\\\/\\\/fr.motocrossmag.be\\\/#website\",\"url\":\"https:\\\/\\\/fr.motocrossmag.be\\\/\",\"name\":\"Motocross - Enduro - Supermoto | MotocrossMag\",\"description\":\"L&#039;actualit\u00e9 du motocross, de l&#039;enduro et du Supermoto en ligne!\",\"potentialAction\":[{\"@type\":\"SearchAction\",\"target\":{\"@type\":\"EntryPoint\",\"urlTemplate\":\"https:\\\/\\\/fr.motocrossmag.be\\\/?s={search_term_string}\"},\"query-input\":{\"@type\":\"PropertyValueSpecification\",\"valueRequired\":true,\"valueName\":\"search_term_string\"}}],\"inLanguage\":\"fr-FR\"},{\"@type\":\"Person\",\"@id\":\"https:\\\/\\\/fr.motocrossmag.be\\\/#\\\/schema\\\/person\\\/11b47143d9f755babca2c9110e03235c\",\"name\":\"oliviere\",\"image\":{\"@type\":\"ImageObject\",\"inLanguage\":\"fr-FR\",\"@id\":\"https:\\\/\\\/secure.gravatar.com\\\/avatar\\\/907069e0b81d119452040469e4a7501da1100f54f7f80180ce77bfab718288f6?s=96&d=mm&r=g\",\"url\":\"https:\\\/\\\/secure.gravatar.com\\\/avatar\\\/907069e0b81d119452040469e4a7501da1100f54f7f80180ce77bfab718288f6?s=96&d=mm&r=g\",\"contentUrl\":\"https:\\\/\\\/secure.gravatar.com\\\/avatar\\\/907069e0b81d119452040469e4a7501da1100f54f7f80180ce77bfab718288f6?s=96&d=mm&r=g\",\"caption\":\"oliviere\"},\"sameAs\":[\"http:\\\/\\\/www.motocrossmag.be\"],\"url\":\"https:\\\/\\\/fr.motocrossmag.be\\\/index.php\\\/author\\\/oliviere\\\/\"}]}<\/script>\n<!-- \/ Yoast SEO plugin. -->","yoast_head_json":{"title":"Galerie photos | Photos: les premi\u00e8res images du GP du Qatar - Motocross - Enduro - Supermoto | MotocrossMag","robots":{"index":"index","follow":"follow","max-snippet":"max-snippet:-1","max-image-preview":"max-image-preview:large","max-video-preview":"max-video-preview:-1"},"canonical":"https:\/\/fr.motocrossmag.be\/index.php\/2014\/02\/galerie-photos-photos-les-premieres-images-du-gp-du-qatar\/","og_locale":"fr_FR","og_type":"article","og_title":"Galerie photos | Photos: les premi\u00e8res images du GP du Qatar - Motocross - Enduro - Supermoto | MotocrossMag","og_description":"Les choses se pr\u00e9cisent. D&rsquo;ici quelques heures \u00e0\u00a0 peine, les pilotes du championnat MXGP prendront possession de la piste de Losail, au Qatar, pour les premi\u00e8res s\u00e9ances d&rsquo;essai du premier GP de la saison 2014. En attendant, les pilotes ont profit\u00e9 de la journ\u00e9e du jeudi pour d\u00e9couvrir les environs de Losail tandis que les [&hellip;]","og_url":"https:\/\/fr.motocrossmag.be\/index.php\/2014\/02\/galerie-photos-photos-les-premieres-images-du-gp-du-qatar\/","og_site_name":"Motocross - Enduro - Supermoto | MotocrossMag","article_published_time":"2014-02-27T23:15:49+00:00","og_image":[{"url":"http:\/\/nl.motocrossmag.be\/wp-content\/gallery\/qatarfri_14_bavo\/thumbs\/thumbs_Acerbis_DSC3882%20%2872dpi%29.jpg","type":"","width":"","height":""}],"author":"oliviere","twitter_card":"summary_large_image","twitter_misc":{"\u00c9crit par":"oliviere"},"schema":{"@context":"https:\/\/schema.org","@graph":[{"@type":"Article","@id":"https:\/\/fr.motocrossmag.be\/index.php\/2014\/02\/galerie-photos-photos-les-premieres-images-du-gp-du-qatar\/#article","isPartOf":{"@id":"https:\/\/fr.motocrossmag.be\/index.php\/2014\/02\/galerie-photos-photos-les-premieres-images-du-gp-du-qatar\/"},"author":{"name":"oliviere","@id":"https:\/\/fr.motocrossmag.be\/#\/schema\/person\/11b47143d9f755babca2c9110e03235c"},"headline":"Galerie photos | Photos: les premi\u00e8res images du GP du Qatar","datePublished":"2014-02-27T23:15:49+00:00","mainEntityOfPage":{"@id":"https:\/\/fr.motocrossmag.be\/index.php\/2014\/02\/galerie-photos-photos-les-premieres-images-du-gp-du-qatar\/"},"wordCount":90,"commentCount":0,"image":{"@id":"https:\/\/fr.motocrossmag.be\/index.php\/2014\/02\/galerie-photos-photos-les-premieres-images-du-gp-du-qatar\/#primaryimage"},"thumbnailUrl":"http:\/\/nl.motocrossmag.be\/wp-content\/gallery\/qatarfri_14_bavo\/thumbs\/thumbs_Acerbis_DSC3882%20%2872dpi%29.jpg","articleSection":["Photos","Slideshow"],"inLanguage":"fr-FR","potentialAction":[{"@type":"CommentAction","name":"Comment","target":["https:\/\/fr.motocrossmag.be\/index.php\/2014\/02\/galerie-photos-photos-les-premieres-images-du-gp-du-qatar\/#respond"]}]},{"@type":"WebPage","@id":"https:\/\/fr.motocrossmag.be\/index.php\/2014\/02\/galerie-photos-photos-les-premieres-images-du-gp-du-qatar\/","url":"https:\/\/fr.motocrossmag.be\/index.php\/2014\/02\/galerie-photos-photos-les-premieres-images-du-gp-du-qatar\/","name":"Galerie photos | Photos: les premi\u00e8res images du GP du Qatar - Motocross - Enduro - Supermoto | MotocrossMag","isPartOf":{"@id":"https:\/\/fr.motocrossmag.be\/#website"},"primaryImageOfPage":{"@id":"https:\/\/fr.motocrossmag.be\/index.php\/2014\/02\/galerie-photos-photos-les-premieres-images-du-gp-du-qatar\/#primaryimage"},"image":{"@id":"https:\/\/fr.motocrossmag.be\/index.php\/2014\/02\/galerie-photos-photos-les-premieres-images-du-gp-du-qatar\/#primaryimage"},"thumbnailUrl":"http:\/\/nl.motocrossmag.be\/wp-content\/gallery\/qatarfri_14_bavo\/thumbs\/thumbs_Acerbis_DSC3882%20%2872dpi%29.jpg","datePublished":"2014-02-27T23:15:49+00:00","author":{"@id":"https:\/\/fr.motocrossmag.be\/#\/schema\/person\/11b47143d9f755babca2c9110e03235c"},"breadcrumb":{"@id":"https:\/\/fr.motocrossmag.be\/index.php\/2014\/02\/galerie-photos-photos-les-premieres-images-du-gp-du-qatar\/#breadcrumb"},"inLanguage":"fr-FR","potentialAction":[{"@type":"ReadAction","target":["https:\/\/fr.motocrossmag.be\/index.php\/2014\/02\/galerie-photos-photos-les-premieres-images-du-gp-du-qatar\/"]}]},{"@type":"ImageObject","inLanguage":"fr-FR","@id":"https:\/\/fr.motocrossmag.be\/index.php\/2014\/02\/galerie-photos-photos-les-premieres-images-du-gp-du-qatar\/#primaryimage","url":"http:\/\/nl.motocrossmag.be\/wp-content\/gallery\/qatarfri_14_bavo\/thumbs\/thumbs_Acerbis_DSC3882%20%2872dpi%29.jpg","contentUrl":"http:\/\/nl.motocrossmag.be\/wp-content\/gallery\/qatarfri_14_bavo\/thumbs\/thumbs_Acerbis_DSC3882%20%2872dpi%29.jpg"},{"@type":"BreadcrumbList","@id":"https:\/\/fr.motocrossmag.be\/index.php\/2014\/02\/galerie-photos-photos-les-premieres-images-du-gp-du-qatar\/#breadcrumb","itemListElement":[{"@type":"ListItem","position":1,"name":"Accueil","item":"https:\/\/fr.motocrossmag.be\/"},{"@type":"ListItem","position":2,"name":"Galerie photos | Photos: les premi\u00e8res images du GP du Qatar"}]},{"@type":"WebSite","@id":"https:\/\/fr.motocrossmag.be\/#website","url":"https:\/\/fr.motocrossmag.be\/","name":"Motocross - Enduro - Supermoto | MotocrossMag","description":"L&#039;actualit\u00e9 du motocross, de l&#039;enduro et du Supermoto en ligne!","potentialAction":[{"@type":"SearchAction","target":{"@type":"EntryPoint","urlTemplate":"https:\/\/fr.motocrossmag.be\/?s={search_term_string}"},"query-input":{"@type":"PropertyValueSpecification","valueRequired":true,"valueName":"search_term_string"}}],"inLanguage":"fr-FR"},{"@type":"Person","@id":"https:\/\/fr.motocrossmag.be\/#\/schema\/person\/11b47143d9f755babca2c9110e03235c","name":"oliviere","image":{"@type":"ImageObject","inLanguage":"fr-FR","@id":"https:\/\/secure.gravatar.com\/avatar\/907069e0b81d119452040469e4a7501da1100f54f7f80180ce77bfab718288f6?s=96&d=mm&r=g","url":"https:\/\/secure.gravatar.com\/avatar\/907069e0b81d119452040469e4a7501da1100f54f7f80180ce77bfab718288f6?s=96&d=mm&r=g","contentUrl":"https:\/\/secure.gravatar.com\/avatar\/907069e0b81d119452040469e4a7501da1100f54f7f80180ce77bfab718288f6?s=96&d=mm&r=g","caption":"oliviere"},"sameAs":["http:\/\/www.motocrossmag.be"],"url":"https:\/\/fr.motocrossmag.be\/index.php\/author\/oliviere\/"}]}},"_links":{"self":[{"href":"https:\/\/fr.motocrossmag.be\/index.php\/wp-json\/wp\/v2\/posts\/20627","targetHints":{"allow":["GET"]}}],"collection":[{"href":"https:\/\/fr.motocrossmag.be\/index.php\/wp-json\/wp\/v2\/posts"}],"about":[{"href":"https:\/\/fr.motocrossmag.be\/index.php\/wp-json\/wp\/v2\/types\/post"}],"author":[{"embeddable":true,"href":"https:\/\/fr.motocrossmag.be\/index.php\/wp-json\/wp\/v2\/users\/932"}],"replies":[{"embeddable":true,"href":"https:\/\/fr.motocrossmag.be\/index.php\/wp-json\/wp\/v2\/comments?post=20627"}],"version-history":[{"count":0,"href":"https:\/\/fr.motocrossmag.be\/index.php\/wp-json\/wp\/v2\/posts\/20627\/revisions"}],"wp:attachment":[{"href":"https:\/\/fr.motocrossmag.be\/index.php\/wp-json\/wp\/v2\/media?parent=20627"}],"wp:term":[{"taxonomy":"category","embeddable":true,"href":"https:\/\/fr.motocrossmag.be\/index.php\/wp-json\/wp\/v2\/categories?post=20627"},{"taxonomy":"post_tag","embeddable":true,"href":"https:\/\/fr.motocrossmag.be\/index.php\/wp-json\/wp\/v2\/tags?post=20627"}],"curies":[{"name":"wp","href":"https:\/\/api.w.org\/{rel}","templated":true}]}}