{"id":21605,"date":"2014-04-07T22:17:12","date_gmt":"2014-04-07T20:17:12","guid":{"rendered":"http:\/\/fr.motocrossmag.be\/?p=21605"},"modified":"2014-04-07T22:37:48","modified_gmt":"2014-04-07T20:37:48","slug":"photos-les-belgian-masters-of-motocross-a-mons","status":"publish","type":"post","link":"https:\/\/fr.motocrossmag.be\/index.php\/2014\/04\/photos-les-belgian-masters-of-motocross-a-mons\/","title":{"rendered":"Photos: les Belgian Masters of Motocross \u00e0 Mons"},"content":{"rendered":"<p>Le premier round des Belgian Masters of Motocross disput\u00e9 ce dimanche sur le circuit du \u00ab\u00a0Bois br\u00fbl\u00e9\u00a0\u00bb \u00e0 Mons a tenu toutes ses promesses. Notamment gr\u00e2ce \u00e0 un J\u00e9r\u00e9my Van Horebeek au sommet de sa forme qui a impressionn\u00e9 le public montois en dominant outrageusement cette premi\u00e8re journ\u00e9e de championnat. En piste, seul Kevin Strijbos fut en mesure de donner la r\u00e9plique \u00e0 l&rsquo;officiel Yamaha. Retour en images sur une \u00e9preuve qui annonce un championnat de Belgique particuli\u00e8rement disput\u00e9 entre les 2 hommes !<\/p>\n<p>Photos: Frederick Van Eeckhoven &#8211; <a href=\"http:\/\/www.vepix.be\" target=\"_blank\">Vepix.be<\/a><\/p><div class=\"ubcmf6a9721ae4fc43\" ><!-- \/91277017\/Inline-articles-mobile -->\n<div style=\"margin:auto; text-align:center !important\">\n<div id='div-gpt-ad-1784982661365-0' style='min-width: 250px; min-height: 75px;'>\n  <script>\n    googletag.cmd.push(function() { googletag.display('div-gpt-ad-1784982661365-0'); });\n  <\/script>\n<\/div><\/div><\/div><style type=\"text\/css\">\r\n.ubcmf6a9721ae4fc43 {\r\nmargin-bottom:30px;margin-top:20px\r\n}\r\n@media screen and (min-width: 1201px) {\r\n.ubcmf6a9721ae4fc43 {\r\ndisplay: block;\r\n}\r\n}\r\n@media screen and (min-width: 993px) and (max-width: 1200px) {\r\n.ubcmf6a9721ae4fc43 {\r\ndisplay: block;\r\n}\r\n}\r\n@media screen and (min-width: 769px) and (max-width: 992px) {\r\n.ubcmf6a9721ae4fc43 {\r\ndisplay: block;\r\n}\r\n}\r\n@media screen and (min-width: 768px) and (max-width: 768px) {\r\n.ubcmf6a9721ae4fc43 {\r\ndisplay: block;\r\n}\r\n}\r\n@media screen and (max-width: 767px) {\r\n.ubcmf6a9721ae4fc43 {\r\ndisplay: block;\r\n}\r\n}\r\n<\/style>\r\n\n<p>&nbsp;<\/p>\n<div id='gallery-1' class='gallery galleryid-21605 gallery-columns-3 gallery-size-thumbnail'><figure class='gallery-item'>\n\t\t\t<div class='gallery-icon landscape'>\n\t\t\t\t<a href='https:\/\/fr.motocrossmag.be\/index.php\/2014\/04\/photos-les-belgian-masters-of-motocross-a-mons\/20140407bkmons001\/'><img decoding=\"async\" width=\"150\" height=\"150\" src=\"https:\/\/fr.motocrossmag.be\/wp-content\/uploads\/2014\/04\/20140407BKMons001-150x150.jpg\" class=\"attachment-thumbnail size-thumbnail\" alt=\"\" srcset=\"https:\/\/fr.motocrossmag.be\/wp-content\/uploads\/2014\/04\/20140407BKMons001-150x150.jpg 150w, https:\/\/fr.motocrossmag.be\/wp-content\/uploads\/2014\/04\/20140407BKMons001-50x50.jpg 50w\" sizes=\"(max-width: 150px) 100vw, 150px\" \/><\/a>\n\t\t\t<\/div><\/figure><figure class='gallery-item'>\n\t\t\t<div class='gallery-icon landscape'>\n\t\t\t\t<a href='https:\/\/fr.motocrossmag.be\/index.php\/2014\/04\/photos-les-belgian-masters-of-motocross-a-mons\/20140407bkmons002\/'><img decoding=\"async\" width=\"150\" height=\"150\" src=\"https:\/\/fr.motocrossmag.be\/wp-content\/uploads\/2014\/04\/20140407BKMons002-150x150.jpg\" class=\"attachment-thumbnail size-thumbnail\" alt=\"\" srcset=\"https:\/\/fr.motocrossmag.be\/wp-content\/uploads\/2014\/04\/20140407BKMons002-150x150.jpg 150w, https:\/\/fr.motocrossmag.be\/wp-content\/uploads\/2014\/04\/20140407BKMons002-50x50.jpg 50w\" sizes=\"(max-width: 150px) 100vw, 150px\" \/><\/a>\n\t\t\t<\/div><\/figure><figure class='gallery-item'>\n\t\t\t<div class='gallery-icon landscape'>\n\t\t\t\t<a href='https:\/\/fr.motocrossmag.be\/index.php\/2014\/04\/photos-les-belgian-masters-of-motocross-a-mons\/20140407bkmons003\/'><img decoding=\"async\" width=\"150\" height=\"150\" src=\"https:\/\/fr.motocrossmag.be\/wp-content\/uploads\/2014\/04\/20140407BKMons003-150x150.jpg\" class=\"attachment-thumbnail size-thumbnail\" alt=\"\" srcset=\"https:\/\/fr.motocrossmag.be\/wp-content\/uploads\/2014\/04\/20140407BKMons003-150x150.jpg 150w, https:\/\/fr.motocrossmag.be\/wp-content\/uploads\/2014\/04\/20140407BKMons003-50x50.jpg 50w\" sizes=\"(max-width: 150px) 100vw, 150px\" \/><\/a>\n\t\t\t<\/div><\/figure><figure class='gallery-item'>\n\t\t\t<div class='gallery-icon landscape'>\n\t\t\t\t<a href='https:\/\/fr.motocrossmag.be\/index.php\/2014\/04\/photos-les-belgian-masters-of-motocross-a-mons\/20140407bkmons004\/'><img decoding=\"async\" width=\"150\" height=\"150\" src=\"https:\/\/fr.motocrossmag.be\/wp-content\/uploads\/2014\/04\/20140407BKMons004-150x150.jpg\" class=\"attachment-thumbnail size-thumbnail\" alt=\"\" srcset=\"https:\/\/fr.motocrossmag.be\/wp-content\/uploads\/2014\/04\/20140407BKMons004-150x150.jpg 150w, https:\/\/fr.motocrossmag.be\/wp-content\/uploads\/2014\/04\/20140407BKMons004-50x50.jpg 50w\" sizes=\"(max-width: 150px) 100vw, 150px\" \/><\/a>\n\t\t\t<\/div><\/figure><figure class='gallery-item'>\n\t\t\t<div class='gallery-icon landscape'>\n\t\t\t\t<a href='https:\/\/fr.motocrossmag.be\/index.php\/2014\/04\/photos-les-belgian-masters-of-motocross-a-mons\/20140407bkmons005\/'><img decoding=\"async\" width=\"150\" height=\"150\" src=\"https:\/\/fr.motocrossmag.be\/wp-content\/uploads\/2014\/04\/20140407BKMons005-150x150.jpg\" class=\"attachment-thumbnail size-thumbnail\" alt=\"\" srcset=\"https:\/\/fr.motocrossmag.be\/wp-content\/uploads\/2014\/04\/20140407BKMons005-150x150.jpg 150w, https:\/\/fr.motocrossmag.be\/wp-content\/uploads\/2014\/04\/20140407BKMons005-50x50.jpg 50w\" sizes=\"(max-width: 150px) 100vw, 150px\" \/><\/a>\n\t\t\t<\/div><\/figure><figure class='gallery-item'>\n\t\t\t<div class='gallery-icon landscape'>\n\t\t\t\t<a href='https:\/\/fr.motocrossmag.be\/index.php\/2014\/04\/photos-les-belgian-masters-of-motocross-a-mons\/20140407bkmons006\/'><img decoding=\"async\" width=\"150\" height=\"150\" src=\"https:\/\/fr.motocrossmag.be\/wp-content\/uploads\/2014\/04\/20140407BKMons006-150x150.jpg\" class=\"attachment-thumbnail size-thumbnail\" alt=\"\" srcset=\"https:\/\/fr.motocrossmag.be\/wp-content\/uploads\/2014\/04\/20140407BKMons006-150x150.jpg 150w, https:\/\/fr.motocrossmag.be\/wp-content\/uploads\/2014\/04\/20140407BKMons006-50x50.jpg 50w\" sizes=\"(max-width: 150px) 100vw, 150px\" \/><\/a>\n\t\t\t<\/div><\/figure><figure class='gallery-item'>\n\t\t\t<div class='gallery-icon portrait'>\n\t\t\t\t<a href='https:\/\/fr.motocrossmag.be\/index.php\/2014\/04\/photos-les-belgian-masters-of-motocross-a-mons\/20140407bkmons007\/'><img decoding=\"async\" width=\"150\" height=\"150\" src=\"https:\/\/fr.motocrossmag.be\/wp-content\/uploads\/2014\/04\/20140407BKMons007-150x150.jpg\" class=\"attachment-thumbnail size-thumbnail\" alt=\"\" srcset=\"https:\/\/fr.motocrossmag.be\/wp-content\/uploads\/2014\/04\/20140407BKMons007-150x150.jpg 150w, https:\/\/fr.motocrossmag.be\/wp-content\/uploads\/2014\/04\/20140407BKMons007-50x50.jpg 50w\" sizes=\"(max-width: 150px) 100vw, 150px\" \/><\/a>\n\t\t\t<\/div><\/figure><figure class='gallery-item'>\n\t\t\t<div class='gallery-icon landscape'>\n\t\t\t\t<a href='https:\/\/fr.motocrossmag.be\/index.php\/2014\/04\/photos-les-belgian-masters-of-motocross-a-mons\/20140407bkmons008\/'><img decoding=\"async\" width=\"150\" height=\"150\" src=\"https:\/\/fr.motocrossmag.be\/wp-content\/uploads\/2014\/04\/20140407BKMons008-150x150.jpg\" class=\"attachment-thumbnail size-thumbnail\" alt=\"\" srcset=\"https:\/\/fr.motocrossmag.be\/wp-content\/uploads\/2014\/04\/20140407BKMons008-150x150.jpg 150w, https:\/\/fr.motocrossmag.be\/wp-content\/uploads\/2014\/04\/20140407BKMons008-50x50.jpg 50w\" sizes=\"(max-width: 150px) 100vw, 150px\" \/><\/a>\n\t\t\t<\/div><\/figure><figure class='gallery-item'>\n\t\t\t<div class='gallery-icon landscape'>\n\t\t\t\t<a href='https:\/\/fr.motocrossmag.be\/index.php\/2014\/04\/photos-les-belgian-masters-of-motocross-a-mons\/20140407bkmons009\/'><img decoding=\"async\" width=\"150\" height=\"150\" src=\"https:\/\/fr.motocrossmag.be\/wp-content\/uploads\/2014\/04\/20140407BKMons009-150x150.jpg\" class=\"attachment-thumbnail size-thumbnail\" alt=\"\" srcset=\"https:\/\/fr.motocrossmag.be\/wp-content\/uploads\/2014\/04\/20140407BKMons009-150x150.jpg 150w, https:\/\/fr.motocrossmag.be\/wp-content\/uploads\/2014\/04\/20140407BKMons009-50x50.jpg 50w\" sizes=\"(max-width: 150px) 100vw, 150px\" \/><\/a>\n\t\t\t<\/div><\/figure><figure class='gallery-item'>\n\t\t\t<div class='gallery-icon landscape'>\n\t\t\t\t<a href='https:\/\/fr.motocrossmag.be\/index.php\/2014\/04\/photos-les-belgian-masters-of-motocross-a-mons\/20140407bkmons010\/'><img decoding=\"async\" width=\"150\" height=\"150\" src=\"https:\/\/fr.motocrossmag.be\/wp-content\/uploads\/2014\/04\/20140407BKMons010-150x150.jpg\" class=\"attachment-thumbnail size-thumbnail\" alt=\"\" srcset=\"https:\/\/fr.motocrossmag.be\/wp-content\/uploads\/2014\/04\/20140407BKMons010-150x150.jpg 150w, https:\/\/fr.motocrossmag.be\/wp-content\/uploads\/2014\/04\/20140407BKMons010-50x50.jpg 50w\" sizes=\"(max-width: 150px) 100vw, 150px\" \/><\/a>\n\t\t\t<\/div><\/figure><figure class='gallery-item'>\n\t\t\t<div class='gallery-icon landscape'>\n\t\t\t\t<a href='https:\/\/fr.motocrossmag.be\/index.php\/2014\/04\/photos-les-belgian-masters-of-motocross-a-mons\/20140407bkmons011\/'><img decoding=\"async\" width=\"150\" height=\"150\" src=\"https:\/\/fr.motocrossmag.be\/wp-content\/uploads\/2014\/04\/20140407BKMons011-150x150.jpg\" class=\"attachment-thumbnail size-thumbnail\" alt=\"\" srcset=\"https:\/\/fr.motocrossmag.be\/wp-content\/uploads\/2014\/04\/20140407BKMons011-150x150.jpg 150w, https:\/\/fr.motocrossmag.be\/wp-content\/uploads\/2014\/04\/20140407BKMons011-50x50.jpg 50w\" sizes=\"(max-width: 150px) 100vw, 150px\" \/><\/a>\n\t\t\t<\/div><\/figure><figure class='gallery-item'>\n\t\t\t<div class='gallery-icon landscape'>\n\t\t\t\t<a href='https:\/\/fr.motocrossmag.be\/index.php\/2014\/04\/photos-les-belgian-masters-of-motocross-a-mons\/20140407bkmons012\/'><img decoding=\"async\" width=\"150\" height=\"150\" src=\"https:\/\/fr.motocrossmag.be\/wp-content\/uploads\/2014\/04\/20140407BKMons012-150x150.jpg\" class=\"attachment-thumbnail size-thumbnail\" alt=\"\" srcset=\"https:\/\/fr.motocrossmag.be\/wp-content\/uploads\/2014\/04\/20140407BKMons012-150x150.jpg 150w, https:\/\/fr.motocrossmag.be\/wp-content\/uploads\/2014\/04\/20140407BKMons012-50x50.jpg 50w\" sizes=\"(max-width: 150px) 100vw, 150px\" \/><\/a>\n\t\t\t<\/div><\/figure><figure class='gallery-item'>\n\t\t\t<div class='gallery-icon landscape'>\n\t\t\t\t<a href='https:\/\/fr.motocrossmag.be\/index.php\/2014\/04\/photos-les-belgian-masters-of-motocross-a-mons\/20140407bkmons013\/'><img decoding=\"async\" width=\"150\" height=\"150\" src=\"https:\/\/fr.motocrossmag.be\/wp-content\/uploads\/2014\/04\/20140407BKMons013-150x150.jpg\" class=\"attachment-thumbnail size-thumbnail\" alt=\"\" srcset=\"https:\/\/fr.motocrossmag.be\/wp-content\/uploads\/2014\/04\/20140407BKMons013-150x150.jpg 150w, https:\/\/fr.motocrossmag.be\/wp-content\/uploads\/2014\/04\/20140407BKMons013-50x50.jpg 50w\" sizes=\"(max-width: 150px) 100vw, 150px\" \/><\/a>\n\t\t\t<\/div><\/figure><figure class='gallery-item'>\n\t\t\t<div class='gallery-icon landscape'>\n\t\t\t\t<a href='https:\/\/fr.motocrossmag.be\/index.php\/2014\/04\/photos-les-belgian-masters-of-motocross-a-mons\/20140407bkmons014\/'><img decoding=\"async\" width=\"150\" height=\"150\" src=\"https:\/\/fr.motocrossmag.be\/wp-content\/uploads\/2014\/04\/20140407BKMons014-150x150.jpg\" class=\"attachment-thumbnail size-thumbnail\" alt=\"\" srcset=\"https:\/\/fr.motocrossmag.be\/wp-content\/uploads\/2014\/04\/20140407BKMons014-150x150.jpg 150w, https:\/\/fr.motocrossmag.be\/wp-content\/uploads\/2014\/04\/20140407BKMons014-50x50.jpg 50w\" sizes=\"(max-width: 150px) 100vw, 150px\" \/><\/a>\n\t\t\t<\/div><\/figure><figure class='gallery-item'>\n\t\t\t<div class='gallery-icon portrait'>\n\t\t\t\t<a href='https:\/\/fr.motocrossmag.be\/index.php\/2014\/04\/photos-les-belgian-masters-of-motocross-a-mons\/20140407bkmons015\/'><img decoding=\"async\" width=\"150\" height=\"150\" src=\"https:\/\/fr.motocrossmag.be\/wp-content\/uploads\/2014\/04\/20140407BKMons015-150x150.jpg\" class=\"attachment-thumbnail size-thumbnail\" alt=\"\" srcset=\"https:\/\/fr.motocrossmag.be\/wp-content\/uploads\/2014\/04\/20140407BKMons015-150x150.jpg 150w, https:\/\/fr.motocrossmag.be\/wp-content\/uploads\/2014\/04\/20140407BKMons015-50x50.jpg 50w\" sizes=\"(max-width: 150px) 100vw, 150px\" \/><\/a>\n\t\t\t<\/div><\/figure><figure class='gallery-item'>\n\t\t\t<div class='gallery-icon landscape'>\n\t\t\t\t<a href='https:\/\/fr.motocrossmag.be\/index.php\/2014\/04\/photos-les-belgian-masters-of-motocross-a-mons\/20140407bkmons016\/'><img decoding=\"async\" width=\"150\" height=\"150\" src=\"https:\/\/fr.motocrossmag.be\/wp-content\/uploads\/2014\/04\/20140407BKMons016-150x150.jpg\" class=\"attachment-thumbnail size-thumbnail\" alt=\"\" srcset=\"https:\/\/fr.motocrossmag.be\/wp-content\/uploads\/2014\/04\/20140407BKMons016-150x150.jpg 150w, https:\/\/fr.motocrossmag.be\/wp-content\/uploads\/2014\/04\/20140407BKMons016-50x50.jpg 50w\" sizes=\"(max-width: 150px) 100vw, 150px\" \/><\/a>\n\t\t\t<\/div><\/figure><figure class='gallery-item'>\n\t\t\t<div class='gallery-icon landscape'>\n\t\t\t\t<a href='https:\/\/fr.motocrossmag.be\/index.php\/2014\/04\/photos-les-belgian-masters-of-motocross-a-mons\/20140407bkmons017\/'><img decoding=\"async\" width=\"150\" height=\"150\" src=\"https:\/\/fr.motocrossmag.be\/wp-content\/uploads\/2014\/04\/20140407BKMons017-150x150.jpg\" class=\"attachment-thumbnail size-thumbnail\" alt=\"\" srcset=\"https:\/\/fr.motocrossmag.be\/wp-content\/uploads\/2014\/04\/20140407BKMons017-150x150.jpg 150w, https:\/\/fr.motocrossmag.be\/wp-content\/uploads\/2014\/04\/20140407BKMons017-50x50.jpg 50w\" sizes=\"(max-width: 150px) 100vw, 150px\" \/><\/a>\n\t\t\t<\/div><\/figure><figure class='gallery-item'>\n\t\t\t<div class='gallery-icon portrait'>\n\t\t\t\t<a href='https:\/\/fr.motocrossmag.be\/index.php\/2014\/04\/photos-les-belgian-masters-of-motocross-a-mons\/20140407bkmons018\/'><img decoding=\"async\" width=\"150\" height=\"150\" src=\"https:\/\/fr.motocrossmag.be\/wp-content\/uploads\/2014\/04\/20140407BKMons018-150x150.jpg\" class=\"attachment-thumbnail size-thumbnail\" alt=\"\" srcset=\"https:\/\/fr.motocrossmag.be\/wp-content\/uploads\/2014\/04\/20140407BKMons018-150x150.jpg 150w, https:\/\/fr.motocrossmag.be\/wp-content\/uploads\/2014\/04\/20140407BKMons018-50x50.jpg 50w\" sizes=\"(max-width: 150px) 100vw, 150px\" \/><\/a>\n\t\t\t<\/div><\/figure><figure class='gallery-item'>\n\t\t\t<div class='gallery-icon portrait'>\n\t\t\t\t<a href='https:\/\/fr.motocrossmag.be\/index.php\/2014\/04\/photos-les-belgian-masters-of-motocross-a-mons\/20140407bkmons019\/'><img decoding=\"async\" width=\"150\" height=\"150\" src=\"https:\/\/fr.motocrossmag.be\/wp-content\/uploads\/2014\/04\/20140407BKMons019-150x150.jpg\" class=\"attachment-thumbnail size-thumbnail\" alt=\"\" srcset=\"https:\/\/fr.motocrossmag.be\/wp-content\/uploads\/2014\/04\/20140407BKMons019-150x150.jpg 150w, https:\/\/fr.motocrossmag.be\/wp-content\/uploads\/2014\/04\/20140407BKMons019-50x50.jpg 50w\" sizes=\"(max-width: 150px) 100vw, 150px\" \/><\/a>\n\t\t\t<\/div><\/figure><figure class='gallery-item'>\n\t\t\t<div class='gallery-icon landscape'>\n\t\t\t\t<a href='https:\/\/fr.motocrossmag.be\/index.php\/2014\/04\/photos-les-belgian-masters-of-motocross-a-mons\/20140407bkmons020\/'><img decoding=\"async\" width=\"150\" height=\"150\" src=\"https:\/\/fr.motocrossmag.be\/wp-content\/uploads\/2014\/04\/20140407BKMons020-150x150.jpg\" class=\"attachment-thumbnail size-thumbnail\" alt=\"\" srcset=\"https:\/\/fr.motocrossmag.be\/wp-content\/uploads\/2014\/04\/20140407BKMons020-150x150.jpg 150w, https:\/\/fr.motocrossmag.be\/wp-content\/uploads\/2014\/04\/20140407BKMons020-50x50.jpg 50w\" sizes=\"(max-width: 150px) 100vw, 150px\" \/><\/a>\n\t\t\t<\/div><\/figure><figure class='gallery-item'>\n\t\t\t<div class='gallery-icon landscape'>\n\t\t\t\t<a href='https:\/\/fr.motocrossmag.be\/index.php\/2014\/04\/photos-les-belgian-masters-of-motocross-a-mons\/20140407bkmons021\/'><img decoding=\"async\" width=\"150\" height=\"150\" src=\"https:\/\/fr.motocrossmag.be\/wp-content\/uploads\/2014\/04\/20140407BKMons021-150x150.jpg\" class=\"attachment-thumbnail size-thumbnail\" alt=\"\" srcset=\"https:\/\/fr.motocrossmag.be\/wp-content\/uploads\/2014\/04\/20140407BKMons021-150x150.jpg 150w, https:\/\/fr.motocrossmag.be\/wp-content\/uploads\/2014\/04\/20140407BKMons021-50x50.jpg 50w\" sizes=\"(max-width: 150px) 100vw, 150px\" \/><\/a>\n\t\t\t<\/div><\/figure><figure class='gallery-item'>\n\t\t\t<div class='gallery-icon landscape'>\n\t\t\t\t<a href='https:\/\/fr.motocrossmag.be\/index.php\/2014\/04\/photos-les-belgian-masters-of-motocross-a-mons\/20140407bkmons022\/'><img decoding=\"async\" width=\"150\" height=\"150\" src=\"https:\/\/fr.motocrossmag.be\/wp-content\/uploads\/2014\/04\/20140407BKMons022-150x150.jpg\" class=\"attachment-thumbnail size-thumbnail\" alt=\"\" srcset=\"https:\/\/fr.motocrossmag.be\/wp-content\/uploads\/2014\/04\/20140407BKMons022-150x150.jpg 150w, https:\/\/fr.motocrossmag.be\/wp-content\/uploads\/2014\/04\/20140407BKMons022-50x50.jpg 50w\" sizes=\"(max-width: 150px) 100vw, 150px\" \/><\/a>\n\t\t\t<\/div><\/figure><figure class='gallery-item'>\n\t\t\t<div class='gallery-icon landscape'>\n\t\t\t\t<a href='https:\/\/fr.motocrossmag.be\/index.php\/2014\/04\/photos-les-belgian-masters-of-motocross-a-mons\/20140407bkmons023\/'><img decoding=\"async\" width=\"150\" height=\"150\" src=\"https:\/\/fr.motocrossmag.be\/wp-content\/uploads\/2014\/04\/20140407BKMons023-150x150.jpg\" class=\"attachment-thumbnail size-thumbnail\" alt=\"\" srcset=\"https:\/\/fr.motocrossmag.be\/wp-content\/uploads\/2014\/04\/20140407BKMons023-150x150.jpg 150w, https:\/\/fr.motocrossmag.be\/wp-content\/uploads\/2014\/04\/20140407BKMons023-50x50.jpg 50w\" sizes=\"(max-width: 150px) 100vw, 150px\" \/><\/a>\n\t\t\t<\/div><\/figure><figure class='gallery-item'>\n\t\t\t<div class='gallery-icon landscape'>\n\t\t\t\t<a href='https:\/\/fr.motocrossmag.be\/index.php\/2014\/04\/photos-les-belgian-masters-of-motocross-a-mons\/20140407bkmons024\/'><img decoding=\"async\" width=\"150\" height=\"150\" src=\"https:\/\/fr.motocrossmag.be\/wp-content\/uploads\/2014\/04\/20140407BKMons024-150x150.jpg\" class=\"attachment-thumbnail size-thumbnail\" alt=\"\" srcset=\"https:\/\/fr.motocrossmag.be\/wp-content\/uploads\/2014\/04\/20140407BKMons024-150x150.jpg 150w, https:\/\/fr.motocrossmag.be\/wp-content\/uploads\/2014\/04\/20140407BKMons024-50x50.jpg 50w\" sizes=\"(max-width: 150px) 100vw, 150px\" \/><\/a>\n\t\t\t<\/div><\/figure><figure class='gallery-item'>\n\t\t\t<div class='gallery-icon landscape'>\n\t\t\t\t<a href='https:\/\/fr.motocrossmag.be\/index.php\/2014\/04\/photos-les-belgian-masters-of-motocross-a-mons\/20140407bkmons025\/'><img decoding=\"async\" width=\"150\" height=\"150\" src=\"https:\/\/fr.motocrossmag.be\/wp-content\/uploads\/2014\/04\/20140407BKMons025-150x150.jpg\" class=\"attachment-thumbnail size-thumbnail\" alt=\"\" srcset=\"https:\/\/fr.motocrossmag.be\/wp-content\/uploads\/2014\/04\/20140407BKMons025-150x150.jpg 150w, https:\/\/fr.motocrossmag.be\/wp-content\/uploads\/2014\/04\/20140407BKMons025-50x50.jpg 50w\" sizes=\"(max-width: 150px) 100vw, 150px\" \/><\/a>\n\t\t\t<\/div><\/figure><figure class='gallery-item'>\n\t\t\t<div class='gallery-icon portrait'>\n\t\t\t\t<a href='https:\/\/fr.motocrossmag.be\/index.php\/2014\/04\/photos-les-belgian-masters-of-motocross-a-mons\/20140407bkmons026\/'><img decoding=\"async\" width=\"150\" height=\"150\" src=\"https:\/\/fr.motocrossmag.be\/wp-content\/uploads\/2014\/04\/20140407BKMons026-150x150.jpg\" class=\"attachment-thumbnail size-thumbnail\" alt=\"\" srcset=\"https:\/\/fr.motocrossmag.be\/wp-content\/uploads\/2014\/04\/20140407BKMons026-150x150.jpg 150w, https:\/\/fr.motocrossmag.be\/wp-content\/uploads\/2014\/04\/20140407BKMons026-50x50.jpg 50w\" sizes=\"(max-width: 150px) 100vw, 150px\" \/><\/a>\n\t\t\t<\/div><\/figure><figure class='gallery-item'>\n\t\t\t<div class='gallery-icon landscape'>\n\t\t\t\t<a href='https:\/\/fr.motocrossmag.be\/index.php\/2014\/04\/photos-les-belgian-masters-of-motocross-a-mons\/20140407bkmons027\/'><img decoding=\"async\" width=\"150\" height=\"150\" src=\"https:\/\/fr.motocrossmag.be\/wp-content\/uploads\/2014\/04\/20140407BKMons027-150x150.jpg\" class=\"attachment-thumbnail size-thumbnail\" alt=\"\" srcset=\"https:\/\/fr.motocrossmag.be\/wp-content\/uploads\/2014\/04\/20140407BKMons027-150x150.jpg 150w, https:\/\/fr.motocrossmag.be\/wp-content\/uploads\/2014\/04\/20140407BKMons027-50x50.jpg 50w\" sizes=\"(max-width: 150px) 100vw, 150px\" \/><\/a>\n\t\t\t<\/div><\/figure><figure class='gallery-item'>\n\t\t\t<div class='gallery-icon landscape'>\n\t\t\t\t<a href='https:\/\/fr.motocrossmag.be\/index.php\/2014\/04\/photos-les-belgian-masters-of-motocross-a-mons\/20140407bkmons028\/'><img decoding=\"async\" width=\"150\" height=\"150\" src=\"https:\/\/fr.motocrossmag.be\/wp-content\/uploads\/2014\/04\/20140407BKMons028-150x150.jpg\" class=\"attachment-thumbnail size-thumbnail\" alt=\"\" srcset=\"https:\/\/fr.motocrossmag.be\/wp-content\/uploads\/2014\/04\/20140407BKMons028-150x150.jpg 150w, https:\/\/fr.motocrossmag.be\/wp-content\/uploads\/2014\/04\/20140407BKMons028-50x50.jpg 50w\" sizes=\"(max-width: 150px) 100vw, 150px\" \/><\/a>\n\t\t\t<\/div><\/figure><figure class='gallery-item'>\n\t\t\t<div class='gallery-icon landscape'>\n\t\t\t\t<a href='https:\/\/fr.motocrossmag.be\/index.php\/2014\/04\/photos-les-belgian-masters-of-motocross-a-mons\/20140407bkmons029\/'><img decoding=\"async\" width=\"150\" height=\"150\" src=\"https:\/\/fr.motocrossmag.be\/wp-content\/uploads\/2014\/04\/20140407BKMons029-150x150.jpg\" class=\"attachment-thumbnail size-thumbnail\" alt=\"\" srcset=\"https:\/\/fr.motocrossmag.be\/wp-content\/uploads\/2014\/04\/20140407BKMons029-150x150.jpg 150w, https:\/\/fr.motocrossmag.be\/wp-content\/uploads\/2014\/04\/20140407BKMons029-50x50.jpg 50w\" sizes=\"(max-width: 150px) 100vw, 150px\" \/><\/a>\n\t\t\t<\/div><\/figure><figure class='gallery-item'>\n\t\t\t<div class='gallery-icon landscape'>\n\t\t\t\t<a href='https:\/\/fr.motocrossmag.be\/index.php\/2014\/04\/photos-les-belgian-masters-of-motocross-a-mons\/20140407bkmons030\/'><img decoding=\"async\" width=\"150\" height=\"150\" src=\"https:\/\/fr.motocrossmag.be\/wp-content\/uploads\/2014\/04\/20140407BKMons030-150x150.jpg\" class=\"attachment-thumbnail size-thumbnail\" alt=\"\" srcset=\"https:\/\/fr.motocrossmag.be\/wp-content\/uploads\/2014\/04\/20140407BKMons030-150x150.jpg 150w, https:\/\/fr.motocrossmag.be\/wp-content\/uploads\/2014\/04\/20140407BKMons030-50x50.jpg 50w\" sizes=\"(max-width: 150px) 100vw, 150px\" \/><\/a>\n\t\t\t<\/div><\/figure><figure class='gallery-item'>\n\t\t\t<div class='gallery-icon landscape'>\n\t\t\t\t<a href='https:\/\/fr.motocrossmag.be\/index.php\/2014\/04\/photos-les-belgian-masters-of-motocross-a-mons\/20140407bkmons031\/'><img decoding=\"async\" width=\"150\" height=\"150\" src=\"https:\/\/fr.motocrossmag.be\/wp-content\/uploads\/2014\/04\/20140407BKMons031-150x150.jpg\" class=\"attachment-thumbnail size-thumbnail\" alt=\"\" srcset=\"https:\/\/fr.motocrossmag.be\/wp-content\/uploads\/2014\/04\/20140407BKMons031-150x150.jpg 150w, https:\/\/fr.motocrossmag.be\/wp-content\/uploads\/2014\/04\/20140407BKMons031-50x50.jpg 50w\" sizes=\"(max-width: 150px) 100vw, 150px\" \/><\/a>\n\t\t\t<\/div><\/figure><figure class='gallery-item'>\n\t\t\t<div class='gallery-icon landscape'>\n\t\t\t\t<a href='https:\/\/fr.motocrossmag.be\/index.php\/2014\/04\/photos-les-belgian-masters-of-motocross-a-mons\/20140407bkmons032\/'><img decoding=\"async\" width=\"150\" height=\"150\" src=\"https:\/\/fr.motocrossmag.be\/wp-content\/uploads\/2014\/04\/20140407BKMons032-150x150.jpg\" class=\"attachment-thumbnail size-thumbnail\" alt=\"\" srcset=\"https:\/\/fr.motocrossmag.be\/wp-content\/uploads\/2014\/04\/20140407BKMons032-150x150.jpg 150w, https:\/\/fr.motocrossmag.be\/wp-content\/uploads\/2014\/04\/20140407BKMons032-50x50.jpg 50w\" sizes=\"(max-width: 150px) 100vw, 150px\" \/><\/a>\n\t\t\t<\/div><\/figure><figure class='gallery-item'>\n\t\t\t<div class='gallery-icon landscape'>\n\t\t\t\t<a href='https:\/\/fr.motocrossmag.be\/index.php\/2014\/04\/photos-les-belgian-masters-of-motocross-a-mons\/20140407bkmons033\/'><img decoding=\"async\" width=\"150\" height=\"150\" src=\"https:\/\/fr.motocrossmag.be\/wp-content\/uploads\/2014\/04\/20140407BKMons033-150x150.jpg\" class=\"attachment-thumbnail size-thumbnail\" alt=\"\" srcset=\"https:\/\/fr.motocrossmag.be\/wp-content\/uploads\/2014\/04\/20140407BKMons033-150x150.jpg 150w, https:\/\/fr.motocrossmag.be\/wp-content\/uploads\/2014\/04\/20140407BKMons033-50x50.jpg 50w\" sizes=\"(max-width: 150px) 100vw, 150px\" \/><\/a>\n\t\t\t<\/div><\/figure><figure class='gallery-item'>\n\t\t\t<div class='gallery-icon landscape'>\n\t\t\t\t<a href='https:\/\/fr.motocrossmag.be\/index.php\/2014\/04\/photos-les-belgian-masters-of-motocross-a-mons\/20140407bkmons034\/'><img decoding=\"async\" width=\"150\" height=\"150\" src=\"https:\/\/fr.motocrossmag.be\/wp-content\/uploads\/2014\/04\/20140407BKMons034-150x150.jpg\" class=\"attachment-thumbnail size-thumbnail\" alt=\"\" srcset=\"https:\/\/fr.motocrossmag.be\/wp-content\/uploads\/2014\/04\/20140407BKMons034-150x150.jpg 150w, https:\/\/fr.motocrossmag.be\/wp-content\/uploads\/2014\/04\/20140407BKMons034-50x50.jpg 50w\" sizes=\"(max-width: 150px) 100vw, 150px\" \/><\/a>\n\t\t\t<\/div><\/figure><figure class='gallery-item'>\n\t\t\t<div class='gallery-icon landscape'>\n\t\t\t\t<a href='https:\/\/fr.motocrossmag.be\/index.php\/2014\/04\/photos-les-belgian-masters-of-motocross-a-mons\/20140407bkmons035\/'><img decoding=\"async\" width=\"150\" height=\"150\" src=\"https:\/\/fr.motocrossmag.be\/wp-content\/uploads\/2014\/04\/20140407BKMons035-150x150.jpg\" class=\"attachment-thumbnail size-thumbnail\" alt=\"\" srcset=\"https:\/\/fr.motocrossmag.be\/wp-content\/uploads\/2014\/04\/20140407BKMons035-150x150.jpg 150w, https:\/\/fr.motocrossmag.be\/wp-content\/uploads\/2014\/04\/20140407BKMons035-50x50.jpg 50w\" sizes=\"(max-width: 150px) 100vw, 150px\" \/><\/a>\n\t\t\t<\/div><\/figure><figure class='gallery-item'>\n\t\t\t<div class='gallery-icon landscape'>\n\t\t\t\t<a href='https:\/\/fr.motocrossmag.be\/index.php\/2014\/04\/photos-les-belgian-masters-of-motocross-a-mons\/20140407bkmons036\/'><img decoding=\"async\" width=\"150\" height=\"150\" src=\"https:\/\/fr.motocrossmag.be\/wp-content\/uploads\/2014\/04\/20140407BKMons036-150x150.jpg\" class=\"attachment-thumbnail size-thumbnail\" alt=\"\" srcset=\"https:\/\/fr.motocrossmag.be\/wp-content\/uploads\/2014\/04\/20140407BKMons036-150x150.jpg 150w, https:\/\/fr.motocrossmag.be\/wp-content\/uploads\/2014\/04\/20140407BKMons036-50x50.jpg 50w\" sizes=\"(max-width: 150px) 100vw, 150px\" \/><\/a>\n\t\t\t<\/div><\/figure><figure class='gallery-item'>\n\t\t\t<div class='gallery-icon landscape'>\n\t\t\t\t<a href='https:\/\/fr.motocrossmag.be\/index.php\/2014\/04\/photos-les-belgian-masters-of-motocross-a-mons\/20140407bkmons037\/'><img decoding=\"async\" width=\"150\" height=\"150\" src=\"https:\/\/fr.motocrossmag.be\/wp-content\/uploads\/2014\/04\/20140407BKMons037-150x150.jpg\" class=\"attachment-thumbnail size-thumbnail\" alt=\"\" srcset=\"https:\/\/fr.motocrossmag.be\/wp-content\/uploads\/2014\/04\/20140407BKMons037-150x150.jpg 150w, https:\/\/fr.motocrossmag.be\/wp-content\/uploads\/2014\/04\/20140407BKMons037-50x50.jpg 50w\" sizes=\"(max-width: 150px) 100vw, 150px\" \/><\/a>\n\t\t\t<\/div><\/figure><figure class='gallery-item'>\n\t\t\t<div class='gallery-icon landscape'>\n\t\t\t\t<a href='https:\/\/fr.motocrossmag.be\/index.php\/2014\/04\/photos-les-belgian-masters-of-motocross-a-mons\/20140407bkmons038\/'><img decoding=\"async\" width=\"150\" height=\"150\" src=\"https:\/\/fr.motocrossmag.be\/wp-content\/uploads\/2014\/04\/20140407BKMons038-150x150.jpg\" class=\"attachment-thumbnail size-thumbnail\" alt=\"\" srcset=\"https:\/\/fr.motocrossmag.be\/wp-content\/uploads\/2014\/04\/20140407BKMons038-150x150.jpg 150w, https:\/\/fr.motocrossmag.be\/wp-content\/uploads\/2014\/04\/20140407BKMons038-50x50.jpg 50w\" sizes=\"(max-width: 150px) 100vw, 150px\" \/><\/a>\n\t\t\t<\/div><\/figure><figure class='gallery-item'>\n\t\t\t<div class='gallery-icon landscape'>\n\t\t\t\t<a href='https:\/\/fr.motocrossmag.be\/index.php\/2014\/04\/photos-les-belgian-masters-of-motocross-a-mons\/20140407bkmons039\/'><img decoding=\"async\" width=\"150\" height=\"150\" src=\"https:\/\/fr.motocrossmag.be\/wp-content\/uploads\/2014\/04\/20140407BKMons039-150x150.jpg\" class=\"attachment-thumbnail size-thumbnail\" alt=\"\" srcset=\"https:\/\/fr.motocrossmag.be\/wp-content\/uploads\/2014\/04\/20140407BKMons039-150x150.jpg 150w, https:\/\/fr.motocrossmag.be\/wp-content\/uploads\/2014\/04\/20140407BKMons039-50x50.jpg 50w\" sizes=\"(max-width: 150px) 100vw, 150px\" \/><\/a>\n\t\t\t<\/div><\/figure><figure class='gallery-item'>\n\t\t\t<div class='gallery-icon landscape'>\n\t\t\t\t<a href='https:\/\/fr.motocrossmag.be\/index.php\/2014\/04\/photos-les-belgian-masters-of-motocross-a-mons\/20140407bkmons040\/'><img decoding=\"async\" width=\"150\" height=\"150\" src=\"https:\/\/fr.motocrossmag.be\/wp-content\/uploads\/2014\/04\/20140407BKMons040-150x150.jpg\" class=\"attachment-thumbnail size-thumbnail\" alt=\"\" srcset=\"https:\/\/fr.motocrossmag.be\/wp-content\/uploads\/2014\/04\/20140407BKMons040-150x150.jpg 150w, https:\/\/fr.motocrossmag.be\/wp-content\/uploads\/2014\/04\/20140407BKMons040-50x50.jpg 50w\" sizes=\"(max-width: 150px) 100vw, 150px\" \/><\/a>\n\t\t\t<\/div><\/figure><figure class='gallery-item'>\n\t\t\t<div class='gallery-icon landscape'>\n\t\t\t\t<a href='https:\/\/fr.motocrossmag.be\/index.php\/2014\/04\/photos-les-belgian-masters-of-motocross-a-mons\/20140407bkmons041\/'><img decoding=\"async\" width=\"150\" height=\"150\" src=\"https:\/\/fr.motocrossmag.be\/wp-content\/uploads\/2014\/04\/20140407BKMons041-150x150.jpg\" class=\"attachment-thumbnail size-thumbnail\" alt=\"\" srcset=\"https:\/\/fr.motocrossmag.be\/wp-content\/uploads\/2014\/04\/20140407BKMons041-150x150.jpg 150w, https:\/\/fr.motocrossmag.be\/wp-content\/uploads\/2014\/04\/20140407BKMons041-50x50.jpg 50w\" sizes=\"(max-width: 150px) 100vw, 150px\" \/><\/a>\n\t\t\t<\/div><\/figure><figure class='gallery-item'>\n\t\t\t<div class='gallery-icon landscape'>\n\t\t\t\t<a href='https:\/\/fr.motocrossmag.be\/index.php\/2014\/04\/photos-les-belgian-masters-of-motocross-a-mons\/20140407bkmons042\/'><img decoding=\"async\" width=\"150\" height=\"150\" src=\"https:\/\/fr.motocrossmag.be\/wp-content\/uploads\/2014\/04\/20140407BKMons042-150x150.jpg\" class=\"attachment-thumbnail size-thumbnail\" alt=\"\" srcset=\"https:\/\/fr.motocrossmag.be\/wp-content\/uploads\/2014\/04\/20140407BKMons042-150x150.jpg 150w, https:\/\/fr.motocrossmag.be\/wp-content\/uploads\/2014\/04\/20140407BKMons042-50x50.jpg 50w\" sizes=\"(max-width: 150px) 100vw, 150px\" \/><\/a>\n\t\t\t<\/div><\/figure><figure class='gallery-item'>\n\t\t\t<div class='gallery-icon landscape'>\n\t\t\t\t<a href='https:\/\/fr.motocrossmag.be\/index.php\/2014\/04\/photos-les-belgian-masters-of-motocross-a-mons\/20140407bkmons043\/'><img decoding=\"async\" width=\"150\" height=\"150\" src=\"https:\/\/fr.motocrossmag.be\/wp-content\/uploads\/2014\/04\/20140407BKMons043-150x150.jpg\" class=\"attachment-thumbnail size-thumbnail\" alt=\"\" srcset=\"https:\/\/fr.motocrossmag.be\/wp-content\/uploads\/2014\/04\/20140407BKMons043-150x150.jpg 150w, https:\/\/fr.motocrossmag.be\/wp-content\/uploads\/2014\/04\/20140407BKMons043-50x50.jpg 50w\" sizes=\"(max-width: 150px) 100vw, 150px\" \/><\/a>\n\t\t\t<\/div><\/figure><figure class='gallery-item'>\n\t\t\t<div class='gallery-icon landscape'>\n\t\t\t\t<a href='https:\/\/fr.motocrossmag.be\/index.php\/2014\/04\/photos-les-belgian-masters-of-motocross-a-mons\/20140407bkmons044\/'><img decoding=\"async\" width=\"150\" height=\"150\" src=\"https:\/\/fr.motocrossmag.be\/wp-content\/uploads\/2014\/04\/20140407BKMons044-150x150.jpg\" class=\"attachment-thumbnail size-thumbnail\" alt=\"\" srcset=\"https:\/\/fr.motocrossmag.be\/wp-content\/uploads\/2014\/04\/20140407BKMons044-150x150.jpg 150w, https:\/\/fr.motocrossmag.be\/wp-content\/uploads\/2014\/04\/20140407BKMons044-50x50.jpg 50w\" sizes=\"(max-width: 150px) 100vw, 150px\" \/><\/a>\n\t\t\t<\/div><\/figure><figure class='gallery-item'>\n\t\t\t<div class='gallery-icon landscape'>\n\t\t\t\t<a href='https:\/\/fr.motocrossmag.be\/index.php\/2014\/04\/photos-les-belgian-masters-of-motocross-a-mons\/20140407bkmons045\/'><img decoding=\"async\" width=\"150\" height=\"150\" src=\"https:\/\/fr.motocrossmag.be\/wp-content\/uploads\/2014\/04\/20140407BKMons045-150x150.jpg\" class=\"attachment-thumbnail size-thumbnail\" alt=\"\" srcset=\"https:\/\/fr.motocrossmag.be\/wp-content\/uploads\/2014\/04\/20140407BKMons045-150x150.jpg 150w, https:\/\/fr.motocrossmag.be\/wp-content\/uploads\/2014\/04\/20140407BKMons045-50x50.jpg 50w\" sizes=\"(max-width: 150px) 100vw, 150px\" \/><\/a>\n\t\t\t<\/div><\/figure><figure class='gallery-item'>\n\t\t\t<div class='gallery-icon landscape'>\n\t\t\t\t<a href='https:\/\/fr.motocrossmag.be\/index.php\/2014\/04\/photos-les-belgian-masters-of-motocross-a-mons\/20140407bkmons046\/'><img decoding=\"async\" width=\"150\" height=\"150\" src=\"https:\/\/fr.motocrossmag.be\/wp-content\/uploads\/2014\/04\/20140407BKMons046-150x150.jpg\" class=\"attachment-thumbnail size-thumbnail\" alt=\"\" srcset=\"https:\/\/fr.motocrossmag.be\/wp-content\/uploads\/2014\/04\/20140407BKMons046-150x150.jpg 150w, https:\/\/fr.motocrossmag.be\/wp-content\/uploads\/2014\/04\/20140407BKMons046-50x50.jpg 50w\" sizes=\"(max-width: 150px) 100vw, 150px\" \/><\/a>\n\t\t\t<\/div><\/figure><figure class='gallery-item'>\n\t\t\t<div class='gallery-icon landscape'>\n\t\t\t\t<a href='https:\/\/fr.motocrossmag.be\/index.php\/2014\/04\/photos-les-belgian-masters-of-motocross-a-mons\/20140407bkmons047\/'><img decoding=\"async\" width=\"150\" height=\"150\" src=\"https:\/\/fr.motocrossmag.be\/wp-content\/uploads\/2014\/04\/20140407BKMons047-150x150.jpg\" class=\"attachment-thumbnail size-thumbnail\" alt=\"\" srcset=\"https:\/\/fr.motocrossmag.be\/wp-content\/uploads\/2014\/04\/20140407BKMons047-150x150.jpg 150w, https:\/\/fr.motocrossmag.be\/wp-content\/uploads\/2014\/04\/20140407BKMons047-50x50.jpg 50w\" sizes=\"(max-width: 150px) 100vw, 150px\" \/><\/a>\n\t\t\t<\/div><\/figure><figure class='gallery-item'>\n\t\t\t<div class='gallery-icon landscape'>\n\t\t\t\t<a href='https:\/\/fr.motocrossmag.be\/index.php\/2014\/04\/photos-les-belgian-masters-of-motocross-a-mons\/20140407bkmons048\/'><img decoding=\"async\" width=\"150\" height=\"150\" src=\"https:\/\/fr.motocrossmag.be\/wp-content\/uploads\/2014\/04\/20140407BKMons048-150x150.jpg\" class=\"attachment-thumbnail size-thumbnail\" alt=\"\" srcset=\"https:\/\/fr.motocrossmag.be\/wp-content\/uploads\/2014\/04\/20140407BKMons048-150x150.jpg 150w, https:\/\/fr.motocrossmag.be\/wp-content\/uploads\/2014\/04\/20140407BKMons048-50x50.jpg 50w\" sizes=\"(max-width: 150px) 100vw, 150px\" \/><\/a>\n\t\t\t<\/div><\/figure><figure class='gallery-item'>\n\t\t\t<div class='gallery-icon portrait'>\n\t\t\t\t<a href='https:\/\/fr.motocrossmag.be\/index.php\/2014\/04\/photos-les-belgian-masters-of-motocross-a-mons\/20140407bkmons049\/'><img decoding=\"async\" width=\"150\" height=\"150\" src=\"https:\/\/fr.motocrossmag.be\/wp-content\/uploads\/2014\/04\/20140407BKMons049-150x150.jpg\" class=\"attachment-thumbnail size-thumbnail\" alt=\"\" srcset=\"https:\/\/fr.motocrossmag.be\/wp-content\/uploads\/2014\/04\/20140407BKMons049-150x150.jpg 150w, https:\/\/fr.motocrossmag.be\/wp-content\/uploads\/2014\/04\/20140407BKMons049-50x50.jpg 50w\" sizes=\"(max-width: 150px) 100vw, 150px\" \/><\/a>\n\t\t\t<\/div><\/figure><figure class='gallery-item'>\n\t\t\t<div class='gallery-icon portrait'>\n\t\t\t\t<a href='https:\/\/fr.motocrossmag.be\/index.php\/2014\/04\/photos-les-belgian-masters-of-motocross-a-mons\/20140407bkmons050\/'><img decoding=\"async\" width=\"150\" height=\"150\" src=\"https:\/\/fr.motocrossmag.be\/wp-content\/uploads\/2014\/04\/20140407BKMons050-150x150.jpg\" class=\"attachment-thumbnail size-thumbnail\" alt=\"\" srcset=\"https:\/\/fr.motocrossmag.be\/wp-content\/uploads\/2014\/04\/20140407BKMons050-150x150.jpg 150w, https:\/\/fr.motocrossmag.be\/wp-content\/uploads\/2014\/04\/20140407BKMons050-50x50.jpg 50w\" sizes=\"(max-width: 150px) 100vw, 150px\" \/><\/a>\n\t\t\t<\/div><\/figure><figure class='gallery-item'>\n\t\t\t<div class='gallery-icon landscape'>\n\t\t\t\t<a href='https:\/\/fr.motocrossmag.be\/index.php\/2014\/04\/photos-les-belgian-masters-of-motocross-a-mons\/20140407bkmons051\/'><img decoding=\"async\" width=\"150\" height=\"150\" src=\"https:\/\/fr.motocrossmag.be\/wp-content\/uploads\/2014\/04\/20140407BKMons051-150x150.jpg\" class=\"attachment-thumbnail size-thumbnail\" alt=\"\" srcset=\"https:\/\/fr.motocrossmag.be\/wp-content\/uploads\/2014\/04\/20140407BKMons051-150x150.jpg 150w, https:\/\/fr.motocrossmag.be\/wp-content\/uploads\/2014\/04\/20140407BKMons051-50x50.jpg 50w\" sizes=\"(max-width: 150px) 100vw, 150px\" \/><\/a>\n\t\t\t<\/div><\/figure><figure class='gallery-item'>\n\t\t\t<div class='gallery-icon landscape'>\n\t\t\t\t<a href='https:\/\/fr.motocrossmag.be\/index.php\/2014\/04\/photos-les-belgian-masters-of-motocross-a-mons\/20140407bkmons052\/'><img decoding=\"async\" width=\"150\" height=\"150\" src=\"https:\/\/fr.motocrossmag.be\/wp-content\/uploads\/2014\/04\/20140407BKMons052-150x150.jpg\" class=\"attachment-thumbnail size-thumbnail\" alt=\"\" srcset=\"https:\/\/fr.motocrossmag.be\/wp-content\/uploads\/2014\/04\/20140407BKMons052-150x150.jpg 150w, https:\/\/fr.motocrossmag.be\/wp-content\/uploads\/2014\/04\/20140407BKMons052-50x50.jpg 50w\" sizes=\"(max-width: 150px) 100vw, 150px\" \/><\/a>\n\t\t\t<\/div><\/figure><figure class='gallery-item'>\n\t\t\t<div class='gallery-icon landscape'>\n\t\t\t\t<a href='https:\/\/fr.motocrossmag.be\/index.php\/2014\/04\/photos-les-belgian-masters-of-motocross-a-mons\/20140407bkmons053\/'><img decoding=\"async\" width=\"150\" height=\"150\" src=\"https:\/\/fr.motocrossmag.be\/wp-content\/uploads\/2014\/04\/20140407BKMons053-150x150.jpg\" class=\"attachment-thumbnail size-thumbnail\" alt=\"\" srcset=\"https:\/\/fr.motocrossmag.be\/wp-content\/uploads\/2014\/04\/20140407BKMons053-150x150.jpg 150w, https:\/\/fr.motocrossmag.be\/wp-content\/uploads\/2014\/04\/20140407BKMons053-50x50.jpg 50w\" sizes=\"(max-width: 150px) 100vw, 150px\" \/><\/a>\n\t\t\t<\/div><\/figure><figure class='gallery-item'>\n\t\t\t<div class='gallery-icon landscape'>\n\t\t\t\t<a href='https:\/\/fr.motocrossmag.be\/index.php\/2014\/04\/photos-les-belgian-masters-of-motocross-a-mons\/20140407bkmons054\/'><img decoding=\"async\" width=\"150\" height=\"150\" src=\"https:\/\/fr.motocrossmag.be\/wp-content\/uploads\/2014\/04\/20140407BKMons054-150x150.jpg\" class=\"attachment-thumbnail size-thumbnail\" alt=\"\" srcset=\"https:\/\/fr.motocrossmag.be\/wp-content\/uploads\/2014\/04\/20140407BKMons054-150x150.jpg 150w, https:\/\/fr.motocrossmag.be\/wp-content\/uploads\/2014\/04\/20140407BKMons054-50x50.jpg 50w\" sizes=\"(max-width: 150px) 100vw, 150px\" \/><\/a>\n\t\t\t<\/div><\/figure><figure class='gallery-item'>\n\t\t\t<div class='gallery-icon landscape'>\n\t\t\t\t<a href='https:\/\/fr.motocrossmag.be\/index.php\/2014\/04\/photos-les-belgian-masters-of-motocross-a-mons\/20140407bkmons055\/'><img decoding=\"async\" width=\"150\" height=\"150\" src=\"https:\/\/fr.motocrossmag.be\/wp-content\/uploads\/2014\/04\/20140407BKMons055-150x150.jpg\" class=\"attachment-thumbnail size-thumbnail\" alt=\"\" srcset=\"https:\/\/fr.motocrossmag.be\/wp-content\/uploads\/2014\/04\/20140407BKMons055-150x150.jpg 150w, https:\/\/fr.motocrossmag.be\/wp-content\/uploads\/2014\/04\/20140407BKMons055-50x50.jpg 50w\" sizes=\"(max-width: 150px) 100vw, 150px\" \/><\/a>\n\t\t\t<\/div><\/figure><figure class='gallery-item'>\n\t\t\t<div class='gallery-icon landscape'>\n\t\t\t\t<a href='https:\/\/fr.motocrossmag.be\/index.php\/2014\/04\/photos-les-belgian-masters-of-motocross-a-mons\/20140407bkmons056\/'><img decoding=\"async\" width=\"150\" height=\"150\" src=\"https:\/\/fr.motocrossmag.be\/wp-content\/uploads\/2014\/04\/20140407BKMons056-150x150.jpg\" class=\"attachment-thumbnail size-thumbnail\" alt=\"\" srcset=\"https:\/\/fr.motocrossmag.be\/wp-content\/uploads\/2014\/04\/20140407BKMons056-150x150.jpg 150w, https:\/\/fr.motocrossmag.be\/wp-content\/uploads\/2014\/04\/20140407BKMons056-50x50.jpg 50w\" sizes=\"(max-width: 150px) 100vw, 150px\" \/><\/a>\n\t\t\t<\/div><\/figure><figure class='gallery-item'>\n\t\t\t<div class='gallery-icon landscape'>\n\t\t\t\t<a href='https:\/\/fr.motocrossmag.be\/index.php\/2014\/04\/photos-les-belgian-masters-of-motocross-a-mons\/20140407bkmons057\/'><img decoding=\"async\" width=\"150\" height=\"150\" src=\"https:\/\/fr.motocrossmag.be\/wp-content\/uploads\/2014\/04\/20140407BKMons057-150x150.jpg\" class=\"attachment-thumbnail size-thumbnail\" alt=\"\" srcset=\"https:\/\/fr.motocrossmag.be\/wp-content\/uploads\/2014\/04\/20140407BKMons057-150x150.jpg 150w, https:\/\/fr.motocrossmag.be\/wp-content\/uploads\/2014\/04\/20140407BKMons057-50x50.jpg 50w\" sizes=\"(max-width: 150px) 100vw, 150px\" \/><\/a>\n\t\t\t<\/div><\/figure><figure class='gallery-item'>\n\t\t\t<div class='gallery-icon landscape'>\n\t\t\t\t<a href='https:\/\/fr.motocrossmag.be\/index.php\/2014\/04\/photos-les-belgian-masters-of-motocross-a-mons\/20140407bkmons058\/'><img decoding=\"async\" width=\"150\" height=\"150\" src=\"https:\/\/fr.motocrossmag.be\/wp-content\/uploads\/2014\/04\/20140407BKMons058-150x150.jpg\" class=\"attachment-thumbnail size-thumbnail\" alt=\"\" srcset=\"https:\/\/fr.motocrossmag.be\/wp-content\/uploads\/2014\/04\/20140407BKMons058-150x150.jpg 150w, https:\/\/fr.motocrossmag.be\/wp-content\/uploads\/2014\/04\/20140407BKMons058-50x50.jpg 50w\" sizes=\"(max-width: 150px) 100vw, 150px\" \/><\/a>\n\t\t\t<\/div><\/figure>\n\t\t<\/div>\n\n","protected":false},"excerpt":{"rendered":"<p>Le premier round des Belgian Masters of Motocross disput\u00e9 ce dimanche sur le circuit du \u00ab\u00a0Bois br\u00fbl\u00e9\u00a0\u00bb \u00e0 Mons a tenu toutes ses promesses. Notamment gr\u00e2ce \u00e0 un J\u00e9r\u00e9my Van Horebeek au sommet de sa forme qui a impressionn\u00e9 le public montois en dominant outrageusement cette premi\u00e8re journ\u00e9e de championnat. En piste, seul Kevin Strijbos [&hellip;]<\/p>\n","protected":false},"author":932,"featured_media":21708,"comment_status":"open","ping_status":"closed","sticky":false,"template":"","format":"standard","meta":{"tdm_status":"","tdm_grid_status":"","footnotes":""},"categories":[4,29,66,65],"tags":[],"class_list":["post-21605","post","type-post","status-publish","format-standard","has-post-thumbnail","category-motocross","category-fmb","category-photos","category-slideshow"],"yoast_head":"<!-- This site is optimized with the Yoast SEO plugin v28.3 - https:\/\/yoast.com\/product\/yoast-seo-wordpress\/ -->\n<title>Photos: les Belgian Masters of Motocross \u00e0 Mons - Motocross - Enduro - Supermoto | MotocrossMag<\/title>\n<meta name=\"robots\" content=\"index, follow, max-snippet:-1, max-image-preview:large, max-video-preview:-1\" \/>\n<link rel=\"canonical\" href=\"https:\/\/fr.motocrossmag.be\/index.php\/2014\/04\/photos-les-belgian-masters-of-motocross-a-mons\/\" \/>\n<meta property=\"og:locale\" content=\"fr_FR\" \/>\n<meta property=\"og:type\" content=\"article\" \/>\n<meta property=\"og:title\" content=\"Photos: les Belgian Masters of Motocross \u00e0 Mons - Motocross - Enduro - Supermoto | MotocrossMag\" \/>\n<meta property=\"og:description\" content=\"Le premier round des Belgian Masters of Motocross disput\u00e9 ce dimanche sur le circuit du \u00ab\u00a0Bois br\u00fbl\u00e9\u00a0\u00bb \u00e0 Mons a tenu toutes ses promesses. Notamment gr\u00e2ce \u00e0 un J\u00e9r\u00e9my Van Horebeek au sommet de sa forme qui a impressionn\u00e9 le public montois en dominant outrageusement cette premi\u00e8re journ\u00e9e de championnat. En piste, seul Kevin Strijbos [&hellip;]\" \/>\n<meta property=\"og:url\" content=\"https:\/\/fr.motocrossmag.be\/index.php\/2014\/04\/photos-les-belgian-masters-of-motocross-a-mons\/\" \/>\n<meta property=\"og:site_name\" content=\"Motocross - Enduro - Supermoto | MotocrossMag\" \/>\n<meta property=\"article:published_time\" content=\"2014-04-07T20:17:12+00:00\" \/>\n<meta property=\"article:modified_time\" content=\"2014-04-07T20:37:48+00:00\" \/>\n<meta property=\"og:image\" content=\"https:\/\/fr.motocrossmag.be\/wp-content\/uploads\/2014\/04\/20140407BKMons041.jpg\" \/>\n\t<meta property=\"og:image:width\" content=\"1024\" \/>\n\t<meta property=\"og:image:height\" content=\"680\" \/>\n\t<meta property=\"og:image:type\" content=\"image\/jpeg\" \/>\n<meta name=\"author\" content=\"oliviere\" \/>\n<meta name=\"twitter:card\" content=\"summary_large_image\" \/>\n<meta name=\"twitter:label1\" content=\"\u00c9crit par\" \/>\n\t<meta name=\"twitter:data1\" content=\"oliviere\" \/>\n<script type=\"application\/ld+json\" class=\"yoast-schema-graph\">{\"@context\":\"https:\\\/\\\/schema.org\",\"@graph\":[{\"@type\":\"Article\",\"@id\":\"https:\\\/\\\/fr.motocrossmag.be\\\/index.php\\\/2014\\\/04\\\/photos-les-belgian-masters-of-motocross-a-mons\\\/#article\",\"isPartOf\":{\"@id\":\"https:\\\/\\\/fr.motocrossmag.be\\\/index.php\\\/2014\\\/04\\\/photos-les-belgian-masters-of-motocross-a-mons\\\/\"},\"author\":{\"name\":\"oliviere\",\"@id\":\"https:\\\/\\\/fr.motocrossmag.be\\\/#\\\/schema\\\/person\\\/11b47143d9f755babca2c9110e03235c\"},\"headline\":\"Photos: les Belgian Masters of Motocross \u00e0 Mons\",\"datePublished\":\"2014-04-07T20:17:12+00:00\",\"dateModified\":\"2014-04-07T20:37:48+00:00\",\"mainEntityOfPage\":{\"@id\":\"https:\\\/\\\/fr.motocrossmag.be\\\/index.php\\\/2014\\\/04\\\/photos-les-belgian-masters-of-motocross-a-mons\\\/\"},\"wordCount\":105,\"commentCount\":0,\"image\":{\"@id\":\"https:\\\/\\\/fr.motocrossmag.be\\\/index.php\\\/2014\\\/04\\\/photos-les-belgian-masters-of-motocross-a-mons\\\/#primaryimage\"},\"thumbnailUrl\":\"https:\\\/\\\/fr.motocrossmag.be\\\/wp-content\\\/uploads\\\/2014\\\/04\\\/20140407BKMons041.jpg\",\"articleSection\":[\"Motocross\",\"Motocross FMB\",\"Photos\",\"Slideshow\"],\"inLanguage\":\"fr-FR\",\"potentialAction\":[{\"@type\":\"CommentAction\",\"name\":\"Comment\",\"target\":[\"https:\\\/\\\/fr.motocrossmag.be\\\/index.php\\\/2014\\\/04\\\/photos-les-belgian-masters-of-motocross-a-mons\\\/#respond\"]}]},{\"@type\":\"WebPage\",\"@id\":\"https:\\\/\\\/fr.motocrossmag.be\\\/index.php\\\/2014\\\/04\\\/photos-les-belgian-masters-of-motocross-a-mons\\\/\",\"url\":\"https:\\\/\\\/fr.motocrossmag.be\\\/index.php\\\/2014\\\/04\\\/photos-les-belgian-masters-of-motocross-a-mons\\\/\",\"name\":\"Photos: les Belgian Masters of Motocross \u00e0 Mons - Motocross - Enduro - Supermoto | MotocrossMag\",\"isPartOf\":{\"@id\":\"https:\\\/\\\/fr.motocrossmag.be\\\/#website\"},\"primaryImageOfPage\":{\"@id\":\"https:\\\/\\\/fr.motocrossmag.be\\\/index.php\\\/2014\\\/04\\\/photos-les-belgian-masters-of-motocross-a-mons\\\/#primaryimage\"},\"image\":{\"@id\":\"https:\\\/\\\/fr.motocrossmag.be\\\/index.php\\\/2014\\\/04\\\/photos-les-belgian-masters-of-motocross-a-mons\\\/#primaryimage\"},\"thumbnailUrl\":\"https:\\\/\\\/fr.motocrossmag.be\\\/wp-content\\\/uploads\\\/2014\\\/04\\\/20140407BKMons041.jpg\",\"datePublished\":\"2014-04-07T20:17:12+00:00\",\"dateModified\":\"2014-04-07T20:37:48+00:00\",\"author\":{\"@id\":\"https:\\\/\\\/fr.motocrossmag.be\\\/#\\\/schema\\\/person\\\/11b47143d9f755babca2c9110e03235c\"},\"breadcrumb\":{\"@id\":\"https:\\\/\\\/fr.motocrossmag.be\\\/index.php\\\/2014\\\/04\\\/photos-les-belgian-masters-of-motocross-a-mons\\\/#breadcrumb\"},\"inLanguage\":\"fr-FR\",\"potentialAction\":[{\"@type\":\"ReadAction\",\"target\":[\"https:\\\/\\\/fr.motocrossmag.be\\\/index.php\\\/2014\\\/04\\\/photos-les-belgian-masters-of-motocross-a-mons\\\/\"]}]},{\"@type\":\"ImageObject\",\"inLanguage\":\"fr-FR\",\"@id\":\"https:\\\/\\\/fr.motocrossmag.be\\\/index.php\\\/2014\\\/04\\\/photos-les-belgian-masters-of-motocross-a-mons\\\/#primaryimage\",\"url\":\"https:\\\/\\\/fr.motocrossmag.be\\\/wp-content\\\/uploads\\\/2014\\\/04\\\/20140407BKMons041.jpg\",\"contentUrl\":\"https:\\\/\\\/fr.motocrossmag.be\\\/wp-content\\\/uploads\\\/2014\\\/04\\\/20140407BKMons041.jpg\",\"width\":1024,\"height\":680},{\"@type\":\"BreadcrumbList\",\"@id\":\"https:\\\/\\\/fr.motocrossmag.be\\\/index.php\\\/2014\\\/04\\\/photos-les-belgian-masters-of-motocross-a-mons\\\/#breadcrumb\",\"itemListElement\":[{\"@type\":\"ListItem\",\"position\":1,\"name\":\"Accueil\",\"item\":\"https:\\\/\\\/fr.motocrossmag.be\\\/\"},{\"@type\":\"ListItem\",\"position\":2,\"name\":\"Photos: les Belgian Masters of Motocross \u00e0 Mons\"}]},{\"@type\":\"WebSite\",\"@id\":\"https:\\\/\\\/fr.motocrossmag.be\\\/#website\",\"url\":\"https:\\\/\\\/fr.motocrossmag.be\\\/\",\"name\":\"Motocross - Enduro - Supermoto | MotocrossMag\",\"description\":\"L&#039;actualit\u00e9 du motocross, de l&#039;enduro et du Supermoto en ligne!\",\"potentialAction\":[{\"@type\":\"SearchAction\",\"target\":{\"@type\":\"EntryPoint\",\"urlTemplate\":\"https:\\\/\\\/fr.motocrossmag.be\\\/?s={search_term_string}\"},\"query-input\":{\"@type\":\"PropertyValueSpecification\",\"valueRequired\":true,\"valueName\":\"search_term_string\"}}],\"inLanguage\":\"fr-FR\"},{\"@type\":\"Person\",\"@id\":\"https:\\\/\\\/fr.motocrossmag.be\\\/#\\\/schema\\\/person\\\/11b47143d9f755babca2c9110e03235c\",\"name\":\"oliviere\",\"image\":{\"@type\":\"ImageObject\",\"inLanguage\":\"fr-FR\",\"@id\":\"https:\\\/\\\/secure.gravatar.com\\\/avatar\\\/907069e0b81d119452040469e4a7501da1100f54f7f80180ce77bfab718288f6?s=96&d=mm&r=g\",\"url\":\"https:\\\/\\\/secure.gravatar.com\\\/avatar\\\/907069e0b81d119452040469e4a7501da1100f54f7f80180ce77bfab718288f6?s=96&d=mm&r=g\",\"contentUrl\":\"https:\\\/\\\/secure.gravatar.com\\\/avatar\\\/907069e0b81d119452040469e4a7501da1100f54f7f80180ce77bfab718288f6?s=96&d=mm&r=g\",\"caption\":\"oliviere\"},\"sameAs\":[\"http:\\\/\\\/www.motocrossmag.be\"],\"url\":\"https:\\\/\\\/fr.motocrossmag.be\\\/index.php\\\/author\\\/oliviere\\\/\"}]}<\/script>\n<!-- \/ Yoast SEO plugin. -->","yoast_head_json":{"title":"Photos: les Belgian Masters of Motocross \u00e0 Mons - Motocross - Enduro - Supermoto | MotocrossMag","robots":{"index":"index","follow":"follow","max-snippet":"max-snippet:-1","max-image-preview":"max-image-preview:large","max-video-preview":"max-video-preview:-1"},"canonical":"https:\/\/fr.motocrossmag.be\/index.php\/2014\/04\/photos-les-belgian-masters-of-motocross-a-mons\/","og_locale":"fr_FR","og_type":"article","og_title":"Photos: les Belgian Masters of Motocross \u00e0 Mons - Motocross - Enduro - Supermoto | MotocrossMag","og_description":"Le premier round des Belgian Masters of Motocross disput\u00e9 ce dimanche sur le circuit du \u00ab\u00a0Bois br\u00fbl\u00e9\u00a0\u00bb \u00e0 Mons a tenu toutes ses promesses. Notamment gr\u00e2ce \u00e0 un J\u00e9r\u00e9my Van Horebeek au sommet de sa forme qui a impressionn\u00e9 le public montois en dominant outrageusement cette premi\u00e8re journ\u00e9e de championnat. En piste, seul Kevin Strijbos [&hellip;]","og_url":"https:\/\/fr.motocrossmag.be\/index.php\/2014\/04\/photos-les-belgian-masters-of-motocross-a-mons\/","og_site_name":"Motocross - Enduro - Supermoto | MotocrossMag","article_published_time":"2014-04-07T20:17:12+00:00","article_modified_time":"2014-04-07T20:37:48+00:00","og_image":[{"width":1024,"height":680,"url":"https:\/\/fr.motocrossmag.be\/wp-content\/uploads\/2014\/04\/20140407BKMons041.jpg","type":"image\/jpeg"}],"author":"oliviere","twitter_card":"summary_large_image","twitter_misc":{"\u00c9crit par":"oliviere"},"schema":{"@context":"https:\/\/schema.org","@graph":[{"@type":"Article","@id":"https:\/\/fr.motocrossmag.be\/index.php\/2014\/04\/photos-les-belgian-masters-of-motocross-a-mons\/#article","isPartOf":{"@id":"https:\/\/fr.motocrossmag.be\/index.php\/2014\/04\/photos-les-belgian-masters-of-motocross-a-mons\/"},"author":{"name":"oliviere","@id":"https:\/\/fr.motocrossmag.be\/#\/schema\/person\/11b47143d9f755babca2c9110e03235c"},"headline":"Photos: les Belgian Masters of Motocross \u00e0 Mons","datePublished":"2014-04-07T20:17:12+00:00","dateModified":"2014-04-07T20:37:48+00:00","mainEntityOfPage":{"@id":"https:\/\/fr.motocrossmag.be\/index.php\/2014\/04\/photos-les-belgian-masters-of-motocross-a-mons\/"},"wordCount":105,"commentCount":0,"image":{"@id":"https:\/\/fr.motocrossmag.be\/index.php\/2014\/04\/photos-les-belgian-masters-of-motocross-a-mons\/#primaryimage"},"thumbnailUrl":"https:\/\/fr.motocrossmag.be\/wp-content\/uploads\/2014\/04\/20140407BKMons041.jpg","articleSection":["Motocross","Motocross FMB","Photos","Slideshow"],"inLanguage":"fr-FR","potentialAction":[{"@type":"CommentAction","name":"Comment","target":["https:\/\/fr.motocrossmag.be\/index.php\/2014\/04\/photos-les-belgian-masters-of-motocross-a-mons\/#respond"]}]},{"@type":"WebPage","@id":"https:\/\/fr.motocrossmag.be\/index.php\/2014\/04\/photos-les-belgian-masters-of-motocross-a-mons\/","url":"https:\/\/fr.motocrossmag.be\/index.php\/2014\/04\/photos-les-belgian-masters-of-motocross-a-mons\/","name":"Photos: les Belgian Masters of Motocross \u00e0 Mons - Motocross - Enduro - Supermoto | MotocrossMag","isPartOf":{"@id":"https:\/\/fr.motocrossmag.be\/#website"},"primaryImageOfPage":{"@id":"https:\/\/fr.motocrossmag.be\/index.php\/2014\/04\/photos-les-belgian-masters-of-motocross-a-mons\/#primaryimage"},"image":{"@id":"https:\/\/fr.motocrossmag.be\/index.php\/2014\/04\/photos-les-belgian-masters-of-motocross-a-mons\/#primaryimage"},"thumbnailUrl":"https:\/\/fr.motocrossmag.be\/wp-content\/uploads\/2014\/04\/20140407BKMons041.jpg","datePublished":"2014-04-07T20:17:12+00:00","dateModified":"2014-04-07T20:37:48+00:00","author":{"@id":"https:\/\/fr.motocrossmag.be\/#\/schema\/person\/11b47143d9f755babca2c9110e03235c"},"breadcrumb":{"@id":"https:\/\/fr.motocrossmag.be\/index.php\/2014\/04\/photos-les-belgian-masters-of-motocross-a-mons\/#breadcrumb"},"inLanguage":"fr-FR","potentialAction":[{"@type":"ReadAction","target":["https:\/\/fr.motocrossmag.be\/index.php\/2014\/04\/photos-les-belgian-masters-of-motocross-a-mons\/"]}]},{"@type":"ImageObject","inLanguage":"fr-FR","@id":"https:\/\/fr.motocrossmag.be\/index.php\/2014\/04\/photos-les-belgian-masters-of-motocross-a-mons\/#primaryimage","url":"https:\/\/fr.motocrossmag.be\/wp-content\/uploads\/2014\/04\/20140407BKMons041.jpg","contentUrl":"https:\/\/fr.motocrossmag.be\/wp-content\/uploads\/2014\/04\/20140407BKMons041.jpg","width":1024,"height":680},{"@type":"BreadcrumbList","@id":"https:\/\/fr.motocrossmag.be\/index.php\/2014\/04\/photos-les-belgian-masters-of-motocross-a-mons\/#breadcrumb","itemListElement":[{"@type":"ListItem","position":1,"name":"Accueil","item":"https:\/\/fr.motocrossmag.be\/"},{"@type":"ListItem","position":2,"name":"Photos: les Belgian Masters of Motocross \u00e0 Mons"}]},{"@type":"WebSite","@id":"https:\/\/fr.motocrossmag.be\/#website","url":"https:\/\/fr.motocrossmag.be\/","name":"Motocross - Enduro - Supermoto | MotocrossMag","description":"L&#039;actualit\u00e9 du motocross, de l&#039;enduro et du Supermoto en ligne!","potentialAction":[{"@type":"SearchAction","target":{"@type":"EntryPoint","urlTemplate":"https:\/\/fr.motocrossmag.be\/?s={search_term_string}"},"query-input":{"@type":"PropertyValueSpecification","valueRequired":true,"valueName":"search_term_string"}}],"inLanguage":"fr-FR"},{"@type":"Person","@id":"https:\/\/fr.motocrossmag.be\/#\/schema\/person\/11b47143d9f755babca2c9110e03235c","name":"oliviere","image":{"@type":"ImageObject","inLanguage":"fr-FR","@id":"https:\/\/secure.gravatar.com\/avatar\/907069e0b81d119452040469e4a7501da1100f54f7f80180ce77bfab718288f6?s=96&d=mm&r=g","url":"https:\/\/secure.gravatar.com\/avatar\/907069e0b81d119452040469e4a7501da1100f54f7f80180ce77bfab718288f6?s=96&d=mm&r=g","contentUrl":"https:\/\/secure.gravatar.com\/avatar\/907069e0b81d119452040469e4a7501da1100f54f7f80180ce77bfab718288f6?s=96&d=mm&r=g","caption":"oliviere"},"sameAs":["http:\/\/www.motocrossmag.be"],"url":"https:\/\/fr.motocrossmag.be\/index.php\/author\/oliviere\/"}]}},"_links":{"self":[{"href":"https:\/\/fr.motocrossmag.be\/index.php\/wp-json\/wp\/v2\/posts\/21605","targetHints":{"allow":["GET"]}}],"collection":[{"href":"https:\/\/fr.motocrossmag.be\/index.php\/wp-json\/wp\/v2\/posts"}],"about":[{"href":"https:\/\/fr.motocrossmag.be\/index.php\/wp-json\/wp\/v2\/types\/post"}],"author":[{"embeddable":true,"href":"https:\/\/fr.motocrossmag.be\/index.php\/wp-json\/wp\/v2\/users\/932"}],"replies":[{"embeddable":true,"href":"https:\/\/fr.motocrossmag.be\/index.php\/wp-json\/wp\/v2\/comments?post=21605"}],"version-history":[{"count":2,"href":"https:\/\/fr.motocrossmag.be\/index.php\/wp-json\/wp\/v2\/posts\/21605\/revisions"}],"predecessor-version":[{"id":21726,"href":"https:\/\/fr.motocrossmag.be\/index.php\/wp-json\/wp\/v2\/posts\/21605\/revisions\/21726"}],"wp:featuredmedia":[{"embeddable":true,"href":"https:\/\/fr.motocrossmag.be\/index.php\/wp-json\/wp\/v2\/media\/21708"}],"wp:attachment":[{"href":"https:\/\/fr.motocrossmag.be\/index.php\/wp-json\/wp\/v2\/media?parent=21605"}],"wp:term":[{"taxonomy":"category","embeddable":true,"href":"https:\/\/fr.motocrossmag.be\/index.php\/wp-json\/wp\/v2\/categories?post=21605"},{"taxonomy":"post_tag","embeddable":true,"href":"https:\/\/fr.motocrossmag.be\/index.php\/wp-json\/wp\/v2\/tags?post=21605"}],"curies":[{"name":"wp","href":"https:\/\/api.w.org\/{rel}","templated":true}]}}