{"id":23068,"date":"2014-05-08T16:57:21","date_gmt":"2014-05-08T14:57:21","guid":{"rendered":"http:\/\/fr.motocrossmag.be\/?p=23068"},"modified":"2014-05-08T16:57:21","modified_gmt":"2014-05-08T14:57:21","slug":"photos-le-gp-de-hollande-a-valkenswaard","status":"publish","type":"post","link":"https:\/\/fr.motocrossmag.be\/index.php\/2014\/05\/photos-le-gp-de-hollande-a-valkenswaard\/","title":{"rendered":"Photos: le GP de Hollande \u00e0 Valkenswaard"},"content":{"rendered":"<p>Notre photographe maison \u00ab\u00a0CDS\u00a0\u00bb nous propose de revenir en images sur le GP de Valkenswaard, disput\u00e9 le week-end pass\u00e9 et remport\u00e9 par les officiels KTM Antonio Cairoli (MXGP) et Jeffrey Herlings (MX2).<\/p>\n<p>Photos: CDS<\/p><div class=\"vcjqu6a971b1231248\" ><!-- \/91277017\/Inline-articles-mobile -->\n<div style=\"margin:auto; text-align:center !important\">\n<div id='div-gpt-ad-1784982661365-0' style='min-width: 250px; min-height: 75px;'>\n  <script>\n    googletag.cmd.push(function() { googletag.display('div-gpt-ad-1784982661365-0'); });\n  <\/script>\n<\/div><\/div><\/div><style type=\"text\/css\">\r\n.vcjqu6a971b1231248 {\r\nmargin-bottom:30px;margin-top:20px\r\n}\r\n@media screen and (min-width: 1201px) {\r\n.vcjqu6a971b1231248 {\r\ndisplay: block;\r\n}\r\n}\r\n@media screen and (min-width: 993px) and (max-width: 1200px) {\r\n.vcjqu6a971b1231248 {\r\ndisplay: block;\r\n}\r\n}\r\n@media screen and (min-width: 769px) and (max-width: 992px) {\r\n.vcjqu6a971b1231248 {\r\ndisplay: block;\r\n}\r\n}\r\n@media screen and (min-width: 768px) and (max-width: 768px) {\r\n.vcjqu6a971b1231248 {\r\ndisplay: block;\r\n}\r\n}\r\n@media screen and (max-width: 767px) {\r\n.vcjqu6a971b1231248 {\r\ndisplay: block;\r\n}\r\n}\r\n<\/style>\r\n\n<div id='gallery-1' class='gallery galleryid-23068 gallery-columns-3 gallery-size-thumbnail'><figure class='gallery-item'>\n\t\t\t<div class='gallery-icon landscape'>\n\t\t\t\t<a href='https:\/\/fr.motocrossmag.be\/index.php\/2014\/05\/photos-le-gp-de-hollande-a-valkenswaard\/88_img_03321\/'><img decoding=\"async\" width=\"150\" height=\"150\" src=\"https:\/\/fr.motocrossmag.be\/wp-content\/uploads\/2014\/05\/88_IMG_03321-150x150.jpg\" class=\"attachment-thumbnail size-thumbnail\" alt=\"\" srcset=\"https:\/\/fr.motocrossmag.be\/wp-content\/uploads\/2014\/05\/88_IMG_03321-150x150.jpg 150w, https:\/\/fr.motocrossmag.be\/wp-content\/uploads\/2014\/05\/88_IMG_03321-50x50.jpg 50w\" sizes=\"(max-width: 150px) 100vw, 150px\" \/><\/a>\n\t\t\t<\/div><\/figure><figure class='gallery-item'>\n\t\t\t<div class='gallery-icon landscape'>\n\t\t\t\t<a href='https:\/\/fr.motocrossmag.be\/index.php\/2014\/05\/photos-le-gp-de-hollande-a-valkenswaard\/anstie_img_1004\/'><img decoding=\"async\" width=\"150\" height=\"150\" src=\"https:\/\/fr.motocrossmag.be\/wp-content\/uploads\/2014\/05\/anstie_IMG_1004-150x150.jpg\" class=\"attachment-thumbnail size-thumbnail\" alt=\"\" srcset=\"https:\/\/fr.motocrossmag.be\/wp-content\/uploads\/2014\/05\/anstie_IMG_1004-150x150.jpg 150w, https:\/\/fr.motocrossmag.be\/wp-content\/uploads\/2014\/05\/anstie_IMG_1004-50x50.jpg 50w\" sizes=\"(max-width: 150px) 100vw, 150px\" \/><\/a>\n\t\t\t<\/div><\/figure><figure class='gallery-item'>\n\t\t\t<div class='gallery-icon portrait'>\n\t\t\t\t<a href='https:\/\/fr.motocrossmag.be\/index.php\/2014\/05\/photos-le-gp-de-hollande-a-valkenswaard\/anstie_img_1322-600x900\/'><img decoding=\"async\" width=\"150\" height=\"150\" src=\"https:\/\/fr.motocrossmag.be\/wp-content\/uploads\/2014\/05\/anstie_IMG_1322-600x900-150x150.jpg\" class=\"attachment-thumbnail size-thumbnail\" alt=\"\" srcset=\"https:\/\/fr.motocrossmag.be\/wp-content\/uploads\/2014\/05\/anstie_IMG_1322-600x900-150x150.jpg 150w, https:\/\/fr.motocrossmag.be\/wp-content\/uploads\/2014\/05\/anstie_IMG_1322-600x900-50x50.jpg 50w\" sizes=\"(max-width: 150px) 100vw, 150px\" \/><\/a>\n\t\t\t<\/div><\/figure><figure class='gallery-item'>\n\t\t\t<div class='gallery-icon landscape'>\n\t\t\t\t<a href='https:\/\/fr.motocrossmag.be\/index.php\/2014\/05\/photos-le-gp-de-hollande-a-valkenswaard\/bobby_fp4a7166\/'><img decoding=\"async\" width=\"150\" height=\"150\" src=\"https:\/\/fr.motocrossmag.be\/wp-content\/uploads\/2014\/05\/bobby_FP4A7166-150x150.jpg\" class=\"attachment-thumbnail size-thumbnail\" alt=\"\" srcset=\"https:\/\/fr.motocrossmag.be\/wp-content\/uploads\/2014\/05\/bobby_FP4A7166-150x150.jpg 150w, https:\/\/fr.motocrossmag.be\/wp-content\/uploads\/2014\/05\/bobby_FP4A7166-50x50.jpg 50w\" sizes=\"(max-width: 150px) 100vw, 150px\" \/><\/a>\n\t\t\t<\/div><\/figure><figure class='gallery-item'>\n\t\t\t<div class='gallery-icon landscape'>\n\t\t\t\t<a href='https:\/\/fr.motocrossmag.be\/index.php\/2014\/05\/photos-le-gp-de-hollande-a-valkenswaard\/bobby_img_1529\/'><img decoding=\"async\" width=\"150\" height=\"150\" src=\"https:\/\/fr.motocrossmag.be\/wp-content\/uploads\/2014\/05\/bobby_IMG_1529-150x150.jpg\" class=\"attachment-thumbnail size-thumbnail\" alt=\"\" srcset=\"https:\/\/fr.motocrossmag.be\/wp-content\/uploads\/2014\/05\/bobby_IMG_1529-150x150.jpg 150w, https:\/\/fr.motocrossmag.be\/wp-content\/uploads\/2014\/05\/bobby_IMG_1529-50x50.jpg 50w\" sizes=\"(max-width: 150px) 100vw, 150px\" \/><\/a>\n\t\t\t<\/div><\/figure><figure class='gallery-item'>\n\t\t\t<div class='gallery-icon landscape'>\n\t\t\t\t<a href='https:\/\/fr.motocrossmag.be\/index.php\/2014\/05\/photos-le-gp-de-hollande-a-valkenswaard\/boog_fp4a6400\/'><img decoding=\"async\" width=\"150\" height=\"150\" src=\"https:\/\/fr.motocrossmag.be\/wp-content\/uploads\/2014\/05\/boog_FP4A6400-150x150.jpg\" class=\"attachment-thumbnail size-thumbnail\" alt=\"\" srcset=\"https:\/\/fr.motocrossmag.be\/wp-content\/uploads\/2014\/05\/boog_FP4A6400-150x150.jpg 150w, https:\/\/fr.motocrossmag.be\/wp-content\/uploads\/2014\/05\/boog_FP4A6400-50x50.jpg 50w\" sizes=\"(max-width: 150px) 100vw, 150px\" \/><\/a>\n\t\t\t<\/div><\/figure><figure class='gallery-item'>\n\t\t\t<div class='gallery-icon portrait'>\n\t\t\t\t<a href='https:\/\/fr.motocrossmag.be\/index.php\/2014\/05\/photos-le-gp-de-hollande-a-valkenswaard\/brakke_img_0486-600x900\/'><img decoding=\"async\" width=\"150\" height=\"150\" src=\"https:\/\/fr.motocrossmag.be\/wp-content\/uploads\/2014\/05\/brakke_IMG_0486-600x900-150x150.jpg\" class=\"attachment-thumbnail size-thumbnail\" alt=\"\" srcset=\"https:\/\/fr.motocrossmag.be\/wp-content\/uploads\/2014\/05\/brakke_IMG_0486-600x900-150x150.jpg 150w, https:\/\/fr.motocrossmag.be\/wp-content\/uploads\/2014\/05\/brakke_IMG_0486-600x900-50x50.jpg 50w\" sizes=\"(max-width: 150px) 100vw, 150px\" \/><\/a>\n\t\t\t<\/div><\/figure><figure class='gallery-item'>\n\t\t\t<div class='gallery-icon landscape'>\n\t\t\t\t<a href='https:\/\/fr.motocrossmag.be\/index.php\/2014\/05\/photos-le-gp-de-hollande-a-valkenswaard\/butron_img_3175\/'><img decoding=\"async\" width=\"150\" height=\"150\" src=\"https:\/\/fr.motocrossmag.be\/wp-content\/uploads\/2014\/05\/butron_IMG_3175-150x150.jpg\" class=\"attachment-thumbnail size-thumbnail\" alt=\"\" srcset=\"https:\/\/fr.motocrossmag.be\/wp-content\/uploads\/2014\/05\/butron_IMG_3175-150x150.jpg 150w, https:\/\/fr.motocrossmag.be\/wp-content\/uploads\/2014\/05\/butron_IMG_3175-50x50.jpg 50w\" sizes=\"(max-width: 150px) 100vw, 150px\" \/><\/a>\n\t\t\t<\/div><\/figure><figure class='gallery-item'>\n\t\t\t<div class='gallery-icon landscape'>\n\t\t\t\t<a href='https:\/\/fr.motocrossmag.be\/index.php\/2014\/05\/photos-le-gp-de-hollande-a-valkenswaard\/clijsters_img_2856\/'><img decoding=\"async\" width=\"150\" height=\"150\" src=\"https:\/\/fr.motocrossmag.be\/wp-content\/uploads\/2014\/05\/clijsters_IMG_2856-150x150.jpg\" class=\"attachment-thumbnail size-thumbnail\" alt=\"\" srcset=\"https:\/\/fr.motocrossmag.be\/wp-content\/uploads\/2014\/05\/clijsters_IMG_2856-150x150.jpg 150w, https:\/\/fr.motocrossmag.be\/wp-content\/uploads\/2014\/05\/clijsters_IMG_2856-50x50.jpg 50w\" sizes=\"(max-width: 150px) 100vw, 150px\" \/><\/a>\n\t\t\t<\/div><\/figure><figure class='gallery-item'>\n\t\t\t<div class='gallery-icon landscape'>\n\t\t\t\t<a href='https:\/\/fr.motocrossmag.be\/index.php\/2014\/05\/photos-le-gp-de-hollande-a-valkenswaard\/cordens_fp4a6735\/'><img decoding=\"async\" width=\"150\" height=\"150\" src=\"https:\/\/fr.motocrossmag.be\/wp-content\/uploads\/2014\/05\/cordens_FP4A6735-150x150.jpg\" class=\"attachment-thumbnail size-thumbnail\" alt=\"\" srcset=\"https:\/\/fr.motocrossmag.be\/wp-content\/uploads\/2014\/05\/cordens_FP4A6735-150x150.jpg 150w, https:\/\/fr.motocrossmag.be\/wp-content\/uploads\/2014\/05\/cordens_FP4A6735-50x50.jpg 50w\" sizes=\"(max-width: 150px) 100vw, 150px\" \/><\/a>\n\t\t\t<\/div><\/figure><figure class='gallery-item'>\n\t\t\t<div class='gallery-icon landscape'>\n\t\t\t\t<a href='https:\/\/fr.motocrossmag.be\/index.php\/2014\/05\/photos-le-gp-de-hollande-a-valkenswaard\/covington_fp4a6943\/'><img decoding=\"async\" width=\"150\" height=\"150\" src=\"https:\/\/fr.motocrossmag.be\/wp-content\/uploads\/2014\/05\/covington_FP4A6943-150x150.jpg\" class=\"attachment-thumbnail size-thumbnail\" alt=\"\" aria-describedby=\"gallery-1-23079\" srcset=\"https:\/\/fr.motocrossmag.be\/wp-content\/uploads\/2014\/05\/covington_FP4A6943-150x150.jpg 150w, https:\/\/fr.motocrossmag.be\/wp-content\/uploads\/2014\/05\/covington_FP4A6943-50x50.jpg 50w\" sizes=\"(max-width: 150px) 100vw, 150px\" \/><\/a>\n\t\t\t<\/div>\n\t\t\t\t<figcaption class='wp-caption-text gallery-caption' id='gallery-1-23079'>\n\t\t\t\tPas mal d&rsquo;observateurs voient Thomas Covington jouer un r\u00f4le d&rsquo;outsider en MX2\n\t\t\t\t<\/figcaption><\/figure><figure class='gallery-item'>\n\t\t\t<div class='gallery-icon landscape'>\n\t\t\t\t<a href='https:\/\/fr.motocrossmag.be\/index.php\/2014\/05\/photos-le-gp-de-hollande-a-valkenswaard\/dereuver_fp4a6131\/'><img decoding=\"async\" width=\"150\" height=\"150\" src=\"https:\/\/fr.motocrossmag.be\/wp-content\/uploads\/2014\/05\/dereuver_FP4A6131-150x150.jpg\" class=\"attachment-thumbnail size-thumbnail\" alt=\"\" srcset=\"https:\/\/fr.motocrossmag.be\/wp-content\/uploads\/2014\/05\/dereuver_FP4A6131-150x150.jpg 150w, https:\/\/fr.motocrossmag.be\/wp-content\/uploads\/2014\/05\/dereuver_FP4A6131-50x50.jpg 50w\" sizes=\"(max-width: 150px) 100vw, 150px\" \/><\/a>\n\t\t\t<\/div><\/figure><figure class='gallery-item'>\n\t\t\t<div class='gallery-icon landscape'>\n\t\t\t\t<a href='https:\/\/fr.motocrossmag.be\/index.php\/2014\/05\/photos-le-gp-de-hollande-a-valkenswaard\/desalle_fp4a7688\/'><img decoding=\"async\" width=\"150\" height=\"150\" src=\"https:\/\/fr.motocrossmag.be\/wp-content\/uploads\/2014\/05\/desalle_FP4A7688-150x150.jpg\" class=\"attachment-thumbnail size-thumbnail\" alt=\"\" srcset=\"https:\/\/fr.motocrossmag.be\/wp-content\/uploads\/2014\/05\/desalle_FP4A7688-150x150.jpg 150w, https:\/\/fr.motocrossmag.be\/wp-content\/uploads\/2014\/05\/desalle_FP4A7688-50x50.jpg 50w\" sizes=\"(max-width: 150px) 100vw, 150px\" \/><\/a>\n\t\t\t<\/div><\/figure><figure class='gallery-item'>\n\t\t\t<div class='gallery-icon landscape'>\n\t\t\t\t<a href='https:\/\/fr.motocrossmag.be\/index.php\/2014\/05\/photos-le-gp-de-hollande-a-valkenswaard\/desalle_img_1532\/'><img decoding=\"async\" width=\"150\" height=\"150\" src=\"https:\/\/fr.motocrossmag.be\/wp-content\/uploads\/2014\/05\/desalle_IMG_1532-150x150.jpg\" class=\"attachment-thumbnail size-thumbnail\" alt=\"\" srcset=\"https:\/\/fr.motocrossmag.be\/wp-content\/uploads\/2014\/05\/desalle_IMG_1532-150x150.jpg 150w, https:\/\/fr.motocrossmag.be\/wp-content\/uploads\/2014\/05\/desalle_IMG_1532-50x50.jpg 50w\" sizes=\"(max-width: 150px) 100vw, 150px\" \/><\/a>\n\t\t\t<\/div><\/figure><figure class='gallery-item'>\n\t\t\t<div class='gallery-icon landscape'>\n\t\t\t\t<a href='https:\/\/fr.motocrossmag.be\/index.php\/2014\/05\/photos-le-gp-de-hollande-a-valkenswaard\/desprey_fp4a7422\/'><img decoding=\"async\" width=\"150\" height=\"150\" src=\"https:\/\/fr.motocrossmag.be\/wp-content\/uploads\/2014\/05\/desprey_FP4A7422-150x150.jpg\" class=\"attachment-thumbnail size-thumbnail\" alt=\"\" srcset=\"https:\/\/fr.motocrossmag.be\/wp-content\/uploads\/2014\/05\/desprey_FP4A7422-150x150.jpg 150w, https:\/\/fr.motocrossmag.be\/wp-content\/uploads\/2014\/05\/desprey_FP4A7422-50x50.jpg 50w\" sizes=\"(max-width: 150px) 100vw, 150px\" \/><\/a>\n\t\t\t<\/div><\/figure><figure class='gallery-item'>\n\t\t\t<div class='gallery-icon landscape'>\n\t\t\t\t<a href='https:\/\/fr.motocrossmag.be\/index.php\/2014\/05\/photos-le-gp-de-hollande-a-valkenswaard\/drinking-team_fp4a5901\/'><img decoding=\"async\" width=\"150\" height=\"150\" src=\"https:\/\/fr.motocrossmag.be\/wp-content\/uploads\/2014\/05\/drinking-team_FP4A5901-150x150.jpg\" class=\"attachment-thumbnail size-thumbnail\" alt=\"\" srcset=\"https:\/\/fr.motocrossmag.be\/wp-content\/uploads\/2014\/05\/drinking-team_FP4A5901-150x150.jpg 150w, https:\/\/fr.motocrossmag.be\/wp-content\/uploads\/2014\/05\/drinking-team_FP4A5901-50x50.jpg 50w\" sizes=\"(max-width: 150px) 100vw, 150px\" \/><\/a>\n\t\t\t<\/div><\/figure><figure class='gallery-item'>\n\t\t\t<div class='gallery-icon landscape'>\n\t\t\t\t<a href='https:\/\/fr.motocrossmag.be\/index.php\/2014\/05\/photos-le-gp-de-hollande-a-valkenswaard\/engelen_img_2552\/'><img decoding=\"async\" width=\"150\" height=\"150\" src=\"https:\/\/fr.motocrossmag.be\/wp-content\/uploads\/2014\/05\/engelen_IMG_2552-150x150.jpg\" class=\"attachment-thumbnail size-thumbnail\" alt=\"\" srcset=\"https:\/\/fr.motocrossmag.be\/wp-content\/uploads\/2014\/05\/engelen_IMG_2552-150x150.jpg 150w, https:\/\/fr.motocrossmag.be\/wp-content\/uploads\/2014\/05\/engelen_IMG_2552-50x50.jpg 50w\" sizes=\"(max-width: 150px) 100vw, 150px\" \/><\/a>\n\t\t\t<\/div><\/figure><figure class='gallery-item'>\n\t\t\t<div class='gallery-icon landscape'>\n\t\t\t\t<a href='https:\/\/fr.motocrossmag.be\/index.php\/2014\/05\/photos-le-gp-de-hollande-a-valkenswaard\/febvre_ferrandis_tonus_img_3366\/'><img decoding=\"async\" width=\"150\" height=\"150\" src=\"https:\/\/fr.motocrossmag.be\/wp-content\/uploads\/2014\/05\/febvre_ferrandis_tonus_IMG_3366-150x150.jpg\" class=\"attachment-thumbnail size-thumbnail\" alt=\"\" srcset=\"https:\/\/fr.motocrossmag.be\/wp-content\/uploads\/2014\/05\/febvre_ferrandis_tonus_IMG_3366-150x150.jpg 150w, https:\/\/fr.motocrossmag.be\/wp-content\/uploads\/2014\/05\/febvre_ferrandis_tonus_IMG_3366-50x50.jpg 50w\" sizes=\"(max-width: 150px) 100vw, 150px\" \/><\/a>\n\t\t\t<\/div><\/figure><figure class='gallery-item'>\n\t\t\t<div class='gallery-icon landscape'>\n\t\t\t\t<a href='https:\/\/fr.motocrossmag.be\/index.php\/2014\/05\/photos-le-gp-de-hollande-a-valkenswaard\/febvre_fp4a7064\/'><img decoding=\"async\" width=\"150\" height=\"150\" src=\"https:\/\/fr.motocrossmag.be\/wp-content\/uploads\/2014\/05\/febvre_FP4A7064-150x150.jpg\" class=\"attachment-thumbnail size-thumbnail\" alt=\"\" srcset=\"https:\/\/fr.motocrossmag.be\/wp-content\/uploads\/2014\/05\/febvre_FP4A7064-150x150.jpg 150w, https:\/\/fr.motocrossmag.be\/wp-content\/uploads\/2014\/05\/febvre_FP4A7064-50x50.jpg 50w\" sizes=\"(max-width: 150px) 100vw, 150px\" \/><\/a>\n\t\t\t<\/div><\/figure><figure class='gallery-item'>\n\t\t\t<div class='gallery-icon landscape'>\n\t\t\t\t<a href='https:\/\/fr.motocrossmag.be\/index.php\/2014\/05\/photos-le-gp-de-hollande-a-valkenswaard\/febvre_fp4a7784\/'><img decoding=\"async\" width=\"150\" height=\"150\" src=\"https:\/\/fr.motocrossmag.be\/wp-content\/uploads\/2014\/05\/febvre_FP4A7784-150x150.jpg\" class=\"attachment-thumbnail size-thumbnail\" alt=\"\" srcset=\"https:\/\/fr.motocrossmag.be\/wp-content\/uploads\/2014\/05\/febvre_FP4A7784-150x150.jpg 150w, https:\/\/fr.motocrossmag.be\/wp-content\/uploads\/2014\/05\/febvre_FP4A7784-50x50.jpg 50w\" sizes=\"(max-width: 150px) 100vw, 150px\" \/><\/a>\n\t\t\t<\/div><\/figure><figure class='gallery-item'>\n\t\t\t<div class='gallery-icon landscape'>\n\t\t\t\t<a href='https:\/\/fr.motocrossmag.be\/index.php\/2014\/05\/photos-le-gp-de-hollande-a-valkenswaard\/febvre_img_3505\/'><img decoding=\"async\" width=\"150\" height=\"150\" src=\"https:\/\/fr.motocrossmag.be\/wp-content\/uploads\/2014\/05\/febvre_IMG_3505-150x150.jpg\" class=\"attachment-thumbnail size-thumbnail\" alt=\"\" srcset=\"https:\/\/fr.motocrossmag.be\/wp-content\/uploads\/2014\/05\/febvre_IMG_3505-150x150.jpg 150w, https:\/\/fr.motocrossmag.be\/wp-content\/uploads\/2014\/05\/febvre_IMG_3505-50x50.jpg 50w\" sizes=\"(max-width: 150px) 100vw, 150px\" \/><\/a>\n\t\t\t<\/div><\/figure><figure class='gallery-item'>\n\t\t\t<div class='gallery-icon landscape'>\n\t\t\t\t<a href='https:\/\/fr.motocrossmag.be\/index.php\/2014\/05\/photos-le-gp-de-hollande-a-valkenswaard\/ferrandis_fp4a6887\/'><img decoding=\"async\" width=\"150\" height=\"150\" src=\"https:\/\/fr.motocrossmag.be\/wp-content\/uploads\/2014\/05\/ferrandis_FP4A6887-150x150.jpg\" class=\"attachment-thumbnail size-thumbnail\" alt=\"\" srcset=\"https:\/\/fr.motocrossmag.be\/wp-content\/uploads\/2014\/05\/ferrandis_FP4A6887-150x150.jpg 150w, https:\/\/fr.motocrossmag.be\/wp-content\/uploads\/2014\/05\/ferrandis_FP4A6887-50x50.jpg 50w\" sizes=\"(max-width: 150px) 100vw, 150px\" \/><\/a>\n\t\t\t<\/div><\/figure><figure class='gallery-item'>\n\t\t\t<div class='gallery-icon landscape'>\n\t\t\t\t<a href='https:\/\/fr.motocrossmag.be\/index.php\/2014\/05\/photos-le-gp-de-hollande-a-valkenswaard\/frossard_img_0411\/'><img decoding=\"async\" width=\"150\" height=\"150\" src=\"https:\/\/fr.motocrossmag.be\/wp-content\/uploads\/2014\/05\/frossard_IMG_0411-150x150.jpg\" class=\"attachment-thumbnail size-thumbnail\" alt=\"\" srcset=\"https:\/\/fr.motocrossmag.be\/wp-content\/uploads\/2014\/05\/frossard_IMG_0411-150x150.jpg 150w, https:\/\/fr.motocrossmag.be\/wp-content\/uploads\/2014\/05\/frossard_IMG_0411-50x50.jpg 50w\" sizes=\"(max-width: 150px) 100vw, 150px\" \/><\/a>\n\t\t\t<\/div><\/figure><figure class='gallery-item'>\n\t\t\t<div class='gallery-icon landscape'>\n\t\t\t\t<a href='https:\/\/fr.motocrossmag.be\/index.php\/2014\/05\/photos-le-gp-de-hollande-a-valkenswaard\/frossard_roelants_img_3680\/'><img decoding=\"async\" width=\"150\" height=\"150\" src=\"https:\/\/fr.motocrossmag.be\/wp-content\/uploads\/2014\/05\/frossard_roelants_IMG_3680-150x150.jpg\" class=\"attachment-thumbnail size-thumbnail\" alt=\"\" srcset=\"https:\/\/fr.motocrossmag.be\/wp-content\/uploads\/2014\/05\/frossard_roelants_IMG_3680-150x150.jpg 150w, https:\/\/fr.motocrossmag.be\/wp-content\/uploads\/2014\/05\/frossard_roelants_IMG_3680-50x50.jpg 50w\" sizes=\"(max-width: 150px) 100vw, 150px\" \/><\/a>\n\t\t\t<\/div><\/figure><figure class='gallery-item'>\n\t\t\t<div class='gallery-icon landscape'>\n\t\t\t\t<a href='https:\/\/fr.motocrossmag.be\/index.php\/2014\/05\/photos-le-gp-de-hollande-a-valkenswaard\/furbetta_fp4a6745\/'><img decoding=\"async\" width=\"150\" height=\"150\" src=\"https:\/\/fr.motocrossmag.be\/wp-content\/uploads\/2014\/05\/furbetta_FP4A6745-150x150.jpg\" class=\"attachment-thumbnail size-thumbnail\" alt=\"\" srcset=\"https:\/\/fr.motocrossmag.be\/wp-content\/uploads\/2014\/05\/furbetta_FP4A6745-150x150.jpg 150w, https:\/\/fr.motocrossmag.be\/wp-content\/uploads\/2014\/05\/furbetta_FP4A6745-50x50.jpg 50w\" sizes=\"(max-width: 150px) 100vw, 150px\" \/><\/a>\n\t\t\t<\/div><\/figure><figure class='gallery-item'>\n\t\t\t<div class='gallery-icon landscape'>\n\t\t\t\t<a href='https:\/\/fr.motocrossmag.be\/index.php\/2014\/05\/photos-le-gp-de-hollande-a-valkenswaard\/gasjer_fp4a7450\/'><img decoding=\"async\" width=\"150\" height=\"150\" src=\"https:\/\/fr.motocrossmag.be\/wp-content\/uploads\/2014\/05\/gasjer_FP4A7450-150x150.jpg\" class=\"attachment-thumbnail size-thumbnail\" alt=\"\" srcset=\"https:\/\/fr.motocrossmag.be\/wp-content\/uploads\/2014\/05\/gasjer_FP4A7450-150x150.jpg 150w, https:\/\/fr.motocrossmag.be\/wp-content\/uploads\/2014\/05\/gasjer_FP4A7450-50x50.jpg 50w\" sizes=\"(max-width: 150px) 100vw, 150px\" \/><\/a>\n\t\t\t<\/div><\/figure><figure class='gallery-item'>\n\t\t\t<div class='gallery-icon landscape'>\n\t\t\t\t<a href='https:\/\/fr.motocrossmag.be\/index.php\/2014\/05\/photos-le-gp-de-hollande-a-valkenswaard\/geboers_luongo_fp4a6598\/'><img decoding=\"async\" width=\"150\" height=\"150\" src=\"https:\/\/fr.motocrossmag.be\/wp-content\/uploads\/2014\/05\/geboers_luongo_FP4A6598-150x150.jpg\" class=\"attachment-thumbnail size-thumbnail\" alt=\"\" srcset=\"https:\/\/fr.motocrossmag.be\/wp-content\/uploads\/2014\/05\/geboers_luongo_FP4A6598-150x150.jpg 150w, https:\/\/fr.motocrossmag.be\/wp-content\/uploads\/2014\/05\/geboers_luongo_FP4A6598-50x50.jpg 50w\" sizes=\"(max-width: 150px) 100vw, 150px\" \/><\/a>\n\t\t\t<\/div><\/figure><figure class='gallery-item'>\n\t\t\t<div class='gallery-icon portrait'>\n\t\t\t\t<a href='https:\/\/fr.motocrossmag.be\/index.php\/2014\/05\/photos-le-gp-de-hollande-a-valkenswaard\/genette_img_2933-600x900\/'><img decoding=\"async\" width=\"150\" height=\"150\" src=\"https:\/\/fr.motocrossmag.be\/wp-content\/uploads\/2014\/05\/genette_IMG_2933-600x900-150x150.jpg\" class=\"attachment-thumbnail size-thumbnail\" alt=\"\" srcset=\"https:\/\/fr.motocrossmag.be\/wp-content\/uploads\/2014\/05\/genette_IMG_2933-600x900-150x150.jpg 150w, https:\/\/fr.motocrossmag.be\/wp-content\/uploads\/2014\/05\/genette_IMG_2933-600x900-50x50.jpg 50w\" sizes=\"(max-width: 150px) 100vw, 150px\" \/><\/a>\n\t\t\t<\/div><\/figure><figure class='gallery-item'>\n\t\t\t<div class='gallery-icon landscape'>\n\t\t\t\t<a href='https:\/\/fr.motocrossmag.be\/index.php\/2014\/05\/photos-le-gp-de-hollande-a-valkenswaard\/genot_fp4a6743\/'><img decoding=\"async\" width=\"150\" height=\"150\" src=\"https:\/\/fr.motocrossmag.be\/wp-content\/uploads\/2014\/05\/genot_FP4A6743-150x150.jpg\" class=\"attachment-thumbnail size-thumbnail\" alt=\"\" srcset=\"https:\/\/fr.motocrossmag.be\/wp-content\/uploads\/2014\/05\/genot_FP4A6743-150x150.jpg 150w, https:\/\/fr.motocrossmag.be\/wp-content\/uploads\/2014\/05\/genot_FP4A6743-50x50.jpg 50w\" sizes=\"(max-width: 150px) 100vw, 150px\" \/><\/a>\n\t\t\t<\/div><\/figure><figure class='gallery-item'>\n\t\t\t<div class='gallery-icon landscape'>\n\t\t\t\t<a href='https:\/\/fr.motocrossmag.be\/index.php\/2014\/05\/photos-le-gp-de-hollande-a-valkenswaard\/genot_img_2476\/'><img decoding=\"async\" width=\"150\" height=\"150\" src=\"https:\/\/fr.motocrossmag.be\/wp-content\/uploads\/2014\/05\/genot_IMG_2476-150x150.jpg\" class=\"attachment-thumbnail size-thumbnail\" alt=\"\" srcset=\"https:\/\/fr.motocrossmag.be\/wp-content\/uploads\/2014\/05\/genot_IMG_2476-150x150.jpg 150w, https:\/\/fr.motocrossmag.be\/wp-content\/uploads\/2014\/05\/genot_IMG_2476-50x50.jpg 50w\" sizes=\"(max-width: 150px) 100vw, 150px\" \/><\/a>\n\t\t\t<\/div><\/figure><figure class='gallery-item'>\n\t\t\t<div class='gallery-icon landscape'>\n\t\t\t\t<a href='https:\/\/fr.motocrossmag.be\/index.php\/2014\/05\/photos-le-gp-de-hollande-a-valkenswaard\/graulus_fp4a6300\/'><img decoding=\"async\" width=\"150\" height=\"150\" src=\"https:\/\/fr.motocrossmag.be\/wp-content\/uploads\/2014\/05\/graulus_FP4A6300-150x150.jpg\" class=\"attachment-thumbnail size-thumbnail\" alt=\"\" srcset=\"https:\/\/fr.motocrossmag.be\/wp-content\/uploads\/2014\/05\/graulus_FP4A6300-150x150.jpg 150w, https:\/\/fr.motocrossmag.be\/wp-content\/uploads\/2014\/05\/graulus_FP4A6300-50x50.jpg 50w\" sizes=\"(max-width: 150px) 100vw, 150px\" \/><\/a>\n\t\t\t<\/div><\/figure><figure class='gallery-item'>\n\t\t\t<div class='gallery-icon landscape'>\n\t\t\t\t<a href='https:\/\/fr.motocrossmag.be\/index.php\/2014\/05\/photos-le-gp-de-hollande-a-valkenswaard\/guillod_img_0876\/'><img decoding=\"async\" width=\"150\" height=\"150\" src=\"https:\/\/fr.motocrossmag.be\/wp-content\/uploads\/2014\/05\/guillod_IMG_0876-150x150.jpg\" class=\"attachment-thumbnail size-thumbnail\" alt=\"\" srcset=\"https:\/\/fr.motocrossmag.be\/wp-content\/uploads\/2014\/05\/guillod_IMG_0876-150x150.jpg 150w, https:\/\/fr.motocrossmag.be\/wp-content\/uploads\/2014\/05\/guillod_IMG_0876-50x50.jpg 50w\" sizes=\"(max-width: 150px) 100vw, 150px\" \/><\/a>\n\t\t\t<\/div><\/figure><figure class='gallery-item'>\n\t\t\t<div class='gallery-icon landscape'>\n\t\t\t\t<a href='https:\/\/fr.motocrossmag.be\/index.php\/2014\/05\/photos-le-gp-de-hollande-a-valkenswaard\/guillod_img_1366\/'><img decoding=\"async\" width=\"150\" height=\"150\" src=\"https:\/\/fr.motocrossmag.be\/wp-content\/uploads\/2014\/05\/guillod_IMG_1366-150x150.jpg\" class=\"attachment-thumbnail size-thumbnail\" alt=\"\" srcset=\"https:\/\/fr.motocrossmag.be\/wp-content\/uploads\/2014\/05\/guillod_IMG_1366-150x150.jpg 150w, https:\/\/fr.motocrossmag.be\/wp-content\/uploads\/2014\/05\/guillod_IMG_1366-50x50.jpg 50w\" sizes=\"(max-width: 150px) 100vw, 150px\" \/><\/a>\n\t\t\t<\/div><\/figure><figure class='gallery-item'>\n\t\t\t<div class='gallery-icon landscape'>\n\t\t\t\t<a href='https:\/\/fr.motocrossmag.be\/index.php\/2014\/05\/photos-le-gp-de-hollande-a-valkenswaard\/herlings_everts_fp4a6902\/'><img decoding=\"async\" width=\"150\" height=\"150\" src=\"https:\/\/fr.motocrossmag.be\/wp-content\/uploads\/2014\/05\/Herlings_everts_FP4A6902-150x150.jpg\" class=\"attachment-thumbnail size-thumbnail\" alt=\"\" srcset=\"https:\/\/fr.motocrossmag.be\/wp-content\/uploads\/2014\/05\/Herlings_everts_FP4A6902-150x150.jpg 150w, https:\/\/fr.motocrossmag.be\/wp-content\/uploads\/2014\/05\/Herlings_everts_FP4A6902-50x50.jpg 50w\" sizes=\"(max-width: 150px) 100vw, 150px\" \/><\/a>\n\t\t\t<\/div><\/figure><figure class='gallery-item'>\n\t\t\t<div class='gallery-icon landscape'>\n\t\t\t\t<a href='https:\/\/fr.motocrossmag.be\/index.php\/2014\/05\/photos-le-gp-de-hollande-a-valkenswaard\/herlings_fp4a7428\/'><img decoding=\"async\" width=\"150\" height=\"150\" src=\"https:\/\/fr.motocrossmag.be\/wp-content\/uploads\/2014\/05\/herlings_FP4A7428-150x150.jpg\" class=\"attachment-thumbnail size-thumbnail\" alt=\"\" srcset=\"https:\/\/fr.motocrossmag.be\/wp-content\/uploads\/2014\/05\/herlings_FP4A7428-150x150.jpg 150w, https:\/\/fr.motocrossmag.be\/wp-content\/uploads\/2014\/05\/herlings_FP4A7428-50x50.jpg 50w\" sizes=\"(max-width: 150px) 100vw, 150px\" \/><\/a>\n\t\t\t<\/div><\/figure><figure class='gallery-item'>\n\t\t\t<div class='gallery-icon landscape'>\n\t\t\t\t<a href='https:\/\/fr.motocrossmag.be\/index.php\/2014\/05\/photos-le-gp-de-hollande-a-valkenswaard\/herlings_img_3448\/'><img decoding=\"async\" width=\"150\" height=\"150\" src=\"https:\/\/fr.motocrossmag.be\/wp-content\/uploads\/2014\/05\/herlings_IMG_3448-150x150.jpg\" class=\"attachment-thumbnail size-thumbnail\" alt=\"\" srcset=\"https:\/\/fr.motocrossmag.be\/wp-content\/uploads\/2014\/05\/herlings_IMG_3448-150x150.jpg 150w, https:\/\/fr.motocrossmag.be\/wp-content\/uploads\/2014\/05\/herlings_IMG_3448-50x50.jpg 50w\" sizes=\"(max-width: 150px) 100vw, 150px\" \/><\/a>\n\t\t\t<\/div><\/figure><figure class='gallery-item'>\n\t\t\t<div class='gallery-icon landscape'>\n\t\t\t\t<a href='https:\/\/fr.motocrossmag.be\/index.php\/2014\/05\/photos-le-gp-de-hollande-a-valkenswaard\/honda_belg_fp4a6010\/'><img decoding=\"async\" width=\"150\" height=\"150\" src=\"https:\/\/fr.motocrossmag.be\/wp-content\/uploads\/2014\/05\/honda_belg_FP4A6010-150x150.jpg\" class=\"attachment-thumbnail size-thumbnail\" alt=\"\" srcset=\"https:\/\/fr.motocrossmag.be\/wp-content\/uploads\/2014\/05\/honda_belg_FP4A6010-150x150.jpg 150w, https:\/\/fr.motocrossmag.be\/wp-content\/uploads\/2014\/05\/honda_belg_FP4A6010-50x50.jpg 50w\" sizes=\"(max-width: 150px) 100vw, 150px\" \/><\/a>\n\t\t\t<\/div><\/figure><figure class='gallery-item'>\n\t\t\t<div class='gallery-icon landscape'>\n\t\t\t\t<a href='https:\/\/fr.motocrossmag.be\/index.php\/2014\/05\/photos-le-gp-de-hollande-a-valkenswaard\/hool_img_3267\/'><img decoding=\"async\" width=\"150\" height=\"150\" src=\"https:\/\/fr.motocrossmag.be\/wp-content\/uploads\/2014\/05\/Hool_IMG_3267-150x150.jpg\" class=\"attachment-thumbnail size-thumbnail\" alt=\"\" srcset=\"https:\/\/fr.motocrossmag.be\/wp-content\/uploads\/2014\/05\/Hool_IMG_3267-150x150.jpg 150w, https:\/\/fr.motocrossmag.be\/wp-content\/uploads\/2014\/05\/Hool_IMG_3267-50x50.jpg 50w\" sizes=\"(max-width: 150px) 100vw, 150px\" \/><\/a>\n\t\t\t<\/div><\/figure><figure class='gallery-item'>\n\t\t\t<div class='gallery-icon landscape'>\n\t\t\t\t<a href='https:\/\/fr.motocrossmag.be\/index.php\/2014\/05\/photos-le-gp-de-hollande-a-valkenswaard\/hsu_img_2443\/'><img decoding=\"async\" width=\"150\" height=\"150\" src=\"https:\/\/fr.motocrossmag.be\/wp-content\/uploads\/2014\/05\/hsu_IMG_2443-150x150.jpg\" class=\"attachment-thumbnail size-thumbnail\" alt=\"\" srcset=\"https:\/\/fr.motocrossmag.be\/wp-content\/uploads\/2014\/05\/hsu_IMG_2443-150x150.jpg 150w, https:\/\/fr.motocrossmag.be\/wp-content\/uploads\/2014\/05\/hsu_IMG_2443-50x50.jpg 50w\" sizes=\"(max-width: 150px) 100vw, 150px\" \/><\/a>\n\t\t\t<\/div><\/figure><figure class='gallery-item'>\n\t\t\t<div class='gallery-icon landscape'>\n\t\t\t\t<a href='https:\/\/fr.motocrossmag.be\/index.php\/2014\/05\/photos-le-gp-de-hollande-a-valkenswaard\/jerre_fp4a7678\/'><img decoding=\"async\" width=\"150\" height=\"150\" src=\"https:\/\/fr.motocrossmag.be\/wp-content\/uploads\/2014\/05\/jerre_FP4A7678-150x150.jpg\" class=\"attachment-thumbnail size-thumbnail\" alt=\"\" srcset=\"https:\/\/fr.motocrossmag.be\/wp-content\/uploads\/2014\/05\/jerre_FP4A7678-150x150.jpg 150w, https:\/\/fr.motocrossmag.be\/wp-content\/uploads\/2014\/05\/jerre_FP4A7678-50x50.jpg 50w\" sizes=\"(max-width: 150px) 100vw, 150px\" \/><\/a>\n\t\t\t<\/div><\/figure><figure class='gallery-item'>\n\t\t\t<div class='gallery-icon portrait'>\n\t\t\t\t<a href='https:\/\/fr.motocrossmag.be\/index.php\/2014\/05\/photos-le-gp-de-hollande-a-valkenswaard\/jerre_img_2989-600x900\/'><img decoding=\"async\" width=\"150\" height=\"150\" src=\"https:\/\/fr.motocrossmag.be\/wp-content\/uploads\/2014\/05\/jerre_IMG_2989-600x900-150x150.jpg\" class=\"attachment-thumbnail size-thumbnail\" alt=\"\" srcset=\"https:\/\/fr.motocrossmag.be\/wp-content\/uploads\/2014\/05\/jerre_IMG_2989-600x900-150x150.jpg 150w, https:\/\/fr.motocrossmag.be\/wp-content\/uploads\/2014\/05\/jerre_IMG_2989-600x900-50x50.jpg 50w\" sizes=\"(max-width: 150px) 100vw, 150px\" \/><\/a>\n\t\t\t<\/div><\/figure><figure class='gallery-item'>\n\t\t\t<div class='gallery-icon landscape'>\n\t\t\t\t<a href='https:\/\/fr.motocrossmag.be\/index.php\/2014\/05\/photos-le-gp-de-hollande-a-valkenswaard\/jerre_img_3552\/'><img decoding=\"async\" width=\"150\" height=\"150\" src=\"https:\/\/fr.motocrossmag.be\/wp-content\/uploads\/2014\/05\/jerre_IMG_3552-150x150.jpg\" class=\"attachment-thumbnail size-thumbnail\" alt=\"\" srcset=\"https:\/\/fr.motocrossmag.be\/wp-content\/uploads\/2014\/05\/jerre_IMG_3552-150x150.jpg 150w, https:\/\/fr.motocrossmag.be\/wp-content\/uploads\/2014\/05\/jerre_IMG_3552-50x50.jpg 50w\" sizes=\"(max-width: 150px) 100vw, 150px\" \/><\/a>\n\t\t\t<\/div><\/figure><figure class='gallery-item'>\n\t\t\t<div class='gallery-icon landscape'>\n\t\t\t\t<a href='https:\/\/fr.motocrossmag.be\/index.php\/2014\/05\/photos-le-gp-de-hollande-a-valkenswaard\/jm_group_fp4a7549\/'><img decoding=\"async\" width=\"150\" height=\"150\" src=\"https:\/\/fr.motocrossmag.be\/wp-content\/uploads\/2014\/05\/jm_group_FP4A7549-150x150.jpg\" class=\"attachment-thumbnail size-thumbnail\" alt=\"\" srcset=\"https:\/\/fr.motocrossmag.be\/wp-content\/uploads\/2014\/05\/jm_group_FP4A7549-150x150.jpg 150w, https:\/\/fr.motocrossmag.be\/wp-content\/uploads\/2014\/05\/jm_group_FP4A7549-50x50.jpg 50w\" sizes=\"(max-width: 150px) 100vw, 150px\" \/><\/a>\n\t\t\t<\/div><\/figure><figure class='gallery-item'>\n\t\t\t<div class='gallery-icon landscape'>\n\t\t\t\t<a href='https:\/\/fr.motocrossmag.be\/index.php\/2014\/05\/photos-le-gp-de-hollande-a-valkenswaard\/kane_img_1179\/'><img decoding=\"async\" width=\"150\" height=\"150\" src=\"https:\/\/fr.motocrossmag.be\/wp-content\/uploads\/2014\/05\/kane_IMG_1179-150x150.jpg\" class=\"attachment-thumbnail size-thumbnail\" alt=\"\" srcset=\"https:\/\/fr.motocrossmag.be\/wp-content\/uploads\/2014\/05\/kane_IMG_1179-150x150.jpg 150w, https:\/\/fr.motocrossmag.be\/wp-content\/uploads\/2014\/05\/kane_IMG_1179-50x50.jpg 50w\" sizes=\"(max-width: 150px) 100vw, 150px\" \/><\/a>\n\t\t\t<\/div><\/figure><figure class='gallery-item'>\n\t\t\t<div class='gallery-icon landscape'>\n\t\t\t\t<a href='https:\/\/fr.motocrossmag.be\/index.php\/2014\/05\/photos-le-gp-de-hollande-a-valkenswaard\/karro_fp4a6140\/'><img decoding=\"async\" width=\"150\" height=\"150\" src=\"https:\/\/fr.motocrossmag.be\/wp-content\/uploads\/2014\/05\/karro_FP4A6140-150x150.jpg\" class=\"attachment-thumbnail size-thumbnail\" alt=\"\" srcset=\"https:\/\/fr.motocrossmag.be\/wp-content\/uploads\/2014\/05\/karro_FP4A6140-150x150.jpg 150w, https:\/\/fr.motocrossmag.be\/wp-content\/uploads\/2014\/05\/karro_FP4A6140-50x50.jpg 50w\" sizes=\"(max-width: 150px) 100vw, 150px\" \/><\/a>\n\t\t\t<\/div><\/figure><figure class='gallery-item'>\n\t\t\t<div class='gallery-icon landscape'>\n\t\t\t\t<a href='https:\/\/fr.motocrossmag.be\/index.php\/2014\/05\/photos-le-gp-de-hollande-a-valkenswaard\/keeno_fp4a7302\/'><img decoding=\"async\" width=\"150\" height=\"150\" src=\"https:\/\/fr.motocrossmag.be\/wp-content\/uploads\/2014\/05\/keeno_FP4A7302-150x150.jpg\" class=\"attachment-thumbnail size-thumbnail\" alt=\"\" srcset=\"https:\/\/fr.motocrossmag.be\/wp-content\/uploads\/2014\/05\/keeno_FP4A7302-150x150.jpg 150w, https:\/\/fr.motocrossmag.be\/wp-content\/uploads\/2014\/05\/keeno_FP4A7302-50x50.jpg 50w\" sizes=\"(max-width: 150px) 100vw, 150px\" \/><\/a>\n\t\t\t<\/div><\/figure><figure class='gallery-item'>\n\t\t\t<div class='gallery-icon landscape'>\n\t\t\t\t<a href='https:\/\/fr.motocrossmag.be\/index.php\/2014\/05\/photos-le-gp-de-hollande-a-valkenswaard\/keeno_img_1376\/'><img decoding=\"async\" width=\"150\" height=\"150\" src=\"https:\/\/fr.motocrossmag.be\/wp-content\/uploads\/2014\/05\/keeno_IMG_1376-150x150.jpg\" class=\"attachment-thumbnail size-thumbnail\" alt=\"\" srcset=\"https:\/\/fr.motocrossmag.be\/wp-content\/uploads\/2014\/05\/keeno_IMG_1376-150x150.jpg 150w, https:\/\/fr.motocrossmag.be\/wp-content\/uploads\/2014\/05\/keeno_IMG_1376-50x50.jpg 50w\" sizes=\"(max-width: 150px) 100vw, 150px\" \/><\/a>\n\t\t\t<\/div><\/figure><figure class='gallery-item'>\n\t\t\t<div class='gallery-icon landscape'>\n\t\t\t\t<a href='https:\/\/fr.motocrossmag.be\/index.php\/2014\/05\/photos-le-gp-de-hollande-a-valkenswaard\/kees_img_2455\/'><img decoding=\"async\" width=\"150\" height=\"150\" src=\"https:\/\/fr.motocrossmag.be\/wp-content\/uploads\/2014\/05\/kees_IMG_2455-150x150.jpg\" class=\"attachment-thumbnail size-thumbnail\" alt=\"\" srcset=\"https:\/\/fr.motocrossmag.be\/wp-content\/uploads\/2014\/05\/kees_IMG_2455-150x150.jpg 150w, https:\/\/fr.motocrossmag.be\/wp-content\/uploads\/2014\/05\/kees_IMG_2455-50x50.jpg 50w\" sizes=\"(max-width: 150px) 100vw, 150px\" \/><\/a>\n\t\t\t<\/div><\/figure><figure class='gallery-item'>\n\t\t\t<div class='gallery-icon landscape'>\n\t\t\t\t<a href='https:\/\/fr.motocrossmag.be\/index.php\/2014\/05\/photos-le-gp-de-hollande-a-valkenswaard\/kemea_img_1257\/'><img decoding=\"async\" width=\"150\" height=\"150\" src=\"https:\/\/fr.motocrossmag.be\/wp-content\/uploads\/2014\/05\/kemea_IMG_1257-150x150.jpg\" class=\"attachment-thumbnail size-thumbnail\" alt=\"\" srcset=\"https:\/\/fr.motocrossmag.be\/wp-content\/uploads\/2014\/05\/kemea_IMG_1257-150x150.jpg 150w, https:\/\/fr.motocrossmag.be\/wp-content\/uploads\/2014\/05\/kemea_IMG_1257-50x50.jpg 50w\" sizes=\"(max-width: 150px) 100vw, 150px\" \/><\/a>\n\t\t\t<\/div><\/figure><figure class='gallery-item'>\n\t\t\t<div class='gallery-icon landscape'>\n\t\t\t\t<a href='https:\/\/fr.motocrossmag.be\/index.php\/2014\/05\/photos-le-gp-de-hollande-a-valkenswaard\/klingshelm_img_3283\/'><img decoding=\"async\" width=\"150\" height=\"150\" src=\"https:\/\/fr.motocrossmag.be\/wp-content\/uploads\/2014\/05\/klingshelm_IMG_3283-150x150.jpg\" class=\"attachment-thumbnail size-thumbnail\" alt=\"\" srcset=\"https:\/\/fr.motocrossmag.be\/wp-content\/uploads\/2014\/05\/klingshelm_IMG_3283-150x150.jpg 150w, https:\/\/fr.motocrossmag.be\/wp-content\/uploads\/2014\/05\/klingshelm_IMG_3283-50x50.jpg 50w\" sizes=\"(max-width: 150px) 100vw, 150px\" \/><\/a>\n\t\t\t<\/div><\/figure><figure class='gallery-item'>\n\t\t\t<div class='gallery-icon landscape'>\n\t\t\t\t<a href='https:\/\/fr.motocrossmag.be\/index.php\/2014\/05\/photos-le-gp-de-hollande-a-valkenswaard\/ktm_fp4a7725\/'><img decoding=\"async\" width=\"150\" height=\"150\" src=\"https:\/\/fr.motocrossmag.be\/wp-content\/uploads\/2014\/05\/ktm_FP4A7725-150x150.jpg\" class=\"attachment-thumbnail size-thumbnail\" alt=\"\" srcset=\"https:\/\/fr.motocrossmag.be\/wp-content\/uploads\/2014\/05\/ktm_FP4A7725-150x150.jpg 150w, https:\/\/fr.motocrossmag.be\/wp-content\/uploads\/2014\/05\/ktm_FP4A7725-50x50.jpg 50w\" sizes=\"(max-width: 150px) 100vw, 150px\" \/><\/a>\n\t\t\t<\/div><\/figure><figure class='gallery-item'>\n\t\t\t<div class='gallery-icon landscape'>\n\t\t\t\t<a href='https:\/\/fr.motocrossmag.be\/index.php\/2014\/05\/photos-le-gp-de-hollande-a-valkenswaard\/kullas_img_1294\/'><img decoding=\"async\" width=\"150\" height=\"150\" src=\"https:\/\/fr.motocrossmag.be\/wp-content\/uploads\/2014\/05\/kullas_IMG_1294-150x150.jpg\" class=\"attachment-thumbnail size-thumbnail\" alt=\"\" srcset=\"https:\/\/fr.motocrossmag.be\/wp-content\/uploads\/2014\/05\/kullas_IMG_1294-150x150.jpg 150w, https:\/\/fr.motocrossmag.be\/wp-content\/uploads\/2014\/05\/kullas_IMG_1294-50x50.jpg 50w\" sizes=\"(max-width: 150px) 100vw, 150px\" \/><\/a>\n\t\t\t<\/div><\/figure><figure class='gallery-item'>\n\t\t\t<div class='gallery-icon landscape'>\n\t\t\t\t<a href='https:\/\/fr.motocrossmag.be\/index.php\/2014\/05\/photos-le-gp-de-hollande-a-valkenswaard\/lieber_img_3252\/'><img decoding=\"async\" width=\"150\" height=\"150\" src=\"https:\/\/fr.motocrossmag.be\/wp-content\/uploads\/2014\/05\/lieber_IMG_3252-150x150.jpg\" class=\"attachment-thumbnail size-thumbnail\" alt=\"\" srcset=\"https:\/\/fr.motocrossmag.be\/wp-content\/uploads\/2014\/05\/lieber_IMG_3252-150x150.jpg 150w, https:\/\/fr.motocrossmag.be\/wp-content\/uploads\/2014\/05\/lieber_IMG_3252-50x50.jpg 50w\" sizes=\"(max-width: 150px) 100vw, 150px\" \/><\/a>\n\t\t\t<\/div><\/figure><figure class='gallery-item'>\n\t\t\t<div class='gallery-icon portrait'>\n\t\t\t\t<a href='https:\/\/fr.motocrossmag.be\/index.php\/2014\/05\/photos-le-gp-de-hollande-a-valkenswaard\/monsterimg_1630-600x900\/'><img decoding=\"async\" width=\"150\" height=\"150\" src=\"https:\/\/fr.motocrossmag.be\/wp-content\/uploads\/2014\/05\/monster\u00b0IMG_1630-600x900-150x150.jpg\" class=\"attachment-thumbnail size-thumbnail\" alt=\"\" srcset=\"https:\/\/fr.motocrossmag.be\/wp-content\/uploads\/2014\/05\/monster\u00b0IMG_1630-600x900-150x150.jpg 150w, https:\/\/fr.motocrossmag.be\/wp-content\/uploads\/2014\/05\/monster\u00b0IMG_1630-600x900-50x50.jpg 50w\" sizes=\"(max-width: 150px) 100vw, 150px\" \/><\/a>\n\t\t\t<\/div><\/figure><figure class='gallery-item'>\n\t\t\t<div class='gallery-icon landscape'>\n\t\t\t\t<a href='https:\/\/fr.motocrossmag.be\/index.php\/2014\/05\/photos-le-gp-de-hollande-a-valkenswaard\/nicholls_img_0376\/'><img decoding=\"async\" width=\"150\" height=\"150\" src=\"https:\/\/fr.motocrossmag.be\/wp-content\/uploads\/2014\/05\/nicholls_IMG_0376-150x150.jpg\" class=\"attachment-thumbnail size-thumbnail\" alt=\"\" srcset=\"https:\/\/fr.motocrossmag.be\/wp-content\/uploads\/2014\/05\/nicholls_IMG_0376-150x150.jpg 150w, https:\/\/fr.motocrossmag.be\/wp-content\/uploads\/2014\/05\/nicholls_IMG_0376-50x50.jpg 50w\" sizes=\"(max-width: 150px) 100vw, 150px\" \/><\/a>\n\t\t\t<\/div><\/figure><figure class='gallery-item'>\n\t\t\t<div class='gallery-icon landscape'>\n\t\t\t\t<a href='https:\/\/fr.motocrossmag.be\/index.php\/2014\/05\/photos-le-gp-de-hollande-a-valkenswaard\/papatony_img_3856\/'><img decoding=\"async\" width=\"150\" height=\"150\" src=\"https:\/\/fr.motocrossmag.be\/wp-content\/uploads\/2014\/05\/papatony_IMG_3856-150x150.jpg\" class=\"attachment-thumbnail size-thumbnail\" alt=\"\" srcset=\"https:\/\/fr.motocrossmag.be\/wp-content\/uploads\/2014\/05\/papatony_IMG_3856-150x150.jpg 150w, https:\/\/fr.motocrossmag.be\/wp-content\/uploads\/2014\/05\/papatony_IMG_3856-50x50.jpg 50w\" sizes=\"(max-width: 150px) 100vw, 150px\" \/><\/a>\n\t\t\t<\/div><\/figure><figure class='gallery-item'>\n\t\t\t<div class='gallery-icon landscape'>\n\t\t\t\t<a href='https:\/\/fr.motocrossmag.be\/index.php\/2014\/05\/photos-le-gp-de-hollande-a-valkenswaard\/papenmeier_img_2260\/'><img decoding=\"async\" width=\"150\" height=\"150\" src=\"https:\/\/fr.motocrossmag.be\/wp-content\/uploads\/2014\/05\/papenmeier_IMG_2260-150x150.jpg\" class=\"attachment-thumbnail size-thumbnail\" alt=\"\" srcset=\"https:\/\/fr.motocrossmag.be\/wp-content\/uploads\/2014\/05\/papenmeier_IMG_2260-150x150.jpg 150w, https:\/\/fr.motocrossmag.be\/wp-content\/uploads\/2014\/05\/papenmeier_IMG_2260-50x50.jpg 50w\" sizes=\"(max-width: 150px) 100vw, 150px\" \/><\/a>\n\t\t\t<\/div><\/figure><figure class='gallery-item'>\n\t\t\t<div class='gallery-icon landscape'>\n\t\t\t\t<a href='https:\/\/fr.motocrossmag.be\/index.php\/2014\/05\/photos-le-gp-de-hollande-a-valkenswaard\/paulin_img_3131\/'><img decoding=\"async\" width=\"150\" height=\"150\" src=\"https:\/\/fr.motocrossmag.be\/wp-content\/uploads\/2014\/05\/paulin_IMG_3131-150x150.jpg\" class=\"attachment-thumbnail size-thumbnail\" alt=\"\" srcset=\"https:\/\/fr.motocrossmag.be\/wp-content\/uploads\/2014\/05\/paulin_IMG_3131-150x150.jpg 150w, https:\/\/fr.motocrossmag.be\/wp-content\/uploads\/2014\/05\/paulin_IMG_3131-50x50.jpg 50w\" sizes=\"(max-width: 150px) 100vw, 150px\" \/><\/a>\n\t\t\t<\/div><\/figure><figure class='gallery-item'>\n\t\t\t<div class='gallery-icon landscape'>\n\t\t\t\t<a href='https:\/\/fr.motocrossmag.be\/index.php\/2014\/05\/photos-le-gp-de-hollande-a-valkenswaard\/phili_img_1036\/'><img decoding=\"async\" width=\"150\" height=\"150\" src=\"https:\/\/fr.motocrossmag.be\/wp-content\/uploads\/2014\/05\/phili_IMG_1036-150x150.jpg\" class=\"attachment-thumbnail size-thumbnail\" alt=\"\" srcset=\"https:\/\/fr.motocrossmag.be\/wp-content\/uploads\/2014\/05\/phili_IMG_1036-150x150.jpg 150w, https:\/\/fr.motocrossmag.be\/wp-content\/uploads\/2014\/05\/phili_IMG_1036-50x50.jpg 50w\" sizes=\"(max-width: 150px) 100vw, 150px\" \/><\/a>\n\t\t\t<\/div><\/figure><figure class='gallery-item'>\n\t\t\t<div class='gallery-icon landscape'>\n\t\t\t\t<a href='https:\/\/fr.motocrossmag.be\/index.php\/2014\/05\/photos-le-gp-de-hollande-a-valkenswaard\/pocock_fp4a5758\/'><img decoding=\"async\" width=\"150\" height=\"150\" src=\"https:\/\/fr.motocrossmag.be\/wp-content\/uploads\/2014\/05\/pocock_FP4A5758-150x150.jpg\" class=\"attachment-thumbnail size-thumbnail\" alt=\"\" srcset=\"https:\/\/fr.motocrossmag.be\/wp-content\/uploads\/2014\/05\/pocock_FP4A5758-150x150.jpg 150w, https:\/\/fr.motocrossmag.be\/wp-content\/uploads\/2014\/05\/pocock_FP4A5758-50x50.jpg 50w\" sizes=\"(max-width: 150px) 100vw, 150px\" \/><\/a>\n\t\t\t<\/div><\/figure><figure class='gallery-item'>\n\t\t\t<div class='gallery-icon landscape'>\n\t\t\t\t<a href='https:\/\/fr.motocrossmag.be\/index.php\/2014\/05\/photos-le-gp-de-hollande-a-valkenswaard\/podium_emx_fp4a6870\/'><img decoding=\"async\" width=\"150\" height=\"150\" src=\"https:\/\/fr.motocrossmag.be\/wp-content\/uploads\/2014\/05\/podium_emx_FP4A6870-150x150.jpg\" class=\"attachment-thumbnail size-thumbnail\" alt=\"\" srcset=\"https:\/\/fr.motocrossmag.be\/wp-content\/uploads\/2014\/05\/podium_emx_FP4A6870-150x150.jpg 150w, https:\/\/fr.motocrossmag.be\/wp-content\/uploads\/2014\/05\/podium_emx_FP4A6870-50x50.jpg 50w\" sizes=\"(max-width: 150px) 100vw, 150px\" \/><\/a>\n\t\t\t<\/div><\/figure><figure class='gallery-item'>\n\t\t\t<div class='gallery-icon landscape'>\n\t\t\t\t<a href='https:\/\/fr.motocrossmag.be\/index.php\/2014\/05\/photos-le-gp-de-hollande-a-valkenswaard\/podium_mx1_fp4a7733\/'><img decoding=\"async\" width=\"150\" height=\"150\" src=\"https:\/\/fr.motocrossmag.be\/wp-content\/uploads\/2014\/05\/podium_mx1_FP4A7733-150x150.jpg\" class=\"attachment-thumbnail size-thumbnail\" alt=\"\" srcset=\"https:\/\/fr.motocrossmag.be\/wp-content\/uploads\/2014\/05\/podium_mx1_FP4A7733-150x150.jpg 150w, https:\/\/fr.motocrossmag.be\/wp-content\/uploads\/2014\/05\/podium_mx1_FP4A7733-50x50.jpg 50w\" sizes=\"(max-width: 150px) 100vw, 150px\" \/><\/a>\n\t\t\t<\/div><\/figure><figure class='gallery-item'>\n\t\t\t<div class='gallery-icon landscape'>\n\t\t\t\t<a href='https:\/\/fr.motocrossmag.be\/index.php\/2014\/05\/photos-le-gp-de-hollande-a-valkenswaard\/podium_mx2_fp4a7536\/'><img decoding=\"async\" width=\"150\" height=\"150\" src=\"https:\/\/fr.motocrossmag.be\/wp-content\/uploads\/2014\/05\/podium_mx2_FP4A7536-150x150.jpg\" class=\"attachment-thumbnail size-thumbnail\" alt=\"\" srcset=\"https:\/\/fr.motocrossmag.be\/wp-content\/uploads\/2014\/05\/podium_mx2_FP4A7536-150x150.jpg 150w, https:\/\/fr.motocrossmag.be\/wp-content\/uploads\/2014\/05\/podium_mx2_FP4A7536-50x50.jpg 50w\" sizes=\"(max-width: 150px) 100vw, 150px\" \/><\/a>\n\t\t\t<\/div><\/figure><figure class='gallery-item'>\n\t\t\t<div class='gallery-icon landscape'>\n\t\t\t\t<a href='https:\/\/fr.motocrossmag.be\/index.php\/2014\/05\/photos-le-gp-de-hollande-a-valkenswaard\/pootjes_img_1880\/'><img decoding=\"async\" width=\"150\" height=\"150\" src=\"https:\/\/fr.motocrossmag.be\/wp-content\/uploads\/2014\/05\/pootjes_IMG_1880-150x150.jpg\" class=\"attachment-thumbnail size-thumbnail\" alt=\"\" srcset=\"https:\/\/fr.motocrossmag.be\/wp-content\/uploads\/2014\/05\/pootjes_IMG_1880-150x150.jpg 150w, https:\/\/fr.motocrossmag.be\/wp-content\/uploads\/2014\/05\/pootjes_IMG_1880-50x50.jpg 50w\" sizes=\"(max-width: 150px) 100vw, 150px\" \/><\/a>\n\t\t\t<\/div><\/figure><figure class='gallery-item'>\n\t\t\t<div class='gallery-icon landscape'>\n\t\t\t\t<a href='https:\/\/fr.motocrossmag.be\/index.php\/2014\/05\/photos-le-gp-de-hollande-a-valkenswaard\/pootjes_img_2624\/'><img decoding=\"async\" width=\"150\" height=\"150\" src=\"https:\/\/fr.motocrossmag.be\/wp-content\/uploads\/2014\/05\/pootjes_IMG_2624-150x150.jpg\" class=\"attachment-thumbnail size-thumbnail\" alt=\"\" srcset=\"https:\/\/fr.motocrossmag.be\/wp-content\/uploads\/2014\/05\/pootjes_IMG_2624-150x150.jpg 150w, https:\/\/fr.motocrossmag.be\/wp-content\/uploads\/2014\/05\/pootjes_IMG_2624-50x50.jpg 50w\" sizes=\"(max-width: 150px) 100vw, 150px\" \/><\/a>\n\t\t\t<\/div><\/figure><figure class='gallery-item'>\n\t\t\t<div class='gallery-icon landscape'>\n\t\t\t\t<a href='https:\/\/fr.motocrossmag.be\/index.php\/2014\/05\/photos-le-gp-de-hollande-a-valkenswaard\/roelants_img_2983\/'><img decoding=\"async\" width=\"150\" height=\"150\" src=\"https:\/\/fr.motocrossmag.be\/wp-content\/uploads\/2014\/05\/roelants_IMG_2983-150x150.jpg\" class=\"attachment-thumbnail size-thumbnail\" alt=\"\" srcset=\"https:\/\/fr.motocrossmag.be\/wp-content\/uploads\/2014\/05\/roelants_IMG_2983-150x150.jpg 150w, https:\/\/fr.motocrossmag.be\/wp-content\/uploads\/2014\/05\/roelants_IMG_2983-50x50.jpg 50w\" sizes=\"(max-width: 150px) 100vw, 150px\" \/><\/a>\n\t\t\t<\/div><\/figure><figure class='gallery-item'>\n\t\t\t<div class='gallery-icon landscape'>\n\t\t\t\t<a href='https:\/\/fr.motocrossmag.be\/index.php\/2014\/05\/photos-le-gp-de-hollande-a-valkenswaard\/ruthledge_img_1079\/'><img decoding=\"async\" width=\"150\" height=\"150\" src=\"https:\/\/fr.motocrossmag.be\/wp-content\/uploads\/2014\/05\/ruthledge_IMG_1079-150x150.jpg\" class=\"attachment-thumbnail size-thumbnail\" alt=\"\" srcset=\"https:\/\/fr.motocrossmag.be\/wp-content\/uploads\/2014\/05\/ruthledge_IMG_1079-150x150.jpg 150w, https:\/\/fr.motocrossmag.be\/wp-content\/uploads\/2014\/05\/ruthledge_IMG_1079-50x50.jpg 50w\" sizes=\"(max-width: 150px) 100vw, 150px\" \/><\/a>\n\t\t\t<\/div><\/figure><figure class='gallery-item'>\n\t\t\t<div class='gallery-icon landscape'>\n\t\t\t\t<a href='https:\/\/fr.motocrossmag.be\/index.php\/2014\/05\/photos-le-gp-de-hollande-a-valkenswaard\/searle_img_1766\/'><img decoding=\"async\" width=\"150\" height=\"150\" src=\"https:\/\/fr.motocrossmag.be\/wp-content\/uploads\/2014\/05\/searle_IMG_1766-150x150.jpg\" class=\"attachment-thumbnail size-thumbnail\" alt=\"\" srcset=\"https:\/\/fr.motocrossmag.be\/wp-content\/uploads\/2014\/05\/searle_IMG_1766-150x150.jpg 150w, https:\/\/fr.motocrossmag.be\/wp-content\/uploads\/2014\/05\/searle_IMG_1766-50x50.jpg 50w\" sizes=\"(max-width: 150px) 100vw, 150px\" \/><\/a>\n\t\t\t<\/div><\/figure><figure class='gallery-item'>\n\t\t\t<div class='gallery-icon landscape'>\n\t\t\t\t<a href='https:\/\/fr.motocrossmag.be\/index.php\/2014\/05\/photos-le-gp-de-hollande-a-valkenswaard\/start_mx2_img_3168\/'><img decoding=\"async\" width=\"150\" height=\"150\" src=\"https:\/\/fr.motocrossmag.be\/wp-content\/uploads\/2014\/05\/start_mx2_IMG_3168-150x150.jpg\" class=\"attachment-thumbnail size-thumbnail\" alt=\"\" srcset=\"https:\/\/fr.motocrossmag.be\/wp-content\/uploads\/2014\/05\/start_mx2_IMG_3168-150x150.jpg 150w, https:\/\/fr.motocrossmag.be\/wp-content\/uploads\/2014\/05\/start_mx2_IMG_3168-50x50.jpg 50w\" sizes=\"(max-width: 150px) 100vw, 150px\" \/><\/a>\n\t\t\t<\/div><\/figure><figure class='gallery-item'>\n\t\t\t<div class='gallery-icon landscape'>\n\t\t\t\t<a href='https:\/\/fr.motocrossmag.be\/index.php\/2014\/05\/photos-le-gp-de-hollande-a-valkenswaard\/start_mx2_img_14141\/'><img decoding=\"async\" width=\"150\" height=\"150\" src=\"https:\/\/fr.motocrossmag.be\/wp-content\/uploads\/2014\/05\/start_mx2_IMG_14141-150x150.jpg\" class=\"attachment-thumbnail size-thumbnail\" alt=\"\" srcset=\"https:\/\/fr.motocrossmag.be\/wp-content\/uploads\/2014\/05\/start_mx2_IMG_14141-150x150.jpg 150w, https:\/\/fr.motocrossmag.be\/wp-content\/uploads\/2014\/05\/start_mx2_IMG_14141-50x50.jpg 50w\" sizes=\"(max-width: 150px) 100vw, 150px\" \/><\/a>\n\t\t\t<\/div><\/figure><figure class='gallery-item'>\n\t\t\t<div class='gallery-icon landscape'>\n\t\t\t\t<a href='https:\/\/fr.motocrossmag.be\/index.php\/2014\/05\/photos-le-gp-de-hollande-a-valkenswaard\/start_wmx_img_1073\/'><img decoding=\"async\" width=\"150\" height=\"150\" src=\"https:\/\/fr.motocrossmag.be\/wp-content\/uploads\/2014\/05\/start_wmx_IMG_1073-150x150.jpg\" class=\"attachment-thumbnail size-thumbnail\" alt=\"\" srcset=\"https:\/\/fr.motocrossmag.be\/wp-content\/uploads\/2014\/05\/start_wmx_IMG_1073-150x150.jpg 150w, https:\/\/fr.motocrossmag.be\/wp-content\/uploads\/2014\/05\/start_wmx_IMG_1073-50x50.jpg 50w\" sizes=\"(max-width: 150px) 100vw, 150px\" \/><\/a>\n\t\t\t<\/div><\/figure><figure class='gallery-item'>\n\t\t\t<div class='gallery-icon landscape'>\n\t\t\t\t<a href='https:\/\/fr.motocrossmag.be\/index.php\/2014\/05\/photos-le-gp-de-hollande-a-valkenswaard\/stoutjesdijk_img_1176\/'><img decoding=\"async\" width=\"150\" height=\"150\" src=\"https:\/\/fr.motocrossmag.be\/wp-content\/uploads\/2014\/05\/stoutjesdijk_IMG_1176-150x150.jpg\" class=\"attachment-thumbnail size-thumbnail\" alt=\"\" srcset=\"https:\/\/fr.motocrossmag.be\/wp-content\/uploads\/2014\/05\/stoutjesdijk_IMG_1176-150x150.jpg 150w, https:\/\/fr.motocrossmag.be\/wp-content\/uploads\/2014\/05\/stoutjesdijk_IMG_1176-50x50.jpg 50w\" sizes=\"(max-width: 150px) 100vw, 150px\" \/><\/a>\n\t\t\t<\/div><\/figure><figure class='gallery-item'>\n\t\t\t<div class='gallery-icon landscape'>\n\t\t\t\t<a href='https:\/\/fr.motocrossmag.be\/index.php\/2014\/05\/photos-le-gp-de-hollande-a-valkenswaard\/strijbos_img_3742\/'><img decoding=\"async\" width=\"150\" height=\"150\" src=\"https:\/\/fr.motocrossmag.be\/wp-content\/uploads\/2014\/05\/strijbos_IMG_3742-150x150.jpg\" class=\"attachment-thumbnail size-thumbnail\" alt=\"\" srcset=\"https:\/\/fr.motocrossmag.be\/wp-content\/uploads\/2014\/05\/strijbos_IMG_3742-150x150.jpg 150w, https:\/\/fr.motocrossmag.be\/wp-content\/uploads\/2014\/05\/strijbos_IMG_3742-50x50.jpg 50w\" sizes=\"(max-width: 150px) 100vw, 150px\" \/><\/a>\n\t\t\t<\/div><\/figure><figure class='gallery-item'>\n\t\t\t<div class='gallery-icon landscape'>\n\t\t\t\t<a href='https:\/\/fr.motocrossmag.be\/index.php\/2014\/05\/photos-le-gp-de-hollande-a-valkenswaard\/styke_amy_img_1280\/'><img decoding=\"async\" width=\"150\" height=\"150\" src=\"https:\/\/fr.motocrossmag.be\/wp-content\/uploads\/2014\/05\/styke_amy_IMG_1280-150x150.jpg\" class=\"attachment-thumbnail size-thumbnail\" alt=\"\" srcset=\"https:\/\/fr.motocrossmag.be\/wp-content\/uploads\/2014\/05\/styke_amy_IMG_1280-150x150.jpg 150w, https:\/\/fr.motocrossmag.be\/wp-content\/uploads\/2014\/05\/styke_amy_IMG_1280-50x50.jpg 50w\" sizes=\"(max-width: 150px) 100vw, 150px\" \/><\/a>\n\t\t\t<\/div><\/figure><figure class='gallery-item'>\n\t\t\t<div class='gallery-icon landscape'>\n\t\t\t\t<a href='https:\/\/fr.motocrossmag.be\/index.php\/2014\/05\/photos-le-gp-de-hollande-a-valkenswaard\/tixier_febvre_img_1470\/'><img decoding=\"async\" width=\"150\" height=\"150\" src=\"https:\/\/fr.motocrossmag.be\/wp-content\/uploads\/2014\/05\/tixier_febvre_IMG_1470-150x150.jpg\" class=\"attachment-thumbnail size-thumbnail\" alt=\"\" srcset=\"https:\/\/fr.motocrossmag.be\/wp-content\/uploads\/2014\/05\/tixier_febvre_IMG_1470-150x150.jpg 150w, https:\/\/fr.motocrossmag.be\/wp-content\/uploads\/2014\/05\/tixier_febvre_IMG_1470-50x50.jpg 50w\" sizes=\"(max-width: 150px) 100vw, 150px\" \/><\/a>\n\t\t\t<\/div><\/figure><figure class='gallery-item'>\n\t\t\t<div class='gallery-icon landscape'>\n\t\t\t\t<a href='https:\/\/fr.motocrossmag.be\/index.php\/2014\/05\/photos-le-gp-de-hollande-a-valkenswaard\/tixier_fp4a7093\/'><img decoding=\"async\" width=\"150\" height=\"150\" src=\"https:\/\/fr.motocrossmag.be\/wp-content\/uploads\/2014\/05\/tixier_FP4A7093-150x150.jpg\" class=\"attachment-thumbnail size-thumbnail\" alt=\"\" srcset=\"https:\/\/fr.motocrossmag.be\/wp-content\/uploads\/2014\/05\/tixier_FP4A7093-150x150.jpg 150w, https:\/\/fr.motocrossmag.be\/wp-content\/uploads\/2014\/05\/tixier_FP4A7093-50x50.jpg 50w\" sizes=\"(max-width: 150px) 100vw, 150px\" \/><\/a>\n\t\t\t<\/div><\/figure><figure class='gallery-item'>\n\t\t\t<div class='gallery-icon landscape'>\n\t\t\t\t<a href='https:\/\/fr.motocrossmag.be\/index.php\/2014\/05\/photos-le-gp-de-hollande-a-valkenswaard\/tonkov_fp4a6219\/'><img decoding=\"async\" width=\"150\" height=\"150\" src=\"https:\/\/fr.motocrossmag.be\/wp-content\/uploads\/2014\/05\/tonkov_FP4A6219-150x150.jpg\" class=\"attachment-thumbnail size-thumbnail\" alt=\"\" srcset=\"https:\/\/fr.motocrossmag.be\/wp-content\/uploads\/2014\/05\/tonkov_FP4A6219-150x150.jpg 150w, https:\/\/fr.motocrossmag.be\/wp-content\/uploads\/2014\/05\/tonkov_FP4A6219-50x50.jpg 50w\" sizes=\"(max-width: 150px) 100vw, 150px\" \/><\/a>\n\t\t\t<\/div><\/figure><figure class='gallery-item'>\n\t\t\t<div class='gallery-icon landscape'>\n\t\t\t\t<a href='https:\/\/fr.motocrossmag.be\/index.php\/2014\/05\/photos-le-gp-de-hollande-a-valkenswaard\/tonkov_img_0929\/'><img decoding=\"async\" width=\"150\" height=\"150\" src=\"https:\/\/fr.motocrossmag.be\/wp-content\/uploads\/2014\/05\/tonkov_IMG_0929-150x150.jpg\" class=\"attachment-thumbnail size-thumbnail\" alt=\"\" srcset=\"https:\/\/fr.motocrossmag.be\/wp-content\/uploads\/2014\/05\/tonkov_IMG_0929-150x150.jpg 150w, https:\/\/fr.motocrossmag.be\/wp-content\/uploads\/2014\/05\/tonkov_IMG_0929-50x50.jpg 50w\" sizes=\"(max-width: 150px) 100vw, 150px\" \/><\/a>\n\t\t\t<\/div><\/figure><figure class='gallery-item'>\n\t\t\t<div class='gallery-icon landscape'>\n\t\t\t\t<a href='https:\/\/fr.motocrossmag.be\/index.php\/2014\/05\/photos-le-gp-de-hollande-a-valkenswaard\/tony_img_3652\/'><img decoding=\"async\" width=\"150\" height=\"150\" src=\"https:\/\/fr.motocrossmag.be\/wp-content\/uploads\/2014\/05\/tony_IMG_3652-150x150.jpg\" class=\"attachment-thumbnail size-thumbnail\" alt=\"\" srcset=\"https:\/\/fr.motocrossmag.be\/wp-content\/uploads\/2014\/05\/tony_IMG_3652-150x150.jpg 150w, https:\/\/fr.motocrossmag.be\/wp-content\/uploads\/2014\/05\/tony_IMG_3652-50x50.jpg 50w\" sizes=\"(max-width: 150px) 100vw, 150px\" \/><\/a>\n\t\t\t<\/div><\/figure><figure class='gallery-item'>\n\t\t\t<div class='gallery-icon landscape'>\n\t\t\t\t<a href='https:\/\/fr.motocrossmag.be\/index.php\/2014\/05\/photos-le-gp-de-hollande-a-valkenswaard\/tony_img_15161\/'><img decoding=\"async\" width=\"150\" height=\"150\" src=\"https:\/\/fr.motocrossmag.be\/wp-content\/uploads\/2014\/05\/tony_IMG_15161-150x150.jpg\" class=\"attachment-thumbnail size-thumbnail\" alt=\"\" srcset=\"https:\/\/fr.motocrossmag.be\/wp-content\/uploads\/2014\/05\/tony_IMG_15161-150x150.jpg 150w, https:\/\/fr.motocrossmag.be\/wp-content\/uploads\/2014\/05\/tony_IMG_15161-50x50.jpg 50w\" sizes=\"(max-width: 150px) 100vw, 150px\" \/><\/a>\n\t\t\t<\/div><\/figure><figure class='gallery-item'>\n\t\t\t<div class='gallery-icon landscape'>\n\t\t\t\t<a href='https:\/\/fr.motocrossmag.be\/index.php\/2014\/05\/photos-le-gp-de-hollande-a-valkenswaard\/vertommen_img_0739\/'><img decoding=\"async\" width=\"150\" height=\"150\" src=\"https:\/\/fr.motocrossmag.be\/wp-content\/uploads\/2014\/05\/vertommen_IMG_0739-150x150.jpg\" class=\"attachment-thumbnail size-thumbnail\" alt=\"\" srcset=\"https:\/\/fr.motocrossmag.be\/wp-content\/uploads\/2014\/05\/vertommen_IMG_0739-150x150.jpg 150w, https:\/\/fr.motocrossmag.be\/wp-content\/uploads\/2014\/05\/vertommen_IMG_0739-50x50.jpg 50w\" sizes=\"(max-width: 150px) 100vw, 150px\" \/><\/a>\n\t\t\t<\/div><\/figure><figure class='gallery-item'>\n\t\t\t<div class='gallery-icon landscape'>\n\t\t\t\t<a href='https:\/\/fr.motocrossmag.be\/index.php\/2014\/05\/photos-le-gp-de-hollande-a-valkenswaard\/yamamoto_img_3277\/'><img decoding=\"async\" width=\"150\" height=\"150\" src=\"https:\/\/fr.motocrossmag.be\/wp-content\/uploads\/2014\/05\/Yamamoto_IMG_3277-150x150.jpg\" class=\"attachment-thumbnail size-thumbnail\" alt=\"\" srcset=\"https:\/\/fr.motocrossmag.be\/wp-content\/uploads\/2014\/05\/Yamamoto_IMG_3277-150x150.jpg 150w, https:\/\/fr.motocrossmag.be\/wp-content\/uploads\/2014\/05\/Yamamoto_IMG_3277-50x50.jpg 50w\" sizes=\"(max-width: 150px) 100vw, 150px\" \/><\/a>\n\t\t\t<\/div><\/figure>\n\t\t<\/div>\n\n","protected":false},"excerpt":{"rendered":"<p>Notre photographe maison \u00ab\u00a0CDS\u00a0\u00bb nous propose de revenir en images sur le GP de Valkenswaard, disput\u00e9 le week-end pass\u00e9 et remport\u00e9 par les officiels KTM Antonio Cairoli (MXGP) et Jeffrey Herlings (MX2). Photos: CDS<\/p>\n","protected":false},"author":932,"featured_media":23150,"comment_status":"open","ping_status":"closed","sticky":false,"template":"","format":"standard","meta":{"tdm_status":"","tdm_grid_status":"","footnotes":""},"categories":[54,4,6,55,66,65],"tags":[],"class_list":["post-23068","post","type-post","status-publish","format-standard","has-post-thumbnail","category-actualite","category-motocross","category-mx1mx2","category-news-actualite","category-photos","category-slideshow"],"yoast_head":"<!-- This site is optimized with the Yoast SEO plugin v28.3 - https:\/\/yoast.com\/product\/yoast-seo-wordpress\/ -->\n<title>Photos: le GP de Hollande \u00e0 Valkenswaard - Motocross - Enduro - Supermoto | MotocrossMag<\/title>\n<meta name=\"robots\" content=\"index, follow, max-snippet:-1, max-image-preview:large, max-video-preview:-1\" \/>\n<link rel=\"canonical\" href=\"https:\/\/fr.motocrossmag.be\/index.php\/2014\/05\/photos-le-gp-de-hollande-a-valkenswaard\/\" \/>\n<meta property=\"og:locale\" content=\"fr_FR\" \/>\n<meta property=\"og:type\" content=\"article\" \/>\n<meta property=\"og:title\" content=\"Photos: le GP de Hollande \u00e0 Valkenswaard - Motocross - Enduro - Supermoto | MotocrossMag\" \/>\n<meta property=\"og:description\" content=\"Notre photographe maison \u00ab\u00a0CDS\u00a0\u00bb nous propose de revenir en images sur le GP de Valkenswaard, disput\u00e9 le week-end pass\u00e9 et remport\u00e9 par les officiels KTM Antonio Cairoli (MXGP) et Jeffrey Herlings (MX2). Photos: CDS\" \/>\n<meta property=\"og:url\" content=\"https:\/\/fr.motocrossmag.be\/index.php\/2014\/05\/photos-le-gp-de-hollande-a-valkenswaard\/\" \/>\n<meta property=\"og:site_name\" content=\"Motocross - Enduro - Supermoto | MotocrossMag\" \/>\n<meta property=\"article:published_time\" content=\"2014-05-08T14:57:21+00:00\" \/>\n<meta property=\"og:image\" content=\"https:\/\/fr.motocrossmag.be\/wp-content\/uploads\/2014\/05\/Yamamoto_IMG_3277.jpg\" \/>\n\t<meta property=\"og:image:width\" content=\"1024\" \/>\n\t<meta property=\"og:image:height\" content=\"683\" \/>\n\t<meta property=\"og:image:type\" content=\"image\/jpeg\" \/>\n<meta name=\"author\" content=\"oliviere\" \/>\n<meta name=\"twitter:card\" content=\"summary_large_image\" \/>\n<meta name=\"twitter:label1\" content=\"\u00c9crit par\" \/>\n\t<meta name=\"twitter:data1\" content=\"oliviere\" \/>\n<script type=\"application\/ld+json\" class=\"yoast-schema-graph\">{\"@context\":\"https:\\\/\\\/schema.org\",\"@graph\":[{\"@type\":\"Article\",\"@id\":\"https:\\\/\\\/fr.motocrossmag.be\\\/index.php\\\/2014\\\/05\\\/photos-le-gp-de-hollande-a-valkenswaard\\\/#article\",\"isPartOf\":{\"@id\":\"https:\\\/\\\/fr.motocrossmag.be\\\/index.php\\\/2014\\\/05\\\/photos-le-gp-de-hollande-a-valkenswaard\\\/\"},\"author\":{\"name\":\"oliviere\",\"@id\":\"https:\\\/\\\/fr.motocrossmag.be\\\/#\\\/schema\\\/person\\\/11b47143d9f755babca2c9110e03235c\"},\"headline\":\"Photos: le GP de Hollande \u00e0 Valkenswaard\",\"datePublished\":\"2014-05-08T14:57:21+00:00\",\"mainEntityOfPage\":{\"@id\":\"https:\\\/\\\/fr.motocrossmag.be\\\/index.php\\\/2014\\\/05\\\/photos-le-gp-de-hollande-a-valkenswaard\\\/\"},\"wordCount\":42,\"commentCount\":0,\"image\":{\"@id\":\"https:\\\/\\\/fr.motocrossmag.be\\\/index.php\\\/2014\\\/05\\\/photos-le-gp-de-hollande-a-valkenswaard\\\/#primaryimage\"},\"thumbnailUrl\":\"https:\\\/\\\/fr.motocrossmag.be\\\/wp-content\\\/uploads\\\/2014\\\/05\\\/Yamamoto_IMG_3277.jpg\",\"articleSection\":[\"Actualit\u00e9\",\"Motocross\",\"Motocross MXGP\",\"News\",\"Photos\",\"Slideshow\"],\"inLanguage\":\"fr-FR\",\"potentialAction\":[{\"@type\":\"CommentAction\",\"name\":\"Comment\",\"target\":[\"https:\\\/\\\/fr.motocrossmag.be\\\/index.php\\\/2014\\\/05\\\/photos-le-gp-de-hollande-a-valkenswaard\\\/#respond\"]}]},{\"@type\":\"WebPage\",\"@id\":\"https:\\\/\\\/fr.motocrossmag.be\\\/index.php\\\/2014\\\/05\\\/photos-le-gp-de-hollande-a-valkenswaard\\\/\",\"url\":\"https:\\\/\\\/fr.motocrossmag.be\\\/index.php\\\/2014\\\/05\\\/photos-le-gp-de-hollande-a-valkenswaard\\\/\",\"name\":\"Photos: le GP de Hollande \u00e0 Valkenswaard - Motocross - Enduro - Supermoto | MotocrossMag\",\"isPartOf\":{\"@id\":\"https:\\\/\\\/fr.motocrossmag.be\\\/#website\"},\"primaryImageOfPage\":{\"@id\":\"https:\\\/\\\/fr.motocrossmag.be\\\/index.php\\\/2014\\\/05\\\/photos-le-gp-de-hollande-a-valkenswaard\\\/#primaryimage\"},\"image\":{\"@id\":\"https:\\\/\\\/fr.motocrossmag.be\\\/index.php\\\/2014\\\/05\\\/photos-le-gp-de-hollande-a-valkenswaard\\\/#primaryimage\"},\"thumbnailUrl\":\"https:\\\/\\\/fr.motocrossmag.be\\\/wp-content\\\/uploads\\\/2014\\\/05\\\/Yamamoto_IMG_3277.jpg\",\"datePublished\":\"2014-05-08T14:57:21+00:00\",\"author\":{\"@id\":\"https:\\\/\\\/fr.motocrossmag.be\\\/#\\\/schema\\\/person\\\/11b47143d9f755babca2c9110e03235c\"},\"breadcrumb\":{\"@id\":\"https:\\\/\\\/fr.motocrossmag.be\\\/index.php\\\/2014\\\/05\\\/photos-le-gp-de-hollande-a-valkenswaard\\\/#breadcrumb\"},\"inLanguage\":\"fr-FR\",\"potentialAction\":[{\"@type\":\"ReadAction\",\"target\":[\"https:\\\/\\\/fr.motocrossmag.be\\\/index.php\\\/2014\\\/05\\\/photos-le-gp-de-hollande-a-valkenswaard\\\/\"]}]},{\"@type\":\"ImageObject\",\"inLanguage\":\"fr-FR\",\"@id\":\"https:\\\/\\\/fr.motocrossmag.be\\\/index.php\\\/2014\\\/05\\\/photos-le-gp-de-hollande-a-valkenswaard\\\/#primaryimage\",\"url\":\"https:\\\/\\\/fr.motocrossmag.be\\\/wp-content\\\/uploads\\\/2014\\\/05\\\/Yamamoto_IMG_3277.jpg\",\"contentUrl\":\"https:\\\/\\\/fr.motocrossmag.be\\\/wp-content\\\/uploads\\\/2014\\\/05\\\/Yamamoto_IMG_3277.jpg\",\"width\":1024,\"height\":683},{\"@type\":\"BreadcrumbList\",\"@id\":\"https:\\\/\\\/fr.motocrossmag.be\\\/index.php\\\/2014\\\/05\\\/photos-le-gp-de-hollande-a-valkenswaard\\\/#breadcrumb\",\"itemListElement\":[{\"@type\":\"ListItem\",\"position\":1,\"name\":\"Accueil\",\"item\":\"https:\\\/\\\/fr.motocrossmag.be\\\/\"},{\"@type\":\"ListItem\",\"position\":2,\"name\":\"Photos: le GP de Hollande \u00e0 Valkenswaard\"}]},{\"@type\":\"WebSite\",\"@id\":\"https:\\\/\\\/fr.motocrossmag.be\\\/#website\",\"url\":\"https:\\\/\\\/fr.motocrossmag.be\\\/\",\"name\":\"Motocross - Enduro - Supermoto | MotocrossMag\",\"description\":\"L&#039;actualit\u00e9 du motocross, de l&#039;enduro et du Supermoto en ligne!\",\"potentialAction\":[{\"@type\":\"SearchAction\",\"target\":{\"@type\":\"EntryPoint\",\"urlTemplate\":\"https:\\\/\\\/fr.motocrossmag.be\\\/?s={search_term_string}\"},\"query-input\":{\"@type\":\"PropertyValueSpecification\",\"valueRequired\":true,\"valueName\":\"search_term_string\"}}],\"inLanguage\":\"fr-FR\"},{\"@type\":\"Person\",\"@id\":\"https:\\\/\\\/fr.motocrossmag.be\\\/#\\\/schema\\\/person\\\/11b47143d9f755babca2c9110e03235c\",\"name\":\"oliviere\",\"image\":{\"@type\":\"ImageObject\",\"inLanguage\":\"fr-FR\",\"@id\":\"https:\\\/\\\/secure.gravatar.com\\\/avatar\\\/907069e0b81d119452040469e4a7501da1100f54f7f80180ce77bfab718288f6?s=96&d=mm&r=g\",\"url\":\"https:\\\/\\\/secure.gravatar.com\\\/avatar\\\/907069e0b81d119452040469e4a7501da1100f54f7f80180ce77bfab718288f6?s=96&d=mm&r=g\",\"contentUrl\":\"https:\\\/\\\/secure.gravatar.com\\\/avatar\\\/907069e0b81d119452040469e4a7501da1100f54f7f80180ce77bfab718288f6?s=96&d=mm&r=g\",\"caption\":\"oliviere\"},\"sameAs\":[\"http:\\\/\\\/www.motocrossmag.be\"],\"url\":\"https:\\\/\\\/fr.motocrossmag.be\\\/index.php\\\/author\\\/oliviere\\\/\"}]}<\/script>\n<!-- \/ Yoast SEO plugin. -->","yoast_head_json":{"title":"Photos: le GP de Hollande \u00e0 Valkenswaard - Motocross - Enduro - Supermoto | MotocrossMag","robots":{"index":"index","follow":"follow","max-snippet":"max-snippet:-1","max-image-preview":"max-image-preview:large","max-video-preview":"max-video-preview:-1"},"canonical":"https:\/\/fr.motocrossmag.be\/index.php\/2014\/05\/photos-le-gp-de-hollande-a-valkenswaard\/","og_locale":"fr_FR","og_type":"article","og_title":"Photos: le GP de Hollande \u00e0 Valkenswaard - Motocross - Enduro - Supermoto | MotocrossMag","og_description":"Notre photographe maison \u00ab\u00a0CDS\u00a0\u00bb nous propose de revenir en images sur le GP de Valkenswaard, disput\u00e9 le week-end pass\u00e9 et remport\u00e9 par les officiels KTM Antonio Cairoli (MXGP) et Jeffrey Herlings (MX2). Photos: CDS","og_url":"https:\/\/fr.motocrossmag.be\/index.php\/2014\/05\/photos-le-gp-de-hollande-a-valkenswaard\/","og_site_name":"Motocross - Enduro - Supermoto | MotocrossMag","article_published_time":"2014-05-08T14:57:21+00:00","og_image":[{"width":1024,"height":683,"url":"https:\/\/fr.motocrossmag.be\/wp-content\/uploads\/2014\/05\/Yamamoto_IMG_3277.jpg","type":"image\/jpeg"}],"author":"oliviere","twitter_card":"summary_large_image","twitter_misc":{"\u00c9crit par":"oliviere"},"schema":{"@context":"https:\/\/schema.org","@graph":[{"@type":"Article","@id":"https:\/\/fr.motocrossmag.be\/index.php\/2014\/05\/photos-le-gp-de-hollande-a-valkenswaard\/#article","isPartOf":{"@id":"https:\/\/fr.motocrossmag.be\/index.php\/2014\/05\/photos-le-gp-de-hollande-a-valkenswaard\/"},"author":{"name":"oliviere","@id":"https:\/\/fr.motocrossmag.be\/#\/schema\/person\/11b47143d9f755babca2c9110e03235c"},"headline":"Photos: le GP de Hollande \u00e0 Valkenswaard","datePublished":"2014-05-08T14:57:21+00:00","mainEntityOfPage":{"@id":"https:\/\/fr.motocrossmag.be\/index.php\/2014\/05\/photos-le-gp-de-hollande-a-valkenswaard\/"},"wordCount":42,"commentCount":0,"image":{"@id":"https:\/\/fr.motocrossmag.be\/index.php\/2014\/05\/photos-le-gp-de-hollande-a-valkenswaard\/#primaryimage"},"thumbnailUrl":"https:\/\/fr.motocrossmag.be\/wp-content\/uploads\/2014\/05\/Yamamoto_IMG_3277.jpg","articleSection":["Actualit\u00e9","Motocross","Motocross MXGP","News","Photos","Slideshow"],"inLanguage":"fr-FR","potentialAction":[{"@type":"CommentAction","name":"Comment","target":["https:\/\/fr.motocrossmag.be\/index.php\/2014\/05\/photos-le-gp-de-hollande-a-valkenswaard\/#respond"]}]},{"@type":"WebPage","@id":"https:\/\/fr.motocrossmag.be\/index.php\/2014\/05\/photos-le-gp-de-hollande-a-valkenswaard\/","url":"https:\/\/fr.motocrossmag.be\/index.php\/2014\/05\/photos-le-gp-de-hollande-a-valkenswaard\/","name":"Photos: le GP de Hollande \u00e0 Valkenswaard - Motocross - Enduro - Supermoto | MotocrossMag","isPartOf":{"@id":"https:\/\/fr.motocrossmag.be\/#website"},"primaryImageOfPage":{"@id":"https:\/\/fr.motocrossmag.be\/index.php\/2014\/05\/photos-le-gp-de-hollande-a-valkenswaard\/#primaryimage"},"image":{"@id":"https:\/\/fr.motocrossmag.be\/index.php\/2014\/05\/photos-le-gp-de-hollande-a-valkenswaard\/#primaryimage"},"thumbnailUrl":"https:\/\/fr.motocrossmag.be\/wp-content\/uploads\/2014\/05\/Yamamoto_IMG_3277.jpg","datePublished":"2014-05-08T14:57:21+00:00","author":{"@id":"https:\/\/fr.motocrossmag.be\/#\/schema\/person\/11b47143d9f755babca2c9110e03235c"},"breadcrumb":{"@id":"https:\/\/fr.motocrossmag.be\/index.php\/2014\/05\/photos-le-gp-de-hollande-a-valkenswaard\/#breadcrumb"},"inLanguage":"fr-FR","potentialAction":[{"@type":"ReadAction","target":["https:\/\/fr.motocrossmag.be\/index.php\/2014\/05\/photos-le-gp-de-hollande-a-valkenswaard\/"]}]},{"@type":"ImageObject","inLanguage":"fr-FR","@id":"https:\/\/fr.motocrossmag.be\/index.php\/2014\/05\/photos-le-gp-de-hollande-a-valkenswaard\/#primaryimage","url":"https:\/\/fr.motocrossmag.be\/wp-content\/uploads\/2014\/05\/Yamamoto_IMG_3277.jpg","contentUrl":"https:\/\/fr.motocrossmag.be\/wp-content\/uploads\/2014\/05\/Yamamoto_IMG_3277.jpg","width":1024,"height":683},{"@type":"BreadcrumbList","@id":"https:\/\/fr.motocrossmag.be\/index.php\/2014\/05\/photos-le-gp-de-hollande-a-valkenswaard\/#breadcrumb","itemListElement":[{"@type":"ListItem","position":1,"name":"Accueil","item":"https:\/\/fr.motocrossmag.be\/"},{"@type":"ListItem","position":2,"name":"Photos: le GP de Hollande \u00e0 Valkenswaard"}]},{"@type":"WebSite","@id":"https:\/\/fr.motocrossmag.be\/#website","url":"https:\/\/fr.motocrossmag.be\/","name":"Motocross - Enduro - Supermoto | MotocrossMag","description":"L&#039;actualit\u00e9 du motocross, de l&#039;enduro et du Supermoto en ligne!","potentialAction":[{"@type":"SearchAction","target":{"@type":"EntryPoint","urlTemplate":"https:\/\/fr.motocrossmag.be\/?s={search_term_string}"},"query-input":{"@type":"PropertyValueSpecification","valueRequired":true,"valueName":"search_term_string"}}],"inLanguage":"fr-FR"},{"@type":"Person","@id":"https:\/\/fr.motocrossmag.be\/#\/schema\/person\/11b47143d9f755babca2c9110e03235c","name":"oliviere","image":{"@type":"ImageObject","inLanguage":"fr-FR","@id":"https:\/\/secure.gravatar.com\/avatar\/907069e0b81d119452040469e4a7501da1100f54f7f80180ce77bfab718288f6?s=96&d=mm&r=g","url":"https:\/\/secure.gravatar.com\/avatar\/907069e0b81d119452040469e4a7501da1100f54f7f80180ce77bfab718288f6?s=96&d=mm&r=g","contentUrl":"https:\/\/secure.gravatar.com\/avatar\/907069e0b81d119452040469e4a7501da1100f54f7f80180ce77bfab718288f6?s=96&d=mm&r=g","caption":"oliviere"},"sameAs":["http:\/\/www.motocrossmag.be"],"url":"https:\/\/fr.motocrossmag.be\/index.php\/author\/oliviere\/"}]}},"_links":{"self":[{"href":"https:\/\/fr.motocrossmag.be\/index.php\/wp-json\/wp\/v2\/posts\/23068","targetHints":{"allow":["GET"]}}],"collection":[{"href":"https:\/\/fr.motocrossmag.be\/index.php\/wp-json\/wp\/v2\/posts"}],"about":[{"href":"https:\/\/fr.motocrossmag.be\/index.php\/wp-json\/wp\/v2\/types\/post"}],"author":[{"embeddable":true,"href":"https:\/\/fr.motocrossmag.be\/index.php\/wp-json\/wp\/v2\/users\/932"}],"replies":[{"embeddable":true,"href":"https:\/\/fr.motocrossmag.be\/index.php\/wp-json\/wp\/v2\/comments?post=23068"}],"version-history":[{"count":1,"href":"https:\/\/fr.motocrossmag.be\/index.php\/wp-json\/wp\/v2\/posts\/23068\/revisions"}],"predecessor-version":[{"id":23151,"href":"https:\/\/fr.motocrossmag.be\/index.php\/wp-json\/wp\/v2\/posts\/23068\/revisions\/23151"}],"wp:featuredmedia":[{"embeddable":true,"href":"https:\/\/fr.motocrossmag.be\/index.php\/wp-json\/wp\/v2\/media\/23150"}],"wp:attachment":[{"href":"https:\/\/fr.motocrossmag.be\/index.php\/wp-json\/wp\/v2\/media?parent=23068"}],"wp:term":[{"taxonomy":"category","embeddable":true,"href":"https:\/\/fr.motocrossmag.be\/index.php\/wp-json\/wp\/v2\/categories?post=23068"},{"taxonomy":"post_tag","embeddable":true,"href":"https:\/\/fr.motocrossmag.be\/index.php\/wp-json\/wp\/v2\/tags?post=23068"}],"curies":[{"name":"wp","href":"https:\/\/api.w.org\/{rel}","templated":true}]}}