{"id":24711,"date":"2014-07-01T12:05:00","date_gmt":"2014-07-01T10:05:00","guid":{"rendered":"http:\/\/fr.motocrossmag.be\/?p=24711"},"modified":"2014-07-01T12:05:00","modified_gmt":"2014-07-01T10:05:00","slug":"photos-belgian-masters-of-motocross-a-kester","status":"publish","type":"post","link":"https:\/\/fr.motocrossmag.be\/index.php\/2014\/07\/photos-belgian-masters-of-motocross-a-kester\/","title":{"rendered":"Photos: Belgian Masters of Motocross \u00e0 Kester"},"content":{"rendered":"<p>Comme les autres \u00e9preuves disput\u00e9es en Belgique ce week-end, le 3\u00e8me round des Belgian Masters of Motocross n&rsquo;a pas \u00e9t\u00e9 \u00e9pargn\u00e9 par une m\u00e9t\u00e9o plut\u00f4t capricieuse. Les violentes averses orageuses ont en effet rapidement transform\u00e9 le Kesterheide en v\u00e9ritable cauchemar pour les pilotes. Des conditions difficiles qui ont n\u00e9anmoins offert un spectacle \u00e0 la hauteur des attentes du public de Kester, nombreux malgr\u00e9 la m\u00e9t\u00e9o. La preuve en images !<\/p>\n<p>Photos: CDS &amp; Frederik \u00ab\u00a0Vepix\u00a0\u00bb Van Eeckhoven<\/p><div class=\"qmxld6a97014c2ac8a\" ><!-- \/91277017\/Inline-articles-mobile -->\n<div style=\"margin:auto; text-align:center !important\">\n<div id='div-gpt-ad-1784982661365-0' style='min-width: 250px; min-height: 75px;'>\n  <script>\n    googletag.cmd.push(function() { googletag.display('div-gpt-ad-1784982661365-0'); });\n  <\/script>\n<\/div><\/div><\/div><style type=\"text\/css\">\r\n.qmxld6a97014c2ac8a {\r\nmargin-bottom:30px;margin-top:20px\r\n}\r\n@media screen and (min-width: 1201px) {\r\n.qmxld6a97014c2ac8a {\r\ndisplay: block;\r\n}\r\n}\r\n@media screen and (min-width: 993px) and (max-width: 1200px) {\r\n.qmxld6a97014c2ac8a {\r\ndisplay: block;\r\n}\r\n}\r\n@media screen and (min-width: 769px) and (max-width: 992px) {\r\n.qmxld6a97014c2ac8a {\r\ndisplay: block;\r\n}\r\n}\r\n@media screen and (min-width: 768px) and (max-width: 768px) {\r\n.qmxld6a97014c2ac8a {\r\ndisplay: block;\r\n}\r\n}\r\n@media screen and (max-width: 767px) {\r\n.qmxld6a97014c2ac8a {\r\ndisplay: block;\r\n}\r\n}\r\n<\/style>\r\n\n<p>&nbsp;<\/p>\n<div id='gallery-1' class='gallery galleryid-24711 gallery-columns-3 gallery-size-thumbnail'><figure class='gallery-item'>\n\t\t\t<div class='gallery-icon landscape'>\n\t\t\t\t<a href='https:\/\/fr.motocrossmag.be\/index.php\/2014\/07\/photos-belgian-masters-of-motocross-a-kester\/vertommen_img_9998\/'><img decoding=\"async\" width=\"150\" height=\"150\" src=\"https:\/\/fr.motocrossmag.be\/wp-content\/uploads\/2014\/07\/vertommen_IMG_9998-150x150.jpg\" class=\"attachment-thumbnail size-thumbnail\" alt=\"\" srcset=\"https:\/\/fr.motocrossmag.be\/wp-content\/uploads\/2014\/07\/vertommen_IMG_9998-150x150.jpg 150w, https:\/\/fr.motocrossmag.be\/wp-content\/uploads\/2014\/07\/vertommen_IMG_9998-50x50.jpg 50w\" sizes=\"(max-width: 150px) 100vw, 150px\" \/><\/a>\n\t\t\t<\/div><\/figure><figure class='gallery-item'>\n\t\t\t<div class='gallery-icon landscape'>\n\t\t\t\t<a href='https:\/\/fr.motocrossmag.be\/index.php\/2014\/07\/photos-belgian-masters-of-motocross-a-kester\/vertommen_img_9942\/'><img decoding=\"async\" width=\"150\" height=\"150\" src=\"https:\/\/fr.motocrossmag.be\/wp-content\/uploads\/2014\/07\/vertommen_IMG_9942-150x150.jpg\" class=\"attachment-thumbnail size-thumbnail\" alt=\"\" srcset=\"https:\/\/fr.motocrossmag.be\/wp-content\/uploads\/2014\/07\/vertommen_IMG_9942-150x150.jpg 150w, https:\/\/fr.motocrossmag.be\/wp-content\/uploads\/2014\/07\/vertommen_IMG_9942-50x50.jpg 50w\" sizes=\"(max-width: 150px) 100vw, 150px\" \/><\/a>\n\t\t\t<\/div><\/figure><figure class='gallery-item'>\n\t\t\t<div class='gallery-icon landscape'>\n\t\t\t\t<a href='https:\/\/fr.motocrossmag.be\/index.php\/2014\/07\/photos-belgian-masters-of-motocross-a-kester\/vdueren_img_0306\/'><img decoding=\"async\" width=\"150\" height=\"150\" src=\"https:\/\/fr.motocrossmag.be\/wp-content\/uploads\/2014\/07\/vdueren_IMG_0306-150x150.jpg\" class=\"attachment-thumbnail size-thumbnail\" alt=\"\" srcset=\"https:\/\/fr.motocrossmag.be\/wp-content\/uploads\/2014\/07\/vdueren_IMG_0306-150x150.jpg 150w, https:\/\/fr.motocrossmag.be\/wp-content\/uploads\/2014\/07\/vdueren_IMG_0306-50x50.jpg 50w\" sizes=\"(max-width: 150px) 100vw, 150px\" \/><\/a>\n\t\t\t<\/div><\/figure><figure class='gallery-item'>\n\t\t\t<div class='gallery-icon landscape'>\n\t\t\t\t<a href='https:\/\/fr.motocrossmag.be\/index.php\/2014\/07\/photos-belgian-masters-of-motocross-a-kester\/vdueren_img_0037\/'><img decoding=\"async\" width=\"150\" height=\"150\" src=\"https:\/\/fr.motocrossmag.be\/wp-content\/uploads\/2014\/07\/vdueren_IMG_0037-150x150.jpg\" class=\"attachment-thumbnail size-thumbnail\" alt=\"\" srcset=\"https:\/\/fr.motocrossmag.be\/wp-content\/uploads\/2014\/07\/vdueren_IMG_0037-150x150.jpg 150w, https:\/\/fr.motocrossmag.be\/wp-content\/uploads\/2014\/07\/vdueren_IMG_0037-50x50.jpg 50w\" sizes=\"(max-width: 150px) 100vw, 150px\" \/><\/a>\n\t\t\t<\/div><\/figure><figure class='gallery-item'>\n\t\t\t<div class='gallery-icon landscape'>\n\t\t\t\t<a href='https:\/\/fr.motocrossmag.be\/index.php\/2014\/07\/photos-belgian-masters-of-motocross-a-kester\/vdoninck_img_9377\/'><img decoding=\"async\" width=\"150\" height=\"150\" src=\"https:\/\/fr.motocrossmag.be\/wp-content\/uploads\/2014\/07\/vdoninck_IMG_9377-150x150.jpg\" class=\"attachment-thumbnail size-thumbnail\" alt=\"\" srcset=\"https:\/\/fr.motocrossmag.be\/wp-content\/uploads\/2014\/07\/vdoninck_IMG_9377-150x150.jpg 150w, https:\/\/fr.motocrossmag.be\/wp-content\/uploads\/2014\/07\/vdoninck_IMG_9377-50x50.jpg 50w\" sizes=\"(max-width: 150px) 100vw, 150px\" \/><\/a>\n\t\t\t<\/div><\/figure><figure class='gallery-item'>\n\t\t\t<div class='gallery-icon landscape'>\n\t\t\t\t<a href='https:\/\/fr.motocrossmag.be\/index.php\/2014\/07\/photos-belgian-masters-of-motocross-a-kester\/triest_img_9578\/'><img decoding=\"async\" width=\"150\" height=\"150\" src=\"https:\/\/fr.motocrossmag.be\/wp-content\/uploads\/2014\/07\/triest_IMG_9578-150x150.jpg\" class=\"attachment-thumbnail size-thumbnail\" alt=\"\" srcset=\"https:\/\/fr.motocrossmag.be\/wp-content\/uploads\/2014\/07\/triest_IMG_9578-150x150.jpg 150w, https:\/\/fr.motocrossmag.be\/wp-content\/uploads\/2014\/07\/triest_IMG_9578-50x50.jpg 50w\" sizes=\"(max-width: 150px) 100vw, 150px\" \/><\/a>\n\t\t\t<\/div><\/figure><figure class='gallery-item'>\n\t\t\t<div class='gallery-icon landscape'>\n\t\t\t\t<a href='https:\/\/fr.motocrossmag.be\/index.php\/2014\/07\/photos-belgian-masters-of-motocross-a-kester\/triest_img_0248\/'><img decoding=\"async\" width=\"150\" height=\"150\" src=\"https:\/\/fr.motocrossmag.be\/wp-content\/uploads\/2014\/07\/triest_IMG_0248-150x150.jpg\" class=\"attachment-thumbnail size-thumbnail\" alt=\"\" srcset=\"https:\/\/fr.motocrossmag.be\/wp-content\/uploads\/2014\/07\/triest_IMG_0248-150x150.jpg 150w, https:\/\/fr.motocrossmag.be\/wp-content\/uploads\/2014\/07\/triest_IMG_0248-50x50.jpg 50w\" sizes=\"(max-width: 150px) 100vw, 150px\" \/><\/a>\n\t\t\t<\/div><\/figure><figure class='gallery-item'>\n\t\t\t<div class='gallery-icon landscape'>\n\t\t\t\t<a href='https:\/\/fr.motocrossmag.be\/index.php\/2014\/07\/photos-belgian-masters-of-motocross-a-kester\/strijbos_img_9587\/'><img decoding=\"async\" width=\"150\" height=\"150\" src=\"https:\/\/fr.motocrossmag.be\/wp-content\/uploads\/2014\/07\/strijbos_IMG_9587-150x150.jpg\" class=\"attachment-thumbnail size-thumbnail\" alt=\"\" srcset=\"https:\/\/fr.motocrossmag.be\/wp-content\/uploads\/2014\/07\/strijbos_IMG_9587-150x150.jpg 150w, https:\/\/fr.motocrossmag.be\/wp-content\/uploads\/2014\/07\/strijbos_IMG_9587-50x50.jpg 50w\" sizes=\"(max-width: 150px) 100vw, 150px\" \/><\/a>\n\t\t\t<\/div><\/figure><figure class='gallery-item'>\n\t\t\t<div class='gallery-icon landscape'>\n\t\t\t\t<a href='https:\/\/fr.motocrossmag.be\/index.php\/2014\/07\/photos-belgian-masters-of-motocross-a-kester\/strijbos_img_0336\/'><img decoding=\"async\" width=\"150\" height=\"150\" src=\"https:\/\/fr.motocrossmag.be\/wp-content\/uploads\/2014\/07\/strijbos_IMG_0336-150x150.jpg\" class=\"attachment-thumbnail size-thumbnail\" alt=\"\" srcset=\"https:\/\/fr.motocrossmag.be\/wp-content\/uploads\/2014\/07\/strijbos_IMG_0336-150x150.jpg 150w, https:\/\/fr.motocrossmag.be\/wp-content\/uploads\/2014\/07\/strijbos_IMG_0336-50x50.jpg 50w\" sizes=\"(max-width: 150px) 100vw, 150px\" \/><\/a>\n\t\t\t<\/div><\/figure><figure class='gallery-item'>\n\t\t\t<div class='gallery-icon landscape'>\n\t\t\t\t<a href='https:\/\/fr.motocrossmag.be\/index.php\/2014\/07\/photos-belgian-masters-of-motocross-a-kester\/start_open_img_0135\/'><img decoding=\"async\" width=\"150\" height=\"150\" src=\"https:\/\/fr.motocrossmag.be\/wp-content\/uploads\/2014\/07\/start_open_IMG_0135-150x150.jpg\" class=\"attachment-thumbnail size-thumbnail\" alt=\"\" srcset=\"https:\/\/fr.motocrossmag.be\/wp-content\/uploads\/2014\/07\/start_open_IMG_0135-150x150.jpg 150w, https:\/\/fr.motocrossmag.be\/wp-content\/uploads\/2014\/07\/start_open_IMG_0135-50x50.jpg 50w\" sizes=\"(max-width: 150px) 100vw, 150px\" \/><\/a>\n\t\t\t<\/div><\/figure><figure class='gallery-item'>\n\t\t\t<div class='gallery-icon landscape'>\n\t\t\t\t<a href='https:\/\/fr.motocrossmag.be\/index.php\/2014\/07\/photos-belgian-masters-of-motocross-a-kester\/start_mx2_img_9319\/'><img decoding=\"async\" width=\"150\" height=\"150\" src=\"https:\/\/fr.motocrossmag.be\/wp-content\/uploads\/2014\/07\/start_mx2_IMG_9319-150x150.jpg\" class=\"attachment-thumbnail size-thumbnail\" alt=\"\" srcset=\"https:\/\/fr.motocrossmag.be\/wp-content\/uploads\/2014\/07\/start_mx2_IMG_9319-150x150.jpg 150w, https:\/\/fr.motocrossmag.be\/wp-content\/uploads\/2014\/07\/start_mx2_IMG_9319-50x50.jpg 50w\" sizes=\"(max-width: 150px) 100vw, 150px\" \/><\/a>\n\t\t\t<\/div><\/figure><figure class='gallery-item'>\n\t\t\t<div class='gallery-icon landscape'>\n\t\t\t\t<a href='https:\/\/fr.motocrossmag.be\/index.php\/2014\/07\/photos-belgian-masters-of-motocross-a-kester\/start_mx1_img_0163\/'><img decoding=\"async\" width=\"150\" height=\"150\" src=\"https:\/\/fr.motocrossmag.be\/wp-content\/uploads\/2014\/07\/start_mx1_IMG_0163-150x150.jpg\" class=\"attachment-thumbnail size-thumbnail\" alt=\"\" srcset=\"https:\/\/fr.motocrossmag.be\/wp-content\/uploads\/2014\/07\/start_mx1_IMG_0163-150x150.jpg 150w, https:\/\/fr.motocrossmag.be\/wp-content\/uploads\/2014\/07\/start_mx1_IMG_0163-50x50.jpg 50w\" sizes=\"(max-width: 150px) 100vw, 150px\" \/><\/a>\n\t\t\t<\/div><\/figure><figure class='gallery-item'>\n\t\t\t<div class='gallery-icon landscape'>\n\t\t\t\t<a href='https:\/\/fr.motocrossmag.be\/index.php\/2014\/07\/photos-belgian-masters-of-motocross-a-kester\/start_mx_open_img_9534\/'><img decoding=\"async\" width=\"150\" height=\"150\" src=\"https:\/\/fr.motocrossmag.be\/wp-content\/uploads\/2014\/07\/start_mx_open_IMG_9534-150x150.jpg\" class=\"attachment-thumbnail size-thumbnail\" alt=\"\" srcset=\"https:\/\/fr.motocrossmag.be\/wp-content\/uploads\/2014\/07\/start_mx_open_IMG_9534-150x150.jpg 150w, https:\/\/fr.motocrossmag.be\/wp-content\/uploads\/2014\/07\/start_mx_open_IMG_9534-50x50.jpg 50w\" sizes=\"(max-width: 150px) 100vw, 150px\" \/><\/a>\n\t\t\t<\/div><\/figure><figure class='gallery-item'>\n\t\t\t<div class='gallery-icon landscape'>\n\t\t\t\t<a href='https:\/\/fr.motocrossmag.be\/index.php\/2014\/07\/photos-belgian-masters-of-motocross-a-kester\/start_mx_open_img_9518\/'><img decoding=\"async\" width=\"150\" height=\"150\" src=\"https:\/\/fr.motocrossmag.be\/wp-content\/uploads\/2014\/07\/start_mx_open_IMG_9518-150x150.jpg\" class=\"attachment-thumbnail size-thumbnail\" alt=\"\" srcset=\"https:\/\/fr.motocrossmag.be\/wp-content\/uploads\/2014\/07\/start_mx_open_IMG_9518-150x150.jpg 150w, https:\/\/fr.motocrossmag.be\/wp-content\/uploads\/2014\/07\/start_mx_open_IMG_9518-50x50.jpg 50w\" sizes=\"(max-width: 150px) 100vw, 150px\" \/><\/a>\n\t\t\t<\/div><\/figure><figure class='gallery-item'>\n\t\t\t<div class='gallery-icon landscape'>\n\t\t\t\t<a href='https:\/\/fr.motocrossmag.be\/index.php\/2014\/07\/photos-belgian-masters-of-motocross-a-kester\/start_img_9476\/'><img decoding=\"async\" width=\"150\" height=\"150\" src=\"https:\/\/fr.motocrossmag.be\/wp-content\/uploads\/2014\/07\/start_IMG_9476-150x150.jpg\" class=\"attachment-thumbnail size-thumbnail\" alt=\"\" srcset=\"https:\/\/fr.motocrossmag.be\/wp-content\/uploads\/2014\/07\/start_IMG_9476-150x150.jpg 150w, https:\/\/fr.motocrossmag.be\/wp-content\/uploads\/2014\/07\/start_IMG_9476-50x50.jpg 50w\" sizes=\"(max-width: 150px) 100vw, 150px\" \/><\/a>\n\t\t\t<\/div><\/figure><figure class='gallery-item'>\n\t\t\t<div class='gallery-icon landscape'>\n\t\t\t\t<a href='https:\/\/fr.motocrossmag.be\/index.php\/2014\/07\/photos-belgian-masters-of-motocross-a-kester\/smsman_img_9311\/'><img decoding=\"async\" width=\"150\" height=\"150\" src=\"https:\/\/fr.motocrossmag.be\/wp-content\/uploads\/2014\/07\/smsman_IMG_9311-150x150.jpg\" class=\"attachment-thumbnail size-thumbnail\" alt=\"\" srcset=\"https:\/\/fr.motocrossmag.be\/wp-content\/uploads\/2014\/07\/smsman_IMG_9311-150x150.jpg 150w, https:\/\/fr.motocrossmag.be\/wp-content\/uploads\/2014\/07\/smsman_IMG_9311-50x50.jpg 50w\" sizes=\"(max-width: 150px) 100vw, 150px\" \/><\/a>\n\t\t\t<\/div><\/figure><figure class='gallery-item'>\n\t\t\t<div class='gallery-icon landscape'>\n\t\t\t\t<a href='https:\/\/fr.motocrossmag.be\/index.php\/2014\/07\/photos-belgian-masters-of-motocross-a-kester\/salaets_img_0563\/'><img decoding=\"async\" width=\"150\" height=\"150\" src=\"https:\/\/fr.motocrossmag.be\/wp-content\/uploads\/2014\/07\/salaets_IMG_0563-150x150.jpg\" class=\"attachment-thumbnail size-thumbnail\" alt=\"\" srcset=\"https:\/\/fr.motocrossmag.be\/wp-content\/uploads\/2014\/07\/salaets_IMG_0563-150x150.jpg 150w, https:\/\/fr.motocrossmag.be\/wp-content\/uploads\/2014\/07\/salaets_IMG_0563-50x50.jpg 50w\" sizes=\"(max-width: 150px) 100vw, 150px\" \/><\/a>\n\t\t\t<\/div><\/figure><figure class='gallery-item'>\n\t\t\t<div class='gallery-icon landscape'>\n\t\t\t\t<a href='https:\/\/fr.motocrossmag.be\/index.php\/2014\/07\/photos-belgian-masters-of-motocross-a-kester\/ramon_img_0485\/'><img decoding=\"async\" width=\"150\" height=\"150\" src=\"https:\/\/fr.motocrossmag.be\/wp-content\/uploads\/2014\/07\/ramon_IMG_0485-150x150.jpg\" class=\"attachment-thumbnail size-thumbnail\" alt=\"\" srcset=\"https:\/\/fr.motocrossmag.be\/wp-content\/uploads\/2014\/07\/ramon_IMG_0485-150x150.jpg 150w, https:\/\/fr.motocrossmag.be\/wp-content\/uploads\/2014\/07\/ramon_IMG_0485-50x50.jpg 50w\" sizes=\"(max-width: 150px) 100vw, 150px\" \/><\/a>\n\t\t\t<\/div><\/figure><figure class='gallery-item'>\n\t\t\t<div class='gallery-icon landscape'>\n\t\t\t\t<a href='https:\/\/fr.motocrossmag.be\/index.php\/2014\/07\/photos-belgian-masters-of-motocross-a-kester\/petrov_img_0500\/'><img decoding=\"async\" width=\"150\" height=\"150\" src=\"https:\/\/fr.motocrossmag.be\/wp-content\/uploads\/2014\/07\/petrov_IMG_0500-150x150.jpg\" class=\"attachment-thumbnail size-thumbnail\" alt=\"\" srcset=\"https:\/\/fr.motocrossmag.be\/wp-content\/uploads\/2014\/07\/petrov_IMG_0500-150x150.jpg 150w, https:\/\/fr.motocrossmag.be\/wp-content\/uploads\/2014\/07\/petrov_IMG_0500-50x50.jpg 50w\" sizes=\"(max-width: 150px) 100vw, 150px\" \/><\/a>\n\t\t\t<\/div><\/figure><figure class='gallery-item'>\n\t\t\t<div class='gallery-icon landscape'>\n\t\t\t\t<a href='https:\/\/fr.motocrossmag.be\/index.php\/2014\/07\/photos-belgian-masters-of-motocross-a-kester\/petrov_img_0050\/'><img decoding=\"async\" width=\"150\" height=\"150\" src=\"https:\/\/fr.motocrossmag.be\/wp-content\/uploads\/2014\/07\/petrov_IMG_0050-150x150.jpg\" class=\"attachment-thumbnail size-thumbnail\" alt=\"\" srcset=\"https:\/\/fr.motocrossmag.be\/wp-content\/uploads\/2014\/07\/petrov_IMG_0050-150x150.jpg 150w, https:\/\/fr.motocrossmag.be\/wp-content\/uploads\/2014\/07\/petrov_IMG_0050-50x50.jpg 50w\" sizes=\"(max-width: 150px) 100vw, 150px\" \/><\/a>\n\t\t\t<\/div><\/figure><figure class='gallery-item'>\n\t\t\t<div class='gallery-icon landscape'>\n\t\t\t\t<a href='https:\/\/fr.motocrossmag.be\/index.php\/2014\/07\/photos-belgian-masters-of-motocross-a-kester\/petrov_img_0038\/'><img decoding=\"async\" width=\"150\" height=\"150\" src=\"https:\/\/fr.motocrossmag.be\/wp-content\/uploads\/2014\/07\/petrov_IMG_0038-150x150.jpg\" class=\"attachment-thumbnail size-thumbnail\" alt=\"\" aria-describedby=\"gallery-1-24770\" srcset=\"https:\/\/fr.motocrossmag.be\/wp-content\/uploads\/2014\/07\/petrov_IMG_0038-150x150.jpg 150w, https:\/\/fr.motocrossmag.be\/wp-content\/uploads\/2014\/07\/petrov_IMG_0038-50x50.jpg 50w\" sizes=\"(max-width: 150px) 100vw, 150px\" \/><\/a>\n\t\t\t<\/div>\n\t\t\t\t<figcaption class='wp-caption-text gallery-caption' id='gallery-1-24770'>\n\t\t\t\tPetar Petrov: il a roul\u00e9 tr\u00e8s diminu\u00e9 \u00e0 Lommel\n\t\t\t\t<\/figcaption><\/figure><figure class='gallery-item'>\n\t\t\t<div class='gallery-icon landscape'>\n\t\t\t\t<a href='https:\/\/fr.motocrossmag.be\/index.php\/2014\/07\/photos-belgian-masters-of-motocross-a-kester\/mudman_img_9989\/'><img decoding=\"async\" width=\"150\" height=\"150\" src=\"https:\/\/fr.motocrossmag.be\/wp-content\/uploads\/2014\/07\/mudman_IMG_9989-150x150.jpg\" class=\"attachment-thumbnail size-thumbnail\" alt=\"\" srcset=\"https:\/\/fr.motocrossmag.be\/wp-content\/uploads\/2014\/07\/mudman_IMG_9989-150x150.jpg 150w, https:\/\/fr.motocrossmag.be\/wp-content\/uploads\/2014\/07\/mudman_IMG_9989-50x50.jpg 50w\" sizes=\"(max-width: 150px) 100vw, 150px\" \/><\/a>\n\t\t\t<\/div><\/figure><figure class='gallery-item'>\n\t\t\t<div class='gallery-icon landscape'>\n\t\t\t\t<a href='https:\/\/fr.motocrossmag.be\/index.php\/2014\/07\/photos-belgian-masters-of-motocross-a-kester\/mudman_img_9383\/'><img decoding=\"async\" width=\"150\" height=\"150\" src=\"https:\/\/fr.motocrossmag.be\/wp-content\/uploads\/2014\/07\/mudman_IMG_9383-150x150.jpg\" class=\"attachment-thumbnail size-thumbnail\" alt=\"\" srcset=\"https:\/\/fr.motocrossmag.be\/wp-content\/uploads\/2014\/07\/mudman_IMG_9383-150x150.jpg 150w, https:\/\/fr.motocrossmag.be\/wp-content\/uploads\/2014\/07\/mudman_IMG_9383-50x50.jpg 50w\" sizes=\"(max-width: 150px) 100vw, 150px\" \/><\/a>\n\t\t\t<\/div><\/figure><figure class='gallery-item'>\n\t\t\t<div class='gallery-icon landscape'>\n\t\t\t\t<a href='https:\/\/fr.motocrossmag.be\/index.php\/2014\/07\/photos-belgian-masters-of-motocross-a-kester\/mudman_img_9371\/'><img decoding=\"async\" width=\"150\" height=\"150\" src=\"https:\/\/fr.motocrossmag.be\/wp-content\/uploads\/2014\/07\/mudman_IMG_9371-150x150.jpg\" class=\"attachment-thumbnail size-thumbnail\" alt=\"\" srcset=\"https:\/\/fr.motocrossmag.be\/wp-content\/uploads\/2014\/07\/mudman_IMG_9371-150x150.jpg 150w, https:\/\/fr.motocrossmag.be\/wp-content\/uploads\/2014\/07\/mudman_IMG_9371-50x50.jpg 50w\" sizes=\"(max-width: 150px) 100vw, 150px\" \/><\/a>\n\t\t\t<\/div><\/figure><figure class='gallery-item'>\n\t\t\t<div class='gallery-icon landscape'>\n\t\t\t\t<a href='https:\/\/fr.motocrossmag.be\/index.php\/2014\/07\/photos-belgian-masters-of-motocross-a-kester\/mudman_img_0357\/'><img decoding=\"async\" width=\"150\" height=\"150\" src=\"https:\/\/fr.motocrossmag.be\/wp-content\/uploads\/2014\/07\/mudman_IMG_0357-150x150.jpg\" class=\"attachment-thumbnail size-thumbnail\" alt=\"\" srcset=\"https:\/\/fr.motocrossmag.be\/wp-content\/uploads\/2014\/07\/mudman_IMG_0357-150x150.jpg 150w, https:\/\/fr.motocrossmag.be\/wp-content\/uploads\/2014\/07\/mudman_IMG_0357-50x50.jpg 50w\" sizes=\"(max-width: 150px) 100vw, 150px\" \/><\/a>\n\t\t\t<\/div><\/figure><figure class='gallery-item'>\n\t\t\t<div class='gallery-icon landscape'>\n\t\t\t\t<a href='https:\/\/fr.motocrossmag.be\/index.php\/2014\/07\/photos-belgian-masters-of-motocross-a-kester\/mudman_img_0297\/'><img decoding=\"async\" width=\"150\" height=\"150\" src=\"https:\/\/fr.motocrossmag.be\/wp-content\/uploads\/2014\/07\/mudman_IMG_0297-150x150.jpg\" class=\"attachment-thumbnail size-thumbnail\" alt=\"\" srcset=\"https:\/\/fr.motocrossmag.be\/wp-content\/uploads\/2014\/07\/mudman_IMG_0297-150x150.jpg 150w, https:\/\/fr.motocrossmag.be\/wp-content\/uploads\/2014\/07\/mudman_IMG_0297-50x50.jpg 50w\" sizes=\"(max-width: 150px) 100vw, 150px\" \/><\/a>\n\t\t\t<\/div><\/figure><figure class='gallery-item'>\n\t\t\t<div class='gallery-icon landscape'>\n\t\t\t\t<a href='https:\/\/fr.motocrossmag.be\/index.php\/2014\/07\/photos-belgian-masters-of-motocross-a-kester\/mud_img_0667\/'><img decoding=\"async\" width=\"150\" height=\"150\" src=\"https:\/\/fr.motocrossmag.be\/wp-content\/uploads\/2014\/07\/mud_IMG_0667-150x150.jpg\" class=\"attachment-thumbnail size-thumbnail\" alt=\"\" srcset=\"https:\/\/fr.motocrossmag.be\/wp-content\/uploads\/2014\/07\/mud_IMG_0667-150x150.jpg 150w, https:\/\/fr.motocrossmag.be\/wp-content\/uploads\/2014\/07\/mud_IMG_0667-50x50.jpg 50w\" sizes=\"(max-width: 150px) 100vw, 150px\" \/><\/a>\n\t\t\t<\/div><\/figure><figure class='gallery-item'>\n\t\t\t<div class='gallery-icon landscape'>\n\t\t\t\t<a href='https:\/\/fr.motocrossmag.be\/index.php\/2014\/07\/photos-belgian-masters-of-motocross-a-kester\/kid_img_9308\/'><img decoding=\"async\" width=\"150\" height=\"150\" src=\"https:\/\/fr.motocrossmag.be\/wp-content\/uploads\/2014\/07\/kid_IMG_9308-150x150.jpg\" class=\"attachment-thumbnail size-thumbnail\" alt=\"\" srcset=\"https:\/\/fr.motocrossmag.be\/wp-content\/uploads\/2014\/07\/kid_IMG_9308-150x150.jpg 150w, https:\/\/fr.motocrossmag.be\/wp-content\/uploads\/2014\/07\/kid_IMG_9308-50x50.jpg 50w\" sizes=\"(max-width: 150px) 100vw, 150px\" \/><\/a>\n\t\t\t<\/div><\/figure><figure class='gallery-item'>\n\t\t\t<div class='gallery-icon landscape'>\n\t\t\t\t<a href='https:\/\/fr.motocrossmag.be\/index.php\/2014\/07\/photos-belgian-masters-of-motocross-a-kester\/keeno_truyts_img_0571\/'><img decoding=\"async\" width=\"150\" height=\"150\" src=\"https:\/\/fr.motocrossmag.be\/wp-content\/uploads\/2014\/07\/keeno_truyts_IMG_0571-150x150.jpg\" class=\"attachment-thumbnail size-thumbnail\" alt=\"\" srcset=\"https:\/\/fr.motocrossmag.be\/wp-content\/uploads\/2014\/07\/keeno_truyts_IMG_0571-150x150.jpg 150w, https:\/\/fr.motocrossmag.be\/wp-content\/uploads\/2014\/07\/keeno_truyts_IMG_0571-50x50.jpg 50w\" sizes=\"(max-width: 150px) 100vw, 150px\" \/><\/a>\n\t\t\t<\/div><\/figure><figure class='gallery-item'>\n\t\t\t<div class='gallery-icon landscape'>\n\t\t\t\t<a href='https:\/\/fr.motocrossmag.be\/index.php\/2014\/07\/photos-belgian-masters-of-motocross-a-kester\/keeno_img_0511\/'><img decoding=\"async\" width=\"150\" height=\"150\" src=\"https:\/\/fr.motocrossmag.be\/wp-content\/uploads\/2014\/07\/keeno_IMG_0511-150x150.jpg\" class=\"attachment-thumbnail size-thumbnail\" alt=\"\" srcset=\"https:\/\/fr.motocrossmag.be\/wp-content\/uploads\/2014\/07\/keeno_IMG_0511-150x150.jpg 150w, https:\/\/fr.motocrossmag.be\/wp-content\/uploads\/2014\/07\/keeno_IMG_0511-50x50.jpg 50w\" sizes=\"(max-width: 150px) 100vw, 150px\" \/><\/a>\n\t\t\t<\/div><\/figure><figure class='gallery-item'>\n\t\t\t<div class='gallery-icon landscape'>\n\t\t\t\t<a href='https:\/\/fr.motocrossmag.be\/index.php\/2014\/07\/photos-belgian-masters-of-motocross-a-kester\/jerre_img_0594\/'><img decoding=\"async\" width=\"150\" height=\"150\" src=\"https:\/\/fr.motocrossmag.be\/wp-content\/uploads\/2014\/07\/jerre_IMG_0594-150x150.jpg\" class=\"attachment-thumbnail size-thumbnail\" alt=\"\" srcset=\"https:\/\/fr.motocrossmag.be\/wp-content\/uploads\/2014\/07\/jerre_IMG_0594-150x150.jpg 150w, https:\/\/fr.motocrossmag.be\/wp-content\/uploads\/2014\/07\/jerre_IMG_0594-50x50.jpg 50w\" sizes=\"(max-width: 150px) 100vw, 150px\" \/><\/a>\n\t\t\t<\/div><\/figure><figure class='gallery-item'>\n\t\t\t<div class='gallery-icon landscape'>\n\t\t\t\t<a href='https:\/\/fr.motocrossmag.be\/index.php\/2014\/07\/photos-belgian-masters-of-motocross-a-kester\/jerre_img_0423\/'><img decoding=\"async\" width=\"150\" height=\"150\" src=\"https:\/\/fr.motocrossmag.be\/wp-content\/uploads\/2014\/07\/jerre_IMG_0423-150x150.jpg\" class=\"attachment-thumbnail size-thumbnail\" alt=\"\" srcset=\"https:\/\/fr.motocrossmag.be\/wp-content\/uploads\/2014\/07\/jerre_IMG_0423-150x150.jpg 150w, https:\/\/fr.motocrossmag.be\/wp-content\/uploads\/2014\/07\/jerre_IMG_0423-50x50.jpg 50w\" sizes=\"(max-width: 150px) 100vw, 150px\" \/><\/a>\n\t\t\t<\/div><\/figure><figure class='gallery-item'>\n\t\t\t<div class='gallery-icon landscape'>\n\t\t\t\t<a href='https:\/\/fr.motocrossmag.be\/index.php\/2014\/07\/photos-belgian-masters-of-motocross-a-kester\/herlings_img_9807\/'><img decoding=\"async\" width=\"150\" height=\"150\" src=\"https:\/\/fr.motocrossmag.be\/wp-content\/uploads\/2014\/07\/herlings_IMG_9807-150x150.jpg\" class=\"attachment-thumbnail size-thumbnail\" alt=\"\" srcset=\"https:\/\/fr.motocrossmag.be\/wp-content\/uploads\/2014\/07\/herlings_IMG_9807-150x150.jpg 150w, https:\/\/fr.motocrossmag.be\/wp-content\/uploads\/2014\/07\/herlings_IMG_9807-50x50.jpg 50w\" sizes=\"(max-width: 150px) 100vw, 150px\" \/><\/a>\n\t\t\t<\/div><\/figure><figure class='gallery-item'>\n\t\t\t<div class='gallery-icon landscape'>\n\t\t\t\t<a href='https:\/\/fr.motocrossmag.be\/index.php\/2014\/07\/photos-belgian-masters-of-motocross-a-kester\/herlings_img_9623\/'><img decoding=\"async\" width=\"150\" height=\"150\" src=\"https:\/\/fr.motocrossmag.be\/wp-content\/uploads\/2014\/07\/herlings_IMG_9623-150x150.jpg\" class=\"attachment-thumbnail size-thumbnail\" alt=\"\" srcset=\"https:\/\/fr.motocrossmag.be\/wp-content\/uploads\/2014\/07\/herlings_IMG_9623-150x150.jpg 150w, https:\/\/fr.motocrossmag.be\/wp-content\/uploads\/2014\/07\/herlings_IMG_9623-50x50.jpg 50w\" sizes=\"(max-width: 150px) 100vw, 150px\" \/><\/a>\n\t\t\t<\/div><\/figure><figure class='gallery-item'>\n\t\t\t<div class='gallery-icon landscape'>\n\t\t\t\t<a href='https:\/\/fr.motocrossmag.be\/index.php\/2014\/07\/photos-belgian-masters-of-motocross-a-kester\/guarneri_img_0584\/'><img decoding=\"async\" width=\"150\" height=\"150\" src=\"https:\/\/fr.motocrossmag.be\/wp-content\/uploads\/2014\/07\/guarneri_IMG_0584-150x150.jpg\" class=\"attachment-thumbnail size-thumbnail\" alt=\"\" srcset=\"https:\/\/fr.motocrossmag.be\/wp-content\/uploads\/2014\/07\/guarneri_IMG_0584-150x150.jpg 150w, https:\/\/fr.motocrossmag.be\/wp-content\/uploads\/2014\/07\/guarneri_IMG_0584-50x50.jpg 50w\" sizes=\"(max-width: 150px) 100vw, 150px\" \/><\/a>\n\t\t\t<\/div><\/figure><figure class='gallery-item'>\n\t\t\t<div class='gallery-icon landscape'>\n\t\t\t\t<a href='https:\/\/fr.motocrossmag.be\/index.php\/2014\/07\/photos-belgian-masters-of-motocross-a-kester\/graulus_img_9502\/'><img decoding=\"async\" width=\"150\" height=\"150\" src=\"https:\/\/fr.motocrossmag.be\/wp-content\/uploads\/2014\/07\/graulus_IMG_9502-150x150.jpg\" class=\"attachment-thumbnail size-thumbnail\" alt=\"\" srcset=\"https:\/\/fr.motocrossmag.be\/wp-content\/uploads\/2014\/07\/graulus_IMG_9502-150x150.jpg 150w, https:\/\/fr.motocrossmag.be\/wp-content\/uploads\/2014\/07\/graulus_IMG_9502-50x50.jpg 50w\" sizes=\"(max-width: 150px) 100vw, 150px\" \/><\/a>\n\t\t\t<\/div><\/figure><figure class='gallery-item'>\n\t\t\t<div class='gallery-icon landscape'>\n\t\t\t\t<a href='https:\/\/fr.motocrossmag.be\/index.php\/2014\/07\/photos-belgian-masters-of-motocross-a-kester\/genot_img_9885\/'><img decoding=\"async\" width=\"150\" height=\"150\" src=\"https:\/\/fr.motocrossmag.be\/wp-content\/uploads\/2014\/07\/genot_IMG_9885-150x150.jpg\" class=\"attachment-thumbnail size-thumbnail\" alt=\"\" srcset=\"https:\/\/fr.motocrossmag.be\/wp-content\/uploads\/2014\/07\/genot_IMG_9885-150x150.jpg 150w, https:\/\/fr.motocrossmag.be\/wp-content\/uploads\/2014\/07\/genot_IMG_9885-50x50.jpg 50w\" sizes=\"(max-width: 150px) 100vw, 150px\" \/><\/a>\n\t\t\t<\/div><\/figure><figure class='gallery-item'>\n\t\t\t<div class='gallery-icon landscape'>\n\t\t\t\t<a href='https:\/\/fr.motocrossmag.be\/index.php\/2014\/07\/photos-belgian-masters-of-motocross-a-kester\/genot_img_9877\/'><img decoding=\"async\" width=\"150\" height=\"150\" src=\"https:\/\/fr.motocrossmag.be\/wp-content\/uploads\/2014\/07\/genot_IMG_9877-150x150.jpg\" class=\"attachment-thumbnail size-thumbnail\" alt=\"\" srcset=\"https:\/\/fr.motocrossmag.be\/wp-content\/uploads\/2014\/07\/genot_IMG_9877-150x150.jpg 150w, https:\/\/fr.motocrossmag.be\/wp-content\/uploads\/2014\/07\/genot_IMG_9877-50x50.jpg 50w\" sizes=\"(max-width: 150px) 100vw, 150px\" \/><\/a>\n\t\t\t<\/div><\/figure><figure class='gallery-item'>\n\t\t\t<div class='gallery-icon landscape'>\n\t\t\t\t<a href='https:\/\/fr.motocrossmag.be\/index.php\/2014\/07\/photos-belgian-masters-of-motocross-a-kester\/febvre_img_0458\/'><img decoding=\"async\" width=\"150\" height=\"150\" src=\"https:\/\/fr.motocrossmag.be\/wp-content\/uploads\/2014\/07\/febvre_IMG_0458-150x150.jpg\" class=\"attachment-thumbnail size-thumbnail\" alt=\"\" srcset=\"https:\/\/fr.motocrossmag.be\/wp-content\/uploads\/2014\/07\/febvre_IMG_0458-150x150.jpg 150w, https:\/\/fr.motocrossmag.be\/wp-content\/uploads\/2014\/07\/febvre_IMG_0458-50x50.jpg 50w\" sizes=\"(max-width: 150px) 100vw, 150px\" \/><\/a>\n\t\t\t<\/div><\/figure><figure class='gallery-item'>\n\t\t\t<div class='gallery-icon landscape'>\n\t\t\t\t<a href='https:\/\/fr.motocrossmag.be\/index.php\/2014\/07\/photos-belgian-masters-of-motocross-a-kester\/febvre_img_0233\/'><img decoding=\"async\" width=\"150\" height=\"150\" src=\"https:\/\/fr.motocrossmag.be\/wp-content\/uploads\/2014\/07\/febvre_IMG_0233-150x150.jpg\" class=\"attachment-thumbnail size-thumbnail\" alt=\"\" srcset=\"https:\/\/fr.motocrossmag.be\/wp-content\/uploads\/2014\/07\/febvre_IMG_0233-150x150.jpg 150w, https:\/\/fr.motocrossmag.be\/wp-content\/uploads\/2014\/07\/febvre_IMG_0233-50x50.jpg 50w\" sizes=\"(max-width: 150px) 100vw, 150px\" \/><\/a>\n\t\t\t<\/div><\/figure><figure class='gallery-item'>\n\t\t\t<div class='gallery-icon landscape'>\n\t\t\t\t<a href='https:\/\/fr.motocrossmag.be\/index.php\/2014\/07\/photos-belgian-masters-of-motocross-a-kester\/crockard_img_0442\/'><img decoding=\"async\" width=\"150\" height=\"150\" src=\"https:\/\/fr.motocrossmag.be\/wp-content\/uploads\/2014\/07\/crockard_IMG_0442-150x150.jpg\" class=\"attachment-thumbnail size-thumbnail\" alt=\"\" srcset=\"https:\/\/fr.motocrossmag.be\/wp-content\/uploads\/2014\/07\/crockard_IMG_0442-150x150.jpg 150w, https:\/\/fr.motocrossmag.be\/wp-content\/uploads\/2014\/07\/crockard_IMG_0442-50x50.jpg 50w\" sizes=\"(max-width: 150px) 100vw, 150px\" \/><\/a>\n\t\t\t<\/div><\/figure><figure class='gallery-item'>\n\t\t\t<div class='gallery-icon landscape'>\n\t\t\t\t<a href='https:\/\/fr.motocrossmag.be\/index.php\/2014\/07\/photos-belgian-masters-of-motocross-a-kester\/crockard_img_0018\/'><img decoding=\"async\" width=\"150\" height=\"150\" src=\"https:\/\/fr.motocrossmag.be\/wp-content\/uploads\/2014\/07\/crockard_IMG_0018-150x150.jpg\" class=\"attachment-thumbnail size-thumbnail\" alt=\"\" srcset=\"https:\/\/fr.motocrossmag.be\/wp-content\/uploads\/2014\/07\/crockard_IMG_0018-150x150.jpg 150w, https:\/\/fr.motocrossmag.be\/wp-content\/uploads\/2014\/07\/crockard_IMG_0018-50x50.jpg 50w\" sizes=\"(max-width: 150px) 100vw, 150px\" \/><\/a>\n\t\t\t<\/div><\/figure><figure class='gallery-item'>\n\t\t\t<div class='gallery-icon landscape'>\n\t\t\t\t<a href='https:\/\/fr.motocrossmag.be\/index.php\/2014\/07\/photos-belgian-masters-of-motocross-a-kester\/crash_img_0411\/'><img decoding=\"async\" width=\"150\" height=\"150\" src=\"https:\/\/fr.motocrossmag.be\/wp-content\/uploads\/2014\/07\/crash_IMG_0411-150x150.jpg\" class=\"attachment-thumbnail size-thumbnail\" alt=\"\" srcset=\"https:\/\/fr.motocrossmag.be\/wp-content\/uploads\/2014\/07\/crash_IMG_0411-150x150.jpg 150w, https:\/\/fr.motocrossmag.be\/wp-content\/uploads\/2014\/07\/crash_IMG_0411-50x50.jpg 50w\" sizes=\"(max-width: 150px) 100vw, 150px\" \/><\/a>\n\t\t\t<\/div><\/figure><figure class='gallery-item'>\n\t\t\t<div class='gallery-icon landscape'>\n\t\t\t\t<a href='https:\/\/fr.motocrossmag.be\/index.php\/2014\/07\/photos-belgian-masters-of-motocross-a-kester\/cordens_img_9464\/'><img decoding=\"async\" width=\"150\" height=\"150\" src=\"https:\/\/fr.motocrossmag.be\/wp-content\/uploads\/2014\/07\/cordens_IMG_9464-150x150.jpg\" class=\"attachment-thumbnail size-thumbnail\" alt=\"\" srcset=\"https:\/\/fr.motocrossmag.be\/wp-content\/uploads\/2014\/07\/cordens_IMG_9464-150x150.jpg 150w, https:\/\/fr.motocrossmag.be\/wp-content\/uploads\/2014\/07\/cordens_IMG_9464-50x50.jpg 50w\" sizes=\"(max-width: 150px) 100vw, 150px\" \/><\/a>\n\t\t\t<\/div><\/figure><figure class='gallery-item'>\n\t\t\t<div class='gallery-icon landscape'>\n\t\t\t\t<a href='https:\/\/fr.motocrossmag.be\/index.php\/2014\/07\/photos-belgian-masters-of-motocross-a-kester\/butron_img_9607\/'><img decoding=\"async\" width=\"150\" height=\"150\" src=\"https:\/\/fr.motocrossmag.be\/wp-content\/uploads\/2014\/07\/butron_IMG_9607-150x150.jpg\" class=\"attachment-thumbnail size-thumbnail\" alt=\"\" srcset=\"https:\/\/fr.motocrossmag.be\/wp-content\/uploads\/2014\/07\/butron_IMG_9607-150x150.jpg 150w, https:\/\/fr.motocrossmag.be\/wp-content\/uploads\/2014\/07\/butron_IMG_9607-50x50.jpg 50w\" sizes=\"(max-width: 150px) 100vw, 150px\" \/><\/a>\n\t\t\t<\/div><\/figure><figure class='gallery-item'>\n\t\t\t<div class='gallery-icon landscape'>\n\t\t\t\t<a href='https:\/\/fr.motocrossmag.be\/index.php\/2014\/07\/photos-belgian-masters-of-motocross-a-kester\/butron_img_0217\/'><img decoding=\"async\" width=\"150\" height=\"150\" src=\"https:\/\/fr.motocrossmag.be\/wp-content\/uploads\/2014\/07\/butron_IMG_0217-150x150.jpg\" class=\"attachment-thumbnail size-thumbnail\" alt=\"\" srcset=\"https:\/\/fr.motocrossmag.be\/wp-content\/uploads\/2014\/07\/butron_IMG_0217-150x150.jpg 150w, https:\/\/fr.motocrossmag.be\/wp-content\/uploads\/2014\/07\/butron_IMG_0217-50x50.jpg 50w\" sizes=\"(max-width: 150px) 100vw, 150px\" \/><\/a>\n\t\t\t<\/div><\/figure><figure class='gallery-item'>\n\t\t\t<div class='gallery-icon landscape'>\n\t\t\t\t<a href='https:\/\/fr.motocrossmag.be\/index.php\/2014\/07\/photos-belgian-masters-of-motocross-a-kester\/brackman_img_9357\/'><img decoding=\"async\" width=\"150\" height=\"150\" src=\"https:\/\/fr.motocrossmag.be\/wp-content\/uploads\/2014\/07\/brackman_IMG_9357-150x150.jpg\" class=\"attachment-thumbnail size-thumbnail\" alt=\"\" srcset=\"https:\/\/fr.motocrossmag.be\/wp-content\/uploads\/2014\/07\/brackman_IMG_9357-150x150.jpg 150w, https:\/\/fr.motocrossmag.be\/wp-content\/uploads\/2014\/07\/brackman_IMG_9357-50x50.jpg 50w\" sizes=\"(max-width: 150px) 100vw, 150px\" \/><\/a>\n\t\t\t<\/div><\/figure><figure class='gallery-item'>\n\t\t\t<div class='gallery-icon landscape'>\n\t\t\t\t<a href='https:\/\/fr.motocrossmag.be\/index.php\/2014\/07\/photos-belgian-masters-of-motocross-a-kester\/brackman_img_9347\/'><img decoding=\"async\" width=\"150\" height=\"150\" src=\"https:\/\/fr.motocrossmag.be\/wp-content\/uploads\/2014\/07\/brackman_IMG_9347-150x150.jpg\" class=\"attachment-thumbnail size-thumbnail\" alt=\"\" srcset=\"https:\/\/fr.motocrossmag.be\/wp-content\/uploads\/2014\/07\/brackman_IMG_9347-150x150.jpg 150w, https:\/\/fr.motocrossmag.be\/wp-content\/uploads\/2014\/07\/brackman_IMG_9347-50x50.jpg 50w\" sizes=\"(max-width: 150px) 100vw, 150px\" \/><\/a>\n\t\t\t<\/div><\/figure><figure class='gallery-item'>\n\t\t\t<div class='gallery-icon landscape'>\n\t\t\t\t<a href='https:\/\/fr.motocrossmag.be\/index.php\/2014\/07\/photos-belgian-masters-of-motocross-a-kester\/brackman_img_0086\/'><img decoding=\"async\" width=\"150\" height=\"150\" src=\"https:\/\/fr.motocrossmag.be\/wp-content\/uploads\/2014\/07\/brackman_IMG_0086-150x150.jpg\" class=\"attachment-thumbnail size-thumbnail\" alt=\"\" srcset=\"https:\/\/fr.motocrossmag.be\/wp-content\/uploads\/2014\/07\/brackman_IMG_0086-150x150.jpg 150w, https:\/\/fr.motocrossmag.be\/wp-content\/uploads\/2014\/07\/brackman_IMG_0086-50x50.jpg 50w\" sizes=\"(max-width: 150px) 100vw, 150px\" \/><\/a>\n\t\t\t<\/div><\/figure><figure class='gallery-item'>\n\t\t\t<div class='gallery-icon portrait'>\n\t\t\t\t<a href='https:\/\/fr.motocrossmag.be\/index.php\/2014\/07\/photos-belgian-masters-of-motocross-a-kester\/amacro_img_9510-600x900\/'><img decoding=\"async\" width=\"150\" height=\"150\" src=\"https:\/\/fr.motocrossmag.be\/wp-content\/uploads\/2014\/07\/amacro_IMG_9510-600x900-150x150.jpg\" class=\"attachment-thumbnail size-thumbnail\" alt=\"\" srcset=\"https:\/\/fr.motocrossmag.be\/wp-content\/uploads\/2014\/07\/amacro_IMG_9510-600x900-150x150.jpg 150w, https:\/\/fr.motocrossmag.be\/wp-content\/uploads\/2014\/07\/amacro_IMG_9510-600x900-50x50.jpg 50w\" sizes=\"(max-width: 150px) 100vw, 150px\" \/><\/a>\n\t\t\t<\/div><\/figure><figure class='gallery-item'>\n\t\t\t<div class='gallery-icon landscape'>\n\t\t\t\t<a href='https:\/\/fr.motocrossmag.be\/index.php\/2014\/07\/photos-belgian-masters-of-motocross-a-kester\/20140629bkkester030\/'><img decoding=\"async\" width=\"150\" height=\"150\" src=\"https:\/\/fr.motocrossmag.be\/wp-content\/uploads\/2014\/07\/20140629BKKester030-150x150.jpg\" class=\"attachment-thumbnail size-thumbnail\" alt=\"\" srcset=\"https:\/\/fr.motocrossmag.be\/wp-content\/uploads\/2014\/07\/20140629BKKester030-150x150.jpg 150w, https:\/\/fr.motocrossmag.be\/wp-content\/uploads\/2014\/07\/20140629BKKester030-50x50.jpg 50w\" sizes=\"(max-width: 150px) 100vw, 150px\" \/><\/a>\n\t\t\t<\/div><\/figure><figure class='gallery-item'>\n\t\t\t<div class='gallery-icon landscape'>\n\t\t\t\t<a href='https:\/\/fr.motocrossmag.be\/index.php\/2014\/07\/photos-belgian-masters-of-motocross-a-kester\/20140629bkkester029\/'><img decoding=\"async\" width=\"150\" height=\"150\" src=\"https:\/\/fr.motocrossmag.be\/wp-content\/uploads\/2014\/07\/20140629BKKester029-150x150.jpg\" class=\"attachment-thumbnail size-thumbnail\" alt=\"\" srcset=\"https:\/\/fr.motocrossmag.be\/wp-content\/uploads\/2014\/07\/20140629BKKester029-150x150.jpg 150w, https:\/\/fr.motocrossmag.be\/wp-content\/uploads\/2014\/07\/20140629BKKester029-50x50.jpg 50w\" sizes=\"(max-width: 150px) 100vw, 150px\" \/><\/a>\n\t\t\t<\/div><\/figure><figure class='gallery-item'>\n\t\t\t<div class='gallery-icon landscape'>\n\t\t\t\t<a href='https:\/\/fr.motocrossmag.be\/index.php\/2014\/07\/photos-belgian-masters-of-motocross-a-kester\/20140629bkkester028\/'><img decoding=\"async\" width=\"150\" height=\"150\" src=\"https:\/\/fr.motocrossmag.be\/wp-content\/uploads\/2014\/07\/20140629BKKester028-150x150.jpg\" class=\"attachment-thumbnail size-thumbnail\" alt=\"\" srcset=\"https:\/\/fr.motocrossmag.be\/wp-content\/uploads\/2014\/07\/20140629BKKester028-150x150.jpg 150w, https:\/\/fr.motocrossmag.be\/wp-content\/uploads\/2014\/07\/20140629BKKester028-50x50.jpg 50w\" sizes=\"(max-width: 150px) 100vw, 150px\" \/><\/a>\n\t\t\t<\/div><\/figure><figure class='gallery-item'>\n\t\t\t<div class='gallery-icon landscape'>\n\t\t\t\t<a href='https:\/\/fr.motocrossmag.be\/index.php\/2014\/07\/photos-belgian-masters-of-motocross-a-kester\/20140629bkkester027\/'><img decoding=\"async\" width=\"150\" height=\"150\" src=\"https:\/\/fr.motocrossmag.be\/wp-content\/uploads\/2014\/07\/20140629BKKester027-150x150.jpg\" class=\"attachment-thumbnail size-thumbnail\" alt=\"\" srcset=\"https:\/\/fr.motocrossmag.be\/wp-content\/uploads\/2014\/07\/20140629BKKester027-150x150.jpg 150w, https:\/\/fr.motocrossmag.be\/wp-content\/uploads\/2014\/07\/20140629BKKester027-50x50.jpg 50w\" sizes=\"(max-width: 150px) 100vw, 150px\" \/><\/a>\n\t\t\t<\/div><\/figure><figure class='gallery-item'>\n\t\t\t<div class='gallery-icon landscape'>\n\t\t\t\t<a href='https:\/\/fr.motocrossmag.be\/index.php\/2014\/07\/photos-belgian-masters-of-motocross-a-kester\/20140629bkkester026\/'><img decoding=\"async\" width=\"150\" height=\"150\" src=\"https:\/\/fr.motocrossmag.be\/wp-content\/uploads\/2014\/07\/20140629BKKester026-150x150.jpg\" class=\"attachment-thumbnail size-thumbnail\" alt=\"\" srcset=\"https:\/\/fr.motocrossmag.be\/wp-content\/uploads\/2014\/07\/20140629BKKester026-150x150.jpg 150w, https:\/\/fr.motocrossmag.be\/wp-content\/uploads\/2014\/07\/20140629BKKester026-50x50.jpg 50w\" sizes=\"(max-width: 150px) 100vw, 150px\" \/><\/a>\n\t\t\t<\/div><\/figure><figure class='gallery-item'>\n\t\t\t<div class='gallery-icon landscape'>\n\t\t\t\t<a href='https:\/\/fr.motocrossmag.be\/index.php\/2014\/07\/photos-belgian-masters-of-motocross-a-kester\/20140629bkkester025\/'><img decoding=\"async\" width=\"150\" height=\"150\" src=\"https:\/\/fr.motocrossmag.be\/wp-content\/uploads\/2014\/07\/20140629BKKester025-150x150.jpg\" class=\"attachment-thumbnail size-thumbnail\" alt=\"\" srcset=\"https:\/\/fr.motocrossmag.be\/wp-content\/uploads\/2014\/07\/20140629BKKester025-150x150.jpg 150w, https:\/\/fr.motocrossmag.be\/wp-content\/uploads\/2014\/07\/20140629BKKester025-50x50.jpg 50w\" sizes=\"(max-width: 150px) 100vw, 150px\" \/><\/a>\n\t\t\t<\/div><\/figure><figure class='gallery-item'>\n\t\t\t<div class='gallery-icon landscape'>\n\t\t\t\t<a href='https:\/\/fr.motocrossmag.be\/index.php\/2014\/07\/photos-belgian-masters-of-motocross-a-kester\/20140629bkkester024\/'><img decoding=\"async\" width=\"150\" height=\"150\" src=\"https:\/\/fr.motocrossmag.be\/wp-content\/uploads\/2014\/07\/20140629BKKester024-150x150.jpg\" class=\"attachment-thumbnail size-thumbnail\" alt=\"\" srcset=\"https:\/\/fr.motocrossmag.be\/wp-content\/uploads\/2014\/07\/20140629BKKester024-150x150.jpg 150w, https:\/\/fr.motocrossmag.be\/wp-content\/uploads\/2014\/07\/20140629BKKester024-50x50.jpg 50w\" sizes=\"(max-width: 150px) 100vw, 150px\" \/><\/a>\n\t\t\t<\/div><\/figure><figure class='gallery-item'>\n\t\t\t<div class='gallery-icon landscape'>\n\t\t\t\t<a href='https:\/\/fr.motocrossmag.be\/index.php\/2014\/07\/photos-belgian-masters-of-motocross-a-kester\/20140629bkkester023\/'><img decoding=\"async\" width=\"150\" height=\"150\" src=\"https:\/\/fr.motocrossmag.be\/wp-content\/uploads\/2014\/07\/20140629BKKester023-150x150.jpg\" class=\"attachment-thumbnail size-thumbnail\" alt=\"\" srcset=\"https:\/\/fr.motocrossmag.be\/wp-content\/uploads\/2014\/07\/20140629BKKester023-150x150.jpg 150w, https:\/\/fr.motocrossmag.be\/wp-content\/uploads\/2014\/07\/20140629BKKester023-50x50.jpg 50w\" sizes=\"(max-width: 150px) 100vw, 150px\" \/><\/a>\n\t\t\t<\/div><\/figure><figure class='gallery-item'>\n\t\t\t<div class='gallery-icon landscape'>\n\t\t\t\t<a href='https:\/\/fr.motocrossmag.be\/index.php\/2014\/07\/photos-belgian-masters-of-motocross-a-kester\/20140629bkkester022\/'><img decoding=\"async\" width=\"150\" height=\"150\" src=\"https:\/\/fr.motocrossmag.be\/wp-content\/uploads\/2014\/07\/20140629BKKester022-150x150.jpg\" class=\"attachment-thumbnail size-thumbnail\" alt=\"\" srcset=\"https:\/\/fr.motocrossmag.be\/wp-content\/uploads\/2014\/07\/20140629BKKester022-150x150.jpg 150w, https:\/\/fr.motocrossmag.be\/wp-content\/uploads\/2014\/07\/20140629BKKester022-50x50.jpg 50w\" sizes=\"(max-width: 150px) 100vw, 150px\" \/><\/a>\n\t\t\t<\/div><\/figure><figure class='gallery-item'>\n\t\t\t<div class='gallery-icon landscape'>\n\t\t\t\t<a href='https:\/\/fr.motocrossmag.be\/index.php\/2014\/07\/photos-belgian-masters-of-motocross-a-kester\/20140629bkkester021\/'><img decoding=\"async\" width=\"150\" height=\"150\" src=\"https:\/\/fr.motocrossmag.be\/wp-content\/uploads\/2014\/07\/20140629BKKester021-150x150.jpg\" class=\"attachment-thumbnail size-thumbnail\" alt=\"\" srcset=\"https:\/\/fr.motocrossmag.be\/wp-content\/uploads\/2014\/07\/20140629BKKester021-150x150.jpg 150w, https:\/\/fr.motocrossmag.be\/wp-content\/uploads\/2014\/07\/20140629BKKester021-50x50.jpg 50w\" sizes=\"(max-width: 150px) 100vw, 150px\" \/><\/a>\n\t\t\t<\/div><\/figure><figure class='gallery-item'>\n\t\t\t<div class='gallery-icon landscape'>\n\t\t\t\t<a href='https:\/\/fr.motocrossmag.be\/index.php\/2014\/07\/photos-belgian-masters-of-motocross-a-kester\/20140629bkkester020\/'><img decoding=\"async\" width=\"150\" height=\"150\" src=\"https:\/\/fr.motocrossmag.be\/wp-content\/uploads\/2014\/07\/20140629BKKester020-150x150.jpg\" class=\"attachment-thumbnail size-thumbnail\" alt=\"\" srcset=\"https:\/\/fr.motocrossmag.be\/wp-content\/uploads\/2014\/07\/20140629BKKester020-150x150.jpg 150w, https:\/\/fr.motocrossmag.be\/wp-content\/uploads\/2014\/07\/20140629BKKester020-50x50.jpg 50w\" sizes=\"(max-width: 150px) 100vw, 150px\" \/><\/a>\n\t\t\t<\/div><\/figure><figure class='gallery-item'>\n\t\t\t<div class='gallery-icon landscape'>\n\t\t\t\t<a href='https:\/\/fr.motocrossmag.be\/index.php\/2014\/07\/photos-belgian-masters-of-motocross-a-kester\/20140629bkkester019\/'><img decoding=\"async\" width=\"150\" height=\"150\" src=\"https:\/\/fr.motocrossmag.be\/wp-content\/uploads\/2014\/07\/20140629BKKester019-150x150.jpg\" class=\"attachment-thumbnail size-thumbnail\" alt=\"\" srcset=\"https:\/\/fr.motocrossmag.be\/wp-content\/uploads\/2014\/07\/20140629BKKester019-150x150.jpg 150w, https:\/\/fr.motocrossmag.be\/wp-content\/uploads\/2014\/07\/20140629BKKester019-50x50.jpg 50w\" sizes=\"(max-width: 150px) 100vw, 150px\" \/><\/a>\n\t\t\t<\/div><\/figure><figure class='gallery-item'>\n\t\t\t<div class='gallery-icon landscape'>\n\t\t\t\t<a href='https:\/\/fr.motocrossmag.be\/index.php\/2014\/07\/photos-belgian-masters-of-motocross-a-kester\/20140629bkkester018\/'><img decoding=\"async\" width=\"150\" height=\"150\" src=\"https:\/\/fr.motocrossmag.be\/wp-content\/uploads\/2014\/07\/20140629BKKester018-150x150.jpg\" class=\"attachment-thumbnail size-thumbnail\" alt=\"\" srcset=\"https:\/\/fr.motocrossmag.be\/wp-content\/uploads\/2014\/07\/20140629BKKester018-150x150.jpg 150w, https:\/\/fr.motocrossmag.be\/wp-content\/uploads\/2014\/07\/20140629BKKester018-50x50.jpg 50w\" sizes=\"(max-width: 150px) 100vw, 150px\" \/><\/a>\n\t\t\t<\/div><\/figure><figure class='gallery-item'>\n\t\t\t<div class='gallery-icon landscape'>\n\t\t\t\t<a href='https:\/\/fr.motocrossmag.be\/index.php\/2014\/07\/photos-belgian-masters-of-motocross-a-kester\/20140629bkkester017\/'><img decoding=\"async\" width=\"150\" height=\"150\" src=\"https:\/\/fr.motocrossmag.be\/wp-content\/uploads\/2014\/07\/20140629BKKester017-150x150.jpg\" class=\"attachment-thumbnail size-thumbnail\" alt=\"\" aria-describedby=\"gallery-1-24727\" srcset=\"https:\/\/fr.motocrossmag.be\/wp-content\/uploads\/2014\/07\/20140629BKKester017-150x150.jpg 150w, https:\/\/fr.motocrossmag.be\/wp-content\/uploads\/2014\/07\/20140629BKKester017-50x50.jpg 50w\" sizes=\"(max-width: 150px) 100vw, 150px\" \/><\/a>\n\t\t\t<\/div>\n\t\t\t\t<figcaption class='wp-caption-text gallery-caption' id='gallery-1-24727'>\n\t\t\t\tLe Kesterheide a marqu\u00e9 l&rsquo;histoire du motocross.\n\t\t\t\t<\/figcaption><\/figure><figure class='gallery-item'>\n\t\t\t<div class='gallery-icon landscape'>\n\t\t\t\t<a href='https:\/\/fr.motocrossmag.be\/index.php\/2014\/07\/photos-belgian-masters-of-motocross-a-kester\/20140629bkkester016\/'><img decoding=\"async\" width=\"150\" height=\"150\" src=\"https:\/\/fr.motocrossmag.be\/wp-content\/uploads\/2014\/07\/20140629BKKester016-150x150.jpg\" class=\"attachment-thumbnail size-thumbnail\" alt=\"\" srcset=\"https:\/\/fr.motocrossmag.be\/wp-content\/uploads\/2014\/07\/20140629BKKester016-150x150.jpg 150w, https:\/\/fr.motocrossmag.be\/wp-content\/uploads\/2014\/07\/20140629BKKester016-50x50.jpg 50w\" sizes=\"(max-width: 150px) 100vw, 150px\" \/><\/a>\n\t\t\t<\/div><\/figure><figure class='gallery-item'>\n\t\t\t<div class='gallery-icon landscape'>\n\t\t\t\t<a href='https:\/\/fr.motocrossmag.be\/index.php\/2014\/07\/photos-belgian-masters-of-motocross-a-kester\/20140629bkkester014\/'><img decoding=\"async\" width=\"150\" height=\"150\" src=\"https:\/\/fr.motocrossmag.be\/wp-content\/uploads\/2014\/07\/20140629BKKester014-150x150.jpg\" class=\"attachment-thumbnail size-thumbnail\" alt=\"\" srcset=\"https:\/\/fr.motocrossmag.be\/wp-content\/uploads\/2014\/07\/20140629BKKester014-150x150.jpg 150w, https:\/\/fr.motocrossmag.be\/wp-content\/uploads\/2014\/07\/20140629BKKester014-50x50.jpg 50w\" sizes=\"(max-width: 150px) 100vw, 150px\" \/><\/a>\n\t\t\t<\/div><\/figure><figure class='gallery-item'>\n\t\t\t<div class='gallery-icon landscape'>\n\t\t\t\t<a href='https:\/\/fr.motocrossmag.be\/index.php\/2014\/07\/photos-belgian-masters-of-motocross-a-kester\/20140629bkkester013\/'><img decoding=\"async\" width=\"150\" height=\"150\" src=\"https:\/\/fr.motocrossmag.be\/wp-content\/uploads\/2014\/07\/20140629BKKester013-150x150.jpg\" class=\"attachment-thumbnail size-thumbnail\" alt=\"\" srcset=\"https:\/\/fr.motocrossmag.be\/wp-content\/uploads\/2014\/07\/20140629BKKester013-150x150.jpg 150w, https:\/\/fr.motocrossmag.be\/wp-content\/uploads\/2014\/07\/20140629BKKester013-50x50.jpg 50w\" sizes=\"(max-width: 150px) 100vw, 150px\" \/><\/a>\n\t\t\t<\/div><\/figure><figure class='gallery-item'>\n\t\t\t<div class='gallery-icon landscape'>\n\t\t\t\t<a href='https:\/\/fr.motocrossmag.be\/index.php\/2014\/07\/photos-belgian-masters-of-motocross-a-kester\/20140629bkkester012\/'><img decoding=\"async\" width=\"150\" height=\"150\" src=\"https:\/\/fr.motocrossmag.be\/wp-content\/uploads\/2014\/07\/20140629BKKester012-150x150.jpg\" class=\"attachment-thumbnail size-thumbnail\" alt=\"\" srcset=\"https:\/\/fr.motocrossmag.be\/wp-content\/uploads\/2014\/07\/20140629BKKester012-150x150.jpg 150w, https:\/\/fr.motocrossmag.be\/wp-content\/uploads\/2014\/07\/20140629BKKester012-50x50.jpg 50w\" sizes=\"(max-width: 150px) 100vw, 150px\" \/><\/a>\n\t\t\t<\/div><\/figure><figure class='gallery-item'>\n\t\t\t<div class='gallery-icon landscape'>\n\t\t\t\t<a href='https:\/\/fr.motocrossmag.be\/index.php\/2014\/07\/photos-belgian-masters-of-motocross-a-kester\/20140629bkkester011\/'><img decoding=\"async\" width=\"150\" height=\"150\" src=\"https:\/\/fr.motocrossmag.be\/wp-content\/uploads\/2014\/07\/20140629BKKester011-150x150.jpg\" class=\"attachment-thumbnail size-thumbnail\" alt=\"\" srcset=\"https:\/\/fr.motocrossmag.be\/wp-content\/uploads\/2014\/07\/20140629BKKester011-150x150.jpg 150w, https:\/\/fr.motocrossmag.be\/wp-content\/uploads\/2014\/07\/20140629BKKester011-50x50.jpg 50w\" sizes=\"(max-width: 150px) 100vw, 150px\" \/><\/a>\n\t\t\t<\/div><\/figure><figure class='gallery-item'>\n\t\t\t<div class='gallery-icon landscape'>\n\t\t\t\t<a href='https:\/\/fr.motocrossmag.be\/index.php\/2014\/07\/photos-belgian-masters-of-motocross-a-kester\/20140629bkkester010\/'><img decoding=\"async\" width=\"150\" height=\"150\" src=\"https:\/\/fr.motocrossmag.be\/wp-content\/uploads\/2014\/07\/20140629BKKester010-150x150.jpg\" class=\"attachment-thumbnail size-thumbnail\" alt=\"\" srcset=\"https:\/\/fr.motocrossmag.be\/wp-content\/uploads\/2014\/07\/20140629BKKester010-150x150.jpg 150w, https:\/\/fr.motocrossmag.be\/wp-content\/uploads\/2014\/07\/20140629BKKester010-50x50.jpg 50w\" sizes=\"(max-width: 150px) 100vw, 150px\" \/><\/a>\n\t\t\t<\/div><\/figure><figure class='gallery-item'>\n\t\t\t<div class='gallery-icon landscape'>\n\t\t\t\t<a href='https:\/\/fr.motocrossmag.be\/index.php\/2014\/07\/photos-belgian-masters-of-motocross-a-kester\/20140629bkkester009\/'><img decoding=\"async\" width=\"150\" height=\"150\" src=\"https:\/\/fr.motocrossmag.be\/wp-content\/uploads\/2014\/07\/20140629BKKester009-150x150.jpg\" class=\"attachment-thumbnail size-thumbnail\" alt=\"\" srcset=\"https:\/\/fr.motocrossmag.be\/wp-content\/uploads\/2014\/07\/20140629BKKester009-150x150.jpg 150w, https:\/\/fr.motocrossmag.be\/wp-content\/uploads\/2014\/07\/20140629BKKester009-50x50.jpg 50w\" sizes=\"(max-width: 150px) 100vw, 150px\" \/><\/a>\n\t\t\t<\/div><\/figure><figure class='gallery-item'>\n\t\t\t<div class='gallery-icon landscape'>\n\t\t\t\t<a href='https:\/\/fr.motocrossmag.be\/index.php\/2014\/07\/photos-belgian-masters-of-motocross-a-kester\/20140629bkkester008\/'><img decoding=\"async\" width=\"150\" height=\"150\" src=\"https:\/\/fr.motocrossmag.be\/wp-content\/uploads\/2014\/07\/20140629BKKester008-150x150.jpg\" class=\"attachment-thumbnail size-thumbnail\" alt=\"\" srcset=\"https:\/\/fr.motocrossmag.be\/wp-content\/uploads\/2014\/07\/20140629BKKester008-150x150.jpg 150w, https:\/\/fr.motocrossmag.be\/wp-content\/uploads\/2014\/07\/20140629BKKester008-50x50.jpg 50w\" sizes=\"(max-width: 150px) 100vw, 150px\" \/><\/a>\n\t\t\t<\/div><\/figure><figure class='gallery-item'>\n\t\t\t<div class='gallery-icon landscape'>\n\t\t\t\t<a href='https:\/\/fr.motocrossmag.be\/index.php\/2014\/07\/photos-belgian-masters-of-motocross-a-kester\/20140629bkkester007\/'><img decoding=\"async\" width=\"150\" height=\"150\" src=\"https:\/\/fr.motocrossmag.be\/wp-content\/uploads\/2014\/07\/20140629BKKester007-150x150.jpg\" class=\"attachment-thumbnail size-thumbnail\" alt=\"\" srcset=\"https:\/\/fr.motocrossmag.be\/wp-content\/uploads\/2014\/07\/20140629BKKester007-150x150.jpg 150w, https:\/\/fr.motocrossmag.be\/wp-content\/uploads\/2014\/07\/20140629BKKester007-50x50.jpg 50w\" sizes=\"(max-width: 150px) 100vw, 150px\" \/><\/a>\n\t\t\t<\/div><\/figure><figure class='gallery-item'>\n\t\t\t<div class='gallery-icon landscape'>\n\t\t\t\t<a href='https:\/\/fr.motocrossmag.be\/index.php\/2014\/07\/photos-belgian-masters-of-motocross-a-kester\/20140629bkkester006\/'><img decoding=\"async\" width=\"150\" height=\"150\" src=\"https:\/\/fr.motocrossmag.be\/wp-content\/uploads\/2014\/07\/20140629BKKester006-150x150.jpg\" class=\"attachment-thumbnail size-thumbnail\" alt=\"\" srcset=\"https:\/\/fr.motocrossmag.be\/wp-content\/uploads\/2014\/07\/20140629BKKester006-150x150.jpg 150w, https:\/\/fr.motocrossmag.be\/wp-content\/uploads\/2014\/07\/20140629BKKester006-50x50.jpg 50w\" sizes=\"(max-width: 150px) 100vw, 150px\" \/><\/a>\n\t\t\t<\/div><\/figure><figure class='gallery-item'>\n\t\t\t<div class='gallery-icon landscape'>\n\t\t\t\t<a href='https:\/\/fr.motocrossmag.be\/index.php\/2014\/07\/photos-belgian-masters-of-motocross-a-kester\/20140629bkkester005\/'><img decoding=\"async\" width=\"150\" height=\"150\" src=\"https:\/\/fr.motocrossmag.be\/wp-content\/uploads\/2014\/07\/20140629BKKester005-150x150.jpg\" class=\"attachment-thumbnail size-thumbnail\" alt=\"\" srcset=\"https:\/\/fr.motocrossmag.be\/wp-content\/uploads\/2014\/07\/20140629BKKester005-150x150.jpg 150w, https:\/\/fr.motocrossmag.be\/wp-content\/uploads\/2014\/07\/20140629BKKester005-50x50.jpg 50w\" sizes=\"(max-width: 150px) 100vw, 150px\" \/><\/a>\n\t\t\t<\/div><\/figure><figure class='gallery-item'>\n\t\t\t<div class='gallery-icon landscape'>\n\t\t\t\t<a href='https:\/\/fr.motocrossmag.be\/index.php\/2014\/07\/photos-belgian-masters-of-motocross-a-kester\/20140629bkkester004\/'><img decoding=\"async\" width=\"150\" height=\"150\" src=\"https:\/\/fr.motocrossmag.be\/wp-content\/uploads\/2014\/07\/20140629BKKester004-150x150.jpg\" class=\"attachment-thumbnail size-thumbnail\" alt=\"\" srcset=\"https:\/\/fr.motocrossmag.be\/wp-content\/uploads\/2014\/07\/20140629BKKester004-150x150.jpg 150w, https:\/\/fr.motocrossmag.be\/wp-content\/uploads\/2014\/07\/20140629BKKester004-50x50.jpg 50w\" sizes=\"(max-width: 150px) 100vw, 150px\" \/><\/a>\n\t\t\t<\/div><\/figure><figure class='gallery-item'>\n\t\t\t<div class='gallery-icon landscape'>\n\t\t\t\t<a href='https:\/\/fr.motocrossmag.be\/index.php\/2014\/07\/photos-belgian-masters-of-motocross-a-kester\/20140629bkkester003\/'><img decoding=\"async\" width=\"150\" height=\"150\" src=\"https:\/\/fr.motocrossmag.be\/wp-content\/uploads\/2014\/07\/20140629BKKester003-150x150.jpg\" class=\"attachment-thumbnail size-thumbnail\" alt=\"\" srcset=\"https:\/\/fr.motocrossmag.be\/wp-content\/uploads\/2014\/07\/20140629BKKester003-150x150.jpg 150w, https:\/\/fr.motocrossmag.be\/wp-content\/uploads\/2014\/07\/20140629BKKester003-50x50.jpg 50w\" sizes=\"(max-width: 150px) 100vw, 150px\" \/><\/a>\n\t\t\t<\/div><\/figure><figure class='gallery-item'>\n\t\t\t<div class='gallery-icon landscape'>\n\t\t\t\t<a href='https:\/\/fr.motocrossmag.be\/index.php\/2014\/07\/photos-belgian-masters-of-motocross-a-kester\/20140629bkkester002\/'><img decoding=\"async\" width=\"150\" height=\"150\" src=\"https:\/\/fr.motocrossmag.be\/wp-content\/uploads\/2014\/07\/20140629BKKester002-150x150.jpg\" class=\"attachment-thumbnail size-thumbnail\" alt=\"\" srcset=\"https:\/\/fr.motocrossmag.be\/wp-content\/uploads\/2014\/07\/20140629BKKester002-150x150.jpg 150w, https:\/\/fr.motocrossmag.be\/wp-content\/uploads\/2014\/07\/20140629BKKester002-50x50.jpg 50w\" sizes=\"(max-width: 150px) 100vw, 150px\" \/><\/a>\n\t\t\t<\/div><\/figure><figure class='gallery-item'>\n\t\t\t<div class='gallery-icon landscape'>\n\t\t\t\t<a href='https:\/\/fr.motocrossmag.be\/index.php\/2014\/07\/photos-belgian-masters-of-motocross-a-kester\/20140629bkkester001\/'><img decoding=\"async\" width=\"150\" height=\"150\" src=\"https:\/\/fr.motocrossmag.be\/wp-content\/uploads\/2014\/07\/20140629BKKester001-150x150.jpg\" class=\"attachment-thumbnail size-thumbnail\" alt=\"\" srcset=\"https:\/\/fr.motocrossmag.be\/wp-content\/uploads\/2014\/07\/20140629BKKester001-150x150.jpg 150w, https:\/\/fr.motocrossmag.be\/wp-content\/uploads\/2014\/07\/20140629BKKester001-50x50.jpg 50w\" sizes=\"(max-width: 150px) 100vw, 150px\" \/><\/a>\n\t\t\t<\/div><\/figure>\n\t\t<\/div>\n\n","protected":false},"excerpt":{"rendered":"<p>Comme les autres \u00e9preuves disput\u00e9es en Belgique ce week-end, le 3\u00e8me round des Belgian Masters of Motocross n&rsquo;a pas \u00e9t\u00e9 \u00e9pargn\u00e9 par une m\u00e9t\u00e9o plut\u00f4t capricieuse. Les violentes averses orageuses ont en effet rapidement transform\u00e9 le Kesterheide en v\u00e9ritable cauchemar pour les pilotes. Des conditions difficiles qui ont n\u00e9anmoins offert un spectacle \u00e0 la hauteur [&hellip;]<\/p>\n","protected":false},"author":932,"featured_media":24720,"comment_status":"open","ping_status":"closed","sticky":false,"template":"","format":"standard","meta":{"tdm_status":"","tdm_grid_status":"","footnotes":""},"categories":[54,4,29,55,66,65],"tags":[],"class_list":["post-24711","post","type-post","status-publish","format-standard","has-post-thumbnail","category-actualite","category-motocross","category-fmb","category-news-actualite","category-photos","category-slideshow"],"yoast_head":"<!-- This site is optimized with the Yoast SEO plugin v28.3 - https:\/\/yoast.com\/product\/yoast-seo-wordpress\/ -->\n<title>Photos: Belgian Masters of Motocross \u00e0 Kester - Motocross - Enduro - Supermoto | MotocrossMag<\/title>\n<meta name=\"robots\" content=\"index, follow, max-snippet:-1, max-image-preview:large, max-video-preview:-1\" \/>\n<link rel=\"canonical\" href=\"https:\/\/fr.motocrossmag.be\/index.php\/2014\/07\/photos-belgian-masters-of-motocross-a-kester\/\" \/>\n<meta property=\"og:locale\" content=\"fr_FR\" \/>\n<meta property=\"og:type\" content=\"article\" \/>\n<meta property=\"og:title\" content=\"Photos: Belgian Masters of Motocross \u00e0 Kester - Motocross - Enduro - Supermoto | MotocrossMag\" \/>\n<meta property=\"og:description\" content=\"Comme les autres \u00e9preuves disput\u00e9es en Belgique ce week-end, le 3\u00e8me round des Belgian Masters of Motocross n&rsquo;a pas \u00e9t\u00e9 \u00e9pargn\u00e9 par une m\u00e9t\u00e9o plut\u00f4t capricieuse. Les violentes averses orageuses ont en effet rapidement transform\u00e9 le Kesterheide en v\u00e9ritable cauchemar pour les pilotes. Des conditions difficiles qui ont n\u00e9anmoins offert un spectacle \u00e0 la hauteur [&hellip;]\" \/>\n<meta property=\"og:url\" content=\"https:\/\/fr.motocrossmag.be\/index.php\/2014\/07\/photos-belgian-masters-of-motocross-a-kester\/\" \/>\n<meta property=\"og:site_name\" content=\"Motocross - Enduro - Supermoto | MotocrossMag\" \/>\n<meta property=\"article:published_time\" content=\"2014-07-01T10:05:00+00:00\" \/>\n<meta property=\"og:image\" content=\"https:\/\/fr.motocrossmag.be\/wp-content\/uploads\/2014\/07\/20140629BKKester009.jpg\" \/>\n\t<meta property=\"og:image:width\" content=\"1024\" \/>\n\t<meta property=\"og:image:height\" content=\"680\" \/>\n\t<meta property=\"og:image:type\" content=\"image\/jpeg\" \/>\n<meta name=\"author\" content=\"oliviere\" \/>\n<meta name=\"twitter:card\" content=\"summary_large_image\" \/>\n<meta name=\"twitter:label1\" content=\"\u00c9crit par\" \/>\n\t<meta name=\"twitter:data1\" content=\"oliviere\" \/>\n<script type=\"application\/ld+json\" class=\"yoast-schema-graph\">{\"@context\":\"https:\\\/\\\/schema.org\",\"@graph\":[{\"@type\":\"Article\",\"@id\":\"https:\\\/\\\/fr.motocrossmag.be\\\/index.php\\\/2014\\\/07\\\/photos-belgian-masters-of-motocross-a-kester\\\/#article\",\"isPartOf\":{\"@id\":\"https:\\\/\\\/fr.motocrossmag.be\\\/index.php\\\/2014\\\/07\\\/photos-belgian-masters-of-motocross-a-kester\\\/\"},\"author\":{\"name\":\"oliviere\",\"@id\":\"https:\\\/\\\/fr.motocrossmag.be\\\/#\\\/schema\\\/person\\\/11b47143d9f755babca2c9110e03235c\"},\"headline\":\"Photos: Belgian Masters of Motocross \u00e0 Kester\",\"datePublished\":\"2014-07-01T10:05:00+00:00\",\"mainEntityOfPage\":{\"@id\":\"https:\\\/\\\/fr.motocrossmag.be\\\/index.php\\\/2014\\\/07\\\/photos-belgian-masters-of-motocross-a-kester\\\/\"},\"wordCount\":93,\"commentCount\":0,\"image\":{\"@id\":\"https:\\\/\\\/fr.motocrossmag.be\\\/index.php\\\/2014\\\/07\\\/photos-belgian-masters-of-motocross-a-kester\\\/#primaryimage\"},\"thumbnailUrl\":\"https:\\\/\\\/fr.motocrossmag.be\\\/wp-content\\\/uploads\\\/2014\\\/07\\\/20140629BKKester009.jpg\",\"articleSection\":[\"Actualit\u00e9\",\"Motocross\",\"Motocross FMB\",\"News\",\"Photos\",\"Slideshow\"],\"inLanguage\":\"fr-FR\",\"potentialAction\":[{\"@type\":\"CommentAction\",\"name\":\"Comment\",\"target\":[\"https:\\\/\\\/fr.motocrossmag.be\\\/index.php\\\/2014\\\/07\\\/photos-belgian-masters-of-motocross-a-kester\\\/#respond\"]}]},{\"@type\":\"WebPage\",\"@id\":\"https:\\\/\\\/fr.motocrossmag.be\\\/index.php\\\/2014\\\/07\\\/photos-belgian-masters-of-motocross-a-kester\\\/\",\"url\":\"https:\\\/\\\/fr.motocrossmag.be\\\/index.php\\\/2014\\\/07\\\/photos-belgian-masters-of-motocross-a-kester\\\/\",\"name\":\"Photos: Belgian Masters of Motocross \u00e0 Kester - Motocross - Enduro - Supermoto | MotocrossMag\",\"isPartOf\":{\"@id\":\"https:\\\/\\\/fr.motocrossmag.be\\\/#website\"},\"primaryImageOfPage\":{\"@id\":\"https:\\\/\\\/fr.motocrossmag.be\\\/index.php\\\/2014\\\/07\\\/photos-belgian-masters-of-motocross-a-kester\\\/#primaryimage\"},\"image\":{\"@id\":\"https:\\\/\\\/fr.motocrossmag.be\\\/index.php\\\/2014\\\/07\\\/photos-belgian-masters-of-motocross-a-kester\\\/#primaryimage\"},\"thumbnailUrl\":\"https:\\\/\\\/fr.motocrossmag.be\\\/wp-content\\\/uploads\\\/2014\\\/07\\\/20140629BKKester009.jpg\",\"datePublished\":\"2014-07-01T10:05:00+00:00\",\"author\":{\"@id\":\"https:\\\/\\\/fr.motocrossmag.be\\\/#\\\/schema\\\/person\\\/11b47143d9f755babca2c9110e03235c\"},\"breadcrumb\":{\"@id\":\"https:\\\/\\\/fr.motocrossmag.be\\\/index.php\\\/2014\\\/07\\\/photos-belgian-masters-of-motocross-a-kester\\\/#breadcrumb\"},\"inLanguage\":\"fr-FR\",\"potentialAction\":[{\"@type\":\"ReadAction\",\"target\":[\"https:\\\/\\\/fr.motocrossmag.be\\\/index.php\\\/2014\\\/07\\\/photos-belgian-masters-of-motocross-a-kester\\\/\"]}]},{\"@type\":\"ImageObject\",\"inLanguage\":\"fr-FR\",\"@id\":\"https:\\\/\\\/fr.motocrossmag.be\\\/index.php\\\/2014\\\/07\\\/photos-belgian-masters-of-motocross-a-kester\\\/#primaryimage\",\"url\":\"https:\\\/\\\/fr.motocrossmag.be\\\/wp-content\\\/uploads\\\/2014\\\/07\\\/20140629BKKester009.jpg\",\"contentUrl\":\"https:\\\/\\\/fr.motocrossmag.be\\\/wp-content\\\/uploads\\\/2014\\\/07\\\/20140629BKKester009.jpg\",\"width\":1024,\"height\":680},{\"@type\":\"BreadcrumbList\",\"@id\":\"https:\\\/\\\/fr.motocrossmag.be\\\/index.php\\\/2014\\\/07\\\/photos-belgian-masters-of-motocross-a-kester\\\/#breadcrumb\",\"itemListElement\":[{\"@type\":\"ListItem\",\"position\":1,\"name\":\"Accueil\",\"item\":\"https:\\\/\\\/fr.motocrossmag.be\\\/\"},{\"@type\":\"ListItem\",\"position\":2,\"name\":\"Photos: Belgian Masters of Motocross \u00e0 Kester\"}]},{\"@type\":\"WebSite\",\"@id\":\"https:\\\/\\\/fr.motocrossmag.be\\\/#website\",\"url\":\"https:\\\/\\\/fr.motocrossmag.be\\\/\",\"name\":\"Motocross - Enduro - Supermoto | MotocrossMag\",\"description\":\"L&#039;actualit\u00e9 du motocross, de l&#039;enduro et du Supermoto en ligne!\",\"potentialAction\":[{\"@type\":\"SearchAction\",\"target\":{\"@type\":\"EntryPoint\",\"urlTemplate\":\"https:\\\/\\\/fr.motocrossmag.be\\\/?s={search_term_string}\"},\"query-input\":{\"@type\":\"PropertyValueSpecification\",\"valueRequired\":true,\"valueName\":\"search_term_string\"}}],\"inLanguage\":\"fr-FR\"},{\"@type\":\"Person\",\"@id\":\"https:\\\/\\\/fr.motocrossmag.be\\\/#\\\/schema\\\/person\\\/11b47143d9f755babca2c9110e03235c\",\"name\":\"oliviere\",\"image\":{\"@type\":\"ImageObject\",\"inLanguage\":\"fr-FR\",\"@id\":\"https:\\\/\\\/secure.gravatar.com\\\/avatar\\\/907069e0b81d119452040469e4a7501da1100f54f7f80180ce77bfab718288f6?s=96&d=mm&r=g\",\"url\":\"https:\\\/\\\/secure.gravatar.com\\\/avatar\\\/907069e0b81d119452040469e4a7501da1100f54f7f80180ce77bfab718288f6?s=96&d=mm&r=g\",\"contentUrl\":\"https:\\\/\\\/secure.gravatar.com\\\/avatar\\\/907069e0b81d119452040469e4a7501da1100f54f7f80180ce77bfab718288f6?s=96&d=mm&r=g\",\"caption\":\"oliviere\"},\"sameAs\":[\"http:\\\/\\\/www.motocrossmag.be\"],\"url\":\"https:\\\/\\\/fr.motocrossmag.be\\\/index.php\\\/author\\\/oliviere\\\/\"}]}<\/script>\n<!-- \/ Yoast SEO plugin. -->","yoast_head_json":{"title":"Photos: Belgian Masters of Motocross \u00e0 Kester - Motocross - Enduro - Supermoto | MotocrossMag","robots":{"index":"index","follow":"follow","max-snippet":"max-snippet:-1","max-image-preview":"max-image-preview:large","max-video-preview":"max-video-preview:-1"},"canonical":"https:\/\/fr.motocrossmag.be\/index.php\/2014\/07\/photos-belgian-masters-of-motocross-a-kester\/","og_locale":"fr_FR","og_type":"article","og_title":"Photos: Belgian Masters of Motocross \u00e0 Kester - Motocross - Enduro - Supermoto | MotocrossMag","og_description":"Comme les autres \u00e9preuves disput\u00e9es en Belgique ce week-end, le 3\u00e8me round des Belgian Masters of Motocross n&rsquo;a pas \u00e9t\u00e9 \u00e9pargn\u00e9 par une m\u00e9t\u00e9o plut\u00f4t capricieuse. Les violentes averses orageuses ont en effet rapidement transform\u00e9 le Kesterheide en v\u00e9ritable cauchemar pour les pilotes. Des conditions difficiles qui ont n\u00e9anmoins offert un spectacle \u00e0 la hauteur [&hellip;]","og_url":"https:\/\/fr.motocrossmag.be\/index.php\/2014\/07\/photos-belgian-masters-of-motocross-a-kester\/","og_site_name":"Motocross - Enduro - Supermoto | MotocrossMag","article_published_time":"2014-07-01T10:05:00+00:00","og_image":[{"width":1024,"height":680,"url":"https:\/\/fr.motocrossmag.be\/wp-content\/uploads\/2014\/07\/20140629BKKester009.jpg","type":"image\/jpeg"}],"author":"oliviere","twitter_card":"summary_large_image","twitter_misc":{"\u00c9crit par":"oliviere"},"schema":{"@context":"https:\/\/schema.org","@graph":[{"@type":"Article","@id":"https:\/\/fr.motocrossmag.be\/index.php\/2014\/07\/photos-belgian-masters-of-motocross-a-kester\/#article","isPartOf":{"@id":"https:\/\/fr.motocrossmag.be\/index.php\/2014\/07\/photos-belgian-masters-of-motocross-a-kester\/"},"author":{"name":"oliviere","@id":"https:\/\/fr.motocrossmag.be\/#\/schema\/person\/11b47143d9f755babca2c9110e03235c"},"headline":"Photos: Belgian Masters of Motocross \u00e0 Kester","datePublished":"2014-07-01T10:05:00+00:00","mainEntityOfPage":{"@id":"https:\/\/fr.motocrossmag.be\/index.php\/2014\/07\/photos-belgian-masters-of-motocross-a-kester\/"},"wordCount":93,"commentCount":0,"image":{"@id":"https:\/\/fr.motocrossmag.be\/index.php\/2014\/07\/photos-belgian-masters-of-motocross-a-kester\/#primaryimage"},"thumbnailUrl":"https:\/\/fr.motocrossmag.be\/wp-content\/uploads\/2014\/07\/20140629BKKester009.jpg","articleSection":["Actualit\u00e9","Motocross","Motocross FMB","News","Photos","Slideshow"],"inLanguage":"fr-FR","potentialAction":[{"@type":"CommentAction","name":"Comment","target":["https:\/\/fr.motocrossmag.be\/index.php\/2014\/07\/photos-belgian-masters-of-motocross-a-kester\/#respond"]}]},{"@type":"WebPage","@id":"https:\/\/fr.motocrossmag.be\/index.php\/2014\/07\/photos-belgian-masters-of-motocross-a-kester\/","url":"https:\/\/fr.motocrossmag.be\/index.php\/2014\/07\/photos-belgian-masters-of-motocross-a-kester\/","name":"Photos: Belgian Masters of Motocross \u00e0 Kester - Motocross - Enduro - Supermoto | MotocrossMag","isPartOf":{"@id":"https:\/\/fr.motocrossmag.be\/#website"},"primaryImageOfPage":{"@id":"https:\/\/fr.motocrossmag.be\/index.php\/2014\/07\/photos-belgian-masters-of-motocross-a-kester\/#primaryimage"},"image":{"@id":"https:\/\/fr.motocrossmag.be\/index.php\/2014\/07\/photos-belgian-masters-of-motocross-a-kester\/#primaryimage"},"thumbnailUrl":"https:\/\/fr.motocrossmag.be\/wp-content\/uploads\/2014\/07\/20140629BKKester009.jpg","datePublished":"2014-07-01T10:05:00+00:00","author":{"@id":"https:\/\/fr.motocrossmag.be\/#\/schema\/person\/11b47143d9f755babca2c9110e03235c"},"breadcrumb":{"@id":"https:\/\/fr.motocrossmag.be\/index.php\/2014\/07\/photos-belgian-masters-of-motocross-a-kester\/#breadcrumb"},"inLanguage":"fr-FR","potentialAction":[{"@type":"ReadAction","target":["https:\/\/fr.motocrossmag.be\/index.php\/2014\/07\/photos-belgian-masters-of-motocross-a-kester\/"]}]},{"@type":"ImageObject","inLanguage":"fr-FR","@id":"https:\/\/fr.motocrossmag.be\/index.php\/2014\/07\/photos-belgian-masters-of-motocross-a-kester\/#primaryimage","url":"https:\/\/fr.motocrossmag.be\/wp-content\/uploads\/2014\/07\/20140629BKKester009.jpg","contentUrl":"https:\/\/fr.motocrossmag.be\/wp-content\/uploads\/2014\/07\/20140629BKKester009.jpg","width":1024,"height":680},{"@type":"BreadcrumbList","@id":"https:\/\/fr.motocrossmag.be\/index.php\/2014\/07\/photos-belgian-masters-of-motocross-a-kester\/#breadcrumb","itemListElement":[{"@type":"ListItem","position":1,"name":"Accueil","item":"https:\/\/fr.motocrossmag.be\/"},{"@type":"ListItem","position":2,"name":"Photos: Belgian Masters of Motocross \u00e0 Kester"}]},{"@type":"WebSite","@id":"https:\/\/fr.motocrossmag.be\/#website","url":"https:\/\/fr.motocrossmag.be\/","name":"Motocross - Enduro - Supermoto | MotocrossMag","description":"L&#039;actualit\u00e9 du motocross, de l&#039;enduro et du Supermoto en ligne!","potentialAction":[{"@type":"SearchAction","target":{"@type":"EntryPoint","urlTemplate":"https:\/\/fr.motocrossmag.be\/?s={search_term_string}"},"query-input":{"@type":"PropertyValueSpecification","valueRequired":true,"valueName":"search_term_string"}}],"inLanguage":"fr-FR"},{"@type":"Person","@id":"https:\/\/fr.motocrossmag.be\/#\/schema\/person\/11b47143d9f755babca2c9110e03235c","name":"oliviere","image":{"@type":"ImageObject","inLanguage":"fr-FR","@id":"https:\/\/secure.gravatar.com\/avatar\/907069e0b81d119452040469e4a7501da1100f54f7f80180ce77bfab718288f6?s=96&d=mm&r=g","url":"https:\/\/secure.gravatar.com\/avatar\/907069e0b81d119452040469e4a7501da1100f54f7f80180ce77bfab718288f6?s=96&d=mm&r=g","contentUrl":"https:\/\/secure.gravatar.com\/avatar\/907069e0b81d119452040469e4a7501da1100f54f7f80180ce77bfab718288f6?s=96&d=mm&r=g","caption":"oliviere"},"sameAs":["http:\/\/www.motocrossmag.be"],"url":"https:\/\/fr.motocrossmag.be\/index.php\/author\/oliviere\/"}]}},"_links":{"self":[{"href":"https:\/\/fr.motocrossmag.be\/index.php\/wp-json\/wp\/v2\/posts\/24711","targetHints":{"allow":["GET"]}}],"collection":[{"href":"https:\/\/fr.motocrossmag.be\/index.php\/wp-json\/wp\/v2\/posts"}],"about":[{"href":"https:\/\/fr.motocrossmag.be\/index.php\/wp-json\/wp\/v2\/types\/post"}],"author":[{"embeddable":true,"href":"https:\/\/fr.motocrossmag.be\/index.php\/wp-json\/wp\/v2\/users\/932"}],"replies":[{"embeddable":true,"href":"https:\/\/fr.motocrossmag.be\/index.php\/wp-json\/wp\/v2\/comments?post=24711"}],"version-history":[{"count":1,"href":"https:\/\/fr.motocrossmag.be\/index.php\/wp-json\/wp\/v2\/posts\/24711\/revisions"}],"predecessor-version":[{"id":24791,"href":"https:\/\/fr.motocrossmag.be\/index.php\/wp-json\/wp\/v2\/posts\/24711\/revisions\/24791"}],"wp:featuredmedia":[{"embeddable":true,"href":"https:\/\/fr.motocrossmag.be\/index.php\/wp-json\/wp\/v2\/media\/24720"}],"wp:attachment":[{"href":"https:\/\/fr.motocrossmag.be\/index.php\/wp-json\/wp\/v2\/media?parent=24711"}],"wp:term":[{"taxonomy":"category","embeddable":true,"href":"https:\/\/fr.motocrossmag.be\/index.php\/wp-json\/wp\/v2\/categories?post=24711"},{"taxonomy":"post_tag","embeddable":true,"href":"https:\/\/fr.motocrossmag.be\/index.php\/wp-json\/wp\/v2\/tags?post=24711"}],"curies":[{"name":"wp","href":"https:\/\/api.w.org\/{rel}","templated":true}]}}