{"id":26428,"date":"2014-08-26T23:10:37","date_gmt":"2014-08-26T21:10:37","guid":{"rendered":"http:\/\/fr.motocrossmag.be\/?p=26428"},"modified":"2014-08-26T23:10:37","modified_gmt":"2014-08-26T21:10:37","slug":"photos-bmmx-a-orp-le-grand","status":"publish","type":"post","link":"https:\/\/fr.motocrossmag.be\/index.php\/2014\/08\/photos-bmmx-a-orp-le-grand\/","title":{"rendered":"Photos: BMMX \u00e0 Orp-Le-Grand"},"content":{"rendered":"<p>Nos photographes \u00ab\u00a0maison\u00a0\u00bb CDS et Vepix unissent leurs talents pour nous proposer une galerie grand format de la 4\u00e8me manche des Belgian Masters of Motocross \u00e0 Orp-Le-Grand. Plus de 150 images de cet \u00e9v\u00e9nement haut en couleurs vous attendent !<\/p>\n<p>Photos: CDS &amp; Frederik \u00ab\u00a0Vepix\u00a0\u00bb Van Eeckhoven<\/p><div class=\"wmcde6a96e10a67ef7\" ><!-- \/91277017\/Inline-articles-mobile -->\n<div style=\"margin:auto; text-align:center !important\">\n<div id='div-gpt-ad-1784982661365-0' style='min-width: 250px; min-height: 75px;'>\n  <script>\n    googletag.cmd.push(function() { googletag.display('div-gpt-ad-1784982661365-0'); });\n  <\/script>\n<\/div><\/div><\/div><style type=\"text\/css\">\r\n.wmcde6a96e10a67ef7 {\r\nmargin-bottom:30px;margin-top:20px\r\n}\r\n@media screen and (min-width: 1201px) {\r\n.wmcde6a96e10a67ef7 {\r\ndisplay: block;\r\n}\r\n}\r\n@media screen and (min-width: 993px) and (max-width: 1200px) {\r\n.wmcde6a96e10a67ef7 {\r\ndisplay: block;\r\n}\r\n}\r\n@media screen and (min-width: 769px) and (max-width: 992px) {\r\n.wmcde6a96e10a67ef7 {\r\ndisplay: block;\r\n}\r\n}\r\n@media screen and (min-width: 768px) and (max-width: 768px) {\r\n.wmcde6a96e10a67ef7 {\r\ndisplay: block;\r\n}\r\n}\r\n@media screen and (max-width: 767px) {\r\n.wmcde6a96e10a67ef7 {\r\ndisplay: block;\r\n}\r\n}\r\n<\/style>\r\n\n<p>&nbsp;<\/p>\n<div id='gallery-1' class='gallery galleryid-26428 gallery-columns-3 gallery-size-thumbnail'><figure class='gallery-item'>\n\t\t\t<div class='gallery-icon landscape'>\n\t\t\t\t<a href='https:\/\/fr.motocrossmag.be\/index.php\/2014\/08\/photos-bmmx-a-orp-le-grand\/24_fp4a8471\/'><img decoding=\"async\" width=\"150\" height=\"150\" src=\"https:\/\/fr.motocrossmag.be\/wp-content\/uploads\/2014\/08\/24_FP4A8471-150x150.jpg\" class=\"attachment-thumbnail size-thumbnail\" alt=\"\" srcset=\"https:\/\/fr.motocrossmag.be\/wp-content\/uploads\/2014\/08\/24_FP4A8471-150x150.jpg 150w, https:\/\/fr.motocrossmag.be\/wp-content\/uploads\/2014\/08\/24_FP4A8471-50x50.jpg 50w\" sizes=\"(max-width: 150px) 100vw, 150px\" \/><\/a>\n\t\t\t<\/div><\/figure><figure class='gallery-item'>\n\t\t\t<div class='gallery-icon landscape'>\n\t\t\t\t<a href='https:\/\/fr.motocrossmag.be\/index.php\/2014\/08\/photos-bmmx-a-orp-le-grand\/121_img_0577\/'><img decoding=\"async\" width=\"150\" height=\"150\" src=\"https:\/\/fr.motocrossmag.be\/wp-content\/uploads\/2014\/08\/121_IMG_0577-150x150.jpg\" class=\"attachment-thumbnail size-thumbnail\" alt=\"\" srcset=\"https:\/\/fr.motocrossmag.be\/wp-content\/uploads\/2014\/08\/121_IMG_0577-150x150.jpg 150w, https:\/\/fr.motocrossmag.be\/wp-content\/uploads\/2014\/08\/121_IMG_0577-50x50.jpg 50w\" sizes=\"(max-width: 150px) 100vw, 150px\" \/><\/a>\n\t\t\t<\/div><\/figure><figure class='gallery-item'>\n\t\t\t<div class='gallery-icon landscape'>\n\t\t\t\t<a href='https:\/\/fr.motocrossmag.be\/index.php\/2014\/08\/photos-bmmx-a-orp-le-grand\/147_fp4a8196\/'><img decoding=\"async\" width=\"150\" height=\"150\" src=\"https:\/\/fr.motocrossmag.be\/wp-content\/uploads\/2014\/08\/147_FP4A8196-150x150.jpg\" class=\"attachment-thumbnail size-thumbnail\" alt=\"\" srcset=\"https:\/\/fr.motocrossmag.be\/wp-content\/uploads\/2014\/08\/147_FP4A8196-150x150.jpg 150w, https:\/\/fr.motocrossmag.be\/wp-content\/uploads\/2014\/08\/147_FP4A8196-50x50.jpg 50w\" sizes=\"(max-width: 150px) 100vw, 150px\" \/><\/a>\n\t\t\t<\/div><\/figure><figure class='gallery-item'>\n\t\t\t<div class='gallery-icon landscape'>\n\t\t\t\t<a href='https:\/\/fr.motocrossmag.be\/index.php\/2014\/08\/photos-bmmx-a-orp-le-grand\/20140824bkorplegrand001\/'><img decoding=\"async\" width=\"150\" height=\"150\" src=\"https:\/\/fr.motocrossmag.be\/wp-content\/uploads\/2014\/08\/20140824BKOrpLeGrand001-150x150.jpg\" class=\"attachment-thumbnail size-thumbnail\" alt=\"\" srcset=\"https:\/\/fr.motocrossmag.be\/wp-content\/uploads\/2014\/08\/20140824BKOrpLeGrand001-150x150.jpg 150w, https:\/\/fr.motocrossmag.be\/wp-content\/uploads\/2014\/08\/20140824BKOrpLeGrand001-50x50.jpg 50w\" sizes=\"(max-width: 150px) 100vw, 150px\" \/><\/a>\n\t\t\t<\/div><\/figure><figure class='gallery-item'>\n\t\t\t<div class='gallery-icon landscape'>\n\t\t\t\t<a href='https:\/\/fr.motocrossmag.be\/index.php\/2014\/08\/photos-bmmx-a-orp-le-grand\/20140824bkorplegrand002\/'><img decoding=\"async\" width=\"150\" height=\"150\" src=\"https:\/\/fr.motocrossmag.be\/wp-content\/uploads\/2014\/08\/20140824BKOrpLeGrand002-150x150.jpg\" class=\"attachment-thumbnail size-thumbnail\" alt=\"\" srcset=\"https:\/\/fr.motocrossmag.be\/wp-content\/uploads\/2014\/08\/20140824BKOrpLeGrand002-150x150.jpg 150w, https:\/\/fr.motocrossmag.be\/wp-content\/uploads\/2014\/08\/20140824BKOrpLeGrand002-50x50.jpg 50w\" sizes=\"(max-width: 150px) 100vw, 150px\" \/><\/a>\n\t\t\t<\/div><\/figure><figure class='gallery-item'>\n\t\t\t<div class='gallery-icon landscape'>\n\t\t\t\t<a href='https:\/\/fr.motocrossmag.be\/index.php\/2014\/08\/photos-bmmx-a-orp-le-grand\/20140824bkorplegrand003\/'><img decoding=\"async\" width=\"150\" height=\"150\" src=\"https:\/\/fr.motocrossmag.be\/wp-content\/uploads\/2014\/08\/20140824BKOrpLeGrand003-150x150.jpg\" class=\"attachment-thumbnail size-thumbnail\" alt=\"\" srcset=\"https:\/\/fr.motocrossmag.be\/wp-content\/uploads\/2014\/08\/20140824BKOrpLeGrand003-150x150.jpg 150w, https:\/\/fr.motocrossmag.be\/wp-content\/uploads\/2014\/08\/20140824BKOrpLeGrand003-50x50.jpg 50w\" sizes=\"(max-width: 150px) 100vw, 150px\" \/><\/a>\n\t\t\t<\/div><\/figure><figure class='gallery-item'>\n\t\t\t<div class='gallery-icon landscape'>\n\t\t\t\t<a href='https:\/\/fr.motocrossmag.be\/index.php\/2014\/08\/photos-bmmx-a-orp-le-grand\/20140824bkorplegrand004\/'><img decoding=\"async\" width=\"150\" height=\"150\" src=\"https:\/\/fr.motocrossmag.be\/wp-content\/uploads\/2014\/08\/20140824BKOrpLeGrand004-150x150.jpg\" class=\"attachment-thumbnail size-thumbnail\" alt=\"\" srcset=\"https:\/\/fr.motocrossmag.be\/wp-content\/uploads\/2014\/08\/20140824BKOrpLeGrand004-150x150.jpg 150w, https:\/\/fr.motocrossmag.be\/wp-content\/uploads\/2014\/08\/20140824BKOrpLeGrand004-50x50.jpg 50w\" sizes=\"(max-width: 150px) 100vw, 150px\" \/><\/a>\n\t\t\t<\/div><\/figure><figure class='gallery-item'>\n\t\t\t<div class='gallery-icon landscape'>\n\t\t\t\t<a href='https:\/\/fr.motocrossmag.be\/index.php\/2014\/08\/photos-bmmx-a-orp-le-grand\/20140824bkorplegrand005\/'><img decoding=\"async\" width=\"150\" height=\"150\" src=\"https:\/\/fr.motocrossmag.be\/wp-content\/uploads\/2014\/08\/20140824BKOrpLeGrand005-150x150.jpg\" class=\"attachment-thumbnail size-thumbnail\" alt=\"\" srcset=\"https:\/\/fr.motocrossmag.be\/wp-content\/uploads\/2014\/08\/20140824BKOrpLeGrand005-150x150.jpg 150w, https:\/\/fr.motocrossmag.be\/wp-content\/uploads\/2014\/08\/20140824BKOrpLeGrand005-50x50.jpg 50w\" sizes=\"(max-width: 150px) 100vw, 150px\" \/><\/a>\n\t\t\t<\/div><\/figure><figure class='gallery-item'>\n\t\t\t<div class='gallery-icon landscape'>\n\t\t\t\t<a href='https:\/\/fr.motocrossmag.be\/index.php\/2014\/08\/photos-bmmx-a-orp-le-grand\/20140824bkorplegrand006\/'><img decoding=\"async\" width=\"150\" height=\"150\" src=\"https:\/\/fr.motocrossmag.be\/wp-content\/uploads\/2014\/08\/20140824BKOrpLeGrand006-150x150.jpg\" class=\"attachment-thumbnail size-thumbnail\" alt=\"\" srcset=\"https:\/\/fr.motocrossmag.be\/wp-content\/uploads\/2014\/08\/20140824BKOrpLeGrand006-150x150.jpg 150w, https:\/\/fr.motocrossmag.be\/wp-content\/uploads\/2014\/08\/20140824BKOrpLeGrand006-50x50.jpg 50w\" sizes=\"(max-width: 150px) 100vw, 150px\" \/><\/a>\n\t\t\t<\/div><\/figure><figure class='gallery-item'>\n\t\t\t<div class='gallery-icon landscape'>\n\t\t\t\t<a href='https:\/\/fr.motocrossmag.be\/index.php\/2014\/08\/photos-bmmx-a-orp-le-grand\/20140824bkorplegrand007\/'><img decoding=\"async\" width=\"150\" height=\"150\" src=\"https:\/\/fr.motocrossmag.be\/wp-content\/uploads\/2014\/08\/20140824BKOrpLeGrand007-150x150.jpg\" class=\"attachment-thumbnail size-thumbnail\" alt=\"\" srcset=\"https:\/\/fr.motocrossmag.be\/wp-content\/uploads\/2014\/08\/20140824BKOrpLeGrand007-150x150.jpg 150w, https:\/\/fr.motocrossmag.be\/wp-content\/uploads\/2014\/08\/20140824BKOrpLeGrand007-50x50.jpg 50w\" sizes=\"(max-width: 150px) 100vw, 150px\" \/><\/a>\n\t\t\t<\/div><\/figure><figure class='gallery-item'>\n\t\t\t<div class='gallery-icon landscape'>\n\t\t\t\t<a href='https:\/\/fr.motocrossmag.be\/index.php\/2014\/08\/photos-bmmx-a-orp-le-grand\/20140824bkorplegrand011\/'><img decoding=\"async\" width=\"150\" height=\"150\" src=\"https:\/\/fr.motocrossmag.be\/wp-content\/uploads\/2014\/08\/20140824BKOrpLeGrand011-150x150.jpg\" class=\"attachment-thumbnail size-thumbnail\" alt=\"\" srcset=\"https:\/\/fr.motocrossmag.be\/wp-content\/uploads\/2014\/08\/20140824BKOrpLeGrand011-150x150.jpg 150w, https:\/\/fr.motocrossmag.be\/wp-content\/uploads\/2014\/08\/20140824BKOrpLeGrand011-50x50.jpg 50w\" sizes=\"(max-width: 150px) 100vw, 150px\" \/><\/a>\n\t\t\t<\/div><\/figure><figure class='gallery-item'>\n\t\t\t<div class='gallery-icon landscape'>\n\t\t\t\t<a href='https:\/\/fr.motocrossmag.be\/index.php\/2014\/08\/photos-bmmx-a-orp-le-grand\/20140824bkorplegrand012\/'><img decoding=\"async\" width=\"150\" height=\"150\" src=\"https:\/\/fr.motocrossmag.be\/wp-content\/uploads\/2014\/08\/20140824BKOrpLeGrand012-150x150.jpg\" class=\"attachment-thumbnail size-thumbnail\" alt=\"\" srcset=\"https:\/\/fr.motocrossmag.be\/wp-content\/uploads\/2014\/08\/20140824BKOrpLeGrand012-150x150.jpg 150w, https:\/\/fr.motocrossmag.be\/wp-content\/uploads\/2014\/08\/20140824BKOrpLeGrand012-50x50.jpg 50w\" sizes=\"(max-width: 150px) 100vw, 150px\" \/><\/a>\n\t\t\t<\/div><\/figure><figure class='gallery-item'>\n\t\t\t<div class='gallery-icon landscape'>\n\t\t\t\t<a href='https:\/\/fr.motocrossmag.be\/index.php\/2014\/08\/photos-bmmx-a-orp-le-grand\/20140824bkorplegrand013\/'><img decoding=\"async\" width=\"150\" height=\"150\" src=\"https:\/\/fr.motocrossmag.be\/wp-content\/uploads\/2014\/08\/20140824BKOrpLeGrand013-150x150.jpg\" class=\"attachment-thumbnail size-thumbnail\" alt=\"\" srcset=\"https:\/\/fr.motocrossmag.be\/wp-content\/uploads\/2014\/08\/20140824BKOrpLeGrand013-150x150.jpg 150w, https:\/\/fr.motocrossmag.be\/wp-content\/uploads\/2014\/08\/20140824BKOrpLeGrand013-50x50.jpg 50w\" sizes=\"(max-width: 150px) 100vw, 150px\" \/><\/a>\n\t\t\t<\/div><\/figure><figure class='gallery-item'>\n\t\t\t<div class='gallery-icon landscape'>\n\t\t\t\t<a href='https:\/\/fr.motocrossmag.be\/index.php\/2014\/08\/photos-bmmx-a-orp-le-grand\/20140824bkorplegrand014\/'><img decoding=\"async\" width=\"150\" height=\"150\" src=\"https:\/\/fr.motocrossmag.be\/wp-content\/uploads\/2014\/08\/20140824BKOrpLeGrand014-150x150.jpg\" class=\"attachment-thumbnail size-thumbnail\" alt=\"\" srcset=\"https:\/\/fr.motocrossmag.be\/wp-content\/uploads\/2014\/08\/20140824BKOrpLeGrand014-150x150.jpg 150w, https:\/\/fr.motocrossmag.be\/wp-content\/uploads\/2014\/08\/20140824BKOrpLeGrand014-50x50.jpg 50w\" sizes=\"(max-width: 150px) 100vw, 150px\" \/><\/a>\n\t\t\t<\/div><\/figure><figure class='gallery-item'>\n\t\t\t<div class='gallery-icon landscape'>\n\t\t\t\t<a href='https:\/\/fr.motocrossmag.be\/index.php\/2014\/08\/photos-bmmx-a-orp-le-grand\/20140824bkorplegrand015\/'><img decoding=\"async\" width=\"150\" height=\"150\" src=\"https:\/\/fr.motocrossmag.be\/wp-content\/uploads\/2014\/08\/20140824BKOrpLeGrand015-150x150.jpg\" class=\"attachment-thumbnail size-thumbnail\" alt=\"\" srcset=\"https:\/\/fr.motocrossmag.be\/wp-content\/uploads\/2014\/08\/20140824BKOrpLeGrand015-150x150.jpg 150w, https:\/\/fr.motocrossmag.be\/wp-content\/uploads\/2014\/08\/20140824BKOrpLeGrand015-50x50.jpg 50w\" sizes=\"(max-width: 150px) 100vw, 150px\" \/><\/a>\n\t\t\t<\/div><\/figure><figure class='gallery-item'>\n\t\t\t<div class='gallery-icon landscape'>\n\t\t\t\t<a href='https:\/\/fr.motocrossmag.be\/index.php\/2014\/08\/photos-bmmx-a-orp-le-grand\/20140824bkorplegrand016\/'><img decoding=\"async\" width=\"150\" height=\"150\" src=\"https:\/\/fr.motocrossmag.be\/wp-content\/uploads\/2014\/08\/20140824BKOrpLeGrand016-150x150.jpg\" class=\"attachment-thumbnail size-thumbnail\" alt=\"\" srcset=\"https:\/\/fr.motocrossmag.be\/wp-content\/uploads\/2014\/08\/20140824BKOrpLeGrand016-150x150.jpg 150w, https:\/\/fr.motocrossmag.be\/wp-content\/uploads\/2014\/08\/20140824BKOrpLeGrand016-50x50.jpg 50w\" sizes=\"(max-width: 150px) 100vw, 150px\" \/><\/a>\n\t\t\t<\/div><\/figure><figure class='gallery-item'>\n\t\t\t<div class='gallery-icon landscape'>\n\t\t\t\t<a href='https:\/\/fr.motocrossmag.be\/index.php\/2014\/08\/photos-bmmx-a-orp-le-grand\/20140824bkorplegrand017\/'><img decoding=\"async\" width=\"150\" height=\"150\" src=\"https:\/\/fr.motocrossmag.be\/wp-content\/uploads\/2014\/08\/20140824BKOrpLeGrand017-150x150.jpg\" class=\"attachment-thumbnail size-thumbnail\" alt=\"\" srcset=\"https:\/\/fr.motocrossmag.be\/wp-content\/uploads\/2014\/08\/20140824BKOrpLeGrand017-150x150.jpg 150w, https:\/\/fr.motocrossmag.be\/wp-content\/uploads\/2014\/08\/20140824BKOrpLeGrand017-50x50.jpg 50w\" sizes=\"(max-width: 150px) 100vw, 150px\" \/><\/a>\n\t\t\t<\/div><\/figure><figure class='gallery-item'>\n\t\t\t<div class='gallery-icon landscape'>\n\t\t\t\t<a href='https:\/\/fr.motocrossmag.be\/index.php\/2014\/08\/photos-bmmx-a-orp-le-grand\/20140824bkorplegrand018\/'><img decoding=\"async\" width=\"150\" height=\"150\" src=\"https:\/\/fr.motocrossmag.be\/wp-content\/uploads\/2014\/08\/20140824BKOrpLeGrand018-150x150.jpg\" class=\"attachment-thumbnail size-thumbnail\" alt=\"\" srcset=\"https:\/\/fr.motocrossmag.be\/wp-content\/uploads\/2014\/08\/20140824BKOrpLeGrand018-150x150.jpg 150w, https:\/\/fr.motocrossmag.be\/wp-content\/uploads\/2014\/08\/20140824BKOrpLeGrand018-50x50.jpg 50w\" sizes=\"(max-width: 150px) 100vw, 150px\" \/><\/a>\n\t\t\t<\/div><\/figure><figure class='gallery-item'>\n\t\t\t<div class='gallery-icon landscape'>\n\t\t\t\t<a href='https:\/\/fr.motocrossmag.be\/index.php\/2014\/08\/photos-bmmx-a-orp-le-grand\/20140824bkorplegrand019\/'><img decoding=\"async\" width=\"150\" height=\"150\" src=\"https:\/\/fr.motocrossmag.be\/wp-content\/uploads\/2014\/08\/20140824BKOrpLeGrand019-150x150.jpg\" class=\"attachment-thumbnail size-thumbnail\" alt=\"\" srcset=\"https:\/\/fr.motocrossmag.be\/wp-content\/uploads\/2014\/08\/20140824BKOrpLeGrand019-150x150.jpg 150w, https:\/\/fr.motocrossmag.be\/wp-content\/uploads\/2014\/08\/20140824BKOrpLeGrand019-50x50.jpg 50w\" sizes=\"(max-width: 150px) 100vw, 150px\" \/><\/a>\n\t\t\t<\/div><\/figure><figure class='gallery-item'>\n\t\t\t<div class='gallery-icon landscape'>\n\t\t\t\t<a href='https:\/\/fr.motocrossmag.be\/index.php\/2014\/08\/photos-bmmx-a-orp-le-grand\/20140824bkorplegrand020\/'><img decoding=\"async\" width=\"150\" height=\"150\" src=\"https:\/\/fr.motocrossmag.be\/wp-content\/uploads\/2014\/08\/20140824BKOrpLeGrand020-150x150.jpg\" class=\"attachment-thumbnail size-thumbnail\" alt=\"\" srcset=\"https:\/\/fr.motocrossmag.be\/wp-content\/uploads\/2014\/08\/20140824BKOrpLeGrand020-150x150.jpg 150w, https:\/\/fr.motocrossmag.be\/wp-content\/uploads\/2014\/08\/20140824BKOrpLeGrand020-50x50.jpg 50w\" sizes=\"(max-width: 150px) 100vw, 150px\" \/><\/a>\n\t\t\t<\/div><\/figure><figure class='gallery-item'>\n\t\t\t<div class='gallery-icon landscape'>\n\t\t\t\t<a href='https:\/\/fr.motocrossmag.be\/index.php\/2014\/08\/photos-bmmx-a-orp-le-grand\/20140824bkorplegrand021\/'><img decoding=\"async\" width=\"150\" height=\"150\" src=\"https:\/\/fr.motocrossmag.be\/wp-content\/uploads\/2014\/08\/20140824BKOrpLeGrand021-150x150.jpg\" class=\"attachment-thumbnail size-thumbnail\" alt=\"\" srcset=\"https:\/\/fr.motocrossmag.be\/wp-content\/uploads\/2014\/08\/20140824BKOrpLeGrand021-150x150.jpg 150w, https:\/\/fr.motocrossmag.be\/wp-content\/uploads\/2014\/08\/20140824BKOrpLeGrand021-50x50.jpg 50w\" sizes=\"(max-width: 150px) 100vw, 150px\" \/><\/a>\n\t\t\t<\/div><\/figure><figure class='gallery-item'>\n\t\t\t<div class='gallery-icon landscape'>\n\t\t\t\t<a href='https:\/\/fr.motocrossmag.be\/index.php\/2014\/08\/photos-bmmx-a-orp-le-grand\/20140824bkorplegrand022\/'><img decoding=\"async\" width=\"150\" height=\"150\" src=\"https:\/\/fr.motocrossmag.be\/wp-content\/uploads\/2014\/08\/20140824BKOrpLeGrand022-150x150.jpg\" class=\"attachment-thumbnail size-thumbnail\" alt=\"\" srcset=\"https:\/\/fr.motocrossmag.be\/wp-content\/uploads\/2014\/08\/20140824BKOrpLeGrand022-150x150.jpg 150w, https:\/\/fr.motocrossmag.be\/wp-content\/uploads\/2014\/08\/20140824BKOrpLeGrand022-50x50.jpg 50w\" sizes=\"(max-width: 150px) 100vw, 150px\" \/><\/a>\n\t\t\t<\/div><\/figure><figure class='gallery-item'>\n\t\t\t<div class='gallery-icon landscape'>\n\t\t\t\t<a href='https:\/\/fr.motocrossmag.be\/index.php\/2014\/08\/photos-bmmx-a-orp-le-grand\/20140824bkorplegrand023\/'><img decoding=\"async\" width=\"150\" height=\"150\" src=\"https:\/\/fr.motocrossmag.be\/wp-content\/uploads\/2014\/08\/20140824BKOrpLeGrand023-150x150.jpg\" class=\"attachment-thumbnail size-thumbnail\" alt=\"\" srcset=\"https:\/\/fr.motocrossmag.be\/wp-content\/uploads\/2014\/08\/20140824BKOrpLeGrand023-150x150.jpg 150w, https:\/\/fr.motocrossmag.be\/wp-content\/uploads\/2014\/08\/20140824BKOrpLeGrand023-50x50.jpg 50w\" sizes=\"(max-width: 150px) 100vw, 150px\" \/><\/a>\n\t\t\t<\/div><\/figure><figure class='gallery-item'>\n\t\t\t<div class='gallery-icon landscape'>\n\t\t\t\t<a href='https:\/\/fr.motocrossmag.be\/index.php\/2014\/08\/photos-bmmx-a-orp-le-grand\/20140824bkorplegrand024\/'><img decoding=\"async\" width=\"150\" height=\"150\" src=\"https:\/\/fr.motocrossmag.be\/wp-content\/uploads\/2014\/08\/20140824BKOrpLeGrand024-150x150.jpg\" class=\"attachment-thumbnail size-thumbnail\" alt=\"\" srcset=\"https:\/\/fr.motocrossmag.be\/wp-content\/uploads\/2014\/08\/20140824BKOrpLeGrand024-150x150.jpg 150w, https:\/\/fr.motocrossmag.be\/wp-content\/uploads\/2014\/08\/20140824BKOrpLeGrand024-50x50.jpg 50w\" sizes=\"(max-width: 150px) 100vw, 150px\" \/><\/a>\n\t\t\t<\/div><\/figure><figure class='gallery-item'>\n\t\t\t<div class='gallery-icon landscape'>\n\t\t\t\t<a href='https:\/\/fr.motocrossmag.be\/index.php\/2014\/08\/photos-bmmx-a-orp-le-grand\/20140824bkorplegrand025\/'><img decoding=\"async\" width=\"150\" height=\"150\" src=\"https:\/\/fr.motocrossmag.be\/wp-content\/uploads\/2014\/08\/20140824BKOrpLeGrand025-150x150.jpg\" class=\"attachment-thumbnail size-thumbnail\" alt=\"\" srcset=\"https:\/\/fr.motocrossmag.be\/wp-content\/uploads\/2014\/08\/20140824BKOrpLeGrand025-150x150.jpg 150w, https:\/\/fr.motocrossmag.be\/wp-content\/uploads\/2014\/08\/20140824BKOrpLeGrand025-50x50.jpg 50w\" sizes=\"(max-width: 150px) 100vw, 150px\" \/><\/a>\n\t\t\t<\/div><\/figure><figure class='gallery-item'>\n\t\t\t<div class='gallery-icon landscape'>\n\t\t\t\t<a href='https:\/\/fr.motocrossmag.be\/index.php\/2014\/08\/photos-bmmx-a-orp-le-grand\/20140824bkorplegrand026\/'><img decoding=\"async\" width=\"150\" height=\"150\" src=\"https:\/\/fr.motocrossmag.be\/wp-content\/uploads\/2014\/08\/20140824BKOrpLeGrand026-150x150.jpg\" class=\"attachment-thumbnail size-thumbnail\" alt=\"\" srcset=\"https:\/\/fr.motocrossmag.be\/wp-content\/uploads\/2014\/08\/20140824BKOrpLeGrand026-150x150.jpg 150w, https:\/\/fr.motocrossmag.be\/wp-content\/uploads\/2014\/08\/20140824BKOrpLeGrand026-50x50.jpg 50w\" sizes=\"(max-width: 150px) 100vw, 150px\" \/><\/a>\n\t\t\t<\/div><\/figure><figure class='gallery-item'>\n\t\t\t<div class='gallery-icon landscape'>\n\t\t\t\t<a href='https:\/\/fr.motocrossmag.be\/index.php\/2014\/08\/photos-bmmx-a-orp-le-grand\/20140824bkorplegrand027\/'><img decoding=\"async\" width=\"150\" height=\"150\" src=\"https:\/\/fr.motocrossmag.be\/wp-content\/uploads\/2014\/08\/20140824BKOrpLeGrand027-150x150.jpg\" class=\"attachment-thumbnail size-thumbnail\" alt=\"\" srcset=\"https:\/\/fr.motocrossmag.be\/wp-content\/uploads\/2014\/08\/20140824BKOrpLeGrand027-150x150.jpg 150w, https:\/\/fr.motocrossmag.be\/wp-content\/uploads\/2014\/08\/20140824BKOrpLeGrand027-50x50.jpg 50w\" sizes=\"(max-width: 150px) 100vw, 150px\" \/><\/a>\n\t\t\t<\/div><\/figure><figure class='gallery-item'>\n\t\t\t<div class='gallery-icon landscape'>\n\t\t\t\t<a href='https:\/\/fr.motocrossmag.be\/index.php\/2014\/08\/photos-bmmx-a-orp-le-grand\/20140824bkorplegrand028\/'><img decoding=\"async\" width=\"150\" height=\"150\" src=\"https:\/\/fr.motocrossmag.be\/wp-content\/uploads\/2014\/08\/20140824BKOrpLeGrand028-150x150.jpg\" class=\"attachment-thumbnail size-thumbnail\" alt=\"\" srcset=\"https:\/\/fr.motocrossmag.be\/wp-content\/uploads\/2014\/08\/20140824BKOrpLeGrand028-150x150.jpg 150w, https:\/\/fr.motocrossmag.be\/wp-content\/uploads\/2014\/08\/20140824BKOrpLeGrand028-50x50.jpg 50w\" sizes=\"(max-width: 150px) 100vw, 150px\" \/><\/a>\n\t\t\t<\/div><\/figure><figure class='gallery-item'>\n\t\t\t<div class='gallery-icon landscape'>\n\t\t\t\t<a href='https:\/\/fr.motocrossmag.be\/index.php\/2014\/08\/photos-bmmx-a-orp-le-grand\/20140824bkorplegrand029\/'><img decoding=\"async\" width=\"150\" height=\"150\" src=\"https:\/\/fr.motocrossmag.be\/wp-content\/uploads\/2014\/08\/20140824BKOrpLeGrand029-150x150.jpg\" class=\"attachment-thumbnail size-thumbnail\" alt=\"\" srcset=\"https:\/\/fr.motocrossmag.be\/wp-content\/uploads\/2014\/08\/20140824BKOrpLeGrand029-150x150.jpg 150w, https:\/\/fr.motocrossmag.be\/wp-content\/uploads\/2014\/08\/20140824BKOrpLeGrand029-50x50.jpg 50w\" sizes=\"(max-width: 150px) 100vw, 150px\" \/><\/a>\n\t\t\t<\/div><\/figure><figure class='gallery-item'>\n\t\t\t<div class='gallery-icon landscape'>\n\t\t\t\t<a href='https:\/\/fr.motocrossmag.be\/index.php\/2014\/08\/photos-bmmx-a-orp-le-grand\/20140824bkorplegrand030\/'><img decoding=\"async\" width=\"150\" height=\"150\" src=\"https:\/\/fr.motocrossmag.be\/wp-content\/uploads\/2014\/08\/20140824BKOrpLeGrand030-150x150.jpg\" class=\"attachment-thumbnail size-thumbnail\" alt=\"\" srcset=\"https:\/\/fr.motocrossmag.be\/wp-content\/uploads\/2014\/08\/20140824BKOrpLeGrand030-150x150.jpg 150w, https:\/\/fr.motocrossmag.be\/wp-content\/uploads\/2014\/08\/20140824BKOrpLeGrand030-50x50.jpg 50w\" sizes=\"(max-width: 150px) 100vw, 150px\" \/><\/a>\n\t\t\t<\/div><\/figure><figure class='gallery-item'>\n\t\t\t<div class='gallery-icon landscape'>\n\t\t\t\t<a href='https:\/\/fr.motocrossmag.be\/index.php\/2014\/08\/photos-bmmx-a-orp-le-grand\/20140824bkorplegrand031\/'><img decoding=\"async\" width=\"150\" height=\"150\" src=\"https:\/\/fr.motocrossmag.be\/wp-content\/uploads\/2014\/08\/20140824BKOrpLeGrand031-150x150.jpg\" class=\"attachment-thumbnail size-thumbnail\" alt=\"\" srcset=\"https:\/\/fr.motocrossmag.be\/wp-content\/uploads\/2014\/08\/20140824BKOrpLeGrand031-150x150.jpg 150w, https:\/\/fr.motocrossmag.be\/wp-content\/uploads\/2014\/08\/20140824BKOrpLeGrand031-50x50.jpg 50w\" sizes=\"(max-width: 150px) 100vw, 150px\" \/><\/a>\n\t\t\t<\/div><\/figure><figure class='gallery-item'>\n\t\t\t<div class='gallery-icon landscape'>\n\t\t\t\t<a href='https:\/\/fr.motocrossmag.be\/index.php\/2014\/08\/photos-bmmx-a-orp-le-grand\/20140824bkorplegrand032\/'><img decoding=\"async\" width=\"150\" height=\"150\" src=\"https:\/\/fr.motocrossmag.be\/wp-content\/uploads\/2014\/08\/20140824BKOrpLeGrand032-150x150.jpg\" class=\"attachment-thumbnail size-thumbnail\" alt=\"\" srcset=\"https:\/\/fr.motocrossmag.be\/wp-content\/uploads\/2014\/08\/20140824BKOrpLeGrand032-150x150.jpg 150w, https:\/\/fr.motocrossmag.be\/wp-content\/uploads\/2014\/08\/20140824BKOrpLeGrand032-50x50.jpg 50w\" sizes=\"(max-width: 150px) 100vw, 150px\" \/><\/a>\n\t\t\t<\/div><\/figure><figure class='gallery-item'>\n\t\t\t<div class='gallery-icon landscape'>\n\t\t\t\t<a href='https:\/\/fr.motocrossmag.be\/index.php\/2014\/08\/photos-bmmx-a-orp-le-grand\/20140824bkorplegrand033\/'><img decoding=\"async\" width=\"150\" height=\"150\" src=\"https:\/\/fr.motocrossmag.be\/wp-content\/uploads\/2014\/08\/20140824BKOrpLeGrand033-150x150.jpg\" class=\"attachment-thumbnail size-thumbnail\" alt=\"\" srcset=\"https:\/\/fr.motocrossmag.be\/wp-content\/uploads\/2014\/08\/20140824BKOrpLeGrand033-150x150.jpg 150w, https:\/\/fr.motocrossmag.be\/wp-content\/uploads\/2014\/08\/20140824BKOrpLeGrand033-50x50.jpg 50w\" sizes=\"(max-width: 150px) 100vw, 150px\" \/><\/a>\n\t\t\t<\/div><\/figure><figure class='gallery-item'>\n\t\t\t<div class='gallery-icon landscape'>\n\t\t\t\t<a href='https:\/\/fr.motocrossmag.be\/index.php\/2014\/08\/photos-bmmx-a-orp-le-grand\/20140824bkorplegrand034\/'><img decoding=\"async\" width=\"150\" height=\"150\" src=\"https:\/\/fr.motocrossmag.be\/wp-content\/uploads\/2014\/08\/20140824BKOrpLeGrand034-150x150.jpg\" class=\"attachment-thumbnail size-thumbnail\" alt=\"\" srcset=\"https:\/\/fr.motocrossmag.be\/wp-content\/uploads\/2014\/08\/20140824BKOrpLeGrand034-150x150.jpg 150w, https:\/\/fr.motocrossmag.be\/wp-content\/uploads\/2014\/08\/20140824BKOrpLeGrand034-50x50.jpg 50w\" sizes=\"(max-width: 150px) 100vw, 150px\" \/><\/a>\n\t\t\t<\/div><\/figure><figure class='gallery-item'>\n\t\t\t<div class='gallery-icon landscape'>\n\t\t\t\t<a href='https:\/\/fr.motocrossmag.be\/index.php\/2014\/08\/photos-bmmx-a-orp-le-grand\/20140824bkorplegrand035\/'><img decoding=\"async\" width=\"150\" height=\"150\" src=\"https:\/\/fr.motocrossmag.be\/wp-content\/uploads\/2014\/08\/20140824BKOrpLeGrand035-150x150.jpg\" class=\"attachment-thumbnail size-thumbnail\" alt=\"\" srcset=\"https:\/\/fr.motocrossmag.be\/wp-content\/uploads\/2014\/08\/20140824BKOrpLeGrand035-150x150.jpg 150w, https:\/\/fr.motocrossmag.be\/wp-content\/uploads\/2014\/08\/20140824BKOrpLeGrand035-50x50.jpg 50w\" sizes=\"(max-width: 150px) 100vw, 150px\" \/><\/a>\n\t\t\t<\/div><\/figure><figure class='gallery-item'>\n\t\t\t<div class='gallery-icon landscape'>\n\t\t\t\t<a href='https:\/\/fr.motocrossmag.be\/index.php\/2014\/08\/photos-bmmx-a-orp-le-grand\/20140824bkorplegrand036\/'><img decoding=\"async\" width=\"150\" height=\"150\" src=\"https:\/\/fr.motocrossmag.be\/wp-content\/uploads\/2014\/08\/20140824BKOrpLeGrand036-150x150.jpg\" class=\"attachment-thumbnail size-thumbnail\" alt=\"\" srcset=\"https:\/\/fr.motocrossmag.be\/wp-content\/uploads\/2014\/08\/20140824BKOrpLeGrand036-150x150.jpg 150w, https:\/\/fr.motocrossmag.be\/wp-content\/uploads\/2014\/08\/20140824BKOrpLeGrand036-50x50.jpg 50w\" sizes=\"(max-width: 150px) 100vw, 150px\" \/><\/a>\n\t\t\t<\/div><\/figure><figure class='gallery-item'>\n\t\t\t<div class='gallery-icon landscape'>\n\t\t\t\t<a href='https:\/\/fr.motocrossmag.be\/index.php\/2014\/08\/photos-bmmx-a-orp-le-grand\/20140824bkorplegrand037\/'><img decoding=\"async\" width=\"150\" height=\"150\" src=\"https:\/\/fr.motocrossmag.be\/wp-content\/uploads\/2014\/08\/20140824BKOrpLeGrand037-150x150.jpg\" class=\"attachment-thumbnail size-thumbnail\" alt=\"\" srcset=\"https:\/\/fr.motocrossmag.be\/wp-content\/uploads\/2014\/08\/20140824BKOrpLeGrand037-150x150.jpg 150w, https:\/\/fr.motocrossmag.be\/wp-content\/uploads\/2014\/08\/20140824BKOrpLeGrand037-50x50.jpg 50w\" sizes=\"(max-width: 150px) 100vw, 150px\" \/><\/a>\n\t\t\t<\/div><\/figure><figure class='gallery-item'>\n\t\t\t<div class='gallery-icon landscape'>\n\t\t\t\t<a href='https:\/\/fr.motocrossmag.be\/index.php\/2014\/08\/photos-bmmx-a-orp-le-grand\/20140824bkorplegrand038\/'><img decoding=\"async\" width=\"150\" height=\"150\" src=\"https:\/\/fr.motocrossmag.be\/wp-content\/uploads\/2014\/08\/20140824BKOrpLeGrand038-150x150.jpg\" class=\"attachment-thumbnail size-thumbnail\" alt=\"\" srcset=\"https:\/\/fr.motocrossmag.be\/wp-content\/uploads\/2014\/08\/20140824BKOrpLeGrand038-150x150.jpg 150w, https:\/\/fr.motocrossmag.be\/wp-content\/uploads\/2014\/08\/20140824BKOrpLeGrand038-50x50.jpg 50w\" sizes=\"(max-width: 150px) 100vw, 150px\" \/><\/a>\n\t\t\t<\/div><\/figure><figure class='gallery-item'>\n\t\t\t<div class='gallery-icon landscape'>\n\t\t\t\t<a href='https:\/\/fr.motocrossmag.be\/index.php\/2014\/08\/photos-bmmx-a-orp-le-grand\/20140824bkorplegrand039\/'><img decoding=\"async\" width=\"150\" height=\"150\" src=\"https:\/\/fr.motocrossmag.be\/wp-content\/uploads\/2014\/08\/20140824BKOrpLeGrand039-150x150.jpg\" class=\"attachment-thumbnail size-thumbnail\" alt=\"\" srcset=\"https:\/\/fr.motocrossmag.be\/wp-content\/uploads\/2014\/08\/20140824BKOrpLeGrand039-150x150.jpg 150w, https:\/\/fr.motocrossmag.be\/wp-content\/uploads\/2014\/08\/20140824BKOrpLeGrand039-50x50.jpg 50w\" sizes=\"(max-width: 150px) 100vw, 150px\" \/><\/a>\n\t\t\t<\/div><\/figure><figure class='gallery-item'>\n\t\t\t<div class='gallery-icon landscape'>\n\t\t\t\t<a href='https:\/\/fr.motocrossmag.be\/index.php\/2014\/08\/photos-bmmx-a-orp-le-grand\/20140824bkorplegrand040\/'><img decoding=\"async\" width=\"150\" height=\"150\" src=\"https:\/\/fr.motocrossmag.be\/wp-content\/uploads\/2014\/08\/20140824BKOrpLeGrand040-150x150.jpg\" class=\"attachment-thumbnail size-thumbnail\" alt=\"\" srcset=\"https:\/\/fr.motocrossmag.be\/wp-content\/uploads\/2014\/08\/20140824BKOrpLeGrand040-150x150.jpg 150w, https:\/\/fr.motocrossmag.be\/wp-content\/uploads\/2014\/08\/20140824BKOrpLeGrand040-50x50.jpg 50w\" sizes=\"(max-width: 150px) 100vw, 150px\" \/><\/a>\n\t\t\t<\/div><\/figure><figure class='gallery-item'>\n\t\t\t<div class='gallery-icon landscape'>\n\t\t\t\t<a href='https:\/\/fr.motocrossmag.be\/index.php\/2014\/08\/photos-bmmx-a-orp-le-grand\/20140824bkorplegrand041\/'><img decoding=\"async\" width=\"150\" height=\"150\" src=\"https:\/\/fr.motocrossmag.be\/wp-content\/uploads\/2014\/08\/20140824BKOrpLeGrand041-150x150.jpg\" class=\"attachment-thumbnail size-thumbnail\" alt=\"\" srcset=\"https:\/\/fr.motocrossmag.be\/wp-content\/uploads\/2014\/08\/20140824BKOrpLeGrand041-150x150.jpg 150w, https:\/\/fr.motocrossmag.be\/wp-content\/uploads\/2014\/08\/20140824BKOrpLeGrand041-50x50.jpg 50w\" sizes=\"(max-width: 150px) 100vw, 150px\" \/><\/a>\n\t\t\t<\/div><\/figure><figure class='gallery-item'>\n\t\t\t<div class='gallery-icon landscape'>\n\t\t\t\t<a href='https:\/\/fr.motocrossmag.be\/index.php\/2014\/08\/photos-bmmx-a-orp-le-grand\/20140824bkorplegrand042\/'><img decoding=\"async\" width=\"150\" height=\"150\" src=\"https:\/\/fr.motocrossmag.be\/wp-content\/uploads\/2014\/08\/20140824BKOrpLeGrand042-150x150.jpg\" class=\"attachment-thumbnail size-thumbnail\" alt=\"\" srcset=\"https:\/\/fr.motocrossmag.be\/wp-content\/uploads\/2014\/08\/20140824BKOrpLeGrand042-150x150.jpg 150w, https:\/\/fr.motocrossmag.be\/wp-content\/uploads\/2014\/08\/20140824BKOrpLeGrand042-50x50.jpg 50w\" sizes=\"(max-width: 150px) 100vw, 150px\" \/><\/a>\n\t\t\t<\/div><\/figure><figure class='gallery-item'>\n\t\t\t<div class='gallery-icon landscape'>\n\t\t\t\t<a href='https:\/\/fr.motocrossmag.be\/index.php\/2014\/08\/photos-bmmx-a-orp-le-grand\/20140824bkorplegrand043\/'><img decoding=\"async\" width=\"150\" height=\"150\" src=\"https:\/\/fr.motocrossmag.be\/wp-content\/uploads\/2014\/08\/20140824BKOrpLeGrand043-150x150.jpg\" class=\"attachment-thumbnail size-thumbnail\" alt=\"\" srcset=\"https:\/\/fr.motocrossmag.be\/wp-content\/uploads\/2014\/08\/20140824BKOrpLeGrand043-150x150.jpg 150w, https:\/\/fr.motocrossmag.be\/wp-content\/uploads\/2014\/08\/20140824BKOrpLeGrand043-50x50.jpg 50w\" sizes=\"(max-width: 150px) 100vw, 150px\" \/><\/a>\n\t\t\t<\/div><\/figure><figure class='gallery-item'>\n\t\t\t<div class='gallery-icon landscape'>\n\t\t\t\t<a href='https:\/\/fr.motocrossmag.be\/index.php\/2014\/08\/photos-bmmx-a-orp-le-grand\/20140824bkorplegrand044\/'><img decoding=\"async\" width=\"150\" height=\"150\" src=\"https:\/\/fr.motocrossmag.be\/wp-content\/uploads\/2014\/08\/20140824BKOrpLeGrand044-150x150.jpg\" class=\"attachment-thumbnail size-thumbnail\" alt=\"\" srcset=\"https:\/\/fr.motocrossmag.be\/wp-content\/uploads\/2014\/08\/20140824BKOrpLeGrand044-150x150.jpg 150w, https:\/\/fr.motocrossmag.be\/wp-content\/uploads\/2014\/08\/20140824BKOrpLeGrand044-50x50.jpg 50w\" sizes=\"(max-width: 150px) 100vw, 150px\" \/><\/a>\n\t\t\t<\/div><\/figure><figure class='gallery-item'>\n\t\t\t<div class='gallery-icon landscape'>\n\t\t\t\t<a href='https:\/\/fr.motocrossmag.be\/index.php\/2014\/08\/photos-bmmx-a-orp-le-grand\/20140824bkorplegrand045\/'><img decoding=\"async\" width=\"150\" height=\"150\" src=\"https:\/\/fr.motocrossmag.be\/wp-content\/uploads\/2014\/08\/20140824BKOrpLeGrand045-150x150.jpg\" class=\"attachment-thumbnail size-thumbnail\" alt=\"\" srcset=\"https:\/\/fr.motocrossmag.be\/wp-content\/uploads\/2014\/08\/20140824BKOrpLeGrand045-150x150.jpg 150w, https:\/\/fr.motocrossmag.be\/wp-content\/uploads\/2014\/08\/20140824BKOrpLeGrand045-50x50.jpg 50w\" sizes=\"(max-width: 150px) 100vw, 150px\" \/><\/a>\n\t\t\t<\/div><\/figure><figure class='gallery-item'>\n\t\t\t<div class='gallery-icon landscape'>\n\t\t\t\t<a href='https:\/\/fr.motocrossmag.be\/index.php\/2014\/08\/photos-bmmx-a-orp-le-grand\/20140824bkorplegrand046\/'><img decoding=\"async\" width=\"150\" height=\"150\" src=\"https:\/\/fr.motocrossmag.be\/wp-content\/uploads\/2014\/08\/20140824BKOrpLeGrand046-150x150.jpg\" class=\"attachment-thumbnail size-thumbnail\" alt=\"\" srcset=\"https:\/\/fr.motocrossmag.be\/wp-content\/uploads\/2014\/08\/20140824BKOrpLeGrand046-150x150.jpg 150w, https:\/\/fr.motocrossmag.be\/wp-content\/uploads\/2014\/08\/20140824BKOrpLeGrand046-50x50.jpg 50w\" sizes=\"(max-width: 150px) 100vw, 150px\" \/><\/a>\n\t\t\t<\/div><\/figure><figure class='gallery-item'>\n\t\t\t<div class='gallery-icon landscape'>\n\t\t\t\t<a href='https:\/\/fr.motocrossmag.be\/index.php\/2014\/08\/photos-bmmx-a-orp-le-grand\/20140824bkorplegrand047\/'><img decoding=\"async\" width=\"150\" height=\"150\" src=\"https:\/\/fr.motocrossmag.be\/wp-content\/uploads\/2014\/08\/20140824BKOrpLeGrand047-150x150.jpg\" class=\"attachment-thumbnail size-thumbnail\" alt=\"\" srcset=\"https:\/\/fr.motocrossmag.be\/wp-content\/uploads\/2014\/08\/20140824BKOrpLeGrand047-150x150.jpg 150w, https:\/\/fr.motocrossmag.be\/wp-content\/uploads\/2014\/08\/20140824BKOrpLeGrand047-50x50.jpg 50w\" sizes=\"(max-width: 150px) 100vw, 150px\" \/><\/a>\n\t\t\t<\/div><\/figure><figure class='gallery-item'>\n\t\t\t<div class='gallery-icon landscape'>\n\t\t\t\t<a href='https:\/\/fr.motocrossmag.be\/index.php\/2014\/08\/photos-bmmx-a-orp-le-grand\/20140824bkorplegrand048\/'><img decoding=\"async\" width=\"150\" height=\"150\" src=\"https:\/\/fr.motocrossmag.be\/wp-content\/uploads\/2014\/08\/20140824BKOrpLeGrand048-150x150.jpg\" class=\"attachment-thumbnail size-thumbnail\" alt=\"\" srcset=\"https:\/\/fr.motocrossmag.be\/wp-content\/uploads\/2014\/08\/20140824BKOrpLeGrand048-150x150.jpg 150w, https:\/\/fr.motocrossmag.be\/wp-content\/uploads\/2014\/08\/20140824BKOrpLeGrand048-50x50.jpg 50w\" sizes=\"(max-width: 150px) 100vw, 150px\" \/><\/a>\n\t\t\t<\/div><\/figure><figure class='gallery-item'>\n\t\t\t<div class='gallery-icon landscape'>\n\t\t\t\t<a href='https:\/\/fr.motocrossmag.be\/index.php\/2014\/08\/photos-bmmx-a-orp-le-grand\/20140824bkorplegrand049\/'><img decoding=\"async\" width=\"150\" height=\"150\" src=\"https:\/\/fr.motocrossmag.be\/wp-content\/uploads\/2014\/08\/20140824BKOrpLeGrand049-150x150.jpg\" class=\"attachment-thumbnail size-thumbnail\" alt=\"\" srcset=\"https:\/\/fr.motocrossmag.be\/wp-content\/uploads\/2014\/08\/20140824BKOrpLeGrand049-150x150.jpg 150w, https:\/\/fr.motocrossmag.be\/wp-content\/uploads\/2014\/08\/20140824BKOrpLeGrand049-50x50.jpg 50w\" sizes=\"(max-width: 150px) 100vw, 150px\" \/><\/a>\n\t\t\t<\/div><\/figure><figure class='gallery-item'>\n\t\t\t<div class='gallery-icon landscape'>\n\t\t\t\t<a href='https:\/\/fr.motocrossmag.be\/index.php\/2014\/08\/photos-bmmx-a-orp-le-grand\/20140824bkorplegrand050\/'><img decoding=\"async\" width=\"150\" height=\"150\" src=\"https:\/\/fr.motocrossmag.be\/wp-content\/uploads\/2014\/08\/20140824BKOrpLeGrand050-150x150.jpg\" class=\"attachment-thumbnail size-thumbnail\" alt=\"\" srcset=\"https:\/\/fr.motocrossmag.be\/wp-content\/uploads\/2014\/08\/20140824BKOrpLeGrand050-150x150.jpg 150w, https:\/\/fr.motocrossmag.be\/wp-content\/uploads\/2014\/08\/20140824BKOrpLeGrand050-50x50.jpg 50w\" sizes=\"(max-width: 150px) 100vw, 150px\" \/><\/a>\n\t\t\t<\/div><\/figure><figure class='gallery-item'>\n\t\t\t<div class='gallery-icon landscape'>\n\t\t\t\t<a href='https:\/\/fr.motocrossmag.be\/index.php\/2014\/08\/photos-bmmx-a-orp-le-grand\/20140824bkorplegrand051\/'><img decoding=\"async\" width=\"150\" height=\"150\" src=\"https:\/\/fr.motocrossmag.be\/wp-content\/uploads\/2014\/08\/20140824BKOrpLeGrand051-150x150.jpg\" class=\"attachment-thumbnail size-thumbnail\" alt=\"\" srcset=\"https:\/\/fr.motocrossmag.be\/wp-content\/uploads\/2014\/08\/20140824BKOrpLeGrand051-150x150.jpg 150w, https:\/\/fr.motocrossmag.be\/wp-content\/uploads\/2014\/08\/20140824BKOrpLeGrand051-50x50.jpg 50w\" sizes=\"(max-width: 150px) 100vw, 150px\" \/><\/a>\n\t\t\t<\/div><\/figure><figure class='gallery-item'>\n\t\t\t<div class='gallery-icon landscape'>\n\t\t\t\t<a href='https:\/\/fr.motocrossmag.be\/index.php\/2014\/08\/photos-bmmx-a-orp-le-grand\/20140824bkorplegrand052\/'><img decoding=\"async\" width=\"150\" height=\"150\" src=\"https:\/\/fr.motocrossmag.be\/wp-content\/uploads\/2014\/08\/20140824BKOrpLeGrand052-150x150.jpg\" class=\"attachment-thumbnail size-thumbnail\" alt=\"\" srcset=\"https:\/\/fr.motocrossmag.be\/wp-content\/uploads\/2014\/08\/20140824BKOrpLeGrand052-150x150.jpg 150w, https:\/\/fr.motocrossmag.be\/wp-content\/uploads\/2014\/08\/20140824BKOrpLeGrand052-50x50.jpg 50w\" sizes=\"(max-width: 150px) 100vw, 150px\" \/><\/a>\n\t\t\t<\/div><\/figure><figure class='gallery-item'>\n\t\t\t<div class='gallery-icon landscape'>\n\t\t\t\t<a href='https:\/\/fr.motocrossmag.be\/index.php\/2014\/08\/photos-bmmx-a-orp-le-grand\/20140824bkorplegrand053\/'><img decoding=\"async\" width=\"150\" height=\"150\" src=\"https:\/\/fr.motocrossmag.be\/wp-content\/uploads\/2014\/08\/20140824BKOrpLeGrand053-150x150.jpg\" class=\"attachment-thumbnail size-thumbnail\" alt=\"\" srcset=\"https:\/\/fr.motocrossmag.be\/wp-content\/uploads\/2014\/08\/20140824BKOrpLeGrand053-150x150.jpg 150w, https:\/\/fr.motocrossmag.be\/wp-content\/uploads\/2014\/08\/20140824BKOrpLeGrand053-50x50.jpg 50w\" sizes=\"(max-width: 150px) 100vw, 150px\" \/><\/a>\n\t\t\t<\/div><\/figure><figure class='gallery-item'>\n\t\t\t<div class='gallery-icon landscape'>\n\t\t\t\t<a href='https:\/\/fr.motocrossmag.be\/index.php\/2014\/08\/photos-bmmx-a-orp-le-grand\/20140824bkorplegrand054\/'><img decoding=\"async\" width=\"150\" height=\"150\" src=\"https:\/\/fr.motocrossmag.be\/wp-content\/uploads\/2014\/08\/20140824BKOrpLeGrand054-150x150.jpg\" class=\"attachment-thumbnail size-thumbnail\" alt=\"\" srcset=\"https:\/\/fr.motocrossmag.be\/wp-content\/uploads\/2014\/08\/20140824BKOrpLeGrand054-150x150.jpg 150w, https:\/\/fr.motocrossmag.be\/wp-content\/uploads\/2014\/08\/20140824BKOrpLeGrand054-50x50.jpg 50w\" sizes=\"(max-width: 150px) 100vw, 150px\" \/><\/a>\n\t\t\t<\/div><\/figure><figure class='gallery-item'>\n\t\t\t<div class='gallery-icon landscape'>\n\t\t\t\t<a href='https:\/\/fr.motocrossmag.be\/index.php\/2014\/08\/photos-bmmx-a-orp-le-grand\/20140824bkorplegrand055\/'><img decoding=\"async\" width=\"150\" height=\"150\" src=\"https:\/\/fr.motocrossmag.be\/wp-content\/uploads\/2014\/08\/20140824BKOrpLeGrand055-150x150.jpg\" class=\"attachment-thumbnail size-thumbnail\" alt=\"\" srcset=\"https:\/\/fr.motocrossmag.be\/wp-content\/uploads\/2014\/08\/20140824BKOrpLeGrand055-150x150.jpg 150w, https:\/\/fr.motocrossmag.be\/wp-content\/uploads\/2014\/08\/20140824BKOrpLeGrand055-50x50.jpg 50w\" sizes=\"(max-width: 150px) 100vw, 150px\" \/><\/a>\n\t\t\t<\/div><\/figure><figure class='gallery-item'>\n\t\t\t<div class='gallery-icon landscape'>\n\t\t\t\t<a href='https:\/\/fr.motocrossmag.be\/index.php\/2014\/08\/photos-bmmx-a-orp-le-grand\/20140824bkorplegrand056\/'><img decoding=\"async\" width=\"150\" height=\"150\" src=\"https:\/\/fr.motocrossmag.be\/wp-content\/uploads\/2014\/08\/20140824BKOrpLeGrand056-150x150.jpg\" class=\"attachment-thumbnail size-thumbnail\" alt=\"\" srcset=\"https:\/\/fr.motocrossmag.be\/wp-content\/uploads\/2014\/08\/20140824BKOrpLeGrand056-150x150.jpg 150w, https:\/\/fr.motocrossmag.be\/wp-content\/uploads\/2014\/08\/20140824BKOrpLeGrand056-50x50.jpg 50w\" sizes=\"(max-width: 150px) 100vw, 150px\" \/><\/a>\n\t\t\t<\/div><\/figure><figure class='gallery-item'>\n\t\t\t<div class='gallery-icon landscape'>\n\t\t\t\t<a href='https:\/\/fr.motocrossmag.be\/index.php\/2014\/08\/photos-bmmx-a-orp-le-grand\/20140824bkorplegrand057\/'><img decoding=\"async\" width=\"150\" height=\"150\" src=\"https:\/\/fr.motocrossmag.be\/wp-content\/uploads\/2014\/08\/20140824BKOrpLeGrand057-150x150.jpg\" class=\"attachment-thumbnail size-thumbnail\" alt=\"\" srcset=\"https:\/\/fr.motocrossmag.be\/wp-content\/uploads\/2014\/08\/20140824BKOrpLeGrand057-150x150.jpg 150w, https:\/\/fr.motocrossmag.be\/wp-content\/uploads\/2014\/08\/20140824BKOrpLeGrand057-50x50.jpg 50w\" sizes=\"(max-width: 150px) 100vw, 150px\" \/><\/a>\n\t\t\t<\/div><\/figure><figure class='gallery-item'>\n\t\t\t<div class='gallery-icon landscape'>\n\t\t\t\t<a href='https:\/\/fr.motocrossmag.be\/index.php\/2014\/08\/photos-bmmx-a-orp-le-grand\/20140824bkorplegrand058\/'><img decoding=\"async\" width=\"150\" height=\"150\" src=\"https:\/\/fr.motocrossmag.be\/wp-content\/uploads\/2014\/08\/20140824BKOrpLeGrand058-150x150.jpg\" class=\"attachment-thumbnail size-thumbnail\" alt=\"\" srcset=\"https:\/\/fr.motocrossmag.be\/wp-content\/uploads\/2014\/08\/20140824BKOrpLeGrand058-150x150.jpg 150w, https:\/\/fr.motocrossmag.be\/wp-content\/uploads\/2014\/08\/20140824BKOrpLeGrand058-50x50.jpg 50w\" sizes=\"(max-width: 150px) 100vw, 150px\" \/><\/a>\n\t\t\t<\/div><\/figure><figure class='gallery-item'>\n\t\t\t<div class='gallery-icon landscape'>\n\t\t\t\t<a href='https:\/\/fr.motocrossmag.be\/index.php\/2014\/08\/photos-bmmx-a-orp-le-grand\/20140824bkorplegrand059\/'><img decoding=\"async\" width=\"150\" height=\"150\" src=\"https:\/\/fr.motocrossmag.be\/wp-content\/uploads\/2014\/08\/20140824BKOrpLeGrand059-150x150.jpg\" class=\"attachment-thumbnail size-thumbnail\" alt=\"\" srcset=\"https:\/\/fr.motocrossmag.be\/wp-content\/uploads\/2014\/08\/20140824BKOrpLeGrand059-150x150.jpg 150w, https:\/\/fr.motocrossmag.be\/wp-content\/uploads\/2014\/08\/20140824BKOrpLeGrand059-50x50.jpg 50w\" sizes=\"(max-width: 150px) 100vw, 150px\" \/><\/a>\n\t\t\t<\/div><\/figure><figure class='gallery-item'>\n\t\t\t<div class='gallery-icon landscape'>\n\t\t\t\t<a href='https:\/\/fr.motocrossmag.be\/index.php\/2014\/08\/photos-bmmx-a-orp-le-grand\/20140824bkorplegrand060\/'><img decoding=\"async\" width=\"150\" height=\"150\" src=\"https:\/\/fr.motocrossmag.be\/wp-content\/uploads\/2014\/08\/20140824BKOrpLeGrand060-150x150.jpg\" class=\"attachment-thumbnail size-thumbnail\" alt=\"\" srcset=\"https:\/\/fr.motocrossmag.be\/wp-content\/uploads\/2014\/08\/20140824BKOrpLeGrand060-150x150.jpg 150w, https:\/\/fr.motocrossmag.be\/wp-content\/uploads\/2014\/08\/20140824BKOrpLeGrand060-50x50.jpg 50w\" sizes=\"(max-width: 150px) 100vw, 150px\" \/><\/a>\n\t\t\t<\/div><\/figure><figure class='gallery-item'>\n\t\t\t<div class='gallery-icon landscape'>\n\t\t\t\t<a href='https:\/\/fr.motocrossmag.be\/index.php\/2014\/08\/photos-bmmx-a-orp-le-grand\/20140824bkorplegrand061\/'><img decoding=\"async\" width=\"150\" height=\"150\" src=\"https:\/\/fr.motocrossmag.be\/wp-content\/uploads\/2014\/08\/20140824BKOrpLeGrand061-150x150.jpg\" class=\"attachment-thumbnail size-thumbnail\" alt=\"\" srcset=\"https:\/\/fr.motocrossmag.be\/wp-content\/uploads\/2014\/08\/20140824BKOrpLeGrand061-150x150.jpg 150w, https:\/\/fr.motocrossmag.be\/wp-content\/uploads\/2014\/08\/20140824BKOrpLeGrand061-50x50.jpg 50w\" sizes=\"(max-width: 150px) 100vw, 150px\" \/><\/a>\n\t\t\t<\/div><\/figure><figure class='gallery-item'>\n\t\t\t<div class='gallery-icon landscape'>\n\t\t\t\t<a href='https:\/\/fr.motocrossmag.be\/index.php\/2014\/08\/photos-bmmx-a-orp-le-grand\/20140824bkorplegrand062\/'><img decoding=\"async\" width=\"150\" height=\"150\" src=\"https:\/\/fr.motocrossmag.be\/wp-content\/uploads\/2014\/08\/20140824BKOrpLeGrand062-150x150.jpg\" class=\"attachment-thumbnail size-thumbnail\" alt=\"\" srcset=\"https:\/\/fr.motocrossmag.be\/wp-content\/uploads\/2014\/08\/20140824BKOrpLeGrand062-150x150.jpg 150w, https:\/\/fr.motocrossmag.be\/wp-content\/uploads\/2014\/08\/20140824BKOrpLeGrand062-50x50.jpg 50w\" sizes=\"(max-width: 150px) 100vw, 150px\" \/><\/a>\n\t\t\t<\/div><\/figure><figure class='gallery-item'>\n\t\t\t<div class='gallery-icon landscape'>\n\t\t\t\t<a href='https:\/\/fr.motocrossmag.be\/index.php\/2014\/08\/photos-bmmx-a-orp-le-grand\/20140824bkorplegrand063\/'><img decoding=\"async\" width=\"150\" height=\"150\" src=\"https:\/\/fr.motocrossmag.be\/wp-content\/uploads\/2014\/08\/20140824BKOrpLeGrand063-150x150.jpg\" class=\"attachment-thumbnail size-thumbnail\" alt=\"\" srcset=\"https:\/\/fr.motocrossmag.be\/wp-content\/uploads\/2014\/08\/20140824BKOrpLeGrand063-150x150.jpg 150w, https:\/\/fr.motocrossmag.be\/wp-content\/uploads\/2014\/08\/20140824BKOrpLeGrand063-50x50.jpg 50w\" sizes=\"(max-width: 150px) 100vw, 150px\" \/><\/a>\n\t\t\t<\/div><\/figure><figure class='gallery-item'>\n\t\t\t<div class='gallery-icon landscape'>\n\t\t\t\t<a href='https:\/\/fr.motocrossmag.be\/index.php\/2014\/08\/photos-bmmx-a-orp-le-grand\/20140824bkorplegrand064\/'><img decoding=\"async\" width=\"150\" height=\"150\" src=\"https:\/\/fr.motocrossmag.be\/wp-content\/uploads\/2014\/08\/20140824BKOrpLeGrand064-150x150.jpg\" class=\"attachment-thumbnail size-thumbnail\" alt=\"\" srcset=\"https:\/\/fr.motocrossmag.be\/wp-content\/uploads\/2014\/08\/20140824BKOrpLeGrand064-150x150.jpg 150w, https:\/\/fr.motocrossmag.be\/wp-content\/uploads\/2014\/08\/20140824BKOrpLeGrand064-50x50.jpg 50w\" sizes=\"(max-width: 150px) 100vw, 150px\" \/><\/a>\n\t\t\t<\/div><\/figure><figure class='gallery-item'>\n\t\t\t<div class='gallery-icon landscape'>\n\t\t\t\t<a href='https:\/\/fr.motocrossmag.be\/index.php\/2014\/08\/photos-bmmx-a-orp-le-grand\/20140824bkorplegrand065\/'><img decoding=\"async\" width=\"150\" height=\"150\" src=\"https:\/\/fr.motocrossmag.be\/wp-content\/uploads\/2014\/08\/20140824BKOrpLeGrand065-150x150.jpg\" class=\"attachment-thumbnail size-thumbnail\" alt=\"\" srcset=\"https:\/\/fr.motocrossmag.be\/wp-content\/uploads\/2014\/08\/20140824BKOrpLeGrand065-150x150.jpg 150w, https:\/\/fr.motocrossmag.be\/wp-content\/uploads\/2014\/08\/20140824BKOrpLeGrand065-50x50.jpg 50w\" sizes=\"(max-width: 150px) 100vw, 150px\" \/><\/a>\n\t\t\t<\/div><\/figure><figure class='gallery-item'>\n\t\t\t<div class='gallery-icon landscape'>\n\t\t\t\t<a href='https:\/\/fr.motocrossmag.be\/index.php\/2014\/08\/photos-bmmx-a-orp-le-grand\/20140824bkorplegrand066\/'><img decoding=\"async\" width=\"150\" height=\"150\" src=\"https:\/\/fr.motocrossmag.be\/wp-content\/uploads\/2014\/08\/20140824BKOrpLeGrand066-150x150.jpg\" class=\"attachment-thumbnail size-thumbnail\" alt=\"\" srcset=\"https:\/\/fr.motocrossmag.be\/wp-content\/uploads\/2014\/08\/20140824BKOrpLeGrand066-150x150.jpg 150w, https:\/\/fr.motocrossmag.be\/wp-content\/uploads\/2014\/08\/20140824BKOrpLeGrand066-50x50.jpg 50w\" sizes=\"(max-width: 150px) 100vw, 150px\" \/><\/a>\n\t\t\t<\/div><\/figure><figure class='gallery-item'>\n\t\t\t<div class='gallery-icon landscape'>\n\t\t\t\t<a href='https:\/\/fr.motocrossmag.be\/index.php\/2014\/08\/photos-bmmx-a-orp-le-grand\/20140824bkorplegrand067\/'><img decoding=\"async\" width=\"150\" height=\"150\" src=\"https:\/\/fr.motocrossmag.be\/wp-content\/uploads\/2014\/08\/20140824BKOrpLeGrand067-150x150.jpg\" class=\"attachment-thumbnail size-thumbnail\" alt=\"\" srcset=\"https:\/\/fr.motocrossmag.be\/wp-content\/uploads\/2014\/08\/20140824BKOrpLeGrand067-150x150.jpg 150w, https:\/\/fr.motocrossmag.be\/wp-content\/uploads\/2014\/08\/20140824BKOrpLeGrand067-50x50.jpg 50w\" sizes=\"(max-width: 150px) 100vw, 150px\" \/><\/a>\n\t\t\t<\/div><\/figure><figure class='gallery-item'>\n\t\t\t<div class='gallery-icon landscape'>\n\t\t\t\t<a href='https:\/\/fr.motocrossmag.be\/index.php\/2014\/08\/photos-bmmx-a-orp-le-grand\/20140824bkorplegrand068\/'><img decoding=\"async\" width=\"150\" height=\"150\" src=\"https:\/\/fr.motocrossmag.be\/wp-content\/uploads\/2014\/08\/20140824BKOrpLeGrand068-150x150.jpg\" class=\"attachment-thumbnail size-thumbnail\" alt=\"\" aria-describedby=\"gallery-1-26496\" srcset=\"https:\/\/fr.motocrossmag.be\/wp-content\/uploads\/2014\/08\/20140824BKOrpLeGrand068-150x150.jpg 150w, https:\/\/fr.motocrossmag.be\/wp-content\/uploads\/2014\/08\/20140824BKOrpLeGrand068-50x50.jpg 50w\" sizes=\"(max-width: 150px) 100vw, 150px\" \/><\/a>\n\t\t\t<\/div>\n\t\t\t\t<figcaption class='wp-caption-text gallery-caption' id='gallery-1-26496'>\n\t\t\t\tCinq \u00e0 6 \u00e9preuves \u00ab\u00a0d&rsquo;\u00e9lite\u00a0\u00bb aux c\u00f4t\u00e9s d&rsquo;un calendrier 100% amateur. Le futur du motocross en Belgique ?\n\t\t\t\t<\/figcaption><\/figure><figure class='gallery-item'>\n\t\t\t<div class='gallery-icon landscape'>\n\t\t\t\t<a href='https:\/\/fr.motocrossmag.be\/index.php\/2014\/08\/photos-bmmx-a-orp-le-grand\/20140824bkorplegrand069\/'><img decoding=\"async\" width=\"150\" height=\"150\" src=\"https:\/\/fr.motocrossmag.be\/wp-content\/uploads\/2014\/08\/20140824BKOrpLeGrand069-150x150.jpg\" class=\"attachment-thumbnail size-thumbnail\" alt=\"\" aria-describedby=\"gallery-1-26497\" srcset=\"https:\/\/fr.motocrossmag.be\/wp-content\/uploads\/2014\/08\/20140824BKOrpLeGrand069-150x150.jpg 150w, https:\/\/fr.motocrossmag.be\/wp-content\/uploads\/2014\/08\/20140824BKOrpLeGrand069-50x50.jpg 50w\" sizes=\"(max-width: 150px) 100vw, 150px\" \/><\/a>\n\t\t\t<\/div>\n\t\t\t\t<figcaption class='wp-caption-text gallery-caption' id='gallery-1-26497'>\n\t\t\t\tDeux \u00e9preuves seulement pour les Belgian Masters of Motocross pour faciliter l&rsquo;acc\u00e8s aux pilotes MXGP.\n\t\t\t\t<\/figcaption><\/figure><figure class='gallery-item'>\n\t\t\t<div class='gallery-icon portrait'>\n\t\t\t\t<a href='https:\/\/fr.motocrossmag.be\/index.php\/2014\/08\/photos-bmmx-a-orp-le-grand\/20140824bkorplegrand070-597x900\/'><img decoding=\"async\" width=\"150\" height=\"150\" src=\"https:\/\/fr.motocrossmag.be\/wp-content\/uploads\/2014\/08\/20140824BKOrpLeGrand070-597x900-150x150.jpg\" class=\"attachment-thumbnail size-thumbnail\" alt=\"\" srcset=\"https:\/\/fr.motocrossmag.be\/wp-content\/uploads\/2014\/08\/20140824BKOrpLeGrand070-597x900-150x150.jpg 150w, https:\/\/fr.motocrossmag.be\/wp-content\/uploads\/2014\/08\/20140824BKOrpLeGrand070-597x900-50x50.jpg 50w\" sizes=\"(max-width: 150px) 100vw, 150px\" \/><\/a>\n\t\t\t<\/div><\/figure><figure class='gallery-item'>\n\t\t\t<div class='gallery-icon landscape'>\n\t\t\t\t<a href='https:\/\/fr.motocrossmag.be\/index.php\/2014\/08\/photos-bmmx-a-orp-le-grand\/bakens_img_0530\/'><img decoding=\"async\" width=\"150\" height=\"150\" src=\"https:\/\/fr.motocrossmag.be\/wp-content\/uploads\/2014\/08\/bakens_IMG_0530-150x150.jpg\" class=\"attachment-thumbnail size-thumbnail\" alt=\"\" srcset=\"https:\/\/fr.motocrossmag.be\/wp-content\/uploads\/2014\/08\/bakens_IMG_0530-150x150.jpg 150w, https:\/\/fr.motocrossmag.be\/wp-content\/uploads\/2014\/08\/bakens_IMG_0530-50x50.jpg 50w\" sizes=\"(max-width: 150px) 100vw, 150px\" \/><\/a>\n\t\t\t<\/div><\/figure><figure class='gallery-item'>\n\t\t\t<div class='gallery-icon landscape'>\n\t\t\t\t<a href='https:\/\/fr.motocrossmag.be\/index.php\/2014\/08\/photos-bmmx-a-orp-le-grand\/brackman_fp4a8079\/'><img decoding=\"async\" width=\"150\" height=\"150\" src=\"https:\/\/fr.motocrossmag.be\/wp-content\/uploads\/2014\/08\/brackman_FP4A8079-150x150.jpg\" class=\"attachment-thumbnail size-thumbnail\" alt=\"\" srcset=\"https:\/\/fr.motocrossmag.be\/wp-content\/uploads\/2014\/08\/brackman_FP4A8079-150x150.jpg 150w, https:\/\/fr.motocrossmag.be\/wp-content\/uploads\/2014\/08\/brackman_FP4A8079-50x50.jpg 50w\" sizes=\"(max-width: 150px) 100vw, 150px\" \/><\/a>\n\t\t\t<\/div><\/figure><figure class='gallery-item'>\n\t\t\t<div class='gallery-icon landscape'>\n\t\t\t\t<a href='https:\/\/fr.motocrossmag.be\/index.php\/2014\/08\/photos-bmmx-a-orp-le-grand\/brackman_fp4a8092\/'><img decoding=\"async\" width=\"150\" height=\"150\" src=\"https:\/\/fr.motocrossmag.be\/wp-content\/uploads\/2014\/08\/brackman_FP4A8092-150x150.jpg\" class=\"attachment-thumbnail size-thumbnail\" alt=\"\" srcset=\"https:\/\/fr.motocrossmag.be\/wp-content\/uploads\/2014\/08\/brackman_FP4A8092-150x150.jpg 150w, https:\/\/fr.motocrossmag.be\/wp-content\/uploads\/2014\/08\/brackman_FP4A8092-50x50.jpg 50w\" sizes=\"(max-width: 150px) 100vw, 150px\" \/><\/a>\n\t\t\t<\/div><\/figure><figure class='gallery-item'>\n\t\t\t<div class='gallery-icon landscape'>\n\t\t\t\t<a href='https:\/\/fr.motocrossmag.be\/index.php\/2014\/08\/photos-bmmx-a-orp-le-grand\/brackman_img_0456\/'><img decoding=\"async\" width=\"150\" height=\"150\" src=\"https:\/\/fr.motocrossmag.be\/wp-content\/uploads\/2014\/08\/brackman_IMG_0456-150x150.jpg\" class=\"attachment-thumbnail size-thumbnail\" alt=\"\" srcset=\"https:\/\/fr.motocrossmag.be\/wp-content\/uploads\/2014\/08\/brackman_IMG_0456-150x150.jpg 150w, https:\/\/fr.motocrossmag.be\/wp-content\/uploads\/2014\/08\/brackman_IMG_0456-50x50.jpg 50w\" sizes=\"(max-width: 150px) 100vw, 150px\" \/><\/a>\n\t\t\t<\/div><\/figure><figure class='gallery-item'>\n\t\t\t<div class='gallery-icon portrait'>\n\t\t\t\t<a href='https:\/\/fr.motocrossmag.be\/index.php\/2014\/08\/photos-bmmx-a-orp-le-grand\/brackman_img_0463-600x900\/'><img decoding=\"async\" width=\"150\" height=\"150\" src=\"https:\/\/fr.motocrossmag.be\/wp-content\/uploads\/2014\/08\/brackman_IMG_0463-600x900-150x150.jpg\" class=\"attachment-thumbnail size-thumbnail\" alt=\"\" srcset=\"https:\/\/fr.motocrossmag.be\/wp-content\/uploads\/2014\/08\/brackman_IMG_0463-600x900-150x150.jpg 150w, https:\/\/fr.motocrossmag.be\/wp-content\/uploads\/2014\/08\/brackman_IMG_0463-600x900-50x50.jpg 50w\" sizes=\"(max-width: 150px) 100vw, 150px\" \/><\/a>\n\t\t\t<\/div><\/figure><figure class='gallery-item'>\n\t\t\t<div class='gallery-icon landscape'>\n\t\t\t\t<a href='https:\/\/fr.motocrossmag.be\/index.php\/2014\/08\/photos-bmmx-a-orp-le-grand\/brackman_img_0506\/'><img decoding=\"async\" width=\"150\" height=\"150\" src=\"https:\/\/fr.motocrossmag.be\/wp-content\/uploads\/2014\/08\/brackman_IMG_0506-150x150.jpg\" class=\"attachment-thumbnail size-thumbnail\" alt=\"\" srcset=\"https:\/\/fr.motocrossmag.be\/wp-content\/uploads\/2014\/08\/brackman_IMG_0506-150x150.jpg 150w, https:\/\/fr.motocrossmag.be\/wp-content\/uploads\/2014\/08\/brackman_IMG_0506-50x50.jpg 50w\" sizes=\"(max-width: 150px) 100vw, 150px\" \/><\/a>\n\t\t\t<\/div><\/figure><figure class='gallery-item'>\n\t\t\t<div class='gallery-icon landscape'>\n\t\t\t\t<a href='https:\/\/fr.motocrossmag.be\/index.php\/2014\/08\/photos-bmmx-a-orp-le-grand\/brackman_img_0551\/'><img decoding=\"async\" width=\"150\" height=\"150\" src=\"https:\/\/fr.motocrossmag.be\/wp-content\/uploads\/2014\/08\/brackman_IMG_0551-150x150.jpg\" class=\"attachment-thumbnail size-thumbnail\" alt=\"\" srcset=\"https:\/\/fr.motocrossmag.be\/wp-content\/uploads\/2014\/08\/brackman_IMG_0551-150x150.jpg 150w, https:\/\/fr.motocrossmag.be\/wp-content\/uploads\/2014\/08\/brackman_IMG_0551-50x50.jpg 50w\" sizes=\"(max-width: 150px) 100vw, 150px\" \/><\/a>\n\t\t\t<\/div><\/figure><figure class='gallery-item'>\n\t\t\t<div class='gallery-icon landscape'>\n\t\t\t\t<a href='https:\/\/fr.motocrossmag.be\/index.php\/2014\/08\/photos-bmmx-a-orp-le-grand\/brackman_img_0553\/'><img decoding=\"async\" width=\"150\" height=\"150\" src=\"https:\/\/fr.motocrossmag.be\/wp-content\/uploads\/2014\/08\/brackman_IMG_0553-150x150.jpg\" class=\"attachment-thumbnail size-thumbnail\" alt=\"\" srcset=\"https:\/\/fr.motocrossmag.be\/wp-content\/uploads\/2014\/08\/brackman_IMG_0553-150x150.jpg 150w, https:\/\/fr.motocrossmag.be\/wp-content\/uploads\/2014\/08\/brackman_IMG_0553-50x50.jpg 50w\" sizes=\"(max-width: 150px) 100vw, 150px\" \/><\/a>\n\t\t\t<\/div><\/figure><figure class='gallery-item'>\n\t\t\t<div class='gallery-icon landscape'>\n\t\t\t\t<a href='https:\/\/fr.motocrossmag.be\/index.php\/2014\/08\/photos-bmmx-a-orp-le-grand\/brackman_martens_img_0600\/'><img decoding=\"async\" width=\"150\" height=\"150\" src=\"https:\/\/fr.motocrossmag.be\/wp-content\/uploads\/2014\/08\/brackman_martens_IMG_0600-150x150.jpg\" class=\"attachment-thumbnail size-thumbnail\" alt=\"\" srcset=\"https:\/\/fr.motocrossmag.be\/wp-content\/uploads\/2014\/08\/brackman_martens_IMG_0600-150x150.jpg 150w, https:\/\/fr.motocrossmag.be\/wp-content\/uploads\/2014\/08\/brackman_martens_IMG_0600-50x50.jpg 50w\" sizes=\"(max-width: 150px) 100vw, 150px\" \/><\/a>\n\t\t\t<\/div><\/figure><figure class='gallery-item'>\n\t\t\t<div class='gallery-icon landscape'>\n\t\t\t\t<a href='https:\/\/fr.motocrossmag.be\/index.php\/2014\/08\/photos-bmmx-a-orp-le-grand\/brevers_img_0523\/'><img decoding=\"async\" width=\"150\" height=\"150\" src=\"https:\/\/fr.motocrossmag.be\/wp-content\/uploads\/2014\/08\/brevers_IMG_0523-150x150.jpg\" class=\"attachment-thumbnail size-thumbnail\" alt=\"\" srcset=\"https:\/\/fr.motocrossmag.be\/wp-content\/uploads\/2014\/08\/brevers_IMG_0523-150x150.jpg 150w, https:\/\/fr.motocrossmag.be\/wp-content\/uploads\/2014\/08\/brevers_IMG_0523-50x50.jpg 50w\" sizes=\"(max-width: 150px) 100vw, 150px\" \/><\/a>\n\t\t\t<\/div><\/figure><figure class='gallery-item'>\n\t\t\t<div class='gallery-icon landscape'>\n\t\t\t\t<a href='https:\/\/fr.motocrossmag.be\/index.php\/2014\/08\/photos-bmmx-a-orp-le-grand\/cordens_fp4a8215\/'><img decoding=\"async\" width=\"150\" height=\"150\" src=\"https:\/\/fr.motocrossmag.be\/wp-content\/uploads\/2014\/08\/cordens_FP4A8215-150x150.jpg\" class=\"attachment-thumbnail size-thumbnail\" alt=\"\" srcset=\"https:\/\/fr.motocrossmag.be\/wp-content\/uploads\/2014\/08\/cordens_FP4A8215-150x150.jpg 150w, https:\/\/fr.motocrossmag.be\/wp-content\/uploads\/2014\/08\/cordens_FP4A8215-50x50.jpg 50w\" sizes=\"(max-width: 150px) 100vw, 150px\" \/><\/a>\n\t\t\t<\/div><\/figure><figure class='gallery-item'>\n\t\t\t<div class='gallery-icon landscape'>\n\t\t\t\t<a href='https:\/\/fr.motocrossmag.be\/index.php\/2014\/08\/photos-bmmx-a-orp-le-grand\/dewulf_fp4a8046\/'><img decoding=\"async\" width=\"150\" height=\"150\" src=\"https:\/\/fr.motocrossmag.be\/wp-content\/uploads\/2014\/08\/dewulf_FP4A8046-150x150.jpg\" class=\"attachment-thumbnail size-thumbnail\" alt=\"\" srcset=\"https:\/\/fr.motocrossmag.be\/wp-content\/uploads\/2014\/08\/dewulf_FP4A8046-150x150.jpg 150w, https:\/\/fr.motocrossmag.be\/wp-content\/uploads\/2014\/08\/dewulf_FP4A8046-50x50.jpg 50w\" sizes=\"(max-width: 150px) 100vw, 150px\" \/><\/a>\n\t\t\t<\/div><\/figure><figure class='gallery-item'>\n\t\t\t<div class='gallery-icon landscape'>\n\t\t\t\t<a href='https:\/\/fr.motocrossmag.be\/index.php\/2014\/08\/photos-bmmx-a-orp-le-grand\/dewulf_fp4a8343\/'><img decoding=\"async\" width=\"150\" height=\"150\" src=\"https:\/\/fr.motocrossmag.be\/wp-content\/uploads\/2014\/08\/dewulf_FP4A8343-150x150.jpg\" class=\"attachment-thumbnail size-thumbnail\" alt=\"\" srcset=\"https:\/\/fr.motocrossmag.be\/wp-content\/uploads\/2014\/08\/dewulf_FP4A8343-150x150.jpg 150w, https:\/\/fr.motocrossmag.be\/wp-content\/uploads\/2014\/08\/dewulf_FP4A8343-50x50.jpg 50w\" sizes=\"(max-width: 150px) 100vw, 150px\" \/><\/a>\n\t\t\t<\/div><\/figure><figure class='gallery-item'>\n\t\t\t<div class='gallery-icon landscape'>\n\t\t\t\t<a href='https:\/\/fr.motocrossmag.be\/index.php\/2014\/08\/photos-bmmx-a-orp-le-grand\/febvre_fp4a7971\/'><img decoding=\"async\" width=\"150\" height=\"150\" src=\"https:\/\/fr.motocrossmag.be\/wp-content\/uploads\/2014\/08\/febvre_FP4A7971-150x150.jpg\" class=\"attachment-thumbnail size-thumbnail\" alt=\"\" srcset=\"https:\/\/fr.motocrossmag.be\/wp-content\/uploads\/2014\/08\/febvre_FP4A7971-150x150.jpg 150w, https:\/\/fr.motocrossmag.be\/wp-content\/uploads\/2014\/08\/febvre_FP4A7971-50x50.jpg 50w\" sizes=\"(max-width: 150px) 100vw, 150px\" \/><\/a>\n\t\t\t<\/div><\/figure><figure class='gallery-item'>\n\t\t\t<div class='gallery-icon landscape'>\n\t\t\t\t<a href='https:\/\/fr.motocrossmag.be\/index.php\/2014\/08\/photos-bmmx-a-orp-le-grand\/febvre_fp4a8036\/'><img decoding=\"async\" width=\"150\" height=\"150\" src=\"https:\/\/fr.motocrossmag.be\/wp-content\/uploads\/2014\/08\/febvre_FP4A8036-150x150.jpg\" class=\"attachment-thumbnail size-thumbnail\" alt=\"\" srcset=\"https:\/\/fr.motocrossmag.be\/wp-content\/uploads\/2014\/08\/febvre_FP4A8036-150x150.jpg 150w, https:\/\/fr.motocrossmag.be\/wp-content\/uploads\/2014\/08\/febvre_FP4A8036-50x50.jpg 50w\" sizes=\"(max-width: 150px) 100vw, 150px\" \/><\/a>\n\t\t\t<\/div><\/figure><figure class='gallery-item'>\n\t\t\t<div class='gallery-icon landscape'>\n\t\t\t\t<a href='https:\/\/fr.motocrossmag.be\/index.php\/2014\/08\/photos-bmmx-a-orp-le-grand\/febvre_fp4a8314\/'><img decoding=\"async\" width=\"150\" height=\"150\" src=\"https:\/\/fr.motocrossmag.be\/wp-content\/uploads\/2014\/08\/febvre_FP4A8314-150x150.jpg\" class=\"attachment-thumbnail size-thumbnail\" alt=\"\" srcset=\"https:\/\/fr.motocrossmag.be\/wp-content\/uploads\/2014\/08\/febvre_FP4A8314-150x150.jpg 150w, https:\/\/fr.motocrossmag.be\/wp-content\/uploads\/2014\/08\/febvre_FP4A8314-50x50.jpg 50w\" sizes=\"(max-width: 150px) 100vw, 150px\" \/><\/a>\n\t\t\t<\/div><\/figure><figure class='gallery-item'>\n\t\t\t<div class='gallery-icon landscape'>\n\t\t\t\t<a href='https:\/\/fr.motocrossmag.be\/index.php\/2014\/08\/photos-bmmx-a-orp-le-grand\/febvre_fp4a8369\/'><img decoding=\"async\" width=\"150\" height=\"150\" src=\"https:\/\/fr.motocrossmag.be\/wp-content\/uploads\/2014\/08\/febvre_FP4A8369-150x150.jpg\" class=\"attachment-thumbnail size-thumbnail\" alt=\"\" srcset=\"https:\/\/fr.motocrossmag.be\/wp-content\/uploads\/2014\/08\/febvre_FP4A8369-150x150.jpg 150w, https:\/\/fr.motocrossmag.be\/wp-content\/uploads\/2014\/08\/febvre_FP4A8369-50x50.jpg 50w\" sizes=\"(max-width: 150px) 100vw, 150px\" \/><\/a>\n\t\t\t<\/div><\/figure><figure class='gallery-item'>\n\t\t\t<div class='gallery-icon landscape'>\n\t\t\t\t<a href='https:\/\/fr.motocrossmag.be\/index.php\/2014\/08\/photos-bmmx-a-orp-le-grand\/febvre_fp4a8499\/'><img decoding=\"async\" width=\"150\" height=\"150\" src=\"https:\/\/fr.motocrossmag.be\/wp-content\/uploads\/2014\/08\/febvre_FP4A8499-150x150.jpg\" class=\"attachment-thumbnail size-thumbnail\" alt=\"\" srcset=\"https:\/\/fr.motocrossmag.be\/wp-content\/uploads\/2014\/08\/febvre_FP4A8499-150x150.jpg 150w, https:\/\/fr.motocrossmag.be\/wp-content\/uploads\/2014\/08\/febvre_FP4A8499-50x50.jpg 50w\" sizes=\"(max-width: 150px) 100vw, 150px\" \/><\/a>\n\t\t\t<\/div><\/figure><figure class='gallery-item'>\n\t\t\t<div class='gallery-icon landscape'>\n\t\t\t\t<a href='https:\/\/fr.motocrossmag.be\/index.php\/2014\/08\/photos-bmmx-a-orp-le-grand\/febvre_img_0177\/'><img decoding=\"async\" width=\"150\" height=\"150\" src=\"https:\/\/fr.motocrossmag.be\/wp-content\/uploads\/2014\/08\/febvre_IMG_0177-150x150.jpg\" class=\"attachment-thumbnail size-thumbnail\" alt=\"\" srcset=\"https:\/\/fr.motocrossmag.be\/wp-content\/uploads\/2014\/08\/febvre_IMG_0177-150x150.jpg 150w, https:\/\/fr.motocrossmag.be\/wp-content\/uploads\/2014\/08\/febvre_IMG_0177-50x50.jpg 50w\" sizes=\"(max-width: 150px) 100vw, 150px\" \/><\/a>\n\t\t\t<\/div><\/figure><figure class='gallery-item'>\n\t\t\t<div class='gallery-icon landscape'>\n\t\t\t\t<a href='https:\/\/fr.motocrossmag.be\/index.php\/2014\/08\/photos-bmmx-a-orp-le-grand\/febvre_img_0777\/'><img decoding=\"async\" width=\"150\" height=\"150\" src=\"https:\/\/fr.motocrossmag.be\/wp-content\/uploads\/2014\/08\/febvre_IMG_0777-150x150.jpg\" class=\"attachment-thumbnail size-thumbnail\" alt=\"\" srcset=\"https:\/\/fr.motocrossmag.be\/wp-content\/uploads\/2014\/08\/febvre_IMG_0777-150x150.jpg 150w, https:\/\/fr.motocrossmag.be\/wp-content\/uploads\/2014\/08\/febvre_IMG_0777-50x50.jpg 50w\" sizes=\"(max-width: 150px) 100vw, 150px\" \/><\/a>\n\t\t\t<\/div><\/figure><figure class='gallery-item'>\n\t\t\t<div class='gallery-icon landscape'>\n\t\t\t\t<a href='https:\/\/fr.motocrossmag.be\/index.php\/2014\/08\/photos-bmmx-a-orp-le-grand\/febvre_jerre_img_0012\/'><img decoding=\"async\" width=\"150\" height=\"150\" src=\"https:\/\/fr.motocrossmag.be\/wp-content\/uploads\/2014\/08\/febvre_jerre_IMG_0012-150x150.jpg\" class=\"attachment-thumbnail size-thumbnail\" alt=\"\" srcset=\"https:\/\/fr.motocrossmag.be\/wp-content\/uploads\/2014\/08\/febvre_jerre_IMG_0012-150x150.jpg 150w, https:\/\/fr.motocrossmag.be\/wp-content\/uploads\/2014\/08\/febvre_jerre_IMG_0012-50x50.jpg 50w\" sizes=\"(max-width: 150px) 100vw, 150px\" \/><\/a>\n\t\t\t<\/div><\/figure><figure class='gallery-item'>\n\t\t\t<div class='gallery-icon landscape'>\n\t\t\t\t<a href='https:\/\/fr.motocrossmag.be\/index.php\/2014\/08\/photos-bmmx-a-orp-le-grand\/ghysels_fp4a8052\/'><img decoding=\"async\" width=\"150\" height=\"150\" src=\"https:\/\/fr.motocrossmag.be\/wp-content\/uploads\/2014\/08\/ghysels_FP4A8052-150x150.jpg\" class=\"attachment-thumbnail size-thumbnail\" alt=\"\" srcset=\"https:\/\/fr.motocrossmag.be\/wp-content\/uploads\/2014\/08\/ghysels_FP4A8052-150x150.jpg 150w, https:\/\/fr.motocrossmag.be\/wp-content\/uploads\/2014\/08\/ghysels_FP4A8052-50x50.jpg 50w\" sizes=\"(max-width: 150px) 100vw, 150px\" \/><\/a>\n\t\t\t<\/div><\/figure><figure class='gallery-item'>\n\t\t\t<div class='gallery-icon landscape'>\n\t\t\t\t<a href='https:\/\/fr.motocrossmag.be\/index.php\/2014\/08\/photos-bmmx-a-orp-le-grand\/guarneri_fp4a8496\/'><img decoding=\"async\" width=\"150\" height=\"150\" src=\"https:\/\/fr.motocrossmag.be\/wp-content\/uploads\/2014\/08\/guarneri_FP4A8496-150x150.jpg\" class=\"attachment-thumbnail size-thumbnail\" alt=\"\" srcset=\"https:\/\/fr.motocrossmag.be\/wp-content\/uploads\/2014\/08\/guarneri_FP4A8496-150x150.jpg 150w, https:\/\/fr.motocrossmag.be\/wp-content\/uploads\/2014\/08\/guarneri_FP4A8496-50x50.jpg 50w\" sizes=\"(max-width: 150px) 100vw, 150px\" \/><\/a>\n\t\t\t<\/div><\/figure><figure class='gallery-item'>\n\t\t\t<div class='gallery-icon landscape'>\n\t\t\t\t<a href='https:\/\/fr.motocrossmag.be\/index.php\/2014\/08\/photos-bmmx-a-orp-le-grand\/guarneri_strijbos_img_0850\/'><img decoding=\"async\" width=\"150\" height=\"150\" src=\"https:\/\/fr.motocrossmag.be\/wp-content\/uploads\/2014\/08\/guarneri_strijbos_IMG_0850-150x150.jpg\" class=\"attachment-thumbnail size-thumbnail\" alt=\"\" aria-describedby=\"gallery-1-26522\" srcset=\"https:\/\/fr.motocrossmag.be\/wp-content\/uploads\/2014\/08\/guarneri_strijbos_IMG_0850-150x150.jpg 150w, https:\/\/fr.motocrossmag.be\/wp-content\/uploads\/2014\/08\/guarneri_strijbos_IMG_0850-50x50.jpg 50w\" sizes=\"(max-width: 150px) 100vw, 150px\" \/><\/a>\n\t\t\t<\/div>\n\t\t\t\t<figcaption class='wp-caption-text gallery-caption' id='gallery-1-26522'>\n\t\t\t\tDavide Guarneri (ici \u00e0 Orp en 2014) est un habitu\u00e9 du championnat de Belgique.\n\t\t\t\t<\/figcaption><\/figure><figure class='gallery-item'>\n\t\t\t<div class='gallery-icon landscape'>\n\t\t\t\t<a href='https:\/\/fr.motocrossmag.be\/index.php\/2014\/08\/photos-bmmx-a-orp-le-grand\/janvier_fp4a8011\/'><img decoding=\"async\" width=\"150\" height=\"150\" src=\"https:\/\/fr.motocrossmag.be\/wp-content\/uploads\/2014\/08\/janvier_FP4A8011-150x150.jpg\" class=\"attachment-thumbnail size-thumbnail\" alt=\"\" srcset=\"https:\/\/fr.motocrossmag.be\/wp-content\/uploads\/2014\/08\/janvier_FP4A8011-150x150.jpg 150w, https:\/\/fr.motocrossmag.be\/wp-content\/uploads\/2014\/08\/janvier_FP4A8011-50x50.jpg 50w\" sizes=\"(max-width: 150px) 100vw, 150px\" \/><\/a>\n\t\t\t<\/div><\/figure><figure class='gallery-item'>\n\t\t\t<div class='gallery-icon landscape'>\n\t\t\t\t<a href='https:\/\/fr.motocrossmag.be\/index.php\/2014\/08\/photos-bmmx-a-orp-le-grand\/janvier_img_0112\/'><img decoding=\"async\" width=\"150\" height=\"150\" src=\"https:\/\/fr.motocrossmag.be\/wp-content\/uploads\/2014\/08\/janvier_IMG_0112-150x150.jpg\" class=\"attachment-thumbnail size-thumbnail\" alt=\"\" srcset=\"https:\/\/fr.motocrossmag.be\/wp-content\/uploads\/2014\/08\/janvier_IMG_0112-150x150.jpg 150w, https:\/\/fr.motocrossmag.be\/wp-content\/uploads\/2014\/08\/janvier_IMG_0112-50x50.jpg 50w\" sizes=\"(max-width: 150px) 100vw, 150px\" \/><\/a>\n\t\t\t<\/div><\/figure><figure class='gallery-item'>\n\t\t\t<div class='gallery-icon landscape'>\n\t\t\t\t<a href='https:\/\/fr.motocrossmag.be\/index.php\/2014\/08\/photos-bmmx-a-orp-le-grand\/jerre_fp4a8029\/'><img decoding=\"async\" width=\"150\" height=\"150\" src=\"https:\/\/fr.motocrossmag.be\/wp-content\/uploads\/2014\/08\/jerre_FP4A8029-150x150.jpg\" class=\"attachment-thumbnail size-thumbnail\" alt=\"\" srcset=\"https:\/\/fr.motocrossmag.be\/wp-content\/uploads\/2014\/08\/jerre_FP4A8029-150x150.jpg 150w, https:\/\/fr.motocrossmag.be\/wp-content\/uploads\/2014\/08\/jerre_FP4A8029-50x50.jpg 50w\" sizes=\"(max-width: 150px) 100vw, 150px\" \/><\/a>\n\t\t\t<\/div><\/figure><figure class='gallery-item'>\n\t\t\t<div class='gallery-icon landscape'>\n\t\t\t\t<a href='https:\/\/fr.motocrossmag.be\/index.php\/2014\/08\/photos-bmmx-a-orp-le-grand\/jerre_fp4a8306\/'><img decoding=\"async\" width=\"150\" height=\"150\" src=\"https:\/\/fr.motocrossmag.be\/wp-content\/uploads\/2014\/08\/jerre_FP4A8306-150x150.jpg\" class=\"attachment-thumbnail size-thumbnail\" alt=\"\" srcset=\"https:\/\/fr.motocrossmag.be\/wp-content\/uploads\/2014\/08\/jerre_FP4A8306-150x150.jpg 150w, https:\/\/fr.motocrossmag.be\/wp-content\/uploads\/2014\/08\/jerre_FP4A8306-50x50.jpg 50w\" sizes=\"(max-width: 150px) 100vw, 150px\" \/><\/a>\n\t\t\t<\/div><\/figure><figure class='gallery-item'>\n\t\t\t<div class='gallery-icon landscape'>\n\t\t\t\t<a href='https:\/\/fr.motocrossmag.be\/index.php\/2014\/08\/photos-bmmx-a-orp-le-grand\/jerre_fp4a8436\/'><img decoding=\"async\" width=\"150\" height=\"150\" src=\"https:\/\/fr.motocrossmag.be\/wp-content\/uploads\/2014\/08\/jerre_FP4A8436-150x150.jpg\" class=\"attachment-thumbnail size-thumbnail\" alt=\"\" srcset=\"https:\/\/fr.motocrossmag.be\/wp-content\/uploads\/2014\/08\/jerre_FP4A8436-150x150.jpg 150w, https:\/\/fr.motocrossmag.be\/wp-content\/uploads\/2014\/08\/jerre_FP4A8436-50x50.jpg 50w\" sizes=\"(max-width: 150px) 100vw, 150px\" \/><\/a>\n\t\t\t<\/div><\/figure><figure class='gallery-item'>\n\t\t\t<div class='gallery-icon landscape'>\n\t\t\t\t<a href='https:\/\/fr.motocrossmag.be\/index.php\/2014\/08\/photos-bmmx-a-orp-le-grand\/jerre_img_0146\/'><img decoding=\"async\" width=\"150\" height=\"150\" src=\"https:\/\/fr.motocrossmag.be\/wp-content\/uploads\/2014\/08\/jerre_IMG_0146-150x150.jpg\" class=\"attachment-thumbnail size-thumbnail\" alt=\"\" srcset=\"https:\/\/fr.motocrossmag.be\/wp-content\/uploads\/2014\/08\/jerre_IMG_0146-150x150.jpg 150w, https:\/\/fr.motocrossmag.be\/wp-content\/uploads\/2014\/08\/jerre_IMG_0146-50x50.jpg 50w\" sizes=\"(max-width: 150px) 100vw, 150px\" \/><\/a>\n\t\t\t<\/div><\/figure><figure class='gallery-item'>\n\t\t\t<div class='gallery-icon landscape'>\n\t\t\t\t<a href='https:\/\/fr.motocrossmag.be\/index.php\/2014\/08\/photos-bmmx-a-orp-le-grand\/jerre_img_1052\/'><img decoding=\"async\" width=\"150\" height=\"150\" src=\"https:\/\/fr.motocrossmag.be\/wp-content\/uploads\/2014\/08\/jerre_IMG_1052-150x150.jpg\" class=\"attachment-thumbnail size-thumbnail\" alt=\"\" srcset=\"https:\/\/fr.motocrossmag.be\/wp-content\/uploads\/2014\/08\/jerre_IMG_1052-150x150.jpg 150w, https:\/\/fr.motocrossmag.be\/wp-content\/uploads\/2014\/08\/jerre_IMG_1052-50x50.jpg 50w\" sizes=\"(max-width: 150px) 100vw, 150px\" \/><\/a>\n\t\t\t<\/div><\/figure><figure class='gallery-item'>\n\t\t\t<div class='gallery-icon landscape'>\n\t\t\t\t<a href='https:\/\/fr.motocrossmag.be\/index.php\/2014\/08\/photos-bmmx-a-orp-le-grand\/jerre_img_09091\/'><img decoding=\"async\" width=\"150\" height=\"150\" src=\"https:\/\/fr.motocrossmag.be\/wp-content\/uploads\/2014\/08\/jerre_IMG_09091-150x150.jpg\" class=\"attachment-thumbnail size-thumbnail\" alt=\"\" srcset=\"https:\/\/fr.motocrossmag.be\/wp-content\/uploads\/2014\/08\/jerre_IMG_09091-150x150.jpg 150w, https:\/\/fr.motocrossmag.be\/wp-content\/uploads\/2014\/08\/jerre_IMG_09091-50x50.jpg 50w\" sizes=\"(max-width: 150px) 100vw, 150px\" \/><\/a>\n\t\t\t<\/div><\/figure><figure class='gallery-item'>\n\t\t\t<div class='gallery-icon landscape'>\n\t\t\t\t<a href='https:\/\/fr.motocrossmag.be\/index.php\/2014\/08\/photos-bmmx-a-orp-le-grand\/jonass_img_0309\/'><img decoding=\"async\" width=\"150\" height=\"150\" src=\"https:\/\/fr.motocrossmag.be\/wp-content\/uploads\/2014\/08\/jonass_IMG_0309-150x150.jpg\" class=\"attachment-thumbnail size-thumbnail\" alt=\"\" srcset=\"https:\/\/fr.motocrossmag.be\/wp-content\/uploads\/2014\/08\/jonass_IMG_0309-150x150.jpg 150w, https:\/\/fr.motocrossmag.be\/wp-content\/uploads\/2014\/08\/jonass_IMG_0309-50x50.jpg 50w\" sizes=\"(max-width: 150px) 100vw, 150px\" \/><\/a>\n\t\t\t<\/div><\/figure><figure class='gallery-item'>\n\t\t\t<div class='gallery-icon landscape'>\n\t\t\t\t<a href='https:\/\/fr.motocrossmag.be\/index.php\/2014\/08\/photos-bmmx-a-orp-le-grand\/martens_fp4a8122\/'><img decoding=\"async\" width=\"150\" height=\"150\" src=\"https:\/\/fr.motocrossmag.be\/wp-content\/uploads\/2014\/08\/martens_FP4A8122-150x150.jpg\" class=\"attachment-thumbnail size-thumbnail\" alt=\"\" srcset=\"https:\/\/fr.motocrossmag.be\/wp-content\/uploads\/2014\/08\/martens_FP4A8122-150x150.jpg 150w, https:\/\/fr.motocrossmag.be\/wp-content\/uploads\/2014\/08\/martens_FP4A8122-50x50.jpg 50w\" sizes=\"(max-width: 150px) 100vw, 150px\" \/><\/a>\n\t\t\t<\/div><\/figure><figure class='gallery-item'>\n\t\t\t<div class='gallery-icon landscape'>\n\t\t\t\t<a href='https:\/\/fr.motocrossmag.be\/index.php\/2014\/08\/photos-bmmx-a-orp-le-grand\/martens_fp4a8190\/'><img decoding=\"async\" width=\"150\" height=\"150\" src=\"https:\/\/fr.motocrossmag.be\/wp-content\/uploads\/2014\/08\/martens_FP4A8190-150x150.jpg\" class=\"attachment-thumbnail size-thumbnail\" alt=\"\" srcset=\"https:\/\/fr.motocrossmag.be\/wp-content\/uploads\/2014\/08\/martens_FP4A8190-150x150.jpg 150w, https:\/\/fr.motocrossmag.be\/wp-content\/uploads\/2014\/08\/martens_FP4A8190-50x50.jpg 50w\" sizes=\"(max-width: 150px) 100vw, 150px\" \/><\/a>\n\t\t\t<\/div><\/figure><figure class='gallery-item'>\n\t\t\t<div class='gallery-icon landscape'>\n\t\t\t\t<a href='https:\/\/fr.motocrossmag.be\/index.php\/2014\/08\/photos-bmmx-a-orp-le-grand\/martens_img_0469\/'><img decoding=\"async\" width=\"150\" height=\"150\" src=\"https:\/\/fr.motocrossmag.be\/wp-content\/uploads\/2014\/08\/martens_IMG_0469-150x150.jpg\" class=\"attachment-thumbnail size-thumbnail\" alt=\"\" srcset=\"https:\/\/fr.motocrossmag.be\/wp-content\/uploads\/2014\/08\/martens_IMG_0469-150x150.jpg 150w, https:\/\/fr.motocrossmag.be\/wp-content\/uploads\/2014\/08\/martens_IMG_0469-50x50.jpg 50w\" sizes=\"(max-width: 150px) 100vw, 150px\" \/><\/a>\n\t\t\t<\/div><\/figure><figure class='gallery-item'>\n\t\t\t<div class='gallery-icon landscape'>\n\t\t\t\t<a href='https:\/\/fr.motocrossmag.be\/index.php\/2014\/08\/photos-bmmx-a-orp-le-grand\/martens_img_0517\/'><img decoding=\"async\" width=\"150\" height=\"150\" src=\"https:\/\/fr.motocrossmag.be\/wp-content\/uploads\/2014\/08\/martens_IMG_0517-150x150.jpg\" class=\"attachment-thumbnail size-thumbnail\" alt=\"\" srcset=\"https:\/\/fr.motocrossmag.be\/wp-content\/uploads\/2014\/08\/martens_IMG_0517-150x150.jpg 150w, https:\/\/fr.motocrossmag.be\/wp-content\/uploads\/2014\/08\/martens_IMG_0517-50x50.jpg 50w\" sizes=\"(max-width: 150px) 100vw, 150px\" \/><\/a>\n\t\t\t<\/div><\/figure><figure class='gallery-item'>\n\t\t\t<div class='gallery-icon landscape'>\n\t\t\t\t<a href='https:\/\/fr.motocrossmag.be\/index.php\/2014\/08\/photos-bmmx-a-orp-le-grand\/martens_img_0520\/'><img decoding=\"async\" width=\"150\" height=\"150\" src=\"https:\/\/fr.motocrossmag.be\/wp-content\/uploads\/2014\/08\/martens_IMG_0520-150x150.jpg\" class=\"attachment-thumbnail size-thumbnail\" alt=\"\" srcset=\"https:\/\/fr.motocrossmag.be\/wp-content\/uploads\/2014\/08\/martens_IMG_0520-150x150.jpg 150w, https:\/\/fr.motocrossmag.be\/wp-content\/uploads\/2014\/08\/martens_IMG_0520-50x50.jpg 50w\" sizes=\"(max-width: 150px) 100vw, 150px\" \/><\/a>\n\t\t\t<\/div><\/figure><figure class='gallery-item'>\n\t\t\t<div class='gallery-icon landscape'>\n\t\t\t\t<a href='https:\/\/fr.motocrossmag.be\/index.php\/2014\/08\/photos-bmmx-a-orp-le-grand\/nijs_img_0443\/'><img decoding=\"async\" width=\"150\" height=\"150\" src=\"https:\/\/fr.motocrossmag.be\/wp-content\/uploads\/2014\/08\/nijs_IMG_0443-150x150.jpg\" class=\"attachment-thumbnail size-thumbnail\" alt=\"\" srcset=\"https:\/\/fr.motocrossmag.be\/wp-content\/uploads\/2014\/08\/nijs_IMG_0443-150x150.jpg 150w, https:\/\/fr.motocrossmag.be\/wp-content\/uploads\/2014\/08\/nijs_IMG_0443-50x50.jpg 50w\" sizes=\"(max-width: 150px) 100vw, 150px\" \/><\/a>\n\t\t\t<\/div><\/figure><figure class='gallery-item'>\n\t\t\t<div class='gallery-icon landscape'>\n\t\t\t\t<a href='https:\/\/fr.motocrossmag.be\/index.php\/2014\/08\/photos-bmmx-a-orp-le-grand\/nijs_img_0584\/'><img decoding=\"async\" width=\"150\" height=\"150\" src=\"https:\/\/fr.motocrossmag.be\/wp-content\/uploads\/2014\/08\/nijs_IMG_0584-150x150.jpg\" class=\"attachment-thumbnail size-thumbnail\" alt=\"\" srcset=\"https:\/\/fr.motocrossmag.be\/wp-content\/uploads\/2014\/08\/nijs_IMG_0584-150x150.jpg 150w, https:\/\/fr.motocrossmag.be\/wp-content\/uploads\/2014\/08\/nijs_IMG_0584-50x50.jpg 50w\" sizes=\"(max-width: 150px) 100vw, 150px\" \/><\/a>\n\t\t\t<\/div><\/figure><figure class='gallery-item'>\n\t\t\t<div class='gallery-icon landscape'>\n\t\t\t\t<a href='https:\/\/fr.motocrossmag.be\/index.php\/2014\/08\/photos-bmmx-a-orp-le-grand\/pauls_fp4a8047\/'><img decoding=\"async\" width=\"150\" height=\"150\" src=\"https:\/\/fr.motocrossmag.be\/wp-content\/uploads\/2014\/08\/pauls_FP4A8047-150x150.jpg\" class=\"attachment-thumbnail size-thumbnail\" alt=\"\" srcset=\"https:\/\/fr.motocrossmag.be\/wp-content\/uploads\/2014\/08\/pauls_FP4A8047-150x150.jpg 150w, https:\/\/fr.motocrossmag.be\/wp-content\/uploads\/2014\/08\/pauls_FP4A8047-50x50.jpg 50w\" sizes=\"(max-width: 150px) 100vw, 150px\" \/><\/a>\n\t\t\t<\/div><\/figure><figure class='gallery-item'>\n\t\t\t<div class='gallery-icon landscape'>\n\t\t\t\t<a href='https:\/\/fr.motocrossmag.be\/index.php\/2014\/08\/photos-bmmx-a-orp-le-grand\/ramon_fp4a8385\/'><img decoding=\"async\" width=\"150\" height=\"150\" src=\"https:\/\/fr.motocrossmag.be\/wp-content\/uploads\/2014\/08\/ramon_FP4A8385-150x150.jpg\" class=\"attachment-thumbnail size-thumbnail\" alt=\"\" srcset=\"https:\/\/fr.motocrossmag.be\/wp-content\/uploads\/2014\/08\/ramon_FP4A8385-150x150.jpg 150w, https:\/\/fr.motocrossmag.be\/wp-content\/uploads\/2014\/08\/ramon_FP4A8385-50x50.jpg 50w\" sizes=\"(max-width: 150px) 100vw, 150px\" \/><\/a>\n\t\t\t<\/div><\/figure><figure class='gallery-item'>\n\t\t\t<div class='gallery-icon landscape'>\n\t\t\t\t<a href='https:\/\/fr.motocrossmag.be\/index.php\/2014\/08\/photos-bmmx-a-orp-le-grand\/ramon_img_0877\/'><img decoding=\"async\" width=\"150\" height=\"150\" src=\"https:\/\/fr.motocrossmag.be\/wp-content\/uploads\/2014\/08\/ramon_IMG_0877-150x150.jpg\" class=\"attachment-thumbnail size-thumbnail\" alt=\"\" srcset=\"https:\/\/fr.motocrossmag.be\/wp-content\/uploads\/2014\/08\/ramon_IMG_0877-150x150.jpg 150w, https:\/\/fr.motocrossmag.be\/wp-content\/uploads\/2014\/08\/ramon_IMG_0877-50x50.jpg 50w\" sizes=\"(max-width: 150px) 100vw, 150px\" \/><\/a>\n\t\t\t<\/div><\/figure><figure class='gallery-item'>\n\t\t\t<div class='gallery-icon landscape'>\n\t\t\t\t<a href='https:\/\/fr.motocrossmag.be\/index.php\/2014\/08\/photos-bmmx-a-orp-le-grand\/simpson_fp4a8041\/'><img decoding=\"async\" width=\"150\" height=\"150\" src=\"https:\/\/fr.motocrossmag.be\/wp-content\/uploads\/2014\/08\/simpson_FP4A8041-150x150.jpg\" class=\"attachment-thumbnail size-thumbnail\" alt=\"\" srcset=\"https:\/\/fr.motocrossmag.be\/wp-content\/uploads\/2014\/08\/simpson_FP4A8041-150x150.jpg 150w, https:\/\/fr.motocrossmag.be\/wp-content\/uploads\/2014\/08\/simpson_FP4A8041-50x50.jpg 50w\" sizes=\"(max-width: 150px) 100vw, 150px\" \/><\/a>\n\t\t\t<\/div><\/figure><figure class='gallery-item'>\n\t\t\t<div class='gallery-icon landscape'>\n\t\t\t\t<a href='https:\/\/fr.motocrossmag.be\/index.php\/2014\/08\/photos-bmmx-a-orp-le-grand\/simpson_fp4a8335\/'><img decoding=\"async\" width=\"150\" height=\"150\" src=\"https:\/\/fr.motocrossmag.be\/wp-content\/uploads\/2014\/08\/simpson_FP4A8335-150x150.jpg\" class=\"attachment-thumbnail size-thumbnail\" alt=\"\" srcset=\"https:\/\/fr.motocrossmag.be\/wp-content\/uploads\/2014\/08\/simpson_FP4A8335-150x150.jpg 150w, https:\/\/fr.motocrossmag.be\/wp-content\/uploads\/2014\/08\/simpson_FP4A8335-50x50.jpg 50w\" sizes=\"(max-width: 150px) 100vw, 150px\" \/><\/a>\n\t\t\t<\/div><\/figure><figure class='gallery-item'>\n\t\t\t<div class='gallery-icon landscape'>\n\t\t\t\t<a href='https:\/\/fr.motocrossmag.be\/index.php\/2014\/08\/photos-bmmx-a-orp-le-grand\/simpson_fp4a8377\/'><img decoding=\"async\" width=\"150\" height=\"150\" src=\"https:\/\/fr.motocrossmag.be\/wp-content\/uploads\/2014\/08\/simpson_FP4A8377-150x150.jpg\" class=\"attachment-thumbnail size-thumbnail\" alt=\"\" srcset=\"https:\/\/fr.motocrossmag.be\/wp-content\/uploads\/2014\/08\/simpson_FP4A8377-150x150.jpg 150w, https:\/\/fr.motocrossmag.be\/wp-content\/uploads\/2014\/08\/simpson_FP4A8377-50x50.jpg 50w\" sizes=\"(max-width: 150px) 100vw, 150px\" \/><\/a>\n\t\t\t<\/div><\/figure><figure class='gallery-item'>\n\t\t\t<div class='gallery-icon landscape'>\n\t\t\t\t<a href='https:\/\/fr.motocrossmag.be\/index.php\/2014\/08\/photos-bmmx-a-orp-le-grand\/simpson_img_0697\/'><img decoding=\"async\" width=\"150\" height=\"150\" src=\"https:\/\/fr.motocrossmag.be\/wp-content\/uploads\/2014\/08\/simpson_IMG_0697-150x150.jpg\" class=\"attachment-thumbnail size-thumbnail\" alt=\"\" srcset=\"https:\/\/fr.motocrossmag.be\/wp-content\/uploads\/2014\/08\/simpson_IMG_0697-150x150.jpg 150w, https:\/\/fr.motocrossmag.be\/wp-content\/uploads\/2014\/08\/simpson_IMG_0697-50x50.jpg 50w\" sizes=\"(max-width: 150px) 100vw, 150px\" \/><\/a>\n\t\t\t<\/div><\/figure><figure class='gallery-item'>\n\t\t\t<div class='gallery-icon landscape'>\n\t\t\t\t<a href='https:\/\/fr.motocrossmag.be\/index.php\/2014\/08\/photos-bmmx-a-orp-le-grand\/simpson_img_0958\/'><img decoding=\"async\" width=\"150\" height=\"150\" src=\"https:\/\/fr.motocrossmag.be\/wp-content\/uploads\/2014\/08\/simpson_IMG_0958-150x150.jpg\" class=\"attachment-thumbnail size-thumbnail\" alt=\"\" srcset=\"https:\/\/fr.motocrossmag.be\/wp-content\/uploads\/2014\/08\/simpson_IMG_0958-150x150.jpg 150w, https:\/\/fr.motocrossmag.be\/wp-content\/uploads\/2014\/08\/simpson_IMG_0958-50x50.jpg 50w\" sizes=\"(max-width: 150px) 100vw, 150px\" \/><\/a>\n\t\t\t<\/div><\/figure><figure class='gallery-item'>\n\t\t\t<div class='gallery-icon landscape'>\n\t\t\t\t<a href='https:\/\/fr.motocrossmag.be\/index.php\/2014\/08\/photos-bmmx-a-orp-le-grand\/simpson_img_0964\/'><img decoding=\"async\" width=\"150\" height=\"150\" src=\"https:\/\/fr.motocrossmag.be\/wp-content\/uploads\/2014\/08\/simpson_IMG_0964-150x150.jpg\" class=\"attachment-thumbnail size-thumbnail\" alt=\"\" srcset=\"https:\/\/fr.motocrossmag.be\/wp-content\/uploads\/2014\/08\/simpson_IMG_0964-150x150.jpg 150w, https:\/\/fr.motocrossmag.be\/wp-content\/uploads\/2014\/08\/simpson_IMG_0964-50x50.jpg 50w\" sizes=\"(max-width: 150px) 100vw, 150px\" \/><\/a>\n\t\t\t<\/div><\/figure><figure class='gallery-item'>\n\t\t\t<div class='gallery-icon landscape'>\n\t\t\t\t<a href='https:\/\/fr.motocrossmag.be\/index.php\/2014\/08\/photos-bmmx-a-orp-le-grand\/start_febvre_holeshot_img_0684\/'><img decoding=\"async\" width=\"150\" height=\"150\" src=\"https:\/\/fr.motocrossmag.be\/wp-content\/uploads\/2014\/08\/start_febvre_holeshot_IMG_0684-150x150.jpg\" class=\"attachment-thumbnail size-thumbnail\" alt=\"\" srcset=\"https:\/\/fr.motocrossmag.be\/wp-content\/uploads\/2014\/08\/start_febvre_holeshot_IMG_0684-150x150.jpg 150w, https:\/\/fr.motocrossmag.be\/wp-content\/uploads\/2014\/08\/start_febvre_holeshot_IMG_0684-50x50.jpg 50w\" sizes=\"(max-width: 150px) 100vw, 150px\" \/><\/a>\n\t\t\t<\/div><\/figure><figure class='gallery-item'>\n\t\t\t<div class='gallery-icon landscape'>\n\t\t\t\t<a href='https:\/\/fr.motocrossmag.be\/index.php\/2014\/08\/photos-bmmx-a-orp-le-grand\/start_img_0673\/'><img decoding=\"async\" width=\"150\" height=\"150\" src=\"https:\/\/fr.motocrossmag.be\/wp-content\/uploads\/2014\/08\/start_IMG_0673-150x150.jpg\" class=\"attachment-thumbnail size-thumbnail\" alt=\"\" srcset=\"https:\/\/fr.motocrossmag.be\/wp-content\/uploads\/2014\/08\/start_IMG_0673-150x150.jpg 150w, https:\/\/fr.motocrossmag.be\/wp-content\/uploads\/2014\/08\/start_IMG_0673-50x50.jpg 50w\" sizes=\"(max-width: 150px) 100vw, 150px\" \/><\/a>\n\t\t\t<\/div><\/figure><figure class='gallery-item'>\n\t\t\t<div class='gallery-icon landscape'>\n\t\t\t\t<a href='https:\/\/fr.motocrossmag.be\/index.php\/2014\/08\/photos-bmmx-a-orp-le-grand\/start_img_0681\/'><img decoding=\"async\" width=\"150\" height=\"150\" src=\"https:\/\/fr.motocrossmag.be\/wp-content\/uploads\/2014\/08\/start_IMG_0681-150x150.jpg\" class=\"attachment-thumbnail size-thumbnail\" alt=\"\" srcset=\"https:\/\/fr.motocrossmag.be\/wp-content\/uploads\/2014\/08\/start_IMG_0681-150x150.jpg 150w, https:\/\/fr.motocrossmag.be\/wp-content\/uploads\/2014\/08\/start_IMG_0681-50x50.jpg 50w\" sizes=\"(max-width: 150px) 100vw, 150px\" \/><\/a>\n\t\t\t<\/div><\/figure><figure class='gallery-item'>\n\t\t\t<div class='gallery-icon landscape'>\n\t\t\t\t<a href='https:\/\/fr.motocrossmag.be\/index.php\/2014\/08\/photos-bmmx-a-orp-le-grand\/strijbos_fp4a8361\/'><img decoding=\"async\" width=\"150\" height=\"150\" src=\"https:\/\/fr.motocrossmag.be\/wp-content\/uploads\/2014\/08\/strijbos_FP4A8361-150x150.jpg\" class=\"attachment-thumbnail size-thumbnail\" alt=\"\" srcset=\"https:\/\/fr.motocrossmag.be\/wp-content\/uploads\/2014\/08\/strijbos_FP4A8361-150x150.jpg 150w, https:\/\/fr.motocrossmag.be\/wp-content\/uploads\/2014\/08\/strijbos_FP4A8361-50x50.jpg 50w\" sizes=\"(max-width: 150px) 100vw, 150px\" \/><\/a>\n\t\t\t<\/div><\/figure><figure class='gallery-item'>\n\t\t\t<div class='gallery-icon landscape'>\n\t\t\t\t<a href='https:\/\/fr.motocrossmag.be\/index.php\/2014\/08\/photos-bmmx-a-orp-le-grand\/strijbos_fp4a8486\/'><img decoding=\"async\" width=\"150\" height=\"150\" src=\"https:\/\/fr.motocrossmag.be\/wp-content\/uploads\/2014\/08\/strijbos_FP4A8486-150x150.jpg\" class=\"attachment-thumbnail size-thumbnail\" alt=\"\" srcset=\"https:\/\/fr.motocrossmag.be\/wp-content\/uploads\/2014\/08\/strijbos_FP4A8486-150x150.jpg 150w, https:\/\/fr.motocrossmag.be\/wp-content\/uploads\/2014\/08\/strijbos_FP4A8486-50x50.jpg 50w\" sizes=\"(max-width: 150px) 100vw, 150px\" \/><\/a>\n\t\t\t<\/div><\/figure><figure class='gallery-item'>\n\t\t\t<div class='gallery-icon landscape'>\n\t\t\t\t<a href='https:\/\/fr.motocrossmag.be\/index.php\/2014\/08\/photos-bmmx-a-orp-le-grand\/strijbos_img_0926\/'><img decoding=\"async\" width=\"150\" height=\"150\" src=\"https:\/\/fr.motocrossmag.be\/wp-content\/uploads\/2014\/08\/strijbos_IMG_0926-150x150.jpg\" class=\"attachment-thumbnail size-thumbnail\" alt=\"\" srcset=\"https:\/\/fr.motocrossmag.be\/wp-content\/uploads\/2014\/08\/strijbos_IMG_0926-150x150.jpg 150w, https:\/\/fr.motocrossmag.be\/wp-content\/uploads\/2014\/08\/strijbos_IMG_0926-50x50.jpg 50w\" sizes=\"(max-width: 150px) 100vw, 150px\" \/><\/a>\n\t\t\t<\/div><\/figure><figure class='gallery-item'>\n\t\t\t<div class='gallery-icon landscape'>\n\t\t\t\t<a href='https:\/\/fr.motocrossmag.be\/index.php\/2014\/08\/photos-bmmx-a-orp-le-grand\/strijbos_img_1011\/'><img decoding=\"async\" width=\"150\" height=\"150\" src=\"https:\/\/fr.motocrossmag.be\/wp-content\/uploads\/2014\/08\/strijbos_IMG_1011-150x150.jpg\" class=\"attachment-thumbnail size-thumbnail\" alt=\"\" srcset=\"https:\/\/fr.motocrossmag.be\/wp-content\/uploads\/2014\/08\/strijbos_IMG_1011-150x150.jpg 150w, https:\/\/fr.motocrossmag.be\/wp-content\/uploads\/2014\/08\/strijbos_IMG_1011-50x50.jpg 50w\" sizes=\"(max-width: 150px) 100vw, 150px\" \/><\/a>\n\t\t\t<\/div><\/figure><figure class='gallery-item'>\n\t\t\t<div class='gallery-icon landscape'>\n\t\t\t\t<a href='https:\/\/fr.motocrossmag.be\/index.php\/2014\/08\/photos-bmmx-a-orp-le-grand\/tonkov_fp4a8010\/'><img decoding=\"async\" width=\"150\" height=\"150\" src=\"https:\/\/fr.motocrossmag.be\/wp-content\/uploads\/2014\/08\/tonkov_FP4A8010-150x150.jpg\" class=\"attachment-thumbnail size-thumbnail\" alt=\"\" srcset=\"https:\/\/fr.motocrossmag.be\/wp-content\/uploads\/2014\/08\/tonkov_FP4A8010-150x150.jpg 150w, https:\/\/fr.motocrossmag.be\/wp-content\/uploads\/2014\/08\/tonkov_FP4A8010-50x50.jpg 50w\" sizes=\"(max-width: 150px) 100vw, 150px\" \/><\/a>\n\t\t\t<\/div><\/figure><figure class='gallery-item'>\n\t\t\t<div class='gallery-icon landscape'>\n\t\t\t\t<a href='https:\/\/fr.motocrossmag.be\/index.php\/2014\/08\/photos-bmmx-a-orp-le-grand\/tonkov_fp4a8425\/'><img decoding=\"async\" width=\"150\" height=\"150\" src=\"https:\/\/fr.motocrossmag.be\/wp-content\/uploads\/2014\/08\/tonkov_FP4A8425-150x150.jpg\" class=\"attachment-thumbnail size-thumbnail\" alt=\"\" srcset=\"https:\/\/fr.motocrossmag.be\/wp-content\/uploads\/2014\/08\/tonkov_FP4A8425-150x150.jpg 150w, https:\/\/fr.motocrossmag.be\/wp-content\/uploads\/2014\/08\/tonkov_FP4A8425-50x50.jpg 50w\" sizes=\"(max-width: 150px) 100vw, 150px\" \/><\/a>\n\t\t\t<\/div><\/figure><figure class='gallery-item'>\n\t\t\t<div class='gallery-icon landscape'>\n\t\t\t\t<a href='https:\/\/fr.motocrossmag.be\/index.php\/2014\/08\/photos-bmmx-a-orp-le-grand\/tonkov_img_0037\/'><img decoding=\"async\" width=\"150\" height=\"150\" src=\"https:\/\/fr.motocrossmag.be\/wp-content\/uploads\/2014\/08\/tonkov_IMG_0037-150x150.jpg\" class=\"attachment-thumbnail size-thumbnail\" alt=\"\" srcset=\"https:\/\/fr.motocrossmag.be\/wp-content\/uploads\/2014\/08\/tonkov_IMG_0037-150x150.jpg 150w, https:\/\/fr.motocrossmag.be\/wp-content\/uploads\/2014\/08\/tonkov_IMG_0037-50x50.jpg 50w\" sizes=\"(max-width: 150px) 100vw, 150px\" \/><\/a>\n\t\t\t<\/div><\/figure><figure class='gallery-item'>\n\t\t\t<div class='gallery-icon landscape'>\n\t\t\t\t<a href='https:\/\/fr.motocrossmag.be\/index.php\/2014\/08\/photos-bmmx-a-orp-le-grand\/tonkov_img_0068\/'><img decoding=\"async\" width=\"150\" height=\"150\" src=\"https:\/\/fr.motocrossmag.be\/wp-content\/uploads\/2014\/08\/tonkov_IMG_0068-150x150.jpg\" class=\"attachment-thumbnail size-thumbnail\" alt=\"\" srcset=\"https:\/\/fr.motocrossmag.be\/wp-content\/uploads\/2014\/08\/tonkov_IMG_0068-150x150.jpg 150w, https:\/\/fr.motocrossmag.be\/wp-content\/uploads\/2014\/08\/tonkov_IMG_0068-50x50.jpg 50w\" sizes=\"(max-width: 150px) 100vw, 150px\" \/><\/a>\n\t\t\t<\/div><\/figure><figure class='gallery-item'>\n\t\t\t<div class='gallery-icon landscape'>\n\t\t\t\t<a href='https:\/\/fr.motocrossmag.be\/index.php\/2014\/08\/photos-bmmx-a-orp-le-grand\/tonkov_img_0947\/'><img decoding=\"async\" width=\"150\" height=\"150\" src=\"https:\/\/fr.motocrossmag.be\/wp-content\/uploads\/2014\/08\/tonkov_IMG_0947-150x150.jpg\" class=\"attachment-thumbnail size-thumbnail\" alt=\"\" srcset=\"https:\/\/fr.motocrossmag.be\/wp-content\/uploads\/2014\/08\/tonkov_IMG_0947-150x150.jpg 150w, https:\/\/fr.motocrossmag.be\/wp-content\/uploads\/2014\/08\/tonkov_IMG_0947-50x50.jpg 50w\" sizes=\"(max-width: 150px) 100vw, 150px\" \/><\/a>\n\t\t\t<\/div><\/figure><figure class='gallery-item'>\n\t\t\t<div class='gallery-icon landscape'>\n\t\t\t\t<a href='https:\/\/fr.motocrossmag.be\/index.php\/2014\/08\/photos-bmmx-a-orp-le-grand\/tonkov_img_0976\/'><img decoding=\"async\" width=\"150\" height=\"150\" src=\"https:\/\/fr.motocrossmag.be\/wp-content\/uploads\/2014\/08\/tonkov_IMG_0976-150x150.jpg\" class=\"attachment-thumbnail size-thumbnail\" alt=\"\" srcset=\"https:\/\/fr.motocrossmag.be\/wp-content\/uploads\/2014\/08\/tonkov_IMG_0976-150x150.jpg 150w, https:\/\/fr.motocrossmag.be\/wp-content\/uploads\/2014\/08\/tonkov_IMG_0976-50x50.jpg 50w\" sizes=\"(max-width: 150px) 100vw, 150px\" \/><\/a>\n\t\t\t<\/div><\/figure><figure class='gallery-item'>\n\t\t\t<div class='gallery-icon landscape'>\n\t\t\t\t<a href='https:\/\/fr.motocrossmag.be\/index.php\/2014\/08\/photos-bmmx-a-orp-le-grand\/truyts_fp4a8379\/'><img decoding=\"async\" width=\"150\" height=\"150\" src=\"https:\/\/fr.motocrossmag.be\/wp-content\/uploads\/2014\/08\/truyts_FP4A8379-150x150.jpg\" class=\"attachment-thumbnail size-thumbnail\" alt=\"\" srcset=\"https:\/\/fr.motocrossmag.be\/wp-content\/uploads\/2014\/08\/truyts_FP4A8379-150x150.jpg 150w, https:\/\/fr.motocrossmag.be\/wp-content\/uploads\/2014\/08\/truyts_FP4A8379-50x50.jpg 50w\" sizes=\"(max-width: 150px) 100vw, 150px\" \/><\/a>\n\t\t\t<\/div><\/figure><figure class='gallery-item'>\n\t\t\t<div class='gallery-icon landscape'>\n\t\t\t\t<a href='https:\/\/fr.motocrossmag.be\/index.php\/2014\/08\/photos-bmmx-a-orp-le-grand\/truyts_img_0785\/'><img decoding=\"async\" width=\"150\" height=\"150\" src=\"https:\/\/fr.motocrossmag.be\/wp-content\/uploads\/2014\/08\/truyts_IMG_0785-150x150.jpg\" class=\"attachment-thumbnail size-thumbnail\" alt=\"\" srcset=\"https:\/\/fr.motocrossmag.be\/wp-content\/uploads\/2014\/08\/truyts_IMG_0785-150x150.jpg 150w, https:\/\/fr.motocrossmag.be\/wp-content\/uploads\/2014\/08\/truyts_IMG_0785-50x50.jpg 50w\" sizes=\"(max-width: 150px) 100vw, 150px\" \/><\/a>\n\t\t\t<\/div><\/figure><figure class='gallery-item'>\n\t\t\t<div class='gallery-icon landscape'>\n\t\t\t\t<a href='https:\/\/fr.motocrossmag.be\/index.php\/2014\/08\/photos-bmmx-a-orp-le-grand\/truyts_simpson_img_0955\/'><img decoding=\"async\" width=\"150\" height=\"150\" src=\"https:\/\/fr.motocrossmag.be\/wp-content\/uploads\/2014\/08\/truyts_simpson_IMG_0955-150x150.jpg\" class=\"attachment-thumbnail size-thumbnail\" alt=\"\" srcset=\"https:\/\/fr.motocrossmag.be\/wp-content\/uploads\/2014\/08\/truyts_simpson_IMG_0955-150x150.jpg 150w, https:\/\/fr.motocrossmag.be\/wp-content\/uploads\/2014\/08\/truyts_simpson_IMG_0955-50x50.jpg 50w\" sizes=\"(max-width: 150px) 100vw, 150px\" \/><\/a>\n\t\t\t<\/div><\/figure><figure class='gallery-item'>\n\t\t\t<div class='gallery-icon landscape'>\n\t\t\t\t<a href='https:\/\/fr.motocrossmag.be\/index.php\/2014\/08\/photos-bmmx-a-orp-le-grand\/vangenechten_img_0659\/'><img decoding=\"async\" width=\"150\" height=\"150\" src=\"https:\/\/fr.motocrossmag.be\/wp-content\/uploads\/2014\/08\/vangenechten_IMG_0659-150x150.jpg\" class=\"attachment-thumbnail size-thumbnail\" alt=\"\" srcset=\"https:\/\/fr.motocrossmag.be\/wp-content\/uploads\/2014\/08\/vangenechten_IMG_0659-150x150.jpg 150w, https:\/\/fr.motocrossmag.be\/wp-content\/uploads\/2014\/08\/vangenechten_IMG_0659-50x50.jpg 50w\" sizes=\"(max-width: 150px) 100vw, 150px\" \/><\/a>\n\t\t\t<\/div><\/figure><figure class='gallery-item'>\n\t\t\t<div class='gallery-icon landscape'>\n\t\t\t\t<a href='https:\/\/fr.motocrossmag.be\/index.php\/2014\/08\/photos-bmmx-a-orp-le-grand\/vdaele_fp4a8526\/'><img decoding=\"async\" width=\"150\" height=\"150\" src=\"https:\/\/fr.motocrossmag.be\/wp-content\/uploads\/2014\/08\/vdaele_FP4A8526-150x150.jpg\" class=\"attachment-thumbnail size-thumbnail\" alt=\"\" srcset=\"https:\/\/fr.motocrossmag.be\/wp-content\/uploads\/2014\/08\/vdaele_FP4A8526-150x150.jpg 150w, https:\/\/fr.motocrossmag.be\/wp-content\/uploads\/2014\/08\/vdaele_FP4A8526-50x50.jpg 50w\" sizes=\"(max-width: 150px) 100vw, 150px\" \/><\/a>\n\t\t\t<\/div><\/figure><figure class='gallery-item'>\n\t\t\t<div class='gallery-icon landscape'>\n\t\t\t\t<a href='https:\/\/fr.motocrossmag.be\/index.php\/2014\/08\/photos-bmmx-a-orp-le-grand\/vdonick_fp4a8133\/'><img decoding=\"async\" width=\"150\" height=\"150\" src=\"https:\/\/fr.motocrossmag.be\/wp-content\/uploads\/2014\/08\/vdonick_FP4A8133-150x150.jpg\" class=\"attachment-thumbnail size-thumbnail\" alt=\"\" srcset=\"https:\/\/fr.motocrossmag.be\/wp-content\/uploads\/2014\/08\/vdonick_FP4A8133-150x150.jpg 150w, https:\/\/fr.motocrossmag.be\/wp-content\/uploads\/2014\/08\/vdonick_FP4A8133-50x50.jpg 50w\" sizes=\"(max-width: 150px) 100vw, 150px\" \/><\/a>\n\t\t\t<\/div><\/figure><figure class='gallery-item'>\n\t\t\t<div class='gallery-icon landscape'>\n\t\t\t\t<a href='https:\/\/fr.motocrossmag.be\/index.php\/2014\/08\/photos-bmmx-a-orp-le-grand\/vdoninck_fp4a8167\/'><img decoding=\"async\" width=\"150\" height=\"150\" src=\"https:\/\/fr.motocrossmag.be\/wp-content\/uploads\/2014\/08\/vdoninck_FP4A8167-150x150.jpg\" class=\"attachment-thumbnail size-thumbnail\" alt=\"\" srcset=\"https:\/\/fr.motocrossmag.be\/wp-content\/uploads\/2014\/08\/vdoninck_FP4A8167-150x150.jpg 150w, https:\/\/fr.motocrossmag.be\/wp-content\/uploads\/2014\/08\/vdoninck_FP4A8167-50x50.jpg 50w\" sizes=\"(max-width: 150px) 100vw, 150px\" \/><\/a>\n\t\t\t<\/div><\/figure><figure class='gallery-item'>\n\t\t\t<div class='gallery-icon landscape'>\n\t\t\t\t<a href='https:\/\/fr.motocrossmag.be\/index.php\/2014\/08\/photos-bmmx-a-orp-le-grand\/vdoninck_img_0501\/'><img decoding=\"async\" width=\"150\" height=\"150\" src=\"https:\/\/fr.motocrossmag.be\/wp-content\/uploads\/2014\/08\/vdoninck_IMG_0501-150x150.jpg\" class=\"attachment-thumbnail size-thumbnail\" alt=\"\" srcset=\"https:\/\/fr.motocrossmag.be\/wp-content\/uploads\/2014\/08\/vdoninck_IMG_0501-150x150.jpg 150w, https:\/\/fr.motocrossmag.be\/wp-content\/uploads\/2014\/08\/vdoninck_IMG_0501-50x50.jpg 50w\" sizes=\"(max-width: 150px) 100vw, 150px\" \/><\/a>\n\t\t\t<\/div><\/figure><figure class='gallery-item'>\n\t\t\t<div class='gallery-icon landscape'>\n\t\t\t\t<a href='https:\/\/fr.motocrossmag.be\/index.php\/2014\/08\/photos-bmmx-a-orp-le-grand\/vdoninck_img_0589\/'><img decoding=\"async\" width=\"150\" height=\"150\" src=\"https:\/\/fr.motocrossmag.be\/wp-content\/uploads\/2014\/08\/vdoninck_IMG_0589-150x150.jpg\" class=\"attachment-thumbnail size-thumbnail\" alt=\"\" srcset=\"https:\/\/fr.motocrossmag.be\/wp-content\/uploads\/2014\/08\/vdoninck_IMG_0589-150x150.jpg 150w, https:\/\/fr.motocrossmag.be\/wp-content\/uploads\/2014\/08\/vdoninck_IMG_0589-50x50.jpg 50w\" sizes=\"(max-width: 150px) 100vw, 150px\" \/><\/a>\n\t\t\t<\/div><\/figure><figure class='gallery-item'>\n\t\t\t<div class='gallery-icon portrait'>\n\t\t\t\t<a href='https:\/\/fr.motocrossmag.be\/index.php\/2014\/08\/photos-bmmx-a-orp-le-grand\/vdueren_fp4a8399-600x900\/'><img decoding=\"async\" width=\"150\" height=\"150\" src=\"https:\/\/fr.motocrossmag.be\/wp-content\/uploads\/2014\/08\/vdueren_FP4A8399-600x900-150x150.jpg\" class=\"attachment-thumbnail size-thumbnail\" alt=\"\" srcset=\"https:\/\/fr.motocrossmag.be\/wp-content\/uploads\/2014\/08\/vdueren_FP4A8399-600x900-150x150.jpg 150w, https:\/\/fr.motocrossmag.be\/wp-content\/uploads\/2014\/08\/vdueren_FP4A8399-600x900-50x50.jpg 50w\" sizes=\"(max-width: 150px) 100vw, 150px\" \/><\/a>\n\t\t\t<\/div><\/figure><figure class='gallery-item'>\n\t\t\t<div class='gallery-icon landscape'>\n\t\t\t\t<a href='https:\/\/fr.motocrossmag.be\/index.php\/2014\/08\/photos-bmmx-a-orp-le-grand\/vdueren_fp4a8536\/'><img decoding=\"async\" width=\"150\" height=\"150\" src=\"https:\/\/fr.motocrossmag.be\/wp-content\/uploads\/2014\/08\/vdueren_FP4A8536-150x150.jpg\" class=\"attachment-thumbnail size-thumbnail\" alt=\"\" srcset=\"https:\/\/fr.motocrossmag.be\/wp-content\/uploads\/2014\/08\/vdueren_FP4A8536-150x150.jpg 150w, https:\/\/fr.motocrossmag.be\/wp-content\/uploads\/2014\/08\/vdueren_FP4A8536-50x50.jpg 50w\" sizes=\"(max-width: 150px) 100vw, 150px\" \/><\/a>\n\t\t\t<\/div><\/figure><figure class='gallery-item'>\n\t\t\t<div class='gallery-icon landscape'>\n\t\t\t\t<a href='https:\/\/fr.motocrossmag.be\/index.php\/2014\/08\/photos-bmmx-a-orp-le-grand\/vdueren_img_0138\/'><img decoding=\"async\" width=\"150\" height=\"150\" src=\"https:\/\/fr.motocrossmag.be\/wp-content\/uploads\/2014\/08\/vdueren_IMG_0138-150x150.jpg\" class=\"attachment-thumbnail size-thumbnail\" alt=\"\" srcset=\"https:\/\/fr.motocrossmag.be\/wp-content\/uploads\/2014\/08\/vdueren_IMG_0138-150x150.jpg 150w, https:\/\/fr.motocrossmag.be\/wp-content\/uploads\/2014\/08\/vdueren_IMG_0138-50x50.jpg 50w\" sizes=\"(max-width: 150px) 100vw, 150px\" \/><\/a>\n\t\t\t<\/div><\/figure><figure class='gallery-item'>\n\t\t\t<div class='gallery-icon landscape'>\n\t\t\t\t<a href='https:\/\/fr.motocrossmag.be\/index.php\/2014\/08\/photos-bmmx-a-orp-le-grand\/vdvlist_img_0311\/'><img decoding=\"async\" width=\"150\" height=\"150\" src=\"https:\/\/fr.motocrossmag.be\/wp-content\/uploads\/2014\/08\/vdvlist_IMG_0311-150x150.jpg\" class=\"attachment-thumbnail size-thumbnail\" alt=\"\" srcset=\"https:\/\/fr.motocrossmag.be\/wp-content\/uploads\/2014\/08\/vdvlist_IMG_0311-150x150.jpg 150w, https:\/\/fr.motocrossmag.be\/wp-content\/uploads\/2014\/08\/vdvlist_IMG_0311-50x50.jpg 50w\" sizes=\"(max-width: 150px) 100vw, 150px\" \/><\/a>\n\t\t\t<\/div><\/figure><figure class='gallery-item'>\n\t\t\t<div class='gallery-icon landscape'>\n\t\t\t\t<a href='https:\/\/fr.motocrossmag.be\/index.php\/2014\/08\/photos-bmmx-a-orp-le-grand\/vdvlist_img_0892\/'><img decoding=\"async\" width=\"150\" height=\"150\" src=\"https:\/\/fr.motocrossmag.be\/wp-content\/uploads\/2014\/08\/vdvlist_IMG_0892-150x150.jpg\" class=\"attachment-thumbnail size-thumbnail\" alt=\"\" srcset=\"https:\/\/fr.motocrossmag.be\/wp-content\/uploads\/2014\/08\/vdvlist_IMG_0892-150x150.jpg 150w, https:\/\/fr.motocrossmag.be\/wp-content\/uploads\/2014\/08\/vdvlist_IMG_0892-50x50.jpg 50w\" sizes=\"(max-width: 150px) 100vw, 150px\" \/><\/a>\n\t\t\t<\/div><\/figure><figure class='gallery-item'>\n\t\t\t<div class='gallery-icon landscape'>\n\t\t\t\t<a href='https:\/\/fr.motocrossmag.be\/index.php\/2014\/08\/photos-bmmx-a-orp-le-grand\/velkeneers_img_0451\/'><img decoding=\"async\" width=\"150\" height=\"150\" src=\"https:\/\/fr.motocrossmag.be\/wp-content\/uploads\/2014\/08\/velkeneers_IMG_0451-150x150.jpg\" class=\"attachment-thumbnail size-thumbnail\" alt=\"\" srcset=\"https:\/\/fr.motocrossmag.be\/wp-content\/uploads\/2014\/08\/velkeneers_IMG_0451-150x150.jpg 150w, https:\/\/fr.motocrossmag.be\/wp-content\/uploads\/2014\/08\/velkeneers_IMG_0451-50x50.jpg 50w\" sizes=\"(max-width: 150px) 100vw, 150px\" \/><\/a>\n\t\t\t<\/div><\/figure><figure class='gallery-item'>\n\t\t\t<div class='gallery-icon landscape'>\n\t\t\t\t<a href='https:\/\/fr.motocrossmag.be\/index.php\/2014\/08\/photos-bmmx-a-orp-le-grand\/vertommen_fp4a8103\/'><img decoding=\"async\" width=\"150\" height=\"150\" src=\"https:\/\/fr.motocrossmag.be\/wp-content\/uploads\/2014\/08\/vertommen_FP4A8103-150x150.jpg\" class=\"attachment-thumbnail size-thumbnail\" alt=\"\" srcset=\"https:\/\/fr.motocrossmag.be\/wp-content\/uploads\/2014\/08\/vertommen_FP4A8103-150x150.jpg 150w, https:\/\/fr.motocrossmag.be\/wp-content\/uploads\/2014\/08\/vertommen_FP4A8103-50x50.jpg 50w\" sizes=\"(max-width: 150px) 100vw, 150px\" \/><\/a>\n\t\t\t<\/div><\/figure><figure class='gallery-item'>\n\t\t\t<div class='gallery-icon landscape'>\n\t\t\t\t<a href='https:\/\/fr.motocrossmag.be\/index.php\/2014\/08\/photos-bmmx-a-orp-le-grand\/vilvorder_fp4a8489\/'><img decoding=\"async\" width=\"150\" height=\"150\" src=\"https:\/\/fr.motocrossmag.be\/wp-content\/uploads\/2014\/08\/vilvorder_FP4A8489-150x150.jpg\" class=\"attachment-thumbnail size-thumbnail\" alt=\"\" srcset=\"https:\/\/fr.motocrossmag.be\/wp-content\/uploads\/2014\/08\/vilvorder_FP4A8489-150x150.jpg 150w, https:\/\/fr.motocrossmag.be\/wp-content\/uploads\/2014\/08\/vilvorder_FP4A8489-50x50.jpg 50w\" sizes=\"(max-width: 150px) 100vw, 150px\" \/><\/a>\n\t\t\t<\/div><\/figure><figure class='gallery-item'>\n\t\t\t<div class='gallery-icon landscape'>\n\t\t\t\t<a href='https:\/\/fr.motocrossmag.be\/index.php\/2014\/08\/photos-bmmx-a-orp-le-grand\/vmeer_img_0902\/'><img decoding=\"async\" width=\"150\" height=\"150\" src=\"https:\/\/fr.motocrossmag.be\/wp-content\/uploads\/2014\/08\/vmeer_IMG_0902-150x150.jpg\" class=\"attachment-thumbnail size-thumbnail\" alt=\"\" srcset=\"https:\/\/fr.motocrossmag.be\/wp-content\/uploads\/2014\/08\/vmeer_IMG_0902-150x150.jpg 150w, https:\/\/fr.motocrossmag.be\/wp-content\/uploads\/2014\/08\/vmeer_IMG_0902-50x50.jpg 50w\" sizes=\"(max-width: 150px) 100vw, 150px\" \/><\/a>\n\t\t\t<\/div><\/figure><figure class='gallery-item'>\n\t\t\t<div class='gallery-icon landscape'>\n\t\t\t\t<a href='https:\/\/fr.motocrossmag.be\/index.php\/2014\/08\/photos-bmmx-a-orp-le-grand\/vromans_img_0571\/'><img decoding=\"async\" width=\"150\" height=\"150\" src=\"https:\/\/fr.motocrossmag.be\/wp-content\/uploads\/2014\/08\/vromans_IMG_0571-150x150.jpg\" class=\"attachment-thumbnail size-thumbnail\" alt=\"\" srcset=\"https:\/\/fr.motocrossmag.be\/wp-content\/uploads\/2014\/08\/vromans_IMG_0571-150x150.jpg 150w, https:\/\/fr.motocrossmag.be\/wp-content\/uploads\/2014\/08\/vromans_IMG_0571-50x50.jpg 50w\" sizes=\"(max-width: 150px) 100vw, 150px\" \/><\/a>\n\t\t\t<\/div><\/figure>\n\t\t<\/div>\n\n","protected":false},"excerpt":{"rendered":"<p>Nos photographes \u00ab\u00a0maison\u00a0\u00bb CDS et Vepix unissent leurs talents pour nous proposer une galerie grand format de la 4\u00e8me manche des Belgian Masters of Motocross \u00e0 Orp-Le-Grand. Plus de 150 images de cet \u00e9v\u00e9nement haut en couleurs vous attendent ! Photos: CDS &amp; Frederik \u00ab\u00a0Vepix\u00a0\u00bb Van Eeckhoven &nbsp;<\/p>\n","protected":false},"author":932,"featured_media":26488,"comment_status":"open","ping_status":"closed","sticky":false,"template":"","format":"standard","meta":{"tdm_status":"","tdm_grid_status":"","footnotes":""},"categories":[54,4,29,55,66,65],"tags":[],"class_list":["post-26428","post","type-post","status-publish","format-standard","has-post-thumbnail","category-actualite","category-motocross","category-fmb","category-news-actualite","category-photos","category-slideshow"],"yoast_head":"<!-- This site is optimized with the Yoast SEO plugin v28.3 - https:\/\/yoast.com\/product\/yoast-seo-wordpress\/ -->\n<title>Photos: BMMX \u00e0 Orp-Le-Grand - Motocross - Enduro - Supermoto | MotocrossMag<\/title>\n<meta name=\"robots\" content=\"index, follow, max-snippet:-1, max-image-preview:large, max-video-preview:-1\" \/>\n<link rel=\"canonical\" href=\"https:\/\/fr.motocrossmag.be\/index.php\/2014\/08\/photos-bmmx-a-orp-le-grand\/\" \/>\n<meta property=\"og:locale\" content=\"fr_FR\" \/>\n<meta property=\"og:type\" content=\"article\" \/>\n<meta property=\"og:title\" content=\"Photos: BMMX \u00e0 Orp-Le-Grand - Motocross - Enduro - Supermoto | MotocrossMag\" \/>\n<meta property=\"og:description\" content=\"Nos photographes \u00ab\u00a0maison\u00a0\u00bb CDS et Vepix unissent leurs talents pour nous proposer une galerie grand format de la 4\u00e8me manche des Belgian Masters of Motocross \u00e0 Orp-Le-Grand. Plus de 150 images de cet \u00e9v\u00e9nement haut en couleurs vous attendent ! Photos: CDS &amp; Frederik \u00ab\u00a0Vepix\u00a0\u00bb Van Eeckhoven &nbsp;\" \/>\n<meta property=\"og:url\" content=\"https:\/\/fr.motocrossmag.be\/index.php\/2014\/08\/photos-bmmx-a-orp-le-grand\/\" \/>\n<meta property=\"og:site_name\" content=\"Motocross - Enduro - Supermoto | MotocrossMag\" \/>\n<meta property=\"article:published_time\" content=\"2014-08-26T21:10:37+00:00\" \/>\n<meta property=\"og:image\" content=\"https:\/\/fr.motocrossmag.be\/wp-content\/uploads\/2014\/08\/20140824BKOrpLeGrand060.jpg\" \/>\n\t<meta property=\"og:image:width\" content=\"1024\" \/>\n\t<meta property=\"og:image:height\" content=\"639\" \/>\n\t<meta property=\"og:image:type\" content=\"image\/jpeg\" \/>\n<meta name=\"author\" content=\"oliviere\" \/>\n<meta name=\"twitter:card\" content=\"summary_large_image\" \/>\n<meta name=\"twitter:label1\" content=\"\u00c9crit par\" \/>\n\t<meta name=\"twitter:data1\" content=\"oliviere\" \/>\n<script type=\"application\/ld+json\" class=\"yoast-schema-graph\">{\"@context\":\"https:\\\/\\\/schema.org\",\"@graph\":[{\"@type\":\"Article\",\"@id\":\"https:\\\/\\\/fr.motocrossmag.be\\\/index.php\\\/2014\\\/08\\\/photos-bmmx-a-orp-le-grand\\\/#article\",\"isPartOf\":{\"@id\":\"https:\\\/\\\/fr.motocrossmag.be\\\/index.php\\\/2014\\\/08\\\/photos-bmmx-a-orp-le-grand\\\/\"},\"author\":{\"name\":\"oliviere\",\"@id\":\"https:\\\/\\\/fr.motocrossmag.be\\\/#\\\/schema\\\/person\\\/11b47143d9f755babca2c9110e03235c\"},\"headline\":\"Photos: BMMX \u00e0 Orp-Le-Grand\",\"datePublished\":\"2014-08-26T21:10:37+00:00\",\"mainEntityOfPage\":{\"@id\":\"https:\\\/\\\/fr.motocrossmag.be\\\/index.php\\\/2014\\\/08\\\/photos-bmmx-a-orp-le-grand\\\/\"},\"wordCount\":51,\"commentCount\":0,\"image\":{\"@id\":\"https:\\\/\\\/fr.motocrossmag.be\\\/index.php\\\/2014\\\/08\\\/photos-bmmx-a-orp-le-grand\\\/#primaryimage\"},\"thumbnailUrl\":\"https:\\\/\\\/fr.motocrossmag.be\\\/wp-content\\\/uploads\\\/2014\\\/08\\\/20140824BKOrpLeGrand060.jpg\",\"articleSection\":[\"Actualit\u00e9\",\"Motocross\",\"Motocross FMB\",\"News\",\"Photos\",\"Slideshow\"],\"inLanguage\":\"fr-FR\",\"potentialAction\":[{\"@type\":\"CommentAction\",\"name\":\"Comment\",\"target\":[\"https:\\\/\\\/fr.motocrossmag.be\\\/index.php\\\/2014\\\/08\\\/photos-bmmx-a-orp-le-grand\\\/#respond\"]}]},{\"@type\":\"WebPage\",\"@id\":\"https:\\\/\\\/fr.motocrossmag.be\\\/index.php\\\/2014\\\/08\\\/photos-bmmx-a-orp-le-grand\\\/\",\"url\":\"https:\\\/\\\/fr.motocrossmag.be\\\/index.php\\\/2014\\\/08\\\/photos-bmmx-a-orp-le-grand\\\/\",\"name\":\"Photos: BMMX \u00e0 Orp-Le-Grand - Motocross - Enduro - Supermoto | MotocrossMag\",\"isPartOf\":{\"@id\":\"https:\\\/\\\/fr.motocrossmag.be\\\/#website\"},\"primaryImageOfPage\":{\"@id\":\"https:\\\/\\\/fr.motocrossmag.be\\\/index.php\\\/2014\\\/08\\\/photos-bmmx-a-orp-le-grand\\\/#primaryimage\"},\"image\":{\"@id\":\"https:\\\/\\\/fr.motocrossmag.be\\\/index.php\\\/2014\\\/08\\\/photos-bmmx-a-orp-le-grand\\\/#primaryimage\"},\"thumbnailUrl\":\"https:\\\/\\\/fr.motocrossmag.be\\\/wp-content\\\/uploads\\\/2014\\\/08\\\/20140824BKOrpLeGrand060.jpg\",\"datePublished\":\"2014-08-26T21:10:37+00:00\",\"author\":{\"@id\":\"https:\\\/\\\/fr.motocrossmag.be\\\/#\\\/schema\\\/person\\\/11b47143d9f755babca2c9110e03235c\"},\"breadcrumb\":{\"@id\":\"https:\\\/\\\/fr.motocrossmag.be\\\/index.php\\\/2014\\\/08\\\/photos-bmmx-a-orp-le-grand\\\/#breadcrumb\"},\"inLanguage\":\"fr-FR\",\"potentialAction\":[{\"@type\":\"ReadAction\",\"target\":[\"https:\\\/\\\/fr.motocrossmag.be\\\/index.php\\\/2014\\\/08\\\/photos-bmmx-a-orp-le-grand\\\/\"]}]},{\"@type\":\"ImageObject\",\"inLanguage\":\"fr-FR\",\"@id\":\"https:\\\/\\\/fr.motocrossmag.be\\\/index.php\\\/2014\\\/08\\\/photos-bmmx-a-orp-le-grand\\\/#primaryimage\",\"url\":\"https:\\\/\\\/fr.motocrossmag.be\\\/wp-content\\\/uploads\\\/2014\\\/08\\\/20140824BKOrpLeGrand060.jpg\",\"contentUrl\":\"https:\\\/\\\/fr.motocrossmag.be\\\/wp-content\\\/uploads\\\/2014\\\/08\\\/20140824BKOrpLeGrand060.jpg\",\"width\":1024,\"height\":639},{\"@type\":\"BreadcrumbList\",\"@id\":\"https:\\\/\\\/fr.motocrossmag.be\\\/index.php\\\/2014\\\/08\\\/photos-bmmx-a-orp-le-grand\\\/#breadcrumb\",\"itemListElement\":[{\"@type\":\"ListItem\",\"position\":1,\"name\":\"Accueil\",\"item\":\"https:\\\/\\\/fr.motocrossmag.be\\\/\"},{\"@type\":\"ListItem\",\"position\":2,\"name\":\"Photos: BMMX \u00e0 Orp-Le-Grand\"}]},{\"@type\":\"WebSite\",\"@id\":\"https:\\\/\\\/fr.motocrossmag.be\\\/#website\",\"url\":\"https:\\\/\\\/fr.motocrossmag.be\\\/\",\"name\":\"Motocross - Enduro - Supermoto | MotocrossMag\",\"description\":\"L&#039;actualit\u00e9 du motocross, de l&#039;enduro et du Supermoto en ligne!\",\"potentialAction\":[{\"@type\":\"SearchAction\",\"target\":{\"@type\":\"EntryPoint\",\"urlTemplate\":\"https:\\\/\\\/fr.motocrossmag.be\\\/?s={search_term_string}\"},\"query-input\":{\"@type\":\"PropertyValueSpecification\",\"valueRequired\":true,\"valueName\":\"search_term_string\"}}],\"inLanguage\":\"fr-FR\"},{\"@type\":\"Person\",\"@id\":\"https:\\\/\\\/fr.motocrossmag.be\\\/#\\\/schema\\\/person\\\/11b47143d9f755babca2c9110e03235c\",\"name\":\"oliviere\",\"image\":{\"@type\":\"ImageObject\",\"inLanguage\":\"fr-FR\",\"@id\":\"https:\\\/\\\/secure.gravatar.com\\\/avatar\\\/907069e0b81d119452040469e4a7501da1100f54f7f80180ce77bfab718288f6?s=96&d=mm&r=g\",\"url\":\"https:\\\/\\\/secure.gravatar.com\\\/avatar\\\/907069e0b81d119452040469e4a7501da1100f54f7f80180ce77bfab718288f6?s=96&d=mm&r=g\",\"contentUrl\":\"https:\\\/\\\/secure.gravatar.com\\\/avatar\\\/907069e0b81d119452040469e4a7501da1100f54f7f80180ce77bfab718288f6?s=96&d=mm&r=g\",\"caption\":\"oliviere\"},\"sameAs\":[\"http:\\\/\\\/www.motocrossmag.be\"],\"url\":\"https:\\\/\\\/fr.motocrossmag.be\\\/index.php\\\/author\\\/oliviere\\\/\"}]}<\/script>\n<!-- \/ Yoast SEO plugin. -->","yoast_head_json":{"title":"Photos: BMMX \u00e0 Orp-Le-Grand - Motocross - Enduro - Supermoto | MotocrossMag","robots":{"index":"index","follow":"follow","max-snippet":"max-snippet:-1","max-image-preview":"max-image-preview:large","max-video-preview":"max-video-preview:-1"},"canonical":"https:\/\/fr.motocrossmag.be\/index.php\/2014\/08\/photos-bmmx-a-orp-le-grand\/","og_locale":"fr_FR","og_type":"article","og_title":"Photos: BMMX \u00e0 Orp-Le-Grand - Motocross - Enduro - Supermoto | MotocrossMag","og_description":"Nos photographes \u00ab\u00a0maison\u00a0\u00bb CDS et Vepix unissent leurs talents pour nous proposer une galerie grand format de la 4\u00e8me manche des Belgian Masters of Motocross \u00e0 Orp-Le-Grand. Plus de 150 images de cet \u00e9v\u00e9nement haut en couleurs vous attendent ! Photos: CDS &amp; Frederik \u00ab\u00a0Vepix\u00a0\u00bb Van Eeckhoven &nbsp;","og_url":"https:\/\/fr.motocrossmag.be\/index.php\/2014\/08\/photos-bmmx-a-orp-le-grand\/","og_site_name":"Motocross - Enduro - Supermoto | MotocrossMag","article_published_time":"2014-08-26T21:10:37+00:00","og_image":[{"width":1024,"height":639,"url":"https:\/\/fr.motocrossmag.be\/wp-content\/uploads\/2014\/08\/20140824BKOrpLeGrand060.jpg","type":"image\/jpeg"}],"author":"oliviere","twitter_card":"summary_large_image","twitter_misc":{"\u00c9crit par":"oliviere"},"schema":{"@context":"https:\/\/schema.org","@graph":[{"@type":"Article","@id":"https:\/\/fr.motocrossmag.be\/index.php\/2014\/08\/photos-bmmx-a-orp-le-grand\/#article","isPartOf":{"@id":"https:\/\/fr.motocrossmag.be\/index.php\/2014\/08\/photos-bmmx-a-orp-le-grand\/"},"author":{"name":"oliviere","@id":"https:\/\/fr.motocrossmag.be\/#\/schema\/person\/11b47143d9f755babca2c9110e03235c"},"headline":"Photos: BMMX \u00e0 Orp-Le-Grand","datePublished":"2014-08-26T21:10:37+00:00","mainEntityOfPage":{"@id":"https:\/\/fr.motocrossmag.be\/index.php\/2014\/08\/photos-bmmx-a-orp-le-grand\/"},"wordCount":51,"commentCount":0,"image":{"@id":"https:\/\/fr.motocrossmag.be\/index.php\/2014\/08\/photos-bmmx-a-orp-le-grand\/#primaryimage"},"thumbnailUrl":"https:\/\/fr.motocrossmag.be\/wp-content\/uploads\/2014\/08\/20140824BKOrpLeGrand060.jpg","articleSection":["Actualit\u00e9","Motocross","Motocross FMB","News","Photos","Slideshow"],"inLanguage":"fr-FR","potentialAction":[{"@type":"CommentAction","name":"Comment","target":["https:\/\/fr.motocrossmag.be\/index.php\/2014\/08\/photos-bmmx-a-orp-le-grand\/#respond"]}]},{"@type":"WebPage","@id":"https:\/\/fr.motocrossmag.be\/index.php\/2014\/08\/photos-bmmx-a-orp-le-grand\/","url":"https:\/\/fr.motocrossmag.be\/index.php\/2014\/08\/photos-bmmx-a-orp-le-grand\/","name":"Photos: BMMX \u00e0 Orp-Le-Grand - Motocross - Enduro - Supermoto | MotocrossMag","isPartOf":{"@id":"https:\/\/fr.motocrossmag.be\/#website"},"primaryImageOfPage":{"@id":"https:\/\/fr.motocrossmag.be\/index.php\/2014\/08\/photos-bmmx-a-orp-le-grand\/#primaryimage"},"image":{"@id":"https:\/\/fr.motocrossmag.be\/index.php\/2014\/08\/photos-bmmx-a-orp-le-grand\/#primaryimage"},"thumbnailUrl":"https:\/\/fr.motocrossmag.be\/wp-content\/uploads\/2014\/08\/20140824BKOrpLeGrand060.jpg","datePublished":"2014-08-26T21:10:37+00:00","author":{"@id":"https:\/\/fr.motocrossmag.be\/#\/schema\/person\/11b47143d9f755babca2c9110e03235c"},"breadcrumb":{"@id":"https:\/\/fr.motocrossmag.be\/index.php\/2014\/08\/photos-bmmx-a-orp-le-grand\/#breadcrumb"},"inLanguage":"fr-FR","potentialAction":[{"@type":"ReadAction","target":["https:\/\/fr.motocrossmag.be\/index.php\/2014\/08\/photos-bmmx-a-orp-le-grand\/"]}]},{"@type":"ImageObject","inLanguage":"fr-FR","@id":"https:\/\/fr.motocrossmag.be\/index.php\/2014\/08\/photos-bmmx-a-orp-le-grand\/#primaryimage","url":"https:\/\/fr.motocrossmag.be\/wp-content\/uploads\/2014\/08\/20140824BKOrpLeGrand060.jpg","contentUrl":"https:\/\/fr.motocrossmag.be\/wp-content\/uploads\/2014\/08\/20140824BKOrpLeGrand060.jpg","width":1024,"height":639},{"@type":"BreadcrumbList","@id":"https:\/\/fr.motocrossmag.be\/index.php\/2014\/08\/photos-bmmx-a-orp-le-grand\/#breadcrumb","itemListElement":[{"@type":"ListItem","position":1,"name":"Accueil","item":"https:\/\/fr.motocrossmag.be\/"},{"@type":"ListItem","position":2,"name":"Photos: BMMX \u00e0 Orp-Le-Grand"}]},{"@type":"WebSite","@id":"https:\/\/fr.motocrossmag.be\/#website","url":"https:\/\/fr.motocrossmag.be\/","name":"Motocross - Enduro - Supermoto | MotocrossMag","description":"L&#039;actualit\u00e9 du motocross, de l&#039;enduro et du Supermoto en ligne!","potentialAction":[{"@type":"SearchAction","target":{"@type":"EntryPoint","urlTemplate":"https:\/\/fr.motocrossmag.be\/?s={search_term_string}"},"query-input":{"@type":"PropertyValueSpecification","valueRequired":true,"valueName":"search_term_string"}}],"inLanguage":"fr-FR"},{"@type":"Person","@id":"https:\/\/fr.motocrossmag.be\/#\/schema\/person\/11b47143d9f755babca2c9110e03235c","name":"oliviere","image":{"@type":"ImageObject","inLanguage":"fr-FR","@id":"https:\/\/secure.gravatar.com\/avatar\/907069e0b81d119452040469e4a7501da1100f54f7f80180ce77bfab718288f6?s=96&d=mm&r=g","url":"https:\/\/secure.gravatar.com\/avatar\/907069e0b81d119452040469e4a7501da1100f54f7f80180ce77bfab718288f6?s=96&d=mm&r=g","contentUrl":"https:\/\/secure.gravatar.com\/avatar\/907069e0b81d119452040469e4a7501da1100f54f7f80180ce77bfab718288f6?s=96&d=mm&r=g","caption":"oliviere"},"sameAs":["http:\/\/www.motocrossmag.be"],"url":"https:\/\/fr.motocrossmag.be\/index.php\/author\/oliviere\/"}]}},"_links":{"self":[{"href":"https:\/\/fr.motocrossmag.be\/index.php\/wp-json\/wp\/v2\/posts\/26428","targetHints":{"allow":["GET"]}}],"collection":[{"href":"https:\/\/fr.motocrossmag.be\/index.php\/wp-json\/wp\/v2\/posts"}],"about":[{"href":"https:\/\/fr.motocrossmag.be\/index.php\/wp-json\/wp\/v2\/types\/post"}],"author":[{"embeddable":true,"href":"https:\/\/fr.motocrossmag.be\/index.php\/wp-json\/wp\/v2\/users\/932"}],"replies":[{"embeddable":true,"href":"https:\/\/fr.motocrossmag.be\/index.php\/wp-json\/wp\/v2\/comments?post=26428"}],"version-history":[{"count":1,"href":"https:\/\/fr.motocrossmag.be\/index.php\/wp-json\/wp\/v2\/posts\/26428\/revisions"}],"predecessor-version":[{"id":26580,"href":"https:\/\/fr.motocrossmag.be\/index.php\/wp-json\/wp\/v2\/posts\/26428\/revisions\/26580"}],"wp:featuredmedia":[{"embeddable":true,"href":"https:\/\/fr.motocrossmag.be\/index.php\/wp-json\/wp\/v2\/media\/26488"}],"wp:attachment":[{"href":"https:\/\/fr.motocrossmag.be\/index.php\/wp-json\/wp\/v2\/media?parent=26428"}],"wp:term":[{"taxonomy":"category","embeddable":true,"href":"https:\/\/fr.motocrossmag.be\/index.php\/wp-json\/wp\/v2\/categories?post=26428"},{"taxonomy":"post_tag","embeddable":true,"href":"https:\/\/fr.motocrossmag.be\/index.php\/wp-json\/wp\/v2\/tags?post=26428"}],"curies":[{"name":"wp","href":"https:\/\/api.w.org\/{rel}","templated":true}]}}