{"id":26918,"date":"2014-09-10T22:33:16","date_gmt":"2014-09-10T20:33:16","guid":{"rendered":"http:\/\/fr.motocrossmag.be\/?p=26918"},"modified":"2014-09-10T22:33:16","modified_gmt":"2014-09-10T20:33:16","slug":"photos-mxgp-a-trindade","status":"publish","type":"post","link":"https:\/\/fr.motocrossmag.be\/index.php\/2014\/09\/photos-mxgp-a-trindade\/","title":{"rendered":"Photos: MXGP \u00e0 Trindade"},"content":{"rendered":"<p>La saison MXGP est presque termin\u00e9e. Elle s&rsquo;ach\u00e8vera ce week-end avec le GP du Mexique, o\u00f9 se jouera le titre mondial MX2. En attendant, revenons sur le GP de Trindade disput\u00e9 le week-end dernier \u00e0 l&rsquo;occasion du second passage de la saison du championnat au Br\u00e9sil.<\/p>\n<p>Photos: CDS<\/p><div class=\"mfzqr6a96e10b594f3\" ><!-- \/91277017\/Inline-articles-mobile -->\n<div style=\"margin:auto; text-align:center !important\">\n<div id='div-gpt-ad-1784982661365-0' style='min-width: 250px; min-height: 75px;'>\n  <script>\n    googletag.cmd.push(function() { googletag.display('div-gpt-ad-1784982661365-0'); });\n  <\/script>\n<\/div><\/div><\/div><style type=\"text\/css\">\r\n.mfzqr6a96e10b594f3 {\r\nmargin-bottom:30px;margin-top:20px\r\n}\r\n@media screen and (min-width: 1201px) {\r\n.mfzqr6a96e10b594f3 {\r\ndisplay: block;\r\n}\r\n}\r\n@media screen and (min-width: 993px) and (max-width: 1200px) {\r\n.mfzqr6a96e10b594f3 {\r\ndisplay: block;\r\n}\r\n}\r\n@media screen and (min-width: 769px) and (max-width: 992px) {\r\n.mfzqr6a96e10b594f3 {\r\ndisplay: block;\r\n}\r\n}\r\n@media screen and (min-width: 768px) and (max-width: 768px) {\r\n.mfzqr6a96e10b594f3 {\r\ndisplay: block;\r\n}\r\n}\r\n@media screen and (max-width: 767px) {\r\n.mfzqr6a96e10b594f3 {\r\ndisplay: block;\r\n}\r\n}\r\n<\/style>\r\n\n<p>&nbsp;<\/p>\n<div id='gallery-1' class='gallery galleryid-26918 gallery-columns-3 gallery-size-thumbnail'><figure class='gallery-item'>\n\t\t\t<div class='gallery-icon landscape'>\n\t\t\t\t<a href='https:\/\/fr.motocrossmag.be\/index.php\/2014\/09\/photos-mxgp-a-trindade\/anstie_fp4a87221\/'><img decoding=\"async\" width=\"150\" height=\"150\" src=\"https:\/\/fr.motocrossmag.be\/wp-content\/uploads\/2014\/09\/anstie_FP4A87221-150x150.jpg\" class=\"attachment-thumbnail size-thumbnail\" alt=\"\" srcset=\"https:\/\/fr.motocrossmag.be\/wp-content\/uploads\/2014\/09\/anstie_FP4A87221-150x150.jpg 150w, https:\/\/fr.motocrossmag.be\/wp-content\/uploads\/2014\/09\/anstie_FP4A87221-50x50.jpg 50w\" sizes=\"(max-width: 150px) 100vw, 150px\" \/><\/a>\n\t\t\t<\/div><\/figure><figure class='gallery-item'>\n\t\t\t<div class='gallery-icon landscape'>\n\t\t\t\t<a href='https:\/\/fr.motocrossmag.be\/index.php\/2014\/09\/photos-mxgp-a-trindade\/butron_img_90231\/'><img decoding=\"async\" width=\"150\" height=\"150\" src=\"https:\/\/fr.motocrossmag.be\/wp-content\/uploads\/2014\/09\/butron_IMG_90231-150x150.jpg\" class=\"attachment-thumbnail size-thumbnail\" alt=\"\" srcset=\"https:\/\/fr.motocrossmag.be\/wp-content\/uploads\/2014\/09\/butron_IMG_90231-150x150.jpg 150w, https:\/\/fr.motocrossmag.be\/wp-content\/uploads\/2014\/09\/butron_IMG_90231-50x50.jpg 50w\" sizes=\"(max-width: 150px) 100vw, 150px\" \/><\/a>\n\t\t\t<\/div><\/figure><figure class='gallery-item'>\n\t\t\t<div class='gallery-icon portrait'>\n\t\t\t\t<a href='https:\/\/fr.motocrossmag.be\/index.php\/2014\/09\/photos-mxgp-a-trindade\/cairoli_fp4a1570-600x900\/'><img decoding=\"async\" width=\"150\" height=\"150\" src=\"https:\/\/fr.motocrossmag.be\/wp-content\/uploads\/2014\/09\/cairoli_FP4A1570-600x900-150x150.jpg\" class=\"attachment-thumbnail size-thumbnail\" alt=\"\" srcset=\"https:\/\/fr.motocrossmag.be\/wp-content\/uploads\/2014\/09\/cairoli_FP4A1570-600x900-150x150.jpg 150w, https:\/\/fr.motocrossmag.be\/wp-content\/uploads\/2014\/09\/cairoli_FP4A1570-600x900-50x50.jpg 50w\" sizes=\"(max-width: 150px) 100vw, 150px\" \/><\/a>\n\t\t\t<\/div><\/figure><figure class='gallery-item'>\n\t\t\t<div class='gallery-icon landscape'>\n\t\t\t\t<a href='https:\/\/fr.motocrossmag.be\/index.php\/2014\/09\/photos-mxgp-a-trindade\/cairoli_fp4a9396\/'><img decoding=\"async\" width=\"150\" height=\"150\" src=\"https:\/\/fr.motocrossmag.be\/wp-content\/uploads\/2014\/09\/cairoli_FP4A9396-150x150.jpg\" class=\"attachment-thumbnail size-thumbnail\" alt=\"\" srcset=\"https:\/\/fr.motocrossmag.be\/wp-content\/uploads\/2014\/09\/cairoli_FP4A9396-150x150.jpg 150w, https:\/\/fr.motocrossmag.be\/wp-content\/uploads\/2014\/09\/cairoli_FP4A9396-50x50.jpg 50w\" sizes=\"(max-width: 150px) 100vw, 150px\" \/><\/a>\n\t\t\t<\/div><\/figure><figure class='gallery-item'>\n\t\t\t<div class='gallery-icon landscape'>\n\t\t\t\t<a href='https:\/\/fr.motocrossmag.be\/index.php\/2014\/09\/photos-mxgp-a-trindade\/cairoli_fp4a14211\/'><img decoding=\"async\" width=\"150\" height=\"150\" src=\"https:\/\/fr.motocrossmag.be\/wp-content\/uploads\/2014\/09\/cairoli_FP4A14211-150x150.jpg\" class=\"attachment-thumbnail size-thumbnail\" alt=\"\" srcset=\"https:\/\/fr.motocrossmag.be\/wp-content\/uploads\/2014\/09\/cairoli_FP4A14211-150x150.jpg 150w, https:\/\/fr.motocrossmag.be\/wp-content\/uploads\/2014\/09\/cairoli_FP4A14211-50x50.jpg 50w\" sizes=\"(max-width: 150px) 100vw, 150px\" \/><\/a>\n\t\t\t<\/div><\/figure><figure class='gallery-item'>\n\t\t\t<div class='gallery-icon landscape'>\n\t\t\t\t<a href='https:\/\/fr.motocrossmag.be\/index.php\/2014\/09\/photos-mxgp-a-trindade\/cairoli_img_1070\/'><img decoding=\"async\" width=\"150\" height=\"150\" src=\"https:\/\/fr.motocrossmag.be\/wp-content\/uploads\/2014\/09\/cairoli_IMG_1070-150x150.jpg\" class=\"attachment-thumbnail size-thumbnail\" alt=\"\" srcset=\"https:\/\/fr.motocrossmag.be\/wp-content\/uploads\/2014\/09\/cairoli_IMG_1070-150x150.jpg 150w, https:\/\/fr.motocrossmag.be\/wp-content\/uploads\/2014\/09\/cairoli_IMG_1070-50x50.jpg 50w\" sizes=\"(max-width: 150px) 100vw, 150px\" \/><\/a>\n\t\t\t<\/div><\/figure><figure class='gallery-item'>\n\t\t\t<div class='gallery-icon landscape'>\n\t\t\t\t<a href='https:\/\/fr.motocrossmag.be\/index.php\/2014\/09\/photos-mxgp-a-trindade\/charlier_fp4a8717\/'><img decoding=\"async\" width=\"150\" height=\"150\" src=\"https:\/\/fr.motocrossmag.be\/wp-content\/uploads\/2014\/09\/charlier_FP4A8717-150x150.jpg\" class=\"attachment-thumbnail size-thumbnail\" alt=\"\" srcset=\"https:\/\/fr.motocrossmag.be\/wp-content\/uploads\/2014\/09\/charlier_FP4A8717-150x150.jpg 150w, https:\/\/fr.motocrossmag.be\/wp-content\/uploads\/2014\/09\/charlier_FP4A8717-50x50.jpg 50w\" sizes=\"(max-width: 150px) 100vw, 150px\" \/><\/a>\n\t\t\t<\/div><\/figure><figure class='gallery-item'>\n\t\t\t<div class='gallery-icon landscape'>\n\t\t\t\t<a href='https:\/\/fr.motocrossmag.be\/index.php\/2014\/09\/photos-mxgp-a-trindade\/charlier_img_0046\/'><img decoding=\"async\" width=\"150\" height=\"150\" src=\"https:\/\/fr.motocrossmag.be\/wp-content\/uploads\/2014\/09\/charlier_IMG_0046-150x150.jpg\" class=\"attachment-thumbnail size-thumbnail\" alt=\"\" srcset=\"https:\/\/fr.motocrossmag.be\/wp-content\/uploads\/2014\/09\/charlier_IMG_0046-150x150.jpg 150w, https:\/\/fr.motocrossmag.be\/wp-content\/uploads\/2014\/09\/charlier_IMG_0046-50x50.jpg 50w\" sizes=\"(max-width: 150px) 100vw, 150px\" \/><\/a>\n\t\t\t<\/div><\/figure><figure class='gallery-item'>\n\t\t\t<div class='gallery-icon landscape'>\n\t\t\t\t<a href='https:\/\/fr.motocrossmag.be\/index.php\/2014\/09\/photos-mxgp-a-trindade\/coldenhoff_fp4a8906\/'><img decoding=\"async\" width=\"150\" height=\"150\" src=\"https:\/\/fr.motocrossmag.be\/wp-content\/uploads\/2014\/09\/coldenhoff_FP4A8906-150x150.jpg\" class=\"attachment-thumbnail size-thumbnail\" alt=\"\" srcset=\"https:\/\/fr.motocrossmag.be\/wp-content\/uploads\/2014\/09\/coldenhoff_FP4A8906-150x150.jpg 150w, https:\/\/fr.motocrossmag.be\/wp-content\/uploads\/2014\/09\/coldenhoff_FP4A8906-50x50.jpg 50w\" sizes=\"(max-width: 150px) 100vw, 150px\" \/><\/a>\n\t\t\t<\/div><\/figure><figure class='gallery-item'>\n\t\t\t<div class='gallery-icon landscape'>\n\t\t\t\t<a href='https:\/\/fr.motocrossmag.be\/index.php\/2014\/09\/photos-mxgp-a-trindade\/covington_fp4a0437\/'><img decoding=\"async\" width=\"150\" height=\"150\" src=\"https:\/\/fr.motocrossmag.be\/wp-content\/uploads\/2014\/09\/covington_FP4A0437-150x150.jpg\" class=\"attachment-thumbnail size-thumbnail\" alt=\"\" srcset=\"https:\/\/fr.motocrossmag.be\/wp-content\/uploads\/2014\/09\/covington_FP4A0437-150x150.jpg 150w, https:\/\/fr.motocrossmag.be\/wp-content\/uploads\/2014\/09\/covington_FP4A0437-50x50.jpg 50w\" sizes=\"(max-width: 150px) 100vw, 150px\" \/><\/a>\n\t\t\t<\/div><\/figure><figure class='gallery-item'>\n\t\t\t<div class='gallery-icon landscape'>\n\t\t\t\t<a href='https:\/\/fr.motocrossmag.be\/index.php\/2014\/09\/photos-mxgp-a-trindade\/covington_fp4a9467\/'><img decoding=\"async\" width=\"150\" height=\"150\" src=\"https:\/\/fr.motocrossmag.be\/wp-content\/uploads\/2014\/09\/covington_FP4A9467-150x150.jpg\" class=\"attachment-thumbnail size-thumbnail\" alt=\"\" srcset=\"https:\/\/fr.motocrossmag.be\/wp-content\/uploads\/2014\/09\/covington_FP4A9467-150x150.jpg 150w, https:\/\/fr.motocrossmag.be\/wp-content\/uploads\/2014\/09\/covington_FP4A9467-50x50.jpg 50w\" sizes=\"(max-width: 150px) 100vw, 150px\" \/><\/a>\n\t\t\t<\/div><\/figure><figure class='gallery-item'>\n\t\t\t<div class='gallery-icon landscape'>\n\t\t\t\t<a href='https:\/\/fr.motocrossmag.be\/index.php\/2014\/09\/photos-mxgp-a-trindade\/febvre_fp4a0647\/'><img decoding=\"async\" width=\"150\" height=\"150\" src=\"https:\/\/fr.motocrossmag.be\/wp-content\/uploads\/2014\/09\/febvre_FP4A0647-150x150.jpg\" class=\"attachment-thumbnail size-thumbnail\" alt=\"\" srcset=\"https:\/\/fr.motocrossmag.be\/wp-content\/uploads\/2014\/09\/febvre_FP4A0647-150x150.jpg 150w, https:\/\/fr.motocrossmag.be\/wp-content\/uploads\/2014\/09\/febvre_FP4A0647-50x50.jpg 50w\" sizes=\"(max-width: 150px) 100vw, 150px\" \/><\/a>\n\t\t\t<\/div><\/figure><figure class='gallery-item'>\n\t\t\t<div class='gallery-icon portrait'>\n\t\t\t\t<a href='https:\/\/fr.motocrossmag.be\/index.php\/2014\/09\/photos-mxgp-a-trindade\/febvre_fp4a0803-600x900\/'><img decoding=\"async\" width=\"150\" height=\"150\" src=\"https:\/\/fr.motocrossmag.be\/wp-content\/uploads\/2014\/09\/febvre_FP4A0803-600x900-150x150.jpg\" class=\"attachment-thumbnail size-thumbnail\" alt=\"\" srcset=\"https:\/\/fr.motocrossmag.be\/wp-content\/uploads\/2014\/09\/febvre_FP4A0803-600x900-150x150.jpg 150w, https:\/\/fr.motocrossmag.be\/wp-content\/uploads\/2014\/09\/febvre_FP4A0803-600x900-50x50.jpg 50w\" sizes=\"(max-width: 150px) 100vw, 150px\" \/><\/a>\n\t\t\t<\/div><\/figure><figure class='gallery-item'>\n\t\t\t<div class='gallery-icon landscape'>\n\t\t\t\t<a href='https:\/\/fr.motocrossmag.be\/index.php\/2014\/09\/photos-mxgp-a-trindade\/febvre_fp4a8862\/'><img decoding=\"async\" width=\"150\" height=\"150\" src=\"https:\/\/fr.motocrossmag.be\/wp-content\/uploads\/2014\/09\/febvre_FP4A8862-150x150.jpg\" class=\"attachment-thumbnail size-thumbnail\" alt=\"\" srcset=\"https:\/\/fr.motocrossmag.be\/wp-content\/uploads\/2014\/09\/febvre_FP4A8862-150x150.jpg 150w, https:\/\/fr.motocrossmag.be\/wp-content\/uploads\/2014\/09\/febvre_FP4A8862-50x50.jpg 50w\" sizes=\"(max-width: 150px) 100vw, 150px\" \/><\/a>\n\t\t\t<\/div><\/figure><figure class='gallery-item'>\n\t\t\t<div class='gallery-icon landscape'>\n\t\t\t\t<a href='https:\/\/fr.motocrossmag.be\/index.php\/2014\/09\/photos-mxgp-a-trindade\/febvre_fp4a8876\/'><img decoding=\"async\" width=\"150\" height=\"150\" src=\"https:\/\/fr.motocrossmag.be\/wp-content\/uploads\/2014\/09\/febvre_FP4A8876-150x150.jpg\" class=\"attachment-thumbnail size-thumbnail\" alt=\"\" srcset=\"https:\/\/fr.motocrossmag.be\/wp-content\/uploads\/2014\/09\/febvre_FP4A8876-150x150.jpg 150w, https:\/\/fr.motocrossmag.be\/wp-content\/uploads\/2014\/09\/febvre_FP4A8876-50x50.jpg 50w\" sizes=\"(max-width: 150px) 100vw, 150px\" \/><\/a>\n\t\t\t<\/div><\/figure><figure class='gallery-item'>\n\t\t\t<div class='gallery-icon landscape'>\n\t\t\t\t<a href='https:\/\/fr.motocrossmag.be\/index.php\/2014\/09\/photos-mxgp-a-trindade\/febvre_fp4a9845\/'><img decoding=\"async\" width=\"150\" height=\"150\" src=\"https:\/\/fr.motocrossmag.be\/wp-content\/uploads\/2014\/09\/febvre_FP4A9845-150x150.jpg\" class=\"attachment-thumbnail size-thumbnail\" alt=\"\" srcset=\"https:\/\/fr.motocrossmag.be\/wp-content\/uploads\/2014\/09\/febvre_FP4A9845-150x150.jpg 150w, https:\/\/fr.motocrossmag.be\/wp-content\/uploads\/2014\/09\/febvre_FP4A9845-50x50.jpg 50w\" sizes=\"(max-width: 150px) 100vw, 150px\" \/><\/a>\n\t\t\t<\/div><\/figure><figure class='gallery-item'>\n\t\t\t<div class='gallery-icon landscape'>\n\t\t\t\t<a href='https:\/\/fr.motocrossmag.be\/index.php\/2014\/09\/photos-mxgp-a-trindade\/ferrandis_fp4a8956\/'><img decoding=\"async\" width=\"150\" height=\"150\" src=\"https:\/\/fr.motocrossmag.be\/wp-content\/uploads\/2014\/09\/ferrandis_FP4A8956-150x150.jpg\" class=\"attachment-thumbnail size-thumbnail\" alt=\"\" srcset=\"https:\/\/fr.motocrossmag.be\/wp-content\/uploads\/2014\/09\/ferrandis_FP4A8956-150x150.jpg 150w, https:\/\/fr.motocrossmag.be\/wp-content\/uploads\/2014\/09\/ferrandis_FP4A8956-50x50.jpg 50w\" sizes=\"(max-width: 150px) 100vw, 150px\" \/><\/a>\n\t\t\t<\/div><\/figure><figure class='gallery-item'>\n\t\t\t<div class='gallery-icon landscape'>\n\t\t\t\t<a href='https:\/\/fr.motocrossmag.be\/index.php\/2014\/09\/photos-mxgp-a-trindade\/ferrandis_fp4a9463\/'><img decoding=\"async\" width=\"150\" height=\"150\" src=\"https:\/\/fr.motocrossmag.be\/wp-content\/uploads\/2014\/09\/ferrandis_FP4A9463-150x150.jpg\" class=\"attachment-thumbnail size-thumbnail\" alt=\"\" srcset=\"https:\/\/fr.motocrossmag.be\/wp-content\/uploads\/2014\/09\/ferrandis_FP4A9463-150x150.jpg 150w, https:\/\/fr.motocrossmag.be\/wp-content\/uploads\/2014\/09\/ferrandis_FP4A9463-50x50.jpg 50w\" sizes=\"(max-width: 150px) 100vw, 150px\" \/><\/a>\n\t\t\t<\/div><\/figure><figure class='gallery-item'>\n\t\t\t<div class='gallery-icon landscape'>\n\t\t\t\t<a href='https:\/\/fr.motocrossmag.be\/index.php\/2014\/09\/photos-mxgp-a-trindade\/ferris_fp4a9405\/'><img decoding=\"async\" width=\"150\" height=\"150\" src=\"https:\/\/fr.motocrossmag.be\/wp-content\/uploads\/2014\/09\/ferris_FP4A9405-150x150.jpg\" class=\"attachment-thumbnail size-thumbnail\" alt=\"\" srcset=\"https:\/\/fr.motocrossmag.be\/wp-content\/uploads\/2014\/09\/ferris_FP4A9405-150x150.jpg 150w, https:\/\/fr.motocrossmag.be\/wp-content\/uploads\/2014\/09\/ferris_FP4A9405-50x50.jpg 50w\" sizes=\"(max-width: 150px) 100vw, 150px\" \/><\/a>\n\t\t\t<\/div><\/figure><figure class='gallery-item'>\n\t\t\t<div class='gallery-icon landscape'>\n\t\t\t\t<a href='https:\/\/fr.motocrossmag.be\/index.php\/2014\/09\/photos-mxgp-a-trindade\/ferris_fp4a9869\/'><img decoding=\"async\" width=\"150\" height=\"150\" src=\"https:\/\/fr.motocrossmag.be\/wp-content\/uploads\/2014\/09\/ferris_FP4A9869-150x150.jpg\" class=\"attachment-thumbnail size-thumbnail\" alt=\"\" srcset=\"https:\/\/fr.motocrossmag.be\/wp-content\/uploads\/2014\/09\/ferris_FP4A9869-150x150.jpg 150w, https:\/\/fr.motocrossmag.be\/wp-content\/uploads\/2014\/09\/ferris_FP4A9869-50x50.jpg 50w\" sizes=\"(max-width: 150px) 100vw, 150px\" \/><\/a>\n\t\t\t<\/div><\/figure><figure class='gallery-item'>\n\t\t\t<div class='gallery-icon landscape'>\n\t\t\t\t<a href='https:\/\/fr.motocrossmag.be\/index.php\/2014\/09\/photos-mxgp-a-trindade\/frossard_fp4a1164\/'><img decoding=\"async\" width=\"150\" height=\"150\" src=\"https:\/\/fr.motocrossmag.be\/wp-content\/uploads\/2014\/09\/frossard_FP4A1164-150x150.jpg\" class=\"attachment-thumbnail size-thumbnail\" alt=\"\" srcset=\"https:\/\/fr.motocrossmag.be\/wp-content\/uploads\/2014\/09\/frossard_FP4A1164-150x150.jpg 150w, https:\/\/fr.motocrossmag.be\/wp-content\/uploads\/2014\/09\/frossard_FP4A1164-50x50.jpg 50w\" sizes=\"(max-width: 150px) 100vw, 150px\" \/><\/a>\n\t\t\t<\/div><\/figure><figure class='gallery-item'>\n\t\t\t<div class='gallery-icon portrait'>\n\t\t\t\t<a href='https:\/\/fr.motocrossmag.be\/index.php\/2014\/09\/photos-mxgp-a-trindade\/frossard_img_1233-600x900\/'><img decoding=\"async\" width=\"150\" height=\"150\" src=\"https:\/\/fr.motocrossmag.be\/wp-content\/uploads\/2014\/09\/frossard_IMG_1233-600x900-150x150.jpg\" class=\"attachment-thumbnail size-thumbnail\" alt=\"\" srcset=\"https:\/\/fr.motocrossmag.be\/wp-content\/uploads\/2014\/09\/frossard_IMG_1233-600x900-150x150.jpg 150w, https:\/\/fr.motocrossmag.be\/wp-content\/uploads\/2014\/09\/frossard_IMG_1233-600x900-50x50.jpg 50w\" sizes=\"(max-width: 150px) 100vw, 150px\" \/><\/a>\n\t\t\t<\/div><\/figure><figure class='gallery-item'>\n\t\t\t<div class='gallery-icon landscape'>\n\t\t\t\t<a href='https:\/\/fr.motocrossmag.be\/index.php\/2014\/09\/photos-mxgp-a-trindade\/gasjer_img_0162\/'><img decoding=\"async\" width=\"150\" height=\"150\" src=\"https:\/\/fr.motocrossmag.be\/wp-content\/uploads\/2014\/09\/gasjer_IMG_0162-150x150.jpg\" class=\"attachment-thumbnail size-thumbnail\" alt=\"\" srcset=\"https:\/\/fr.motocrossmag.be\/wp-content\/uploads\/2014\/09\/gasjer_IMG_0162-150x150.jpg 150w, https:\/\/fr.motocrossmag.be\/wp-content\/uploads\/2014\/09\/gasjer_IMG_0162-50x50.jpg 50w\" sizes=\"(max-width: 150px) 100vw, 150px\" \/><\/a>\n\t\t\t<\/div><\/figure><figure class='gallery-item'>\n\t\t\t<div class='gallery-icon landscape'>\n\t\t\t\t<a href='https:\/\/fr.motocrossmag.be\/index.php\/2014\/09\/photos-mxgp-a-trindade\/gasjer_img_0186\/'><img decoding=\"async\" width=\"150\" height=\"150\" src=\"https:\/\/fr.motocrossmag.be\/wp-content\/uploads\/2014\/09\/gasjer_IMG_0186-150x150.jpg\" class=\"attachment-thumbnail size-thumbnail\" alt=\"\" srcset=\"https:\/\/fr.motocrossmag.be\/wp-content\/uploads\/2014\/09\/gasjer_IMG_0186-150x150.jpg 150w, https:\/\/fr.motocrossmag.be\/wp-content\/uploads\/2014\/09\/gasjer_IMG_0186-50x50.jpg 50w\" sizes=\"(max-width: 150px) 100vw, 150px\" \/><\/a>\n\t\t\t<\/div><\/figure><figure class='gallery-item'>\n\t\t\t<div class='gallery-icon landscape'>\n\t\t\t\t<a href='https:\/\/fr.motocrossmag.be\/index.php\/2014\/09\/photos-mxgp-a-trindade\/gasjer_img_0616\/'><img decoding=\"async\" width=\"150\" height=\"150\" src=\"https:\/\/fr.motocrossmag.be\/wp-content\/uploads\/2014\/09\/gasjer_IMG_0616-150x150.jpg\" class=\"attachment-thumbnail size-thumbnail\" alt=\"\" srcset=\"https:\/\/fr.motocrossmag.be\/wp-content\/uploads\/2014\/09\/gasjer_IMG_0616-150x150.jpg 150w, https:\/\/fr.motocrossmag.be\/wp-content\/uploads\/2014\/09\/gasjer_IMG_0616-50x50.jpg 50w\" sizes=\"(max-width: 150px) 100vw, 150px\" \/><\/a>\n\t\t\t<\/div><\/figure><figure class='gallery-item'>\n\t\t\t<div class='gallery-icon landscape'>\n\t\t\t\t<a href='https:\/\/fr.motocrossmag.be\/index.php\/2014\/09\/photos-mxgp-a-trindade\/goncalves_fp4a1386\/'><img decoding=\"async\" width=\"150\" height=\"150\" src=\"https:\/\/fr.motocrossmag.be\/wp-content\/uploads\/2014\/09\/goncalves_FP4A1386-150x150.jpg\" class=\"attachment-thumbnail size-thumbnail\" alt=\"\" srcset=\"https:\/\/fr.motocrossmag.be\/wp-content\/uploads\/2014\/09\/goncalves_FP4A1386-150x150.jpg 150w, https:\/\/fr.motocrossmag.be\/wp-content\/uploads\/2014\/09\/goncalves_FP4A1386-50x50.jpg 50w\" sizes=\"(max-width: 150px) 100vw, 150px\" \/><\/a>\n\t\t\t<\/div><\/figure><figure class='gallery-item'>\n\t\t\t<div class='gallery-icon landscape'>\n\t\t\t\t<a href='https:\/\/fr.motocrossmag.be\/index.php\/2014\/09\/photos-mxgp-a-trindade\/guillod_fp4a0153\/'><img decoding=\"async\" width=\"150\" height=\"150\" src=\"https:\/\/fr.motocrossmag.be\/wp-content\/uploads\/2014\/09\/guillod_FP4A0153-150x150.jpg\" class=\"attachment-thumbnail size-thumbnail\" alt=\"\" srcset=\"https:\/\/fr.motocrossmag.be\/wp-content\/uploads\/2014\/09\/guillod_FP4A0153-150x150.jpg 150w, https:\/\/fr.motocrossmag.be\/wp-content\/uploads\/2014\/09\/guillod_FP4A0153-50x50.jpg 50w\" sizes=\"(max-width: 150px) 100vw, 150px\" \/><\/a>\n\t\t\t<\/div><\/figure><figure class='gallery-item'>\n\t\t\t<div class='gallery-icon landscape'>\n\t\t\t\t<a href='https:\/\/fr.motocrossmag.be\/index.php\/2014\/09\/photos-mxgp-a-trindade\/guillod_fp4a9509\/'><img decoding=\"async\" width=\"150\" height=\"150\" src=\"https:\/\/fr.motocrossmag.be\/wp-content\/uploads\/2014\/09\/guillod_FP4A9509-150x150.jpg\" class=\"attachment-thumbnail size-thumbnail\" alt=\"\" srcset=\"https:\/\/fr.motocrossmag.be\/wp-content\/uploads\/2014\/09\/guillod_FP4A9509-150x150.jpg 150w, https:\/\/fr.motocrossmag.be\/wp-content\/uploads\/2014\/09\/guillod_FP4A9509-50x50.jpg 50w\" sizes=\"(max-width: 150px) 100vw, 150px\" \/><\/a>\n\t\t\t<\/div><\/figure><figure class='gallery-item'>\n\t\t\t<div class='gallery-icon landscape'>\n\t\t\t\t<a href='https:\/\/fr.motocrossmag.be\/index.php\/2014\/09\/photos-mxgp-a-trindade\/jacky_fp4a0712\/'><img decoding=\"async\" width=\"150\" height=\"150\" src=\"https:\/\/fr.motocrossmag.be\/wp-content\/uploads\/2014\/09\/jacky_FP4A0712-150x150.jpg\" class=\"attachment-thumbnail size-thumbnail\" alt=\"\" srcset=\"https:\/\/fr.motocrossmag.be\/wp-content\/uploads\/2014\/09\/jacky_FP4A0712-150x150.jpg 150w, https:\/\/fr.motocrossmag.be\/wp-content\/uploads\/2014\/09\/jacky_FP4A0712-50x50.jpg 50w\" sizes=\"(max-width: 150px) 100vw, 150px\" \/><\/a>\n\t\t\t<\/div><\/figure><figure class='gallery-item'>\n\t\t\t<div class='gallery-icon portrait'>\n\t\t\t\t<a href='https:\/\/fr.motocrossmag.be\/index.php\/2014\/09\/photos-mxgp-a-trindade\/jerre_cairoli_fp4a9895-600x900\/'><img decoding=\"async\" width=\"150\" height=\"150\" src=\"https:\/\/fr.motocrossmag.be\/wp-content\/uploads\/2014\/09\/jerre_cairoli_FP4A9895-600x900-150x150.jpg\" class=\"attachment-thumbnail size-thumbnail\" alt=\"\" srcset=\"https:\/\/fr.motocrossmag.be\/wp-content\/uploads\/2014\/09\/jerre_cairoli_FP4A9895-600x900-150x150.jpg 150w, https:\/\/fr.motocrossmag.be\/wp-content\/uploads\/2014\/09\/jerre_cairoli_FP4A9895-600x900-50x50.jpg 50w\" sizes=\"(max-width: 150px) 100vw, 150px\" \/><\/a>\n\t\t\t<\/div><\/figure><figure class='gallery-item'>\n\t\t\t<div class='gallery-icon landscape'>\n\t\t\t\t<a href='https:\/\/fr.motocrossmag.be\/index.php\/2014\/09\/photos-mxgp-a-trindade\/jerre_img_0838\/'><img decoding=\"async\" width=\"150\" height=\"150\" src=\"https:\/\/fr.motocrossmag.be\/wp-content\/uploads\/2014\/09\/jerre_IMG_0838-150x150.jpg\" class=\"attachment-thumbnail size-thumbnail\" alt=\"\" srcset=\"https:\/\/fr.motocrossmag.be\/wp-content\/uploads\/2014\/09\/jerre_IMG_0838-150x150.jpg 150w, https:\/\/fr.motocrossmag.be\/wp-content\/uploads\/2014\/09\/jerre_IMG_0838-50x50.jpg 50w\" sizes=\"(max-width: 150px) 100vw, 150px\" \/><\/a>\n\t\t\t<\/div><\/figure><figure class='gallery-item'>\n\t\t\t<div class='gallery-icon landscape'>\n\t\t\t\t<a href='https:\/\/fr.motocrossmag.be\/index.php\/2014\/09\/photos-mxgp-a-trindade\/karro_fp4a1018\/'><img decoding=\"async\" width=\"150\" height=\"150\" src=\"https:\/\/fr.motocrossmag.be\/wp-content\/uploads\/2014\/09\/karro_FP4A1018-150x150.jpg\" class=\"attachment-thumbnail size-thumbnail\" alt=\"\" srcset=\"https:\/\/fr.motocrossmag.be\/wp-content\/uploads\/2014\/09\/karro_FP4A1018-150x150.jpg 150w, https:\/\/fr.motocrossmag.be\/wp-content\/uploads\/2014\/09\/karro_FP4A1018-50x50.jpg 50w\" sizes=\"(max-width: 150px) 100vw, 150px\" \/><\/a>\n\t\t\t<\/div><\/figure><figure class='gallery-item'>\n\t\t\t<div class='gallery-icon landscape'>\n\t\t\t\t<a href='https:\/\/fr.motocrossmag.be\/index.php\/2014\/09\/photos-mxgp-a-trindade\/karro_fp4a1041\/'><img decoding=\"async\" width=\"150\" height=\"150\" src=\"https:\/\/fr.motocrossmag.be\/wp-content\/uploads\/2014\/09\/karro_FP4A1041-150x150.jpg\" class=\"attachment-thumbnail size-thumbnail\" alt=\"\" srcset=\"https:\/\/fr.motocrossmag.be\/wp-content\/uploads\/2014\/09\/karro_FP4A1041-150x150.jpg 150w, https:\/\/fr.motocrossmag.be\/wp-content\/uploads\/2014\/09\/karro_FP4A1041-50x50.jpg 50w\" sizes=\"(max-width: 150px) 100vw, 150px\" \/><\/a>\n\t\t\t<\/div><\/figure><figure class='gallery-item'>\n\t\t\t<div class='gallery-icon landscape'>\n\t\t\t\t<a href='https:\/\/fr.motocrossmag.be\/index.php\/2014\/09\/photos-mxgp-a-trindade\/karro_fp4a8689\/'><img decoding=\"async\" width=\"150\" height=\"150\" src=\"https:\/\/fr.motocrossmag.be\/wp-content\/uploads\/2014\/09\/karro_FP4A8689-150x150.jpg\" class=\"attachment-thumbnail size-thumbnail\" alt=\"\" srcset=\"https:\/\/fr.motocrossmag.be\/wp-content\/uploads\/2014\/09\/karro_FP4A8689-150x150.jpg 150w, https:\/\/fr.motocrossmag.be\/wp-content\/uploads\/2014\/09\/karro_FP4A8689-50x50.jpg 50w\" sizes=\"(max-width: 150px) 100vw, 150px\" \/><\/a>\n\t\t\t<\/div><\/figure><figure class='gallery-item'>\n\t\t\t<div class='gallery-icon landscape'>\n\t\t\t\t<a href='https:\/\/fr.motocrossmag.be\/index.php\/2014\/09\/photos-mxgp-a-trindade\/lieber_febvre_img_0507\/'><img decoding=\"async\" width=\"150\" height=\"150\" src=\"https:\/\/fr.motocrossmag.be\/wp-content\/uploads\/2014\/09\/lieber_febvre_IMG_0507-150x150.jpg\" class=\"attachment-thumbnail size-thumbnail\" alt=\"\" srcset=\"https:\/\/fr.motocrossmag.be\/wp-content\/uploads\/2014\/09\/lieber_febvre_IMG_0507-150x150.jpg 150w, https:\/\/fr.motocrossmag.be\/wp-content\/uploads\/2014\/09\/lieber_febvre_IMG_0507-50x50.jpg 50w\" sizes=\"(max-width: 150px) 100vw, 150px\" \/><\/a>\n\t\t\t<\/div><\/figure><figure class='gallery-item'>\n\t\t\t<div class='gallery-icon landscape'>\n\t\t\t\t<a href='https:\/\/fr.motocrossmag.be\/index.php\/2014\/09\/photos-mxgp-a-trindade\/lieber_fp4a0148\/'><img decoding=\"async\" width=\"150\" height=\"150\" src=\"https:\/\/fr.motocrossmag.be\/wp-content\/uploads\/2014\/09\/lieber_FP4A0148-150x150.jpg\" class=\"attachment-thumbnail size-thumbnail\" alt=\"\" srcset=\"https:\/\/fr.motocrossmag.be\/wp-content\/uploads\/2014\/09\/lieber_FP4A0148-150x150.jpg 150w, https:\/\/fr.motocrossmag.be\/wp-content\/uploads\/2014\/09\/lieber_FP4A0148-50x50.jpg 50w\" sizes=\"(max-width: 150px) 100vw, 150px\" \/><\/a>\n\t\t\t<\/div><\/figure><figure class='gallery-item'>\n\t\t\t<div class='gallery-icon landscape'>\n\t\t\t\t<a href='https:\/\/fr.motocrossmag.be\/index.php\/2014\/09\/photos-mxgp-a-trindade\/lieber_fp4a1725\/'><img decoding=\"async\" width=\"150\" height=\"150\" src=\"https:\/\/fr.motocrossmag.be\/wp-content\/uploads\/2014\/09\/lieber_FP4A1725-150x150.jpg\" class=\"attachment-thumbnail size-thumbnail\" alt=\"\" aria-describedby=\"gallery-1-26955\" srcset=\"https:\/\/fr.motocrossmag.be\/wp-content\/uploads\/2014\/09\/lieber_FP4A1725-150x150.jpg 150w, https:\/\/fr.motocrossmag.be\/wp-content\/uploads\/2014\/09\/lieber_FP4A1725-50x50.jpg 50w\" sizes=\"(max-width: 150px) 100vw, 150px\" \/><\/a>\n\t\t\t<\/div>\n\t\t\t\t<figcaption class='wp-caption-text gallery-caption' id='gallery-1-26955'>\n\t\t\t\tEsp\u00e9rons pour lui que Julien Lieber trouve son bonheur chez Standing Construct\n\t\t\t\t<\/figcaption><\/figure><figure class='gallery-item'>\n\t\t\t<div class='gallery-icon landscape'>\n\t\t\t\t<a href='https:\/\/fr.motocrossmag.be\/index.php\/2014\/09\/photos-mxgp-a-trindade\/lieber_img_9060\/'><img decoding=\"async\" width=\"150\" height=\"150\" src=\"https:\/\/fr.motocrossmag.be\/wp-content\/uploads\/2014\/09\/lieber_IMG_9060-150x150.jpg\" class=\"attachment-thumbnail size-thumbnail\" alt=\"\" srcset=\"https:\/\/fr.motocrossmag.be\/wp-content\/uploads\/2014\/09\/lieber_IMG_9060-150x150.jpg 150w, https:\/\/fr.motocrossmag.be\/wp-content\/uploads\/2014\/09\/lieber_IMG_9060-50x50.jpg 50w\" sizes=\"(max-width: 150px) 100vw, 150px\" \/><\/a>\n\t\t\t<\/div><\/figure><figure class='gallery-item'>\n\t\t\t<div class='gallery-icon landscape'>\n\t\t\t\t<a href='https:\/\/fr.motocrossmag.be\/index.php\/2014\/09\/photos-mxgp-a-trindade\/monster_fp4a1547\/'><img decoding=\"async\" width=\"150\" height=\"150\" src=\"https:\/\/fr.motocrossmag.be\/wp-content\/uploads\/2014\/09\/monster_FP4A1547-150x150.jpg\" class=\"attachment-thumbnail size-thumbnail\" alt=\"\" srcset=\"https:\/\/fr.motocrossmag.be\/wp-content\/uploads\/2014\/09\/monster_FP4A1547-150x150.jpg 150w, https:\/\/fr.motocrossmag.be\/wp-content\/uploads\/2014\/09\/monster_FP4A1547-50x50.jpg 50w\" sizes=\"(max-width: 150px) 100vw, 150px\" \/><\/a>\n\t\t\t<\/div><\/figure><figure class='gallery-item'>\n\t\t\t<div class='gallery-icon landscape'>\n\t\t\t\t<a href='https:\/\/fr.motocrossmag.be\/index.php\/2014\/09\/photos-mxgp-a-trindade\/monster_fp4a9424\/'><img decoding=\"async\" width=\"150\" height=\"150\" src=\"https:\/\/fr.motocrossmag.be\/wp-content\/uploads\/2014\/09\/monster_FP4A9424-150x150.jpg\" class=\"attachment-thumbnail size-thumbnail\" alt=\"\" srcset=\"https:\/\/fr.motocrossmag.be\/wp-content\/uploads\/2014\/09\/monster_FP4A9424-150x150.jpg 150w, https:\/\/fr.motocrossmag.be\/wp-content\/uploads\/2014\/09\/monster_FP4A9424-50x50.jpg 50w\" sizes=\"(max-width: 150px) 100vw, 150px\" \/><\/a>\n\t\t\t<\/div><\/figure><figure class='gallery-item'>\n\t\t\t<div class='gallery-icon landscape'>\n\t\t\t\t<a href='https:\/\/fr.motocrossmag.be\/index.php\/2014\/09\/photos-mxgp-a-trindade\/monster_fp4a94301\/'><img decoding=\"async\" width=\"150\" height=\"150\" src=\"https:\/\/fr.motocrossmag.be\/wp-content\/uploads\/2014\/09\/monster_FP4A94301-150x150.jpg\" class=\"attachment-thumbnail size-thumbnail\" alt=\"\" srcset=\"https:\/\/fr.motocrossmag.be\/wp-content\/uploads\/2014\/09\/monster_FP4A94301-150x150.jpg 150w, https:\/\/fr.motocrossmag.be\/wp-content\/uploads\/2014\/09\/monster_FP4A94301-50x50.jpg 50w\" sizes=\"(max-width: 150px) 100vw, 150px\" \/><\/a>\n\t\t\t<\/div><\/figure><figure class='gallery-item'>\n\t\t\t<div class='gallery-icon landscape'>\n\t\t\t\t<a href='https:\/\/fr.motocrossmag.be\/index.php\/2014\/09\/photos-mxgp-a-trindade\/nagl_fp4a1153\/'><img decoding=\"async\" width=\"150\" height=\"150\" src=\"https:\/\/fr.motocrossmag.be\/wp-content\/uploads\/2014\/09\/nagl_FP4A1153-150x150.jpg\" class=\"attachment-thumbnail size-thumbnail\" alt=\"\" srcset=\"https:\/\/fr.motocrossmag.be\/wp-content\/uploads\/2014\/09\/nagl_FP4A1153-150x150.jpg 150w, https:\/\/fr.motocrossmag.be\/wp-content\/uploads\/2014\/09\/nagl_FP4A1153-50x50.jpg 50w\" sizes=\"(max-width: 150px) 100vw, 150px\" \/><\/a>\n\t\t\t<\/div><\/figure><figure class='gallery-item'>\n\t\t\t<div class='gallery-icon landscape'>\n\t\t\t\t<a href='https:\/\/fr.motocrossmag.be\/index.php\/2014\/09\/photos-mxgp-a-trindade\/nagl_fp4a1523\/'><img decoding=\"async\" width=\"150\" height=\"150\" src=\"https:\/\/fr.motocrossmag.be\/wp-content\/uploads\/2014\/09\/nagl_FP4A1523-150x150.jpg\" class=\"attachment-thumbnail size-thumbnail\" alt=\"\" srcset=\"https:\/\/fr.motocrossmag.be\/wp-content\/uploads\/2014\/09\/nagl_FP4A1523-150x150.jpg 150w, https:\/\/fr.motocrossmag.be\/wp-content\/uploads\/2014\/09\/nagl_FP4A1523-50x50.jpg 50w\" sizes=\"(max-width: 150px) 100vw, 150px\" \/><\/a>\n\t\t\t<\/div><\/figure><figure class='gallery-item'>\n\t\t\t<div class='gallery-icon landscape'>\n\t\t\t\t<a href='https:\/\/fr.motocrossmag.be\/index.php\/2014\/09\/photos-mxgp-a-trindade\/nagl_fp4a1674\/'><img decoding=\"async\" width=\"150\" height=\"150\" src=\"https:\/\/fr.motocrossmag.be\/wp-content\/uploads\/2014\/09\/nagl_FP4A1674-150x150.jpg\" class=\"attachment-thumbnail size-thumbnail\" alt=\"\" srcset=\"https:\/\/fr.motocrossmag.be\/wp-content\/uploads\/2014\/09\/nagl_FP4A1674-150x150.jpg 150w, https:\/\/fr.motocrossmag.be\/wp-content\/uploads\/2014\/09\/nagl_FP4A1674-50x50.jpg 50w\" sizes=\"(max-width: 150px) 100vw, 150px\" \/><\/a>\n\t\t\t<\/div><\/figure><figure class='gallery-item'>\n\t\t\t<div class='gallery-icon portrait'>\n\t\t\t\t<a href='https:\/\/fr.motocrossmag.be\/index.php\/2014\/09\/photos-mxgp-a-trindade\/paulin_fp4a0885-600x900\/'><img decoding=\"async\" width=\"150\" height=\"150\" src=\"https:\/\/fr.motocrossmag.be\/wp-content\/uploads\/2014\/09\/paulin_FP4A0885-600x900-150x150.jpg\" class=\"attachment-thumbnail size-thumbnail\" alt=\"\" srcset=\"https:\/\/fr.motocrossmag.be\/wp-content\/uploads\/2014\/09\/paulin_FP4A0885-600x900-150x150.jpg 150w, https:\/\/fr.motocrossmag.be\/wp-content\/uploads\/2014\/09\/paulin_FP4A0885-600x900-50x50.jpg 50w\" sizes=\"(max-width: 150px) 100vw, 150px\" \/><\/a>\n\t\t\t<\/div><\/figure><figure class='gallery-item'>\n\t\t\t<div class='gallery-icon landscape'>\n\t\t\t\t<a href='https:\/\/fr.motocrossmag.be\/index.php\/2014\/09\/photos-mxgp-a-trindade\/paulin_fp4a1085\/'><img decoding=\"async\" width=\"150\" height=\"150\" src=\"https:\/\/fr.motocrossmag.be\/wp-content\/uploads\/2014\/09\/paulin_FP4A1085-150x150.jpg\" class=\"attachment-thumbnail size-thumbnail\" alt=\"\" srcset=\"https:\/\/fr.motocrossmag.be\/wp-content\/uploads\/2014\/09\/paulin_FP4A1085-150x150.jpg 150w, https:\/\/fr.motocrossmag.be\/wp-content\/uploads\/2014\/09\/paulin_FP4A1085-50x50.jpg 50w\" sizes=\"(max-width: 150px) 100vw, 150px\" \/><\/a>\n\t\t\t<\/div><\/figure><figure class='gallery-item'>\n\t\t\t<div class='gallery-icon landscape'>\n\t\t\t\t<a href='https:\/\/fr.motocrossmag.be\/index.php\/2014\/09\/photos-mxgp-a-trindade\/paulin_fp4a9128\/'><img decoding=\"async\" width=\"150\" height=\"150\" src=\"https:\/\/fr.motocrossmag.be\/wp-content\/uploads\/2014\/09\/paulin_FP4A9128-150x150.jpg\" class=\"attachment-thumbnail size-thumbnail\" alt=\"\" srcset=\"https:\/\/fr.motocrossmag.be\/wp-content\/uploads\/2014\/09\/paulin_FP4A9128-150x150.jpg 150w, https:\/\/fr.motocrossmag.be\/wp-content\/uploads\/2014\/09\/paulin_FP4A9128-50x50.jpg 50w\" sizes=\"(max-width: 150px) 100vw, 150px\" \/><\/a>\n\t\t\t<\/div><\/figure><figure class='gallery-item'>\n\t\t\t<div class='gallery-icon portrait'>\n\t\t\t\t<a href='https:\/\/fr.motocrossmag.be\/index.php\/2014\/09\/photos-mxgp-a-trindade\/paulin_img_0869-600x900\/'><img decoding=\"async\" width=\"150\" height=\"150\" src=\"https:\/\/fr.motocrossmag.be\/wp-content\/uploads\/2014\/09\/paulin_IMG_0869-600x900-150x150.jpg\" class=\"attachment-thumbnail size-thumbnail\" alt=\"\" srcset=\"https:\/\/fr.motocrossmag.be\/wp-content\/uploads\/2014\/09\/paulin_IMG_0869-600x900-150x150.jpg 150w, https:\/\/fr.motocrossmag.be\/wp-content\/uploads\/2014\/09\/paulin_IMG_0869-600x900-50x50.jpg 50w\" sizes=\"(max-width: 150px) 100vw, 150px\" \/><\/a>\n\t\t\t<\/div><\/figure><figure class='gallery-item'>\n\t\t\t<div class='gallery-icon landscape'>\n\t\t\t\t<a href='https:\/\/fr.motocrossmag.be\/index.php\/2014\/09\/photos-mxgp-a-trindade\/paulin_img_1381\/'><img decoding=\"async\" width=\"150\" height=\"150\" src=\"https:\/\/fr.motocrossmag.be\/wp-content\/uploads\/2014\/09\/paulin_IMG_1381-150x150.jpg\" class=\"attachment-thumbnail size-thumbnail\" alt=\"\" srcset=\"https:\/\/fr.motocrossmag.be\/wp-content\/uploads\/2014\/09\/paulin_IMG_1381-150x150.jpg 150w, https:\/\/fr.motocrossmag.be\/wp-content\/uploads\/2014\/09\/paulin_IMG_1381-50x50.jpg 50w\" sizes=\"(max-width: 150px) 100vw, 150px\" \/><\/a>\n\t\t\t<\/div><\/figure><figure class='gallery-item'>\n\t\t\t<div class='gallery-icon landscape'>\n\t\t\t\t<a href='https:\/\/fr.motocrossmag.be\/index.php\/2014\/09\/photos-mxgp-a-trindade\/phili_img_0363\/'><img decoding=\"async\" width=\"150\" height=\"150\" src=\"https:\/\/fr.motocrossmag.be\/wp-content\/uploads\/2014\/09\/phili_IMG_0363-150x150.jpg\" class=\"attachment-thumbnail size-thumbnail\" alt=\"\" srcset=\"https:\/\/fr.motocrossmag.be\/wp-content\/uploads\/2014\/09\/phili_IMG_0363-150x150.jpg 150w, https:\/\/fr.motocrossmag.be\/wp-content\/uploads\/2014\/09\/phili_IMG_0363-50x50.jpg 50w\" sizes=\"(max-width: 150px) 100vw, 150px\" \/><\/a>\n\t\t\t<\/div><\/figure><figure class='gallery-item'>\n\t\t\t<div class='gallery-icon landscape'>\n\t\t\t\t<a href='https:\/\/fr.motocrossmag.be\/index.php\/2014\/09\/photos-mxgp-a-trindade\/potisek_img_9470\/'><img decoding=\"async\" width=\"150\" height=\"150\" src=\"https:\/\/fr.motocrossmag.be\/wp-content\/uploads\/2014\/09\/potisek_IMG_9470-150x150.jpg\" class=\"attachment-thumbnail size-thumbnail\" alt=\"\" srcset=\"https:\/\/fr.motocrossmag.be\/wp-content\/uploads\/2014\/09\/potisek_IMG_9470-150x150.jpg 150w, https:\/\/fr.motocrossmag.be\/wp-content\/uploads\/2014\/09\/potisek_IMG_9470-50x50.jpg 50w\" sizes=\"(max-width: 150px) 100vw, 150px\" \/><\/a>\n\t\t\t<\/div><\/figure><figure class='gallery-item'>\n\t\t\t<div class='gallery-icon portrait'>\n\t\t\t\t<a href='https:\/\/fr.motocrossmag.be\/index.php\/2014\/09\/photos-mxgp-a-trindade\/powerade_fp4a9441-600x900\/'><img decoding=\"async\" width=\"150\" height=\"150\" src=\"https:\/\/fr.motocrossmag.be\/wp-content\/uploads\/2014\/09\/powerade_FP4A9441-600x900-150x150.jpg\" class=\"attachment-thumbnail size-thumbnail\" alt=\"\" srcset=\"https:\/\/fr.motocrossmag.be\/wp-content\/uploads\/2014\/09\/powerade_FP4A9441-600x900-150x150.jpg 150w, https:\/\/fr.motocrossmag.be\/wp-content\/uploads\/2014\/09\/powerade_FP4A9441-600x900-50x50.jpg 50w\" sizes=\"(max-width: 150px) 100vw, 150px\" \/><\/a>\n\t\t\t<\/div><\/figure><figure class='gallery-item'>\n\t\t\t<div class='gallery-icon landscape'>\n\t\t\t\t<a href='https:\/\/fr.motocrossmag.be\/index.php\/2014\/09\/photos-mxgp-a-trindade\/rui_img_0297\/'><img decoding=\"async\" width=\"150\" height=\"150\" src=\"https:\/\/fr.motocrossmag.be\/wp-content\/uploads\/2014\/09\/rui_IMG_0297-150x150.jpg\" class=\"attachment-thumbnail size-thumbnail\" alt=\"\" srcset=\"https:\/\/fr.motocrossmag.be\/wp-content\/uploads\/2014\/09\/rui_IMG_0297-150x150.jpg 150w, https:\/\/fr.motocrossmag.be\/wp-content\/uploads\/2014\/09\/rui_IMG_0297-50x50.jpg 50w\" sizes=\"(max-width: 150px) 100vw, 150px\" \/><\/a>\n\t\t\t<\/div><\/figure><figure class='gallery-item'>\n\t\t\t<div class='gallery-icon portrait'>\n\t\t\t\t<a href='https:\/\/fr.motocrossmag.be\/index.php\/2014\/09\/photos-mxgp-a-trindade\/searle_img_0891-600x900\/'><img decoding=\"async\" width=\"150\" height=\"150\" src=\"https:\/\/fr.motocrossmag.be\/wp-content\/uploads\/2014\/09\/searle_IMG_0891-600x900-150x150.jpg\" class=\"attachment-thumbnail size-thumbnail\" alt=\"\" srcset=\"https:\/\/fr.motocrossmag.be\/wp-content\/uploads\/2014\/09\/searle_IMG_0891-600x900-150x150.jpg 150w, https:\/\/fr.motocrossmag.be\/wp-content\/uploads\/2014\/09\/searle_IMG_0891-600x900-50x50.jpg 50w\" sizes=\"(max-width: 150px) 100vw, 150px\" \/><\/a>\n\t\t\t<\/div><\/figure><figure class='gallery-item'>\n\t\t\t<div class='gallery-icon landscape'>\n\t\t\t\t<a href='https:\/\/fr.motocrossmag.be\/index.php\/2014\/09\/photos-mxgp-a-trindade\/seewer_img_0134\/'><img decoding=\"async\" width=\"150\" height=\"150\" src=\"https:\/\/fr.motocrossmag.be\/wp-content\/uploads\/2014\/09\/seewer_IMG_0134-150x150.jpg\" class=\"attachment-thumbnail size-thumbnail\" alt=\"\" srcset=\"https:\/\/fr.motocrossmag.be\/wp-content\/uploads\/2014\/09\/seewer_IMG_0134-150x150.jpg 150w, https:\/\/fr.motocrossmag.be\/wp-content\/uploads\/2014\/09\/seewer_IMG_0134-50x50.jpg 50w\" sizes=\"(max-width: 150px) 100vw, 150px\" \/><\/a>\n\t\t\t<\/div><\/figure><figure class='gallery-item'>\n\t\t\t<div class='gallery-icon landscape'>\n\t\t\t\t<a href='https:\/\/fr.motocrossmag.be\/index.php\/2014\/09\/photos-mxgp-a-trindade\/simpson_img_1349\/'><img decoding=\"async\" width=\"150\" height=\"150\" src=\"https:\/\/fr.motocrossmag.be\/wp-content\/uploads\/2014\/09\/simpson_IMG_1349-150x150.jpg\" class=\"attachment-thumbnail size-thumbnail\" alt=\"\" srcset=\"https:\/\/fr.motocrossmag.be\/wp-content\/uploads\/2014\/09\/simpson_IMG_1349-150x150.jpg 150w, https:\/\/fr.motocrossmag.be\/wp-content\/uploads\/2014\/09\/simpson_IMG_1349-50x50.jpg 50w\" sizes=\"(max-width: 150px) 100vw, 150px\" \/><\/a>\n\t\t\t<\/div><\/figure><figure class='gallery-item'>\n\t\t\t<div class='gallery-icon landscape'>\n\t\t\t\t<a href='https:\/\/fr.motocrossmag.be\/index.php\/2014\/09\/photos-mxgp-a-trindade\/simpson_mxm_img_02761\/'><img decoding=\"async\" width=\"150\" height=\"150\" src=\"https:\/\/fr.motocrossmag.be\/wp-content\/uploads\/2014\/09\/simpson_mxm_IMG_02761-150x150.jpg\" class=\"attachment-thumbnail size-thumbnail\" alt=\"\" aria-describedby=\"gallery-1-26975\" srcset=\"https:\/\/fr.motocrossmag.be\/wp-content\/uploads\/2014\/09\/simpson_mxm_IMG_02761-150x150.jpg 150w, https:\/\/fr.motocrossmag.be\/wp-content\/uploads\/2014\/09\/simpson_mxm_IMG_02761-50x50.jpg 50w\" sizes=\"(max-width: 150px) 100vw, 150px\" \/><\/a>\n\t\t\t<\/div>\n\t\t\t\t<figcaption class='wp-caption-text gallery-caption' id='gallery-1-26975'>\n\t\t\t\tShaun Simpson estime \u00e0 juste titre qu&rsquo;il m\u00e9rite sa s\u00e9lection en \u00e9quipe nationale mais fallait-il annoncer la s\u00e9lection si t\u00f4t? \n\t\t\t\t<\/figcaption><\/figure><figure class='gallery-item'>\n\t\t\t<div class='gallery-icon landscape'>\n\t\t\t\t<a href='https:\/\/fr.motocrossmag.be\/index.php\/2014\/09\/photos-mxgp-a-trindade\/start_mx2_img_0064\/'><img decoding=\"async\" width=\"150\" height=\"150\" src=\"https:\/\/fr.motocrossmag.be\/wp-content\/uploads\/2014\/09\/start_mx2_IMG_0064-150x150.jpg\" class=\"attachment-thumbnail size-thumbnail\" alt=\"\" srcset=\"https:\/\/fr.motocrossmag.be\/wp-content\/uploads\/2014\/09\/start_mx2_IMG_0064-150x150.jpg 150w, https:\/\/fr.motocrossmag.be\/wp-content\/uploads\/2014\/09\/start_mx2_IMG_0064-50x50.jpg 50w\" sizes=\"(max-width: 150px) 100vw, 150px\" \/><\/a>\n\t\t\t<\/div><\/figure><figure class='gallery-item'>\n\t\t\t<div class='gallery-icon landscape'>\n\t\t\t\t<a href='https:\/\/fr.motocrossmag.be\/index.php\/2014\/09\/photos-mxgp-a-trindade\/start_mxgp_img_0924\/'><img decoding=\"async\" width=\"150\" height=\"150\" src=\"https:\/\/fr.motocrossmag.be\/wp-content\/uploads\/2014\/09\/start_mxgp_IMG_0924-150x150.jpg\" class=\"attachment-thumbnail size-thumbnail\" alt=\"\" srcset=\"https:\/\/fr.motocrossmag.be\/wp-content\/uploads\/2014\/09\/start_mxgp_IMG_0924-150x150.jpg 150w, https:\/\/fr.motocrossmag.be\/wp-content\/uploads\/2014\/09\/start_mxgp_IMG_0924-50x50.jpg 50w\" sizes=\"(max-width: 150px) 100vw, 150px\" \/><\/a>\n\t\t\t<\/div><\/figure><figure class='gallery-item'>\n\t\t\t<div class='gallery-icon landscape'>\n\t\t\t\t<a href='https:\/\/fr.motocrossmag.be\/index.php\/2014\/09\/photos-mxgp-a-trindade\/strijbos_fp4a9187\/'><img decoding=\"async\" width=\"150\" height=\"150\" src=\"https:\/\/fr.motocrossmag.be\/wp-content\/uploads\/2014\/09\/strijbos_FP4A9187-150x150.jpg\" class=\"attachment-thumbnail size-thumbnail\" alt=\"\" srcset=\"https:\/\/fr.motocrossmag.be\/wp-content\/uploads\/2014\/09\/strijbos_FP4A9187-150x150.jpg 150w, https:\/\/fr.motocrossmag.be\/wp-content\/uploads\/2014\/09\/strijbos_FP4A9187-50x50.jpg 50w\" sizes=\"(max-width: 150px) 100vw, 150px\" \/><\/a>\n\t\t\t<\/div><\/figure><figure class='gallery-item'>\n\t\t\t<div class='gallery-icon landscape'>\n\t\t\t\t<a href='https:\/\/fr.motocrossmag.be\/index.php\/2014\/09\/photos-mxgp-a-trindade\/strijbos_fp4a9877\/'><img decoding=\"async\" width=\"150\" height=\"150\" src=\"https:\/\/fr.motocrossmag.be\/wp-content\/uploads\/2014\/09\/strijbos_FP4A9877-150x150.jpg\" class=\"attachment-thumbnail size-thumbnail\" alt=\"\" srcset=\"https:\/\/fr.motocrossmag.be\/wp-content\/uploads\/2014\/09\/strijbos_FP4A9877-150x150.jpg 150w, https:\/\/fr.motocrossmag.be\/wp-content\/uploads\/2014\/09\/strijbos_FP4A9877-50x50.jpg 50w\" sizes=\"(max-width: 150px) 100vw, 150px\" \/><\/a>\n\t\t\t<\/div><\/figure><figure class='gallery-item'>\n\t\t\t<div class='gallery-icon portrait'>\n\t\t\t\t<a href='https:\/\/fr.motocrossmag.be\/index.php\/2014\/09\/photos-mxgp-a-trindade\/tixier_fp4a8859-600x900\/'><img decoding=\"async\" width=\"150\" height=\"150\" src=\"https:\/\/fr.motocrossmag.be\/wp-content\/uploads\/2014\/09\/tixier_FP4A8859-600x900-150x150.jpg\" class=\"attachment-thumbnail size-thumbnail\" alt=\"\" srcset=\"https:\/\/fr.motocrossmag.be\/wp-content\/uploads\/2014\/09\/tixier_FP4A8859-600x900-150x150.jpg 150w, https:\/\/fr.motocrossmag.be\/wp-content\/uploads\/2014\/09\/tixier_FP4A8859-600x900-50x50.jpg 50w\" sizes=\"(max-width: 150px) 100vw, 150px\" \/><\/a>\n\t\t\t<\/div><\/figure><figure class='gallery-item'>\n\t\t\t<div class='gallery-icon landscape'>\n\t\t\t\t<a href='https:\/\/fr.motocrossmag.be\/index.php\/2014\/09\/photos-mxgp-a-trindade\/tixier_fp4a9619\/'><img decoding=\"async\" width=\"150\" height=\"150\" src=\"https:\/\/fr.motocrossmag.be\/wp-content\/uploads\/2014\/09\/tixier_FP4A9619-150x150.jpg\" class=\"attachment-thumbnail size-thumbnail\" alt=\"\" srcset=\"https:\/\/fr.motocrossmag.be\/wp-content\/uploads\/2014\/09\/tixier_FP4A9619-150x150.jpg 150w, https:\/\/fr.motocrossmag.be\/wp-content\/uploads\/2014\/09\/tixier_FP4A9619-50x50.jpg 50w\" sizes=\"(max-width: 150px) 100vw, 150px\" \/><\/a>\n\t\t\t<\/div><\/figure><figure class='gallery-item'>\n\t\t\t<div class='gallery-icon landscape'>\n\t\t\t\t<a href='https:\/\/fr.motocrossmag.be\/index.php\/2014\/09\/photos-mxgp-a-trindade\/tonkov_fp4a8869\/'><img decoding=\"async\" width=\"150\" height=\"150\" src=\"https:\/\/fr.motocrossmag.be\/wp-content\/uploads\/2014\/09\/tonkov_FP4A8869-150x150.jpg\" class=\"attachment-thumbnail size-thumbnail\" alt=\"\" srcset=\"https:\/\/fr.motocrossmag.be\/wp-content\/uploads\/2014\/09\/tonkov_FP4A8869-150x150.jpg 150w, https:\/\/fr.motocrossmag.be\/wp-content\/uploads\/2014\/09\/tonkov_FP4A8869-50x50.jpg 50w\" sizes=\"(max-width: 150px) 100vw, 150px\" \/><\/a>\n\t\t\t<\/div><\/figure><figure class='gallery-item'>\n\t\t\t<div class='gallery-icon landscape'>\n\t\t\t\t<a href='https:\/\/fr.motocrossmag.be\/index.php\/2014\/09\/photos-mxgp-a-trindade\/tonkov_img_0452\/'><img decoding=\"async\" width=\"150\" height=\"150\" src=\"https:\/\/fr.motocrossmag.be\/wp-content\/uploads\/2014\/09\/tonkov_IMG_0452-150x150.jpg\" class=\"attachment-thumbnail size-thumbnail\" alt=\"\" srcset=\"https:\/\/fr.motocrossmag.be\/wp-content\/uploads\/2014\/09\/tonkov_IMG_0452-150x150.jpg 150w, https:\/\/fr.motocrossmag.be\/wp-content\/uploads\/2014\/09\/tonkov_IMG_0452-50x50.jpg 50w\" sizes=\"(max-width: 150px) 100vw, 150px\" \/><\/a>\n\t\t\t<\/div><\/figure><figure class='gallery-item'>\n\t\t\t<div class='gallery-icon landscape'>\n\t\t\t\t<a href='https:\/\/fr.motocrossmag.be\/index.php\/2014\/09\/photos-mxgp-a-trindade\/tonus_img_0145\/'><img decoding=\"async\" width=\"150\" height=\"150\" src=\"https:\/\/fr.motocrossmag.be\/wp-content\/uploads\/2014\/09\/tonus_IMG_0145-150x150.jpg\" class=\"attachment-thumbnail size-thumbnail\" alt=\"\" srcset=\"https:\/\/fr.motocrossmag.be\/wp-content\/uploads\/2014\/09\/tonus_IMG_0145-150x150.jpg 150w, https:\/\/fr.motocrossmag.be\/wp-content\/uploads\/2014\/09\/tonus_IMG_0145-50x50.jpg 50w\" sizes=\"(max-width: 150px) 100vw, 150px\" \/><\/a>\n\t\t\t<\/div><\/figure><figure class='gallery-item'>\n\t\t\t<div class='gallery-icon portrait'>\n\t\t\t\t<a href='https:\/\/fr.motocrossmag.be\/index.php\/2014\/09\/photos-mxgp-a-trindade\/tony_fp4a0617-600x900\/'><img decoding=\"async\" width=\"150\" height=\"150\" src=\"https:\/\/fr.motocrossmag.be\/wp-content\/uploads\/2014\/09\/tony_FP4A0617-600x900-150x150.jpg\" class=\"attachment-thumbnail size-thumbnail\" alt=\"\" srcset=\"https:\/\/fr.motocrossmag.be\/wp-content\/uploads\/2014\/09\/tony_FP4A0617-600x900-150x150.jpg 150w, https:\/\/fr.motocrossmag.be\/wp-content\/uploads\/2014\/09\/tony_FP4A0617-600x900-50x50.jpg 50w\" sizes=\"(max-width: 150px) 100vw, 150px\" \/><\/a>\n\t\t\t<\/div><\/figure><figure class='gallery-item'>\n\t\t\t<div class='gallery-icon landscape'>\n\t\t\t\t<a href='https:\/\/fr.motocrossmag.be\/index.php\/2014\/09\/photos-mxgp-a-trindade\/wg21_fp4a9429\/'><img decoding=\"async\" width=\"150\" height=\"150\" src=\"https:\/\/fr.motocrossmag.be\/wp-content\/uploads\/2014\/09\/wg21_FP4A9429-150x150.jpg\" class=\"attachment-thumbnail size-thumbnail\" alt=\"\" srcset=\"https:\/\/fr.motocrossmag.be\/wp-content\/uploads\/2014\/09\/wg21_FP4A9429-150x150.jpg 150w, https:\/\/fr.motocrossmag.be\/wp-content\/uploads\/2014\/09\/wg21_FP4A9429-50x50.jpg 50w\" sizes=\"(max-width: 150px) 100vw, 150px\" \/><\/a>\n\t\t\t<\/div><\/figure><figure class='gallery-item'>\n\t\t\t<div class='gallery-icon landscape'>\n\t\t\t\t<a href='https:\/\/fr.motocrossmag.be\/index.php\/2014\/09\/photos-mxgp-a-trindade\/yamamoto_img_0454\/'><img decoding=\"async\" width=\"150\" height=\"150\" src=\"https:\/\/fr.motocrossmag.be\/wp-content\/uploads\/2014\/09\/yamamoto_IMG_0454-150x150.jpg\" class=\"attachment-thumbnail size-thumbnail\" alt=\"\" srcset=\"https:\/\/fr.motocrossmag.be\/wp-content\/uploads\/2014\/09\/yamamoto_IMG_0454-150x150.jpg 150w, https:\/\/fr.motocrossmag.be\/wp-content\/uploads\/2014\/09\/yamamoto_IMG_0454-50x50.jpg 50w\" sizes=\"(max-width: 150px) 100vw, 150px\" \/><\/a>\n\t\t\t<\/div><\/figure>\n\t\t<\/div>\n\n","protected":false},"excerpt":{"rendered":"<p>La saison MXGP est presque termin\u00e9e. Elle s&rsquo;ach\u00e8vera ce week-end avec le GP du Mexique, o\u00f9 se jouera le titre mondial MX2. En attendant, revenons sur le GP de Trindade disput\u00e9 le week-end dernier \u00e0 l&rsquo;occasion du second passage de la saison du championnat au Br\u00e9sil. Photos: CDS &nbsp;<\/p>\n","protected":false},"author":932,"featured_media":26930,"comment_status":"open","ping_status":"closed","sticky":false,"template":"","format":"standard","meta":{"tdm_status":"","tdm_grid_status":"","footnotes":""},"categories":[54,4,6,55,66,65],"tags":[],"class_list":["post-26918","post","type-post","status-publish","format-standard","has-post-thumbnail","category-actualite","category-motocross","category-mx1mx2","category-news-actualite","category-photos","category-slideshow"],"yoast_head":"<!-- This site is optimized with the Yoast SEO plugin v28.3 - https:\/\/yoast.com\/product\/yoast-seo-wordpress\/ -->\n<title>Photos: MXGP \u00e0 Trindade - Motocross - Enduro - Supermoto | MotocrossMag<\/title>\n<meta name=\"robots\" content=\"index, follow, max-snippet:-1, max-image-preview:large, max-video-preview:-1\" \/>\n<link rel=\"canonical\" href=\"https:\/\/fr.motocrossmag.be\/index.php\/2014\/09\/photos-mxgp-a-trindade\/\" \/>\n<meta property=\"og:locale\" content=\"fr_FR\" \/>\n<meta property=\"og:type\" content=\"article\" \/>\n<meta property=\"og:title\" content=\"Photos: MXGP \u00e0 Trindade - Motocross - Enduro - Supermoto | MotocrossMag\" \/>\n<meta property=\"og:description\" content=\"La saison MXGP est presque termin\u00e9e. Elle s&rsquo;ach\u00e8vera ce week-end avec le GP du Mexique, o\u00f9 se jouera le titre mondial MX2. En attendant, revenons sur le GP de Trindade disput\u00e9 le week-end dernier \u00e0 l&rsquo;occasion du second passage de la saison du championnat au Br\u00e9sil. Photos: CDS &nbsp;\" \/>\n<meta property=\"og:url\" content=\"https:\/\/fr.motocrossmag.be\/index.php\/2014\/09\/photos-mxgp-a-trindade\/\" \/>\n<meta property=\"og:site_name\" content=\"Motocross - Enduro - Supermoto | MotocrossMag\" \/>\n<meta property=\"article:published_time\" content=\"2014-09-10T20:33:16+00:00\" \/>\n<meta property=\"og:image\" content=\"https:\/\/fr.motocrossmag.be\/wp-content\/uploads\/2014\/09\/febvre_FP4A0647.jpg\" \/>\n\t<meta property=\"og:image:width\" content=\"1024\" \/>\n\t<meta property=\"og:image:height\" content=\"683\" \/>\n\t<meta property=\"og:image:type\" content=\"image\/jpeg\" \/>\n<meta name=\"author\" content=\"oliviere\" \/>\n<meta name=\"twitter:card\" content=\"summary_large_image\" \/>\n<meta name=\"twitter:label1\" content=\"\u00c9crit par\" \/>\n\t<meta name=\"twitter:data1\" content=\"oliviere\" \/>\n<script type=\"application\/ld+json\" class=\"yoast-schema-graph\">{\"@context\":\"https:\\\/\\\/schema.org\",\"@graph\":[{\"@type\":\"Article\",\"@id\":\"https:\\\/\\\/fr.motocrossmag.be\\\/index.php\\\/2014\\\/09\\\/photos-mxgp-a-trindade\\\/#article\",\"isPartOf\":{\"@id\":\"https:\\\/\\\/fr.motocrossmag.be\\\/index.php\\\/2014\\\/09\\\/photos-mxgp-a-trindade\\\/\"},\"author\":{\"name\":\"oliviere\",\"@id\":\"https:\\\/\\\/fr.motocrossmag.be\\\/#\\\/schema\\\/person\\\/11b47143d9f755babca2c9110e03235c\"},\"headline\":\"Photos: MXGP \u00e0 Trindade\",\"datePublished\":\"2014-09-10T20:33:16+00:00\",\"mainEntityOfPage\":{\"@id\":\"https:\\\/\\\/fr.motocrossmag.be\\\/index.php\\\/2014\\\/09\\\/photos-mxgp-a-trindade\\\/\"},\"wordCount\":58,\"commentCount\":0,\"image\":{\"@id\":\"https:\\\/\\\/fr.motocrossmag.be\\\/index.php\\\/2014\\\/09\\\/photos-mxgp-a-trindade\\\/#primaryimage\"},\"thumbnailUrl\":\"https:\\\/\\\/fr.motocrossmag.be\\\/wp-content\\\/uploads\\\/2014\\\/09\\\/febvre_FP4A0647.jpg\",\"articleSection\":[\"Actualit\u00e9\",\"Motocross\",\"Motocross MXGP\",\"News\",\"Photos\",\"Slideshow\"],\"inLanguage\":\"fr-FR\",\"potentialAction\":[{\"@type\":\"CommentAction\",\"name\":\"Comment\",\"target\":[\"https:\\\/\\\/fr.motocrossmag.be\\\/index.php\\\/2014\\\/09\\\/photos-mxgp-a-trindade\\\/#respond\"]}]},{\"@type\":\"WebPage\",\"@id\":\"https:\\\/\\\/fr.motocrossmag.be\\\/index.php\\\/2014\\\/09\\\/photos-mxgp-a-trindade\\\/\",\"url\":\"https:\\\/\\\/fr.motocrossmag.be\\\/index.php\\\/2014\\\/09\\\/photos-mxgp-a-trindade\\\/\",\"name\":\"Photos: MXGP \u00e0 Trindade - Motocross - Enduro - Supermoto | MotocrossMag\",\"isPartOf\":{\"@id\":\"https:\\\/\\\/fr.motocrossmag.be\\\/#website\"},\"primaryImageOfPage\":{\"@id\":\"https:\\\/\\\/fr.motocrossmag.be\\\/index.php\\\/2014\\\/09\\\/photos-mxgp-a-trindade\\\/#primaryimage\"},\"image\":{\"@id\":\"https:\\\/\\\/fr.motocrossmag.be\\\/index.php\\\/2014\\\/09\\\/photos-mxgp-a-trindade\\\/#primaryimage\"},\"thumbnailUrl\":\"https:\\\/\\\/fr.motocrossmag.be\\\/wp-content\\\/uploads\\\/2014\\\/09\\\/febvre_FP4A0647.jpg\",\"datePublished\":\"2014-09-10T20:33:16+00:00\",\"author\":{\"@id\":\"https:\\\/\\\/fr.motocrossmag.be\\\/#\\\/schema\\\/person\\\/11b47143d9f755babca2c9110e03235c\"},\"breadcrumb\":{\"@id\":\"https:\\\/\\\/fr.motocrossmag.be\\\/index.php\\\/2014\\\/09\\\/photos-mxgp-a-trindade\\\/#breadcrumb\"},\"inLanguage\":\"fr-FR\",\"potentialAction\":[{\"@type\":\"ReadAction\",\"target\":[\"https:\\\/\\\/fr.motocrossmag.be\\\/index.php\\\/2014\\\/09\\\/photos-mxgp-a-trindade\\\/\"]}]},{\"@type\":\"ImageObject\",\"inLanguage\":\"fr-FR\",\"@id\":\"https:\\\/\\\/fr.motocrossmag.be\\\/index.php\\\/2014\\\/09\\\/photos-mxgp-a-trindade\\\/#primaryimage\",\"url\":\"https:\\\/\\\/fr.motocrossmag.be\\\/wp-content\\\/uploads\\\/2014\\\/09\\\/febvre_FP4A0647.jpg\",\"contentUrl\":\"https:\\\/\\\/fr.motocrossmag.be\\\/wp-content\\\/uploads\\\/2014\\\/09\\\/febvre_FP4A0647.jpg\",\"width\":1024,\"height\":683},{\"@type\":\"BreadcrumbList\",\"@id\":\"https:\\\/\\\/fr.motocrossmag.be\\\/index.php\\\/2014\\\/09\\\/photos-mxgp-a-trindade\\\/#breadcrumb\",\"itemListElement\":[{\"@type\":\"ListItem\",\"position\":1,\"name\":\"Accueil\",\"item\":\"https:\\\/\\\/fr.motocrossmag.be\\\/\"},{\"@type\":\"ListItem\",\"position\":2,\"name\":\"Photos: MXGP \u00e0 Trindade\"}]},{\"@type\":\"WebSite\",\"@id\":\"https:\\\/\\\/fr.motocrossmag.be\\\/#website\",\"url\":\"https:\\\/\\\/fr.motocrossmag.be\\\/\",\"name\":\"Motocross - Enduro - Supermoto | MotocrossMag\",\"description\":\"L&#039;actualit\u00e9 du motocross, de l&#039;enduro et du Supermoto en ligne!\",\"potentialAction\":[{\"@type\":\"SearchAction\",\"target\":{\"@type\":\"EntryPoint\",\"urlTemplate\":\"https:\\\/\\\/fr.motocrossmag.be\\\/?s={search_term_string}\"},\"query-input\":{\"@type\":\"PropertyValueSpecification\",\"valueRequired\":true,\"valueName\":\"search_term_string\"}}],\"inLanguage\":\"fr-FR\"},{\"@type\":\"Person\",\"@id\":\"https:\\\/\\\/fr.motocrossmag.be\\\/#\\\/schema\\\/person\\\/11b47143d9f755babca2c9110e03235c\",\"name\":\"oliviere\",\"image\":{\"@type\":\"ImageObject\",\"inLanguage\":\"fr-FR\",\"@id\":\"https:\\\/\\\/secure.gravatar.com\\\/avatar\\\/907069e0b81d119452040469e4a7501da1100f54f7f80180ce77bfab718288f6?s=96&d=mm&r=g\",\"url\":\"https:\\\/\\\/secure.gravatar.com\\\/avatar\\\/907069e0b81d119452040469e4a7501da1100f54f7f80180ce77bfab718288f6?s=96&d=mm&r=g\",\"contentUrl\":\"https:\\\/\\\/secure.gravatar.com\\\/avatar\\\/907069e0b81d119452040469e4a7501da1100f54f7f80180ce77bfab718288f6?s=96&d=mm&r=g\",\"caption\":\"oliviere\"},\"sameAs\":[\"http:\\\/\\\/www.motocrossmag.be\"],\"url\":\"https:\\\/\\\/fr.motocrossmag.be\\\/index.php\\\/author\\\/oliviere\\\/\"}]}<\/script>\n<!-- \/ Yoast SEO plugin. -->","yoast_head_json":{"title":"Photos: MXGP \u00e0 Trindade - Motocross - Enduro - Supermoto | MotocrossMag","robots":{"index":"index","follow":"follow","max-snippet":"max-snippet:-1","max-image-preview":"max-image-preview:large","max-video-preview":"max-video-preview:-1"},"canonical":"https:\/\/fr.motocrossmag.be\/index.php\/2014\/09\/photos-mxgp-a-trindade\/","og_locale":"fr_FR","og_type":"article","og_title":"Photos: MXGP \u00e0 Trindade - Motocross - Enduro - Supermoto | MotocrossMag","og_description":"La saison MXGP est presque termin\u00e9e. Elle s&rsquo;ach\u00e8vera ce week-end avec le GP du Mexique, o\u00f9 se jouera le titre mondial MX2. En attendant, revenons sur le GP de Trindade disput\u00e9 le week-end dernier \u00e0 l&rsquo;occasion du second passage de la saison du championnat au Br\u00e9sil. Photos: CDS &nbsp;","og_url":"https:\/\/fr.motocrossmag.be\/index.php\/2014\/09\/photos-mxgp-a-trindade\/","og_site_name":"Motocross - Enduro - Supermoto | MotocrossMag","article_published_time":"2014-09-10T20:33:16+00:00","og_image":[{"width":1024,"height":683,"url":"https:\/\/fr.motocrossmag.be\/wp-content\/uploads\/2014\/09\/febvre_FP4A0647.jpg","type":"image\/jpeg"}],"author":"oliviere","twitter_card":"summary_large_image","twitter_misc":{"\u00c9crit par":"oliviere"},"schema":{"@context":"https:\/\/schema.org","@graph":[{"@type":"Article","@id":"https:\/\/fr.motocrossmag.be\/index.php\/2014\/09\/photos-mxgp-a-trindade\/#article","isPartOf":{"@id":"https:\/\/fr.motocrossmag.be\/index.php\/2014\/09\/photos-mxgp-a-trindade\/"},"author":{"name":"oliviere","@id":"https:\/\/fr.motocrossmag.be\/#\/schema\/person\/11b47143d9f755babca2c9110e03235c"},"headline":"Photos: MXGP \u00e0 Trindade","datePublished":"2014-09-10T20:33:16+00:00","mainEntityOfPage":{"@id":"https:\/\/fr.motocrossmag.be\/index.php\/2014\/09\/photos-mxgp-a-trindade\/"},"wordCount":58,"commentCount":0,"image":{"@id":"https:\/\/fr.motocrossmag.be\/index.php\/2014\/09\/photos-mxgp-a-trindade\/#primaryimage"},"thumbnailUrl":"https:\/\/fr.motocrossmag.be\/wp-content\/uploads\/2014\/09\/febvre_FP4A0647.jpg","articleSection":["Actualit\u00e9","Motocross","Motocross MXGP","News","Photos","Slideshow"],"inLanguage":"fr-FR","potentialAction":[{"@type":"CommentAction","name":"Comment","target":["https:\/\/fr.motocrossmag.be\/index.php\/2014\/09\/photos-mxgp-a-trindade\/#respond"]}]},{"@type":"WebPage","@id":"https:\/\/fr.motocrossmag.be\/index.php\/2014\/09\/photos-mxgp-a-trindade\/","url":"https:\/\/fr.motocrossmag.be\/index.php\/2014\/09\/photos-mxgp-a-trindade\/","name":"Photos: MXGP \u00e0 Trindade - Motocross - Enduro - Supermoto | MotocrossMag","isPartOf":{"@id":"https:\/\/fr.motocrossmag.be\/#website"},"primaryImageOfPage":{"@id":"https:\/\/fr.motocrossmag.be\/index.php\/2014\/09\/photos-mxgp-a-trindade\/#primaryimage"},"image":{"@id":"https:\/\/fr.motocrossmag.be\/index.php\/2014\/09\/photos-mxgp-a-trindade\/#primaryimage"},"thumbnailUrl":"https:\/\/fr.motocrossmag.be\/wp-content\/uploads\/2014\/09\/febvre_FP4A0647.jpg","datePublished":"2014-09-10T20:33:16+00:00","author":{"@id":"https:\/\/fr.motocrossmag.be\/#\/schema\/person\/11b47143d9f755babca2c9110e03235c"},"breadcrumb":{"@id":"https:\/\/fr.motocrossmag.be\/index.php\/2014\/09\/photos-mxgp-a-trindade\/#breadcrumb"},"inLanguage":"fr-FR","potentialAction":[{"@type":"ReadAction","target":["https:\/\/fr.motocrossmag.be\/index.php\/2014\/09\/photos-mxgp-a-trindade\/"]}]},{"@type":"ImageObject","inLanguage":"fr-FR","@id":"https:\/\/fr.motocrossmag.be\/index.php\/2014\/09\/photos-mxgp-a-trindade\/#primaryimage","url":"https:\/\/fr.motocrossmag.be\/wp-content\/uploads\/2014\/09\/febvre_FP4A0647.jpg","contentUrl":"https:\/\/fr.motocrossmag.be\/wp-content\/uploads\/2014\/09\/febvre_FP4A0647.jpg","width":1024,"height":683},{"@type":"BreadcrumbList","@id":"https:\/\/fr.motocrossmag.be\/index.php\/2014\/09\/photos-mxgp-a-trindade\/#breadcrumb","itemListElement":[{"@type":"ListItem","position":1,"name":"Accueil","item":"https:\/\/fr.motocrossmag.be\/"},{"@type":"ListItem","position":2,"name":"Photos: MXGP \u00e0 Trindade"}]},{"@type":"WebSite","@id":"https:\/\/fr.motocrossmag.be\/#website","url":"https:\/\/fr.motocrossmag.be\/","name":"Motocross - Enduro - Supermoto | MotocrossMag","description":"L&#039;actualit\u00e9 du motocross, de l&#039;enduro et du Supermoto en ligne!","potentialAction":[{"@type":"SearchAction","target":{"@type":"EntryPoint","urlTemplate":"https:\/\/fr.motocrossmag.be\/?s={search_term_string}"},"query-input":{"@type":"PropertyValueSpecification","valueRequired":true,"valueName":"search_term_string"}}],"inLanguage":"fr-FR"},{"@type":"Person","@id":"https:\/\/fr.motocrossmag.be\/#\/schema\/person\/11b47143d9f755babca2c9110e03235c","name":"oliviere","image":{"@type":"ImageObject","inLanguage":"fr-FR","@id":"https:\/\/secure.gravatar.com\/avatar\/907069e0b81d119452040469e4a7501da1100f54f7f80180ce77bfab718288f6?s=96&d=mm&r=g","url":"https:\/\/secure.gravatar.com\/avatar\/907069e0b81d119452040469e4a7501da1100f54f7f80180ce77bfab718288f6?s=96&d=mm&r=g","contentUrl":"https:\/\/secure.gravatar.com\/avatar\/907069e0b81d119452040469e4a7501da1100f54f7f80180ce77bfab718288f6?s=96&d=mm&r=g","caption":"oliviere"},"sameAs":["http:\/\/www.motocrossmag.be"],"url":"https:\/\/fr.motocrossmag.be\/index.php\/author\/oliviere\/"}]}},"_links":{"self":[{"href":"https:\/\/fr.motocrossmag.be\/index.php\/wp-json\/wp\/v2\/posts\/26918","targetHints":{"allow":["GET"]}}],"collection":[{"href":"https:\/\/fr.motocrossmag.be\/index.php\/wp-json\/wp\/v2\/posts"}],"about":[{"href":"https:\/\/fr.motocrossmag.be\/index.php\/wp-json\/wp\/v2\/types\/post"}],"author":[{"embeddable":true,"href":"https:\/\/fr.motocrossmag.be\/index.php\/wp-json\/wp\/v2\/users\/932"}],"replies":[{"embeddable":true,"href":"https:\/\/fr.motocrossmag.be\/index.php\/wp-json\/wp\/v2\/comments?post=26918"}],"version-history":[{"count":1,"href":"https:\/\/fr.motocrossmag.be\/index.php\/wp-json\/wp\/v2\/posts\/26918\/revisions"}],"predecessor-version":[{"id":26989,"href":"https:\/\/fr.motocrossmag.be\/index.php\/wp-json\/wp\/v2\/posts\/26918\/revisions\/26989"}],"wp:featuredmedia":[{"embeddable":true,"href":"https:\/\/fr.motocrossmag.be\/index.php\/wp-json\/wp\/v2\/media\/26930"}],"wp:attachment":[{"href":"https:\/\/fr.motocrossmag.be\/index.php\/wp-json\/wp\/v2\/media?parent=26918"}],"wp:term":[{"taxonomy":"category","embeddable":true,"href":"https:\/\/fr.motocrossmag.be\/index.php\/wp-json\/wp\/v2\/categories?post=26918"},{"taxonomy":"post_tag","embeddable":true,"href":"https:\/\/fr.motocrossmag.be\/index.php\/wp-json\/wp\/v2\/tags?post=26918"}],"curies":[{"name":"wp","href":"https:\/\/api.w.org\/{rel}","templated":true}]}}