{"id":2763,"date":"2008-12-23T13:53:30","date_gmt":"2008-12-23T12:53:30","guid":{"rendered":"http:\/\/www.motocrossmag.be\/?p=2763"},"modified":"2008-12-23T13:53:30","modified_gmt":"2008-12-23T12:53:30","slug":"essai-honda-250-450-cr-f-2009-honda-hausse-le-ton","status":"publish","type":"post","link":"https:\/\/fr.motocrossmag.be\/index.php\/2008\/12\/essai-honda-250-450-cr-f-2009-honda-hausse-le-ton\/","title":{"rendered":"Essai Honda 250 &#038; 450 CR-F 2009 | Honda hausse le ton"},"content":{"rendered":"<p><a href=\"http:\/\/www.motocrossmag.be\/wp-content\/uploads\/2008\/12\/honda_det450.jpg\"><\/a><a href=\"http:\/\/www.motocrossmag.be\/wp-content\/uploads\/2008\/12\/honda_det450.jpg\"><\/a><a href=\"http:\/\/www.motocrossmag.be\/wp-content\/uploads\/2008\/12\/honda_det450.jpg\"><\/a><a href=\"http:\/\/www.motocrossmag.be\/wp-content\/uploads\/2008\/12\/honda_det450.jpg\"><\/a>Face &agrave; une concurrence toujours plus aff\u00e0\u00bbt\u00e9e, Honda se devait de r\u00e9agir. Pour 2009, le premier constructeur mondial hausse le ton et prend le risque de remplacer sa d\u00e9j&agrave; presque l\u00e9gendaire 450 CR-F par un mod\u00e8le tout neuf. Moteur, ch\u00e0\u00a2ssis, suspensions,&#8230; les ing\u00e9nieurs ont revu le best-seller de A &agrave; Z. De son c\u00f4t\u00e9, la petite 250 \u00e9volue en douceur et se contente de l\u00e9g\u00e8res adaptations et d&rsquo;une \u00ab\u00a0black edition\u00a0\u00bb disponible en s\u00e9rie limit\u00e9e.<\/p>\n<p><img decoding=\"async\" class=\"lazyload alignnone size-full wp-image-2774\" title=\"Ligne plus fluide et ergonomie revue dans les moindres d\u00e9tails caract\u00e9risent une nouvelle 450 CR-F dont on n\\'a sans doute pas fini d\\'entendre parler!\" src=\"http:\/\/www.motocrossmag.be\/wp-content\/uploads\/2008\/12\/honda_stat450.jpg\" data-orig-src=\"http:\/\/www.motocrossmag.be\/wp-content\/uploads\/2008\/12\/honda_stat450.jpg\" alt=\"\" width=\"500\" height=\"334\" srcset=\"data:image\/svg+xml,%3Csvg%20xmlns%3D%27http%3A%2F%2Fwww.w3.org%2F2000%2Fsvg%27%20width%3D%27500%27%20height%3D%27334%27%20viewBox%3D%270%200%20500%20334%27%3E%3Crect%20width%3D%27500%27%20height%3D%27334%27%20fill-opacity%3D%220%22%2F%3E%3C%2Fsvg%3E\" data-srcset=\"https:\/\/fr.motocrossmag.be\/wp-content\/uploads\/2008\/12\/honda_stat450-300x200.jpg 300w, https:\/\/fr.motocrossmag.be\/wp-content\/uploads\/2008\/12\/honda_stat450.jpg 500w\" data-sizes=\"auto\" data-orig-sizes=\"(max-width: 500px) 100vw, 500px\" \/><\/p>\n<p>Pas facile de mettre la main &agrave; celle qui fait depuis des ann\u00e9es les beaux jours de la marque dans la classe MX1&#8230; Comment faire mieux encore sur une machine qui, depuis son apparition, fait le bonheur des crossmen confirm\u00e9s comme des n\u00e9ophytes? Les ing\u00e9nieurs Honda n&rsquo;y ont pourtant pas \u00e9t\u00e9 par 4 chemins puisque, tout en profitant de l&rsquo;exp\u00e9rience acquise au cours de ces derni\u00e8res ann\u00e9es, ils sont carr\u00e9ment repartis d&rsquo;une feuille blanche pour d\u00e9velopper le mod\u00e8le 2009 de leur 450 CR-F.<\/p>\n<p><strong>Nouveau cadre alu et injection<\/strong><\/p>\n<p>Dans la 5\u00e8me g\u00e9n\u00e9ration de leur cadre p\u00e9rim\u00e9trique en aluminium, ils ont en toute logique log\u00e9 un bloc moteur d\u00e9sormais aliment\u00e9 par injection \u00e9lectronique. Plus souple et plus coupleux que l&rsquo;ancien moteur, ce dernier est \u00e9galement pr\u00e8s de 2Kg plus l\u00e9ger! Le ch\u00e0\u00a2ssis se contente quant &agrave; lui de gagner 410 grammes sur la balance mais la chasse aux Kg superflus ne s&rsquo;arr\u00eate pas l&agrave; puisque de nombreux accessoires ont \u00e9galement perdus quelques grammes. Par ailleurs, le syst\u00e8me d&rsquo;injection permet une \u00e9conomie de carburant telle que la capacit\u00e9 du r\u00e9servoir a pu \u00eatre r\u00e9duite de 1,5 litres.<\/p>\n<p>Une diminution de capacit\u00e9 du r\u00e9servoir qui permet &agrave; la nouvelle 450 CR-F de pr\u00e9senter une zone selle\/r\u00e9servoir plus plate, qui favorise les d\u00e9placements du pilote. Le dessin plus \u00e9troit des \u00e9copes de radiateur optimise \u00e9galement la position de pilotage.<\/p>\n<p><img decoding=\"async\" class=\"lazyload alignnone size-full wp-image-2773\" title=\"Pour 200 \u00e2\u201a\u00ac de plus, Honda vous propose cette s\u00e9rie limit\u00e9e de sa 250 CR-F.\" src=\"http:\/\/www.motocrossmag.be\/wp-content\/uploads\/2008\/12\/honda_stat250.jpg\" data-orig-src=\"http:\/\/www.motocrossmag.be\/wp-content\/uploads\/2008\/12\/honda_stat250.jpg\" alt=\"\" width=\"500\" height=\"328\" srcset=\"data:image\/svg+xml,%3Csvg%20xmlns%3D%27http%3A%2F%2Fwww.w3.org%2F2000%2Fsvg%27%20width%3D%27500%27%20height%3D%27328%27%20viewBox%3D%270%200%20500%20328%27%3E%3Crect%20width%3D%27500%27%20height%3D%27328%27%20fill-opacity%3D%220%22%2F%3E%3C%2Fsvg%3E\" data-srcset=\"https:\/\/fr.motocrossmag.be\/wp-content\/uploads\/2008\/12\/honda_stat250-300x196.jpg 300w, https:\/\/fr.motocrossmag.be\/wp-content\/uploads\/2008\/12\/honda_stat250.jpg 500w\" data-sizes=\"auto\" data-orig-sizes=\"(max-width: 500px) 100vw, 500px\" \/><\/p>\n<p>C\u00f4t\u00e9 suspensions, la Honda abandonne ses traditionnelles Showa pour adopter d\u00e9sormais des \u00e9l\u00e9ments Kayaba derni\u00e8re g\u00e9n\u00e9ration, tandis que l&rsquo;amortisseur de direction a quant &agrave; lui \u00e9t\u00e9 revu afin de s&rsquo;adapter aux nouvelles caract\u00e9ristiques de la fourche (48mm de diam\u00e8tre).<\/p>\n<p>Si sur la 450 tout est nouveau ou presque, la 250 se contente pour sa part de quelques \u00e9volutions, comme une nouvelle culasse cens\u00e9e favoriser la progressivit\u00e9 du moteur, un syst\u00e8me de s\u00e9lection des vitesses revu pour plus de douceur, des settings de suspensions (Showa) optimis\u00e9s, ou encore un amortisseur de direction qui gagne lui aussi en efficacit\u00e9.<\/p>\n<p><img decoding=\"async\" class=\"lazyload alignnone size-full wp-image-2768\" title=\"Des conditions plut\u00f4t humides le jour de notre essai...\" src=\"http:\/\/www.motocrossmag.be\/wp-content\/uploads\/2008\/12\/honda_2.jpg\" data-orig-src=\"http:\/\/www.motocrossmag.be\/wp-content\/uploads\/2008\/12\/honda_2.jpg\" alt=\"\" width=\"500\" height=\"327\" srcset=\"data:image\/svg+xml,%3Csvg%20xmlns%3D%27http%3A%2F%2Fwww.w3.org%2F2000%2Fsvg%27%20width%3D%27500%27%20height%3D%27327%27%20viewBox%3D%270%200%20500%20327%27%3E%3Crect%20width%3D%27500%27%20height%3D%27327%27%20fill-opacity%3D%220%22%2F%3E%3C%2Fsvg%3E\" data-srcset=\"https:\/\/fr.motocrossmag.be\/wp-content\/uploads\/2008\/12\/honda_2-300x196.jpg 300w, https:\/\/fr.motocrossmag.be\/wp-content\/uploads\/2008\/12\/honda_2.jpg 500w\" data-sizes=\"auto\" data-orig-sizes=\"(max-width: 500px) 100vw, 500px\" \/><\/p>\n<p>Pour le look, sans changer radicalement de ce que l&rsquo;on connaissait, la nouvelle 450 CR-F adopte une ligne encore plus fluide que par le pass\u00e9, tandis que le blanc fait son apparition &agrave; l&rsquo;arri\u00e8re de la machine. Si la ligne de la 250 n&rsquo;\u00e9volue pas, elle adopte elle aussi du blanc &agrave; l&rsquo;arri\u00e8re afin de ressembler autant que possible &agrave; sa nouvelle grande soeur&#8230; Sans oublier que, pour 200\u00e2\u201a\u00ac de plus que la version standard, vous pourrez vous offrir version \u00ab\u00a0black edition\u00a0\u00bb, disponible en s\u00e9rie limit\u00e9e.<\/p>\n<p><strong>En piste avec Steve Piret<\/strong><\/p>\n<p>C&rsquo;est Steve Piret, pilote Inter AMPL, qui a essay\u00e9 pour nous la nouvelle 450 CR-F. Le pilote Honda Off-Road conna\u00eet bien la Honda puisqu&rsquo;il vient de disputer les 3 derni\u00e8res saisons &agrave; son guidon. \u00ab\u00a0D\u00e8s que l&rsquo;on monte sur la moto, on remarque la nouvelle position de pilotage\u00a0\u00bb, dit-il. \u00ab\u00a0On est plus sur l&rsquo;avant, les pose-pieds sont positionn\u00e9s plus haut et la moto semble beaucoup plus fine. Le moteur offre quant &agrave; lui davantage de progressivit\u00e9 que l&rsquo;ancien mod\u00e8le. Il est non seulement tr\u00e8s lin\u00e9aire mais aussi tr\u00e8s fort d\u00e8s les bas r\u00e9gimes. Ce qui m&rsquo;a le plus \u00e9tonn\u00e9, c&rsquo;est la mani\u00e8re dont il accepte de prendre des tours sans jamais plafonner! Globalement, le moteur est plus fort en bas mais je ne crois pas qu&rsquo;il soit r\u00e9ellement plus puissant que l&rsquo;ancien. Pour gagner en puissance, il faudra sans doute \u00e9quiper la moto d&rsquo;un autre \u00e9chappement car celui d&rsquo;origine semble \u00e9trangler exag\u00e9r\u00e9ment le moteur.\u00a0\u00bb<\/p>\n<p><img decoding=\"async\" class=\"lazyload alignnone size-full wp-image-2764\" title=\"Habitu\u00e9 &agrave; la 450 CR-F, Steve Piret n\\'a pas \u00e9t\u00e9 d\u00e9\u00e7u par le mod\u00e8le 2009, qu\\'il juge plus facile et plus efficace que l\\'ancien!\" src=\"http:\/\/www.motocrossmag.be\/wp-content\/uploads\/2008\/12\/piret_honda.jpg\" data-orig-src=\"http:\/\/www.motocrossmag.be\/wp-content\/uploads\/2008\/12\/piret_honda.jpg\" alt=\"\" width=\"500\" height=\"329\" srcset=\"data:image\/svg+xml,%3Csvg%20xmlns%3D%27http%3A%2F%2Fwww.w3.org%2F2000%2Fsvg%27%20width%3D%27500%27%20height%3D%27329%27%20viewBox%3D%270%200%20500%20329%27%3E%3Crect%20width%3D%27500%27%20height%3D%27329%27%20fill-opacity%3D%220%22%2F%3E%3C%2Fsvg%3E\" data-srcset=\"https:\/\/fr.motocrossmag.be\/wp-content\/uploads\/2008\/12\/piret_honda-300x197.jpg 300w, https:\/\/fr.motocrossmag.be\/wp-content\/uploads\/2008\/12\/piret_honda.jpg 500w\" data-sizes=\"auto\" data-orig-sizes=\"(max-width: 500px) 100vw, 500px\" \/><\/p>\n<p>Pour la partie-cycle, Steve Piret a retrouv\u00e9 le comportement habituellement rassurant de la 450 CR-F, ce qui ne l&#8217;emp\u00eache pas d&rsquo;\u00e9mettre quelques r\u00e9serves quant aux nouvelles suspensions. \u00ab\u00a0La moto est tr\u00e8s maniable, sans doute encore un peu plus que l&rsquo;ancienne\u00a0\u00bb, analyse-t-il. \u00ab\u00a0Elle est aussi tr\u00e8s l\u00e9g\u00e8re, ce qui la rend facile sur les sauts. Elle reste dans la lign\u00e9e de ce que l&rsquo;on connaissait, en \u00e9tant rassurante avant tout. Finalement, seules les suspensions, et en particulier la fourche, m&rsquo;ont d\u00e9\u00e7u. La fourche Kayaba, du moins sur la machine que j&rsquo;ai essay\u00e9e, avait &agrave; l&rsquo;\u00e9vidence besoin d&rsquo;un peu de r\u00e9glage pour bien fonctionner. Je l&rsquo;ai trouv\u00e9e tr\u00e8s instable au freinage. Je regrette un peu que Honda ait pr\u00e9f\u00e9r\u00e9 les Kayaba aux anciennes Showa qui, pour moi, restent le must&#8230;\u00a0\u00bb<\/p>\n<p><img decoding=\"async\" class=\"lazyload alignnone size-full wp-image-2769\" title=\"Toujours aussi maniables, les nouvelles CR-F sont aussi tr\u00e8s accessibles et faciles &agrave; emmener. \" src=\"http:\/\/www.motocrossmag.be\/wp-content\/uploads\/2008\/12\/honda_3.jpg\" data-orig-src=\"http:\/\/www.motocrossmag.be\/wp-content\/uploads\/2008\/12\/honda_3.jpg\" alt=\"\" width=\"500\" height=\"342\" srcset=\"data:image\/svg+xml,%3Csvg%20xmlns%3D%27http%3A%2F%2Fwww.w3.org%2F2000%2Fsvg%27%20width%3D%27500%27%20height%3D%27342%27%20viewBox%3D%270%200%20500%20342%27%3E%3Crect%20width%3D%27500%27%20height%3D%27342%27%20fill-opacity%3D%220%22%2F%3E%3C%2Fsvg%3E\" data-srcset=\"https:\/\/fr.motocrossmag.be\/wp-content\/uploads\/2008\/12\/honda_3-300x205.jpg 300w, https:\/\/fr.motocrossmag.be\/wp-content\/uploads\/2008\/12\/honda_3.jpg 500w\" data-sizes=\"auto\" data-orig-sizes=\"(max-width: 500px) 100vw, 500px\" \/><\/p>\n<p><strong>\u00ab\u00a0Plus facile pour le pilote moyen\u00a0\u00bb<\/strong><\/p>\n<p>Ce qui n&#8217;emp\u00eache pas notre test-rider de tirer un bilan tr\u00e8s positif du nouveau mill\u00e9sime de la 450 CR-F: \u00ab\u00a0Globalement, l&rsquo;\u00e9volution est positive. Je me sentais tellement bien sur l&rsquo;ancien mod\u00e8le que j&rsquo;avais un peu peur du changement. Mais l&agrave;, je suis rassur\u00e9! Ce qui est certain, c&rsquo;est que cette machine est encore plus accessible et plus facile &agrave; piloter pour le pilote moyen.\u00a0\u00bb<\/p>\n<p><img decoding=\"async\" class=\"lazyload alignnone size-full wp-image-2767\" title=\"La CR-F 250 \u00e9volue peu mais gagne encore en puissance pure.\" src=\"http:\/\/www.motocrossmag.be\/wp-content\/uploads\/2008\/12\/honda_1.jpg\" data-orig-src=\"http:\/\/www.motocrossmag.be\/wp-content\/uploads\/2008\/12\/honda_1.jpg\" alt=\"\" width=\"500\" height=\"352\" srcset=\"data:image\/svg+xml,%3Csvg%20xmlns%3D%27http%3A%2F%2Fwww.w3.org%2F2000%2Fsvg%27%20width%3D%27500%27%20height%3D%27352%27%20viewBox%3D%270%200%20500%20352%27%3E%3Crect%20width%3D%27500%27%20height%3D%27352%27%20fill-opacity%3D%220%22%2F%3E%3C%2Fsvg%3E\" data-srcset=\"https:\/\/fr.motocrossmag.be\/wp-content\/uploads\/2008\/12\/honda_1-300x211.jpg 300w, https:\/\/fr.motocrossmag.be\/wp-content\/uploads\/2008\/12\/honda_1.jpg 500w\" data-sizes=\"auto\" data-orig-sizes=\"(max-width: 500px) 100vw, 500px\" \/><\/p>\n<p>Quant &agrave; la 250, Steve Piret l&rsquo;a trouv\u00e9e \u00ab\u00a0plus forte qu&rsquo;en 2008, m\u00eame si le trou &agrave; bas r\u00e9gime ne semble pas avoir \u00e9t\u00e9 gomm\u00e9. Mais cela reste un tr\u00e8s bon moteur, vraiment bluffant pour un 250! Dans l&rsquo;ensemble, la CR-F 250 est une tr\u00e8s bonne moto, sans doute celle que je choisirais si je devais rouler dans la cat\u00e9gorie\u00a0\u00bb, n&rsquo;h\u00e9site-t-il pas &agrave; conclure.<\/p>\n<p>Avec sa nouvelle 450 CR-F, Honda a donc plac\u00e9 la barre encore un peu plus haut et semble donc mieux arm\u00e9 que jamais pour aborder la prochaine saison. Facile et performante, la nouvelle Honda a \u00e9t\u00e9 con\u00e7ue pour plaire &agrave; tout le monde. A d\u00e9couvrir d\u00e8s &agrave; pr\u00e9sent chez votre dealer officiel Honda!<\/p>\n<p>Texte: Olivier Evrard | Photos: Thierry Sarasyn<\/p>\n<p><strong><br \/>\nTarifs 2009<\/strong><\/p>\n<p>Honda 450 CR-F: 7 690\u00e2\u201a\u00ac<br \/>\nHonda 250 CR-F: 7 090\u00e2\u201a\u00ac<br \/>\nHonda 250 CR-F black edition: 7 290\u00e2\u201a\u00ac<\/p>\n","protected":false},"excerpt":{"rendered":"<p>Face &agrave; une concurrence toujours plus aff\u00e0\u00bbt\u00e9e, Honda se devait de r\u00e9agir. Pour 2009, le premier constructeur mondial hausse le ton et prend le risque de remplacer sa d\u00e9j&agrave; presque [&#8230;]<\/p>\n","protected":false},"author":932,"featured_media":0,"comment_status":"open","ping_status":"open","sticky":false,"template":"","format":"standard","meta":{"footnotes":""},"categories":[54,3,59,4,1],"tags":[],"class_list":["post-2763","post","type-post","status-publish","format-standard","hentry","category-actualite","category-essais","category-essais-actualite","category-motocross","category-non-classe"],"yoast_head":"<!-- This site is optimized with the Yoast SEO plugin v27.4 - https:\/\/yoast.com\/product\/yoast-seo-wordpress\/ -->\n<title>Essai Honda 250 &amp; 450 CR-F 2009 | Honda hausse le ton - Motocross - Enduro - Supermoto | MotocrossMag<\/title>\n<meta name=\"robots\" content=\"index, follow, max-snippet:-1, max-image-preview:large, max-video-preview:-1\" \/>\n<link rel=\"canonical\" href=\"https:\/\/fr.motocrossmag.be\/index.php\/2008\/12\/essai-honda-250-450-cr-f-2009-honda-hausse-le-ton\/\" \/>\n<meta property=\"og:locale\" content=\"fr_FR\" \/>\n<meta property=\"og:type\" content=\"article\" \/>\n<meta property=\"og:title\" content=\"Essai Honda 250 &amp; 450 CR-F 2009 | Honda hausse le ton - Motocross - Enduro - Supermoto | MotocrossMag\" \/>\n<meta property=\"og:description\" content=\"Face &agrave; une concurrence toujours plus aff\u00e0\u00bbt\u00e9e, Honda se devait de r\u00e9agir. Pour 2009, le premier constructeur mondial hausse le ton et prend le risque de remplacer sa d\u00e9j&agrave; presque [...]\" \/>\n<meta property=\"og:url\" content=\"https:\/\/fr.motocrossmag.be\/index.php\/2008\/12\/essai-honda-250-450-cr-f-2009-honda-hausse-le-ton\/\" \/>\n<meta property=\"og:site_name\" content=\"Motocross - Enduro - Supermoto | MotocrossMag\" \/>\n<meta property=\"article:published_time\" content=\"2008-12-23T12:53:30+00:00\" \/>\n<meta property=\"og:image\" content=\"http:\/\/www.motocrossmag.be\/wp-content\/uploads\/2008\/12\/honda_stat450.jpg\" \/>\n<meta name=\"author\" content=\"oliviere\" \/>\n<meta name=\"twitter:card\" content=\"summary_large_image\" \/>\n<meta name=\"twitter:label1\" content=\"\u00c9crit par\" \/>\n\t<meta name=\"twitter:data1\" content=\"oliviere\" \/>\n\t<meta name=\"twitter:label2\" content=\"Dur\u00e9e de lecture estim\u00e9e\" \/>\n\t<meta name=\"twitter:data2\" content=\"5 minutes\" \/>\n<script type=\"application\/ld+json\" class=\"yoast-schema-graph\">{\"@context\":\"https:\\\/\\\/schema.org\",\"@graph\":[{\"@type\":\"Article\",\"@id\":\"https:\\\/\\\/fr.motocrossmag.be\\\/index.php\\\/2008\\\/12\\\/essai-honda-250-450-cr-f-2009-honda-hausse-le-ton\\\/#article\",\"isPartOf\":{\"@id\":\"https:\\\/\\\/fr.motocrossmag.be\\\/index.php\\\/2008\\\/12\\\/essai-honda-250-450-cr-f-2009-honda-hausse-le-ton\\\/\"},\"author\":{\"name\":\"oliviere\",\"@id\":\"https:\\\/\\\/fr.motocrossmag.be\\\/#\\\/schema\\\/person\\\/11b47143d9f755babca2c9110e03235c\"},\"headline\":\"Essai Honda 250 &#038; 450 CR-F 2009 | Honda hausse le ton\",\"datePublished\":\"2008-12-23T12:53:30+00:00\",\"mainEntityOfPage\":{\"@id\":\"https:\\\/\\\/fr.motocrossmag.be\\\/index.php\\\/2008\\\/12\\\/essai-honda-250-450-cr-f-2009-honda-hausse-le-ton\\\/\"},\"wordCount\":1099,\"commentCount\":0,\"image\":{\"@id\":\"https:\\\/\\\/fr.motocrossmag.be\\\/index.php\\\/2008\\\/12\\\/essai-honda-250-450-cr-f-2009-honda-hausse-le-ton\\\/#primaryimage\"},\"thumbnailUrl\":\"http:\\\/\\\/www.motocrossmag.be\\\/wp-content\\\/uploads\\\/2008\\\/12\\\/honda_stat450.jpg\",\"articleSection\":[\"Actualit\u00e9\",\"Essais\",\"Essais\",\"Motocross\"],\"inLanguage\":\"fr-FR\",\"potentialAction\":[{\"@type\":\"CommentAction\",\"name\":\"Comment\",\"target\":[\"https:\\\/\\\/fr.motocrossmag.be\\\/index.php\\\/2008\\\/12\\\/essai-honda-250-450-cr-f-2009-honda-hausse-le-ton\\\/#respond\"]}]},{\"@type\":\"WebPage\",\"@id\":\"https:\\\/\\\/fr.motocrossmag.be\\\/index.php\\\/2008\\\/12\\\/essai-honda-250-450-cr-f-2009-honda-hausse-le-ton\\\/\",\"url\":\"https:\\\/\\\/fr.motocrossmag.be\\\/index.php\\\/2008\\\/12\\\/essai-honda-250-450-cr-f-2009-honda-hausse-le-ton\\\/\",\"name\":\"Essai Honda 250 & 450 CR-F 2009 | Honda hausse le ton - Motocross - Enduro - Supermoto | MotocrossMag\",\"isPartOf\":{\"@id\":\"https:\\\/\\\/fr.motocrossmag.be\\\/#website\"},\"primaryImageOfPage\":{\"@id\":\"https:\\\/\\\/fr.motocrossmag.be\\\/index.php\\\/2008\\\/12\\\/essai-honda-250-450-cr-f-2009-honda-hausse-le-ton\\\/#primaryimage\"},\"image\":{\"@id\":\"https:\\\/\\\/fr.motocrossmag.be\\\/index.php\\\/2008\\\/12\\\/essai-honda-250-450-cr-f-2009-honda-hausse-le-ton\\\/#primaryimage\"},\"thumbnailUrl\":\"http:\\\/\\\/www.motocrossmag.be\\\/wp-content\\\/uploads\\\/2008\\\/12\\\/honda_stat450.jpg\",\"datePublished\":\"2008-12-23T12:53:30+00:00\",\"author\":{\"@id\":\"https:\\\/\\\/fr.motocrossmag.be\\\/#\\\/schema\\\/person\\\/11b47143d9f755babca2c9110e03235c\"},\"breadcrumb\":{\"@id\":\"https:\\\/\\\/fr.motocrossmag.be\\\/index.php\\\/2008\\\/12\\\/essai-honda-250-450-cr-f-2009-honda-hausse-le-ton\\\/#breadcrumb\"},\"inLanguage\":\"fr-FR\",\"potentialAction\":[{\"@type\":\"ReadAction\",\"target\":[\"https:\\\/\\\/fr.motocrossmag.be\\\/index.php\\\/2008\\\/12\\\/essai-honda-250-450-cr-f-2009-honda-hausse-le-ton\\\/\"]}]},{\"@type\":\"ImageObject\",\"inLanguage\":\"fr-FR\",\"@id\":\"https:\\\/\\\/fr.motocrossmag.be\\\/index.php\\\/2008\\\/12\\\/essai-honda-250-450-cr-f-2009-honda-hausse-le-ton\\\/#primaryimage\",\"url\":\"http:\\\/\\\/www.motocrossmag.be\\\/wp-content\\\/uploads\\\/2008\\\/12\\\/honda_stat450.jpg\",\"contentUrl\":\"http:\\\/\\\/www.motocrossmag.be\\\/wp-content\\\/uploads\\\/2008\\\/12\\\/honda_stat450.jpg\"},{\"@type\":\"BreadcrumbList\",\"@id\":\"https:\\\/\\\/fr.motocrossmag.be\\\/index.php\\\/2008\\\/12\\\/essai-honda-250-450-cr-f-2009-honda-hausse-le-ton\\\/#breadcrumb\",\"itemListElement\":[{\"@type\":\"ListItem\",\"position\":1,\"name\":\"Accueil\",\"item\":\"https:\\\/\\\/fr.motocrossmag.be\\\/\"},{\"@type\":\"ListItem\",\"position\":2,\"name\":\"Essai Honda 250 &#038; 450 CR-F 2009 | Honda hausse le ton\"}]},{\"@type\":\"WebSite\",\"@id\":\"https:\\\/\\\/fr.motocrossmag.be\\\/#website\",\"url\":\"https:\\\/\\\/fr.motocrossmag.be\\\/\",\"name\":\"Motocross - Enduro - Supermoto | MotocrossMag\",\"description\":\"L&#039;actualit\u00e9 du motocross, de l&#039;enduro et du Supermoto en ligne!\",\"potentialAction\":[{\"@type\":\"SearchAction\",\"target\":{\"@type\":\"EntryPoint\",\"urlTemplate\":\"https:\\\/\\\/fr.motocrossmag.be\\\/?s={search_term_string}\"},\"query-input\":{\"@type\":\"PropertyValueSpecification\",\"valueRequired\":true,\"valueName\":\"search_term_string\"}}],\"inLanguage\":\"fr-FR\"},{\"@type\":\"Person\",\"@id\":\"https:\\\/\\\/fr.motocrossmag.be\\\/#\\\/schema\\\/person\\\/11b47143d9f755babca2c9110e03235c\",\"name\":\"oliviere\",\"image\":{\"@type\":\"ImageObject\",\"inLanguage\":\"fr-FR\",\"@id\":\"https:\\\/\\\/secure.gravatar.com\\\/avatar\\\/907069e0b81d119452040469e4a7501da1100f54f7f80180ce77bfab718288f6?s=96&d=mm&r=g\",\"url\":\"https:\\\/\\\/secure.gravatar.com\\\/avatar\\\/907069e0b81d119452040469e4a7501da1100f54f7f80180ce77bfab718288f6?s=96&d=mm&r=g\",\"contentUrl\":\"https:\\\/\\\/secure.gravatar.com\\\/avatar\\\/907069e0b81d119452040469e4a7501da1100f54f7f80180ce77bfab718288f6?s=96&d=mm&r=g\",\"caption\":\"oliviere\"},\"sameAs\":[\"http:\\\/\\\/www.motocrossmag.be\"],\"url\":\"https:\\\/\\\/fr.motocrossmag.be\\\/index.php\\\/author\\\/oliviere\\\/\"}]}<\/script>\n<!-- \/ Yoast SEO plugin. -->","yoast_head_json":{"title":"Essai Honda 250 & 450 CR-F 2009 | Honda hausse le ton - Motocross - Enduro - Supermoto | MotocrossMag","robots":{"index":"index","follow":"follow","max-snippet":"max-snippet:-1","max-image-preview":"max-image-preview:large","max-video-preview":"max-video-preview:-1"},"canonical":"https:\/\/fr.motocrossmag.be\/index.php\/2008\/12\/essai-honda-250-450-cr-f-2009-honda-hausse-le-ton\/","og_locale":"fr_FR","og_type":"article","og_title":"Essai Honda 250 & 450 CR-F 2009 | Honda hausse le ton - Motocross - Enduro - Supermoto | MotocrossMag","og_description":"Face &agrave; une concurrence toujours plus aff\u00e0\u00bbt\u00e9e, Honda se devait de r\u00e9agir. Pour 2009, le premier constructeur mondial hausse le ton et prend le risque de remplacer sa d\u00e9j&agrave; presque [...]","og_url":"https:\/\/fr.motocrossmag.be\/index.php\/2008\/12\/essai-honda-250-450-cr-f-2009-honda-hausse-le-ton\/","og_site_name":"Motocross - Enduro - Supermoto | MotocrossMag","article_published_time":"2008-12-23T12:53:30+00:00","og_image":[{"url":"http:\/\/www.motocrossmag.be\/wp-content\/uploads\/2008\/12\/honda_stat450.jpg","type":"","width":"","height":""}],"author":"oliviere","twitter_card":"summary_large_image","twitter_misc":{"\u00c9crit par":"oliviere","Dur\u00e9e de lecture estim\u00e9e":"5 minutes"},"schema":{"@context":"https:\/\/schema.org","@graph":[{"@type":"Article","@id":"https:\/\/fr.motocrossmag.be\/index.php\/2008\/12\/essai-honda-250-450-cr-f-2009-honda-hausse-le-ton\/#article","isPartOf":{"@id":"https:\/\/fr.motocrossmag.be\/index.php\/2008\/12\/essai-honda-250-450-cr-f-2009-honda-hausse-le-ton\/"},"author":{"name":"oliviere","@id":"https:\/\/fr.motocrossmag.be\/#\/schema\/person\/11b47143d9f755babca2c9110e03235c"},"headline":"Essai Honda 250 &#038; 450 CR-F 2009 | Honda hausse le ton","datePublished":"2008-12-23T12:53:30+00:00","mainEntityOfPage":{"@id":"https:\/\/fr.motocrossmag.be\/index.php\/2008\/12\/essai-honda-250-450-cr-f-2009-honda-hausse-le-ton\/"},"wordCount":1099,"commentCount":0,"image":{"@id":"https:\/\/fr.motocrossmag.be\/index.php\/2008\/12\/essai-honda-250-450-cr-f-2009-honda-hausse-le-ton\/#primaryimage"},"thumbnailUrl":"http:\/\/www.motocrossmag.be\/wp-content\/uploads\/2008\/12\/honda_stat450.jpg","articleSection":["Actualit\u00e9","Essais","Essais","Motocross"],"inLanguage":"fr-FR","potentialAction":[{"@type":"CommentAction","name":"Comment","target":["https:\/\/fr.motocrossmag.be\/index.php\/2008\/12\/essai-honda-250-450-cr-f-2009-honda-hausse-le-ton\/#respond"]}]},{"@type":"WebPage","@id":"https:\/\/fr.motocrossmag.be\/index.php\/2008\/12\/essai-honda-250-450-cr-f-2009-honda-hausse-le-ton\/","url":"https:\/\/fr.motocrossmag.be\/index.php\/2008\/12\/essai-honda-250-450-cr-f-2009-honda-hausse-le-ton\/","name":"Essai Honda 250 & 450 CR-F 2009 | Honda hausse le ton - Motocross - Enduro - Supermoto | MotocrossMag","isPartOf":{"@id":"https:\/\/fr.motocrossmag.be\/#website"},"primaryImageOfPage":{"@id":"https:\/\/fr.motocrossmag.be\/index.php\/2008\/12\/essai-honda-250-450-cr-f-2009-honda-hausse-le-ton\/#primaryimage"},"image":{"@id":"https:\/\/fr.motocrossmag.be\/index.php\/2008\/12\/essai-honda-250-450-cr-f-2009-honda-hausse-le-ton\/#primaryimage"},"thumbnailUrl":"http:\/\/www.motocrossmag.be\/wp-content\/uploads\/2008\/12\/honda_stat450.jpg","datePublished":"2008-12-23T12:53:30+00:00","author":{"@id":"https:\/\/fr.motocrossmag.be\/#\/schema\/person\/11b47143d9f755babca2c9110e03235c"},"breadcrumb":{"@id":"https:\/\/fr.motocrossmag.be\/index.php\/2008\/12\/essai-honda-250-450-cr-f-2009-honda-hausse-le-ton\/#breadcrumb"},"inLanguage":"fr-FR","potentialAction":[{"@type":"ReadAction","target":["https:\/\/fr.motocrossmag.be\/index.php\/2008\/12\/essai-honda-250-450-cr-f-2009-honda-hausse-le-ton\/"]}]},{"@type":"ImageObject","inLanguage":"fr-FR","@id":"https:\/\/fr.motocrossmag.be\/index.php\/2008\/12\/essai-honda-250-450-cr-f-2009-honda-hausse-le-ton\/#primaryimage","url":"http:\/\/www.motocrossmag.be\/wp-content\/uploads\/2008\/12\/honda_stat450.jpg","contentUrl":"http:\/\/www.motocrossmag.be\/wp-content\/uploads\/2008\/12\/honda_stat450.jpg"},{"@type":"BreadcrumbList","@id":"https:\/\/fr.motocrossmag.be\/index.php\/2008\/12\/essai-honda-250-450-cr-f-2009-honda-hausse-le-ton\/#breadcrumb","itemListElement":[{"@type":"ListItem","position":1,"name":"Accueil","item":"https:\/\/fr.motocrossmag.be\/"},{"@type":"ListItem","position":2,"name":"Essai Honda 250 &#038; 450 CR-F 2009 | Honda hausse le ton"}]},{"@type":"WebSite","@id":"https:\/\/fr.motocrossmag.be\/#website","url":"https:\/\/fr.motocrossmag.be\/","name":"Motocross - Enduro - Supermoto | MotocrossMag","description":"L&#039;actualit\u00e9 du motocross, de l&#039;enduro et du Supermoto en ligne!","potentialAction":[{"@type":"SearchAction","target":{"@type":"EntryPoint","urlTemplate":"https:\/\/fr.motocrossmag.be\/?s={search_term_string}"},"query-input":{"@type":"PropertyValueSpecification","valueRequired":true,"valueName":"search_term_string"}}],"inLanguage":"fr-FR"},{"@type":"Person","@id":"https:\/\/fr.motocrossmag.be\/#\/schema\/person\/11b47143d9f755babca2c9110e03235c","name":"oliviere","image":{"@type":"ImageObject","inLanguage":"fr-FR","@id":"https:\/\/secure.gravatar.com\/avatar\/907069e0b81d119452040469e4a7501da1100f54f7f80180ce77bfab718288f6?s=96&d=mm&r=g","url":"https:\/\/secure.gravatar.com\/avatar\/907069e0b81d119452040469e4a7501da1100f54f7f80180ce77bfab718288f6?s=96&d=mm&r=g","contentUrl":"https:\/\/secure.gravatar.com\/avatar\/907069e0b81d119452040469e4a7501da1100f54f7f80180ce77bfab718288f6?s=96&d=mm&r=g","caption":"oliviere"},"sameAs":["http:\/\/www.motocrossmag.be"],"url":"https:\/\/fr.motocrossmag.be\/index.php\/author\/oliviere\/"}]}},"_links":{"self":[{"href":"https:\/\/fr.motocrossmag.be\/index.php\/wp-json\/wp\/v2\/posts\/2763","targetHints":{"allow":["GET"]}}],"collection":[{"href":"https:\/\/fr.motocrossmag.be\/index.php\/wp-json\/wp\/v2\/posts"}],"about":[{"href":"https:\/\/fr.motocrossmag.be\/index.php\/wp-json\/wp\/v2\/types\/post"}],"author":[{"embeddable":true,"href":"https:\/\/fr.motocrossmag.be\/index.php\/wp-json\/wp\/v2\/users\/932"}],"replies":[{"embeddable":true,"href":"https:\/\/fr.motocrossmag.be\/index.php\/wp-json\/wp\/v2\/comments?post=2763"}],"version-history":[{"count":0,"href":"https:\/\/fr.motocrossmag.be\/index.php\/wp-json\/wp\/v2\/posts\/2763\/revisions"}],"wp:attachment":[{"href":"https:\/\/fr.motocrossmag.be\/index.php\/wp-json\/wp\/v2\/media?parent=2763"}],"wp:term":[{"taxonomy":"category","embeddable":true,"href":"https:\/\/fr.motocrossmag.be\/index.php\/wp-json\/wp\/v2\/categories?post=2763"},{"taxonomy":"post_tag","embeddable":true,"href":"https:\/\/fr.motocrossmag.be\/index.php\/wp-json\/wp\/v2\/tags?post=2763"}],"curies":[{"name":"wp","href":"https:\/\/api.w.org\/{rel}","templated":true}]}}