{"id":2795,"date":"2008-12-31T01:58:14","date_gmt":"2008-12-31T00:58:14","guid":{"rendered":"http:\/\/www.motocrossmag.be\/?p=2795"},"modified":"2009-01-01T14:41:35","modified_gmt":"2009-01-01T13:41:35","slug":"comparatif-enduro-2009-e1-ktm-et-yamaha-dans-un-mouchoir","status":"publish","type":"post","link":"https:\/\/fr.motocrossmag.be\/index.php\/2008\/12\/comparatif-enduro-2009-e1-ktm-et-yamaha-dans-un-mouchoir\/","title":{"rendered":"Comparatif Enduro 2009 &#8211; E1 | KTM et Yamaha dans un mouchoir&#8230;"},"content":{"rendered":"<p><a href=\"http:\/\/www.motocrossmag.be\/wp-content\/uploads\/2008\/12\/enduro15_800.jpg\"><\/a>Seize machines d&rsquo;enduro flambant neuves, une dizaine de pilotes issus de tous les horizons -du plus pur amateur au septuple champion de Belgique Mika\u00ebl Despontin-, une sp\u00e9ciale en prairie glissante et technique &agrave; souhait, plusieurs kilom\u00e8tres de chemins truff\u00e9s de pierres, de souches d&rsquo;arbre et d&rsquo;orni\u00e8res, le tout agr\u00e9ment\u00e9 de quelques passages d\u00e9licats voire tr\u00e8s d\u00e9licats&#8230; voil&agrave; plant\u00e9 en quelques mots le d\u00e9cor de notre m\u00e9ga comparatif enduro 2009. Une journ\u00e9e de test intensif au cours de laquelle les machines se sont disput\u00e9 les titres de meilleure moto de l&rsquo;ann\u00e9e, en cat\u00e9gorie Enduro 1, comme en cat\u00e9gorie Enduro 2.<br \/>\nOn vous livre cette semaine la premi\u00e8re partie des r\u00e9sultats, ceux de la cat\u00e9gorie des 250 4-temps.<\/p>\n<p><img decoding=\"async\" class=\"lazyload alignnone size-full wp-image-2796\" title=\"16 machines flambant neuves pr\u00eates &agrave; se soumettre aux critiques des essayeurs...\" src=\"http:\/\/www.motocrossmag.be\/wp-content\/uploads\/2008\/12\/enduro_1.jpg\" data-orig-src=\"http:\/\/www.motocrossmag.be\/wp-content\/uploads\/2008\/12\/enduro_1.jpg\" alt=\"\" width=\"500\" height=\"294\" srcset=\"data:image\/svg+xml,%3Csvg%20xmlns%3D%27http%3A%2F%2Fwww.w3.org%2F2000%2Fsvg%27%20width%3D%27500%27%20height%3D%27294%27%20viewBox%3D%270%200%20500%20294%27%3E%3Crect%20width%3D%27500%27%20height%3D%27294%27%20fill-opacity%3D%220%22%2F%3E%3C%2Fsvg%3E\" data-srcset=\"https:\/\/fr.motocrossmag.be\/wp-content\/uploads\/2008\/12\/enduro_1-300x176.jpg 300w, https:\/\/fr.motocrossmag.be\/wp-content\/uploads\/2008\/12\/enduro_1.jpg 500w\" data-sizes=\"auto\" data-orig-sizes=\"(max-width: 500px) 100vw, 500px\" \/><\/p>\n<p>Dans la cat\u00e9gorie Enduro 1, six machines seulement sont soumises aux critiques des essayeurs. Les incontournables KTM et Yamaha 250 sont \u00e9videmment pr\u00e9sentes et se voient oppos\u00e9es &agrave; la toute nouvelle Sherco 250 if et aux TM et HM 250. Afin de pouvoir juger si quelques centim\u00e8tres cubes de plus sont &agrave; m\u00eame de faire la diff\u00e9rence, la nouvelle Husqvarna 310 est \u00e9galement de la partie.<\/p>\n<p>On attendait beaucoup de la Sherco et la nouvelle venue dans la cat\u00e9gorie n&rsquo;a pas d\u00e9\u00e7u ! Si les Yamaha et KTM gardent une longueur d&rsquo;avance au sommet de la hi\u00e9rarchie, la Sherco a fait l&rsquo;unanimit\u00e9 aupr\u00e8s des pilotes et se place dans le sillage imm\u00e9diat de celles qui restent les r\u00e9f\u00e9rences incontestables de la cat\u00e9gorie.<\/p>\n<p><img decoding=\"async\" class=\"lazyload alignnone size-full wp-image-2797\" title=\"Pilote loisir, St\u00e9phan David a particuli\u00e8rement appr\u00e9ci\u00e9 la Yamaha qu\\'il juge, au m\u00eame titre que la KTM, comme la machine la plus facile &agrave; prendre en mains de la cat\u00e9gorie.\" src=\"http:\/\/www.motocrossmag.be\/wp-content\/uploads\/2008\/12\/enduro_6_sdavid.jpg\" data-orig-src=\"http:\/\/www.motocrossmag.be\/wp-content\/uploads\/2008\/12\/enduro_6_sdavid.jpg\" alt=\"\" width=\"399\" height=\"600\" srcset=\"data:image\/svg+xml,%3Csvg%20xmlns%3D%27http%3A%2F%2Fwww.w3.org%2F2000%2Fsvg%27%20width%3D%27399%27%20height%3D%27600%27%20viewBox%3D%270%200%20399%20600%27%3E%3Crect%20width%3D%27399%27%20height%3D%27600%27%20fill-opacity%3D%220%22%2F%3E%3C%2Fsvg%3E\" data-srcset=\"https:\/\/fr.motocrossmag.be\/wp-content\/uploads\/2008\/12\/enduro_6_sdavid-199x300.jpg 199w, https:\/\/fr.motocrossmag.be\/wp-content\/uploads\/2008\/12\/enduro_6_sdavid.jpg 399w\" data-sizes=\"auto\" data-orig-sizes=\"(max-width: 399px) 100vw, 399px\" \/><\/p>\n<p>Moins homog\u00e8ne que le trio de t\u00eate, la TM est cependant une bonne surprise pour pas mal de pilotes et ne doit sans doute qu&rsquo;&agrave; son caract\u00e8re plus exclusif de ne pas avoir pu revendiquer une place sur le podium final.<\/p>\n<p>Les HM 250 et Husqvarna 310 ont en revanche plut\u00f4t d\u00e9\u00e7u. Position de pilotage parfois d\u00e9sagr\u00e9able et moteur plut\u00f4t d\u00e9licat &agrave; exploiter ont p\u00e9nalis\u00e9 la Husky, tandis que la HM, directement d\u00e9riv\u00e9e de la Honda CR-F, a \u00e9t\u00e9 trahie par ses origines \u00ab cross \u00bb.<\/p>\n<p><img decoding=\"async\" class=\"lazyload alignnone size-full wp-image-2801\" title=\"Entre chaque s\u00e9ance d\\'essai, rapport obligatoire pour nos 10 pilotes essayeurs!\" src=\"http:\/\/www.motocrossmag.be\/wp-content\/uploads\/2008\/12\/enduro_11.jpg\" data-orig-src=\"http:\/\/www.motocrossmag.be\/wp-content\/uploads\/2008\/12\/enduro_11.jpg\" alt=\"\" width=\"500\" height=\"318\" srcset=\"data:image\/svg+xml,%3Csvg%20xmlns%3D%27http%3A%2F%2Fwww.w3.org%2F2000%2Fsvg%27%20width%3D%27500%27%20height%3D%27318%27%20viewBox%3D%270%200%20500%20318%27%3E%3Crect%20width%3D%27500%27%20height%3D%27318%27%20fill-opacity%3D%220%22%2F%3E%3C%2Fsvg%3E\" data-srcset=\"https:\/\/fr.motocrossmag.be\/wp-content\/uploads\/2008\/12\/enduro_11-300x190.jpg 300w, https:\/\/fr.motocrossmag.be\/wp-content\/uploads\/2008\/12\/enduro_11.jpg 500w\" data-sizes=\"auto\" data-orig-sizes=\"(max-width: 500px) 100vw, 500px\" \/><\/p>\n<p><strong><br \/>\nKTM 250 EXC-F<\/strong><\/p>\n<p><img decoding=\"async\" class=\"lazyload alignnone size-full wp-image-2809\" title=\"Lorsque l\\'on parle de performances pures, la KTM reste ind\u00e9tr\u00f4nable!\" src=\"http:\/\/www.motocrossmag.be\/wp-content\/uploads\/2008\/12\/enduro_14.jpg\" data-orig-src=\"http:\/\/www.motocrossmag.be\/wp-content\/uploads\/2008\/12\/enduro_14.jpg\" alt=\"\" width=\"500\" height=\"328\" srcset=\"data:image\/svg+xml,%3Csvg%20xmlns%3D%27http%3A%2F%2Fwww.w3.org%2F2000%2Fsvg%27%20width%3D%27500%27%20height%3D%27328%27%20viewBox%3D%270%200%20500%20328%27%3E%3Crect%20width%3D%27500%27%20height%3D%27328%27%20fill-opacity%3D%220%22%2F%3E%3C%2Fsvg%3E\" data-srcset=\"https:\/\/fr.motocrossmag.be\/wp-content\/uploads\/2008\/12\/enduro_14-300x196.jpg 300w, https:\/\/fr.motocrossmag.be\/wp-content\/uploads\/2008\/12\/enduro_14.jpg 500w\" data-sizes=\"auto\" data-orig-sizes=\"(max-width: 500px) 100vw, 500px\" \/><\/p>\n<p>A tout seigneur tout honneur, on commence par celle qui a remport\u00e9 tous les suffrages aupr\u00e8s des pilotes essayeurs. Quel que soit leur niveau, ils n&rsquo;ont pas manqu\u00e9 de mettre en avant l&rsquo;incroyable homog\u00e9n\u00e9it\u00e9 de l&rsquo;Autrichienne. Puissante, souple, maniable, stable, bien \u00e9quip\u00e9e,&#8230; on trouve difficilement quelque chose &agrave; reprocher &agrave; cette machine qui entame la saison 2009 pratiquement inchang\u00e9e par rapport au mill\u00e9sime pr\u00e9c\u00e9dent mais qui semble toujours suffisamment arm\u00e9e pour continuer &agrave; r\u00e9gner sur la cat\u00e9gorie une ann\u00e9e de plus ! Les essayeurs ont particuli\u00e8rement appr\u00e9ci\u00e9 la puissance exceptionnelle de la KTM et ont soulign\u00e9 son efficacit\u00e9, en sp\u00e9ciale comme en franchissement.<\/p>\n<p><a rel=\"lightbox\" href=\"http:\/\/www.motocrossmag.be\/wp-content\/uploads\/2008\/12\/enduro_5_800.jpg\"><img decoding=\"async\" class=\"lazyload alignnone size-thumbnail wp-image-2806\" title=\"Nos 10 test-riders du jour, pr\u00eats &agrave; juger la production enduro 2009!\" src=\"http:\/\/www.motocrossmag.be\/wp-content\/uploads\/2008\/12\/enduro_5_800-150x150.jpg\" data-orig-src=\"http:\/\/www.motocrossmag.be\/wp-content\/uploads\/2008\/12\/enduro_5_800-150x150.jpg\" alt=\"\" width=\"150\" height=\"150\" srcset=\"data:image\/svg+xml,%3Csvg%20xmlns%3D%27http%3A%2F%2Fwww.w3.org%2F2000%2Fsvg%27%20width%3D%27150%27%20height%3D%27150%27%20viewBox%3D%270%200%20150%20150%27%3E%3Crect%20width%3D%27150%27%20height%3D%27150%27%20fill-opacity%3D%220%22%2F%3E%3C%2Fsvg%3E\" data-srcset=\"https:\/\/fr.motocrossmag.be\/wp-content\/uploads\/2008\/12\/enduro_5_800-150x150.jpg 150w, https:\/\/fr.motocrossmag.be\/wp-content\/uploads\/2008\/12\/enduro_5_800.jpg 900w\" data-sizes=\"auto\" data-orig-sizes=\"(max-width: 150px) 100vw, 150px\" \/><\/a>   <a rel=\"lightbox\" href=\"http:\/\/www.motocrossmag.be\/wp-content\/uploads\/2008\/12\/enduro_10_800.jpg\"><img decoding=\"async\" class=\"lazyload alignnone size-thumbnail wp-image-2807\" title=\"La Yam reste une machine incontournable dans la cat\u00e9gorie E1.\" src=\"http:\/\/www.motocrossmag.be\/wp-content\/uploads\/2008\/12\/enduro_10_800-150x150.jpg\" data-orig-src=\"http:\/\/www.motocrossmag.be\/wp-content\/uploads\/2008\/12\/enduro_10_800-150x150.jpg\" alt=\"\" width=\"150\" height=\"150\" srcset=\"data:image\/svg+xml,%3Csvg%20xmlns%3D%27http%3A%2F%2Fwww.w3.org%2F2000%2Fsvg%27%20width%3D%27150%27%20height%3D%27150%27%20viewBox%3D%270%200%20150%20150%27%3E%3Crect%20width%3D%27150%27%20height%3D%27150%27%20fill-opacity%3D%220%22%2F%3E%3C%2Fsvg%3E\" data-srcset=\"https:\/\/fr.motocrossmag.be\/wp-content\/uploads\/2008\/12\/enduro_10_800-150x150.jpg 150w, https:\/\/fr.motocrossmag.be\/wp-content\/uploads\/2008\/12\/enduro_10_800.jpg 900w\" data-sizes=\"auto\" data-orig-sizes=\"(max-width: 150px) 100vw, 150px\" \/><\/a>   <a rel=\"lightbox\" href=\"http:\/\/www.motocrossmag.be\/wp-content\/uploads\/2008\/12\/enduro15_800.jpg\"><img decoding=\"async\" class=\"lazyload alignnone size-thumbnail wp-image-2810\" title=\"Echange d\\'impressions...\" src=\"http:\/\/www.motocrossmag.be\/wp-content\/uploads\/2008\/12\/enduro15_800-150x150.jpg\" data-orig-src=\"http:\/\/www.motocrossmag.be\/wp-content\/uploads\/2008\/12\/enduro15_800-150x150.jpg\" alt=\"\" width=\"150\" height=\"150\" srcset=\"data:image\/svg+xml,%3Csvg%20xmlns%3D%27http%3A%2F%2Fwww.w3.org%2F2000%2Fsvg%27%20width%3D%27150%27%20height%3D%27150%27%20viewBox%3D%270%200%20150%20150%27%3E%3Crect%20width%3D%27150%27%20height%3D%27150%27%20fill-opacity%3D%220%22%2F%3E%3C%2Fsvg%3E\" data-srcset=\"https:\/\/fr.motocrossmag.be\/wp-content\/uploads\/2008\/12\/enduro15_800-150x150.jpg 150w, https:\/\/fr.motocrossmag.be\/wp-content\/uploads\/2008\/12\/enduro15_800.jpg 900w\" data-sizes=\"auto\" data-orig-sizes=\"(max-width: 150px) 100vw, 150px\" \/><\/a><\/p>\n<p><strong>Yamaha 250 WR-F<\/strong><\/p>\n<p>Elle n&rsquo;a plus \u00e9volu\u00e9 depuis quelques ann\u00e9es mais elle reste toujours dans le coup, la petite Yam ! Jamais tr\u00e8s loin de la KTM, elle est m\u00eame comparable &agrave; la r\u00e9f\u00e9rence autrichienne sur de nombreux points. Finalement, seule la diff\u00e9rence de puissance l&rsquo;\u00e9carte de la premi\u00e8re marche du podium. Pourtant, m\u00eame un pilote du niveau de Fabrice Despontin n&rsquo;a pas h\u00e9sit\u00e9 &agrave; en faire son \u00ab coup de c\u00c5\u201cur \u00bb, se justifiant par la polyvalence irr\u00e9prochable de la WR-F. Il est vrai que la Yamaha est &agrave; l&rsquo;aise partout et met son pilote rapidement en confiance, sans doute encore davantage que la KTM. Pour l&rsquo;enduriste \u00ab moyen \u00bb, elle constitue sans doute un choix incontournable.<\/p>\n<p><img decoding=\"async\" class=\"lazyload alignnone size-full wp-image-2798\" title=\"Un soup\u00e7on moins performante que la KTM, la Yamaha n\\'en reste pas moins particuli\u00e8rement efficace!\" src=\"http:\/\/www.motocrossmag.be\/wp-content\/uploads\/2008\/12\/enduro_7.jpg\" data-orig-src=\"http:\/\/www.motocrossmag.be\/wp-content\/uploads\/2008\/12\/enduro_7.jpg\" alt=\"\" width=\"465\" height=\"700\" srcset=\"data:image\/svg+xml,%3Csvg%20xmlns%3D%27http%3A%2F%2Fwww.w3.org%2F2000%2Fsvg%27%20width%3D%27465%27%20height%3D%27700%27%20viewBox%3D%270%200%20465%20700%27%3E%3Crect%20width%3D%27465%27%20height%3D%27700%27%20fill-opacity%3D%220%22%2F%3E%3C%2Fsvg%3E\" data-srcset=\"https:\/\/fr.motocrossmag.be\/wp-content\/uploads\/2008\/12\/enduro_7-199x300.jpg 199w, https:\/\/fr.motocrossmag.be\/wp-content\/uploads\/2008\/12\/enduro_7.jpg 465w\" data-sizes=\"auto\" data-orig-sizes=\"(max-width: 465px) 100vw, 465px\" \/><\/p>\n<p><strong>Sherco 250 SE<\/strong><\/p>\n<p>On avait h\u00e0\u00a2te de voir ce que la toute nouvelle Sherco 250 valait par rapport aux r\u00e9f\u00e9rences de la cat\u00e9gorie et on a plut\u00f4t \u00e9t\u00e9 agr\u00e9ablement surpris. Premi\u00e8re machine de la cat\u00e9gorie &agrave; avoir adopt\u00e9 l&rsquo;injection \u00e9lectronique, elle peut se targuer d&rsquo;offrir des performances comparables &agrave; celles des 2 laur\u00e9ates. L\u00e9g\u00e8rement moins puissante, elle se rattrape par davantage de lin\u00e9arit\u00e9 et de souplesse. Merci l&rsquo;injection !<\/p>\n<p><img decoding=\"async\" class=\"lazyload alignnone size-full wp-image-2808\" title=\"La nouvelle Sherco 250 est bien n\u00e9e. Elle se place d\\'embl\u00e9e dans l\\'aspiration imm\u00e9diate des Yam et KTM.\" src=\"http:\/\/www.motocrossmag.be\/wp-content\/uploads\/2008\/12\/enduro_13.jpg\" data-orig-src=\"http:\/\/www.motocrossmag.be\/wp-content\/uploads\/2008\/12\/enduro_13.jpg\" alt=\"\" width=\"500\" height=\"332\" srcset=\"data:image\/svg+xml,%3Csvg%20xmlns%3D%27http%3A%2F%2Fwww.w3.org%2F2000%2Fsvg%27%20width%3D%27500%27%20height%3D%27332%27%20viewBox%3D%270%200%20500%20332%27%3E%3Crect%20width%3D%27500%27%20height%3D%27332%27%20fill-opacity%3D%220%22%2F%3E%3C%2Fsvg%3E\" data-srcset=\"https:\/\/fr.motocrossmag.be\/wp-content\/uploads\/2008\/12\/enduro_13-300x199.jpg 300w, https:\/\/fr.motocrossmag.be\/wp-content\/uploads\/2008\/12\/enduro_13.jpg 500w\" data-sizes=\"auto\" data-orig-sizes=\"(max-width: 500px) 100vw, 500px\" \/><\/p>\n<p>La partie-cycle privil\u00e9gie la maniabilit\u00e9 mais souffre encore de quelques petits d\u00e9fauts (comme le mousse de selle trop fin et particuli\u00e8rement inconfortable apr\u00e8s quelques minutes d&rsquo;utilisation&#8230;) qui seront sans doute corrig\u00e9s sur les prochaines versions. Quoi qu&rsquo;il en soit, la Sherco constitue la bonne surprise de la cat\u00e9gorie et devrait faire parler d&rsquo;elle la saison prochaine. Un machine bien n\u00e9e, sans aucun doute&#8230;<\/p>\n<p><a rel=\"lightbox\" href=\"http:\/\/www.motocrossmag.be\/wp-content\/uploads\/2008\/12\/enduro_4_800.jpg\"><img decoding=\"async\" class=\"lazyload alignnone size-thumbnail wp-image-2805\" title=\"Dommage que le tr\u00e8s beau silencieux de la TM ne soit pas plus efficace!\" src=\"http:\/\/www.motocrossmag.be\/wp-content\/uploads\/2008\/12\/enduro_4_800-150x150.jpg\" data-orig-src=\"http:\/\/www.motocrossmag.be\/wp-content\/uploads\/2008\/12\/enduro_4_800-150x150.jpg\" alt=\"\" width=\"150\" height=\"150\" srcset=\"data:image\/svg+xml,%3Csvg%20xmlns%3D%27http%3A%2F%2Fwww.w3.org%2F2000%2Fsvg%27%20width%3D%27150%27%20height%3D%27150%27%20viewBox%3D%270%200%20150%20150%27%3E%3Crect%20width%3D%27150%27%20height%3D%27150%27%20fill-opacity%3D%220%22%2F%3E%3C%2Fsvg%3E\" data-srcset=\"https:\/\/fr.motocrossmag.be\/wp-content\/uploads\/2008\/12\/enduro_4_800-150x150.jpg 150w, https:\/\/fr.motocrossmag.be\/wp-content\/uploads\/2008\/12\/enduro_4_800.jpg 800w\" data-sizes=\"auto\" data-orig-sizes=\"(max-width: 150px) 100vw, 150px\" \/><\/a>   <a rel=\"lightbox\" href=\"http:\/\/www.motocrossmag.be\/wp-content\/uploads\/2008\/12\/enduro_3_800.jpg\"><img decoding=\"async\" class=\"lazyload alignnone size-thumbnail wp-image-2804\" title=\"Ergonomie et finition soign\u00e9es sur la nouvelle Sherco 250.\" src=\"http:\/\/www.motocrossmag.be\/wp-content\/uploads\/2008\/12\/enduro_3_800-150x150.jpg\" data-orig-src=\"http:\/\/www.motocrossmag.be\/wp-content\/uploads\/2008\/12\/enduro_3_800-150x150.jpg\" alt=\"\" width=\"150\" height=\"150\" srcset=\"data:image\/svg+xml,%3Csvg%20xmlns%3D%27http%3A%2F%2Fwww.w3.org%2F2000%2Fsvg%27%20width%3D%27150%27%20height%3D%27150%27%20viewBox%3D%270%200%20150%20150%27%3E%3Crect%20width%3D%27150%27%20height%3D%27150%27%20fill-opacity%3D%220%22%2F%3E%3C%2Fsvg%3E\" data-srcset=\"https:\/\/fr.motocrossmag.be\/wp-content\/uploads\/2008\/12\/enduro_3_800-150x150.jpg 150w, https:\/\/fr.motocrossmag.be\/wp-content\/uploads\/2008\/12\/enduro_3_800.jpg 399w\" data-sizes=\"auto\" data-orig-sizes=\"(max-width: 150px) 100vw, 150px\" \/><\/a>   <a rel=\"lightbox\" href=\"http:\/\/www.motocrossmag.be\/wp-content\/uploads\/2008\/12\/enduro_2_800.jpg\"><img decoding=\"async\" class=\"lazyload alignnone size-thumbnail wp-image-2803\" title=\"Superbes silencieux Leo Vince sur la HM 250...\" src=\"http:\/\/www.motocrossmag.be\/wp-content\/uploads\/2008\/12\/enduro_2_800-150x150.jpg\" data-orig-src=\"http:\/\/www.motocrossmag.be\/wp-content\/uploads\/2008\/12\/enduro_2_800-150x150.jpg\" alt=\"\" width=\"150\" height=\"150\" srcset=\"data:image\/svg+xml,%3Csvg%20xmlns%3D%27http%3A%2F%2Fwww.w3.org%2F2000%2Fsvg%27%20width%3D%27150%27%20height%3D%27150%27%20viewBox%3D%270%200%20150%20150%27%3E%3Crect%20width%3D%27150%27%20height%3D%27150%27%20fill-opacity%3D%220%22%2F%3E%3C%2Fsvg%3E\" data-srcset=\"https:\/\/fr.motocrossmag.be\/wp-content\/uploads\/2008\/12\/enduro_2_800-150x150.jpg 150w, https:\/\/fr.motocrossmag.be\/wp-content\/uploads\/2008\/12\/enduro_2_800.jpg 800w\" data-sizes=\"auto\" data-orig-sizes=\"(max-width: 150px) 100vw, 150px\" \/><\/a><\/p>\n<p><strong>TM 250 F EN<\/strong><\/p>\n<p>M\u00e9connue, la TM 250 Enduro n&rsquo;en est pas moins une alternative int\u00e9ressante. Moins homog\u00e8ne que ses rivales, elle se distingue cependant par un caract\u00e8re en acier tremp\u00e9. Couple et puissance sont au rendez-vous sur la belle italienne qui a su charmer nos essayeurs, m\u00eame si ceux-ci ont regrett\u00e9 la position de pilotage particuli\u00e8re, avec un guidon tr\u00e8s haut et un l\u00e9ger manque de confort, &agrave; cause de suspensions plut\u00f4t fermes et, surtout, un mousse de selle qui semble taill\u00e9 dans un bloc de b\u00e9ton&#8230; Si elle pourra donc \u00eatre une redoutable comp\u00e9titrice, la TM s&rsquo;accommodera sans doute beaucoup moins facilement d&rsquo;un usage \u00ab loisir \u00bb&#8230;<\/p>\n<p><img decoding=\"async\" class=\"lazyload alignnone size-full wp-image-2799\" title=\"Trop bruyante mais performante, la TM 250 (ici aux mains de Roel Verpoorten) est l\\'une des bonnes surprises de notre comparatif.\" src=\"http:\/\/www.motocrossmag.be\/wp-content\/uploads\/2008\/12\/enduro_8.jpg\" data-orig-src=\"http:\/\/www.motocrossmag.be\/wp-content\/uploads\/2008\/12\/enduro_8.jpg\" alt=\"\" width=\"465\" height=\"700\" srcset=\"data:image\/svg+xml,%3Csvg%20xmlns%3D%27http%3A%2F%2Fwww.w3.org%2F2000%2Fsvg%27%20width%3D%27465%27%20height%3D%27700%27%20viewBox%3D%270%200%20465%20700%27%3E%3Crect%20width%3D%27465%27%20height%3D%27700%27%20fill-opacity%3D%220%22%2F%3E%3C%2Fsvg%3E\" data-srcset=\"https:\/\/fr.motocrossmag.be\/wp-content\/uploads\/2008\/12\/enduro_8-199x300.jpg 199w, https:\/\/fr.motocrossmag.be\/wp-content\/uploads\/2008\/12\/enduro_8.jpg 465w\" data-sizes=\"auto\" data-orig-sizes=\"(max-width: 465px) 100vw, 465px\" \/><\/p>\n<p><strong>Husqvarna 310 TE<\/strong><\/p>\n<p>Malgr\u00e9 ses 60cc de plus, la Husqvarna 310 n&rsquo;a pas s\u00e9duit. Difficile &agrave; prendre en main &agrave; cause d&rsquo;une position particuli\u00e8re et d&rsquo;un s\u00e9lecteur bien cach\u00e9, elle n&rsquo;a pas su profiter de sa cylindr\u00e9e sup\u00e9rieure pour s&rsquo;attirer les faveurs des essayeurs. Bien au contraire puisque son moteur est unanimement jug\u00e9 moins puissant, moins souple et moins coupleux que les blocs 250 du trio de t\u00eate&#8230; Maigre consolation, la Husky se rattrape l\u00e9g\u00e8rement gr\u00e0\u00a2ce &agrave; son \u00e9quipement de tr\u00e8s bon niveau et son look toujours aussi ravageur.<\/p>\n<p><img decoding=\"async\" class=\"lazyload alignnone size-full wp-image-2802\" title=\"Un look toujours d\\'enfer et quelques cc de plus que ses rivales n\\'ont pas suffi &agrave; la Husqvarna 310 pour s\u00e9duire nos test-riders.\" src=\"http:\/\/www.motocrossmag.be\/wp-content\/uploads\/2008\/12\/enduro_12.jpg\" data-orig-src=\"http:\/\/www.motocrossmag.be\/wp-content\/uploads\/2008\/12\/enduro_12.jpg\" alt=\"\" width=\"500\" height=\"306\" srcset=\"data:image\/svg+xml,%3Csvg%20xmlns%3D%27http%3A%2F%2Fwww.w3.org%2F2000%2Fsvg%27%20width%3D%27500%27%20height%3D%27306%27%20viewBox%3D%270%200%20500%20306%27%3E%3Crect%20width%3D%27500%27%20height%3D%27306%27%20fill-opacity%3D%220%22%2F%3E%3C%2Fsvg%3E\" data-srcset=\"https:\/\/fr.motocrossmag.be\/wp-content\/uploads\/2008\/12\/enduro_12-300x183.jpg 300w, https:\/\/fr.motocrossmag.be\/wp-content\/uploads\/2008\/12\/enduro_12.jpg 500w\" data-sizes=\"auto\" data-orig-sizes=\"(max-width: 500px) 100vw, 500px\" \/><\/p>\n<p><strong>HM 250<\/strong><\/p>\n<p>Sans conteste, la d\u00e9ception de ce comparatif enduro. Directement d\u00e9riv\u00e9e de la Honda 250 CR-F de motocross, la HM s&rsquo;est montr\u00e9e particuli\u00e8rement mal &agrave; l&rsquo;aise dans les conditions humides et donc glissantes et souvent d\u00e9licates de notre essai. Creuse &agrave; bas r\u00e9gimes, brutale puis trop puissante ensuite, le comportement du moteur Honda a \u00e9t\u00e9 s\u00e9v\u00e8rement sanctionn\u00e9 par la plupart des pilotes, m\u00eame les plus chevronn\u00e9s.<\/p>\n<p><img decoding=\"async\" class=\"lazyload alignnone size-full wp-image-2800\" title=\"Du pilote loisir au pilote inter, la HM a d\u00e9\u00e7u. Puissante mais d\u00e9licate &agrave; exploiter et finalement peu efficace, la Japonaise souffre de sa filiation directe avec les CR-F de motocross.\" src=\"http:\/\/www.motocrossmag.be\/wp-content\/uploads\/2008\/12\/enduro_9.jpg\" data-orig-src=\"http:\/\/www.motocrossmag.be\/wp-content\/uploads\/2008\/12\/enduro_9.jpg\" alt=\"\" width=\"465\" height=\"700\" srcset=\"data:image\/svg+xml,%3Csvg%20xmlns%3D%27http%3A%2F%2Fwww.w3.org%2F2000%2Fsvg%27%20width%3D%27465%27%20height%3D%27700%27%20viewBox%3D%270%200%20465%20700%27%3E%3Crect%20width%3D%27465%27%20height%3D%27700%27%20fill-opacity%3D%220%22%2F%3E%3C%2Fsvg%3E\" data-srcset=\"https:\/\/fr.motocrossmag.be\/wp-content\/uploads\/2008\/12\/enduro_9-199x300.jpg 199w, https:\/\/fr.motocrossmag.be\/wp-content\/uploads\/2008\/12\/enduro_9.jpg 465w\" data-sizes=\"auto\" data-orig-sizes=\"(max-width: 465px) 100vw, 465px\" \/><\/p>\n<p>Quant &agrave; la partie-cycle, elle souffre sans doute des faiblesses du moteur et elle est \u00e9galement loin de faire l&rsquo;unanimit\u00e9. Guidon trop haut et suspensions fermes finissent de faire de la HM la machine jug\u00e9e la moins efficace par nos essayeurs. Dommage pour une moto au niveau de finition pourtant exceptionnel&#8230;<\/p>\n<p>Texte: Olivier Evrard | Photos: Fr\u00e9d\u00e9ric David &#8211; <a href=\"http:\/\/www.fdavid.be\" target=\"_blank\">Fdavid.be<\/a><\/p>\n<p><strong><span style=\"color: #800000;\">Les points&#8230;<\/span><\/strong><\/p>\n<table border=\"0\" cellspacing=\"4\" cellpadding=\"1\" width=\"500\">\n<tbody>\n<tr>\n<td colspan=\"13\"><img class=\"lazyload\" decoding=\"async\" src=\"data:image\/svg+xml,%3Csvg%20xmlns%3D%27http%3A%2F%2Fwww.w3.org%2F2000%2Fsvg%27%20width%3D%27500%27%20height%3D%27107%27%20viewBox%3D%270%200%20500%20107%27%3E%3Crect%20width%3D%27500%27%20height%3D%27107%27%20fill-opacity%3D%220%22%2F%3E%3C%2Fsvg%3E\" data-orig-src=\"http:\/\/www.motocrossmag.be\/objects\/tableau_test_top.jpg\" alt=\"\" width=\"500\" height=\"107\" \/><\/td>\n<\/tr>\n<tr>\n<td width=\"75\" bgcolor=\"#d3d3d3\"><strong>KTM <\/strong><\/td>\n<td width=\"38\" align=\"center\" bgcolor=\"#d3d3d3\">8,7<\/td>\n<td width=\"35\" align=\"center\" bgcolor=\"#d3d3d3\">8,1<\/td>\n<td width=\"25\" align=\"center\" bgcolor=\"#d3d3d3\">7,6<\/td>\n<td width=\"33\" align=\"center\" bgcolor=\"#d3d3d3\">8,7<\/td>\n<td width=\"33\" align=\"center\" bgcolor=\"#d3d3d3\">8,5<\/td>\n<td width=\"25\" align=\"center\" bgcolor=\"#d3d3d3\">9<\/td>\n<td width=\"26\" align=\"center\" bgcolor=\"#d3d3d3\">8<\/td>\n<td width=\"25\" align=\"center\" bgcolor=\"#d3d3d3\">8<\/td>\n<td width=\"25\" align=\"center\" bgcolor=\"#d3d3d3\">8<\/td>\n<td width=\"26\" align=\"center\" bgcolor=\"#d3d3d3\">7,5<\/td>\n<td width=\"24\" align=\"center\" bgcolor=\"#d3d3d3\">9<\/td>\n<td width=\"38\" align=\"center\" bgcolor=\"#d3d3d3\">8,6<\/td>\n<\/tr>\n<tr bgcolor=\"#f2f2f2\">\n<td bgcolor=\"#f2f2f2\"><strong>YAM <\/strong><\/td>\n<td align=\"center\">8<\/td>\n<td align=\"center\">8,1<\/td>\n<td align=\"center\">7,7<\/td>\n<td align=\"center\">7,8<\/td>\n<td align=\"center\">8<\/td>\n<td align=\"center\">8<\/td>\n<td align=\"center\">7,5<\/td>\n<td align=\"center\">8<\/td>\n<td align=\"center\">8<\/td>\n<td align=\"center\">7,2<\/td>\n<td align=\"center\">8<\/td>\n<td align=\"center\">8,3<\/td>\n<\/tr>\n<tr>\n<td bgcolor=\"#d3d3d3\"><strong>SHERCO<\/strong><\/td>\n<td align=\"center\" bgcolor=\"#d3d3d3\">7,6<\/td>\n<td align=\"center\" bgcolor=\"#d3d3d3\">8,3<\/td>\n<td align=\"center\" bgcolor=\"#d3d3d3\">7,6<\/td>\n<td align=\"center\" bgcolor=\"#d3d3d3\">8,6<\/td>\n<td align=\"center\" bgcolor=\"#d3d3d3\">8<\/td>\n<td align=\"center\" bgcolor=\"#d3d3d3\">7,8<\/td>\n<td align=\"center\" bgcolor=\"#d3d3d3\">7,6<\/td>\n<td align=\"center\" bgcolor=\"#d3d3d3\">7,6<\/td>\n<td align=\"center\" bgcolor=\"#d3d3d3\">8,5<\/td>\n<td align=\"center\" bgcolor=\"#d3d3d3\">7,7<\/td>\n<td align=\"center\" bgcolor=\"#d3d3d3\">8<\/td>\n<td align=\"center\" bgcolor=\"#d3d3d3\">8<\/td>\n<\/tr>\n<tr bgcolor=\"#f2f2f2\">\n<td><strong>TM<\/strong><\/td>\n<td align=\"center\">8,2<\/td>\n<td align=\"center\">7,6<\/td>\n<td align=\"center\">6,8<\/td>\n<td align=\"center\">7<\/td>\n<td align=\"center\">7,7<\/td>\n<td align=\"center\">7,7<\/td>\n<td align=\"center\">7,7<\/td>\n<td align=\"center\">7,7<\/td>\n<td align=\"center\">7<\/td>\n<td align=\"center\">7,5<\/td>\n<td align=\"center\">7<\/td>\n<td align=\"center\">7,5<\/td>\n<\/tr>\n<tr>\n<td bgcolor=\"#d3d3d3\"><strong>HM <\/strong><\/td>\n<td align=\"center\" bgcolor=\"#d3d3d3\">7,3<\/td>\n<td align=\"center\" bgcolor=\"#d3d3d3\">6,1<\/td>\n<td align=\"center\" bgcolor=\"#d3d3d3\">6,3<\/td>\n<td align=\"center\" bgcolor=\"#d3d3d3\">4,7<\/td>\n<td align=\"center\" bgcolor=\"#d3d3d3\">6,8<\/td>\n<td align=\"center\" bgcolor=\"#d3d3d3\">7,2<\/td>\n<td align=\"center\" bgcolor=\"#d3d3d3\">6,7<\/td>\n<td align=\"center\" bgcolor=\"#d3d3d3\">7,8<\/td>\n<td align=\"center\" bgcolor=\"#d3d3d3\">7,3<\/td>\n<td align=\"center\" bgcolor=\"#d3d3d3\">6,8<\/td>\n<td align=\"center\" bgcolor=\"#d3d3d3\">6,2<\/td>\n<td align=\"center\" bgcolor=\"#d3d3d3\">6,5<\/td>\n<\/tr>\n<tr bgcolor=\"#f2f2f2\">\n<td><strong>HVA<\/strong><\/td>\n<td align=\"center\">7,2<\/td>\n<td align=\"center\">6,7<\/td>\n<td align=\"center\">6,7<\/td>\n<td align=\"center\">7<\/td>\n<td align=\"center\">6,7<\/td>\n<td align=\"center\">7<\/td>\n<td align=\"center\">6,7<\/td>\n<td align=\"center\">7,7<\/td>\n<td align=\"center\">7<\/td>\n<td align=\"center\">6,7<\/td>\n<td align=\"center\">6,7<\/td>\n<td align=\"center\">6,5<\/td>\n<\/tr>\n<\/tbody>\n<\/table>\n<p><strong><span style=\"color: #800000;\"><br \/>\nSans eux&#8230;<\/span><\/strong><\/p>\n<p>Sans eux, ce m\u00e9ga comparatif, organis\u00e9 en collaboration avec le mensuel Moto 80, n&rsquo;aurait pu avoir lieu. Nous les remercions chaleureusement. Eux, ce sont les pilotes, les concessionnaires, les importateurs, sans oublier nos gentils \u00ab\u00a0h\u00f4tes\u00a0\u00bb du jour.<\/p>\n<p>&#8211; <strong>Les pilotes<\/strong> : M. Despontin, F. Despontin, Y. Utens, J. Fraselle, L. Legraive, M. de Harlez, S. David, Th. Chalant, R. Verpoorten, O. Evrard<\/p>\n<p>&#8211; <strong>Les concessionnaires<\/strong> : Motocross Action &agrave; Mons (Yamaha), Garage Bailleux &agrave; Gerpinnes (Beta), P\u00eacheur Motos &agrave; Saint-Hubert (Husaberg), Vukcevic Racing &agrave; Fontaine-Valmont (Husqvarna), Leclercq (HM)<\/p>\n<p>&#8211; <strong>Les importateurs<\/strong> : BMW, Gas Gas, KTM, Kawasaki, TM Racing, Sherco.<\/p>\n<p>Merci \u00e9galement &agrave; Thierry Chalant de nous avoir ouvert les portes de son domaine, ainsi qu&rsquo;&agrave; ses amis pour la pr\u00e9paration du parcours et l&rsquo;accueil chaleureux.<\/p>\n","protected":false},"excerpt":{"rendered":"<p>Seize machines d&rsquo;enduro flambant neuves, une dizaine de pilotes issus de tous les horizons -du plus pur amateur au septuple champion de Belgique Mika\u00ebl Despontin-, une sp\u00e9ciale en prairie glissante [&#8230;]<\/p>\n","protected":false},"author":932,"featured_media":0,"comment_status":"open","ping_status":"open","sticky":false,"template":"","format":"standard","meta":{"footnotes":""},"categories":[54,32,37,59],"tags":[],"class_list":["post-2795","post","type-post","status-publish","format-standard","hentry","category-actualite","category-enduro","category-essais-enduro","category-essais-actualite"],"yoast_head":"<!-- This site is optimized with the Yoast SEO plugin v27.4 - https:\/\/yoast.com\/product\/yoast-seo-wordpress\/ -->\n<title>Comparatif Enduro 2009 - E1 | KTM et Yamaha dans un mouchoir... - Motocross - Enduro - Supermoto | MotocrossMag<\/title>\n<meta name=\"robots\" content=\"index, follow, max-snippet:-1, max-image-preview:large, max-video-preview:-1\" \/>\n<link rel=\"canonical\" href=\"https:\/\/fr.motocrossmag.be\/index.php\/2008\/12\/comparatif-enduro-2009-e1-ktm-et-yamaha-dans-un-mouchoir\/\" \/>\n<meta property=\"og:locale\" content=\"fr_FR\" \/>\n<meta property=\"og:type\" content=\"article\" \/>\n<meta property=\"og:title\" content=\"Comparatif Enduro 2009 - E1 | KTM et Yamaha dans un mouchoir... - Motocross - Enduro - Supermoto | MotocrossMag\" \/>\n<meta property=\"og:description\" content=\"Seize machines d&rsquo;enduro flambant neuves, une dizaine de pilotes issus de tous les horizons -du plus pur amateur au septuple champion de Belgique Mika\u00ebl Despontin-, une sp\u00e9ciale en prairie glissante [...]\" \/>\n<meta property=\"og:url\" content=\"https:\/\/fr.motocrossmag.be\/index.php\/2008\/12\/comparatif-enduro-2009-e1-ktm-et-yamaha-dans-un-mouchoir\/\" \/>\n<meta property=\"og:site_name\" content=\"Motocross - Enduro - Supermoto | MotocrossMag\" \/>\n<meta property=\"article:published_time\" content=\"2008-12-31T00:58:14+00:00\" \/>\n<meta property=\"article:modified_time\" content=\"2009-01-01T13:41:35+00:00\" \/>\n<meta property=\"og:image\" content=\"http:\/\/www.motocrossmag.be\/wp-content\/uploads\/2008\/12\/enduro_1.jpg\" \/>\n<meta name=\"author\" content=\"oliviere\" \/>\n<meta name=\"twitter:card\" content=\"summary_large_image\" \/>\n<meta name=\"twitter:label1\" content=\"\u00c9crit par\" \/>\n\t<meta name=\"twitter:data1\" content=\"oliviere\" \/>\n\t<meta name=\"twitter:label2\" content=\"Dur\u00e9e de lecture estim\u00e9e\" \/>\n\t<meta name=\"twitter:data2\" content=\"6 minutes\" \/>\n<script type=\"application\/ld+json\" class=\"yoast-schema-graph\">{\"@context\":\"https:\\\/\\\/schema.org\",\"@graph\":[{\"@type\":\"Article\",\"@id\":\"https:\\\/\\\/fr.motocrossmag.be\\\/index.php\\\/2008\\\/12\\\/comparatif-enduro-2009-e1-ktm-et-yamaha-dans-un-mouchoir\\\/#article\",\"isPartOf\":{\"@id\":\"https:\\\/\\\/fr.motocrossmag.be\\\/index.php\\\/2008\\\/12\\\/comparatif-enduro-2009-e1-ktm-et-yamaha-dans-un-mouchoir\\\/\"},\"author\":{\"name\":\"oliviere\",\"@id\":\"https:\\\/\\\/fr.motocrossmag.be\\\/#\\\/schema\\\/person\\\/11b47143d9f755babca2c9110e03235c\"},\"headline\":\"Comparatif Enduro 2009 &#8211; E1 | KTM et Yamaha dans un mouchoir&#8230;\",\"datePublished\":\"2008-12-31T00:58:14+00:00\",\"dateModified\":\"2009-01-01T13:41:35+00:00\",\"mainEntityOfPage\":{\"@id\":\"https:\\\/\\\/fr.motocrossmag.be\\\/index.php\\\/2008\\\/12\\\/comparatif-enduro-2009-e1-ktm-et-yamaha-dans-un-mouchoir\\\/\"},\"wordCount\":1276,\"commentCount\":1,\"image\":{\"@id\":\"https:\\\/\\\/fr.motocrossmag.be\\\/index.php\\\/2008\\\/12\\\/comparatif-enduro-2009-e1-ktm-et-yamaha-dans-un-mouchoir\\\/#primaryimage\"},\"thumbnailUrl\":\"http:\\\/\\\/www.motocrossmag.be\\\/wp-content\\\/uploads\\\/2008\\\/12\\\/enduro_1.jpg\",\"articleSection\":[\"Actualit\u00e9\",\"Enduro\",\"Essais\",\"Essais\"],\"inLanguage\":\"fr-FR\",\"potentialAction\":[{\"@type\":\"CommentAction\",\"name\":\"Comment\",\"target\":[\"https:\\\/\\\/fr.motocrossmag.be\\\/index.php\\\/2008\\\/12\\\/comparatif-enduro-2009-e1-ktm-et-yamaha-dans-un-mouchoir\\\/#respond\"]}]},{\"@type\":\"WebPage\",\"@id\":\"https:\\\/\\\/fr.motocrossmag.be\\\/index.php\\\/2008\\\/12\\\/comparatif-enduro-2009-e1-ktm-et-yamaha-dans-un-mouchoir\\\/\",\"url\":\"https:\\\/\\\/fr.motocrossmag.be\\\/index.php\\\/2008\\\/12\\\/comparatif-enduro-2009-e1-ktm-et-yamaha-dans-un-mouchoir\\\/\",\"name\":\"Comparatif Enduro 2009 - E1 | KTM et Yamaha dans un mouchoir... - Motocross - Enduro - Supermoto | MotocrossMag\",\"isPartOf\":{\"@id\":\"https:\\\/\\\/fr.motocrossmag.be\\\/#website\"},\"primaryImageOfPage\":{\"@id\":\"https:\\\/\\\/fr.motocrossmag.be\\\/index.php\\\/2008\\\/12\\\/comparatif-enduro-2009-e1-ktm-et-yamaha-dans-un-mouchoir\\\/#primaryimage\"},\"image\":{\"@id\":\"https:\\\/\\\/fr.motocrossmag.be\\\/index.php\\\/2008\\\/12\\\/comparatif-enduro-2009-e1-ktm-et-yamaha-dans-un-mouchoir\\\/#primaryimage\"},\"thumbnailUrl\":\"http:\\\/\\\/www.motocrossmag.be\\\/wp-content\\\/uploads\\\/2008\\\/12\\\/enduro_1.jpg\",\"datePublished\":\"2008-12-31T00:58:14+00:00\",\"dateModified\":\"2009-01-01T13:41:35+00:00\",\"author\":{\"@id\":\"https:\\\/\\\/fr.motocrossmag.be\\\/#\\\/schema\\\/person\\\/11b47143d9f755babca2c9110e03235c\"},\"breadcrumb\":{\"@id\":\"https:\\\/\\\/fr.motocrossmag.be\\\/index.php\\\/2008\\\/12\\\/comparatif-enduro-2009-e1-ktm-et-yamaha-dans-un-mouchoir\\\/#breadcrumb\"},\"inLanguage\":\"fr-FR\",\"potentialAction\":[{\"@type\":\"ReadAction\",\"target\":[\"https:\\\/\\\/fr.motocrossmag.be\\\/index.php\\\/2008\\\/12\\\/comparatif-enduro-2009-e1-ktm-et-yamaha-dans-un-mouchoir\\\/\"]}]},{\"@type\":\"ImageObject\",\"inLanguage\":\"fr-FR\",\"@id\":\"https:\\\/\\\/fr.motocrossmag.be\\\/index.php\\\/2008\\\/12\\\/comparatif-enduro-2009-e1-ktm-et-yamaha-dans-un-mouchoir\\\/#primaryimage\",\"url\":\"http:\\\/\\\/www.motocrossmag.be\\\/wp-content\\\/uploads\\\/2008\\\/12\\\/enduro_1.jpg\",\"contentUrl\":\"http:\\\/\\\/www.motocrossmag.be\\\/wp-content\\\/uploads\\\/2008\\\/12\\\/enduro_1.jpg\"},{\"@type\":\"BreadcrumbList\",\"@id\":\"https:\\\/\\\/fr.motocrossmag.be\\\/index.php\\\/2008\\\/12\\\/comparatif-enduro-2009-e1-ktm-et-yamaha-dans-un-mouchoir\\\/#breadcrumb\",\"itemListElement\":[{\"@type\":\"ListItem\",\"position\":1,\"name\":\"Accueil\",\"item\":\"https:\\\/\\\/fr.motocrossmag.be\\\/\"},{\"@type\":\"ListItem\",\"position\":2,\"name\":\"Comparatif Enduro 2009 &#8211; E1 | KTM et Yamaha dans un mouchoir&#8230;\"}]},{\"@type\":\"WebSite\",\"@id\":\"https:\\\/\\\/fr.motocrossmag.be\\\/#website\",\"url\":\"https:\\\/\\\/fr.motocrossmag.be\\\/\",\"name\":\"Motocross - Enduro - Supermoto | MotocrossMag\",\"description\":\"L&#039;actualit\u00e9 du motocross, de l&#039;enduro et du Supermoto en ligne!\",\"potentialAction\":[{\"@type\":\"SearchAction\",\"target\":{\"@type\":\"EntryPoint\",\"urlTemplate\":\"https:\\\/\\\/fr.motocrossmag.be\\\/?s={search_term_string}\"},\"query-input\":{\"@type\":\"PropertyValueSpecification\",\"valueRequired\":true,\"valueName\":\"search_term_string\"}}],\"inLanguage\":\"fr-FR\"},{\"@type\":\"Person\",\"@id\":\"https:\\\/\\\/fr.motocrossmag.be\\\/#\\\/schema\\\/person\\\/11b47143d9f755babca2c9110e03235c\",\"name\":\"oliviere\",\"image\":{\"@type\":\"ImageObject\",\"inLanguage\":\"fr-FR\",\"@id\":\"https:\\\/\\\/secure.gravatar.com\\\/avatar\\\/907069e0b81d119452040469e4a7501da1100f54f7f80180ce77bfab718288f6?s=96&d=mm&r=g\",\"url\":\"https:\\\/\\\/secure.gravatar.com\\\/avatar\\\/907069e0b81d119452040469e4a7501da1100f54f7f80180ce77bfab718288f6?s=96&d=mm&r=g\",\"contentUrl\":\"https:\\\/\\\/secure.gravatar.com\\\/avatar\\\/907069e0b81d119452040469e4a7501da1100f54f7f80180ce77bfab718288f6?s=96&d=mm&r=g\",\"caption\":\"oliviere\"},\"sameAs\":[\"http:\\\/\\\/www.motocrossmag.be\"],\"url\":\"https:\\\/\\\/fr.motocrossmag.be\\\/index.php\\\/author\\\/oliviere\\\/\"}]}<\/script>\n<!-- \/ Yoast SEO plugin. -->","yoast_head_json":{"title":"Comparatif Enduro 2009 - E1 | KTM et Yamaha dans un mouchoir... - Motocross - Enduro - Supermoto | MotocrossMag","robots":{"index":"index","follow":"follow","max-snippet":"max-snippet:-1","max-image-preview":"max-image-preview:large","max-video-preview":"max-video-preview:-1"},"canonical":"https:\/\/fr.motocrossmag.be\/index.php\/2008\/12\/comparatif-enduro-2009-e1-ktm-et-yamaha-dans-un-mouchoir\/","og_locale":"fr_FR","og_type":"article","og_title":"Comparatif Enduro 2009 - E1 | KTM et Yamaha dans un mouchoir... - Motocross - Enduro - Supermoto | MotocrossMag","og_description":"Seize machines d&rsquo;enduro flambant neuves, une dizaine de pilotes issus de tous les horizons -du plus pur amateur au septuple champion de Belgique Mika\u00ebl Despontin-, une sp\u00e9ciale en prairie glissante [...]","og_url":"https:\/\/fr.motocrossmag.be\/index.php\/2008\/12\/comparatif-enduro-2009-e1-ktm-et-yamaha-dans-un-mouchoir\/","og_site_name":"Motocross - Enduro - Supermoto | MotocrossMag","article_published_time":"2008-12-31T00:58:14+00:00","article_modified_time":"2009-01-01T13:41:35+00:00","og_image":[{"url":"http:\/\/www.motocrossmag.be\/wp-content\/uploads\/2008\/12\/enduro_1.jpg","type":"","width":"","height":""}],"author":"oliviere","twitter_card":"summary_large_image","twitter_misc":{"\u00c9crit par":"oliviere","Dur\u00e9e de lecture estim\u00e9e":"6 minutes"},"schema":{"@context":"https:\/\/schema.org","@graph":[{"@type":"Article","@id":"https:\/\/fr.motocrossmag.be\/index.php\/2008\/12\/comparatif-enduro-2009-e1-ktm-et-yamaha-dans-un-mouchoir\/#article","isPartOf":{"@id":"https:\/\/fr.motocrossmag.be\/index.php\/2008\/12\/comparatif-enduro-2009-e1-ktm-et-yamaha-dans-un-mouchoir\/"},"author":{"name":"oliviere","@id":"https:\/\/fr.motocrossmag.be\/#\/schema\/person\/11b47143d9f755babca2c9110e03235c"},"headline":"Comparatif Enduro 2009 &#8211; E1 | KTM et Yamaha dans un mouchoir&#8230;","datePublished":"2008-12-31T00:58:14+00:00","dateModified":"2009-01-01T13:41:35+00:00","mainEntityOfPage":{"@id":"https:\/\/fr.motocrossmag.be\/index.php\/2008\/12\/comparatif-enduro-2009-e1-ktm-et-yamaha-dans-un-mouchoir\/"},"wordCount":1276,"commentCount":1,"image":{"@id":"https:\/\/fr.motocrossmag.be\/index.php\/2008\/12\/comparatif-enduro-2009-e1-ktm-et-yamaha-dans-un-mouchoir\/#primaryimage"},"thumbnailUrl":"http:\/\/www.motocrossmag.be\/wp-content\/uploads\/2008\/12\/enduro_1.jpg","articleSection":["Actualit\u00e9","Enduro","Essais","Essais"],"inLanguage":"fr-FR","potentialAction":[{"@type":"CommentAction","name":"Comment","target":["https:\/\/fr.motocrossmag.be\/index.php\/2008\/12\/comparatif-enduro-2009-e1-ktm-et-yamaha-dans-un-mouchoir\/#respond"]}]},{"@type":"WebPage","@id":"https:\/\/fr.motocrossmag.be\/index.php\/2008\/12\/comparatif-enduro-2009-e1-ktm-et-yamaha-dans-un-mouchoir\/","url":"https:\/\/fr.motocrossmag.be\/index.php\/2008\/12\/comparatif-enduro-2009-e1-ktm-et-yamaha-dans-un-mouchoir\/","name":"Comparatif Enduro 2009 - E1 | KTM et Yamaha dans un mouchoir... - Motocross - Enduro - Supermoto | MotocrossMag","isPartOf":{"@id":"https:\/\/fr.motocrossmag.be\/#website"},"primaryImageOfPage":{"@id":"https:\/\/fr.motocrossmag.be\/index.php\/2008\/12\/comparatif-enduro-2009-e1-ktm-et-yamaha-dans-un-mouchoir\/#primaryimage"},"image":{"@id":"https:\/\/fr.motocrossmag.be\/index.php\/2008\/12\/comparatif-enduro-2009-e1-ktm-et-yamaha-dans-un-mouchoir\/#primaryimage"},"thumbnailUrl":"http:\/\/www.motocrossmag.be\/wp-content\/uploads\/2008\/12\/enduro_1.jpg","datePublished":"2008-12-31T00:58:14+00:00","dateModified":"2009-01-01T13:41:35+00:00","author":{"@id":"https:\/\/fr.motocrossmag.be\/#\/schema\/person\/11b47143d9f755babca2c9110e03235c"},"breadcrumb":{"@id":"https:\/\/fr.motocrossmag.be\/index.php\/2008\/12\/comparatif-enduro-2009-e1-ktm-et-yamaha-dans-un-mouchoir\/#breadcrumb"},"inLanguage":"fr-FR","potentialAction":[{"@type":"ReadAction","target":["https:\/\/fr.motocrossmag.be\/index.php\/2008\/12\/comparatif-enduro-2009-e1-ktm-et-yamaha-dans-un-mouchoir\/"]}]},{"@type":"ImageObject","inLanguage":"fr-FR","@id":"https:\/\/fr.motocrossmag.be\/index.php\/2008\/12\/comparatif-enduro-2009-e1-ktm-et-yamaha-dans-un-mouchoir\/#primaryimage","url":"http:\/\/www.motocrossmag.be\/wp-content\/uploads\/2008\/12\/enduro_1.jpg","contentUrl":"http:\/\/www.motocrossmag.be\/wp-content\/uploads\/2008\/12\/enduro_1.jpg"},{"@type":"BreadcrumbList","@id":"https:\/\/fr.motocrossmag.be\/index.php\/2008\/12\/comparatif-enduro-2009-e1-ktm-et-yamaha-dans-un-mouchoir\/#breadcrumb","itemListElement":[{"@type":"ListItem","position":1,"name":"Accueil","item":"https:\/\/fr.motocrossmag.be\/"},{"@type":"ListItem","position":2,"name":"Comparatif Enduro 2009 &#8211; E1 | KTM et Yamaha dans un mouchoir&#8230;"}]},{"@type":"WebSite","@id":"https:\/\/fr.motocrossmag.be\/#website","url":"https:\/\/fr.motocrossmag.be\/","name":"Motocross - Enduro - Supermoto | MotocrossMag","description":"L&#039;actualit\u00e9 du motocross, de l&#039;enduro et du Supermoto en ligne!","potentialAction":[{"@type":"SearchAction","target":{"@type":"EntryPoint","urlTemplate":"https:\/\/fr.motocrossmag.be\/?s={search_term_string}"},"query-input":{"@type":"PropertyValueSpecification","valueRequired":true,"valueName":"search_term_string"}}],"inLanguage":"fr-FR"},{"@type":"Person","@id":"https:\/\/fr.motocrossmag.be\/#\/schema\/person\/11b47143d9f755babca2c9110e03235c","name":"oliviere","image":{"@type":"ImageObject","inLanguage":"fr-FR","@id":"https:\/\/secure.gravatar.com\/avatar\/907069e0b81d119452040469e4a7501da1100f54f7f80180ce77bfab718288f6?s=96&d=mm&r=g","url":"https:\/\/secure.gravatar.com\/avatar\/907069e0b81d119452040469e4a7501da1100f54f7f80180ce77bfab718288f6?s=96&d=mm&r=g","contentUrl":"https:\/\/secure.gravatar.com\/avatar\/907069e0b81d119452040469e4a7501da1100f54f7f80180ce77bfab718288f6?s=96&d=mm&r=g","caption":"oliviere"},"sameAs":["http:\/\/www.motocrossmag.be"],"url":"https:\/\/fr.motocrossmag.be\/index.php\/author\/oliviere\/"}]}},"_links":{"self":[{"href":"https:\/\/fr.motocrossmag.be\/index.php\/wp-json\/wp\/v2\/posts\/2795","targetHints":{"allow":["GET"]}}],"collection":[{"href":"https:\/\/fr.motocrossmag.be\/index.php\/wp-json\/wp\/v2\/posts"}],"about":[{"href":"https:\/\/fr.motocrossmag.be\/index.php\/wp-json\/wp\/v2\/types\/post"}],"author":[{"embeddable":true,"href":"https:\/\/fr.motocrossmag.be\/index.php\/wp-json\/wp\/v2\/users\/932"}],"replies":[{"embeddable":true,"href":"https:\/\/fr.motocrossmag.be\/index.php\/wp-json\/wp\/v2\/comments?post=2795"}],"version-history":[{"count":0,"href":"https:\/\/fr.motocrossmag.be\/index.php\/wp-json\/wp\/v2\/posts\/2795\/revisions"}],"wp:attachment":[{"href":"https:\/\/fr.motocrossmag.be\/index.php\/wp-json\/wp\/v2\/media?parent=2795"}],"wp:term":[{"taxonomy":"category","embeddable":true,"href":"https:\/\/fr.motocrossmag.be\/index.php\/wp-json\/wp\/v2\/categories?post=2795"},{"taxonomy":"post_tag","embeddable":true,"href":"https:\/\/fr.motocrossmag.be\/index.php\/wp-json\/wp\/v2\/tags?post=2795"}],"curies":[{"name":"wp","href":"https:\/\/api.w.org\/{rel}","templated":true}]}}