{"id":288,"date":"2008-03-20T18:15:52","date_gmt":"2008-03-20T17:15:52","guid":{"rendered":"http:\/\/www.motocrossmag.be\/2008\/03\/20\/motocross-mondialclement-desalle-3eme-en-allemagne\/"},"modified":"2008-03-21T11:13:45","modified_gmt":"2008-03-21T10:13:45","slug":"motocross-mondialclement-desalle-3eme-en-allemagne","status":"publish","type":"post","link":"https:\/\/fr.motocrossmag.be\/index.php\/2008\/03\/motocross-mondialclement-desalle-3eme-en-allemagne\/","title":{"rendered":"Motocross mondial|Cl\u00e9ment Desalle 3\u00e8me en Allemagne"},"content":{"rendered":"<p>Notre compatriote Cl\u00e9ment Desalle a termin\u00e9 sur la 3\u00e8me marche du podium l&rsquo;\u00e9preuve de Frankenbach, premi\u00e8re manche du championnat Allemand. Le pilote Suzuki a termin\u00e9 3\u00e8me &agrave; deux reprises, derri\u00e8re le Hongrois Kornel Nemeth et Max Nagl, d\u00e9j&agrave; vainqueur l&rsquo;an pass\u00e9 &agrave; Frankenbach.<br \/>\nUn autre Belge, Marvin Van Daele, s&rsquo;est lui aussi bien comport\u00e9 puisqu&rsquo;il termine &agrave; la 7\u00e8me puis &agrave; la 5\u00e8me place et manque de peu le top-5 au g\u00e9n\u00e9ral.<\/p>\n<p><img class=\"lazyload\" decoding=\"async\" src=\"data:image\/gif;base64,R0lGODlhAQABAAAAACH5BAEKAAEALAAAAAABAAEAAAICTAEAOw==\" data-orig-src=\"http:\/\/www.motocrossmag.be\/wp-content\/uploads\/2008\/03\/nagl.jpg\" alt=\"Comme l\u00e2\u20ac\u2122an pass\u00e9, Max Nagl s\u00e2\u20ac\u2122est impos\u00e9 &agrave; Frankenbach, en Allemagne.\" \/><\/p>\n<p>Dans la cat\u00e9gorie MX2, c&rsquo;est le prometteur Ken Roczen qui signe un doubl\u00e9 autoritaire devant son compatriote Angus Heidecke et le Russe Aleksandr Tonkov. <\/p>\n","protected":false},"excerpt":{"rendered":"<p>Notre compatriote Cl\u00e9ment Desalle a termin\u00e9 sur la 3\u00e8me marche du podium l&rsquo;\u00e9preuve de Frankenbach, premi\u00e8re manche du championnat Allemand. Le pilote Suzuki a termin\u00e9 3\u00e8me &agrave; deux reprises, derri\u00e8re [&#8230;]<\/p>\n","protected":false},"author":932,"featured_media":0,"comment_status":"open","ping_status":"open","sticky":false,"template":"","format":"standard","meta":{"footnotes":""},"categories":[54,4,5,55],"tags":[],"class_list":["post-288","post","type-post","status-publish","format-standard","hentry","category-actualite","category-motocross","category-news","category-news-actualite"],"yoast_head":"<!-- This site is optimized with the Yoast SEO plugin v27.4 - https:\/\/yoast.com\/product\/yoast-seo-wordpress\/ -->\n<title>Motocross mondial|Cl\u00e9ment Desalle 3\u00e8me en Allemagne - Motocross - Enduro - Supermoto | MotocrossMag<\/title>\n<meta name=\"robots\" content=\"index, follow, max-snippet:-1, max-image-preview:large, max-video-preview:-1\" \/>\n<link rel=\"canonical\" href=\"https:\/\/fr.motocrossmag.be\/index.php\/2008\/03\/motocross-mondialclement-desalle-3eme-en-allemagne\/\" \/>\n<meta property=\"og:locale\" content=\"fr_FR\" \/>\n<meta property=\"og:type\" content=\"article\" \/>\n<meta property=\"og:title\" content=\"Motocross mondial|Cl\u00e9ment Desalle 3\u00e8me en Allemagne - Motocross - Enduro - Supermoto | MotocrossMag\" \/>\n<meta property=\"og:description\" content=\"Notre compatriote Cl\u00e9ment Desalle a termin\u00e9 sur la 3\u00e8me marche du podium l&rsquo;\u00e9preuve de Frankenbach, premi\u00e8re manche du championnat Allemand. Le pilote Suzuki a termin\u00e9 3\u00e8me &agrave; deux reprises, derri\u00e8re [...]\" \/>\n<meta property=\"og:url\" content=\"https:\/\/fr.motocrossmag.be\/index.php\/2008\/03\/motocross-mondialclement-desalle-3eme-en-allemagne\/\" \/>\n<meta property=\"og:site_name\" content=\"Motocross - Enduro - Supermoto | MotocrossMag\" \/>\n<meta property=\"article:published_time\" content=\"2008-03-20T17:15:52+00:00\" \/>\n<meta property=\"article:modified_time\" content=\"2008-03-21T10:13:45+00:00\" \/>\n<meta property=\"og:image\" content=\"http:\/\/www.motocrossmag.be\/wp-content\/uploads\/2008\/03\/nagl.jpg\" \/>\n<meta name=\"author\" content=\"oliviere\" \/>\n<meta name=\"twitter:card\" content=\"summary_large_image\" \/>\n<meta name=\"twitter:label1\" content=\"\u00c9crit par\" \/>\n\t<meta name=\"twitter:data1\" content=\"oliviere\" \/>\n\t<meta name=\"twitter:label2\" content=\"Dur\u00e9e de lecture estim\u00e9e\" \/>\n\t<meta name=\"twitter:data2\" content=\"1 minute\" \/>\n<script type=\"application\/ld+json\" class=\"yoast-schema-graph\">{\"@context\":\"https:\\\/\\\/schema.org\",\"@graph\":[{\"@type\":\"Article\",\"@id\":\"https:\\\/\\\/fr.motocrossmag.be\\\/index.php\\\/2008\\\/03\\\/motocross-mondialclement-desalle-3eme-en-allemagne\\\/#article\",\"isPartOf\":{\"@id\":\"https:\\\/\\\/fr.motocrossmag.be\\\/index.php\\\/2008\\\/03\\\/motocross-mondialclement-desalle-3eme-en-allemagne\\\/\"},\"author\":{\"name\":\"oliviere\",\"@id\":\"https:\\\/\\\/fr.motocrossmag.be\\\/#\\\/schema\\\/person\\\/11b47143d9f755babca2c9110e03235c\"},\"headline\":\"Motocross mondial|Cl\u00e9ment Desalle 3\u00e8me en Allemagne\",\"datePublished\":\"2008-03-20T17:15:52+00:00\",\"dateModified\":\"2008-03-21T10:13:45+00:00\",\"mainEntityOfPage\":{\"@id\":\"https:\\\/\\\/fr.motocrossmag.be\\\/index.php\\\/2008\\\/03\\\/motocross-mondialclement-desalle-3eme-en-allemagne\\\/\"},\"wordCount\":117,\"commentCount\":0,\"image\":{\"@id\":\"https:\\\/\\\/fr.motocrossmag.be\\\/index.php\\\/2008\\\/03\\\/motocross-mondialclement-desalle-3eme-en-allemagne\\\/#primaryimage\"},\"thumbnailUrl\":\"http:\\\/\\\/www.motocrossmag.be\\\/wp-content\\\/uploads\\\/2008\\\/03\\\/nagl.jpg\",\"articleSection\":[\"Actualit\u00e9\",\"Motocross\",\"News\",\"News\"],\"inLanguage\":\"fr-FR\",\"potentialAction\":[{\"@type\":\"CommentAction\",\"name\":\"Comment\",\"target\":[\"https:\\\/\\\/fr.motocrossmag.be\\\/index.php\\\/2008\\\/03\\\/motocross-mondialclement-desalle-3eme-en-allemagne\\\/#respond\"]}]},{\"@type\":\"WebPage\",\"@id\":\"https:\\\/\\\/fr.motocrossmag.be\\\/index.php\\\/2008\\\/03\\\/motocross-mondialclement-desalle-3eme-en-allemagne\\\/\",\"url\":\"https:\\\/\\\/fr.motocrossmag.be\\\/index.php\\\/2008\\\/03\\\/motocross-mondialclement-desalle-3eme-en-allemagne\\\/\",\"name\":\"Motocross mondial|Cl\u00e9ment Desalle 3\u00e8me en Allemagne - Motocross - Enduro - Supermoto | MotocrossMag\",\"isPartOf\":{\"@id\":\"https:\\\/\\\/fr.motocrossmag.be\\\/#website\"},\"primaryImageOfPage\":{\"@id\":\"https:\\\/\\\/fr.motocrossmag.be\\\/index.php\\\/2008\\\/03\\\/motocross-mondialclement-desalle-3eme-en-allemagne\\\/#primaryimage\"},\"image\":{\"@id\":\"https:\\\/\\\/fr.motocrossmag.be\\\/index.php\\\/2008\\\/03\\\/motocross-mondialclement-desalle-3eme-en-allemagne\\\/#primaryimage\"},\"thumbnailUrl\":\"http:\\\/\\\/www.motocrossmag.be\\\/wp-content\\\/uploads\\\/2008\\\/03\\\/nagl.jpg\",\"datePublished\":\"2008-03-20T17:15:52+00:00\",\"dateModified\":\"2008-03-21T10:13:45+00:00\",\"author\":{\"@id\":\"https:\\\/\\\/fr.motocrossmag.be\\\/#\\\/schema\\\/person\\\/11b47143d9f755babca2c9110e03235c\"},\"breadcrumb\":{\"@id\":\"https:\\\/\\\/fr.motocrossmag.be\\\/index.php\\\/2008\\\/03\\\/motocross-mondialclement-desalle-3eme-en-allemagne\\\/#breadcrumb\"},\"inLanguage\":\"fr-FR\",\"potentialAction\":[{\"@type\":\"ReadAction\",\"target\":[\"https:\\\/\\\/fr.motocrossmag.be\\\/index.php\\\/2008\\\/03\\\/motocross-mondialclement-desalle-3eme-en-allemagne\\\/\"]}]},{\"@type\":\"ImageObject\",\"inLanguage\":\"fr-FR\",\"@id\":\"https:\\\/\\\/fr.motocrossmag.be\\\/index.php\\\/2008\\\/03\\\/motocross-mondialclement-desalle-3eme-en-allemagne\\\/#primaryimage\",\"url\":\"http:\\\/\\\/www.motocrossmag.be\\\/wp-content\\\/uploads\\\/2008\\\/03\\\/nagl.jpg\",\"contentUrl\":\"http:\\\/\\\/www.motocrossmag.be\\\/wp-content\\\/uploads\\\/2008\\\/03\\\/nagl.jpg\"},{\"@type\":\"BreadcrumbList\",\"@id\":\"https:\\\/\\\/fr.motocrossmag.be\\\/index.php\\\/2008\\\/03\\\/motocross-mondialclement-desalle-3eme-en-allemagne\\\/#breadcrumb\",\"itemListElement\":[{\"@type\":\"ListItem\",\"position\":1,\"name\":\"Accueil\",\"item\":\"https:\\\/\\\/fr.motocrossmag.be\\\/\"},{\"@type\":\"ListItem\",\"position\":2,\"name\":\"Motocross mondial|Cl\u00e9ment Desalle 3\u00e8me en Allemagne\"}]},{\"@type\":\"WebSite\",\"@id\":\"https:\\\/\\\/fr.motocrossmag.be\\\/#website\",\"url\":\"https:\\\/\\\/fr.motocrossmag.be\\\/\",\"name\":\"Motocross - Enduro - Supermoto | MotocrossMag\",\"description\":\"L&#039;actualit\u00e9 du motocross, de l&#039;enduro et du Supermoto en ligne!\",\"potentialAction\":[{\"@type\":\"SearchAction\",\"target\":{\"@type\":\"EntryPoint\",\"urlTemplate\":\"https:\\\/\\\/fr.motocrossmag.be\\\/?s={search_term_string}\"},\"query-input\":{\"@type\":\"PropertyValueSpecification\",\"valueRequired\":true,\"valueName\":\"search_term_string\"}}],\"inLanguage\":\"fr-FR\"},{\"@type\":\"Person\",\"@id\":\"https:\\\/\\\/fr.motocrossmag.be\\\/#\\\/schema\\\/person\\\/11b47143d9f755babca2c9110e03235c\",\"name\":\"oliviere\",\"image\":{\"@type\":\"ImageObject\",\"inLanguage\":\"fr-FR\",\"@id\":\"https:\\\/\\\/secure.gravatar.com\\\/avatar\\\/907069e0b81d119452040469e4a7501da1100f54f7f80180ce77bfab718288f6?s=96&d=mm&r=g\",\"url\":\"https:\\\/\\\/secure.gravatar.com\\\/avatar\\\/907069e0b81d119452040469e4a7501da1100f54f7f80180ce77bfab718288f6?s=96&d=mm&r=g\",\"contentUrl\":\"https:\\\/\\\/secure.gravatar.com\\\/avatar\\\/907069e0b81d119452040469e4a7501da1100f54f7f80180ce77bfab718288f6?s=96&d=mm&r=g\",\"caption\":\"oliviere\"},\"sameAs\":[\"http:\\\/\\\/www.motocrossmag.be\"],\"url\":\"https:\\\/\\\/fr.motocrossmag.be\\\/index.php\\\/author\\\/oliviere\\\/\"}]}<\/script>\n<!-- \/ Yoast SEO plugin. -->","yoast_head_json":{"title":"Motocross mondial|Cl\u00e9ment Desalle 3\u00e8me en Allemagne - Motocross - Enduro - Supermoto | MotocrossMag","robots":{"index":"index","follow":"follow","max-snippet":"max-snippet:-1","max-image-preview":"max-image-preview:large","max-video-preview":"max-video-preview:-1"},"canonical":"https:\/\/fr.motocrossmag.be\/index.php\/2008\/03\/motocross-mondialclement-desalle-3eme-en-allemagne\/","og_locale":"fr_FR","og_type":"article","og_title":"Motocross mondial|Cl\u00e9ment Desalle 3\u00e8me en Allemagne - Motocross - Enduro - Supermoto | MotocrossMag","og_description":"Notre compatriote Cl\u00e9ment Desalle a termin\u00e9 sur la 3\u00e8me marche du podium l&rsquo;\u00e9preuve de Frankenbach, premi\u00e8re manche du championnat Allemand. Le pilote Suzuki a termin\u00e9 3\u00e8me &agrave; deux reprises, derri\u00e8re [...]","og_url":"https:\/\/fr.motocrossmag.be\/index.php\/2008\/03\/motocross-mondialclement-desalle-3eme-en-allemagne\/","og_site_name":"Motocross - Enduro - Supermoto | MotocrossMag","article_published_time":"2008-03-20T17:15:52+00:00","article_modified_time":"2008-03-21T10:13:45+00:00","og_image":[{"url":"http:\/\/www.motocrossmag.be\/wp-content\/uploads\/2008\/03\/nagl.jpg","type":"","width":"","height":""}],"author":"oliviere","twitter_card":"summary_large_image","twitter_misc":{"\u00c9crit par":"oliviere","Dur\u00e9e de lecture estim\u00e9e":"1 minute"},"schema":{"@context":"https:\/\/schema.org","@graph":[{"@type":"Article","@id":"https:\/\/fr.motocrossmag.be\/index.php\/2008\/03\/motocross-mondialclement-desalle-3eme-en-allemagne\/#article","isPartOf":{"@id":"https:\/\/fr.motocrossmag.be\/index.php\/2008\/03\/motocross-mondialclement-desalle-3eme-en-allemagne\/"},"author":{"name":"oliviere","@id":"https:\/\/fr.motocrossmag.be\/#\/schema\/person\/11b47143d9f755babca2c9110e03235c"},"headline":"Motocross mondial|Cl\u00e9ment Desalle 3\u00e8me en Allemagne","datePublished":"2008-03-20T17:15:52+00:00","dateModified":"2008-03-21T10:13:45+00:00","mainEntityOfPage":{"@id":"https:\/\/fr.motocrossmag.be\/index.php\/2008\/03\/motocross-mondialclement-desalle-3eme-en-allemagne\/"},"wordCount":117,"commentCount":0,"image":{"@id":"https:\/\/fr.motocrossmag.be\/index.php\/2008\/03\/motocross-mondialclement-desalle-3eme-en-allemagne\/#primaryimage"},"thumbnailUrl":"http:\/\/www.motocrossmag.be\/wp-content\/uploads\/2008\/03\/nagl.jpg","articleSection":["Actualit\u00e9","Motocross","News","News"],"inLanguage":"fr-FR","potentialAction":[{"@type":"CommentAction","name":"Comment","target":["https:\/\/fr.motocrossmag.be\/index.php\/2008\/03\/motocross-mondialclement-desalle-3eme-en-allemagne\/#respond"]}]},{"@type":"WebPage","@id":"https:\/\/fr.motocrossmag.be\/index.php\/2008\/03\/motocross-mondialclement-desalle-3eme-en-allemagne\/","url":"https:\/\/fr.motocrossmag.be\/index.php\/2008\/03\/motocross-mondialclement-desalle-3eme-en-allemagne\/","name":"Motocross mondial|Cl\u00e9ment Desalle 3\u00e8me en Allemagne - Motocross - Enduro - Supermoto | MotocrossMag","isPartOf":{"@id":"https:\/\/fr.motocrossmag.be\/#website"},"primaryImageOfPage":{"@id":"https:\/\/fr.motocrossmag.be\/index.php\/2008\/03\/motocross-mondialclement-desalle-3eme-en-allemagne\/#primaryimage"},"image":{"@id":"https:\/\/fr.motocrossmag.be\/index.php\/2008\/03\/motocross-mondialclement-desalle-3eme-en-allemagne\/#primaryimage"},"thumbnailUrl":"http:\/\/www.motocrossmag.be\/wp-content\/uploads\/2008\/03\/nagl.jpg","datePublished":"2008-03-20T17:15:52+00:00","dateModified":"2008-03-21T10:13:45+00:00","author":{"@id":"https:\/\/fr.motocrossmag.be\/#\/schema\/person\/11b47143d9f755babca2c9110e03235c"},"breadcrumb":{"@id":"https:\/\/fr.motocrossmag.be\/index.php\/2008\/03\/motocross-mondialclement-desalle-3eme-en-allemagne\/#breadcrumb"},"inLanguage":"fr-FR","potentialAction":[{"@type":"ReadAction","target":["https:\/\/fr.motocrossmag.be\/index.php\/2008\/03\/motocross-mondialclement-desalle-3eme-en-allemagne\/"]}]},{"@type":"ImageObject","inLanguage":"fr-FR","@id":"https:\/\/fr.motocrossmag.be\/index.php\/2008\/03\/motocross-mondialclement-desalle-3eme-en-allemagne\/#primaryimage","url":"http:\/\/www.motocrossmag.be\/wp-content\/uploads\/2008\/03\/nagl.jpg","contentUrl":"http:\/\/www.motocrossmag.be\/wp-content\/uploads\/2008\/03\/nagl.jpg"},{"@type":"BreadcrumbList","@id":"https:\/\/fr.motocrossmag.be\/index.php\/2008\/03\/motocross-mondialclement-desalle-3eme-en-allemagne\/#breadcrumb","itemListElement":[{"@type":"ListItem","position":1,"name":"Accueil","item":"https:\/\/fr.motocrossmag.be\/"},{"@type":"ListItem","position":2,"name":"Motocross mondial|Cl\u00e9ment Desalle 3\u00e8me en Allemagne"}]},{"@type":"WebSite","@id":"https:\/\/fr.motocrossmag.be\/#website","url":"https:\/\/fr.motocrossmag.be\/","name":"Motocross - Enduro - Supermoto | MotocrossMag","description":"L&#039;actualit\u00e9 du motocross, de l&#039;enduro et du Supermoto en ligne!","potentialAction":[{"@type":"SearchAction","target":{"@type":"EntryPoint","urlTemplate":"https:\/\/fr.motocrossmag.be\/?s={search_term_string}"},"query-input":{"@type":"PropertyValueSpecification","valueRequired":true,"valueName":"search_term_string"}}],"inLanguage":"fr-FR"},{"@type":"Person","@id":"https:\/\/fr.motocrossmag.be\/#\/schema\/person\/11b47143d9f755babca2c9110e03235c","name":"oliviere","image":{"@type":"ImageObject","inLanguage":"fr-FR","@id":"https:\/\/secure.gravatar.com\/avatar\/907069e0b81d119452040469e4a7501da1100f54f7f80180ce77bfab718288f6?s=96&d=mm&r=g","url":"https:\/\/secure.gravatar.com\/avatar\/907069e0b81d119452040469e4a7501da1100f54f7f80180ce77bfab718288f6?s=96&d=mm&r=g","contentUrl":"https:\/\/secure.gravatar.com\/avatar\/907069e0b81d119452040469e4a7501da1100f54f7f80180ce77bfab718288f6?s=96&d=mm&r=g","caption":"oliviere"},"sameAs":["http:\/\/www.motocrossmag.be"],"url":"https:\/\/fr.motocrossmag.be\/index.php\/author\/oliviere\/"}]}},"_links":{"self":[{"href":"https:\/\/fr.motocrossmag.be\/index.php\/wp-json\/wp\/v2\/posts\/288","targetHints":{"allow":["GET"]}}],"collection":[{"href":"https:\/\/fr.motocrossmag.be\/index.php\/wp-json\/wp\/v2\/posts"}],"about":[{"href":"https:\/\/fr.motocrossmag.be\/index.php\/wp-json\/wp\/v2\/types\/post"}],"author":[{"embeddable":true,"href":"https:\/\/fr.motocrossmag.be\/index.php\/wp-json\/wp\/v2\/users\/932"}],"replies":[{"embeddable":true,"href":"https:\/\/fr.motocrossmag.be\/index.php\/wp-json\/wp\/v2\/comments?post=288"}],"version-history":[{"count":0,"href":"https:\/\/fr.motocrossmag.be\/index.php\/wp-json\/wp\/v2\/posts\/288\/revisions"}],"wp:attachment":[{"href":"https:\/\/fr.motocrossmag.be\/index.php\/wp-json\/wp\/v2\/media?parent=288"}],"wp:term":[{"taxonomy":"category","embeddable":true,"href":"https:\/\/fr.motocrossmag.be\/index.php\/wp-json\/wp\/v2\/categories?post=288"},{"taxonomy":"post_tag","embeddable":true,"href":"https:\/\/fr.motocrossmag.be\/index.php\/wp-json\/wp\/v2\/tags?post=288"}],"curies":[{"name":"wp","href":"https:\/\/api.w.org\/{rel}","templated":true}]}}