{"id":29338,"date":"2015-01-11T22:27:44","date_gmt":"2015-01-11T21:27:44","guid":{"rendered":"http:\/\/fr.motocrossmag.be\/?p=29338"},"modified":"2015-01-11T22:27:44","modified_gmt":"2015-01-11T21:27:44","slug":"photos-le-salon-ampl-2015-a-bastogne","status":"publish","type":"post","link":"https:\/\/fr.motocrossmag.be\/index.php\/2015\/01\/photos-le-salon-ampl-2015-a-bastogne\/","title":{"rendered":"Photos: le salon AMPL 2015 \u00e0 Bastogne"},"content":{"rendered":"<p>Le traditionnel salon de la moto AMPL d&rsquo;avant-saison se tenait ces 10 et 11 janvier \u00e0 l&rsquo;Ath\u00e9n\u00e9e de Bastogne. Une organisation du club de Wardin qui a connu un beau succ\u00e8s de foule et au cours de laquelle plus de 400 pilotes sont venus retirer leur licence pour la saison 2015 de la f\u00e9d\u00e9ration de la province luxembourgeoise.<\/p>\n<p>Photos: Lo\u00efc Lassence<\/p><div class=\"ddivc6a96ef85827bb\" ><!-- \/91277017\/Inline-articles-mobile -->\n<div style=\"margin:auto; text-align:center !important\">\n<div id='div-gpt-ad-1784982661365-0' style='min-width: 250px; min-height: 75px;'>\n  <script>\n    googletag.cmd.push(function() { googletag.display('div-gpt-ad-1784982661365-0'); });\n  <\/script>\n<\/div><\/div><\/div><style type=\"text\/css\">\r\n.ddivc6a96ef85827bb {\r\nmargin-bottom:30px;margin-top:20px\r\n}\r\n@media screen and (min-width: 1201px) {\r\n.ddivc6a96ef85827bb {\r\ndisplay: block;\r\n}\r\n}\r\n@media screen and (min-width: 993px) and (max-width: 1200px) {\r\n.ddivc6a96ef85827bb {\r\ndisplay: block;\r\n}\r\n}\r\n@media screen and (min-width: 769px) and (max-width: 992px) {\r\n.ddivc6a96ef85827bb {\r\ndisplay: block;\r\n}\r\n}\r\n@media screen and (min-width: 768px) and (max-width: 768px) {\r\n.ddivc6a96ef85827bb {\r\ndisplay: block;\r\n}\r\n}\r\n@media screen and (max-width: 767px) {\r\n.ddivc6a96ef85827bb {\r\ndisplay: block;\r\n}\r\n}\r\n<\/style>\r\n\n<div id='gallery-1' class='gallery galleryid-29338 gallery-columns-3 gallery-size-thumbnail'><figure class='gallery-item'>\n\t\t\t<div class='gallery-icon landscape'>\n\t\t\t\t<a href='https:\/\/fr.motocrossmag.be\/index.php\/2015\/01\/photos-le-salon-ampl-2015-a-bastogne\/img_5749-copie\/'><img decoding=\"async\" width=\"150\" height=\"150\" src=\"https:\/\/fr.motocrossmag.be\/wp-content\/uploads\/2015\/01\/IMG_5749-copie-150x150.jpg\" class=\"attachment-thumbnail size-thumbnail\" alt=\"\" srcset=\"https:\/\/fr.motocrossmag.be\/wp-content\/uploads\/2015\/01\/IMG_5749-copie-150x150.jpg 150w, https:\/\/fr.motocrossmag.be\/wp-content\/uploads\/2015\/01\/IMG_5749-copie-50x50.jpg 50w\" sizes=\"(max-width: 150px) 100vw, 150px\" \/><\/a>\n\t\t\t<\/div><\/figure><figure class='gallery-item'>\n\t\t\t<div class='gallery-icon landscape'>\n\t\t\t\t<a href='https:\/\/fr.motocrossmag.be\/index.php\/2015\/01\/photos-le-salon-ampl-2015-a-bastogne\/img_5753-copie\/'><img decoding=\"async\" width=\"150\" height=\"150\" src=\"https:\/\/fr.motocrossmag.be\/wp-content\/uploads\/2015\/01\/IMG_5753-copie-150x150.jpg\" class=\"attachment-thumbnail size-thumbnail\" alt=\"\" srcset=\"https:\/\/fr.motocrossmag.be\/wp-content\/uploads\/2015\/01\/IMG_5753-copie-150x150.jpg 150w, https:\/\/fr.motocrossmag.be\/wp-content\/uploads\/2015\/01\/IMG_5753-copie-50x50.jpg 50w\" sizes=\"(max-width: 150px) 100vw, 150px\" \/><\/a>\n\t\t\t<\/div><\/figure><figure class='gallery-item'>\n\t\t\t<div class='gallery-icon landscape'>\n\t\t\t\t<a href='https:\/\/fr.motocrossmag.be\/index.php\/2015\/01\/photos-le-salon-ampl-2015-a-bastogne\/img_5756-copie\/'><img decoding=\"async\" width=\"150\" height=\"150\" src=\"https:\/\/fr.motocrossmag.be\/wp-content\/uploads\/2015\/01\/IMG_5756-copie-150x150.jpg\" class=\"attachment-thumbnail size-thumbnail\" alt=\"\" srcset=\"https:\/\/fr.motocrossmag.be\/wp-content\/uploads\/2015\/01\/IMG_5756-copie-150x150.jpg 150w, https:\/\/fr.motocrossmag.be\/wp-content\/uploads\/2015\/01\/IMG_5756-copie-50x50.jpg 50w\" sizes=\"(max-width: 150px) 100vw, 150px\" \/><\/a>\n\t\t\t<\/div><\/figure><figure class='gallery-item'>\n\t\t\t<div class='gallery-icon landscape'>\n\t\t\t\t<a href='https:\/\/fr.motocrossmag.be\/index.php\/2015\/01\/photos-le-salon-ampl-2015-a-bastogne\/img_5757-copie\/'><img decoding=\"async\" width=\"150\" height=\"150\" src=\"https:\/\/fr.motocrossmag.be\/wp-content\/uploads\/2015\/01\/IMG_5757-copie-150x150.jpg\" class=\"attachment-thumbnail size-thumbnail\" alt=\"\" srcset=\"https:\/\/fr.motocrossmag.be\/wp-content\/uploads\/2015\/01\/IMG_5757-copie-150x150.jpg 150w, https:\/\/fr.motocrossmag.be\/wp-content\/uploads\/2015\/01\/IMG_5757-copie-50x50.jpg 50w\" sizes=\"(max-width: 150px) 100vw, 150px\" \/><\/a>\n\t\t\t<\/div><\/figure><figure class='gallery-item'>\n\t\t\t<div class='gallery-icon landscape'>\n\t\t\t\t<a href='https:\/\/fr.motocrossmag.be\/index.php\/2015\/01\/photos-le-salon-ampl-2015-a-bastogne\/img_5759-copie\/'><img decoding=\"async\" width=\"150\" height=\"150\" src=\"https:\/\/fr.motocrossmag.be\/wp-content\/uploads\/2015\/01\/IMG_5759-copie-150x150.jpg\" class=\"attachment-thumbnail size-thumbnail\" alt=\"\" srcset=\"https:\/\/fr.motocrossmag.be\/wp-content\/uploads\/2015\/01\/IMG_5759-copie-150x150.jpg 150w, https:\/\/fr.motocrossmag.be\/wp-content\/uploads\/2015\/01\/IMG_5759-copie-50x50.jpg 50w\" sizes=\"(max-width: 150px) 100vw, 150px\" \/><\/a>\n\t\t\t<\/div><\/figure><figure class='gallery-item'>\n\t\t\t<div class='gallery-icon landscape'>\n\t\t\t\t<a href='https:\/\/fr.motocrossmag.be\/index.php\/2015\/01\/photos-le-salon-ampl-2015-a-bastogne\/img_5763-copie\/'><img decoding=\"async\" width=\"150\" height=\"150\" src=\"https:\/\/fr.motocrossmag.be\/wp-content\/uploads\/2015\/01\/IMG_5763-copie-150x150.jpg\" class=\"attachment-thumbnail size-thumbnail\" alt=\"\" srcset=\"https:\/\/fr.motocrossmag.be\/wp-content\/uploads\/2015\/01\/IMG_5763-copie-150x150.jpg 150w, https:\/\/fr.motocrossmag.be\/wp-content\/uploads\/2015\/01\/IMG_5763-copie-50x50.jpg 50w\" sizes=\"(max-width: 150px) 100vw, 150px\" \/><\/a>\n\t\t\t<\/div><\/figure><figure class='gallery-item'>\n\t\t\t<div class='gallery-icon landscape'>\n\t\t\t\t<a href='https:\/\/fr.motocrossmag.be\/index.php\/2015\/01\/photos-le-salon-ampl-2015-a-bastogne\/img_5765-copie\/'><img decoding=\"async\" width=\"150\" height=\"150\" src=\"https:\/\/fr.motocrossmag.be\/wp-content\/uploads\/2015\/01\/IMG_5765-copie-150x150.jpg\" class=\"attachment-thumbnail size-thumbnail\" alt=\"\" srcset=\"https:\/\/fr.motocrossmag.be\/wp-content\/uploads\/2015\/01\/IMG_5765-copie-150x150.jpg 150w, https:\/\/fr.motocrossmag.be\/wp-content\/uploads\/2015\/01\/IMG_5765-copie-50x50.jpg 50w\" sizes=\"(max-width: 150px) 100vw, 150px\" \/><\/a>\n\t\t\t<\/div><\/figure><figure class='gallery-item'>\n\t\t\t<div class='gallery-icon landscape'>\n\t\t\t\t<a href='https:\/\/fr.motocrossmag.be\/index.php\/2015\/01\/photos-le-salon-ampl-2015-a-bastogne\/img_5766-copie\/'><img decoding=\"async\" width=\"150\" height=\"150\" src=\"https:\/\/fr.motocrossmag.be\/wp-content\/uploads\/2015\/01\/IMG_5766-copie-150x150.jpg\" class=\"attachment-thumbnail size-thumbnail\" alt=\"\" srcset=\"https:\/\/fr.motocrossmag.be\/wp-content\/uploads\/2015\/01\/IMG_5766-copie-150x150.jpg 150w, https:\/\/fr.motocrossmag.be\/wp-content\/uploads\/2015\/01\/IMG_5766-copie-50x50.jpg 50w\" sizes=\"(max-width: 150px) 100vw, 150px\" \/><\/a>\n\t\t\t<\/div><\/figure><figure class='gallery-item'>\n\t\t\t<div class='gallery-icon landscape'>\n\t\t\t\t<a href='https:\/\/fr.motocrossmag.be\/index.php\/2015\/01\/photos-le-salon-ampl-2015-a-bastogne\/img_5767-copie\/'><img decoding=\"async\" width=\"150\" height=\"150\" src=\"https:\/\/fr.motocrossmag.be\/wp-content\/uploads\/2015\/01\/IMG_5767-copie-150x150.jpg\" class=\"attachment-thumbnail size-thumbnail\" alt=\"\" srcset=\"https:\/\/fr.motocrossmag.be\/wp-content\/uploads\/2015\/01\/IMG_5767-copie-150x150.jpg 150w, https:\/\/fr.motocrossmag.be\/wp-content\/uploads\/2015\/01\/IMG_5767-copie-50x50.jpg 50w\" sizes=\"(max-width: 150px) 100vw, 150px\" \/><\/a>\n\t\t\t<\/div><\/figure><figure class='gallery-item'>\n\t\t\t<div class='gallery-icon landscape'>\n\t\t\t\t<a href='https:\/\/fr.motocrossmag.be\/index.php\/2015\/01\/photos-le-salon-ampl-2015-a-bastogne\/img_5768-copie\/'><img decoding=\"async\" width=\"150\" height=\"150\" src=\"https:\/\/fr.motocrossmag.be\/wp-content\/uploads\/2015\/01\/IMG_5768-copie-150x150.jpg\" class=\"attachment-thumbnail size-thumbnail\" alt=\"\" srcset=\"https:\/\/fr.motocrossmag.be\/wp-content\/uploads\/2015\/01\/IMG_5768-copie-150x150.jpg 150w, https:\/\/fr.motocrossmag.be\/wp-content\/uploads\/2015\/01\/IMG_5768-copie-50x50.jpg 50w\" sizes=\"(max-width: 150px) 100vw, 150px\" \/><\/a>\n\t\t\t<\/div><\/figure><figure class='gallery-item'>\n\t\t\t<div class='gallery-icon landscape'>\n\t\t\t\t<a href='https:\/\/fr.motocrossmag.be\/index.php\/2015\/01\/photos-le-salon-ampl-2015-a-bastogne\/img_5771-copie\/'><img decoding=\"async\" width=\"150\" height=\"150\" src=\"https:\/\/fr.motocrossmag.be\/wp-content\/uploads\/2015\/01\/IMG_5771-copie-150x150.jpg\" class=\"attachment-thumbnail size-thumbnail\" alt=\"\" srcset=\"https:\/\/fr.motocrossmag.be\/wp-content\/uploads\/2015\/01\/IMG_5771-copie-150x150.jpg 150w, https:\/\/fr.motocrossmag.be\/wp-content\/uploads\/2015\/01\/IMG_5771-copie-50x50.jpg 50w\" sizes=\"(max-width: 150px) 100vw, 150px\" \/><\/a>\n\t\t\t<\/div><\/figure><figure class='gallery-item'>\n\t\t\t<div class='gallery-icon landscape'>\n\t\t\t\t<a href='https:\/\/fr.motocrossmag.be\/index.php\/2015\/01\/photos-le-salon-ampl-2015-a-bastogne\/img_5772-copie\/'><img decoding=\"async\" width=\"150\" height=\"150\" src=\"https:\/\/fr.motocrossmag.be\/wp-content\/uploads\/2015\/01\/IMG_5772-copie-150x150.jpg\" class=\"attachment-thumbnail size-thumbnail\" alt=\"\" srcset=\"https:\/\/fr.motocrossmag.be\/wp-content\/uploads\/2015\/01\/IMG_5772-copie-150x150.jpg 150w, https:\/\/fr.motocrossmag.be\/wp-content\/uploads\/2015\/01\/IMG_5772-copie-50x50.jpg 50w\" sizes=\"(max-width: 150px) 100vw, 150px\" \/><\/a>\n\t\t\t<\/div><\/figure><figure class='gallery-item'>\n\t\t\t<div class='gallery-icon landscape'>\n\t\t\t\t<a href='https:\/\/fr.motocrossmag.be\/index.php\/2015\/01\/photos-le-salon-ampl-2015-a-bastogne\/img_5781-copie\/'><img decoding=\"async\" width=\"150\" height=\"150\" src=\"https:\/\/fr.motocrossmag.be\/wp-content\/uploads\/2015\/01\/IMG_5781-copie-150x150.jpg\" class=\"attachment-thumbnail size-thumbnail\" alt=\"\" srcset=\"https:\/\/fr.motocrossmag.be\/wp-content\/uploads\/2015\/01\/IMG_5781-copie-150x150.jpg 150w, https:\/\/fr.motocrossmag.be\/wp-content\/uploads\/2015\/01\/IMG_5781-copie-50x50.jpg 50w\" sizes=\"(max-width: 150px) 100vw, 150px\" \/><\/a>\n\t\t\t<\/div><\/figure><figure class='gallery-item'>\n\t\t\t<div class='gallery-icon landscape'>\n\t\t\t\t<a href='https:\/\/fr.motocrossmag.be\/index.php\/2015\/01\/photos-le-salon-ampl-2015-a-bastogne\/img_5785-copie\/'><img decoding=\"async\" width=\"150\" height=\"150\" src=\"https:\/\/fr.motocrossmag.be\/wp-content\/uploads\/2015\/01\/IMG_5785-copie-150x150.jpg\" class=\"attachment-thumbnail size-thumbnail\" alt=\"\" srcset=\"https:\/\/fr.motocrossmag.be\/wp-content\/uploads\/2015\/01\/IMG_5785-copie-150x150.jpg 150w, https:\/\/fr.motocrossmag.be\/wp-content\/uploads\/2015\/01\/IMG_5785-copie-50x50.jpg 50w\" sizes=\"(max-width: 150px) 100vw, 150px\" \/><\/a>\n\t\t\t<\/div><\/figure><figure class='gallery-item'>\n\t\t\t<div class='gallery-icon landscape'>\n\t\t\t\t<a href='https:\/\/fr.motocrossmag.be\/index.php\/2015\/01\/photos-le-salon-ampl-2015-a-bastogne\/img_5787-copie\/'><img decoding=\"async\" width=\"150\" height=\"150\" src=\"https:\/\/fr.motocrossmag.be\/wp-content\/uploads\/2015\/01\/IMG_5787-copie-150x150.jpg\" class=\"attachment-thumbnail size-thumbnail\" alt=\"\" srcset=\"https:\/\/fr.motocrossmag.be\/wp-content\/uploads\/2015\/01\/IMG_5787-copie-150x150.jpg 150w, https:\/\/fr.motocrossmag.be\/wp-content\/uploads\/2015\/01\/IMG_5787-copie-50x50.jpg 50w\" sizes=\"(max-width: 150px) 100vw, 150px\" \/><\/a>\n\t\t\t<\/div><\/figure><figure class='gallery-item'>\n\t\t\t<div class='gallery-icon landscape'>\n\t\t\t\t<a href='https:\/\/fr.motocrossmag.be\/index.php\/2015\/01\/photos-le-salon-ampl-2015-a-bastogne\/img_5790-copie\/'><img decoding=\"async\" width=\"150\" height=\"150\" src=\"https:\/\/fr.motocrossmag.be\/wp-content\/uploads\/2015\/01\/IMG_5790-copie-150x150.jpg\" class=\"attachment-thumbnail size-thumbnail\" alt=\"\" srcset=\"https:\/\/fr.motocrossmag.be\/wp-content\/uploads\/2015\/01\/IMG_5790-copie-150x150.jpg 150w, https:\/\/fr.motocrossmag.be\/wp-content\/uploads\/2015\/01\/IMG_5790-copie-50x50.jpg 50w\" sizes=\"(max-width: 150px) 100vw, 150px\" \/><\/a>\n\t\t\t<\/div><\/figure><figure class='gallery-item'>\n\t\t\t<div class='gallery-icon landscape'>\n\t\t\t\t<a href='https:\/\/fr.motocrossmag.be\/index.php\/2015\/01\/photos-le-salon-ampl-2015-a-bastogne\/img_5791-copie\/'><img decoding=\"async\" width=\"150\" height=\"150\" src=\"https:\/\/fr.motocrossmag.be\/wp-content\/uploads\/2015\/01\/IMG_5791-copie-150x150.jpg\" class=\"attachment-thumbnail size-thumbnail\" alt=\"\" srcset=\"https:\/\/fr.motocrossmag.be\/wp-content\/uploads\/2015\/01\/IMG_5791-copie-150x150.jpg 150w, https:\/\/fr.motocrossmag.be\/wp-content\/uploads\/2015\/01\/IMG_5791-copie-50x50.jpg 50w\" sizes=\"(max-width: 150px) 100vw, 150px\" \/><\/a>\n\t\t\t<\/div><\/figure><figure class='gallery-item'>\n\t\t\t<div class='gallery-icon landscape'>\n\t\t\t\t<a href='https:\/\/fr.motocrossmag.be\/index.php\/2015\/01\/photos-le-salon-ampl-2015-a-bastogne\/img_5793-copie\/'><img decoding=\"async\" width=\"150\" height=\"150\" src=\"https:\/\/fr.motocrossmag.be\/wp-content\/uploads\/2015\/01\/IMG_5793-copie-150x150.jpg\" class=\"attachment-thumbnail size-thumbnail\" alt=\"\" srcset=\"https:\/\/fr.motocrossmag.be\/wp-content\/uploads\/2015\/01\/IMG_5793-copie-150x150.jpg 150w, https:\/\/fr.motocrossmag.be\/wp-content\/uploads\/2015\/01\/IMG_5793-copie-50x50.jpg 50w\" sizes=\"(max-width: 150px) 100vw, 150px\" \/><\/a>\n\t\t\t<\/div><\/figure><figure class='gallery-item'>\n\t\t\t<div class='gallery-icon landscape'>\n\t\t\t\t<a href='https:\/\/fr.motocrossmag.be\/index.php\/2015\/01\/photos-le-salon-ampl-2015-a-bastogne\/img_5796-copie\/'><img decoding=\"async\" width=\"150\" height=\"150\" src=\"https:\/\/fr.motocrossmag.be\/wp-content\/uploads\/2015\/01\/IMG_5796-copie-150x150.jpg\" class=\"attachment-thumbnail size-thumbnail\" alt=\"\" srcset=\"https:\/\/fr.motocrossmag.be\/wp-content\/uploads\/2015\/01\/IMG_5796-copie-150x150.jpg 150w, https:\/\/fr.motocrossmag.be\/wp-content\/uploads\/2015\/01\/IMG_5796-copie-50x50.jpg 50w\" sizes=\"(max-width: 150px) 100vw, 150px\" \/><\/a>\n\t\t\t<\/div><\/figure><figure class='gallery-item'>\n\t\t\t<div class='gallery-icon landscape'>\n\t\t\t\t<a href='https:\/\/fr.motocrossmag.be\/index.php\/2015\/01\/photos-le-salon-ampl-2015-a-bastogne\/img_5799-copie\/'><img decoding=\"async\" width=\"150\" height=\"150\" src=\"https:\/\/fr.motocrossmag.be\/wp-content\/uploads\/2015\/01\/IMG_5799-copie-150x150.jpg\" class=\"attachment-thumbnail size-thumbnail\" alt=\"\" srcset=\"https:\/\/fr.motocrossmag.be\/wp-content\/uploads\/2015\/01\/IMG_5799-copie-150x150.jpg 150w, https:\/\/fr.motocrossmag.be\/wp-content\/uploads\/2015\/01\/IMG_5799-copie-50x50.jpg 50w\" sizes=\"(max-width: 150px) 100vw, 150px\" \/><\/a>\n\t\t\t<\/div><\/figure><figure class='gallery-item'>\n\t\t\t<div class='gallery-icon landscape'>\n\t\t\t\t<a href='https:\/\/fr.motocrossmag.be\/index.php\/2015\/01\/photos-le-salon-ampl-2015-a-bastogne\/img_5800-copie\/'><img decoding=\"async\" width=\"150\" height=\"150\" src=\"https:\/\/fr.motocrossmag.be\/wp-content\/uploads\/2015\/01\/IMG_5800-copie-150x150.jpg\" class=\"attachment-thumbnail size-thumbnail\" alt=\"\" srcset=\"https:\/\/fr.motocrossmag.be\/wp-content\/uploads\/2015\/01\/IMG_5800-copie-150x150.jpg 150w, https:\/\/fr.motocrossmag.be\/wp-content\/uploads\/2015\/01\/IMG_5800-copie-50x50.jpg 50w\" sizes=\"(max-width: 150px) 100vw, 150px\" \/><\/a>\n\t\t\t<\/div><\/figure><figure class='gallery-item'>\n\t\t\t<div class='gallery-icon landscape'>\n\t\t\t\t<a href='https:\/\/fr.motocrossmag.be\/index.php\/2015\/01\/photos-le-salon-ampl-2015-a-bastogne\/img_5804-copie\/'><img decoding=\"async\" width=\"150\" height=\"150\" src=\"https:\/\/fr.motocrossmag.be\/wp-content\/uploads\/2015\/01\/IMG_5804-copie-150x150.jpg\" class=\"attachment-thumbnail size-thumbnail\" alt=\"\" srcset=\"https:\/\/fr.motocrossmag.be\/wp-content\/uploads\/2015\/01\/IMG_5804-copie-150x150.jpg 150w, https:\/\/fr.motocrossmag.be\/wp-content\/uploads\/2015\/01\/IMG_5804-copie-50x50.jpg 50w\" sizes=\"(max-width: 150px) 100vw, 150px\" \/><\/a>\n\t\t\t<\/div><\/figure><figure class='gallery-item'>\n\t\t\t<div class='gallery-icon landscape'>\n\t\t\t\t<a href='https:\/\/fr.motocrossmag.be\/index.php\/2015\/01\/photos-le-salon-ampl-2015-a-bastogne\/img_5812-copie\/'><img decoding=\"async\" width=\"150\" height=\"150\" src=\"https:\/\/fr.motocrossmag.be\/wp-content\/uploads\/2015\/01\/IMG_5812-copie-150x150.jpg\" class=\"attachment-thumbnail size-thumbnail\" alt=\"\" srcset=\"https:\/\/fr.motocrossmag.be\/wp-content\/uploads\/2015\/01\/IMG_5812-copie-150x150.jpg 150w, https:\/\/fr.motocrossmag.be\/wp-content\/uploads\/2015\/01\/IMG_5812-copie-50x50.jpg 50w\" sizes=\"(max-width: 150px) 100vw, 150px\" \/><\/a>\n\t\t\t<\/div><\/figure><figure class='gallery-item'>\n\t\t\t<div class='gallery-icon landscape'>\n\t\t\t\t<a href='https:\/\/fr.motocrossmag.be\/index.php\/2015\/01\/photos-le-salon-ampl-2015-a-bastogne\/img_5814-copie\/'><img decoding=\"async\" width=\"150\" height=\"150\" src=\"https:\/\/fr.motocrossmag.be\/wp-content\/uploads\/2015\/01\/IMG_5814-copie-150x150.jpg\" class=\"attachment-thumbnail size-thumbnail\" alt=\"\" srcset=\"https:\/\/fr.motocrossmag.be\/wp-content\/uploads\/2015\/01\/IMG_5814-copie-150x150.jpg 150w, https:\/\/fr.motocrossmag.be\/wp-content\/uploads\/2015\/01\/IMG_5814-copie-50x50.jpg 50w\" sizes=\"(max-width: 150px) 100vw, 150px\" \/><\/a>\n\t\t\t<\/div><\/figure><figure class='gallery-item'>\n\t\t\t<div class='gallery-icon landscape'>\n\t\t\t\t<a href='https:\/\/fr.motocrossmag.be\/index.php\/2015\/01\/photos-le-salon-ampl-2015-a-bastogne\/img_5815-copie\/'><img decoding=\"async\" width=\"150\" height=\"150\" src=\"https:\/\/fr.motocrossmag.be\/wp-content\/uploads\/2015\/01\/IMG_5815-copie-150x150.jpg\" class=\"attachment-thumbnail size-thumbnail\" alt=\"\" srcset=\"https:\/\/fr.motocrossmag.be\/wp-content\/uploads\/2015\/01\/IMG_5815-copie-150x150.jpg 150w, https:\/\/fr.motocrossmag.be\/wp-content\/uploads\/2015\/01\/IMG_5815-copie-50x50.jpg 50w\" sizes=\"(max-width: 150px) 100vw, 150px\" \/><\/a>\n\t\t\t<\/div><\/figure><figure class='gallery-item'>\n\t\t\t<div class='gallery-icon landscape'>\n\t\t\t\t<a href='https:\/\/fr.motocrossmag.be\/index.php\/2015\/01\/photos-le-salon-ampl-2015-a-bastogne\/img_5818-copie\/'><img decoding=\"async\" width=\"150\" height=\"150\" src=\"https:\/\/fr.motocrossmag.be\/wp-content\/uploads\/2015\/01\/IMG_5818-copie-150x150.jpg\" class=\"attachment-thumbnail size-thumbnail\" alt=\"\" srcset=\"https:\/\/fr.motocrossmag.be\/wp-content\/uploads\/2015\/01\/IMG_5818-copie-150x150.jpg 150w, https:\/\/fr.motocrossmag.be\/wp-content\/uploads\/2015\/01\/IMG_5818-copie-50x50.jpg 50w\" sizes=\"(max-width: 150px) 100vw, 150px\" \/><\/a>\n\t\t\t<\/div><\/figure><figure class='gallery-item'>\n\t\t\t<div class='gallery-icon landscape'>\n\t\t\t\t<a href='https:\/\/fr.motocrossmag.be\/index.php\/2015\/01\/photos-le-salon-ampl-2015-a-bastogne\/img_5819-copie\/'><img decoding=\"async\" width=\"150\" height=\"150\" src=\"https:\/\/fr.motocrossmag.be\/wp-content\/uploads\/2015\/01\/IMG_5819-copie-150x150.jpg\" class=\"attachment-thumbnail size-thumbnail\" alt=\"\" srcset=\"https:\/\/fr.motocrossmag.be\/wp-content\/uploads\/2015\/01\/IMG_5819-copie-150x150.jpg 150w, https:\/\/fr.motocrossmag.be\/wp-content\/uploads\/2015\/01\/IMG_5819-copie-50x50.jpg 50w\" sizes=\"(max-width: 150px) 100vw, 150px\" \/><\/a>\n\t\t\t<\/div><\/figure><figure class='gallery-item'>\n\t\t\t<div class='gallery-icon landscape'>\n\t\t\t\t<a href='https:\/\/fr.motocrossmag.be\/index.php\/2015\/01\/photos-le-salon-ampl-2015-a-bastogne\/img_5824-copie\/'><img decoding=\"async\" width=\"150\" height=\"150\" src=\"https:\/\/fr.motocrossmag.be\/wp-content\/uploads\/2015\/01\/IMG_5824-copie-150x150.jpg\" class=\"attachment-thumbnail size-thumbnail\" alt=\"\" srcset=\"https:\/\/fr.motocrossmag.be\/wp-content\/uploads\/2015\/01\/IMG_5824-copie-150x150.jpg 150w, https:\/\/fr.motocrossmag.be\/wp-content\/uploads\/2015\/01\/IMG_5824-copie-50x50.jpg 50w\" sizes=\"(max-width: 150px) 100vw, 150px\" \/><\/a>\n\t\t\t<\/div><\/figure><figure class='gallery-item'>\n\t\t\t<div class='gallery-icon landscape'>\n\t\t\t\t<a href='https:\/\/fr.motocrossmag.be\/index.php\/2015\/01\/photos-le-salon-ampl-2015-a-bastogne\/img_5832-copie\/'><img decoding=\"async\" width=\"150\" height=\"150\" src=\"https:\/\/fr.motocrossmag.be\/wp-content\/uploads\/2015\/01\/IMG_5832-copie-150x150.jpg\" class=\"attachment-thumbnail size-thumbnail\" alt=\"\" srcset=\"https:\/\/fr.motocrossmag.be\/wp-content\/uploads\/2015\/01\/IMG_5832-copie-150x150.jpg 150w, https:\/\/fr.motocrossmag.be\/wp-content\/uploads\/2015\/01\/IMG_5832-copie-50x50.jpg 50w\" sizes=\"(max-width: 150px) 100vw, 150px\" \/><\/a>\n\t\t\t<\/div><\/figure><figure class='gallery-item'>\n\t\t\t<div class='gallery-icon landscape'>\n\t\t\t\t<a href='https:\/\/fr.motocrossmag.be\/index.php\/2015\/01\/photos-le-salon-ampl-2015-a-bastogne\/img_5834-copie\/'><img decoding=\"async\" width=\"150\" height=\"150\" src=\"https:\/\/fr.motocrossmag.be\/wp-content\/uploads\/2015\/01\/IMG_5834-copie-150x150.jpg\" class=\"attachment-thumbnail size-thumbnail\" alt=\"\" srcset=\"https:\/\/fr.motocrossmag.be\/wp-content\/uploads\/2015\/01\/IMG_5834-copie-150x150.jpg 150w, https:\/\/fr.motocrossmag.be\/wp-content\/uploads\/2015\/01\/IMG_5834-copie-50x50.jpg 50w\" sizes=\"(max-width: 150px) 100vw, 150px\" \/><\/a>\n\t\t\t<\/div><\/figure><figure class='gallery-item'>\n\t\t\t<div class='gallery-icon landscape'>\n\t\t\t\t<a href='https:\/\/fr.motocrossmag.be\/index.php\/2015\/01\/photos-le-salon-ampl-2015-a-bastogne\/img_5844-copie\/'><img decoding=\"async\" width=\"150\" height=\"150\" src=\"https:\/\/fr.motocrossmag.be\/wp-content\/uploads\/2015\/01\/IMG_5844-copie-150x150.jpg\" class=\"attachment-thumbnail size-thumbnail\" alt=\"\" srcset=\"https:\/\/fr.motocrossmag.be\/wp-content\/uploads\/2015\/01\/IMG_5844-copie-150x150.jpg 150w, https:\/\/fr.motocrossmag.be\/wp-content\/uploads\/2015\/01\/IMG_5844-copie-50x50.jpg 50w\" sizes=\"(max-width: 150px) 100vw, 150px\" \/><\/a>\n\t\t\t<\/div><\/figure><figure class='gallery-item'>\n\t\t\t<div class='gallery-icon landscape'>\n\t\t\t\t<a href='https:\/\/fr.motocrossmag.be\/index.php\/2015\/01\/photos-le-salon-ampl-2015-a-bastogne\/img_5850-copie\/'><img decoding=\"async\" width=\"150\" height=\"150\" src=\"https:\/\/fr.motocrossmag.be\/wp-content\/uploads\/2015\/01\/IMG_5850-copie-150x150.jpg\" class=\"attachment-thumbnail size-thumbnail\" alt=\"\" srcset=\"https:\/\/fr.motocrossmag.be\/wp-content\/uploads\/2015\/01\/IMG_5850-copie-150x150.jpg 150w, https:\/\/fr.motocrossmag.be\/wp-content\/uploads\/2015\/01\/IMG_5850-copie-50x50.jpg 50w\" sizes=\"(max-width: 150px) 100vw, 150px\" \/><\/a>\n\t\t\t<\/div><\/figure><figure class='gallery-item'>\n\t\t\t<div class='gallery-icon landscape'>\n\t\t\t\t<a href='https:\/\/fr.motocrossmag.be\/index.php\/2015\/01\/photos-le-salon-ampl-2015-a-bastogne\/img_5854-copie\/'><img decoding=\"async\" width=\"150\" height=\"150\" src=\"https:\/\/fr.motocrossmag.be\/wp-content\/uploads\/2015\/01\/IMG_5854-copie-150x150.jpg\" class=\"attachment-thumbnail size-thumbnail\" alt=\"\" srcset=\"https:\/\/fr.motocrossmag.be\/wp-content\/uploads\/2015\/01\/IMG_5854-copie-150x150.jpg 150w, https:\/\/fr.motocrossmag.be\/wp-content\/uploads\/2015\/01\/IMG_5854-copie-50x50.jpg 50w\" sizes=\"(max-width: 150px) 100vw, 150px\" \/><\/a>\n\t\t\t<\/div><\/figure><figure class='gallery-item'>\n\t\t\t<div class='gallery-icon landscape'>\n\t\t\t\t<a href='https:\/\/fr.motocrossmag.be\/index.php\/2015\/01\/photos-le-salon-ampl-2015-a-bastogne\/img_5856-copie\/'><img decoding=\"async\" width=\"150\" height=\"150\" src=\"https:\/\/fr.motocrossmag.be\/wp-content\/uploads\/2015\/01\/IMG_5856-copie-150x150.jpg\" class=\"attachment-thumbnail size-thumbnail\" alt=\"\" srcset=\"https:\/\/fr.motocrossmag.be\/wp-content\/uploads\/2015\/01\/IMG_5856-copie-150x150.jpg 150w, https:\/\/fr.motocrossmag.be\/wp-content\/uploads\/2015\/01\/IMG_5856-copie-50x50.jpg 50w\" sizes=\"(max-width: 150px) 100vw, 150px\" \/><\/a>\n\t\t\t<\/div><\/figure><figure class='gallery-item'>\n\t\t\t<div class='gallery-icon landscape'>\n\t\t\t\t<a href='https:\/\/fr.motocrossmag.be\/index.php\/2015\/01\/photos-le-salon-ampl-2015-a-bastogne\/img_5857-copie\/'><img decoding=\"async\" width=\"150\" height=\"150\" src=\"https:\/\/fr.motocrossmag.be\/wp-content\/uploads\/2015\/01\/IMG_5857-copie-150x150.jpg\" class=\"attachment-thumbnail size-thumbnail\" alt=\"\" srcset=\"https:\/\/fr.motocrossmag.be\/wp-content\/uploads\/2015\/01\/IMG_5857-copie-150x150.jpg 150w, https:\/\/fr.motocrossmag.be\/wp-content\/uploads\/2015\/01\/IMG_5857-copie-50x50.jpg 50w\" sizes=\"(max-width: 150px) 100vw, 150px\" \/><\/a>\n\t\t\t<\/div><\/figure>\n\t\t<\/div>\n\n","protected":false},"excerpt":{"rendered":"<p>Le traditionnel salon de la moto AMPL d&rsquo;avant-saison se tenait ces 10 et 11 janvier \u00e0 l&rsquo;Ath\u00e9n\u00e9e de Bastogne. Une organisation du club de Wardin qui a connu un beau succ\u00e8s de foule et au cours de laquelle plus de 400 pilotes sont venus retirer leur licence pour la saison 2015 de la f\u00e9d\u00e9ration de [&hellip;]<\/p>\n","protected":false},"author":932,"featured_media":29363,"comment_status":"open","ping_status":"closed","sticky":false,"template":"","format":"standard","meta":{"tdm_status":"","tdm_grid_status":"","footnotes":""},"categories":[54,745,30,4,5,55,66,65],"tags":[],"class_list":["post-29338","post","type-post","status-publish","format-standard","has-post-thumbnail","category-actualite","category-amateurs","category-ampl","category-motocross","category-news","category-news-actualite","category-photos","category-slideshow"],"yoast_head":"<!-- This site is optimized with the Yoast SEO plugin v28.3 - https:\/\/yoast.com\/product\/yoast-seo-wordpress\/ -->\n<title>Photos: le salon AMPL 2015 \u00e0 Bastogne - Motocross - Enduro - Supermoto | MotocrossMag<\/title>\n<meta name=\"robots\" content=\"index, follow, max-snippet:-1, max-image-preview:large, max-video-preview:-1\" \/>\n<link rel=\"canonical\" href=\"https:\/\/fr.motocrossmag.be\/index.php\/2015\/01\/photos-le-salon-ampl-2015-a-bastogne\/\" \/>\n<meta property=\"og:locale\" content=\"fr_FR\" \/>\n<meta property=\"og:type\" content=\"article\" \/>\n<meta property=\"og:title\" content=\"Photos: le salon AMPL 2015 \u00e0 Bastogne - Motocross - Enduro - Supermoto | MotocrossMag\" \/>\n<meta property=\"og:description\" content=\"Le traditionnel salon de la moto AMPL d&rsquo;avant-saison se tenait ces 10 et 11 janvier \u00e0 l&rsquo;Ath\u00e9n\u00e9e de Bastogne. Une organisation du club de Wardin qui a connu un beau succ\u00e8s de foule et au cours de laquelle plus de 400 pilotes sont venus retirer leur licence pour la saison 2015 de la f\u00e9d\u00e9ration de [&hellip;]\" \/>\n<meta property=\"og:url\" content=\"https:\/\/fr.motocrossmag.be\/index.php\/2015\/01\/photos-le-salon-ampl-2015-a-bastogne\/\" \/>\n<meta property=\"og:site_name\" content=\"Motocross - Enduro - Supermoto | MotocrossMag\" \/>\n<meta property=\"article:published_time\" content=\"2015-01-11T21:27:44+00:00\" \/>\n<meta property=\"og:image\" content=\"https:\/\/fr.motocrossmag.be\/wp-content\/uploads\/2015\/01\/IMG_5815-copie.jpg\" \/>\n\t<meta property=\"og:image:width\" content=\"900\" \/>\n\t<meta property=\"og:image:height\" content=\"600\" \/>\n\t<meta property=\"og:image:type\" content=\"image\/jpeg\" \/>\n<meta name=\"author\" content=\"oliviere\" \/>\n<meta name=\"twitter:card\" content=\"summary_large_image\" \/>\n<meta name=\"twitter:label1\" content=\"\u00c9crit par\" \/>\n\t<meta name=\"twitter:data1\" content=\"oliviere\" \/>\n<script type=\"application\/ld+json\" class=\"yoast-schema-graph\">{\"@context\":\"https:\\\/\\\/schema.org\",\"@graph\":[{\"@type\":\"Article\",\"@id\":\"https:\\\/\\\/fr.motocrossmag.be\\\/index.php\\\/2015\\\/01\\\/photos-le-salon-ampl-2015-a-bastogne\\\/#article\",\"isPartOf\":{\"@id\":\"https:\\\/\\\/fr.motocrossmag.be\\\/index.php\\\/2015\\\/01\\\/photos-le-salon-ampl-2015-a-bastogne\\\/\"},\"author\":{\"name\":\"oliviere\",\"@id\":\"https:\\\/\\\/fr.motocrossmag.be\\\/#\\\/schema\\\/person\\\/11b47143d9f755babca2c9110e03235c\"},\"headline\":\"Photos: le salon AMPL 2015 \u00e0 Bastogne\",\"datePublished\":\"2015-01-11T21:27:44+00:00\",\"mainEntityOfPage\":{\"@id\":\"https:\\\/\\\/fr.motocrossmag.be\\\/index.php\\\/2015\\\/01\\\/photos-le-salon-ampl-2015-a-bastogne\\\/\"},\"wordCount\":71,\"commentCount\":0,\"image\":{\"@id\":\"https:\\\/\\\/fr.motocrossmag.be\\\/index.php\\\/2015\\\/01\\\/photos-le-salon-ampl-2015-a-bastogne\\\/#primaryimage\"},\"thumbnailUrl\":\"https:\\\/\\\/fr.motocrossmag.be\\\/wp-content\\\/uploads\\\/2015\\\/01\\\/IMG_5815-copie.jpg\",\"articleSection\":[\"Actualit\u00e9\",\"Amateurs\",\"AMPL\",\"Motocross\",\"News\",\"News\",\"Photos\",\"Slideshow\"],\"inLanguage\":\"fr-FR\",\"potentialAction\":[{\"@type\":\"CommentAction\",\"name\":\"Comment\",\"target\":[\"https:\\\/\\\/fr.motocrossmag.be\\\/index.php\\\/2015\\\/01\\\/photos-le-salon-ampl-2015-a-bastogne\\\/#respond\"]}]},{\"@type\":\"WebPage\",\"@id\":\"https:\\\/\\\/fr.motocrossmag.be\\\/index.php\\\/2015\\\/01\\\/photos-le-salon-ampl-2015-a-bastogne\\\/\",\"url\":\"https:\\\/\\\/fr.motocrossmag.be\\\/index.php\\\/2015\\\/01\\\/photos-le-salon-ampl-2015-a-bastogne\\\/\",\"name\":\"Photos: le salon AMPL 2015 \u00e0 Bastogne - Motocross - Enduro - Supermoto | MotocrossMag\",\"isPartOf\":{\"@id\":\"https:\\\/\\\/fr.motocrossmag.be\\\/#website\"},\"primaryImageOfPage\":{\"@id\":\"https:\\\/\\\/fr.motocrossmag.be\\\/index.php\\\/2015\\\/01\\\/photos-le-salon-ampl-2015-a-bastogne\\\/#primaryimage\"},\"image\":{\"@id\":\"https:\\\/\\\/fr.motocrossmag.be\\\/index.php\\\/2015\\\/01\\\/photos-le-salon-ampl-2015-a-bastogne\\\/#primaryimage\"},\"thumbnailUrl\":\"https:\\\/\\\/fr.motocrossmag.be\\\/wp-content\\\/uploads\\\/2015\\\/01\\\/IMG_5815-copie.jpg\",\"datePublished\":\"2015-01-11T21:27:44+00:00\",\"author\":{\"@id\":\"https:\\\/\\\/fr.motocrossmag.be\\\/#\\\/schema\\\/person\\\/11b47143d9f755babca2c9110e03235c\"},\"breadcrumb\":{\"@id\":\"https:\\\/\\\/fr.motocrossmag.be\\\/index.php\\\/2015\\\/01\\\/photos-le-salon-ampl-2015-a-bastogne\\\/#breadcrumb\"},\"inLanguage\":\"fr-FR\",\"potentialAction\":[{\"@type\":\"ReadAction\",\"target\":[\"https:\\\/\\\/fr.motocrossmag.be\\\/index.php\\\/2015\\\/01\\\/photos-le-salon-ampl-2015-a-bastogne\\\/\"]}]},{\"@type\":\"ImageObject\",\"inLanguage\":\"fr-FR\",\"@id\":\"https:\\\/\\\/fr.motocrossmag.be\\\/index.php\\\/2015\\\/01\\\/photos-le-salon-ampl-2015-a-bastogne\\\/#primaryimage\",\"url\":\"https:\\\/\\\/fr.motocrossmag.be\\\/wp-content\\\/uploads\\\/2015\\\/01\\\/IMG_5815-copie.jpg\",\"contentUrl\":\"https:\\\/\\\/fr.motocrossmag.be\\\/wp-content\\\/uploads\\\/2015\\\/01\\\/IMG_5815-copie.jpg\",\"width\":900,\"height\":600},{\"@type\":\"BreadcrumbList\",\"@id\":\"https:\\\/\\\/fr.motocrossmag.be\\\/index.php\\\/2015\\\/01\\\/photos-le-salon-ampl-2015-a-bastogne\\\/#breadcrumb\",\"itemListElement\":[{\"@type\":\"ListItem\",\"position\":1,\"name\":\"Accueil\",\"item\":\"https:\\\/\\\/fr.motocrossmag.be\\\/\"},{\"@type\":\"ListItem\",\"position\":2,\"name\":\"Photos: le salon AMPL 2015 \u00e0 Bastogne\"}]},{\"@type\":\"WebSite\",\"@id\":\"https:\\\/\\\/fr.motocrossmag.be\\\/#website\",\"url\":\"https:\\\/\\\/fr.motocrossmag.be\\\/\",\"name\":\"Motocross - Enduro - Supermoto | MotocrossMag\",\"description\":\"L&#039;actualit\u00e9 du motocross, de l&#039;enduro et du Supermoto en ligne!\",\"potentialAction\":[{\"@type\":\"SearchAction\",\"target\":{\"@type\":\"EntryPoint\",\"urlTemplate\":\"https:\\\/\\\/fr.motocrossmag.be\\\/?s={search_term_string}\"},\"query-input\":{\"@type\":\"PropertyValueSpecification\",\"valueRequired\":true,\"valueName\":\"search_term_string\"}}],\"inLanguage\":\"fr-FR\"},{\"@type\":\"Person\",\"@id\":\"https:\\\/\\\/fr.motocrossmag.be\\\/#\\\/schema\\\/person\\\/11b47143d9f755babca2c9110e03235c\",\"name\":\"oliviere\",\"image\":{\"@type\":\"ImageObject\",\"inLanguage\":\"fr-FR\",\"@id\":\"https:\\\/\\\/secure.gravatar.com\\\/avatar\\\/907069e0b81d119452040469e4a7501da1100f54f7f80180ce77bfab718288f6?s=96&d=mm&r=g\",\"url\":\"https:\\\/\\\/secure.gravatar.com\\\/avatar\\\/907069e0b81d119452040469e4a7501da1100f54f7f80180ce77bfab718288f6?s=96&d=mm&r=g\",\"contentUrl\":\"https:\\\/\\\/secure.gravatar.com\\\/avatar\\\/907069e0b81d119452040469e4a7501da1100f54f7f80180ce77bfab718288f6?s=96&d=mm&r=g\",\"caption\":\"oliviere\"},\"sameAs\":[\"http:\\\/\\\/www.motocrossmag.be\"],\"url\":\"https:\\\/\\\/fr.motocrossmag.be\\\/index.php\\\/author\\\/oliviere\\\/\"}]}<\/script>\n<!-- \/ Yoast SEO plugin. -->","yoast_head_json":{"title":"Photos: le salon AMPL 2015 \u00e0 Bastogne - Motocross - Enduro - Supermoto | MotocrossMag","robots":{"index":"index","follow":"follow","max-snippet":"max-snippet:-1","max-image-preview":"max-image-preview:large","max-video-preview":"max-video-preview:-1"},"canonical":"https:\/\/fr.motocrossmag.be\/index.php\/2015\/01\/photos-le-salon-ampl-2015-a-bastogne\/","og_locale":"fr_FR","og_type":"article","og_title":"Photos: le salon AMPL 2015 \u00e0 Bastogne - Motocross - Enduro - Supermoto | MotocrossMag","og_description":"Le traditionnel salon de la moto AMPL d&rsquo;avant-saison se tenait ces 10 et 11 janvier \u00e0 l&rsquo;Ath\u00e9n\u00e9e de Bastogne. Une organisation du club de Wardin qui a connu un beau succ\u00e8s de foule et au cours de laquelle plus de 400 pilotes sont venus retirer leur licence pour la saison 2015 de la f\u00e9d\u00e9ration de [&hellip;]","og_url":"https:\/\/fr.motocrossmag.be\/index.php\/2015\/01\/photos-le-salon-ampl-2015-a-bastogne\/","og_site_name":"Motocross - Enduro - Supermoto | MotocrossMag","article_published_time":"2015-01-11T21:27:44+00:00","og_image":[{"width":900,"height":600,"url":"https:\/\/fr.motocrossmag.be\/wp-content\/uploads\/2015\/01\/IMG_5815-copie.jpg","type":"image\/jpeg"}],"author":"oliviere","twitter_card":"summary_large_image","twitter_misc":{"\u00c9crit par":"oliviere"},"schema":{"@context":"https:\/\/schema.org","@graph":[{"@type":"Article","@id":"https:\/\/fr.motocrossmag.be\/index.php\/2015\/01\/photos-le-salon-ampl-2015-a-bastogne\/#article","isPartOf":{"@id":"https:\/\/fr.motocrossmag.be\/index.php\/2015\/01\/photos-le-salon-ampl-2015-a-bastogne\/"},"author":{"name":"oliviere","@id":"https:\/\/fr.motocrossmag.be\/#\/schema\/person\/11b47143d9f755babca2c9110e03235c"},"headline":"Photos: le salon AMPL 2015 \u00e0 Bastogne","datePublished":"2015-01-11T21:27:44+00:00","mainEntityOfPage":{"@id":"https:\/\/fr.motocrossmag.be\/index.php\/2015\/01\/photos-le-salon-ampl-2015-a-bastogne\/"},"wordCount":71,"commentCount":0,"image":{"@id":"https:\/\/fr.motocrossmag.be\/index.php\/2015\/01\/photos-le-salon-ampl-2015-a-bastogne\/#primaryimage"},"thumbnailUrl":"https:\/\/fr.motocrossmag.be\/wp-content\/uploads\/2015\/01\/IMG_5815-copie.jpg","articleSection":["Actualit\u00e9","Amateurs","AMPL","Motocross","News","News","Photos","Slideshow"],"inLanguage":"fr-FR","potentialAction":[{"@type":"CommentAction","name":"Comment","target":["https:\/\/fr.motocrossmag.be\/index.php\/2015\/01\/photos-le-salon-ampl-2015-a-bastogne\/#respond"]}]},{"@type":"WebPage","@id":"https:\/\/fr.motocrossmag.be\/index.php\/2015\/01\/photos-le-salon-ampl-2015-a-bastogne\/","url":"https:\/\/fr.motocrossmag.be\/index.php\/2015\/01\/photos-le-salon-ampl-2015-a-bastogne\/","name":"Photos: le salon AMPL 2015 \u00e0 Bastogne - Motocross - Enduro - Supermoto | MotocrossMag","isPartOf":{"@id":"https:\/\/fr.motocrossmag.be\/#website"},"primaryImageOfPage":{"@id":"https:\/\/fr.motocrossmag.be\/index.php\/2015\/01\/photos-le-salon-ampl-2015-a-bastogne\/#primaryimage"},"image":{"@id":"https:\/\/fr.motocrossmag.be\/index.php\/2015\/01\/photos-le-salon-ampl-2015-a-bastogne\/#primaryimage"},"thumbnailUrl":"https:\/\/fr.motocrossmag.be\/wp-content\/uploads\/2015\/01\/IMG_5815-copie.jpg","datePublished":"2015-01-11T21:27:44+00:00","author":{"@id":"https:\/\/fr.motocrossmag.be\/#\/schema\/person\/11b47143d9f755babca2c9110e03235c"},"breadcrumb":{"@id":"https:\/\/fr.motocrossmag.be\/index.php\/2015\/01\/photos-le-salon-ampl-2015-a-bastogne\/#breadcrumb"},"inLanguage":"fr-FR","potentialAction":[{"@type":"ReadAction","target":["https:\/\/fr.motocrossmag.be\/index.php\/2015\/01\/photos-le-salon-ampl-2015-a-bastogne\/"]}]},{"@type":"ImageObject","inLanguage":"fr-FR","@id":"https:\/\/fr.motocrossmag.be\/index.php\/2015\/01\/photos-le-salon-ampl-2015-a-bastogne\/#primaryimage","url":"https:\/\/fr.motocrossmag.be\/wp-content\/uploads\/2015\/01\/IMG_5815-copie.jpg","contentUrl":"https:\/\/fr.motocrossmag.be\/wp-content\/uploads\/2015\/01\/IMG_5815-copie.jpg","width":900,"height":600},{"@type":"BreadcrumbList","@id":"https:\/\/fr.motocrossmag.be\/index.php\/2015\/01\/photos-le-salon-ampl-2015-a-bastogne\/#breadcrumb","itemListElement":[{"@type":"ListItem","position":1,"name":"Accueil","item":"https:\/\/fr.motocrossmag.be\/"},{"@type":"ListItem","position":2,"name":"Photos: le salon AMPL 2015 \u00e0 Bastogne"}]},{"@type":"WebSite","@id":"https:\/\/fr.motocrossmag.be\/#website","url":"https:\/\/fr.motocrossmag.be\/","name":"Motocross - Enduro - Supermoto | MotocrossMag","description":"L&#039;actualit\u00e9 du motocross, de l&#039;enduro et du Supermoto en ligne!","potentialAction":[{"@type":"SearchAction","target":{"@type":"EntryPoint","urlTemplate":"https:\/\/fr.motocrossmag.be\/?s={search_term_string}"},"query-input":{"@type":"PropertyValueSpecification","valueRequired":true,"valueName":"search_term_string"}}],"inLanguage":"fr-FR"},{"@type":"Person","@id":"https:\/\/fr.motocrossmag.be\/#\/schema\/person\/11b47143d9f755babca2c9110e03235c","name":"oliviere","image":{"@type":"ImageObject","inLanguage":"fr-FR","@id":"https:\/\/secure.gravatar.com\/avatar\/907069e0b81d119452040469e4a7501da1100f54f7f80180ce77bfab718288f6?s=96&d=mm&r=g","url":"https:\/\/secure.gravatar.com\/avatar\/907069e0b81d119452040469e4a7501da1100f54f7f80180ce77bfab718288f6?s=96&d=mm&r=g","contentUrl":"https:\/\/secure.gravatar.com\/avatar\/907069e0b81d119452040469e4a7501da1100f54f7f80180ce77bfab718288f6?s=96&d=mm&r=g","caption":"oliviere"},"sameAs":["http:\/\/www.motocrossmag.be"],"url":"https:\/\/fr.motocrossmag.be\/index.php\/author\/oliviere\/"}]}},"_links":{"self":[{"href":"https:\/\/fr.motocrossmag.be\/index.php\/wp-json\/wp\/v2\/posts\/29338","targetHints":{"allow":["GET"]}}],"collection":[{"href":"https:\/\/fr.motocrossmag.be\/index.php\/wp-json\/wp\/v2\/posts"}],"about":[{"href":"https:\/\/fr.motocrossmag.be\/index.php\/wp-json\/wp\/v2\/types\/post"}],"author":[{"embeddable":true,"href":"https:\/\/fr.motocrossmag.be\/index.php\/wp-json\/wp\/v2\/users\/932"}],"replies":[{"embeddable":true,"href":"https:\/\/fr.motocrossmag.be\/index.php\/wp-json\/wp\/v2\/comments?post=29338"}],"version-history":[{"count":1,"href":"https:\/\/fr.motocrossmag.be\/index.php\/wp-json\/wp\/v2\/posts\/29338\/revisions"}],"predecessor-version":[{"id":29374,"href":"https:\/\/fr.motocrossmag.be\/index.php\/wp-json\/wp\/v2\/posts\/29338\/revisions\/29374"}],"wp:featuredmedia":[{"embeddable":true,"href":"https:\/\/fr.motocrossmag.be\/index.php\/wp-json\/wp\/v2\/media\/29363"}],"wp:attachment":[{"href":"https:\/\/fr.motocrossmag.be\/index.php\/wp-json\/wp\/v2\/media?parent=29338"}],"wp:term":[{"taxonomy":"category","embeddable":true,"href":"https:\/\/fr.motocrossmag.be\/index.php\/wp-json\/wp\/v2\/categories?post=29338"},{"taxonomy":"post_tag","embeddable":true,"href":"https:\/\/fr.motocrossmag.be\/index.php\/wp-json\/wp\/v2\/tags?post=29338"}],"curies":[{"name":"wp","href":"https:\/\/api.w.org\/{rel}","templated":true}]}}