{"id":30723,"date":"2015-03-03T10:52:33","date_gmt":"2015-03-03T09:52:33","guid":{"rendered":"http:\/\/fr.motocrossmag.be\/?p=30723"},"modified":"2015-03-03T10:52:33","modified_gmt":"2015-03-03T09:52:33","slug":"photos-une-galerie-xxl-du-gp-du-qatar","status":"publish","type":"post","link":"https:\/\/fr.motocrossmag.be\/index.php\/2015\/03\/photos-une-galerie-xxl-du-gp-du-qatar\/","title":{"rendered":"Photos: une galerie XXL du GP du Qatar"},"content":{"rendered":"<p>La configuration du GP du Qatar, avec ses courses disput\u00e9es de nuit et sa piste artificielle illumin\u00e9e, en fait une \u00e9preuve d\u00e9fintivement atypique. Notre photographe maison CDS a effectu\u00e9 pour nous une s\u00e9lection de plus de 100 clich\u00e9s qui nous font revivre toute la magie de ce premier rendez-vous de la saison MXGP.<\/p>\n<div id='gallery-1' class='gallery galleryid-30723 gallery-columns-3 gallery-size-thumbnail'><figure class='gallery-item'>\n\t\t\t<div class='gallery-icon landscape'>\n\t\t\t\t<a href='https:\/\/fr.motocrossmag.be\/index.php\/2015\/03\/photos-une-galerie-xxl-du-gp-du-qatar\/anstie_qatar15_10749-2\/'><img decoding=\"async\" width=\"150\" height=\"150\" src=\"https:\/\/fr.motocrossmag.be\/wp-content\/uploads\/2015\/03\/anstie_qatar15_107491-150x150.jpg\" class=\"attachment-thumbnail size-thumbnail\" alt=\"\" srcset=\"https:\/\/fr.motocrossmag.be\/wp-content\/uploads\/2015\/03\/anstie_qatar15_107491-150x150.jpg 150w, https:\/\/fr.motocrossmag.be\/wp-content\/uploads\/2015\/03\/anstie_qatar15_107491-50x50.jpg 50w\" sizes=\"(max-width: 150px) 100vw, 150px\" \/><\/a>\n\t\t\t<\/div><\/figure><figure class='gallery-item'>\n\t\t\t<div class='gallery-icon portrait'>\n\t\t\t\t<a href='https:\/\/fr.motocrossmag.be\/index.php\/2015\/03\/photos-une-galerie-xxl-du-gp-du-qatar\/bengtsson_qatar15_8316-2\/'><img decoding=\"async\" width=\"150\" height=\"150\" src=\"https:\/\/fr.motocrossmag.be\/wp-content\/uploads\/2015\/03\/bengtsson_qatar15_83161-150x150.jpg\" class=\"attachment-thumbnail size-thumbnail\" alt=\"\" srcset=\"https:\/\/fr.motocrossmag.be\/wp-content\/uploads\/2015\/03\/bengtsson_qatar15_83161-150x150.jpg 150w, https:\/\/fr.motocrossmag.be\/wp-content\/uploads\/2015\/03\/bengtsson_qatar15_83161-50x50.jpg 50w\" sizes=\"(max-width: 150px) 100vw, 150px\" \/><\/a>\n\t\t\t<\/div><\/figure><figure class='gallery-item'>\n\t\t\t<div class='gallery-icon landscape'>\n\t\t\t\t<a href='https:\/\/fr.motocrossmag.be\/index.php\/2015\/03\/photos-une-galerie-xxl-du-gp-du-qatar\/bengtsson_qatar15_9816-2\/'><img decoding=\"async\" width=\"150\" height=\"150\" src=\"https:\/\/fr.motocrossmag.be\/wp-content\/uploads\/2015\/03\/bengtsson_qatar15_98161-150x150.jpg\" class=\"attachment-thumbnail size-thumbnail\" alt=\"\" srcset=\"https:\/\/fr.motocrossmag.be\/wp-content\/uploads\/2015\/03\/bengtsson_qatar15_98161-150x150.jpg 150w, https:\/\/fr.motocrossmag.be\/wp-content\/uploads\/2015\/03\/bengtsson_qatar15_98161-50x50.jpg 50w\" sizes=\"(max-width: 150px) 100vw, 150px\" \/><\/a>\n\t\t\t<\/div><\/figure><figure class='gallery-item'>\n\t\t\t<div class='gallery-icon portrait'>\n\t\t\t\t<a href='https:\/\/fr.motocrossmag.be\/index.php\/2015\/03\/photos-une-galerie-xxl-du-gp-du-qatar\/bengtsson_qatar15_12360-2\/'><img decoding=\"async\" width=\"150\" height=\"150\" src=\"https:\/\/fr.motocrossmag.be\/wp-content\/uploads\/2015\/03\/bengtsson_qatar15_123601-150x150.jpg\" class=\"attachment-thumbnail size-thumbnail\" alt=\"\" srcset=\"https:\/\/fr.motocrossmag.be\/wp-content\/uploads\/2015\/03\/bengtsson_qatar15_123601-150x150.jpg 150w, https:\/\/fr.motocrossmag.be\/wp-content\/uploads\/2015\/03\/bengtsson_qatar15_123601-50x50.jpg 50w\" sizes=\"(max-width: 150px) 100vw, 150px\" \/><\/a>\n\t\t\t<\/div><\/figure><figure class='gallery-item'>\n\t\t\t<div class='gallery-icon portrait'>\n\t\t\t\t<a href='https:\/\/fr.motocrossmag.be\/index.php\/2015\/03\/photos-une-galerie-xxl-du-gp-du-qatar\/bobby_qatar15_12371-2\/'><img decoding=\"async\" width=\"150\" height=\"150\" src=\"https:\/\/fr.motocrossmag.be\/wp-content\/uploads\/2015\/03\/bobby_qatar15_123711-150x150.jpg\" class=\"attachment-thumbnail size-thumbnail\" alt=\"\" srcset=\"https:\/\/fr.motocrossmag.be\/wp-content\/uploads\/2015\/03\/bobby_qatar15_123711-150x150.jpg 150w, https:\/\/fr.motocrossmag.be\/wp-content\/uploads\/2015\/03\/bobby_qatar15_123711-50x50.jpg 50w\" sizes=\"(max-width: 150px) 100vw, 150px\" \/><\/a>\n\t\t\t<\/div><\/figure><figure class='gallery-item'>\n\t\t\t<div class='gallery-icon landscape'>\n\t\t\t\t<a href='https:\/\/fr.motocrossmag.be\/index.php\/2015\/03\/photos-une-galerie-xxl-du-gp-du-qatar\/bobryshev_qatar15_9743-2\/'><img decoding=\"async\" width=\"150\" height=\"150\" src=\"https:\/\/fr.motocrossmag.be\/wp-content\/uploads\/2015\/03\/bobryshev_qatar15_97431-150x150.jpg\" class=\"attachment-thumbnail size-thumbnail\" alt=\"\" srcset=\"https:\/\/fr.motocrossmag.be\/wp-content\/uploads\/2015\/03\/bobryshev_qatar15_97431-150x150.jpg 150w, https:\/\/fr.motocrossmag.be\/wp-content\/uploads\/2015\/03\/bobryshev_qatar15_97431-50x50.jpg 50w\" sizes=\"(max-width: 150px) 100vw, 150px\" \/><\/a>\n\t\t\t<\/div><\/figure><figure class='gallery-item'>\n\t\t\t<div class='gallery-icon portrait'>\n\t\t\t\t<a href='https:\/\/fr.motocrossmag.be\/index.php\/2015\/03\/photos-une-galerie-xxl-du-gp-du-qatar\/bogers_qatar15_8135-2\/'><img decoding=\"async\" width=\"150\" height=\"150\" src=\"https:\/\/fr.motocrossmag.be\/wp-content\/uploads\/2015\/03\/bogers_qatar15_81351-150x150.jpg\" class=\"attachment-thumbnail size-thumbnail\" alt=\"\" srcset=\"https:\/\/fr.motocrossmag.be\/wp-content\/uploads\/2015\/03\/bogers_qatar15_81351-150x150.jpg 150w, https:\/\/fr.motocrossmag.be\/wp-content\/uploads\/2015\/03\/bogers_qatar15_81351-50x50.jpg 50w\" sizes=\"(max-width: 150px) 100vw, 150px\" \/><\/a>\n\t\t\t<\/div><\/figure><figure class='gallery-item'>\n\t\t\t<div class='gallery-icon landscape'>\n\t\t\t\t<a href='https:\/\/fr.motocrossmag.be\/index.php\/2015\/03\/photos-une-galerie-xxl-du-gp-du-qatar\/bogers_qatar15_9146-2\/'><img decoding=\"async\" width=\"150\" height=\"150\" src=\"https:\/\/fr.motocrossmag.be\/wp-content\/uploads\/2015\/03\/bogers_qatar15_91461-150x150.jpg\" class=\"attachment-thumbnail size-thumbnail\" alt=\"\" srcset=\"https:\/\/fr.motocrossmag.be\/wp-content\/uploads\/2015\/03\/bogers_qatar15_91461-150x150.jpg 150w, https:\/\/fr.motocrossmag.be\/wp-content\/uploads\/2015\/03\/bogers_qatar15_91461-50x50.jpg 50w\" sizes=\"(max-width: 150px) 100vw, 150px\" \/><\/a>\n\t\t\t<\/div><\/figure><figure class='gallery-item'>\n\t\t\t<div class='gallery-icon landscape'>\n\t\t\t\t<a href='https:\/\/fr.motocrossmag.be\/index.php\/2015\/03\/photos-une-galerie-xxl-du-gp-du-qatar\/bogers_qatar15_14358-2\/'><img decoding=\"async\" width=\"150\" height=\"150\" src=\"https:\/\/fr.motocrossmag.be\/wp-content\/uploads\/2015\/03\/bogers_qatar15_143581-150x150.jpg\" class=\"attachment-thumbnail size-thumbnail\" alt=\"\" srcset=\"https:\/\/fr.motocrossmag.be\/wp-content\/uploads\/2015\/03\/bogers_qatar15_143581-150x150.jpg 150w, https:\/\/fr.motocrossmag.be\/wp-content\/uploads\/2015\/03\/bogers_qatar15_143581-50x50.jpg 50w\" sizes=\"(max-width: 150px) 100vw, 150px\" \/><\/a>\n\t\t\t<\/div><\/figure><figure class='gallery-item'>\n\t\t\t<div class='gallery-icon landscape'>\n\t\t\t\t<a href='https:\/\/fr.motocrossmag.be\/index.php\/2015\/03\/photos-une-galerie-xxl-du-gp-du-qatar\/brylyakov_qatar15_9128-2\/'><img decoding=\"async\" width=\"150\" height=\"150\" src=\"https:\/\/fr.motocrossmag.be\/wp-content\/uploads\/2015\/03\/brylyakov_qatar15_91281-150x150.jpg\" class=\"attachment-thumbnail size-thumbnail\" alt=\"\" srcset=\"https:\/\/fr.motocrossmag.be\/wp-content\/uploads\/2015\/03\/brylyakov_qatar15_91281-150x150.jpg 150w, https:\/\/fr.motocrossmag.be\/wp-content\/uploads\/2015\/03\/brylyakov_qatar15_91281-50x50.jpg 50w\" sizes=\"(max-width: 150px) 100vw, 150px\" \/><\/a>\n\t\t\t<\/div><\/figure><figure class='gallery-item'>\n\t\t\t<div class='gallery-icon landscape'>\n\t\t\t\t<a href='https:\/\/fr.motocrossmag.be\/index.php\/2015\/03\/photos-une-galerie-xxl-du-gp-du-qatar\/butron_qatar15_9529-2\/'><img decoding=\"async\" width=\"150\" height=\"150\" src=\"https:\/\/fr.motocrossmag.be\/wp-content\/uploads\/2015\/03\/butron_qatar15_95291-150x150.jpg\" class=\"attachment-thumbnail size-thumbnail\" alt=\"\" srcset=\"https:\/\/fr.motocrossmag.be\/wp-content\/uploads\/2015\/03\/butron_qatar15_95291-150x150.jpg 150w, https:\/\/fr.motocrossmag.be\/wp-content\/uploads\/2015\/03\/butron_qatar15_95291-50x50.jpg 50w\" sizes=\"(max-width: 150px) 100vw, 150px\" \/><\/a>\n\t\t\t<\/div><\/figure><figure class='gallery-item'>\n\t\t\t<div class='gallery-icon landscape'>\n\t\t\t\t<a href='https:\/\/fr.motocrossmag.be\/index.php\/2015\/03\/photos-une-galerie-xxl-du-gp-du-qatar\/butron_qatar15_9832-2\/'><img decoding=\"async\" width=\"150\" height=\"150\" src=\"https:\/\/fr.motocrossmag.be\/wp-content\/uploads\/2015\/03\/butron_qatar15_98321-150x150.jpg\" class=\"attachment-thumbnail size-thumbnail\" alt=\"\" srcset=\"https:\/\/fr.motocrossmag.be\/wp-content\/uploads\/2015\/03\/butron_qatar15_98321-150x150.jpg 150w, https:\/\/fr.motocrossmag.be\/wp-content\/uploads\/2015\/03\/butron_qatar15_98321-50x50.jpg 50w\" sizes=\"(max-width: 150px) 100vw, 150px\" \/><\/a>\n\t\t\t<\/div><\/figure><figure class='gallery-item'>\n\t\t\t<div class='gallery-icon landscape'>\n\t\t\t\t<a href='https:\/\/fr.motocrossmag.be\/index.php\/2015\/03\/photos-une-galerie-xxl-du-gp-du-qatar\/cairoli_qatar15_10581-2\/'><img decoding=\"async\" width=\"150\" height=\"150\" src=\"https:\/\/fr.motocrossmag.be\/wp-content\/uploads\/2015\/03\/cairoli_qatar15_105811-150x150.jpg\" class=\"attachment-thumbnail size-thumbnail\" alt=\"\" srcset=\"https:\/\/fr.motocrossmag.be\/wp-content\/uploads\/2015\/03\/cairoli_qatar15_105811-150x150.jpg 150w, https:\/\/fr.motocrossmag.be\/wp-content\/uploads\/2015\/03\/cairoli_qatar15_105811-50x50.jpg 50w\" sizes=\"(max-width: 150px) 100vw, 150px\" \/><\/a>\n\t\t\t<\/div><\/figure><figure class='gallery-item'>\n\t\t\t<div class='gallery-icon landscape'>\n\t\t\t\t<a href='https:\/\/fr.motocrossmag.be\/index.php\/2015\/03\/photos-une-galerie-xxl-du-gp-du-qatar\/cairoli_qatar15_12336-2\/'><img decoding=\"async\" width=\"150\" height=\"150\" src=\"https:\/\/fr.motocrossmag.be\/wp-content\/uploads\/2015\/03\/cairoli_qatar15_123361-150x150.jpg\" class=\"attachment-thumbnail size-thumbnail\" alt=\"\" srcset=\"https:\/\/fr.motocrossmag.be\/wp-content\/uploads\/2015\/03\/cairoli_qatar15_123361-150x150.jpg 150w, https:\/\/fr.motocrossmag.be\/wp-content\/uploads\/2015\/03\/cairoli_qatar15_123361-50x50.jpg 50w\" sizes=\"(max-width: 150px) 100vw, 150px\" \/><\/a>\n\t\t\t<\/div><\/figure><figure class='gallery-item'>\n\t\t\t<div class='gallery-icon landscape'>\n\t\t\t\t<a href='https:\/\/fr.motocrossmag.be\/index.php\/2015\/03\/photos-une-galerie-xxl-du-gp-du-qatar\/cairoli_qatar15_14898-2\/'><img decoding=\"async\" width=\"150\" height=\"150\" src=\"https:\/\/fr.motocrossmag.be\/wp-content\/uploads\/2015\/03\/cairoli_qatar15_148981-150x150.jpg\" class=\"attachment-thumbnail size-thumbnail\" alt=\"\" srcset=\"https:\/\/fr.motocrossmag.be\/wp-content\/uploads\/2015\/03\/cairoli_qatar15_148981-150x150.jpg 150w, https:\/\/fr.motocrossmag.be\/wp-content\/uploads\/2015\/03\/cairoli_qatar15_148981-50x50.jpg 50w\" sizes=\"(max-width: 150px) 100vw, 150px\" \/><\/a>\n\t\t\t<\/div><\/figure><figure class='gallery-item'>\n\t\t\t<div class='gallery-icon landscape'>\n\t\t\t\t<a href='https:\/\/fr.motocrossmag.be\/index.php\/2015\/03\/photos-une-galerie-xxl-du-gp-du-qatar\/charlier_qatar15_9730-2\/'><img decoding=\"async\" width=\"150\" height=\"150\" src=\"https:\/\/fr.motocrossmag.be\/wp-content\/uploads\/2015\/03\/charlier_qatar15_97301-150x150.jpg\" class=\"attachment-thumbnail size-thumbnail\" alt=\"\" srcset=\"https:\/\/fr.motocrossmag.be\/wp-content\/uploads\/2015\/03\/charlier_qatar15_97301-150x150.jpg 150w, https:\/\/fr.motocrossmag.be\/wp-content\/uploads\/2015\/03\/charlier_qatar15_97301-50x50.jpg 50w\" sizes=\"(max-width: 150px) 100vw, 150px\" \/><\/a>\n\t\t\t<\/div><\/figure><figure class='gallery-item'>\n\t\t\t<div class='gallery-icon portrait'>\n\t\t\t\t<a href='https:\/\/fr.motocrossmag.be\/index.php\/2015\/03\/photos-une-galerie-xxl-du-gp-du-qatar\/charlier_qatar15_12369-2\/'><img decoding=\"async\" width=\"150\" height=\"150\" src=\"https:\/\/fr.motocrossmag.be\/wp-content\/uploads\/2015\/03\/charlier_qatar15_123691-150x150.jpg\" class=\"attachment-thumbnail size-thumbnail\" alt=\"\" srcset=\"https:\/\/fr.motocrossmag.be\/wp-content\/uploads\/2015\/03\/charlier_qatar15_123691-150x150.jpg 150w, https:\/\/fr.motocrossmag.be\/wp-content\/uploads\/2015\/03\/charlier_qatar15_123691-50x50.jpg 50w\" sizes=\"(max-width: 150px) 100vw, 150px\" \/><\/a>\n\t\t\t<\/div><\/figure><figure class='gallery-item'>\n\t\t\t<div class='gallery-icon landscape'>\n\t\t\t\t<a href='https:\/\/fr.motocrossmag.be\/index.php\/2015\/03\/photos-une-galerie-xxl-du-gp-du-qatar\/coldenhoff_qatar15_8095-2\/'><img decoding=\"async\" width=\"150\" height=\"150\" src=\"https:\/\/fr.motocrossmag.be\/wp-content\/uploads\/2015\/03\/coldenhoff_qatar15_80951-150x150.jpg\" class=\"attachment-thumbnail size-thumbnail\" alt=\"\" srcset=\"https:\/\/fr.motocrossmag.be\/wp-content\/uploads\/2015\/03\/coldenhoff_qatar15_80951-150x150.jpg 150w, https:\/\/fr.motocrossmag.be\/wp-content\/uploads\/2015\/03\/coldenhoff_qatar15_80951-50x50.jpg 50w\" sizes=\"(max-width: 150px) 100vw, 150px\" \/><\/a>\n\t\t\t<\/div><\/figure><figure class='gallery-item'>\n\t\t\t<div class='gallery-icon landscape'>\n\t\t\t\t<a href='https:\/\/fr.motocrossmag.be\/index.php\/2015\/03\/photos-une-galerie-xxl-du-gp-du-qatar\/coldenhoff_qatar15_12355-2\/'><img decoding=\"async\" width=\"150\" height=\"150\" src=\"https:\/\/fr.motocrossmag.be\/wp-content\/uploads\/2015\/03\/coldenhoff_qatar15_123551-150x150.jpg\" class=\"attachment-thumbnail size-thumbnail\" alt=\"\" srcset=\"https:\/\/fr.motocrossmag.be\/wp-content\/uploads\/2015\/03\/coldenhoff_qatar15_123551-150x150.jpg 150w, https:\/\/fr.motocrossmag.be\/wp-content\/uploads\/2015\/03\/coldenhoff_qatar15_123551-50x50.jpg 50w\" sizes=\"(max-width: 150px) 100vw, 150px\" \/><\/a>\n\t\t\t<\/div><\/figure><figure class='gallery-item'>\n\t\t\t<div class='gallery-icon landscape'>\n\t\t\t\t<a href='https:\/\/fr.motocrossmag.be\/index.php\/2015\/03\/photos-une-galerie-xxl-du-gp-du-qatar\/covington_qatar15_1363672dpi-2\/'><img decoding=\"async\" width=\"150\" height=\"150\" src=\"https:\/\/fr.motocrossmag.be\/wp-content\/uploads\/2015\/03\/covington_qatar15_1363672dpi1-150x150.jpg\" class=\"attachment-thumbnail size-thumbnail\" alt=\"\" srcset=\"https:\/\/fr.motocrossmag.be\/wp-content\/uploads\/2015\/03\/covington_qatar15_1363672dpi1-150x150.jpg 150w, https:\/\/fr.motocrossmag.be\/wp-content\/uploads\/2015\/03\/covington_qatar15_1363672dpi1-50x50.jpg 50w\" sizes=\"(max-width: 150px) 100vw, 150px\" \/><\/a>\n\t\t\t<\/div><\/figure><figure class='gallery-item'>\n\t\t\t<div class='gallery-icon landscape'>\n\t\t\t\t<a href='https:\/\/fr.motocrossmag.be\/index.php\/2015\/03\/photos-une-galerie-xxl-du-gp-du-qatar\/covington_qatar15_14375-2\/'><img decoding=\"async\" width=\"150\" height=\"150\" src=\"https:\/\/fr.motocrossmag.be\/wp-content\/uploads\/2015\/03\/covington_qatar15_143751-150x150.jpg\" class=\"attachment-thumbnail size-thumbnail\" alt=\"\" srcset=\"https:\/\/fr.motocrossmag.be\/wp-content\/uploads\/2015\/03\/covington_qatar15_143751-150x150.jpg 150w, https:\/\/fr.motocrossmag.be\/wp-content\/uploads\/2015\/03\/covington_qatar15_143751-50x50.jpg 50w\" sizes=\"(max-width: 150px) 100vw, 150px\" \/><\/a>\n\t\t\t<\/div><\/figure><figure class='gallery-item'>\n\t\t\t<div class='gallery-icon landscape'>\n\t\t\t\t<a href='https:\/\/fr.motocrossmag.be\/index.php\/2015\/03\/photos-une-galerie-xxl-du-gp-du-qatar\/desalle_cairoli_qatar15_12484-2\/'><img decoding=\"async\" width=\"150\" height=\"150\" src=\"https:\/\/fr.motocrossmag.be\/wp-content\/uploads\/2015\/03\/desalle_cairoli_qatar15_124841-150x150.jpg\" class=\"attachment-thumbnail size-thumbnail\" alt=\"\" srcset=\"https:\/\/fr.motocrossmag.be\/wp-content\/uploads\/2015\/03\/desalle_cairoli_qatar15_124841-150x150.jpg 150w, https:\/\/fr.motocrossmag.be\/wp-content\/uploads\/2015\/03\/desalle_cairoli_qatar15_124841-50x50.jpg 50w\" sizes=\"(max-width: 150px) 100vw, 150px\" \/><\/a>\n\t\t\t<\/div><\/figure><figure class='gallery-item'>\n\t\t\t<div class='gallery-icon landscape'>\n\t\t\t\t<a href='https:\/\/fr.motocrossmag.be\/index.php\/2015\/03\/photos-une-galerie-xxl-du-gp-du-qatar\/desalle_qatar15_9663-2\/'><img decoding=\"async\" width=\"150\" height=\"150\" src=\"https:\/\/fr.motocrossmag.be\/wp-content\/uploads\/2015\/03\/desalle_qatar15_96631-150x150.jpg\" class=\"attachment-thumbnail size-thumbnail\" alt=\"\" srcset=\"https:\/\/fr.motocrossmag.be\/wp-content\/uploads\/2015\/03\/desalle_qatar15_96631-150x150.jpg 150w, https:\/\/fr.motocrossmag.be\/wp-content\/uploads\/2015\/03\/desalle_qatar15_96631-50x50.jpg 50w\" sizes=\"(max-width: 150px) 100vw, 150px\" \/><\/a>\n\t\t\t<\/div><\/figure><figure class='gallery-item'>\n\t\t\t<div class='gallery-icon landscape'>\n\t\t\t\t<a href='https:\/\/fr.motocrossmag.be\/index.php\/2015\/03\/photos-une-galerie-xxl-du-gp-du-qatar\/febvre_qatar15_8042-2\/'><img decoding=\"async\" width=\"150\" height=\"150\" src=\"https:\/\/fr.motocrossmag.be\/wp-content\/uploads\/2015\/03\/febvre_qatar15_80421-150x150.jpg\" class=\"attachment-thumbnail size-thumbnail\" alt=\"\" srcset=\"https:\/\/fr.motocrossmag.be\/wp-content\/uploads\/2015\/03\/febvre_qatar15_80421-150x150.jpg 150w, https:\/\/fr.motocrossmag.be\/wp-content\/uploads\/2015\/03\/febvre_qatar15_80421-50x50.jpg 50w\" sizes=\"(max-width: 150px) 100vw, 150px\" \/><\/a>\n\t\t\t<\/div><\/figure><figure class='gallery-item'>\n\t\t\t<div class='gallery-icon landscape'>\n\t\t\t\t<a href='https:\/\/fr.motocrossmag.be\/index.php\/2015\/03\/photos-une-galerie-xxl-du-gp-du-qatar\/febvre_qatar15_10510-2\/'><img decoding=\"async\" width=\"150\" height=\"150\" src=\"https:\/\/fr.motocrossmag.be\/wp-content\/uploads\/2015\/03\/febvre_qatar15_105101-150x150.jpg\" class=\"attachment-thumbnail size-thumbnail\" alt=\"\" srcset=\"https:\/\/fr.motocrossmag.be\/wp-content\/uploads\/2015\/03\/febvre_qatar15_105101-150x150.jpg 150w, https:\/\/fr.motocrossmag.be\/wp-content\/uploads\/2015\/03\/febvre_qatar15_105101-50x50.jpg 50w\" sizes=\"(max-width: 150px) 100vw, 150px\" \/><\/a>\n\t\t\t<\/div><\/figure><figure class='gallery-item'>\n\t\t\t<div class='gallery-icon landscape'>\n\t\t\t\t<a href='https:\/\/fr.motocrossmag.be\/index.php\/2015\/03\/photos-une-galerie-xxl-du-gp-du-qatar\/ferrandis_qatar15_9297-2\/'><img decoding=\"async\" width=\"150\" height=\"150\" src=\"https:\/\/fr.motocrossmag.be\/wp-content\/uploads\/2015\/03\/ferrandis_qatar15_92971-150x150.jpg\" class=\"attachment-thumbnail size-thumbnail\" alt=\"\" srcset=\"https:\/\/fr.motocrossmag.be\/wp-content\/uploads\/2015\/03\/ferrandis_qatar15_92971-150x150.jpg 150w, https:\/\/fr.motocrossmag.be\/wp-content\/uploads\/2015\/03\/ferrandis_qatar15_92971-50x50.jpg 50w\" sizes=\"(max-width: 150px) 100vw, 150px\" \/><\/a>\n\t\t\t<\/div><\/figure><figure class='gallery-item'>\n\t\t\t<div class='gallery-icon landscape'>\n\t\t\t\t<a href='https:\/\/fr.motocrossmag.be\/index.php\/2015\/03\/photos-une-galerie-xxl-du-gp-du-qatar\/ferrandis_qatar15_11912-2\/'><img decoding=\"async\" width=\"150\" height=\"150\" src=\"https:\/\/fr.motocrossmag.be\/wp-content\/uploads\/2015\/03\/ferrandis_qatar15_119121-150x150.jpg\" class=\"attachment-thumbnail size-thumbnail\" alt=\"\" srcset=\"https:\/\/fr.motocrossmag.be\/wp-content\/uploads\/2015\/03\/ferrandis_qatar15_119121-150x150.jpg 150w, https:\/\/fr.motocrossmag.be\/wp-content\/uploads\/2015\/03\/ferrandis_qatar15_119121-50x50.jpg 50w\" sizes=\"(max-width: 150px) 100vw, 150px\" \/><\/a>\n\t\t\t<\/div><\/figure><figure class='gallery-item'>\n\t\t\t<div class='gallery-icon landscape'>\n\t\t\t\t<a href='https:\/\/fr.motocrossmag.be\/index.php\/2015\/03\/photos-une-galerie-xxl-du-gp-du-qatar\/ferrandis_qatar15_13598-2\/'><img decoding=\"async\" width=\"150\" height=\"150\" src=\"https:\/\/fr.motocrossmag.be\/wp-content\/uploads\/2015\/03\/ferrandis_qatar15_135981-150x150.jpg\" class=\"attachment-thumbnail size-thumbnail\" alt=\"\" srcset=\"https:\/\/fr.motocrossmag.be\/wp-content\/uploads\/2015\/03\/ferrandis_qatar15_135981-150x150.jpg 150w, https:\/\/fr.motocrossmag.be\/wp-content\/uploads\/2015\/03\/ferrandis_qatar15_135981-50x50.jpg 50w\" sizes=\"(max-width: 150px) 100vw, 150px\" \/><\/a>\n\t\t\t<\/div><\/figure><figure class='gallery-item'>\n\t\t\t<div class='gallery-icon portrait'>\n\t\t\t\t<a href='https:\/\/fr.motocrossmag.be\/index.php\/2015\/03\/photos-une-galerie-xxl-du-gp-du-qatar\/ferrandis_qatar15_14709-2\/'><img decoding=\"async\" width=\"150\" height=\"150\" src=\"https:\/\/fr.motocrossmag.be\/wp-content\/uploads\/2015\/03\/ferrandis_qatar15_147091-150x150.jpg\" class=\"attachment-thumbnail size-thumbnail\" alt=\"\" srcset=\"https:\/\/fr.motocrossmag.be\/wp-content\/uploads\/2015\/03\/ferrandis_qatar15_147091-150x150.jpg 150w, https:\/\/fr.motocrossmag.be\/wp-content\/uploads\/2015\/03\/ferrandis_qatar15_147091-50x50.jpg 50w\" sizes=\"(max-width: 150px) 100vw, 150px\" \/><\/a>\n\t\t\t<\/div><\/figure><figure class='gallery-item'>\n\t\t\t<div class='gallery-icon portrait'>\n\t\t\t\t<a href='https:\/\/fr.motocrossmag.be\/index.php\/2015\/03\/photos-une-galerie-xxl-du-gp-du-qatar\/ferris_qatar15_8870-2\/'><img decoding=\"async\" width=\"150\" height=\"150\" src=\"https:\/\/fr.motocrossmag.be\/wp-content\/uploads\/2015\/03\/ferris_qatar15_88701-150x150.jpg\" class=\"attachment-thumbnail size-thumbnail\" alt=\"\" srcset=\"https:\/\/fr.motocrossmag.be\/wp-content\/uploads\/2015\/03\/ferris_qatar15_88701-150x150.jpg 150w, https:\/\/fr.motocrossmag.be\/wp-content\/uploads\/2015\/03\/ferris_qatar15_88701-50x50.jpg 50w\" sizes=\"(max-width: 150px) 100vw, 150px\" \/><\/a>\n\t\t\t<\/div><\/figure><figure class='gallery-item'>\n\t\t\t<div class='gallery-icon landscape'>\n\t\t\t\t<a href='https:\/\/fr.motocrossmag.be\/index.php\/2015\/03\/photos-une-galerie-xxl-du-gp-du-qatar\/ferris_qatar15_8960-2\/'><img decoding=\"async\" width=\"150\" height=\"150\" src=\"https:\/\/fr.motocrossmag.be\/wp-content\/uploads\/2015\/03\/ferris_qatar15_89601-150x150.jpg\" class=\"attachment-thumbnail size-thumbnail\" alt=\"\" srcset=\"https:\/\/fr.motocrossmag.be\/wp-content\/uploads\/2015\/03\/ferris_qatar15_89601-150x150.jpg 150w, https:\/\/fr.motocrossmag.be\/wp-content\/uploads\/2015\/03\/ferris_qatar15_89601-50x50.jpg 50w\" sizes=\"(max-width: 150px) 100vw, 150px\" \/><\/a>\n\t\t\t<\/div><\/figure><figure class='gallery-item'>\n\t\t\t<div class='gallery-icon portrait'>\n\t\t\t\t<a href='https:\/\/fr.motocrossmag.be\/index.php\/2015\/03\/photos-une-galerie-xxl-du-gp-du-qatar\/ferris_qatar15_13689-2\/'><img decoding=\"async\" width=\"150\" height=\"150\" src=\"https:\/\/fr.motocrossmag.be\/wp-content\/uploads\/2015\/03\/ferris_qatar15_136891-150x150.jpg\" class=\"attachment-thumbnail size-thumbnail\" alt=\"\" srcset=\"https:\/\/fr.motocrossmag.be\/wp-content\/uploads\/2015\/03\/ferris_qatar15_136891-150x150.jpg 150w, https:\/\/fr.motocrossmag.be\/wp-content\/uploads\/2015\/03\/ferris_qatar15_136891-50x50.jpg 50w\" sizes=\"(max-width: 150px) 100vw, 150px\" \/><\/a>\n\t\t\t<\/div><\/figure><figure class='gallery-item'>\n\t\t\t<div class='gallery-icon portrait'>\n\t\t\t\t<a href='https:\/\/fr.motocrossmag.be\/index.php\/2015\/03\/photos-une-galerie-xxl-du-gp-du-qatar\/fontanesi_boots_qatar15_11495-2\/'><img decoding=\"async\" width=\"150\" height=\"150\" src=\"https:\/\/fr.motocrossmag.be\/wp-content\/uploads\/2015\/03\/fontanesi_boots_qatar15_114951-150x150.jpg\" class=\"attachment-thumbnail size-thumbnail\" alt=\"\" srcset=\"https:\/\/fr.motocrossmag.be\/wp-content\/uploads\/2015\/03\/fontanesi_boots_qatar15_114951-150x150.jpg 150w, https:\/\/fr.motocrossmag.be\/wp-content\/uploads\/2015\/03\/fontanesi_boots_qatar15_114951-50x50.jpg 50w\" sizes=\"(max-width: 150px) 100vw, 150px\" \/><\/a>\n\t\t\t<\/div><\/figure><figure class='gallery-item'>\n\t\t\t<div class='gallery-icon landscape'>\n\t\t\t\t<a href='https:\/\/fr.motocrossmag.be\/index.php\/2015\/03\/photos-une-galerie-xxl-du-gp-du-qatar\/frossard_qatar15_9669-2\/'><img decoding=\"async\" width=\"150\" height=\"150\" src=\"https:\/\/fr.motocrossmag.be\/wp-content\/uploads\/2015\/03\/frossard_qatar15_96691-150x150.jpg\" class=\"attachment-thumbnail size-thumbnail\" alt=\"\" srcset=\"https:\/\/fr.motocrossmag.be\/wp-content\/uploads\/2015\/03\/frossard_qatar15_96691-150x150.jpg 150w, https:\/\/fr.motocrossmag.be\/wp-content\/uploads\/2015\/03\/frossard_qatar15_96691-50x50.jpg 50w\" sizes=\"(max-width: 150px) 100vw, 150px\" \/><\/a>\n\t\t\t<\/div><\/figure><figure class='gallery-item'>\n\t\t\t<div class='gallery-icon landscape'>\n\t\t\t\t<a href='https:\/\/fr.motocrossmag.be\/index.php\/2015\/03\/photos-une-galerie-xxl-du-gp-du-qatar\/gasjer_qatar15_10007-2\/'><img decoding=\"async\" width=\"150\" height=\"150\" src=\"https:\/\/fr.motocrossmag.be\/wp-content\/uploads\/2015\/03\/gasjer_qatar15_100071-150x150.jpg\" class=\"attachment-thumbnail size-thumbnail\" alt=\"\" srcset=\"https:\/\/fr.motocrossmag.be\/wp-content\/uploads\/2015\/03\/gasjer_qatar15_100071-150x150.jpg 150w, https:\/\/fr.motocrossmag.be\/wp-content\/uploads\/2015\/03\/gasjer_qatar15_100071-50x50.jpg 50w\" sizes=\"(max-width: 150px) 100vw, 150px\" \/><\/a>\n\t\t\t<\/div><\/figure><figure class='gallery-item'>\n\t\t\t<div class='gallery-icon landscape'>\n\t\t\t\t<a href='https:\/\/fr.motocrossmag.be\/index.php\/2015\/03\/photos-une-galerie-xxl-du-gp-du-qatar\/genette_qatar15_8621-2\/'><img decoding=\"async\" width=\"150\" height=\"150\" src=\"https:\/\/fr.motocrossmag.be\/wp-content\/uploads\/2015\/03\/genette_qatar15_86211-150x150.jpg\" class=\"attachment-thumbnail size-thumbnail\" alt=\"\" srcset=\"https:\/\/fr.motocrossmag.be\/wp-content\/uploads\/2015\/03\/genette_qatar15_86211-150x150.jpg 150w, https:\/\/fr.motocrossmag.be\/wp-content\/uploads\/2015\/03\/genette_qatar15_86211-50x50.jpg 50w\" sizes=\"(max-width: 150px) 100vw, 150px\" \/><\/a>\n\t\t\t<\/div><\/figure><figure class='gallery-item'>\n\t\t\t<div class='gallery-icon portrait'>\n\t\t\t\t<a href='https:\/\/fr.motocrossmag.be\/index.php\/2015\/03\/photos-une-galerie-xxl-du-gp-du-qatar\/getteman_qatar15_8822-2\/'><img decoding=\"async\" width=\"150\" height=\"150\" src=\"https:\/\/fr.motocrossmag.be\/wp-content\/uploads\/2015\/03\/getteman_qatar15_88221-150x150.jpg\" class=\"attachment-thumbnail size-thumbnail\" alt=\"\" srcset=\"https:\/\/fr.motocrossmag.be\/wp-content\/uploads\/2015\/03\/getteman_qatar15_88221-150x150.jpg 150w, https:\/\/fr.motocrossmag.be\/wp-content\/uploads\/2015\/03\/getteman_qatar15_88221-50x50.jpg 50w\" sizes=\"(max-width: 150px) 100vw, 150px\" \/><\/a>\n\t\t\t<\/div><\/figure><figure class='gallery-item'>\n\t\t\t<div class='gallery-icon landscape'>\n\t\t\t\t<a href='https:\/\/fr.motocrossmag.be\/index.php\/2015\/03\/photos-une-galerie-xxl-du-gp-du-qatar\/getteman_qatar15_11889-2\/'><img decoding=\"async\" width=\"150\" height=\"150\" src=\"https:\/\/fr.motocrossmag.be\/wp-content\/uploads\/2015\/03\/getteman_qatar15_118891-150x150.jpg\" class=\"attachment-thumbnail size-thumbnail\" alt=\"\" srcset=\"https:\/\/fr.motocrossmag.be\/wp-content\/uploads\/2015\/03\/getteman_qatar15_118891-150x150.jpg 150w, https:\/\/fr.motocrossmag.be\/wp-content\/uploads\/2015\/03\/getteman_qatar15_118891-50x50.jpg 50w\" sizes=\"(max-width: 150px) 100vw, 150px\" \/><\/a>\n\t\t\t<\/div><\/figure><figure class='gallery-item'>\n\t\t\t<div class='gallery-icon portrait'>\n\t\t\t\t<a href='https:\/\/fr.motocrossmag.be\/index.php\/2015\/03\/photos-une-galerie-xxl-du-gp-du-qatar\/getteman_qatar15_14580-2\/'><img decoding=\"async\" width=\"150\" height=\"150\" src=\"https:\/\/fr.motocrossmag.be\/wp-content\/uploads\/2015\/03\/getteman_qatar15_145801-150x150.jpg\" class=\"attachment-thumbnail size-thumbnail\" alt=\"\" srcset=\"https:\/\/fr.motocrossmag.be\/wp-content\/uploads\/2015\/03\/getteman_qatar15_145801-150x150.jpg 150w, https:\/\/fr.motocrossmag.be\/wp-content\/uploads\/2015\/03\/getteman_qatar15_145801-50x50.jpg 50w\" sizes=\"(max-width: 150px) 100vw, 150px\" \/><\/a>\n\t\t\t<\/div><\/figure><figure class='gallery-item'>\n\t\t\t<div class='gallery-icon portrait'>\n\t\t\t\t<a href='https:\/\/fr.motocrossmag.be\/index.php\/2015\/03\/photos-une-galerie-xxl-du-gp-du-qatar\/goncalves_ricci_qatar15_12322\/'><img decoding=\"async\" width=\"150\" height=\"150\" src=\"https:\/\/fr.motocrossmag.be\/wp-content\/uploads\/2015\/03\/goncalves_ricci_qatar15_12322-150x150.jpg\" class=\"attachment-thumbnail size-thumbnail\" alt=\"\" srcset=\"https:\/\/fr.motocrossmag.be\/wp-content\/uploads\/2015\/03\/goncalves_ricci_qatar15_12322-150x150.jpg 150w, https:\/\/fr.motocrossmag.be\/wp-content\/uploads\/2015\/03\/goncalves_ricci_qatar15_12322-50x50.jpg 50w\" sizes=\"(max-width: 150px) 100vw, 150px\" \/><\/a>\n\t\t\t<\/div><\/figure><figure class='gallery-item'>\n\t\t\t<div class='gallery-icon landscape'>\n\t\t\t\t<a href='https:\/\/fr.motocrossmag.be\/index.php\/2015\/03\/photos-une-galerie-xxl-du-gp-du-qatar\/graulu_qatar15_8165\/'><img decoding=\"async\" width=\"150\" height=\"150\" src=\"https:\/\/fr.motocrossmag.be\/wp-content\/uploads\/2015\/03\/graulu_qatar15_8165-150x150.jpg\" class=\"attachment-thumbnail size-thumbnail\" alt=\"\" srcset=\"https:\/\/fr.motocrossmag.be\/wp-content\/uploads\/2015\/03\/graulu_qatar15_8165-150x150.jpg 150w, https:\/\/fr.motocrossmag.be\/wp-content\/uploads\/2015\/03\/graulu_qatar15_8165-50x50.jpg 50w\" sizes=\"(max-width: 150px) 100vw, 150px\" \/><\/a>\n\t\t\t<\/div><\/figure><figure class='gallery-item'>\n\t\t\t<div class='gallery-icon landscape'>\n\t\t\t\t<a href='https:\/\/fr.motocrossmag.be\/index.php\/2015\/03\/photos-une-galerie-xxl-du-gp-du-qatar\/graulus_qatar15_9310\/'><img decoding=\"async\" width=\"150\" height=\"150\" src=\"https:\/\/fr.motocrossmag.be\/wp-content\/uploads\/2015\/03\/graulus_qatar15_9310-150x150.jpg\" class=\"attachment-thumbnail size-thumbnail\" alt=\"\" srcset=\"https:\/\/fr.motocrossmag.be\/wp-content\/uploads\/2015\/03\/graulus_qatar15_9310-150x150.jpg 150w, https:\/\/fr.motocrossmag.be\/wp-content\/uploads\/2015\/03\/graulus_qatar15_9310-50x50.jpg 50w\" sizes=\"(max-width: 150px) 100vw, 150px\" \/><\/a>\n\t\t\t<\/div><\/figure><figure class='gallery-item'>\n\t\t\t<div class='gallery-icon landscape'>\n\t\t\t\t<a href='https:\/\/fr.motocrossmag.be\/index.php\/2015\/03\/photos-une-galerie-xxl-du-gp-du-qatar\/graulus_qatar15_11849\/'><img decoding=\"async\" width=\"150\" height=\"150\" src=\"https:\/\/fr.motocrossmag.be\/wp-content\/uploads\/2015\/03\/graulus_qatar15_11849-150x150.jpg\" class=\"attachment-thumbnail size-thumbnail\" alt=\"\" srcset=\"https:\/\/fr.motocrossmag.be\/wp-content\/uploads\/2015\/03\/graulus_qatar15_11849-150x150.jpg 150w, https:\/\/fr.motocrossmag.be\/wp-content\/uploads\/2015\/03\/graulus_qatar15_11849-50x50.jpg 50w\" sizes=\"(max-width: 150px) 100vw, 150px\" \/><\/a>\n\t\t\t<\/div><\/figure><figure class='gallery-item'>\n\t\t\t<div class='gallery-icon landscape'>\n\t\t\t\t<a href='https:\/\/fr.motocrossmag.be\/index.php\/2015\/03\/photos-une-galerie-xxl-du-gp-du-qatar\/group_mx2_mxgp_qatar15_8667\/'><img decoding=\"async\" width=\"150\" height=\"150\" src=\"https:\/\/fr.motocrossmag.be\/wp-content\/uploads\/2015\/03\/group_MX2_MXGP_qatar15_8667-150x150.jpg\" class=\"attachment-thumbnail size-thumbnail\" alt=\"\" srcset=\"https:\/\/fr.motocrossmag.be\/wp-content\/uploads\/2015\/03\/group_MX2_MXGP_qatar15_8667-150x150.jpg 150w, https:\/\/fr.motocrossmag.be\/wp-content\/uploads\/2015\/03\/group_MX2_MXGP_qatar15_8667-50x50.jpg 50w\" sizes=\"(max-width: 150px) 100vw, 150px\" \/><\/a>\n\t\t\t<\/div><\/figure><figure class='gallery-item'>\n\t\t\t<div class='gallery-icon landscape'>\n\t\t\t\t<a href='https:\/\/fr.motocrossmag.be\/index.php\/2015\/03\/photos-une-galerie-xxl-du-gp-du-qatar\/group_women_qatar15_8651\/'><img decoding=\"async\" width=\"150\" height=\"150\" src=\"https:\/\/fr.motocrossmag.be\/wp-content\/uploads\/2015\/03\/group_women_qatar15_8651-150x150.jpg\" class=\"attachment-thumbnail size-thumbnail\" alt=\"\" srcset=\"https:\/\/fr.motocrossmag.be\/wp-content\/uploads\/2015\/03\/group_women_qatar15_8651-150x150.jpg 150w, https:\/\/fr.motocrossmag.be\/wp-content\/uploads\/2015\/03\/group_women_qatar15_8651-50x50.jpg 50w\" sizes=\"(max-width: 150px) 100vw, 150px\" \/><\/a>\n\t\t\t<\/div><\/figure><figure class='gallery-item'>\n\t\t\t<div class='gallery-icon landscape'>\n\t\t\t\t<a href='https:\/\/fr.motocrossmag.be\/index.php\/2015\/03\/photos-une-galerie-xxl-du-gp-du-qatar\/guarneri_qatar15_10861\/'><img decoding=\"async\" width=\"150\" height=\"150\" src=\"https:\/\/fr.motocrossmag.be\/wp-content\/uploads\/2015\/03\/guarneri_qatar15_10861-150x150.jpg\" class=\"attachment-thumbnail size-thumbnail\" alt=\"\" srcset=\"https:\/\/fr.motocrossmag.be\/wp-content\/uploads\/2015\/03\/guarneri_qatar15_10861-150x150.jpg 150w, https:\/\/fr.motocrossmag.be\/wp-content\/uploads\/2015\/03\/guarneri_qatar15_10861-50x50.jpg 50w\" sizes=\"(max-width: 150px) 100vw, 150px\" \/><\/a>\n\t\t\t<\/div><\/figure><figure class='gallery-item'>\n\t\t\t<div class='gallery-icon landscape'>\n\t\t\t\t<a href='https:\/\/fr.motocrossmag.be\/index.php\/2015\/03\/photos-une-galerie-xxl-du-gp-du-qatar\/guillod_qatar15_13633\/'><img decoding=\"async\" width=\"150\" height=\"150\" src=\"https:\/\/fr.motocrossmag.be\/wp-content\/uploads\/2015\/03\/guillod_qatar15_13633-150x150.jpg\" class=\"attachment-thumbnail size-thumbnail\" alt=\"vec des temp\u00e9ratures avoisinant les 40\u00b0!\" aria-describedby=\"gallery-1-30770\" srcset=\"https:\/\/fr.motocrossmag.be\/wp-content\/uploads\/2015\/03\/guillod_qatar15_13633-150x150.jpg 150w, https:\/\/fr.motocrossmag.be\/wp-content\/uploads\/2015\/03\/guillod_qatar15_13633-50x50.jpg 50w\" sizes=\"(max-width: 150px) 100vw, 150px\" \/><\/a>\n\t\t\t<\/div>\n\t\t\t\t<figcaption class='wp-caption-text gallery-caption' id='gallery-1-30770'>\n\t\t\t\tValentin Guillod: pas \u00e9vident de soigner un rhume a\n\t\t\t\t<\/figcaption><\/figure><figure class='gallery-item'>\n\t\t\t<div class='gallery-icon landscape'>\n\t\t\t\t<a href='https:\/\/fr.motocrossmag.be\/index.php\/2015\/03\/photos-une-galerie-xxl-du-gp-du-qatar\/herlings_jonass_qatar15_11086\/'><img decoding=\"async\" width=\"150\" height=\"150\" src=\"https:\/\/fr.motocrossmag.be\/wp-content\/uploads\/2015\/03\/herlings_jonass_qatar15_11086-150x150.jpg\" class=\"attachment-thumbnail size-thumbnail\" alt=\"\" srcset=\"https:\/\/fr.motocrossmag.be\/wp-content\/uploads\/2015\/03\/herlings_jonass_qatar15_11086-150x150.jpg 150w, https:\/\/fr.motocrossmag.be\/wp-content\/uploads\/2015\/03\/herlings_jonass_qatar15_11086-50x50.jpg 50w\" sizes=\"(max-width: 150px) 100vw, 150px\" \/><\/a>\n\t\t\t<\/div><\/figure><figure class='gallery-item'>\n\t\t\t<div class='gallery-icon landscape'>\n\t\t\t\t<a href='https:\/\/fr.motocrossmag.be\/index.php\/2015\/03\/photos-une-galerie-xxl-du-gp-du-qatar\/herlings_qatar15_8755\/'><img decoding=\"async\" width=\"150\" height=\"150\" src=\"https:\/\/fr.motocrossmag.be\/wp-content\/uploads\/2015\/03\/herlings_qatar15_8755-150x150.jpg\" class=\"attachment-thumbnail size-thumbnail\" alt=\"\" srcset=\"https:\/\/fr.motocrossmag.be\/wp-content\/uploads\/2015\/03\/herlings_qatar15_8755-150x150.jpg 150w, https:\/\/fr.motocrossmag.be\/wp-content\/uploads\/2015\/03\/herlings_qatar15_8755-50x50.jpg 50w\" sizes=\"(max-width: 150px) 100vw, 150px\" \/><\/a>\n\t\t\t<\/div><\/figure><figure class='gallery-item'>\n\t\t\t<div class='gallery-icon landscape'>\n\t\t\t\t<a href='https:\/\/fr.motocrossmag.be\/index.php\/2015\/03\/photos-une-galerie-xxl-du-gp-du-qatar\/herlings_qatar15_13235\/'><img decoding=\"async\" width=\"150\" height=\"150\" src=\"https:\/\/fr.motocrossmag.be\/wp-content\/uploads\/2015\/03\/herlings_qatar15_13235-150x150.jpg\" class=\"attachment-thumbnail size-thumbnail\" alt=\"\" srcset=\"https:\/\/fr.motocrossmag.be\/wp-content\/uploads\/2015\/03\/herlings_qatar15_13235-150x150.jpg 150w, https:\/\/fr.motocrossmag.be\/wp-content\/uploads\/2015\/03\/herlings_qatar15_13235-50x50.jpg 50w\" sizes=\"(max-width: 150px) 100vw, 150px\" \/><\/a>\n\t\t\t<\/div><\/figure><figure class='gallery-item'>\n\t\t\t<div class='gallery-icon landscape'>\n\t\t\t\t<a href='https:\/\/fr.motocrossmag.be\/index.php\/2015\/03\/photos-une-galerie-xxl-du-gp-du-qatar\/herlings_qatar15_14645\/'><img decoding=\"async\" width=\"150\" height=\"150\" src=\"https:\/\/fr.motocrossmag.be\/wp-content\/uploads\/2015\/03\/herlings_qatar15_14645-150x150.jpg\" class=\"attachment-thumbnail size-thumbnail\" alt=\"\" srcset=\"https:\/\/fr.motocrossmag.be\/wp-content\/uploads\/2015\/03\/herlings_qatar15_14645-150x150.jpg 150w, https:\/\/fr.motocrossmag.be\/wp-content\/uploads\/2015\/03\/herlings_qatar15_14645-50x50.jpg 50w\" sizes=\"(max-width: 150px) 100vw, 150px\" \/><\/a>\n\t\t\t<\/div><\/figure><figure class='gallery-item'>\n\t\t\t<div class='gallery-icon landscape'>\n\t\t\t\t<a href='https:\/\/fr.motocrossmag.be\/index.php\/2015\/03\/photos-une-galerie-xxl-du-gp-du-qatar\/herlings_qatar15_14679\/'><img decoding=\"async\" width=\"150\" height=\"150\" src=\"https:\/\/fr.motocrossmag.be\/wp-content\/uploads\/2015\/03\/herlings_qatar15_14679-150x150.jpg\" class=\"attachment-thumbnail size-thumbnail\" alt=\"\" srcset=\"https:\/\/fr.motocrossmag.be\/wp-content\/uploads\/2015\/03\/herlings_qatar15_14679-150x150.jpg 150w, https:\/\/fr.motocrossmag.be\/wp-content\/uploads\/2015\/03\/herlings_qatar15_14679-50x50.jpg 50w\" sizes=\"(max-width: 150px) 100vw, 150px\" \/><\/a>\n\t\t\t<\/div><\/figure><figure class='gallery-item'>\n\t\t\t<div class='gallery-icon landscape'>\n\t\t\t\t<a href='https:\/\/fr.motocrossmag.be\/index.php\/2015\/03\/photos-une-galerie-xxl-du-gp-du-qatar\/hsf_qatar15_8081\/'><img decoding=\"async\" width=\"150\" height=\"150\" src=\"https:\/\/fr.motocrossmag.be\/wp-content\/uploads\/2015\/03\/hsf_qatar15_8081-150x150.jpg\" class=\"attachment-thumbnail size-thumbnail\" alt=\"\" srcset=\"https:\/\/fr.motocrossmag.be\/wp-content\/uploads\/2015\/03\/hsf_qatar15_8081-150x150.jpg 150w, https:\/\/fr.motocrossmag.be\/wp-content\/uploads\/2015\/03\/hsf_qatar15_8081-50x50.jpg 50w\" sizes=\"(max-width: 150px) 100vw, 150px\" \/><\/a>\n\t\t\t<\/div><\/figure><figure class='gallery-item'>\n\t\t\t<div class='gallery-icon landscape'>\n\t\t\t\t<a href='https:\/\/fr.motocrossmag.be\/index.php\/2015\/03\/photos-une-galerie-xxl-du-gp-du-qatar\/jerre_qatar15_14862\/'><img decoding=\"async\" width=\"150\" height=\"150\" src=\"https:\/\/fr.motocrossmag.be\/wp-content\/uploads\/2015\/03\/jerre_qatar15_14862-150x150.jpg\" class=\"attachment-thumbnail size-thumbnail\" alt=\"\" srcset=\"https:\/\/fr.motocrossmag.be\/wp-content\/uploads\/2015\/03\/jerre_qatar15_14862-150x150.jpg 150w, https:\/\/fr.motocrossmag.be\/wp-content\/uploads\/2015\/03\/jerre_qatar15_14862-50x50.jpg 50w\" sizes=\"(max-width: 150px) 100vw, 150px\" \/><\/a>\n\t\t\t<\/div><\/figure><figure class='gallery-item'>\n\t\t\t<div class='gallery-icon landscape'>\n\t\t\t\t<a href='https:\/\/fr.motocrossmag.be\/index.php\/2015\/03\/photos-une-galerie-xxl-du-gp-du-qatar\/jm_qatar15_8602\/'><img decoding=\"async\" width=\"150\" height=\"150\" src=\"https:\/\/fr.motocrossmag.be\/wp-content\/uploads\/2015\/03\/jm_qatar15_8602-150x150.jpg\" class=\"attachment-thumbnail size-thumbnail\" alt=\"\" srcset=\"https:\/\/fr.motocrossmag.be\/wp-content\/uploads\/2015\/03\/jm_qatar15_8602-150x150.jpg 150w, https:\/\/fr.motocrossmag.be\/wp-content\/uploads\/2015\/03\/jm_qatar15_8602-50x50.jpg 50w\" sizes=\"(max-width: 150px) 100vw, 150px\" \/><\/a>\n\t\t\t<\/div><\/figure><figure class='gallery-item'>\n\t\t\t<div class='gallery-icon landscape'>\n\t\t\t\t<a href='https:\/\/fr.motocrossmag.be\/index.php\/2015\/03\/photos-une-galerie-xxl-du-gp-du-qatar\/jonass_herlings_qatar15_12034\/'><img decoding=\"async\" width=\"150\" height=\"150\" src=\"https:\/\/fr.motocrossmag.be\/wp-content\/uploads\/2015\/03\/jonass_herlings_qatar15_12034-150x150.jpg\" class=\"attachment-thumbnail size-thumbnail\" alt=\"\" srcset=\"https:\/\/fr.motocrossmag.be\/wp-content\/uploads\/2015\/03\/jonass_herlings_qatar15_12034-150x150.jpg 150w, https:\/\/fr.motocrossmag.be\/wp-content\/uploads\/2015\/03\/jonass_herlings_qatar15_12034-50x50.jpg 50w\" sizes=\"(max-width: 150px) 100vw, 150px\" \/><\/a>\n\t\t\t<\/div><\/figure><figure class='gallery-item'>\n\t\t\t<div class='gallery-icon landscape'>\n\t\t\t\t<a href='https:\/\/fr.motocrossmag.be\/index.php\/2015\/03\/photos-une-galerie-xxl-du-gp-du-qatar\/jonass_lieber_qatar15_12131\/'><img decoding=\"async\" width=\"150\" height=\"150\" src=\"https:\/\/fr.motocrossmag.be\/wp-content\/uploads\/2015\/03\/jonass_lieber_qatar15_12131-150x150.jpg\" class=\"attachment-thumbnail size-thumbnail\" alt=\"\" srcset=\"https:\/\/fr.motocrossmag.be\/wp-content\/uploads\/2015\/03\/jonass_lieber_qatar15_12131-150x150.jpg 150w, https:\/\/fr.motocrossmag.be\/wp-content\/uploads\/2015\/03\/jonass_lieber_qatar15_12131-50x50.jpg 50w\" sizes=\"(max-width: 150px) 100vw, 150px\" \/><\/a>\n\t\t\t<\/div><\/figure><figure class='gallery-item'>\n\t\t\t<div class='gallery-icon portrait'>\n\t\t\t\t<a href='https:\/\/fr.motocrossmag.be\/index.php\/2015\/03\/photos-une-galerie-xxl-du-gp-du-qatar\/jonass_qatar15_8097\/'><img decoding=\"async\" width=\"150\" height=\"150\" src=\"https:\/\/fr.motocrossmag.be\/wp-content\/uploads\/2015\/03\/jonass_qatar15_8097-150x150.jpg\" class=\"attachment-thumbnail size-thumbnail\" alt=\"\" srcset=\"https:\/\/fr.motocrossmag.be\/wp-content\/uploads\/2015\/03\/jonass_qatar15_8097-150x150.jpg 150w, https:\/\/fr.motocrossmag.be\/wp-content\/uploads\/2015\/03\/jonass_qatar15_8097-50x50.jpg 50w\" sizes=\"(max-width: 150px) 100vw, 150px\" \/><\/a>\n\t\t\t<\/div><\/figure><figure class='gallery-item'>\n\t\t\t<div class='gallery-icon landscape'>\n\t\t\t\t<a href='https:\/\/fr.motocrossmag.be\/index.php\/2015\/03\/photos-une-galerie-xxl-du-gp-du-qatar\/jtech_qatar15_14576\/'><img decoding=\"async\" width=\"150\" height=\"150\" src=\"https:\/\/fr.motocrossmag.be\/wp-content\/uploads\/2015\/03\/jtech_qatar15_14576-150x150.jpg\" class=\"attachment-thumbnail size-thumbnail\" alt=\"\" srcset=\"https:\/\/fr.motocrossmag.be\/wp-content\/uploads\/2015\/03\/jtech_qatar15_14576-150x150.jpg 150w, https:\/\/fr.motocrossmag.be\/wp-content\/uploads\/2015\/03\/jtech_qatar15_14576-50x50.jpg 50w\" sizes=\"(max-width: 150px) 100vw, 150px\" \/><\/a>\n\t\t\t<\/div><\/figure><figure class='gallery-item'>\n\t\t\t<div class='gallery-icon landscape'>\n\t\t\t\t<a href='https:\/\/fr.motocrossmag.be\/index.php\/2015\/03\/photos-une-galerie-xxl-du-gp-du-qatar\/jump_qatar15_9941\/'><img decoding=\"async\" width=\"150\" height=\"150\" src=\"https:\/\/fr.motocrossmag.be\/wp-content\/uploads\/2015\/03\/jump_qatar15_9941-150x150.jpg\" class=\"attachment-thumbnail size-thumbnail\" alt=\"\" srcset=\"https:\/\/fr.motocrossmag.be\/wp-content\/uploads\/2015\/03\/jump_qatar15_9941-150x150.jpg 150w, https:\/\/fr.motocrossmag.be\/wp-content\/uploads\/2015\/03\/jump_qatar15_9941-50x50.jpg 50w\" sizes=\"(max-width: 150px) 100vw, 150px\" \/><\/a>\n\t\t\t<\/div><\/figure><figure class='gallery-item'>\n\t\t\t<div class='gallery-icon landscape'>\n\t\t\t\t<a href='https:\/\/fr.motocrossmag.be\/index.php\/2015\/03\/photos-une-galerie-xxl-du-gp-du-qatar\/keeno_qatar15_9750\/'><img decoding=\"async\" width=\"150\" height=\"150\" src=\"https:\/\/fr.motocrossmag.be\/wp-content\/uploads\/2015\/03\/keeno_qatar15_9750-150x150.jpg\" class=\"attachment-thumbnail size-thumbnail\" alt=\"\" srcset=\"https:\/\/fr.motocrossmag.be\/wp-content\/uploads\/2015\/03\/keeno_qatar15_9750-150x150.jpg 150w, https:\/\/fr.motocrossmag.be\/wp-content\/uploads\/2015\/03\/keeno_qatar15_9750-50x50.jpg 50w\" sizes=\"(max-width: 150px) 100vw, 150px\" \/><\/a>\n\t\t\t<\/div><\/figure><figure class='gallery-item'>\n\t\t\t<div class='gallery-icon portrait'>\n\t\t\t\t<a href='https:\/\/fr.motocrossmag.be\/index.php\/2015\/03\/photos-une-galerie-xxl-du-gp-du-qatar\/lancelot_qatar15_8107\/'><img decoding=\"async\" width=\"150\" height=\"150\" src=\"https:\/\/fr.motocrossmag.be\/wp-content\/uploads\/2015\/03\/lancelot_qatar15_8107-150x150.jpg\" class=\"attachment-thumbnail size-thumbnail\" alt=\"\" srcset=\"https:\/\/fr.motocrossmag.be\/wp-content\/uploads\/2015\/03\/lancelot_qatar15_8107-150x150.jpg 150w, https:\/\/fr.motocrossmag.be\/wp-content\/uploads\/2015\/03\/lancelot_qatar15_8107-50x50.jpg 50w\" sizes=\"(max-width: 150px) 100vw, 150px\" \/><\/a>\n\t\t\t<\/div><\/figure><figure class='gallery-item'>\n\t\t\t<div class='gallery-icon landscape'>\n\t\t\t\t<a href='https:\/\/fr.motocrossmag.be\/index.php\/2015\/03\/photos-une-galerie-xxl-du-gp-du-qatar\/lancelot_qatar15_11489\/'><img decoding=\"async\" width=\"150\" height=\"150\" src=\"https:\/\/fr.motocrossmag.be\/wp-content\/uploads\/2015\/03\/lancelot_qatar15_11489-150x150.jpg\" class=\"attachment-thumbnail size-thumbnail\" alt=\"\" srcset=\"https:\/\/fr.motocrossmag.be\/wp-content\/uploads\/2015\/03\/lancelot_qatar15_11489-150x150.jpg 150w, https:\/\/fr.motocrossmag.be\/wp-content\/uploads\/2015\/03\/lancelot_qatar15_11489-50x50.jpg 50w\" sizes=\"(max-width: 150px) 100vw, 150px\" \/><\/a>\n\t\t\t<\/div><\/figure><figure class='gallery-item'>\n\t\t\t<div class='gallery-icon portrait'>\n\t\t\t\t<a href='https:\/\/fr.motocrossmag.be\/index.php\/2015\/03\/photos-une-galerie-xxl-du-gp-du-qatar\/lieber_qatar15_8858\/'><img decoding=\"async\" width=\"150\" height=\"150\" src=\"https:\/\/fr.motocrossmag.be\/wp-content\/uploads\/2015\/03\/lieber_qatar15_8858-150x150.jpg\" class=\"attachment-thumbnail size-thumbnail\" alt=\"\" srcset=\"https:\/\/fr.motocrossmag.be\/wp-content\/uploads\/2015\/03\/lieber_qatar15_8858-150x150.jpg 150w, https:\/\/fr.motocrossmag.be\/wp-content\/uploads\/2015\/03\/lieber_qatar15_8858-50x50.jpg 50w\" sizes=\"(max-width: 150px) 100vw, 150px\" \/><\/a>\n\t\t\t<\/div><\/figure><figure class='gallery-item'>\n\t\t\t<div class='gallery-icon landscape'>\n\t\t\t\t<a href='https:\/\/fr.motocrossmag.be\/index.php\/2015\/03\/photos-une-galerie-xxl-du-gp-du-qatar\/lieber_qatar15_13618\/'><img decoding=\"async\" width=\"150\" height=\"150\" src=\"https:\/\/fr.motocrossmag.be\/wp-content\/uploads\/2015\/03\/lieber_qatar15_13618-150x150.jpg\" class=\"attachment-thumbnail size-thumbnail\" alt=\"\" srcset=\"https:\/\/fr.motocrossmag.be\/wp-content\/uploads\/2015\/03\/lieber_qatar15_13618-150x150.jpg 150w, https:\/\/fr.motocrossmag.be\/wp-content\/uploads\/2015\/03\/lieber_qatar15_13618-50x50.jpg 50w\" sizes=\"(max-width: 150px) 100vw, 150px\" \/><\/a>\n\t\t\t<\/div><\/figure><figure class='gallery-item'>\n\t\t\t<div class='gallery-icon portrait'>\n\t\t\t\t<a href='https:\/\/fr.motocrossmag.be\/index.php\/2015\/03\/photos-une-galerie-xxl-du-gp-du-qatar\/lieber_qatar15_14705\/'><img decoding=\"async\" width=\"150\" height=\"150\" src=\"https:\/\/fr.motocrossmag.be\/wp-content\/uploads\/2015\/03\/lieber_qatar15_14705-150x150.jpg\" class=\"attachment-thumbnail size-thumbnail\" alt=\"\" srcset=\"https:\/\/fr.motocrossmag.be\/wp-content\/uploads\/2015\/03\/lieber_qatar15_14705-150x150.jpg 150w, https:\/\/fr.motocrossmag.be\/wp-content\/uploads\/2015\/03\/lieber_qatar15_14705-50x50.jpg 50w\" sizes=\"(max-width: 150px) 100vw, 150px\" \/><\/a>\n\t\t\t<\/div><\/figure><figure class='gallery-item'>\n\t\t\t<div class='gallery-icon landscape'>\n\t\t\t\t<a href='https:\/\/fr.motocrossmag.be\/index.php\/2015\/03\/photos-une-galerie-xxl-du-gp-du-qatar\/local_qatar15_11371\/'><img decoding=\"async\" width=\"150\" height=\"150\" src=\"https:\/\/fr.motocrossmag.be\/wp-content\/uploads\/2015\/03\/local_qatar15_11371-150x150.jpg\" class=\"attachment-thumbnail size-thumbnail\" alt=\"\" srcset=\"https:\/\/fr.motocrossmag.be\/wp-content\/uploads\/2015\/03\/local_qatar15_11371-150x150.jpg 150w, https:\/\/fr.motocrossmag.be\/wp-content\/uploads\/2015\/03\/local_qatar15_11371-50x50.jpg 50w\" sizes=\"(max-width: 150px) 100vw, 150px\" \/><\/a>\n\t\t\t<\/div><\/figure><figure class='gallery-item'>\n\t\t\t<div class='gallery-icon portrait'>\n\t\t\t\t<a href='https:\/\/fr.motocrossmag.be\/index.php\/2015\/03\/photos-une-galerie-xxl-du-gp-du-qatar\/lupino_qatar15_8556\/'><img decoding=\"async\" width=\"150\" height=\"150\" src=\"https:\/\/fr.motocrossmag.be\/wp-content\/uploads\/2015\/03\/lupino_qatar15_8556-150x150.jpg\" class=\"attachment-thumbnail size-thumbnail\" alt=\"\" srcset=\"https:\/\/fr.motocrossmag.be\/wp-content\/uploads\/2015\/03\/lupino_qatar15_8556-150x150.jpg 150w, https:\/\/fr.motocrossmag.be\/wp-content\/uploads\/2015\/03\/lupino_qatar15_8556-50x50.jpg 50w\" sizes=\"(max-width: 150px) 100vw, 150px\" \/><\/a>\n\t\t\t<\/div><\/figure><figure class='gallery-item'>\n\t\t\t<div class='gallery-icon portrait'>\n\t\t\t\t<a href='https:\/\/fr.motocrossmag.be\/index.php\/2015\/03\/photos-une-galerie-xxl-du-gp-du-qatar\/monster_qatar15_11510\/'><img decoding=\"async\" width=\"150\" height=\"150\" src=\"https:\/\/fr.motocrossmag.be\/wp-content\/uploads\/2015\/03\/monster_qatar15_11510-150x150.jpg\" class=\"attachment-thumbnail size-thumbnail\" alt=\"\" srcset=\"https:\/\/fr.motocrossmag.be\/wp-content\/uploads\/2015\/03\/monster_qatar15_11510-150x150.jpg 150w, https:\/\/fr.motocrossmag.be\/wp-content\/uploads\/2015\/03\/monster_qatar15_11510-50x50.jpg 50w\" sizes=\"(max-width: 150px) 100vw, 150px\" \/><\/a>\n\t\t\t<\/div><\/figure><figure class='gallery-item'>\n\t\t\t<div class='gallery-icon landscape'>\n\t\t\t\t<a href='https:\/\/fr.motocrossmag.be\/index.php\/2015\/03\/photos-une-galerie-xxl-du-gp-du-qatar\/monster_qatar15_14183\/'><img decoding=\"async\" width=\"150\" height=\"150\" src=\"https:\/\/fr.motocrossmag.be\/wp-content\/uploads\/2015\/03\/monster_qatar15_14183-150x150.jpg\" class=\"attachment-thumbnail size-thumbnail\" alt=\"\" srcset=\"https:\/\/fr.motocrossmag.be\/wp-content\/uploads\/2015\/03\/monster_qatar15_14183-150x150.jpg 150w, https:\/\/fr.motocrossmag.be\/wp-content\/uploads\/2015\/03\/monster_qatar15_14183-50x50.jpg 50w\" sizes=\"(max-width: 150px) 100vw, 150px\" \/><\/a>\n\t\t\t<\/div><\/figure><figure class='gallery-item'>\n\t\t\t<div class='gallery-icon landscape'>\n\t\t\t\t<a href='https:\/\/fr.motocrossmag.be\/index.php\/2015\/03\/photos-une-galerie-xxl-du-gp-du-qatar\/nagl_finish_qatar15_15004\/'><img decoding=\"async\" width=\"150\" height=\"150\" src=\"https:\/\/fr.motocrossmag.be\/wp-content\/uploads\/2015\/03\/nagl_finish_qatar15_15004-150x150.jpg\" class=\"attachment-thumbnail size-thumbnail\" alt=\"\" srcset=\"https:\/\/fr.motocrossmag.be\/wp-content\/uploads\/2015\/03\/nagl_finish_qatar15_15004-150x150.jpg 150w, https:\/\/fr.motocrossmag.be\/wp-content\/uploads\/2015\/03\/nagl_finish_qatar15_15004-50x50.jpg 50w\" sizes=\"(max-width: 150px) 100vw, 150px\" \/><\/a>\n\t\t\t<\/div><\/figure><figure class='gallery-item'>\n\t\t\t<div class='gallery-icon landscape'>\n\t\t\t\t<a href='https:\/\/fr.motocrossmag.be\/index.php\/2015\/03\/photos-une-galerie-xxl-du-gp-du-qatar\/nagl_qatar15_9571\/'><img decoding=\"async\" width=\"150\" height=\"150\" src=\"https:\/\/fr.motocrossmag.be\/wp-content\/uploads\/2015\/03\/nagl_qatar15_9571-150x150.jpg\" class=\"attachment-thumbnail size-thumbnail\" alt=\"\" srcset=\"https:\/\/fr.motocrossmag.be\/wp-content\/uploads\/2015\/03\/nagl_qatar15_9571-150x150.jpg 150w, https:\/\/fr.motocrossmag.be\/wp-content\/uploads\/2015\/03\/nagl_qatar15_9571-50x50.jpg 50w\" sizes=\"(max-width: 150px) 100vw, 150px\" \/><\/a>\n\t\t\t<\/div><\/figure><figure class='gallery-item'>\n\t\t\t<div class='gallery-icon portrait'>\n\t\t\t\t<a href='https:\/\/fr.motocrossmag.be\/index.php\/2015\/03\/photos-une-galerie-xxl-du-gp-du-qatar\/nagl_qatar15_12597\/'><img decoding=\"async\" width=\"150\" height=\"150\" src=\"https:\/\/fr.motocrossmag.be\/wp-content\/uploads\/2015\/03\/nagl_qatar15_12597-150x150.jpg\" class=\"attachment-thumbnail size-thumbnail\" alt=\"\" srcset=\"https:\/\/fr.motocrossmag.be\/wp-content\/uploads\/2015\/03\/nagl_qatar15_12597-150x150.jpg 150w, https:\/\/fr.motocrossmag.be\/wp-content\/uploads\/2015\/03\/nagl_qatar15_12597-50x50.jpg 50w\" sizes=\"(max-width: 150px) 100vw, 150px\" \/><\/a>\n\t\t\t<\/div><\/figure><figure class='gallery-item'>\n\t\t\t<div class='gallery-icon landscape'>\n\t\t\t\t<a href='https:\/\/fr.motocrossmag.be\/index.php\/2015\/03\/photos-une-galerie-xxl-du-gp-du-qatar\/nagl_qatar15_13750\/'><img decoding=\"async\" width=\"150\" height=\"150\" src=\"https:\/\/fr.motocrossmag.be\/wp-content\/uploads\/2015\/03\/nagl_qatar15_13750-150x150.jpg\" class=\"attachment-thumbnail size-thumbnail\" alt=\"\" srcset=\"https:\/\/fr.motocrossmag.be\/wp-content\/uploads\/2015\/03\/nagl_qatar15_13750-150x150.jpg 150w, https:\/\/fr.motocrossmag.be\/wp-content\/uploads\/2015\/03\/nagl_qatar15_13750-50x50.jpg 50w\" sizes=\"(max-width: 150px) 100vw, 150px\" \/><\/a>\n\t\t\t<\/div><\/figure><figure class='gallery-item'>\n\t\t\t<div class='gallery-icon landscape'>\n\t\t\t\t<a href='https:\/\/fr.motocrossmag.be\/index.php\/2015\/03\/photos-une-galerie-xxl-du-gp-du-qatar\/nagl_qatar15_14759\/'><img decoding=\"async\" width=\"150\" height=\"150\" src=\"https:\/\/fr.motocrossmag.be\/wp-content\/uploads\/2015\/03\/nagl_qatar15_14759-150x150.jpg\" class=\"attachment-thumbnail size-thumbnail\" alt=\"\" srcset=\"https:\/\/fr.motocrossmag.be\/wp-content\/uploads\/2015\/03\/nagl_qatar15_14759-150x150.jpg 150w, https:\/\/fr.motocrossmag.be\/wp-content\/uploads\/2015\/03\/nagl_qatar15_14759-50x50.jpg 50w\" sizes=\"(max-width: 150px) 100vw, 150px\" \/><\/a>\n\t\t\t<\/div><\/figure><figure class='gallery-item'>\n\t\t\t<div class='gallery-icon landscape'>\n\t\t\t\t<a href='https:\/\/fr.motocrossmag.be\/index.php\/2015\/03\/photos-une-galerie-xxl-du-gp-du-qatar\/nasser_qatar15_11886\/'><img decoding=\"async\" width=\"150\" height=\"150\" src=\"https:\/\/fr.motocrossmag.be\/wp-content\/uploads\/2015\/03\/nasser_qatar15_11886-150x150.jpg\" class=\"attachment-thumbnail size-thumbnail\" alt=\"\" srcset=\"https:\/\/fr.motocrossmag.be\/wp-content\/uploads\/2015\/03\/nasser_qatar15_11886-150x150.jpg 150w, https:\/\/fr.motocrossmag.be\/wp-content\/uploads\/2015\/03\/nasser_qatar15_11886-50x50.jpg 50w\" sizes=\"(max-width: 150px) 100vw, 150px\" \/><\/a>\n\t\t\t<\/div><\/figure><figure class='gallery-item'>\n\t\t\t<div class='gallery-icon landscape'>\n\t\t\t\t<a href='https:\/\/fr.motocrossmag.be\/index.php\/2015\/03\/photos-une-galerie-xxl-du-gp-du-qatar\/paturel_qatar15_9430\/'><img decoding=\"async\" width=\"150\" height=\"150\" src=\"https:\/\/fr.motocrossmag.be\/wp-content\/uploads\/2015\/03\/paturel_qatar15_9430-150x150.jpg\" class=\"attachment-thumbnail size-thumbnail\" alt=\"\" srcset=\"https:\/\/fr.motocrossmag.be\/wp-content\/uploads\/2015\/03\/paturel_qatar15_9430-150x150.jpg 150w, https:\/\/fr.motocrossmag.be\/wp-content\/uploads\/2015\/03\/paturel_qatar15_9430-50x50.jpg 50w\" sizes=\"(max-width: 150px) 100vw, 150px\" \/><\/a>\n\t\t\t<\/div><\/figure><figure class='gallery-item'>\n\t\t\t<div class='gallery-icon landscape'>\n\t\t\t\t<a href='https:\/\/fr.motocrossmag.be\/index.php\/2015\/03\/photos-une-galerie-xxl-du-gp-du-qatar\/paturel_qatar15_11883\/'><img decoding=\"async\" width=\"150\" height=\"150\" src=\"https:\/\/fr.motocrossmag.be\/wp-content\/uploads\/2015\/03\/paturel_qatar15_11883-150x150.jpg\" class=\"attachment-thumbnail size-thumbnail\" alt=\"\" aria-describedby=\"gallery-1-30801\" srcset=\"https:\/\/fr.motocrossmag.be\/wp-content\/uploads\/2015\/03\/paturel_qatar15_11883-150x150.jpg 150w, https:\/\/fr.motocrossmag.be\/wp-content\/uploads\/2015\/03\/paturel_qatar15_11883-50x50.jpg 50w\" sizes=\"(max-width: 150px) 100vw, 150px\" \/><\/a>\n\t\t\t<\/div>\n\t\t\t\t<figcaption class='wp-caption-text gallery-caption' id='gallery-1-30801'>\n\t\t\t\tBervoets et Paturel\n\t\t\t\t<\/figcaption><\/figure><figure class='gallery-item'>\n\t\t\t<div class='gallery-icon landscape'>\n\t\t\t\t<a href='https:\/\/fr.motocrossmag.be\/index.php\/2015\/03\/photos-une-galerie-xxl-du-gp-du-qatar\/paulin_qatar15_12343\/'><img decoding=\"async\" width=\"150\" height=\"150\" src=\"https:\/\/fr.motocrossmag.be\/wp-content\/uploads\/2015\/03\/paulin_qatar15_12343-150x150.jpg\" class=\"attachment-thumbnail size-thumbnail\" alt=\"\" srcset=\"https:\/\/fr.motocrossmag.be\/wp-content\/uploads\/2015\/03\/paulin_qatar15_12343-150x150.jpg 150w, https:\/\/fr.motocrossmag.be\/wp-content\/uploads\/2015\/03\/paulin_qatar15_12343-50x50.jpg 50w\" sizes=\"(max-width: 150px) 100vw, 150px\" \/><\/a>\n\t\t\t<\/div><\/figure><figure class='gallery-item'>\n\t\t\t<div class='gallery-icon landscape'>\n\t\t\t\t<a href='https:\/\/fr.motocrossmag.be\/index.php\/2015\/03\/photos-une-galerie-xxl-du-gp-du-qatar\/paulin_qatar15_14891\/'><img decoding=\"async\" width=\"150\" height=\"150\" src=\"https:\/\/fr.motocrossmag.be\/wp-content\/uploads\/2015\/03\/paulin_qatar15_14891-150x150.jpg\" class=\"attachment-thumbnail size-thumbnail\" alt=\"\" srcset=\"https:\/\/fr.motocrossmag.be\/wp-content\/uploads\/2015\/03\/paulin_qatar15_14891-150x150.jpg 150w, https:\/\/fr.motocrossmag.be\/wp-content\/uploads\/2015\/03\/paulin_qatar15_14891-50x50.jpg 50w\" sizes=\"(max-width: 150px) 100vw, 150px\" \/><\/a>\n\t\t\t<\/div><\/figure><figure class='gallery-item'>\n\t\t\t<div class='gallery-icon landscape'>\n\t\t\t\t<a href='https:\/\/fr.motocrossmag.be\/index.php\/2015\/03\/photos-une-galerie-xxl-du-gp-du-qatar\/petrov_qatar15_9410\/'><img decoding=\"async\" width=\"150\" height=\"150\" src=\"https:\/\/fr.motocrossmag.be\/wp-content\/uploads\/2015\/03\/petrov_qatar15_9410-150x150.jpg\" class=\"attachment-thumbnail size-thumbnail\" alt=\"\" srcset=\"https:\/\/fr.motocrossmag.be\/wp-content\/uploads\/2015\/03\/petrov_qatar15_9410-150x150.jpg 150w, https:\/\/fr.motocrossmag.be\/wp-content\/uploads\/2015\/03\/petrov_qatar15_9410-50x50.jpg 50w\" sizes=\"(max-width: 150px) 100vw, 150px\" \/><\/a>\n\t\t\t<\/div><\/figure><figure class='gallery-item'>\n\t\t\t<div class='gallery-icon landscape'>\n\t\t\t\t<a href='https:\/\/fr.motocrossmag.be\/index.php\/2015\/03\/photos-une-galerie-xxl-du-gp-du-qatar\/petrov_qatar15_10778\/'><img decoding=\"async\" width=\"150\" height=\"150\" src=\"https:\/\/fr.motocrossmag.be\/wp-content\/uploads\/2015\/03\/petrov_qatar15_10778-150x150.jpg\" class=\"attachment-thumbnail size-thumbnail\" alt=\"\" srcset=\"https:\/\/fr.motocrossmag.be\/wp-content\/uploads\/2015\/03\/petrov_qatar15_10778-150x150.jpg 150w, https:\/\/fr.motocrossmag.be\/wp-content\/uploads\/2015\/03\/petrov_qatar15_10778-50x50.jpg 50w\" sizes=\"(max-width: 150px) 100vw, 150px\" \/><\/a>\n\t\t\t<\/div><\/figure><figure class='gallery-item'>\n\t\t\t<div class='gallery-icon landscape'>\n\t\t\t\t<a href='https:\/\/fr.motocrossmag.be\/index.php\/2015\/03\/photos-une-galerie-xxl-du-gp-du-qatar\/podium_qatar15_15086\/'><img decoding=\"async\" width=\"150\" height=\"150\" src=\"https:\/\/fr.motocrossmag.be\/wp-content\/uploads\/2015\/03\/podium_qatar15_15086-150x150.jpg\" class=\"attachment-thumbnail size-thumbnail\" alt=\"\" srcset=\"https:\/\/fr.motocrossmag.be\/wp-content\/uploads\/2015\/03\/podium_qatar15_15086-150x150.jpg 150w, https:\/\/fr.motocrossmag.be\/wp-content\/uploads\/2015\/03\/podium_qatar15_15086-50x50.jpg 50w\" sizes=\"(max-width: 150px) 100vw, 150px\" \/><\/a>\n\t\t\t<\/div><\/figure><figure class='gallery-item'>\n\t\t\t<div class='gallery-icon landscape'>\n\t\t\t\t<a href='https:\/\/fr.motocrossmag.be\/index.php\/2015\/03\/photos-une-galerie-xxl-du-gp-du-qatar\/preston_qatar15_8580\/'><img decoding=\"async\" width=\"150\" height=\"150\" src=\"https:\/\/fr.motocrossmag.be\/wp-content\/uploads\/2015\/03\/preston_qatar15_8580-150x150.jpg\" class=\"attachment-thumbnail size-thumbnail\" alt=\"\" srcset=\"https:\/\/fr.motocrossmag.be\/wp-content\/uploads\/2015\/03\/preston_qatar15_8580-150x150.jpg 150w, https:\/\/fr.motocrossmag.be\/wp-content\/uploads\/2015\/03\/preston_qatar15_8580-50x50.jpg 50w\" sizes=\"(max-width: 150px) 100vw, 150px\" \/><\/a>\n\t\t\t<\/div><\/figure><figure class='gallery-item'>\n\t\t\t<div class='gallery-icon landscape'>\n\t\t\t\t<a href='https:\/\/fr.motocrossmag.be\/index.php\/2015\/03\/photos-une-galerie-xxl-du-gp-du-qatar\/rattray_qatar15_9779\/'><img decoding=\"async\" width=\"150\" height=\"150\" src=\"https:\/\/fr.motocrossmag.be\/wp-content\/uploads\/2015\/03\/rattray_qatar15_9779-150x150.jpg\" class=\"attachment-thumbnail size-thumbnail\" alt=\"\" srcset=\"https:\/\/fr.motocrossmag.be\/wp-content\/uploads\/2015\/03\/rattray_qatar15_9779-150x150.jpg 150w, https:\/\/fr.motocrossmag.be\/wp-content\/uploads\/2015\/03\/rattray_qatar15_9779-50x50.jpg 50w\" sizes=\"(max-width: 150px) 100vw, 150px\" \/><\/a>\n\t\t\t<\/div><\/figure><figure class='gallery-item'>\n\t\t\t<div class='gallery-icon portrait'>\n\t\t\t\t<a href='https:\/\/fr.motocrossmag.be\/index.php\/2015\/03\/photos-une-galerie-xxl-du-gp-du-qatar\/rattray_qatar15_12374\/'><img decoding=\"async\" width=\"150\" height=\"150\" src=\"https:\/\/fr.motocrossmag.be\/wp-content\/uploads\/2015\/03\/rattray_qatar15_12374-150x150.jpg\" class=\"attachment-thumbnail size-thumbnail\" alt=\"\" srcset=\"https:\/\/fr.motocrossmag.be\/wp-content\/uploads\/2015\/03\/rattray_qatar15_12374-150x150.jpg 150w, https:\/\/fr.motocrossmag.be\/wp-content\/uploads\/2015\/03\/rattray_qatar15_12374-50x50.jpg 50w\" sizes=\"(max-width: 150px) 100vw, 150px\" \/><\/a>\n\t\t\t<\/div><\/figure><figure class='gallery-item'>\n\t\t\t<div class='gallery-icon landscape'>\n\t\t\t\t<a href='https:\/\/fr.motocrossmag.be\/index.php\/2015\/03\/photos-une-galerie-xxl-du-gp-du-qatar\/seewer_qatar15_10229\/'><img decoding=\"async\" width=\"150\" height=\"150\" src=\"https:\/\/fr.motocrossmag.be\/wp-content\/uploads\/2015\/03\/seewer_qatar15_10229-150x150.jpg\" class=\"attachment-thumbnail size-thumbnail\" alt=\"\" srcset=\"https:\/\/fr.motocrossmag.be\/wp-content\/uploads\/2015\/03\/seewer_qatar15_10229-150x150.jpg 150w, https:\/\/fr.motocrossmag.be\/wp-content\/uploads\/2015\/03\/seewer_qatar15_10229-50x50.jpg 50w\" sizes=\"(max-width: 150px) 100vw, 150px\" \/><\/a>\n\t\t\t<\/div><\/figure><figure class='gallery-item'>\n\t\t\t<div class='gallery-icon landscape'>\n\t\t\t\t<a href='https:\/\/fr.motocrossmag.be\/index.php\/2015\/03\/photos-une-galerie-xxl-du-gp-du-qatar\/spectators_qatar15_8481\/'><img decoding=\"async\" width=\"150\" height=\"150\" src=\"https:\/\/fr.motocrossmag.be\/wp-content\/uploads\/2015\/03\/spectators_qatar15_8481-150x150.jpg\" class=\"attachment-thumbnail size-thumbnail\" alt=\"\" srcset=\"https:\/\/fr.motocrossmag.be\/wp-content\/uploads\/2015\/03\/spectators_qatar15_8481-150x150.jpg 150w, https:\/\/fr.motocrossmag.be\/wp-content\/uploads\/2015\/03\/spectators_qatar15_8481-50x50.jpg 50w\" sizes=\"(max-width: 150px) 100vw, 150px\" \/><\/a>\n\t\t\t<\/div><\/figure><figure class='gallery-item'>\n\t\t\t<div class='gallery-icon landscape'>\n\t\t\t\t<a href='https:\/\/fr.motocrossmag.be\/index.php\/2015\/03\/photos-une-galerie-xxl-du-gp-du-qatar\/start_mx2_qatar15_1070272dpi\/'><img decoding=\"async\" width=\"150\" height=\"150\" src=\"https:\/\/fr.motocrossmag.be\/wp-content\/uploads\/2015\/03\/start_mx2_qatar15_1070272dpi-150x150.jpg\" class=\"attachment-thumbnail size-thumbnail\" alt=\"\" srcset=\"https:\/\/fr.motocrossmag.be\/wp-content\/uploads\/2015\/03\/start_mx2_qatar15_1070272dpi-150x150.jpg 150w, https:\/\/fr.motocrossmag.be\/wp-content\/uploads\/2015\/03\/start_mx2_qatar15_1070272dpi-50x50.jpg 50w\" sizes=\"(max-width: 150px) 100vw, 150px\" \/><\/a>\n\t\t\t<\/div><\/figure><figure class='gallery-item'>\n\t\t\t<div class='gallery-icon portrait'>\n\t\t\t\t<a href='https:\/\/fr.motocrossmag.be\/index.php\/2015\/03\/photos-une-galerie-xxl-du-gp-du-qatar\/strijbos_coldenhoff_qatar15_8083\/'><img decoding=\"async\" width=\"150\" height=\"150\" src=\"https:\/\/fr.motocrossmag.be\/wp-content\/uploads\/2015\/03\/strijbos_coldenhoff_qatar15_8083-150x150.jpg\" class=\"attachment-thumbnail size-thumbnail\" alt=\"\" srcset=\"https:\/\/fr.motocrossmag.be\/wp-content\/uploads\/2015\/03\/strijbos_coldenhoff_qatar15_8083-150x150.jpg 150w, https:\/\/fr.motocrossmag.be\/wp-content\/uploads\/2015\/03\/strijbos_coldenhoff_qatar15_8083-50x50.jpg 50w\" sizes=\"(max-width: 150px) 100vw, 150px\" \/><\/a>\n\t\t\t<\/div><\/figure><figure class='gallery-item'>\n\t\t\t<div class='gallery-icon landscape'>\n\t\t\t\t<a href='https:\/\/fr.motocrossmag.be\/index.php\/2015\/03\/photos-une-galerie-xxl-du-gp-du-qatar\/strijbos_qatar15_8253\/'><img decoding=\"async\" width=\"150\" height=\"150\" src=\"https:\/\/fr.motocrossmag.be\/wp-content\/uploads\/2015\/03\/strijbos_qatar15_8253-150x150.jpg\" class=\"attachment-thumbnail size-thumbnail\" alt=\"\" srcset=\"https:\/\/fr.motocrossmag.be\/wp-content\/uploads\/2015\/03\/strijbos_qatar15_8253-150x150.jpg 150w, https:\/\/fr.motocrossmag.be\/wp-content\/uploads\/2015\/03\/strijbos_qatar15_8253-50x50.jpg 50w\" sizes=\"(max-width: 150px) 100vw, 150px\" \/><\/a>\n\t\t\t<\/div><\/figure><figure class='gallery-item'>\n\t\t\t<div class='gallery-icon landscape'>\n\t\t\t\t<a href='https:\/\/fr.motocrossmag.be\/index.php\/2015\/03\/photos-une-galerie-xxl-du-gp-du-qatar\/strijbos_qatar15_14950\/'><img decoding=\"async\" width=\"150\" height=\"150\" src=\"https:\/\/fr.motocrossmag.be\/wp-content\/uploads\/2015\/03\/strijbos_qatar15_14950-150x150.jpg\" class=\"attachment-thumbnail size-thumbnail\" alt=\"\" srcset=\"https:\/\/fr.motocrossmag.be\/wp-content\/uploads\/2015\/03\/strijbos_qatar15_14950-150x150.jpg 150w, https:\/\/fr.motocrossmag.be\/wp-content\/uploads\/2015\/03\/strijbos_qatar15_14950-50x50.jpg 50w\" sizes=\"(max-width: 150px) 100vw, 150px\" \/><\/a>\n\t\t\t<\/div><\/figure><figure class='gallery-item'>\n\t\t\t<div class='gallery-icon landscape'>\n\t\t\t\t<a href='https:\/\/fr.motocrossmag.be\/index.php\/2015\/03\/photos-une-galerie-xxl-du-gp-du-qatar\/sunset_qatar15_10740\/'><img decoding=\"async\" width=\"150\" height=\"150\" src=\"https:\/\/fr.motocrossmag.be\/wp-content\/uploads\/2015\/03\/sunset_qatar15_10740-150x150.jpg\" class=\"attachment-thumbnail size-thumbnail\" alt=\"\" srcset=\"https:\/\/fr.motocrossmag.be\/wp-content\/uploads\/2015\/03\/sunset_qatar15_10740-150x150.jpg 150w, https:\/\/fr.motocrossmag.be\/wp-content\/uploads\/2015\/03\/sunset_qatar15_10740-50x50.jpg 50w\" sizes=\"(max-width: 150px) 100vw, 150px\" \/><\/a>\n\t\t\t<\/div><\/figure><figure class='gallery-item'>\n\t\t\t<div class='gallery-icon landscape'>\n\t\t\t\t<a href='https:\/\/fr.motocrossmag.be\/index.php\/2015\/03\/photos-une-galerie-xxl-du-gp-du-qatar\/sunset_qatar15_10985\/'><img decoding=\"async\" width=\"150\" height=\"150\" src=\"https:\/\/fr.motocrossmag.be\/wp-content\/uploads\/2015\/03\/sunset_qatar15_10985-150x150.jpg\" class=\"attachment-thumbnail size-thumbnail\" alt=\"\" srcset=\"https:\/\/fr.motocrossmag.be\/wp-content\/uploads\/2015\/03\/sunset_qatar15_10985-150x150.jpg 150w, https:\/\/fr.motocrossmag.be\/wp-content\/uploads\/2015\/03\/sunset_qatar15_10985-50x50.jpg 50w\" sizes=\"(max-width: 150px) 100vw, 150px\" \/><\/a>\n\t\t\t<\/div><\/figure><figure class='gallery-item'>\n\t\t\t<div class='gallery-icon landscape'>\n\t\t\t\t<a href='https:\/\/fr.motocrossmag.be\/index.php\/2015\/03\/photos-une-galerie-xxl-du-gp-du-qatar\/tixier_qatar15_14371\/'><img decoding=\"async\" width=\"150\" height=\"150\" src=\"https:\/\/fr.motocrossmag.be\/wp-content\/uploads\/2015\/03\/tixier_qatar15_14371-150x150.jpg\" class=\"attachment-thumbnail size-thumbnail\" alt=\"\" srcset=\"https:\/\/fr.motocrossmag.be\/wp-content\/uploads\/2015\/03\/tixier_qatar15_14371-150x150.jpg 150w, https:\/\/fr.motocrossmag.be\/wp-content\/uploads\/2015\/03\/tixier_qatar15_14371-50x50.jpg 50w\" sizes=\"(max-width: 150px) 100vw, 150px\" \/><\/a>\n\t\t\t<\/div><\/figure><figure class='gallery-item'>\n\t\t\t<div class='gallery-icon landscape'>\n\t\t\t\t<a href='https:\/\/fr.motocrossmag.be\/index.php\/2015\/03\/photos-une-galerie-xxl-du-gp-du-qatar\/tixier_qatar15_14570\/'><img decoding=\"async\" width=\"150\" height=\"150\" src=\"https:\/\/fr.motocrossmag.be\/wp-content\/uploads\/2015\/03\/tixier_qatar15_14570-150x150.jpg\" class=\"attachment-thumbnail size-thumbnail\" alt=\"\" srcset=\"https:\/\/fr.motocrossmag.be\/wp-content\/uploads\/2015\/03\/tixier_qatar15_14570-150x150.jpg 150w, https:\/\/fr.motocrossmag.be\/wp-content\/uploads\/2015\/03\/tixier_qatar15_14570-50x50.jpg 50w\" sizes=\"(max-width: 150px) 100vw, 150px\" \/><\/a>\n\t\t\t<\/div><\/figure><figure class='gallery-item'>\n\t\t\t<div class='gallery-icon landscape'>\n\t\t\t\t<a href='https:\/\/fr.motocrossmag.be\/index.php\/2015\/03\/photos-une-galerie-xxl-du-gp-du-qatar\/tonkov_qatar15_8054\/'><img decoding=\"async\" width=\"150\" height=\"150\" src=\"https:\/\/fr.motocrossmag.be\/wp-content\/uploads\/2015\/03\/tonkov_qatar15_8054-150x150.jpg\" class=\"attachment-thumbnail size-thumbnail\" alt=\"\" srcset=\"https:\/\/fr.motocrossmag.be\/wp-content\/uploads\/2015\/03\/tonkov_qatar15_8054-150x150.jpg 150w, https:\/\/fr.motocrossmag.be\/wp-content\/uploads\/2015\/03\/tonkov_qatar15_8054-50x50.jpg 50w\" sizes=\"(max-width: 150px) 100vw, 150px\" \/><\/a>\n\t\t\t<\/div><\/figure><figure class='gallery-item'>\n\t\t\t<div class='gallery-icon landscape'>\n\t\t\t\t<a href='https:\/\/fr.motocrossmag.be\/index.php\/2015\/03\/photos-une-galerie-xxl-du-gp-du-qatar\/tonkov_qatar15_14414\/'><img decoding=\"async\" width=\"150\" height=\"150\" src=\"https:\/\/fr.motocrossmag.be\/wp-content\/uploads\/2015\/03\/tonkov_qatar15_14414-150x150.jpg\" class=\"attachment-thumbnail size-thumbnail\" alt=\"\" srcset=\"https:\/\/fr.motocrossmag.be\/wp-content\/uploads\/2015\/03\/tonkov_qatar15_14414-150x150.jpg 150w, https:\/\/fr.motocrossmag.be\/wp-content\/uploads\/2015\/03\/tonkov_qatar15_14414-50x50.jpg 50w\" sizes=\"(max-width: 150px) 100vw, 150px\" \/><\/a>\n\t\t\t<\/div><\/figure><figure class='gallery-item'>\n\t\t\t<div class='gallery-icon landscape'>\n\t\t\t\t<a href='https:\/\/fr.motocrossmag.be\/index.php\/2015\/03\/photos-une-galerie-xxl-du-gp-du-qatar\/vdven_fontanesi_qatar15_11544\/'><img decoding=\"async\" width=\"150\" height=\"150\" src=\"https:\/\/fr.motocrossmag.be\/wp-content\/uploads\/2015\/03\/vdven_fontanesi_qatar15_11544-150x150.jpg\" class=\"attachment-thumbnail size-thumbnail\" alt=\"\" srcset=\"https:\/\/fr.motocrossmag.be\/wp-content\/uploads\/2015\/03\/vdven_fontanesi_qatar15_11544-150x150.jpg 150w, https:\/\/fr.motocrossmag.be\/wp-content\/uploads\/2015\/03\/vdven_fontanesi_qatar15_11544-50x50.jpg 50w\" sizes=\"(max-width: 150px) 100vw, 150px\" \/><\/a>\n\t\t\t<\/div><\/figure><figure class='gallery-item'>\n\t\t\t<div class='gallery-icon landscape'>\n\t\t\t\t<a href='https:\/\/fr.motocrossmag.be\/index.php\/2015\/03\/photos-une-galerie-xxl-du-gp-du-qatar\/villopoto_img_1215\/'><img decoding=\"async\" width=\"150\" height=\"150\" src=\"https:\/\/fr.motocrossmag.be\/wp-content\/uploads\/2015\/03\/villopoto_IMG_1215-150x150.jpg\" class=\"attachment-thumbnail size-thumbnail\" alt=\"\" srcset=\"https:\/\/fr.motocrossmag.be\/wp-content\/uploads\/2015\/03\/villopoto_IMG_1215-150x150.jpg 150w, https:\/\/fr.motocrossmag.be\/wp-content\/uploads\/2015\/03\/villopoto_IMG_1215-50x50.jpg 50w\" sizes=\"(max-width: 150px) 100vw, 150px\" \/><\/a>\n\t\t\t<\/div><\/figure><figure class='gallery-item'>\n\t\t\t<div class='gallery-icon landscape'>\n\t\t\t\t<a href='https:\/\/fr.motocrossmag.be\/index.php\/2015\/03\/photos-une-galerie-xxl-du-gp-du-qatar\/villopoto_qatar15_10896\/'><img decoding=\"async\" width=\"150\" height=\"150\" src=\"https:\/\/fr.motocrossmag.be\/wp-content\/uploads\/2015\/03\/villopoto_qatar15_10896-150x150.jpg\" class=\"attachment-thumbnail size-thumbnail\" alt=\"\" srcset=\"https:\/\/fr.motocrossmag.be\/wp-content\/uploads\/2015\/03\/villopoto_qatar15_10896-150x150.jpg 150w, https:\/\/fr.motocrossmag.be\/wp-content\/uploads\/2015\/03\/villopoto_qatar15_10896-50x50.jpg 50w\" sizes=\"(max-width: 150px) 100vw, 150px\" \/><\/a>\n\t\t\t<\/div><\/figure><figure class='gallery-item'>\n\t\t\t<div class='gallery-icon landscape'>\n\t\t\t\t<a href='https:\/\/fr.motocrossmag.be\/index.php\/2015\/03\/photos-une-galerie-xxl-du-gp-du-qatar\/waterhose_qatar15_8479\/'><img decoding=\"async\" width=\"150\" height=\"150\" src=\"https:\/\/fr.motocrossmag.be\/wp-content\/uploads\/2015\/03\/waterhose_qatar15_8479-150x150.jpg\" class=\"attachment-thumbnail size-thumbnail\" alt=\"\" srcset=\"https:\/\/fr.motocrossmag.be\/wp-content\/uploads\/2015\/03\/waterhose_qatar15_8479-150x150.jpg 150w, https:\/\/fr.motocrossmag.be\/wp-content\/uploads\/2015\/03\/waterhose_qatar15_8479-50x50.jpg 50w\" sizes=\"(max-width: 150px) 100vw, 150px\" \/><\/a>\n\t\t\t<\/div><\/figure><figure class='gallery-item'>\n\t\t\t<div class='gallery-icon landscape'>\n\t\t\t\t<a href='https:\/\/fr.motocrossmag.be\/index.php\/2015\/03\/photos-une-galerie-xxl-du-gp-du-qatar\/waters_qatar15_8617\/'><img decoding=\"async\" width=\"150\" height=\"150\" src=\"https:\/\/fr.motocrossmag.be\/wp-content\/uploads\/2015\/03\/waters_qatar15_8617-150x150.jpg\" class=\"attachment-thumbnail size-thumbnail\" alt=\"\" srcset=\"https:\/\/fr.motocrossmag.be\/wp-content\/uploads\/2015\/03\/waters_qatar15_8617-150x150.jpg 150w, https:\/\/fr.motocrossmag.be\/wp-content\/uploads\/2015\/03\/waters_qatar15_8617-50x50.jpg 50w\" sizes=\"(max-width: 150px) 100vw, 150px\" \/><\/a>\n\t\t\t<\/div><\/figure><figure class='gallery-item'>\n\t\t\t<div class='gallery-icon landscape'>\n\t\t\t\t<a href='https:\/\/fr.motocrossmag.be\/index.php\/2015\/03\/photos-une-galerie-xxl-du-gp-du-qatar\/waters_qatar15_14875\/'><img decoding=\"async\" width=\"150\" height=\"150\" src=\"https:\/\/fr.motocrossmag.be\/wp-content\/uploads\/2015\/03\/waters_qatar15_14875-150x150.jpg\" class=\"attachment-thumbnail size-thumbnail\" alt=\"\" srcset=\"https:\/\/fr.motocrossmag.be\/wp-content\/uploads\/2015\/03\/waters_qatar15_14875-150x150.jpg 150w, https:\/\/fr.motocrossmag.be\/wp-content\/uploads\/2015\/03\/waters_qatar15_14875-50x50.jpg 50w\" sizes=\"(max-width: 150px) 100vw, 150px\" \/><\/a>\n\t\t\t<\/div><\/figure><figure class='gallery-item'>\n\t\t\t<div class='gallery-icon landscape'>\n\t\t\t\t<a href='https:\/\/fr.motocrossmag.be\/index.php\/2015\/03\/photos-une-galerie-xxl-du-gp-du-qatar\/watson_qatar15_9152\/'><img decoding=\"async\" width=\"150\" height=\"150\" src=\"https:\/\/fr.motocrossmag.be\/wp-content\/uploads\/2015\/03\/watson_qatar15_9152-150x150.jpg\" class=\"attachment-thumbnail size-thumbnail\" alt=\"\" srcset=\"https:\/\/fr.motocrossmag.be\/wp-content\/uploads\/2015\/03\/watson_qatar15_9152-150x150.jpg 150w, https:\/\/fr.motocrossmag.be\/wp-content\/uploads\/2015\/03\/watson_qatar15_9152-50x50.jpg 50w\" sizes=\"(max-width: 150px) 100vw, 150px\" \/><\/a>\n\t\t\t<\/div><\/figure><figure class='gallery-item'>\n\t\t\t<div class='gallery-icon landscape'>\n\t\t\t\t<a href='https:\/\/fr.motocrossmag.be\/index.php\/2015\/03\/photos-une-galerie-xxl-du-gp-du-qatar\/watson_qatar15_9601\/'><img decoding=\"async\" width=\"150\" height=\"150\" src=\"https:\/\/fr.motocrossmag.be\/wp-content\/uploads\/2015\/03\/watson_qatar15_9601-150x150.jpg\" class=\"attachment-thumbnail size-thumbnail\" alt=\"\" srcset=\"https:\/\/fr.motocrossmag.be\/wp-content\/uploads\/2015\/03\/watson_qatar15_9601-150x150.jpg 150w, https:\/\/fr.motocrossmag.be\/wp-content\/uploads\/2015\/03\/watson_qatar15_9601-50x50.jpg 50w\" sizes=\"(max-width: 150px) 100vw, 150px\" \/><\/a>\n\t\t\t<\/div><\/figure><figure class='gallery-item'>\n\t\t\t<div class='gallery-icon landscape'>\n\t\t\t\t<a href='https:\/\/fr.motocrossmag.be\/index.php\/2015\/03\/photos-une-galerie-xxl-du-gp-du-qatar\/watson_qatar15_9801\/'><img decoding=\"async\" width=\"150\" height=\"150\" src=\"https:\/\/fr.motocrossmag.be\/wp-content\/uploads\/2015\/03\/watson_qatar15_9801-150x150.jpg\" class=\"attachment-thumbnail size-thumbnail\" alt=\"\" srcset=\"https:\/\/fr.motocrossmag.be\/wp-content\/uploads\/2015\/03\/watson_qatar15_9801-150x150.jpg 150w, https:\/\/fr.motocrossmag.be\/wp-content\/uploads\/2015\/03\/watson_qatar15_9801-50x50.jpg 50w\" sizes=\"(max-width: 150px) 100vw, 150px\" \/><\/a>\n\t\t\t<\/div><\/figure><figure class='gallery-item'>\n\t\t\t<div class='gallery-icon landscape'>\n\t\t\t\t<a href='https:\/\/fr.motocrossmag.be\/index.php\/2015\/03\/photos-une-galerie-xxl-du-gp-du-qatar\/yamaha_qatar15_8615\/'><img decoding=\"async\" width=\"150\" height=\"150\" src=\"https:\/\/fr.motocrossmag.be\/wp-content\/uploads\/2015\/03\/yamaha_qatar15_8615-150x150.jpg\" class=\"attachment-thumbnail size-thumbnail\" alt=\"\" srcset=\"https:\/\/fr.motocrossmag.be\/wp-content\/uploads\/2015\/03\/yamaha_qatar15_8615-150x150.jpg 150w, https:\/\/fr.motocrossmag.be\/wp-content\/uploads\/2015\/03\/yamaha_qatar15_8615-50x50.jpg 50w\" sizes=\"(max-width: 150px) 100vw, 150px\" \/><\/a>\n\t\t\t<\/div><\/figure>\n\t\t<\/div>\n\n","protected":false},"excerpt":{"rendered":"<p>La configuration du GP du Qatar, avec ses courses disput\u00e9es de nuit et sa piste artificielle illumin\u00e9e, en fait une \u00e9preuve d\u00e9fintivement atypique. Notre photographe maison CDS a effectu\u00e9 pour nous une s\u00e9lection de plus de 100 clich\u00e9s qui nous font revivre toute la magie de ce premier rendez-vous de la saison MXGP.<\/p>\n","protected":false},"author":932,"featured_media":30816,"comment_status":"open","ping_status":"closed","sticky":false,"template":"","format":"standard","meta":{"tdm_status":"","tdm_grid_status":"","footnotes":""},"categories":[54,4,6,5,55,66,65],"tags":[],"class_list":["post-30723","post","type-post","status-publish","format-standard","has-post-thumbnail","category-actualite","category-motocross","category-mx1mx2","category-news","category-news-actualite","category-photos","category-slideshow"],"yoast_head":"<!-- This site is optimized with the Yoast SEO plugin v28.3 - https:\/\/yoast.com\/product\/yoast-seo-wordpress\/ -->\n<title>Photos: une galerie XXL du GP du Qatar - Motocross - Enduro - Supermoto | MotocrossMag<\/title>\n<meta name=\"robots\" content=\"index, follow, max-snippet:-1, max-image-preview:large, max-video-preview:-1\" \/>\n<link rel=\"canonical\" href=\"https:\/\/fr.motocrossmag.be\/index.php\/2015\/03\/photos-une-galerie-xxl-du-gp-du-qatar\/\" \/>\n<meta property=\"og:locale\" content=\"fr_FR\" \/>\n<meta property=\"og:type\" content=\"article\" \/>\n<meta property=\"og:title\" content=\"Photos: une galerie XXL du GP du Qatar - Motocross - Enduro - Supermoto | MotocrossMag\" \/>\n<meta property=\"og:description\" content=\"La configuration du GP du Qatar, avec ses courses disput\u00e9es de nuit et sa piste artificielle illumin\u00e9e, en fait une \u00e9preuve d\u00e9fintivement atypique. Notre photographe maison CDS a effectu\u00e9 pour nous une s\u00e9lection de plus de 100 clich\u00e9s qui nous font revivre toute la magie de ce premier rendez-vous de la saison MXGP.\" \/>\n<meta property=\"og:url\" content=\"https:\/\/fr.motocrossmag.be\/index.php\/2015\/03\/photos-une-galerie-xxl-du-gp-du-qatar\/\" \/>\n<meta property=\"og:site_name\" content=\"Motocross - Enduro - Supermoto | MotocrossMag\" \/>\n<meta property=\"article:published_time\" content=\"2015-03-03T09:52:33+00:00\" \/>\n<meta property=\"og:image\" content=\"https:\/\/fr.motocrossmag.be\/wp-content\/uploads\/2015\/03\/sunset_qatar15_10740.jpg\" \/>\n\t<meta property=\"og:image:width\" content=\"1024\" \/>\n\t<meta property=\"og:image:height\" content=\"683\" \/>\n\t<meta property=\"og:image:type\" content=\"image\/jpeg\" \/>\n<meta name=\"author\" content=\"oliviere\" \/>\n<meta name=\"twitter:card\" content=\"summary_large_image\" \/>\n<meta name=\"twitter:label1\" content=\"\u00c9crit par\" \/>\n\t<meta name=\"twitter:data1\" content=\"oliviere\" \/>\n<script type=\"application\/ld+json\" class=\"yoast-schema-graph\">{\"@context\":\"https:\\\/\\\/schema.org\",\"@graph\":[{\"@type\":\"Article\",\"@id\":\"https:\\\/\\\/fr.motocrossmag.be\\\/index.php\\\/2015\\\/03\\\/photos-une-galerie-xxl-du-gp-du-qatar\\\/#article\",\"isPartOf\":{\"@id\":\"https:\\\/\\\/fr.motocrossmag.be\\\/index.php\\\/2015\\\/03\\\/photos-une-galerie-xxl-du-gp-du-qatar\\\/\"},\"author\":{\"name\":\"oliviere\",\"@id\":\"https:\\\/\\\/fr.motocrossmag.be\\\/#\\\/schema\\\/person\\\/11b47143d9f755babca2c9110e03235c\"},\"headline\":\"Photos: une galerie XXL du GP du Qatar\",\"datePublished\":\"2015-03-03T09:52:33+00:00\",\"mainEntityOfPage\":{\"@id\":\"https:\\\/\\\/fr.motocrossmag.be\\\/index.php\\\/2015\\\/03\\\/photos-une-galerie-xxl-du-gp-du-qatar\\\/\"},\"wordCount\":67,\"commentCount\":0,\"image\":{\"@id\":\"https:\\\/\\\/fr.motocrossmag.be\\\/index.php\\\/2015\\\/03\\\/photos-une-galerie-xxl-du-gp-du-qatar\\\/#primaryimage\"},\"thumbnailUrl\":\"https:\\\/\\\/fr.motocrossmag.be\\\/wp-content\\\/uploads\\\/2015\\\/03\\\/sunset_qatar15_10740.jpg\",\"articleSection\":[\"Actualit\u00e9\",\"Motocross\",\"Motocross MXGP\",\"News\",\"News\",\"Photos\",\"Slideshow\"],\"inLanguage\":\"fr-FR\",\"potentialAction\":[{\"@type\":\"CommentAction\",\"name\":\"Comment\",\"target\":[\"https:\\\/\\\/fr.motocrossmag.be\\\/index.php\\\/2015\\\/03\\\/photos-une-galerie-xxl-du-gp-du-qatar\\\/#respond\"]}]},{\"@type\":\"WebPage\",\"@id\":\"https:\\\/\\\/fr.motocrossmag.be\\\/index.php\\\/2015\\\/03\\\/photos-une-galerie-xxl-du-gp-du-qatar\\\/\",\"url\":\"https:\\\/\\\/fr.motocrossmag.be\\\/index.php\\\/2015\\\/03\\\/photos-une-galerie-xxl-du-gp-du-qatar\\\/\",\"name\":\"Photos: une galerie XXL du GP du Qatar - Motocross - Enduro - Supermoto | MotocrossMag\",\"isPartOf\":{\"@id\":\"https:\\\/\\\/fr.motocrossmag.be\\\/#website\"},\"primaryImageOfPage\":{\"@id\":\"https:\\\/\\\/fr.motocrossmag.be\\\/index.php\\\/2015\\\/03\\\/photos-une-galerie-xxl-du-gp-du-qatar\\\/#primaryimage\"},\"image\":{\"@id\":\"https:\\\/\\\/fr.motocrossmag.be\\\/index.php\\\/2015\\\/03\\\/photos-une-galerie-xxl-du-gp-du-qatar\\\/#primaryimage\"},\"thumbnailUrl\":\"https:\\\/\\\/fr.motocrossmag.be\\\/wp-content\\\/uploads\\\/2015\\\/03\\\/sunset_qatar15_10740.jpg\",\"datePublished\":\"2015-03-03T09:52:33+00:00\",\"author\":{\"@id\":\"https:\\\/\\\/fr.motocrossmag.be\\\/#\\\/schema\\\/person\\\/11b47143d9f755babca2c9110e03235c\"},\"breadcrumb\":{\"@id\":\"https:\\\/\\\/fr.motocrossmag.be\\\/index.php\\\/2015\\\/03\\\/photos-une-galerie-xxl-du-gp-du-qatar\\\/#breadcrumb\"},\"inLanguage\":\"fr-FR\",\"potentialAction\":[{\"@type\":\"ReadAction\",\"target\":[\"https:\\\/\\\/fr.motocrossmag.be\\\/index.php\\\/2015\\\/03\\\/photos-une-galerie-xxl-du-gp-du-qatar\\\/\"]}]},{\"@type\":\"ImageObject\",\"inLanguage\":\"fr-FR\",\"@id\":\"https:\\\/\\\/fr.motocrossmag.be\\\/index.php\\\/2015\\\/03\\\/photos-une-galerie-xxl-du-gp-du-qatar\\\/#primaryimage\",\"url\":\"https:\\\/\\\/fr.motocrossmag.be\\\/wp-content\\\/uploads\\\/2015\\\/03\\\/sunset_qatar15_10740.jpg\",\"contentUrl\":\"https:\\\/\\\/fr.motocrossmag.be\\\/wp-content\\\/uploads\\\/2015\\\/03\\\/sunset_qatar15_10740.jpg\",\"width\":1024,\"height\":683},{\"@type\":\"BreadcrumbList\",\"@id\":\"https:\\\/\\\/fr.motocrossmag.be\\\/index.php\\\/2015\\\/03\\\/photos-une-galerie-xxl-du-gp-du-qatar\\\/#breadcrumb\",\"itemListElement\":[{\"@type\":\"ListItem\",\"position\":1,\"name\":\"Accueil\",\"item\":\"https:\\\/\\\/fr.motocrossmag.be\\\/\"},{\"@type\":\"ListItem\",\"position\":2,\"name\":\"Photos: une galerie XXL du GP du Qatar\"}]},{\"@type\":\"WebSite\",\"@id\":\"https:\\\/\\\/fr.motocrossmag.be\\\/#website\",\"url\":\"https:\\\/\\\/fr.motocrossmag.be\\\/\",\"name\":\"Motocross - Enduro - Supermoto | MotocrossMag\",\"description\":\"L&#039;actualit\u00e9 du motocross, de l&#039;enduro et du Supermoto en ligne!\",\"potentialAction\":[{\"@type\":\"SearchAction\",\"target\":{\"@type\":\"EntryPoint\",\"urlTemplate\":\"https:\\\/\\\/fr.motocrossmag.be\\\/?s={search_term_string}\"},\"query-input\":{\"@type\":\"PropertyValueSpecification\",\"valueRequired\":true,\"valueName\":\"search_term_string\"}}],\"inLanguage\":\"fr-FR\"},{\"@type\":\"Person\",\"@id\":\"https:\\\/\\\/fr.motocrossmag.be\\\/#\\\/schema\\\/person\\\/11b47143d9f755babca2c9110e03235c\",\"name\":\"oliviere\",\"image\":{\"@type\":\"ImageObject\",\"inLanguage\":\"fr-FR\",\"@id\":\"https:\\\/\\\/secure.gravatar.com\\\/avatar\\\/907069e0b81d119452040469e4a7501da1100f54f7f80180ce77bfab718288f6?s=96&d=mm&r=g\",\"url\":\"https:\\\/\\\/secure.gravatar.com\\\/avatar\\\/907069e0b81d119452040469e4a7501da1100f54f7f80180ce77bfab718288f6?s=96&d=mm&r=g\",\"contentUrl\":\"https:\\\/\\\/secure.gravatar.com\\\/avatar\\\/907069e0b81d119452040469e4a7501da1100f54f7f80180ce77bfab718288f6?s=96&d=mm&r=g\",\"caption\":\"oliviere\"},\"sameAs\":[\"http:\\\/\\\/www.motocrossmag.be\"],\"url\":\"https:\\\/\\\/fr.motocrossmag.be\\\/index.php\\\/author\\\/oliviere\\\/\"}]}<\/script>\n<!-- \/ Yoast SEO plugin. -->","yoast_head_json":{"title":"Photos: une galerie XXL du GP du Qatar - Motocross - Enduro - Supermoto | MotocrossMag","robots":{"index":"index","follow":"follow","max-snippet":"max-snippet:-1","max-image-preview":"max-image-preview:large","max-video-preview":"max-video-preview:-1"},"canonical":"https:\/\/fr.motocrossmag.be\/index.php\/2015\/03\/photos-une-galerie-xxl-du-gp-du-qatar\/","og_locale":"fr_FR","og_type":"article","og_title":"Photos: une galerie XXL du GP du Qatar - Motocross - Enduro - Supermoto | MotocrossMag","og_description":"La configuration du GP du Qatar, avec ses courses disput\u00e9es de nuit et sa piste artificielle illumin\u00e9e, en fait une \u00e9preuve d\u00e9fintivement atypique. Notre photographe maison CDS a effectu\u00e9 pour nous une s\u00e9lection de plus de 100 clich\u00e9s qui nous font revivre toute la magie de ce premier rendez-vous de la saison MXGP.","og_url":"https:\/\/fr.motocrossmag.be\/index.php\/2015\/03\/photos-une-galerie-xxl-du-gp-du-qatar\/","og_site_name":"Motocross - Enduro - Supermoto | MotocrossMag","article_published_time":"2015-03-03T09:52:33+00:00","og_image":[{"width":1024,"height":683,"url":"https:\/\/fr.motocrossmag.be\/wp-content\/uploads\/2015\/03\/sunset_qatar15_10740.jpg","type":"image\/jpeg"}],"author":"oliviere","twitter_card":"summary_large_image","twitter_misc":{"\u00c9crit par":"oliviere"},"schema":{"@context":"https:\/\/schema.org","@graph":[{"@type":"Article","@id":"https:\/\/fr.motocrossmag.be\/index.php\/2015\/03\/photos-une-galerie-xxl-du-gp-du-qatar\/#article","isPartOf":{"@id":"https:\/\/fr.motocrossmag.be\/index.php\/2015\/03\/photos-une-galerie-xxl-du-gp-du-qatar\/"},"author":{"name":"oliviere","@id":"https:\/\/fr.motocrossmag.be\/#\/schema\/person\/11b47143d9f755babca2c9110e03235c"},"headline":"Photos: une galerie XXL du GP du Qatar","datePublished":"2015-03-03T09:52:33+00:00","mainEntityOfPage":{"@id":"https:\/\/fr.motocrossmag.be\/index.php\/2015\/03\/photos-une-galerie-xxl-du-gp-du-qatar\/"},"wordCount":67,"commentCount":0,"image":{"@id":"https:\/\/fr.motocrossmag.be\/index.php\/2015\/03\/photos-une-galerie-xxl-du-gp-du-qatar\/#primaryimage"},"thumbnailUrl":"https:\/\/fr.motocrossmag.be\/wp-content\/uploads\/2015\/03\/sunset_qatar15_10740.jpg","articleSection":["Actualit\u00e9","Motocross","Motocross MXGP","News","News","Photos","Slideshow"],"inLanguage":"fr-FR","potentialAction":[{"@type":"CommentAction","name":"Comment","target":["https:\/\/fr.motocrossmag.be\/index.php\/2015\/03\/photos-une-galerie-xxl-du-gp-du-qatar\/#respond"]}]},{"@type":"WebPage","@id":"https:\/\/fr.motocrossmag.be\/index.php\/2015\/03\/photos-une-galerie-xxl-du-gp-du-qatar\/","url":"https:\/\/fr.motocrossmag.be\/index.php\/2015\/03\/photos-une-galerie-xxl-du-gp-du-qatar\/","name":"Photos: une galerie XXL du GP du Qatar - Motocross - Enduro - Supermoto | MotocrossMag","isPartOf":{"@id":"https:\/\/fr.motocrossmag.be\/#website"},"primaryImageOfPage":{"@id":"https:\/\/fr.motocrossmag.be\/index.php\/2015\/03\/photos-une-galerie-xxl-du-gp-du-qatar\/#primaryimage"},"image":{"@id":"https:\/\/fr.motocrossmag.be\/index.php\/2015\/03\/photos-une-galerie-xxl-du-gp-du-qatar\/#primaryimage"},"thumbnailUrl":"https:\/\/fr.motocrossmag.be\/wp-content\/uploads\/2015\/03\/sunset_qatar15_10740.jpg","datePublished":"2015-03-03T09:52:33+00:00","author":{"@id":"https:\/\/fr.motocrossmag.be\/#\/schema\/person\/11b47143d9f755babca2c9110e03235c"},"breadcrumb":{"@id":"https:\/\/fr.motocrossmag.be\/index.php\/2015\/03\/photos-une-galerie-xxl-du-gp-du-qatar\/#breadcrumb"},"inLanguage":"fr-FR","potentialAction":[{"@type":"ReadAction","target":["https:\/\/fr.motocrossmag.be\/index.php\/2015\/03\/photos-une-galerie-xxl-du-gp-du-qatar\/"]}]},{"@type":"ImageObject","inLanguage":"fr-FR","@id":"https:\/\/fr.motocrossmag.be\/index.php\/2015\/03\/photos-une-galerie-xxl-du-gp-du-qatar\/#primaryimage","url":"https:\/\/fr.motocrossmag.be\/wp-content\/uploads\/2015\/03\/sunset_qatar15_10740.jpg","contentUrl":"https:\/\/fr.motocrossmag.be\/wp-content\/uploads\/2015\/03\/sunset_qatar15_10740.jpg","width":1024,"height":683},{"@type":"BreadcrumbList","@id":"https:\/\/fr.motocrossmag.be\/index.php\/2015\/03\/photos-une-galerie-xxl-du-gp-du-qatar\/#breadcrumb","itemListElement":[{"@type":"ListItem","position":1,"name":"Accueil","item":"https:\/\/fr.motocrossmag.be\/"},{"@type":"ListItem","position":2,"name":"Photos: une galerie XXL du GP du Qatar"}]},{"@type":"WebSite","@id":"https:\/\/fr.motocrossmag.be\/#website","url":"https:\/\/fr.motocrossmag.be\/","name":"Motocross - Enduro - Supermoto | MotocrossMag","description":"L&#039;actualit\u00e9 du motocross, de l&#039;enduro et du Supermoto en ligne!","potentialAction":[{"@type":"SearchAction","target":{"@type":"EntryPoint","urlTemplate":"https:\/\/fr.motocrossmag.be\/?s={search_term_string}"},"query-input":{"@type":"PropertyValueSpecification","valueRequired":true,"valueName":"search_term_string"}}],"inLanguage":"fr-FR"},{"@type":"Person","@id":"https:\/\/fr.motocrossmag.be\/#\/schema\/person\/11b47143d9f755babca2c9110e03235c","name":"oliviere","image":{"@type":"ImageObject","inLanguage":"fr-FR","@id":"https:\/\/secure.gravatar.com\/avatar\/907069e0b81d119452040469e4a7501da1100f54f7f80180ce77bfab718288f6?s=96&d=mm&r=g","url":"https:\/\/secure.gravatar.com\/avatar\/907069e0b81d119452040469e4a7501da1100f54f7f80180ce77bfab718288f6?s=96&d=mm&r=g","contentUrl":"https:\/\/secure.gravatar.com\/avatar\/907069e0b81d119452040469e4a7501da1100f54f7f80180ce77bfab718288f6?s=96&d=mm&r=g","caption":"oliviere"},"sameAs":["http:\/\/www.motocrossmag.be"],"url":"https:\/\/fr.motocrossmag.be\/index.php\/author\/oliviere\/"}]}},"_links":{"self":[{"href":"https:\/\/fr.motocrossmag.be\/index.php\/wp-json\/wp\/v2\/posts\/30723","targetHints":{"allow":["GET"]}}],"collection":[{"href":"https:\/\/fr.motocrossmag.be\/index.php\/wp-json\/wp\/v2\/posts"}],"about":[{"href":"https:\/\/fr.motocrossmag.be\/index.php\/wp-json\/wp\/v2\/types\/post"}],"author":[{"embeddable":true,"href":"https:\/\/fr.motocrossmag.be\/index.php\/wp-json\/wp\/v2\/users\/932"}],"replies":[{"embeddable":true,"href":"https:\/\/fr.motocrossmag.be\/index.php\/wp-json\/wp\/v2\/comments?post=30723"}],"version-history":[{"count":1,"href":"https:\/\/fr.motocrossmag.be\/index.php\/wp-json\/wp\/v2\/posts\/30723\/revisions"}],"predecessor-version":[{"id":30832,"href":"https:\/\/fr.motocrossmag.be\/index.php\/wp-json\/wp\/v2\/posts\/30723\/revisions\/30832"}],"wp:featuredmedia":[{"embeddable":true,"href":"https:\/\/fr.motocrossmag.be\/index.php\/wp-json\/wp\/v2\/media\/30816"}],"wp:attachment":[{"href":"https:\/\/fr.motocrossmag.be\/index.php\/wp-json\/wp\/v2\/media?parent=30723"}],"wp:term":[{"taxonomy":"category","embeddable":true,"href":"https:\/\/fr.motocrossmag.be\/index.php\/wp-json\/wp\/v2\/categories?post=30723"},{"taxonomy":"post_tag","embeddable":true,"href":"https:\/\/fr.motocrossmag.be\/index.php\/wp-json\/wp\/v2\/tags?post=30723"}],"curies":[{"name":"wp","href":"https:\/\/api.w.org\/{rel}","templated":true}]}}