{"id":313,"date":"2008-03-26T09:56:18","date_gmt":"2008-03-26T08:56:18","guid":{"rendered":"http:\/\/www.motocrossmag.be\/2008\/03\/26\/motocross-elite-francais-thomer-la-sogne-aubin-et-boissiere-entre-les-averses\/"},"modified":"2008-03-26T11:01:32","modified_gmt":"2008-03-26T10:01:32","slug":"motocross-elite-francais-thomer-la-sogne-aubin-et-boissiere-entre-les-averses","status":"publish","type":"post","link":"https:\/\/fr.motocrossmag.be\/index.php\/2008\/03\/motocross-elite-francais-thomer-la-sogne-aubin-et-boissiere-entre-les-averses\/","title":{"rendered":"Motocross Elite fran\u00e7ais &#8211; Thomer-la-S\u00f4gne | Aubin et Boissi\u00e8re entre les averses&#8230;"},"content":{"rendered":"<p>Comme chez nous, le mauvais temps persiste en France et a de nouveau perturb\u00e9 la 3\u00e8me manche du championnat de France Elite, disput\u00e9e sur le circuit de Thomer-la-S\u00f4gne. Vent, averses de pluie et froid hivernal \u00e9taient en effet au programme de la journ\u00e9e pour la cr\u00e8me du motocross fran\u00e7ais.<\/p>\n<p>Devant son public, Nicolas Aubin est parvenu &agrave; tenir t\u00eate &agrave; S\u00e9bastien Pourcel dans les deux manches r\u00e9serv\u00e9es aux pilotes MX1 mais s&rsquo;incline n\u00e9anmoins devant le pilote Kawasaki en Superfinale. Sur le podium final de la journ\u00e9e, les deux hommes sont accompagn\u00e9s par Cyrille Coulon.<br \/>\nAu championnat, Thomas Allier, 4\u00e8me &agrave; Thomer-la-S\u00f4gne, m\u00e8ne toujours devant Coulon et Greg Aranda.<\/p>\n<p><img class=\"lazyload\" decoding=\"async\" src=\"data:image\/gif;base64,R0lGODlhAQABAAAAACH5BAEKAAEALAAAAAABAAEAAAICTAEAOw==\" data-orig-src=\"http:\/\/www.motocrossmag.be\/wp-content\/uploads\/2008\/03\/aubin.jpg\" alt=\"Devant son public, Nicolas Aubin devance &agrave; 2 reprises Seb Pourcel &agrave; Thomer-la-S\u00f4gne.\" \/><\/p>\n<p>En MX2, Anthony Boissi\u00e8re et Steven Frossard se partagent les victoires de manche mais Boissi\u00e8re termine juste devant son rival dans la Superfinale et s&rsquo;impose donc au g\u00e9n\u00e9ral. Deux fois 3\u00e8me, Marvin Musquin compl\u00e8te le podium.<br \/>\nFrossard m\u00e8ne toujours confortablement le championnat avec 44 points d&rsquo;avance sur Boissi\u00e8re et 45 sur Musquin.<\/p>\n<p>La suite du championnat de France Elite, c&rsquo;est d\u00e8s ce week-end &agrave; Pernes-les-Fontaines, pour les pilotes MX1 uniquement.<\/p>\n<p><strong>R\u00e9sultats<br \/>\n<\/strong><br \/>\n<strong>1\u00e8re manche MX2<\/strong> : 1 BOISSIERE Anthony &#8211; 2 FROSSARD Steven &#8211; 3 MUSQUIN Marvin &#8211; 4 ROMBAUT Lo\u00efc &#8211; 5 MUSQUIN Micka\u00ebl<\/p>\n<p><strong>2\u00e8me manche MX2<\/strong> : 1 FROSSARD Steven &#8211; 2 BOISSIERE Anthony &#8211; 3 MUSQUIN Marvin &#8211; 4 SOUBEYRAS C\u00e9dric &#8211; 5 ROMBAUT Lo\u00efc<\/p>\n<p><strong>1\u00e8re manche MX1<\/strong> : AUBIN Nicolas &#8211; 2 POURCEL Sebastien &#8211; 3 ALLIER Thomas &#8211; 4 RENET Pierre-Alexandr-  5 COULON Cyrille &#8211; 6 ARANDA Gr\u00e9gory<\/p>\n<p><strong>2i\u00e8me manche MX1<\/strong> : 1 AUBIN Nicolas &#8211; 2 POURCEL Sebastien &#8211; 3 COULON Cyrille &#8211; 4 ALLIER Thomas &#8211; 5 ARANDA Gr\u00e9gory<\/p>\n<p><strong>Super finale<\/strong> : 1 POURCEL Sebastien &#8211; 2 AUBIN Nicolas &#8211; 3 COULON Cyrille &#8211; 4 BOISSIERE Anthony &#8211; 5 FROSSARD Steven<\/p>\n<p><strong><br \/>\nClassement provisoire MX2<\/strong> : 1 FROSSARD Steven 190 pts &#8211; 2 BOISSIERE Anthony 146 pts &#8211; 3 MUSQUIN Marvin 145 pts &#8211; 4 ROMBAUT Loic 121 pts &#8211; 5 LARRIEU Loic 112 pts<\/p>\n<p><strong>Classement provisoire MX1<\/strong> : 1 ALLIER Thomas 123 pts &#8211; 2 COULON Cyrille 121 pts &#8211; 3 ARANDA Gregory 88 pts &#8211; 4 ROUIS Alexandre 84 pts &#8211; 5 LEONCE Loic 77 pts<\/p>\n","protected":false},"excerpt":{"rendered":"<p>Comme chez nous, le mauvais temps persiste en France et a de nouveau perturb\u00e9 la 3\u00e8me manche du championnat de France Elite, disput\u00e9e sur le circuit de Thomer-la-S\u00f4gne. Vent, averses [&#8230;]<\/p>\n","protected":false},"author":932,"featured_media":0,"comment_status":"open","ping_status":"open","sticky":false,"template":"","format":"standard","meta":{"footnotes":""},"categories":[54,4,5,55],"tags":[],"class_list":["post-313","post","type-post","status-publish","format-standard","hentry","category-actualite","category-motocross","category-news","category-news-actualite"],"yoast_head":"<!-- This site is optimized with the Yoast SEO plugin v27.4 - https:\/\/yoast.com\/product\/yoast-seo-wordpress\/ -->\n<title>Motocross Elite fran\u00e7ais - Thomer-la-S\u00f4gne | Aubin et Boissi\u00e8re entre les averses... - Motocross - Enduro - Supermoto | MotocrossMag<\/title>\n<meta name=\"robots\" content=\"index, follow, max-snippet:-1, max-image-preview:large, max-video-preview:-1\" \/>\n<link rel=\"canonical\" href=\"https:\/\/fr.motocrossmag.be\/index.php\/2008\/03\/motocross-elite-francais-thomer-la-sogne-aubin-et-boissiere-entre-les-averses\/\" \/>\n<meta property=\"og:locale\" content=\"fr_FR\" \/>\n<meta property=\"og:type\" content=\"article\" \/>\n<meta property=\"og:title\" content=\"Motocross Elite fran\u00e7ais - Thomer-la-S\u00f4gne | Aubin et Boissi\u00e8re entre les averses... - Motocross - Enduro - Supermoto | MotocrossMag\" \/>\n<meta property=\"og:description\" content=\"Comme chez nous, le mauvais temps persiste en France et a de nouveau perturb\u00e9 la 3\u00e8me manche du championnat de France Elite, disput\u00e9e sur le circuit de Thomer-la-S\u00f4gne. Vent, averses [...]\" \/>\n<meta property=\"og:url\" content=\"https:\/\/fr.motocrossmag.be\/index.php\/2008\/03\/motocross-elite-francais-thomer-la-sogne-aubin-et-boissiere-entre-les-averses\/\" \/>\n<meta property=\"og:site_name\" content=\"Motocross - Enduro - Supermoto | MotocrossMag\" \/>\n<meta property=\"article:published_time\" content=\"2008-03-26T08:56:18+00:00\" \/>\n<meta property=\"article:modified_time\" content=\"2008-03-26T10:01:32+00:00\" \/>\n<meta property=\"og:image\" content=\"http:\/\/www.motocrossmag.be\/wp-content\/uploads\/2008\/03\/aubin.jpg\" \/>\n<meta name=\"author\" content=\"oliviere\" \/>\n<meta name=\"twitter:card\" content=\"summary_large_image\" \/>\n<meta name=\"twitter:label1\" content=\"\u00c9crit par\" \/>\n\t<meta name=\"twitter:data1\" content=\"oliviere\" \/>\n\t<meta name=\"twitter:label2\" content=\"Dur\u00e9e de lecture estim\u00e9e\" \/>\n\t<meta name=\"twitter:data2\" content=\"2 minutes\" \/>\n<script type=\"application\/ld+json\" class=\"yoast-schema-graph\">{\"@context\":\"https:\\\/\\\/schema.org\",\"@graph\":[{\"@type\":\"Article\",\"@id\":\"https:\\\/\\\/fr.motocrossmag.be\\\/index.php\\\/2008\\\/03\\\/motocross-elite-francais-thomer-la-sogne-aubin-et-boissiere-entre-les-averses\\\/#article\",\"isPartOf\":{\"@id\":\"https:\\\/\\\/fr.motocrossmag.be\\\/index.php\\\/2008\\\/03\\\/motocross-elite-francais-thomer-la-sogne-aubin-et-boissiere-entre-les-averses\\\/\"},\"author\":{\"name\":\"oliviere\",\"@id\":\"https:\\\/\\\/fr.motocrossmag.be\\\/#\\\/schema\\\/person\\\/11b47143d9f755babca2c9110e03235c\"},\"headline\":\"Motocross Elite fran\u00e7ais &#8211; Thomer-la-S\u00f4gne | Aubin et Boissi\u00e8re entre les averses&#8230;\",\"datePublished\":\"2008-03-26T08:56:18+00:00\",\"dateModified\":\"2008-03-26T10:01:32+00:00\",\"mainEntityOfPage\":{\"@id\":\"https:\\\/\\\/fr.motocrossmag.be\\\/index.php\\\/2008\\\/03\\\/motocross-elite-francais-thomer-la-sogne-aubin-et-boissiere-entre-les-averses\\\/\"},\"wordCount\":355,\"commentCount\":0,\"image\":{\"@id\":\"https:\\\/\\\/fr.motocrossmag.be\\\/index.php\\\/2008\\\/03\\\/motocross-elite-francais-thomer-la-sogne-aubin-et-boissiere-entre-les-averses\\\/#primaryimage\"},\"thumbnailUrl\":\"http:\\\/\\\/www.motocrossmag.be\\\/wp-content\\\/uploads\\\/2008\\\/03\\\/aubin.jpg\",\"articleSection\":[\"Actualit\u00e9\",\"Motocross\",\"News\",\"News\"],\"inLanguage\":\"fr-FR\",\"potentialAction\":[{\"@type\":\"CommentAction\",\"name\":\"Comment\",\"target\":[\"https:\\\/\\\/fr.motocrossmag.be\\\/index.php\\\/2008\\\/03\\\/motocross-elite-francais-thomer-la-sogne-aubin-et-boissiere-entre-les-averses\\\/#respond\"]}]},{\"@type\":\"WebPage\",\"@id\":\"https:\\\/\\\/fr.motocrossmag.be\\\/index.php\\\/2008\\\/03\\\/motocross-elite-francais-thomer-la-sogne-aubin-et-boissiere-entre-les-averses\\\/\",\"url\":\"https:\\\/\\\/fr.motocrossmag.be\\\/index.php\\\/2008\\\/03\\\/motocross-elite-francais-thomer-la-sogne-aubin-et-boissiere-entre-les-averses\\\/\",\"name\":\"Motocross Elite fran\u00e7ais - Thomer-la-S\u00f4gne | Aubin et Boissi\u00e8re entre les averses... - Motocross - Enduro - Supermoto | MotocrossMag\",\"isPartOf\":{\"@id\":\"https:\\\/\\\/fr.motocrossmag.be\\\/#website\"},\"primaryImageOfPage\":{\"@id\":\"https:\\\/\\\/fr.motocrossmag.be\\\/index.php\\\/2008\\\/03\\\/motocross-elite-francais-thomer-la-sogne-aubin-et-boissiere-entre-les-averses\\\/#primaryimage\"},\"image\":{\"@id\":\"https:\\\/\\\/fr.motocrossmag.be\\\/index.php\\\/2008\\\/03\\\/motocross-elite-francais-thomer-la-sogne-aubin-et-boissiere-entre-les-averses\\\/#primaryimage\"},\"thumbnailUrl\":\"http:\\\/\\\/www.motocrossmag.be\\\/wp-content\\\/uploads\\\/2008\\\/03\\\/aubin.jpg\",\"datePublished\":\"2008-03-26T08:56:18+00:00\",\"dateModified\":\"2008-03-26T10:01:32+00:00\",\"author\":{\"@id\":\"https:\\\/\\\/fr.motocrossmag.be\\\/#\\\/schema\\\/person\\\/11b47143d9f755babca2c9110e03235c\"},\"breadcrumb\":{\"@id\":\"https:\\\/\\\/fr.motocrossmag.be\\\/index.php\\\/2008\\\/03\\\/motocross-elite-francais-thomer-la-sogne-aubin-et-boissiere-entre-les-averses\\\/#breadcrumb\"},\"inLanguage\":\"fr-FR\",\"potentialAction\":[{\"@type\":\"ReadAction\",\"target\":[\"https:\\\/\\\/fr.motocrossmag.be\\\/index.php\\\/2008\\\/03\\\/motocross-elite-francais-thomer-la-sogne-aubin-et-boissiere-entre-les-averses\\\/\"]}]},{\"@type\":\"ImageObject\",\"inLanguage\":\"fr-FR\",\"@id\":\"https:\\\/\\\/fr.motocrossmag.be\\\/index.php\\\/2008\\\/03\\\/motocross-elite-francais-thomer-la-sogne-aubin-et-boissiere-entre-les-averses\\\/#primaryimage\",\"url\":\"http:\\\/\\\/www.motocrossmag.be\\\/wp-content\\\/uploads\\\/2008\\\/03\\\/aubin.jpg\",\"contentUrl\":\"http:\\\/\\\/www.motocrossmag.be\\\/wp-content\\\/uploads\\\/2008\\\/03\\\/aubin.jpg\"},{\"@type\":\"BreadcrumbList\",\"@id\":\"https:\\\/\\\/fr.motocrossmag.be\\\/index.php\\\/2008\\\/03\\\/motocross-elite-francais-thomer-la-sogne-aubin-et-boissiere-entre-les-averses\\\/#breadcrumb\",\"itemListElement\":[{\"@type\":\"ListItem\",\"position\":1,\"name\":\"Accueil\",\"item\":\"https:\\\/\\\/fr.motocrossmag.be\\\/\"},{\"@type\":\"ListItem\",\"position\":2,\"name\":\"Motocross Elite fran\u00e7ais &#8211; Thomer-la-S\u00f4gne | Aubin et Boissi\u00e8re entre les averses&#8230;\"}]},{\"@type\":\"WebSite\",\"@id\":\"https:\\\/\\\/fr.motocrossmag.be\\\/#website\",\"url\":\"https:\\\/\\\/fr.motocrossmag.be\\\/\",\"name\":\"Motocross - Enduro - Supermoto | MotocrossMag\",\"description\":\"L&#039;actualit\u00e9 du motocross, de l&#039;enduro et du Supermoto en ligne!\",\"potentialAction\":[{\"@type\":\"SearchAction\",\"target\":{\"@type\":\"EntryPoint\",\"urlTemplate\":\"https:\\\/\\\/fr.motocrossmag.be\\\/?s={search_term_string}\"},\"query-input\":{\"@type\":\"PropertyValueSpecification\",\"valueRequired\":true,\"valueName\":\"search_term_string\"}}],\"inLanguage\":\"fr-FR\"},{\"@type\":\"Person\",\"@id\":\"https:\\\/\\\/fr.motocrossmag.be\\\/#\\\/schema\\\/person\\\/11b47143d9f755babca2c9110e03235c\",\"name\":\"oliviere\",\"image\":{\"@type\":\"ImageObject\",\"inLanguage\":\"fr-FR\",\"@id\":\"https:\\\/\\\/secure.gravatar.com\\\/avatar\\\/907069e0b81d119452040469e4a7501da1100f54f7f80180ce77bfab718288f6?s=96&d=mm&r=g\",\"url\":\"https:\\\/\\\/secure.gravatar.com\\\/avatar\\\/907069e0b81d119452040469e4a7501da1100f54f7f80180ce77bfab718288f6?s=96&d=mm&r=g\",\"contentUrl\":\"https:\\\/\\\/secure.gravatar.com\\\/avatar\\\/907069e0b81d119452040469e4a7501da1100f54f7f80180ce77bfab718288f6?s=96&d=mm&r=g\",\"caption\":\"oliviere\"},\"sameAs\":[\"http:\\\/\\\/www.motocrossmag.be\"],\"url\":\"https:\\\/\\\/fr.motocrossmag.be\\\/index.php\\\/author\\\/oliviere\\\/\"}]}<\/script>\n<!-- \/ Yoast SEO plugin. -->","yoast_head_json":{"title":"Motocross Elite fran\u00e7ais - Thomer-la-S\u00f4gne | Aubin et Boissi\u00e8re entre les averses... - Motocross - Enduro - Supermoto | MotocrossMag","robots":{"index":"index","follow":"follow","max-snippet":"max-snippet:-1","max-image-preview":"max-image-preview:large","max-video-preview":"max-video-preview:-1"},"canonical":"https:\/\/fr.motocrossmag.be\/index.php\/2008\/03\/motocross-elite-francais-thomer-la-sogne-aubin-et-boissiere-entre-les-averses\/","og_locale":"fr_FR","og_type":"article","og_title":"Motocross Elite fran\u00e7ais - Thomer-la-S\u00f4gne | Aubin et Boissi\u00e8re entre les averses... - Motocross - Enduro - Supermoto | MotocrossMag","og_description":"Comme chez nous, le mauvais temps persiste en France et a de nouveau perturb\u00e9 la 3\u00e8me manche du championnat de France Elite, disput\u00e9e sur le circuit de Thomer-la-S\u00f4gne. Vent, averses [...]","og_url":"https:\/\/fr.motocrossmag.be\/index.php\/2008\/03\/motocross-elite-francais-thomer-la-sogne-aubin-et-boissiere-entre-les-averses\/","og_site_name":"Motocross - Enduro - Supermoto | MotocrossMag","article_published_time":"2008-03-26T08:56:18+00:00","article_modified_time":"2008-03-26T10:01:32+00:00","og_image":[{"url":"http:\/\/www.motocrossmag.be\/wp-content\/uploads\/2008\/03\/aubin.jpg","type":"","width":"","height":""}],"author":"oliviere","twitter_card":"summary_large_image","twitter_misc":{"\u00c9crit par":"oliviere","Dur\u00e9e de lecture estim\u00e9e":"2 minutes"},"schema":{"@context":"https:\/\/schema.org","@graph":[{"@type":"Article","@id":"https:\/\/fr.motocrossmag.be\/index.php\/2008\/03\/motocross-elite-francais-thomer-la-sogne-aubin-et-boissiere-entre-les-averses\/#article","isPartOf":{"@id":"https:\/\/fr.motocrossmag.be\/index.php\/2008\/03\/motocross-elite-francais-thomer-la-sogne-aubin-et-boissiere-entre-les-averses\/"},"author":{"name":"oliviere","@id":"https:\/\/fr.motocrossmag.be\/#\/schema\/person\/11b47143d9f755babca2c9110e03235c"},"headline":"Motocross Elite fran\u00e7ais &#8211; Thomer-la-S\u00f4gne | Aubin et Boissi\u00e8re entre les averses&#8230;","datePublished":"2008-03-26T08:56:18+00:00","dateModified":"2008-03-26T10:01:32+00:00","mainEntityOfPage":{"@id":"https:\/\/fr.motocrossmag.be\/index.php\/2008\/03\/motocross-elite-francais-thomer-la-sogne-aubin-et-boissiere-entre-les-averses\/"},"wordCount":355,"commentCount":0,"image":{"@id":"https:\/\/fr.motocrossmag.be\/index.php\/2008\/03\/motocross-elite-francais-thomer-la-sogne-aubin-et-boissiere-entre-les-averses\/#primaryimage"},"thumbnailUrl":"http:\/\/www.motocrossmag.be\/wp-content\/uploads\/2008\/03\/aubin.jpg","articleSection":["Actualit\u00e9","Motocross","News","News"],"inLanguage":"fr-FR","potentialAction":[{"@type":"CommentAction","name":"Comment","target":["https:\/\/fr.motocrossmag.be\/index.php\/2008\/03\/motocross-elite-francais-thomer-la-sogne-aubin-et-boissiere-entre-les-averses\/#respond"]}]},{"@type":"WebPage","@id":"https:\/\/fr.motocrossmag.be\/index.php\/2008\/03\/motocross-elite-francais-thomer-la-sogne-aubin-et-boissiere-entre-les-averses\/","url":"https:\/\/fr.motocrossmag.be\/index.php\/2008\/03\/motocross-elite-francais-thomer-la-sogne-aubin-et-boissiere-entre-les-averses\/","name":"Motocross Elite fran\u00e7ais - Thomer-la-S\u00f4gne | Aubin et Boissi\u00e8re entre les averses... - Motocross - Enduro - Supermoto | MotocrossMag","isPartOf":{"@id":"https:\/\/fr.motocrossmag.be\/#website"},"primaryImageOfPage":{"@id":"https:\/\/fr.motocrossmag.be\/index.php\/2008\/03\/motocross-elite-francais-thomer-la-sogne-aubin-et-boissiere-entre-les-averses\/#primaryimage"},"image":{"@id":"https:\/\/fr.motocrossmag.be\/index.php\/2008\/03\/motocross-elite-francais-thomer-la-sogne-aubin-et-boissiere-entre-les-averses\/#primaryimage"},"thumbnailUrl":"http:\/\/www.motocrossmag.be\/wp-content\/uploads\/2008\/03\/aubin.jpg","datePublished":"2008-03-26T08:56:18+00:00","dateModified":"2008-03-26T10:01:32+00:00","author":{"@id":"https:\/\/fr.motocrossmag.be\/#\/schema\/person\/11b47143d9f755babca2c9110e03235c"},"breadcrumb":{"@id":"https:\/\/fr.motocrossmag.be\/index.php\/2008\/03\/motocross-elite-francais-thomer-la-sogne-aubin-et-boissiere-entre-les-averses\/#breadcrumb"},"inLanguage":"fr-FR","potentialAction":[{"@type":"ReadAction","target":["https:\/\/fr.motocrossmag.be\/index.php\/2008\/03\/motocross-elite-francais-thomer-la-sogne-aubin-et-boissiere-entre-les-averses\/"]}]},{"@type":"ImageObject","inLanguage":"fr-FR","@id":"https:\/\/fr.motocrossmag.be\/index.php\/2008\/03\/motocross-elite-francais-thomer-la-sogne-aubin-et-boissiere-entre-les-averses\/#primaryimage","url":"http:\/\/www.motocrossmag.be\/wp-content\/uploads\/2008\/03\/aubin.jpg","contentUrl":"http:\/\/www.motocrossmag.be\/wp-content\/uploads\/2008\/03\/aubin.jpg"},{"@type":"BreadcrumbList","@id":"https:\/\/fr.motocrossmag.be\/index.php\/2008\/03\/motocross-elite-francais-thomer-la-sogne-aubin-et-boissiere-entre-les-averses\/#breadcrumb","itemListElement":[{"@type":"ListItem","position":1,"name":"Accueil","item":"https:\/\/fr.motocrossmag.be\/"},{"@type":"ListItem","position":2,"name":"Motocross Elite fran\u00e7ais &#8211; Thomer-la-S\u00f4gne | Aubin et Boissi\u00e8re entre les averses&#8230;"}]},{"@type":"WebSite","@id":"https:\/\/fr.motocrossmag.be\/#website","url":"https:\/\/fr.motocrossmag.be\/","name":"Motocross - Enduro - Supermoto | MotocrossMag","description":"L&#039;actualit\u00e9 du motocross, de l&#039;enduro et du Supermoto en ligne!","potentialAction":[{"@type":"SearchAction","target":{"@type":"EntryPoint","urlTemplate":"https:\/\/fr.motocrossmag.be\/?s={search_term_string}"},"query-input":{"@type":"PropertyValueSpecification","valueRequired":true,"valueName":"search_term_string"}}],"inLanguage":"fr-FR"},{"@type":"Person","@id":"https:\/\/fr.motocrossmag.be\/#\/schema\/person\/11b47143d9f755babca2c9110e03235c","name":"oliviere","image":{"@type":"ImageObject","inLanguage":"fr-FR","@id":"https:\/\/secure.gravatar.com\/avatar\/907069e0b81d119452040469e4a7501da1100f54f7f80180ce77bfab718288f6?s=96&d=mm&r=g","url":"https:\/\/secure.gravatar.com\/avatar\/907069e0b81d119452040469e4a7501da1100f54f7f80180ce77bfab718288f6?s=96&d=mm&r=g","contentUrl":"https:\/\/secure.gravatar.com\/avatar\/907069e0b81d119452040469e4a7501da1100f54f7f80180ce77bfab718288f6?s=96&d=mm&r=g","caption":"oliviere"},"sameAs":["http:\/\/www.motocrossmag.be"],"url":"https:\/\/fr.motocrossmag.be\/index.php\/author\/oliviere\/"}]}},"_links":{"self":[{"href":"https:\/\/fr.motocrossmag.be\/index.php\/wp-json\/wp\/v2\/posts\/313","targetHints":{"allow":["GET"]}}],"collection":[{"href":"https:\/\/fr.motocrossmag.be\/index.php\/wp-json\/wp\/v2\/posts"}],"about":[{"href":"https:\/\/fr.motocrossmag.be\/index.php\/wp-json\/wp\/v2\/types\/post"}],"author":[{"embeddable":true,"href":"https:\/\/fr.motocrossmag.be\/index.php\/wp-json\/wp\/v2\/users\/932"}],"replies":[{"embeddable":true,"href":"https:\/\/fr.motocrossmag.be\/index.php\/wp-json\/wp\/v2\/comments?post=313"}],"version-history":[{"count":0,"href":"https:\/\/fr.motocrossmag.be\/index.php\/wp-json\/wp\/v2\/posts\/313\/revisions"}],"wp:attachment":[{"href":"https:\/\/fr.motocrossmag.be\/index.php\/wp-json\/wp\/v2\/media?parent=313"}],"wp:term":[{"taxonomy":"category","embeddable":true,"href":"https:\/\/fr.motocrossmag.be\/index.php\/wp-json\/wp\/v2\/categories?post=313"},{"taxonomy":"post_tag","embeddable":true,"href":"https:\/\/fr.motocrossmag.be\/index.php\/wp-json\/wp\/v2\/tags?post=313"}],"curies":[{"name":"wp","href":"https:\/\/api.w.org\/{rel}","templated":true}]}}