{"id":34,"date":"2008-01-29T12:55:03","date_gmt":"2008-01-29T11:55:03","guid":{"rendered":"http:\/\/www.motocrossmag.be\/v2\/2008\/01\/29\/mondial-mx3le-championnat-mx3-au-chili\/"},"modified":"2008-01-29T13:03:39","modified_gmt":"2008-01-29T12:03:39","slug":"mondial-mx3le-championnat-mx3-au-chili","status":"publish","type":"post","link":"https:\/\/fr.motocrossmag.be\/index.php\/2008\/01\/mondial-mx3le-championnat-mx3-au-chili\/","title":{"rendered":"Mondial MX3|Le championnat MX3 au Chili!"},"content":{"rendered":"<p>Le circuit de Cerros de Chena accueillera en 2008 la 12<sup>i\u00e8me<\/sup> manche du championnat mondial MX3. Sven Breugelmans et ses adversaires de la classe des gros cubes auront donc la chance de voyager jusqu&rsquo;au Chili, en Am\u00e9rique du Sud. Notons aussi que le prochain championnat MX3 sera priv\u00e9 de son champion en titre, le Fran\u00e7ais Yves Demaria ayant d\u00e9cid\u00e9 de se contenter de quelques participations. Il devrait \u00e9galement aligner sa Yamaha sur quelques manches du championnat MX1, l&rsquo;un ou l&rsquo;autre cross inter ou encore le Touquet ou d&rsquo;autres classiques d&rsquo;enduro. En outre, T\u00e9fli compte se concentrer davantage sur le management de son propre team en championnat d&rsquo;Europe MX2, o\u00f9 il compte bien permettre &agrave; un jeune talent d&rsquo;\u00e9merger&#8230;<\/p>\n<p>Le calendrier MX3 se pr\u00e9sente dor\u00e9navant comme suit :<\/p>\n<p><strong>06\/04<\/strong>  Talavera (ES) <strong>13\/04<\/strong>  Castelnau (F) <strong>27\/04<\/strong>  San Severino (IT) <strong>04\/05<\/strong>  Plomion (F) <strong>18\/05<\/strong>  Cortelha (P) <strong>25\/05<\/strong>  Alhama de Murcia (ES) <strong>08\/06<\/strong>  Mladina (CRO) <strong>15\/06<\/strong>  Samokov (BUL) <strong>06\/07<\/strong>  Markelo (NL) <strong>13\/07<\/strong>  Orehova Vas (SLO) <strong>20\/07<\/strong>  Sverepec (SVK) <strong>03\/08<\/strong>  Cerros de Chena (CHI) <strong>17\/08<\/strong>  Heinola (FIN) <strong>24\/08<\/strong>  Randers (DK) <strong>07\/09<\/strong>  Roggenburg (CH) <strong>14\/09<\/strong>  Jauer (DE)<\/p>\n","protected":false},"excerpt":{"rendered":"<p>Le circuit de Cerros de Chena accueillera en 2008 la 12i\u00e8me manche du championnat mondial MX3. Sven Breugelmans et ses adversaires de la classe des gros cubes auront donc la [&#8230;]<\/p>\n","protected":false},"author":932,"featured_media":0,"comment_status":"open","ping_status":"open","sticky":false,"template":"","format":"standard","meta":{"footnotes":""},"categories":[54,4,5,55],"tags":[],"class_list":["post-34","post","type-post","status-publish","format-standard","hentry","category-actualite","category-motocross","category-news","category-news-actualite"],"yoast_head":"<!-- This site is optimized with the Yoast SEO plugin v27.4 - https:\/\/yoast.com\/product\/yoast-seo-wordpress\/ -->\n<title>Mondial MX3|Le championnat MX3 au Chili! - Motocross - Enduro - Supermoto | MotocrossMag<\/title>\n<meta name=\"robots\" content=\"index, follow, max-snippet:-1, max-image-preview:large, max-video-preview:-1\" \/>\n<link rel=\"canonical\" href=\"https:\/\/fr.motocrossmag.be\/index.php\/2008\/01\/mondial-mx3le-championnat-mx3-au-chili\/\" \/>\n<meta property=\"og:locale\" content=\"fr_FR\" \/>\n<meta property=\"og:type\" content=\"article\" \/>\n<meta property=\"og:title\" content=\"Mondial MX3|Le championnat MX3 au Chili! - Motocross - Enduro - Supermoto | MotocrossMag\" \/>\n<meta property=\"og:description\" content=\"Le circuit de Cerros de Chena accueillera en 2008 la 12i\u00e8me manche du championnat mondial MX3. Sven Breugelmans et ses adversaires de la classe des gros cubes auront donc la [...]\" \/>\n<meta property=\"og:url\" content=\"https:\/\/fr.motocrossmag.be\/index.php\/2008\/01\/mondial-mx3le-championnat-mx3-au-chili\/\" \/>\n<meta property=\"og:site_name\" content=\"Motocross - Enduro - Supermoto | MotocrossMag\" \/>\n<meta property=\"article:published_time\" content=\"2008-01-29T11:55:03+00:00\" \/>\n<meta property=\"article:modified_time\" content=\"2008-01-29T12:03:39+00:00\" \/>\n<meta name=\"author\" content=\"oliviere\" \/>\n<meta name=\"twitter:card\" content=\"summary_large_image\" \/>\n<meta name=\"twitter:label1\" content=\"\u00c9crit par\" \/>\n\t<meta name=\"twitter:data1\" content=\"oliviere\" \/>\n\t<meta name=\"twitter:label2\" content=\"Dur\u00e9e de lecture estim\u00e9e\" \/>\n\t<meta name=\"twitter:data2\" content=\"1 minute\" \/>\n<script type=\"application\/ld+json\" class=\"yoast-schema-graph\">{\"@context\":\"https:\\\/\\\/schema.org\",\"@graph\":[{\"@type\":\"Article\",\"@id\":\"https:\\\/\\\/fr.motocrossmag.be\\\/index.php\\\/2008\\\/01\\\/mondial-mx3le-championnat-mx3-au-chili\\\/#article\",\"isPartOf\":{\"@id\":\"https:\\\/\\\/fr.motocrossmag.be\\\/index.php\\\/2008\\\/01\\\/mondial-mx3le-championnat-mx3-au-chili\\\/\"},\"author\":{\"name\":\"oliviere\",\"@id\":\"https:\\\/\\\/fr.motocrossmag.be\\\/#\\\/schema\\\/person\\\/11b47143d9f755babca2c9110e03235c\"},\"headline\":\"Mondial MX3|Le championnat MX3 au Chili!\",\"datePublished\":\"2008-01-29T11:55:03+00:00\",\"dateModified\":\"2008-01-29T12:03:39+00:00\",\"mainEntityOfPage\":{\"@id\":\"https:\\\/\\\/fr.motocrossmag.be\\\/index.php\\\/2008\\\/01\\\/mondial-mx3le-championnat-mx3-au-chili\\\/\"},\"wordCount\":184,\"commentCount\":0,\"articleSection\":[\"Actualit\u00e9\",\"Motocross\",\"News\",\"News\"],\"inLanguage\":\"fr-FR\",\"potentialAction\":[{\"@type\":\"CommentAction\",\"name\":\"Comment\",\"target\":[\"https:\\\/\\\/fr.motocrossmag.be\\\/index.php\\\/2008\\\/01\\\/mondial-mx3le-championnat-mx3-au-chili\\\/#respond\"]}]},{\"@type\":\"WebPage\",\"@id\":\"https:\\\/\\\/fr.motocrossmag.be\\\/index.php\\\/2008\\\/01\\\/mondial-mx3le-championnat-mx3-au-chili\\\/\",\"url\":\"https:\\\/\\\/fr.motocrossmag.be\\\/index.php\\\/2008\\\/01\\\/mondial-mx3le-championnat-mx3-au-chili\\\/\",\"name\":\"Mondial MX3|Le championnat MX3 au Chili! - Motocross - Enduro - Supermoto | MotocrossMag\",\"isPartOf\":{\"@id\":\"https:\\\/\\\/fr.motocrossmag.be\\\/#website\"},\"datePublished\":\"2008-01-29T11:55:03+00:00\",\"dateModified\":\"2008-01-29T12:03:39+00:00\",\"author\":{\"@id\":\"https:\\\/\\\/fr.motocrossmag.be\\\/#\\\/schema\\\/person\\\/11b47143d9f755babca2c9110e03235c\"},\"breadcrumb\":{\"@id\":\"https:\\\/\\\/fr.motocrossmag.be\\\/index.php\\\/2008\\\/01\\\/mondial-mx3le-championnat-mx3-au-chili\\\/#breadcrumb\"},\"inLanguage\":\"fr-FR\",\"potentialAction\":[{\"@type\":\"ReadAction\",\"target\":[\"https:\\\/\\\/fr.motocrossmag.be\\\/index.php\\\/2008\\\/01\\\/mondial-mx3le-championnat-mx3-au-chili\\\/\"]}]},{\"@type\":\"BreadcrumbList\",\"@id\":\"https:\\\/\\\/fr.motocrossmag.be\\\/index.php\\\/2008\\\/01\\\/mondial-mx3le-championnat-mx3-au-chili\\\/#breadcrumb\",\"itemListElement\":[{\"@type\":\"ListItem\",\"position\":1,\"name\":\"Accueil\",\"item\":\"https:\\\/\\\/fr.motocrossmag.be\\\/\"},{\"@type\":\"ListItem\",\"position\":2,\"name\":\"Mondial MX3|Le championnat MX3 au Chili!\"}]},{\"@type\":\"WebSite\",\"@id\":\"https:\\\/\\\/fr.motocrossmag.be\\\/#website\",\"url\":\"https:\\\/\\\/fr.motocrossmag.be\\\/\",\"name\":\"Motocross - Enduro - Supermoto | MotocrossMag\",\"description\":\"L&#039;actualit\u00e9 du motocross, de l&#039;enduro et du Supermoto en ligne!\",\"potentialAction\":[{\"@type\":\"SearchAction\",\"target\":{\"@type\":\"EntryPoint\",\"urlTemplate\":\"https:\\\/\\\/fr.motocrossmag.be\\\/?s={search_term_string}\"},\"query-input\":{\"@type\":\"PropertyValueSpecification\",\"valueRequired\":true,\"valueName\":\"search_term_string\"}}],\"inLanguage\":\"fr-FR\"},{\"@type\":\"Person\",\"@id\":\"https:\\\/\\\/fr.motocrossmag.be\\\/#\\\/schema\\\/person\\\/11b47143d9f755babca2c9110e03235c\",\"name\":\"oliviere\",\"image\":{\"@type\":\"ImageObject\",\"inLanguage\":\"fr-FR\",\"@id\":\"https:\\\/\\\/secure.gravatar.com\\\/avatar\\\/907069e0b81d119452040469e4a7501da1100f54f7f80180ce77bfab718288f6?s=96&d=mm&r=g\",\"url\":\"https:\\\/\\\/secure.gravatar.com\\\/avatar\\\/907069e0b81d119452040469e4a7501da1100f54f7f80180ce77bfab718288f6?s=96&d=mm&r=g\",\"contentUrl\":\"https:\\\/\\\/secure.gravatar.com\\\/avatar\\\/907069e0b81d119452040469e4a7501da1100f54f7f80180ce77bfab718288f6?s=96&d=mm&r=g\",\"caption\":\"oliviere\"},\"sameAs\":[\"http:\\\/\\\/www.motocrossmag.be\"],\"url\":\"https:\\\/\\\/fr.motocrossmag.be\\\/index.php\\\/author\\\/oliviere\\\/\"}]}<\/script>\n<!-- \/ Yoast SEO plugin. -->","yoast_head_json":{"title":"Mondial MX3|Le championnat MX3 au Chili! - Motocross - Enduro - Supermoto | MotocrossMag","robots":{"index":"index","follow":"follow","max-snippet":"max-snippet:-1","max-image-preview":"max-image-preview:large","max-video-preview":"max-video-preview:-1"},"canonical":"https:\/\/fr.motocrossmag.be\/index.php\/2008\/01\/mondial-mx3le-championnat-mx3-au-chili\/","og_locale":"fr_FR","og_type":"article","og_title":"Mondial MX3|Le championnat MX3 au Chili! - Motocross - Enduro - Supermoto | MotocrossMag","og_description":"Le circuit de Cerros de Chena accueillera en 2008 la 12i\u00e8me manche du championnat mondial MX3. Sven Breugelmans et ses adversaires de la classe des gros cubes auront donc la [...]","og_url":"https:\/\/fr.motocrossmag.be\/index.php\/2008\/01\/mondial-mx3le-championnat-mx3-au-chili\/","og_site_name":"Motocross - Enduro - Supermoto | MotocrossMag","article_published_time":"2008-01-29T11:55:03+00:00","article_modified_time":"2008-01-29T12:03:39+00:00","author":"oliviere","twitter_card":"summary_large_image","twitter_misc":{"\u00c9crit par":"oliviere","Dur\u00e9e de lecture estim\u00e9e":"1 minute"},"schema":{"@context":"https:\/\/schema.org","@graph":[{"@type":"Article","@id":"https:\/\/fr.motocrossmag.be\/index.php\/2008\/01\/mondial-mx3le-championnat-mx3-au-chili\/#article","isPartOf":{"@id":"https:\/\/fr.motocrossmag.be\/index.php\/2008\/01\/mondial-mx3le-championnat-mx3-au-chili\/"},"author":{"name":"oliviere","@id":"https:\/\/fr.motocrossmag.be\/#\/schema\/person\/11b47143d9f755babca2c9110e03235c"},"headline":"Mondial MX3|Le championnat MX3 au Chili!","datePublished":"2008-01-29T11:55:03+00:00","dateModified":"2008-01-29T12:03:39+00:00","mainEntityOfPage":{"@id":"https:\/\/fr.motocrossmag.be\/index.php\/2008\/01\/mondial-mx3le-championnat-mx3-au-chili\/"},"wordCount":184,"commentCount":0,"articleSection":["Actualit\u00e9","Motocross","News","News"],"inLanguage":"fr-FR","potentialAction":[{"@type":"CommentAction","name":"Comment","target":["https:\/\/fr.motocrossmag.be\/index.php\/2008\/01\/mondial-mx3le-championnat-mx3-au-chili\/#respond"]}]},{"@type":"WebPage","@id":"https:\/\/fr.motocrossmag.be\/index.php\/2008\/01\/mondial-mx3le-championnat-mx3-au-chili\/","url":"https:\/\/fr.motocrossmag.be\/index.php\/2008\/01\/mondial-mx3le-championnat-mx3-au-chili\/","name":"Mondial MX3|Le championnat MX3 au Chili! - Motocross - Enduro - Supermoto | MotocrossMag","isPartOf":{"@id":"https:\/\/fr.motocrossmag.be\/#website"},"datePublished":"2008-01-29T11:55:03+00:00","dateModified":"2008-01-29T12:03:39+00:00","author":{"@id":"https:\/\/fr.motocrossmag.be\/#\/schema\/person\/11b47143d9f755babca2c9110e03235c"},"breadcrumb":{"@id":"https:\/\/fr.motocrossmag.be\/index.php\/2008\/01\/mondial-mx3le-championnat-mx3-au-chili\/#breadcrumb"},"inLanguage":"fr-FR","potentialAction":[{"@type":"ReadAction","target":["https:\/\/fr.motocrossmag.be\/index.php\/2008\/01\/mondial-mx3le-championnat-mx3-au-chili\/"]}]},{"@type":"BreadcrumbList","@id":"https:\/\/fr.motocrossmag.be\/index.php\/2008\/01\/mondial-mx3le-championnat-mx3-au-chili\/#breadcrumb","itemListElement":[{"@type":"ListItem","position":1,"name":"Accueil","item":"https:\/\/fr.motocrossmag.be\/"},{"@type":"ListItem","position":2,"name":"Mondial MX3|Le championnat MX3 au Chili!"}]},{"@type":"WebSite","@id":"https:\/\/fr.motocrossmag.be\/#website","url":"https:\/\/fr.motocrossmag.be\/","name":"Motocross - Enduro - Supermoto | MotocrossMag","description":"L&#039;actualit\u00e9 du motocross, de l&#039;enduro et du Supermoto en ligne!","potentialAction":[{"@type":"SearchAction","target":{"@type":"EntryPoint","urlTemplate":"https:\/\/fr.motocrossmag.be\/?s={search_term_string}"},"query-input":{"@type":"PropertyValueSpecification","valueRequired":true,"valueName":"search_term_string"}}],"inLanguage":"fr-FR"},{"@type":"Person","@id":"https:\/\/fr.motocrossmag.be\/#\/schema\/person\/11b47143d9f755babca2c9110e03235c","name":"oliviere","image":{"@type":"ImageObject","inLanguage":"fr-FR","@id":"https:\/\/secure.gravatar.com\/avatar\/907069e0b81d119452040469e4a7501da1100f54f7f80180ce77bfab718288f6?s=96&d=mm&r=g","url":"https:\/\/secure.gravatar.com\/avatar\/907069e0b81d119452040469e4a7501da1100f54f7f80180ce77bfab718288f6?s=96&d=mm&r=g","contentUrl":"https:\/\/secure.gravatar.com\/avatar\/907069e0b81d119452040469e4a7501da1100f54f7f80180ce77bfab718288f6?s=96&d=mm&r=g","caption":"oliviere"},"sameAs":["http:\/\/www.motocrossmag.be"],"url":"https:\/\/fr.motocrossmag.be\/index.php\/author\/oliviere\/"}]}},"_links":{"self":[{"href":"https:\/\/fr.motocrossmag.be\/index.php\/wp-json\/wp\/v2\/posts\/34","targetHints":{"allow":["GET"]}}],"collection":[{"href":"https:\/\/fr.motocrossmag.be\/index.php\/wp-json\/wp\/v2\/posts"}],"about":[{"href":"https:\/\/fr.motocrossmag.be\/index.php\/wp-json\/wp\/v2\/types\/post"}],"author":[{"embeddable":true,"href":"https:\/\/fr.motocrossmag.be\/index.php\/wp-json\/wp\/v2\/users\/932"}],"replies":[{"embeddable":true,"href":"https:\/\/fr.motocrossmag.be\/index.php\/wp-json\/wp\/v2\/comments?post=34"}],"version-history":[{"count":0,"href":"https:\/\/fr.motocrossmag.be\/index.php\/wp-json\/wp\/v2\/posts\/34\/revisions"}],"wp:attachment":[{"href":"https:\/\/fr.motocrossmag.be\/index.php\/wp-json\/wp\/v2\/media?parent=34"}],"wp:term":[{"taxonomy":"category","embeddable":true,"href":"https:\/\/fr.motocrossmag.be\/index.php\/wp-json\/wp\/v2\/categories?post=34"},{"taxonomy":"post_tag","embeddable":true,"href":"https:\/\/fr.motocrossmag.be\/index.php\/wp-json\/wp\/v2\/tags?post=34"}],"curies":[{"name":"wp","href":"https:\/\/api.w.org\/{rel}","templated":true}]}}