{"id":348,"date":"2008-04-01T11:22:53","date_gmt":"2008-04-01T10:22:53","guid":{"rendered":"http:\/\/www.motocrossmag.be\/2008\/04\/01\/motocross-international-de-reuver-et-eggens-devant-leur-public\/"},"modified":"2008-04-01T11:26:17","modified_gmt":"2008-04-01T10:26:17","slug":"motocross-international-de-reuver-et-eggens-devant-leur-public","status":"publish","type":"post","link":"https:\/\/fr.motocrossmag.be\/index.php\/2008\/04\/motocross-international-de-reuver-et-eggens-devant-leur-public\/","title":{"rendered":"Motocross international | De Reuver et Eggens devant leur public"},"content":{"rendered":"<p>Alors que la plupart des animateurs de la prochaine saison de GP \u00e9taient &agrave; Beervelde ce dimanche 30 mars pour l&rsquo;ouverture du United Telecom Trophy 2008, le motocross inter de Emmen, en Hollande, a quant &agrave; lui permis &agrave; Marc De Reuver (MX1) et Erik Eggens (MX2) de s&rsquo;imposer devant leur public et de prouver qu&rsquo;il faudrait compter avec eux &agrave; Valkenswaard le week-end prochain.<\/p>\n<p>Dans le sable lourd de Emmen, De Reuver (Honda-Martin) s&rsquo;est en effet offert le classement g\u00e9n\u00e9ral du jour devant Max Nagl et Aigar Leok en MX1.<br \/>\nEn MX2, Erik Eggens (Suzuki) profite d&rsquo;une chute de Rattray (KTM) en premi\u00e8re manche pour remporter le classement g\u00e9n\u00e9ral devant le Sud-Africain et Rui Goncalves (KTM).<\/p>\n<p><img class=\"lazyload\" decoding=\"async\" src=\"data:image\/gif;base64,R0lGODlhAQABAAAAACH5BAEKAAEALAAAAAABAAEAAAICTAEAOw==\" data-orig-src=\"http:\/\/www.motocrossmag.be\/wp-content\/uploads\/2008\/04\/goncalves_emmen.jpg\" alt=\"Rui Goncalves monte sur la 3\u00e8me marche du podium MX2 &agrave; Emmen.\" \/><\/p>\n<p>Photo: Ray Archer<\/p>\n<p><strong><br \/>\nR\u00e9sultats MX1<\/strong><\/p>\n<p><strong>1\u00e8re manche<br \/>\n<\/strong><br \/>\n1 Maxi Nagl D KTM<br \/>\n2 Marc de Reuver NL Honda<br \/>\n3 Aigar Leok Est Yamaha<br \/>\n4 Bas Verhoeven NL Kawasaki<br \/>\n5 Patrick Roos NL KTM<br \/>\n6 William Saris NL Yamaha<br \/>\n7 Julien Bill CH Honda<br \/>\n8 Dennis Schroter B KTM<br \/>\n9 Marcus Schiffer D KTM<br \/>\n10 Antti Pyrhonen SF Suzuki<\/p>\n<p><strong>2\u00e8me manche<\/strong><\/p>\n<p>1 Marc de Reuver NL Honda<br \/>\n2 Maxi Nagl D KTM<br \/>\n3 Aigar Leok Est Yamaha<br \/>\n4 Bas Verhoeven NL Kawasaki<br \/>\n5 Dennis Schroter B KTM<br \/>\n6 Lauris Freibergs Let Yamaha<br \/>\n7 Patrick Roos NL KTM<br \/>\n8 Yentl Martens B KTM<br \/>\n9 William Saris NL Yamaha<br \/>\n10 Robert Carlsson S Yamaha<\/p>\n<p><strong>G\u00e9n\u00e9ral MX1 Emmen<\/strong><\/p>\n<p>1 Marc de Reuver NL Honda 47<br \/>\n2 Maxi Nagl D KTM 47<br \/>\n3 Aigar Leok Est Yamaha 40<br \/>\n4 Bas Verhoeven NL Kawasaki 36<br \/>\n5 Patrick Roos NL KTM 30<br \/>\n<strong> <\/strong><\/p>\n<p><strong>R\u00e9sultats MX2<\/strong><\/p>\n<p><strong>1\u00e8re manche<\/strong><\/p>\n<p>1 Erik Eggens NL Suzuki<br \/>\n2 Rui Goncalves Por KTM<br \/>\n3 Mike Kras NL Honda<br \/>\n4 Tyla Rattray Z-A KTM<br \/>\n5 Xavier Boog F Suzuki<br \/>\n6 Joachim Rodrigues Por KTM<br \/>\n7 Gautier Paulin F Kawasaki<br \/>\n8 Lars Oldekamp D KTM<br \/>\n9 Rinus van de Ven NL KTM<br \/>\n10 Evgeny Bobrishev Rus Yamaha<\/p>\n<p><strong>2\u00e8me manche<\/strong><\/p>\n<p>1 Tyla Rattray Z-A KTM<br \/>\n2 Erik Eggens NL Suzuki<br \/>\n3 Rui Goncalves Por KTM<br \/>\n4 Xavier Boog F Suzuki<br \/>\n5 Rob van Vijfeijken NL Yamaha<br \/>\n6 Rinus van de Ven NL KTM<br \/>\n7 Kjetl Gundersen Nor Yamaha<br \/>\n8 Evgeny Bobrishev Rus Yamaha<br \/>\n9 Lars Oldekamp D KTM<br \/>\n10 Gautier Paulin F Kawasaki<\/p>\n<p><strong>G\u00e9n\u00e9ral MX2 Emmen<\/strong><\/p>\n<p>1 Erik Eggens NL Suzuki 47<br \/>\n2 Tyla Rattray Z-A KTM 43<br \/>\n3 Rui Goncalves Por KTM 42<br \/>\n4 Xavier Boog F Suzuki 34<br \/>\n5 Rinus van de Ven NL KTM 27<\/p>\n","protected":false},"excerpt":{"rendered":"<p>Alors que la plupart des animateurs de la prochaine saison de GP \u00e9taient &agrave; Beervelde ce dimanche 30 mars pour l&rsquo;ouverture du United Telecom Trophy 2008, le motocross inter de [&#8230;]<\/p>\n","protected":false},"author":932,"featured_media":0,"comment_status":"open","ping_status":"open","sticky":false,"template":"","format":"standard","meta":{"footnotes":""},"categories":[54,4,5,55],"tags":[],"class_list":["post-348","post","type-post","status-publish","format-standard","hentry","category-actualite","category-motocross","category-news","category-news-actualite"],"yoast_head":"<!-- This site is optimized with the Yoast SEO plugin v27.4 - https:\/\/yoast.com\/product\/yoast-seo-wordpress\/ -->\n<title>Motocross international | De Reuver et Eggens devant leur public - Motocross - Enduro - Supermoto | MotocrossMag<\/title>\n<meta name=\"robots\" content=\"index, follow, max-snippet:-1, max-image-preview:large, max-video-preview:-1\" \/>\n<link rel=\"canonical\" href=\"https:\/\/fr.motocrossmag.be\/index.php\/2008\/04\/motocross-international-de-reuver-et-eggens-devant-leur-public\/\" \/>\n<meta property=\"og:locale\" content=\"fr_FR\" \/>\n<meta property=\"og:type\" content=\"article\" \/>\n<meta property=\"og:title\" content=\"Motocross international | De Reuver et Eggens devant leur public - Motocross - Enduro - Supermoto | MotocrossMag\" \/>\n<meta property=\"og:description\" content=\"Alors que la plupart des animateurs de la prochaine saison de GP \u00e9taient &agrave; Beervelde ce dimanche 30 mars pour l&rsquo;ouverture du United Telecom Trophy 2008, le motocross inter de [...]\" \/>\n<meta property=\"og:url\" content=\"https:\/\/fr.motocrossmag.be\/index.php\/2008\/04\/motocross-international-de-reuver-et-eggens-devant-leur-public\/\" \/>\n<meta property=\"og:site_name\" content=\"Motocross - Enduro - Supermoto | MotocrossMag\" \/>\n<meta property=\"article:published_time\" content=\"2008-04-01T10:22:53+00:00\" \/>\n<meta property=\"article:modified_time\" content=\"2008-04-01T10:26:17+00:00\" \/>\n<meta property=\"og:image\" content=\"http:\/\/www.motocrossmag.be\/wp-content\/uploads\/2008\/04\/goncalves_emmen.jpg\" \/>\n<meta name=\"author\" content=\"oliviere\" \/>\n<meta name=\"twitter:card\" content=\"summary_large_image\" \/>\n<meta name=\"twitter:label1\" content=\"\u00c9crit par\" \/>\n\t<meta name=\"twitter:data1\" content=\"oliviere\" \/>\n\t<meta name=\"twitter:label2\" content=\"Dur\u00e9e de lecture estim\u00e9e\" \/>\n\t<meta name=\"twitter:data2\" content=\"2 minutes\" \/>\n<script type=\"application\/ld+json\" class=\"yoast-schema-graph\">{\"@context\":\"https:\\\/\\\/schema.org\",\"@graph\":[{\"@type\":\"Article\",\"@id\":\"https:\\\/\\\/fr.motocrossmag.be\\\/index.php\\\/2008\\\/04\\\/motocross-international-de-reuver-et-eggens-devant-leur-public\\\/#article\",\"isPartOf\":{\"@id\":\"https:\\\/\\\/fr.motocrossmag.be\\\/index.php\\\/2008\\\/04\\\/motocross-international-de-reuver-et-eggens-devant-leur-public\\\/\"},\"author\":{\"name\":\"oliviere\",\"@id\":\"https:\\\/\\\/fr.motocrossmag.be\\\/#\\\/schema\\\/person\\\/11b47143d9f755babca2c9110e03235c\"},\"headline\":\"Motocross international | De Reuver et Eggens devant leur public\",\"datePublished\":\"2008-04-01T10:22:53+00:00\",\"dateModified\":\"2008-04-01T10:26:17+00:00\",\"mainEntityOfPage\":{\"@id\":\"https:\\\/\\\/fr.motocrossmag.be\\\/index.php\\\/2008\\\/04\\\/motocross-international-de-reuver-et-eggens-devant-leur-public\\\/\"},\"wordCount\":371,\"commentCount\":0,\"image\":{\"@id\":\"https:\\\/\\\/fr.motocrossmag.be\\\/index.php\\\/2008\\\/04\\\/motocross-international-de-reuver-et-eggens-devant-leur-public\\\/#primaryimage\"},\"thumbnailUrl\":\"http:\\\/\\\/www.motocrossmag.be\\\/wp-content\\\/uploads\\\/2008\\\/04\\\/goncalves_emmen.jpg\",\"articleSection\":[\"Actualit\u00e9\",\"Motocross\",\"News\",\"News\"],\"inLanguage\":\"fr-FR\",\"potentialAction\":[{\"@type\":\"CommentAction\",\"name\":\"Comment\",\"target\":[\"https:\\\/\\\/fr.motocrossmag.be\\\/index.php\\\/2008\\\/04\\\/motocross-international-de-reuver-et-eggens-devant-leur-public\\\/#respond\"]}]},{\"@type\":\"WebPage\",\"@id\":\"https:\\\/\\\/fr.motocrossmag.be\\\/index.php\\\/2008\\\/04\\\/motocross-international-de-reuver-et-eggens-devant-leur-public\\\/\",\"url\":\"https:\\\/\\\/fr.motocrossmag.be\\\/index.php\\\/2008\\\/04\\\/motocross-international-de-reuver-et-eggens-devant-leur-public\\\/\",\"name\":\"Motocross international | De Reuver et Eggens devant leur public - Motocross - Enduro - Supermoto | MotocrossMag\",\"isPartOf\":{\"@id\":\"https:\\\/\\\/fr.motocrossmag.be\\\/#website\"},\"primaryImageOfPage\":{\"@id\":\"https:\\\/\\\/fr.motocrossmag.be\\\/index.php\\\/2008\\\/04\\\/motocross-international-de-reuver-et-eggens-devant-leur-public\\\/#primaryimage\"},\"image\":{\"@id\":\"https:\\\/\\\/fr.motocrossmag.be\\\/index.php\\\/2008\\\/04\\\/motocross-international-de-reuver-et-eggens-devant-leur-public\\\/#primaryimage\"},\"thumbnailUrl\":\"http:\\\/\\\/www.motocrossmag.be\\\/wp-content\\\/uploads\\\/2008\\\/04\\\/goncalves_emmen.jpg\",\"datePublished\":\"2008-04-01T10:22:53+00:00\",\"dateModified\":\"2008-04-01T10:26:17+00:00\",\"author\":{\"@id\":\"https:\\\/\\\/fr.motocrossmag.be\\\/#\\\/schema\\\/person\\\/11b47143d9f755babca2c9110e03235c\"},\"breadcrumb\":{\"@id\":\"https:\\\/\\\/fr.motocrossmag.be\\\/index.php\\\/2008\\\/04\\\/motocross-international-de-reuver-et-eggens-devant-leur-public\\\/#breadcrumb\"},\"inLanguage\":\"fr-FR\",\"potentialAction\":[{\"@type\":\"ReadAction\",\"target\":[\"https:\\\/\\\/fr.motocrossmag.be\\\/index.php\\\/2008\\\/04\\\/motocross-international-de-reuver-et-eggens-devant-leur-public\\\/\"]}]},{\"@type\":\"ImageObject\",\"inLanguage\":\"fr-FR\",\"@id\":\"https:\\\/\\\/fr.motocrossmag.be\\\/index.php\\\/2008\\\/04\\\/motocross-international-de-reuver-et-eggens-devant-leur-public\\\/#primaryimage\",\"url\":\"http:\\\/\\\/www.motocrossmag.be\\\/wp-content\\\/uploads\\\/2008\\\/04\\\/goncalves_emmen.jpg\",\"contentUrl\":\"http:\\\/\\\/www.motocrossmag.be\\\/wp-content\\\/uploads\\\/2008\\\/04\\\/goncalves_emmen.jpg\"},{\"@type\":\"BreadcrumbList\",\"@id\":\"https:\\\/\\\/fr.motocrossmag.be\\\/index.php\\\/2008\\\/04\\\/motocross-international-de-reuver-et-eggens-devant-leur-public\\\/#breadcrumb\",\"itemListElement\":[{\"@type\":\"ListItem\",\"position\":1,\"name\":\"Accueil\",\"item\":\"https:\\\/\\\/fr.motocrossmag.be\\\/\"},{\"@type\":\"ListItem\",\"position\":2,\"name\":\"Motocross international | De Reuver et Eggens devant leur public\"}]},{\"@type\":\"WebSite\",\"@id\":\"https:\\\/\\\/fr.motocrossmag.be\\\/#website\",\"url\":\"https:\\\/\\\/fr.motocrossmag.be\\\/\",\"name\":\"Motocross - Enduro - Supermoto | MotocrossMag\",\"description\":\"L&#039;actualit\u00e9 du motocross, de l&#039;enduro et du Supermoto en ligne!\",\"potentialAction\":[{\"@type\":\"SearchAction\",\"target\":{\"@type\":\"EntryPoint\",\"urlTemplate\":\"https:\\\/\\\/fr.motocrossmag.be\\\/?s={search_term_string}\"},\"query-input\":{\"@type\":\"PropertyValueSpecification\",\"valueRequired\":true,\"valueName\":\"search_term_string\"}}],\"inLanguage\":\"fr-FR\"},{\"@type\":\"Person\",\"@id\":\"https:\\\/\\\/fr.motocrossmag.be\\\/#\\\/schema\\\/person\\\/11b47143d9f755babca2c9110e03235c\",\"name\":\"oliviere\",\"image\":{\"@type\":\"ImageObject\",\"inLanguage\":\"fr-FR\",\"@id\":\"https:\\\/\\\/secure.gravatar.com\\\/avatar\\\/907069e0b81d119452040469e4a7501da1100f54f7f80180ce77bfab718288f6?s=96&d=mm&r=g\",\"url\":\"https:\\\/\\\/secure.gravatar.com\\\/avatar\\\/907069e0b81d119452040469e4a7501da1100f54f7f80180ce77bfab718288f6?s=96&d=mm&r=g\",\"contentUrl\":\"https:\\\/\\\/secure.gravatar.com\\\/avatar\\\/907069e0b81d119452040469e4a7501da1100f54f7f80180ce77bfab718288f6?s=96&d=mm&r=g\",\"caption\":\"oliviere\"},\"sameAs\":[\"http:\\\/\\\/www.motocrossmag.be\"],\"url\":\"https:\\\/\\\/fr.motocrossmag.be\\\/index.php\\\/author\\\/oliviere\\\/\"}]}<\/script>\n<!-- \/ Yoast SEO plugin. -->","yoast_head_json":{"title":"Motocross international | De Reuver et Eggens devant leur public - Motocross - Enduro - Supermoto | MotocrossMag","robots":{"index":"index","follow":"follow","max-snippet":"max-snippet:-1","max-image-preview":"max-image-preview:large","max-video-preview":"max-video-preview:-1"},"canonical":"https:\/\/fr.motocrossmag.be\/index.php\/2008\/04\/motocross-international-de-reuver-et-eggens-devant-leur-public\/","og_locale":"fr_FR","og_type":"article","og_title":"Motocross international | De Reuver et Eggens devant leur public - Motocross - Enduro - Supermoto | MotocrossMag","og_description":"Alors que la plupart des animateurs de la prochaine saison de GP \u00e9taient &agrave; Beervelde ce dimanche 30 mars pour l&rsquo;ouverture du United Telecom Trophy 2008, le motocross inter de [...]","og_url":"https:\/\/fr.motocrossmag.be\/index.php\/2008\/04\/motocross-international-de-reuver-et-eggens-devant-leur-public\/","og_site_name":"Motocross - Enduro - Supermoto | MotocrossMag","article_published_time":"2008-04-01T10:22:53+00:00","article_modified_time":"2008-04-01T10:26:17+00:00","og_image":[{"url":"http:\/\/www.motocrossmag.be\/wp-content\/uploads\/2008\/04\/goncalves_emmen.jpg","type":"","width":"","height":""}],"author":"oliviere","twitter_card":"summary_large_image","twitter_misc":{"\u00c9crit par":"oliviere","Dur\u00e9e de lecture estim\u00e9e":"2 minutes"},"schema":{"@context":"https:\/\/schema.org","@graph":[{"@type":"Article","@id":"https:\/\/fr.motocrossmag.be\/index.php\/2008\/04\/motocross-international-de-reuver-et-eggens-devant-leur-public\/#article","isPartOf":{"@id":"https:\/\/fr.motocrossmag.be\/index.php\/2008\/04\/motocross-international-de-reuver-et-eggens-devant-leur-public\/"},"author":{"name":"oliviere","@id":"https:\/\/fr.motocrossmag.be\/#\/schema\/person\/11b47143d9f755babca2c9110e03235c"},"headline":"Motocross international | De Reuver et Eggens devant leur public","datePublished":"2008-04-01T10:22:53+00:00","dateModified":"2008-04-01T10:26:17+00:00","mainEntityOfPage":{"@id":"https:\/\/fr.motocrossmag.be\/index.php\/2008\/04\/motocross-international-de-reuver-et-eggens-devant-leur-public\/"},"wordCount":371,"commentCount":0,"image":{"@id":"https:\/\/fr.motocrossmag.be\/index.php\/2008\/04\/motocross-international-de-reuver-et-eggens-devant-leur-public\/#primaryimage"},"thumbnailUrl":"http:\/\/www.motocrossmag.be\/wp-content\/uploads\/2008\/04\/goncalves_emmen.jpg","articleSection":["Actualit\u00e9","Motocross","News","News"],"inLanguage":"fr-FR","potentialAction":[{"@type":"CommentAction","name":"Comment","target":["https:\/\/fr.motocrossmag.be\/index.php\/2008\/04\/motocross-international-de-reuver-et-eggens-devant-leur-public\/#respond"]}]},{"@type":"WebPage","@id":"https:\/\/fr.motocrossmag.be\/index.php\/2008\/04\/motocross-international-de-reuver-et-eggens-devant-leur-public\/","url":"https:\/\/fr.motocrossmag.be\/index.php\/2008\/04\/motocross-international-de-reuver-et-eggens-devant-leur-public\/","name":"Motocross international | De Reuver et Eggens devant leur public - Motocross - Enduro - Supermoto | MotocrossMag","isPartOf":{"@id":"https:\/\/fr.motocrossmag.be\/#website"},"primaryImageOfPage":{"@id":"https:\/\/fr.motocrossmag.be\/index.php\/2008\/04\/motocross-international-de-reuver-et-eggens-devant-leur-public\/#primaryimage"},"image":{"@id":"https:\/\/fr.motocrossmag.be\/index.php\/2008\/04\/motocross-international-de-reuver-et-eggens-devant-leur-public\/#primaryimage"},"thumbnailUrl":"http:\/\/www.motocrossmag.be\/wp-content\/uploads\/2008\/04\/goncalves_emmen.jpg","datePublished":"2008-04-01T10:22:53+00:00","dateModified":"2008-04-01T10:26:17+00:00","author":{"@id":"https:\/\/fr.motocrossmag.be\/#\/schema\/person\/11b47143d9f755babca2c9110e03235c"},"breadcrumb":{"@id":"https:\/\/fr.motocrossmag.be\/index.php\/2008\/04\/motocross-international-de-reuver-et-eggens-devant-leur-public\/#breadcrumb"},"inLanguage":"fr-FR","potentialAction":[{"@type":"ReadAction","target":["https:\/\/fr.motocrossmag.be\/index.php\/2008\/04\/motocross-international-de-reuver-et-eggens-devant-leur-public\/"]}]},{"@type":"ImageObject","inLanguage":"fr-FR","@id":"https:\/\/fr.motocrossmag.be\/index.php\/2008\/04\/motocross-international-de-reuver-et-eggens-devant-leur-public\/#primaryimage","url":"http:\/\/www.motocrossmag.be\/wp-content\/uploads\/2008\/04\/goncalves_emmen.jpg","contentUrl":"http:\/\/www.motocrossmag.be\/wp-content\/uploads\/2008\/04\/goncalves_emmen.jpg"},{"@type":"BreadcrumbList","@id":"https:\/\/fr.motocrossmag.be\/index.php\/2008\/04\/motocross-international-de-reuver-et-eggens-devant-leur-public\/#breadcrumb","itemListElement":[{"@type":"ListItem","position":1,"name":"Accueil","item":"https:\/\/fr.motocrossmag.be\/"},{"@type":"ListItem","position":2,"name":"Motocross international | De Reuver et Eggens devant leur public"}]},{"@type":"WebSite","@id":"https:\/\/fr.motocrossmag.be\/#website","url":"https:\/\/fr.motocrossmag.be\/","name":"Motocross - Enduro - Supermoto | MotocrossMag","description":"L&#039;actualit\u00e9 du motocross, de l&#039;enduro et du Supermoto en ligne!","potentialAction":[{"@type":"SearchAction","target":{"@type":"EntryPoint","urlTemplate":"https:\/\/fr.motocrossmag.be\/?s={search_term_string}"},"query-input":{"@type":"PropertyValueSpecification","valueRequired":true,"valueName":"search_term_string"}}],"inLanguage":"fr-FR"},{"@type":"Person","@id":"https:\/\/fr.motocrossmag.be\/#\/schema\/person\/11b47143d9f755babca2c9110e03235c","name":"oliviere","image":{"@type":"ImageObject","inLanguage":"fr-FR","@id":"https:\/\/secure.gravatar.com\/avatar\/907069e0b81d119452040469e4a7501da1100f54f7f80180ce77bfab718288f6?s=96&d=mm&r=g","url":"https:\/\/secure.gravatar.com\/avatar\/907069e0b81d119452040469e4a7501da1100f54f7f80180ce77bfab718288f6?s=96&d=mm&r=g","contentUrl":"https:\/\/secure.gravatar.com\/avatar\/907069e0b81d119452040469e4a7501da1100f54f7f80180ce77bfab718288f6?s=96&d=mm&r=g","caption":"oliviere"},"sameAs":["http:\/\/www.motocrossmag.be"],"url":"https:\/\/fr.motocrossmag.be\/index.php\/author\/oliviere\/"}]}},"_links":{"self":[{"href":"https:\/\/fr.motocrossmag.be\/index.php\/wp-json\/wp\/v2\/posts\/348","targetHints":{"allow":["GET"]}}],"collection":[{"href":"https:\/\/fr.motocrossmag.be\/index.php\/wp-json\/wp\/v2\/posts"}],"about":[{"href":"https:\/\/fr.motocrossmag.be\/index.php\/wp-json\/wp\/v2\/types\/post"}],"author":[{"embeddable":true,"href":"https:\/\/fr.motocrossmag.be\/index.php\/wp-json\/wp\/v2\/users\/932"}],"replies":[{"embeddable":true,"href":"https:\/\/fr.motocrossmag.be\/index.php\/wp-json\/wp\/v2\/comments?post=348"}],"version-history":[{"count":0,"href":"https:\/\/fr.motocrossmag.be\/index.php\/wp-json\/wp\/v2\/posts\/348\/revisions"}],"wp:attachment":[{"href":"https:\/\/fr.motocrossmag.be\/index.php\/wp-json\/wp\/v2\/media?parent=348"}],"wp:term":[{"taxonomy":"category","embeddable":true,"href":"https:\/\/fr.motocrossmag.be\/index.php\/wp-json\/wp\/v2\/categories?post=348"},{"taxonomy":"post_tag","embeddable":true,"href":"https:\/\/fr.motocrossmag.be\/index.php\/wp-json\/wp\/v2\/tags?post=348"}],"curies":[{"name":"wp","href":"https:\/\/api.w.org\/{rel}","templated":true}]}}